{"id":33849,"date":"2026-09-06T14:04:56","date_gmt":"2026-09-06T18:04:56","guid":{"rendered":"https:\/\/www.americanonewspaper.com\/es\/?p=33849"},"modified":"2026-09-06T14:05:01","modified_gmt":"2026-09-06T18:05:01","slug":"el-legado-de-julio-cesar-chavez","status":"publish","type":"post","link":"https:\/\/www.americanonewspaper.com\/es\/deportes\/el-legado-de-julio-cesar-chavez\/","title":{"rendered":"El legado de Julio C\u00e9sar Ch\u00e1vez"},"content":{"rendered":"\n<p class=\"wp-block-paragraph\">Ciudad de M\u00e9xico, 6 sep (EFE).- <\/p>\n\n\n\n<p class=\"dropcapp3 wp-block-paragraph\">A pocos d\u00edas de que se cumplan 42 a\u00f1os de su primera victoria en un campeonato mundial, el exboxeador Julio C\u00e9sar Ch\u00e1vez asegura estar \u201ccansado de tanto trabajo\u201d y sostiene que su \u201cpelea m\u00e1s importante es abajo del ring\u201d, en defensa del legado de su carrera y ante las acusaciones que rodean a su familia.<\/p>\n\n\n\n<figure class=\"wp-block-image size-full\"><img fetchpriority=\"high\" decoding=\"async\" width=\"560\" height=\"269\" src=\"https:\/\/www.americanonewspaper.com\/es\/wp-content\/uploads\/2026\/09\/GGlSpanish-2.jpg\" alt=\"ABOGADOS DE ACCIDENTES\" class=\"wp-image-33851\" srcset=\"https:\/\/www.americanonewspaper.com\/es\/wp-content\/uploads\/2026\/09\/GGlSpanish-2.jpg 560w, https:\/\/www.americanonewspaper.com\/es\/wp-content\/uploads\/2026\/09\/GGlSpanish-2-150x72.jpg 150w, https:\/\/www.americanonewspaper.com\/es\/wp-content\/uploads\/2026\/09\/GGlSpanish-2-300x144-1.jpg 300w, https:\/\/www.americanonewspaper.com\/es\/wp-content\/uploads\/2026\/09\/GGlSpanish-2-323x155.jpg 323w\" sizes=\"(max-width: 560px) 100vw, 560px\" \/><figcaption class=\"wp-element-caption\">ABOGADOS DE ACCIDENTES<\/figcaption><\/figure>\n\n\n\n<p class=\"wp-block-paragraph\">\u201cMi carrera box\u00edstica nadie me la va a quitar, ah\u00ed est\u00e1n los r\u00e9cords (&#8230;) En M\u00e9xico siempre buscan chivos expiatorios, pero no hay nada sobre lo que se dice de mi hijo\u201d, explica en entrevista con EFE con motivo del estreno del documental biogr\u00e1fico \u2018Ch\u00e1vez vs Ch\u00e1vez\u2019 el pr\u00f3ximo 11 de septiembre en la plataforma ViX.<\/p>\n\n\n\n<figure class=\"wp-block-image size-large\"><img decoding=\"async\" width=\"333\" height=\"500\" src=\"https:\/\/www.americanonewspaper.com\/es\/wp-content\/uploads\/2026\/09\/JULIO1-333x500.jpeg\" alt=\"\" class=\"wp-image-33857\" srcset=\"https:\/\/www.americanonewspaper.com\/es\/wp-content\/uploads\/2026\/09\/JULIO1-333x500.jpeg 333w, https:\/\/www.americanonewspaper.com\/es\/wp-content\/uploads\/2026\/09\/JULIO1-200x300.jpeg 200w, https:\/\/www.americanonewspaper.com\/es\/wp-content\/uploads\/2026\/09\/JULIO1-150x225.jpeg 150w, https:\/\/www.americanonewspaper.com\/es\/wp-content\/uploads\/2026\/09\/JULIO1-266x399.jpeg 266w, https:\/\/www.americanonewspaper.com\/es\/wp-content\/uploads\/2026\/09\/JULIO1-300x450.jpeg 300w, https:\/\/www.americanonewspaper.com\/es\/wp-content\/uploads\/2026\/09\/JULIO1.jpeg 560w\" sizes=\"(max-width: 333px) 100vw, 333px\" \/><figcaption class=\"wp-element-caption\">El exboxeador mexicano Julio C\u00e9sar Ch\u00e1vez, posa durante una entrevista con EFE este s\u00e1bado, en Ciudad de M\u00e9xico (M\u00e9xico). EFE\/ Isaac Esquivel<\/figcaption><\/figure>\n\n\n\n<p class=\"wp-block-paragraph\">A pesar de que el mayor de sus hijos, Julio C\u00e9sar Ch\u00e1vez Jr., fue entregado por autoridades de Estados Unidos a M\u00e9xico en agosto de 2025 por delincuencia organizada y tr\u00e1fico de armas, Ch\u00e1vez padre niega el v\u00ednculo de su primog\u00e9nito con carteles como el de Sinaloa y defiende su inocencia.<\/p>\n\n\n\n<figure class=\"wp-block-image size-full\"><img decoding=\"async\" width=\"560\" height=\"257\" src=\"https:\/\/www.americanonewspaper.com\/es\/wp-content\/uploads\/2026\/09\/Jaime-copy-2-2.jpg\" alt=\"AUTOS NUEVOS Y USADOS\" class=\"wp-image-33852\" srcset=\"https:\/\/www.americanonewspaper.com\/es\/wp-content\/uploads\/2026\/09\/Jaime-copy-2-2.jpg 560w, https:\/\/www.americanonewspaper.com\/es\/wp-content\/uploads\/2026\/09\/Jaime-copy-2-2-299x137.jpg 299w, https:\/\/www.americanonewspaper.com\/es\/wp-content\/uploads\/2026\/09\/Jaime-copy-2-2-148x68.jpg 148w, https:\/\/www.americanonewspaper.com\/es\/wp-content\/uploads\/2026\/09\/Jaime-copy-2-2-300x138.jpg 300w, https:\/\/www.americanonewspaper.com\/es\/wp-content\/uploads\/2026\/09\/Jaime-copy-2-2-322x148.jpg 322w\" sizes=\"(max-width: 560px) 100vw, 560px\" \/><figcaption class=\"wp-element-caption\">AUTOS NUEVOS Y USADOS<\/figcaption><\/figure>\n\n\n\n<p class=\"wp-block-paragraph\">\u201c\u00bfT\u00fa crees que si mi hijo fuera delincuente, si fuera narcotraficante o todas esas cosas que se le dec\u00edan que era, estar\u00eda peleando? \u00bfQu\u00e9 necesidad tendr\u00eda mi hijo de pelear? Siempre ha sido boxeador\u201d, argumenta a sus 64 a\u00f1os el llamado &#8216;Gran Campe\u00f3n Mexicano&#8217;.<\/p>\n\n\n\n<p class=\"wp-block-paragraph\">Tras un \u00faltimo a\u00f1o &#8220;complicado&#8221;, Ch\u00e1vez mantiene la esperanza de que los combates de sus hijos Julio C\u00e9sar y Omar Ch\u00e1vez en la ciudad de Puebla, el 12 de septiembre, devuelvan la conversaci\u00f3n al boxeo; aunque lamenta que sus hijos hayan seguido sus pasos en lo deportivo, pero sobre todo en las adicciones a las drogas y el alcohol que terminaron con su carrera.<\/p>\n\n\n\n<figure class=\"wp-block-image size-full\"><img loading=\"lazy\" decoding=\"async\" width=\"560\" height=\"300\" src=\"https:\/\/www.americanonewspaper.com\/es\/wp-content\/uploads\/2026\/09\/Apartamentos-copy-1.jpg\" alt=\"APARTAMENTOS ASEQUIBLES\" class=\"wp-image-33853\" srcset=\"https:\/\/www.americanonewspaper.com\/es\/wp-content\/uploads\/2026\/09\/Apartamentos-copy-1.jpg 560w, https:\/\/www.americanonewspaper.com\/es\/wp-content\/uploads\/2026\/09\/Apartamentos-copy-1-300x161.jpg 300w, https:\/\/www.americanonewspaper.com\/es\/wp-content\/uploads\/2026\/09\/Apartamentos-copy-1-150x80.jpg 150w\" sizes=\"(max-width: 560px) 100vw, 560px\" \/><figcaption class=\"wp-element-caption\">APARTAMENTOS ASEQUIBLES<\/figcaption><\/figure>\n\n\n\n<h2 id=\"h-nuevo-documental\" class=\"wp-block-heading\"><strong>Nuevo documental<\/strong><\/h2>\n\n\n\n<p class=\"wp-block-paragraph\">En la producci\u00f3n de cinco cap\u00edtulos dirigida por el periodista y escritor mexicano Diego Enrique Osorno, la carrera del tambi\u00e9n conocido como &#8216;Mr. Knockout&#8217; es desgranada a trav\u00e9s de grabaciones antiguas que rememoran combates hist\u00f3ricos como su victoria ante el estadounidense Meldrick Taylor, aunque Ch\u00e1vez no rehuye hablar de su ca\u00edda box\u00edstica.<\/p>\n\n\n\n<p class=\"wp-block-paragraph\">\u201c(En el documental) van a conocer al verdadero Julio, en las buenas y en las malas. Hay episodios que no me gustan porque me hacen recordar todo el da\u00f1o que le he hecho a mi familia, pero sobre todo a m\u00ed mismo, me destru\u00ed y casi me quit\u00e9 la vida\u201d, reconoce.<\/p>\n\n\n\n<figure class=\"wp-block-image size-full\"><img loading=\"lazy\" decoding=\"async\" width=\"560\" height=\"270\" src=\"https:\/\/www.americanonewspaper.com\/es\/wp-content\/uploads\/2026\/09\/NJNaturalGasSpanish-copy-2.jpg\" alt=\"AYUDA PARA PAGAR ENERG\u00cdA\" class=\"wp-image-33854\" srcset=\"https:\/\/www.americanonewspaper.com\/es\/wp-content\/uploads\/2026\/09\/NJNaturalGasSpanish-copy-2.jpg 560w, https:\/\/www.americanonewspaper.com\/es\/wp-content\/uploads\/2026\/09\/NJNaturalGasSpanish-copy-2-300x145.jpg 300w, https:\/\/www.americanonewspaper.com\/es\/wp-content\/uploads\/2026\/09\/NJNaturalGasSpanish-copy-2-150x72.jpg 150w\" sizes=\"(max-width: 560px) 100vw, 560px\" \/><figcaption class=\"wp-element-caption\">AYUDA PARA PAGAR ENERG\u00cdA<\/figcaption><\/figure>\n\n\n\n<p class=\"wp-block-paragraph\">Durante las cinco horas del metraje, el espectador viajar\u00e1 a trav\u00e9s del ascenso, ca\u00edda y recuperaci\u00f3n del mito, que revela tristemente no recordar muchos de sus grandes momentos y muestras de cari\u00f1o de un deportista que fue capaz de llenar el estadio Azteca con m\u00e1s de 132.000 personas en su pelea contra el estadounidense Greg Haugen, el 20 de febrero de 1993, todo un r\u00e9cord Guinness.<\/p>\n\n\n\n<p class=\"wp-block-paragraph\">\u201cEs incre\u00edble volver a ver el cari\u00f1o y el afecto de todos los mexicanos. En su momento no le pon\u00eda atenci\u00f3n, estaba muy mal, hay muchas cosas que no recuerdo\u201d, admite.<\/p>\n\n\n\n<p class=\"wp-block-paragraph\">Es por ello que reconoce que \u2018Ch\u00e1vez vs Ch\u00e1vez\u2019 es una \u201cmotivaci\u00f3n\u201d para volver a ser un ejemplo para las nuevas generaciones y hacerlos reflexionar sobre los excesos de la droga, que, seg\u00fan el exp\u00fagil, solo llevan a tres lugares: \u201clas c\u00e1rceles, los hospitales y la muerte\u201d.<\/p>\n\n\n\n<h2 id=\"h-vivir-dia-a-dia\" class=\"wp-block-heading\"><strong>Vivir d\u00eda a d\u00eda<\/strong><\/h2>\n\n\n\n<figure class=\"wp-block-image size-full\"><img loading=\"lazy\" decoding=\"async\" width=\"560\" height=\"300\" src=\"https:\/\/www.americanonewspaper.com\/es\/wp-content\/uploads\/2026\/09\/Health-and-Wellness-560-x-270-1.jpeg\" alt=\"FERIA DE SALUD\" class=\"wp-image-33855\" srcset=\"https:\/\/www.americanonewspaper.com\/es\/wp-content\/uploads\/2026\/09\/Health-and-Wellness-560-x-270-1.jpeg 560w, https:\/\/www.americanonewspaper.com\/es\/wp-content\/uploads\/2026\/09\/Health-and-Wellness-560-x-270-1-300x161.jpeg 300w, https:\/\/www.americanonewspaper.com\/es\/wp-content\/uploads\/2026\/09\/Health-and-Wellness-560-x-270-1-150x80.jpeg 150w\" sizes=\"(max-width: 560px) 100vw, 560px\" \/><figcaption class=\"wp-element-caption\">FERIA DE SALUD<\/figcaption><\/figure>\n\n\n\n<p class=\"wp-block-paragraph\">Lejos quedan los d\u00edas en los que su querida Culiac\u00e1n, ahora sumida en numerosas crisis de seguridad por la violencia armada, lo recib\u00eda como h\u00e9roe, aunque actualmente, en la situaci\u00f3n \u201cdif\u00edcil\u201d que vive su estado, agradece que las organizaciones criminales \u201crespeten mucho a su familia\u201d.<\/p>\n\n\n\n<p class=\"wp-block-paragraph\">\u201cTenemos cl\u00ednicas de rehabilitaci\u00f3n en Culiac\u00e1n y en Tijuana y no se han metido o molestado. Gracias a Dios hasta ahorita me han respetado, pero ma\u00f1ana, \u00bfqui\u00e9n sabe?\u201d, cuestiona.<\/p>\n\n\n\n<p class=\"wp-block-paragraph\">Aun as\u00ed, el campe\u00f3n invicto m\u00e1s largo de la historia moderna, capaz de alcanzar un r\u00e9cord de 90 peleas sin derrota, explica que vive el \u201cpresente\u201d, agradecido de estar vivo y de que sus hijos \u201cest\u00e9n sanos\u201d.<\/p>\n\n\n\n<figure class=\"wp-block-image size-full\"><img loading=\"lazy\" decoding=\"async\" width=\"560\" height=\"164\" src=\"https:\/\/www.americanonewspaper.com\/es\/wp-content\/uploads\/2026\/09\/Tayakanlogo560-copy-2.jpg\" alt=\"\" class=\"wp-image-33856\" srcset=\"https:\/\/www.americanonewspaper.com\/es\/wp-content\/uploads\/2026\/09\/Tayakanlogo560-copy-2.jpg 560w, https:\/\/www.americanonewspaper.com\/es\/wp-content\/uploads\/2026\/09\/Tayakanlogo560-copy-2-300x88.jpg 300w, https:\/\/www.americanonewspaper.com\/es\/wp-content\/uploads\/2026\/09\/Tayakanlogo560-copy-2-150x44.jpg 150w\" sizes=\"(max-width: 560px) 100vw, 560px\" \/><\/figure>\n\n\n\n<p class=\"wp-block-paragraph\">\u201cLo bueno es que lo estoy contando. A la mayor\u00eda les hacen documentales ya cuando est\u00e1n muertos y gracias a Dios pues estoy todav\u00eda vivito y coleando\u201d, bromea sobre su \u00faltima victoria, aunque esta vez sea lejos del cuadril\u00e1tero.<\/p>\n","protected":false},"excerpt":{"rendered":"<p>Ciudad de M\u00e9xico, 6 sep (EFE).- A pocos d\u00edas de que se cumplan 42 a\u00f1os de su primera victoria en un campeonato mundial, el exboxeador Julio C\u00e9sar Ch\u00e1vez asegura estar \u201ccansado de tanto trabajo\u201d y sostiene que su \u201cpelea m\u00e1s importante es abajo del ring\u201d, en defensa del legado de su carrera y ante las [&hellip;]<\/p>\n","protected":false},"author":7,"featured_media":33850,"comment_status":"open","ping_status":"open","sticky":false,"template":"","format":"standard","meta":{"_acf_changed":false,"tdm_status":"","tdm_grid_status":"","_jetpack_newsletter_access":"","_jetpack_dont_email_post_to_subs":false,"_jetpack_newsletter_tier_id":0,"_jetpack_memberships_contains_paywalled_content":false,"_jetpack_feature_clip_id":0,"_jetpack_memberships_contains_paid_content":false,"footnotes":"","jetpack_publicize_message":"{title}\n\n{excerpt}\n\n{url}","jetpack_publicize_feature_enabled":true,"jetpack_social_post_already_shared":false,"jetpack_social_options":{"image_generator_settings":{"template":"highway","default_image_id":0,"font":"","enabled":false,"token":"eyJpbWciOiJodHRwczpcL1wvd3d3LmFtZXJpY2Fub25ld3NwYXBlci5jb21cL2VzXC93cC1jb250ZW50XC91cGxvYWRzXC8yMDI2XC8wOVwvanVsaW8uanBlZyIsInR4dCI6IkVsIGxlZ2FkbyBkZSBKdWxpbyBDXHUwMGU5c2FyIENoXHUwMGUxdmV6IiwidGVtcGxhdGUiOiJoaWdod2F5IiwiZm9udCI6IiIsImJsb2dfaWQiOjIyODYxOTU3NH0.dtvq1vUtz3htAnvMf4PJSrbYTiTVTgSknynKP78_wlYMQ"},"version":2,"media_source":"featured-image","attached_media":[{"id":33850,"url":"https:\/\/www.americanonewspaper.com\/es\/wp-content\/uploads\/2026\/09\/julio.jpeg","type":"image\/jpeg"}]},"_wpas_customize_per_network":false,"jetpack_post_was_ever_published":false,"_members_access_role":[],"_members_access_error":""},"categories":[107,607,528],"tags":[],"class_list":["post-33849","post","type-post","status-publish","format-standard","has-post-thumbnail","category-boxing","category-deportes","category-mexico-2"],"acf":[],"yoast_head":"<!-- This site is optimized with the Yoast SEO Premium plugin v28.4 (Yoast SEO v28.4) - https:\/\/yoast.com\/product\/yoast-seo-premium-wordpress\/ -->\n<title>El legado de Julio C\u00e9sar Ch\u00e1vez - Americano Newspaper<\/title>\n<meta name=\"description\" content=\"A pocos d\u00edas de que se cumplan 42 a\u00f1os de su primera victoria en un campeonato mundial, el exboxeador Julio C\u00e9sar Ch\u00e1vez asegura estar \u201ccansado de tanto trabajo\u201d y sostiene que su \u201cpelea m\u00e1s importante es abajo del ring\u201d, en defensa del legado de su carrera y ante las acusaciones que rodean a su familia.\" \/>\n<meta name=\"robots\" content=\"index, follow, max-snippet:-1, max-image-preview:large, max-video-preview:-1\" \/>\n<link rel=\"canonical\" href=\"https:\/\/www.americanonewspaper.com\/es\/deportes\/el-legado-de-julio-cesar-chavez\/\" \/>\n<meta property=\"og:locale\" content=\"en_US\" \/>\n<meta property=\"og:type\" content=\"article\" \/>\n<meta property=\"og:title\" content=\"El legado de Julio C\u00e9sar Ch\u00e1vez\" \/>\n<meta property=\"og:description\" content=\"A pocos d\u00edas de que se cumplan 42 a\u00f1os de su primera victoria en un campeonato mundial, el exboxeador Julio C\u00e9sar Ch\u00e1vez asegura estar \u201ccansado de tanto trabajo\u201d y sostiene que su \u201cpelea m\u00e1s importante es abajo del ring\u201d, en defensa del legado de su carrera y ante las acusaciones que rodean a su familia.\" \/>\n<meta property=\"og:url\" content=\"https:\/\/www.americanonewspaper.com\/es\/deportes\/el-legado-de-julio-cesar-chavez\/\" \/>\n<meta property=\"og:site_name\" content=\"Americano Newspaper\" \/>\n<meta property=\"article:publisher\" content=\"https:\/\/www.facebook.com\/AmericanoNewspaper\/\" \/>\n<meta property=\"article:published_time\" content=\"2026-09-06T18:04:56+00:00\" \/>\n<meta property=\"article:modified_time\" content=\"2026-09-06T18:05:01+00:00\" \/>\n<meta property=\"og:image\" content=\"https:\/\/www.americanonewspaper.com\/es\/wp-content\/uploads\/2026\/09\/julio.jpeg\" \/>\n\t<meta property=\"og:image:width\" content=\"560\" \/>\n\t<meta property=\"og:image:height\" content=\"373\" \/>\n\t<meta property=\"og:image:type\" content=\"image\/jpeg\" \/>\n<meta name=\"author\" content=\"Author\" \/>\n<meta name=\"twitter:card\" content=\"summary_large_image\" \/>\n<meta name=\"twitter:label1\" content=\"Written by\" \/>\n\t<meta name=\"twitter:data1\" content=\"Author\" \/>\n\t<meta name=\"twitter:label2\" content=\"Est. reading time\" \/>\n\t<meta name=\"twitter:data2\" content=\"5 minutes\" \/>\n<script type=\"application\/ld+json\" class=\"yoast-schema-graph\">{\"@context\":\"https:\\\/\\\/schema.org\",\"@graph\":[{\"@type\":\"Article\",\"@id\":\"https:\\\/\\\/www.americanonewspaper.com\\\/es\\\/deportes\\\/el-legado-de-julio-cesar-chavez\\\/#article\",\"isPartOf\":{\"@id\":\"https:\\\/\\\/www.americanonewspaper.com\\\/es\\\/deportes\\\/el-legado-de-julio-cesar-chavez\\\/\"},\"author\":{\"name\":\"Author\",\"@id\":\"https:\\\/\\\/www.americanonewspaper.com\\\/es\\\/#\\\/schema\\\/person\\\/8967f6b8af7e37bcbbe61f68580ff088\"},\"headline\":\"El legado de Julio C\u00e9sar Ch\u00e1vez\",\"datePublished\":\"2026-09-06T18:04:56+00:00\",\"dateModified\":\"2026-09-06T18:05:01+00:00\",\"mainEntityOfPage\":{\"@id\":\"https:\\\/\\\/www.americanonewspaper.com\\\/es\\\/deportes\\\/el-legado-de-julio-cesar-chavez\\\/\"},\"wordCount\":798,\"commentCount\":0,\"publisher\":{\"@id\":\"https:\\\/\\\/www.americanonewspaper.com\\\/es\\\/#organization\"},\"image\":{\"@id\":\"https:\\\/\\\/www.americanonewspaper.com\\\/es\\\/deportes\\\/el-legado-de-julio-cesar-chavez\\\/#primaryimage\"},\"thumbnailUrl\":\"https:\\\/\\\/www.americanonewspaper.com\\\/es\\\/wp-content\\\/uploads\\\/2026\\\/09\\\/julio.jpeg\",\"articleSection\":[\"Boxing\",\"Deportes\",\"M\u00e9xico\"],\"inLanguage\":\"en-US\",\"potentialAction\":[{\"@type\":\"CommentAction\",\"name\":\"Comment\",\"target\":[\"https:\\\/\\\/www.americanonewspaper.com\\\/es\\\/deportes\\\/el-legado-de-julio-cesar-chavez\\\/#respond\"]}]},{\"@type\":\"WebPage\",\"@id\":\"https:\\\/\\\/www.americanonewspaper.com\\\/es\\\/deportes\\\/el-legado-de-julio-cesar-chavez\\\/\",\"url\":\"https:\\\/\\\/www.americanonewspaper.com\\\/es\\\/deportes\\\/el-legado-de-julio-cesar-chavez\\\/\",\"name\":\"El legado de Julio C\u00e9sar Ch\u00e1vez - Americano Newspaper\",\"isPartOf\":{\"@id\":\"https:\\\/\\\/www.americanonewspaper.com\\\/es\\\/#website\"},\"primaryImageOfPage\":{\"@id\":\"https:\\\/\\\/www.americanonewspaper.com\\\/es\\\/deportes\\\/el-legado-de-julio-cesar-chavez\\\/#primaryimage\"},\"image\":{\"@id\":\"https:\\\/\\\/www.americanonewspaper.com\\\/es\\\/deportes\\\/el-legado-de-julio-cesar-chavez\\\/#primaryimage\"},\"thumbnailUrl\":\"https:\\\/\\\/www.americanonewspaper.com\\\/es\\\/wp-content\\\/uploads\\\/2026\\\/09\\\/julio.jpeg\",\"datePublished\":\"2026-09-06T18:04:56+00:00\",\"dateModified\":\"2026-09-06T18:05:01+00:00\",\"description\":\"A pocos d\u00edas de que se cumplan 42 a\u00f1os de su primera victoria en un campeonato mundial, el exboxeador Julio C\u00e9sar Ch\u00e1vez asegura estar \u201ccansado de tanto trabajo\u201d y sostiene que su \u201cpelea m\u00e1s importante es abajo del ring\u201d, en defensa del legado de su carrera y ante las acusaciones que rodean a su familia.\",\"breadcrumb\":{\"@id\":\"https:\\\/\\\/www.americanonewspaper.com\\\/es\\\/deportes\\\/el-legado-de-julio-cesar-chavez\\\/#breadcrumb\"},\"inLanguage\":\"en-US\",\"potentialAction\":[{\"@type\":\"ReadAction\",\"target\":[\"https:\\\/\\\/www.americanonewspaper.com\\\/es\\\/deportes\\\/el-legado-de-julio-cesar-chavez\\\/\"]}]},{\"@type\":\"ImageObject\",\"inLanguage\":\"en-US\",\"@id\":\"https:\\\/\\\/www.americanonewspaper.com\\\/es\\\/deportes\\\/el-legado-de-julio-cesar-chavez\\\/#primaryimage\",\"url\":\"https:\\\/\\\/www.americanonewspaper.com\\\/es\\\/wp-content\\\/uploads\\\/2026\\\/09\\\/julio.jpeg\",\"contentUrl\":\"https:\\\/\\\/www.americanonewspaper.com\\\/es\\\/wp-content\\\/uploads\\\/2026\\\/09\\\/julio.jpeg\",\"width\":560,\"height\":373,\"caption\":\"El exboxeador mexicano Julio C\u00e9sar Ch\u00e1vez, posa durante una entrevista con EFE este s\u00e1bado, en Ciudad de M\u00e9xico (M\u00e9xico). EFE\\\/ Isaac Esquivel\"},{\"@type\":\"BreadcrumbList\",\"@id\":\"https:\\\/\\\/www.americanonewspaper.com\\\/es\\\/deportes\\\/el-legado-de-julio-cesar-chavez\\\/#breadcrumb\",\"itemListElement\":[{\"@type\":\"ListItem\",\"position\":1,\"name\":\"Home\",\"item\":\"https:\\\/\\\/www.americanonewspaper.com\\\/es\\\/\"},{\"@type\":\"ListItem\",\"position\":2,\"name\":\"El legado de Julio C\u00e9sar Ch\u00e1vez\"}]},{\"@type\":\"WebSite\",\"@id\":\"https:\\\/\\\/www.americanonewspaper.com\\\/es\\\/#website\",\"url\":\"https:\\\/\\\/www.americanonewspaper.com\\\/es\\\/\",\"name\":\"Americano Newspaper\",\"description\":\"The Hispanic Newspaper of New Jersey.\",\"publisher\":{\"@id\":\"https:\\\/\\\/www.americanonewspaper.com\\\/es\\\/#organization\"},\"potentialAction\":[{\"@type\":\"SearchAction\",\"target\":{\"@type\":\"EntryPoint\",\"urlTemplate\":\"https:\\\/\\\/www.americanonewspaper.com\\\/es\\\/?s={search_term_string}\"},\"query-input\":{\"@type\":\"PropertyValueSpecification\",\"valueRequired\":true,\"valueName\":\"search_term_string\"}}],\"inLanguage\":\"en-US\"},{\"@type\":\"Organization\",\"@id\":\"https:\\\/\\\/www.americanonewspaper.com\\\/es\\\/#organization\",\"name\":\"Americano Newspaper\",\"url\":\"https:\\\/\\\/www.americanonewspaper.com\\\/es\\\/\",\"logo\":{\"@type\":\"ImageObject\",\"inLanguage\":\"en-US\",\"@id\":\"https:\\\/\\\/www.americanonewspaper.com\\\/es\\\/#\\\/schema\\\/logo\\\/image\\\/\",\"url\":\"https:\\\/\\\/www.americanonewspaper.com\\\/es\\\/wp-content\\\/uploads\\\/2024\\\/05\\\/AmericanoLogoCircle.comCircle2.jpg\",\"contentUrl\":\"https:\\\/\\\/www.americanonewspaper.com\\\/es\\\/wp-content\\\/uploads\\\/2024\\\/05\\\/AmericanoLogoCircle.comCircle2.jpg\",\"width\":600,\"height\":600,\"caption\":\"Americano Newspaper\"},\"image\":{\"@id\":\"https:\\\/\\\/www.americanonewspaper.com\\\/es\\\/#\\\/schema\\\/logo\\\/image\\\/\"},\"sameAs\":[\"https:\\\/\\\/www.facebook.com\\\/AmericanoNewspaper\\\/\"]},{\"@type\":\"Person\",\"@id\":\"https:\\\/\\\/www.americanonewspaper.com\\\/es\\\/#\\\/schema\\\/person\\\/8967f6b8af7e37bcbbe61f68580ff088\",\"name\":\"Author\",\"image\":{\"@type\":\"ImageObject\",\"inLanguage\":\"en-US\",\"@id\":\"https:\\\/\\\/www.americanonewspaper.com\\\/es\\\/wp-content\\\/litespeed\\\/avatar\\\/89ffaf6af3cf6769ffb3c6efb2313947.jpg?ver=1788535513\",\"url\":\"https:\\\/\\\/www.americanonewspaper.com\\\/es\\\/wp-content\\\/litespeed\\\/avatar\\\/89ffaf6af3cf6769ffb3c6efb2313947.jpg?ver=1788535513\",\"contentUrl\":\"https:\\\/\\\/www.americanonewspaper.com\\\/es\\\/wp-content\\\/litespeed\\\/avatar\\\/89ffaf6af3cf6769ffb3c6efb2313947.jpg?ver=1788535513\",\"caption\":\"Author\"},\"url\":\"https:\\\/\\\/www.americanonewspaper.com\\\/es\\\/author\\\/americano\\\/\"}]}<\/script>\n<!-- \/ Yoast SEO Premium plugin. -->","yoast_head_json":{"title":"El legado de Julio C\u00e9sar Ch\u00e1vez - Americano Newspaper","description":"A pocos d\u00edas de que se cumplan 42 a\u00f1os de su primera victoria en un campeonato mundial, el exboxeador Julio C\u00e9sar Ch\u00e1vez asegura estar \u201ccansado de tanto trabajo\u201d y sostiene que su \u201cpelea m\u00e1s importante es abajo del ring\u201d, en defensa del legado de su carrera y ante las acusaciones que rodean a su familia.","robots":{"index":"index","follow":"follow","max-snippet":"max-snippet:-1","max-image-preview":"max-image-preview:large","max-video-preview":"max-video-preview:-1"},"canonical":"https:\/\/www.americanonewspaper.com\/es\/deportes\/el-legado-de-julio-cesar-chavez\/","og_locale":"en_US","og_type":"article","og_title":"El legado de Julio C\u00e9sar Ch\u00e1vez","og_description":"A pocos d\u00edas de que se cumplan 42 a\u00f1os de su primera victoria en un campeonato mundial, el exboxeador Julio C\u00e9sar Ch\u00e1vez asegura estar \u201ccansado de tanto trabajo\u201d y sostiene que su \u201cpelea m\u00e1s importante es abajo del ring\u201d, en defensa del legado de su carrera y ante las acusaciones que rodean a su familia.","og_url":"https:\/\/www.americanonewspaper.com\/es\/deportes\/el-legado-de-julio-cesar-chavez\/","og_site_name":"Americano Newspaper","article_publisher":"https:\/\/www.facebook.com\/AmericanoNewspaper\/","article_published_time":"2026-09-06T18:04:56+00:00","article_modified_time":"2026-09-06T18:05:01+00:00","og_image":[{"width":560,"height":373,"url":"https:\/\/www.americanonewspaper.com\/es\/wp-content\/uploads\/2026\/09\/julio.jpeg","type":"image\/jpeg"}],"author":"Author","twitter_card":"summary_large_image","twitter_misc":{"Written by":"Author","Est. reading time":"5 minutes"},"schema":{"@context":"https:\/\/schema.org","@graph":[{"@type":"Article","@id":"https:\/\/www.americanonewspaper.com\/es\/deportes\/el-legado-de-julio-cesar-chavez\/#article","isPartOf":{"@id":"https:\/\/www.americanonewspaper.com\/es\/deportes\/el-legado-de-julio-cesar-chavez\/"},"author":{"name":"Author","@id":"https:\/\/www.americanonewspaper.com\/es\/#\/schema\/person\/8967f6b8af7e37bcbbe61f68580ff088"},"headline":"El legado de Julio C\u00e9sar Ch\u00e1vez","datePublished":"2026-09-06T18:04:56+00:00","dateModified":"2026-09-06T18:05:01+00:00","mainEntityOfPage":{"@id":"https:\/\/www.americanonewspaper.com\/es\/deportes\/el-legado-de-julio-cesar-chavez\/"},"wordCount":798,"commentCount":0,"publisher":{"@id":"https:\/\/www.americanonewspaper.com\/es\/#organization"},"image":{"@id":"https:\/\/www.americanonewspaper.com\/es\/deportes\/el-legado-de-julio-cesar-chavez\/#primaryimage"},"thumbnailUrl":"https:\/\/www.americanonewspaper.com\/es\/wp-content\/uploads\/2026\/09\/julio.jpeg","articleSection":["Boxing","Deportes","M\u00e9xico"],"inLanguage":"en-US","potentialAction":[{"@type":"CommentAction","name":"Comment","target":["https:\/\/www.americanonewspaper.com\/es\/deportes\/el-legado-de-julio-cesar-chavez\/#respond"]}]},{"@type":"WebPage","@id":"https:\/\/www.americanonewspaper.com\/es\/deportes\/el-legado-de-julio-cesar-chavez\/","url":"https:\/\/www.americanonewspaper.com\/es\/deportes\/el-legado-de-julio-cesar-chavez\/","name":"El legado de Julio C\u00e9sar Ch\u00e1vez - Americano Newspaper","isPartOf":{"@id":"https:\/\/www.americanonewspaper.com\/es\/#website"},"primaryImageOfPage":{"@id":"https:\/\/www.americanonewspaper.com\/es\/deportes\/el-legado-de-julio-cesar-chavez\/#primaryimage"},"image":{"@id":"https:\/\/www.americanonewspaper.com\/es\/deportes\/el-legado-de-julio-cesar-chavez\/#primaryimage"},"thumbnailUrl":"https:\/\/www.americanonewspaper.com\/es\/wp-content\/uploads\/2026\/09\/julio.jpeg","datePublished":"2026-09-06T18:04:56+00:00","dateModified":"2026-09-06T18:05:01+00:00","description":"A pocos d\u00edas de que se cumplan 42 a\u00f1os de su primera victoria en un campeonato mundial, el exboxeador Julio C\u00e9sar Ch\u00e1vez asegura estar \u201ccansado de tanto trabajo\u201d y sostiene que su \u201cpelea m\u00e1s importante es abajo del ring\u201d, en defensa del legado de su carrera y ante las acusaciones que rodean a su familia.","breadcrumb":{"@id":"https:\/\/www.americanonewspaper.com\/es\/deportes\/el-legado-de-julio-cesar-chavez\/#breadcrumb"},"inLanguage":"en-US","potentialAction":[{"@type":"ReadAction","target":["https:\/\/www.americanonewspaper.com\/es\/deportes\/el-legado-de-julio-cesar-chavez\/"]}]},{"@type":"ImageObject","inLanguage":"en-US","@id":"https:\/\/www.americanonewspaper.com\/es\/deportes\/el-legado-de-julio-cesar-chavez\/#primaryimage","url":"https:\/\/www.americanonewspaper.com\/es\/wp-content\/uploads\/2026\/09\/julio.jpeg","contentUrl":"https:\/\/www.americanonewspaper.com\/es\/wp-content\/uploads\/2026\/09\/julio.jpeg","width":560,"height":373,"caption":"El exboxeador mexicano Julio C\u00e9sar Ch\u00e1vez, posa durante una entrevista con EFE este s\u00e1bado, en Ciudad de M\u00e9xico (M\u00e9xico). EFE\/ Isaac Esquivel"},{"@type":"BreadcrumbList","@id":"https:\/\/www.americanonewspaper.com\/es\/deportes\/el-legado-de-julio-cesar-chavez\/#breadcrumb","itemListElement":[{"@type":"ListItem","position":1,"name":"Home","item":"https:\/\/www.americanonewspaper.com\/es\/"},{"@type":"ListItem","position":2,"name":"El legado de Julio C\u00e9sar Ch\u00e1vez"}]},{"@type":"WebSite","@id":"https:\/\/www.americanonewspaper.com\/es\/#website","url":"https:\/\/www.americanonewspaper.com\/es\/","name":"Americano Newspaper","description":"The Hispanic Newspaper of New Jersey.","publisher":{"@id":"https:\/\/www.americanonewspaper.com\/es\/#organization"},"potentialAction":[{"@type":"SearchAction","target":{"@type":"EntryPoint","urlTemplate":"https:\/\/www.americanonewspaper.com\/es\/?s={search_term_string}"},"query-input":{"@type":"PropertyValueSpecification","valueRequired":true,"valueName":"search_term_string"}}],"inLanguage":"en-US"},{"@type":"Organization","@id":"https:\/\/www.americanonewspaper.com\/es\/#organization","name":"Americano Newspaper","url":"https:\/\/www.americanonewspaper.com\/es\/","logo":{"@type":"ImageObject","inLanguage":"en-US","@id":"https:\/\/www.americanonewspaper.com\/es\/#\/schema\/logo\/image\/","url":"https:\/\/www.americanonewspaper.com\/es\/wp-content\/uploads\/2024\/05\/AmericanoLogoCircle.comCircle2.jpg","contentUrl":"https:\/\/www.americanonewspaper.com\/es\/wp-content\/uploads\/2024\/05\/AmericanoLogoCircle.comCircle2.jpg","width":600,"height":600,"caption":"Americano Newspaper"},"image":{"@id":"https:\/\/www.americanonewspaper.com\/es\/#\/schema\/logo\/image\/"},"sameAs":["https:\/\/www.facebook.com\/AmericanoNewspaper\/"]},{"@type":"Person","@id":"https:\/\/www.americanonewspaper.com\/es\/#\/schema\/person\/8967f6b8af7e37bcbbe61f68580ff088","name":"Author","image":{"@type":"ImageObject","inLanguage":"en-US","@id":"https:\/\/www.americanonewspaper.com\/es\/wp-content\/litespeed\/avatar\/89ffaf6af3cf6769ffb3c6efb2313947.jpg?ver=1788535513","url":"https:\/\/www.americanonewspaper.com\/es\/wp-content\/litespeed\/avatar\/89ffaf6af3cf6769ffb3c6efb2313947.jpg?ver=1788535513","contentUrl":"https:\/\/www.americanonewspaper.com\/es\/wp-content\/litespeed\/avatar\/89ffaf6af3cf6769ffb3c6efb2313947.jpg?ver=1788535513","caption":"Author"},"url":"https:\/\/www.americanonewspaper.com\/es\/author\/americano\/"}]}},"jetpack_publicize_connections":[],"featured_image_urls":{"full":["https:\/\/www.americanonewspaper.com\/es\/wp-content\/uploads\/2026\/09\/julio.jpeg",560,373,false],"thumbnail":["https:\/\/www.americanonewspaper.com\/es\/wp-content\/uploads\/2026\/09\/julio-250x250.jpeg",250,250,true],"medium":["https:\/\/www.americanonewspaper.com\/es\/wp-content\/uploads\/2026\/09\/julio-300x200.jpeg",300,200,true],"medium_large":["https:\/\/www.americanonewspaper.com\/es\/wp-content\/uploads\/2026\/09\/julio.jpeg",560,373,false],"large":["https:\/\/www.americanonewspaper.com\/es\/wp-content\/uploads\/2026\/09\/julio.jpeg",560,373,false],"1536x1536":["https:\/\/www.americanonewspaper.com\/es\/wp-content\/uploads\/2026\/09\/julio.jpeg",560,373,false],"2048x2048":["https:\/\/www.americanonewspaper.com\/es\/wp-content\/uploads\/2026\/09\/julio.jpeg",560,373,false],"td_150x0":["https:\/\/www.americanonewspaper.com\/es\/wp-content\/uploads\/2026\/09\/julio-150x100.jpeg",150,100,true],"td_218x150":["https:\/\/www.americanonewspaper.com\/es\/wp-content\/uploads\/2026\/09\/julio-218x150.jpeg",218,150,true],"td_300x0":["https:\/\/www.americanonewspaper.com\/es\/wp-content\/uploads\/2026\/09\/julio-300x200.jpeg",300,200,true],"td_324x400":["https:\/\/www.americanonewspaper.com\/es\/wp-content\/uploads\/2026\/09\/julio-324x373.jpeg",324,373,true],"td_485x360":["https:\/\/www.americanonewspaper.com\/es\/wp-content\/uploads\/2026\/09\/julio-485x360.jpeg",485,360,true],"td_696x0":["https:\/\/www.americanonewspaper.com\/es\/wp-content\/uploads\/2026\/09\/julio.jpeg",560,373,false],"td_1068x0":["https:\/\/www.americanonewspaper.com\/es\/wp-content\/uploads\/2026\/09\/julio.jpeg",560,373,false],"td_1920x0":["https:\/\/www.americanonewspaper.com\/es\/wp-content\/uploads\/2026\/09\/julio.jpeg",560,373,false],"bdpp-medium":["https:\/\/www.americanonewspaper.com\/es\/wp-content\/uploads\/2026\/09\/julio.jpeg",560,373,false]},"author_info":{"display_name":"Author","author_link":"https:\/\/www.americanonewspaper.com\/es\/author\/americano\/"},"category_info":"<a href=\"https:\/\/www.americanonewspaper.com\/es\/category\/boxing\/\" rel=\"category tag\">Boxing<\/a> <a href=\"https:\/\/www.americanonewspaper.com\/es\/category\/deportes\/\" rel=\"category tag\">Deportes<\/a> <a href=\"https:\/\/www.americanonewspaper.com\/es\/category\/mexico-2\/\" rel=\"category tag\">M\u00e9xico<\/a>","tag_info":"M\u00e9xico","comment_count":"0","jetpack_sharing_enabled":true,"jetpack_likes_enabled":true,"jetpack_featured_media_url":"https:\/\/www.americanonewspaper.com\/es\/wp-content\/uploads\/2026\/09\/julio.jpeg","_links":{"self":[{"href":"https:\/\/www.americanonewspaper.com\/es\/wp-json\/wp\/v2\/posts\/33849","targetHints":{"allow":["GET"]}}],"collection":[{"href":"https:\/\/www.americanonewspaper.com\/es\/wp-json\/wp\/v2\/posts"}],"about":[{"href":"https:\/\/www.americanonewspaper.com\/es\/wp-json\/wp\/v2\/types\/post"}],"author":[{"embeddable":true,"href":"https:\/\/www.americanonewspaper.com\/es\/wp-json\/wp\/v2\/users\/7"}],"replies":[{"embeddable":true,"href":"https:\/\/www.americanonewspaper.com\/es\/wp-json\/wp\/v2\/comments?post=33849"}],"version-history":[{"count":1,"href":"https:\/\/www.americanonewspaper.com\/es\/wp-json\/wp\/v2\/posts\/33849\/revisions"}],"predecessor-version":[{"id":33858,"href":"https:\/\/www.americanonewspaper.com\/es\/wp-json\/wp\/v2\/posts\/33849\/revisions\/33858"}],"wp:featuredmedia":[{"embeddable":true,"href":"https:\/\/www.americanonewspaper.com\/es\/wp-json\/wp\/v2\/media\/33850"}],"wp:attachment":[{"href":"https:\/\/www.americanonewspaper.com\/es\/wp-json\/wp\/v2\/media?parent=33849"}],"wp:term":[{"taxonomy":"category","embeddable":true,"href":"https:\/\/www.americanonewspaper.com\/es\/wp-json\/wp\/v2\/categories?post=33849"},{"taxonomy":"post_tag","embeddable":true,"href":"https:\/\/www.americanonewspaper.com\/es\/wp-json\/wp\/v2\/tags?post=33849"}],"curies":[{"name":"wp","href":"https:\/\/api.w.org\/{rel}","templated":true}]}}