{"id":33836,"date":"2026-09-06T01:36:23","date_gmt":"2026-09-06T05:36:23","guid":{"rendered":"https:\/\/www.americanonewspaper.com\/es\/?p=33836"},"modified":"2026-09-06T01:36:30","modified_gmt":"2026-09-06T05:36:30","slug":"aubameyang-lanza-al-deportivo","status":"publish","type":"post","link":"https:\/\/www.americanonewspaper.com\/es\/deportes\/aubameyang-lanza-al-deportivo\/","title":{"rendered":"Aubameyang lanza al Deportivo"},"content":{"rendered":"\n<p class=\"wp-block-paragraph\">Vila-real (Castell\u00f3n), 5 sep (EFE).<\/p>\n\n\n\n<p class=\"dropcapp3 wp-block-paragraph\"> El Deportivo de A Coru\u00f1a sigue con su excelente racha de resultados en su regreso a Primera tras vencer al Villarreal (2-3), que sigue sin conocer la victoria en el presente campeonato, con una actuaci\u00f3n estelar de Pierre-Emerick Aubameyang.<\/p>\n\n\n\n<p class=\"wp-block-paragraph\">El atacante gabon\u00e9s firm\u00f3 el gol del triunfo, a dos minutos del final, y dio dos asistencias a sus compa\u00f1eros que permitieron neutralizar la ventaja del conjunto castellonense, incapaz de controlar el partido a pesar de adelantarse en dos ocasiones en el marcador.<\/p>\n\n\n\n<p class=\"wp-block-paragraph\">El Villarreal arranc\u00f3 mejor el encuentro. P\u00e9p\u00e9 y Gerard Moreno se mostraron especialmente activos en el frente de ataque y el Deportivo apenas encontr\u00f3 opciones para amenazar al contragolpe.<\/p>\n\n\n\n<p class=\"wp-block-paragraph\">El gol local lleg\u00f3 de forma inesperada, en la primera acci\u00f3n en la que pudo atacar con espacios. Un bal\u00f3n en profundidad a P\u00e9p\u00e9 no fue neutralizado por la defensa ni por el portero, Leo Rom\u00e1n, que se qued\u00f3 a media salida, lo que permiti\u00f3 al africano inaugurar el marcador con un disparo colocado.<\/p>\n\n\n\n<figure class=\"wp-block-image size-full\"><a href=\"https:\/\/ggllawyers.com\/es\/new-jersey-personal-injury-and-workers-compensation-lawyer\/\" target=\"_blank\" rel=\" noopener\"><img fetchpriority=\"high\" decoding=\"async\" width=\"560\" height=\"269\" src=\"https:\/\/www.americanonewspaper.com\/es\/wp-content\/uploads\/2026\/09\/GGlSpanish-1.jpg\" alt=\"ABOGADOS DE ACCIDENTES\" class=\"wp-image-33822\" srcset=\"https:\/\/www.americanonewspaper.com\/es\/wp-content\/uploads\/2026\/09\/GGlSpanish-1.jpg 560w, https:\/\/www.americanonewspaper.com\/es\/wp-content\/uploads\/2026\/09\/GGlSpanish-1-300x144-1.jpg 300w, https:\/\/www.americanonewspaper.com\/es\/wp-content\/uploads\/2026\/09\/GGlSpanish-1-150x72.jpg 150w, https:\/\/www.americanonewspaper.com\/es\/wp-content\/uploads\/2026\/09\/GGlSpanish-1-323x155.jpg 323w\" sizes=\"(max-width: 560px) 100vw, 560px\" \/><\/a><figcaption class=\"wp-element-caption\">ABOGADOS DE ACCIDENTES<\/figcaption><\/figure>\n\n\n\n<p class=\"wp-block-paragraph\">La reacci\u00f3n del Deportivo al gol fue inmediata. Aubameyang, hasta ese momento in\u00e9dito, comenz\u00f3 a encontrar espacios a la espalda de la defensa de un Villarreal que, pese a la ventaja en el marcador, no supo hacerse con el control del partido.<\/p>\n\n\n\n<p class=\"wp-block-paragraph\">El gabon\u00e9s roz\u00f3 el gol en un par de ocasiones, aunque el Villarreal tambi\u00e9n tuvo sus opciones, sobre todo en un disparo de Moleiro que despej\u00f3 de forma espectacular Leo Rom\u00e1n.<\/p>\n\n\n\n<p class=\"wp-block-paragraph\">El Deportivo, cada vez m\u00e1s instalado en campo contrario y din\u00e1mico en sus ataques, acab\u00f3 encontrando el empate tras una asistencia de Aubameyang que Luismi Cruz, ya al filo del descanso, convirti\u00f3 con un disparo colocado desde el interior del \u00e1rea.<\/p>\n\n\n\n<p class=\"wp-block-paragraph\">El Villarreal retom\u00f3 el mando del partido tras el descanso. El equipo castellonense tuvo la oportunidad de recuperar la ventaja tras una gran asistencia de Gerard Moreno a Moleiro, pero Leo Rom\u00e1n tap\u00f3 con reflejos el remate del canario.<\/p>\n\n\n\n<figure class=\"wp-block-image size-full\"><a href=\"https:\/\/www.njng.com\/my-account\/payment-options\/payment-assistance.aspx\" target=\"_blank\" rel=\" noopener\"><img decoding=\"async\" width=\"560\" height=\"270\" src=\"https:\/\/www.americanonewspaper.com\/es\/wp-content\/uploads\/2026\/09\/NJNaturalGasSpanish-copy-1.jpg\" alt=\"ASISTENCIA PARA PAGAR GASTOS DE ENERG\u00cdA\" class=\"wp-image-33824\" srcset=\"https:\/\/www.americanonewspaper.com\/es\/wp-content\/uploads\/2026\/09\/NJNaturalGasSpanish-copy-1.jpg 560w, https:\/\/www.americanonewspaper.com\/es\/wp-content\/uploads\/2026\/09\/NJNaturalGasSpanish-copy-1-300x145.jpg 300w, https:\/\/www.americanonewspaper.com\/es\/wp-content\/uploads\/2026\/09\/NJNaturalGasSpanish-copy-1-299x144.jpg 299w, https:\/\/www.americanonewspaper.com\/es\/wp-content\/uploads\/2026\/09\/NJNaturalGasSpanish-copy-1-149x72.jpg 149w, https:\/\/www.americanonewspaper.com\/es\/wp-content\/uploads\/2026\/09\/NJNaturalGasSpanish-copy-1-324x156.jpg 324w\" sizes=\"(max-width: 560px) 100vw, 560px\" \/><\/a><figcaption class=\"wp-element-caption\">ASISTENCIA PARA PAGAR GASTOS DE ENERG\u00cdA<\/figcaption><\/figure>\n\n\n\n<p class=\"wp-block-paragraph\">Poco despu\u00e9s fue P\u00e9p\u00e9 el que no supo culminar con acierto una gran acci\u00f3n personal del debutante Saliba.<\/p>\n\n\n\n<p class=\"wp-block-paragraph\">El Deportivo intent\u00f3 recuperar el bal\u00f3n y la capacidad de amenaza con la entrada de Yeremay, pero el Villarreal mantuvo su dominio.<\/p>\n\n\n\n<p class=\"wp-block-paragraph\">En pleno asedio, Gueye vio c\u00f3mo el colegiado le anul\u00f3 un gol por una infracci\u00f3n de sus compa\u00f1eros en la barrera rival en el lanzamiento de una falta.<\/p>\n\n\n\n<p class=\"wp-block-paragraph\">I\u00f1igo P\u00e9rez dio un nuevo giro al partido con la entrada de Comesa\u00f1a, Buchanan y Mikautadze. El Deportivo respondi\u00f3 con el debut de Casad\u00f3 y la amenaza al espacio de Adama, pero el Villarreal mantuvo la iniciativa y volvi\u00f3 a adelantarse de forma sorprendente.<\/p>\n\n\n\n<p class=\"wp-block-paragraph\">Adama, en su intento por ayudar en defensa, acab\u00f3 por batir su propia porter\u00eda con un remate de cabeza que sorprendi\u00f3 a Leo Rom\u00e1n.<\/p>\n\n\n\n<p class=\"wp-block-paragraph\">El Deportivo apenas tuvo tiempo para lamentarse, ya que tres minutos despu\u00e9s Zakaria, en su primera intervenci\u00f3n en el partido, empat\u00f3 de nuevo con un disparo al primer palo que sorprendi\u00f3 a Luiz J\u00fanior.<\/p>\n\n\n\n<figure class=\"wp-block-image size-full\"><a href=\"https:\/\/www.linkedin.com\/in\/jaimeberrios\/\" target=\"_blank\" rel=\" noopener\"><img decoding=\"async\" width=\"560\" height=\"257\" src=\"https:\/\/www.americanonewspaper.com\/es\/wp-content\/uploads\/2026\/09\/Jaime-copy-2-1.jpg\" alt=\"VENDEMOS AUTOS NUEVOS Y USADOS\" class=\"wp-image-33823\" srcset=\"https:\/\/www.americanonewspaper.com\/es\/wp-content\/uploads\/2026\/09\/Jaime-copy-2-1.jpg 560w, https:\/\/www.americanonewspaper.com\/es\/wp-content\/uploads\/2026\/09\/Jaime-copy-2-1-300x138.jpg 300w, https:\/\/www.americanonewspaper.com\/es\/wp-content\/uploads\/2026\/09\/Jaime-copy-2-1-150x69.jpg 150w\" sizes=\"(max-width: 560px) 100vw, 560px\" \/><\/a><figcaption class=\"wp-element-caption\">VENDEMOS AUTOS NUEVOS Y USADOS<\/figcaption><\/figure>\n\n\n\n<p class=\"wp-block-paragraph\">El Villarreal asumi\u00f3 riesgos y se fue a por el partido, pero un error en el centro del campo fue penalizado por Aubameyang, que con espacios no perdon\u00f3 ante Luiz J\u00fanior para marcar su cuarto tanto del curso, darle a su equipo tres puntos y dejar al Villarreal repleto de dudas.<\/p>\n\n\n\n<p class=\"wp-block-paragraph\">Goles: 1-0, m. 19: P\u00e9p\u00e9. 1-1, m. 43: Luismi Cruz. 2-1, m. 75: Adama, en propia puerta. 2-2, m. 78: Zakaria. 2-3, m. 88: Aubameyang.<\/p>\n\n\n\n<p class=\"wp-block-paragraph\"><\/p>\n","protected":false},"excerpt":{"rendered":"<p>Vila-real (Castell\u00f3n), 5 sep (EFE). El Deportivo de A Coru\u00f1a sigue con su excelente racha de resultados en su regreso a Primera tras vencer al Villarreal (2-3), que sigue sin conocer la victoria en el presente campeonato, con una actuaci\u00f3n estelar de Pierre-Emerick Aubameyang. El atacante gabon\u00e9s firm\u00f3 el gol del triunfo, a dos minutos [&hellip;]<\/p>\n","protected":false},"author":2,"featured_media":33837,"comment_status":"open","ping_status":"open","sticky":false,"template":"","format":"standard","meta":{"_acf_changed":false,"tdm_status":"","tdm_grid_status":"","_jetpack_newsletter_access":"","_jetpack_dont_email_post_to_subs":false,"_jetpack_newsletter_tier_id":0,"_jetpack_memberships_contains_paywalled_content":false,"_jetpack_feature_clip_id":0,"_jetpack_memberships_contains_paid_content":false,"footnotes":"","jetpack_publicize_message":"{title}\n\n{excerpt}\n\n{url}","jetpack_publicize_feature_enabled":true,"jetpack_social_post_already_shared":true,"jetpack_social_options":{"image_generator_settings":{"template":"highway","default_image_id":0,"font":"","enabled":false},"version":2},"_wpas_customize_per_network":false,"jetpack_post_was_ever_published":false,"_members_access_role":[],"_members_access_error":""},"categories":[607,175],"tags":[],"class_list":["post-33836","post","type-post","status-publish","format-standard","has-post-thumbnail","category-deportes","category-fifa"],"acf":[],"yoast_head":"<!-- This site is optimized with the Yoast SEO Premium plugin v28.4 (Yoast SEO v28.4) - https:\/\/yoast.com\/product\/yoast-seo-premium-wordpress\/ -->\n<title>Aubameyang lanza al Deportivo - Americano Newspaper<\/title>\n<meta name=\"description\" content=\"El Deportivo de A Coru\u00f1a sigue con su excelente racha de resultados en su regreso a Primera tras vencer al Villarreal (2-3), que sigue sin conocer la victoria en el presente campeonato, con una actuaci\u00f3n estelar de Pierre-Emerick Aubameyang.El atacante gabon\u00e9s firm\u00f3 el gol del triunfo, a dos minutos del final, y dio dos asistencias a sus compa\u00f1eros que permitieron neutralizar la ventaja del conjunto castellonense, incapaz de controlar el partido a pesar de adelantarse en dos ocasiones en el marcador\" \/>\n<meta name=\"robots\" content=\"index, follow, max-snippet:-1, max-image-preview:large, max-video-preview:-1\" \/>\n<link rel=\"canonical\" href=\"https:\/\/www.americanonewspaper.com\/es\/deportes\/aubameyang-lanza-al-deportivo\/\" \/>\n<meta property=\"og:locale\" content=\"en_US\" \/>\n<meta property=\"og:type\" content=\"article\" \/>\n<meta property=\"og:title\" content=\"Aubameyang lanza al Deportivo\" \/>\n<meta property=\"og:description\" content=\"El Deportivo de A Coru\u00f1a sigue con su excelente racha de resultados en su regreso a Primera tras vencer al Villarreal (2-3), que sigue sin conocer la victoria en el presente campeonato, con una actuaci\u00f3n estelar de Pierre-Emerick Aubameyang.El atacante gabon\u00e9s firm\u00f3 el gol del triunfo, a dos minutos del final, y dio dos asistencias a sus compa\u00f1eros que permitieron neutralizar la ventaja del conjunto castellonense, incapaz de controlar el partido a pesar de adelantarse en dos ocasiones en el marcador\" \/>\n<meta property=\"og:url\" content=\"https:\/\/www.americanonewspaper.com\/es\/deportes\/aubameyang-lanza-al-deportivo\/\" \/>\n<meta property=\"og:site_name\" content=\"Americano Newspaper\" \/>\n<meta property=\"article:publisher\" content=\"https:\/\/www.facebook.com\/AmericanoNewspaper\/\" \/>\n<meta property=\"article:published_time\" content=\"2026-09-06T05:36:23+00:00\" \/>\n<meta property=\"article:modified_time\" content=\"2026-09-06T05:36:30+00:00\" \/>\n<meta property=\"og:image\" content=\"https:\/\/www.americanonewspaper.com\/es\/wp-content\/uploads\/2026\/09\/Depor.jpg\" \/>\n\t<meta property=\"og:image:width\" content=\"560\" \/>\n\t<meta property=\"og:image:height\" content=\"374\" \/>\n\t<meta property=\"og:image:type\" content=\"image\/jpeg\" \/>\n<meta name=\"author\" content=\"Isai Chiong\" \/>\n<meta name=\"twitter:card\" content=\"summary_large_image\" \/>\n<meta name=\"twitter:label1\" content=\"Written by\" \/>\n\t<meta name=\"twitter:data1\" content=\"Isai Chiong\" \/>\n\t<meta name=\"twitter:label2\" content=\"Est. reading time\" \/>\n\t<meta name=\"twitter:data2\" content=\"4 minutes\" \/>\n<script type=\"application\/ld+json\" class=\"yoast-schema-graph\">{\"@context\":\"https:\\\/\\\/schema.org\",\"@graph\":[{\"@type\":\"Article\",\"@id\":\"https:\\\/\\\/www.americanonewspaper.com\\\/es\\\/deportes\\\/aubameyang-lanza-al-deportivo\\\/#article\",\"isPartOf\":{\"@id\":\"https:\\\/\\\/www.americanonewspaper.com\\\/es\\\/deportes\\\/aubameyang-lanza-al-deportivo\\\/\"},\"author\":{\"name\":\"Isai Chiong\",\"@id\":\"https:\\\/\\\/www.americanonewspaper.com\\\/es\\\/#\\\/schema\\\/person\\\/250690dd6b4d87c1247baa2eb7f54961\"},\"headline\":\"Aubameyang lanza al Deportivo\",\"datePublished\":\"2026-09-06T05:36:23+00:00\",\"dateModified\":\"2026-09-06T05:36:30+00:00\",\"mainEntityOfPage\":{\"@id\":\"https:\\\/\\\/www.americanonewspaper.com\\\/es\\\/deportes\\\/aubameyang-lanza-al-deportivo\\\/\"},\"wordCount\":617,\"commentCount\":0,\"publisher\":{\"@id\":\"https:\\\/\\\/www.americanonewspaper.com\\\/es\\\/#organization\"},\"image\":{\"@id\":\"https:\\\/\\\/www.americanonewspaper.com\\\/es\\\/deportes\\\/aubameyang-lanza-al-deportivo\\\/#primaryimage\"},\"thumbnailUrl\":\"https:\\\/\\\/www.americanonewspaper.com\\\/es\\\/wp-content\\\/uploads\\\/2026\\\/09\\\/Depor.jpg\",\"articleSection\":[\"Deportes\",\"FIFA\"],\"inLanguage\":\"en-US\",\"potentialAction\":[{\"@type\":\"CommentAction\",\"name\":\"Comment\",\"target\":[\"https:\\\/\\\/www.americanonewspaper.com\\\/es\\\/deportes\\\/aubameyang-lanza-al-deportivo\\\/#respond\"]}]},{\"@type\":\"WebPage\",\"@id\":\"https:\\\/\\\/www.americanonewspaper.com\\\/es\\\/deportes\\\/aubameyang-lanza-al-deportivo\\\/\",\"url\":\"https:\\\/\\\/www.americanonewspaper.com\\\/es\\\/deportes\\\/aubameyang-lanza-al-deportivo\\\/\",\"name\":\"Aubameyang lanza al Deportivo - Americano Newspaper\",\"isPartOf\":{\"@id\":\"https:\\\/\\\/www.americanonewspaper.com\\\/es\\\/#website\"},\"primaryImageOfPage\":{\"@id\":\"https:\\\/\\\/www.americanonewspaper.com\\\/es\\\/deportes\\\/aubameyang-lanza-al-deportivo\\\/#primaryimage\"},\"image\":{\"@id\":\"https:\\\/\\\/www.americanonewspaper.com\\\/es\\\/deportes\\\/aubameyang-lanza-al-deportivo\\\/#primaryimage\"},\"thumbnailUrl\":\"https:\\\/\\\/www.americanonewspaper.com\\\/es\\\/wp-content\\\/uploads\\\/2026\\\/09\\\/Depor.jpg\",\"datePublished\":\"2026-09-06T05:36:23+00:00\",\"dateModified\":\"2026-09-06T05:36:30+00:00\",\"description\":\"El Deportivo de A Coru\u00f1a sigue con su excelente racha de resultados en su regreso a Primera tras vencer al Villarreal (2-3), que sigue sin conocer la victoria en el presente campeonato, con una actuaci\u00f3n estelar de Pierre-Emerick Aubameyang.El atacante gabon\u00e9s firm\u00f3 el gol del triunfo, a dos minutos del final, y dio dos asistencias a sus compa\u00f1eros que permitieron neutralizar la ventaja del conjunto castellonense, incapaz de controlar el partido a pesar de adelantarse en dos ocasiones en el marcador\",\"breadcrumb\":{\"@id\":\"https:\\\/\\\/www.americanonewspaper.com\\\/es\\\/deportes\\\/aubameyang-lanza-al-deportivo\\\/#breadcrumb\"},\"inLanguage\":\"en-US\",\"potentialAction\":[{\"@type\":\"ReadAction\",\"target\":[\"https:\\\/\\\/www.americanonewspaper.com\\\/es\\\/deportes\\\/aubameyang-lanza-al-deportivo\\\/\"]}]},{\"@type\":\"ImageObject\",\"inLanguage\":\"en-US\",\"@id\":\"https:\\\/\\\/www.americanonewspaper.com\\\/es\\\/deportes\\\/aubameyang-lanza-al-deportivo\\\/#primaryimage\",\"url\":\"https:\\\/\\\/www.americanonewspaper.com\\\/es\\\/wp-content\\\/uploads\\\/2026\\\/09\\\/Depor.jpg\",\"contentUrl\":\"https:\\\/\\\/www.americanonewspaper.com\\\/es\\\/wp-content\\\/uploads\\\/2026\\\/09\\\/Depor.jpg\",\"width\":560,\"height\":374,\"caption\":\"El jugador del Deportivo de A Coru\u00f1a Pierre-Emerick Aubameyang remata para marcar gol durante el partido de la jornada 4 de LaLiga entre el Villarreal y el Deportivo de A Coru\u00f1a, este s\u00e1bado en Vila-real (Castell\u00f3n). EFE\\\/ Kai Forsterling\"},{\"@type\":\"BreadcrumbList\",\"@id\":\"https:\\\/\\\/www.americanonewspaper.com\\\/es\\\/deportes\\\/aubameyang-lanza-al-deportivo\\\/#breadcrumb\",\"itemListElement\":[{\"@type\":\"ListItem\",\"position\":1,\"name\":\"Home\",\"item\":\"https:\\\/\\\/www.americanonewspaper.com\\\/es\\\/\"},{\"@type\":\"ListItem\",\"position\":2,\"name\":\"Aubameyang lanza al Deportivo\"}]},{\"@type\":\"WebSite\",\"@id\":\"https:\\\/\\\/www.americanonewspaper.com\\\/es\\\/#website\",\"url\":\"https:\\\/\\\/www.americanonewspaper.com\\\/es\\\/\",\"name\":\"Americano Newspaper\",\"description\":\"The Hispanic Newspaper of New Jersey.\",\"publisher\":{\"@id\":\"https:\\\/\\\/www.americanonewspaper.com\\\/es\\\/#organization\"},\"potentialAction\":[{\"@type\":\"SearchAction\",\"target\":{\"@type\":\"EntryPoint\",\"urlTemplate\":\"https:\\\/\\\/www.americanonewspaper.com\\\/es\\\/?s={search_term_string}\"},\"query-input\":{\"@type\":\"PropertyValueSpecification\",\"valueRequired\":true,\"valueName\":\"search_term_string\"}}],\"inLanguage\":\"en-US\"},{\"@type\":\"Organization\",\"@id\":\"https:\\\/\\\/www.americanonewspaper.com\\\/es\\\/#organization\",\"name\":\"Americano Newspaper\",\"url\":\"https:\\\/\\\/www.americanonewspaper.com\\\/es\\\/\",\"logo\":{\"@type\":\"ImageObject\",\"inLanguage\":\"en-US\",\"@id\":\"https:\\\/\\\/www.americanonewspaper.com\\\/es\\\/#\\\/schema\\\/logo\\\/image\\\/\",\"url\":\"https:\\\/\\\/www.americanonewspaper.com\\\/es\\\/wp-content\\\/uploads\\\/2024\\\/05\\\/AmericanoLogoCircle.comCircle2.jpg\",\"contentUrl\":\"https:\\\/\\\/www.americanonewspaper.com\\\/es\\\/wp-content\\\/uploads\\\/2024\\\/05\\\/AmericanoLogoCircle.comCircle2.jpg\",\"width\":600,\"height\":600,\"caption\":\"Americano Newspaper\"},\"image\":{\"@id\":\"https:\\\/\\\/www.americanonewspaper.com\\\/es\\\/#\\\/schema\\\/logo\\\/image\\\/\"},\"sameAs\":[\"https:\\\/\\\/www.facebook.com\\\/AmericanoNewspaper\\\/\"]},{\"@type\":\"Person\",\"@id\":\"https:\\\/\\\/www.americanonewspaper.com\\\/es\\\/#\\\/schema\\\/person\\\/250690dd6b4d87c1247baa2eb7f54961\",\"name\":\"Isai Chiong\",\"image\":{\"@type\":\"ImageObject\",\"inLanguage\":\"en-US\",\"@id\":\"https:\\\/\\\/www.americanonewspaper.com\\\/es\\\/wp-content\\\/litespeed\\\/avatar\\\/915bd7121c0882f0e17e221d883b7da4.jpg?ver=1788542249\",\"url\":\"https:\\\/\\\/www.americanonewspaper.com\\\/es\\\/wp-content\\\/litespeed\\\/avatar\\\/915bd7121c0882f0e17e221d883b7da4.jpg?ver=1788542249\",\"contentUrl\":\"https:\\\/\\\/www.americanonewspaper.com\\\/es\\\/wp-content\\\/litespeed\\\/avatar\\\/915bd7121c0882f0e17e221d883b7da4.jpg?ver=1788542249\",\"caption\":\"Isai Chiong\"},\"url\":\"https:\\\/\\\/www.americanonewspaper.com\\\/es\\\/author\\\/isai-chiong\\\/\"}]}<\/script>\n<!-- \/ Yoast SEO Premium plugin. -->","yoast_head_json":{"title":"Aubameyang lanza al Deportivo - Americano Newspaper","description":"El Deportivo de A Coru\u00f1a sigue con su excelente racha de resultados en su regreso a Primera tras vencer al Villarreal (2-3), que sigue sin conocer la victoria en el presente campeonato, con una actuaci\u00f3n estelar de Pierre-Emerick Aubameyang.El atacante gabon\u00e9s firm\u00f3 el gol del triunfo, a dos minutos del final, y dio dos asistencias a sus compa\u00f1eros que permitieron neutralizar la ventaja del conjunto castellonense, incapaz de controlar el partido a pesar de adelantarse en dos ocasiones en el marcador","robots":{"index":"index","follow":"follow","max-snippet":"max-snippet:-1","max-image-preview":"max-image-preview:large","max-video-preview":"max-video-preview:-1"},"canonical":"https:\/\/www.americanonewspaper.com\/es\/deportes\/aubameyang-lanza-al-deportivo\/","og_locale":"en_US","og_type":"article","og_title":"Aubameyang lanza al Deportivo","og_description":"El Deportivo de A Coru\u00f1a sigue con su excelente racha de resultados en su regreso a Primera tras vencer al Villarreal (2-3), que sigue sin conocer la victoria en el presente campeonato, con una actuaci\u00f3n estelar de Pierre-Emerick Aubameyang.El atacante gabon\u00e9s firm\u00f3 el gol del triunfo, a dos minutos del final, y dio dos asistencias a sus compa\u00f1eros que permitieron neutralizar la ventaja del conjunto castellonense, incapaz de controlar el partido a pesar de adelantarse en dos ocasiones en el marcador","og_url":"https:\/\/www.americanonewspaper.com\/es\/deportes\/aubameyang-lanza-al-deportivo\/","og_site_name":"Americano Newspaper","article_publisher":"https:\/\/www.facebook.com\/AmericanoNewspaper\/","article_published_time":"2026-09-06T05:36:23+00:00","article_modified_time":"2026-09-06T05:36:30+00:00","og_image":[{"width":560,"height":374,"url":"https:\/\/www.americanonewspaper.com\/es\/wp-content\/uploads\/2026\/09\/Depor.jpg","type":"image\/jpeg"}],"author":"Isai Chiong","twitter_card":"summary_large_image","twitter_misc":{"Written by":"Isai Chiong","Est. reading time":"4 minutes"},"schema":{"@context":"https:\/\/schema.org","@graph":[{"@type":"Article","@id":"https:\/\/www.americanonewspaper.com\/es\/deportes\/aubameyang-lanza-al-deportivo\/#article","isPartOf":{"@id":"https:\/\/www.americanonewspaper.com\/es\/deportes\/aubameyang-lanza-al-deportivo\/"},"author":{"name":"Isai Chiong","@id":"https:\/\/www.americanonewspaper.com\/es\/#\/schema\/person\/250690dd6b4d87c1247baa2eb7f54961"},"headline":"Aubameyang lanza al Deportivo","datePublished":"2026-09-06T05:36:23+00:00","dateModified":"2026-09-06T05:36:30+00:00","mainEntityOfPage":{"@id":"https:\/\/www.americanonewspaper.com\/es\/deportes\/aubameyang-lanza-al-deportivo\/"},"wordCount":617,"commentCount":0,"publisher":{"@id":"https:\/\/www.americanonewspaper.com\/es\/#organization"},"image":{"@id":"https:\/\/www.americanonewspaper.com\/es\/deportes\/aubameyang-lanza-al-deportivo\/#primaryimage"},"thumbnailUrl":"https:\/\/www.americanonewspaper.com\/es\/wp-content\/uploads\/2026\/09\/Depor.jpg","articleSection":["Deportes","FIFA"],"inLanguage":"en-US","potentialAction":[{"@type":"CommentAction","name":"Comment","target":["https:\/\/www.americanonewspaper.com\/es\/deportes\/aubameyang-lanza-al-deportivo\/#respond"]}]},{"@type":"WebPage","@id":"https:\/\/www.americanonewspaper.com\/es\/deportes\/aubameyang-lanza-al-deportivo\/","url":"https:\/\/www.americanonewspaper.com\/es\/deportes\/aubameyang-lanza-al-deportivo\/","name":"Aubameyang lanza al Deportivo - Americano Newspaper","isPartOf":{"@id":"https:\/\/www.americanonewspaper.com\/es\/#website"},"primaryImageOfPage":{"@id":"https:\/\/www.americanonewspaper.com\/es\/deportes\/aubameyang-lanza-al-deportivo\/#primaryimage"},"image":{"@id":"https:\/\/www.americanonewspaper.com\/es\/deportes\/aubameyang-lanza-al-deportivo\/#primaryimage"},"thumbnailUrl":"https:\/\/www.americanonewspaper.com\/es\/wp-content\/uploads\/2026\/09\/Depor.jpg","datePublished":"2026-09-06T05:36:23+00:00","dateModified":"2026-09-06T05:36:30+00:00","description":"El Deportivo de A Coru\u00f1a sigue con su excelente racha de resultados en su regreso a Primera tras vencer al Villarreal (2-3), que sigue sin conocer la victoria en el presente campeonato, con una actuaci\u00f3n estelar de Pierre-Emerick Aubameyang.El atacante gabon\u00e9s firm\u00f3 el gol del triunfo, a dos minutos del final, y dio dos asistencias a sus compa\u00f1eros que permitieron neutralizar la ventaja del conjunto castellonense, incapaz de controlar el partido a pesar de adelantarse en dos ocasiones en el marcador","breadcrumb":{"@id":"https:\/\/www.americanonewspaper.com\/es\/deportes\/aubameyang-lanza-al-deportivo\/#breadcrumb"},"inLanguage":"en-US","potentialAction":[{"@type":"ReadAction","target":["https:\/\/www.americanonewspaper.com\/es\/deportes\/aubameyang-lanza-al-deportivo\/"]}]},{"@type":"ImageObject","inLanguage":"en-US","@id":"https:\/\/www.americanonewspaper.com\/es\/deportes\/aubameyang-lanza-al-deportivo\/#primaryimage","url":"https:\/\/www.americanonewspaper.com\/es\/wp-content\/uploads\/2026\/09\/Depor.jpg","contentUrl":"https:\/\/www.americanonewspaper.com\/es\/wp-content\/uploads\/2026\/09\/Depor.jpg","width":560,"height":374,"caption":"El jugador del Deportivo de A Coru\u00f1a Pierre-Emerick Aubameyang remata para marcar gol durante el partido de la jornada 4 de LaLiga entre el Villarreal y el Deportivo de A Coru\u00f1a, este s\u00e1bado en Vila-real (Castell\u00f3n). EFE\/ Kai Forsterling"},{"@type":"BreadcrumbList","@id":"https:\/\/www.americanonewspaper.com\/es\/deportes\/aubameyang-lanza-al-deportivo\/#breadcrumb","itemListElement":[{"@type":"ListItem","position":1,"name":"Home","item":"https:\/\/www.americanonewspaper.com\/es\/"},{"@type":"ListItem","position":2,"name":"Aubameyang lanza al Deportivo"}]},{"@type":"WebSite","@id":"https:\/\/www.americanonewspaper.com\/es\/#website","url":"https:\/\/www.americanonewspaper.com\/es\/","name":"Americano Newspaper","description":"The Hispanic Newspaper of New Jersey.","publisher":{"@id":"https:\/\/www.americanonewspaper.com\/es\/#organization"},"potentialAction":[{"@type":"SearchAction","target":{"@type":"EntryPoint","urlTemplate":"https:\/\/www.americanonewspaper.com\/es\/?s={search_term_string}"},"query-input":{"@type":"PropertyValueSpecification","valueRequired":true,"valueName":"search_term_string"}}],"inLanguage":"en-US"},{"@type":"Organization","@id":"https:\/\/www.americanonewspaper.com\/es\/#organization","name":"Americano Newspaper","url":"https:\/\/www.americanonewspaper.com\/es\/","logo":{"@type":"ImageObject","inLanguage":"en-US","@id":"https:\/\/www.americanonewspaper.com\/es\/#\/schema\/logo\/image\/","url":"https:\/\/www.americanonewspaper.com\/es\/wp-content\/uploads\/2024\/05\/AmericanoLogoCircle.comCircle2.jpg","contentUrl":"https:\/\/www.americanonewspaper.com\/es\/wp-content\/uploads\/2024\/05\/AmericanoLogoCircle.comCircle2.jpg","width":600,"height":600,"caption":"Americano Newspaper"},"image":{"@id":"https:\/\/www.americanonewspaper.com\/es\/#\/schema\/logo\/image\/"},"sameAs":["https:\/\/www.facebook.com\/AmericanoNewspaper\/"]},{"@type":"Person","@id":"https:\/\/www.americanonewspaper.com\/es\/#\/schema\/person\/250690dd6b4d87c1247baa2eb7f54961","name":"Isai Chiong","image":{"@type":"ImageObject","inLanguage":"en-US","@id":"https:\/\/www.americanonewspaper.com\/es\/wp-content\/litespeed\/avatar\/915bd7121c0882f0e17e221d883b7da4.jpg?ver=1788542249","url":"https:\/\/www.americanonewspaper.com\/es\/wp-content\/litespeed\/avatar\/915bd7121c0882f0e17e221d883b7da4.jpg?ver=1788542249","contentUrl":"https:\/\/www.americanonewspaper.com\/es\/wp-content\/litespeed\/avatar\/915bd7121c0882f0e17e221d883b7da4.jpg?ver=1788542249","caption":"Isai Chiong"},"url":"https:\/\/www.americanonewspaper.com\/es\/author\/isai-chiong\/"}]}},"jetpack_publicize_connections":[],"featured_image_urls":{"full":["https:\/\/www.americanonewspaper.com\/es\/wp-content\/uploads\/2026\/09\/Depor.jpg",560,374,false],"thumbnail":["https:\/\/www.americanonewspaper.com\/es\/wp-content\/uploads\/2026\/09\/Depor-250x250.jpg",250,250,true],"medium":["https:\/\/www.americanonewspaper.com\/es\/wp-content\/uploads\/2026\/09\/Depor-300x200.jpg",300,200,true],"medium_large":["https:\/\/www.americanonewspaper.com\/es\/wp-content\/uploads\/2026\/09\/Depor.jpg",560,374,false],"large":["https:\/\/www.americanonewspaper.com\/es\/wp-content\/uploads\/2026\/09\/Depor.jpg",560,374,false],"1536x1536":["https:\/\/www.americanonewspaper.com\/es\/wp-content\/uploads\/2026\/09\/Depor.jpg",560,374,false],"2048x2048":["https:\/\/www.americanonewspaper.com\/es\/wp-content\/uploads\/2026\/09\/Depor.jpg",560,374,false],"td_150x0":["https:\/\/www.americanonewspaper.com\/es\/wp-content\/uploads\/2026\/09\/Depor-150x100.jpg",150,100,true],"td_218x150":["https:\/\/www.americanonewspaper.com\/es\/wp-content\/uploads\/2026\/09\/Depor-218x150.jpg",218,150,true],"td_300x0":["https:\/\/www.americanonewspaper.com\/es\/wp-content\/uploads\/2026\/09\/Depor-300x200.jpg",300,200,true],"td_324x400":["https:\/\/www.americanonewspaper.com\/es\/wp-content\/uploads\/2026\/09\/Depor-324x374.jpg",324,374,true],"td_485x360":["https:\/\/www.americanonewspaper.com\/es\/wp-content\/uploads\/2026\/09\/Depor-485x360.jpg",485,360,true],"td_696x0":["https:\/\/www.americanonewspaper.com\/es\/wp-content\/uploads\/2026\/09\/Depor.jpg",560,374,false],"td_1068x0":["https:\/\/www.americanonewspaper.com\/es\/wp-content\/uploads\/2026\/09\/Depor.jpg",560,374,false],"td_1920x0":["https:\/\/www.americanonewspaper.com\/es\/wp-content\/uploads\/2026\/09\/Depor.jpg",560,374,false],"bdpp-medium":["https:\/\/www.americanonewspaper.com\/es\/wp-content\/uploads\/2026\/09\/Depor.jpg",560,374,false]},"author_info":{"display_name":"Isai Chiong","author_link":"https:\/\/www.americanonewspaper.com\/es\/author\/isai-chiong\/"},"category_info":"<a href=\"https:\/\/www.americanonewspaper.com\/es\/category\/deportes\/\" rel=\"category tag\">Deportes<\/a> <a href=\"https:\/\/www.americanonewspaper.com\/es\/category\/fifa\/\" rel=\"category tag\">FIFA<\/a>","tag_info":"FIFA","comment_count":"0","jetpack_sharing_enabled":true,"jetpack_likes_enabled":true,"jetpack_featured_media_url":"https:\/\/www.americanonewspaper.com\/es\/wp-content\/uploads\/2026\/09\/Depor.jpg","_links":{"self":[{"href":"https:\/\/www.americanonewspaper.com\/es\/wp-json\/wp\/v2\/posts\/33836","targetHints":{"allow":["GET"]}}],"collection":[{"href":"https:\/\/www.americanonewspaper.com\/es\/wp-json\/wp\/v2\/posts"}],"about":[{"href":"https:\/\/www.americanonewspaper.com\/es\/wp-json\/wp\/v2\/types\/post"}],"author":[{"embeddable":true,"href":"https:\/\/www.americanonewspaper.com\/es\/wp-json\/wp\/v2\/users\/2"}],"replies":[{"embeddable":true,"href":"https:\/\/www.americanonewspaper.com\/es\/wp-json\/wp\/v2\/comments?post=33836"}],"version-history":[{"count":1,"href":"https:\/\/www.americanonewspaper.com\/es\/wp-json\/wp\/v2\/posts\/33836\/revisions"}],"predecessor-version":[{"id":33838,"href":"https:\/\/www.americanonewspaper.com\/es\/wp-json\/wp\/v2\/posts\/33836\/revisions\/33838"}],"wp:featuredmedia":[{"embeddable":true,"href":"https:\/\/www.americanonewspaper.com\/es\/wp-json\/wp\/v2\/media\/33837"}],"wp:attachment":[{"href":"https:\/\/www.americanonewspaper.com\/es\/wp-json\/wp\/v2\/media?parent=33836"}],"wp:term":[{"taxonomy":"category","embeddable":true,"href":"https:\/\/www.americanonewspaper.com\/es\/wp-json\/wp\/v2\/categories?post=33836"},{"taxonomy":"post_tag","embeddable":true,"href":"https:\/\/www.americanonewspaper.com\/es\/wp-json\/wp\/v2\/tags?post=33836"}],"curies":[{"name":"wp","href":"https:\/\/api.w.org\/{rel}","templated":true}]}}