{"id":33820,"date":"2026-09-05T19:17:27","date_gmt":"2026-09-05T23:17:27","guid":{"rendered":"https:\/\/www.americanonewspaper.com\/es\/?p=33820"},"modified":"2026-09-05T19:17:33","modified_gmt":"2026-09-05T23:17:33","slug":"bajas-militares-en-colombia","status":"publish","type":"post","link":"https:\/\/www.americanonewspaper.com\/es\/colombia\/bajas-militares-en-colombia\/","title":{"rendered":"Bajas Militares en Colombia"},"content":{"rendered":"\n<p class=\"wp-block-paragraph\">Colombia<\/p>\n\n\n\n<p class=\"wp-block-paragraph\">Bogot\u00e1, 5 sep (EFE).- <\/p>\n\n\n\n<p class=\"dropcapp3 wp-block-paragraph\">Un tercer militar muri\u00f3 este s\u00e1bado a consecuencia del ataque con drones cargados con explosivos perpetrado en v\u00edspera contra un batall\u00f3n del Ej\u00e9rcito colombiano en el municipio de Oca\u00f1a, en el departamento Norte de Santander, fronterizo con Venezuela, inform\u00f3 el Ministerio de Defensa.<\/p>\n\n\n\n<figure class=\"wp-block-image size-full\"><a href=\"https:\/\/ggllawyers.com\/es\/new-jersey-personal-injury-and-workers-compensation-lawyer\/\" target=\"_blank\" rel=\" noopener\"><img fetchpriority=\"high\" decoding=\"async\" width=\"560\" height=\"269\" src=\"https:\/\/www.americanonewspaper.com\/es\/wp-content\/uploads\/2026\/09\/GGlSpanish-1.jpg\" alt=\"ABOGADOS DE ACCIDENTES\" class=\"wp-image-33822\" srcset=\"https:\/\/www.americanonewspaper.com\/es\/wp-content\/uploads\/2026\/09\/GGlSpanish-1.jpg 560w, https:\/\/www.americanonewspaper.com\/es\/wp-content\/uploads\/2026\/09\/GGlSpanish-1-300x144-1.jpg 300w, https:\/\/www.americanonewspaper.com\/es\/wp-content\/uploads\/2026\/09\/GGlSpanish-1-150x72.jpg 150w, https:\/\/www.americanonewspaper.com\/es\/wp-content\/uploads\/2026\/09\/GGlSpanish-1-323x155.jpg 323w\" sizes=\"(max-width: 560px) 100vw, 560px\" \/><\/a><figcaption class=\"wp-element-caption\">ABOGADOS DE ACCIDENTES<\/figcaption><\/figure>\n\n\n\n<p class=\"wp-block-paragraph\">Seg\u00fan la informaci\u00f3n, el atentado fue perpetrado el viernes por la noche por el Frente Camilo Torres Restrepo del Ej\u00e9rcito de Liberaci\u00f3n Nacional (ELN), que atac\u00f3 la unidad militar de El Trapiche, situada en la zona urbana de Oca\u00f1a.<\/p>\n\n\n\n<p class=\"wp-block-paragraph\">El presidente de Colombia, Abelardo de la Espriella, lament\u00f3 anoche la muerte de un capit\u00e1n y un soldado durante el ataque; sin embargo, este s\u00e1bado se dio a conocer el fallecimiento de un tercer uniformado como consecuencia de las heridas sufridas.<\/p>\n\n\n\n<figure class=\"wp-block-image size-full\"><a href=\"https:\/\/www.linkedin.com\/in\/jaimeberrios\/\" target=\"_blank\" rel=\" noopener\"><img decoding=\"async\" width=\"560\" height=\"257\" src=\"https:\/\/www.americanonewspaper.com\/es\/wp-content\/uploads\/2026\/09\/Jaime-copy-2-1.jpg\" alt=\"VENDEMOS AUTOS NUEVOS Y USADOS\" class=\"wp-image-33823\" srcset=\"https:\/\/www.americanonewspaper.com\/es\/wp-content\/uploads\/2026\/09\/Jaime-copy-2-1.jpg 560w, https:\/\/www.americanonewspaper.com\/es\/wp-content\/uploads\/2026\/09\/Jaime-copy-2-1-300x138.jpg 300w, https:\/\/www.americanonewspaper.com\/es\/wp-content\/uploads\/2026\/09\/Jaime-copy-2-1-150x69.jpg 150w\" sizes=\"(max-width: 560px) 100vw, 560px\" \/><\/a><figcaption class=\"wp-element-caption\">VENDEMOS AUTOS NUEVOS Y USADOS<\/figcaption><\/figure>\n\n\n\n<p class=\"wp-block-paragraph\">&#8220;Lamentamos profundamente el asesinato del capit\u00e1n Marco David Piraj\u00f3n Montezuma y de los soldados profesionales Jhon Carlos Marrugo Manjarrez y Joel Alberto Jim\u00e9nez Jaramillo, v\u00edctimas del atentado ocurrido en Norte de Santander&#8221;, detall\u00f3 el Ministerio de Defensa en su cuenta de X.<\/p>\n\n\n\n<p class=\"wp-block-paragraph\">Como resultado del atentado, adem\u00e1s de las v\u00edctimas mortales, cinco militares fueron heridos y un helic\u00f3ptero result\u00f3 con da\u00f1os luego de ser alcanzado por esquirlas<\/p>\n\n\n\n<figure class=\"wp-block-image size-full\"><a href=\"https:\/\/www.njng.com\/my-account\/payment-options\/payment-assistance.aspx\" target=\"_blank\" rel=\" noopener\"><img decoding=\"async\" width=\"560\" height=\"270\" src=\"https:\/\/www.americanonewspaper.com\/es\/wp-content\/uploads\/2026\/09\/NJNaturalGasSpanish-copy-1.jpg\" alt=\"ASISTENCIA PARA PAGAR GASTOS DE ENERG\u00cdA\" class=\"wp-image-33824\" srcset=\"https:\/\/www.americanonewspaper.com\/es\/wp-content\/uploads\/2026\/09\/NJNaturalGasSpanish-copy-1.jpg 560w, https:\/\/www.americanonewspaper.com\/es\/wp-content\/uploads\/2026\/09\/NJNaturalGasSpanish-copy-1-300x145.jpg 300w, https:\/\/www.americanonewspaper.com\/es\/wp-content\/uploads\/2026\/09\/NJNaturalGasSpanish-copy-1-299x144.jpg 299w, https:\/\/www.americanonewspaper.com\/es\/wp-content\/uploads\/2026\/09\/NJNaturalGasSpanish-copy-1-149x72.jpg 149w, https:\/\/www.americanonewspaper.com\/es\/wp-content\/uploads\/2026\/09\/NJNaturalGasSpanish-copy-1-324x156.jpg 324w\" sizes=\"(max-width: 560px) 100vw, 560px\" \/><\/a><figcaption class=\"wp-element-caption\">ASISTENCIA PARA PAGAR GASTOS DE ENERG\u00cdA<\/figcaption><\/figure>\n\n\n\n<p class=\"wp-block-paragraph\">De manera simult\u00e1nea, integrantes del ELN atacaron la estaci\u00f3n de Polic\u00eda de Guamalito, en el municipio de El Carmen, a menos de horas de Oca\u00f1a, donde los uniformados &#8220;activaron los protocolos establecidos para proteger a la comunidad y preservar las condiciones de seguridad&#8221;.<\/p>\n\n\n\n<p class=\"wp-block-paragraph\">En Norte de Santander, y en especial en la convulsa regi\u00f3n del Catatumbo, operan distintos grupos armados ilegales, entre ellos el ELN y el frente 33 de las disidencias de las FARC, que adem\u00e1s mantienen una disputa territorial entre ellos.<\/p>\n\n\n\n<figure class=\"wp-block-image size-full\"><a href=\"https:\/\/www.eventbrite.com\/e\/health-wellness-fair-2026-tickets-1991124368586?aff=oddtdtcreator\" target=\"_blank\" rel=\" noopener\"><img loading=\"lazy\" decoding=\"async\" width=\"560\" height=\"300\" src=\"https:\/\/www.americanonewspaper.com\/es\/wp-content\/uploads\/2026\/09\/Health-and-Wellness-560-x-270.jpeg\" alt=\"FERIA DE SALUD\" class=\"wp-image-33825\" srcset=\"https:\/\/www.americanonewspaper.com\/es\/wp-content\/uploads\/2026\/09\/Health-and-Wellness-560-x-270.jpeg 560w, https:\/\/www.americanonewspaper.com\/es\/wp-content\/uploads\/2026\/09\/Health-and-Wellness-560-x-270-300x161.jpeg 300w, https:\/\/www.americanonewspaper.com\/es\/wp-content\/uploads\/2026\/09\/Health-and-Wellness-560-x-270-150x80.jpeg 150w\" sizes=\"(max-width: 560px) 100vw, 560px\" \/><\/a><figcaption class=\"wp-element-caption\">FERIA DE SALUD<\/figcaption><\/figure>\n\n\n\n<p class=\"wp-block-paragraph\">Al condenar anoche el ataque, De la Espriella asegur\u00f3 que dise\u00f1ar\u00e1 junto a la c\u00fapula militar y de Polic\u00eda &#8220;una nueva estrategia para el Catatumbo&#8221; con el objetivo de &#8220;golpear sus estructuras, sus cabecillas, sus finanzas y las econom\u00edas il\u00edcitas&#8221;.<\/p>\n\n\n\n<p class=\"wp-block-paragraph\">Por su parte, la Defensor\u00eda del Pueblo asegur\u00f3 este s\u00e1bado que comparte la decisi\u00f3n de De la Espriella, pero pidi\u00f3 &#8220;tener en cuenta la necesidad de abordar la situaci\u00f3n de Oca\u00f1a y el Catatumbo de una manera integral&#8221;.<\/p>\n\n\n\n<figure class=\"wp-block-image size-full\"><a href=\"https:\/\/www.linkedin.com\/in\/oscaralbertoquintana\/\" target=\"_blank\" rel=\" noopener\"><img loading=\"lazy\" decoding=\"async\" width=\"560\" height=\"274\" src=\"https:\/\/www.americanonewspaper.com\/es\/wp-content\/uploads\/2026\/09\/LacerdaOQSpanish-copy.jpg\" alt=\"\" class=\"wp-image-33826\" srcset=\"https:\/\/www.americanonewspaper.com\/es\/wp-content\/uploads\/2026\/09\/LacerdaOQSpanish-copy.jpg 560w, https:\/\/www.americanonewspaper.com\/es\/wp-content\/uploads\/2026\/09\/LacerdaOQSpanish-copy-300x147.jpg 300w, https:\/\/www.americanonewspaper.com\/es\/wp-content\/uploads\/2026\/09\/LacerdaOQSpanish-copy-298x146.jpg 298w, https:\/\/www.americanonewspaper.com\/es\/wp-content\/uploads\/2026\/09\/LacerdaOQSpanish-copy-149x73.jpg 149w, https:\/\/www.americanonewspaper.com\/es\/wp-content\/uploads\/2026\/09\/LacerdaOQSpanish-copy-323x158.jpg 323w\" sizes=\"(max-width: 560px) 100vw, 560px\" \/><\/a><\/figure>\n\n\n\n<p class=\"wp-block-paragraph\">&#8220;La respuesta disuasiva, a trav\u00e9s del uso de la fuerza es necesaria, pero insuficiente en un escenario complejo que requiere la intervenci\u00f3n multisectorial para transformar situaciones estructurales y proteger integralmente a la poblaci\u00f3n civil&#8221;, asegur\u00f3 la defensora Iris Mar\u00edn.<\/p>\n\n\n\n<figure class=\"wp-block-image size-full\"><a href=\"https:\/\/Sutudu.tv\/watch\/que-pasa-show\" target=\"_blank\" rel=\" noopener\"><img loading=\"lazy\" decoding=\"async\" width=\"560\" height=\"300\" src=\"https:\/\/www.americanonewspaper.com\/es\/wp-content\/uploads\/2026\/09\/QP-logo-560x300-1.jpg\" alt=\"\" class=\"wp-image-33827\" srcset=\"https:\/\/www.americanonewspaper.com\/es\/wp-content\/uploads\/2026\/09\/QP-logo-560x300-1.jpg 560w, https:\/\/www.americanonewspaper.com\/es\/wp-content\/uploads\/2026\/09\/QP-logo-560x300-1-300x161.jpg 300w, https:\/\/www.americanonewspaper.com\/es\/wp-content\/uploads\/2026\/09\/QP-logo-560x300-1-149x80.jpg 149w, https:\/\/www.americanonewspaper.com\/es\/wp-content\/uploads\/2026\/09\/QP-logo-560x300-1-299x160.jpg 299w, https:\/\/www.americanonewspaper.com\/es\/wp-content\/uploads\/2026\/09\/QP-logo-560x300-1-323x173.jpg 323w\" sizes=\"(max-width: 560px) 100vw, 560px\" \/><\/a><\/figure>\n","protected":false},"excerpt":{"rendered":"<p>Colombia Bogot\u00e1, 5 sep (EFE).- Un tercer militar muri\u00f3 este s\u00e1bado a consecuencia del ataque con drones cargados con explosivos perpetrado en v\u00edspera contra un batall\u00f3n del Ej\u00e9rcito colombiano en el municipio de Oca\u00f1a, en el departamento Norte de Santander, fronterizo con Venezuela, inform\u00f3 el Ministerio de Defensa. Seg\u00fan la informaci\u00f3n, el atentado fue perpetrado [&hellip;]<\/p>\n","protected":false},"author":7,"featured_media":33821,"comment_status":"open","ping_status":"open","sticky":false,"template":"","format":"standard","meta":{"_acf_changed":false,"tdm_status":"","tdm_grid_status":"","_jetpack_newsletter_access":"","_jetpack_dont_email_post_to_subs":false,"_jetpack_newsletter_tier_id":0,"_jetpack_memberships_contains_paywalled_content":false,"_jetpack_feature_clip_id":0,"_jetpack_memberships_contains_paid_content":false,"footnotes":"","jetpack_publicize_message":"{title}\n\n{excerpt}\n\n{url}","jetpack_publicize_feature_enabled":true,"jetpack_social_post_already_shared":false,"jetpack_social_options":{"image_generator_settings":{"template":"highway","default_image_id":0,"font":"","enabled":false,"token":"eyJpbWciOiJodHRwczpcL1wvd3d3LmFtZXJpY2Fub25ld3NwYXBlci5jb21cL2VzXC93cC1jb250ZW50XC91cGxvYWRzXC8yMDI2XC8wOVwvQ29sb21iaWFub00uanBlZyIsInR4dCI6IkJhamFzIE1pbGl0YXJlcyBlbiBDb2xvbWJpYSIsInRlbXBsYXRlIjoiaGlnaHdheSIsImZvbnQiOiIiLCJibG9nX2lkIjoyMjg2MTk1NzR9.S7VwMN_SkxXwKoEuhMZoGqbTP12oCWJIbu3B7qcda3YMQ"},"version":2,"media_source":"featured-image","attached_media":[{"id":33821,"url":"https:\/\/www.americanonewspaper.com\/es\/wp-content\/uploads\/2026\/09\/ColombianoM.jpeg","type":"image\/jpeg"}]},"_wpas_customize_per_network":false,"jetpack_post_was_ever_published":false,"_members_access_role":[],"_members_access_error":""},"categories":[128,651],"tags":[],"class_list":["post-33820","post","type-post","status-publish","format-standard","has-post-thumbnail","category-colombia","category-guerra"],"acf":[],"yoast_head":"<!-- This site is optimized with the Yoast SEO Premium plugin v28.4 (Yoast SEO v28.4) - https:\/\/yoast.com\/product\/yoast-seo-premium-wordpress\/ -->\n<title>Bajas Militares en Colombia - Americano Newspaper<\/title>\n<meta name=\"description\" content=\"Un tercer militar muri\u00f3 este s\u00e1bado a consecuencia del ataque con drones cargados con explosivos perpetrado en v\u00edspera contra un batall\u00f3n del Ej\u00e9rcito colombiano en el municipio de Oca\u00f1a, en el departamento Norte de Santander, fronterizo con Venezuela, inform\u00f3 el Ministerio de Defensa.\" \/>\n<meta name=\"robots\" content=\"index, follow, max-snippet:-1, max-image-preview:large, max-video-preview:-1\" \/>\n<link rel=\"canonical\" href=\"https:\/\/www.americanonewspaper.com\/es\/colombia\/bajas-militares-en-colombia\/\" \/>\n<meta property=\"og:locale\" content=\"en_US\" \/>\n<meta property=\"og:type\" content=\"article\" \/>\n<meta property=\"og:title\" content=\"Bajas Militares en Colombia\" \/>\n<meta property=\"og:description\" content=\"Un tercer militar muri\u00f3 este s\u00e1bado a consecuencia del ataque con drones cargados con explosivos perpetrado en v\u00edspera contra un batall\u00f3n del Ej\u00e9rcito colombiano en el municipio de Oca\u00f1a, en el departamento Norte de Santander, fronterizo con Venezuela, inform\u00f3 el Ministerio de Defensa.\" \/>\n<meta property=\"og:url\" content=\"https:\/\/www.americanonewspaper.com\/es\/colombia\/bajas-militares-en-colombia\/\" \/>\n<meta property=\"og:site_name\" content=\"Americano Newspaper\" \/>\n<meta property=\"article:publisher\" content=\"https:\/\/www.facebook.com\/AmericanoNewspaper\/\" \/>\n<meta property=\"article:published_time\" content=\"2026-09-05T23:17:27+00:00\" \/>\n<meta property=\"article:modified_time\" content=\"2026-09-05T23:17:33+00:00\" \/>\n<meta property=\"og:image\" content=\"https:\/\/www.americanonewspaper.com\/es\/wp-content\/uploads\/2026\/09\/ColombianoM.jpeg\" \/>\n\t<meta property=\"og:image:width\" content=\"560\" \/>\n\t<meta property=\"og:image:height\" content=\"418\" \/>\n\t<meta property=\"og:image:type\" content=\"image\/jpeg\" \/>\n<meta name=\"author\" content=\"Author\" \/>\n<meta name=\"twitter:card\" content=\"summary_large_image\" \/>\n<meta name=\"twitter:label1\" content=\"Written by\" \/>\n\t<meta name=\"twitter:data1\" content=\"Author\" \/>\n\t<meta name=\"twitter:label2\" content=\"Est. reading time\" \/>\n\t<meta name=\"twitter:data2\" content=\"4 minutes\" \/>\n<script type=\"application\/ld+json\" class=\"yoast-schema-graph\">{\"@context\":\"https:\\\/\\\/schema.org\",\"@graph\":[{\"@type\":\"Article\",\"@id\":\"https:\\\/\\\/www.americanonewspaper.com\\\/es\\\/colombia\\\/bajas-militares-en-colombia\\\/#article\",\"isPartOf\":{\"@id\":\"https:\\\/\\\/www.americanonewspaper.com\\\/es\\\/colombia\\\/bajas-militares-en-colombia\\\/\"},\"author\":{\"name\":\"Author\",\"@id\":\"https:\\\/\\\/www.americanonewspaper.com\\\/es\\\/#\\\/schema\\\/person\\\/8967f6b8af7e37bcbbe61f68580ff088\"},\"headline\":\"Bajas Militares en Colombia\",\"datePublished\":\"2026-09-05T23:17:27+00:00\",\"dateModified\":\"2026-09-05T23:17:33+00:00\",\"mainEntityOfPage\":{\"@id\":\"https:\\\/\\\/www.americanonewspaper.com\\\/es\\\/colombia\\\/bajas-militares-en-colombia\\\/\"},\"wordCount\":456,\"commentCount\":0,\"publisher\":{\"@id\":\"https:\\\/\\\/www.americanonewspaper.com\\\/es\\\/#organization\"},\"image\":{\"@id\":\"https:\\\/\\\/www.americanonewspaper.com\\\/es\\\/colombia\\\/bajas-militares-en-colombia\\\/#primaryimage\"},\"thumbnailUrl\":\"https:\\\/\\\/www.americanonewspaper.com\\\/es\\\/wp-content\\\/uploads\\\/2026\\\/09\\\/ColombianoM.jpeg\",\"articleSection\":[\"Colombia\",\"Guerra\"],\"inLanguage\":\"en-US\",\"potentialAction\":[{\"@type\":\"CommentAction\",\"name\":\"Comment\",\"target\":[\"https:\\\/\\\/www.americanonewspaper.com\\\/es\\\/colombia\\\/bajas-militares-en-colombia\\\/#respond\"]}]},{\"@type\":\"WebPage\",\"@id\":\"https:\\\/\\\/www.americanonewspaper.com\\\/es\\\/colombia\\\/bajas-militares-en-colombia\\\/\",\"url\":\"https:\\\/\\\/www.americanonewspaper.com\\\/es\\\/colombia\\\/bajas-militares-en-colombia\\\/\",\"name\":\"Bajas Militares en Colombia - Americano Newspaper\",\"isPartOf\":{\"@id\":\"https:\\\/\\\/www.americanonewspaper.com\\\/es\\\/#website\"},\"primaryImageOfPage\":{\"@id\":\"https:\\\/\\\/www.americanonewspaper.com\\\/es\\\/colombia\\\/bajas-militares-en-colombia\\\/#primaryimage\"},\"image\":{\"@id\":\"https:\\\/\\\/www.americanonewspaper.com\\\/es\\\/colombia\\\/bajas-militares-en-colombia\\\/#primaryimage\"},\"thumbnailUrl\":\"https:\\\/\\\/www.americanonewspaper.com\\\/es\\\/wp-content\\\/uploads\\\/2026\\\/09\\\/ColombianoM.jpeg\",\"datePublished\":\"2026-09-05T23:17:27+00:00\",\"dateModified\":\"2026-09-05T23:17:33+00:00\",\"description\":\"Un tercer militar muri\u00f3 este s\u00e1bado a consecuencia del ataque con drones cargados con explosivos perpetrado en v\u00edspera contra un batall\u00f3n del Ej\u00e9rcito colombiano en el municipio de Oca\u00f1a, en el departamento Norte de Santander, fronterizo con Venezuela, inform\u00f3 el Ministerio de Defensa.\",\"breadcrumb\":{\"@id\":\"https:\\\/\\\/www.americanonewspaper.com\\\/es\\\/colombia\\\/bajas-militares-en-colombia\\\/#breadcrumb\"},\"inLanguage\":\"en-US\",\"potentialAction\":[{\"@type\":\"ReadAction\",\"target\":[\"https:\\\/\\\/www.americanonewspaper.com\\\/es\\\/colombia\\\/bajas-militares-en-colombia\\\/\"]}]},{\"@type\":\"ImageObject\",\"inLanguage\":\"en-US\",\"@id\":\"https:\\\/\\\/www.americanonewspaper.com\\\/es\\\/colombia\\\/bajas-militares-en-colombia\\\/#primaryimage\",\"url\":\"https:\\\/\\\/www.americanonewspaper.com\\\/es\\\/wp-content\\\/uploads\\\/2026\\\/09\\\/ColombianoM.jpeg\",\"contentUrl\":\"https:\\\/\\\/www.americanonewspaper.com\\\/es\\\/wp-content\\\/uploads\\\/2026\\\/09\\\/ColombianoM.jpeg\",\"width\":560,\"height\":418,\"caption\":\"Fotograf\u00eda cedida por el ministerio de Defensa de Colombia que muestra a su titular Jorge Eduardo Mora (d), saludando a militares esta s\u00e1bado, durante su vista a Oca\u00f1a (Colombia). EFE\\\/ Ministerio de Defensa\"},{\"@type\":\"BreadcrumbList\",\"@id\":\"https:\\\/\\\/www.americanonewspaper.com\\\/es\\\/colombia\\\/bajas-militares-en-colombia\\\/#breadcrumb\",\"itemListElement\":[{\"@type\":\"ListItem\",\"position\":1,\"name\":\"Home\",\"item\":\"https:\\\/\\\/www.americanonewspaper.com\\\/es\\\/\"},{\"@type\":\"ListItem\",\"position\":2,\"name\":\"Bajas Militares en Colombia\"}]},{\"@type\":\"WebSite\",\"@id\":\"https:\\\/\\\/www.americanonewspaper.com\\\/es\\\/#website\",\"url\":\"https:\\\/\\\/www.americanonewspaper.com\\\/es\\\/\",\"name\":\"Americano Newspaper\",\"description\":\"The Hispanic Newspaper of New Jersey.\",\"publisher\":{\"@id\":\"https:\\\/\\\/www.americanonewspaper.com\\\/es\\\/#organization\"},\"potentialAction\":[{\"@type\":\"SearchAction\",\"target\":{\"@type\":\"EntryPoint\",\"urlTemplate\":\"https:\\\/\\\/www.americanonewspaper.com\\\/es\\\/?s={search_term_string}\"},\"query-input\":{\"@type\":\"PropertyValueSpecification\",\"valueRequired\":true,\"valueName\":\"search_term_string\"}}],\"inLanguage\":\"en-US\"},{\"@type\":\"Organization\",\"@id\":\"https:\\\/\\\/www.americanonewspaper.com\\\/es\\\/#organization\",\"name\":\"Americano Newspaper\",\"url\":\"https:\\\/\\\/www.americanonewspaper.com\\\/es\\\/\",\"logo\":{\"@type\":\"ImageObject\",\"inLanguage\":\"en-US\",\"@id\":\"https:\\\/\\\/www.americanonewspaper.com\\\/es\\\/#\\\/schema\\\/logo\\\/image\\\/\",\"url\":\"https:\\\/\\\/www.americanonewspaper.com\\\/es\\\/wp-content\\\/uploads\\\/2024\\\/05\\\/AmericanoLogoCircle.comCircle2.jpg\",\"contentUrl\":\"https:\\\/\\\/www.americanonewspaper.com\\\/es\\\/wp-content\\\/uploads\\\/2024\\\/05\\\/AmericanoLogoCircle.comCircle2.jpg\",\"width\":600,\"height\":600,\"caption\":\"Americano Newspaper\"},\"image\":{\"@id\":\"https:\\\/\\\/www.americanonewspaper.com\\\/es\\\/#\\\/schema\\\/logo\\\/image\\\/\"},\"sameAs\":[\"https:\\\/\\\/www.facebook.com\\\/AmericanoNewspaper\\\/\"]},{\"@type\":\"Person\",\"@id\":\"https:\\\/\\\/www.americanonewspaper.com\\\/es\\\/#\\\/schema\\\/person\\\/8967f6b8af7e37bcbbe61f68580ff088\",\"name\":\"Author\",\"image\":{\"@type\":\"ImageObject\",\"inLanguage\":\"en-US\",\"@id\":\"https:\\\/\\\/www.americanonewspaper.com\\\/es\\\/wp-content\\\/litespeed\\\/avatar\\\/89ffaf6af3cf6769ffb3c6efb2313947.jpg?ver=1788535513\",\"url\":\"https:\\\/\\\/www.americanonewspaper.com\\\/es\\\/wp-content\\\/litespeed\\\/avatar\\\/89ffaf6af3cf6769ffb3c6efb2313947.jpg?ver=1788535513\",\"contentUrl\":\"https:\\\/\\\/www.americanonewspaper.com\\\/es\\\/wp-content\\\/litespeed\\\/avatar\\\/89ffaf6af3cf6769ffb3c6efb2313947.jpg?ver=1788535513\",\"caption\":\"Author\"},\"url\":\"https:\\\/\\\/www.americanonewspaper.com\\\/es\\\/author\\\/americano\\\/\"}]}<\/script>\n<!-- \/ Yoast SEO Premium plugin. -->","yoast_head_json":{"title":"Bajas Militares en Colombia - Americano Newspaper","description":"Un tercer militar muri\u00f3 este s\u00e1bado a consecuencia del ataque con drones cargados con explosivos perpetrado en v\u00edspera contra un batall\u00f3n del Ej\u00e9rcito colombiano en el municipio de Oca\u00f1a, en el departamento Norte de Santander, fronterizo con Venezuela, inform\u00f3 el Ministerio de Defensa.","robots":{"index":"index","follow":"follow","max-snippet":"max-snippet:-1","max-image-preview":"max-image-preview:large","max-video-preview":"max-video-preview:-1"},"canonical":"https:\/\/www.americanonewspaper.com\/es\/colombia\/bajas-militares-en-colombia\/","og_locale":"en_US","og_type":"article","og_title":"Bajas Militares en Colombia","og_description":"Un tercer militar muri\u00f3 este s\u00e1bado a consecuencia del ataque con drones cargados con explosivos perpetrado en v\u00edspera contra un batall\u00f3n del Ej\u00e9rcito colombiano en el municipio de Oca\u00f1a, en el departamento Norte de Santander, fronterizo con Venezuela, inform\u00f3 el Ministerio de Defensa.","og_url":"https:\/\/www.americanonewspaper.com\/es\/colombia\/bajas-militares-en-colombia\/","og_site_name":"Americano Newspaper","article_publisher":"https:\/\/www.facebook.com\/AmericanoNewspaper\/","article_published_time":"2026-09-05T23:17:27+00:00","article_modified_time":"2026-09-05T23:17:33+00:00","og_image":[{"width":560,"height":418,"url":"https:\/\/www.americanonewspaper.com\/es\/wp-content\/uploads\/2026\/09\/ColombianoM.jpeg","type":"image\/jpeg"}],"author":"Author","twitter_card":"summary_large_image","twitter_misc":{"Written by":"Author","Est. reading time":"4 minutes"},"schema":{"@context":"https:\/\/schema.org","@graph":[{"@type":"Article","@id":"https:\/\/www.americanonewspaper.com\/es\/colombia\/bajas-militares-en-colombia\/#article","isPartOf":{"@id":"https:\/\/www.americanonewspaper.com\/es\/colombia\/bajas-militares-en-colombia\/"},"author":{"name":"Author","@id":"https:\/\/www.americanonewspaper.com\/es\/#\/schema\/person\/8967f6b8af7e37bcbbe61f68580ff088"},"headline":"Bajas Militares en Colombia","datePublished":"2026-09-05T23:17:27+00:00","dateModified":"2026-09-05T23:17:33+00:00","mainEntityOfPage":{"@id":"https:\/\/www.americanonewspaper.com\/es\/colombia\/bajas-militares-en-colombia\/"},"wordCount":456,"commentCount":0,"publisher":{"@id":"https:\/\/www.americanonewspaper.com\/es\/#organization"},"image":{"@id":"https:\/\/www.americanonewspaper.com\/es\/colombia\/bajas-militares-en-colombia\/#primaryimage"},"thumbnailUrl":"https:\/\/www.americanonewspaper.com\/es\/wp-content\/uploads\/2026\/09\/ColombianoM.jpeg","articleSection":["Colombia","Guerra"],"inLanguage":"en-US","potentialAction":[{"@type":"CommentAction","name":"Comment","target":["https:\/\/www.americanonewspaper.com\/es\/colombia\/bajas-militares-en-colombia\/#respond"]}]},{"@type":"WebPage","@id":"https:\/\/www.americanonewspaper.com\/es\/colombia\/bajas-militares-en-colombia\/","url":"https:\/\/www.americanonewspaper.com\/es\/colombia\/bajas-militares-en-colombia\/","name":"Bajas Militares en Colombia - Americano Newspaper","isPartOf":{"@id":"https:\/\/www.americanonewspaper.com\/es\/#website"},"primaryImageOfPage":{"@id":"https:\/\/www.americanonewspaper.com\/es\/colombia\/bajas-militares-en-colombia\/#primaryimage"},"image":{"@id":"https:\/\/www.americanonewspaper.com\/es\/colombia\/bajas-militares-en-colombia\/#primaryimage"},"thumbnailUrl":"https:\/\/www.americanonewspaper.com\/es\/wp-content\/uploads\/2026\/09\/ColombianoM.jpeg","datePublished":"2026-09-05T23:17:27+00:00","dateModified":"2026-09-05T23:17:33+00:00","description":"Un tercer militar muri\u00f3 este s\u00e1bado a consecuencia del ataque con drones cargados con explosivos perpetrado en v\u00edspera contra un batall\u00f3n del Ej\u00e9rcito colombiano en el municipio de Oca\u00f1a, en el departamento Norte de Santander, fronterizo con Venezuela, inform\u00f3 el Ministerio de Defensa.","breadcrumb":{"@id":"https:\/\/www.americanonewspaper.com\/es\/colombia\/bajas-militares-en-colombia\/#breadcrumb"},"inLanguage":"en-US","potentialAction":[{"@type":"ReadAction","target":["https:\/\/www.americanonewspaper.com\/es\/colombia\/bajas-militares-en-colombia\/"]}]},{"@type":"ImageObject","inLanguage":"en-US","@id":"https:\/\/www.americanonewspaper.com\/es\/colombia\/bajas-militares-en-colombia\/#primaryimage","url":"https:\/\/www.americanonewspaper.com\/es\/wp-content\/uploads\/2026\/09\/ColombianoM.jpeg","contentUrl":"https:\/\/www.americanonewspaper.com\/es\/wp-content\/uploads\/2026\/09\/ColombianoM.jpeg","width":560,"height":418,"caption":"Fotograf\u00eda cedida por el ministerio de Defensa de Colombia que muestra a su titular Jorge Eduardo Mora (d), saludando a militares esta s\u00e1bado, durante su vista a Oca\u00f1a (Colombia). EFE\/ Ministerio de Defensa"},{"@type":"BreadcrumbList","@id":"https:\/\/www.americanonewspaper.com\/es\/colombia\/bajas-militares-en-colombia\/#breadcrumb","itemListElement":[{"@type":"ListItem","position":1,"name":"Home","item":"https:\/\/www.americanonewspaper.com\/es\/"},{"@type":"ListItem","position":2,"name":"Bajas Militares en Colombia"}]},{"@type":"WebSite","@id":"https:\/\/www.americanonewspaper.com\/es\/#website","url":"https:\/\/www.americanonewspaper.com\/es\/","name":"Americano Newspaper","description":"The Hispanic Newspaper of New Jersey.","publisher":{"@id":"https:\/\/www.americanonewspaper.com\/es\/#organization"},"potentialAction":[{"@type":"SearchAction","target":{"@type":"EntryPoint","urlTemplate":"https:\/\/www.americanonewspaper.com\/es\/?s={search_term_string}"},"query-input":{"@type":"PropertyValueSpecification","valueRequired":true,"valueName":"search_term_string"}}],"inLanguage":"en-US"},{"@type":"Organization","@id":"https:\/\/www.americanonewspaper.com\/es\/#organization","name":"Americano Newspaper","url":"https:\/\/www.americanonewspaper.com\/es\/","logo":{"@type":"ImageObject","inLanguage":"en-US","@id":"https:\/\/www.americanonewspaper.com\/es\/#\/schema\/logo\/image\/","url":"https:\/\/www.americanonewspaper.com\/es\/wp-content\/uploads\/2024\/05\/AmericanoLogoCircle.comCircle2.jpg","contentUrl":"https:\/\/www.americanonewspaper.com\/es\/wp-content\/uploads\/2024\/05\/AmericanoLogoCircle.comCircle2.jpg","width":600,"height":600,"caption":"Americano Newspaper"},"image":{"@id":"https:\/\/www.americanonewspaper.com\/es\/#\/schema\/logo\/image\/"},"sameAs":["https:\/\/www.facebook.com\/AmericanoNewspaper\/"]},{"@type":"Person","@id":"https:\/\/www.americanonewspaper.com\/es\/#\/schema\/person\/8967f6b8af7e37bcbbe61f68580ff088","name":"Author","image":{"@type":"ImageObject","inLanguage":"en-US","@id":"https:\/\/www.americanonewspaper.com\/es\/wp-content\/litespeed\/avatar\/89ffaf6af3cf6769ffb3c6efb2313947.jpg?ver=1788535513","url":"https:\/\/www.americanonewspaper.com\/es\/wp-content\/litespeed\/avatar\/89ffaf6af3cf6769ffb3c6efb2313947.jpg?ver=1788535513","contentUrl":"https:\/\/www.americanonewspaper.com\/es\/wp-content\/litespeed\/avatar\/89ffaf6af3cf6769ffb3c6efb2313947.jpg?ver=1788535513","caption":"Author"},"url":"https:\/\/www.americanonewspaper.com\/es\/author\/americano\/"}]}},"jetpack_publicize_connections":[],"featured_image_urls":{"full":["https:\/\/www.americanonewspaper.com\/es\/wp-content\/uploads\/2026\/09\/ColombianoM.jpeg",560,418,false],"thumbnail":["https:\/\/www.americanonewspaper.com\/es\/wp-content\/uploads\/2026\/09\/ColombianoM-250x250.jpeg",250,250,true],"medium":["https:\/\/www.americanonewspaper.com\/es\/wp-content\/uploads\/2026\/09\/ColombianoM-300x224.jpeg",300,224,true],"medium_large":["https:\/\/www.americanonewspaper.com\/es\/wp-content\/uploads\/2026\/09\/ColombianoM.jpeg",560,418,false],"large":["https:\/\/www.americanonewspaper.com\/es\/wp-content\/uploads\/2026\/09\/ColombianoM.jpeg",560,418,false],"1536x1536":["https:\/\/www.americanonewspaper.com\/es\/wp-content\/uploads\/2026\/09\/ColombianoM.jpeg",560,418,false],"2048x2048":["https:\/\/www.americanonewspaper.com\/es\/wp-content\/uploads\/2026\/09\/ColombianoM.jpeg",560,418,false],"td_150x0":["https:\/\/www.americanonewspaper.com\/es\/wp-content\/uploads\/2026\/09\/ColombianoM-150x112.jpeg",150,112,true],"td_218x150":["https:\/\/www.americanonewspaper.com\/es\/wp-content\/uploads\/2026\/09\/ColombianoM-218x150.jpeg",218,150,true],"td_300x0":["https:\/\/www.americanonewspaper.com\/es\/wp-content\/uploads\/2026\/09\/ColombianoM-300x224.jpeg",300,224,true],"td_324x400":["https:\/\/www.americanonewspaper.com\/es\/wp-content\/uploads\/2026\/09\/ColombianoM-324x400.jpeg",324,400,true],"td_485x360":["https:\/\/www.americanonewspaper.com\/es\/wp-content\/uploads\/2026\/09\/ColombianoM-485x360.jpeg",485,360,true],"td_696x0":["https:\/\/www.americanonewspaper.com\/es\/wp-content\/uploads\/2026\/09\/ColombianoM.jpeg",560,418,false],"td_1068x0":["https:\/\/www.americanonewspaper.com\/es\/wp-content\/uploads\/2026\/09\/ColombianoM.jpeg",560,418,false],"td_1920x0":["https:\/\/www.americanonewspaper.com\/es\/wp-content\/uploads\/2026\/09\/ColombianoM.jpeg",560,418,false],"bdpp-medium":["https:\/\/www.americanonewspaper.com\/es\/wp-content\/uploads\/2026\/09\/ColombianoM.jpeg",560,418,false]},"author_info":{"display_name":"Author","author_link":"https:\/\/www.americanonewspaper.com\/es\/author\/americano\/"},"category_info":"<a href=\"https:\/\/www.americanonewspaper.com\/es\/category\/colombia\/\" rel=\"category tag\">Colombia<\/a> <a href=\"https:\/\/www.americanonewspaper.com\/es\/category\/guerra\/\" rel=\"category tag\">Guerra<\/a>","tag_info":"Guerra","comment_count":"0","jetpack_sharing_enabled":true,"jetpack_likes_enabled":true,"jetpack_featured_media_url":"https:\/\/www.americanonewspaper.com\/es\/wp-content\/uploads\/2026\/09\/ColombianoM.jpeg","_links":{"self":[{"href":"https:\/\/www.americanonewspaper.com\/es\/wp-json\/wp\/v2\/posts\/33820","targetHints":{"allow":["GET"]}}],"collection":[{"href":"https:\/\/www.americanonewspaper.com\/es\/wp-json\/wp\/v2\/posts"}],"about":[{"href":"https:\/\/www.americanonewspaper.com\/es\/wp-json\/wp\/v2\/types\/post"}],"author":[{"embeddable":true,"href":"https:\/\/www.americanonewspaper.com\/es\/wp-json\/wp\/v2\/users\/7"}],"replies":[{"embeddable":true,"href":"https:\/\/www.americanonewspaper.com\/es\/wp-json\/wp\/v2\/comments?post=33820"}],"version-history":[{"count":1,"href":"https:\/\/www.americanonewspaper.com\/es\/wp-json\/wp\/v2\/posts\/33820\/revisions"}],"predecessor-version":[{"id":33828,"href":"https:\/\/www.americanonewspaper.com\/es\/wp-json\/wp\/v2\/posts\/33820\/revisions\/33828"}],"wp:featuredmedia":[{"embeddable":true,"href":"https:\/\/www.americanonewspaper.com\/es\/wp-json\/wp\/v2\/media\/33821"}],"wp:attachment":[{"href":"https:\/\/www.americanonewspaper.com\/es\/wp-json\/wp\/v2\/media?parent=33820"}],"wp:term":[{"taxonomy":"category","embeddable":true,"href":"https:\/\/www.americanonewspaper.com\/es\/wp-json\/wp\/v2\/categories?post=33820"},{"taxonomy":"post_tag","embeddable":true,"href":"https:\/\/www.americanonewspaper.com\/es\/wp-json\/wp\/v2\/tags?post=33820"}],"curies":[{"name":"wp","href":"https:\/\/api.w.org\/{rel}","templated":true}]}}