{"id":33804,"date":"2026-09-04T20:25:43","date_gmt":"2026-09-05T00:25:43","guid":{"rendered":"https:\/\/www.americanonewspaper.com\/es\/?p=33804"},"modified":"2026-09-05T09:59:13","modified_gmt":"2026-09-05T13:59:13","slug":"el-psg-renueva-a-fabian-hasta-2028","status":"publish","type":"post","link":"https:\/\/www.americanonewspaper.com\/es\/psg\/el-psg-renueva-a-fabian-hasta-2028\/","title":{"rendered":"El PSG con Fabi\u00e1n Ruiz hasta 2028"},"content":{"rendered":"\n<p class=\"wp-block-paragraph\">Redacci\u00f3n deportes, 4 sep (EFE).<\/p>\n\n\n\n<p class=\"dropcapp3 wp-block-paragraph\"> El Par\u00eds Saint-Germain ha renovado a Fabi\u00e1n Ruiz hasta 2028 y a Willian Pacho, Joao Neves, Lucas Beraldo y Senny Mayulu hasta 2031, seg\u00fan comunic\u00f3 este viernes antes del inicio del partido de la liga francesa contra el M\u00f3naco en el Parque de los Pr\u00edncipes.<\/p>\n\n\n\n<figure class=\"wp-block-image size-full\"><img fetchpriority=\"high\" decoding=\"async\" width=\"560\" height=\"269\" src=\"https:\/\/www.americanonewspaper.com\/es\/wp-content\/uploads\/2026\/09\/GGlSpanish.jpg\" alt=\"\" class=\"wp-image-33811\" srcset=\"https:\/\/www.americanonewspaper.com\/es\/wp-content\/uploads\/2026\/09\/GGlSpanish.jpg 560w, https:\/\/www.americanonewspaper.com\/es\/wp-content\/uploads\/2026\/09\/GGlSpanish-300x144-1.jpg 300w, https:\/\/www.americanonewspaper.com\/es\/wp-content\/uploads\/2026\/09\/GGlSpanish-150x72.jpg 150w, https:\/\/www.americanonewspaper.com\/es\/wp-content\/uploads\/2026\/09\/GGlSpanish-323x155.jpg 323w\" sizes=\"(max-width: 560px) 100vw, 560px\" \/><figcaption class=\"wp-element-caption\">Screenshot<\/figcaption><\/figure>\n\n\n\n<p class=\"wp-block-paragraph\">El campe\u00f3n del mundo espa\u00f1ol ha ampliado su v\u00ednculo con el conjunto parisino por dos a\u00f1os m\u00e1s. Ya ha disputado 172 partidos con el equipo franc\u00e9s, al que lleg\u00f3 en el verano de 2022 por 22 millones de euros procedente del N\u00e1poles, que lo hab\u00eda contratado en 2018 al Betis por 30.<\/p>\n\n\n\n<figure class=\"wp-block-image size-large\" style=\"max-width:560px\"><img decoding=\"async\" width=\"750\" height=\"500\" src=\"https:\/\/www.americanonewspaper.com\/es\/wp-content\/uploads\/2026\/01\/04972b744561aec777369adfd32ecf8c456cea7bminiw-750x500.jpg\" alt=\"\" class=\"wp-image-30696\" srcset=\"https:\/\/www.americanonewspaper.com\/es\/wp-content\/uploads\/2026\/01\/04972b744561aec777369adfd32ecf8c456cea7bminiw-750x500.jpg 750w, https:\/\/www.americanonewspaper.com\/es\/wp-content\/uploads\/2026\/01\/04972b744561aec777369adfd32ecf8c456cea7bminiw-300x200.jpg 300w, https:\/\/www.americanonewspaper.com\/es\/wp-content\/uploads\/2026\/01\/04972b744561aec777369adfd32ecf8c456cea7bminiw-768x512.jpg 768w, https:\/\/www.americanonewspaper.com\/es\/wp-content\/uploads\/2026\/01\/04972b744561aec777369adfd32ecf8c456cea7bminiw-150x100.jpg 150w, https:\/\/www.americanonewspaper.com\/es\/wp-content\/uploads\/2026\/01\/04972b744561aec777369adfd32ecf8c456cea7bminiw-696x464.jpg 696w, https:\/\/www.americanonewspaper.com\/es\/wp-content\/uploads\/2026\/01\/04972b744561aec777369adfd32ecf8c456cea7bminiw.jpg 900w\" sizes=\"(max-width: 750px) 100vw, 750px\" \/><figcaption class=\"wp-element-caption\">Foto de archivo del centrocampista del Barcelona Dro Fern\u00e1ndez (d), traspasado al PSG. EFE\/ Siu Wu<\/figcaption><\/figure>\n\n\n\n<p class=\"wp-block-paragraph\">Desde entonces, Fabi\u00e1n Ruiz ha sido campe\u00f3n de 14 t\u00edtulos con el PSG.<\/p>\n\n\n\n<figure class=\"wp-block-image size-full\"><a href=\"https:\/\/www.linkedin.com\/in\/jaimeberrios\/\" target=\"_blank\" rel=\" noopener\"><img decoding=\"async\" width=\"560\" height=\"257\" src=\"https:\/\/www.americanonewspaper.com\/es\/wp-content\/uploads\/2026\/09\/Jaime-copy-2.jpg\" alt=\"Autos Nuevos y Usados\" class=\"wp-image-33792\" srcset=\"https:\/\/www.americanonewspaper.com\/es\/wp-content\/uploads\/2026\/09\/Jaime-copy-2.jpg 560w, https:\/\/www.americanonewspaper.com\/es\/wp-content\/uploads\/2026\/09\/Jaime-copy-2-300x138.jpg 300w, https:\/\/www.americanonewspaper.com\/es\/wp-content\/uploads\/2026\/09\/Jaime-copy-2-150x69.jpg 150w\" sizes=\"(max-width: 560px) 100vw, 560px\" \/><\/a><figcaption class=\"wp-element-caption\">Autos Nuevos y Usados<\/figcaption><\/figure>\n\n\n\n<p class=\"wp-block-paragraph\">Sus otros cuatro compa\u00f1eros van m\u00e1s all\u00e1 en su nuevo contrato, hasta 2031, en el caso de todos ellos, para consolidar la continuidad de dos futbolistas esenciales en el esquema de Luis Enrique Mart\u00ednez como Willian Pacho, de 22 a\u00f1os, internacional ecuatoriano y con 106 partidos desde su llegada a la defensa parisina en 2024, y Joao Neves, fijo en la selecci\u00f3n portuguesa, de 21 a\u00f1os, llegado en 2024 y con 100 choques.<\/p>\n\n\n\n<figure class=\"wp-block-image size-full\"><img loading=\"lazy\" decoding=\"async\" width=\"560\" height=\"373\" src=\"https:\/\/www.americanonewspaper.com\/es\/wp-content\/uploads\/2026\/06\/William.jpeg\" alt=\"Willian Pacho, de Ecuador, controla el bal\u00f3n en un partido del grupo E del Mundial de la FIFA 2026 entre Ecuador y Alemania en el estadio MetLife de Nueva Jersey (Estados Unidos). EFE\/Octavio Guzm\u00e1n\" class=\"wp-image-32799\" srcset=\"https:\/\/www.americanonewspaper.com\/es\/wp-content\/uploads\/2026\/06\/William.jpeg 560w, https:\/\/www.americanonewspaper.com\/es\/wp-content\/uploads\/2026\/06\/William-300x200.jpeg 300w, https:\/\/www.americanonewspaper.com\/es\/wp-content\/uploads\/2026\/06\/William-150x100.jpeg 150w\" sizes=\"(max-width: 560px) 100vw, 560px\" \/><figcaption class=\"wp-element-caption\">Willian Pacho, de Ecuador, controla el bal\u00f3n en un partido del grupo E del Mundial de la FIFA 2026 entre Ecuador y Alemania en el estadio MetLife de Nueva Jersey (Estados Unidos). EFE\/Octavio Guzm\u00e1n<\/figcaption><\/figure>\n\n\n\n<figure class=\"wp-block-image size-full\"><a href=\"https:\/\/www.njng.com\/my-account\/payment-options\/payment-assistance.aspx\" target=\"_blank\" rel=\" noopener\"><img loading=\"lazy\" decoding=\"async\" width=\"560\" height=\"270\" src=\"https:\/\/www.americanonewspaper.com\/es\/wp-content\/uploads\/2026\/09\/NJNaturalGasSpanish-copy.jpg\" alt=\"Ayuda para pagar energ\u00eda\" class=\"wp-image-33794\" srcset=\"https:\/\/www.americanonewspaper.com\/es\/wp-content\/uploads\/2026\/09\/NJNaturalGasSpanish-copy.jpg 560w, https:\/\/www.americanonewspaper.com\/es\/wp-content\/uploads\/2026\/09\/NJNaturalGasSpanish-copy-300x145.jpg 300w, https:\/\/www.americanonewspaper.com\/es\/wp-content\/uploads\/2026\/09\/NJNaturalGasSpanish-copy-150x72.jpg 150w\" sizes=\"(max-width: 560px) 100vw, 560px\" \/><\/a><figcaption class=\"wp-element-caption\">Ayuda para pagar energ\u00eda<\/figcaption><\/figure>\n\n\n\n<p class=\"wp-block-paragraph\">El defensa brasile\u00f1o Lucas Beraldo, de 22 a\u00f1os, y Senny Mayulu, de 20, j\u00f3venes valores del futuro del PSG, tambi\u00e9n han ampliado su contrato hasta 2031.<\/p>\n\n\n\n<figure class=\"wp-block-image size-large\" style=\"max-width:560px\"><img loading=\"lazy\" decoding=\"async\" width=\"800\" height=\"450\" src=\"https:\/\/www.americanonewspaper.com\/es\/wp-content\/uploads\/2026\/05\/Crema-Marron-Fotografico-Belleza-Plataforma-Lanzamiento-Sitio-Web-1-3-800x450.jpg\" alt=\"\" class=\"wp-image-32362\" srcset=\"https:\/\/www.americanonewspaper.com\/es\/wp-content\/uploads\/2026\/05\/Crema-Marron-Fotografico-Belleza-Plataforma-Lanzamiento-Sitio-Web-1-3-800x450.jpg 800w, https:\/\/www.americanonewspaper.com\/es\/wp-content\/uploads\/2026\/05\/Crema-Marron-Fotografico-Belleza-Plataforma-Lanzamiento-Sitio-Web-1-3-300x169.jpg 300w, https:\/\/www.americanonewspaper.com\/es\/wp-content\/uploads\/2026\/05\/Crema-Marron-Fotografico-Belleza-Plataforma-Lanzamiento-Sitio-Web-1-3-768x432.jpg 768w, https:\/\/www.americanonewspaper.com\/es\/wp-content\/uploads\/2026\/05\/Crema-Marron-Fotografico-Belleza-Plataforma-Lanzamiento-Sitio-Web-1-3-150x84.jpg 150w, https:\/\/www.americanonewspaper.com\/es\/wp-content\/uploads\/2026\/05\/Crema-Marron-Fotografico-Belleza-Plataforma-Lanzamiento-Sitio-Web-1-3-696x391.jpg 696w, https:\/\/www.americanonewspaper.com\/es\/wp-content\/uploads\/2026\/05\/Crema-Marron-Fotografico-Belleza-Plataforma-Lanzamiento-Sitio-Web-1-3-1068x600.jpg 1068w, https:\/\/www.americanonewspaper.com\/es\/wp-content\/uploads\/2026\/05\/Crema-Marron-Fotografico-Belleza-Plataforma-Lanzamiento-Sitio-Web-1-3.jpg 1366w\" sizes=\"(max-width: 800px) 100vw, 800px\" \/><figcaption class=\"wp-element-caption\">De la mano de Demb\u00e9l\u00e9 y Luis Enrique: As\u00ed fue el dram\u00e1tico bicampeonato del PSG.<\/figcaption><\/figure>\n","protected":false},"excerpt":{"rendered":"<p>Redacci\u00f3n deportes, 4 sep (EFE). El Par\u00eds Saint-Germain ha renovado a Fabi\u00e1n Ruiz hasta 2028 y a Willian Pacho, Joao Neves, Lucas Beraldo y Senny Mayulu hasta 2031, seg\u00fan comunic\u00f3 este viernes antes del inicio del partido de la liga francesa contra el M\u00f3naco en el Parque de los Pr\u00edncipes. El campe\u00f3n del mundo espa\u00f1ol [&hellip;]<\/p>\n","protected":false},"author":2,"featured_media":33805,"comment_status":"open","ping_status":"open","sticky":false,"template":"","format":"standard","meta":{"_acf_changed":false,"tdm_status":"","tdm_grid_status":"","_jetpack_newsletter_access":"","_jetpack_dont_email_post_to_subs":false,"_jetpack_newsletter_tier_id":0,"_jetpack_memberships_contains_paywalled_content":false,"_jetpack_feature_clip_id":0,"_jetpack_memberships_contains_paid_content":false,"footnotes":"","jetpack_publicize_message":"{title}\n\n{excerpt}\n\n{url}","jetpack_publicize_feature_enabled":true,"jetpack_social_post_already_shared":false,"jetpack_social_options":{"image_generator_settings":{"template":"highway","default_image_id":0,"font":"","enabled":false,"token":"eyJpbWciOiJodHRwczpcL1wvd3d3LmFtZXJpY2Fub25ld3NwYXBlci5jb21cL2VzXC93cC1jb250ZW50XC91cGxvYWRzXC8yMDI2XC8wOVwvUFNHLmpwZyIsInR4dCI6IkVsIFBTRyByZW51ZXZhIGEgRmFiaVx1MDBlMW4gaGFzdGEgMjAyOCIsInRlbXBsYXRlIjoiaGlnaHdheSIsImZvbnQiOiIiLCJibG9nX2lkIjoyMjg2MTk1NzR9.6gPJfzrx9UdmTSbU7pd1WauTLOKQUff7RKllPA5Wj00MQ"},"version":2,"media_source":"featured-image","attached_media":[{"id":33805,"url":"https:\/\/www.americanonewspaper.com\/es\/wp-content\/uploads\/2026\/09\/PSG.jpg","type":"image\/jpeg"}]},"_wpas_customize_per_network":false,"jetpack_post_was_ever_published":false,"_members_access_role":[],"_members_access_error":""},"categories":[175,968,856],"tags":[],"class_list":["post-33804","post","type-post","status-publish","format-standard","has-post-thumbnail","category-fifa","category-liga-europa","category-psg"],"acf":[],"yoast_head":"<!-- This site is optimized with the Yoast SEO Premium plugin v28.4 (Yoast SEO v28.4) - https:\/\/yoast.com\/product\/yoast-seo-premium-wordpress\/ -->\n<title>El PSG con Fabi\u00e1n Ruiz hasta 2028 - Americano Newspaper<\/title>\n<meta name=\"description\" content=\"El Par\u00eds Saint-Germain ha renovado a Fabi\u00e1n Ruiz hasta 2028 y a Willian Pacho, Joao Neves, Lucas Beraldo y Senny Mayulu hasta 2031, seg\u00fan comunic\u00f3 este viernes antes del inicio del partido de la liga francesa contra el M\u00f3naco en el Parque de los Pr\u00edncipes\" \/>\n<meta name=\"robots\" content=\"index, follow, max-snippet:-1, max-image-preview:large, max-video-preview:-1\" \/>\n<link rel=\"canonical\" href=\"https:\/\/www.americanonewspaper.com\/es\/psg\/el-psg-renueva-a-fabian-hasta-2028\/\" \/>\n<meta property=\"og:locale\" content=\"en_US\" \/>\n<meta property=\"og:type\" content=\"article\" \/>\n<meta property=\"og:title\" content=\"El PSG con Fabi\u00e1n Ruiz hasta 2028\" \/>\n<meta property=\"og:description\" content=\"El Par\u00eds Saint-Germain ha renovado a Fabi\u00e1n Ruiz hasta 2028 y a Willian Pacho, Joao Neves, Lucas Beraldo y Senny Mayulu hasta 2031, seg\u00fan comunic\u00f3 este viernes antes del inicio del partido de la liga francesa contra el M\u00f3naco en el Parque de los Pr\u00edncipes\" \/>\n<meta property=\"og:url\" content=\"https:\/\/www.americanonewspaper.com\/es\/psg\/el-psg-renueva-a-fabian-hasta-2028\/\" \/>\n<meta property=\"og:site_name\" content=\"Americano Newspaper\" \/>\n<meta property=\"article:publisher\" content=\"https:\/\/www.facebook.com\/AmericanoNewspaper\/\" \/>\n<meta property=\"article:published_time\" content=\"2026-09-05T00:25:43+00:00\" \/>\n<meta property=\"article:modified_time\" content=\"2026-09-05T13:59:13+00:00\" \/>\n<meta property=\"og:image\" content=\"https:\/\/www.americanonewspaper.com\/es\/wp-content\/uploads\/2026\/09\/PSG.jpg\" \/>\n\t<meta property=\"og:image:width\" content=\"560\" \/>\n\t<meta property=\"og:image:height\" content=\"373\" \/>\n\t<meta property=\"og:image:type\" content=\"image\/jpeg\" \/>\n<meta name=\"author\" content=\"Isai Chiong\" \/>\n<meta name=\"twitter:card\" content=\"summary_large_image\" \/>\n<meta name=\"twitter:label1\" content=\"Written by\" \/>\n\t<meta name=\"twitter:data1\" content=\"Isai Chiong\" \/>\n\t<meta name=\"twitter:label2\" content=\"Est. reading time\" \/>\n\t<meta name=\"twitter:data2\" content=\"3 minutes\" \/>\n<script type=\"application\/ld+json\" class=\"yoast-schema-graph\">{\"@context\":\"https:\\\/\\\/schema.org\",\"@graph\":[{\"@type\":\"Article\",\"@id\":\"https:\\\/\\\/www.americanonewspaper.com\\\/es\\\/psg\\\/el-psg-renueva-a-fabian-hasta-2028\\\/#article\",\"isPartOf\":{\"@id\":\"https:\\\/\\\/www.americanonewspaper.com\\\/es\\\/psg\\\/el-psg-renueva-a-fabian-hasta-2028\\\/\"},\"author\":{\"name\":\"Isai Chiong\",\"@id\":\"https:\\\/\\\/www.americanonewspaper.com\\\/es\\\/#\\\/schema\\\/person\\\/250690dd6b4d87c1247baa2eb7f54961\"},\"headline\":\"El PSG con Fabi\u00e1n Ruiz hasta 2028\",\"datePublished\":\"2026-09-05T00:25:43+00:00\",\"dateModified\":\"2026-09-05T13:59:13+00:00\",\"mainEntityOfPage\":{\"@id\":\"https:\\\/\\\/www.americanonewspaper.com\\\/es\\\/psg\\\/el-psg-renueva-a-fabian-hasta-2028\\\/\"},\"wordCount\":309,\"commentCount\":0,\"publisher\":{\"@id\":\"https:\\\/\\\/www.americanonewspaper.com\\\/es\\\/#organization\"},\"image\":{\"@id\":\"https:\\\/\\\/www.americanonewspaper.com\\\/es\\\/psg\\\/el-psg-renueva-a-fabian-hasta-2028\\\/#primaryimage\"},\"thumbnailUrl\":\"https:\\\/\\\/www.americanonewspaper.com\\\/es\\\/wp-content\\\/uploads\\\/2026\\\/09\\\/PSG.jpg\",\"articleSection\":[\"FIFA\",\"Liga Europa\",\"PSG\"],\"inLanguage\":\"en-US\",\"potentialAction\":[{\"@type\":\"CommentAction\",\"name\":\"Comment\",\"target\":[\"https:\\\/\\\/www.americanonewspaper.com\\\/es\\\/psg\\\/el-psg-renueva-a-fabian-hasta-2028\\\/#respond\"]}]},{\"@type\":\"WebPage\",\"@id\":\"https:\\\/\\\/www.americanonewspaper.com\\\/es\\\/psg\\\/el-psg-renueva-a-fabian-hasta-2028\\\/\",\"url\":\"https:\\\/\\\/www.americanonewspaper.com\\\/es\\\/psg\\\/el-psg-renueva-a-fabian-hasta-2028\\\/\",\"name\":\"El PSG con Fabi\u00e1n Ruiz hasta 2028 - Americano Newspaper\",\"isPartOf\":{\"@id\":\"https:\\\/\\\/www.americanonewspaper.com\\\/es\\\/#website\"},\"primaryImageOfPage\":{\"@id\":\"https:\\\/\\\/www.americanonewspaper.com\\\/es\\\/psg\\\/el-psg-renueva-a-fabian-hasta-2028\\\/#primaryimage\"},\"image\":{\"@id\":\"https:\\\/\\\/www.americanonewspaper.com\\\/es\\\/psg\\\/el-psg-renueva-a-fabian-hasta-2028\\\/#primaryimage\"},\"thumbnailUrl\":\"https:\\\/\\\/www.americanonewspaper.com\\\/es\\\/wp-content\\\/uploads\\\/2026\\\/09\\\/PSG.jpg\",\"datePublished\":\"2026-09-05T00:25:43+00:00\",\"dateModified\":\"2026-09-05T13:59:13+00:00\",\"description\":\"El Par\u00eds Saint-Germain ha renovado a Fabi\u00e1n Ruiz hasta 2028 y a Willian Pacho, Joao Neves, Lucas Beraldo y Senny Mayulu hasta 2031, seg\u00fan comunic\u00f3 este viernes antes del inicio del partido de la liga francesa contra el M\u00f3naco en el Parque de los Pr\u00edncipes\",\"breadcrumb\":{\"@id\":\"https:\\\/\\\/www.americanonewspaper.com\\\/es\\\/psg\\\/el-psg-renueva-a-fabian-hasta-2028\\\/#breadcrumb\"},\"inLanguage\":\"en-US\",\"potentialAction\":[{\"@type\":\"ReadAction\",\"target\":[\"https:\\\/\\\/www.americanonewspaper.com\\\/es\\\/psg\\\/el-psg-renueva-a-fabian-hasta-2028\\\/\"]}]},{\"@type\":\"ImageObject\",\"inLanguage\":\"en-US\",\"@id\":\"https:\\\/\\\/www.americanonewspaper.com\\\/es\\\/psg\\\/el-psg-renueva-a-fabian-hasta-2028\\\/#primaryimage\",\"url\":\"https:\\\/\\\/www.americanonewspaper.com\\\/es\\\/wp-content\\\/uploads\\\/2026\\\/09\\\/PSG.jpg\",\"contentUrl\":\"https:\\\/\\\/www.americanonewspaper.com\\\/es\\\/wp-content\\\/uploads\\\/2026\\\/09\\\/PSG.jpg\",\"width\":560,\"height\":373,\"caption\":\"Willian Pacho, ante Paris Brunner, durante el PSG-M\u00f3naco de este viernes. EFE\\\/EPA\\\/YOAN VALAT\"},{\"@type\":\"BreadcrumbList\",\"@id\":\"https:\\\/\\\/www.americanonewspaper.com\\\/es\\\/psg\\\/el-psg-renueva-a-fabian-hasta-2028\\\/#breadcrumb\",\"itemListElement\":[{\"@type\":\"ListItem\",\"position\":1,\"name\":\"Home\",\"item\":\"https:\\\/\\\/www.americanonewspaper.com\\\/es\\\/\"},{\"@type\":\"ListItem\",\"position\":2,\"name\":\"El PSG con Fabi\u00e1n Ruiz hasta 2028\"}]},{\"@type\":\"WebSite\",\"@id\":\"https:\\\/\\\/www.americanonewspaper.com\\\/es\\\/#website\",\"url\":\"https:\\\/\\\/www.americanonewspaper.com\\\/es\\\/\",\"name\":\"Americano Newspaper\",\"description\":\"The Hispanic Newspaper of New Jersey.\",\"publisher\":{\"@id\":\"https:\\\/\\\/www.americanonewspaper.com\\\/es\\\/#organization\"},\"potentialAction\":[{\"@type\":\"SearchAction\",\"target\":{\"@type\":\"EntryPoint\",\"urlTemplate\":\"https:\\\/\\\/www.americanonewspaper.com\\\/es\\\/?s={search_term_string}\"},\"query-input\":{\"@type\":\"PropertyValueSpecification\",\"valueRequired\":true,\"valueName\":\"search_term_string\"}}],\"inLanguage\":\"en-US\"},{\"@type\":\"Organization\",\"@id\":\"https:\\\/\\\/www.americanonewspaper.com\\\/es\\\/#organization\",\"name\":\"Americano Newspaper\",\"url\":\"https:\\\/\\\/www.americanonewspaper.com\\\/es\\\/\",\"logo\":{\"@type\":\"ImageObject\",\"inLanguage\":\"en-US\",\"@id\":\"https:\\\/\\\/www.americanonewspaper.com\\\/es\\\/#\\\/schema\\\/logo\\\/image\\\/\",\"url\":\"https:\\\/\\\/www.americanonewspaper.com\\\/es\\\/wp-content\\\/uploads\\\/2024\\\/05\\\/AmericanoLogoCircle.comCircle2.jpg\",\"contentUrl\":\"https:\\\/\\\/www.americanonewspaper.com\\\/es\\\/wp-content\\\/uploads\\\/2024\\\/05\\\/AmericanoLogoCircle.comCircle2.jpg\",\"width\":600,\"height\":600,\"caption\":\"Americano Newspaper\"},\"image\":{\"@id\":\"https:\\\/\\\/www.americanonewspaper.com\\\/es\\\/#\\\/schema\\\/logo\\\/image\\\/\"},\"sameAs\":[\"https:\\\/\\\/www.facebook.com\\\/AmericanoNewspaper\\\/\"]},{\"@type\":\"Person\",\"@id\":\"https:\\\/\\\/www.americanonewspaper.com\\\/es\\\/#\\\/schema\\\/person\\\/250690dd6b4d87c1247baa2eb7f54961\",\"name\":\"Isai Chiong\",\"image\":{\"@type\":\"ImageObject\",\"inLanguage\":\"en-US\",\"@id\":\"https:\\\/\\\/www.americanonewspaper.com\\\/es\\\/wp-content\\\/litespeed\\\/avatar\\\/915bd7121c0882f0e17e221d883b7da4.jpg?ver=1788542249\",\"url\":\"https:\\\/\\\/www.americanonewspaper.com\\\/es\\\/wp-content\\\/litespeed\\\/avatar\\\/915bd7121c0882f0e17e221d883b7da4.jpg?ver=1788542249\",\"contentUrl\":\"https:\\\/\\\/www.americanonewspaper.com\\\/es\\\/wp-content\\\/litespeed\\\/avatar\\\/915bd7121c0882f0e17e221d883b7da4.jpg?ver=1788542249\",\"caption\":\"Isai Chiong\"},\"url\":\"https:\\\/\\\/www.americanonewspaper.com\\\/es\\\/author\\\/isai-chiong\\\/\"}]}<\/script>\n<!-- \/ Yoast SEO Premium plugin. -->","yoast_head_json":{"title":"El PSG con Fabi\u00e1n Ruiz hasta 2028 - Americano Newspaper","description":"El Par\u00eds Saint-Germain ha renovado a Fabi\u00e1n Ruiz hasta 2028 y a Willian Pacho, Joao Neves, Lucas Beraldo y Senny Mayulu hasta 2031, seg\u00fan comunic\u00f3 este viernes antes del inicio del partido de la liga francesa contra el M\u00f3naco en el Parque de los Pr\u00edncipes","robots":{"index":"index","follow":"follow","max-snippet":"max-snippet:-1","max-image-preview":"max-image-preview:large","max-video-preview":"max-video-preview:-1"},"canonical":"https:\/\/www.americanonewspaper.com\/es\/psg\/el-psg-renueva-a-fabian-hasta-2028\/","og_locale":"en_US","og_type":"article","og_title":"El PSG con Fabi\u00e1n Ruiz hasta 2028","og_description":"El Par\u00eds Saint-Germain ha renovado a Fabi\u00e1n Ruiz hasta 2028 y a Willian Pacho, Joao Neves, Lucas Beraldo y Senny Mayulu hasta 2031, seg\u00fan comunic\u00f3 este viernes antes del inicio del partido de la liga francesa contra el M\u00f3naco en el Parque de los Pr\u00edncipes","og_url":"https:\/\/www.americanonewspaper.com\/es\/psg\/el-psg-renueva-a-fabian-hasta-2028\/","og_site_name":"Americano Newspaper","article_publisher":"https:\/\/www.facebook.com\/AmericanoNewspaper\/","article_published_time":"2026-09-05T00:25:43+00:00","article_modified_time":"2026-09-05T13:59:13+00:00","og_image":[{"width":560,"height":373,"url":"https:\/\/www.americanonewspaper.com\/es\/wp-content\/uploads\/2026\/09\/PSG.jpg","type":"image\/jpeg"}],"author":"Isai Chiong","twitter_card":"summary_large_image","twitter_misc":{"Written by":"Isai Chiong","Est. reading time":"3 minutes"},"schema":{"@context":"https:\/\/schema.org","@graph":[{"@type":"Article","@id":"https:\/\/www.americanonewspaper.com\/es\/psg\/el-psg-renueva-a-fabian-hasta-2028\/#article","isPartOf":{"@id":"https:\/\/www.americanonewspaper.com\/es\/psg\/el-psg-renueva-a-fabian-hasta-2028\/"},"author":{"name":"Isai Chiong","@id":"https:\/\/www.americanonewspaper.com\/es\/#\/schema\/person\/250690dd6b4d87c1247baa2eb7f54961"},"headline":"El PSG con Fabi\u00e1n Ruiz hasta 2028","datePublished":"2026-09-05T00:25:43+00:00","dateModified":"2026-09-05T13:59:13+00:00","mainEntityOfPage":{"@id":"https:\/\/www.americanonewspaper.com\/es\/psg\/el-psg-renueva-a-fabian-hasta-2028\/"},"wordCount":309,"commentCount":0,"publisher":{"@id":"https:\/\/www.americanonewspaper.com\/es\/#organization"},"image":{"@id":"https:\/\/www.americanonewspaper.com\/es\/psg\/el-psg-renueva-a-fabian-hasta-2028\/#primaryimage"},"thumbnailUrl":"https:\/\/www.americanonewspaper.com\/es\/wp-content\/uploads\/2026\/09\/PSG.jpg","articleSection":["FIFA","Liga Europa","PSG"],"inLanguage":"en-US","potentialAction":[{"@type":"CommentAction","name":"Comment","target":["https:\/\/www.americanonewspaper.com\/es\/psg\/el-psg-renueva-a-fabian-hasta-2028\/#respond"]}]},{"@type":"WebPage","@id":"https:\/\/www.americanonewspaper.com\/es\/psg\/el-psg-renueva-a-fabian-hasta-2028\/","url":"https:\/\/www.americanonewspaper.com\/es\/psg\/el-psg-renueva-a-fabian-hasta-2028\/","name":"El PSG con Fabi\u00e1n Ruiz hasta 2028 - Americano Newspaper","isPartOf":{"@id":"https:\/\/www.americanonewspaper.com\/es\/#website"},"primaryImageOfPage":{"@id":"https:\/\/www.americanonewspaper.com\/es\/psg\/el-psg-renueva-a-fabian-hasta-2028\/#primaryimage"},"image":{"@id":"https:\/\/www.americanonewspaper.com\/es\/psg\/el-psg-renueva-a-fabian-hasta-2028\/#primaryimage"},"thumbnailUrl":"https:\/\/www.americanonewspaper.com\/es\/wp-content\/uploads\/2026\/09\/PSG.jpg","datePublished":"2026-09-05T00:25:43+00:00","dateModified":"2026-09-05T13:59:13+00:00","description":"El Par\u00eds Saint-Germain ha renovado a Fabi\u00e1n Ruiz hasta 2028 y a Willian Pacho, Joao Neves, Lucas Beraldo y Senny Mayulu hasta 2031, seg\u00fan comunic\u00f3 este viernes antes del inicio del partido de la liga francesa contra el M\u00f3naco en el Parque de los Pr\u00edncipes","breadcrumb":{"@id":"https:\/\/www.americanonewspaper.com\/es\/psg\/el-psg-renueva-a-fabian-hasta-2028\/#breadcrumb"},"inLanguage":"en-US","potentialAction":[{"@type":"ReadAction","target":["https:\/\/www.americanonewspaper.com\/es\/psg\/el-psg-renueva-a-fabian-hasta-2028\/"]}]},{"@type":"ImageObject","inLanguage":"en-US","@id":"https:\/\/www.americanonewspaper.com\/es\/psg\/el-psg-renueva-a-fabian-hasta-2028\/#primaryimage","url":"https:\/\/www.americanonewspaper.com\/es\/wp-content\/uploads\/2026\/09\/PSG.jpg","contentUrl":"https:\/\/www.americanonewspaper.com\/es\/wp-content\/uploads\/2026\/09\/PSG.jpg","width":560,"height":373,"caption":"Willian Pacho, ante Paris Brunner, durante el PSG-M\u00f3naco de este viernes. EFE\/EPA\/YOAN VALAT"},{"@type":"BreadcrumbList","@id":"https:\/\/www.americanonewspaper.com\/es\/psg\/el-psg-renueva-a-fabian-hasta-2028\/#breadcrumb","itemListElement":[{"@type":"ListItem","position":1,"name":"Home","item":"https:\/\/www.americanonewspaper.com\/es\/"},{"@type":"ListItem","position":2,"name":"El PSG con Fabi\u00e1n Ruiz hasta 2028"}]},{"@type":"WebSite","@id":"https:\/\/www.americanonewspaper.com\/es\/#website","url":"https:\/\/www.americanonewspaper.com\/es\/","name":"Americano Newspaper","description":"The Hispanic Newspaper of New Jersey.","publisher":{"@id":"https:\/\/www.americanonewspaper.com\/es\/#organization"},"potentialAction":[{"@type":"SearchAction","target":{"@type":"EntryPoint","urlTemplate":"https:\/\/www.americanonewspaper.com\/es\/?s={search_term_string}"},"query-input":{"@type":"PropertyValueSpecification","valueRequired":true,"valueName":"search_term_string"}}],"inLanguage":"en-US"},{"@type":"Organization","@id":"https:\/\/www.americanonewspaper.com\/es\/#organization","name":"Americano Newspaper","url":"https:\/\/www.americanonewspaper.com\/es\/","logo":{"@type":"ImageObject","inLanguage":"en-US","@id":"https:\/\/www.americanonewspaper.com\/es\/#\/schema\/logo\/image\/","url":"https:\/\/www.americanonewspaper.com\/es\/wp-content\/uploads\/2024\/05\/AmericanoLogoCircle.comCircle2.jpg","contentUrl":"https:\/\/www.americanonewspaper.com\/es\/wp-content\/uploads\/2024\/05\/AmericanoLogoCircle.comCircle2.jpg","width":600,"height":600,"caption":"Americano Newspaper"},"image":{"@id":"https:\/\/www.americanonewspaper.com\/es\/#\/schema\/logo\/image\/"},"sameAs":["https:\/\/www.facebook.com\/AmericanoNewspaper\/"]},{"@type":"Person","@id":"https:\/\/www.americanonewspaper.com\/es\/#\/schema\/person\/250690dd6b4d87c1247baa2eb7f54961","name":"Isai Chiong","image":{"@type":"ImageObject","inLanguage":"en-US","@id":"https:\/\/www.americanonewspaper.com\/es\/wp-content\/litespeed\/avatar\/915bd7121c0882f0e17e221d883b7da4.jpg?ver=1788542249","url":"https:\/\/www.americanonewspaper.com\/es\/wp-content\/litespeed\/avatar\/915bd7121c0882f0e17e221d883b7da4.jpg?ver=1788542249","contentUrl":"https:\/\/www.americanonewspaper.com\/es\/wp-content\/litespeed\/avatar\/915bd7121c0882f0e17e221d883b7da4.jpg?ver=1788542249","caption":"Isai Chiong"},"url":"https:\/\/www.americanonewspaper.com\/es\/author\/isai-chiong\/"}]}},"jetpack_publicize_connections":[],"featured_image_urls":{"full":["https:\/\/www.americanonewspaper.com\/es\/wp-content\/uploads\/2026\/09\/PSG.jpg",560,373,false],"thumbnail":["https:\/\/www.americanonewspaper.com\/es\/wp-content\/uploads\/2026\/09\/PSG-250x250.jpg",250,250,true],"medium":["https:\/\/www.americanonewspaper.com\/es\/wp-content\/uploads\/2026\/09\/PSG-300x200.jpg",300,200,true],"medium_large":["https:\/\/www.americanonewspaper.com\/es\/wp-content\/uploads\/2026\/09\/PSG.jpg",560,373,false],"large":["https:\/\/www.americanonewspaper.com\/es\/wp-content\/uploads\/2026\/09\/PSG.jpg",560,373,false],"1536x1536":["https:\/\/www.americanonewspaper.com\/es\/wp-content\/uploads\/2026\/09\/PSG.jpg",560,373,false],"2048x2048":["https:\/\/www.americanonewspaper.com\/es\/wp-content\/uploads\/2026\/09\/PSG.jpg",560,373,false],"td_150x0":["https:\/\/www.americanonewspaper.com\/es\/wp-content\/uploads\/2026\/09\/PSG-150x100.jpg",150,100,true],"td_218x150":["https:\/\/www.americanonewspaper.com\/es\/wp-content\/uploads\/2026\/09\/PSG-218x150.jpg",218,150,true],"td_300x0":["https:\/\/www.americanonewspaper.com\/es\/wp-content\/uploads\/2026\/09\/PSG-300x200.jpg",300,200,true],"td_324x400":["https:\/\/www.americanonewspaper.com\/es\/wp-content\/uploads\/2026\/09\/PSG-324x373.jpg",324,373,true],"td_485x360":["https:\/\/www.americanonewspaper.com\/es\/wp-content\/uploads\/2026\/09\/PSG-485x360.jpg",485,360,true],"td_696x0":["https:\/\/www.americanonewspaper.com\/es\/wp-content\/uploads\/2026\/09\/PSG.jpg",560,373,false],"td_1068x0":["https:\/\/www.americanonewspaper.com\/es\/wp-content\/uploads\/2026\/09\/PSG.jpg",560,373,false],"td_1920x0":["https:\/\/www.americanonewspaper.com\/es\/wp-content\/uploads\/2026\/09\/PSG.jpg",560,373,false],"bdpp-medium":["https:\/\/www.americanonewspaper.com\/es\/wp-content\/uploads\/2026\/09\/PSG.jpg",560,373,false]},"author_info":{"display_name":"Isai Chiong","author_link":"https:\/\/www.americanonewspaper.com\/es\/author\/isai-chiong\/"},"category_info":"<a href=\"https:\/\/www.americanonewspaper.com\/es\/category\/fifa\/\" rel=\"category tag\">FIFA<\/a> <a href=\"https:\/\/www.americanonewspaper.com\/es\/category\/fifa\/liga-europa\/\" rel=\"category tag\">Liga Europa<\/a> <a href=\"https:\/\/www.americanonewspaper.com\/es\/category\/psg\/\" rel=\"category tag\">PSG<\/a>","tag_info":"PSG","comment_count":"0","jetpack_sharing_enabled":true,"jetpack_likes_enabled":true,"jetpack_featured_media_url":"https:\/\/www.americanonewspaper.com\/es\/wp-content\/uploads\/2026\/09\/PSG.jpg","_links":{"self":[{"href":"https:\/\/www.americanonewspaper.com\/es\/wp-json\/wp\/v2\/posts\/33804","targetHints":{"allow":["GET"]}}],"collection":[{"href":"https:\/\/www.americanonewspaper.com\/es\/wp-json\/wp\/v2\/posts"}],"about":[{"href":"https:\/\/www.americanonewspaper.com\/es\/wp-json\/wp\/v2\/types\/post"}],"author":[{"embeddable":true,"href":"https:\/\/www.americanonewspaper.com\/es\/wp-json\/wp\/v2\/users\/2"}],"replies":[{"embeddable":true,"href":"https:\/\/www.americanonewspaper.com\/es\/wp-json\/wp\/v2\/comments?post=33804"}],"version-history":[{"count":4,"href":"https:\/\/www.americanonewspaper.com\/es\/wp-json\/wp\/v2\/posts\/33804\/revisions"}],"predecessor-version":[{"id":33814,"href":"https:\/\/www.americanonewspaper.com\/es\/wp-json\/wp\/v2\/posts\/33804\/revisions\/33814"}],"wp:featuredmedia":[{"embeddable":true,"href":"https:\/\/www.americanonewspaper.com\/es\/wp-json\/wp\/v2\/media\/33805"}],"wp:attachment":[{"href":"https:\/\/www.americanonewspaper.com\/es\/wp-json\/wp\/v2\/media?parent=33804"}],"wp:term":[{"taxonomy":"category","embeddable":true,"href":"https:\/\/www.americanonewspaper.com\/es\/wp-json\/wp\/v2\/categories?post=33804"},{"taxonomy":"post_tag","embeddable":true,"href":"https:\/\/www.americanonewspaper.com\/es\/wp-json\/wp\/v2\/tags?post=33804"}],"curies":[{"name":"wp","href":"https:\/\/api.w.org\/{rel}","templated":true}]}}