{"id":33789,"date":"2026-09-04T09:31:46","date_gmt":"2026-09-04T13:31:46","guid":{"rendered":"https:\/\/www.americanonewspaper.com\/es\/?p=33789"},"modified":"2026-09-04T09:31:53","modified_gmt":"2026-09-04T13:31:53","slug":"beyonce-canta-con-maluma-en-espanol","status":"publish","type":"post","link":"https:\/\/www.americanonewspaper.com\/es\/farandula\/beyonce-canta-con-maluma-en-espanol\/","title":{"rendered":"Beyonc\u00e9 canta con Maluma en espa\u00f1ol."},"content":{"rendered":"\n<p class=\"wp-block-paragraph\">Redacci\u00f3n Internacional, 04 sep (EFE).- <\/p>\n\n\n\n<p class=\"dropcapp3 wp-block-paragraph\">La cantante y compositora Beyonc\u00e9 celebra hoy su cumplea\u00f1os con el lanzamiento de una nueva edici\u00f3n del disco &#8216;B&#8217;DAY&#8217;, el segundo \u00e1lbum de su carrera, que vio hoy hace veinte a\u00f1os, y que incluye nuevas canciones y temas en espa\u00f1ol con colaboraciones con Maluma y la fallecida Selena.<\/p>\n\n\n\n<figure class=\"wp-block-image size-large\"><a href=\"https:\/\/ggllawyers.com\/es\/new-jersey-personal-injury-and-workers-compensation-lawyer\/\" target=\"_blank\" rel=\" noopener\"><img fetchpriority=\"high\" decoding=\"async\" width=\"800\" height=\"98\" src=\"https:\/\/www.americanonewspaper.com\/es\/wp-content\/uploads\/2026\/09\/GGQR-PHOTO-800x98.jpg\" alt=\"Abogados de Accidentes\" class=\"wp-image-33791\" srcset=\"https:\/\/www.americanonewspaper.com\/es\/wp-content\/uploads\/2026\/09\/GGQR-PHOTO-800x98.jpg 800w, https:\/\/www.americanonewspaper.com\/es\/wp-content\/uploads\/2026\/09\/GGQR-PHOTO-300x37.jpg 300w, https:\/\/www.americanonewspaper.com\/es\/wp-content\/uploads\/2026\/09\/GGQR-PHOTO-768x95.jpg 768w, https:\/\/www.americanonewspaper.com\/es\/wp-content\/uploads\/2026\/09\/GGQR-PHOTO-1536x189.jpg 1536w, https:\/\/www.americanonewspaper.com\/es\/wp-content\/uploads\/2026\/09\/GGQR-PHOTO-150x18.jpg 150w, https:\/\/www.americanonewspaper.com\/es\/wp-content\/uploads\/2026\/09\/GGQR-PHOTO-696x86.jpg 696w, https:\/\/www.americanonewspaper.com\/es\/wp-content\/uploads\/2026\/09\/GGQR-PHOTO-1068x131.jpg 1068w, https:\/\/www.americanonewspaper.com\/es\/wp-content\/uploads\/2026\/09\/GGQR-PHOTO-1920x236.jpg 1920w, https:\/\/www.americanonewspaper.com\/es\/wp-content\/uploads\/2026\/09\/GGQR-PHOTO.jpg 1982w\" sizes=\"(max-width: 800px) 100vw, 800px\" \/><\/a><figcaption class=\"wp-element-caption\">Abogados de Accidentes<\/figcaption><\/figure>\n\n\n\n<figure class=\"wp-block-image size-full\" style=\"max-width:560px\"><img decoding=\"async\" width=\"900\" height=\"600\" src=\"https:\/\/www.americanonewspaper.com\/es\/wp-content\/uploads\/2023\/04\/Maluma.jpg\" alt=\"\" class=\"wp-image-15602\" srcset=\"https:\/\/www.americanonewspaper.com\/es\/wp-content\/uploads\/2023\/04\/Maluma.jpg 900w, https:\/\/www.americanonewspaper.com\/es\/wp-content\/uploads\/2023\/04\/Maluma-300x200.jpg 300w, https:\/\/www.americanonewspaper.com\/es\/wp-content\/uploads\/2023\/04\/Maluma-768x512.jpg 768w, https:\/\/www.americanonewspaper.com\/es\/wp-content\/uploads\/2023\/04\/Maluma-370x247.jpg 370w, https:\/\/www.americanonewspaper.com\/es\/wp-content\/uploads\/2023\/04\/Maluma-270x180.jpg 270w, https:\/\/www.americanonewspaper.com\/es\/wp-content\/uploads\/2023\/04\/Maluma-570x380.jpg 570w, https:\/\/www.americanonewspaper.com\/es\/wp-content\/uploads\/2023\/04\/Maluma-750x500.jpg 750w, https:\/\/www.americanonewspaper.com\/es\/wp-content\/uploads\/2023\/04\/Maluma-740x493.jpg 740w\" sizes=\"(max-width: 900px) 100vw, 900px\" \/><figcaption class=\"wp-element-caption\">Fotograf\u00eda cedida hoy por la Fundaci\u00f3n Playing for Change (PFCF) donde aparece el cantante colombiano Maluma mientras habla despu\u00e9s de recibir un premio por su impacto filantr\u00f3pico con su fundaci\u00f3n &#8220;El Arte de los Sue\u00f1os&#8221;, durante la gala de los premios Impact celebrada el 29 de abril de 2023, en Miami, Florida (EE.UU). EFE\/Playing for Change Foundation<br><\/figcaption><\/figure>\n\n\n\n<p class=\"wp-block-paragraph\">El disco, bautizado como &#8216;B&#8217;DAY (20th Anniversary Edition)&#8217;, est\u00e1 disponible en todas las plataformas digitales. El proyecto incluye el tema &#8216;Cuerpo (Tumbao)&#8217; junto a Maluma, que incluye un fragmento de &#8216;La Negra Tiene Tumbao&#8217; de Celia Cruz y en el que Beyonce canta estrofas en espa\u00f1ol.<\/p>\n\n\n\n<p class=\"wp-block-paragraph\">Beyonc\u00e9 tambi\u00e9n rinde homenaje a la cantante Selena Quintanilla, con el tema &#8216;Irreemplazable (Como La Flor)&#8217; en el que su voz suena junto a la artista fallecida.<\/p>\n\n\n\n<figure class=\"wp-block-image size-full\"><a href=\"https:\/\/www.linkedin.com\/in\/jaimeberrios\/\" target=\"_blank\" rel=\" noopener\"><img decoding=\"async\" width=\"560\" height=\"257\" src=\"https:\/\/www.americanonewspaper.com\/es\/wp-content\/uploads\/2026\/09\/Jaime-copy-2.jpg\" alt=\"Autos Nuevos y Usados\" class=\"wp-image-33792\" srcset=\"https:\/\/www.americanonewspaper.com\/es\/wp-content\/uploads\/2026\/09\/Jaime-copy-2.jpg 560w, https:\/\/www.americanonewspaper.com\/es\/wp-content\/uploads\/2026\/09\/Jaime-copy-2-300x138.jpg 300w, https:\/\/www.americanonewspaper.com\/es\/wp-content\/uploads\/2026\/09\/Jaime-copy-2-150x69.jpg 150w\" sizes=\"(max-width: 560px) 100vw, 560px\" \/><\/a><figcaption class=\"wp-element-caption\">Autos Nuevos y Usados<\/figcaption><\/figure>\n\n\n\n<p class=\"wp-block-paragraph\">El nuevo disco incluye canciones remasterizadas. Los v\u00eddeos, filmados originalmente en 35mm, han sido remasterizados igualmente, recoloreados como &#8216;D\u00e9j\u00e0 Vu&#8217;, en el que participa JAY-Z y que dirigi\u00f3 Sophie Muller.<\/p>\n\n\n\n<p class=\"wp-block-paragraph\">&#8216;B\u2019DAY&#8217;, el proyecto original, se public\u00f3 el 4 de septiembre de 2006, cuando ten\u00eda 25 a\u00f1os y exploraba en sus canciones cuestiones como la b\u00fasqueda de la confianza en uno mismo o la liberaci\u00f3n.<\/p>\n\n\n\n<figure class=\"wp-block-image size-full\"><a href=\"https:\/\/www.thehighlandsnj.com\/\" target=\"_blank\" rel=\" noopener\"><img loading=\"lazy\" decoding=\"async\" width=\"560\" height=\"300\" src=\"https:\/\/www.americanonewspaper.com\/es\/wp-content\/uploads\/2026\/09\/Apartamentos-copy.jpg\" alt=\"Apartamentos Asequibles para Alquilar\" class=\"wp-image-33793\" srcset=\"https:\/\/www.americanonewspaper.com\/es\/wp-content\/uploads\/2026\/09\/Apartamentos-copy.jpg 560w, https:\/\/www.americanonewspaper.com\/es\/wp-content\/uploads\/2026\/09\/Apartamentos-copy-300x161.jpg 300w, https:\/\/www.americanonewspaper.com\/es\/wp-content\/uploads\/2026\/09\/Apartamentos-copy-150x80.jpg 150w\" sizes=\"(max-width: 560px) 100vw, 560px\" \/><\/a><figcaption class=\"wp-element-caption\">Apartamentos Asequibles para Alquilar<\/figcaption><\/figure>\n\n\n\n<p class=\"wp-block-paragraph\">&#8220;Quer\u00eda que el \u00e1lbum fuera grande, percusivo, contundente, din\u00e1mico y lleno de energ\u00eda, y para m\u00ed era importante utilizar instrumentaci\u00f3n en directo\u201d, recuerda la cantante en una nota de la discogr\u00e1fica.<\/p>\n\n\n\n<p class=\"wp-block-paragraph\">&#8220;El hip-hop estaba dominando la escena en aquel momento, pero yo luchaba por preservar los puentes, las melod\u00edas y las armon\u00edas que siempre han estado en el coraz\u00f3n del R&amp;B -a\u00f1ade-. El objetivo era fusionar esos dos mundos a trav\u00e9s del arte del sampling&#8221;.<\/p>\n\n\n\n<figure class=\"wp-block-image size-full\"><a href=\"https:\/\/www.njng.com\/my-account\/payment-options\/payment-assistance.aspx\" target=\"_blank\" rel=\" noopener\"><img loading=\"lazy\" decoding=\"async\" width=\"560\" height=\"270\" src=\"https:\/\/www.americanonewspaper.com\/es\/wp-content\/uploads\/2026\/09\/NJNaturalGasSpanish-copy.jpg\" alt=\"Ayuda para pagar energ\u00eda\" class=\"wp-image-33794\" srcset=\"https:\/\/www.americanonewspaper.com\/es\/wp-content\/uploads\/2026\/09\/NJNaturalGasSpanish-copy.jpg 560w, https:\/\/www.americanonewspaper.com\/es\/wp-content\/uploads\/2026\/09\/NJNaturalGasSpanish-copy-300x145.jpg 300w, https:\/\/www.americanonewspaper.com\/es\/wp-content\/uploads\/2026\/09\/NJNaturalGasSpanish-copy-150x72.jpg 150w\" sizes=\"(max-width: 560px) 100vw, 560px\" \/><\/a><figcaption class=\"wp-element-caption\">Ayuda para pagar energ\u00eda<\/figcaption><\/figure>\n","protected":false},"excerpt":{"rendered":"<p>Redacci\u00f3n Internacional, 04 sep (EFE).- La cantante y compositora Beyonc\u00e9 celebra hoy su cumplea\u00f1os con el lanzamiento de una nueva edici\u00f3n del disco &#8216;B&#8217;DAY&#8217;, el segundo \u00e1lbum de su carrera, que vio hoy hace veinte a\u00f1os, y que incluye nuevas canciones y temas en espa\u00f1ol con colaboraciones con Maluma y la fallecida Selena. El disco, [&hellip;]<\/p>\n","protected":false},"author":7,"featured_media":33790,"comment_status":"open","ping_status":"open","sticky":false,"template":"","format":"standard","meta":{"_acf_changed":false,"tdm_status":"","tdm_grid_status":"","_jetpack_newsletter_access":"","_jetpack_dont_email_post_to_subs":false,"_jetpack_newsletter_tier_id":0,"_jetpack_memberships_contains_paywalled_content":false,"_jetpack_feature_clip_id":0,"_jetpack_memberships_contains_paid_content":false,"footnotes":"","jetpack_publicize_message":"{title}\n\n{excerpt}\n\n{url}","jetpack_publicize_feature_enabled":true,"jetpack_social_post_already_shared":false,"jetpack_social_options":{"image_generator_settings":{"template":"highway","default_image_id":0,"font":"","enabled":false,"token":"eyJpbWciOiJodHRwczpcL1wvd3d3LmFtZXJpY2Fub25ld3NwYXBlci5jb21cL2VzXC93cC1jb250ZW50XC91cGxvYWRzXC8yMDI2XC8wOVwvYmV5b25jZS5qcGVnIiwidHh0IjoiQmV5b25jXHUwMGU5IGNhbnRhIGNvbiBNYWx1bWEgZW4gZXNwYVx1MDBmMW9sLiIsInRlbXBsYXRlIjoiaGlnaHdheSIsImZvbnQiOiIiLCJibG9nX2lkIjoyMjg2MTk1NzR9.N8-eH_mu9TqNrneSdYUg46b1kzpBkeSwCoaZ83C8R5MMQ"},"version":2,"media_source":"featured-image","attached_media":[{"id":33790,"url":"https:\/\/www.americanonewspaper.com\/es\/wp-content\/uploads\/2026\/09\/beyonce.jpeg","type":"image\/jpeg"}]},"_wpas_customize_per_network":false,"jetpack_post_was_ever_published":false,"_members_access_role":[],"_members_access_error":""},"categories":[554,128,527,1371,315],"tags":[],"class_list":["post-33789","post","type-post","status-publish","format-standard","has-post-thumbnail","category-beyonce","category-colombia","category-farandula","category-maluma","category-usa"],"acf":[],"yoast_head":"<!-- This site is optimized with the Yoast SEO Premium plugin v28.4 (Yoast SEO v28.4) - https:\/\/yoast.com\/product\/yoast-seo-premium-wordpress\/ -->\n<title>Beyonc\u00e9 canta con Maluma en espa\u00f1ol. - Americano Newspaper<\/title>\n<meta name=\"description\" content=\"La cantante y compositora Beyonc\u00e9 celebra hoy su cumplea\u00f1os con el lanzamiento de una nueva edici\u00f3n del disco &#039;B&#039;DAY&#039;, el segundo \u00e1lbum de su carrera, que vio hoy hace veinte a\u00f1os, y que incluye nuevas canciones y temas en espa\u00f1ol con colaboraciones con Maluma y la fallecida Selena.\" \/>\n<meta name=\"robots\" content=\"index, follow, max-snippet:-1, max-image-preview:large, max-video-preview:-1\" \/>\n<link rel=\"canonical\" href=\"https:\/\/www.americanonewspaper.com\/es\/farandula\/beyonce-canta-con-maluma-en-espanol\/\" \/>\n<meta property=\"og:locale\" content=\"en_US\" \/>\n<meta property=\"og:type\" content=\"article\" \/>\n<meta property=\"og:title\" content=\"Beyonc\u00e9 canta con Maluma en espa\u00f1ol.\" \/>\n<meta property=\"og:description\" content=\"La cantante y compositora Beyonc\u00e9 celebra hoy su cumplea\u00f1os con el lanzamiento de una nueva edici\u00f3n del disco &#039;B&#039;DAY&#039;, el segundo \u00e1lbum de su carrera, que vio hoy hace veinte a\u00f1os, y que incluye nuevas canciones y temas en espa\u00f1ol con colaboraciones con Maluma y la fallecida Selena.\" \/>\n<meta property=\"og:url\" content=\"https:\/\/www.americanonewspaper.com\/es\/farandula\/beyonce-canta-con-maluma-en-espanol\/\" \/>\n<meta property=\"og:site_name\" content=\"Americano Newspaper\" \/>\n<meta property=\"article:publisher\" content=\"https:\/\/www.facebook.com\/AmericanoNewspaper\/\" \/>\n<meta property=\"article:published_time\" content=\"2026-09-04T13:31:46+00:00\" \/>\n<meta property=\"article:modified_time\" content=\"2026-09-04T13:31:53+00:00\" \/>\n<meta property=\"og:image\" content=\"https:\/\/www.americanonewspaper.com\/es\/wp-content\/uploads\/2026\/09\/beyonce.jpeg\" \/>\n\t<meta property=\"og:image:width\" content=\"560\" \/>\n\t<meta property=\"og:image:height\" content=\"373\" \/>\n\t<meta property=\"og:image:type\" content=\"image\/jpeg\" \/>\n<meta name=\"author\" content=\"Author\" \/>\n<meta name=\"twitter:card\" content=\"summary_large_image\" \/>\n<meta name=\"twitter:label1\" content=\"Written by\" \/>\n\t<meta name=\"twitter:data1\" content=\"Author\" \/>\n\t<meta name=\"twitter:label2\" content=\"Est. reading time\" \/>\n\t<meta name=\"twitter:data2\" content=\"3 minutes\" \/>\n<script type=\"application\/ld+json\" class=\"yoast-schema-graph\">{\"@context\":\"https:\\\/\\\/schema.org\",\"@graph\":[{\"@type\":\"Article\",\"@id\":\"https:\\\/\\\/www.americanonewspaper.com\\\/es\\\/farandula\\\/beyonce-canta-con-maluma-en-espanol\\\/#article\",\"isPartOf\":{\"@id\":\"https:\\\/\\\/www.americanonewspaper.com\\\/es\\\/farandula\\\/beyonce-canta-con-maluma-en-espanol\\\/\"},\"author\":{\"name\":\"Author\",\"@id\":\"https:\\\/\\\/www.americanonewspaper.com\\\/es\\\/#\\\/schema\\\/person\\\/8967f6b8af7e37bcbbe61f68580ff088\"},\"headline\":\"Beyonc\u00e9 canta con Maluma en espa\u00f1ol.\",\"datePublished\":\"2026-09-04T13:31:46+00:00\",\"dateModified\":\"2026-09-04T13:31:53+00:00\",\"mainEntityOfPage\":{\"@id\":\"https:\\\/\\\/www.americanonewspaper.com\\\/es\\\/farandula\\\/beyonce-canta-con-maluma-en-espanol\\\/\"},\"wordCount\":376,\"commentCount\":0,\"publisher\":{\"@id\":\"https:\\\/\\\/www.americanonewspaper.com\\\/es\\\/#organization\"},\"image\":{\"@id\":\"https:\\\/\\\/www.americanonewspaper.com\\\/es\\\/farandula\\\/beyonce-canta-con-maluma-en-espanol\\\/#primaryimage\"},\"thumbnailUrl\":\"https:\\\/\\\/www.americanonewspaper.com\\\/es\\\/wp-content\\\/uploads\\\/2026\\\/09\\\/beyonce.jpeg\",\"articleSection\":[\"Beyonc\u00e9\",\"Colombia\",\"Far\u00e1ndula\",\"Maluma\",\"USA\"],\"inLanguage\":\"en-US\",\"potentialAction\":[{\"@type\":\"CommentAction\",\"name\":\"Comment\",\"target\":[\"https:\\\/\\\/www.americanonewspaper.com\\\/es\\\/farandula\\\/beyonce-canta-con-maluma-en-espanol\\\/#respond\"]}]},{\"@type\":\"WebPage\",\"@id\":\"https:\\\/\\\/www.americanonewspaper.com\\\/es\\\/farandula\\\/beyonce-canta-con-maluma-en-espanol\\\/\",\"url\":\"https:\\\/\\\/www.americanonewspaper.com\\\/es\\\/farandula\\\/beyonce-canta-con-maluma-en-espanol\\\/\",\"name\":\"Beyonc\u00e9 canta con Maluma en espa\u00f1ol. - Americano Newspaper\",\"isPartOf\":{\"@id\":\"https:\\\/\\\/www.americanonewspaper.com\\\/es\\\/#website\"},\"primaryImageOfPage\":{\"@id\":\"https:\\\/\\\/www.americanonewspaper.com\\\/es\\\/farandula\\\/beyonce-canta-con-maluma-en-espanol\\\/#primaryimage\"},\"image\":{\"@id\":\"https:\\\/\\\/www.americanonewspaper.com\\\/es\\\/farandula\\\/beyonce-canta-con-maluma-en-espanol\\\/#primaryimage\"},\"thumbnailUrl\":\"https:\\\/\\\/www.americanonewspaper.com\\\/es\\\/wp-content\\\/uploads\\\/2026\\\/09\\\/beyonce.jpeg\",\"datePublished\":\"2026-09-04T13:31:46+00:00\",\"dateModified\":\"2026-09-04T13:31:53+00:00\",\"description\":\"La cantante y compositora Beyonc\u00e9 celebra hoy su cumplea\u00f1os con el lanzamiento de una nueva edici\u00f3n del disco 'B'DAY', el segundo \u00e1lbum de su carrera, que vio hoy hace veinte a\u00f1os, y que incluye nuevas canciones y temas en espa\u00f1ol con colaboraciones con Maluma y la fallecida Selena.\",\"breadcrumb\":{\"@id\":\"https:\\\/\\\/www.americanonewspaper.com\\\/es\\\/farandula\\\/beyonce-canta-con-maluma-en-espanol\\\/#breadcrumb\"},\"inLanguage\":\"en-US\",\"potentialAction\":[{\"@type\":\"ReadAction\",\"target\":[\"https:\\\/\\\/www.americanonewspaper.com\\\/es\\\/farandula\\\/beyonce-canta-con-maluma-en-espanol\\\/\"]}]},{\"@type\":\"ImageObject\",\"inLanguage\":\"en-US\",\"@id\":\"https:\\\/\\\/www.americanonewspaper.com\\\/es\\\/farandula\\\/beyonce-canta-con-maluma-en-espanol\\\/#primaryimage\",\"url\":\"https:\\\/\\\/www.americanonewspaper.com\\\/es\\\/wp-content\\\/uploads\\\/2026\\\/09\\\/beyonce.jpeg\",\"contentUrl\":\"https:\\\/\\\/www.americanonewspaper.com\\\/es\\\/wp-content\\\/uploads\\\/2026\\\/09\\\/beyonce.jpeg\",\"width\":560,\"height\":373,\"caption\":\"Imagen de archivo de Beyonc\u00e9. EFE\\\/EPA\\\/ALLISON DINNER\"},{\"@type\":\"BreadcrumbList\",\"@id\":\"https:\\\/\\\/www.americanonewspaper.com\\\/es\\\/farandula\\\/beyonce-canta-con-maluma-en-espanol\\\/#breadcrumb\",\"itemListElement\":[{\"@type\":\"ListItem\",\"position\":1,\"name\":\"Home\",\"item\":\"https:\\\/\\\/www.americanonewspaper.com\\\/es\\\/\"},{\"@type\":\"ListItem\",\"position\":2,\"name\":\"Beyonc\u00e9 canta con Maluma en espa\u00f1ol.\"}]},{\"@type\":\"WebSite\",\"@id\":\"https:\\\/\\\/www.americanonewspaper.com\\\/es\\\/#website\",\"url\":\"https:\\\/\\\/www.americanonewspaper.com\\\/es\\\/\",\"name\":\"Americano Newspaper\",\"description\":\"The Hispanic Newspaper of New Jersey.\",\"publisher\":{\"@id\":\"https:\\\/\\\/www.americanonewspaper.com\\\/es\\\/#organization\"},\"potentialAction\":[{\"@type\":\"SearchAction\",\"target\":{\"@type\":\"EntryPoint\",\"urlTemplate\":\"https:\\\/\\\/www.americanonewspaper.com\\\/es\\\/?s={search_term_string}\"},\"query-input\":{\"@type\":\"PropertyValueSpecification\",\"valueRequired\":true,\"valueName\":\"search_term_string\"}}],\"inLanguage\":\"en-US\"},{\"@type\":\"Organization\",\"@id\":\"https:\\\/\\\/www.americanonewspaper.com\\\/es\\\/#organization\",\"name\":\"Americano Newspaper\",\"url\":\"https:\\\/\\\/www.americanonewspaper.com\\\/es\\\/\",\"logo\":{\"@type\":\"ImageObject\",\"inLanguage\":\"en-US\",\"@id\":\"https:\\\/\\\/www.americanonewspaper.com\\\/es\\\/#\\\/schema\\\/logo\\\/image\\\/\",\"url\":\"https:\\\/\\\/www.americanonewspaper.com\\\/es\\\/wp-content\\\/uploads\\\/2024\\\/05\\\/AmericanoLogoCircle.comCircle2.jpg\",\"contentUrl\":\"https:\\\/\\\/www.americanonewspaper.com\\\/es\\\/wp-content\\\/uploads\\\/2024\\\/05\\\/AmericanoLogoCircle.comCircle2.jpg\",\"width\":600,\"height\":600,\"caption\":\"Americano Newspaper\"},\"image\":{\"@id\":\"https:\\\/\\\/www.americanonewspaper.com\\\/es\\\/#\\\/schema\\\/logo\\\/image\\\/\"},\"sameAs\":[\"https:\\\/\\\/www.facebook.com\\\/AmericanoNewspaper\\\/\"]},{\"@type\":\"Person\",\"@id\":\"https:\\\/\\\/www.americanonewspaper.com\\\/es\\\/#\\\/schema\\\/person\\\/8967f6b8af7e37bcbbe61f68580ff088\",\"name\":\"Author\",\"image\":{\"@type\":\"ImageObject\",\"inLanguage\":\"en-US\",\"@id\":\"https:\\\/\\\/www.americanonewspaper.com\\\/es\\\/wp-content\\\/litespeed\\\/avatar\\\/89ffaf6af3cf6769ffb3c6efb2313947.jpg?ver=1788535513\",\"url\":\"https:\\\/\\\/www.americanonewspaper.com\\\/es\\\/wp-content\\\/litespeed\\\/avatar\\\/89ffaf6af3cf6769ffb3c6efb2313947.jpg?ver=1788535513\",\"contentUrl\":\"https:\\\/\\\/www.americanonewspaper.com\\\/es\\\/wp-content\\\/litespeed\\\/avatar\\\/89ffaf6af3cf6769ffb3c6efb2313947.jpg?ver=1788535513\",\"caption\":\"Author\"},\"url\":\"https:\\\/\\\/www.americanonewspaper.com\\\/es\\\/author\\\/americano\\\/\"}]}<\/script>\n<!-- \/ Yoast SEO Premium plugin. -->","yoast_head_json":{"title":"Beyonc\u00e9 canta con Maluma en espa\u00f1ol. - Americano Newspaper","description":"La cantante y compositora Beyonc\u00e9 celebra hoy su cumplea\u00f1os con el lanzamiento de una nueva edici\u00f3n del disco 'B'DAY', el segundo \u00e1lbum de su carrera, que vio hoy hace veinte a\u00f1os, y que incluye nuevas canciones y temas en espa\u00f1ol con colaboraciones con Maluma y la fallecida Selena.","robots":{"index":"index","follow":"follow","max-snippet":"max-snippet:-1","max-image-preview":"max-image-preview:large","max-video-preview":"max-video-preview:-1"},"canonical":"https:\/\/www.americanonewspaper.com\/es\/farandula\/beyonce-canta-con-maluma-en-espanol\/","og_locale":"en_US","og_type":"article","og_title":"Beyonc\u00e9 canta con Maluma en espa\u00f1ol.","og_description":"La cantante y compositora Beyonc\u00e9 celebra hoy su cumplea\u00f1os con el lanzamiento de una nueva edici\u00f3n del disco 'B'DAY', el segundo \u00e1lbum de su carrera, que vio hoy hace veinte a\u00f1os, y que incluye nuevas canciones y temas en espa\u00f1ol con colaboraciones con Maluma y la fallecida Selena.","og_url":"https:\/\/www.americanonewspaper.com\/es\/farandula\/beyonce-canta-con-maluma-en-espanol\/","og_site_name":"Americano Newspaper","article_publisher":"https:\/\/www.facebook.com\/AmericanoNewspaper\/","article_published_time":"2026-09-04T13:31:46+00:00","article_modified_time":"2026-09-04T13:31:53+00:00","og_image":[{"width":560,"height":373,"url":"https:\/\/www.americanonewspaper.com\/es\/wp-content\/uploads\/2026\/09\/beyonce.jpeg","type":"image\/jpeg"}],"author":"Author","twitter_card":"summary_large_image","twitter_misc":{"Written by":"Author","Est. reading time":"3 minutes"},"schema":{"@context":"https:\/\/schema.org","@graph":[{"@type":"Article","@id":"https:\/\/www.americanonewspaper.com\/es\/farandula\/beyonce-canta-con-maluma-en-espanol\/#article","isPartOf":{"@id":"https:\/\/www.americanonewspaper.com\/es\/farandula\/beyonce-canta-con-maluma-en-espanol\/"},"author":{"name":"Author","@id":"https:\/\/www.americanonewspaper.com\/es\/#\/schema\/person\/8967f6b8af7e37bcbbe61f68580ff088"},"headline":"Beyonc\u00e9 canta con Maluma en espa\u00f1ol.","datePublished":"2026-09-04T13:31:46+00:00","dateModified":"2026-09-04T13:31:53+00:00","mainEntityOfPage":{"@id":"https:\/\/www.americanonewspaper.com\/es\/farandula\/beyonce-canta-con-maluma-en-espanol\/"},"wordCount":376,"commentCount":0,"publisher":{"@id":"https:\/\/www.americanonewspaper.com\/es\/#organization"},"image":{"@id":"https:\/\/www.americanonewspaper.com\/es\/farandula\/beyonce-canta-con-maluma-en-espanol\/#primaryimage"},"thumbnailUrl":"https:\/\/www.americanonewspaper.com\/es\/wp-content\/uploads\/2026\/09\/beyonce.jpeg","articleSection":["Beyonc\u00e9","Colombia","Far\u00e1ndula","Maluma","USA"],"inLanguage":"en-US","potentialAction":[{"@type":"CommentAction","name":"Comment","target":["https:\/\/www.americanonewspaper.com\/es\/farandula\/beyonce-canta-con-maluma-en-espanol\/#respond"]}]},{"@type":"WebPage","@id":"https:\/\/www.americanonewspaper.com\/es\/farandula\/beyonce-canta-con-maluma-en-espanol\/","url":"https:\/\/www.americanonewspaper.com\/es\/farandula\/beyonce-canta-con-maluma-en-espanol\/","name":"Beyonc\u00e9 canta con Maluma en espa\u00f1ol. - Americano Newspaper","isPartOf":{"@id":"https:\/\/www.americanonewspaper.com\/es\/#website"},"primaryImageOfPage":{"@id":"https:\/\/www.americanonewspaper.com\/es\/farandula\/beyonce-canta-con-maluma-en-espanol\/#primaryimage"},"image":{"@id":"https:\/\/www.americanonewspaper.com\/es\/farandula\/beyonce-canta-con-maluma-en-espanol\/#primaryimage"},"thumbnailUrl":"https:\/\/www.americanonewspaper.com\/es\/wp-content\/uploads\/2026\/09\/beyonce.jpeg","datePublished":"2026-09-04T13:31:46+00:00","dateModified":"2026-09-04T13:31:53+00:00","description":"La cantante y compositora Beyonc\u00e9 celebra hoy su cumplea\u00f1os con el lanzamiento de una nueva edici\u00f3n del disco 'B'DAY', el segundo \u00e1lbum de su carrera, que vio hoy hace veinte a\u00f1os, y que incluye nuevas canciones y temas en espa\u00f1ol con colaboraciones con Maluma y la fallecida Selena.","breadcrumb":{"@id":"https:\/\/www.americanonewspaper.com\/es\/farandula\/beyonce-canta-con-maluma-en-espanol\/#breadcrumb"},"inLanguage":"en-US","potentialAction":[{"@type":"ReadAction","target":["https:\/\/www.americanonewspaper.com\/es\/farandula\/beyonce-canta-con-maluma-en-espanol\/"]}]},{"@type":"ImageObject","inLanguage":"en-US","@id":"https:\/\/www.americanonewspaper.com\/es\/farandula\/beyonce-canta-con-maluma-en-espanol\/#primaryimage","url":"https:\/\/www.americanonewspaper.com\/es\/wp-content\/uploads\/2026\/09\/beyonce.jpeg","contentUrl":"https:\/\/www.americanonewspaper.com\/es\/wp-content\/uploads\/2026\/09\/beyonce.jpeg","width":560,"height":373,"caption":"Imagen de archivo de Beyonc\u00e9. EFE\/EPA\/ALLISON DINNER"},{"@type":"BreadcrumbList","@id":"https:\/\/www.americanonewspaper.com\/es\/farandula\/beyonce-canta-con-maluma-en-espanol\/#breadcrumb","itemListElement":[{"@type":"ListItem","position":1,"name":"Home","item":"https:\/\/www.americanonewspaper.com\/es\/"},{"@type":"ListItem","position":2,"name":"Beyonc\u00e9 canta con Maluma en espa\u00f1ol."}]},{"@type":"WebSite","@id":"https:\/\/www.americanonewspaper.com\/es\/#website","url":"https:\/\/www.americanonewspaper.com\/es\/","name":"Americano Newspaper","description":"The Hispanic Newspaper of New Jersey.","publisher":{"@id":"https:\/\/www.americanonewspaper.com\/es\/#organization"},"potentialAction":[{"@type":"SearchAction","target":{"@type":"EntryPoint","urlTemplate":"https:\/\/www.americanonewspaper.com\/es\/?s={search_term_string}"},"query-input":{"@type":"PropertyValueSpecification","valueRequired":true,"valueName":"search_term_string"}}],"inLanguage":"en-US"},{"@type":"Organization","@id":"https:\/\/www.americanonewspaper.com\/es\/#organization","name":"Americano Newspaper","url":"https:\/\/www.americanonewspaper.com\/es\/","logo":{"@type":"ImageObject","inLanguage":"en-US","@id":"https:\/\/www.americanonewspaper.com\/es\/#\/schema\/logo\/image\/","url":"https:\/\/www.americanonewspaper.com\/es\/wp-content\/uploads\/2024\/05\/AmericanoLogoCircle.comCircle2.jpg","contentUrl":"https:\/\/www.americanonewspaper.com\/es\/wp-content\/uploads\/2024\/05\/AmericanoLogoCircle.comCircle2.jpg","width":600,"height":600,"caption":"Americano Newspaper"},"image":{"@id":"https:\/\/www.americanonewspaper.com\/es\/#\/schema\/logo\/image\/"},"sameAs":["https:\/\/www.facebook.com\/AmericanoNewspaper\/"]},{"@type":"Person","@id":"https:\/\/www.americanonewspaper.com\/es\/#\/schema\/person\/8967f6b8af7e37bcbbe61f68580ff088","name":"Author","image":{"@type":"ImageObject","inLanguage":"en-US","@id":"https:\/\/www.americanonewspaper.com\/es\/wp-content\/litespeed\/avatar\/89ffaf6af3cf6769ffb3c6efb2313947.jpg?ver=1788535513","url":"https:\/\/www.americanonewspaper.com\/es\/wp-content\/litespeed\/avatar\/89ffaf6af3cf6769ffb3c6efb2313947.jpg?ver=1788535513","contentUrl":"https:\/\/www.americanonewspaper.com\/es\/wp-content\/litespeed\/avatar\/89ffaf6af3cf6769ffb3c6efb2313947.jpg?ver=1788535513","caption":"Author"},"url":"https:\/\/www.americanonewspaper.com\/es\/author\/americano\/"}]}},"jetpack_publicize_connections":[],"featured_image_urls":{"full":["https:\/\/www.americanonewspaper.com\/es\/wp-content\/uploads\/2026\/09\/beyonce.jpeg",560,373,false],"thumbnail":["https:\/\/www.americanonewspaper.com\/es\/wp-content\/uploads\/2026\/09\/beyonce-250x250.jpeg",250,250,true],"medium":["https:\/\/www.americanonewspaper.com\/es\/wp-content\/uploads\/2026\/09\/beyonce-300x200.jpeg",300,200,true],"medium_large":["https:\/\/www.americanonewspaper.com\/es\/wp-content\/uploads\/2026\/09\/beyonce.jpeg",560,373,false],"large":["https:\/\/www.americanonewspaper.com\/es\/wp-content\/uploads\/2026\/09\/beyonce.jpeg",560,373,false],"1536x1536":["https:\/\/www.americanonewspaper.com\/es\/wp-content\/uploads\/2026\/09\/beyonce.jpeg",560,373,false],"2048x2048":["https:\/\/www.americanonewspaper.com\/es\/wp-content\/uploads\/2026\/09\/beyonce.jpeg",560,373,false],"td_150x0":["https:\/\/www.americanonewspaper.com\/es\/wp-content\/uploads\/2026\/09\/beyonce-150x100.jpeg",150,100,true],"td_218x150":["https:\/\/www.americanonewspaper.com\/es\/wp-content\/uploads\/2026\/09\/beyonce-218x150.jpeg",218,150,true],"td_300x0":["https:\/\/www.americanonewspaper.com\/es\/wp-content\/uploads\/2026\/09\/beyonce-300x200.jpeg",300,200,true],"td_324x400":["https:\/\/www.americanonewspaper.com\/es\/wp-content\/uploads\/2026\/09\/beyonce-324x373.jpeg",324,373,true],"td_485x360":["https:\/\/www.americanonewspaper.com\/es\/wp-content\/uploads\/2026\/09\/beyonce-485x360.jpeg",485,360,true],"td_696x0":["https:\/\/www.americanonewspaper.com\/es\/wp-content\/uploads\/2026\/09\/beyonce.jpeg",560,373,false],"td_1068x0":["https:\/\/www.americanonewspaper.com\/es\/wp-content\/uploads\/2026\/09\/beyonce.jpeg",560,373,false],"td_1920x0":["https:\/\/www.americanonewspaper.com\/es\/wp-content\/uploads\/2026\/09\/beyonce.jpeg",560,373,false],"bdpp-medium":["https:\/\/www.americanonewspaper.com\/es\/wp-content\/uploads\/2026\/09\/beyonce.jpeg",560,373,false]},"author_info":{"display_name":"Author","author_link":"https:\/\/www.americanonewspaper.com\/es\/author\/americano\/"},"category_info":"<a href=\"https:\/\/www.americanonewspaper.com\/es\/category\/beyonce\/\" rel=\"category tag\">Beyonc\u00e9<\/a> <a href=\"https:\/\/www.americanonewspaper.com\/es\/category\/colombia\/\" rel=\"category tag\">Colombia<\/a> <a href=\"https:\/\/www.americanonewspaper.com\/es\/category\/farandula\/\" rel=\"category tag\">Far\u00e1ndula<\/a> <a href=\"https:\/\/www.americanonewspaper.com\/es\/category\/maluma\/\" rel=\"category tag\">Maluma<\/a> <a href=\"https:\/\/www.americanonewspaper.com\/es\/category\/usa\/\" rel=\"category tag\">USA<\/a>","tag_info":"USA","comment_count":"0","jetpack_sharing_enabled":true,"jetpack_likes_enabled":true,"jetpack_featured_media_url":"https:\/\/www.americanonewspaper.com\/es\/wp-content\/uploads\/2026\/09\/beyonce.jpeg","_links":{"self":[{"href":"https:\/\/www.americanonewspaper.com\/es\/wp-json\/wp\/v2\/posts\/33789","targetHints":{"allow":["GET"]}}],"collection":[{"href":"https:\/\/www.americanonewspaper.com\/es\/wp-json\/wp\/v2\/posts"}],"about":[{"href":"https:\/\/www.americanonewspaper.com\/es\/wp-json\/wp\/v2\/types\/post"}],"author":[{"embeddable":true,"href":"https:\/\/www.americanonewspaper.com\/es\/wp-json\/wp\/v2\/users\/7"}],"replies":[{"embeddable":true,"href":"https:\/\/www.americanonewspaper.com\/es\/wp-json\/wp\/v2\/comments?post=33789"}],"version-history":[{"count":1,"href":"https:\/\/www.americanonewspaper.com\/es\/wp-json\/wp\/v2\/posts\/33789\/revisions"}],"predecessor-version":[{"id":33795,"href":"https:\/\/www.americanonewspaper.com\/es\/wp-json\/wp\/v2\/posts\/33789\/revisions\/33795"}],"wp:featuredmedia":[{"embeddable":true,"href":"https:\/\/www.americanonewspaper.com\/es\/wp-json\/wp\/v2\/media\/33790"}],"wp:attachment":[{"href":"https:\/\/www.americanonewspaper.com\/es\/wp-json\/wp\/v2\/media?parent=33789"}],"wp:term":[{"taxonomy":"category","embeddable":true,"href":"https:\/\/www.americanonewspaper.com\/es\/wp-json\/wp\/v2\/categories?post=33789"},{"taxonomy":"post_tag","embeddable":true,"href":"https:\/\/www.americanonewspaper.com\/es\/wp-json\/wp\/v2\/tags?post=33789"}],"curies":[{"name":"wp","href":"https:\/\/api.w.org\/{rel}","templated":true}]}}