{"id":33783,"date":"2026-09-03T14:54:47","date_gmt":"2026-09-03T18:54:47","guid":{"rendered":"https:\/\/www.americanonewspaper.com\/es\/?p=33783"},"modified":"2026-09-03T15:55:16","modified_gmt":"2026-09-03T19:55:16","slug":"mexico-protesta-por-deportaciones-a-centroamerica","status":"publish","type":"post","link":"https:\/\/www.americanonewspaper.com\/es\/immigration\/mexico-protesta-por-deportaciones-a-centroamerica\/","title":{"rendered":"Mexico protesta por deportaciones a Centroam\u00e9rica."},"content":{"rendered":"\n<p class=\"wp-block-paragraph\">Ciudad de M\u00e9xico, 3 sep (EFE).- <\/p>\n\n\n\n<p class=\"dropcapp3 wp-block-paragraph\">La presidenta de M\u00e9xico, Claudia Sheinbaum, critic\u00f3 este jueves que Estados Unidos deporte a mexicanos hacia terceros pa\u00edses y sostuvo que \u201cno hay raz\u00f3n\u201d para enviarlos a Centroam\u00e9rica, despu\u00e9s de que el Instituto Nacional de Migraci\u00f3n (INM) informara que m\u00e1s 2.900 connacionales han sido trasladados a Guatemala, Honduras y Costa Rica.<\/p>\n\n\n\n<figure class=\"wp-block-image size-full\"><a href=\"https:\/\/ggllawyers.com\/es\/new-jersey-personal-injury-and-workers-compensation-lawyer\/\" target=\"_blank\" rel=\" noopener\"><img fetchpriority=\"high\" decoding=\"async\" width=\"560\" height=\"269\" src=\"https:\/\/www.americanonewspaper.com\/es\/wp-content\/uploads\/2026\/08\/GGlSpanish.jpg\" alt=\"ABOGADOS DE ACCIDENTES\" class=\"wp-image-33359\" srcset=\"https:\/\/www.americanonewspaper.com\/es\/wp-content\/uploads\/2026\/08\/GGlSpanish.jpg 560w, https:\/\/www.americanonewspaper.com\/es\/wp-content\/uploads\/2026\/08\/GGlSpanish-300x144.jpg 300w, https:\/\/www.americanonewspaper.com\/es\/wp-content\/uploads\/2026\/08\/GGlSpanish-150x72.jpg 150w\" sizes=\"(max-width: 560px) 100vw, 560px\" \/><\/a><figcaption class=\"wp-element-caption\">ABOGADOS DE ACCIDENTES<\/figcaption><\/figure>\n\n\n\n<p class=\"wp-block-paragraph\">\u201cNo estamos de acuerdo. No hay raz\u00f3n para que env\u00eden a connacionales a Centroam\u00e9rica, alg\u00fan pa\u00eds de Centroam\u00e9rica. Ninguna raz\u00f3n\u201d, afirm\u00f3 Sheinbaum en su conferencia, en la que asegur\u00f3 que su Gobierno ha manifestado su inconformidad a Washington.<\/p>\n\n\n\n<figure class=\"wp-block-image size-large\"><img decoding=\"async\" width=\"750\" height=\"500\" src=\"https:\/\/www.americanonewspaper.com\/es\/wp-content\/uploads\/2026\/09\/She-750x500.jpeg\" alt=\"Mexico's President Claudia Sheinbaum attends a press conference at the National Palace in Mexico City, Mexico, on Wednesday. May 14, 2025. EFE\/ Isaac Esquivel\" class=\"wp-image-33784\" srcset=\"https:\/\/www.americanonewspaper.com\/es\/wp-content\/uploads\/2026\/09\/She-750x500.jpeg 750w, https:\/\/www.americanonewspaper.com\/es\/wp-content\/uploads\/2026\/09\/She-300x200.jpeg 300w, https:\/\/www.americanonewspaper.com\/es\/wp-content\/uploads\/2026\/09\/She-768x512.jpeg 768w, https:\/\/www.americanonewspaper.com\/es\/wp-content\/uploads\/2026\/09\/She-150x100.jpeg 150w, https:\/\/www.americanonewspaper.com\/es\/wp-content\/uploads\/2026\/09\/She-696x464.jpeg 696w, https:\/\/www.americanonewspaper.com\/es\/wp-content\/uploads\/2026\/09\/She.jpeg 900w\" sizes=\"(max-width: 750px) 100vw, 750px\" \/><figcaption class=\"wp-element-caption\">Mexico&#8217;s President Claudia Sheinbaum attends a press conference at the National Palace in Mexico City, Mexico, on Wednesday. May 14, 2025. EFE\/ Isaac Esquivel<\/figcaption><\/figure>\n\n\n\n<p class=\"wp-block-paragraph\">El titular del INM, Sergio Salom\u00f3n, explic\u00f3 que la protesta mexicana se ha transmitido mediante la Secretar\u00eda de Relaciones Exteriores y la Secretar\u00eda de Gobernaci\u00f3n, mientras ambos gobiernos mantienen conversaciones para frenar esa pr\u00e1ctica.<\/p>\n\n\n\n<figure class=\"wp-block-image size-full\"><a href=\"https:\/\/www.linkedin.com\/in\/jaimeberrios\/\" target=\"_blank\" rel=\" noopener\"><img decoding=\"async\" width=\"560\" height=\"257\" src=\"https:\/\/www.americanonewspaper.com\/es\/wp-content\/uploads\/2026\/08\/Jaime-copy-2-1.jpg\" alt=\"\" class=\"wp-image-33501\" srcset=\"https:\/\/www.americanonewspaper.com\/es\/wp-content\/uploads\/2026\/08\/Jaime-copy-2-1.jpg 560w, https:\/\/www.americanonewspaper.com\/es\/wp-content\/uploads\/2026\/08\/Jaime-copy-2-1-300x138.jpg 300w, https:\/\/www.americanonewspaper.com\/es\/wp-content\/uploads\/2026\/08\/Jaime-copy-2-1-150x69.jpg 150w\" sizes=\"(max-width: 560px) 100vw, 560px\" \/><\/a><\/figure>\n\n\n\n<p class=\"wp-block-paragraph\">\u201cSe ha hecho patente la inconformidad por parte del Gobierno Federal (&#8230;) y se ha venido trabajando de manera muy puntual para buscar que esa colaboraci\u00f3n evite que se sigan mandando connacionales a Centroam\u00e9rica\u201d, indic\u00f3.<\/p>\n\n\n\n<p class=\"wp-block-paragraph\">El funcionario precis\u00f3 que M\u00e9xico tiene registros de 2.900 mexicanos enviados a Guatemala y Honduras, as\u00ed como de 20 trasladados a Costa Rica, aunque no desglos\u00f3 cu\u00e1ntos correspondieron a cada uno de los dos primeros pa\u00edses.<\/p>\n\n\n\n<figure class=\"wp-block-image size-full\"><a href=\"https:\/\/www.njng.com\/my-account\/payment-options\/payment-assistance.aspx\" target=\"_blank\" rel=\" noopener\"><img loading=\"lazy\" decoding=\"async\" width=\"560\" height=\"270\" src=\"https:\/\/www.americanonewspaper.com\/es\/wp-content\/uploads\/2026\/08\/NJNaturalGasSpanish-copy.jpg\" alt=\"AYUDA PARA PAGAR ENERG\u00cdA\" class=\"wp-image-33577\" srcset=\"https:\/\/www.americanonewspaper.com\/es\/wp-content\/uploads\/2026\/08\/NJNaturalGasSpanish-copy.jpg 560w, https:\/\/www.americanonewspaper.com\/es\/wp-content\/uploads\/2026\/08\/NJNaturalGasSpanish-copy-300x145.jpg 300w, https:\/\/www.americanonewspaper.com\/es\/wp-content\/uploads\/2026\/08\/NJNaturalGasSpanish-copy-150x72.jpg 150w\" sizes=\"(max-width: 560px) 100vw, 560px\" \/><\/a><figcaption class=\"wp-element-caption\">AYUDA PARA PAGAR ENERG\u00cdA<\/figcaption><\/figure>\n\n\n\n<p class=\"wp-block-paragraph\">Seg\u00fan explic\u00f3, cuando las autoridades mexicanas conocen estos traslados, la Canciller\u00eda activa a sus consulados para contactar a los deportados y coordinar su regreso al pa\u00eds.<\/p>\n\n\n\n<p class=\"wp-block-paragraph\">En los casos de Guatemala y Honduras, a\u00f1adi\u00f3, los mexicanos son trasladados por v\u00eda terrestre hacia la frontera sur, donde reciben una carta de repatriaci\u00f3n y son incorporados a los servicios del programa M\u00e9xico te Abraza.<\/p>\n\n\n\n<figure class=\"wp-block-image size-full\"><a href=\"https:\/\/www.thehighlandsnj.com\/\" target=\"_blank\" rel=\" noopener\"><img loading=\"lazy\" decoding=\"async\" width=\"560\" height=\"300\" src=\"https:\/\/www.americanonewspaper.com\/es\/wp-content\/uploads\/2026\/08\/Apartamentos-copy.jpg\" alt=\"Apartamentos Asequibles para alquilar\" class=\"wp-image-33666\" srcset=\"https:\/\/www.americanonewspaper.com\/es\/wp-content\/uploads\/2026\/08\/Apartamentos-copy.jpg 560w, https:\/\/www.americanonewspaper.com\/es\/wp-content\/uploads\/2026\/08\/Apartamentos-copy-300x161.jpg 300w, https:\/\/www.americanonewspaper.com\/es\/wp-content\/uploads\/2026\/08\/Apartamentos-copy-150x80.jpg 150w\" sizes=\"(max-width: 560px) 100vw, 560px\" \/><\/a><figcaption class=\"wp-element-caption\">Apartamentos Asequibles para alquilar<\/figcaption><\/figure>\n\n\n\n<p class=\"wp-block-paragraph\">Para los 20 connacionales enviados a Costa Rica, el retorno se realiz\u00f3 por v\u00eda a\u00e9rea, con llegada al Aeropuerto Internacional Felipe \u00c1ngeles (AIFA), donde reciben la misma atenci\u00f3n.<\/p>\n\n\n\n<p class=\"wp-block-paragraph\">El titular del INM tambi\u00e9n sostuvo que todas las personas deportadas a estos pa\u00edses &#8220;est\u00e1n ya en M\u00e9xico&#8221;.<\/p>\n\n\n\n<p class=\"wp-block-paragraph\">Sheinbaum a\u00f1adi\u00f3 que M\u00e9xico mantiene acuerdos con los pa\u00edses centroamericanos receptores y que los consulados permanecen atentos para asistir a los connacionales cuando llegan.<\/p>\n\n\n\n<figure class=\"wp-block-image size-full\"><a href=\"https:\/\/www.eventbrite.com\/e\/health-wellness-fair-2026-tickets-1991124368586?aff=oddtdtcreator\" target=\"_blank\" rel=\" noopener\"><img loading=\"lazy\" decoding=\"async\" width=\"560\" height=\"300\" src=\"https:\/\/www.americanonewspaper.com\/es\/wp-content\/uploads\/2026\/08\/Health-and-Wellness-560-x-270.jpeg\" alt=\"\" class=\"wp-image-33426\" srcset=\"https:\/\/www.americanonewspaper.com\/es\/wp-content\/uploads\/2026\/08\/Health-and-Wellness-560-x-270.jpeg 560w, https:\/\/www.americanonewspaper.com\/es\/wp-content\/uploads\/2026\/08\/Health-and-Wellness-560-x-270-300x161.jpeg 300w, https:\/\/www.americanonewspaper.com\/es\/wp-content\/uploads\/2026\/08\/Health-and-Wellness-560-x-270-150x80.jpeg 150w\" sizes=\"(max-width: 560px) 100vw, 560px\" \/><\/a><\/figure>\n\n\n\n<p class=\"wp-block-paragraph\">\u201cEn el momento en que llegan los recibe el consulado y tenemos contratados veh\u00edculos para que puedan (&#8230;) venir de inmediato a M\u00e9xico\u201d, sostuvo.<\/p>\n\n\n\n<p class=\"wp-block-paragraph\">La presidenta insisti\u00f3 en que, adem\u00e1s de expresar su desacuerdo con Washington, la prioridad de su Gobierno es acelerar el retorno y la atenci\u00f3n de los mexicanos deportados.<\/p>\n\n\n\n<figure class=\"wp-block-image size-full\"><a href=\"https:\/\/tayakan.com\/\" target=\"_blank\" rel=\" noopener\"><img loading=\"lazy\" decoding=\"async\" width=\"269\" height=\"79\" src=\"https:\/\/www.americanonewspaper.com\/es\/wp-content\/uploads\/2026\/09\/Tayakan-Webcopy-3.jpg\" alt=\"\" class=\"wp-image-33754\" srcset=\"https:\/\/www.americanonewspaper.com\/es\/wp-content\/uploads\/2026\/09\/Tayakan-Webcopy-3.jpg 269w, https:\/\/www.americanonewspaper.com\/es\/wp-content\/uploads\/2026\/09\/Tayakan-Webcopy-3-150x44.jpg 150w, https:\/\/www.americanonewspaper.com\/es\/wp-content\/uploads\/2026\/09\/Tayakan-Webcopy-3-265x79.jpg 265w\" sizes=\"(max-width: 269px) 100vw, 269px\" \/><\/a><\/figure>\n","protected":false},"excerpt":{"rendered":"<p>Ciudad de M\u00e9xico, 3 sep (EFE).- La presidenta de M\u00e9xico, Claudia Sheinbaum, critic\u00f3 este jueves que Estados Unidos deporte a mexicanos hacia terceros pa\u00edses y sostuvo que \u201cno hay raz\u00f3n\u201d para enviarlos a Centroam\u00e9rica, despu\u00e9s de que el Instituto Nacional de Migraci\u00f3n (INM) informara que m\u00e1s 2.900 connacionales han sido trasladados a Guatemala, Honduras y [&hellip;]<\/p>\n","protected":false},"author":7,"featured_media":33785,"comment_status":"open","ping_status":"open","sticky":false,"template":"","format":"standard","meta":{"_acf_changed":false,"tdm_status":"","tdm_grid_status":"","_jetpack_newsletter_access":"","_jetpack_dont_email_post_to_subs":false,"_jetpack_newsletter_tier_id":0,"_jetpack_memberships_contains_paywalled_content":false,"_jetpack_feature_clip_id":0,"_jetpack_memberships_contains_paid_content":false,"footnotes":"","jetpack_publicize_message":"{title}\n\n{excerpt}\n\n{url}","jetpack_publicize_feature_enabled":true,"jetpack_social_post_already_shared":false,"jetpack_social_options":{"image_generator_settings":{"template":"highway","default_image_id":0,"font":"","enabled":false,"token":"eyJpbWciOiJodHRwczpcL1wvd3d3LmFtZXJpY2Fub25ld3NwYXBlci5jb21cL2VzXC93cC1jb250ZW50XC91cGxvYWRzXC8yMDI2XC8wOVwvU2hlLTc1MHg1MDAuanBlZyIsInR4dCI6Ik1leGljbyBwcm90ZXN0YSBwb3IgZGVwb3J0YWNpb25lcyBhIENlbnRyb2FtXHUwMGU5cmljYS4iLCJ0ZW1wbGF0ZSI6ImhpZ2h3YXkiLCJmb250IjoiIiwiYmxvZ19pZCI6MjI4NjE5NTc0fQ.GLifYOb7XSDwkj3b00Q4OGreUHS1IqjxuJX4TtiK-78MQ"},"version":2,"media_source":"featured-image","attached_media":[{"id":33784,"url":"https:\/\/www.americanonewspaper.com\/es\/wp-content\/uploads\/2026\/09\/She.jpeg","type":"image\/jpeg"}]},"_wpas_customize_per_network":false,"jetpack_post_was_ever_published":false,"_members_access_role":[],"_members_access_error":""},"categories":[1173,1145,196,528,315],"tags":[],"class_list":["post-33783","post","type-post","status-publish","format-standard","has-post-thumbnail","category-administracion-trump","category-deportacion","category-immigration","category-mexico-2","category-usa"],"acf":[],"yoast_head":"<!-- This site is optimized with the Yoast SEO Premium plugin v28.4 (Yoast SEO v28.4) - https:\/\/yoast.com\/product\/yoast-seo-premium-wordpress\/ -->\n<title>Mexico protesta por deportaciones a Centroam\u00e9rica. - Americano Newspaper<\/title>\n<meta name=\"description\" content=\"La presidenta de M\u00e9xico, Claudia Sheinbaum, critic\u00f3 este jueves que Estados Unidos deporte a mexicanos hacia terceros pa\u00edses y sostuvo que \u201cno hay raz\u00f3n\u201d para enviarlos a Centroam\u00e9rica, despu\u00e9s de que el Instituto Nacional de Migraci\u00f3n (INM) informara que m\u00e1s 2.900 connacionales han sido trasladados a Guatemala, Honduras y Costa Rica.\" \/>\n<meta name=\"robots\" content=\"index, follow, max-snippet:-1, max-image-preview:large, max-video-preview:-1\" \/>\n<link rel=\"canonical\" href=\"https:\/\/www.americanonewspaper.com\/es\/immigration\/mexico-protesta-por-deportaciones-a-centroamerica\/\" \/>\n<meta property=\"og:locale\" content=\"en_US\" \/>\n<meta property=\"og:type\" content=\"article\" \/>\n<meta property=\"og:title\" content=\"Mexico protesta por deportaciones a Centroam\u00e9rica.\" \/>\n<meta property=\"og:description\" content=\"La presidenta de M\u00e9xico, Claudia Sheinbaum, critic\u00f3 este jueves que Estados Unidos deporte a mexicanos hacia terceros pa\u00edses y sostuvo que \u201cno hay raz\u00f3n\u201d para enviarlos a Centroam\u00e9rica, despu\u00e9s de que el Instituto Nacional de Migraci\u00f3n (INM) informara que m\u00e1s 2.900 connacionales han sido trasladados a Guatemala, Honduras y Costa Rica.\" \/>\n<meta property=\"og:url\" content=\"https:\/\/www.americanonewspaper.com\/es\/immigration\/mexico-protesta-por-deportaciones-a-centroamerica\/\" \/>\n<meta property=\"og:site_name\" content=\"Americano Newspaper\" \/>\n<meta property=\"article:publisher\" content=\"https:\/\/www.facebook.com\/AmericanoNewspaper\/\" \/>\n<meta property=\"article:published_time\" content=\"2026-09-03T18:54:47+00:00\" \/>\n<meta property=\"article:modified_time\" content=\"2026-09-03T19:55:16+00:00\" \/>\n<meta property=\"og:image\" content=\"https:\/\/www.americanonewspaper.com\/es\/wp-content\/uploads\/2026\/09\/Sheinbaum-d.jpeg\" \/>\n\t<meta property=\"og:image:width\" content=\"560\" \/>\n\t<meta property=\"og:image:height\" content=\"840\" \/>\n\t<meta property=\"og:image:type\" content=\"image\/jpeg\" \/>\n<meta name=\"author\" content=\"Author\" \/>\n<meta name=\"twitter:card\" content=\"summary_large_image\" \/>\n<meta name=\"twitter:label1\" content=\"Written by\" \/>\n\t<meta name=\"twitter:data1\" content=\"Author\" \/>\n\t<meta name=\"twitter:label2\" content=\"Est. reading time\" \/>\n\t<meta name=\"twitter:data2\" content=\"4 minutes\" \/>\n<script type=\"application\/ld+json\" class=\"yoast-schema-graph\">{\"@context\":\"https:\\\/\\\/schema.org\",\"@graph\":[{\"@type\":\"Article\",\"@id\":\"https:\\\/\\\/www.americanonewspaper.com\\\/es\\\/immigration\\\/mexico-protesta-por-deportaciones-a-centroamerica\\\/#article\",\"isPartOf\":{\"@id\":\"https:\\\/\\\/www.americanonewspaper.com\\\/es\\\/immigration\\\/mexico-protesta-por-deportaciones-a-centroamerica\\\/\"},\"author\":{\"name\":\"Author\",\"@id\":\"https:\\\/\\\/www.americanonewspaper.com\\\/es\\\/#\\\/schema\\\/person\\\/8967f6b8af7e37bcbbe61f68580ff088\"},\"headline\":\"Mexico protesta por deportaciones a Centroam\u00e9rica.\",\"datePublished\":\"2026-09-03T18:54:47+00:00\",\"dateModified\":\"2026-09-03T19:55:16+00:00\",\"mainEntityOfPage\":{\"@id\":\"https:\\\/\\\/www.americanonewspaper.com\\\/es\\\/immigration\\\/mexico-protesta-por-deportaciones-a-centroamerica\\\/\"},\"wordCount\":466,\"commentCount\":0,\"publisher\":{\"@id\":\"https:\\\/\\\/www.americanonewspaper.com\\\/es\\\/#organization\"},\"image\":{\"@id\":\"https:\\\/\\\/www.americanonewspaper.com\\\/es\\\/immigration\\\/mexico-protesta-por-deportaciones-a-centroamerica\\\/#primaryimage\"},\"thumbnailUrl\":\"https:\\\/\\\/www.americanonewspaper.com\\\/es\\\/wp-content\\\/uploads\\\/2026\\\/09\\\/Sheinbaum-d.jpeg\",\"articleSection\":[\"Administraci\u00f3n Trump\",\"Deportaci\u00f3n\",\"Inmigraci\u00f3n\",\"M\u00e9xico\",\"USA\"],\"inLanguage\":\"en-US\",\"potentialAction\":[{\"@type\":\"CommentAction\",\"name\":\"Comment\",\"target\":[\"https:\\\/\\\/www.americanonewspaper.com\\\/es\\\/immigration\\\/mexico-protesta-por-deportaciones-a-centroamerica\\\/#respond\"]}]},{\"@type\":\"WebPage\",\"@id\":\"https:\\\/\\\/www.americanonewspaper.com\\\/es\\\/immigration\\\/mexico-protesta-por-deportaciones-a-centroamerica\\\/\",\"url\":\"https:\\\/\\\/www.americanonewspaper.com\\\/es\\\/immigration\\\/mexico-protesta-por-deportaciones-a-centroamerica\\\/\",\"name\":\"Mexico protesta por deportaciones a Centroam\u00e9rica. - Americano Newspaper\",\"isPartOf\":{\"@id\":\"https:\\\/\\\/www.americanonewspaper.com\\\/es\\\/#website\"},\"primaryImageOfPage\":{\"@id\":\"https:\\\/\\\/www.americanonewspaper.com\\\/es\\\/immigration\\\/mexico-protesta-por-deportaciones-a-centroamerica\\\/#primaryimage\"},\"image\":{\"@id\":\"https:\\\/\\\/www.americanonewspaper.com\\\/es\\\/immigration\\\/mexico-protesta-por-deportaciones-a-centroamerica\\\/#primaryimage\"},\"thumbnailUrl\":\"https:\\\/\\\/www.americanonewspaper.com\\\/es\\\/wp-content\\\/uploads\\\/2026\\\/09\\\/Sheinbaum-d.jpeg\",\"datePublished\":\"2026-09-03T18:54:47+00:00\",\"dateModified\":\"2026-09-03T19:55:16+00:00\",\"description\":\"La presidenta de M\u00e9xico, Claudia Sheinbaum, critic\u00f3 este jueves que Estados Unidos deporte a mexicanos hacia terceros pa\u00edses y sostuvo que \u201cno hay raz\u00f3n\u201d para enviarlos a Centroam\u00e9rica, despu\u00e9s de que el Instituto Nacional de Migraci\u00f3n (INM) informara que m\u00e1s 2.900 connacionales han sido trasladados a Guatemala, Honduras y Costa Rica.\",\"breadcrumb\":{\"@id\":\"https:\\\/\\\/www.americanonewspaper.com\\\/es\\\/immigration\\\/mexico-protesta-por-deportaciones-a-centroamerica\\\/#breadcrumb\"},\"inLanguage\":\"en-US\",\"potentialAction\":[{\"@type\":\"ReadAction\",\"target\":[\"https:\\\/\\\/www.americanonewspaper.com\\\/es\\\/immigration\\\/mexico-protesta-por-deportaciones-a-centroamerica\\\/\"]}]},{\"@type\":\"ImageObject\",\"inLanguage\":\"en-US\",\"@id\":\"https:\\\/\\\/www.americanonewspaper.com\\\/es\\\/immigration\\\/mexico-protesta-por-deportaciones-a-centroamerica\\\/#primaryimage\",\"url\":\"https:\\\/\\\/www.americanonewspaper.com\\\/es\\\/wp-content\\\/uploads\\\/2026\\\/09\\\/Sheinbaum-d.jpeg\",\"contentUrl\":\"https:\\\/\\\/www.americanonewspaper.com\\\/es\\\/wp-content\\\/uploads\\\/2026\\\/09\\\/Sheinbaum-d.jpeg\",\"width\":560,\"height\":840,\"caption\":\"Fotograf\u00eda cedida por la presidencia de M\u00e9xico de su mandataria, Claudia Sheinbaum, hablando durante una rueda de prensa este jueves, en el Palacio Nacional de Ciudad de M\u00e9xico (M\u00e9xico). EFE\\\/ Presidencia de M\u00e9xico\"},{\"@type\":\"BreadcrumbList\",\"@id\":\"https:\\\/\\\/www.americanonewspaper.com\\\/es\\\/immigration\\\/mexico-protesta-por-deportaciones-a-centroamerica\\\/#breadcrumb\",\"itemListElement\":[{\"@type\":\"ListItem\",\"position\":1,\"name\":\"Home\",\"item\":\"https:\\\/\\\/www.americanonewspaper.com\\\/es\\\/\"},{\"@type\":\"ListItem\",\"position\":2,\"name\":\"Mexico protesta por deportaciones a Centroam\u00e9rica.\"}]},{\"@type\":\"WebSite\",\"@id\":\"https:\\\/\\\/www.americanonewspaper.com\\\/es\\\/#website\",\"url\":\"https:\\\/\\\/www.americanonewspaper.com\\\/es\\\/\",\"name\":\"Americano Newspaper\",\"description\":\"The Hispanic Newspaper of New Jersey.\",\"publisher\":{\"@id\":\"https:\\\/\\\/www.americanonewspaper.com\\\/es\\\/#organization\"},\"potentialAction\":[{\"@type\":\"SearchAction\",\"target\":{\"@type\":\"EntryPoint\",\"urlTemplate\":\"https:\\\/\\\/www.americanonewspaper.com\\\/es\\\/?s={search_term_string}\"},\"query-input\":{\"@type\":\"PropertyValueSpecification\",\"valueRequired\":true,\"valueName\":\"search_term_string\"}}],\"inLanguage\":\"en-US\"},{\"@type\":\"Organization\",\"@id\":\"https:\\\/\\\/www.americanonewspaper.com\\\/es\\\/#organization\",\"name\":\"Americano Newspaper\",\"url\":\"https:\\\/\\\/www.americanonewspaper.com\\\/es\\\/\",\"logo\":{\"@type\":\"ImageObject\",\"inLanguage\":\"en-US\",\"@id\":\"https:\\\/\\\/www.americanonewspaper.com\\\/es\\\/#\\\/schema\\\/logo\\\/image\\\/\",\"url\":\"https:\\\/\\\/www.americanonewspaper.com\\\/es\\\/wp-content\\\/uploads\\\/2024\\\/05\\\/AmericanoLogoCircle.comCircle2.jpg\",\"contentUrl\":\"https:\\\/\\\/www.americanonewspaper.com\\\/es\\\/wp-content\\\/uploads\\\/2024\\\/05\\\/AmericanoLogoCircle.comCircle2.jpg\",\"width\":600,\"height\":600,\"caption\":\"Americano Newspaper\"},\"image\":{\"@id\":\"https:\\\/\\\/www.americanonewspaper.com\\\/es\\\/#\\\/schema\\\/logo\\\/image\\\/\"},\"sameAs\":[\"https:\\\/\\\/www.facebook.com\\\/AmericanoNewspaper\\\/\"]},{\"@type\":\"Person\",\"@id\":\"https:\\\/\\\/www.americanonewspaper.com\\\/es\\\/#\\\/schema\\\/person\\\/8967f6b8af7e37bcbbe61f68580ff088\",\"name\":\"Author\",\"image\":{\"@type\":\"ImageObject\",\"inLanguage\":\"en-US\",\"@id\":\"https:\\\/\\\/www.americanonewspaper.com\\\/es\\\/wp-content\\\/litespeed\\\/avatar\\\/89ffaf6af3cf6769ffb3c6efb2313947.jpg?ver=1787930627\",\"url\":\"https:\\\/\\\/www.americanonewspaper.com\\\/es\\\/wp-content\\\/litespeed\\\/avatar\\\/89ffaf6af3cf6769ffb3c6efb2313947.jpg?ver=1787930627\",\"contentUrl\":\"https:\\\/\\\/www.americanonewspaper.com\\\/es\\\/wp-content\\\/litespeed\\\/avatar\\\/89ffaf6af3cf6769ffb3c6efb2313947.jpg?ver=1787930627\",\"caption\":\"Author\"},\"url\":\"https:\\\/\\\/www.americanonewspaper.com\\\/es\\\/author\\\/americano\\\/\"}]}<\/script>\n<!-- \/ Yoast SEO Premium plugin. -->","yoast_head_json":{"title":"Mexico protesta por deportaciones a Centroam\u00e9rica. - Americano Newspaper","description":"La presidenta de M\u00e9xico, Claudia Sheinbaum, critic\u00f3 este jueves que Estados Unidos deporte a mexicanos hacia terceros pa\u00edses y sostuvo que \u201cno hay raz\u00f3n\u201d para enviarlos a Centroam\u00e9rica, despu\u00e9s de que el Instituto Nacional de Migraci\u00f3n (INM) informara que m\u00e1s 2.900 connacionales han sido trasladados a Guatemala, Honduras y Costa Rica.","robots":{"index":"index","follow":"follow","max-snippet":"max-snippet:-1","max-image-preview":"max-image-preview:large","max-video-preview":"max-video-preview:-1"},"canonical":"https:\/\/www.americanonewspaper.com\/es\/immigration\/mexico-protesta-por-deportaciones-a-centroamerica\/","og_locale":"en_US","og_type":"article","og_title":"Mexico protesta por deportaciones a Centroam\u00e9rica.","og_description":"La presidenta de M\u00e9xico, Claudia Sheinbaum, critic\u00f3 este jueves que Estados Unidos deporte a mexicanos hacia terceros pa\u00edses y sostuvo que \u201cno hay raz\u00f3n\u201d para enviarlos a Centroam\u00e9rica, despu\u00e9s de que el Instituto Nacional de Migraci\u00f3n (INM) informara que m\u00e1s 2.900 connacionales han sido trasladados a Guatemala, Honduras y Costa Rica.","og_url":"https:\/\/www.americanonewspaper.com\/es\/immigration\/mexico-protesta-por-deportaciones-a-centroamerica\/","og_site_name":"Americano Newspaper","article_publisher":"https:\/\/www.facebook.com\/AmericanoNewspaper\/","article_published_time":"2026-09-03T18:54:47+00:00","article_modified_time":"2026-09-03T19:55:16+00:00","og_image":[{"width":560,"height":840,"url":"https:\/\/www.americanonewspaper.com\/es\/wp-content\/uploads\/2026\/09\/Sheinbaum-d.jpeg","type":"image\/jpeg"}],"author":"Author","twitter_card":"summary_large_image","twitter_misc":{"Written by":"Author","Est. reading time":"4 minutes"},"schema":{"@context":"https:\/\/schema.org","@graph":[{"@type":"Article","@id":"https:\/\/www.americanonewspaper.com\/es\/immigration\/mexico-protesta-por-deportaciones-a-centroamerica\/#article","isPartOf":{"@id":"https:\/\/www.americanonewspaper.com\/es\/immigration\/mexico-protesta-por-deportaciones-a-centroamerica\/"},"author":{"name":"Author","@id":"https:\/\/www.americanonewspaper.com\/es\/#\/schema\/person\/8967f6b8af7e37bcbbe61f68580ff088"},"headline":"Mexico protesta por deportaciones a Centroam\u00e9rica.","datePublished":"2026-09-03T18:54:47+00:00","dateModified":"2026-09-03T19:55:16+00:00","mainEntityOfPage":{"@id":"https:\/\/www.americanonewspaper.com\/es\/immigration\/mexico-protesta-por-deportaciones-a-centroamerica\/"},"wordCount":466,"commentCount":0,"publisher":{"@id":"https:\/\/www.americanonewspaper.com\/es\/#organization"},"image":{"@id":"https:\/\/www.americanonewspaper.com\/es\/immigration\/mexico-protesta-por-deportaciones-a-centroamerica\/#primaryimage"},"thumbnailUrl":"https:\/\/www.americanonewspaper.com\/es\/wp-content\/uploads\/2026\/09\/Sheinbaum-d.jpeg","articleSection":["Administraci\u00f3n Trump","Deportaci\u00f3n","Inmigraci\u00f3n","M\u00e9xico","USA"],"inLanguage":"en-US","potentialAction":[{"@type":"CommentAction","name":"Comment","target":["https:\/\/www.americanonewspaper.com\/es\/immigration\/mexico-protesta-por-deportaciones-a-centroamerica\/#respond"]}]},{"@type":"WebPage","@id":"https:\/\/www.americanonewspaper.com\/es\/immigration\/mexico-protesta-por-deportaciones-a-centroamerica\/","url":"https:\/\/www.americanonewspaper.com\/es\/immigration\/mexico-protesta-por-deportaciones-a-centroamerica\/","name":"Mexico protesta por deportaciones a Centroam\u00e9rica. - Americano Newspaper","isPartOf":{"@id":"https:\/\/www.americanonewspaper.com\/es\/#website"},"primaryImageOfPage":{"@id":"https:\/\/www.americanonewspaper.com\/es\/immigration\/mexico-protesta-por-deportaciones-a-centroamerica\/#primaryimage"},"image":{"@id":"https:\/\/www.americanonewspaper.com\/es\/immigration\/mexico-protesta-por-deportaciones-a-centroamerica\/#primaryimage"},"thumbnailUrl":"https:\/\/www.americanonewspaper.com\/es\/wp-content\/uploads\/2026\/09\/Sheinbaum-d.jpeg","datePublished":"2026-09-03T18:54:47+00:00","dateModified":"2026-09-03T19:55:16+00:00","description":"La presidenta de M\u00e9xico, Claudia Sheinbaum, critic\u00f3 este jueves que Estados Unidos deporte a mexicanos hacia terceros pa\u00edses y sostuvo que \u201cno hay raz\u00f3n\u201d para enviarlos a Centroam\u00e9rica, despu\u00e9s de que el Instituto Nacional de Migraci\u00f3n (INM) informara que m\u00e1s 2.900 connacionales han sido trasladados a Guatemala, Honduras y Costa Rica.","breadcrumb":{"@id":"https:\/\/www.americanonewspaper.com\/es\/immigration\/mexico-protesta-por-deportaciones-a-centroamerica\/#breadcrumb"},"inLanguage":"en-US","potentialAction":[{"@type":"ReadAction","target":["https:\/\/www.americanonewspaper.com\/es\/immigration\/mexico-protesta-por-deportaciones-a-centroamerica\/"]}]},{"@type":"ImageObject","inLanguage":"en-US","@id":"https:\/\/www.americanonewspaper.com\/es\/immigration\/mexico-protesta-por-deportaciones-a-centroamerica\/#primaryimage","url":"https:\/\/www.americanonewspaper.com\/es\/wp-content\/uploads\/2026\/09\/Sheinbaum-d.jpeg","contentUrl":"https:\/\/www.americanonewspaper.com\/es\/wp-content\/uploads\/2026\/09\/Sheinbaum-d.jpeg","width":560,"height":840,"caption":"Fotograf\u00eda cedida por la presidencia de M\u00e9xico de su mandataria, Claudia Sheinbaum, hablando durante una rueda de prensa este jueves, en el Palacio Nacional de Ciudad de M\u00e9xico (M\u00e9xico). EFE\/ Presidencia de M\u00e9xico"},{"@type":"BreadcrumbList","@id":"https:\/\/www.americanonewspaper.com\/es\/immigration\/mexico-protesta-por-deportaciones-a-centroamerica\/#breadcrumb","itemListElement":[{"@type":"ListItem","position":1,"name":"Home","item":"https:\/\/www.americanonewspaper.com\/es\/"},{"@type":"ListItem","position":2,"name":"Mexico protesta por deportaciones a Centroam\u00e9rica."}]},{"@type":"WebSite","@id":"https:\/\/www.americanonewspaper.com\/es\/#website","url":"https:\/\/www.americanonewspaper.com\/es\/","name":"Americano Newspaper","description":"The Hispanic Newspaper of New Jersey.","publisher":{"@id":"https:\/\/www.americanonewspaper.com\/es\/#organization"},"potentialAction":[{"@type":"SearchAction","target":{"@type":"EntryPoint","urlTemplate":"https:\/\/www.americanonewspaper.com\/es\/?s={search_term_string}"},"query-input":{"@type":"PropertyValueSpecification","valueRequired":true,"valueName":"search_term_string"}}],"inLanguage":"en-US"},{"@type":"Organization","@id":"https:\/\/www.americanonewspaper.com\/es\/#organization","name":"Americano Newspaper","url":"https:\/\/www.americanonewspaper.com\/es\/","logo":{"@type":"ImageObject","inLanguage":"en-US","@id":"https:\/\/www.americanonewspaper.com\/es\/#\/schema\/logo\/image\/","url":"https:\/\/www.americanonewspaper.com\/es\/wp-content\/uploads\/2024\/05\/AmericanoLogoCircle.comCircle2.jpg","contentUrl":"https:\/\/www.americanonewspaper.com\/es\/wp-content\/uploads\/2024\/05\/AmericanoLogoCircle.comCircle2.jpg","width":600,"height":600,"caption":"Americano Newspaper"},"image":{"@id":"https:\/\/www.americanonewspaper.com\/es\/#\/schema\/logo\/image\/"},"sameAs":["https:\/\/www.facebook.com\/AmericanoNewspaper\/"]},{"@type":"Person","@id":"https:\/\/www.americanonewspaper.com\/es\/#\/schema\/person\/8967f6b8af7e37bcbbe61f68580ff088","name":"Author","image":{"@type":"ImageObject","inLanguage":"en-US","@id":"https:\/\/www.americanonewspaper.com\/es\/wp-content\/litespeed\/avatar\/89ffaf6af3cf6769ffb3c6efb2313947.jpg?ver=1787930627","url":"https:\/\/www.americanonewspaper.com\/es\/wp-content\/litespeed\/avatar\/89ffaf6af3cf6769ffb3c6efb2313947.jpg?ver=1787930627","contentUrl":"https:\/\/www.americanonewspaper.com\/es\/wp-content\/litespeed\/avatar\/89ffaf6af3cf6769ffb3c6efb2313947.jpg?ver=1787930627","caption":"Author"},"url":"https:\/\/www.americanonewspaper.com\/es\/author\/americano\/"}]}},"jetpack_publicize_connections":[],"featured_image_urls":{"full":["https:\/\/www.americanonewspaper.com\/es\/wp-content\/uploads\/2026\/09\/Sheinbaum-d.jpeg",560,840,false],"thumbnail":["https:\/\/www.americanonewspaper.com\/es\/wp-content\/uploads\/2026\/09\/Sheinbaum-d-250x250.jpeg",250,250,true],"medium":["https:\/\/www.americanonewspaper.com\/es\/wp-content\/uploads\/2026\/09\/Sheinbaum-d-200x300.jpeg",200,300,true],"medium_large":["https:\/\/www.americanonewspaper.com\/es\/wp-content\/uploads\/2026\/09\/Sheinbaum-d.jpeg",560,840,false],"large":["https:\/\/www.americanonewspaper.com\/es\/wp-content\/uploads\/2026\/09\/Sheinbaum-d-333x500.jpeg",333,500,true],"1536x1536":["https:\/\/www.americanonewspaper.com\/es\/wp-content\/uploads\/2026\/09\/Sheinbaum-d.jpeg",560,840,false],"2048x2048":["https:\/\/www.americanonewspaper.com\/es\/wp-content\/uploads\/2026\/09\/Sheinbaum-d.jpeg",560,840,false],"td_150x0":["https:\/\/www.americanonewspaper.com\/es\/wp-content\/uploads\/2026\/09\/Sheinbaum-d-150x225.jpeg",150,225,true],"td_218x150":["https:\/\/www.americanonewspaper.com\/es\/wp-content\/uploads\/2026\/09\/Sheinbaum-d-218x150.jpeg",218,150,true],"td_300x0":["https:\/\/www.americanonewspaper.com\/es\/wp-content\/uploads\/2026\/09\/Sheinbaum-d-300x450.jpeg",300,450,true],"td_324x400":["https:\/\/www.americanonewspaper.com\/es\/wp-content\/uploads\/2026\/09\/Sheinbaum-d-266x399.jpeg",266,399,true],"td_485x360":["https:\/\/www.americanonewspaper.com\/es\/wp-content\/uploads\/2026\/09\/Sheinbaum-d-485x360.jpeg",485,360,true],"td_696x0":["https:\/\/www.americanonewspaper.com\/es\/wp-content\/uploads\/2026\/09\/Sheinbaum-d.jpeg",560,840,false],"td_1068x0":["https:\/\/www.americanonewspaper.com\/es\/wp-content\/uploads\/2026\/09\/Sheinbaum-d.jpeg",560,840,false],"td_1920x0":["https:\/\/www.americanonewspaper.com\/es\/wp-content\/uploads\/2026\/09\/Sheinbaum-d.jpeg",560,840,false],"bdpp-medium":["https:\/\/www.americanonewspaper.com\/es\/wp-content\/uploads\/2026\/09\/Sheinbaum-d-560x480.jpeg",560,480,true]},"author_info":{"display_name":"Author","author_link":"https:\/\/www.americanonewspaper.com\/es\/author\/americano\/"},"category_info":"<a href=\"https:\/\/www.americanonewspaper.com\/es\/category\/donald-trump\/administracion-trump\/\" rel=\"category tag\">Administraci\u00f3n Trump<\/a> <a href=\"https:\/\/www.americanonewspaper.com\/es\/category\/immigration\/deportacion\/\" rel=\"category tag\">Deportaci\u00f3n<\/a> <a href=\"https:\/\/www.americanonewspaper.com\/es\/category\/immigration\/\" rel=\"category tag\">Inmigraci\u00f3n<\/a> <a href=\"https:\/\/www.americanonewspaper.com\/es\/category\/mexico-2\/\" rel=\"category tag\">M\u00e9xico<\/a> <a href=\"https:\/\/www.americanonewspaper.com\/es\/category\/usa\/\" rel=\"category tag\">USA<\/a>","tag_info":"USA","comment_count":"0","jetpack_sharing_enabled":true,"jetpack_likes_enabled":true,"jetpack_featured_media_url":"https:\/\/www.americanonewspaper.com\/es\/wp-content\/uploads\/2026\/09\/Sheinbaum-d.jpeg","_links":{"self":[{"href":"https:\/\/www.americanonewspaper.com\/es\/wp-json\/wp\/v2\/posts\/33783","targetHints":{"allow":["GET"]}}],"collection":[{"href":"https:\/\/www.americanonewspaper.com\/es\/wp-json\/wp\/v2\/posts"}],"about":[{"href":"https:\/\/www.americanonewspaper.com\/es\/wp-json\/wp\/v2\/types\/post"}],"author":[{"embeddable":true,"href":"https:\/\/www.americanonewspaper.com\/es\/wp-json\/wp\/v2\/users\/7"}],"replies":[{"embeddable":true,"href":"https:\/\/www.americanonewspaper.com\/es\/wp-json\/wp\/v2\/comments?post=33783"}],"version-history":[{"count":2,"href":"https:\/\/www.americanonewspaper.com\/es\/wp-json\/wp\/v2\/posts\/33783\/revisions"}],"predecessor-version":[{"id":33788,"href":"https:\/\/www.americanonewspaper.com\/es\/wp-json\/wp\/v2\/posts\/33783\/revisions\/33788"}],"wp:featuredmedia":[{"embeddable":true,"href":"https:\/\/www.americanonewspaper.com\/es\/wp-json\/wp\/v2\/media\/33785"}],"wp:attachment":[{"href":"https:\/\/www.americanonewspaper.com\/es\/wp-json\/wp\/v2\/media?parent=33783"}],"wp:term":[{"taxonomy":"category","embeddable":true,"href":"https:\/\/www.americanonewspaper.com\/es\/wp-json\/wp\/v2\/categories?post=33783"},{"taxonomy":"post_tag","embeddable":true,"href":"https:\/\/www.americanonewspaper.com\/es\/wp-json\/wp\/v2\/tags?post=33783"}],"curies":[{"name":"wp","href":"https:\/\/api.w.org\/{rel}","templated":true}]}}