{"id":33743,"date":"2026-09-02T09:01:03","date_gmt":"2026-09-02T13:01:03","guid":{"rendered":"https:\/\/www.americanonewspaper.com\/es\/?p=33743"},"modified":"2026-09-02T09:01:08","modified_gmt":"2026-09-02T13:01:08","slug":"agentes-de-ice-siguen-enmascarados","status":"publish","type":"post","link":"https:\/\/www.americanonewspaper.com\/es\/immigration\/agentes-de-ice-siguen-enmascarados\/","title":{"rendered":"Agentes de ICE siguen enmascarados."},"content":{"rendered":"\n<p class=\"wp-block-paragraph\"><strong>Residentes de NJ comparten historias de agentes de ICE enmascarados en su lucha por mantener la prohibici\u00f3n del uso de m\u00e1scaras<\/strong><\/p>\n\n\n\n<p class=\"wp-block-paragraph\"><em>Por Sophie Nieto-Mu\u00f1oz, New Jersey Monitor<\/em><\/p>\n\n\n\n<p class=\"dropcapp3 wp-block-paragraph\">Nueva Jersey solicit\u00f3 a un juez federal que desestime la <a href=\"https:\/\/newjerseymonitor.com\/briefs\/nj-anti-mask-law-ice-agents\/\">impugnaci\u00f3n legal<\/a> del gobierno de Trump contra una nueva ley estatal que proh\u00edbe a los agentes de inmigraci\u00f3n usar mascarillas. Esta solicitud se present\u00f3 en un nuevo documento legal respaldado por m\u00e1s de una docena de declaraciones juradas que describen a agentes federales enmascarados persiguiendo a ni\u00f1os de primaria en una parada de autob\u00fas, irrumpiendo en la casa de una mujer de 75 a\u00f1os y sacando a un hombre de un auto mientras le dec\u00edan a su esposa: &#8220;Nunca m\u00e1s lo volver\u00e1s a ver&#8221;.<\/p>\n\n\n\n<figure class=\"wp-block-image size-full\"><a href=\"https:\/\/ggllawyers.com\/es\/new-jersey-personal-injury-and-workers-compensation-lawyer\/\" target=\"_blank\" rel=\" noopener\"><img fetchpriority=\"high\" decoding=\"async\" width=\"560\" height=\"269\" src=\"https:\/\/www.americanonewspaper.com\/es\/wp-content\/uploads\/2026\/08\/GGlSpanish-1.jpg\" alt=\"ABOGADOS DE ACCIDENTES\" class=\"wp-image-33500\" srcset=\"https:\/\/www.americanonewspaper.com\/es\/wp-content\/uploads\/2026\/08\/GGlSpanish-1.jpg 560w, https:\/\/www.americanonewspaper.com\/es\/wp-content\/uploads\/2026\/08\/GGlSpanish-1-300x144.jpg 300w, https:\/\/www.americanonewspaper.com\/es\/wp-content\/uploads\/2026\/08\/GGlSpanish-1-150x72.jpg 150w\" sizes=\"(max-width: 560px) 100vw, 560px\" \/><\/a><figcaption class=\"wp-element-caption\">ABOGADOS DE ACCIDENTES<\/figcaption><\/figure>\n\n\n\n<p class=\"wp-block-paragraph\">Los testimonios de residentes, funcionarios escolares y un pastor describen el caos provocado por agentes federales enmascarados y no identificados en Nueva Jersey desde que se intensificaron las medidas de control migratorio en todo el estado tras la reelecci\u00f3n del presidente Donald Trump el a\u00f1o pasado. La nueva ley, que se encuentra en el centro de la disputa legal entre Sherrill y la administraci\u00f3n Trump, proh\u00edbe a los agentes del orden usar mascarillas, salvo algunas excepciones. Esta medida forma parte de una iniciativa para obligar a los agentes del Servicio de Control de Inmigraci\u00f3n y Aduanas de Estados Unidos (ICE) a descubrirse el rostro durante las operaciones de inmigraci\u00f3n.<\/p>\n\n\n\n<p class=\"wp-block-paragraph\">Funcionarios estatales, en <a href=\"https:\/\/newjerseymonitor.com\/wp-content\/uploads\/2026\/08\/8-24-26-USA-v.-NJ.pdf\">el nuevo documento de 195 p\u00e1ginas<\/a>, afirman que estos testimonios demuestran que la ley aborda preocupaciones que &#8220;no son te\u00f3ricas&#8221;.<\/p>\n\n\n\n<p class=\"wp-block-paragraph\">Kristin O&#8217;Neil, superintendente del Distrito Escolar de Lindenwold en el condado de Camden, describi\u00f3 un incidente ocurrido el <a href=\"https:\/\/6abc.com\/post\/children-flee-bus-stop-ice-agents-spotted-lindenwold-school-district-says\/18593819\/\">12 de febrero de 2026<\/a>, en el que cuatro veh\u00edculos de ICE pasaron a toda velocidad junto a un autob\u00fas escolar detenido con las luces intermitentes encendidas y la se\u00f1al de alto extendida, y luego se dirigieron a un complejo de apartamentos donde un grupo de ni\u00f1os de primaria esperaba otro autob\u00fas. Los ni\u00f1os huyeron, relat\u00f3 O&#8217;Neil.<\/p>\n\n\n\n<p class=\"wp-block-paragraph\">&#8220;Los estudiantes informaron que reconocieron a los agentes como pertenecientes al ICE. Todos llevaban m\u00e1scaras, capuchas y chalecos&#8221;, escribi\u00f3.<\/p>\n\n\n\n<figure class=\"wp-block-image size-full\"><a href=\"https:\/\/www.linkedin.com\/in\/jaimeberrios\/\" target=\"_blank\" rel=\" noopener\"><img decoding=\"async\" width=\"560\" height=\"257\" src=\"https:\/\/www.americanonewspaper.com\/es\/wp-content\/uploads\/2026\/08\/Jaime-copy-2-1.jpg\" alt=\"\" class=\"wp-image-33501\" srcset=\"https:\/\/www.americanonewspaper.com\/es\/wp-content\/uploads\/2026\/08\/Jaime-copy-2-1.jpg 560w, https:\/\/www.americanonewspaper.com\/es\/wp-content\/uploads\/2026\/08\/Jaime-copy-2-1-300x138.jpg 300w, https:\/\/www.americanonewspaper.com\/es\/wp-content\/uploads\/2026\/08\/Jaime-copy-2-1-150x69.jpg 150w\" sizes=\"(max-width: 560px) 100vw, 560px\" \/><\/a><\/figure>\n\n\n\n<p class=\"wp-block-paragraph\">Charles Neiss, un residente de Watchung de 67 a\u00f1os, describi\u00f3 dos encuentros en Plainfield con hombres enmascarados que vest\u00edan chalecos de estilo militar, portaban pistolas y no llevaban insignias visibles. Durante uno de los incidentes, poco despu\u00e9s de una tormenta de nieve en enero, Neiss relat\u00f3 que un agente fotografi\u00f3 a los transe\u00fantes y anunci\u00f3 que &#8220;ahora todos estaban en una base de datos&#8221;.<\/p>\n\n\n\n<p class=\"wp-block-paragraph\">&#8220;No deber\u00edamos vivir con miedo porque una agencia corrupta se crea por encima de la ley&#8221;, escribi\u00f3 Neiss.<\/p>\n\n\n\n<figure class=\"wp-block-image size-large is-resized\"><img decoding=\"async\" width=\"452\" height=\"500\" src=\"https:\/\/www.americanonewspaper.com\/es\/wp-content\/uploads\/2026\/09\/image-452x500.png\" alt=\"\" class=\"wp-image-33745\" style=\"aspect-ratio:0.906896551724138;width:263px;height:auto\" srcset=\"https:\/\/www.americanonewspaper.com\/es\/wp-content\/uploads\/2026\/09\/image-452x500.png 452w, https:\/\/www.americanonewspaper.com\/es\/wp-content\/uploads\/2026\/09\/image-271x300.png 271w, https:\/\/www.americanonewspaper.com\/es\/wp-content\/uploads\/2026\/09\/image-149x165.png 149w, https:\/\/www.americanonewspaper.com\/es\/wp-content\/uploads\/2026\/09\/image-299x331.png 299w, https:\/\/www.americanonewspaper.com\/es\/wp-content\/uploads\/2026\/09\/image-696x769.png 696w, https:\/\/www.americanonewspaper.com\/es\/wp-content\/uploads\/2026\/09\/image.png 768w\" sizes=\"(max-width: 452px) 100vw, 452px\" \/><\/figure>\n\n\n\n<p class=\"wp-block-paragraph\">Una fotograf\u00eda tomada por Sophia Milone muestra a un hombre enmascarado, aparentemente un agente federal, en Bridgeton en abril de 2026. <em>(Foto cortes\u00eda del estado de Nueva Jersey)<\/em><\/p>\n\n\n\n<p class=\"wp-block-paragraph\">La gobernadora Mikie Sherrill <a href=\"https:\/\/newjerseymonitor.com\/2026\/03\/25\/gov-sherrill-signs-bills-immigration-enforcement\/\">promulg\u00f3 la prohibici\u00f3n del uso de m\u00e1scaras en marzo<\/a>, a pesar de las objeciones de los republicanos, quienes argumentaron que se trataba de una intromisi\u00f3n inconstitucional en las competencias federales. Sherrill declar\u00f3 entonces que estar\u00eda &#8220;encantada&#8221; de llevar la ley a los tribunales. La administraci\u00f3n Trump present\u00f3 una <a href=\"https:\/\/newjerseymonitor.com\/briefs\/trump-sues-nj-masks-ice-agents\/\">demanda en abril<\/a>, argumentando que la ley regula indebidamente a los funcionarios federales, incluidos los agentes de ICE.<\/p>\n\n\n\n<p class=\"wp-block-paragraph\">La demanda presentada el lunes por los abogados del estado de Nueva Jersey solicita a la jueza Ren\u00e9e Marie Bumb que desestime <a href=\"https:\/\/newjerseymonitor.com\/briefs\/trump-sues-nj-masks-ice-agents\/\">el caso<\/a>, argumentando que el gobierno federal no puede identificar ning\u00fan caso en el que la conducta de un agente federal viole la ley de Nueva Jersey debido a la amplitud de sus excepciones, y que la ley impone una carga m\u00ednima a los agentes sin interferir con sus deberes federales.<\/p>\n\n\n\n<p class=\"wp-block-paragraph\">&#8220;La demanda del gobierno federal atropella la autoridad soberana de Nueva Jersey para garantizar la seguridad tanto de los agentes como de los residentes&#8221;, afirma el escrito.<\/p>\n\n\n\n<figure class=\"wp-block-image size-full\"><a href=\"https:\/\/www.thehighlandsnj.com\/\" target=\"_blank\" rel=\" noopener\"><img loading=\"lazy\" decoding=\"async\" width=\"560\" height=\"300\" src=\"https:\/\/www.americanonewspaper.com\/es\/wp-content\/uploads\/2026\/08\/Apartamentos-copy.jpg\" alt=\"Apartamentos Asequibles para alquilar\" class=\"wp-image-33666\" srcset=\"https:\/\/www.americanonewspaper.com\/es\/wp-content\/uploads\/2026\/08\/Apartamentos-copy.jpg 560w, https:\/\/www.americanonewspaper.com\/es\/wp-content\/uploads\/2026\/08\/Apartamentos-copy-300x161.jpg 300w, https:\/\/www.americanonewspaper.com\/es\/wp-content\/uploads\/2026\/08\/Apartamentos-copy-150x80.jpg 150w\" sizes=\"(max-width: 560px) 100vw, 560px\" \/><\/a><figcaption class=\"wp-element-caption\">Apartamentos Asequibles para alquilar<\/figcaption><\/figure>\n\n\n\n<p class=\"wp-block-paragraph\">Una declaraci\u00f3n adjunta a la demanda, presentada por Inez Jannotti, de 75 a\u00f1os, describe c\u00f3mo seis individuos enmascarados, vestidos de negro, golpearon la puerta de su casa en Hamilton Township a las 6:00 a.m. el 13 de febrero de 2025. Uno de ellos le dijo a trav\u00e9s de una ventana entreabierta que &#8220;eran polic\u00edas y necesitaban hablar conmigo de inmediato&#8221;. Cuando abri\u00f3 la puerta, un hombre enmascarado la empuj\u00f3 hacia adentro de su casa con un escudo corporal.<\/p>\n\n\n\n<p class=\"wp-block-paragraph\">Seg\u00fan la denuncia, los agentes aparentemente buscaban a un vecino en una direcci\u00f3n con un n\u00famero similar, pero en una calle diferente.<\/p>\n\n\n\n<p class=\"wp-block-paragraph\">&#8220;El hombre se disculp\u00f3 y pidi\u00f3 indicaciones para llegar a la casa del vecino&#8221;, escribi\u00f3 Jannotti, y a\u00f1adi\u00f3: &#8220;Todav\u00eda tengo pesadillas con ese d\u00eda&#8221;.<\/p>\n\n\n\n<p class=\"wp-block-paragraph\">Su hijo, Joshua Jannotti, investigador jefe de la divisi\u00f3n de salud mental de la Oficina del Defensor P\u00fablico de Nueva Jersey, present\u00f3 su propia declaraci\u00f3n corroborando el relato de su madre, afirmando que el hombre le dijo, &#8220;Lo siento&#8221; una vez que se dio cuenta del error. Dijo que el trauma de su madre proviene de no saber qui\u00e9n estaba en su casa ese d\u00eda.<\/p>\n\n\n\n<figure class=\"wp-block-image size-full\"><a href=\"https:\/\/www.americanonewspaper.com\/es\/community\/aviso-de-reunion-publica-de-ewing-township\/\" target=\"_blank\" rel=\" noopener\"><img loading=\"lazy\" decoding=\"async\" width=\"560\" height=\"270\" src=\"https:\/\/www.americanonewspaper.com\/es\/wp-content\/uploads\/2026\/08\/EwingTownship-copy.jpg\" alt=\"OPORTUNIDAD DE CONTRATOS PARA COMPA\u00d1IAS DE CONSTRUCCI\u00d3N DE MUJERES Y MINOR\u00cdAS.\" class=\"wp-image-33417\" srcset=\"https:\/\/www.americanonewspaper.com\/es\/wp-content\/uploads\/2026\/08\/EwingTownship-copy.jpg 560w, https:\/\/www.americanonewspaper.com\/es\/wp-content\/uploads\/2026\/08\/EwingTownship-copy-300x145.jpg 300w, https:\/\/www.americanonewspaper.com\/es\/wp-content\/uploads\/2026\/08\/EwingTownship-copy-150x72.jpg 150w\" sizes=\"(max-width: 560px) 100vw, 560px\" \/><\/a><figcaption class=\"wp-element-caption\">OPORTUNIDAD DE CONTRATOS PARA COMPA\u00d1IAS DE  CONSTRUCCI\u00d3N DE MUJERES Y MINOR\u00cdAS.<\/figcaption><\/figure>\n\n\n\n<p class=\"wp-block-paragraph\">&#8220;Simplemente no puede superar el temor psicol\u00f3gico de que pueda volver a suceder en cualquier momento. Incluso con mis contactos en las fuerzas del orden de Nueva Jersey, no puedo asegurarle de manera convincente que est\u00e1 equivocada&#8221;, escribi\u00f3.<\/p>\n\n\n\n<p class=\"wp-block-paragraph\">Deborah G\u00f3mez describi\u00f3 haber visto a su esposo, Edgar, ser sacado a la fuerza de un autom\u00f3vil frente al juzgado en Bridgeton, en el condado de Cumberland, el 26 de marzo, despu\u00e9s de que los agentes bloquearan el veh\u00edculo, rompieran una ventana con una porra y se negaran a mostrar una orden judicial a pesar de las repetidas solicitudes, seg\u00fan consta en su declaraci\u00f3n.&nbsp;<\/p>\n\n\n\n<p class=\"wp-block-paragraph\">Cuando G\u00f3mez intent\u00f3 visitar a su esposo en el centro de detenci\u00f3n de migrantes Delaney Hall en Newark el 25 de mayo, dijo que le negaron la entrada porque las visitas estaban suspendidas <a href=\"https:\/\/newjerseymonitor.com\/2026\/06\/05\/newark-migrant-jail-delaney-hall-photos\/\">debido a las protestas por las condiciones en el centro<\/a>. A\u00f1adi\u00f3 que agentes del ICE la rociaron con gas pimienta y le dispararon con una bala de goma mientras dispersaban a la multitud afuera. Tambi\u00e9n dijo que vio c\u00f3mo los agentes <a href=\"https:\/\/newjerseymonitor.com\/2026\/07\/29\/nj-nurse-ice-agents-assault-protest\/\">arrojaban a una enfermera al suelo con tanta fuerza que le lastimaron el rostro<\/a>, a pesar de que la enfermera se identific\u00f3.<\/p>\n\n\n\n<p class=\"wp-block-paragraph\">El 11 de junio, seg\u00fan relat\u00f3 G\u00f3mez, un agente al que reconoci\u00f3 del arresto de su esposo se le acerc\u00f3 en un estacionamiento y le dijo: &#8220;\u00bfEst\u00e1s contenta, perra? Nos llevamos a tu esposo. No lo volver\u00e1s a ver. Ser\u00e1 deportado&#8221;.<\/p>\n\n\n\n<figure class=\"wp-block-image size-full\"><a href=\"https:\/\/www.eventbrite.com\/e\/health-wellness-fair-2026-tickets-1991124368586?aff=oddtdtcreator\" target=\"_blank\" rel=\" noopener\"><img loading=\"lazy\" decoding=\"async\" width=\"560\" height=\"300\" src=\"https:\/\/www.americanonewspaper.com\/es\/wp-content\/uploads\/2026\/08\/Health-and-Wellness-560-x-270.jpeg\" alt=\"\" class=\"wp-image-33426\" srcset=\"https:\/\/www.americanonewspaper.com\/es\/wp-content\/uploads\/2026\/08\/Health-and-Wellness-560-x-270.jpeg 560w, https:\/\/www.americanonewspaper.com\/es\/wp-content\/uploads\/2026\/08\/Health-and-Wellness-560-x-270-300x161.jpeg 300w, https:\/\/www.americanonewspaper.com\/es\/wp-content\/uploads\/2026\/08\/Health-and-Wellness-560-x-270-150x80.jpeg 150w\" sizes=\"(max-width: 560px) 100vw, 560px\" \/><\/a><\/figure>\n\n\n\n<p class=\"wp-block-paragraph\">Ella afirm\u00f3 que el 4 de julio le negaron la entrada a Delaney Hall nuevamente y le dijeron que era porque hab\u00eda hablado con los medios sobre el trato recibido. El 12 de julio, mientras se encontraba frente al centro, G\u00f3mez aleg\u00f3 que un agente de ICE la roci\u00f3 con gas pimienta a ella, a sus hijos y a otra persona.<\/p>\n\n\n\n<figure class=\"wp-block-image size-large is-resized\"><img loading=\"lazy\" decoding=\"async\" width=\"362\" height=\"500\" src=\"https:\/\/www.americanonewspaper.com\/es\/wp-content\/uploads\/2026\/09\/image-1-362x500.png\" alt=\"\" class=\"wp-image-33746\" style=\"aspect-ratio:0.7243107769423559;width:289px;height:auto\" srcset=\"https:\/\/www.americanonewspaper.com\/es\/wp-content\/uploads\/2026\/09\/image-1-362x500.png 362w, https:\/\/www.americanonewspaper.com\/es\/wp-content\/uploads\/2026\/09\/image-1-217x300.png 217w, https:\/\/www.americanonewspaper.com\/es\/wp-content\/uploads\/2026\/09\/image-1-150x207.png 150w, https:\/\/www.americanonewspaper.com\/es\/wp-content\/uploads\/2026\/09\/image-1-300x414.png 300w, https:\/\/www.americanonewspaper.com\/es\/wp-content\/uploads\/2026\/09\/image-1-695x961.png 695w, https:\/\/www.americanonewspaper.com\/es\/wp-content\/uploads\/2026\/09\/image-1-289x399.png 289w, https:\/\/www.americanonewspaper.com\/es\/wp-content\/uploads\/2026\/09\/image-1.png 741w\" sizes=\"(max-width: 362px) 100vw, 362px\" \/><\/figure>\n\n\n\n<p class=\"wp-block-paragraph\">Una fotograf\u00eda tomada por Ellen Massey Whitt muestra a agentes federales reunidos en Avenel en octubre de 2025 durante una redada en un almac\u00e9n. <em>(Foto cortes\u00eda del estado de Nueva Jersey)<\/em><\/p>\n\n\n\n<p class=\"wp-block-paragraph\">Ellen Massey Whitt, coordinadora de una l\u00ednea directa de inmigraci\u00f3n del condado de Middlesex, describi\u00f3 su llegada al almac\u00e9n Savino del Bene en Avenel el 29 de octubre de 2025, donde encontr\u00f3 a decenas de agentes enmascarados y fuertemente armados bloqueando la carretera durante una redada que acapar\u00f3 los titulares en ese momento, seg\u00fan su declaraci\u00f3n.&nbsp;<\/p>\n\n\n\n<p class=\"wp-block-paragraph\">El reverendo Seth Kaper-Dale, copastor de la Iglesia Reformada de Highland Park, describi\u00f3 una escena similar en South River en mayo de 2025, cuando entre seis y ocho agentes enmascarados permanecieron frente a una casa durante horas, ignorando las preguntas de \u00e9l y de otros miembros de la comunidad.<\/p>\n\n\n\n<figure class=\"wp-block-image size-full\"><a href=\"https:\/\/www.njng.com\/my-account\/payment-options\/payment-assistance.aspx\" target=\"_blank\" rel=\" noopener\"><img loading=\"lazy\" decoding=\"async\" width=\"560\" height=\"270\" src=\"https:\/\/www.americanonewspaper.com\/es\/wp-content\/uploads\/2026\/08\/NJNaturalGasSpanish-copy.jpg\" alt=\"AYUDA PARA PAGAR ENERG\u00cdA\" class=\"wp-image-33577\" srcset=\"https:\/\/www.americanonewspaper.com\/es\/wp-content\/uploads\/2026\/08\/NJNaturalGasSpanish-copy.jpg 560w, https:\/\/www.americanonewspaper.com\/es\/wp-content\/uploads\/2026\/08\/NJNaturalGasSpanish-copy-300x145.jpg 300w, https:\/\/www.americanonewspaper.com\/es\/wp-content\/uploads\/2026\/08\/NJNaturalGasSpanish-copy-150x72.jpg 150w\" sizes=\"(max-width: 560px) 100vw, 560px\" \/><\/a><figcaption class=\"wp-element-caption\">AYUDA PARA PAGAR ENERG\u00cdA<\/figcaption><\/figure>\n\n\n\n<p class=\"wp-block-paragraph\">Adele Faust, una voluntaria de 37 a\u00f1os que respondi\u00f3 como observadora a una de las redadas de ICE, relat\u00f3 que el 17 de abril de 2026 se acerc\u00f3 a una Nissan Pathfinder negra sin placas en Bridgeton y le pregunt\u00f3 al conductor enmascarado qui\u00e9n era y por qu\u00e9 llevaba una mascarilla N95 negra.<\/p>\n\n\n\n<p class=\"wp-block-paragraph\">Cuando se encontraba a unos 10 pies del veh\u00edculo, este arranc\u00f3 sin dejar de mirarla y la salud\u00f3 con un gesto sarc\u00e1stico, como si fuera una &#8220;Miss Am\u00e9rica&#8221;, escribi\u00f3 Faust. Afirm\u00f3 que esa interacci\u00f3n la enfureci\u00f3 profundamente y que, dado que el hombre no se identific\u00f3, a\u00fan desconoce si se trataba de un agente de ICE o de un delincuente armado que representaba una amenaza para la comunidad.<\/p>\n\n\n\n<p class=\"wp-block-paragraph\">&#8220;Me indign\u00e9 por los miembros vulnerables de la comunidad a quienes debo proteger. \u00bfQu\u00e9 posibilidades tienen de comprender c\u00f3mo protegerse al interactuar con hombres an\u00f3nimos y f\u00edsicamente intimidantes que merodean por su vecindario?&#8221;, escribi\u00f3. &#8220;Si estos hombres se niegan a identificarse, \u00bfc\u00f3mo puedo yo o cualquier otra persona distinguirlos de un delincuente armado?&#8221;.<\/p>\n\n\n\n<p class=\"wp-block-paragraph\">Estados como California, Washington y Nueva York aprobaron sus propias leyes que proh\u00edben a los agentes federales usar m\u00e1scaras. A principios de este mes, <a href=\"https:\/\/www.nytimes.com\/2026\/08\/03\/nyregion\/ice-mask-ban-new-york.html?unlocked_article_code=1.8VA.3v6o.i-lOO9iYP8i4&amp;smid=url-share\">una jueza federal bloque\u00f3 la ley de Nueva York<\/a>, afirmando que espera que la administraci\u00f3n Trump tenga \u00e9xito en el juicio con sus argumentos de que la ley regula directamente a los agentes federales, en violaci\u00f3n a la cl\u00e1usula de supremac\u00eda de la Constituci\u00f3n.<\/p>\n\n\n\n<p class=\"wp-block-paragraph\"><strong><em>Esta traducci\u00f3n fue proporcionada por<\/em><\/strong> <a href=\"https:\/\/reportehispano.com\/\"><strong><em>Reporte Hispano<\/em><\/strong><\/a> <strong><em>en asociaci\u00f3n con el Centro de Medios Cooperativos de la Universidad Estatal de Montclair, y cuenta con el apoyo financiero del Consorcio de Informaci\u00f3n C\u00edvica de NJ. La historia fue escrita originalmente en ingl\u00e9s por<\/em><\/strong> <a href=\"https:\/\/newjerseymonitor.com\/2026\/08\/26\/nj-residents-masked-ice-agents\/\"><strong><em>New Jersey Monitor<\/em><\/strong><\/a> <strong><em>y se vuelve a publicar en virtud de un acuerdo especial para compartir contenido a trav\u00e9s del Servicio de noticias de traducci\u00f3n al espa\u00f1ol de NJ News Commons.<\/em><\/strong><\/p>\n\n\n\n<figure class=\"wp-block-image size-full\"><a href=\"https:\/\/tayakan.com\/\" target=\"_blank\" rel=\" noopener\"><img loading=\"lazy\" decoding=\"async\" width=\"560\" height=\"164\" src=\"https:\/\/www.americanonewspaper.com\/es\/wp-content\/uploads\/2026\/08\/Tayakanlogo560-copy-2.jpg\" alt=\"\" class=\"wp-image-33281\" srcset=\"https:\/\/www.americanonewspaper.com\/es\/wp-content\/uploads\/2026\/08\/Tayakanlogo560-copy-2.jpg 560w, https:\/\/www.americanonewspaper.com\/es\/wp-content\/uploads\/2026\/08\/Tayakanlogo560-copy-2-300x88.jpg 300w, https:\/\/www.americanonewspaper.com\/es\/wp-content\/uploads\/2026\/08\/Tayakanlogo560-copy-2-150x44.jpg 150w\" sizes=\"(max-width: 560px) 100vw, 560px\" \/><\/a><\/figure>\n\n\n\n<p class=\"wp-block-paragraph\"><strong><em>This translation was provided by<\/em><\/strong> <a href=\"https:\/\/reportehispano.com\/\"><strong><em>Reporte Hispano<\/em><\/strong><\/a><strong><em>, in partnership with Montclair State University\u2019s Center for Cooperative Media and is supported financially by the NJ Civic Information Consortium. The story was originally written in English by<\/em><\/strong> <a href=\"https:\/\/newjerseymonitor.com\/2026\/08\/26\/nj-residents-masked-ice-agents\/\"><strong><em>New Jersey Monitor<\/em><\/strong><\/a> <strong><em>and is republished under a special content-sharing agreement through NJ News Commons\u2019 Spanish Translation News Service.<\/em><\/strong><\/p>\n","protected":false},"excerpt":{"rendered":"<p>Residentes de NJ comparten historias de agentes de ICE enmascarados en su lucha por mantener la prohibici\u00f3n del uso de m\u00e1scaras Por Sophie Nieto-Mu\u00f1oz, New Jersey Monitor Nueva Jersey solicit\u00f3 a un juez federal que desestime la impugnaci\u00f3n legal del gobierno de Trump contra una nueva ley estatal que proh\u00edbe a los agentes de inmigraci\u00f3n [&hellip;]<\/p>\n","protected":false},"author":7,"featured_media":33744,"comment_status":"open","ping_status":"open","sticky":false,"template":"","format":"standard","meta":{"_acf_changed":false,"tdm_status":"","tdm_grid_status":"","_jetpack_newsletter_access":"","_jetpack_dont_email_post_to_subs":false,"_jetpack_newsletter_tier_id":0,"_jetpack_memberships_contains_paywalled_content":false,"_jetpack_feature_clip_id":0,"_jetpack_memberships_contains_paid_content":false,"footnotes":"","jetpack_publicize_message":"{title}\n\n{excerpt}\n\n{url}","jetpack_publicize_feature_enabled":true,"jetpack_social_post_already_shared":false,"jetpack_social_options":{"image_generator_settings":{"template":"highway","default_image_id":0,"font":"","enabled":false,"token":"eyJpbWciOiJodHRwczpcL1wvd3d3LmFtZXJpY2Fub25ld3NwYXBlci5jb21cL2VzXC93cC1jb250ZW50XC91cGxvYWRzXC8yMDI2XC8wOVwvaW1hZ2UtMi03NTB4NTAwLmpwZWciLCJ0eHQiOiJBZ2VudGVzIGRlIElDRSBzaWd1ZW4gZW5tYXNjYXJhZG9zLiIsInRlbXBsYXRlIjoiaGlnaHdheSIsImZvbnQiOiIiLCJibG9nX2lkIjoyMjg2MTk1NzR9.42k8WxfwWyS2As0Itbus9L19QsKdwQwxddaZpJyBJOEMQ"},"version":2,"media_source":"featured-image","attached_media":[{"id":33744,"url":"https:\/\/www.americanonewspaper.com\/es\/wp-content\/uploads\/2026\/09\/image-2.jpeg","type":"image\/jpeg"}]},"_wpas_customize_per_network":false,"jetpack_post_was_ever_published":false,"_members_access_role":[],"_members_access_error":""},"categories":[1173,1145,196,246],"tags":[],"class_list":["post-33743","post","type-post","status-publish","format-standard","has-post-thumbnail","category-administracion-trump","category-deportacion","category-immigration","category-new-jersey"],"acf":[],"yoast_head":"<!-- This site is optimized with the Yoast SEO Premium plugin v28.4 (Yoast SEO v28.4) - https:\/\/yoast.com\/product\/yoast-seo-premium-wordpress\/ -->\n<title>Agentes de ICE siguen enmascarados. - Americano Newspaper<\/title>\n<meta name=\"description\" content=\"Nueva Jersey solicit\u00f3 a un juez federal que desestime la impugnaci\u00f3n legal del gobierno de Trump contra una nueva ley estatal que proh\u00edbe a los agentes de inmigraci\u00f3n usar mascarillas. Esta solicitud se present\u00f3 en un nuevo documento legal respaldado por m\u00e1s de una docena de declaraciones juradas que describen a agentes federales enmascarados persiguiendo a ni\u00f1os de primaria en una parada de autob\u00fas, irrumpiendo en la casa de una mujer de 75 a\u00f1os y sacando a un hombre de un auto mientras le dec\u00edan a su esposa: &quot;Nunca m\u00e1s lo volver\u00e1s a ver&quot;.\" \/>\n<meta name=\"robots\" content=\"index, follow, max-snippet:-1, max-image-preview:large, max-video-preview:-1\" \/>\n<link rel=\"canonical\" href=\"https:\/\/www.americanonewspaper.com\/es\/immigration\/agentes-de-ice-siguen-enmascarados\/\" \/>\n<meta property=\"og:locale\" content=\"en_US\" \/>\n<meta property=\"og:type\" content=\"article\" \/>\n<meta property=\"og:title\" content=\"Agentes de ICE siguen enmascarados.\" \/>\n<meta property=\"og:description\" content=\"Nueva Jersey solicit\u00f3 a un juez federal que desestime la impugnaci\u00f3n legal del gobierno de Trump contra una nueva ley estatal que proh\u00edbe a los agentes de inmigraci\u00f3n usar mascarillas. Esta solicitud se present\u00f3 en un nuevo documento legal respaldado por m\u00e1s de una docena de declaraciones juradas que describen a agentes federales enmascarados persiguiendo a ni\u00f1os de primaria en una parada de autob\u00fas, irrumpiendo en la casa de una mujer de 75 a\u00f1os y sacando a un hombre de un auto mientras le dec\u00edan a su esposa: &quot;Nunca m\u00e1s lo volver\u00e1s a ver&quot;.\" \/>\n<meta property=\"og:url\" content=\"https:\/\/www.americanonewspaper.com\/es\/immigration\/agentes-de-ice-siguen-enmascarados\/\" \/>\n<meta property=\"og:site_name\" content=\"Americano Newspaper\" \/>\n<meta property=\"article:publisher\" content=\"https:\/\/www.facebook.com\/AmericanoNewspaper\/\" \/>\n<meta property=\"article:published_time\" content=\"2026-09-02T13:01:03+00:00\" \/>\n<meta property=\"article:modified_time\" content=\"2026-09-02T13:01:08+00:00\" \/>\n<meta property=\"og:image\" content=\"https:\/\/www.americanonewspaper.com\/es\/wp-content\/uploads\/2026\/09\/image-2.jpeg\" \/>\n\t<meta property=\"og:image:width\" content=\"800\" \/>\n\t<meta property=\"og:image:height\" content=\"533\" \/>\n\t<meta property=\"og:image:type\" content=\"image\/jpeg\" \/>\n<meta name=\"author\" content=\"Author\" \/>\n<meta name=\"twitter:card\" content=\"summary_large_image\" \/>\n<meta name=\"twitter:label1\" content=\"Written by\" \/>\n\t<meta name=\"twitter:data1\" content=\"Author\" \/>\n\t<meta name=\"twitter:label2\" content=\"Est. reading time\" \/>\n\t<meta name=\"twitter:data2\" content=\"10 minutes\" \/>\n<script type=\"application\/ld+json\" class=\"yoast-schema-graph\">{\"@context\":\"https:\\\/\\\/schema.org\",\"@graph\":[{\"@type\":\"Article\",\"@id\":\"https:\\\/\\\/www.americanonewspaper.com\\\/es\\\/immigration\\\/agentes-de-ice-siguen-enmascarados\\\/#article\",\"isPartOf\":{\"@id\":\"https:\\\/\\\/www.americanonewspaper.com\\\/es\\\/immigration\\\/agentes-de-ice-siguen-enmascarados\\\/\"},\"author\":{\"name\":\"Author\",\"@id\":\"https:\\\/\\\/www.americanonewspaper.com\\\/es\\\/#\\\/schema\\\/person\\\/8967f6b8af7e37bcbbe61f68580ff088\"},\"headline\":\"Agentes de ICE siguen enmascarados.\",\"datePublished\":\"2026-09-02T13:01:03+00:00\",\"dateModified\":\"2026-09-02T13:01:08+00:00\",\"mainEntityOfPage\":{\"@id\":\"https:\\\/\\\/www.americanonewspaper.com\\\/es\\\/immigration\\\/agentes-de-ice-siguen-enmascarados\\\/\"},\"wordCount\":1746,\"commentCount\":0,\"publisher\":{\"@id\":\"https:\\\/\\\/www.americanonewspaper.com\\\/es\\\/#organization\"},\"image\":{\"@id\":\"https:\\\/\\\/www.americanonewspaper.com\\\/es\\\/immigration\\\/agentes-de-ice-siguen-enmascarados\\\/#primaryimage\"},\"thumbnailUrl\":\"https:\\\/\\\/www.americanonewspaper.com\\\/es\\\/wp-content\\\/uploads\\\/2026\\\/09\\\/image-2.jpeg\",\"articleSection\":[\"Administraci\u00f3n Trump\",\"Deportaci\u00f3n\",\"Inmigraci\u00f3n\",\"New Jersey\"],\"inLanguage\":\"en-US\",\"potentialAction\":[{\"@type\":\"CommentAction\",\"name\":\"Comment\",\"target\":[\"https:\\\/\\\/www.americanonewspaper.com\\\/es\\\/immigration\\\/agentes-de-ice-siguen-enmascarados\\\/#respond\"]}]},{\"@type\":\"WebPage\",\"@id\":\"https:\\\/\\\/www.americanonewspaper.com\\\/es\\\/immigration\\\/agentes-de-ice-siguen-enmascarados\\\/\",\"url\":\"https:\\\/\\\/www.americanonewspaper.com\\\/es\\\/immigration\\\/agentes-de-ice-siguen-enmascarados\\\/\",\"name\":\"Agentes de ICE siguen enmascarados. - Americano Newspaper\",\"isPartOf\":{\"@id\":\"https:\\\/\\\/www.americanonewspaper.com\\\/es\\\/#website\"},\"primaryImageOfPage\":{\"@id\":\"https:\\\/\\\/www.americanonewspaper.com\\\/es\\\/immigration\\\/agentes-de-ice-siguen-enmascarados\\\/#primaryimage\"},\"image\":{\"@id\":\"https:\\\/\\\/www.americanonewspaper.com\\\/es\\\/immigration\\\/agentes-de-ice-siguen-enmascarados\\\/#primaryimage\"},\"thumbnailUrl\":\"https:\\\/\\\/www.americanonewspaper.com\\\/es\\\/wp-content\\\/uploads\\\/2026\\\/09\\\/image-2.jpeg\",\"datePublished\":\"2026-09-02T13:01:03+00:00\",\"dateModified\":\"2026-09-02T13:01:08+00:00\",\"description\":\"Nueva Jersey solicit\u00f3 a un juez federal que desestime la impugnaci\u00f3n legal del gobierno de Trump contra una nueva ley estatal que proh\u00edbe a los agentes de inmigraci\u00f3n usar mascarillas. Esta solicitud se present\u00f3 en un nuevo documento legal respaldado por m\u00e1s de una docena de declaraciones juradas que describen a agentes federales enmascarados persiguiendo a ni\u00f1os de primaria en una parada de autob\u00fas, irrumpiendo en la casa de una mujer de 75 a\u00f1os y sacando a un hombre de un auto mientras le dec\u00edan a su esposa: \\\"Nunca m\u00e1s lo volver\u00e1s a ver\\\".\",\"breadcrumb\":{\"@id\":\"https:\\\/\\\/www.americanonewspaper.com\\\/es\\\/immigration\\\/agentes-de-ice-siguen-enmascarados\\\/#breadcrumb\"},\"inLanguage\":\"en-US\",\"potentialAction\":[{\"@type\":\"ReadAction\",\"target\":[\"https:\\\/\\\/www.americanonewspaper.com\\\/es\\\/immigration\\\/agentes-de-ice-siguen-enmascarados\\\/\"]}]},{\"@type\":\"ImageObject\",\"inLanguage\":\"en-US\",\"@id\":\"https:\\\/\\\/www.americanonewspaper.com\\\/es\\\/immigration\\\/agentes-de-ice-siguen-enmascarados\\\/#primaryimage\",\"url\":\"https:\\\/\\\/www.americanonewspaper.com\\\/es\\\/wp-content\\\/uploads\\\/2026\\\/09\\\/image-2.jpeg\",\"contentUrl\":\"https:\\\/\\\/www.americanonewspaper.com\\\/es\\\/wp-content\\\/uploads\\\/2026\\\/09\\\/image-2.jpeg\",\"width\":800,\"height\":533,\"caption\":\"Nueva Jersey solicita a un juez que rechace la iniciativa del gobierno de Trump para derogar una ley estatal que proh\u00edbe a los agentes de ICE usar m\u00e1scaras. Un nuevo documento legal explica los motivos. (Foto de Ben Ackman\\\/New Jersey Monitor)\"},{\"@type\":\"BreadcrumbList\",\"@id\":\"https:\\\/\\\/www.americanonewspaper.com\\\/es\\\/immigration\\\/agentes-de-ice-siguen-enmascarados\\\/#breadcrumb\",\"itemListElement\":[{\"@type\":\"ListItem\",\"position\":1,\"name\":\"Home\",\"item\":\"https:\\\/\\\/www.americanonewspaper.com\\\/es\\\/\"},{\"@type\":\"ListItem\",\"position\":2,\"name\":\"Agentes de ICE siguen enmascarados.\"}]},{\"@type\":\"WebSite\",\"@id\":\"https:\\\/\\\/www.americanonewspaper.com\\\/es\\\/#website\",\"url\":\"https:\\\/\\\/www.americanonewspaper.com\\\/es\\\/\",\"name\":\"Americano Newspaper\",\"description\":\"The Hispanic Newspaper of New Jersey.\",\"publisher\":{\"@id\":\"https:\\\/\\\/www.americanonewspaper.com\\\/es\\\/#organization\"},\"potentialAction\":[{\"@type\":\"SearchAction\",\"target\":{\"@type\":\"EntryPoint\",\"urlTemplate\":\"https:\\\/\\\/www.americanonewspaper.com\\\/es\\\/?s={search_term_string}\"},\"query-input\":{\"@type\":\"PropertyValueSpecification\",\"valueRequired\":true,\"valueName\":\"search_term_string\"}}],\"inLanguage\":\"en-US\"},{\"@type\":\"Organization\",\"@id\":\"https:\\\/\\\/www.americanonewspaper.com\\\/es\\\/#organization\",\"name\":\"Americano Newspaper\",\"url\":\"https:\\\/\\\/www.americanonewspaper.com\\\/es\\\/\",\"logo\":{\"@type\":\"ImageObject\",\"inLanguage\":\"en-US\",\"@id\":\"https:\\\/\\\/www.americanonewspaper.com\\\/es\\\/#\\\/schema\\\/logo\\\/image\\\/\",\"url\":\"https:\\\/\\\/www.americanonewspaper.com\\\/es\\\/wp-content\\\/uploads\\\/2024\\\/05\\\/AmericanoLogoCircle.comCircle2.jpg\",\"contentUrl\":\"https:\\\/\\\/www.americanonewspaper.com\\\/es\\\/wp-content\\\/uploads\\\/2024\\\/05\\\/AmericanoLogoCircle.comCircle2.jpg\",\"width\":600,\"height\":600,\"caption\":\"Americano Newspaper\"},\"image\":{\"@id\":\"https:\\\/\\\/www.americanonewspaper.com\\\/es\\\/#\\\/schema\\\/logo\\\/image\\\/\"},\"sameAs\":[\"https:\\\/\\\/www.facebook.com\\\/AmericanoNewspaper\\\/\"]},{\"@type\":\"Person\",\"@id\":\"https:\\\/\\\/www.americanonewspaper.com\\\/es\\\/#\\\/schema\\\/person\\\/8967f6b8af7e37bcbbe61f68580ff088\",\"name\":\"Author\",\"image\":{\"@type\":\"ImageObject\",\"inLanguage\":\"en-US\",\"@id\":\"https:\\\/\\\/www.americanonewspaper.com\\\/es\\\/wp-content\\\/litespeed\\\/avatar\\\/89ffaf6af3cf6769ffb3c6efb2313947.jpg?ver=1787930627\",\"url\":\"https:\\\/\\\/www.americanonewspaper.com\\\/es\\\/wp-content\\\/litespeed\\\/avatar\\\/89ffaf6af3cf6769ffb3c6efb2313947.jpg?ver=1787930627\",\"contentUrl\":\"https:\\\/\\\/www.americanonewspaper.com\\\/es\\\/wp-content\\\/litespeed\\\/avatar\\\/89ffaf6af3cf6769ffb3c6efb2313947.jpg?ver=1787930627\",\"caption\":\"Author\"},\"url\":\"https:\\\/\\\/www.americanonewspaper.com\\\/es\\\/author\\\/americano\\\/\"}]}<\/script>\n<!-- \/ Yoast SEO Premium plugin. -->","yoast_head_json":{"title":"Agentes de ICE siguen enmascarados. - Americano Newspaper","description":"Nueva Jersey solicit\u00f3 a un juez federal que desestime la impugnaci\u00f3n legal del gobierno de Trump contra una nueva ley estatal que proh\u00edbe a los agentes de inmigraci\u00f3n usar mascarillas. Esta solicitud se present\u00f3 en un nuevo documento legal respaldado por m\u00e1s de una docena de declaraciones juradas que describen a agentes federales enmascarados persiguiendo a ni\u00f1os de primaria en una parada de autob\u00fas, irrumpiendo en la casa de una mujer de 75 a\u00f1os y sacando a un hombre de un auto mientras le dec\u00edan a su esposa: \"Nunca m\u00e1s lo volver\u00e1s a ver\".","robots":{"index":"index","follow":"follow","max-snippet":"max-snippet:-1","max-image-preview":"max-image-preview:large","max-video-preview":"max-video-preview:-1"},"canonical":"https:\/\/www.americanonewspaper.com\/es\/immigration\/agentes-de-ice-siguen-enmascarados\/","og_locale":"en_US","og_type":"article","og_title":"Agentes de ICE siguen enmascarados.","og_description":"Nueva Jersey solicit\u00f3 a un juez federal que desestime la impugnaci\u00f3n legal del gobierno de Trump contra una nueva ley estatal que proh\u00edbe a los agentes de inmigraci\u00f3n usar mascarillas. Esta solicitud se present\u00f3 en un nuevo documento legal respaldado por m\u00e1s de una docena de declaraciones juradas que describen a agentes federales enmascarados persiguiendo a ni\u00f1os de primaria en una parada de autob\u00fas, irrumpiendo en la casa de una mujer de 75 a\u00f1os y sacando a un hombre de un auto mientras le dec\u00edan a su esposa: \"Nunca m\u00e1s lo volver\u00e1s a ver\".","og_url":"https:\/\/www.americanonewspaper.com\/es\/immigration\/agentes-de-ice-siguen-enmascarados\/","og_site_name":"Americano Newspaper","article_publisher":"https:\/\/www.facebook.com\/AmericanoNewspaper\/","article_published_time":"2026-09-02T13:01:03+00:00","article_modified_time":"2026-09-02T13:01:08+00:00","og_image":[{"width":800,"height":533,"url":"https:\/\/www.americanonewspaper.com\/es\/wp-content\/uploads\/2026\/09\/image-2.jpeg","type":"image\/jpeg"}],"author":"Author","twitter_card":"summary_large_image","twitter_misc":{"Written by":"Author","Est. reading time":"10 minutes"},"schema":{"@context":"https:\/\/schema.org","@graph":[{"@type":"Article","@id":"https:\/\/www.americanonewspaper.com\/es\/immigration\/agentes-de-ice-siguen-enmascarados\/#article","isPartOf":{"@id":"https:\/\/www.americanonewspaper.com\/es\/immigration\/agentes-de-ice-siguen-enmascarados\/"},"author":{"name":"Author","@id":"https:\/\/www.americanonewspaper.com\/es\/#\/schema\/person\/8967f6b8af7e37bcbbe61f68580ff088"},"headline":"Agentes de ICE siguen enmascarados.","datePublished":"2026-09-02T13:01:03+00:00","dateModified":"2026-09-02T13:01:08+00:00","mainEntityOfPage":{"@id":"https:\/\/www.americanonewspaper.com\/es\/immigration\/agentes-de-ice-siguen-enmascarados\/"},"wordCount":1746,"commentCount":0,"publisher":{"@id":"https:\/\/www.americanonewspaper.com\/es\/#organization"},"image":{"@id":"https:\/\/www.americanonewspaper.com\/es\/immigration\/agentes-de-ice-siguen-enmascarados\/#primaryimage"},"thumbnailUrl":"https:\/\/www.americanonewspaper.com\/es\/wp-content\/uploads\/2026\/09\/image-2.jpeg","articleSection":["Administraci\u00f3n Trump","Deportaci\u00f3n","Inmigraci\u00f3n","New Jersey"],"inLanguage":"en-US","potentialAction":[{"@type":"CommentAction","name":"Comment","target":["https:\/\/www.americanonewspaper.com\/es\/immigration\/agentes-de-ice-siguen-enmascarados\/#respond"]}]},{"@type":"WebPage","@id":"https:\/\/www.americanonewspaper.com\/es\/immigration\/agentes-de-ice-siguen-enmascarados\/","url":"https:\/\/www.americanonewspaper.com\/es\/immigration\/agentes-de-ice-siguen-enmascarados\/","name":"Agentes de ICE siguen enmascarados. - Americano Newspaper","isPartOf":{"@id":"https:\/\/www.americanonewspaper.com\/es\/#website"},"primaryImageOfPage":{"@id":"https:\/\/www.americanonewspaper.com\/es\/immigration\/agentes-de-ice-siguen-enmascarados\/#primaryimage"},"image":{"@id":"https:\/\/www.americanonewspaper.com\/es\/immigration\/agentes-de-ice-siguen-enmascarados\/#primaryimage"},"thumbnailUrl":"https:\/\/www.americanonewspaper.com\/es\/wp-content\/uploads\/2026\/09\/image-2.jpeg","datePublished":"2026-09-02T13:01:03+00:00","dateModified":"2026-09-02T13:01:08+00:00","description":"Nueva Jersey solicit\u00f3 a un juez federal que desestime la impugnaci\u00f3n legal del gobierno de Trump contra una nueva ley estatal que proh\u00edbe a los agentes de inmigraci\u00f3n usar mascarillas. Esta solicitud se present\u00f3 en un nuevo documento legal respaldado por m\u00e1s de una docena de declaraciones juradas que describen a agentes federales enmascarados persiguiendo a ni\u00f1os de primaria en una parada de autob\u00fas, irrumpiendo en la casa de una mujer de 75 a\u00f1os y sacando a un hombre de un auto mientras le dec\u00edan a su esposa: \"Nunca m\u00e1s lo volver\u00e1s a ver\".","breadcrumb":{"@id":"https:\/\/www.americanonewspaper.com\/es\/immigration\/agentes-de-ice-siguen-enmascarados\/#breadcrumb"},"inLanguage":"en-US","potentialAction":[{"@type":"ReadAction","target":["https:\/\/www.americanonewspaper.com\/es\/immigration\/agentes-de-ice-siguen-enmascarados\/"]}]},{"@type":"ImageObject","inLanguage":"en-US","@id":"https:\/\/www.americanonewspaper.com\/es\/immigration\/agentes-de-ice-siguen-enmascarados\/#primaryimage","url":"https:\/\/www.americanonewspaper.com\/es\/wp-content\/uploads\/2026\/09\/image-2.jpeg","contentUrl":"https:\/\/www.americanonewspaper.com\/es\/wp-content\/uploads\/2026\/09\/image-2.jpeg","width":800,"height":533,"caption":"Nueva Jersey solicita a un juez que rechace la iniciativa del gobierno de Trump para derogar una ley estatal que proh\u00edbe a los agentes de ICE usar m\u00e1scaras. Un nuevo documento legal explica los motivos. (Foto de Ben Ackman\/New Jersey Monitor)"},{"@type":"BreadcrumbList","@id":"https:\/\/www.americanonewspaper.com\/es\/immigration\/agentes-de-ice-siguen-enmascarados\/#breadcrumb","itemListElement":[{"@type":"ListItem","position":1,"name":"Home","item":"https:\/\/www.americanonewspaper.com\/es\/"},{"@type":"ListItem","position":2,"name":"Agentes de ICE siguen enmascarados."}]},{"@type":"WebSite","@id":"https:\/\/www.americanonewspaper.com\/es\/#website","url":"https:\/\/www.americanonewspaper.com\/es\/","name":"Americano Newspaper","description":"The Hispanic Newspaper of New Jersey.","publisher":{"@id":"https:\/\/www.americanonewspaper.com\/es\/#organization"},"potentialAction":[{"@type":"SearchAction","target":{"@type":"EntryPoint","urlTemplate":"https:\/\/www.americanonewspaper.com\/es\/?s={search_term_string}"},"query-input":{"@type":"PropertyValueSpecification","valueRequired":true,"valueName":"search_term_string"}}],"inLanguage":"en-US"},{"@type":"Organization","@id":"https:\/\/www.americanonewspaper.com\/es\/#organization","name":"Americano Newspaper","url":"https:\/\/www.americanonewspaper.com\/es\/","logo":{"@type":"ImageObject","inLanguage":"en-US","@id":"https:\/\/www.americanonewspaper.com\/es\/#\/schema\/logo\/image\/","url":"https:\/\/www.americanonewspaper.com\/es\/wp-content\/uploads\/2024\/05\/AmericanoLogoCircle.comCircle2.jpg","contentUrl":"https:\/\/www.americanonewspaper.com\/es\/wp-content\/uploads\/2024\/05\/AmericanoLogoCircle.comCircle2.jpg","width":600,"height":600,"caption":"Americano Newspaper"},"image":{"@id":"https:\/\/www.americanonewspaper.com\/es\/#\/schema\/logo\/image\/"},"sameAs":["https:\/\/www.facebook.com\/AmericanoNewspaper\/"]},{"@type":"Person","@id":"https:\/\/www.americanonewspaper.com\/es\/#\/schema\/person\/8967f6b8af7e37bcbbe61f68580ff088","name":"Author","image":{"@type":"ImageObject","inLanguage":"en-US","@id":"https:\/\/www.americanonewspaper.com\/es\/wp-content\/litespeed\/avatar\/89ffaf6af3cf6769ffb3c6efb2313947.jpg?ver=1787930627","url":"https:\/\/www.americanonewspaper.com\/es\/wp-content\/litespeed\/avatar\/89ffaf6af3cf6769ffb3c6efb2313947.jpg?ver=1787930627","contentUrl":"https:\/\/www.americanonewspaper.com\/es\/wp-content\/litespeed\/avatar\/89ffaf6af3cf6769ffb3c6efb2313947.jpg?ver=1787930627","caption":"Author"},"url":"https:\/\/www.americanonewspaper.com\/es\/author\/americano\/"}]}},"jetpack_publicize_connections":[],"featured_image_urls":{"full":["https:\/\/www.americanonewspaper.com\/es\/wp-content\/uploads\/2026\/09\/image-2.jpeg",800,533,false],"thumbnail":["https:\/\/www.americanonewspaper.com\/es\/wp-content\/uploads\/2026\/09\/image-2-250x250.jpeg",250,250,true],"medium":["https:\/\/www.americanonewspaper.com\/es\/wp-content\/uploads\/2026\/09\/image-2-300x200.jpeg",300,200,true],"medium_large":["https:\/\/www.americanonewspaper.com\/es\/wp-content\/uploads\/2026\/09\/image-2-767x511.jpeg",696,464,true],"large":["https:\/\/www.americanonewspaper.com\/es\/wp-content\/uploads\/2026\/09\/image-2-750x500.jpeg",696,464,true],"1536x1536":["https:\/\/www.americanonewspaper.com\/es\/wp-content\/uploads\/2026\/09\/image-2.jpeg",800,533,false],"2048x2048":["https:\/\/www.americanonewspaper.com\/es\/wp-content\/uploads\/2026\/09\/image-2.jpeg",800,533,false],"td_150x0":["https:\/\/www.americanonewspaper.com\/es\/wp-content\/uploads\/2026\/09\/image-2-149x99.jpeg",149,99,true],"td_218x150":["https:\/\/www.americanonewspaper.com\/es\/wp-content\/uploads\/2026\/09\/image-2-218x150.jpeg",218,150,true],"td_300x0":["https:\/\/www.americanonewspaper.com\/es\/wp-content\/uploads\/2026\/09\/image-2-299x199.jpeg",299,199,true],"td_324x400":["https:\/\/www.americanonewspaper.com\/es\/wp-content\/uploads\/2026\/09\/image-2-323x215.jpeg",323,215,true],"td_485x360":["https:\/\/www.americanonewspaper.com\/es\/wp-content\/uploads\/2026\/09\/image-2-485x360.jpeg",485,360,true],"td_696x0":["https:\/\/www.americanonewspaper.com\/es\/wp-content\/uploads\/2026\/09\/image-2-695x463.jpeg",695,463,true],"td_1068x0":["https:\/\/www.americanonewspaper.com\/es\/wp-content\/uploads\/2026\/09\/image-2.jpeg",800,533,false],"td_1920x0":["https:\/\/www.americanonewspaper.com\/es\/wp-content\/uploads\/2026\/09\/image-2.jpeg",800,533,false],"bdpp-medium":["https:\/\/www.americanonewspaper.com\/es\/wp-content\/uploads\/2026\/09\/image-2-640x480.jpeg",640,480,true]},"author_info":{"display_name":"Author","author_link":"https:\/\/www.americanonewspaper.com\/es\/author\/americano\/"},"category_info":"<a href=\"https:\/\/www.americanonewspaper.com\/es\/category\/donald-trump\/administracion-trump\/\" rel=\"category tag\">Administraci\u00f3n Trump<\/a> <a href=\"https:\/\/www.americanonewspaper.com\/es\/category\/immigration\/deportacion\/\" rel=\"category tag\">Deportaci\u00f3n<\/a> <a href=\"https:\/\/www.americanonewspaper.com\/es\/category\/immigration\/\" rel=\"category tag\">Inmigraci\u00f3n<\/a> <a href=\"https:\/\/www.americanonewspaper.com\/es\/category\/new-jersey\/\" rel=\"category tag\">New Jersey<\/a>","tag_info":"New Jersey","comment_count":"0","jetpack_sharing_enabled":true,"jetpack_likes_enabled":true,"jetpack_featured_media_url":"https:\/\/www.americanonewspaper.com\/es\/wp-content\/uploads\/2026\/09\/image-2.jpeg","_links":{"self":[{"href":"https:\/\/www.americanonewspaper.com\/es\/wp-json\/wp\/v2\/posts\/33743","targetHints":{"allow":["GET"]}}],"collection":[{"href":"https:\/\/www.americanonewspaper.com\/es\/wp-json\/wp\/v2\/posts"}],"about":[{"href":"https:\/\/www.americanonewspaper.com\/es\/wp-json\/wp\/v2\/types\/post"}],"author":[{"embeddable":true,"href":"https:\/\/www.americanonewspaper.com\/es\/wp-json\/wp\/v2\/users\/7"}],"replies":[{"embeddable":true,"href":"https:\/\/www.americanonewspaper.com\/es\/wp-json\/wp\/v2\/comments?post=33743"}],"version-history":[{"count":1,"href":"https:\/\/www.americanonewspaper.com\/es\/wp-json\/wp\/v2\/posts\/33743\/revisions"}],"predecessor-version":[{"id":33747,"href":"https:\/\/www.americanonewspaper.com\/es\/wp-json\/wp\/v2\/posts\/33743\/revisions\/33747"}],"wp:featuredmedia":[{"embeddable":true,"href":"https:\/\/www.americanonewspaper.com\/es\/wp-json\/wp\/v2\/media\/33744"}],"wp:attachment":[{"href":"https:\/\/www.americanonewspaper.com\/es\/wp-json\/wp\/v2\/media?parent=33743"}],"wp:term":[{"taxonomy":"category","embeddable":true,"href":"https:\/\/www.americanonewspaper.com\/es\/wp-json\/wp\/v2\/categories?post=33743"},{"taxonomy":"post_tag","embeddable":true,"href":"https:\/\/www.americanonewspaper.com\/es\/wp-json\/wp\/v2\/tags?post=33743"}],"curies":[{"name":"wp","href":"https:\/\/api.w.org\/{rel}","templated":true}]}}