{"id":33739,"date":"2026-09-01T22:30:53","date_gmt":"2026-09-02T02:30:53","guid":{"rendered":"https:\/\/www.americanonewspaper.com\/es\/?p=33739"},"modified":"2026-09-01T22:31:33","modified_gmt":"2026-09-02T02:31:33","slug":"argentina-ya-piensa-en-la-era-pos-messi-y-se-encamina-hacia-una-renovacion-inevitable","status":"publish","type":"post","link":"https:\/\/www.americanonewspaper.com\/es\/argentina\/argentina-ya-piensa-en-la-era-pos-messi-y-se-encamina-hacia-una-renovacion-inevitable\/","title":{"rendered":"Argentina ya piensa en la era pos-Messi y se encamina hacia una renovaci\u00f3n inevitable"},"content":{"rendered":"\n<p class=\"wp-block-paragraph\">Buenos Aires, (EFE).<\/p>\n\n\n\n<p class=\"has-drop-cap wp-block-paragraph\">El anuncio este lunes de la renuncia de Lionel Messi a la selecci\u00f3n argentina de f\u00fatbol marca el final de una era en la Albiceleste y el inicio de una inevitable renovaci\u00f3n que no solo incluir\u00e1 la designaci\u00f3n de un nuevo capit\u00e1n y un n\u00famero 10 sino tambi\u00e9n la salida de varias figuras y el ascenso de j\u00f3venes promesas.<\/p>\n\n\n\n<p class=\"wp-block-paragraph\">El final de las m\u00e1s de dos d\u00e9cadas de Messi con la celeste y blanca en el pecho sacudi\u00f3 este lunes a los argentinos, acostumbrados desde hace a\u00f1os a contar con la magia de &#8216;la Pulga&#8217; en cada encuentro de su seleccionado.<\/p>\n\n\n\n<p class=\"wp-block-paragraph\">Muchos incluso no tienen recuerdos de la era pre-Messi y han crecido gritando sus goles y, m\u00e1s recientemente, celebrando sus t\u00edtulos.<\/p>\n\n\n\n<figure class=\"wp-block-image size-full\"><a href=\"https:\/\/ggllawyers.com\/new-jersey-personal-injury-and-workers-compensation-lawyer\/\" target=\"_blank\" rel=\" noopener\"><img fetchpriority=\"high\" decoding=\"async\" width=\"560\" height=\"269\" src=\"https:\/\/www.americanonewspaper.com\/es\/wp-content\/uploads\/2026\/08\/GGlSpanish.jpg\" alt=\"ABOGADOS DE ACCIDENTES\" class=\"wp-image-33359\" srcset=\"https:\/\/www.americanonewspaper.com\/es\/wp-content\/uploads\/2026\/08\/GGlSpanish.jpg 560w, https:\/\/www.americanonewspaper.com\/es\/wp-content\/uploads\/2026\/08\/GGlSpanish-300x144.jpg 300w, https:\/\/www.americanonewspaper.com\/es\/wp-content\/uploads\/2026\/08\/GGlSpanish-150x72.jpg 150w\" sizes=\"(max-width: 560px) 100vw, 560px\" \/><\/a><figcaption class=\"wp-element-caption\">ABOGADOS DE ACCIDENTES<\/figcaption><\/figure>\n\n\n\n<p class=\"wp-block-paragraph\">Ahora, tras el anuncio del \u00eddolo de 39 a\u00f1os de su decisi\u00f3n de poner punto final a su camino albiceleste tras la derrota en la final del Mundial 2026, el equipo comienza un nuevo cap\u00edtulo que presenta, por el momento, m\u00e1s interrogantes que certezas.<\/p>\n\n\n\n<h2 id=\"h-efecto-domino-nbsp\" class=\"wp-block-heading\"><strong>\u00bfEfecto domin\u00f3?&nbsp;<\/strong><\/h2>\n\n\n\n<p class=\"wp-block-paragraph\">La duda m\u00e1s inmediata es qu\u00e9 otras estrellas del seleccionado se marchar\u00e1n junto a su capit\u00e1n.<\/p>\n\n\n\n<p class=\"wp-block-paragraph\">Este martes, el mediocampista Leandro Paredes, de 32 a\u00f1os, puso en duda su continuidad y explic\u00f3 que la salida de Messi es un factor de peso: &#8220;Creo que en estos a\u00f1os, en este proceso, hemos conseguido formar un grupo de jugadores y personas incre\u00edbles, y en ese grupo ten\u00edamos a nuestro l\u00edder, que era Leo, y \u00e9l ya no estar\u00e1&#8221;.<\/p>\n\n\n\n<p class=\"wp-block-paragraph\">A ellos se suma tambi\u00e9n la baja de Nicol\u00e1s Otamendi, quien hab\u00eda anunciado antes del Mundial que esta ser\u00eda su \u00faltima funci\u00f3n con la Albiceleste, y las dudas sobre el futuro de otras piezas clave de la &#8216;Scaloneta&#8217; como Nicol\u00e1s Tagliafico, Rodrigo de Paul o el portero Emiliano Mart\u00ednez.<\/p>\n\n\n\n<figure class=\"wp-block-image size-full\"><a href=\"https:\/\/www.linkedin.com\/in\/jaimeberrios\/\" target=\"_blank\" rel=\" noopener\"><img decoding=\"async\" width=\"560\" height=\"257\" src=\"https:\/\/www.americanonewspaper.com\/es\/wp-content\/uploads\/2026\/08\/Jaime-copy-2.jpg\" alt=\"\" class=\"wp-image-33360\" srcset=\"https:\/\/www.americanonewspaper.com\/es\/wp-content\/uploads\/2026\/08\/Jaime-copy-2.jpg 560w, https:\/\/www.americanonewspaper.com\/es\/wp-content\/uploads\/2026\/08\/Jaime-copy-2-300x138.jpg 300w, https:\/\/www.americanonewspaper.com\/es\/wp-content\/uploads\/2026\/08\/Jaime-copy-2-150x69.jpg 150w\" sizes=\"(max-width: 560px) 100vw, 560px\" \/><\/a><\/figure>\n\n\n\n<p class=\"wp-block-paragraph\">El gran interrogante es sin embargo la continuidad de Lionel Scaloni en el banquillo, ya que el contrato del entrenador vence a final de a\u00f1o y, tras la derrota ante Espa\u00f1a en la final mundialista, anticip\u00f3 que iba a tomarse un tiempo para pensar antes de tomar una decisi\u00f3n.<\/p>\n\n\n\n<p class=\"wp-block-paragraph\">R\u00e1pidamente comenz\u00f3 una danza de nombres sobre potenciales reemplazantes de Scaloni, algo que se ha extendido en las \u00faltimas horas a potenciales candidatos a quedarse con la cinta de capit\u00e1n de Messi y con su camiseta n\u00famero 10.<\/p>\n\n\n\n<p class=\"wp-block-paragraph\">En cuando a la capitan\u00eda, una de las opciones m\u00e1s firmes es el zaguero Cristian Romero, pilar de la defensa durante los \u00faltimos a\u00f1os y que ya ha llevado la cinta en el brazo en varias ocasiones ante distintas ausencias de Messi.<\/p>\n\n\n\n<p class=\"wp-block-paragraph\">Tagliafico y &#8216;el Dibu&#8217; Mart\u00ednez tambi\u00e9n han sido designados como capitanes en el pasado, pero es posible que el entrenador se decante por un jugador de campo cuya continuidad en el equipo est\u00e9 asegurada por los pr\u00f3ximos a\u00f1os.<\/p>\n\n\n\n<figure class=\"wp-block-image size-full\"><a href=\"https:\/\/www.njng.com\/my-account\/payment-options\/payment-assistance.aspx\" target=\"_blank\" rel=\" noopener\"><img decoding=\"async\" width=\"560\" height=\"270\" src=\"https:\/\/www.americanonewspaper.com\/es\/wp-content\/uploads\/2026\/08\/NJNaturalGasSpanish-copy.jpg\" alt=\"AYUDA PARA PAGAR ENERG\u00cdA\" class=\"wp-image-33577\" srcset=\"https:\/\/www.americanonewspaper.com\/es\/wp-content\/uploads\/2026\/08\/NJNaturalGasSpanish-copy.jpg 560w, https:\/\/www.americanonewspaper.com\/es\/wp-content\/uploads\/2026\/08\/NJNaturalGasSpanish-copy-300x145.jpg 300w, https:\/\/www.americanonewspaper.com\/es\/wp-content\/uploads\/2026\/08\/NJNaturalGasSpanish-copy-150x72.jpg 150w\" sizes=\"(max-width: 560px) 100vw, 560px\" \/><\/a><figcaption class=\"wp-element-caption\">AYUDA PARA PAGAR ENERG\u00cdA<\/figcaption><\/figure>\n\n\n\n<p class=\"wp-block-paragraph\">Respecto al n\u00famero 10, pese a que algunas voces han pedido que la camiseta fuera retirada para honrar la memoria de Messi, todo parece indicar que quedar\u00e1 en manos de alguno de los futbolistas que asoman como nuevos referentes del plantel.<\/p>\n\n\n\n<p class=\"wp-block-paragraph\">Una de las opciones es el delantero Lautaro Mart\u00ednez, que viste el n\u00famero 10 en el Inter de Italia. La camiseta podr\u00eda recaer tambi\u00e9n en alguno de los reemplazantes naturales de Messi en el terreno de juego, como Thiago Almada o Nicol\u00e1s Paz, aunque existe la posibilidad de que el entrenador opte por asign\u00e1rsela a alg\u00fan jugador de mayor recorrido en la Albiceleste, como Alexis Mac Allister o Enzo Fern\u00e1ndez.<\/p>\n\n\n\n<h2 id=\"h-un-recambio-postergado\" class=\"wp-block-heading\"><strong>Un recambio postergado<\/strong><\/h2>\n\n\n\n<p class=\"wp-block-paragraph\">La b\u00fasqueda de nuevos l\u00edderes se da en paralelo con el ascenso de j\u00f3venes promesas que en los \u00faltimos a\u00f1os se toparon con la longevidad de algunos campeones en Catar 2022 y la t\u00edmida rotaci\u00f3n de Scaloni.<\/p>\n\n\n\n<p class=\"wp-block-paragraph\">Entre ellos destacan jugadores como Valent\u00edn Barco, recientemente fichado por el Chelsea ingl\u00e9s, y Giuliano Simeone, de gran presente en el Atl\u00e9tico Madrid, aunque tambi\u00e9n aparecen otros como Gianluca Prestianni, del Benfica portugu\u00e9s; Alejandro Garnacho, del Aston Villa; y Franco Mastantuono, nueva incorporaci\u00f3n del Fiorentina italiano.<\/p>\n\n\n\n<p class=\"wp-block-paragraph\">Otro sector del campo de juego donde se prev\u00e9 una importante renovaci\u00f3n es la defensa, sobre todo en los laterales, dado que Romero y Lisandro Mart\u00ednez se perfilan como una zaga con proyecci\u00f3n a futuro.<\/p>\n\n\n\n<figure class=\"wp-block-image size-full\"><a href=\"https:\/\/www.americanonewspaper.com\/es\/community\/aviso-de-reunion-publica-de-ewing-township\/\" target=\"_blank\" rel=\" noopener\"><img loading=\"lazy\" decoding=\"async\" width=\"560\" height=\"270\" src=\"https:\/\/www.americanonewspaper.com\/es\/wp-content\/uploads\/2026\/08\/EwingTownship-copyNoclick.jpg\" alt=\"Aviso de reuni\u00f3n p\u00fablica sobre la Subvenci\u00f3n en Bloque para el Desarrollo Comunitario (CDBG) del Departamento de Vivienda y Desarrollo Urbano de los EE. UU. (HUD)\" class=\"wp-image-33420\" srcset=\"https:\/\/www.americanonewspaper.com\/es\/wp-content\/uploads\/2026\/08\/EwingTownship-copyNoclick.jpg 560w, https:\/\/www.americanonewspaper.com\/es\/wp-content\/uploads\/2026\/08\/EwingTownship-copyNoclick-300x145.jpg 300w, https:\/\/www.americanonewspaper.com\/es\/wp-content\/uploads\/2026\/08\/EwingTownship-copyNoclick-150x72.jpg 150w\" sizes=\"(max-width: 560px) 100vw, 560px\" \/><\/a><figcaption class=\"wp-element-caption\">Aviso de reuni\u00f3n p\u00fablica sobre la Subvenci\u00f3n en Bloque para el Desarrollo Comunitario (CDBG) del Departamento de Vivienda y Desarrollo Urbano de los EE. UU. (HUD)<\/figcaption><\/figure>\n\n\n\n<p class=\"wp-block-paragraph\">Facundo Medina, fichado por el Bayern Leverkusen, mostr\u00f3 un buen nivel cuando le toc\u00f3 ingresar en el lateral izquierdo durante el \u00faltimo Mundial, mientras que en el costado derecho Scaloni tuvo en la mira a Agust\u00edn Giay, del Palmeiras brasile\u00f1o, y Nicol\u00e1s Capaldo, del Hamburgo alem\u00e1n, como alternativas para Gonzalo Montiel y Nahuel Molina, que llegaron con molestias a la cita mundialista.<\/p>\n\n\n\n<p class=\"wp-block-paragraph\">En la porter\u00eda, el nombre que m\u00e1s promete es el del joven Santiago Beltr\u00e1n, que a fuerza de buenos rendimientos logr\u00f3 desplazar a Franco Armani de la porter\u00eda de River Plate.<\/p>\n\n\n\n<p class=\"wp-block-paragraph\">Esta renovaci\u00f3n podr\u00eda darse de forma inminente, ya que la Albiceleste tiene por delante dos fechas FIFA este a\u00f1o, una entre finales de septiembre y principios de octubre y otra a mediados de noviembre, aunque por el momento no hay rivales confirmados para potenciales amistosos.<\/p>\n\n\n\n<p class=\"wp-block-paragraph\">Pese a la larga lista de inc\u00f3gnitas, la afici\u00f3n argentina cuenta ya con la certeza de que el exitoso ciclo de los \u00faltimos a\u00f1os, que incluy\u00f3 la coronaci\u00f3n en Catar y en las Copas Am\u00e9rica de 2021 y 2024, ha llegado a su fin y que a partir de ahora comienza una nueva etapa, la era pos-Messi.<\/p>\n\n\n\n<figure class=\"wp-block-image size-full\"><a href=\"https:\/\/www.linkedin.com\/in\/oscaralbertoquintana\/\" target=\"_blank\" rel=\" noopener\"><img loading=\"lazy\" decoding=\"async\" width=\"560\" height=\"274\" src=\"https:\/\/www.americanonewspaper.com\/es\/wp-content\/uploads\/2026\/08\/LacerdaOQSpanish-copy.jpg\" alt=\"\" class=\"wp-image-33404\" srcset=\"https:\/\/www.americanonewspaper.com\/es\/wp-content\/uploads\/2026\/08\/LacerdaOQSpanish-copy.jpg 560w, https:\/\/www.americanonewspaper.com\/es\/wp-content\/uploads\/2026\/08\/LacerdaOQSpanish-copy-300x147.jpg 300w, https:\/\/www.americanonewspaper.com\/es\/wp-content\/uploads\/2026\/08\/LacerdaOQSpanish-copy-150x73.jpg 150w\" sizes=\"(max-width: 560px) 100vw, 560px\" \/><\/a><\/figure>\n","protected":false},"excerpt":{"rendered":"<p>Buenos Aires, (EFE). El anuncio este lunes de la renuncia de Lionel Messi a la selecci\u00f3n argentina de f\u00fatbol marca el final de una era en la Albiceleste y el inicio de una inevitable renovaci\u00f3n que no solo incluir\u00e1 la designaci\u00f3n de un nuevo capit\u00e1n y un n\u00famero 10 sino tambi\u00e9n la salida de varias [&hellip;]<\/p>\n","protected":false},"author":12,"featured_media":33741,"comment_status":"open","ping_status":"open","sticky":true,"template":"","format":"standard","meta":{"_acf_changed":false,"tdm_status":"","tdm_grid_status":"","_jetpack_newsletter_access":"","_jetpack_dont_email_post_to_subs":false,"_jetpack_newsletter_tier_id":0,"_jetpack_memberships_contains_paywalled_content":false,"_jetpack_feature_clip_id":0,"_jetpack_memberships_contains_paid_content":false,"footnotes":"","jetpack_publicize_message":"{title}\n\n{excerpt}\n\n{url}","jetpack_publicize_feature_enabled":true,"jetpack_social_post_already_shared":true,"jetpack_social_options":{"image_generator_settings":{"template":"highway","default_image_id":0,"font":"","enabled":false},"version":2},"_wpas_customize_per_network":false,"jetpack_post_was_ever_published":false,"_members_access_role":[],"_members_access_error":""},"categories":[89,1575],"tags":[],"class_list":["post-33739","post","type-post","status-publish","format-standard","has-post-thumbnail","category-argentina","category-lionel-messi"],"acf":[],"yoast_head":"<!-- This site is optimized with the Yoast SEO Premium plugin v28.4 (Yoast SEO v28.4) - https:\/\/yoast.com\/product\/yoast-seo-premium-wordpress\/ -->\n<title>Argentina ya piensa en la era pos-Messi y se encamina hacia una renovaci\u00f3n inevitable - Americano Newspaper<\/title>\n<meta name=\"description\" content=\"El anuncio este lunes de la renuncia de Lionel Messi a la selecci\u00f3n argentina de f\u00fatbol marca el final de una era en la Albiceleste y el inicio de una inevitable renovaci\u00f3n que no solo incluir\u00e1 la designaci\u00f3n de un nuevo capit\u00e1n y un n\u00famero 10 sino tambi\u00e9n la salida de varias figuras y el ascenso de j\u00f3venes promesas.\" \/>\n<meta name=\"robots\" content=\"index, follow, max-snippet:-1, max-image-preview:large, max-video-preview:-1\" \/>\n<link rel=\"canonical\" href=\"https:\/\/www.americanonewspaper.com\/es\/argentina\/argentina-ya-piensa-en-la-era-pos-messi-y-se-encamina-hacia-una-renovacion-inevitable\/\" \/>\n<meta property=\"og:locale\" content=\"en_US\" \/>\n<meta property=\"og:type\" content=\"article\" \/>\n<meta property=\"og:title\" content=\"Argentina ya piensa en la era pos-Messi y se encamina hacia una renovaci\u00f3n inevitable\" \/>\n<meta property=\"og:description\" content=\"El anuncio este lunes de la renuncia de Lionel Messi a la selecci\u00f3n argentina de f\u00fatbol marca el final de una era en la Albiceleste y el inicio de una inevitable renovaci\u00f3n que no solo incluir\u00e1 la designaci\u00f3n de un nuevo capit\u00e1n y un n\u00famero 10 sino tambi\u00e9n la salida de varias figuras y el ascenso de j\u00f3venes promesas.\" \/>\n<meta property=\"og:url\" content=\"https:\/\/www.americanonewspaper.com\/es\/argentina\/argentina-ya-piensa-en-la-era-pos-messi-y-se-encamina-hacia-una-renovacion-inevitable\/\" \/>\n<meta property=\"og:site_name\" content=\"Americano Newspaper\" \/>\n<meta property=\"article:publisher\" content=\"https:\/\/www.facebook.com\/AmericanoNewspaper\/\" \/>\n<meta property=\"article:published_time\" content=\"2026-09-02T02:30:53+00:00\" \/>\n<meta property=\"article:modified_time\" content=\"2026-09-02T02:31:33+00:00\" \/>\n<meta property=\"og:image\" content=\"https:\/\/www.americanonewspaper.com\/es\/wp-content\/uploads\/2026\/09\/81b313b5eb8ea544a86d368534a640704d5e3b24.jpg\" \/>\n\t<meta property=\"og:image:width\" content=\"560\" \/>\n\t<meta property=\"og:image:height\" content=\"387\" \/>\n\t<meta property=\"og:image:type\" content=\"image\/jpeg\" \/>\n<meta name=\"author\" content=\"Maria Quintana\" \/>\n<meta name=\"twitter:card\" content=\"summary_large_image\" \/>\n<meta name=\"twitter:label1\" content=\"Written by\" \/>\n\t<meta name=\"twitter:data1\" content=\"Maria Quintana\" \/>\n\t<meta name=\"twitter:label2\" content=\"Est. reading time\" \/>\n\t<meta name=\"twitter:data2\" content=\"6 minutes\" \/>\n<script type=\"application\/ld+json\" class=\"yoast-schema-graph\">{\"@context\":\"https:\\\/\\\/schema.org\",\"@graph\":[{\"@type\":\"Article\",\"@id\":\"https:\\\/\\\/www.americanonewspaper.com\\\/es\\\/argentina\\\/argentina-ya-piensa-en-la-era-pos-messi-y-se-encamina-hacia-una-renovacion-inevitable\\\/#article\",\"isPartOf\":{\"@id\":\"https:\\\/\\\/www.americanonewspaper.com\\\/es\\\/argentina\\\/argentina-ya-piensa-en-la-era-pos-messi-y-se-encamina-hacia-una-renovacion-inevitable\\\/\"},\"author\":{\"name\":\"Maria Quintana\",\"@id\":\"https:\\\/\\\/www.americanonewspaper.com\\\/es\\\/#\\\/schema\\\/person\\\/ff0825ff964ec074668f1d9571f5232d\"},\"headline\":\"Argentina ya piensa en la era pos-Messi y se encamina hacia una renovaci\u00f3n inevitable\",\"datePublished\":\"2026-09-02T02:30:53+00:00\",\"dateModified\":\"2026-09-02T02:31:33+00:00\",\"mainEntityOfPage\":{\"@id\":\"https:\\\/\\\/www.americanonewspaper.com\\\/es\\\/argentina\\\/argentina-ya-piensa-en-la-era-pos-messi-y-se-encamina-hacia-una-renovacion-inevitable\\\/\"},\"wordCount\":1018,\"commentCount\":0,\"publisher\":{\"@id\":\"https:\\\/\\\/www.americanonewspaper.com\\\/es\\\/#organization\"},\"image\":{\"@id\":\"https:\\\/\\\/www.americanonewspaper.com\\\/es\\\/argentina\\\/argentina-ya-piensa-en-la-era-pos-messi-y-se-encamina-hacia-una-renovacion-inevitable\\\/#primaryimage\"},\"thumbnailUrl\":\"https:\\\/\\\/www.americanonewspaper.com\\\/es\\\/wp-content\\\/uploads\\\/2026\\\/09\\\/81b313b5eb8ea544a86d368534a640704d5e3b24.jpg\",\"articleSection\":[\"Argentina\",\"Lionel Messi\"],\"inLanguage\":\"en-US\",\"potentialAction\":[{\"@type\":\"CommentAction\",\"name\":\"Comment\",\"target\":[\"https:\\\/\\\/www.americanonewspaper.com\\\/es\\\/argentina\\\/argentina-ya-piensa-en-la-era-pos-messi-y-se-encamina-hacia-una-renovacion-inevitable\\\/#respond\"]}]},{\"@type\":\"WebPage\",\"@id\":\"https:\\\/\\\/www.americanonewspaper.com\\\/es\\\/argentina\\\/argentina-ya-piensa-en-la-era-pos-messi-y-se-encamina-hacia-una-renovacion-inevitable\\\/\",\"url\":\"https:\\\/\\\/www.americanonewspaper.com\\\/es\\\/argentina\\\/argentina-ya-piensa-en-la-era-pos-messi-y-se-encamina-hacia-una-renovacion-inevitable\\\/\",\"name\":\"Argentina ya piensa en la era pos-Messi y se encamina hacia una renovaci\u00f3n inevitable - Americano Newspaper\",\"isPartOf\":{\"@id\":\"https:\\\/\\\/www.americanonewspaper.com\\\/es\\\/#website\"},\"primaryImageOfPage\":{\"@id\":\"https:\\\/\\\/www.americanonewspaper.com\\\/es\\\/argentina\\\/argentina-ya-piensa-en-la-era-pos-messi-y-se-encamina-hacia-una-renovacion-inevitable\\\/#primaryimage\"},\"image\":{\"@id\":\"https:\\\/\\\/www.americanonewspaper.com\\\/es\\\/argentina\\\/argentina-ya-piensa-en-la-era-pos-messi-y-se-encamina-hacia-una-renovacion-inevitable\\\/#primaryimage\"},\"thumbnailUrl\":\"https:\\\/\\\/www.americanonewspaper.com\\\/es\\\/wp-content\\\/uploads\\\/2026\\\/09\\\/81b313b5eb8ea544a86d368534a640704d5e3b24.jpg\",\"datePublished\":\"2026-09-02T02:30:53+00:00\",\"dateModified\":\"2026-09-02T02:31:33+00:00\",\"description\":\"El anuncio este lunes de la renuncia de Lionel Messi a la selecci\u00f3n argentina de f\u00fatbol marca el final de una era en la Albiceleste y el inicio de una inevitable renovaci\u00f3n que no solo incluir\u00e1 la designaci\u00f3n de un nuevo capit\u00e1n y un n\u00famero 10 sino tambi\u00e9n la salida de varias figuras y el ascenso de j\u00f3venes promesas.\",\"breadcrumb\":{\"@id\":\"https:\\\/\\\/www.americanonewspaper.com\\\/es\\\/argentina\\\/argentina-ya-piensa-en-la-era-pos-messi-y-se-encamina-hacia-una-renovacion-inevitable\\\/#breadcrumb\"},\"inLanguage\":\"en-US\",\"potentialAction\":[{\"@type\":\"ReadAction\",\"target\":[\"https:\\\/\\\/www.americanonewspaper.com\\\/es\\\/argentina\\\/argentina-ya-piensa-en-la-era-pos-messi-y-se-encamina-hacia-una-renovacion-inevitable\\\/\"]}]},{\"@type\":\"ImageObject\",\"inLanguage\":\"en-US\",\"@id\":\"https:\\\/\\\/www.americanonewspaper.com\\\/es\\\/argentina\\\/argentina-ya-piensa-en-la-era-pos-messi-y-se-encamina-hacia-una-renovacion-inevitable\\\/#primaryimage\",\"url\":\"https:\\\/\\\/www.americanonewspaper.com\\\/es\\\/wp-content\\\/uploads\\\/2026\\\/09\\\/81b313b5eb8ea544a86d368534a640704d5e3b24.jpg\",\"contentUrl\":\"https:\\\/\\\/www.americanonewspaper.com\\\/es\\\/wp-content\\\/uploads\\\/2026\\\/09\\\/81b313b5eb8ea544a86d368534a640704d5e3b24.jpg\",\"width\":560,\"height\":387,\"caption\":\"Lionel Messi, capit\u00e1n de Argentina, con la copa del mundo ganada en el Mundial de Catar 2022. EFE\\\/EPA\\\/TOLGA BOZOGLU\"},{\"@type\":\"BreadcrumbList\",\"@id\":\"https:\\\/\\\/www.americanonewspaper.com\\\/es\\\/argentina\\\/argentina-ya-piensa-en-la-era-pos-messi-y-se-encamina-hacia-una-renovacion-inevitable\\\/#breadcrumb\",\"itemListElement\":[{\"@type\":\"ListItem\",\"position\":1,\"name\":\"Home\",\"item\":\"https:\\\/\\\/www.americanonewspaper.com\\\/es\\\/\"},{\"@type\":\"ListItem\",\"position\":2,\"name\":\"Argentina ya piensa en la era pos-Messi y se encamina hacia una renovaci\u00f3n inevitable\"}]},{\"@type\":\"WebSite\",\"@id\":\"https:\\\/\\\/www.americanonewspaper.com\\\/es\\\/#website\",\"url\":\"https:\\\/\\\/www.americanonewspaper.com\\\/es\\\/\",\"name\":\"Americano Newspaper\",\"description\":\"The Hispanic Newspaper of New Jersey.\",\"publisher\":{\"@id\":\"https:\\\/\\\/www.americanonewspaper.com\\\/es\\\/#organization\"},\"potentialAction\":[{\"@type\":\"SearchAction\",\"target\":{\"@type\":\"EntryPoint\",\"urlTemplate\":\"https:\\\/\\\/www.americanonewspaper.com\\\/es\\\/?s={search_term_string}\"},\"query-input\":{\"@type\":\"PropertyValueSpecification\",\"valueRequired\":true,\"valueName\":\"search_term_string\"}}],\"inLanguage\":\"en-US\"},{\"@type\":\"Organization\",\"@id\":\"https:\\\/\\\/www.americanonewspaper.com\\\/es\\\/#organization\",\"name\":\"Americano Newspaper\",\"url\":\"https:\\\/\\\/www.americanonewspaper.com\\\/es\\\/\",\"logo\":{\"@type\":\"ImageObject\",\"inLanguage\":\"en-US\",\"@id\":\"https:\\\/\\\/www.americanonewspaper.com\\\/es\\\/#\\\/schema\\\/logo\\\/image\\\/\",\"url\":\"https:\\\/\\\/www.americanonewspaper.com\\\/es\\\/wp-content\\\/uploads\\\/2024\\\/05\\\/AmericanoLogoCircle.comCircle2.jpg\",\"contentUrl\":\"https:\\\/\\\/www.americanonewspaper.com\\\/es\\\/wp-content\\\/uploads\\\/2024\\\/05\\\/AmericanoLogoCircle.comCircle2.jpg\",\"width\":600,\"height\":600,\"caption\":\"Americano Newspaper\"},\"image\":{\"@id\":\"https:\\\/\\\/www.americanonewspaper.com\\\/es\\\/#\\\/schema\\\/logo\\\/image\\\/\"},\"sameAs\":[\"https:\\\/\\\/www.facebook.com\\\/AmericanoNewspaper\\\/\"]},{\"@type\":\"Person\",\"@id\":\"https:\\\/\\\/www.americanonewspaper.com\\\/es\\\/#\\\/schema\\\/person\\\/ff0825ff964ec074668f1d9571f5232d\",\"name\":\"Maria Quintana\",\"image\":{\"@type\":\"ImageObject\",\"inLanguage\":\"en-US\",\"@id\":\"https:\\\/\\\/www.americanonewspaper.com\\\/es\\\/wp-content\\\/uploads\\\/2024\\\/02\\\/Crystal-Quintana-250x250.jpg\",\"url\":\"https:\\\/\\\/www.americanonewspaper.com\\\/es\\\/wp-content\\\/uploads\\\/2024\\\/02\\\/Crystal-Quintana-250x250.jpg\",\"contentUrl\":\"https:\\\/\\\/www.americanonewspaper.com\\\/es\\\/wp-content\\\/uploads\\\/2024\\\/02\\\/Crystal-Quintana-250x250.jpg\",\"caption\":\"Maria Quintana\"},\"url\":\"https:\\\/\\\/www.americanonewspaper.com\\\/es\\\/author\\\/crystal\\\/\"}]}<\/script>\n<!-- \/ Yoast SEO Premium plugin. -->","yoast_head_json":{"title":"Argentina ya piensa en la era pos-Messi y se encamina hacia una renovaci\u00f3n inevitable - Americano Newspaper","description":"El anuncio este lunes de la renuncia de Lionel Messi a la selecci\u00f3n argentina de f\u00fatbol marca el final de una era en la Albiceleste y el inicio de una inevitable renovaci\u00f3n que no solo incluir\u00e1 la designaci\u00f3n de un nuevo capit\u00e1n y un n\u00famero 10 sino tambi\u00e9n la salida de varias figuras y el ascenso de j\u00f3venes promesas.","robots":{"index":"index","follow":"follow","max-snippet":"max-snippet:-1","max-image-preview":"max-image-preview:large","max-video-preview":"max-video-preview:-1"},"canonical":"https:\/\/www.americanonewspaper.com\/es\/argentina\/argentina-ya-piensa-en-la-era-pos-messi-y-se-encamina-hacia-una-renovacion-inevitable\/","og_locale":"en_US","og_type":"article","og_title":"Argentina ya piensa en la era pos-Messi y se encamina hacia una renovaci\u00f3n inevitable","og_description":"El anuncio este lunes de la renuncia de Lionel Messi a la selecci\u00f3n argentina de f\u00fatbol marca el final de una era en la Albiceleste y el inicio de una inevitable renovaci\u00f3n que no solo incluir\u00e1 la designaci\u00f3n de un nuevo capit\u00e1n y un n\u00famero 10 sino tambi\u00e9n la salida de varias figuras y el ascenso de j\u00f3venes promesas.","og_url":"https:\/\/www.americanonewspaper.com\/es\/argentina\/argentina-ya-piensa-en-la-era-pos-messi-y-se-encamina-hacia-una-renovacion-inevitable\/","og_site_name":"Americano Newspaper","article_publisher":"https:\/\/www.facebook.com\/AmericanoNewspaper\/","article_published_time":"2026-09-02T02:30:53+00:00","article_modified_time":"2026-09-02T02:31:33+00:00","og_image":[{"width":560,"height":387,"url":"https:\/\/www.americanonewspaper.com\/es\/wp-content\/uploads\/2026\/09\/81b313b5eb8ea544a86d368534a640704d5e3b24.jpg","type":"image\/jpeg"}],"author":"Maria Quintana","twitter_card":"summary_large_image","twitter_misc":{"Written by":"Maria Quintana","Est. reading time":"6 minutes"},"schema":{"@context":"https:\/\/schema.org","@graph":[{"@type":"Article","@id":"https:\/\/www.americanonewspaper.com\/es\/argentina\/argentina-ya-piensa-en-la-era-pos-messi-y-se-encamina-hacia-una-renovacion-inevitable\/#article","isPartOf":{"@id":"https:\/\/www.americanonewspaper.com\/es\/argentina\/argentina-ya-piensa-en-la-era-pos-messi-y-se-encamina-hacia-una-renovacion-inevitable\/"},"author":{"name":"Maria Quintana","@id":"https:\/\/www.americanonewspaper.com\/es\/#\/schema\/person\/ff0825ff964ec074668f1d9571f5232d"},"headline":"Argentina ya piensa en la era pos-Messi y se encamina hacia una renovaci\u00f3n inevitable","datePublished":"2026-09-02T02:30:53+00:00","dateModified":"2026-09-02T02:31:33+00:00","mainEntityOfPage":{"@id":"https:\/\/www.americanonewspaper.com\/es\/argentina\/argentina-ya-piensa-en-la-era-pos-messi-y-se-encamina-hacia-una-renovacion-inevitable\/"},"wordCount":1018,"commentCount":0,"publisher":{"@id":"https:\/\/www.americanonewspaper.com\/es\/#organization"},"image":{"@id":"https:\/\/www.americanonewspaper.com\/es\/argentina\/argentina-ya-piensa-en-la-era-pos-messi-y-se-encamina-hacia-una-renovacion-inevitable\/#primaryimage"},"thumbnailUrl":"https:\/\/www.americanonewspaper.com\/es\/wp-content\/uploads\/2026\/09\/81b313b5eb8ea544a86d368534a640704d5e3b24.jpg","articleSection":["Argentina","Lionel Messi"],"inLanguage":"en-US","potentialAction":[{"@type":"CommentAction","name":"Comment","target":["https:\/\/www.americanonewspaper.com\/es\/argentina\/argentina-ya-piensa-en-la-era-pos-messi-y-se-encamina-hacia-una-renovacion-inevitable\/#respond"]}]},{"@type":"WebPage","@id":"https:\/\/www.americanonewspaper.com\/es\/argentina\/argentina-ya-piensa-en-la-era-pos-messi-y-se-encamina-hacia-una-renovacion-inevitable\/","url":"https:\/\/www.americanonewspaper.com\/es\/argentina\/argentina-ya-piensa-en-la-era-pos-messi-y-se-encamina-hacia-una-renovacion-inevitable\/","name":"Argentina ya piensa en la era pos-Messi y se encamina hacia una renovaci\u00f3n inevitable - Americano Newspaper","isPartOf":{"@id":"https:\/\/www.americanonewspaper.com\/es\/#website"},"primaryImageOfPage":{"@id":"https:\/\/www.americanonewspaper.com\/es\/argentina\/argentina-ya-piensa-en-la-era-pos-messi-y-se-encamina-hacia-una-renovacion-inevitable\/#primaryimage"},"image":{"@id":"https:\/\/www.americanonewspaper.com\/es\/argentina\/argentina-ya-piensa-en-la-era-pos-messi-y-se-encamina-hacia-una-renovacion-inevitable\/#primaryimage"},"thumbnailUrl":"https:\/\/www.americanonewspaper.com\/es\/wp-content\/uploads\/2026\/09\/81b313b5eb8ea544a86d368534a640704d5e3b24.jpg","datePublished":"2026-09-02T02:30:53+00:00","dateModified":"2026-09-02T02:31:33+00:00","description":"El anuncio este lunes de la renuncia de Lionel Messi a la selecci\u00f3n argentina de f\u00fatbol marca el final de una era en la Albiceleste y el inicio de una inevitable renovaci\u00f3n que no solo incluir\u00e1 la designaci\u00f3n de un nuevo capit\u00e1n y un n\u00famero 10 sino tambi\u00e9n la salida de varias figuras y el ascenso de j\u00f3venes promesas.","breadcrumb":{"@id":"https:\/\/www.americanonewspaper.com\/es\/argentina\/argentina-ya-piensa-en-la-era-pos-messi-y-se-encamina-hacia-una-renovacion-inevitable\/#breadcrumb"},"inLanguage":"en-US","potentialAction":[{"@type":"ReadAction","target":["https:\/\/www.americanonewspaper.com\/es\/argentina\/argentina-ya-piensa-en-la-era-pos-messi-y-se-encamina-hacia-una-renovacion-inevitable\/"]}]},{"@type":"ImageObject","inLanguage":"en-US","@id":"https:\/\/www.americanonewspaper.com\/es\/argentina\/argentina-ya-piensa-en-la-era-pos-messi-y-se-encamina-hacia-una-renovacion-inevitable\/#primaryimage","url":"https:\/\/www.americanonewspaper.com\/es\/wp-content\/uploads\/2026\/09\/81b313b5eb8ea544a86d368534a640704d5e3b24.jpg","contentUrl":"https:\/\/www.americanonewspaper.com\/es\/wp-content\/uploads\/2026\/09\/81b313b5eb8ea544a86d368534a640704d5e3b24.jpg","width":560,"height":387,"caption":"Lionel Messi, capit\u00e1n de Argentina, con la copa del mundo ganada en el Mundial de Catar 2022. EFE\/EPA\/TOLGA BOZOGLU"},{"@type":"BreadcrumbList","@id":"https:\/\/www.americanonewspaper.com\/es\/argentina\/argentina-ya-piensa-en-la-era-pos-messi-y-se-encamina-hacia-una-renovacion-inevitable\/#breadcrumb","itemListElement":[{"@type":"ListItem","position":1,"name":"Home","item":"https:\/\/www.americanonewspaper.com\/es\/"},{"@type":"ListItem","position":2,"name":"Argentina ya piensa en la era pos-Messi y se encamina hacia una renovaci\u00f3n inevitable"}]},{"@type":"WebSite","@id":"https:\/\/www.americanonewspaper.com\/es\/#website","url":"https:\/\/www.americanonewspaper.com\/es\/","name":"Americano Newspaper","description":"The Hispanic Newspaper of New Jersey.","publisher":{"@id":"https:\/\/www.americanonewspaper.com\/es\/#organization"},"potentialAction":[{"@type":"SearchAction","target":{"@type":"EntryPoint","urlTemplate":"https:\/\/www.americanonewspaper.com\/es\/?s={search_term_string}"},"query-input":{"@type":"PropertyValueSpecification","valueRequired":true,"valueName":"search_term_string"}}],"inLanguage":"en-US"},{"@type":"Organization","@id":"https:\/\/www.americanonewspaper.com\/es\/#organization","name":"Americano Newspaper","url":"https:\/\/www.americanonewspaper.com\/es\/","logo":{"@type":"ImageObject","inLanguage":"en-US","@id":"https:\/\/www.americanonewspaper.com\/es\/#\/schema\/logo\/image\/","url":"https:\/\/www.americanonewspaper.com\/es\/wp-content\/uploads\/2024\/05\/AmericanoLogoCircle.comCircle2.jpg","contentUrl":"https:\/\/www.americanonewspaper.com\/es\/wp-content\/uploads\/2024\/05\/AmericanoLogoCircle.comCircle2.jpg","width":600,"height":600,"caption":"Americano Newspaper"},"image":{"@id":"https:\/\/www.americanonewspaper.com\/es\/#\/schema\/logo\/image\/"},"sameAs":["https:\/\/www.facebook.com\/AmericanoNewspaper\/"]},{"@type":"Person","@id":"https:\/\/www.americanonewspaper.com\/es\/#\/schema\/person\/ff0825ff964ec074668f1d9571f5232d","name":"Maria Quintana","image":{"@type":"ImageObject","inLanguage":"en-US","@id":"https:\/\/www.americanonewspaper.com\/es\/wp-content\/uploads\/2024\/02\/Crystal-Quintana-250x250.jpg","url":"https:\/\/www.americanonewspaper.com\/es\/wp-content\/uploads\/2024\/02\/Crystal-Quintana-250x250.jpg","contentUrl":"https:\/\/www.americanonewspaper.com\/es\/wp-content\/uploads\/2024\/02\/Crystal-Quintana-250x250.jpg","caption":"Maria Quintana"},"url":"https:\/\/www.americanonewspaper.com\/es\/author\/crystal\/"}]}},"jetpack_publicize_connections":[],"featured_image_urls":{"full":["https:\/\/www.americanonewspaper.com\/es\/wp-content\/uploads\/2026\/09\/81b313b5eb8ea544a86d368534a640704d5e3b24.jpg",560,387,false],"thumbnail":["https:\/\/www.americanonewspaper.com\/es\/wp-content\/uploads\/2026\/09\/81b313b5eb8ea544a86d368534a640704d5e3b24-250x250.jpg",250,250,true],"medium":["https:\/\/www.americanonewspaper.com\/es\/wp-content\/uploads\/2026\/09\/81b313b5eb8ea544a86d368534a640704d5e3b24-300x207.jpg",300,207,true],"medium_large":["https:\/\/www.americanonewspaper.com\/es\/wp-content\/uploads\/2026\/09\/81b313b5eb8ea544a86d368534a640704d5e3b24.jpg",560,387,false],"large":["https:\/\/www.americanonewspaper.com\/es\/wp-content\/uploads\/2026\/09\/81b313b5eb8ea544a86d368534a640704d5e3b24.jpg",560,387,false],"1536x1536":["https:\/\/www.americanonewspaper.com\/es\/wp-content\/uploads\/2026\/09\/81b313b5eb8ea544a86d368534a640704d5e3b24.jpg",560,387,false],"2048x2048":["https:\/\/www.americanonewspaper.com\/es\/wp-content\/uploads\/2026\/09\/81b313b5eb8ea544a86d368534a640704d5e3b24.jpg",560,387,false],"td_150x0":["https:\/\/www.americanonewspaper.com\/es\/wp-content\/uploads\/2026\/09\/81b313b5eb8ea544a86d368534a640704d5e3b24-150x104.jpg",150,104,true],"td_218x150":["https:\/\/www.americanonewspaper.com\/es\/wp-content\/uploads\/2026\/09\/81b313b5eb8ea544a86d368534a640704d5e3b24-218x150.jpg",218,150,true],"td_300x0":["https:\/\/www.americanonewspaper.com\/es\/wp-content\/uploads\/2026\/09\/81b313b5eb8ea544a86d368534a640704d5e3b24-300x207.jpg",300,207,true],"td_324x400":["https:\/\/www.americanonewspaper.com\/es\/wp-content\/uploads\/2026\/09\/81b313b5eb8ea544a86d368534a640704d5e3b24-324x387.jpg",324,387,true],"td_485x360":["https:\/\/www.americanonewspaper.com\/es\/wp-content\/uploads\/2026\/09\/81b313b5eb8ea544a86d368534a640704d5e3b24-485x360.jpg",485,360,true],"td_696x0":["https:\/\/www.americanonewspaper.com\/es\/wp-content\/uploads\/2026\/09\/81b313b5eb8ea544a86d368534a640704d5e3b24.jpg",560,387,false],"td_1068x0":["https:\/\/www.americanonewspaper.com\/es\/wp-content\/uploads\/2026\/09\/81b313b5eb8ea544a86d368534a640704d5e3b24.jpg",560,387,false],"td_1920x0":["https:\/\/www.americanonewspaper.com\/es\/wp-content\/uploads\/2026\/09\/81b313b5eb8ea544a86d368534a640704d5e3b24.jpg",560,387,false],"bdpp-medium":["https:\/\/www.americanonewspaper.com\/es\/wp-content\/uploads\/2026\/09\/81b313b5eb8ea544a86d368534a640704d5e3b24.jpg",560,387,false]},"author_info":{"display_name":"Maria Quintana","author_link":"https:\/\/www.americanonewspaper.com\/es\/author\/crystal\/"},"category_info":"<a href=\"https:\/\/www.americanonewspaper.com\/es\/category\/argentina\/\" rel=\"category tag\">Argentina<\/a> <a href=\"https:\/\/www.americanonewspaper.com\/es\/category\/lionel-messi\/\" rel=\"category tag\">Lionel Messi<\/a>","tag_info":"Lionel Messi","comment_count":"0","jetpack_sharing_enabled":true,"jetpack_likes_enabled":true,"jetpack_featured_media_url":"https:\/\/www.americanonewspaper.com\/es\/wp-content\/uploads\/2026\/09\/81b313b5eb8ea544a86d368534a640704d5e3b24.jpg","_links":{"self":[{"href":"https:\/\/www.americanonewspaper.com\/es\/wp-json\/wp\/v2\/posts\/33739","targetHints":{"allow":["GET"]}}],"collection":[{"href":"https:\/\/www.americanonewspaper.com\/es\/wp-json\/wp\/v2\/posts"}],"about":[{"href":"https:\/\/www.americanonewspaper.com\/es\/wp-json\/wp\/v2\/types\/post"}],"author":[{"embeddable":true,"href":"https:\/\/www.americanonewspaper.com\/es\/wp-json\/wp\/v2\/users\/12"}],"replies":[{"embeddable":true,"href":"https:\/\/www.americanonewspaper.com\/es\/wp-json\/wp\/v2\/comments?post=33739"}],"version-history":[{"count":1,"href":"https:\/\/www.americanonewspaper.com\/es\/wp-json\/wp\/v2\/posts\/33739\/revisions"}],"predecessor-version":[{"id":33742,"href":"https:\/\/www.americanonewspaper.com\/es\/wp-json\/wp\/v2\/posts\/33739\/revisions\/33742"}],"wp:featuredmedia":[{"embeddable":true,"href":"https:\/\/www.americanonewspaper.com\/es\/wp-json\/wp\/v2\/media\/33741"}],"wp:attachment":[{"href":"https:\/\/www.americanonewspaper.com\/es\/wp-json\/wp\/v2\/media?parent=33739"}],"wp:term":[{"taxonomy":"category","embeddable":true,"href":"https:\/\/www.americanonewspaper.com\/es\/wp-json\/wp\/v2\/categories?post=33739"},{"taxonomy":"post_tag","embeddable":true,"href":"https:\/\/www.americanonewspaper.com\/es\/wp-json\/wp\/v2\/tags?post=33739"}],"curies":[{"name":"wp","href":"https:\/\/api.w.org\/{rel}","templated":true}]}}