{"id":33736,"date":"2026-09-01T20:34:37","date_gmt":"2026-09-02T00:34:37","guid":{"rendered":"https:\/\/www.americanonewspaper.com\/es\/?p=33736"},"modified":"2026-09-01T20:34:45","modified_gmt":"2026-09-02T00:34:45","slug":"julian-alvarez-se-queda-barca-inscribe-a-gabriel-jesus","status":"publish","type":"post","link":"https:\/\/www.americanonewspaper.com\/es\/fifa\/futbol\/julian-alvarez-se-queda-barca-inscribe-a-gabriel-jesus\/","title":{"rendered":"Juli\u00e1n Alvarez se queda, Bar\u00e7a inscribe a Gabriel Jesus"},"content":{"rendered":"\n<p class=\"dropcapp3 wp-block-paragraph\">Madrid, 1 sep (EFE).- Despu\u00e9s de tres meses de vor\u00e1gine y tensi\u00f3n entre el Atl\u00e9tico de Madrid y el Barcelona, Juli\u00e1n Alvarez sigue en el conjunto rojiblanco; nada cambi\u00f3 tampoco para \u00e9l en el \u00faltimo d\u00eda del plazo,&nbsp;con el deseado retorno de Dani Ceballos al Betis, pendiente de la inscripci\u00f3n, que s\u00ed est\u00e1 hecha para Gabriel Jes\u00fas en el Barcelona, y con las cesiones de Marc Casad\u00f3 y Jos\u00e9 Mar\u00eda Gim\u00e9nez al Deportivo de La Coru\u00f1a, de Harvey Elliot al Valencia y Yousouff Fofana al Sevilla.<\/p>\n\n\n\n<figure class=\"wp-block-image size-full\"><a href=\"https:\/\/ggllawyers.com\/new-jersey-personal-injury-and-workers-compensation-lawyer\/\" target=\"_blank\" rel=\" noopener\"><img fetchpriority=\"high\" decoding=\"async\" width=\"560\" height=\"269\" src=\"https:\/\/www.americanonewspaper.com\/es\/wp-content\/uploads\/2026\/08\/GGlSpanish-1.jpg\" alt=\"ABOGADOS DE ACCIDENTES\" class=\"wp-image-33500\" srcset=\"https:\/\/www.americanonewspaper.com\/es\/wp-content\/uploads\/2026\/08\/GGlSpanish-1.jpg 560w, https:\/\/www.americanonewspaper.com\/es\/wp-content\/uploads\/2026\/08\/GGlSpanish-1-300x144.jpg 300w, https:\/\/www.americanonewspaper.com\/es\/wp-content\/uploads\/2026\/08\/GGlSpanish-1-150x72.jpg 150w\" sizes=\"(max-width: 560px) 100vw, 560px\" \/><\/a><figcaption class=\"wp-element-caption\">ABOGADOS DE ACCIDENTES<\/figcaption><\/figure>\n\n\n\n<p class=\"wp-block-paragraph\">Osasuna tambi\u00e9n fich\u00f3 al delantero franc\u00e9s Romain del Castillo; el Racing de Santander cerr\u00f3 los refuerzos de Aar\u00f3n Mart\u00edn, Jeanuel Belocian, Andr\u00e9 Almeida y el b\u00e9tico Pablo Garc\u00eda; el M\u00e1laga contrat\u00f3 al central Juan Berrocal y al centrocampista sueco Jens Cajuste; el Sevilla, al extremo F\u00e9lix Correia y al atacante Lucas Stassin\u2026<\/p>\n\n\n\n<p class=\"wp-block-paragraph\">Y el Espanyol, al lateral Andoni Gosorabel; el Elche, a Thomas Lemar, Rub\u00e9n S\u00e1nchez, el israel\u00ed Roy Revivo y el argentino Kevin Lomonaco, de Independiente de Avellaneda; el Getafe, al punta Iv\u00e1n Az\u00f3n, desde el Como; el Levante, al medio Axel Tape y al delantero Petar Ratkov; el Rayo Vallecano, al defensa Mujaid Saldick y al portero indonesio Emil Audero.<\/p>\n\n\n\n<figure class=\"wp-block-image size-full\"><a href=\"https:\/\/www.linkedin.com\/in\/jaimeberrios\/\" target=\"_blank\" rel=\" noopener\"><img decoding=\"async\" width=\"560\" height=\"257\" src=\"https:\/\/www.americanonewspaper.com\/es\/wp-content\/uploads\/2026\/08\/Jaime-copy-2-1.jpg\" alt=\"\" class=\"wp-image-33501\" srcset=\"https:\/\/www.americanonewspaper.com\/es\/wp-content\/uploads\/2026\/08\/Jaime-copy-2-1.jpg 560w, https:\/\/www.americanonewspaper.com\/es\/wp-content\/uploads\/2026\/08\/Jaime-copy-2-1-300x138.jpg 300w, https:\/\/www.americanonewspaper.com\/es\/wp-content\/uploads\/2026\/08\/Jaime-copy-2-1-150x69.jpg 150w\" sizes=\"(max-width: 560px) 100vw, 560px\" \/><\/a><\/figure>\n\n\n\n<p class=\"wp-block-paragraph\">Juli\u00e1n Alvarez se queda en el Atl\u00e9tico. No hay vuelta atr\u00e1s hasta enero. Por la ma\u00f1ana, como uno m\u00e1s, frustrado y asumido tan solo desde hace unos d\u00edas que su traspaso al Barcelona era inviable, por m\u00e1s que lo fuera ya desde hace semanas, el delantero argentino de 26 a\u00f1os se entren\u00f3 en el Centro Deportivo de Majadahonda, por primera vez en todo el verano con la convicci\u00f3n \u00fanica de que seguir\u00e1 en el Atl\u00e9tico.<\/p>\n\n\n\n<p class=\"wp-block-paragraph\">La v\u00eda de salida del Arsenal fue desestimada ya por el propio jugador, con contrato en vigor con su actual club hasta el 30 de junio de 2030.<\/p>\n\n\n\n<p class=\"wp-block-paragraph\">Imposible su \u201csue\u00f1o\u201d de jugar en el conjunto azulgrana e impagable su cl\u00e1usula de rescisi\u00f3n de 500 millones de euros, m\u00e1s all\u00e1 de la negativa rotunda a venderlo al Bar\u00e7a tambi\u00e9n es cierto que su pretendiente solo lleg\u00f3 a proponer cien millones de euros a pagar en seis plazos a finales del pasado mayo. No se movi\u00f3 de ah\u00ed. Pero tampoco hubiera servido de nada. El Atl\u00e9tico cerr\u00f3 la puerta de inmediato. Era innegociable.<\/p>\n\n\n\n<figure class=\"wp-block-image size-full\"><a href=\"https:\/\/www.njng.com\/my-account\/payment-options\/payment-assistance.aspx\" target=\"_blank\" rel=\" noopener\"><img decoding=\"async\" width=\"560\" height=\"270\" src=\"https:\/\/www.americanonewspaper.com\/es\/wp-content\/uploads\/2026\/08\/NJNaturalGasSpanish-copy.jpg\" alt=\"AYUDA PARA PAGAR ENERG\u00cdA\" class=\"wp-image-33577\" srcset=\"https:\/\/www.americanonewspaper.com\/es\/wp-content\/uploads\/2026\/08\/NJNaturalGasSpanish-copy.jpg 560w, https:\/\/www.americanonewspaper.com\/es\/wp-content\/uploads\/2026\/08\/NJNaturalGasSpanish-copy-300x145.jpg 300w, https:\/\/www.americanonewspaper.com\/es\/wp-content\/uploads\/2026\/08\/NJNaturalGasSpanish-copy-150x72.jpg 150w\" sizes=\"(max-width: 560px) 100vw, 560px\" \/><\/a><figcaption class=\"wp-element-caption\">AYUDA PARA PAGAR ENERG\u00cdA<\/figcaption><\/figure>\n\n\n\n<p class=\"wp-block-paragraph\">Fue el cap\u00edtulo final de esta temporada veraniega en torno al protagonista principal de todo el mercado, abierto el pasado 1 de julio, aunque ya desde un mes antes hab\u00eda eclosionado el caso Juli\u00e1n Alvarez, cerrado este 1 de septiembre. Si es de manera temporal o definitiva lo dictar\u00e1 el paso de los d\u00edas, los pr\u00f3ximos periodos de inscripci\u00f3n, la propia evoluci\u00f3n del Atl\u00e9tico en este curso y si hay reconciliaci\u00f3n o no entre la dolida hinchada y los goles del atacante. El s\u00e1bado visita al Athletic Club.<\/p>\n\n\n\n<p class=\"wp-block-paragraph\">Tambi\u00e9n lo har\u00e1 Jonathan David, el delantero que mejor se ha adaptado a la combinaci\u00f3n econ\u00f3mico y deportiva del l\u00edmite salarial, el gasto y las expectativas sobre el campo del Atl\u00e9tico de Madrid. Procedente del Juventus, el delantero que luci\u00f3 en el Lille y perdi\u00f3 pegada en Tur\u00edn, fue el quinto fichaje del conjunto rojiblanco, que ha invertido 125 millones de euros entre el lateral Alex Grimaldo, el central Cristian \u2018Cuti\u2019 Romero, el medio centro Morten Hjulmand y el atacante Kang in Lee.<\/p>\n\n\n\n<p class=\"wp-block-paragraph\">Jos\u00e9 Mar\u00eda Gim\u00e9nez, instituci\u00f3n absoluta del Atl\u00e9tico en los \u00faltimos doce a\u00f1os, se fue el \u00faltimo d\u00eda al Deportivo de La Coru\u00f1a. Se ha quedado sin sitio en el esquema de Diego Simeone. A sus 31 a\u00f1os, es pura experiencia y jerarqu\u00eda para el conjunto gallego para sumarlo a Pierre Emerick Aubameyang, sensaci\u00f3n a sus 37 a\u00f1os, Adama Traore, Leo Rom\u00e1n o Angel\u00ed\u00f1o. La culminaci\u00f3n, a \u00faltima hora, fue Marc Casad\u00f3, inscrito a menos de diez minutos del final.<\/p>\n\n\n\n<figure class=\"wp-block-image size-full\"><a href=\"https:\/\/www.americanonewspaper.com\/es\/community\/aviso-de-reunion-publica-de-ewing-township\/\" target=\"_blank\" rel=\" noopener\"><img loading=\"lazy\" decoding=\"async\" width=\"560\" height=\"270\" src=\"https:\/\/www.americanonewspaper.com\/es\/wp-content\/uploads\/2026\/08\/EwingTownship-copy.jpg\" alt=\"OPORTUNIDAD DE CONTRATOS PARA COMPA\u00d1IAS DE CONSTRUCCI\u00d3N DE MUJERES Y MINOR\u00cdAS.\" class=\"wp-image-33417\" srcset=\"https:\/\/www.americanonewspaper.com\/es\/wp-content\/uploads\/2026\/08\/EwingTownship-copy.jpg 560w, https:\/\/www.americanonewspaper.com\/es\/wp-content\/uploads\/2026\/08\/EwingTownship-copy-300x145.jpg 300w, https:\/\/www.americanonewspaper.com\/es\/wp-content\/uploads\/2026\/08\/EwingTownship-copy-150x72.jpg 150w\" sizes=\"(max-width: 560px) 100vw, 560px\" \/><\/a><figcaption class=\"wp-element-caption\">OPORTUNIDAD DE CONTRATOS PARA COMPA\u00d1IAS DE  CONSTRUCCI\u00d3N DE MUJERES Y MINOR\u00cdAS.<\/figcaption><\/figure>\n\n\n\n<p class=\"wp-block-paragraph\">El regreso de Ceballos al Betis, pendiente de inscripci\u00f3n<\/p>\n\n\n\n<p class=\"wp-block-paragraph\">Dani Ceballos fich\u00f3 por el Betis. Firma por tres a\u00f1os. A\u00fan no est\u00e1 inscrito, pero, al ser agente libre, puede ser formalizado fuera del plazo. El retorno al Villamar\u00edn, al equipo del que surgi\u00f3 y con el que despunt\u00f3 para ser contratado por el Real Madrid en 2017. Cedido dos a\u00f1os al Arsenal, volvi\u00f3 al club blanco, donde ha permanecido hasta este verano, cuando qued\u00f3 libre para recorrer el camino en sentido inverso. A\u00fan debe ser inscrito.<\/p>\n\n\n\n<p class=\"wp-block-paragraph\">S\u00ed lo est\u00e1 ya \u2013a las 23:49 horas- Gabriel Jes\u00fas, que ya es el Barcelona. \u201cMi rodilla ya no es un problema; es el pasado\u201d, proclam\u00f3 el futbolista, firmado hasta 2029 desde el Arsenal. Qued\u00f3 concretado, inscripci\u00f3n incluida, este martes, igual que el portero Dominik Livakovic, ya dentro del tramo final.<\/p>\n\n\n\n<p class=\"wp-block-paragraph\">Son los dos \u00faltimos refuerzos del vigente campe\u00f3n, lanzado, con Raphinha como \u20189\u2019 imparable, entre el brillo de sus fichajes completados de antemano: Anthony Gordon, Rodri Hern\u00e1ndez, Karim Adeyemi y Joao Cancelo, adem\u00e1s del ascenso de Xavi Espart. No siguen Ferran Torres ni Robert Lewandowski ni Ronald Araujo ni Marcus Rashford, entre otros, en el club azulgrana.<\/p>\n\n\n\n<figure class=\"wp-block-image size-full\"><a href=\"https:\/\/www.eventbrite.com\/e\/health-wellness-fair-2026-tickets-1991124368586?aff=oddtdtcreator\" target=\"_blank\" rel=\" noopener\"><img loading=\"lazy\" decoding=\"async\" width=\"560\" height=\"300\" src=\"https:\/\/www.americanonewspaper.com\/es\/wp-content\/uploads\/2026\/08\/Health-and-Wellness-560-x-270.jpeg\" alt=\"\" class=\"wp-image-33426\" srcset=\"https:\/\/www.americanonewspaper.com\/es\/wp-content\/uploads\/2026\/08\/Health-and-Wellness-560-x-270.jpeg 560w, https:\/\/www.americanonewspaper.com\/es\/wp-content\/uploads\/2026\/08\/Health-and-Wellness-560-x-270-300x161.jpeg 300w, https:\/\/www.americanonewspaper.com\/es\/wp-content\/uploads\/2026\/08\/Health-and-Wellness-560-x-270-150x80.jpeg 150w\" sizes=\"(max-width: 560px) 100vw, 560px\" \/><\/a><\/figure>\n\n\n\n<h2 id=\"h-los-225-millones-de-euros-del-real-madrid\" class=\"wp-block-heading\"><strong>Los 225 millones de euros del Real Madrid<\/strong><\/h2>\n\n\n\n<p class=\"wp-block-paragraph\">El Barcelona gastado 180 millones de euros este verano en refuerzos. Son 45 menos que el Real Madrid. De sus 225 millones de inversi\u00f3n, 125 han ido al Leipzig por el traspaso del extremo Yan Diomande, 19 a\u00f1os y deslumbrante el pasado curso. Marc Cucurella, Carlos Esp\u00ed, Denzel Dumfries, Bernardo Silva e Ibrahima Konate, estos dos \u00faltimos libres, m\u00e1s el pago de la cantidad de la cl\u00e1usula de rescisi\u00f3n por Sergio Mart\u00ednez, la promesa del Racing inicialmente para el Castilla en Primera RFEF, completan sus movimientos.<\/p>\n\n\n\n<p class=\"wp-block-paragraph\">Harvey Elliott, centrocampista, 23 a\u00f1os y 149 partidos, 15 goles y 21 asistencias con el Liverpool, lleg\u00f3 cedido al Valencia. Un refuerzo importante para el conjunto de Carlos Corber\u00e1n, a\u00fan sin vencer en esta Liga, con un solo punto de nueve posibles. Se a\u00f1ade a Arnau Mart\u00ednez (Girona), Ryunosuke Sato (FC Tokio) o Pablo Maffeo (Olympiacos).<\/p>\n\n\n\n<figure class=\"wp-block-image size-full\"><a href=\"https:\/\/www.linkedin.com\/in\/oscaralbertoquintana\/\" target=\"_blank\" rel=\" noopener\"><img loading=\"lazy\" decoding=\"async\" width=\"560\" height=\"274\" src=\"https:\/\/www.americanonewspaper.com\/es\/wp-content\/uploads\/2026\/08\/LacerdaOQSpanish-copy.jpg\" alt=\"\" class=\"wp-image-33404\" srcset=\"https:\/\/www.americanonewspaper.com\/es\/wp-content\/uploads\/2026\/08\/LacerdaOQSpanish-copy.jpg 560w, https:\/\/www.americanonewspaper.com\/es\/wp-content\/uploads\/2026\/08\/LacerdaOQSpanish-copy-300x147.jpg 300w, https:\/\/www.americanonewspaper.com\/es\/wp-content\/uploads\/2026\/08\/LacerdaOQSpanish-copy-150x73.jpg 150w\" sizes=\"(max-width: 560px) 100vw, 560px\" \/><\/a><\/figure>\n\n\n\n<p class=\"wp-block-paragraph\">Romain del Castillo, delantero franc\u00e9s de 30 a\u00f1os, con 30 goles en 151 partidos con el Brest, aterriz\u00f3 en Osasuna, con el que ha firmado por dos temporadas m\u00e1s una opcional (ya hab\u00eda contratado este verano a Jonathan Dubasin, Rockson Yeboah y Diego Rico), mientras que el central Juan Berrocal se desvincul\u00f3 del Getafe para ir al M\u00e1laga, que tambi\u00e9n ha fichado al centrocampista sueco Jens Cajuste.<\/p>\n\n\n\n<p class=\"wp-block-paragraph\">El Racing tambi\u00e9n se movi\u00f3 en el \u00faltimo d\u00eda del mercado. Formaliz\u00f3 la inscripci\u00f3n de Iker Luque, el prometedor extremo que viene del Atl\u00e9tico de Madrid; fich\u00f3 traspasado a Aar\u00f3n Mart\u00edn, lateral izquierdo del G\u00e9nova, y contrat\u00f3 a Pablo Garc\u00eda, desde el Betis, adem\u00e1s de lograr la cesi\u00f3n de Jeanuel Belocian, defensa de 21 a\u00f1os procedente del Bayer Leverkusen.<\/p>\n\n\n\n<figure class=\"wp-block-image size-full\"><a href=\"https:\/\/Sutudu.tv\/watch\/que-pasa-show\" target=\"_blank\" rel=\" noopener\"><img loading=\"lazy\" decoding=\"async\" width=\"560\" height=\"300\" src=\"https:\/\/www.americanonewspaper.com\/es\/wp-content\/uploads\/2026\/08\/QP-logo-560x300-1.jpg\" alt=\"TV comunitaria\" class=\"wp-image-33375\" srcset=\"https:\/\/www.americanonewspaper.com\/es\/wp-content\/uploads\/2026\/08\/QP-logo-560x300-1.jpg 560w, https:\/\/www.americanonewspaper.com\/es\/wp-content\/uploads\/2026\/08\/QP-logo-560x300-1-300x161.jpg 300w, https:\/\/www.americanonewspaper.com\/es\/wp-content\/uploads\/2026\/08\/QP-logo-560x300-1-150x80.jpg 150w\" sizes=\"(max-width: 560px) 100vw, 560px\" \/><\/a><figcaption class=\"wp-element-caption\">TV comunitaria<\/figcaption><\/figure>\n\n\n\n<p class=\"wp-block-paragraph\">Hubo m\u00e1s movimientos en otros equipos. El Espanyol fich\u00f3 a Andoni Gorosabel del Athletic; el Elche a Rub\u00e9n S\u00e1nchez del Espanyol, Roy Revivo del Maccabi Tel Aviv -ambos laterales- y a Thomas Lemar del Atl\u00e9tico de Madrid; el Getafe a Iv\u00e1n Az\u00f3n, cedido desde el Como para la delantera; y el Sevilla, tras la perdida de Oso, contrat\u00f3 a un extremo, F\u00e9lix Correia, y un delantero, Lucas Stassin, para aliviar sus ventas.<\/p>\n\n\n\n<p class=\"wp-block-paragraph\">No ficharon nada en el \u00faltimo d\u00eda tan solo el Real Madrid, el Alav\u00e9s, el Villarreal, el Athletic Club y el Celta. Cinco de veinte equipos. EFE<\/p>\n\n\n\n<figure class=\"wp-block-image size-full\"><a href=\"https:\/\/tayakan.com\/\" target=\"_blank\" rel=\" noopener\"><img loading=\"lazy\" decoding=\"async\" width=\"560\" height=\"164\" src=\"https:\/\/www.americanonewspaper.com\/es\/wp-content\/uploads\/2026\/08\/Tayakanlogo560-copy-2.jpg\" alt=\"\" class=\"wp-image-33281\" srcset=\"https:\/\/www.americanonewspaper.com\/es\/wp-content\/uploads\/2026\/08\/Tayakanlogo560-copy-2.jpg 560w, https:\/\/www.americanonewspaper.com\/es\/wp-content\/uploads\/2026\/08\/Tayakanlogo560-copy-2-300x88.jpg 300w, https:\/\/www.americanonewspaper.com\/es\/wp-content\/uploads\/2026\/08\/Tayakanlogo560-copy-2-150x44.jpg 150w\" sizes=\"(max-width: 560px) 100vw, 560px\" \/><\/a><\/figure>\n","protected":false},"excerpt":{"rendered":"<p>Madrid, 1 sep (EFE).- Despu\u00e9s de tres meses de vor\u00e1gine y tensi\u00f3n entre el Atl\u00e9tico de Madrid y el Barcelona, Juli\u00e1n Alvarez sigue en el conjunto rojiblanco; nada cambi\u00f3 tampoco para \u00e9l en el \u00faltimo d\u00eda del plazo,&nbsp;con el deseado retorno de Dani Ceballos al Betis, pendiente de la inscripci\u00f3n, que s\u00ed est\u00e1 hecha para [&hellip;]<\/p>\n","protected":false},"author":7,"featured_media":33737,"comment_status":"open","ping_status":"open","sticky":false,"template":"","format":"standard","meta":{"_acf_changed":false,"tdm_status":"","tdm_grid_status":"","_jetpack_newsletter_access":"","_jetpack_dont_email_post_to_subs":false,"_jetpack_newsletter_tier_id":0,"_jetpack_memberships_contains_paywalled_content":false,"_jetpack_feature_clip_id":0,"_jetpack_memberships_contains_paid_content":false,"footnotes":"","jetpack_publicize_message":"{title}\n\n{excerpt}\n\n{url}","jetpack_publicize_feature_enabled":true,"jetpack_social_post_already_shared":false,"jetpack_social_options":{"image_generator_settings":{"template":"highway","default_image_id":0,"font":"","enabled":false,"token":"eyJpbWciOiJodHRwczpcL1wvd3d3LmFtZXJpY2Fub25ld3NwYXBlci5jb21cL2VzXC93cC1jb250ZW50XC91cGxvYWRzXC8yMDI2XC8wOVwvSnVsaWFuLUFsdmFyZXouanBlZyIsInR4dCI6Ikp1bGlcdTAwZTFuIEFsdmFyZXogc2UgcXVlZGEsIEJhclx1MDBlN2EgaW5zY3JpYmUgYSBHYWJyaWVsIEplc3VzIiwidGVtcGxhdGUiOiJoaWdod2F5IiwiZm9udCI6IiIsImJsb2dfaWQiOjIyODYxOTU3NH0._mYWebrLiM68XAycuGKczywcDQ5ATUBoN6y41ZlicuoMQ"},"version":2,"media_source":"featured-image","attached_media":[{"id":33737,"url":"https:\/\/www.americanonewspaper.com\/es\/wp-content\/uploads\/2026\/09\/Julian-Alvarez.jpeg","type":"image\/jpeg"}]},"_wpas_customize_per_network":false,"jetpack_post_was_ever_published":false,"_members_access_role":[],"_members_access_error":""},"categories":[549,621,1283],"tags":[],"class_list":["post-33736","post","type-post","status-publish","format-standard","has-post-thumbnail","category-futbol","category-laliga","category-laliga-ea-sports-2"],"acf":[],"yoast_head":"<!-- This site is optimized with the Yoast SEO Premium plugin v28.4 (Yoast SEO v28.4) - https:\/\/yoast.com\/product\/yoast-seo-premium-wordpress\/ -->\n<title>Juli\u00e1n Alvarez se queda, Bar\u00e7a inscribe a Gabriel Jesus - Americano Newspaper<\/title>\n<meta name=\"description\" content=\"Madrid, 1 sep (EFE).- Despu\u00e9s de tres meses de vor\u00e1gine y tensi\u00f3n entre el Atl\u00e9tico de Madrid y el Barcelona, Juli\u00e1n Alvarez sigue en el conjunto rojiblanco; nada cambi\u00f3 tampoco para \u00e9l en el \u00faltimo d\u00eda del plazo,\u00a0con el deseado retorno de Dani Ceballos al Betis, pendiente de la inscripci\u00f3n, que s\u00ed est\u00e1 hecha para Gabriel Jes\u00fas en el Barcelona, y con las cesiones de Marc Casad\u00f3 y Jos\u00e9 Mar\u00eda Gim\u00e9nez al Deportivo de La Coru\u00f1a, de Harvey Elliot al Valencia y Yousouff Fofana al Sevilla.\" \/>\n<meta name=\"robots\" content=\"index, follow, max-snippet:-1, max-image-preview:large, max-video-preview:-1\" \/>\n<link rel=\"canonical\" href=\"https:\/\/www.americanonewspaper.com\/es\/fifa\/futbol\/julian-alvarez-se-queda-barca-inscribe-a-gabriel-jesus\/\" \/>\n<meta property=\"og:locale\" content=\"en_US\" \/>\n<meta property=\"og:type\" content=\"article\" \/>\n<meta property=\"og:title\" content=\"Juli\u00e1n Alvarez se queda, Bar\u00e7a inscribe a Gabriel Jesus\" \/>\n<meta property=\"og:description\" content=\"Madrid, 1 sep (EFE).- Despu\u00e9s de tres meses de vor\u00e1gine y tensi\u00f3n entre el Atl\u00e9tico de Madrid y el Barcelona, Juli\u00e1n Alvarez sigue en el conjunto rojiblanco; nada cambi\u00f3 tampoco para \u00e9l en el \u00faltimo d\u00eda del plazo,\u00a0con el deseado retorno de Dani Ceballos al Betis, pendiente de la inscripci\u00f3n, que s\u00ed est\u00e1 hecha para Gabriel Jes\u00fas en el Barcelona, y con las cesiones de Marc Casad\u00f3 y Jos\u00e9 Mar\u00eda Gim\u00e9nez al Deportivo de La Coru\u00f1a, de Harvey Elliot al Valencia y Yousouff Fofana al Sevilla.\" \/>\n<meta property=\"og:url\" content=\"https:\/\/www.americanonewspaper.com\/es\/fifa\/futbol\/julian-alvarez-se-queda-barca-inscribe-a-gabriel-jesus\/\" \/>\n<meta property=\"og:site_name\" content=\"Americano Newspaper\" \/>\n<meta property=\"article:publisher\" content=\"https:\/\/www.facebook.com\/AmericanoNewspaper\/\" \/>\n<meta property=\"article:published_time\" content=\"2026-09-02T00:34:37+00:00\" \/>\n<meta property=\"article:modified_time\" content=\"2026-09-02T00:34:45+00:00\" \/>\n<meta property=\"og:image\" content=\"https:\/\/www.americanonewspaper.com\/es\/wp-content\/uploads\/2026\/09\/Julian-Alvarez.jpeg\" \/>\n\t<meta property=\"og:image:width\" content=\"560\" \/>\n\t<meta property=\"og:image:height\" content=\"375\" \/>\n\t<meta property=\"og:image:type\" content=\"image\/jpeg\" \/>\n<meta name=\"author\" content=\"Author\" \/>\n<meta name=\"twitter:card\" content=\"summary_large_image\" \/>\n<meta name=\"twitter:label1\" content=\"Written by\" \/>\n\t<meta name=\"twitter:data1\" content=\"Author\" \/>\n\t<meta name=\"twitter:label2\" content=\"Est. reading time\" \/>\n\t<meta name=\"twitter:data2\" content=\"8 minutes\" \/>\n<script type=\"application\/ld+json\" class=\"yoast-schema-graph\">{\"@context\":\"https:\\\/\\\/schema.org\",\"@graph\":[{\"@type\":\"Article\",\"@id\":\"https:\\\/\\\/www.americanonewspaper.com\\\/es\\\/fifa\\\/futbol\\\/julian-alvarez-se-queda-barca-inscribe-a-gabriel-jesus\\\/#article\",\"isPartOf\":{\"@id\":\"https:\\\/\\\/www.americanonewspaper.com\\\/es\\\/fifa\\\/futbol\\\/julian-alvarez-se-queda-barca-inscribe-a-gabriel-jesus\\\/\"},\"author\":{\"name\":\"Author\",\"@id\":\"https:\\\/\\\/www.americanonewspaper.com\\\/es\\\/#\\\/schema\\\/person\\\/8967f6b8af7e37bcbbe61f68580ff088\"},\"headline\":\"Juli\u00e1n Alvarez se queda, Bar\u00e7a inscribe a Gabriel Jesus\",\"datePublished\":\"2026-09-02T00:34:37+00:00\",\"dateModified\":\"2026-09-02T00:34:45+00:00\",\"mainEntityOfPage\":{\"@id\":\"https:\\\/\\\/www.americanonewspaper.com\\\/es\\\/fifa\\\/futbol\\\/julian-alvarez-se-queda-barca-inscribe-a-gabriel-jesus\\\/\"},\"wordCount\":1323,\"commentCount\":0,\"publisher\":{\"@id\":\"https:\\\/\\\/www.americanonewspaper.com\\\/es\\\/#organization\"},\"image\":{\"@id\":\"https:\\\/\\\/www.americanonewspaper.com\\\/es\\\/fifa\\\/futbol\\\/julian-alvarez-se-queda-barca-inscribe-a-gabriel-jesus\\\/#primaryimage\"},\"thumbnailUrl\":\"https:\\\/\\\/www.americanonewspaper.com\\\/es\\\/wp-content\\\/uploads\\\/2026\\\/09\\\/Julian-Alvarez.jpeg\",\"articleSection\":[\"F\u00fatbol\",\"LaLiga\",\"LaLiga EA Sports\"],\"inLanguage\":\"en-US\",\"potentialAction\":[{\"@type\":\"CommentAction\",\"name\":\"Comment\",\"target\":[\"https:\\\/\\\/www.americanonewspaper.com\\\/es\\\/fifa\\\/futbol\\\/julian-alvarez-se-queda-barca-inscribe-a-gabriel-jesus\\\/#respond\"]}]},{\"@type\":\"WebPage\",\"@id\":\"https:\\\/\\\/www.americanonewspaper.com\\\/es\\\/fifa\\\/futbol\\\/julian-alvarez-se-queda-barca-inscribe-a-gabriel-jesus\\\/\",\"url\":\"https:\\\/\\\/www.americanonewspaper.com\\\/es\\\/fifa\\\/futbol\\\/julian-alvarez-se-queda-barca-inscribe-a-gabriel-jesus\\\/\",\"name\":\"Juli\u00e1n Alvarez se queda, Bar\u00e7a inscribe a Gabriel Jesus - Americano Newspaper\",\"isPartOf\":{\"@id\":\"https:\\\/\\\/www.americanonewspaper.com\\\/es\\\/#website\"},\"primaryImageOfPage\":{\"@id\":\"https:\\\/\\\/www.americanonewspaper.com\\\/es\\\/fifa\\\/futbol\\\/julian-alvarez-se-queda-barca-inscribe-a-gabriel-jesus\\\/#primaryimage\"},\"image\":{\"@id\":\"https:\\\/\\\/www.americanonewspaper.com\\\/es\\\/fifa\\\/futbol\\\/julian-alvarez-se-queda-barca-inscribe-a-gabriel-jesus\\\/#primaryimage\"},\"thumbnailUrl\":\"https:\\\/\\\/www.americanonewspaper.com\\\/es\\\/wp-content\\\/uploads\\\/2026\\\/09\\\/Julian-Alvarez.jpeg\",\"datePublished\":\"2026-09-02T00:34:37+00:00\",\"dateModified\":\"2026-09-02T00:34:45+00:00\",\"description\":\"Madrid, 1 sep (EFE).- Despu\u00e9s de tres meses de vor\u00e1gine y tensi\u00f3n entre el Atl\u00e9tico de Madrid y el Barcelona, Juli\u00e1n Alvarez sigue en el conjunto rojiblanco; nada cambi\u00f3 tampoco para \u00e9l en el \u00faltimo d\u00eda del plazo,\u00a0con el deseado retorno de Dani Ceballos al Betis, pendiente de la inscripci\u00f3n, que s\u00ed est\u00e1 hecha para Gabriel Jes\u00fas en el Barcelona, y con las cesiones de Marc Casad\u00f3 y Jos\u00e9 Mar\u00eda Gim\u00e9nez al Deportivo de La Coru\u00f1a, de Harvey Elliot al Valencia y Yousouff Fofana al Sevilla.\",\"breadcrumb\":{\"@id\":\"https:\\\/\\\/www.americanonewspaper.com\\\/es\\\/fifa\\\/futbol\\\/julian-alvarez-se-queda-barca-inscribe-a-gabriel-jesus\\\/#breadcrumb\"},\"inLanguage\":\"en-US\",\"potentialAction\":[{\"@type\":\"ReadAction\",\"target\":[\"https:\\\/\\\/www.americanonewspaper.com\\\/es\\\/fifa\\\/futbol\\\/julian-alvarez-se-queda-barca-inscribe-a-gabriel-jesus\\\/\"]}]},{\"@type\":\"ImageObject\",\"inLanguage\":\"en-US\",\"@id\":\"https:\\\/\\\/www.americanonewspaper.com\\\/es\\\/fifa\\\/futbol\\\/julian-alvarez-se-queda-barca-inscribe-a-gabriel-jesus\\\/#primaryimage\",\"url\":\"https:\\\/\\\/www.americanonewspaper.com\\\/es\\\/wp-content\\\/uploads\\\/2026\\\/09\\\/Julian-Alvarez.jpeg\",\"contentUrl\":\"https:\\\/\\\/www.americanonewspaper.com\\\/es\\\/wp-content\\\/uploads\\\/2026\\\/09\\\/Julian-Alvarez.jpeg\",\"width\":560,\"height\":375,\"caption\":\"Despu\u00e9s de tres meses de vor\u00e1gine y tensi\u00f3n entre el Atl\u00e9tico de Madrid y el Barcelona, Juli\u00e1n Alvarez sigue en el conjunto rojiblanco; nada cambi\u00f3 tampoco para \u00e9l en el \u00faltimo d\u00eda del plazo, con el deseado retorno de Dani Ceballos al Betis, pendiente de la inscripci\u00f3n, que s\u00ed est\u00e1 hecha para Gabriel Jes\u00fas en el Barcelona, y con las cesiones de Marc Casad\u00f3 y Jos\u00e9 Mar\u00eda Gim\u00e9nez al Deportivo de La Coru\u00f1a, de Harvey Elliot al Valencia y Yousouff Fofana al Sevilla. EFE\\\/Ana Escolar\\\/Archivo\"},{\"@type\":\"BreadcrumbList\",\"@id\":\"https:\\\/\\\/www.americanonewspaper.com\\\/es\\\/fifa\\\/futbol\\\/julian-alvarez-se-queda-barca-inscribe-a-gabriel-jesus\\\/#breadcrumb\",\"itemListElement\":[{\"@type\":\"ListItem\",\"position\":1,\"name\":\"Home\",\"item\":\"https:\\\/\\\/www.americanonewspaper.com\\\/es\\\/\"},{\"@type\":\"ListItem\",\"position\":2,\"name\":\"Juli\u00e1n Alvarez se queda, Bar\u00e7a inscribe a Gabriel Jesus\"}]},{\"@type\":\"WebSite\",\"@id\":\"https:\\\/\\\/www.americanonewspaper.com\\\/es\\\/#website\",\"url\":\"https:\\\/\\\/www.americanonewspaper.com\\\/es\\\/\",\"name\":\"Americano Newspaper\",\"description\":\"The Hispanic Newspaper of New Jersey.\",\"publisher\":{\"@id\":\"https:\\\/\\\/www.americanonewspaper.com\\\/es\\\/#organization\"},\"potentialAction\":[{\"@type\":\"SearchAction\",\"target\":{\"@type\":\"EntryPoint\",\"urlTemplate\":\"https:\\\/\\\/www.americanonewspaper.com\\\/es\\\/?s={search_term_string}\"},\"query-input\":{\"@type\":\"PropertyValueSpecification\",\"valueRequired\":true,\"valueName\":\"search_term_string\"}}],\"inLanguage\":\"en-US\"},{\"@type\":\"Organization\",\"@id\":\"https:\\\/\\\/www.americanonewspaper.com\\\/es\\\/#organization\",\"name\":\"Americano Newspaper\",\"url\":\"https:\\\/\\\/www.americanonewspaper.com\\\/es\\\/\",\"logo\":{\"@type\":\"ImageObject\",\"inLanguage\":\"en-US\",\"@id\":\"https:\\\/\\\/www.americanonewspaper.com\\\/es\\\/#\\\/schema\\\/logo\\\/image\\\/\",\"url\":\"https:\\\/\\\/www.americanonewspaper.com\\\/es\\\/wp-content\\\/uploads\\\/2024\\\/05\\\/AmericanoLogoCircle.comCircle2.jpg\",\"contentUrl\":\"https:\\\/\\\/www.americanonewspaper.com\\\/es\\\/wp-content\\\/uploads\\\/2024\\\/05\\\/AmericanoLogoCircle.comCircle2.jpg\",\"width\":600,\"height\":600,\"caption\":\"Americano Newspaper\"},\"image\":{\"@id\":\"https:\\\/\\\/www.americanonewspaper.com\\\/es\\\/#\\\/schema\\\/logo\\\/image\\\/\"},\"sameAs\":[\"https:\\\/\\\/www.facebook.com\\\/AmericanoNewspaper\\\/\"]},{\"@type\":\"Person\",\"@id\":\"https:\\\/\\\/www.americanonewspaper.com\\\/es\\\/#\\\/schema\\\/person\\\/8967f6b8af7e37bcbbe61f68580ff088\",\"name\":\"Author\",\"image\":{\"@type\":\"ImageObject\",\"inLanguage\":\"en-US\",\"@id\":\"https:\\\/\\\/www.americanonewspaper.com\\\/es\\\/wp-content\\\/litespeed\\\/avatar\\\/89ffaf6af3cf6769ffb3c6efb2313947.jpg?ver=1787930627\",\"url\":\"https:\\\/\\\/www.americanonewspaper.com\\\/es\\\/wp-content\\\/litespeed\\\/avatar\\\/89ffaf6af3cf6769ffb3c6efb2313947.jpg?ver=1787930627\",\"contentUrl\":\"https:\\\/\\\/www.americanonewspaper.com\\\/es\\\/wp-content\\\/litespeed\\\/avatar\\\/89ffaf6af3cf6769ffb3c6efb2313947.jpg?ver=1787930627\",\"caption\":\"Author\"},\"url\":\"https:\\\/\\\/www.americanonewspaper.com\\\/es\\\/author\\\/americano\\\/\"}]}<\/script>\n<!-- \/ Yoast SEO Premium plugin. -->","yoast_head_json":{"title":"Juli\u00e1n Alvarez se queda, Bar\u00e7a inscribe a Gabriel Jesus - Americano Newspaper","description":"Madrid, 1 sep (EFE).- Despu\u00e9s de tres meses de vor\u00e1gine y tensi\u00f3n entre el Atl\u00e9tico de Madrid y el Barcelona, Juli\u00e1n Alvarez sigue en el conjunto rojiblanco; nada cambi\u00f3 tampoco para \u00e9l en el \u00faltimo d\u00eda del plazo,\u00a0con el deseado retorno de Dani Ceballos al Betis, pendiente de la inscripci\u00f3n, que s\u00ed est\u00e1 hecha para Gabriel Jes\u00fas en el Barcelona, y con las cesiones de Marc Casad\u00f3 y Jos\u00e9 Mar\u00eda Gim\u00e9nez al Deportivo de La Coru\u00f1a, de Harvey Elliot al Valencia y Yousouff Fofana al Sevilla.","robots":{"index":"index","follow":"follow","max-snippet":"max-snippet:-1","max-image-preview":"max-image-preview:large","max-video-preview":"max-video-preview:-1"},"canonical":"https:\/\/www.americanonewspaper.com\/es\/fifa\/futbol\/julian-alvarez-se-queda-barca-inscribe-a-gabriel-jesus\/","og_locale":"en_US","og_type":"article","og_title":"Juli\u00e1n Alvarez se queda, Bar\u00e7a inscribe a Gabriel Jesus","og_description":"Madrid, 1 sep (EFE).- Despu\u00e9s de tres meses de vor\u00e1gine y tensi\u00f3n entre el Atl\u00e9tico de Madrid y el Barcelona, Juli\u00e1n Alvarez sigue en el conjunto rojiblanco; nada cambi\u00f3 tampoco para \u00e9l en el \u00faltimo d\u00eda del plazo,\u00a0con el deseado retorno de Dani Ceballos al Betis, pendiente de la inscripci\u00f3n, que s\u00ed est\u00e1 hecha para Gabriel Jes\u00fas en el Barcelona, y con las cesiones de Marc Casad\u00f3 y Jos\u00e9 Mar\u00eda Gim\u00e9nez al Deportivo de La Coru\u00f1a, de Harvey Elliot al Valencia y Yousouff Fofana al Sevilla.","og_url":"https:\/\/www.americanonewspaper.com\/es\/fifa\/futbol\/julian-alvarez-se-queda-barca-inscribe-a-gabriel-jesus\/","og_site_name":"Americano Newspaper","article_publisher":"https:\/\/www.facebook.com\/AmericanoNewspaper\/","article_published_time":"2026-09-02T00:34:37+00:00","article_modified_time":"2026-09-02T00:34:45+00:00","og_image":[{"width":560,"height":375,"url":"https:\/\/www.americanonewspaper.com\/es\/wp-content\/uploads\/2026\/09\/Julian-Alvarez.jpeg","type":"image\/jpeg"}],"author":"Author","twitter_card":"summary_large_image","twitter_misc":{"Written by":"Author","Est. reading time":"8 minutes"},"schema":{"@context":"https:\/\/schema.org","@graph":[{"@type":"Article","@id":"https:\/\/www.americanonewspaper.com\/es\/fifa\/futbol\/julian-alvarez-se-queda-barca-inscribe-a-gabriel-jesus\/#article","isPartOf":{"@id":"https:\/\/www.americanonewspaper.com\/es\/fifa\/futbol\/julian-alvarez-se-queda-barca-inscribe-a-gabriel-jesus\/"},"author":{"name":"Author","@id":"https:\/\/www.americanonewspaper.com\/es\/#\/schema\/person\/8967f6b8af7e37bcbbe61f68580ff088"},"headline":"Juli\u00e1n Alvarez se queda, Bar\u00e7a inscribe a Gabriel Jesus","datePublished":"2026-09-02T00:34:37+00:00","dateModified":"2026-09-02T00:34:45+00:00","mainEntityOfPage":{"@id":"https:\/\/www.americanonewspaper.com\/es\/fifa\/futbol\/julian-alvarez-se-queda-barca-inscribe-a-gabriel-jesus\/"},"wordCount":1323,"commentCount":0,"publisher":{"@id":"https:\/\/www.americanonewspaper.com\/es\/#organization"},"image":{"@id":"https:\/\/www.americanonewspaper.com\/es\/fifa\/futbol\/julian-alvarez-se-queda-barca-inscribe-a-gabriel-jesus\/#primaryimage"},"thumbnailUrl":"https:\/\/www.americanonewspaper.com\/es\/wp-content\/uploads\/2026\/09\/Julian-Alvarez.jpeg","articleSection":["F\u00fatbol","LaLiga","LaLiga EA Sports"],"inLanguage":"en-US","potentialAction":[{"@type":"CommentAction","name":"Comment","target":["https:\/\/www.americanonewspaper.com\/es\/fifa\/futbol\/julian-alvarez-se-queda-barca-inscribe-a-gabriel-jesus\/#respond"]}]},{"@type":"WebPage","@id":"https:\/\/www.americanonewspaper.com\/es\/fifa\/futbol\/julian-alvarez-se-queda-barca-inscribe-a-gabriel-jesus\/","url":"https:\/\/www.americanonewspaper.com\/es\/fifa\/futbol\/julian-alvarez-se-queda-barca-inscribe-a-gabriel-jesus\/","name":"Juli\u00e1n Alvarez se queda, Bar\u00e7a inscribe a Gabriel Jesus - Americano Newspaper","isPartOf":{"@id":"https:\/\/www.americanonewspaper.com\/es\/#website"},"primaryImageOfPage":{"@id":"https:\/\/www.americanonewspaper.com\/es\/fifa\/futbol\/julian-alvarez-se-queda-barca-inscribe-a-gabriel-jesus\/#primaryimage"},"image":{"@id":"https:\/\/www.americanonewspaper.com\/es\/fifa\/futbol\/julian-alvarez-se-queda-barca-inscribe-a-gabriel-jesus\/#primaryimage"},"thumbnailUrl":"https:\/\/www.americanonewspaper.com\/es\/wp-content\/uploads\/2026\/09\/Julian-Alvarez.jpeg","datePublished":"2026-09-02T00:34:37+00:00","dateModified":"2026-09-02T00:34:45+00:00","description":"Madrid, 1 sep (EFE).- Despu\u00e9s de tres meses de vor\u00e1gine y tensi\u00f3n entre el Atl\u00e9tico de Madrid y el Barcelona, Juli\u00e1n Alvarez sigue en el conjunto rojiblanco; nada cambi\u00f3 tampoco para \u00e9l en el \u00faltimo d\u00eda del plazo,\u00a0con el deseado retorno de Dani Ceballos al Betis, pendiente de la inscripci\u00f3n, que s\u00ed est\u00e1 hecha para Gabriel Jes\u00fas en el Barcelona, y con las cesiones de Marc Casad\u00f3 y Jos\u00e9 Mar\u00eda Gim\u00e9nez al Deportivo de La Coru\u00f1a, de Harvey Elliot al Valencia y Yousouff Fofana al Sevilla.","breadcrumb":{"@id":"https:\/\/www.americanonewspaper.com\/es\/fifa\/futbol\/julian-alvarez-se-queda-barca-inscribe-a-gabriel-jesus\/#breadcrumb"},"inLanguage":"en-US","potentialAction":[{"@type":"ReadAction","target":["https:\/\/www.americanonewspaper.com\/es\/fifa\/futbol\/julian-alvarez-se-queda-barca-inscribe-a-gabriel-jesus\/"]}]},{"@type":"ImageObject","inLanguage":"en-US","@id":"https:\/\/www.americanonewspaper.com\/es\/fifa\/futbol\/julian-alvarez-se-queda-barca-inscribe-a-gabriel-jesus\/#primaryimage","url":"https:\/\/www.americanonewspaper.com\/es\/wp-content\/uploads\/2026\/09\/Julian-Alvarez.jpeg","contentUrl":"https:\/\/www.americanonewspaper.com\/es\/wp-content\/uploads\/2026\/09\/Julian-Alvarez.jpeg","width":560,"height":375,"caption":"Despu\u00e9s de tres meses de vor\u00e1gine y tensi\u00f3n entre el Atl\u00e9tico de Madrid y el Barcelona, Juli\u00e1n Alvarez sigue en el conjunto rojiblanco; nada cambi\u00f3 tampoco para \u00e9l en el \u00faltimo d\u00eda del plazo, con el deseado retorno de Dani Ceballos al Betis, pendiente de la inscripci\u00f3n, que s\u00ed est\u00e1 hecha para Gabriel Jes\u00fas en el Barcelona, y con las cesiones de Marc Casad\u00f3 y Jos\u00e9 Mar\u00eda Gim\u00e9nez al Deportivo de La Coru\u00f1a, de Harvey Elliot al Valencia y Yousouff Fofana al Sevilla. EFE\/Ana Escolar\/Archivo"},{"@type":"BreadcrumbList","@id":"https:\/\/www.americanonewspaper.com\/es\/fifa\/futbol\/julian-alvarez-se-queda-barca-inscribe-a-gabriel-jesus\/#breadcrumb","itemListElement":[{"@type":"ListItem","position":1,"name":"Home","item":"https:\/\/www.americanonewspaper.com\/es\/"},{"@type":"ListItem","position":2,"name":"Juli\u00e1n Alvarez se queda, Bar\u00e7a inscribe a Gabriel Jesus"}]},{"@type":"WebSite","@id":"https:\/\/www.americanonewspaper.com\/es\/#website","url":"https:\/\/www.americanonewspaper.com\/es\/","name":"Americano Newspaper","description":"The Hispanic Newspaper of New Jersey.","publisher":{"@id":"https:\/\/www.americanonewspaper.com\/es\/#organization"},"potentialAction":[{"@type":"SearchAction","target":{"@type":"EntryPoint","urlTemplate":"https:\/\/www.americanonewspaper.com\/es\/?s={search_term_string}"},"query-input":{"@type":"PropertyValueSpecification","valueRequired":true,"valueName":"search_term_string"}}],"inLanguage":"en-US"},{"@type":"Organization","@id":"https:\/\/www.americanonewspaper.com\/es\/#organization","name":"Americano Newspaper","url":"https:\/\/www.americanonewspaper.com\/es\/","logo":{"@type":"ImageObject","inLanguage":"en-US","@id":"https:\/\/www.americanonewspaper.com\/es\/#\/schema\/logo\/image\/","url":"https:\/\/www.americanonewspaper.com\/es\/wp-content\/uploads\/2024\/05\/AmericanoLogoCircle.comCircle2.jpg","contentUrl":"https:\/\/www.americanonewspaper.com\/es\/wp-content\/uploads\/2024\/05\/AmericanoLogoCircle.comCircle2.jpg","width":600,"height":600,"caption":"Americano Newspaper"},"image":{"@id":"https:\/\/www.americanonewspaper.com\/es\/#\/schema\/logo\/image\/"},"sameAs":["https:\/\/www.facebook.com\/AmericanoNewspaper\/"]},{"@type":"Person","@id":"https:\/\/www.americanonewspaper.com\/es\/#\/schema\/person\/8967f6b8af7e37bcbbe61f68580ff088","name":"Author","image":{"@type":"ImageObject","inLanguage":"en-US","@id":"https:\/\/www.americanonewspaper.com\/es\/wp-content\/litespeed\/avatar\/89ffaf6af3cf6769ffb3c6efb2313947.jpg?ver=1787930627","url":"https:\/\/www.americanonewspaper.com\/es\/wp-content\/litespeed\/avatar\/89ffaf6af3cf6769ffb3c6efb2313947.jpg?ver=1787930627","contentUrl":"https:\/\/www.americanonewspaper.com\/es\/wp-content\/litespeed\/avatar\/89ffaf6af3cf6769ffb3c6efb2313947.jpg?ver=1787930627","caption":"Author"},"url":"https:\/\/www.americanonewspaper.com\/es\/author\/americano\/"}]}},"jetpack_publicize_connections":[],"featured_image_urls":{"full":["https:\/\/www.americanonewspaper.com\/es\/wp-content\/uploads\/2026\/09\/Julian-Alvarez.jpeg",560,375,false],"thumbnail":["https:\/\/www.americanonewspaper.com\/es\/wp-content\/uploads\/2026\/09\/Julian-Alvarez-250x250.jpeg",250,250,true],"medium":["https:\/\/www.americanonewspaper.com\/es\/wp-content\/uploads\/2026\/09\/Julian-Alvarez-300x201.jpeg",300,201,true],"medium_large":["https:\/\/www.americanonewspaper.com\/es\/wp-content\/uploads\/2026\/09\/Julian-Alvarez.jpeg",560,375,false],"large":["https:\/\/www.americanonewspaper.com\/es\/wp-content\/uploads\/2026\/09\/Julian-Alvarez.jpeg",560,375,false],"1536x1536":["https:\/\/www.americanonewspaper.com\/es\/wp-content\/uploads\/2026\/09\/Julian-Alvarez.jpeg",560,375,false],"2048x2048":["https:\/\/www.americanonewspaper.com\/es\/wp-content\/uploads\/2026\/09\/Julian-Alvarez.jpeg",560,375,false],"td_150x0":["https:\/\/www.americanonewspaper.com\/es\/wp-content\/uploads\/2026\/09\/Julian-Alvarez-150x100.jpeg",150,100,true],"td_218x150":["https:\/\/www.americanonewspaper.com\/es\/wp-content\/uploads\/2026\/09\/Julian-Alvarez-218x150.jpeg",218,150,true],"td_300x0":["https:\/\/www.americanonewspaper.com\/es\/wp-content\/uploads\/2026\/09\/Julian-Alvarez-300x201.jpeg",300,201,true],"td_324x400":["https:\/\/www.americanonewspaper.com\/es\/wp-content\/uploads\/2026\/09\/Julian-Alvarez-324x375.jpeg",324,375,true],"td_485x360":["https:\/\/www.americanonewspaper.com\/es\/wp-content\/uploads\/2026\/09\/Julian-Alvarez-485x360.jpeg",485,360,true],"td_696x0":["https:\/\/www.americanonewspaper.com\/es\/wp-content\/uploads\/2026\/09\/Julian-Alvarez.jpeg",560,375,false],"td_1068x0":["https:\/\/www.americanonewspaper.com\/es\/wp-content\/uploads\/2026\/09\/Julian-Alvarez.jpeg",560,375,false],"td_1920x0":["https:\/\/www.americanonewspaper.com\/es\/wp-content\/uploads\/2026\/09\/Julian-Alvarez.jpeg",560,375,false],"bdpp-medium":["https:\/\/www.americanonewspaper.com\/es\/wp-content\/uploads\/2026\/09\/Julian-Alvarez.jpeg",560,375,false]},"author_info":{"display_name":"Author","author_link":"https:\/\/www.americanonewspaper.com\/es\/author\/americano\/"},"category_info":"<a href=\"https:\/\/www.americanonewspaper.com\/es\/category\/fifa\/futbol\/\" rel=\"category tag\">F\u00fatbol<\/a> <a href=\"https:\/\/www.americanonewspaper.com\/es\/category\/laliga\/\" rel=\"category tag\">LaLiga<\/a> <a href=\"https:\/\/www.americanonewspaper.com\/es\/category\/laliga-ea-sports-2\/\" rel=\"category tag\">LaLiga EA Sports<\/a>","tag_info":"LaLiga EA Sports","comment_count":"0","jetpack_sharing_enabled":true,"jetpack_likes_enabled":true,"jetpack_featured_media_url":"https:\/\/www.americanonewspaper.com\/es\/wp-content\/uploads\/2026\/09\/Julian-Alvarez.jpeg","_links":{"self":[{"href":"https:\/\/www.americanonewspaper.com\/es\/wp-json\/wp\/v2\/posts\/33736","targetHints":{"allow":["GET"]}}],"collection":[{"href":"https:\/\/www.americanonewspaper.com\/es\/wp-json\/wp\/v2\/posts"}],"about":[{"href":"https:\/\/www.americanonewspaper.com\/es\/wp-json\/wp\/v2\/types\/post"}],"author":[{"embeddable":true,"href":"https:\/\/www.americanonewspaper.com\/es\/wp-json\/wp\/v2\/users\/7"}],"replies":[{"embeddable":true,"href":"https:\/\/www.americanonewspaper.com\/es\/wp-json\/wp\/v2\/comments?post=33736"}],"version-history":[{"count":1,"href":"https:\/\/www.americanonewspaper.com\/es\/wp-json\/wp\/v2\/posts\/33736\/revisions"}],"predecessor-version":[{"id":33738,"href":"https:\/\/www.americanonewspaper.com\/es\/wp-json\/wp\/v2\/posts\/33736\/revisions\/33738"}],"wp:featuredmedia":[{"embeddable":true,"href":"https:\/\/www.americanonewspaper.com\/es\/wp-json\/wp\/v2\/media\/33737"}],"wp:attachment":[{"href":"https:\/\/www.americanonewspaper.com\/es\/wp-json\/wp\/v2\/media?parent=33736"}],"wp:term":[{"taxonomy":"category","embeddable":true,"href":"https:\/\/www.americanonewspaper.com\/es\/wp-json\/wp\/v2\/categories?post=33736"},{"taxonomy":"post_tag","embeddable":true,"href":"https:\/\/www.americanonewspaper.com\/es\/wp-json\/wp\/v2\/tags?post=33736"}],"curies":[{"name":"wp","href":"https:\/\/api.w.org\/{rel}","templated":true}]}}