{"id":33732,"date":"2026-09-01T19:22:15","date_gmt":"2026-09-01T23:22:15","guid":{"rendered":"https:\/\/www.americanonewspaper.com\/es\/?p=33732"},"modified":"2026-09-01T19:22:21","modified_gmt":"2026-09-01T23:22:21","slug":"los-premios-rolling-stone-en-mexico","status":"publish","type":"post","link":"https:\/\/www.americanonewspaper.com\/es\/farandula\/los-premios-rolling-stone-en-mexico\/","title":{"rendered":"Los Premios Rolling Stone en M\u00e9xico"},"content":{"rendered":"\n<p class=\"dropcapp3 wp-block-paragraph\">Ciudad de M\u00e9xico, 1 sep (EFE).- La revista Rolling Stone en Espa\u00f1ol anunci\u00f3 este martes que celebrar\u00e1 su edici\u00f3n de Premios 2026 con una gala en Ciudad de M\u00e9xico el pr\u00f3ximo 25 y 26 de noviembre, a la que asistir\u00e1n 500 invitados que representan algunos de los talentos m\u00e1s importantes de la cultura hispana.<\/p>\n\n\n\n<figure class=\"wp-block-image size-full\"><a href=\"https:\/\/ggllawyers.com\/es\/new-jersey-personal-injury-and-workers-compensation-lawyer\/\" target=\"_blank\" rel=\" noopener\"><img fetchpriority=\"high\" decoding=\"async\" width=\"560\" height=\"269\" src=\"https:\/\/www.americanonewspaper.com\/es\/wp-content\/uploads\/2026\/08\/GGlSpanish-1.jpg\" alt=\"ABOGADOS DE ACCIDENTES\" class=\"wp-image-33500\" srcset=\"https:\/\/www.americanonewspaper.com\/es\/wp-content\/uploads\/2026\/08\/GGlSpanish-1.jpg 560w, https:\/\/www.americanonewspaper.com\/es\/wp-content\/uploads\/2026\/08\/GGlSpanish-1-300x144.jpg 300w, https:\/\/www.americanonewspaper.com\/es\/wp-content\/uploads\/2026\/08\/GGlSpanish-1-150x72.jpg 150w\" sizes=\"(max-width: 560px) 100vw, 560px\" \/><\/a><figcaption class=\"wp-element-caption\">ABOGADOS DE ACCIDENTES<\/figcaption><\/figure>\n\n\n\n<p class=\"wp-block-paragraph\">&#8220;La gala de los ZYN Premios ROLLING STONE en Espa\u00f1ol, que celebra lo mejor de la cultura hispana, es uno de los momentos m\u00e1s relevantes del a\u00f1o para nuestra industria. Nuestro prop\u00f3sito es reconocer, celebrar y dar visibilidad a lo mejor de nuestra cultura, con una edici\u00f3n 2026 m\u00e1s grande, ambiciosa y potente&#8221;, apunt\u00f3 en un comunicado Diego Ortiz, director general de Rolling Stone en Espa\u00f1ol.<\/p>\n\n\n\n<p class=\"wp-block-paragraph\">El veterano medio musical explic\u00f3 que los galardones buscar\u00e1n reconocer &#8220;la creatividad, la originalidad y a los creadores que impulsan la cultura&#8221;, aunque no revel\u00f3 el nombre de ning\u00fan invitado.<\/p>\n\n\n\n<p class=\"wp-block-paragraph\">Tambi\u00e9n detall\u00f3 que la ceremonia contar\u00e1 con presentaciones estelares de m\u00fasica en vivo y que ser\u00e1 conducida por un grupo de anfitriones que ser\u00e1 revelado pr\u00f3ximamente.<\/p>\n\n\n\n<figure class=\"wp-block-image size-full\"><a href=\"https:\/\/www.linkedin.com\/in\/jaimeberrios\/\" target=\"_blank\" rel=\" noopener\"><img decoding=\"async\" width=\"560\" height=\"257\" src=\"https:\/\/www.americanonewspaper.com\/es\/wp-content\/uploads\/2026\/08\/Jaime-copy-2-1.jpg\" alt=\"\" class=\"wp-image-33501\" srcset=\"https:\/\/www.americanonewspaper.com\/es\/wp-content\/uploads\/2026\/08\/Jaime-copy-2-1.jpg 560w, https:\/\/www.americanonewspaper.com\/es\/wp-content\/uploads\/2026\/08\/Jaime-copy-2-1-300x138.jpg 300w, https:\/\/www.americanonewspaper.com\/es\/wp-content\/uploads\/2026\/08\/Jaime-copy-2-1-150x69.jpg 150w\" sizes=\"(max-width: 560px) 100vw, 560px\" \/><\/a><\/figure>\n\n\n\n<p class=\"wp-block-paragraph\">La primera edici\u00f3n de los Premios Rolling Stone se llev\u00f3 a cabo en octubre de 2023 durante una celebraci\u00f3n en The Fillmore Miami Beach Theater, en Miami, Estados Unidos, en la que se reconoci\u00f3 a talentos latinos como la mexicana Natalia Lafourcade, quien fue distinguida en la categor\u00eda de Artista del A\u00f1o, as\u00ed como su disco &#8216;De todas las flores&#8217; (2022), elegido como el \u00c1lbum del A\u00f1o.<\/p>\n\n\n\n<p class=\"wp-block-paragraph\">Para este a\u00f1o, el medio asegur\u00f3 que ampliar\u00e1 su n\u00famero de categor\u00edas, lo que aumentar\u00e1 tambi\u00e9n la cantidad de nominados.<\/p>\n\n\n\n<p class=\"wp-block-paragraph\">&#8220;Los ganadores se dar\u00e1n a conocer durante la ceremonia y ser\u00e1n celebrados en una edici\u00f3n especial de Rolling Stone en Espa\u00f1ol dedicada a los premios, que estar\u00e1 disponible a partir del 7 de diciembre de 2026&#8221;, asever\u00f3 Ortiz en el texto.<\/p>\n\n\n\n<figure class=\"wp-block-image size-full\"><a href=\"https:\/\/www.njng.com\/my-account\/payment-options\/payment-assistance.aspx\" target=\"_blank\" rel=\" noopener\"><img decoding=\"async\" width=\"560\" height=\"270\" src=\"https:\/\/www.americanonewspaper.com\/es\/wp-content\/uploads\/2026\/08\/NJNaturalGasSpanish-copy.jpg\" alt=\"AYUDA PARA PAGAR ENERG\u00cdA\" class=\"wp-image-33577\" srcset=\"https:\/\/www.americanonewspaper.com\/es\/wp-content\/uploads\/2026\/08\/NJNaturalGasSpanish-copy.jpg 560w, https:\/\/www.americanonewspaper.com\/es\/wp-content\/uploads\/2026\/08\/NJNaturalGasSpanish-copy-300x145.jpg 300w, https:\/\/www.americanonewspaper.com\/es\/wp-content\/uploads\/2026\/08\/NJNaturalGasSpanish-copy-150x72.jpg 150w\" sizes=\"(max-width: 560px) 100vw, 560px\" \/><\/a><figcaption class=\"wp-element-caption\">AYUDA PARA PAGAR ENERG\u00cdA<\/figcaption><\/figure>\n\n\n\n<p class=\"wp-block-paragraph\">Adem\u00e1s, inform\u00f3 que ser\u00e1 en su sitio oficial y redes sociales basadas en M\u00e9xico, Colombia y Espa\u00f1a donde har\u00e1n futuros anuncios sobre esta premiaci\u00f3n.<\/p>\n\n\n\n<p class=\"wp-block-paragraph\">En esta ocasi\u00f3n el evento llevar\u00e1 el nombre de Rolling Stone ZYN Premios, ya que surge de una colaboraci\u00f3n entre la publicaci\u00f3n y ZYN, la marca insignia de bolsas de nicotina de Philip Morris International (PMI).<\/p>\n\n\n\n<p class=\"wp-block-paragraph\">Los galardones tambi\u00e9n han distinguido el talento latino de Kevin Kaarl, Tainy, \u00c1lvaro D\u00edaz, Ryan Castro, Humbe, Reik, Clar\u00edn Le\u00f3n, entre otros.<\/p>\n\n\n\n<figure class=\"wp-block-image size-full\"><a href=\"https:\/\/www.eventbrite.com\/e\/health-wellness-fair-2026-tickets-1991124368586?aff=oddtdtcreator\" target=\"_blank\" rel=\" noopener\"><img loading=\"lazy\" decoding=\"async\" width=\"560\" height=\"300\" src=\"https:\/\/www.americanonewspaper.com\/es\/wp-content\/uploads\/2026\/08\/Health-and-Wellness-560-x-270.jpeg\" alt=\"\" class=\"wp-image-33426\" srcset=\"https:\/\/www.americanonewspaper.com\/es\/wp-content\/uploads\/2026\/08\/Health-and-Wellness-560-x-270.jpeg 560w, https:\/\/www.americanonewspaper.com\/es\/wp-content\/uploads\/2026\/08\/Health-and-Wellness-560-x-270-300x161.jpeg 300w, https:\/\/www.americanonewspaper.com\/es\/wp-content\/uploads\/2026\/08\/Health-and-Wellness-560-x-270-150x80.jpeg 150w\" sizes=\"(max-width: 560px) 100vw, 560px\" \/><\/a><\/figure>\n","protected":false},"excerpt":{"rendered":"<p>Ciudad de M\u00e9xico, 1 sep (EFE).- La revista Rolling Stone en Espa\u00f1ol anunci\u00f3 este martes que celebrar\u00e1 su edici\u00f3n de Premios 2026 con una gala en Ciudad de M\u00e9xico el pr\u00f3ximo 25 y 26 de noviembre, a la que asistir\u00e1n 500 invitados que representan algunos de los talentos m\u00e1s importantes de la cultura hispana. &#8220;La [&hellip;]<\/p>\n","protected":false},"author":7,"featured_media":33733,"comment_status":"open","ping_status":"open","sticky":false,"template":"","format":"standard","meta":{"_acf_changed":false,"tdm_status":"","tdm_grid_status":"","_jetpack_newsletter_access":"","_jetpack_dont_email_post_to_subs":false,"_jetpack_newsletter_tier_id":0,"_jetpack_memberships_contains_paywalled_content":false,"_jetpack_feature_clip_id":0,"_jetpack_memberships_contains_paid_content":false,"footnotes":"","jetpack_publicize_message":"{title}\n\n{excerpt}\n\n{url}","jetpack_publicize_feature_enabled":true,"jetpack_social_post_already_shared":false,"jetpack_social_options":{"image_generator_settings":{"template":"highway","default_image_id":0,"font":"","enabled":false,"token":"eyJpbWciOiJodHRwczpcL1wvd3d3LmFtZXJpY2Fub25ld3NwYXBlci5jb21cL2VzXC93cC1jb250ZW50XC91cGxvYWRzXC8yMDI2XC8wOVwvUm9sbGluZy1TdG9uZS0zMzN4NTAwLmpwZWciLCJ0eHQiOiJMb3MgUHJlbWlvcyBSb2xsaW5nIFN0b25lIGVuIE1cdTAwZTl4aWNvIiwidGVtcGxhdGUiOiJoaWdod2F5IiwiZm9udCI6IiIsImJsb2dfaWQiOjIyODYxOTU3NH0.KlVqVzXJZCjJLwUKVt27ZkStLaY0QK5b6Ey_YKUoozQMQ"},"version":2,"media_source":"featured-image","attached_media":[{"id":33733,"url":"https:\/\/www.americanonewspaper.com\/es\/wp-content\/uploads\/2026\/09\/Rolling-Stone.jpeg","type":"image\/jpeg"}]},"_wpas_customize_per_network":false,"jetpack_post_was_ever_published":false,"_members_access_role":[],"_members_access_error":""},"categories":[527,983,677],"tags":[],"class_list":["post-33732","post","type-post","status-publish","format-standard","has-post-thumbnail","category-farandula","category-mexico-mexico-2","category-musica"],"acf":[],"yoast_head":"<!-- This site is optimized with the Yoast SEO Premium plugin v28.4 (Yoast SEO v28.4) - https:\/\/yoast.com\/product\/yoast-seo-premium-wordpress\/ -->\n<title>Los Premios Rolling Stone en M\u00e9xico - Americano Newspaper<\/title>\n<meta name=\"description\" content=\"Ciudad de M\u00e9xico, 1 sep (EFE).- La revista Rolling Stone en Espa\u00f1ol anunci\u00f3 este martes que celebrar\u00e1 su edici\u00f3n de Premios 2026 con una gala en Ciudad de M\u00e9xico el pr\u00f3ximo 25 y 26 de noviembre, a la que asistir\u00e1n 500 invitados que representan algunos de los talentos m\u00e1s importantes de la cultura hispana.\" \/>\n<meta name=\"robots\" content=\"index, follow, max-snippet:-1, max-image-preview:large, max-video-preview:-1\" \/>\n<link rel=\"canonical\" href=\"https:\/\/www.americanonewspaper.com\/es\/farandula\/los-premios-rolling-stone-en-mexico\/\" \/>\n<meta property=\"og:locale\" content=\"en_US\" \/>\n<meta property=\"og:type\" content=\"article\" \/>\n<meta property=\"og:title\" content=\"Los Premios Rolling Stone en M\u00e9xico\" \/>\n<meta property=\"og:description\" content=\"Ciudad de M\u00e9xico, 1 sep (EFE).- La revista Rolling Stone en Espa\u00f1ol anunci\u00f3 este martes que celebrar\u00e1 su edici\u00f3n de Premios 2026 con una gala en Ciudad de M\u00e9xico el pr\u00f3ximo 25 y 26 de noviembre, a la que asistir\u00e1n 500 invitados que representan algunos de los talentos m\u00e1s importantes de la cultura hispana.\" \/>\n<meta property=\"og:url\" content=\"https:\/\/www.americanonewspaper.com\/es\/farandula\/los-premios-rolling-stone-en-mexico\/\" \/>\n<meta property=\"og:site_name\" content=\"Americano Newspaper\" \/>\n<meta property=\"article:publisher\" content=\"https:\/\/www.facebook.com\/AmericanoNewspaper\/\" \/>\n<meta property=\"article:published_time\" content=\"2026-09-01T23:22:15+00:00\" \/>\n<meta property=\"article:modified_time\" content=\"2026-09-01T23:22:21+00:00\" \/>\n<meta property=\"og:image\" content=\"https:\/\/www.americanonewspaper.com\/es\/wp-content\/uploads\/2026\/09\/Rolling-Stone.jpeg\" \/>\n\t<meta property=\"og:image:width\" content=\"560\" \/>\n\t<meta property=\"og:image:height\" content=\"840\" \/>\n\t<meta property=\"og:image:type\" content=\"image\/jpeg\" \/>\n<meta name=\"author\" content=\"Author\" \/>\n<meta name=\"twitter:card\" content=\"summary_large_image\" \/>\n<meta name=\"twitter:label1\" content=\"Written by\" \/>\n\t<meta name=\"twitter:data1\" content=\"Author\" \/>\n\t<meta name=\"twitter:label2\" content=\"Est. reading time\" \/>\n\t<meta name=\"twitter:data2\" content=\"3 minutes\" \/>\n<script type=\"application\/ld+json\" class=\"yoast-schema-graph\">{\"@context\":\"https:\\\/\\\/schema.org\",\"@graph\":[{\"@type\":\"Article\",\"@id\":\"https:\\\/\\\/www.americanonewspaper.com\\\/es\\\/farandula\\\/los-premios-rolling-stone-en-mexico\\\/#article\",\"isPartOf\":{\"@id\":\"https:\\\/\\\/www.americanonewspaper.com\\\/es\\\/farandula\\\/los-premios-rolling-stone-en-mexico\\\/\"},\"author\":{\"name\":\"Author\",\"@id\":\"https:\\\/\\\/www.americanonewspaper.com\\\/es\\\/#\\\/schema\\\/person\\\/8967f6b8af7e37bcbbe61f68580ff088\"},\"headline\":\"Los Premios Rolling Stone en M\u00e9xico\",\"datePublished\":\"2026-09-01T23:22:15+00:00\",\"dateModified\":\"2026-09-01T23:22:21+00:00\",\"mainEntityOfPage\":{\"@id\":\"https:\\\/\\\/www.americanonewspaper.com\\\/es\\\/farandula\\\/los-premios-rolling-stone-en-mexico\\\/\"},\"wordCount\":436,\"commentCount\":0,\"publisher\":{\"@id\":\"https:\\\/\\\/www.americanonewspaper.com\\\/es\\\/#organization\"},\"image\":{\"@id\":\"https:\\\/\\\/www.americanonewspaper.com\\\/es\\\/farandula\\\/los-premios-rolling-stone-en-mexico\\\/#primaryimage\"},\"thumbnailUrl\":\"https:\\\/\\\/www.americanonewspaper.com\\\/es\\\/wp-content\\\/uploads\\\/2026\\\/09\\\/Rolling-Stone.jpeg\",\"articleSection\":[\"Far\u00e1ndula\",\"M\u00e9xico\",\"M\u00fasica\"],\"inLanguage\":\"en-US\",\"potentialAction\":[{\"@type\":\"CommentAction\",\"name\":\"Comment\",\"target\":[\"https:\\\/\\\/www.americanonewspaper.com\\\/es\\\/farandula\\\/los-premios-rolling-stone-en-mexico\\\/#respond\"]}]},{\"@type\":\"WebPage\",\"@id\":\"https:\\\/\\\/www.americanonewspaper.com\\\/es\\\/farandula\\\/los-premios-rolling-stone-en-mexico\\\/\",\"url\":\"https:\\\/\\\/www.americanonewspaper.com\\\/es\\\/farandula\\\/los-premios-rolling-stone-en-mexico\\\/\",\"name\":\"Los Premios Rolling Stone en M\u00e9xico - Americano Newspaper\",\"isPartOf\":{\"@id\":\"https:\\\/\\\/www.americanonewspaper.com\\\/es\\\/#website\"},\"primaryImageOfPage\":{\"@id\":\"https:\\\/\\\/www.americanonewspaper.com\\\/es\\\/farandula\\\/los-premios-rolling-stone-en-mexico\\\/#primaryimage\"},\"image\":{\"@id\":\"https:\\\/\\\/www.americanonewspaper.com\\\/es\\\/farandula\\\/los-premios-rolling-stone-en-mexico\\\/#primaryimage\"},\"thumbnailUrl\":\"https:\\\/\\\/www.americanonewspaper.com\\\/es\\\/wp-content\\\/uploads\\\/2026\\\/09\\\/Rolling-Stone.jpeg\",\"datePublished\":\"2026-09-01T23:22:15+00:00\",\"dateModified\":\"2026-09-01T23:22:21+00:00\",\"description\":\"Ciudad de M\u00e9xico, 1 sep (EFE).- La revista Rolling Stone en Espa\u00f1ol anunci\u00f3 este martes que celebrar\u00e1 su edici\u00f3n de Premios 2026 con una gala en Ciudad de M\u00e9xico el pr\u00f3ximo 25 y 26 de noviembre, a la que asistir\u00e1n 500 invitados que representan algunos de los talentos m\u00e1s importantes de la cultura hispana.\",\"breadcrumb\":{\"@id\":\"https:\\\/\\\/www.americanonewspaper.com\\\/es\\\/farandula\\\/los-premios-rolling-stone-en-mexico\\\/#breadcrumb\"},\"inLanguage\":\"en-US\",\"potentialAction\":[{\"@type\":\"ReadAction\",\"target\":[\"https:\\\/\\\/www.americanonewspaper.com\\\/es\\\/farandula\\\/los-premios-rolling-stone-en-mexico\\\/\"]}]},{\"@type\":\"ImageObject\",\"inLanguage\":\"en-US\",\"@id\":\"https:\\\/\\\/www.americanonewspaper.com\\\/es\\\/farandula\\\/los-premios-rolling-stone-en-mexico\\\/#primaryimage\",\"url\":\"https:\\\/\\\/www.americanonewspaper.com\\\/es\\\/wp-content\\\/uploads\\\/2026\\\/09\\\/Rolling-Stone.jpeg\",\"contentUrl\":\"https:\\\/\\\/www.americanonewspaper.com\\\/es\\\/wp-content\\\/uploads\\\/2026\\\/09\\\/Rolling-Stone.jpeg\",\"width\":560,\"height\":840,\"caption\":\"La revista Rolling Stone en Espa\u00f1ol anunci\u00f3 este martes que celebrar\u00e1 su edici\u00f3n de Premios 2026 con una gala en Ciudad de M\u00e9xico el pr\u00f3ximo 25 y 26 de noviembre, a la que asistir\u00e1n 500 invitados que representan algunos de los talentos m\u00e1s importantes de la cultura hispana. Imagen de archivo. EFE\\\/Giorgio Viera\"},{\"@type\":\"BreadcrumbList\",\"@id\":\"https:\\\/\\\/www.americanonewspaper.com\\\/es\\\/farandula\\\/los-premios-rolling-stone-en-mexico\\\/#breadcrumb\",\"itemListElement\":[{\"@type\":\"ListItem\",\"position\":1,\"name\":\"Home\",\"item\":\"https:\\\/\\\/www.americanonewspaper.com\\\/es\\\/\"},{\"@type\":\"ListItem\",\"position\":2,\"name\":\"Los Premios Rolling Stone en M\u00e9xico\"}]},{\"@type\":\"WebSite\",\"@id\":\"https:\\\/\\\/www.americanonewspaper.com\\\/es\\\/#website\",\"url\":\"https:\\\/\\\/www.americanonewspaper.com\\\/es\\\/\",\"name\":\"Americano Newspaper\",\"description\":\"The Hispanic Newspaper of New Jersey.\",\"publisher\":{\"@id\":\"https:\\\/\\\/www.americanonewspaper.com\\\/es\\\/#organization\"},\"potentialAction\":[{\"@type\":\"SearchAction\",\"target\":{\"@type\":\"EntryPoint\",\"urlTemplate\":\"https:\\\/\\\/www.americanonewspaper.com\\\/es\\\/?s={search_term_string}\"},\"query-input\":{\"@type\":\"PropertyValueSpecification\",\"valueRequired\":true,\"valueName\":\"search_term_string\"}}],\"inLanguage\":\"en-US\"},{\"@type\":\"Organization\",\"@id\":\"https:\\\/\\\/www.americanonewspaper.com\\\/es\\\/#organization\",\"name\":\"Americano Newspaper\",\"url\":\"https:\\\/\\\/www.americanonewspaper.com\\\/es\\\/\",\"logo\":{\"@type\":\"ImageObject\",\"inLanguage\":\"en-US\",\"@id\":\"https:\\\/\\\/www.americanonewspaper.com\\\/es\\\/#\\\/schema\\\/logo\\\/image\\\/\",\"url\":\"https:\\\/\\\/www.americanonewspaper.com\\\/es\\\/wp-content\\\/uploads\\\/2024\\\/05\\\/AmericanoLogoCircle.comCircle2.jpg\",\"contentUrl\":\"https:\\\/\\\/www.americanonewspaper.com\\\/es\\\/wp-content\\\/uploads\\\/2024\\\/05\\\/AmericanoLogoCircle.comCircle2.jpg\",\"width\":600,\"height\":600,\"caption\":\"Americano Newspaper\"},\"image\":{\"@id\":\"https:\\\/\\\/www.americanonewspaper.com\\\/es\\\/#\\\/schema\\\/logo\\\/image\\\/\"},\"sameAs\":[\"https:\\\/\\\/www.facebook.com\\\/AmericanoNewspaper\\\/\"]},{\"@type\":\"Person\",\"@id\":\"https:\\\/\\\/www.americanonewspaper.com\\\/es\\\/#\\\/schema\\\/person\\\/8967f6b8af7e37bcbbe61f68580ff088\",\"name\":\"Author\",\"image\":{\"@type\":\"ImageObject\",\"inLanguage\":\"en-US\",\"@id\":\"https:\\\/\\\/www.americanonewspaper.com\\\/es\\\/wp-content\\\/litespeed\\\/avatar\\\/89ffaf6af3cf6769ffb3c6efb2313947.jpg?ver=1787930627\",\"url\":\"https:\\\/\\\/www.americanonewspaper.com\\\/es\\\/wp-content\\\/litespeed\\\/avatar\\\/89ffaf6af3cf6769ffb3c6efb2313947.jpg?ver=1787930627\",\"contentUrl\":\"https:\\\/\\\/www.americanonewspaper.com\\\/es\\\/wp-content\\\/litespeed\\\/avatar\\\/89ffaf6af3cf6769ffb3c6efb2313947.jpg?ver=1787930627\",\"caption\":\"Author\"},\"url\":\"https:\\\/\\\/www.americanonewspaper.com\\\/es\\\/author\\\/americano\\\/\"}]}<\/script>\n<!-- \/ Yoast SEO Premium plugin. -->","yoast_head_json":{"title":"Los Premios Rolling Stone en M\u00e9xico - Americano Newspaper","description":"Ciudad de M\u00e9xico, 1 sep (EFE).- La revista Rolling Stone en Espa\u00f1ol anunci\u00f3 este martes que celebrar\u00e1 su edici\u00f3n de Premios 2026 con una gala en Ciudad de M\u00e9xico el pr\u00f3ximo 25 y 26 de noviembre, a la que asistir\u00e1n 500 invitados que representan algunos de los talentos m\u00e1s importantes de la cultura hispana.","robots":{"index":"index","follow":"follow","max-snippet":"max-snippet:-1","max-image-preview":"max-image-preview:large","max-video-preview":"max-video-preview:-1"},"canonical":"https:\/\/www.americanonewspaper.com\/es\/farandula\/los-premios-rolling-stone-en-mexico\/","og_locale":"en_US","og_type":"article","og_title":"Los Premios Rolling Stone en M\u00e9xico","og_description":"Ciudad de M\u00e9xico, 1 sep (EFE).- La revista Rolling Stone en Espa\u00f1ol anunci\u00f3 este martes que celebrar\u00e1 su edici\u00f3n de Premios 2026 con una gala en Ciudad de M\u00e9xico el pr\u00f3ximo 25 y 26 de noviembre, a la que asistir\u00e1n 500 invitados que representan algunos de los talentos m\u00e1s importantes de la cultura hispana.","og_url":"https:\/\/www.americanonewspaper.com\/es\/farandula\/los-premios-rolling-stone-en-mexico\/","og_site_name":"Americano Newspaper","article_publisher":"https:\/\/www.facebook.com\/AmericanoNewspaper\/","article_published_time":"2026-09-01T23:22:15+00:00","article_modified_time":"2026-09-01T23:22:21+00:00","og_image":[{"width":560,"height":840,"url":"https:\/\/www.americanonewspaper.com\/es\/wp-content\/uploads\/2026\/09\/Rolling-Stone.jpeg","type":"image\/jpeg"}],"author":"Author","twitter_card":"summary_large_image","twitter_misc":{"Written by":"Author","Est. reading time":"3 minutes"},"schema":{"@context":"https:\/\/schema.org","@graph":[{"@type":"Article","@id":"https:\/\/www.americanonewspaper.com\/es\/farandula\/los-premios-rolling-stone-en-mexico\/#article","isPartOf":{"@id":"https:\/\/www.americanonewspaper.com\/es\/farandula\/los-premios-rolling-stone-en-mexico\/"},"author":{"name":"Author","@id":"https:\/\/www.americanonewspaper.com\/es\/#\/schema\/person\/8967f6b8af7e37bcbbe61f68580ff088"},"headline":"Los Premios Rolling Stone en M\u00e9xico","datePublished":"2026-09-01T23:22:15+00:00","dateModified":"2026-09-01T23:22:21+00:00","mainEntityOfPage":{"@id":"https:\/\/www.americanonewspaper.com\/es\/farandula\/los-premios-rolling-stone-en-mexico\/"},"wordCount":436,"commentCount":0,"publisher":{"@id":"https:\/\/www.americanonewspaper.com\/es\/#organization"},"image":{"@id":"https:\/\/www.americanonewspaper.com\/es\/farandula\/los-premios-rolling-stone-en-mexico\/#primaryimage"},"thumbnailUrl":"https:\/\/www.americanonewspaper.com\/es\/wp-content\/uploads\/2026\/09\/Rolling-Stone.jpeg","articleSection":["Far\u00e1ndula","M\u00e9xico","M\u00fasica"],"inLanguage":"en-US","potentialAction":[{"@type":"CommentAction","name":"Comment","target":["https:\/\/www.americanonewspaper.com\/es\/farandula\/los-premios-rolling-stone-en-mexico\/#respond"]}]},{"@type":"WebPage","@id":"https:\/\/www.americanonewspaper.com\/es\/farandula\/los-premios-rolling-stone-en-mexico\/","url":"https:\/\/www.americanonewspaper.com\/es\/farandula\/los-premios-rolling-stone-en-mexico\/","name":"Los Premios Rolling Stone en M\u00e9xico - Americano Newspaper","isPartOf":{"@id":"https:\/\/www.americanonewspaper.com\/es\/#website"},"primaryImageOfPage":{"@id":"https:\/\/www.americanonewspaper.com\/es\/farandula\/los-premios-rolling-stone-en-mexico\/#primaryimage"},"image":{"@id":"https:\/\/www.americanonewspaper.com\/es\/farandula\/los-premios-rolling-stone-en-mexico\/#primaryimage"},"thumbnailUrl":"https:\/\/www.americanonewspaper.com\/es\/wp-content\/uploads\/2026\/09\/Rolling-Stone.jpeg","datePublished":"2026-09-01T23:22:15+00:00","dateModified":"2026-09-01T23:22:21+00:00","description":"Ciudad de M\u00e9xico, 1 sep (EFE).- La revista Rolling Stone en Espa\u00f1ol anunci\u00f3 este martes que celebrar\u00e1 su edici\u00f3n de Premios 2026 con una gala en Ciudad de M\u00e9xico el pr\u00f3ximo 25 y 26 de noviembre, a la que asistir\u00e1n 500 invitados que representan algunos de los talentos m\u00e1s importantes de la cultura hispana.","breadcrumb":{"@id":"https:\/\/www.americanonewspaper.com\/es\/farandula\/los-premios-rolling-stone-en-mexico\/#breadcrumb"},"inLanguage":"en-US","potentialAction":[{"@type":"ReadAction","target":["https:\/\/www.americanonewspaper.com\/es\/farandula\/los-premios-rolling-stone-en-mexico\/"]}]},{"@type":"ImageObject","inLanguage":"en-US","@id":"https:\/\/www.americanonewspaper.com\/es\/farandula\/los-premios-rolling-stone-en-mexico\/#primaryimage","url":"https:\/\/www.americanonewspaper.com\/es\/wp-content\/uploads\/2026\/09\/Rolling-Stone.jpeg","contentUrl":"https:\/\/www.americanonewspaper.com\/es\/wp-content\/uploads\/2026\/09\/Rolling-Stone.jpeg","width":560,"height":840,"caption":"La revista Rolling Stone en Espa\u00f1ol anunci\u00f3 este martes que celebrar\u00e1 su edici\u00f3n de Premios 2026 con una gala en Ciudad de M\u00e9xico el pr\u00f3ximo 25 y 26 de noviembre, a la que asistir\u00e1n 500 invitados que representan algunos de los talentos m\u00e1s importantes de la cultura hispana. Imagen de archivo. EFE\/Giorgio Viera"},{"@type":"BreadcrumbList","@id":"https:\/\/www.americanonewspaper.com\/es\/farandula\/los-premios-rolling-stone-en-mexico\/#breadcrumb","itemListElement":[{"@type":"ListItem","position":1,"name":"Home","item":"https:\/\/www.americanonewspaper.com\/es\/"},{"@type":"ListItem","position":2,"name":"Los Premios Rolling Stone en M\u00e9xico"}]},{"@type":"WebSite","@id":"https:\/\/www.americanonewspaper.com\/es\/#website","url":"https:\/\/www.americanonewspaper.com\/es\/","name":"Americano Newspaper","description":"The Hispanic Newspaper of New Jersey.","publisher":{"@id":"https:\/\/www.americanonewspaper.com\/es\/#organization"},"potentialAction":[{"@type":"SearchAction","target":{"@type":"EntryPoint","urlTemplate":"https:\/\/www.americanonewspaper.com\/es\/?s={search_term_string}"},"query-input":{"@type":"PropertyValueSpecification","valueRequired":true,"valueName":"search_term_string"}}],"inLanguage":"en-US"},{"@type":"Organization","@id":"https:\/\/www.americanonewspaper.com\/es\/#organization","name":"Americano Newspaper","url":"https:\/\/www.americanonewspaper.com\/es\/","logo":{"@type":"ImageObject","inLanguage":"en-US","@id":"https:\/\/www.americanonewspaper.com\/es\/#\/schema\/logo\/image\/","url":"https:\/\/www.americanonewspaper.com\/es\/wp-content\/uploads\/2024\/05\/AmericanoLogoCircle.comCircle2.jpg","contentUrl":"https:\/\/www.americanonewspaper.com\/es\/wp-content\/uploads\/2024\/05\/AmericanoLogoCircle.comCircle2.jpg","width":600,"height":600,"caption":"Americano Newspaper"},"image":{"@id":"https:\/\/www.americanonewspaper.com\/es\/#\/schema\/logo\/image\/"},"sameAs":["https:\/\/www.facebook.com\/AmericanoNewspaper\/"]},{"@type":"Person","@id":"https:\/\/www.americanonewspaper.com\/es\/#\/schema\/person\/8967f6b8af7e37bcbbe61f68580ff088","name":"Author","image":{"@type":"ImageObject","inLanguage":"en-US","@id":"https:\/\/www.americanonewspaper.com\/es\/wp-content\/litespeed\/avatar\/89ffaf6af3cf6769ffb3c6efb2313947.jpg?ver=1787930627","url":"https:\/\/www.americanonewspaper.com\/es\/wp-content\/litespeed\/avatar\/89ffaf6af3cf6769ffb3c6efb2313947.jpg?ver=1787930627","contentUrl":"https:\/\/www.americanonewspaper.com\/es\/wp-content\/litespeed\/avatar\/89ffaf6af3cf6769ffb3c6efb2313947.jpg?ver=1787930627","caption":"Author"},"url":"https:\/\/www.americanonewspaper.com\/es\/author\/americano\/"}]}},"jetpack_publicize_connections":[],"featured_image_urls":{"full":["https:\/\/www.americanonewspaper.com\/es\/wp-content\/uploads\/2026\/09\/Rolling-Stone.jpeg",560,840,false],"thumbnail":["https:\/\/www.americanonewspaper.com\/es\/wp-content\/uploads\/2026\/09\/Rolling-Stone-250x250.jpeg",250,250,true],"medium":["https:\/\/www.americanonewspaper.com\/es\/wp-content\/uploads\/2026\/09\/Rolling-Stone-200x300.jpeg",200,300,true],"medium_large":["https:\/\/www.americanonewspaper.com\/es\/wp-content\/uploads\/2026\/09\/Rolling-Stone.jpeg",560,840,false],"large":["https:\/\/www.americanonewspaper.com\/es\/wp-content\/uploads\/2026\/09\/Rolling-Stone-333x500.jpeg",333,500,true],"1536x1536":["https:\/\/www.americanonewspaper.com\/es\/wp-content\/uploads\/2026\/09\/Rolling-Stone.jpeg",560,840,false],"2048x2048":["https:\/\/www.americanonewspaper.com\/es\/wp-content\/uploads\/2026\/09\/Rolling-Stone.jpeg",560,840,false],"td_150x0":["https:\/\/www.americanonewspaper.com\/es\/wp-content\/uploads\/2026\/09\/Rolling-Stone-150x225.jpeg",150,225,true],"td_218x150":["https:\/\/www.americanonewspaper.com\/es\/wp-content\/uploads\/2026\/09\/Rolling-Stone-218x150.jpeg",218,150,true],"td_300x0":["https:\/\/www.americanonewspaper.com\/es\/wp-content\/uploads\/2026\/09\/Rolling-Stone-300x450.jpeg",300,450,true],"td_324x400":["https:\/\/www.americanonewspaper.com\/es\/wp-content\/uploads\/2026\/09\/Rolling-Stone-324x400.jpeg",324,400,true],"td_485x360":["https:\/\/www.americanonewspaper.com\/es\/wp-content\/uploads\/2026\/09\/Rolling-Stone-485x360.jpeg",485,360,true],"td_696x0":["https:\/\/www.americanonewspaper.com\/es\/wp-content\/uploads\/2026\/09\/Rolling-Stone.jpeg",560,840,false],"td_1068x0":["https:\/\/www.americanonewspaper.com\/es\/wp-content\/uploads\/2026\/09\/Rolling-Stone.jpeg",560,840,false],"td_1920x0":["https:\/\/www.americanonewspaper.com\/es\/wp-content\/uploads\/2026\/09\/Rolling-Stone.jpeg",560,840,false],"bdpp-medium":["https:\/\/www.americanonewspaper.com\/es\/wp-content\/uploads\/2026\/09\/Rolling-Stone-560x480.jpeg",560,480,true]},"author_info":{"display_name":"Author","author_link":"https:\/\/www.americanonewspaper.com\/es\/author\/americano\/"},"category_info":"<a href=\"https:\/\/www.americanonewspaper.com\/es\/category\/farandula\/\" rel=\"category tag\">Far\u00e1ndula<\/a> <a href=\"https:\/\/www.americanonewspaper.com\/es\/category\/mexico-2\/mexico-mexico-2\/\" rel=\"category tag\">M\u00e9xico<\/a> <a href=\"https:\/\/www.americanonewspaper.com\/es\/category\/musica\/\" rel=\"category tag\">M\u00fasica<\/a>","tag_info":"M\u00fasica","comment_count":"0","jetpack_sharing_enabled":true,"jetpack_likes_enabled":true,"jetpack_featured_media_url":"https:\/\/www.americanonewspaper.com\/es\/wp-content\/uploads\/2026\/09\/Rolling-Stone.jpeg","_links":{"self":[{"href":"https:\/\/www.americanonewspaper.com\/es\/wp-json\/wp\/v2\/posts\/33732","targetHints":{"allow":["GET"]}}],"collection":[{"href":"https:\/\/www.americanonewspaper.com\/es\/wp-json\/wp\/v2\/posts"}],"about":[{"href":"https:\/\/www.americanonewspaper.com\/es\/wp-json\/wp\/v2\/types\/post"}],"author":[{"embeddable":true,"href":"https:\/\/www.americanonewspaper.com\/es\/wp-json\/wp\/v2\/users\/7"}],"replies":[{"embeddable":true,"href":"https:\/\/www.americanonewspaper.com\/es\/wp-json\/wp\/v2\/comments?post=33732"}],"version-history":[{"count":1,"href":"https:\/\/www.americanonewspaper.com\/es\/wp-json\/wp\/v2\/posts\/33732\/revisions"}],"predecessor-version":[{"id":33734,"href":"https:\/\/www.americanonewspaper.com\/es\/wp-json\/wp\/v2\/posts\/33732\/revisions\/33734"}],"wp:featuredmedia":[{"embeddable":true,"href":"https:\/\/www.americanonewspaper.com\/es\/wp-json\/wp\/v2\/media\/33733"}],"wp:attachment":[{"href":"https:\/\/www.americanonewspaper.com\/es\/wp-json\/wp\/v2\/media?parent=33732"}],"wp:term":[{"taxonomy":"category","embeddable":true,"href":"https:\/\/www.americanonewspaper.com\/es\/wp-json\/wp\/v2\/categories?post=33732"},{"taxonomy":"post_tag","embeddable":true,"href":"https:\/\/www.americanonewspaper.com\/es\/wp-json\/wp\/v2\/tags?post=33732"}],"curies":[{"name":"wp","href":"https:\/\/api.w.org\/{rel}","templated":true}]}}