{"id":33712,"date":"2026-08-31T23:50:54","date_gmt":"2026-09-01T03:50:54","guid":{"rendered":"https:\/\/www.americanonewspaper.com\/es\/?p=33712"},"modified":"2026-08-31T23:51:02","modified_gmt":"2026-09-01T03:51:02","slug":"mexico","status":"publish","type":"post","link":"https:\/\/www.americanonewspaper.com\/es\/education\/mexico\/","title":{"rendered":"El 81 % de los maestros en M\u00e9xico pide poner reglas al uso del celular en clase"},"content":{"rendered":"\n<p class=\"dropcapp3 wp-block-paragraph\">El Gobierno mexicano prepara nuevos lineamientos para regular el uso de tel\u00e9fonos celulares y otros dispositivos en las escuelas, despu\u00e9s de que el 81 % de m\u00e1s de 565.000 docentes consultados respaldara establecer reglas para garantizar un uso seguro y pedag\u00f3gico de la tecnolog\u00eda.<\/p>\n\n\n<div class=\"wp-block-image\">\n<figure class=\"aligncenter size-full is-resized\"><img fetchpriority=\"high\" decoding=\"async\" width=\"600\" height=\"405\" src=\"https:\/\/www.americanonewspaper.com\/es\/wp-content\/uploads\/2026\/08\/89e2e2f1903ff63161cfc27bbb520e969f9596e2m.jpg\" alt=\"\" class=\"wp-image-33713\" style=\"width:560px;height:auto\" srcset=\"https:\/\/www.americanonewspaper.com\/es\/wp-content\/uploads\/2026\/08\/89e2e2f1903ff63161cfc27bbb520e969f9596e2m.jpg 600w, https:\/\/www.americanonewspaper.com\/es\/wp-content\/uploads\/2026\/08\/89e2e2f1903ff63161cfc27bbb520e969f9596e2m-300x203.jpg 300w, https:\/\/www.americanonewspaper.com\/es\/wp-content\/uploads\/2026\/08\/89e2e2f1903ff63161cfc27bbb520e969f9596e2m-150x101.jpg 150w\" sizes=\"(max-width: 600px) 100vw, 600px\" \/><figcaption class=\"wp-element-caption\">La presidenta de M\u00e9xico, Claudia Sheinbaum (c-i), el secretario de Educaci\u00f3n P\u00fablica, Mario Delgado (c) y la jefa de Gobierno de la Ciudad de M\u00e9xico la alcaldesa Clara Brugada (c-d), posan con alumnos en una rueda de prensa en una escuela primaria este lunes en la Ciudad de M\u00e9xico (M\u00e9xico). EFE\/S\u00e1shenka Guti\u00e9rrez<\/figcaption><\/figure>\n<\/div>\n\n\n<p class=\"wp-block-paragraph\">El secretario de Educaci\u00f3n P\u00fablica, Mario Delgado, inform\u00f3 este lunes de la medida en coincidencia con el regreso a las aulas de millones de estudiantes para el ciclo escolar 2026-2027, que moviliza a m\u00e1s de 1,6 millones de docentes en unas 250.000 escuelas del pa\u00eds.<\/p>\n\n\n<div class=\"wp-block-image\">\n<figure class=\"aligncenter size-full is-resized\"><img decoding=\"async\" width=\"560\" height=\"269\" src=\"https:\/\/www.americanonewspaper.com\/es\/wp-content\/uploads\/2026\/08\/GGlSpanish-1.jpg\" alt=\"ABOGADOS DE ACCIDENTES\" class=\"wp-image-33500\" style=\"width:560px;height:auto\" srcset=\"https:\/\/www.americanonewspaper.com\/es\/wp-content\/uploads\/2026\/08\/GGlSpanish-1.jpg 560w, https:\/\/www.americanonewspaper.com\/es\/wp-content\/uploads\/2026\/08\/GGlSpanish-1-300x144.jpg 300w, https:\/\/www.americanonewspaper.com\/es\/wp-content\/uploads\/2026\/08\/GGlSpanish-1-150x72.jpg 150w\" sizes=\"(max-width: 560px) 100vw, 560px\" \/><figcaption class=\"wp-element-caption\">ABOGADOS DE ACCIDENTES<\/figcaption><\/figure>\n<\/div>\n\n\n<p class=\"wp-block-paragraph\">Delgado explic\u00f3 que la Secretar\u00eda de Educaci\u00f3n P\u00fablica (SEP) realiz\u00f3 la consulta durante el Consejo T\u00e9cnico Escolar Intensivo de la semana pasada, con la participaci\u00f3n de 565.396 maestras y maestros, para conocer c\u00f3mo est\u00e1n experimentando la presencia de dispositivos electr\u00f3nicos en las aulas.<\/p>\n\n\n\n<figure class=\"wp-block-video\"><video height=\"1080\" style=\"aspect-ratio: 1920 \/ 1080;\" width=\"1920\" controls src=\"https:\/\/www.americanonewspaper.com\/es\/wp-content\/uploads\/2026\/08\/6c8587ef-831c-45ae-85ce-2d7d8582b08d-hd-pal.mp4\"><\/video><\/figure>\n\n\n\n<p class=\"wp-block-paragraph\">Seg\u00fan los resultados, cerca del 40 % de los docentes detecta que los alumnos llevan tel\u00e9fonos celulares a la escuela y un 24 % se\u00f1al\u00f3 la presencia de relojes inteligentes.<\/p>\n\n\n<div class=\"wp-block-image\">\n<figure class=\"aligncenter size-full is-resized\"><a href=\"https:\/\/www.linkedin.com\/in\/jaimeberrios\/\" target=\"_blank\" rel=\" noopener\"><img decoding=\"async\" width=\"560\" height=\"257\" src=\"https:\/\/www.americanonewspaper.com\/es\/wp-content\/uploads\/2026\/08\/Jaime-copy-2-1.jpg\" alt=\"\" class=\"wp-image-33501\" style=\"width:560px;height:auto\" srcset=\"https:\/\/www.americanonewspaper.com\/es\/wp-content\/uploads\/2026\/08\/Jaime-copy-2-1.jpg 560w, https:\/\/www.americanonewspaper.com\/es\/wp-content\/uploads\/2026\/08\/Jaime-copy-2-1-300x138.jpg 300w, https:\/\/www.americanonewspaper.com\/es\/wp-content\/uploads\/2026\/08\/Jaime-copy-2-1-150x69.jpg 150w\" sizes=\"(max-width: 560px) 100vw, 560px\" \/><\/a><\/figure>\n<\/div>\n\n\n<p class=\"wp-block-paragraph\">El 48 % consider\u00f3 que los celulares dificultan mantener la atenci\u00f3n de los estudiantes, mientras que el 38 % afirm\u00f3 que interrumpen las actividades escolares y el 34 % advirti\u00f3 que los alumnos abandonan alguna forma de convivencia por permanecer pendientes de sus dispositivos.<\/p>\n\n\n<div class=\"wp-block-image\">\n<figure class=\"aligncenter size-full is-resized\"><a href=\"https:\/\/www.njng.com\/my-account\/payment-options\/payment-assistance.aspx\" target=\"_blank\" rel=\" noopener\"><img loading=\"lazy\" decoding=\"async\" width=\"560\" height=\"270\" src=\"https:\/\/www.americanonewspaper.com\/es\/wp-content\/uploads\/2026\/08\/NJNaturalGasSpanish-copy.jpg\" alt=\"AYUDA PARA PAGAR ENERG\u00cdA\" class=\"wp-image-33577\" style=\"width:560px;height:auto\" srcset=\"https:\/\/www.americanonewspaper.com\/es\/wp-content\/uploads\/2026\/08\/NJNaturalGasSpanish-copy.jpg 560w, https:\/\/www.americanonewspaper.com\/es\/wp-content\/uploads\/2026\/08\/NJNaturalGasSpanish-copy-300x145.jpg 300w, https:\/\/www.americanonewspaper.com\/es\/wp-content\/uploads\/2026\/08\/NJNaturalGasSpanish-copy-150x72.jpg 150w\" sizes=\"(max-width: 560px) 100vw, 560px\" \/><\/a><figcaption class=\"wp-element-caption\">AYUDA PARA PAGAR ENERG\u00cdA<\/figcaption><\/figure>\n<\/div>\n\n\n<p class=\"wp-block-paragraph\">Adem\u00e1s, un 38,7 % de los profesores asegur\u00f3 haber detectado que los conflictos originados en las redes sociales terminan traslad\u00e1ndose a las aulas o las escuelas.<\/p>\n\n\n\n<p class=\"wp-block-paragraph\">Ante este panorama, el 51 % de los docentes propuso establecer protocolos para atender situaciones de riesgo y alcanzar acuerdos con madres y padres sobre el acceso y uso de las tecnolog\u00edas.<\/p>\n\n\n\n<p class=\"wp-block-paragraph\">Delgado explic\u00f3 que los resultados fueron presentados parcialmente el viernes ante las autoridades educativas de los estados y que durante esta semana continuar\u00e1n trabajando en una propuesta nacional.<\/p>\n\n\n\n<p class=\"wp-block-paragraph\"><\/p>\n\n\n\n<p class=\"wp-block-paragraph\">\u201cVamos a seguir revisando esta semana para ver qu\u00e9 lineamientos vamos a tener a partir de lo que dicen los maestros, de lo que dicen las autoridades educativas\u201d, afirm\u00f3.<\/p>\n\n\n\n<p class=\"wp-block-paragraph\">La regulaci\u00f3n de los celulares en las escuelas ha cobrado fuerza en distintos pa\u00edses ante las preocupaciones sobre sus efectos en la concentraci\u00f3n, el aprendizaje, la convivencia y la salud mental de ni\u00f1os y adolescentes.<\/p>\n\n\n\n<p class=\"wp-block-paragraph\">La Unesco ha recomendado que la tecnolog\u00eda se utilice en las aulas \u00fanicamente cuando contribuya al aprendizaje y ha advertido sobre los efectos negativos que puede tener su uso excesivo.<\/p>\n\n\n<div class=\"wp-block-image\">\n<figure class=\"aligncenter size-full is-resized\"><a href=\"https:\/\/www.thehighlandsnj.com\/\" target=\"_blank\" rel=\" noopener\"><img loading=\"lazy\" decoding=\"async\" width=\"560\" height=\"300\" src=\"https:\/\/www.americanonewspaper.com\/es\/wp-content\/uploads\/2026\/08\/Apartamentos-copy.jpg\" alt=\"Apartamentos Asequibles para alquilar\" class=\"wp-image-33666\" style=\"width:560px;height:auto\" srcset=\"https:\/\/www.americanonewspaper.com\/es\/wp-content\/uploads\/2026\/08\/Apartamentos-copy.jpg 560w, https:\/\/www.americanonewspaper.com\/es\/wp-content\/uploads\/2026\/08\/Apartamentos-copy-300x161.jpg 300w, https:\/\/www.americanonewspaper.com\/es\/wp-content\/uploads\/2026\/08\/Apartamentos-copy-150x80.jpg 150w\" sizes=\"(max-width: 560px) 100vw, 560px\" \/><\/a><figcaption class=\"wp-element-caption\">Apartamentos Asequibles para alquilar<\/figcaption><\/figure>\n<\/div>\n\n\n<p class=\"wp-block-paragraph\">En el nuevo ciclo escolar la SEP pondr\u00e1 en marcha el programa \u2018ABC de las emociones\u2019, con gu\u00edas para estudiantes, docentes y familias y una hora semanal dedicada a hablar sobre salud emocional en secundarias y preparatorias.<\/p>\n\n\n<div class=\"wp-block-image\">\n<figure class=\"aligncenter size-full is-resized\"><a href=\"https:\/\/www.linkedin.com\/in\/oscaralbertoquintana\/\" target=\"_blank\" rel=\" noopener\"><img loading=\"lazy\" decoding=\"async\" width=\"560\" height=\"274\" src=\"https:\/\/www.americanonewspaper.com\/es\/wp-content\/uploads\/2026\/08\/LacerdaOQSpanish-copy.jpg\" alt=\"\" class=\"wp-image-33404\" style=\"width:560px;height:auto\" srcset=\"https:\/\/www.americanonewspaper.com\/es\/wp-content\/uploads\/2026\/08\/LacerdaOQSpanish-copy.jpg 560w, https:\/\/www.americanonewspaper.com\/es\/wp-content\/uploads\/2026\/08\/LacerdaOQSpanish-copy-300x147.jpg 300w, https:\/\/www.americanonewspaper.com\/es\/wp-content\/uploads\/2026\/08\/LacerdaOQSpanish-copy-150x73.jpg 150w\" sizes=\"(max-width: 560px) 100vw, 560px\" \/><\/a><\/figure>\n<\/div>\n\n\n<p class=\"wp-block-paragraph\">En Ciudad de M\u00e9xico, la alcaldesa Clara Brugada inform\u00f3 del despliegue de 15.000 polic\u00edas para vigilar escuelas, cruces, calles y transporte durante el regreso a clases, adem\u00e1s de programas para renovar planteles y ampliar las aulas digitales.<\/p>\n\n\n<div class=\"wp-block-image\">\n<figure class=\"aligncenter size-full is-resized\"><a href=\"https:\/\/tayakan.com\/\" target=\"_blank\" rel=\" noopener\"><img loading=\"lazy\" decoding=\"async\" width=\"560\" height=\"164\" src=\"https:\/\/www.americanonewspaper.com\/es\/wp-content\/uploads\/2026\/08\/Tayakanlogo560-copy-2.jpg\" alt=\"\" class=\"wp-image-33281\" style=\"width:560px;height:auto\" srcset=\"https:\/\/www.americanonewspaper.com\/es\/wp-content\/uploads\/2026\/08\/Tayakanlogo560-copy-2.jpg 560w, https:\/\/www.americanonewspaper.com\/es\/wp-content\/uploads\/2026\/08\/Tayakanlogo560-copy-2-300x88.jpg 300w, https:\/\/www.americanonewspaper.com\/es\/wp-content\/uploads\/2026\/08\/Tayakanlogo560-copy-2-150x44.jpg 150w\" sizes=\"(max-width: 560px) 100vw, 560px\" \/><\/a><\/figure>\n<\/div>\n\n\n<p class=\"wp-block-paragraph\"><a href=\"https:\/\/tayakan.com\/\" data-type=\"link\" data-id=\"https:\/\/tayakan.com\/\" target=\"_blank\" rel=\"noreferrer noopener\">Tayakan.com<\/a><a href=\"https:\/\/tayakan.com\/\" data-type=\"link\" data-id=\"https:\/\/tayakan.com\/\"> <\/a>(EFE)<\/p>\n","protected":false},"excerpt":{"rendered":"<p>El Gobierno mexicano prepara nuevos lineamientos para regular el uso de tel\u00e9fonos celulares y otros dispositivos en las escuelas, despu\u00e9s de que el 81 % de m\u00e1s de 565.000 docentes consultados respaldara establecer reglas para garantizar un uso seguro y pedag\u00f3gico de la tecnolog\u00eda. El secretario de Educaci\u00f3n P\u00fablica, Mario Delgado, inform\u00f3 este lunes de [&hellip;]<\/p>\n","protected":false},"author":7,"featured_media":33715,"comment_status":"open","ping_status":"open","sticky":false,"template":"","format":"standard","meta":{"_acf_changed":false,"tdm_status":"","tdm_grid_status":"","_jetpack_newsletter_access":"","_jetpack_dont_email_post_to_subs":false,"_jetpack_newsletter_tier_id":0,"_jetpack_memberships_contains_paywalled_content":false,"_jetpack_feature_clip_id":0,"_jetpack_memberships_contains_paid_content":false,"footnotes":"","jetpack_publicize_message":"{title}\n\n{excerpt}\n\n{url}","jetpack_publicize_feature_enabled":true,"jetpack_social_post_already_shared":true,"jetpack_social_options":{"image_generator_settings":{"template":"highway","default_image_id":0,"font":"","enabled":false},"version":2},"_wpas_customize_per_network":false,"jetpack_post_was_ever_published":false,"_members_access_role":[],"_members_access_error":""},"categories":[1094,158,528,983,294,1266],"tags":[],"class_list":["post-33712","post","type-post","status-publish","format-standard","has-post-thumbnail","category-educacion","category-education","category-mexico-2","category-mexico-mexico-2","category-tecnologia","category-telefonos-inteligentes"],"acf":[],"yoast_head":"<!-- This site is optimized with the Yoast SEO Premium plugin v28.3 (Yoast SEO v28.3) - https:\/\/yoast.com\/product\/yoast-seo-premium-wordpress\/ -->\n<title>El 81 % de los maestros en M\u00e9xico pide poner reglas al uso del celular en clase - Americano Newspaper<\/title>\n<meta name=\"description\" content=\"M\u00e1s de 450,000 docentes en M\u00e9xico respaldan regular las pantallas en la escuela: El Gobierno mexicano prepara nuevos lineamientos para regular el uso de tel\u00e9fonos celulares y otros dispositivos en las escuelas, despu\u00e9s de que el 81 % de m\u00e1s de 565.000 docentes consultados respaldara establecer reglas para garantizar un uso seguro y pedag\u00f3gico de la tecnolog\u00eda.\" \/>\n<meta name=\"robots\" content=\"index, follow, max-snippet:-1, max-image-preview:large, max-video-preview:-1\" \/>\n<link rel=\"canonical\" href=\"https:\/\/www.americanonewspaper.com\/es\/education\/mexico\/\" \/>\n<meta property=\"og:locale\" content=\"en_US\" \/>\n<meta property=\"og:type\" content=\"article\" \/>\n<meta property=\"og:title\" content=\"El 81 % de los maestros en M\u00e9xico pide poner reglas al uso del celular en clase\" \/>\n<meta property=\"og:description\" content=\"M\u00e1s de 450,000 docentes en M\u00e9xico respaldan regular las pantallas en la escuela: El Gobierno mexicano prepara nuevos lineamientos para regular el uso de tel\u00e9fonos celulares y otros dispositivos en las escuelas, despu\u00e9s de que el 81 % de m\u00e1s de 565.000 docentes consultados respaldara establecer reglas para garantizar un uso seguro y pedag\u00f3gico de la tecnolog\u00eda.\" \/>\n<meta property=\"og:url\" content=\"https:\/\/www.americanonewspaper.com\/es\/education\/mexico\/\" \/>\n<meta property=\"og:site_name\" content=\"Americano Newspaper\" \/>\n<meta property=\"article:publisher\" content=\"https:\/\/www.facebook.com\/AmericanoNewspaper\/\" \/>\n<meta property=\"article:published_time\" content=\"2026-09-01T03:50:54+00:00\" \/>\n<meta property=\"article:modified_time\" content=\"2026-09-01T03:51:02+00:00\" \/>\n<meta property=\"og:image\" content=\"https:\/\/www.americanonewspaper.com\/es\/wp-content\/uploads\/2026\/08\/Crema-Marron-Fotografico-Belleza-Plataforma-Lanzamiento-Sitio-Web-8-scaled.jpg\" \/>\n\t<meta property=\"og:image:width\" content=\"2560\" \/>\n\t<meta property=\"og:image:height\" content=\"1439\" \/>\n\t<meta property=\"og:image:type\" content=\"image\/jpeg\" \/>\n<meta name=\"author\" content=\"Author\" \/>\n<meta name=\"twitter:card\" content=\"summary_large_image\" \/>\n<meta name=\"twitter:label1\" content=\"Written by\" \/>\n\t<meta name=\"twitter:data1\" content=\"Author\" \/>\n\t<meta name=\"twitter:label2\" content=\"Est. reading time\" \/>\n\t<meta name=\"twitter:data2\" content=\"4 minutes\" \/>\n<script type=\"application\/ld+json\" class=\"yoast-schema-graph\">{\"@context\":\"https:\\\/\\\/schema.org\",\"@graph\":[{\"@type\":\"Article\",\"@id\":\"https:\\\/\\\/www.americanonewspaper.com\\\/es\\\/education\\\/mexico\\\/#article\",\"isPartOf\":{\"@id\":\"https:\\\/\\\/www.americanonewspaper.com\\\/es\\\/education\\\/mexico\\\/\"},\"author\":{\"name\":\"Author\",\"@id\":\"https:\\\/\\\/www.americanonewspaper.com\\\/es\\\/#\\\/schema\\\/person\\\/8967f6b8af7e37bcbbe61f68580ff088\"},\"headline\":\"El 81 % de los maestros en M\u00e9xico pide poner reglas al uso del celular en clase\",\"datePublished\":\"2026-09-01T03:50:54+00:00\",\"dateModified\":\"2026-09-01T03:51:02+00:00\",\"mainEntityOfPage\":{\"@id\":\"https:\\\/\\\/www.americanonewspaper.com\\\/es\\\/education\\\/mexico\\\/\"},\"wordCount\":565,\"commentCount\":0,\"publisher\":{\"@id\":\"https:\\\/\\\/www.americanonewspaper.com\\\/es\\\/#organization\"},\"image\":{\"@id\":\"https:\\\/\\\/www.americanonewspaper.com\\\/es\\\/education\\\/mexico\\\/#primaryimage\"},\"thumbnailUrl\":\"https:\\\/\\\/www.americanonewspaper.com\\\/es\\\/wp-content\\\/uploads\\\/2026\\\/08\\\/Crema-Marron-Fotografico-Belleza-Plataforma-Lanzamiento-Sitio-Web-8-scaled.jpg\",\"articleSection\":[\"Educaci\u00f3n\",\"Education\",\"M\u00e9xico\",\"M\u00e9xico\",\"Tecnolog\u00eda\",\"Tel\u00e9fonos Inteligentes\"],\"inLanguage\":\"en-US\",\"potentialAction\":[{\"@type\":\"CommentAction\",\"name\":\"Comment\",\"target\":[\"https:\\\/\\\/www.americanonewspaper.com\\\/es\\\/education\\\/mexico\\\/#respond\"]}]},{\"@type\":\"WebPage\",\"@id\":\"https:\\\/\\\/www.americanonewspaper.com\\\/es\\\/education\\\/mexico\\\/\",\"url\":\"https:\\\/\\\/www.americanonewspaper.com\\\/es\\\/education\\\/mexico\\\/\",\"name\":\"El 81 % de los maestros en M\u00e9xico pide poner reglas al uso del celular en clase - Americano Newspaper\",\"isPartOf\":{\"@id\":\"https:\\\/\\\/www.americanonewspaper.com\\\/es\\\/#website\"},\"primaryImageOfPage\":{\"@id\":\"https:\\\/\\\/www.americanonewspaper.com\\\/es\\\/education\\\/mexico\\\/#primaryimage\"},\"image\":{\"@id\":\"https:\\\/\\\/www.americanonewspaper.com\\\/es\\\/education\\\/mexico\\\/#primaryimage\"},\"thumbnailUrl\":\"https:\\\/\\\/www.americanonewspaper.com\\\/es\\\/wp-content\\\/uploads\\\/2026\\\/08\\\/Crema-Marron-Fotografico-Belleza-Plataforma-Lanzamiento-Sitio-Web-8-scaled.jpg\",\"datePublished\":\"2026-09-01T03:50:54+00:00\",\"dateModified\":\"2026-09-01T03:51:02+00:00\",\"description\":\"M\u00e1s de 450,000 docentes en M\u00e9xico respaldan regular las pantallas en la escuela: El Gobierno mexicano prepara nuevos lineamientos para regular el uso de tel\u00e9fonos celulares y otros dispositivos en las escuelas, despu\u00e9s de que el 81 % de m\u00e1s de 565.000 docentes consultados respaldara establecer reglas para garantizar un uso seguro y pedag\u00f3gico de la tecnolog\u00eda.\",\"breadcrumb\":{\"@id\":\"https:\\\/\\\/www.americanonewspaper.com\\\/es\\\/education\\\/mexico\\\/#breadcrumb\"},\"inLanguage\":\"en-US\",\"potentialAction\":[{\"@type\":\"ReadAction\",\"target\":[\"https:\\\/\\\/www.americanonewspaper.com\\\/es\\\/education\\\/mexico\\\/\"]}]},{\"@type\":\"ImageObject\",\"inLanguage\":\"en-US\",\"@id\":\"https:\\\/\\\/www.americanonewspaper.com\\\/es\\\/education\\\/mexico\\\/#primaryimage\",\"url\":\"https:\\\/\\\/www.americanonewspaper.com\\\/es\\\/wp-content\\\/uploads\\\/2026\\\/08\\\/Crema-Marron-Fotografico-Belleza-Plataforma-Lanzamiento-Sitio-Web-8-scaled.jpg\",\"contentUrl\":\"https:\\\/\\\/www.americanonewspaper.com\\\/es\\\/wp-content\\\/uploads\\\/2026\\\/08\\\/Crema-Marron-Fotografico-Belleza-Plataforma-Lanzamiento-Sitio-Web-8-scaled.jpg\",\"width\":2560,\"height\":1439},{\"@type\":\"BreadcrumbList\",\"@id\":\"https:\\\/\\\/www.americanonewspaper.com\\\/es\\\/education\\\/mexico\\\/#breadcrumb\",\"itemListElement\":[{\"@type\":\"ListItem\",\"position\":1,\"name\":\"Home\",\"item\":\"https:\\\/\\\/www.americanonewspaper.com\\\/es\\\/\"},{\"@type\":\"ListItem\",\"position\":2,\"name\":\"El 81 % de los maestros en M\u00e9xico pide poner reglas al uso del celular en clase\"}]},{\"@type\":\"WebSite\",\"@id\":\"https:\\\/\\\/www.americanonewspaper.com\\\/es\\\/#website\",\"url\":\"https:\\\/\\\/www.americanonewspaper.com\\\/es\\\/\",\"name\":\"Americano Newspaper\",\"description\":\"The Hispanic Newspaper of New Jersey.\",\"publisher\":{\"@id\":\"https:\\\/\\\/www.americanonewspaper.com\\\/es\\\/#organization\"},\"potentialAction\":[{\"@type\":\"SearchAction\",\"target\":{\"@type\":\"EntryPoint\",\"urlTemplate\":\"https:\\\/\\\/www.americanonewspaper.com\\\/es\\\/?s={search_term_string}\"},\"query-input\":{\"@type\":\"PropertyValueSpecification\",\"valueRequired\":true,\"valueName\":\"search_term_string\"}}],\"inLanguage\":\"en-US\"},{\"@type\":\"Organization\",\"@id\":\"https:\\\/\\\/www.americanonewspaper.com\\\/es\\\/#organization\",\"name\":\"Americano Newspaper\",\"url\":\"https:\\\/\\\/www.americanonewspaper.com\\\/es\\\/\",\"logo\":{\"@type\":\"ImageObject\",\"inLanguage\":\"en-US\",\"@id\":\"https:\\\/\\\/www.americanonewspaper.com\\\/es\\\/#\\\/schema\\\/logo\\\/image\\\/\",\"url\":\"https:\\\/\\\/www.americanonewspaper.com\\\/es\\\/wp-content\\\/uploads\\\/2024\\\/05\\\/AmericanoLogoCircle.comCircle2.jpg\",\"contentUrl\":\"https:\\\/\\\/www.americanonewspaper.com\\\/es\\\/wp-content\\\/uploads\\\/2024\\\/05\\\/AmericanoLogoCircle.comCircle2.jpg\",\"width\":600,\"height\":600,\"caption\":\"Americano Newspaper\"},\"image\":{\"@id\":\"https:\\\/\\\/www.americanonewspaper.com\\\/es\\\/#\\\/schema\\\/logo\\\/image\\\/\"},\"sameAs\":[\"https:\\\/\\\/www.facebook.com\\\/AmericanoNewspaper\\\/\"]},{\"@type\":\"Person\",\"@id\":\"https:\\\/\\\/www.americanonewspaper.com\\\/es\\\/#\\\/schema\\\/person\\\/8967f6b8af7e37bcbbe61f68580ff088\",\"name\":\"Author\",\"image\":{\"@type\":\"ImageObject\",\"inLanguage\":\"en-US\",\"@id\":\"https:\\\/\\\/www.americanonewspaper.com\\\/es\\\/wp-content\\\/litespeed\\\/avatar\\\/89ffaf6af3cf6769ffb3c6efb2313947.jpg?ver=1787930627\",\"url\":\"https:\\\/\\\/www.americanonewspaper.com\\\/es\\\/wp-content\\\/litespeed\\\/avatar\\\/89ffaf6af3cf6769ffb3c6efb2313947.jpg?ver=1787930627\",\"contentUrl\":\"https:\\\/\\\/www.americanonewspaper.com\\\/es\\\/wp-content\\\/litespeed\\\/avatar\\\/89ffaf6af3cf6769ffb3c6efb2313947.jpg?ver=1787930627\",\"caption\":\"Author\"},\"url\":\"https:\\\/\\\/www.americanonewspaper.com\\\/es\\\/author\\\/americano\\\/\"}]}<\/script>\n<!-- \/ Yoast SEO Premium plugin. -->","yoast_head_json":{"title":"El 81 % de los maestros en M\u00e9xico pide poner reglas al uso del celular en clase - Americano Newspaper","description":"M\u00e1s de 450,000 docentes en M\u00e9xico respaldan regular las pantallas en la escuela: El Gobierno mexicano prepara nuevos lineamientos para regular el uso de tel\u00e9fonos celulares y otros dispositivos en las escuelas, despu\u00e9s de que el 81 % de m\u00e1s de 565.000 docentes consultados respaldara establecer reglas para garantizar un uso seguro y pedag\u00f3gico de la tecnolog\u00eda.","robots":{"index":"index","follow":"follow","max-snippet":"max-snippet:-1","max-image-preview":"max-image-preview:large","max-video-preview":"max-video-preview:-1"},"canonical":"https:\/\/www.americanonewspaper.com\/es\/education\/mexico\/","og_locale":"en_US","og_type":"article","og_title":"El 81 % de los maestros en M\u00e9xico pide poner reglas al uso del celular en clase","og_description":"M\u00e1s de 450,000 docentes en M\u00e9xico respaldan regular las pantallas en la escuela: El Gobierno mexicano prepara nuevos lineamientos para regular el uso de tel\u00e9fonos celulares y otros dispositivos en las escuelas, despu\u00e9s de que el 81 % de m\u00e1s de 565.000 docentes consultados respaldara establecer reglas para garantizar un uso seguro y pedag\u00f3gico de la tecnolog\u00eda.","og_url":"https:\/\/www.americanonewspaper.com\/es\/education\/mexico\/","og_site_name":"Americano Newspaper","article_publisher":"https:\/\/www.facebook.com\/AmericanoNewspaper\/","article_published_time":"2026-09-01T03:50:54+00:00","article_modified_time":"2026-09-01T03:51:02+00:00","og_image":[{"width":2560,"height":1439,"url":"https:\/\/www.americanonewspaper.com\/es\/wp-content\/uploads\/2026\/08\/Crema-Marron-Fotografico-Belleza-Plataforma-Lanzamiento-Sitio-Web-8-scaled.jpg","type":"image\/jpeg"}],"author":"Author","twitter_card":"summary_large_image","twitter_misc":{"Written by":"Author","Est. reading time":"4 minutes"},"schema":{"@context":"https:\/\/schema.org","@graph":[{"@type":"Article","@id":"https:\/\/www.americanonewspaper.com\/es\/education\/mexico\/#article","isPartOf":{"@id":"https:\/\/www.americanonewspaper.com\/es\/education\/mexico\/"},"author":{"name":"Author","@id":"https:\/\/www.americanonewspaper.com\/es\/#\/schema\/person\/8967f6b8af7e37bcbbe61f68580ff088"},"headline":"El 81 % de los maestros en M\u00e9xico pide poner reglas al uso del celular en clase","datePublished":"2026-09-01T03:50:54+00:00","dateModified":"2026-09-01T03:51:02+00:00","mainEntityOfPage":{"@id":"https:\/\/www.americanonewspaper.com\/es\/education\/mexico\/"},"wordCount":565,"commentCount":0,"publisher":{"@id":"https:\/\/www.americanonewspaper.com\/es\/#organization"},"image":{"@id":"https:\/\/www.americanonewspaper.com\/es\/education\/mexico\/#primaryimage"},"thumbnailUrl":"https:\/\/www.americanonewspaper.com\/es\/wp-content\/uploads\/2026\/08\/Crema-Marron-Fotografico-Belleza-Plataforma-Lanzamiento-Sitio-Web-8-scaled.jpg","articleSection":["Educaci\u00f3n","Education","M\u00e9xico","M\u00e9xico","Tecnolog\u00eda","Tel\u00e9fonos Inteligentes"],"inLanguage":"en-US","potentialAction":[{"@type":"CommentAction","name":"Comment","target":["https:\/\/www.americanonewspaper.com\/es\/education\/mexico\/#respond"]}]},{"@type":"WebPage","@id":"https:\/\/www.americanonewspaper.com\/es\/education\/mexico\/","url":"https:\/\/www.americanonewspaper.com\/es\/education\/mexico\/","name":"El 81 % de los maestros en M\u00e9xico pide poner reglas al uso del celular en clase - Americano Newspaper","isPartOf":{"@id":"https:\/\/www.americanonewspaper.com\/es\/#website"},"primaryImageOfPage":{"@id":"https:\/\/www.americanonewspaper.com\/es\/education\/mexico\/#primaryimage"},"image":{"@id":"https:\/\/www.americanonewspaper.com\/es\/education\/mexico\/#primaryimage"},"thumbnailUrl":"https:\/\/www.americanonewspaper.com\/es\/wp-content\/uploads\/2026\/08\/Crema-Marron-Fotografico-Belleza-Plataforma-Lanzamiento-Sitio-Web-8-scaled.jpg","datePublished":"2026-09-01T03:50:54+00:00","dateModified":"2026-09-01T03:51:02+00:00","description":"M\u00e1s de 450,000 docentes en M\u00e9xico respaldan regular las pantallas en la escuela: El Gobierno mexicano prepara nuevos lineamientos para regular el uso de tel\u00e9fonos celulares y otros dispositivos en las escuelas, despu\u00e9s de que el 81 % de m\u00e1s de 565.000 docentes consultados respaldara establecer reglas para garantizar un uso seguro y pedag\u00f3gico de la tecnolog\u00eda.","breadcrumb":{"@id":"https:\/\/www.americanonewspaper.com\/es\/education\/mexico\/#breadcrumb"},"inLanguage":"en-US","potentialAction":[{"@type":"ReadAction","target":["https:\/\/www.americanonewspaper.com\/es\/education\/mexico\/"]}]},{"@type":"ImageObject","inLanguage":"en-US","@id":"https:\/\/www.americanonewspaper.com\/es\/education\/mexico\/#primaryimage","url":"https:\/\/www.americanonewspaper.com\/es\/wp-content\/uploads\/2026\/08\/Crema-Marron-Fotografico-Belleza-Plataforma-Lanzamiento-Sitio-Web-8-scaled.jpg","contentUrl":"https:\/\/www.americanonewspaper.com\/es\/wp-content\/uploads\/2026\/08\/Crema-Marron-Fotografico-Belleza-Plataforma-Lanzamiento-Sitio-Web-8-scaled.jpg","width":2560,"height":1439},{"@type":"BreadcrumbList","@id":"https:\/\/www.americanonewspaper.com\/es\/education\/mexico\/#breadcrumb","itemListElement":[{"@type":"ListItem","position":1,"name":"Home","item":"https:\/\/www.americanonewspaper.com\/es\/"},{"@type":"ListItem","position":2,"name":"El 81 % de los maestros en M\u00e9xico pide poner reglas al uso del celular en clase"}]},{"@type":"WebSite","@id":"https:\/\/www.americanonewspaper.com\/es\/#website","url":"https:\/\/www.americanonewspaper.com\/es\/","name":"Americano Newspaper","description":"The Hispanic Newspaper of New Jersey.","publisher":{"@id":"https:\/\/www.americanonewspaper.com\/es\/#organization"},"potentialAction":[{"@type":"SearchAction","target":{"@type":"EntryPoint","urlTemplate":"https:\/\/www.americanonewspaper.com\/es\/?s={search_term_string}"},"query-input":{"@type":"PropertyValueSpecification","valueRequired":true,"valueName":"search_term_string"}}],"inLanguage":"en-US"},{"@type":"Organization","@id":"https:\/\/www.americanonewspaper.com\/es\/#organization","name":"Americano Newspaper","url":"https:\/\/www.americanonewspaper.com\/es\/","logo":{"@type":"ImageObject","inLanguage":"en-US","@id":"https:\/\/www.americanonewspaper.com\/es\/#\/schema\/logo\/image\/","url":"https:\/\/www.americanonewspaper.com\/es\/wp-content\/uploads\/2024\/05\/AmericanoLogoCircle.comCircle2.jpg","contentUrl":"https:\/\/www.americanonewspaper.com\/es\/wp-content\/uploads\/2024\/05\/AmericanoLogoCircle.comCircle2.jpg","width":600,"height":600,"caption":"Americano Newspaper"},"image":{"@id":"https:\/\/www.americanonewspaper.com\/es\/#\/schema\/logo\/image\/"},"sameAs":["https:\/\/www.facebook.com\/AmericanoNewspaper\/"]},{"@type":"Person","@id":"https:\/\/www.americanonewspaper.com\/es\/#\/schema\/person\/8967f6b8af7e37bcbbe61f68580ff088","name":"Author","image":{"@type":"ImageObject","inLanguage":"en-US","@id":"https:\/\/www.americanonewspaper.com\/es\/wp-content\/litespeed\/avatar\/89ffaf6af3cf6769ffb3c6efb2313947.jpg?ver=1787930627","url":"https:\/\/www.americanonewspaper.com\/es\/wp-content\/litespeed\/avatar\/89ffaf6af3cf6769ffb3c6efb2313947.jpg?ver=1787930627","contentUrl":"https:\/\/www.americanonewspaper.com\/es\/wp-content\/litespeed\/avatar\/89ffaf6af3cf6769ffb3c6efb2313947.jpg?ver=1787930627","caption":"Author"},"url":"https:\/\/www.americanonewspaper.com\/es\/author\/americano\/"}]}},"jetpack_publicize_connections":[],"featured_image_urls":{"full":["https:\/\/www.americanonewspaper.com\/es\/wp-content\/uploads\/2026\/08\/Crema-Marron-Fotografico-Belleza-Plataforma-Lanzamiento-Sitio-Web-8-scaled.jpg",2560,1439,false],"thumbnail":["https:\/\/www.americanonewspaper.com\/es\/wp-content\/uploads\/2026\/08\/Crema-Marron-Fotografico-Belleza-Plataforma-Lanzamiento-Sitio-Web-8-250x250.jpg",250,250,true],"medium":["https:\/\/www.americanonewspaper.com\/es\/wp-content\/uploads\/2026\/08\/Crema-Marron-Fotografico-Belleza-Plataforma-Lanzamiento-Sitio-Web-8-300x169.jpg",300,169,true],"medium_large":["https:\/\/www.americanonewspaper.com\/es\/wp-content\/uploads\/2026\/08\/Crema-Marron-Fotografico-Belleza-Plataforma-Lanzamiento-Sitio-Web-8-768x432.jpg",696,392,true],"large":["https:\/\/www.americanonewspaper.com\/es\/wp-content\/uploads\/2026\/08\/Crema-Marron-Fotografico-Belleza-Plataforma-Lanzamiento-Sitio-Web-8-800x450.jpg",696,392,true],"1536x1536":["https:\/\/www.americanonewspaper.com\/es\/wp-content\/uploads\/2026\/08\/Crema-Marron-Fotografico-Belleza-Plataforma-Lanzamiento-Sitio-Web-8-1536x864.jpg",1536,864,true],"2048x2048":["https:\/\/www.americanonewspaper.com\/es\/wp-content\/uploads\/2026\/08\/Crema-Marron-Fotografico-Belleza-Plataforma-Lanzamiento-Sitio-Web-8-2048x1151.jpg",2048,1151,true],"td_150x0":["https:\/\/www.americanonewspaper.com\/es\/wp-content\/uploads\/2026\/08\/Crema-Marron-Fotografico-Belleza-Plataforma-Lanzamiento-Sitio-Web-8-150x84.jpg",150,84,true],"td_218x150":["https:\/\/www.americanonewspaper.com\/es\/wp-content\/uploads\/2026\/08\/Crema-Marron-Fotografico-Belleza-Plataforma-Lanzamiento-Sitio-Web-8-218x150.jpg",218,150,true],"td_300x0":["https:\/\/www.americanonewspaper.com\/es\/wp-content\/uploads\/2026\/08\/Crema-Marron-Fotografico-Belleza-Plataforma-Lanzamiento-Sitio-Web-8-300x169.jpg",300,169,true],"td_324x400":["https:\/\/www.americanonewspaper.com\/es\/wp-content\/uploads\/2026\/08\/Crema-Marron-Fotografico-Belleza-Plataforma-Lanzamiento-Sitio-Web-8-324x400.jpg",324,400,true],"td_485x360":["https:\/\/www.americanonewspaper.com\/es\/wp-content\/uploads\/2026\/08\/Crema-Marron-Fotografico-Belleza-Plataforma-Lanzamiento-Sitio-Web-8-485x360.jpg",485,360,true],"td_696x0":["https:\/\/www.americanonewspaper.com\/es\/wp-content\/uploads\/2026\/08\/Crema-Marron-Fotografico-Belleza-Plataforma-Lanzamiento-Sitio-Web-8-696x391.jpg",696,391,true],"td_1068x0":["https:\/\/www.americanonewspaper.com\/es\/wp-content\/uploads\/2026\/08\/Crema-Marron-Fotografico-Belleza-Plataforma-Lanzamiento-Sitio-Web-8-1068x600.jpg",1068,600,true],"td_1920x0":["https:\/\/www.americanonewspaper.com\/es\/wp-content\/uploads\/2026\/08\/Crema-Marron-Fotografico-Belleza-Plataforma-Lanzamiento-Sitio-Web-8-1920x1079.jpg",1920,1079,true],"bdpp-medium":["https:\/\/www.americanonewspaper.com\/es\/wp-content\/uploads\/2026\/08\/Crema-Marron-Fotografico-Belleza-Plataforma-Lanzamiento-Sitio-Web-8-640x480.jpg",640,480,true]},"author_info":{"display_name":"Author","author_link":"https:\/\/www.americanonewspaper.com\/es\/author\/americano\/"},"category_info":"<a href=\"https:\/\/www.americanonewspaper.com\/es\/category\/educacion\/\" rel=\"category tag\">Educaci\u00f3n<\/a> <a href=\"https:\/\/www.americanonewspaper.com\/es\/category\/education\/\" rel=\"category tag\">Education<\/a> <a href=\"https:\/\/www.americanonewspaper.com\/es\/category\/mexico-2\/\" rel=\"category tag\">M\u00e9xico<\/a> <a href=\"https:\/\/www.americanonewspaper.com\/es\/category\/mexico-2\/mexico-mexico-2\/\" rel=\"category tag\">M\u00e9xico<\/a> <a href=\"https:\/\/www.americanonewspaper.com\/es\/category\/tecnologia\/\" rel=\"category tag\">Tecnolog\u00eda<\/a> <a href=\"https:\/\/www.americanonewspaper.com\/es\/category\/telefonos-inteligentes\/\" rel=\"category tag\">Tel\u00e9fonos Inteligentes<\/a>","tag_info":"Tel\u00e9fonos Inteligentes","comment_count":"0","jetpack_sharing_enabled":true,"jetpack_likes_enabled":true,"jetpack_featured_media_url":"https:\/\/www.americanonewspaper.com\/es\/wp-content\/uploads\/2026\/08\/Crema-Marron-Fotografico-Belleza-Plataforma-Lanzamiento-Sitio-Web-8-scaled.jpg","_links":{"self":[{"href":"https:\/\/www.americanonewspaper.com\/es\/wp-json\/wp\/v2\/posts\/33712","targetHints":{"allow":["GET"]}}],"collection":[{"href":"https:\/\/www.americanonewspaper.com\/es\/wp-json\/wp\/v2\/posts"}],"about":[{"href":"https:\/\/www.americanonewspaper.com\/es\/wp-json\/wp\/v2\/types\/post"}],"author":[{"embeddable":true,"href":"https:\/\/www.americanonewspaper.com\/es\/wp-json\/wp\/v2\/users\/7"}],"replies":[{"embeddable":true,"href":"https:\/\/www.americanonewspaper.com\/es\/wp-json\/wp\/v2\/comments?post=33712"}],"version-history":[{"count":1,"href":"https:\/\/www.americanonewspaper.com\/es\/wp-json\/wp\/v2\/posts\/33712\/revisions"}],"predecessor-version":[{"id":33716,"href":"https:\/\/www.americanonewspaper.com\/es\/wp-json\/wp\/v2\/posts\/33712\/revisions\/33716"}],"wp:featuredmedia":[{"embeddable":true,"href":"https:\/\/www.americanonewspaper.com\/es\/wp-json\/wp\/v2\/media\/33715"}],"wp:attachment":[{"href":"https:\/\/www.americanonewspaper.com\/es\/wp-json\/wp\/v2\/media?parent=33712"}],"wp:term":[{"taxonomy":"category","embeddable":true,"href":"https:\/\/www.americanonewspaper.com\/es\/wp-json\/wp\/v2\/categories?post=33712"},{"taxonomy":"post_tag","embeddable":true,"href":"https:\/\/www.americanonewspaper.com\/es\/wp-json\/wp\/v2\/tags?post=33712"}],"curies":[{"name":"wp","href":"https:\/\/api.w.org\/{rel}","templated":true}]}}