{"id":33708,"date":"2026-08-31T14:27:17","date_gmt":"2026-08-31T18:27:17","guid":{"rendered":"https:\/\/www.americanonewspaper.com\/es\/?p=33708"},"modified":"2026-08-31T14:27:24","modified_gmt":"2026-08-31T18:27:24","slug":"messi-anuncia-retiro-de-seleccion-argentina","status":"publish","type":"post","link":"https:\/\/www.americanonewspaper.com\/es\/argentina\/messi-anuncia-retiro-de-seleccion-argentina\/","title":{"rendered":"Messi anuncia retiro de selecci\u00f3n Argentina."},"content":{"rendered":"\n<p class=\"wp-block-paragraph\">Buenos Aires, 31 ago (EFE).- <\/p>\n\n\n\n<p class=\"dropcapp3 wp-block-paragraph\">El futbolista argentino Lionel Messi, de 39 a\u00f1os, anunci\u00f3 este lunes su retiro de la selecci\u00f3n albiceleste y explic\u00f3: &#8220;Me vaci\u00e9, ya no tengo m\u00e1s para dar y aparte vienen chicos muy grandes atr\u00e1s que merecen estar&#8221;.<\/p>\n\n\n\n<figure class=\"wp-block-image size-full\"><img fetchpriority=\"high\" decoding=\"async\" width=\"560\" height=\"269\" src=\"https:\/\/www.americanonewspaper.com\/es\/wp-content\/uploads\/2026\/08\/GGlSpanish-1.jpg\" alt=\"ABOGADOS DE ACCIDENTES\" class=\"wp-image-33500\" srcset=\"https:\/\/www.americanonewspaper.com\/es\/wp-content\/uploads\/2026\/08\/GGlSpanish-1.jpg 560w, https:\/\/www.americanonewspaper.com\/es\/wp-content\/uploads\/2026\/08\/GGlSpanish-1-300x144.jpg 300w, https:\/\/www.americanonewspaper.com\/es\/wp-content\/uploads\/2026\/08\/GGlSpanish-1-150x72.jpg 150w\" sizes=\"(max-width: 560px) 100vw, 560px\" \/><figcaption class=\"wp-element-caption\">ABOGADOS DE ACCIDENTES<\/figcaption><\/figure>\n\n\n\n<p class=\"wp-block-paragraph\">&#8220;Despu\u00e9s de este tiempo que pas\u00f3 desde la final, pens\u00e1ndolo mucho, quiero comunicarles a todos que me retiro de la selecci\u00f3n&#8221;, escribi\u00f3 Messi en su perfil de la red social Instagram, menos de dos meses despu\u00e9s de la derrota ante Espa\u00f1a en la final del Mundial 2026.<\/p>\n\n\n\n<p class=\"wp-block-paragraph\">El delantero del Inter Miami de la MLS explic\u00f3 que &#8220;fue una decisi\u00f3n que doli\u00f3 y duele en el alma&#8221; pero subray\u00f3 que entiende que &#8220;es el momento&#8221;.<\/p>\n\n\n\n<figure class=\"wp-block-image size-full\"><a href=\"https:\/\/www.linkedin.com\/in\/jaimeberrios\/\" target=\"_blank\" rel=\" noopener\"><img decoding=\"async\" width=\"560\" height=\"257\" src=\"https:\/\/www.americanonewspaper.com\/es\/wp-content\/uploads\/2026\/08\/Jaime-copy-2-1.jpg\" alt=\"\" class=\"wp-image-33501\" srcset=\"https:\/\/www.americanonewspaper.com\/es\/wp-content\/uploads\/2026\/08\/Jaime-copy-2-1.jpg 560w, https:\/\/www.americanonewspaper.com\/es\/wp-content\/uploads\/2026\/08\/Jaime-copy-2-1-300x138.jpg 300w, https:\/\/www.americanonewspaper.com\/es\/wp-content\/uploads\/2026\/08\/Jaime-copy-2-1-150x69.jpg 150w\" sizes=\"(max-width: 560px) 100vw, 560px\" \/><\/a><\/figure>\n\n\n\n<p class=\"wp-block-paragraph\">&#8220;Queda poco y se van cerrando etapas y esta es una que me duele mucho. Amo, am\u00e9 y amar\u00e9 siempre estar en la selecci\u00f3n. Me vaci\u00e9, ya no tengo m\u00e1s para dar y aparte vienen chicos muy grandes atr\u00e1s que merecen estar&#8221;, a\u00f1adi\u00f3 el futbolista, campe\u00f3n con la Albiceleste en el Mundial de Catar 2022 y bicampe\u00f3n de Am\u00e9rica (2021 y 2024).<\/p>\n\n\n\n<p class=\"wp-block-paragraph\">Messi, m\u00e1ximo goleador en la historia de la selecci\u00f3n argentina, enfatiz\u00f3 que deja el combinado nacional &#8220;con la tranquilidad y el orgullo&#8221; de haberle regalado a la afici\u00f3n &#8220;momentos so\u00f1ados&#8221;.<\/p>\n\n\n\n<figure class=\"wp-block-image size-full\"><a href=\"https:\/\/www.njng.com\/my-account\/payment-options\/payment-assistance.aspx\" target=\"_blank\" rel=\" noopener\"><img decoding=\"async\" width=\"560\" height=\"270\" src=\"https:\/\/www.americanonewspaper.com\/es\/wp-content\/uploads\/2026\/08\/NJNaturalGasSpanish-copy.jpg\" alt=\"AYUDA PARA PAGAR ENERG\u00cdA\" class=\"wp-image-33577\" srcset=\"https:\/\/www.americanonewspaper.com\/es\/wp-content\/uploads\/2026\/08\/NJNaturalGasSpanish-copy.jpg 560w, https:\/\/www.americanonewspaper.com\/es\/wp-content\/uploads\/2026\/08\/NJNaturalGasSpanish-copy-300x145.jpg 300w, https:\/\/www.americanonewspaper.com\/es\/wp-content\/uploads\/2026\/08\/NJNaturalGasSpanish-copy-150x72.jpg 150w\" sizes=\"(max-width: 560px) 100vw, 560px\" \/><\/a><figcaption class=\"wp-element-caption\">AYUDA PARA PAGAR ENERG\u00cdA<\/figcaption><\/figure>\n\n\n\n<p class=\"wp-block-paragraph\">&#8220;Les juro que siempre dej\u00e9 todo, no solo los \u00faltimos a\u00f1os que se gan\u00f3 todo, antes tambi\u00e9n y siempre pele\u00e9 y me dej\u00e9 todo por esta camiseta, por darles alegr\u00edas y hacer que se sientan orgullosos de ser argentinos a trav\u00e9s del f\u00fatbol&#8221;, expres\u00f3, al tiempo que agradeci\u00f3 a los argentinos &#8220;por todo el cari\u00f1o de estos 20 a\u00f1os&#8221;.<\/p>\n\n\n\n<figure class=\"wp-block-image size-full\"><a href=\"https:\/\/www.thehighlandsnj.com\/\" target=\"_blank\" rel=\" noopener\"><img loading=\"lazy\" decoding=\"async\" width=\"560\" height=\"300\" src=\"https:\/\/www.americanonewspaper.com\/es\/wp-content\/uploads\/2026\/08\/Apartamentos-copy.jpg\" alt=\"Apartamentos Asequibles para alquilar\" class=\"wp-image-33666\" srcset=\"https:\/\/www.americanonewspaper.com\/es\/wp-content\/uploads\/2026\/08\/Apartamentos-copy.jpg 560w, https:\/\/www.americanonewspaper.com\/es\/wp-content\/uploads\/2026\/08\/Apartamentos-copy-300x161.jpg 300w, https:\/\/www.americanonewspaper.com\/es\/wp-content\/uploads\/2026\/08\/Apartamentos-copy-150x80.jpg 150w\" sizes=\"(max-width: 560px) 100vw, 560px\" \/><\/a><figcaption class=\"wp-element-caption\">Apartamentos Asequibles para alquilar<\/figcaption><\/figure>\n\n\n\n<p class=\"wp-block-paragraph\">&#8220;Gracias Dios por hacerme argentino&#8221;, concluy\u00f3 el astro, que revel\u00f3 en su publicaci\u00f3n que escribi\u00f3 este mensaje de despedida dos d\u00edas despu\u00e9s de la final mundialista y destac\u00f3 que, tras la muerte de su padre a comienzos de este mes, termin\u00f3 de convencerse de dejar el seleccionado.<\/p>\n\n\n\n<p class=\"wp-block-paragraph\">Messi disput\u00f3 m\u00e1s de 200 partidos con la camiseta albiceleste, en los que marc\u00f3 125 goles y registr\u00f3 68 asistencias.<\/p>\n\n\n\n<figure class=\"wp-block-image size-full\"><a href=\"https:\/\/www.linkedin.com\/in\/oscaralbertoquintana\/\" target=\"_blank\" rel=\" noopener\"><img loading=\"lazy\" decoding=\"async\" width=\"560\" height=\"274\" src=\"https:\/\/www.americanonewspaper.com\/es\/wp-content\/uploads\/2026\/08\/LacerdaOQSpanish-copy.jpg\" alt=\"\" class=\"wp-image-33404\" srcset=\"https:\/\/www.americanonewspaper.com\/es\/wp-content\/uploads\/2026\/08\/LacerdaOQSpanish-copy.jpg 560w, https:\/\/www.americanonewspaper.com\/es\/wp-content\/uploads\/2026\/08\/LacerdaOQSpanish-copy-300x147.jpg 300w, https:\/\/www.americanonewspaper.com\/es\/wp-content\/uploads\/2026\/08\/LacerdaOQSpanish-copy-150x73.jpg 150w\" sizes=\"(max-width: 560px) 100vw, 560px\" \/><\/a><\/figure>\n","protected":false},"excerpt":{"rendered":"<p>Buenos Aires, 31 ago (EFE).- El futbolista argentino Lionel Messi, de 39 a\u00f1os, anunci\u00f3 este lunes su retiro de la selecci\u00f3n albiceleste y explic\u00f3: &#8220;Me vaci\u00e9, ya no tengo m\u00e1s para dar y aparte vienen chicos muy grandes atr\u00e1s que merecen estar&#8221;. &#8220;Despu\u00e9s de este tiempo que pas\u00f3 desde la final, pens\u00e1ndolo mucho, quiero comunicarles [&hellip;]<\/p>\n","protected":false},"author":7,"featured_media":33709,"comment_status":"open","ping_status":"open","sticky":false,"template":"","format":"standard","meta":{"_acf_changed":false,"tdm_status":"","tdm_grid_status":"","_jetpack_newsletter_access":"","_jetpack_dont_email_post_to_subs":false,"_jetpack_newsletter_tier_id":0,"_jetpack_memberships_contains_paywalled_content":false,"_jetpack_feature_clip_id":0,"_jetpack_memberships_contains_paid_content":false,"footnotes":"","jetpack_publicize_message":"{title}\n\n{excerpt}\n\n{url}","jetpack_publicize_feature_enabled":true,"jetpack_social_post_already_shared":false,"jetpack_social_options":{"image_generator_settings":{"template":"highway","default_image_id":0,"font":"","enabled":false,"token":"eyJpbWciOiJodHRwczpcL1wvd3d3LmFtZXJpY2Fub25ld3NwYXBlci5jb21cL2VzXC93cC1jb250ZW50XC91cGxvYWRzXC8yMDI2XC8wOFwvbG1lc3NpLmpwZWciLCJ0eHQiOiJNZXNzaSBhbnVuY2lhIHJldGlybyBkZSBzZWxlY2NpXHUwMGYzbiBBcmdlbnRpbmEuIiwidGVtcGxhdGUiOiJoaWdod2F5IiwiZm9udCI6IiIsImJsb2dfaWQiOjIyODYxOTU3NH0.2xI3iacbQiE9QSkbN3RcVmgonJjxTjDPZ5eE6g1-vdwMQ"},"version":2,"media_source":"featured-image","attached_media":[{"id":33709,"url":"https:\/\/www.americanonewspaper.com\/es\/wp-content\/uploads\/2026\/08\/lmessi.jpeg","type":"image\/jpeg"}]},"_wpas_customize_per_network":false,"jetpack_post_was_ever_published":false,"_members_access_role":[],"_members_access_error":""},"categories":[89,1575],"tags":[],"class_list":["post-33708","post","type-post","status-publish","format-standard","has-post-thumbnail","category-argentina","category-lionel-messi"],"acf":[],"yoast_head":"<!-- This site is optimized with the Yoast SEO Premium plugin v28.3 (Yoast SEO v28.3) - https:\/\/yoast.com\/product\/yoast-seo-premium-wordpress\/ -->\n<title>Messi anuncia retiro de selecci\u00f3n Argentina. - Americano Newspaper<\/title>\n<meta name=\"description\" content=\"El futbolista argentino Lionel Messi, de 39 a\u00f1os, anunci\u00f3 este lunes su retiro de la selecci\u00f3n albiceleste y explic\u00f3: &quot;Me vaci\u00e9, ya no tengo m\u00e1s para dar y aparte vienen chicos muy grandes atr\u00e1s que merecen estar&quot;.\" \/>\n<meta name=\"robots\" content=\"index, follow, max-snippet:-1, max-image-preview:large, max-video-preview:-1\" \/>\n<link rel=\"canonical\" href=\"https:\/\/www.americanonewspaper.com\/es\/argentina\/messi-anuncia-retiro-de-seleccion-argentina\/\" \/>\n<meta property=\"og:locale\" content=\"en_US\" \/>\n<meta property=\"og:type\" content=\"article\" \/>\n<meta property=\"og:title\" content=\"Messi anuncia retiro de selecci\u00f3n Argentina.\" \/>\n<meta property=\"og:description\" content=\"El futbolista argentino Lionel Messi, de 39 a\u00f1os, anunci\u00f3 este lunes su retiro de la selecci\u00f3n albiceleste y explic\u00f3: &quot;Me vaci\u00e9, ya no tengo m\u00e1s para dar y aparte vienen chicos muy grandes atr\u00e1s que merecen estar&quot;.\" \/>\n<meta property=\"og:url\" content=\"https:\/\/www.americanonewspaper.com\/es\/argentina\/messi-anuncia-retiro-de-seleccion-argentina\/\" \/>\n<meta property=\"og:site_name\" content=\"Americano Newspaper\" \/>\n<meta property=\"article:publisher\" content=\"https:\/\/www.facebook.com\/AmericanoNewspaper\/\" \/>\n<meta property=\"article:published_time\" content=\"2026-08-31T18:27:17+00:00\" \/>\n<meta property=\"article:modified_time\" content=\"2026-08-31T18:27:24+00:00\" \/>\n<meta property=\"og:image\" content=\"https:\/\/www.americanonewspaper.com\/es\/wp-content\/uploads\/2026\/08\/lmessi.jpeg\" \/>\n\t<meta property=\"og:image:width\" content=\"560\" \/>\n\t<meta property=\"og:image:height\" content=\"373\" \/>\n\t<meta property=\"og:image:type\" content=\"image\/jpeg\" \/>\n<meta name=\"author\" content=\"Author\" \/>\n<meta name=\"twitter:card\" content=\"summary_large_image\" \/>\n<meta name=\"twitter:label1\" content=\"Written by\" \/>\n\t<meta name=\"twitter:data1\" content=\"Author\" \/>\n\t<meta name=\"twitter:label2\" content=\"Est. reading time\" \/>\n\t<meta name=\"twitter:data2\" content=\"3 minutes\" \/>\n<script type=\"application\/ld+json\" class=\"yoast-schema-graph\">{\"@context\":\"https:\\\/\\\/schema.org\",\"@graph\":[{\"@type\":\"Article\",\"@id\":\"https:\\\/\\\/www.americanonewspaper.com\\\/es\\\/argentina\\\/messi-anuncia-retiro-de-seleccion-argentina\\\/#article\",\"isPartOf\":{\"@id\":\"https:\\\/\\\/www.americanonewspaper.com\\\/es\\\/argentina\\\/messi-anuncia-retiro-de-seleccion-argentina\\\/\"},\"author\":{\"name\":\"Author\",\"@id\":\"https:\\\/\\\/www.americanonewspaper.com\\\/es\\\/#\\\/schema\\\/person\\\/8967f6b8af7e37bcbbe61f68580ff088\"},\"headline\":\"Messi anuncia retiro de selecci\u00f3n Argentina.\",\"datePublished\":\"2026-08-31T18:27:17+00:00\",\"dateModified\":\"2026-08-31T18:27:24+00:00\",\"mainEntityOfPage\":{\"@id\":\"https:\\\/\\\/www.americanonewspaper.com\\\/es\\\/argentina\\\/messi-anuncia-retiro-de-seleccion-argentina\\\/\"},\"wordCount\":377,\"commentCount\":0,\"publisher\":{\"@id\":\"https:\\\/\\\/www.americanonewspaper.com\\\/es\\\/#organization\"},\"image\":{\"@id\":\"https:\\\/\\\/www.americanonewspaper.com\\\/es\\\/argentina\\\/messi-anuncia-retiro-de-seleccion-argentina\\\/#primaryimage\"},\"thumbnailUrl\":\"https:\\\/\\\/www.americanonewspaper.com\\\/es\\\/wp-content\\\/uploads\\\/2026\\\/08\\\/lmessi.jpeg\",\"articleSection\":[\"Argentina\",\"Lionel Messi\"],\"inLanguage\":\"en-US\",\"potentialAction\":[{\"@type\":\"CommentAction\",\"name\":\"Comment\",\"target\":[\"https:\\\/\\\/www.americanonewspaper.com\\\/es\\\/argentina\\\/messi-anuncia-retiro-de-seleccion-argentina\\\/#respond\"]}]},{\"@type\":\"WebPage\",\"@id\":\"https:\\\/\\\/www.americanonewspaper.com\\\/es\\\/argentina\\\/messi-anuncia-retiro-de-seleccion-argentina\\\/\",\"url\":\"https:\\\/\\\/www.americanonewspaper.com\\\/es\\\/argentina\\\/messi-anuncia-retiro-de-seleccion-argentina\\\/\",\"name\":\"Messi anuncia retiro de selecci\u00f3n Argentina. - Americano Newspaper\",\"isPartOf\":{\"@id\":\"https:\\\/\\\/www.americanonewspaper.com\\\/es\\\/#website\"},\"primaryImageOfPage\":{\"@id\":\"https:\\\/\\\/www.americanonewspaper.com\\\/es\\\/argentina\\\/messi-anuncia-retiro-de-seleccion-argentina\\\/#primaryimage\"},\"image\":{\"@id\":\"https:\\\/\\\/www.americanonewspaper.com\\\/es\\\/argentina\\\/messi-anuncia-retiro-de-seleccion-argentina\\\/#primaryimage\"},\"thumbnailUrl\":\"https:\\\/\\\/www.americanonewspaper.com\\\/es\\\/wp-content\\\/uploads\\\/2026\\\/08\\\/lmessi.jpeg\",\"datePublished\":\"2026-08-31T18:27:17+00:00\",\"dateModified\":\"2026-08-31T18:27:24+00:00\",\"description\":\"El futbolista argentino Lionel Messi, de 39 a\u00f1os, anunci\u00f3 este lunes su retiro de la selecci\u00f3n albiceleste y explic\u00f3: \\\"Me vaci\u00e9, ya no tengo m\u00e1s para dar y aparte vienen chicos muy grandes atr\u00e1s que merecen estar\\\".\",\"breadcrumb\":{\"@id\":\"https:\\\/\\\/www.americanonewspaper.com\\\/es\\\/argentina\\\/messi-anuncia-retiro-de-seleccion-argentina\\\/#breadcrumb\"},\"inLanguage\":\"en-US\",\"potentialAction\":[{\"@type\":\"ReadAction\",\"target\":[\"https:\\\/\\\/www.americanonewspaper.com\\\/es\\\/argentina\\\/messi-anuncia-retiro-de-seleccion-argentina\\\/\"]}]},{\"@type\":\"ImageObject\",\"inLanguage\":\"en-US\",\"@id\":\"https:\\\/\\\/www.americanonewspaper.com\\\/es\\\/argentina\\\/messi-anuncia-retiro-de-seleccion-argentina\\\/#primaryimage\",\"url\":\"https:\\\/\\\/www.americanonewspaper.com\\\/es\\\/wp-content\\\/uploads\\\/2026\\\/08\\\/lmessi.jpeg\",\"contentUrl\":\"https:\\\/\\\/www.americanonewspaper.com\\\/es\\\/wp-content\\\/uploads\\\/2026\\\/08\\\/lmessi.jpeg\",\"width\":560,\"height\":373,\"caption\":\"El futbolista argentino Lionel Messi en foto de archivo de WILL OLIVER. EFE\\\/EPA\\\/\"},{\"@type\":\"BreadcrumbList\",\"@id\":\"https:\\\/\\\/www.americanonewspaper.com\\\/es\\\/argentina\\\/messi-anuncia-retiro-de-seleccion-argentina\\\/#breadcrumb\",\"itemListElement\":[{\"@type\":\"ListItem\",\"position\":1,\"name\":\"Home\",\"item\":\"https:\\\/\\\/www.americanonewspaper.com\\\/es\\\/\"},{\"@type\":\"ListItem\",\"position\":2,\"name\":\"Messi anuncia retiro de selecci\u00f3n Argentina.\"}]},{\"@type\":\"WebSite\",\"@id\":\"https:\\\/\\\/www.americanonewspaper.com\\\/es\\\/#website\",\"url\":\"https:\\\/\\\/www.americanonewspaper.com\\\/es\\\/\",\"name\":\"Americano Newspaper\",\"description\":\"The Hispanic Newspaper of New Jersey.\",\"publisher\":{\"@id\":\"https:\\\/\\\/www.americanonewspaper.com\\\/es\\\/#organization\"},\"potentialAction\":[{\"@type\":\"SearchAction\",\"target\":{\"@type\":\"EntryPoint\",\"urlTemplate\":\"https:\\\/\\\/www.americanonewspaper.com\\\/es\\\/?s={search_term_string}\"},\"query-input\":{\"@type\":\"PropertyValueSpecification\",\"valueRequired\":true,\"valueName\":\"search_term_string\"}}],\"inLanguage\":\"en-US\"},{\"@type\":\"Organization\",\"@id\":\"https:\\\/\\\/www.americanonewspaper.com\\\/es\\\/#organization\",\"name\":\"Americano Newspaper\",\"url\":\"https:\\\/\\\/www.americanonewspaper.com\\\/es\\\/\",\"logo\":{\"@type\":\"ImageObject\",\"inLanguage\":\"en-US\",\"@id\":\"https:\\\/\\\/www.americanonewspaper.com\\\/es\\\/#\\\/schema\\\/logo\\\/image\\\/\",\"url\":\"https:\\\/\\\/www.americanonewspaper.com\\\/es\\\/wp-content\\\/uploads\\\/2024\\\/05\\\/AmericanoLogoCircle.comCircle2.jpg\",\"contentUrl\":\"https:\\\/\\\/www.americanonewspaper.com\\\/es\\\/wp-content\\\/uploads\\\/2024\\\/05\\\/AmericanoLogoCircle.comCircle2.jpg\",\"width\":600,\"height\":600,\"caption\":\"Americano Newspaper\"},\"image\":{\"@id\":\"https:\\\/\\\/www.americanonewspaper.com\\\/es\\\/#\\\/schema\\\/logo\\\/image\\\/\"},\"sameAs\":[\"https:\\\/\\\/www.facebook.com\\\/AmericanoNewspaper\\\/\"]},{\"@type\":\"Person\",\"@id\":\"https:\\\/\\\/www.americanonewspaper.com\\\/es\\\/#\\\/schema\\\/person\\\/8967f6b8af7e37bcbbe61f68580ff088\",\"name\":\"Author\",\"image\":{\"@type\":\"ImageObject\",\"inLanguage\":\"en-US\",\"@id\":\"https:\\\/\\\/www.americanonewspaper.com\\\/es\\\/wp-content\\\/litespeed\\\/avatar\\\/89ffaf6af3cf6769ffb3c6efb2313947.jpg?ver=1787930627\",\"url\":\"https:\\\/\\\/www.americanonewspaper.com\\\/es\\\/wp-content\\\/litespeed\\\/avatar\\\/89ffaf6af3cf6769ffb3c6efb2313947.jpg?ver=1787930627\",\"contentUrl\":\"https:\\\/\\\/www.americanonewspaper.com\\\/es\\\/wp-content\\\/litespeed\\\/avatar\\\/89ffaf6af3cf6769ffb3c6efb2313947.jpg?ver=1787930627\",\"caption\":\"Author\"},\"url\":\"https:\\\/\\\/www.americanonewspaper.com\\\/es\\\/author\\\/americano\\\/\"}]}<\/script>\n<!-- \/ Yoast SEO Premium plugin. -->","yoast_head_json":{"title":"Messi anuncia retiro de selecci\u00f3n Argentina. - Americano Newspaper","description":"El futbolista argentino Lionel Messi, de 39 a\u00f1os, anunci\u00f3 este lunes su retiro de la selecci\u00f3n albiceleste y explic\u00f3: \"Me vaci\u00e9, ya no tengo m\u00e1s para dar y aparte vienen chicos muy grandes atr\u00e1s que merecen estar\".","robots":{"index":"index","follow":"follow","max-snippet":"max-snippet:-1","max-image-preview":"max-image-preview:large","max-video-preview":"max-video-preview:-1"},"canonical":"https:\/\/www.americanonewspaper.com\/es\/argentina\/messi-anuncia-retiro-de-seleccion-argentina\/","og_locale":"en_US","og_type":"article","og_title":"Messi anuncia retiro de selecci\u00f3n Argentina.","og_description":"El futbolista argentino Lionel Messi, de 39 a\u00f1os, anunci\u00f3 este lunes su retiro de la selecci\u00f3n albiceleste y explic\u00f3: \"Me vaci\u00e9, ya no tengo m\u00e1s para dar y aparte vienen chicos muy grandes atr\u00e1s que merecen estar\".","og_url":"https:\/\/www.americanonewspaper.com\/es\/argentina\/messi-anuncia-retiro-de-seleccion-argentina\/","og_site_name":"Americano Newspaper","article_publisher":"https:\/\/www.facebook.com\/AmericanoNewspaper\/","article_published_time":"2026-08-31T18:27:17+00:00","article_modified_time":"2026-08-31T18:27:24+00:00","og_image":[{"width":560,"height":373,"url":"https:\/\/www.americanonewspaper.com\/es\/wp-content\/uploads\/2026\/08\/lmessi.jpeg","type":"image\/jpeg"}],"author":"Author","twitter_card":"summary_large_image","twitter_misc":{"Written by":"Author","Est. reading time":"3 minutes"},"schema":{"@context":"https:\/\/schema.org","@graph":[{"@type":"Article","@id":"https:\/\/www.americanonewspaper.com\/es\/argentina\/messi-anuncia-retiro-de-seleccion-argentina\/#article","isPartOf":{"@id":"https:\/\/www.americanonewspaper.com\/es\/argentina\/messi-anuncia-retiro-de-seleccion-argentina\/"},"author":{"name":"Author","@id":"https:\/\/www.americanonewspaper.com\/es\/#\/schema\/person\/8967f6b8af7e37bcbbe61f68580ff088"},"headline":"Messi anuncia retiro de selecci\u00f3n Argentina.","datePublished":"2026-08-31T18:27:17+00:00","dateModified":"2026-08-31T18:27:24+00:00","mainEntityOfPage":{"@id":"https:\/\/www.americanonewspaper.com\/es\/argentina\/messi-anuncia-retiro-de-seleccion-argentina\/"},"wordCount":377,"commentCount":0,"publisher":{"@id":"https:\/\/www.americanonewspaper.com\/es\/#organization"},"image":{"@id":"https:\/\/www.americanonewspaper.com\/es\/argentina\/messi-anuncia-retiro-de-seleccion-argentina\/#primaryimage"},"thumbnailUrl":"https:\/\/www.americanonewspaper.com\/es\/wp-content\/uploads\/2026\/08\/lmessi.jpeg","articleSection":["Argentina","Lionel Messi"],"inLanguage":"en-US","potentialAction":[{"@type":"CommentAction","name":"Comment","target":["https:\/\/www.americanonewspaper.com\/es\/argentina\/messi-anuncia-retiro-de-seleccion-argentina\/#respond"]}]},{"@type":"WebPage","@id":"https:\/\/www.americanonewspaper.com\/es\/argentina\/messi-anuncia-retiro-de-seleccion-argentina\/","url":"https:\/\/www.americanonewspaper.com\/es\/argentina\/messi-anuncia-retiro-de-seleccion-argentina\/","name":"Messi anuncia retiro de selecci\u00f3n Argentina. - Americano Newspaper","isPartOf":{"@id":"https:\/\/www.americanonewspaper.com\/es\/#website"},"primaryImageOfPage":{"@id":"https:\/\/www.americanonewspaper.com\/es\/argentina\/messi-anuncia-retiro-de-seleccion-argentina\/#primaryimage"},"image":{"@id":"https:\/\/www.americanonewspaper.com\/es\/argentina\/messi-anuncia-retiro-de-seleccion-argentina\/#primaryimage"},"thumbnailUrl":"https:\/\/www.americanonewspaper.com\/es\/wp-content\/uploads\/2026\/08\/lmessi.jpeg","datePublished":"2026-08-31T18:27:17+00:00","dateModified":"2026-08-31T18:27:24+00:00","description":"El futbolista argentino Lionel Messi, de 39 a\u00f1os, anunci\u00f3 este lunes su retiro de la selecci\u00f3n albiceleste y explic\u00f3: \"Me vaci\u00e9, ya no tengo m\u00e1s para dar y aparte vienen chicos muy grandes atr\u00e1s que merecen estar\".","breadcrumb":{"@id":"https:\/\/www.americanonewspaper.com\/es\/argentina\/messi-anuncia-retiro-de-seleccion-argentina\/#breadcrumb"},"inLanguage":"en-US","potentialAction":[{"@type":"ReadAction","target":["https:\/\/www.americanonewspaper.com\/es\/argentina\/messi-anuncia-retiro-de-seleccion-argentina\/"]}]},{"@type":"ImageObject","inLanguage":"en-US","@id":"https:\/\/www.americanonewspaper.com\/es\/argentina\/messi-anuncia-retiro-de-seleccion-argentina\/#primaryimage","url":"https:\/\/www.americanonewspaper.com\/es\/wp-content\/uploads\/2026\/08\/lmessi.jpeg","contentUrl":"https:\/\/www.americanonewspaper.com\/es\/wp-content\/uploads\/2026\/08\/lmessi.jpeg","width":560,"height":373,"caption":"El futbolista argentino Lionel Messi en foto de archivo de WILL OLIVER. EFE\/EPA\/"},{"@type":"BreadcrumbList","@id":"https:\/\/www.americanonewspaper.com\/es\/argentina\/messi-anuncia-retiro-de-seleccion-argentina\/#breadcrumb","itemListElement":[{"@type":"ListItem","position":1,"name":"Home","item":"https:\/\/www.americanonewspaper.com\/es\/"},{"@type":"ListItem","position":2,"name":"Messi anuncia retiro de selecci\u00f3n Argentina."}]},{"@type":"WebSite","@id":"https:\/\/www.americanonewspaper.com\/es\/#website","url":"https:\/\/www.americanonewspaper.com\/es\/","name":"Americano Newspaper","description":"The Hispanic Newspaper of New Jersey.","publisher":{"@id":"https:\/\/www.americanonewspaper.com\/es\/#organization"},"potentialAction":[{"@type":"SearchAction","target":{"@type":"EntryPoint","urlTemplate":"https:\/\/www.americanonewspaper.com\/es\/?s={search_term_string}"},"query-input":{"@type":"PropertyValueSpecification","valueRequired":true,"valueName":"search_term_string"}}],"inLanguage":"en-US"},{"@type":"Organization","@id":"https:\/\/www.americanonewspaper.com\/es\/#organization","name":"Americano Newspaper","url":"https:\/\/www.americanonewspaper.com\/es\/","logo":{"@type":"ImageObject","inLanguage":"en-US","@id":"https:\/\/www.americanonewspaper.com\/es\/#\/schema\/logo\/image\/","url":"https:\/\/www.americanonewspaper.com\/es\/wp-content\/uploads\/2024\/05\/AmericanoLogoCircle.comCircle2.jpg","contentUrl":"https:\/\/www.americanonewspaper.com\/es\/wp-content\/uploads\/2024\/05\/AmericanoLogoCircle.comCircle2.jpg","width":600,"height":600,"caption":"Americano Newspaper"},"image":{"@id":"https:\/\/www.americanonewspaper.com\/es\/#\/schema\/logo\/image\/"},"sameAs":["https:\/\/www.facebook.com\/AmericanoNewspaper\/"]},{"@type":"Person","@id":"https:\/\/www.americanonewspaper.com\/es\/#\/schema\/person\/8967f6b8af7e37bcbbe61f68580ff088","name":"Author","image":{"@type":"ImageObject","inLanguage":"en-US","@id":"https:\/\/www.americanonewspaper.com\/es\/wp-content\/litespeed\/avatar\/89ffaf6af3cf6769ffb3c6efb2313947.jpg?ver=1787930627","url":"https:\/\/www.americanonewspaper.com\/es\/wp-content\/litespeed\/avatar\/89ffaf6af3cf6769ffb3c6efb2313947.jpg?ver=1787930627","contentUrl":"https:\/\/www.americanonewspaper.com\/es\/wp-content\/litespeed\/avatar\/89ffaf6af3cf6769ffb3c6efb2313947.jpg?ver=1787930627","caption":"Author"},"url":"https:\/\/www.americanonewspaper.com\/es\/author\/americano\/"}]}},"jetpack_publicize_connections":[],"featured_image_urls":{"full":["https:\/\/www.americanonewspaper.com\/es\/wp-content\/uploads\/2026\/08\/lmessi.jpeg",560,373,false],"thumbnail":["https:\/\/www.americanonewspaper.com\/es\/wp-content\/uploads\/2026\/08\/lmessi-250x250.jpeg",250,250,true],"medium":["https:\/\/www.americanonewspaper.com\/es\/wp-content\/uploads\/2026\/08\/lmessi-300x200.jpeg",300,200,true],"medium_large":["https:\/\/www.americanonewspaper.com\/es\/wp-content\/uploads\/2026\/08\/lmessi.jpeg",560,373,false],"large":["https:\/\/www.americanonewspaper.com\/es\/wp-content\/uploads\/2026\/08\/lmessi.jpeg",560,373,false],"1536x1536":["https:\/\/www.americanonewspaper.com\/es\/wp-content\/uploads\/2026\/08\/lmessi.jpeg",560,373,false],"2048x2048":["https:\/\/www.americanonewspaper.com\/es\/wp-content\/uploads\/2026\/08\/lmessi.jpeg",560,373,false],"td_150x0":["https:\/\/www.americanonewspaper.com\/es\/wp-content\/uploads\/2026\/08\/lmessi-150x100.jpeg",150,100,true],"td_218x150":["https:\/\/www.americanonewspaper.com\/es\/wp-content\/uploads\/2026\/08\/lmessi-218x150.jpeg",218,150,true],"td_300x0":["https:\/\/www.americanonewspaper.com\/es\/wp-content\/uploads\/2026\/08\/lmessi-300x200.jpeg",300,200,true],"td_324x400":["https:\/\/www.americanonewspaper.com\/es\/wp-content\/uploads\/2026\/08\/lmessi-324x373.jpeg",324,373,true],"td_485x360":["https:\/\/www.americanonewspaper.com\/es\/wp-content\/uploads\/2026\/08\/lmessi-485x360.jpeg",485,360,true],"td_696x0":["https:\/\/www.americanonewspaper.com\/es\/wp-content\/uploads\/2026\/08\/lmessi.jpeg",560,373,false],"td_1068x0":["https:\/\/www.americanonewspaper.com\/es\/wp-content\/uploads\/2026\/08\/lmessi.jpeg",560,373,false],"td_1920x0":["https:\/\/www.americanonewspaper.com\/es\/wp-content\/uploads\/2026\/08\/lmessi.jpeg",560,373,false],"bdpp-medium":["https:\/\/www.americanonewspaper.com\/es\/wp-content\/uploads\/2026\/08\/lmessi.jpeg",560,373,false]},"author_info":{"display_name":"Author","author_link":"https:\/\/www.americanonewspaper.com\/es\/author\/americano\/"},"category_info":"<a href=\"https:\/\/www.americanonewspaper.com\/es\/category\/argentina\/\" rel=\"category tag\">Argentina<\/a> <a href=\"https:\/\/www.americanonewspaper.com\/es\/category\/lionel-messi\/\" rel=\"category tag\">Lionel Messi<\/a>","tag_info":"Lionel Messi","comment_count":"0","jetpack_sharing_enabled":true,"jetpack_likes_enabled":true,"jetpack_featured_media_url":"https:\/\/www.americanonewspaper.com\/es\/wp-content\/uploads\/2026\/08\/lmessi.jpeg","_links":{"self":[{"href":"https:\/\/www.americanonewspaper.com\/es\/wp-json\/wp\/v2\/posts\/33708","targetHints":{"allow":["GET"]}}],"collection":[{"href":"https:\/\/www.americanonewspaper.com\/es\/wp-json\/wp\/v2\/posts"}],"about":[{"href":"https:\/\/www.americanonewspaper.com\/es\/wp-json\/wp\/v2\/types\/post"}],"author":[{"embeddable":true,"href":"https:\/\/www.americanonewspaper.com\/es\/wp-json\/wp\/v2\/users\/7"}],"replies":[{"embeddable":true,"href":"https:\/\/www.americanonewspaper.com\/es\/wp-json\/wp\/v2\/comments?post=33708"}],"version-history":[{"count":1,"href":"https:\/\/www.americanonewspaper.com\/es\/wp-json\/wp\/v2\/posts\/33708\/revisions"}],"predecessor-version":[{"id":33710,"href":"https:\/\/www.americanonewspaper.com\/es\/wp-json\/wp\/v2\/posts\/33708\/revisions\/33710"}],"wp:featuredmedia":[{"embeddable":true,"href":"https:\/\/www.americanonewspaper.com\/es\/wp-json\/wp\/v2\/media\/33709"}],"wp:attachment":[{"href":"https:\/\/www.americanonewspaper.com\/es\/wp-json\/wp\/v2\/media?parent=33708"}],"wp:term":[{"taxonomy":"category","embeddable":true,"href":"https:\/\/www.americanonewspaper.com\/es\/wp-json\/wp\/v2\/categories?post=33708"},{"taxonomy":"post_tag","embeddable":true,"href":"https:\/\/www.americanonewspaper.com\/es\/wp-json\/wp\/v2\/tags?post=33708"}],"curies":[{"name":"wp","href":"https:\/\/api.w.org\/{rel}","templated":true}]}}