{"id":33599,"date":"2026-08-22T12:11:38","date_gmt":"2026-08-22T16:11:38","guid":{"rendered":"https:\/\/www.americanonewspaper.com\/es\/?p=33599"},"modified":"2026-08-22T12:16:01","modified_gmt":"2026-08-22T16:16:01","slug":"el-barza-arranca-en-el-martinez-valero","status":"publish","type":"post","link":"https:\/\/www.americanonewspaper.com\/es\/fifa\/el-barza-arranca-en-el-martinez-valero\/","title":{"rendered":"El Barza arranca en el Mart\u00ednez Valero."},"content":{"rendered":"\n<p class=\"wp-block-paragraph\">Elche\/Barcelona, 22 ago (EFE).- <\/p>\n\n\n\n<p class=\"dropcapp3 wp-block-paragraph\">El Barcelona de Hansi Flick, campe\u00f3n de las dos \u00faltimas ediciones de LaLiga EA Sports, inicia este domingo (21:30 CET) la defensa del t\u00edtulo con una plantilla reforzada, a la que le falta concretar el fichaje de un delantero centro, ante un Elche que se agarra al apoyo del Estadio Mart\u00ednez Valero.<\/p>\n\n\n\n<figure class=\"wp-block-image size-full\"><a href=\"https:\/\/ggllawyers.com\/es\/new-jersey-personal-injury-and-workers-compensation-lawyer\/\" target=\"_blank\" rel=\" noopener\"><img fetchpriority=\"high\" decoding=\"async\" width=\"560\" height=\"269\" src=\"https:\/\/www.americanonewspaper.com\/es\/wp-content\/uploads\/2026\/08\/GGlSpanish-1.jpg\" alt=\"ABOGADOS DE ACCIDENTES\" class=\"wp-image-33500\" srcset=\"https:\/\/www.americanonewspaper.com\/es\/wp-content\/uploads\/2026\/08\/GGlSpanish-1.jpg 560w, https:\/\/www.americanonewspaper.com\/es\/wp-content\/uploads\/2026\/08\/GGlSpanish-1-300x144.jpg 300w, https:\/\/www.americanonewspaper.com\/es\/wp-content\/uploads\/2026\/08\/GGlSpanish-1-150x72.jpg 150w\" sizes=\"(max-width: 560px) 100vw, 560px\" \/><\/a><figcaption class=\"wp-element-caption\">ABOGADOS DE ACCIDENTES<\/figcaption><\/figure>\n\n\n\n<p class=\"wp-block-paragraph\">El &#8216;9&#8217; es el \u00fanico refuerzo que, de momento, no ha cerrado el director deportivo del club azulgrana, Anderson de Souza &#8216;Deco&#8217;, que s\u00ed ha conseguido incorporar futbolistas de nivel como los delanteros Anthony Gordon y Karim Adeyemi, el lateral Joao Cancelo y el centrocampista Rodrigo Hern\u00e1ndez &#8216;Rodri&#8217;, fichaje estrella de la temporada.<\/p>\n\n\n\n<figure class=\"wp-block-image size-full\"><img decoding=\"async\" width=\"560\" height=\"374\" src=\"https:\/\/www.americanonewspaper.com\/es\/wp-content\/uploads\/2026\/08\/Cancelo1.jpeg\" alt=\"El defensa portugu\u00e9s Joao Cancelo, este jueves, durante su presentaci\u00f3n como futbolista del FC Barcelona. EFE\/ Quique Garcia\" class=\"wp-image-33582\" srcset=\"https:\/\/www.americanonewspaper.com\/es\/wp-content\/uploads\/2026\/08\/Cancelo1.jpeg 560w, https:\/\/www.americanonewspaper.com\/es\/wp-content\/uploads\/2026\/08\/Cancelo1-300x200.jpeg 300w, https:\/\/www.americanonewspaper.com\/es\/wp-content\/uploads\/2026\/08\/Cancelo1-150x100.jpeg 150w\" sizes=\"(max-width: 560px) 100vw, 560px\" \/><figcaption class=\"wp-element-caption\">El defensa portugu\u00e9s Joao Cancelo, este jueves, durante su presentaci\u00f3n como futbolista del FC Barcelona. EFE\/ Quique Garcia<\/figcaption><\/figure>\n\n\n\n<p class=\"wp-block-paragraph\">Sin embargo, el capit\u00e1n de la selecci\u00f3n espa\u00f1ola, todav\u00eda sin ritmo de competici\u00f3n tras incorporarse esta semana a los entrenamientos, no debutar\u00e1 en Elche.<\/p>\n\n\n\n<figure class=\"wp-block-image size-full\"><a href=\"https:\/\/www.linkedin.com\/in\/jaimeberrios\/\" target=\"_blank\" rel=\" noopener\"><img decoding=\"async\" width=\"560\" height=\"257\" src=\"https:\/\/www.americanonewspaper.com\/es\/wp-content\/uploads\/2026\/08\/Jaime-copy-2-1.jpg\" alt=\"\" class=\"wp-image-33501\" srcset=\"https:\/\/www.americanonewspaper.com\/es\/wp-content\/uploads\/2026\/08\/Jaime-copy-2-1.jpg 560w, https:\/\/www.americanonewspaper.com\/es\/wp-content\/uploads\/2026\/08\/Jaime-copy-2-1-300x138.jpg 300w, https:\/\/www.americanonewspaper.com\/es\/wp-content\/uploads\/2026\/08\/Jaime-copy-2-1-150x69.jpg 150w\" sizes=\"(max-width: 560px) 100vw, 560px\" \/><\/a><\/figure>\n\n\n\n<p class=\"wp-block-paragraph\">Tampoco lo har\u00e1 el extremo belga con ficha del filial Jesse Bisiwu, cuya inscripci\u00f3n todav\u00eda no ha sido validada por cuestiones burocr\u00e1ticas.<\/p>\n\n\n\n<p class=\"wp-block-paragraph\">Sin el ansiado delantero centro en la plantilla, Flick deber\u00e1 decidir si apuesta por el joven &#8216;9&#8217; egipcio Hamza Abdelkarim, autor de cuatro goles en la pretemporada, o si ubica a uno de sus muchos extremos en la punta de ataque.<\/p>\n\n\n\n<figure class=\"wp-block-image size-full\"><img loading=\"lazy\" decoding=\"async\" width=\"560\" height=\"373\" src=\"https:\/\/www.americanonewspaper.com\/es\/wp-content\/uploads\/2026\/08\/Raphinab.jpeg\" alt=\"Fotograf\u00eda del pasado 15 de marzo, en la que puede verse al delantero brasile\u00f1o del FC Barcelona Raphinha, durante un partido. EFE\/ Alberto Estevez\" class=\"wp-image-33556\" srcset=\"https:\/\/www.americanonewspaper.com\/es\/wp-content\/uploads\/2026\/08\/Raphinab.jpeg 560w, https:\/\/www.americanonewspaper.com\/es\/wp-content\/uploads\/2026\/08\/Raphinab-300x200.jpeg 300w, https:\/\/www.americanonewspaper.com\/es\/wp-content\/uploads\/2026\/08\/Raphinab-150x100.jpeg 150w\" sizes=\"(max-width: 560px) 100vw, 560px\" \/><figcaption class=\"wp-element-caption\">Fotograf\u00eda del pasado 15 de marzo, en la que puede verse al delantero brasile\u00f1o del FC Barcelona Raphinha, durante un partido. EFE\/ Alberto Estevez<\/figcaption><\/figure>\n\n\n\n<p class=\"wp-block-paragraph\">El brasile\u00f1o Raphael Dias &#8216;Raphinha&#8217; y el ingl\u00e9s Anthony Gordon son las otras alternativas que maneja el t\u00e9cnico alem\u00e1n para ocupar esa posici\u00f3n.<\/p>\n\n\n\n<figure class=\"wp-block-image size-full\"><a href=\"https:\/\/www.njng.com\/my-account\/payment-options\/payment-assistance.aspx\" target=\"_blank\" rel=\" noopener\"><img loading=\"lazy\" decoding=\"async\" width=\"560\" height=\"270\" src=\"https:\/\/www.americanonewspaper.com\/es\/wp-content\/uploads\/2026\/08\/NJNaturalGasSpanish-copy.jpg\" alt=\"AYUDA PARA PAGAR ENERG\u00cdA\" class=\"wp-image-33577\" srcset=\"https:\/\/www.americanonewspaper.com\/es\/wp-content\/uploads\/2026\/08\/NJNaturalGasSpanish-copy.jpg 560w, https:\/\/www.americanonewspaper.com\/es\/wp-content\/uploads\/2026\/08\/NJNaturalGasSpanish-copy-300x145.jpg 300w, https:\/\/www.americanonewspaper.com\/es\/wp-content\/uploads\/2026\/08\/NJNaturalGasSpanish-copy-150x72.jpg 150w\" sizes=\"(max-width: 560px) 100vw, 560px\" \/><\/a><figcaption class=\"wp-element-caption\">AYUDA PARA PAGAR ENERG\u00cdA<\/figcaption><\/figure>\n\n\n\n<p class=\"wp-block-paragraph\">Salvo sorpresa, los centrocampistas Pedro Gonz\u00e1lez &#8216;Pedri&#8217;, Dani Olmo, Pablo P\u00e1ez Gavira &#8216;Gavi&#8217; y el central Pau Cubars\u00ed -todav\u00eda sin ritmo de competici\u00f3n tras ganar el Mundial- no ser\u00e1n titulares en el Mart\u00ednez Valero.<\/p>\n\n\n\n<figure class=\"wp-block-image size-full\"><img loading=\"lazy\" decoding=\"async\" width=\"560\" height=\"374\" src=\"https:\/\/www.americanonewspaper.com\/es\/wp-content\/uploads\/2026\/05\/Gavi.jpeg\" alt=\"\" class=\"wp-image-32108\" srcset=\"https:\/\/www.americanonewspaper.com\/es\/wp-content\/uploads\/2026\/05\/Gavi.jpeg 560w, https:\/\/www.americanonewspaper.com\/es\/wp-content\/uploads\/2026\/05\/Gavi-300x200.jpeg 300w, https:\/\/www.americanonewspaper.com\/es\/wp-content\/uploads\/2026\/05\/Gavi-150x100.jpeg 150w\" sizes=\"(max-width: 560px) 100vw, 560px\" \/><figcaption class=\"wp-element-caption\">Los jugadores del FC Barcelona Gavi y Pau Cubarsi celebran la victoria y el t\u00edtulo de Liga al finalizar el encuentro correspondiente a la jornada 35 de LaLiga que FC Barcelona y Real Madrid disputaron este domingo en el Camp Nou, en Barcelona. EFE\/Enric Fontcuberta.<\/figcaption><\/figure>\n\n\n\n<p class=\"wp-block-paragraph\">En cambio, los tambi\u00e9n campeones del mundo Lamine Yamal, que el jueves ante el Al-Ahly egipcio en el Trofeo Joan Gamper disput\u00f3 60 minutos, Eric Garcia y Joan Garcia, bajo palos, s\u00ed que podr\u00edan jugar de inicio.<\/p>\n\n\n\n<figure class=\"wp-block-image size-full\"><a href=\"https:\/\/www.americanonewspaper.com\/es\/community\/aviso-de-reunion-publica-de-ewing-township\/\" target=\"_blank\" rel=\" noopener\"><img loading=\"lazy\" decoding=\"async\" width=\"560\" height=\"270\" src=\"https:\/\/www.americanonewspaper.com\/es\/wp-content\/uploads\/2026\/08\/EwingTownship-copy.jpg\" alt=\"OPORTUNIDAD DE CONTRATOS PARA COMPA\u00d1IAS DE CONSTRUCCI\u00d3N DE MUJERES Y MINOR\u00cdAS.\" class=\"wp-image-33417\" srcset=\"https:\/\/www.americanonewspaper.com\/es\/wp-content\/uploads\/2026\/08\/EwingTownship-copy.jpg 560w, https:\/\/www.americanonewspaper.com\/es\/wp-content\/uploads\/2026\/08\/EwingTownship-copy-300x145.jpg 300w, https:\/\/www.americanonewspaper.com\/es\/wp-content\/uploads\/2026\/08\/EwingTownship-copy-150x72.jpg 150w\" sizes=\"(max-width: 560px) 100vw, 560px\" \/><\/a><figcaption class=\"wp-element-caption\">OPORTUNIDAD DE CONTRATOS PARA COMPA\u00d1IAS DE  CONSTRUCCI\u00d3N DE MUJERES Y MINOR\u00cdAS.<\/figcaption><\/figure>\n\n\n\n<p class=\"wp-block-paragraph\">En una pretemporada at\u00edpica por la disputa del Mundial de M\u00e9xico, Estados Unidos y Canad\u00e1, el Bar\u00e7a llega con poco rodaje tras disputar tres partidos amistosos con un balance de dos victorias -ante el Al-Ahly (2-1) y el Basilea (2-5)- y un empate contra el Birmingham City (2-2).<\/p>\n\n\n\n<figure class=\"wp-block-image size-full\"><img loading=\"lazy\" decoding=\"async\" width=\"600\" height=\"400\" src=\"https:\/\/www.americanonewspaper.com\/es\/wp-content\/uploads\/2022\/02\/Levante.jpg\" alt=\"\" class=\"wp-image-10228\" srcset=\"https:\/\/www.americanonewspaper.com\/es\/wp-content\/uploads\/2022\/02\/Levante.jpg 600w, https:\/\/www.americanonewspaper.com\/es\/wp-content\/uploads\/2022\/02\/Levante-300x200.jpg 300w, https:\/\/www.americanonewspaper.com\/es\/wp-content\/uploads\/2022\/02\/Levante-370x247.jpg 370w, https:\/\/www.americanonewspaper.com\/es\/wp-content\/uploads\/2022\/02\/Levante-270x180.jpg 270w, https:\/\/www.americanonewspaper.com\/es\/wp-content\/uploads\/2022\/02\/Levante-570x380.jpg 570w\" sizes=\"(max-width: 600px) 100vw, 600px\" \/><figcaption class=\"wp-element-caption\">El delantero del Levante Jos\u00e9 Luis Morales celebra con sus compa\u00f1eros tras marcar ante el Elche. EFE\/Kai Forsterling<\/figcaption><\/figure>\n\n\n\n<p class=\"wp-block-paragraph\">El Elche, por su parte, se estrena este domingo con la confianza que le dio el empate en Riazor (1-1) en su debut liguero.<\/p>\n\n\n\n<p class=\"wp-block-paragraph\">El conjunto ilicitano se agarra a un Mart\u00ednez Valero que registrar\u00e1 un nuevo lleno y que fue clave la pasada temporada para lograr la permanencia, ya que el Elche solo cedi\u00f3 dos derrotas como local.<\/p>\n\n\n\n<figure class=\"wp-block-image size-full\"><a href=\"https:\/\/www.eventbrite.com\/e\/health-wellness-fair-2026-tickets-1991124368586?aff=oddtdtcreator\" target=\"_blank\" rel=\" noopener\"><img loading=\"lazy\" decoding=\"async\" width=\"560\" height=\"300\" src=\"https:\/\/www.americanonewspaper.com\/es\/wp-content\/uploads\/2026\/08\/Health-and-Wellness-560-x-270.jpeg\" alt=\"\" class=\"wp-image-33426\" srcset=\"https:\/\/www.americanonewspaper.com\/es\/wp-content\/uploads\/2026\/08\/Health-and-Wellness-560-x-270.jpeg 560w, https:\/\/www.americanonewspaper.com\/es\/wp-content\/uploads\/2026\/08\/Health-and-Wellness-560-x-270-300x161.jpeg 300w, https:\/\/www.americanonewspaper.com\/es\/wp-content\/uploads\/2026\/08\/Health-and-Wellness-560-x-270-150x80.jpeg 150w\" sizes=\"(max-width: 560px) 100vw, 560px\" \/><\/a><\/figure>\n\n\n\n<p class=\"wp-block-paragraph\">La \u00faltima fue precisamente ante el Barcelona (1-3), en enero, por lo que el equipo del t\u00e9cnico argentino Mart\u00edn Anselmi buscar\u00e1 cambiar la historia y recuperar la fortaleza que mostr\u00f3 ante su p\u00fablico frente a un rival renovado, repleto de campeones del mundo, que ha vencido en sus \u00faltimas cinco visitas a Elche.<\/p>\n\n\n\n<figure class=\"wp-block-image size-large\" style=\"max-width:560px\"><img loading=\"lazy\" decoding=\"async\" width=\"749\" height=\"500\" src=\"https:\/\/www.americanonewspaper.com\/es\/wp-content\/uploads\/2026\/03\/ly-749x500.jpeg\" alt=\"\" class=\"wp-image-31208\" srcset=\"https:\/\/www.americanonewspaper.com\/es\/wp-content\/uploads\/2026\/03\/ly-749x500.jpeg 749w, https:\/\/www.americanonewspaper.com\/es\/wp-content\/uploads\/2026\/03\/ly-300x200.jpeg 300w, https:\/\/www.americanonewspaper.com\/es\/wp-content\/uploads\/2026\/03\/ly-768x513.jpeg 768w, https:\/\/www.americanonewspaper.com\/es\/wp-content\/uploads\/2026\/03\/ly-150x100.jpeg 150w, https:\/\/www.americanonewspaper.com\/es\/wp-content\/uploads\/2026\/03\/ly-696x465.jpeg 696w, https:\/\/www.americanonewspaper.com\/es\/wp-content\/uploads\/2026\/03\/ly.jpeg 900w\" sizes=\"(max-width: 749px) 100vw, 749px\" \/><figcaption class=\"wp-element-caption\">El delantero del Barcelona Lamine Yamal celebra su gol durante el partido de la jornada 27 de LaLiga que Athletic Club de Bilbao y FC Barcelona disputaron en San Mam\u00e9s. EFE\/Javier Zorrilla<\/figcaption><\/figure>\n\n\n\n<p class=\"wp-block-paragraph\">El conjunto ilicitano llega mucho m\u00e1s rodado, ya que comenz\u00f3 la pretemporada el 1 de julio, mientras que el Barcelona ha tenido una preparaci\u00f3n irregular al contar con buena parte de su plantilla en el pasado Mundial.<\/p>\n\n\n\n<p class=\"wp-block-paragraph\">A pesar de la entidad del rival, Anselmi ha asegurado que el Elche no renunciar\u00e1 a su estilo de juego de posesi\u00f3n y presi\u00f3n adelantada, si bien ha reconocido y elogiado las virtudes de un rival al que solo se le puede hacer frente &#8220;jugando en equipo&#8221;.<\/p>\n\n\n\n<figure class=\"wp-block-image size-full\"><a href=\"https:\/\/www.linkedin.com\/in\/oscaralbertoquintana\/\" target=\"_blank\" rel=\" noopener\"><img loading=\"lazy\" decoding=\"async\" width=\"560\" height=\"274\" src=\"https:\/\/www.americanonewspaper.com\/es\/wp-content\/uploads\/2026\/08\/LacerdaOQSpanish-copy.jpg\" alt=\"\" class=\"wp-image-33404\" srcset=\"https:\/\/www.americanonewspaper.com\/es\/wp-content\/uploads\/2026\/08\/LacerdaOQSpanish-copy.jpg 560w, https:\/\/www.americanonewspaper.com\/es\/wp-content\/uploads\/2026\/08\/LacerdaOQSpanish-copy-300x147.jpg 300w, https:\/\/www.americanonewspaper.com\/es\/wp-content\/uploads\/2026\/08\/LacerdaOQSpanish-copy-150x73.jpg 150w\" sizes=\"(max-width: 560px) 100vw, 560px\" \/><\/a><\/figure>\n\n\n\n<p class=\"wp-block-paragraph\">El Elche ha recuperado para este encuentro al mediapunta congole\u00f1o Grady Diangana, por lo que solo tiene las bajas de Adam Boayar y Yago de Santiago, ambos en proceso de recuperaci\u00f3n de sus respectivas lesiones.<\/p>\n\n\n\n<p class=\"wp-block-paragraph\">Anselmi ya puede disponer con normalidad de sus \u00faltimos refuerzos, los argentinos Facu Buonanotte, Abiel Osorio y Eze Ponce, si bien lo m\u00e1s probable es que el t\u00e9cnico rosarino apueste por el mismo equipo inicial que ofreci\u00f3 una buena imagen en su debut liguero.<\/p>\n\n\n\n<figure class=\"wp-block-image size-full\"><a href=\"https:\/\/Sutudu.tv\/watch\/que-pasa-show\" target=\"_blank\" rel=\" noopener\"><img loading=\"lazy\" decoding=\"async\" width=\"560\" height=\"300\" src=\"https:\/\/www.americanonewspaper.com\/es\/wp-content\/uploads\/2026\/07\/QP-logo-560x300-2.jpg\" alt=\"\" class=\"wp-image-33041\" srcset=\"https:\/\/www.americanonewspaper.com\/es\/wp-content\/uploads\/2026\/07\/QP-logo-560x300-2.jpg 560w, https:\/\/www.americanonewspaper.com\/es\/wp-content\/uploads\/2026\/07\/QP-logo-560x300-2-300x161.jpg 300w, https:\/\/www.americanonewspaper.com\/es\/wp-content\/uploads\/2026\/07\/QP-logo-560x300-2-150x80.jpg 150w\" sizes=\"(max-width: 560px) 100vw, 560px\" \/><\/a><\/figure>\n\n\n\n<p class=\"wp-block-paragraph\">&#8211; Alineaciones probables:<\/p>\n\n\n\n<p class=\"wp-block-paragraph\">Elche: Dituro; Affengruber, Redondo, Chust; Sangar\u00e9, Villar, Aguado, Germ\u00e1n Valera; Neto, Ali Houary o Buonanotte y Fer Mi\u00f1o.<\/p>\n\n\n\n<p class=\"wp-block-paragraph\">Barcelona: Joan Garcia; Eric Garcia, Christensen, Gerard Mart\u00edn, Balde; Bernal, Espart; Lamine Yamal, Ferm\u00edn L\u00f3pez, Gordon; y Raphinha.<\/p>\n\n\n\n<p class=\"wp-block-paragraph\">\u00c1rbitro: Por designar. Estadio: Mart\u00ednez Valero. Hora: 21:30 (19:30 GMT).<\/p>\n\n\n\n<figure class=\"wp-block-image size-full\"><a href=\"https:\/\/tayakan.com\/\" target=\"_blank\" rel=\" noopener\"><img loading=\"lazy\" decoding=\"async\" width=\"560\" height=\"164\" src=\"https:\/\/www.americanonewspaper.com\/es\/wp-content\/uploads\/2026\/08\/Tayakanlogo560-copy-2.jpg\" alt=\"\" class=\"wp-image-33281\" srcset=\"https:\/\/www.americanonewspaper.com\/es\/wp-content\/uploads\/2026\/08\/Tayakanlogo560-copy-2.jpg 560w, https:\/\/www.americanonewspaper.com\/es\/wp-content\/uploads\/2026\/08\/Tayakanlogo560-copy-2-300x88.jpg 300w, https:\/\/www.americanonewspaper.com\/es\/wp-content\/uploads\/2026\/08\/Tayakanlogo560-copy-2-150x44.jpg 150w\" sizes=\"(max-width: 560px) 100vw, 560px\" \/><\/a><\/figure>\n","protected":false},"excerpt":{"rendered":"<p>Elche\/Barcelona, 22 ago (EFE).- El Barcelona de Hansi Flick, campe\u00f3n de las dos \u00faltimas ediciones de LaLiga EA Sports, inicia este domingo (21:30 CET) la defensa del t\u00edtulo con una plantilla reforzada, a la que le falta concretar el fichaje de un delantero centro, ante un Elche que se agarra al apoyo del Estadio Mart\u00ednez [&hellip;]<\/p>\n","protected":false},"author":7,"featured_media":33600,"comment_status":"open","ping_status":"open","sticky":false,"template":"","format":"standard","meta":{"_acf_changed":false,"tdm_status":"","tdm_grid_status":"","_jetpack_newsletter_access":"","_jetpack_dont_email_post_to_subs":false,"_jetpack_newsletter_tier_id":0,"_jetpack_memberships_contains_paywalled_content":false,"_jetpack_feature_clip_id":0,"_jetpack_memberships_contains_paid_content":false,"footnotes":"","jetpack_publicize_message":"{title}\n\n{excerpt}\n\n{url}","jetpack_publicize_feature_enabled":true,"jetpack_social_post_already_shared":false,"jetpack_social_options":{"image_generator_settings":{"template":"highway","default_image_id":0,"font":"","enabled":false,"token":"eyJpbWciOiJodHRwczpcL1wvd3d3LmFtZXJpY2Fub25ld3NwYXBlci5jb21cL2VzXC93cC1jb250ZW50XC91cGxvYWRzXC8yMDI2XC8wOFwvSGFuc2ktQmFyY2Vsb25hLmpwZWciLCJ0eHQiOiJFbCBCYXJ6YSBhcnJhbmNhIGVuIGVsIE1hcnRcdTAwZWRuZXogVmFsZXJvLiIsInRlbXBsYXRlIjoiaGlnaHdheSIsImZvbnQiOiIiLCJibG9nX2lkIjoyMjg2MTk1NzR9.mmFL0rMVCO_TZ0QfV9gr3LpgOH5LC7U5QHFw5g3dm_cMQ"},"version":2,"media_source":"featured-image","attached_media":[{"id":33600,"url":"https:\/\/www.americanonewspaper.com\/es\/wp-content\/uploads\/2026\/08\/Hansi-Barcelona.jpeg","type":"image\/jpeg"}]},"_wpas_customize_per_network":false,"jetpack_post_was_ever_published":false,"_members_access_role":[],"_members_access_error":""},"categories":[910,175,938],"tags":[],"class_list":["post-33599","post","type-post","status-publish","format-standard","has-post-thumbnail","category-barcelona","category-fifa","category-laliga-ea-sports"],"acf":[],"yoast_head":"<!-- This site is optimized with the Yoast SEO Premium plugin v28.4 (Yoast SEO v28.4) - https:\/\/yoast.com\/product\/yoast-seo-premium-wordpress\/ -->\n<title>El Barza arranca en el Mart\u00ednez Valero. - Americano Newspaper<\/title>\n<meta name=\"description\" content=\"El Barcelona de Hansi Flick, campe\u00f3n de las dos \u00faltimas ediciones de LaLiga EA Sports, inicia este domingo (21:30 CET) la defensa del t\u00edtulo con una plantilla reforzada, a la que le falta concretar el fichaje de un delantero centro, ante un Elche que se agarra al apoyo del Estadio Mart\u00ednez Valero.\" \/>\n<meta name=\"robots\" content=\"index, follow, max-snippet:-1, max-image-preview:large, max-video-preview:-1\" \/>\n<link rel=\"canonical\" href=\"https:\/\/www.americanonewspaper.com\/es\/fifa\/el-barza-arranca-en-el-martinez-valero\/\" \/>\n<meta property=\"og:locale\" content=\"en_US\" \/>\n<meta property=\"og:type\" content=\"article\" \/>\n<meta property=\"og:title\" content=\"El Barza arranca en el Mart\u00ednez Valero.\" \/>\n<meta property=\"og:description\" content=\"El Barcelona de Hansi Flick, campe\u00f3n de las dos \u00faltimas ediciones de LaLiga EA Sports, inicia este domingo (21:30 CET) la defensa del t\u00edtulo con una plantilla reforzada, a la que le falta concretar el fichaje de un delantero centro, ante un Elche que se agarra al apoyo del Estadio Mart\u00ednez Valero.\" \/>\n<meta property=\"og:url\" content=\"https:\/\/www.americanonewspaper.com\/es\/fifa\/el-barza-arranca-en-el-martinez-valero\/\" \/>\n<meta property=\"og:site_name\" content=\"Americano Newspaper\" \/>\n<meta property=\"article:publisher\" content=\"https:\/\/www.facebook.com\/AmericanoNewspaper\/\" \/>\n<meta property=\"article:published_time\" content=\"2026-08-22T16:11:38+00:00\" \/>\n<meta property=\"article:modified_time\" content=\"2026-08-22T16:16:01+00:00\" \/>\n<meta property=\"og:image\" content=\"https:\/\/www.americanonewspaper.com\/es\/wp-content\/uploads\/2026\/08\/Hansi-Barcelona.jpeg\" \/>\n\t<meta property=\"og:image:width\" content=\"560\" \/>\n\t<meta property=\"og:image:height\" content=\"373\" \/>\n\t<meta property=\"og:image:type\" content=\"image\/jpeg\" \/>\n<meta name=\"author\" content=\"Author\" \/>\n<meta name=\"twitter:card\" content=\"summary_large_image\" \/>\n<meta name=\"twitter:label1\" content=\"Written by\" \/>\n\t<meta name=\"twitter:data1\" content=\"Author\" \/>\n\t<meta name=\"twitter:label2\" content=\"Est. reading time\" \/>\n\t<meta name=\"twitter:data2\" content=\"7 minutes\" \/>\n<script type=\"application\/ld+json\" class=\"yoast-schema-graph\">{\"@context\":\"https:\\\/\\\/schema.org\",\"@graph\":[{\"@type\":\"Article\",\"@id\":\"https:\\\/\\\/www.americanonewspaper.com\\\/es\\\/fifa\\\/el-barza-arranca-en-el-martinez-valero\\\/#article\",\"isPartOf\":{\"@id\":\"https:\\\/\\\/www.americanonewspaper.com\\\/es\\\/fifa\\\/el-barza-arranca-en-el-martinez-valero\\\/\"},\"author\":{\"name\":\"Author\",\"@id\":\"https:\\\/\\\/www.americanonewspaper.com\\\/es\\\/#\\\/schema\\\/person\\\/8967f6b8af7e37bcbbe61f68580ff088\"},\"headline\":\"El Barza arranca en el Mart\u00ednez Valero.\",\"datePublished\":\"2026-08-22T16:11:38+00:00\",\"dateModified\":\"2026-08-22T16:16:01+00:00\",\"mainEntityOfPage\":{\"@id\":\"https:\\\/\\\/www.americanonewspaper.com\\\/es\\\/fifa\\\/el-barza-arranca-en-el-martinez-valero\\\/\"},\"wordCount\":877,\"commentCount\":0,\"publisher\":{\"@id\":\"https:\\\/\\\/www.americanonewspaper.com\\\/es\\\/#organization\"},\"image\":{\"@id\":\"https:\\\/\\\/www.americanonewspaper.com\\\/es\\\/fifa\\\/el-barza-arranca-en-el-martinez-valero\\\/#primaryimage\"},\"thumbnailUrl\":\"https:\\\/\\\/www.americanonewspaper.com\\\/es\\\/wp-content\\\/uploads\\\/2026\\\/08\\\/Hansi-Barcelona.jpeg\",\"articleSection\":[\"Barcelona\",\"FIFA\",\"LaLiga EA Sports\"],\"inLanguage\":\"en-US\",\"potentialAction\":[{\"@type\":\"CommentAction\",\"name\":\"Comment\",\"target\":[\"https:\\\/\\\/www.americanonewspaper.com\\\/es\\\/fifa\\\/el-barza-arranca-en-el-martinez-valero\\\/#respond\"]}]},{\"@type\":\"WebPage\",\"@id\":\"https:\\\/\\\/www.americanonewspaper.com\\\/es\\\/fifa\\\/el-barza-arranca-en-el-martinez-valero\\\/\",\"url\":\"https:\\\/\\\/www.americanonewspaper.com\\\/es\\\/fifa\\\/el-barza-arranca-en-el-martinez-valero\\\/\",\"name\":\"El Barza arranca en el Mart\u00ednez Valero. - Americano Newspaper\",\"isPartOf\":{\"@id\":\"https:\\\/\\\/www.americanonewspaper.com\\\/es\\\/#website\"},\"primaryImageOfPage\":{\"@id\":\"https:\\\/\\\/www.americanonewspaper.com\\\/es\\\/fifa\\\/el-barza-arranca-en-el-martinez-valero\\\/#primaryimage\"},\"image\":{\"@id\":\"https:\\\/\\\/www.americanonewspaper.com\\\/es\\\/fifa\\\/el-barza-arranca-en-el-martinez-valero\\\/#primaryimage\"},\"thumbnailUrl\":\"https:\\\/\\\/www.americanonewspaper.com\\\/es\\\/wp-content\\\/uploads\\\/2026\\\/08\\\/Hansi-Barcelona.jpeg\",\"datePublished\":\"2026-08-22T16:11:38+00:00\",\"dateModified\":\"2026-08-22T16:16:01+00:00\",\"description\":\"El Barcelona de Hansi Flick, campe\u00f3n de las dos \u00faltimas ediciones de LaLiga EA Sports, inicia este domingo (21:30 CET) la defensa del t\u00edtulo con una plantilla reforzada, a la que le falta concretar el fichaje de un delantero centro, ante un Elche que se agarra al apoyo del Estadio Mart\u00ednez Valero.\",\"breadcrumb\":{\"@id\":\"https:\\\/\\\/www.americanonewspaper.com\\\/es\\\/fifa\\\/el-barza-arranca-en-el-martinez-valero\\\/#breadcrumb\"},\"inLanguage\":\"en-US\",\"potentialAction\":[{\"@type\":\"ReadAction\",\"target\":[\"https:\\\/\\\/www.americanonewspaper.com\\\/es\\\/fifa\\\/el-barza-arranca-en-el-martinez-valero\\\/\"]}]},{\"@type\":\"ImageObject\",\"inLanguage\":\"en-US\",\"@id\":\"https:\\\/\\\/www.americanonewspaper.com\\\/es\\\/fifa\\\/el-barza-arranca-en-el-martinez-valero\\\/#primaryimage\",\"url\":\"https:\\\/\\\/www.americanonewspaper.com\\\/es\\\/wp-content\\\/uploads\\\/2026\\\/08\\\/Hansi-Barcelona.jpeg\",\"contentUrl\":\"https:\\\/\\\/www.americanonewspaper.com\\\/es\\\/wp-content\\\/uploads\\\/2026\\\/08\\\/Hansi-Barcelona.jpeg\",\"width\":560,\"height\":373,\"caption\":\"El entrenador alem\u00e1n del Barcelona, Hansi Flick, junto a sus jugadores en el entrenamiento previo a su enfrentamiento contra el Elche, en el Mart\u00ednez Valero. EFE\\\/Quique Garc\u00eda\"},{\"@type\":\"BreadcrumbList\",\"@id\":\"https:\\\/\\\/www.americanonewspaper.com\\\/es\\\/fifa\\\/el-barza-arranca-en-el-martinez-valero\\\/#breadcrumb\",\"itemListElement\":[{\"@type\":\"ListItem\",\"position\":1,\"name\":\"Home\",\"item\":\"https:\\\/\\\/www.americanonewspaper.com\\\/es\\\/\"},{\"@type\":\"ListItem\",\"position\":2,\"name\":\"El Barza arranca en el Mart\u00ednez Valero.\"}]},{\"@type\":\"WebSite\",\"@id\":\"https:\\\/\\\/www.americanonewspaper.com\\\/es\\\/#website\",\"url\":\"https:\\\/\\\/www.americanonewspaper.com\\\/es\\\/\",\"name\":\"Americano Newspaper\",\"description\":\"The Hispanic Newspaper of New Jersey.\",\"publisher\":{\"@id\":\"https:\\\/\\\/www.americanonewspaper.com\\\/es\\\/#organization\"},\"potentialAction\":[{\"@type\":\"SearchAction\",\"target\":{\"@type\":\"EntryPoint\",\"urlTemplate\":\"https:\\\/\\\/www.americanonewspaper.com\\\/es\\\/?s={search_term_string}\"},\"query-input\":{\"@type\":\"PropertyValueSpecification\",\"valueRequired\":true,\"valueName\":\"search_term_string\"}}],\"inLanguage\":\"en-US\"},{\"@type\":\"Organization\",\"@id\":\"https:\\\/\\\/www.americanonewspaper.com\\\/es\\\/#organization\",\"name\":\"Americano Newspaper\",\"url\":\"https:\\\/\\\/www.americanonewspaper.com\\\/es\\\/\",\"logo\":{\"@type\":\"ImageObject\",\"inLanguage\":\"en-US\",\"@id\":\"https:\\\/\\\/www.americanonewspaper.com\\\/es\\\/#\\\/schema\\\/logo\\\/image\\\/\",\"url\":\"https:\\\/\\\/www.americanonewspaper.com\\\/es\\\/wp-content\\\/uploads\\\/2024\\\/05\\\/AmericanoLogoCircle.comCircle2.jpg\",\"contentUrl\":\"https:\\\/\\\/www.americanonewspaper.com\\\/es\\\/wp-content\\\/uploads\\\/2024\\\/05\\\/AmericanoLogoCircle.comCircle2.jpg\",\"width\":600,\"height\":600,\"caption\":\"Americano Newspaper\"},\"image\":{\"@id\":\"https:\\\/\\\/www.americanonewspaper.com\\\/es\\\/#\\\/schema\\\/logo\\\/image\\\/\"},\"sameAs\":[\"https:\\\/\\\/www.facebook.com\\\/AmericanoNewspaper\\\/\"]},{\"@type\":\"Person\",\"@id\":\"https:\\\/\\\/www.americanonewspaper.com\\\/es\\\/#\\\/schema\\\/person\\\/8967f6b8af7e37bcbbe61f68580ff088\",\"name\":\"Author\",\"image\":{\"@type\":\"ImageObject\",\"inLanguage\":\"en-US\",\"@id\":\"https:\\\/\\\/www.americanonewspaper.com\\\/es\\\/wp-content\\\/litespeed\\\/avatar\\\/89ffaf6af3cf6769ffb3c6efb2313947.jpg?ver=1788535513\",\"url\":\"https:\\\/\\\/www.americanonewspaper.com\\\/es\\\/wp-content\\\/litespeed\\\/avatar\\\/89ffaf6af3cf6769ffb3c6efb2313947.jpg?ver=1788535513\",\"contentUrl\":\"https:\\\/\\\/www.americanonewspaper.com\\\/es\\\/wp-content\\\/litespeed\\\/avatar\\\/89ffaf6af3cf6769ffb3c6efb2313947.jpg?ver=1788535513\",\"caption\":\"Author\"},\"url\":\"https:\\\/\\\/www.americanonewspaper.com\\\/es\\\/author\\\/americano\\\/\"}]}<\/script>\n<!-- \/ Yoast SEO Premium plugin. -->","yoast_head_json":{"title":"El Barza arranca en el Mart\u00ednez Valero. - Americano Newspaper","description":"El Barcelona de Hansi Flick, campe\u00f3n de las dos \u00faltimas ediciones de LaLiga EA Sports, inicia este domingo (21:30 CET) la defensa del t\u00edtulo con una plantilla reforzada, a la que le falta concretar el fichaje de un delantero centro, ante un Elche que se agarra al apoyo del Estadio Mart\u00ednez Valero.","robots":{"index":"index","follow":"follow","max-snippet":"max-snippet:-1","max-image-preview":"max-image-preview:large","max-video-preview":"max-video-preview:-1"},"canonical":"https:\/\/www.americanonewspaper.com\/es\/fifa\/el-barza-arranca-en-el-martinez-valero\/","og_locale":"en_US","og_type":"article","og_title":"El Barza arranca en el Mart\u00ednez Valero.","og_description":"El Barcelona de Hansi Flick, campe\u00f3n de las dos \u00faltimas ediciones de LaLiga EA Sports, inicia este domingo (21:30 CET) la defensa del t\u00edtulo con una plantilla reforzada, a la que le falta concretar el fichaje de un delantero centro, ante un Elche que se agarra al apoyo del Estadio Mart\u00ednez Valero.","og_url":"https:\/\/www.americanonewspaper.com\/es\/fifa\/el-barza-arranca-en-el-martinez-valero\/","og_site_name":"Americano Newspaper","article_publisher":"https:\/\/www.facebook.com\/AmericanoNewspaper\/","article_published_time":"2026-08-22T16:11:38+00:00","article_modified_time":"2026-08-22T16:16:01+00:00","og_image":[{"width":560,"height":373,"url":"https:\/\/www.americanonewspaper.com\/es\/wp-content\/uploads\/2026\/08\/Hansi-Barcelona.jpeg","type":"image\/jpeg"}],"author":"Author","twitter_card":"summary_large_image","twitter_misc":{"Written by":"Author","Est. reading time":"7 minutes"},"schema":{"@context":"https:\/\/schema.org","@graph":[{"@type":"Article","@id":"https:\/\/www.americanonewspaper.com\/es\/fifa\/el-barza-arranca-en-el-martinez-valero\/#article","isPartOf":{"@id":"https:\/\/www.americanonewspaper.com\/es\/fifa\/el-barza-arranca-en-el-martinez-valero\/"},"author":{"name":"Author","@id":"https:\/\/www.americanonewspaper.com\/es\/#\/schema\/person\/8967f6b8af7e37bcbbe61f68580ff088"},"headline":"El Barza arranca en el Mart\u00ednez Valero.","datePublished":"2026-08-22T16:11:38+00:00","dateModified":"2026-08-22T16:16:01+00:00","mainEntityOfPage":{"@id":"https:\/\/www.americanonewspaper.com\/es\/fifa\/el-barza-arranca-en-el-martinez-valero\/"},"wordCount":877,"commentCount":0,"publisher":{"@id":"https:\/\/www.americanonewspaper.com\/es\/#organization"},"image":{"@id":"https:\/\/www.americanonewspaper.com\/es\/fifa\/el-barza-arranca-en-el-martinez-valero\/#primaryimage"},"thumbnailUrl":"https:\/\/www.americanonewspaper.com\/es\/wp-content\/uploads\/2026\/08\/Hansi-Barcelona.jpeg","articleSection":["Barcelona","FIFA","LaLiga EA Sports"],"inLanguage":"en-US","potentialAction":[{"@type":"CommentAction","name":"Comment","target":["https:\/\/www.americanonewspaper.com\/es\/fifa\/el-barza-arranca-en-el-martinez-valero\/#respond"]}]},{"@type":"WebPage","@id":"https:\/\/www.americanonewspaper.com\/es\/fifa\/el-barza-arranca-en-el-martinez-valero\/","url":"https:\/\/www.americanonewspaper.com\/es\/fifa\/el-barza-arranca-en-el-martinez-valero\/","name":"El Barza arranca en el Mart\u00ednez Valero. - Americano Newspaper","isPartOf":{"@id":"https:\/\/www.americanonewspaper.com\/es\/#website"},"primaryImageOfPage":{"@id":"https:\/\/www.americanonewspaper.com\/es\/fifa\/el-barza-arranca-en-el-martinez-valero\/#primaryimage"},"image":{"@id":"https:\/\/www.americanonewspaper.com\/es\/fifa\/el-barza-arranca-en-el-martinez-valero\/#primaryimage"},"thumbnailUrl":"https:\/\/www.americanonewspaper.com\/es\/wp-content\/uploads\/2026\/08\/Hansi-Barcelona.jpeg","datePublished":"2026-08-22T16:11:38+00:00","dateModified":"2026-08-22T16:16:01+00:00","description":"El Barcelona de Hansi Flick, campe\u00f3n de las dos \u00faltimas ediciones de LaLiga EA Sports, inicia este domingo (21:30 CET) la defensa del t\u00edtulo con una plantilla reforzada, a la que le falta concretar el fichaje de un delantero centro, ante un Elche que se agarra al apoyo del Estadio Mart\u00ednez Valero.","breadcrumb":{"@id":"https:\/\/www.americanonewspaper.com\/es\/fifa\/el-barza-arranca-en-el-martinez-valero\/#breadcrumb"},"inLanguage":"en-US","potentialAction":[{"@type":"ReadAction","target":["https:\/\/www.americanonewspaper.com\/es\/fifa\/el-barza-arranca-en-el-martinez-valero\/"]}]},{"@type":"ImageObject","inLanguage":"en-US","@id":"https:\/\/www.americanonewspaper.com\/es\/fifa\/el-barza-arranca-en-el-martinez-valero\/#primaryimage","url":"https:\/\/www.americanonewspaper.com\/es\/wp-content\/uploads\/2026\/08\/Hansi-Barcelona.jpeg","contentUrl":"https:\/\/www.americanonewspaper.com\/es\/wp-content\/uploads\/2026\/08\/Hansi-Barcelona.jpeg","width":560,"height":373,"caption":"El entrenador alem\u00e1n del Barcelona, Hansi Flick, junto a sus jugadores en el entrenamiento previo a su enfrentamiento contra el Elche, en el Mart\u00ednez Valero. EFE\/Quique Garc\u00eda"},{"@type":"BreadcrumbList","@id":"https:\/\/www.americanonewspaper.com\/es\/fifa\/el-barza-arranca-en-el-martinez-valero\/#breadcrumb","itemListElement":[{"@type":"ListItem","position":1,"name":"Home","item":"https:\/\/www.americanonewspaper.com\/es\/"},{"@type":"ListItem","position":2,"name":"El Barza arranca en el Mart\u00ednez Valero."}]},{"@type":"WebSite","@id":"https:\/\/www.americanonewspaper.com\/es\/#website","url":"https:\/\/www.americanonewspaper.com\/es\/","name":"Americano Newspaper","description":"The Hispanic Newspaper of New Jersey.","publisher":{"@id":"https:\/\/www.americanonewspaper.com\/es\/#organization"},"potentialAction":[{"@type":"SearchAction","target":{"@type":"EntryPoint","urlTemplate":"https:\/\/www.americanonewspaper.com\/es\/?s={search_term_string}"},"query-input":{"@type":"PropertyValueSpecification","valueRequired":true,"valueName":"search_term_string"}}],"inLanguage":"en-US"},{"@type":"Organization","@id":"https:\/\/www.americanonewspaper.com\/es\/#organization","name":"Americano Newspaper","url":"https:\/\/www.americanonewspaper.com\/es\/","logo":{"@type":"ImageObject","inLanguage":"en-US","@id":"https:\/\/www.americanonewspaper.com\/es\/#\/schema\/logo\/image\/","url":"https:\/\/www.americanonewspaper.com\/es\/wp-content\/uploads\/2024\/05\/AmericanoLogoCircle.comCircle2.jpg","contentUrl":"https:\/\/www.americanonewspaper.com\/es\/wp-content\/uploads\/2024\/05\/AmericanoLogoCircle.comCircle2.jpg","width":600,"height":600,"caption":"Americano Newspaper"},"image":{"@id":"https:\/\/www.americanonewspaper.com\/es\/#\/schema\/logo\/image\/"},"sameAs":["https:\/\/www.facebook.com\/AmericanoNewspaper\/"]},{"@type":"Person","@id":"https:\/\/www.americanonewspaper.com\/es\/#\/schema\/person\/8967f6b8af7e37bcbbe61f68580ff088","name":"Author","image":{"@type":"ImageObject","inLanguage":"en-US","@id":"https:\/\/www.americanonewspaper.com\/es\/wp-content\/litespeed\/avatar\/89ffaf6af3cf6769ffb3c6efb2313947.jpg?ver=1788535513","url":"https:\/\/www.americanonewspaper.com\/es\/wp-content\/litespeed\/avatar\/89ffaf6af3cf6769ffb3c6efb2313947.jpg?ver=1788535513","contentUrl":"https:\/\/www.americanonewspaper.com\/es\/wp-content\/litespeed\/avatar\/89ffaf6af3cf6769ffb3c6efb2313947.jpg?ver=1788535513","caption":"Author"},"url":"https:\/\/www.americanonewspaper.com\/es\/author\/americano\/"}]}},"jetpack_publicize_connections":[],"featured_image_urls":{"full":["https:\/\/www.americanonewspaper.com\/es\/wp-content\/uploads\/2026\/08\/Hansi-Barcelona.jpeg",560,373,false],"thumbnail":["https:\/\/www.americanonewspaper.com\/es\/wp-content\/uploads\/2026\/08\/Hansi-Barcelona-250x250.jpeg",250,250,true],"medium":["https:\/\/www.americanonewspaper.com\/es\/wp-content\/uploads\/2026\/08\/Hansi-Barcelona-300x200.jpeg",300,200,true],"medium_large":["https:\/\/www.americanonewspaper.com\/es\/wp-content\/uploads\/2026\/08\/Hansi-Barcelona.jpeg",560,373,false],"large":["https:\/\/www.americanonewspaper.com\/es\/wp-content\/uploads\/2026\/08\/Hansi-Barcelona.jpeg",560,373,false],"1536x1536":["https:\/\/www.americanonewspaper.com\/es\/wp-content\/uploads\/2026\/08\/Hansi-Barcelona.jpeg",560,373,false],"2048x2048":["https:\/\/www.americanonewspaper.com\/es\/wp-content\/uploads\/2026\/08\/Hansi-Barcelona.jpeg",560,373,false],"td_150x0":["https:\/\/www.americanonewspaper.com\/es\/wp-content\/uploads\/2026\/08\/Hansi-Barcelona-150x100.jpeg",150,100,true],"td_218x150":["https:\/\/www.americanonewspaper.com\/es\/wp-content\/uploads\/2026\/08\/Hansi-Barcelona-218x150.jpeg",218,150,true],"td_300x0":["https:\/\/www.americanonewspaper.com\/es\/wp-content\/uploads\/2026\/08\/Hansi-Barcelona-300x200.jpeg",300,200,true],"td_324x400":["https:\/\/www.americanonewspaper.com\/es\/wp-content\/uploads\/2026\/08\/Hansi-Barcelona-324x373.jpeg",324,373,true],"td_485x360":["https:\/\/www.americanonewspaper.com\/es\/wp-content\/uploads\/2026\/08\/Hansi-Barcelona-485x360.jpeg",485,360,true],"td_696x0":["https:\/\/www.americanonewspaper.com\/es\/wp-content\/uploads\/2026\/08\/Hansi-Barcelona.jpeg",560,373,false],"td_1068x0":["https:\/\/www.americanonewspaper.com\/es\/wp-content\/uploads\/2026\/08\/Hansi-Barcelona.jpeg",560,373,false],"td_1920x0":["https:\/\/www.americanonewspaper.com\/es\/wp-content\/uploads\/2026\/08\/Hansi-Barcelona.jpeg",560,373,false],"bdpp-medium":["https:\/\/www.americanonewspaper.com\/es\/wp-content\/uploads\/2026\/08\/Hansi-Barcelona.jpeg",560,373,false]},"author_info":{"display_name":"Author","author_link":"https:\/\/www.americanonewspaper.com\/es\/author\/americano\/"},"category_info":"<a href=\"https:\/\/www.americanonewspaper.com\/es\/category\/fifa\/barcelona\/\" rel=\"category tag\">Barcelona<\/a> <a href=\"https:\/\/www.americanonewspaper.com\/es\/category\/fifa\/\" rel=\"category tag\">FIFA<\/a> <a href=\"https:\/\/www.americanonewspaper.com\/es\/category\/fifa\/laliga-ea-sports\/\" rel=\"category tag\">LaLiga EA Sports<\/a>","tag_info":"LaLiga EA Sports","comment_count":"0","jetpack_sharing_enabled":true,"jetpack_likes_enabled":true,"jetpack_featured_media_url":"https:\/\/www.americanonewspaper.com\/es\/wp-content\/uploads\/2026\/08\/Hansi-Barcelona.jpeg","_links":{"self":[{"href":"https:\/\/www.americanonewspaper.com\/es\/wp-json\/wp\/v2\/posts\/33599","targetHints":{"allow":["GET"]}}],"collection":[{"href":"https:\/\/www.americanonewspaper.com\/es\/wp-json\/wp\/v2\/posts"}],"about":[{"href":"https:\/\/www.americanonewspaper.com\/es\/wp-json\/wp\/v2\/types\/post"}],"author":[{"embeddable":true,"href":"https:\/\/www.americanonewspaper.com\/es\/wp-json\/wp\/v2\/users\/7"}],"replies":[{"embeddable":true,"href":"https:\/\/www.americanonewspaper.com\/es\/wp-json\/wp\/v2\/comments?post=33599"}],"version-history":[{"count":1,"href":"https:\/\/www.americanonewspaper.com\/es\/wp-json\/wp\/v2\/posts\/33599\/revisions"}],"predecessor-version":[{"id":33601,"href":"https:\/\/www.americanonewspaper.com\/es\/wp-json\/wp\/v2\/posts\/33599\/revisions\/33601"}],"wp:featuredmedia":[{"embeddable":true,"href":"https:\/\/www.americanonewspaper.com\/es\/wp-json\/wp\/v2\/media\/33600"}],"wp:attachment":[{"href":"https:\/\/www.americanonewspaper.com\/es\/wp-json\/wp\/v2\/media?parent=33599"}],"wp:term":[{"taxonomy":"category","embeddable":true,"href":"https:\/\/www.americanonewspaper.com\/es\/wp-json\/wp\/v2\/categories?post=33599"},{"taxonomy":"post_tag","embeddable":true,"href":"https:\/\/www.americanonewspaper.com\/es\/wp-json\/wp\/v2\/tags?post=33599"}],"curies":[{"name":"wp","href":"https:\/\/api.w.org\/{rel}","templated":true}]}}