{"id":33594,"date":"2026-08-21T10:06:44","date_gmt":"2026-08-21T14:06:44","guid":{"rendered":"https:\/\/www.americanonewspaper.com\/es\/?p=33594"},"modified":"2026-08-21T10:06:48","modified_gmt":"2026-08-21T14:06:48","slug":"el-real-madrid-vs-espanyol","status":"publish","type":"post","link":"https:\/\/www.americanonewspaper.com\/es\/real-madrid\/el-real-madrid-vs-espanyol\/","title":{"rendered":"El Real Madrid Vs. Espanyol"},"content":{"rendered":"\n<p class=\"wp-block-paragraph\">Madrid, 21 ago (EFE).- <\/p>\n\n\n\n<p class=\"dropcapp3 wp-block-paragraph\">El Real Madrid llev\u00f3 a cabo este viernes su \u00faltimo entrenamiento previo a su estreno esta temporada, en Liga ante el Espanyol el s\u00e1bado (21:30 horas CEST, -2 GMT), para el que el portugu\u00e9s Jos\u00e9 Mourinho ya tiene un once titular en su cabeza en el que ser\u00e1 su debut en su segunda etapa como entrenador del conjunto blanco.<\/p>\n\n\n\n<figure class=\"wp-block-image size-full\"><a href=\"https:\/\/ggllawyers.com\/es\/new-jersey-personal-injury-and-workers-compensation-lawyer\/\" target=\"_blank\" rel=\" noopener\"><img fetchpriority=\"high\" decoding=\"async\" width=\"560\" height=\"269\" src=\"https:\/\/www.americanonewspaper.com\/es\/wp-content\/uploads\/2026\/07\/GGlSpanish-1.jpg\" alt=\"ABOGADOS DE ACCIDENTES\" class=\"wp-image-33267\" srcset=\"https:\/\/www.americanonewspaper.com\/es\/wp-content\/uploads\/2026\/07\/GGlSpanish-1.jpg 560w, https:\/\/www.americanonewspaper.com\/es\/wp-content\/uploads\/2026\/07\/GGlSpanish-1-300x144.jpg 300w, https:\/\/www.americanonewspaper.com\/es\/wp-content\/uploads\/2026\/07\/GGlSpanish-1-150x72.jpg 150w\" sizes=\"(max-width: 560px) 100vw, 560px\" \/><\/a><figcaption class=\"wp-element-caption\">ABOGADOS DE ACCIDENTES<\/figcaption><\/figure>\n\n\n\n<p class=\"wp-block-paragraph\">Sesi\u00f3n que no cont\u00f3 con los lesionados Rodrygo Goes, Ferland Mendy, Eder Militao, Ra\u00fal Asencio, Thiago Pitarch y Endrick.<\/p>\n\n\n\n<figure class=\"wp-block-image size-full\"><img decoding=\"async\" width=\"560\" height=\"373\" src=\"https:\/\/www.americanonewspaper.com\/es\/wp-content\/uploads\/2026\/08\/real-madrid1.jpeg\" alt=\"\" class=\"wp-image-33596\" srcset=\"https:\/\/www.americanonewspaper.com\/es\/wp-content\/uploads\/2026\/08\/real-madrid1.jpeg 560w, https:\/\/www.americanonewspaper.com\/es\/wp-content\/uploads\/2026\/08\/real-madrid1-300x200.jpeg 300w, https:\/\/www.americanonewspaper.com\/es\/wp-content\/uploads\/2026\/08\/real-madrid1-299x199.jpeg 299w, https:\/\/www.americanonewspaper.com\/es\/wp-content\/uploads\/2026\/08\/real-madrid1-149x99.jpeg 149w, https:\/\/www.americanonewspaper.com\/es\/wp-content\/uploads\/2026\/08\/real-madrid1-323x215.jpeg 323w\" sizes=\"(max-width: 560px) 100vw, 560px\" \/><figcaption class=\"wp-element-caption\">El entrenador del Real Madrid, Jos\u00e9 Mourinho (c), durante el entrenamiento del equipo previo al primer partido oficial de la temporada para el equipo blanco, contra el Espanyol, correspondiente a la segunda jornada de LaLiga. EFE\/Chema Moya<\/figcaption><\/figure>\n\n\n\n<p class=\"wp-block-paragraph\">De los seis, el que m\u00e1s posibilidades tiene de volver para el siguiente compromiso es Endrick, ya que sufre unas molestias musculares.<\/p>\n\n\n\n<figure class=\"wp-block-image size-full\"><a href=\"https:\/\/www.linkedin.com\/in\/jaimeberrios\/\" target=\"_blank\" rel=\" noopener\"><img decoding=\"async\" width=\"560\" height=\"257\" src=\"https:\/\/www.americanonewspaper.com\/es\/wp-content\/uploads\/2026\/08\/Jaime-copy-2-1.jpg\" alt=\"\" class=\"wp-image-33501\" srcset=\"https:\/\/www.americanonewspaper.com\/es\/wp-content\/uploads\/2026\/08\/Jaime-copy-2-1.jpg 560w, https:\/\/www.americanonewspaper.com\/es\/wp-content\/uploads\/2026\/08\/Jaime-copy-2-1-300x138.jpg 300w, https:\/\/www.americanonewspaper.com\/es\/wp-content\/uploads\/2026\/08\/Jaime-copy-2-1-150x69.jpg 150w\" sizes=\"(max-width: 560px) 100vw, 560px\" \/><\/a><\/figure>\n\n\n\n<p class=\"wp-block-paragraph\">Adem\u00e1s, Aurelien Tchouam\u00e9ni no podr\u00e1 participar contra el Espanyol, ya que se incorpor\u00f3 a la din\u00e1mica del club tras el Mundial con unas ligeras molestias que le han hecho no coger el ritmo f\u00edsico adecuado para estar listo en el debut.<\/p>\n\n\n\n<p class=\"wp-block-paragraph\">\u201cTchouam\u00e9ni est\u00e1 bien, entrenar\u00e1 con el equipo hoy y tendr\u00e1 que entrenar ma\u00f1ana, el domingo\u2026porque con la lesi\u00f3n con la que lleg\u00f3 no puede jugar contra el Espanyol\u201d, asegur\u00f3 Mourinho en su primera rueda de prensa.<\/p>\n\n\n\n<figure class=\"wp-block-image size-full\"><a href=\"https:\/\/www.americanonewspaper.com\/es\/community\/aviso-de-reunion-publica-de-ewing-township\/\" target=\"_blank\" rel=\" noopener\"><img loading=\"lazy\" decoding=\"async\" width=\"560\" height=\"270\" src=\"https:\/\/www.americanonewspaper.com\/es\/wp-content\/uploads\/2026\/08\/EwingTownship-copy.jpg\" alt=\"OPORTUNIDAD DE CONTRATOS PARA COMPA\u00d1IAS DE  CONSTRUCCI\u00d3N DE MUJERES Y MINOR\u00cdAS.\" class=\"wp-image-33417\" srcset=\"https:\/\/www.americanonewspaper.com\/es\/wp-content\/uploads\/2026\/08\/EwingTownship-copy.jpg 560w, https:\/\/www.americanonewspaper.com\/es\/wp-content\/uploads\/2026\/08\/EwingTownship-copy-300x145.jpg 300w, https:\/\/www.americanonewspaper.com\/es\/wp-content\/uploads\/2026\/08\/EwingTownship-copy-150x72.jpg 150w\" sizes=\"(max-width: 560px) 100vw, 560px\" \/><\/a><figcaption class=\"wp-element-caption\">OPORTUNIDAD DE CONTRATOS PARA COMPA\u00d1IAS DE  CONSTRUCCI\u00d3N DE MUJERES Y MINOR\u00cdAS.<\/figcaption><\/figure>\n\n\n\n<p class=\"wp-block-paragraph\">El centrocampista franc\u00e9s cumpli\u00f3 con el plan previsto este viernes en la Ciudad Deportiva de Valdebebas y apunta al partido del mi\u00e9rcoles ante la Real Sociedad.<\/p>\n\n\n\n<figure class=\"wp-block-image size-full\"><img loading=\"lazy\" decoding=\"async\" width=\"560\" height=\"373\" src=\"https:\/\/www.americanonewspaper.com\/es\/wp-content\/uploads\/2026\/08\/real-madrid2.jpeg\" alt=\"\" class=\"wp-image-33597\" srcset=\"https:\/\/www.americanonewspaper.com\/es\/wp-content\/uploads\/2026\/08\/real-madrid2.jpeg 560w, https:\/\/www.americanonewspaper.com\/es\/wp-content\/uploads\/2026\/08\/real-madrid2-149x99.jpeg 149w, https:\/\/www.americanonewspaper.com\/es\/wp-content\/uploads\/2026\/08\/real-madrid2-300x200.jpeg 300w, https:\/\/www.americanonewspaper.com\/es\/wp-content\/uploads\/2026\/08\/real-madrid2-299x199.jpeg 299w, https:\/\/www.americanonewspaper.com\/es\/wp-content\/uploads\/2026\/08\/real-madrid2-323x215.jpeg 323w\" sizes=\"(max-width: 560px) 100vw, 560px\" \/><figcaption class=\"wp-element-caption\">El defensa del Real Madrid Marc Cucurella (d) y el delantero Carlos Esp\u00ed (i) durante el entrenamiento del equipo previo al primer partido oficial de la temporada para el equipo blanco, contra el Espanyol, correspondiente a la segunda jornada de LaLiga. EFE\/Chema Moya<\/figcaption><\/figure>\n\n\n\n<p class=\"wp-block-paragraph\">Con estas bajas, Mourinho cont\u00f3 en el entrenamiento con tres canteranos: el defensa Mario Rivas, el centrocampista Jorge Cestero y el extremo Alexis Ciria. Los tres estar\u00e1n en la convocatoria para el partido ante el Espanyol.<\/p>\n\n\n\n<figure class=\"wp-block-image size-full\"><a href=\"https:\/\/www.njng.com\/my-account\/payment-options\/payment-assistance.aspx\" target=\"_blank\" rel=\" noopener\"><img loading=\"lazy\" decoding=\"async\" width=\"560\" height=\"270\" src=\"https:\/\/www.americanonewspaper.com\/es\/wp-content\/uploads\/2026\/08\/NJNaturalGasSpanish-copy.jpg\" alt=\"AYUDA PARA PAGAR ENERG\u00cdA\" class=\"wp-image-33577\" srcset=\"https:\/\/www.americanonewspaper.com\/es\/wp-content\/uploads\/2026\/08\/NJNaturalGasSpanish-copy.jpg 560w, https:\/\/www.americanonewspaper.com\/es\/wp-content\/uploads\/2026\/08\/NJNaturalGasSpanish-copy-300x145.jpg 300w, https:\/\/www.americanonewspaper.com\/es\/wp-content\/uploads\/2026\/08\/NJNaturalGasSpanish-copy-150x72.jpg 150w\" sizes=\"(max-width: 560px) 100vw, 560px\" \/><\/a><figcaption class=\"wp-element-caption\">AYUDA PARA PAGAR ENERG\u00cdA<\/figcaption><\/figure>\n\n\n\n<p class=\"wp-block-paragraph\">Encuentro para el que Mourinho declar\u00f3 tener un once definido, que ya saben los propios futbolistas. \u201cYa saben qui\u00e9n va a jugar, yo no me escondo\u201d, declar\u00f3 Mourinho en la v\u00edspera de un encuentro que ser\u00e1 su estreno oficial en su segunda etapa al frente del Real Madrid, 13 a\u00f1os despu\u00e9s de cerrar la primera.<\/p>\n\n\n\n<figure class=\"wp-block-image size-full\"><a href=\"https:\/\/www.eventbrite.com\/e\/health-wellness-fair-2026-tickets-1991124368586?aff=oddtdtcreator\" target=\"_blank\" rel=\" noopener\"><img loading=\"lazy\" decoding=\"async\" width=\"560\" height=\"300\" src=\"https:\/\/www.americanonewspaper.com\/es\/wp-content\/uploads\/2026\/08\/Health-and-Wellness-560-x-270.jpeg\" alt=\"\" class=\"wp-image-33426\" srcset=\"https:\/\/www.americanonewspaper.com\/es\/wp-content\/uploads\/2026\/08\/Health-and-Wellness-560-x-270.jpeg 560w, https:\/\/www.americanonewspaper.com\/es\/wp-content\/uploads\/2026\/08\/Health-and-Wellness-560-x-270-300x161.jpeg 300w, https:\/\/www.americanonewspaper.com\/es\/wp-content\/uploads\/2026\/08\/Health-and-Wellness-560-x-270-150x80.jpeg 150w\" sizes=\"(max-width: 560px) 100vw, 560px\" \/><\/a><figcaption class=\"wp-element-caption\">FERIA DE SALUD<\/figcaption><\/figure>\n","protected":false},"excerpt":{"rendered":"<p>Madrid, 21 ago (EFE).- El Real Madrid llev\u00f3 a cabo este viernes su \u00faltimo entrenamiento previo a su estreno esta temporada, en Liga ante el Espanyol el s\u00e1bado (21:30 horas CEST, -2 GMT), para el que el portugu\u00e9s Jos\u00e9 Mourinho ya tiene un once titular en su cabeza en el que ser\u00e1 su debut en [&hellip;]<\/p>\n","protected":false},"author":7,"featured_media":33595,"comment_status":"open","ping_status":"open","sticky":false,"template":"","format":"standard","meta":{"_acf_changed":false,"tdm_status":"","tdm_grid_status":"","_jetpack_newsletter_access":"","_jetpack_dont_email_post_to_subs":false,"_jetpack_newsletter_tier_id":0,"_jetpack_memberships_contains_paywalled_content":false,"_jetpack_feature_clip_id":0,"_jetpack_memberships_contains_paid_content":false,"footnotes":"","jetpack_publicize_message":"{title}\n\n{excerpt}\n\n{url}","jetpack_publicize_feature_enabled":true,"jetpack_social_post_already_shared":false,"jetpack_social_options":{"image_generator_settings":{"template":"highway","default_image_id":0,"font":"","enabled":false,"token":"eyJpbWciOiJodHRwczpcL1wvd3d3LmFtZXJpY2Fub25ld3NwYXBlci5jb21cL2VzXC93cC1jb250ZW50XC91cGxvYWRzXC8yMDI2XC8wOFwvUmVhbC1tYWRyaWQuanBlZyIsInR4dCI6IkVsIFJlYWwgTWFkcmlkIFZzLiBFc3BhbnlvbCIsInRlbXBsYXRlIjoiaGlnaHdheSIsImZvbnQiOiIiLCJibG9nX2lkIjoyMjg2MTk1NzR9.ATDTtOYnQcAhCnZ2j377SNRUStR14xlHA30iH22BwP4MQ"},"version":2,"media_source":"featured-image","attached_media":[{"id":33595,"url":"https:\/\/www.americanonewspaper.com\/es\/wp-content\/uploads\/2026\/08\/Real-madrid.jpeg","type":"image\/jpeg"}]},"_wpas_customize_per_network":false,"jetpack_post_was_ever_published":false,"_members_access_role":[],"_members_access_error":""},"categories":[938,1153,787],"tags":[],"class_list":["post-33594","post","type-post","status-publish","format-standard","has-post-thumbnail","category-rcd-espanyol","category-real-madrid"],"acf":[],"yoast_head":"<!-- This site is optimized with the Yoast SEO Premium plugin v28.4 (Yoast SEO v28.4) - https:\/\/yoast.com\/product\/yoast-seo-premium-wordpress\/ -->\n<title>El Real Madrid Vs. Espanyol - Americano Newspaper<\/title>\n<meta name=\"description\" content=\"El Real Madrid llev\u00f3 a cabo este viernes su \u00faltimo entrenamiento previo a su estreno esta temporada, en Liga ante el Espanyol el s\u00e1bado (21:30 horas CEST, -2 GMT), para el que el portugu\u00e9s Jos\u00e9 Mourinho ya tiene un once titular en su cabeza en el que ser\u00e1 su debut en su segunda etapa como entrenador del conjunto blanco.\" \/>\n<meta name=\"robots\" content=\"index, follow, max-snippet:-1, max-image-preview:large, max-video-preview:-1\" \/>\n<link rel=\"canonical\" href=\"https:\/\/www.americanonewspaper.com\/es\/real-madrid\/el-real-madrid-vs-espanyol\/\" \/>\n<meta property=\"og:locale\" content=\"en_US\" \/>\n<meta property=\"og:type\" content=\"article\" \/>\n<meta property=\"og:title\" content=\"El Real Madrid Vs. Espanyol\" \/>\n<meta property=\"og:description\" content=\"El Real Madrid llev\u00f3 a cabo este viernes su \u00faltimo entrenamiento previo a su estreno esta temporada, en Liga ante el Espanyol el s\u00e1bado (21:30 horas CEST, -2 GMT), para el que el portugu\u00e9s Jos\u00e9 Mourinho ya tiene un once titular en su cabeza en el que ser\u00e1 su debut en su segunda etapa como entrenador del conjunto blanco.\" \/>\n<meta property=\"og:url\" content=\"https:\/\/www.americanonewspaper.com\/es\/real-madrid\/el-real-madrid-vs-espanyol\/\" \/>\n<meta property=\"og:site_name\" content=\"Americano Newspaper\" \/>\n<meta property=\"article:publisher\" content=\"https:\/\/www.facebook.com\/AmericanoNewspaper\/\" \/>\n<meta property=\"article:published_time\" content=\"2026-08-21T14:06:44+00:00\" \/>\n<meta property=\"article:modified_time\" content=\"2026-08-21T14:06:48+00:00\" \/>\n<meta property=\"og:image\" content=\"https:\/\/www.americanonewspaper.com\/es\/wp-content\/uploads\/2026\/08\/Real-madrid.jpeg\" \/>\n\t<meta property=\"og:image:width\" content=\"560\" \/>\n\t<meta property=\"og:image:height\" content=\"373\" \/>\n\t<meta property=\"og:image:type\" content=\"image\/jpeg\" \/>\n<meta name=\"author\" content=\"Author\" \/>\n<meta name=\"twitter:card\" content=\"summary_large_image\" \/>\n<meta name=\"twitter:label1\" content=\"Written by\" \/>\n\t<meta name=\"twitter:data1\" content=\"Author\" \/>\n\t<meta name=\"twitter:label2\" content=\"Est. reading time\" \/>\n\t<meta name=\"twitter:data2\" content=\"4 minutes\" \/>\n<script type=\"application\/ld+json\" class=\"yoast-schema-graph\">{\"@context\":\"https:\\\/\\\/schema.org\",\"@graph\":[{\"@type\":\"Article\",\"@id\":\"https:\\\/\\\/www.americanonewspaper.com\\\/es\\\/real-madrid\\\/el-real-madrid-vs-espanyol\\\/#article\",\"isPartOf\":{\"@id\":\"https:\\\/\\\/www.americanonewspaper.com\\\/es\\\/real-madrid\\\/el-real-madrid-vs-espanyol\\\/\"},\"author\":{\"name\":\"Author\",\"@id\":\"https:\\\/\\\/www.americanonewspaper.com\\\/es\\\/#\\\/schema\\\/person\\\/8967f6b8af7e37bcbbe61f68580ff088\"},\"headline\":\"El Real Madrid Vs. Espanyol\",\"datePublished\":\"2026-08-21T14:06:44+00:00\",\"dateModified\":\"2026-08-21T14:06:48+00:00\",\"mainEntityOfPage\":{\"@id\":\"https:\\\/\\\/www.americanonewspaper.com\\\/es\\\/real-madrid\\\/el-real-madrid-vs-espanyol\\\/\"},\"wordCount\":428,\"commentCount\":0,\"publisher\":{\"@id\":\"https:\\\/\\\/www.americanonewspaper.com\\\/es\\\/#organization\"},\"image\":{\"@id\":\"https:\\\/\\\/www.americanonewspaper.com\\\/es\\\/real-madrid\\\/el-real-madrid-vs-espanyol\\\/#primaryimage\"},\"thumbnailUrl\":\"https:\\\/\\\/www.americanonewspaper.com\\\/es\\\/wp-content\\\/uploads\\\/2026\\\/08\\\/Real-madrid.jpeg\",\"articleSection\":[\"LaLiga EA Sports\",\"RCD Espanyol\",\"Real Madrid\"],\"inLanguage\":\"en-US\",\"potentialAction\":[{\"@type\":\"CommentAction\",\"name\":\"Comment\",\"target\":[\"https:\\\/\\\/www.americanonewspaper.com\\\/es\\\/real-madrid\\\/el-real-madrid-vs-espanyol\\\/#respond\"]}]},{\"@type\":\"WebPage\",\"@id\":\"https:\\\/\\\/www.americanonewspaper.com\\\/es\\\/real-madrid\\\/el-real-madrid-vs-espanyol\\\/\",\"url\":\"https:\\\/\\\/www.americanonewspaper.com\\\/es\\\/real-madrid\\\/el-real-madrid-vs-espanyol\\\/\",\"name\":\"El Real Madrid Vs. Espanyol - Americano Newspaper\",\"isPartOf\":{\"@id\":\"https:\\\/\\\/www.americanonewspaper.com\\\/es\\\/#website\"},\"primaryImageOfPage\":{\"@id\":\"https:\\\/\\\/www.americanonewspaper.com\\\/es\\\/real-madrid\\\/el-real-madrid-vs-espanyol\\\/#primaryimage\"},\"image\":{\"@id\":\"https:\\\/\\\/www.americanonewspaper.com\\\/es\\\/real-madrid\\\/el-real-madrid-vs-espanyol\\\/#primaryimage\"},\"thumbnailUrl\":\"https:\\\/\\\/www.americanonewspaper.com\\\/es\\\/wp-content\\\/uploads\\\/2026\\\/08\\\/Real-madrid.jpeg\",\"datePublished\":\"2026-08-21T14:06:44+00:00\",\"dateModified\":\"2026-08-21T14:06:48+00:00\",\"description\":\"El Real Madrid llev\u00f3 a cabo este viernes su \u00faltimo entrenamiento previo a su estreno esta temporada, en Liga ante el Espanyol el s\u00e1bado (21:30 horas CEST, -2 GMT), para el que el portugu\u00e9s Jos\u00e9 Mourinho ya tiene un once titular en su cabeza en el que ser\u00e1 su debut en su segunda etapa como entrenador del conjunto blanco.\",\"breadcrumb\":{\"@id\":\"https:\\\/\\\/www.americanonewspaper.com\\\/es\\\/real-madrid\\\/el-real-madrid-vs-espanyol\\\/#breadcrumb\"},\"inLanguage\":\"en-US\",\"potentialAction\":[{\"@type\":\"ReadAction\",\"target\":[\"https:\\\/\\\/www.americanonewspaper.com\\\/es\\\/real-madrid\\\/el-real-madrid-vs-espanyol\\\/\"]}]},{\"@type\":\"ImageObject\",\"inLanguage\":\"en-US\",\"@id\":\"https:\\\/\\\/www.americanonewspaper.com\\\/es\\\/real-madrid\\\/el-real-madrid-vs-espanyol\\\/#primaryimage\",\"url\":\"https:\\\/\\\/www.americanonewspaper.com\\\/es\\\/wp-content\\\/uploads\\\/2026\\\/08\\\/Real-madrid.jpeg\",\"contentUrl\":\"https:\\\/\\\/www.americanonewspaper.com\\\/es\\\/wp-content\\\/uploads\\\/2026\\\/08\\\/Real-madrid.jpeg\",\"width\":560,\"height\":373,\"caption\":\"Los jugadores del Real Madrid Eduardo Camavinga (i), Kilyan Mbapp\u00e9 (2d) y Jude Bellingham (d) durante el entrenamiento previo al primer partido oficial de la temporada para el equipo blanco, contra el Espanyol, correspondiente a la segunda jornada de LaLiga. EFE\\\/Chema Moya\"},{\"@type\":\"BreadcrumbList\",\"@id\":\"https:\\\/\\\/www.americanonewspaper.com\\\/es\\\/real-madrid\\\/el-real-madrid-vs-espanyol\\\/#breadcrumb\",\"itemListElement\":[{\"@type\":\"ListItem\",\"position\":1,\"name\":\"Home\",\"item\":\"https:\\\/\\\/www.americanonewspaper.com\\\/es\\\/\"},{\"@type\":\"ListItem\",\"position\":2,\"name\":\"El Real Madrid Vs. Espanyol\"}]},{\"@type\":\"WebSite\",\"@id\":\"https:\\\/\\\/www.americanonewspaper.com\\\/es\\\/#website\",\"url\":\"https:\\\/\\\/www.americanonewspaper.com\\\/es\\\/\",\"name\":\"Americano Newspaper\",\"description\":\"The Hispanic Newspaper of New Jersey.\",\"publisher\":{\"@id\":\"https:\\\/\\\/www.americanonewspaper.com\\\/es\\\/#organization\"},\"potentialAction\":[{\"@type\":\"SearchAction\",\"target\":{\"@type\":\"EntryPoint\",\"urlTemplate\":\"https:\\\/\\\/www.americanonewspaper.com\\\/es\\\/?s={search_term_string}\"},\"query-input\":{\"@type\":\"PropertyValueSpecification\",\"valueRequired\":true,\"valueName\":\"search_term_string\"}}],\"inLanguage\":\"en-US\"},{\"@type\":\"Organization\",\"@id\":\"https:\\\/\\\/www.americanonewspaper.com\\\/es\\\/#organization\",\"name\":\"Americano Newspaper\",\"url\":\"https:\\\/\\\/www.americanonewspaper.com\\\/es\\\/\",\"logo\":{\"@type\":\"ImageObject\",\"inLanguage\":\"en-US\",\"@id\":\"https:\\\/\\\/www.americanonewspaper.com\\\/es\\\/#\\\/schema\\\/logo\\\/image\\\/\",\"url\":\"https:\\\/\\\/www.americanonewspaper.com\\\/es\\\/wp-content\\\/uploads\\\/2024\\\/05\\\/AmericanoLogoCircle.comCircle2.jpg\",\"contentUrl\":\"https:\\\/\\\/www.americanonewspaper.com\\\/es\\\/wp-content\\\/uploads\\\/2024\\\/05\\\/AmericanoLogoCircle.comCircle2.jpg\",\"width\":600,\"height\":600,\"caption\":\"Americano Newspaper\"},\"image\":{\"@id\":\"https:\\\/\\\/www.americanonewspaper.com\\\/es\\\/#\\\/schema\\\/logo\\\/image\\\/\"},\"sameAs\":[\"https:\\\/\\\/www.facebook.com\\\/AmericanoNewspaper\\\/\"]},{\"@type\":\"Person\",\"@id\":\"https:\\\/\\\/www.americanonewspaper.com\\\/es\\\/#\\\/schema\\\/person\\\/8967f6b8af7e37bcbbe61f68580ff088\",\"name\":\"Author\",\"image\":{\"@type\":\"ImageObject\",\"inLanguage\":\"en-US\",\"@id\":\"https:\\\/\\\/www.americanonewspaper.com\\\/es\\\/wp-content\\\/litespeed\\\/avatar\\\/89ffaf6af3cf6769ffb3c6efb2313947.jpg?ver=1788535513\",\"url\":\"https:\\\/\\\/www.americanonewspaper.com\\\/es\\\/wp-content\\\/litespeed\\\/avatar\\\/89ffaf6af3cf6769ffb3c6efb2313947.jpg?ver=1788535513\",\"contentUrl\":\"https:\\\/\\\/www.americanonewspaper.com\\\/es\\\/wp-content\\\/litespeed\\\/avatar\\\/89ffaf6af3cf6769ffb3c6efb2313947.jpg?ver=1788535513\",\"caption\":\"Author\"},\"url\":\"https:\\\/\\\/www.americanonewspaper.com\\\/es\\\/author\\\/americano\\\/\"}]}<\/script>\n<!-- \/ Yoast SEO Premium plugin. -->","yoast_head_json":{"title":"El Real Madrid Vs. Espanyol - Americano Newspaper","description":"El Real Madrid llev\u00f3 a cabo este viernes su \u00faltimo entrenamiento previo a su estreno esta temporada, en Liga ante el Espanyol el s\u00e1bado (21:30 horas CEST, -2 GMT), para el que el portugu\u00e9s Jos\u00e9 Mourinho ya tiene un once titular en su cabeza en el que ser\u00e1 su debut en su segunda etapa como entrenador del conjunto blanco.","robots":{"index":"index","follow":"follow","max-snippet":"max-snippet:-1","max-image-preview":"max-image-preview:large","max-video-preview":"max-video-preview:-1"},"canonical":"https:\/\/www.americanonewspaper.com\/es\/real-madrid\/el-real-madrid-vs-espanyol\/","og_locale":"en_US","og_type":"article","og_title":"El Real Madrid Vs. Espanyol","og_description":"El Real Madrid llev\u00f3 a cabo este viernes su \u00faltimo entrenamiento previo a su estreno esta temporada, en Liga ante el Espanyol el s\u00e1bado (21:30 horas CEST, -2 GMT), para el que el portugu\u00e9s Jos\u00e9 Mourinho ya tiene un once titular en su cabeza en el que ser\u00e1 su debut en su segunda etapa como entrenador del conjunto blanco.","og_url":"https:\/\/www.americanonewspaper.com\/es\/real-madrid\/el-real-madrid-vs-espanyol\/","og_site_name":"Americano Newspaper","article_publisher":"https:\/\/www.facebook.com\/AmericanoNewspaper\/","article_published_time":"2026-08-21T14:06:44+00:00","article_modified_time":"2026-08-21T14:06:48+00:00","og_image":[{"width":560,"height":373,"url":"https:\/\/www.americanonewspaper.com\/es\/wp-content\/uploads\/2026\/08\/Real-madrid.jpeg","type":"image\/jpeg"}],"author":"Author","twitter_card":"summary_large_image","twitter_misc":{"Written by":"Author","Est. reading time":"4 minutes"},"schema":{"@context":"https:\/\/schema.org","@graph":[{"@type":"Article","@id":"https:\/\/www.americanonewspaper.com\/es\/real-madrid\/el-real-madrid-vs-espanyol\/#article","isPartOf":{"@id":"https:\/\/www.americanonewspaper.com\/es\/real-madrid\/el-real-madrid-vs-espanyol\/"},"author":{"name":"Author","@id":"https:\/\/www.americanonewspaper.com\/es\/#\/schema\/person\/8967f6b8af7e37bcbbe61f68580ff088"},"headline":"El Real Madrid Vs. Espanyol","datePublished":"2026-08-21T14:06:44+00:00","dateModified":"2026-08-21T14:06:48+00:00","mainEntityOfPage":{"@id":"https:\/\/www.americanonewspaper.com\/es\/real-madrid\/el-real-madrid-vs-espanyol\/"},"wordCount":428,"commentCount":0,"publisher":{"@id":"https:\/\/www.americanonewspaper.com\/es\/#organization"},"image":{"@id":"https:\/\/www.americanonewspaper.com\/es\/real-madrid\/el-real-madrid-vs-espanyol\/#primaryimage"},"thumbnailUrl":"https:\/\/www.americanonewspaper.com\/es\/wp-content\/uploads\/2026\/08\/Real-madrid.jpeg","articleSection":["LaLiga EA Sports","RCD Espanyol","Real Madrid"],"inLanguage":"en-US","potentialAction":[{"@type":"CommentAction","name":"Comment","target":["https:\/\/www.americanonewspaper.com\/es\/real-madrid\/el-real-madrid-vs-espanyol\/#respond"]}]},{"@type":"WebPage","@id":"https:\/\/www.americanonewspaper.com\/es\/real-madrid\/el-real-madrid-vs-espanyol\/","url":"https:\/\/www.americanonewspaper.com\/es\/real-madrid\/el-real-madrid-vs-espanyol\/","name":"El Real Madrid Vs. Espanyol - Americano Newspaper","isPartOf":{"@id":"https:\/\/www.americanonewspaper.com\/es\/#website"},"primaryImageOfPage":{"@id":"https:\/\/www.americanonewspaper.com\/es\/real-madrid\/el-real-madrid-vs-espanyol\/#primaryimage"},"image":{"@id":"https:\/\/www.americanonewspaper.com\/es\/real-madrid\/el-real-madrid-vs-espanyol\/#primaryimage"},"thumbnailUrl":"https:\/\/www.americanonewspaper.com\/es\/wp-content\/uploads\/2026\/08\/Real-madrid.jpeg","datePublished":"2026-08-21T14:06:44+00:00","dateModified":"2026-08-21T14:06:48+00:00","description":"El Real Madrid llev\u00f3 a cabo este viernes su \u00faltimo entrenamiento previo a su estreno esta temporada, en Liga ante el Espanyol el s\u00e1bado (21:30 horas CEST, -2 GMT), para el que el portugu\u00e9s Jos\u00e9 Mourinho ya tiene un once titular en su cabeza en el que ser\u00e1 su debut en su segunda etapa como entrenador del conjunto blanco.","breadcrumb":{"@id":"https:\/\/www.americanonewspaper.com\/es\/real-madrid\/el-real-madrid-vs-espanyol\/#breadcrumb"},"inLanguage":"en-US","potentialAction":[{"@type":"ReadAction","target":["https:\/\/www.americanonewspaper.com\/es\/real-madrid\/el-real-madrid-vs-espanyol\/"]}]},{"@type":"ImageObject","inLanguage":"en-US","@id":"https:\/\/www.americanonewspaper.com\/es\/real-madrid\/el-real-madrid-vs-espanyol\/#primaryimage","url":"https:\/\/www.americanonewspaper.com\/es\/wp-content\/uploads\/2026\/08\/Real-madrid.jpeg","contentUrl":"https:\/\/www.americanonewspaper.com\/es\/wp-content\/uploads\/2026\/08\/Real-madrid.jpeg","width":560,"height":373,"caption":"Los jugadores del Real Madrid Eduardo Camavinga (i), Kilyan Mbapp\u00e9 (2d) y Jude Bellingham (d) durante el entrenamiento previo al primer partido oficial de la temporada para el equipo blanco, contra el Espanyol, correspondiente a la segunda jornada de LaLiga. EFE\/Chema Moya"},{"@type":"BreadcrumbList","@id":"https:\/\/www.americanonewspaper.com\/es\/real-madrid\/el-real-madrid-vs-espanyol\/#breadcrumb","itemListElement":[{"@type":"ListItem","position":1,"name":"Home","item":"https:\/\/www.americanonewspaper.com\/es\/"},{"@type":"ListItem","position":2,"name":"El Real Madrid Vs. Espanyol"}]},{"@type":"WebSite","@id":"https:\/\/www.americanonewspaper.com\/es\/#website","url":"https:\/\/www.americanonewspaper.com\/es\/","name":"Americano Newspaper","description":"The Hispanic Newspaper of New Jersey.","publisher":{"@id":"https:\/\/www.americanonewspaper.com\/es\/#organization"},"potentialAction":[{"@type":"SearchAction","target":{"@type":"EntryPoint","urlTemplate":"https:\/\/www.americanonewspaper.com\/es\/?s={search_term_string}"},"query-input":{"@type":"PropertyValueSpecification","valueRequired":true,"valueName":"search_term_string"}}],"inLanguage":"en-US"},{"@type":"Organization","@id":"https:\/\/www.americanonewspaper.com\/es\/#organization","name":"Americano Newspaper","url":"https:\/\/www.americanonewspaper.com\/es\/","logo":{"@type":"ImageObject","inLanguage":"en-US","@id":"https:\/\/www.americanonewspaper.com\/es\/#\/schema\/logo\/image\/","url":"https:\/\/www.americanonewspaper.com\/es\/wp-content\/uploads\/2024\/05\/AmericanoLogoCircle.comCircle2.jpg","contentUrl":"https:\/\/www.americanonewspaper.com\/es\/wp-content\/uploads\/2024\/05\/AmericanoLogoCircle.comCircle2.jpg","width":600,"height":600,"caption":"Americano Newspaper"},"image":{"@id":"https:\/\/www.americanonewspaper.com\/es\/#\/schema\/logo\/image\/"},"sameAs":["https:\/\/www.facebook.com\/AmericanoNewspaper\/"]},{"@type":"Person","@id":"https:\/\/www.americanonewspaper.com\/es\/#\/schema\/person\/8967f6b8af7e37bcbbe61f68580ff088","name":"Author","image":{"@type":"ImageObject","inLanguage":"en-US","@id":"https:\/\/www.americanonewspaper.com\/es\/wp-content\/litespeed\/avatar\/89ffaf6af3cf6769ffb3c6efb2313947.jpg?ver=1788535513","url":"https:\/\/www.americanonewspaper.com\/es\/wp-content\/litespeed\/avatar\/89ffaf6af3cf6769ffb3c6efb2313947.jpg?ver=1788535513","contentUrl":"https:\/\/www.americanonewspaper.com\/es\/wp-content\/litespeed\/avatar\/89ffaf6af3cf6769ffb3c6efb2313947.jpg?ver=1788535513","caption":"Author"},"url":"https:\/\/www.americanonewspaper.com\/es\/author\/americano\/"}]}},"jetpack_publicize_connections":[],"featured_image_urls":{"full":["https:\/\/www.americanonewspaper.com\/es\/wp-content\/uploads\/2026\/08\/Real-madrid.jpeg",560,373,false],"thumbnail":["https:\/\/www.americanonewspaper.com\/es\/wp-content\/uploads\/2026\/08\/Real-madrid-250x250.jpeg",250,250,true],"medium":["https:\/\/www.americanonewspaper.com\/es\/wp-content\/uploads\/2026\/08\/Real-madrid-300x200.jpeg",300,200,true],"medium_large":["https:\/\/www.americanonewspaper.com\/es\/wp-content\/uploads\/2026\/08\/Real-madrid.jpeg",560,373,false],"large":["https:\/\/www.americanonewspaper.com\/es\/wp-content\/uploads\/2026\/08\/Real-madrid.jpeg",560,373,false],"1536x1536":["https:\/\/www.americanonewspaper.com\/es\/wp-content\/uploads\/2026\/08\/Real-madrid.jpeg",560,373,false],"2048x2048":["https:\/\/www.americanonewspaper.com\/es\/wp-content\/uploads\/2026\/08\/Real-madrid.jpeg",560,373,false],"td_150x0":["https:\/\/www.americanonewspaper.com\/es\/wp-content\/uploads\/2026\/08\/Real-madrid-150x100.jpeg",150,100,true],"td_218x150":["https:\/\/www.americanonewspaper.com\/es\/wp-content\/uploads\/2026\/08\/Real-madrid-218x150.jpeg",218,150,true],"td_300x0":["https:\/\/www.americanonewspaper.com\/es\/wp-content\/uploads\/2026\/08\/Real-madrid-300x200.jpeg",300,200,true],"td_324x400":["https:\/\/www.americanonewspaper.com\/es\/wp-content\/uploads\/2026\/08\/Real-madrid-324x373.jpeg",324,373,true],"td_485x360":["https:\/\/www.americanonewspaper.com\/es\/wp-content\/uploads\/2026\/08\/Real-madrid-485x360.jpeg",485,360,true],"td_696x0":["https:\/\/www.americanonewspaper.com\/es\/wp-content\/uploads\/2026\/08\/Real-madrid.jpeg",560,373,false],"td_1068x0":["https:\/\/www.americanonewspaper.com\/es\/wp-content\/uploads\/2026\/08\/Real-madrid.jpeg",560,373,false],"td_1920x0":["https:\/\/www.americanonewspaper.com\/es\/wp-content\/uploads\/2026\/08\/Real-madrid.jpeg",560,373,false],"bdpp-medium":["https:\/\/www.americanonewspaper.com\/es\/wp-content\/uploads\/2026\/08\/Real-madrid.jpeg",560,373,false]},"author_info":{"display_name":"Author","author_link":"https:\/\/www.americanonewspaper.com\/es\/author\/americano\/"},"category_info":"<a href=\"https:\/\/www.americanonewspaper.com\/es\/category\/fifa\/laliga-ea-sports\/\" rel=\"category tag\">LaLiga EA Sports<\/a> <a href=\"https:\/\/www.americanonewspaper.com\/es\/category\/rcd-espanyol\/\" rel=\"category tag\">RCD Espanyol<\/a> <a href=\"https:\/\/www.americanonewspaper.com\/es\/category\/real-madrid\/\" rel=\"category tag\">Real Madrid<\/a>","tag_info":"Real Madrid","comment_count":"0","jetpack_sharing_enabled":true,"jetpack_likes_enabled":true,"jetpack_featured_media_url":"https:\/\/www.americanonewspaper.com\/es\/wp-content\/uploads\/2026\/08\/Real-madrid.jpeg","_links":{"self":[{"href":"https:\/\/www.americanonewspaper.com\/es\/wp-json\/wp\/v2\/posts\/33594","targetHints":{"allow":["GET"]}}],"collection":[{"href":"https:\/\/www.americanonewspaper.com\/es\/wp-json\/wp\/v2\/posts"}],"about":[{"href":"https:\/\/www.americanonewspaper.com\/es\/wp-json\/wp\/v2\/types\/post"}],"author":[{"embeddable":true,"href":"https:\/\/www.americanonewspaper.com\/es\/wp-json\/wp\/v2\/users\/7"}],"replies":[{"embeddable":true,"href":"https:\/\/www.americanonewspaper.com\/es\/wp-json\/wp\/v2\/comments?post=33594"}],"version-history":[{"count":1,"href":"https:\/\/www.americanonewspaper.com\/es\/wp-json\/wp\/v2\/posts\/33594\/revisions"}],"predecessor-version":[{"id":33598,"href":"https:\/\/www.americanonewspaper.com\/es\/wp-json\/wp\/v2\/posts\/33594\/revisions\/33598"}],"wp:featuredmedia":[{"embeddable":true,"href":"https:\/\/www.americanonewspaper.com\/es\/wp-json\/wp\/v2\/media\/33595"}],"wp:attachment":[{"href":"https:\/\/www.americanonewspaper.com\/es\/wp-json\/wp\/v2\/media?parent=33594"}],"wp:term":[{"taxonomy":"category","embeddable":true,"href":"https:\/\/www.americanonewspaper.com\/es\/wp-json\/wp\/v2\/categories?post=33594"},{"taxonomy":"post_tag","embeddable":true,"href":"https:\/\/www.americanonewspaper.com\/es\/wp-json\/wp\/v2\/tags?post=33594"}],"curies":[{"name":"wp","href":"https:\/\/api.w.org\/{rel}","templated":true}]}}