{"id":33580,"date":"2026-08-20T11:33:38","date_gmt":"2026-08-20T15:33:38","guid":{"rendered":"https:\/\/www.americanonewspaper.com\/es\/?p=33580"},"modified":"2026-08-20T11:33:43","modified_gmt":"2026-08-20T15:33:43","slug":"cancelo-con-el-barcelona-hasta-el-2029","status":"publish","type":"post","link":"https:\/\/www.americanonewspaper.com\/es\/fifa\/cancelo-con-el-barcelona-hasta-el-2029\/","title":{"rendered":"Cancelo con el Barcelona hasta el 2029"},"content":{"rendered":"\n<p class=\"wp-block-paragraph\">Cancelo volvi\u00f3 al Bar\u00e7a<\/p>\n\n\n\n<p class=\"wp-block-paragraph\">Barcelona, 20 ago (EFE).- <\/p>\n\n\n\n<p class=\"dropcapp3 wp-block-paragraph\">El lateral portugu\u00e9s Joao Cancelo, asegur\u00f3 este jueves, en su presentaci\u00f3n como nuevo futbolista del Barcelona hasta 2029, que se hubiera quedado &#8220;un a\u00f1o sin jugar&#8221; en el Al-Hilal, porque su \u00fanico objetivo era &#8220;volver al Bar\u00e7a&#8221;.<\/p>\n\n\n\n<figure class=\"wp-block-image size-full\"><a href=\"https:\/\/ggllawyers.com\/es\/new-jersey-personal-injury-and-workers-compensation-lawyer\/\" target=\"_blank\" rel=\" noreferrer noopener\"><img fetchpriority=\"high\" decoding=\"async\" width=\"560\" height=\"269\" src=\"https:\/\/www.americanonewspaper.com\/es\/wp-content\/uploads\/2026\/08\/GGlSpanish.jpg\" alt=\"ABOGADOS DE ACCIDENTES\" class=\"wp-image-33359\" srcset=\"https:\/\/www.americanonewspaper.com\/es\/wp-content\/uploads\/2026\/08\/GGlSpanish.jpg 560w, https:\/\/www.americanonewspaper.com\/es\/wp-content\/uploads\/2026\/08\/GGlSpanish-300x144.jpg 300w, https:\/\/www.americanonewspaper.com\/es\/wp-content\/uploads\/2026\/08\/GGlSpanish-150x72.jpg 150w\" sizes=\"(max-width: 560px) 100vw, 560px\" \/><\/a><figcaption class=\"wp-element-caption\">ABOGADOS DE ACCIDENTES<\/figcaption><\/figure>\n\n\n\n<p class=\"wp-block-paragraph\">Cancelo, que jug\u00f3 el curso pasado en el conjunto azulgrana cedido por el club saud\u00ed, regresa con la carta de libertad despu\u00e9s de &#8220;unas semanas dif\u00edciles&#8221;, para seguir cumpliendo un &#8220;sue\u00f1o&#8221; que ten\u00eda de ni\u00f1o: &#8220;El amor por el Bar\u00e7a siempre ha sido el mismo y estoy muy feliz de estar aqu\u00ed&#8221;.<\/p>\n\n\n\n<figure class=\"wp-block-image size-large\" style=\"max-width:560px\"><img decoding=\"async\" width=\"750\" height=\"500\" src=\"https:\/\/www.americanonewspaper.com\/es\/wp-content\/uploads\/2026\/08\/Cancelo-750x500.jpeg\" alt=\"\" class=\"wp-image-33581\" srcset=\"https:\/\/www.americanonewspaper.com\/es\/wp-content\/uploads\/2026\/08\/Cancelo-750x500.jpeg 750w, https:\/\/www.americanonewspaper.com\/es\/wp-content\/uploads\/2026\/08\/Cancelo-300x200.jpeg 300w, https:\/\/www.americanonewspaper.com\/es\/wp-content\/uploads\/2026\/08\/Cancelo-768x512.jpeg 768w, https:\/\/www.americanonewspaper.com\/es\/wp-content\/uploads\/2026\/08\/Cancelo-150x100.jpeg 150w, https:\/\/www.americanonewspaper.com\/es\/wp-content\/uploads\/2026\/08\/Cancelo-696x464.jpeg 696w, https:\/\/www.americanonewspaper.com\/es\/wp-content\/uploads\/2026\/08\/Cancelo.jpeg 900w\" sizes=\"(max-width: 750px) 100vw, 750px\" \/><figcaption class=\"wp-element-caption\">Jo\u00e3o Cancelo (L) of Al Hilal vies for the ball with Alonso Aceves of Pachuca during a Club World Cup match between Al Hilal and Pachuca at Geodis Park Stadium in Nashville, United States, 26 June 2025. EFE\/ Juan Ignacio Roncoroni<\/figcaption><\/figure>\n\n\n\n<p class=\"wp-block-paragraph\">Sus destacadas actuaciones durante la pasada campa\u00f1a convencieron a Hansi Flick, quien quer\u00eda contar de nuevo con el portugu\u00e9s, que ya hab\u00eda jugado en el Barcelona cedido por el Manchester City la temporada 2023-2024 a las \u00f3rdenes de Xavi Hern\u00e1ndez, aunque con un rendimiento desigual.<\/p>\n\n\n\n<figure class=\"wp-block-image size-full\"><a href=\"https:\/\/www.linkedin.com\/in\/jaimeberrios\/\" target=\"_blank\" rel=\" noreferrer noopener\"><img decoding=\"async\" width=\"560\" height=\"257\" src=\"https:\/\/www.americanonewspaper.com\/es\/wp-content\/uploads\/2026\/08\/Jaime-copy-2.jpg\" alt=\"\" class=\"wp-image-33360\" srcset=\"https:\/\/www.americanonewspaper.com\/es\/wp-content\/uploads\/2026\/08\/Jaime-copy-2.jpg 560w, https:\/\/www.americanonewspaper.com\/es\/wp-content\/uploads\/2026\/08\/Jaime-copy-2-300x138.jpg 300w, https:\/\/www.americanonewspaper.com\/es\/wp-content\/uploads\/2026\/08\/Jaime-copy-2-150x69.jpg 150w\" sizes=\"(max-width: 560px) 100vw, 560px\" \/><\/a><\/figure>\n\n\n\n<p class=\"wp-block-paragraph\">&#8220;Mi primera etapa fue agridulce, no estuve del todo bien y no pude ayudar al club a ganar ning\u00fan t\u00edtulo. La temporada pasada, sin embargo, s\u00ed que fue mejor. Hab\u00eda ganado t\u00edtulos en mi carrera, pero los que gan\u00e9 con el Bar\u00e7a (Liga y Supercopa de Espa\u00f1a) fueron diferentes. Voy a darlo todo por este club para seguir ganando&#8221;, asegur\u00f3.<\/p>\n\n\n\n<figure class=\"wp-block-image size-full\"><img loading=\"lazy\" decoding=\"async\" width=\"560\" height=\"374\" src=\"https:\/\/www.americanonewspaper.com\/es\/wp-content\/uploads\/2026\/08\/Cancelo2.jpeg\" alt=\"\" class=\"wp-image-33583\" srcset=\"https:\/\/www.americanonewspaper.com\/es\/wp-content\/uploads\/2026\/08\/Cancelo2.jpeg 560w, https:\/\/www.americanonewspaper.com\/es\/wp-content\/uploads\/2026\/08\/Cancelo2-300x200.jpeg 300w, https:\/\/www.americanonewspaper.com\/es\/wp-content\/uploads\/2026\/08\/Cancelo2-150x100.jpeg 150w\" sizes=\"(max-width: 560px) 100vw, 560px\" \/><figcaption class=\"wp-element-caption\">El defensa portugu\u00e9s Joao Cancelo, este jueves, durante su presentaci\u00f3n como futbolista del FC Barcelona. EFE\/ Quique Garcia<\/figcaption><\/figure>\n\n\n\n<p class=\"wp-block-paragraph\">En el Spotify Camp Nou coincidir\u00e1 de nuevo con el centrocampista Rodrigo Hern\u00e1ndez &#8216;Rodri&#8217; al que conoce muy bien de su etapa en Manchester: &#8220;No hay mucho que hablar de Rodri. Es un jugadorazo y hace poco gan\u00f3 el Bal\u00f3n de Oro. Podr\u00eda adaptarse a cualquier equipo y decidi\u00f3 venir aqu\u00ed. Como yo, se identifica con la forma de jugar del Bar\u00e7a&#8221;.<\/p>\n\n\n\n<figure class=\"wp-block-image size-full\"><a href=\"https:\/\/www.americanonewspaper.com\/es\/community\/aviso-de-reunion-publica-de-ewing-township\/\" target=\"_blank\" rel=\" noreferrer noopener\"><img loading=\"lazy\" decoding=\"async\" width=\"560\" height=\"270\" src=\"https:\/\/www.americanonewspaper.com\/es\/wp-content\/uploads\/2026\/08\/EwingTownship-copy.jpg\" alt=\"Aviso de reuni\u00f3n p\u00fablica sobre la Subvenci\u00f3n en Bloque para el Desarrollo Comunitario (CDBG) del Departamento de Vivienda y Desarrollo Urbano de los EE. UU. (HUD)\" class=\"wp-image-33417\" srcset=\"https:\/\/www.americanonewspaper.com\/es\/wp-content\/uploads\/2026\/08\/EwingTownship-copy.jpg 560w, https:\/\/www.americanonewspaper.com\/es\/wp-content\/uploads\/2026\/08\/EwingTownship-copy-300x145.jpg 300w, https:\/\/www.americanonewspaper.com\/es\/wp-content\/uploads\/2026\/08\/EwingTownship-copy-150x72.jpg 150w\" sizes=\"(max-width: 560px) 100vw, 560px\" \/><\/a><figcaption class=\"wp-element-caption\">Aviso de reuni\u00f3n p\u00fablica sobre la Subvenci\u00f3n en Bloque para el Desarrollo Comunitario (CDBG) del Departamento de Vivienda y Desarrollo Urbano de los EE. UU. (HUD)<\/figcaption><\/figure>\n\n\n\n<p class=\"wp-block-paragraph\">A sus 32 a\u00f1os, viene a pelear de nuevo con Alejandro Balde por el puesto de lateral izquierdo, pero Cancelo opina que &#8220;la competencia es buena y sana&#8221; y record\u00f3 que \u00e9l ya demostr\u00f3 el a\u00f1o pasado lo que puede aportar: &#8220;Velocidad, t\u00e9cnica, salida de bal\u00f3n&#8230; Quiero ayudar al equipo con lo que sea&#8221;.<\/p>\n\n\n\n<figure class=\"wp-block-image size-full\"><a href=\"https:\/\/www.linkedin.com\/in\/oscaralbertoquintana\/\" target=\"_blank\" rel=\" noreferrer noopener\"><img loading=\"lazy\" decoding=\"async\" width=\"560\" height=\"274\" src=\"https:\/\/www.americanonewspaper.com\/es\/wp-content\/uploads\/2026\/08\/LacerdaOQSpanish-copy.jpg\" alt=\"\" class=\"wp-image-33404\" srcset=\"https:\/\/www.americanonewspaper.com\/es\/wp-content\/uploads\/2026\/08\/LacerdaOQSpanish-copy.jpg 560w, https:\/\/www.americanonewspaper.com\/es\/wp-content\/uploads\/2026\/08\/LacerdaOQSpanish-copy-300x147.jpg 300w, https:\/\/www.americanonewspaper.com\/es\/wp-content\/uploads\/2026\/08\/LacerdaOQSpanish-copy-150x73.jpg 150w\" sizes=\"(max-width: 560px) 100vw, 560px\" \/><\/a><\/figure>\n\n\n\n<p class=\"wp-block-paragraph\">Su &#8220;\u00fanico referente&#8221; en su posici\u00f3n es el exazulgrana Dani Alves. Y dijo que quiere hacer &#8220;lo que le ve\u00eda hacer a \u00e9l&#8221; vistiendo la camiseta azulgrana.<\/p>\n\n\n\n<figure class=\"wp-block-image size-large\"><img loading=\"lazy\" decoding=\"async\" width=\"333\" height=\"500\" src=\"https:\/\/www.americanonewspaper.com\/es\/wp-content\/uploads\/2026\/08\/cancelo3-333x500.jpeg\" alt=\"\" class=\"wp-image-33584\" srcset=\"https:\/\/www.americanonewspaper.com\/es\/wp-content\/uploads\/2026\/08\/cancelo3-333x500.jpeg 333w, https:\/\/www.americanonewspaper.com\/es\/wp-content\/uploads\/2026\/08\/cancelo3-200x300.jpeg 200w, https:\/\/www.americanonewspaper.com\/es\/wp-content\/uploads\/2026\/08\/cancelo3-150x225.jpeg 150w, https:\/\/www.americanonewspaper.com\/es\/wp-content\/uploads\/2026\/08\/cancelo3-300x450.jpeg 300w, https:\/\/www.americanonewspaper.com\/es\/wp-content\/uploads\/2026\/08\/cancelo3.jpeg 560w\" sizes=\"(max-width: 333px) 100vw, 333px\" \/><figcaption class=\"wp-element-caption\">El defensa portugu\u00e9s Joao Cancelo, este jueves, durante su presentaci\u00f3n como futbolista del FC Barcelona. EFE\/ Quique Garcia<\/figcaption><\/figure>\n\n\n\n<p class=\"wp-block-paragraph\">&#8220;El Bar\u00e7a de 2009, a nivel colectivo, es el mejor equipo que he visto a jugar. En mi cabeza siempre he tenido el sue\u00f1o de jugar aqu\u00ed porque me identifiqu\u00e9 con la forma de entender el f\u00fatbol del club&#8221;, subray\u00f3.<\/p>\n\n\n\n<figure class=\"wp-block-image size-full\"><a href=\"https:\/\/www.njng.com\/my-account\/payment-options\/payment-assistance.aspx\" target=\"_blank\" rel=\" noreferrer noopener\"><img loading=\"lazy\" decoding=\"async\" width=\"560\" height=\"270\" src=\"https:\/\/www.americanonewspaper.com\/es\/wp-content\/uploads\/2026\/08\/NJNaturalGasSpanish-copy.jpg\" alt=\"AYUDA PARA PAGAR ENERG\u00cdA\" class=\"wp-image-33577\" srcset=\"https:\/\/www.americanonewspaper.com\/es\/wp-content\/uploads\/2026\/08\/NJNaturalGasSpanish-copy.jpg 560w, https:\/\/www.americanonewspaper.com\/es\/wp-content\/uploads\/2026\/08\/NJNaturalGasSpanish-copy-300x145.jpg 300w, https:\/\/www.americanonewspaper.com\/es\/wp-content\/uploads\/2026\/08\/NJNaturalGasSpanish-copy-150x72.jpg 150w\" sizes=\"(max-width: 560px) 100vw, 560px\" \/><\/a><figcaption class=\"wp-element-caption\">AYUDA PARA PAGAR ENERG\u00cdA<\/figcaption><\/figure>\n\n\n\n<p class=\"wp-block-paragraph\">El objetivo, en su tercera etapa de azulgrana es, por supuesto, ganar el mayor n\u00famero de t\u00edtulos posibles: &#8220;Un club como el Bar\u00e7a tiene que estar preparado para ganarlo todo. Vamos a por la &#8216;Champions&#8217;, obviamente. Estamos en un buen camino, tenemos a jugadores de mucha calidad&#8221;, sentenci\u00f3. EFE<\/p>\n\n\n\n<figure class=\"wp-block-image size-full\"><a href=\"https:\/\/www.eventbrite.com\/e\/health-wellness-fair-2026-tickets-1991124368586?aff=oddtdtcreator\" target=\"_blank\" rel=\" noreferrer noopener\"><img loading=\"lazy\" decoding=\"async\" width=\"560\" height=\"300\" src=\"https:\/\/www.americanonewspaper.com\/es\/wp-content\/uploads\/2026\/08\/Health-and-Wellness-560-x-270.jpeg\" alt=\"\" class=\"wp-image-33426\" srcset=\"https:\/\/www.americanonewspaper.com\/es\/wp-content\/uploads\/2026\/08\/Health-and-Wellness-560-x-270.jpeg 560w, https:\/\/www.americanonewspaper.com\/es\/wp-content\/uploads\/2026\/08\/Health-and-Wellness-560-x-270-300x161.jpeg 300w, https:\/\/www.americanonewspaper.com\/es\/wp-content\/uploads\/2026\/08\/Health-and-Wellness-560-x-270-150x80.jpeg 150w\" sizes=\"(max-width: 560px) 100vw, 560px\" \/><\/a><\/figure>\n","protected":false},"excerpt":{"rendered":"<p>Cancelo volvi\u00f3 al Bar\u00e7a Barcelona, 20 ago (EFE).- El lateral portugu\u00e9s Joao Cancelo, asegur\u00f3 este jueves, en su presentaci\u00f3n como nuevo futbolista del Barcelona hasta 2029, que se hubiera quedado &#8220;un a\u00f1o sin jugar&#8221; en el Al-Hilal, porque su \u00fanico objetivo era &#8220;volver al Bar\u00e7a&#8221;. Cancelo, que jug\u00f3 el curso pasado en el conjunto azulgrana [&hellip;]<\/p>\n","protected":false},"author":7,"featured_media":33582,"comment_status":"open","ping_status":"open","sticky":false,"template":"","format":"standard","meta":{"_acf_changed":false,"tdm_status":"","tdm_grid_status":"","_jetpack_newsletter_access":"","_jetpack_dont_email_post_to_subs":false,"_jetpack_newsletter_tier_id":0,"_jetpack_memberships_contains_paywalled_content":false,"_jetpack_feature_clip_id":0,"_jetpack_memberships_contains_paid_content":false,"footnotes":"","jetpack_publicize_message":"{title}\n\n{excerpt}\n\n{url}","jetpack_publicize_feature_enabled":true,"jetpack_social_post_already_shared":false,"jetpack_social_options":{"image_generator_settings":{"template":"highway","default_image_id":0,"font":"","enabled":false,"token":"eyJpbWciOiJodHRwczpcL1wvd3d3LmFtZXJpY2Fub25ld3NwYXBlci5jb21cL2VzXC93cC1jb250ZW50XC91cGxvYWRzXC8yMDI2XC8wOFwvQ2FuY2VsbzEuanBlZyIsInR4dCI6IkNhbmNlbG8gY29uIGVsIEJhcmNlbG9uYSBoYXN0YSBlbCAyMDI5IiwidGVtcGxhdGUiOiJoaWdod2F5IiwiZm9udCI6IiIsImJsb2dfaWQiOjIyODYxOTU3NH0.M3j8BIvSV4ihhLjEvf7YN0bV3mEQsI8jjWVqQzKyvp4MQ"},"version":2,"media_source":"featured-image","attached_media":[{"id":33582,"url":"https:\/\/www.americanonewspaper.com\/es\/wp-content\/uploads\/2026\/08\/Cancelo1.jpeg","type":"image\/jpeg"}]},"_wpas_customize_per_network":false,"jetpack_post_was_ever_published":false,"_members_access_role":[],"_members_access_error":""},"categories":[910,175,938],"tags":[],"class_list":["post-33580","post","type-post","status-publish","format-standard","has-post-thumbnail","category-barcelona","category-fifa","category-laliga-ea-sports"],"acf":[],"yoast_head":"<!-- This site is optimized with the Yoast SEO Premium plugin v28.4 (Yoast SEO v28.4) - https:\/\/yoast.com\/product\/yoast-seo-premium-wordpress\/ -->\n<title>Cancelo con el Barcelona hasta el 2029 - Americano Newspaper<\/title>\n<meta name=\"description\" content=\"El lateral portugu\u00e9s Joao Cancelo, asegur\u00f3 este jueves, en su presentaci\u00f3n como nuevo futbolista del Barcelona hasta 2029, que se hubiera quedado &quot;un a\u00f1o sin jugar&quot; en el Al-Hilal, porque su \u00fanico objetivo era &quot;volver al Bar\u00e7a&quot;.\" \/>\n<meta name=\"robots\" content=\"index, follow, max-snippet:-1, max-image-preview:large, max-video-preview:-1\" \/>\n<link rel=\"canonical\" href=\"https:\/\/www.americanonewspaper.com\/es\/fifa\/cancelo-con-el-barcelona-hasta-el-2029\/\" \/>\n<meta property=\"og:locale\" content=\"en_US\" \/>\n<meta property=\"og:type\" content=\"article\" \/>\n<meta property=\"og:title\" content=\"Cancelo con el Barcelona hasta el 2029\" \/>\n<meta property=\"og:description\" content=\"El lateral portugu\u00e9s Joao Cancelo, asegur\u00f3 este jueves, en su presentaci\u00f3n como nuevo futbolista del Barcelona hasta 2029, que se hubiera quedado &quot;un a\u00f1o sin jugar&quot; en el Al-Hilal, porque su \u00fanico objetivo era &quot;volver al Bar\u00e7a&quot;.\" \/>\n<meta property=\"og:url\" content=\"https:\/\/www.americanonewspaper.com\/es\/fifa\/cancelo-con-el-barcelona-hasta-el-2029\/\" \/>\n<meta property=\"og:site_name\" content=\"Americano Newspaper\" \/>\n<meta property=\"article:publisher\" content=\"https:\/\/www.facebook.com\/AmericanoNewspaper\/\" \/>\n<meta property=\"article:published_time\" content=\"2026-08-20T15:33:38+00:00\" \/>\n<meta property=\"article:modified_time\" content=\"2026-08-20T15:33:43+00:00\" \/>\n<meta property=\"og:image\" content=\"https:\/\/www.americanonewspaper.com\/es\/wp-content\/uploads\/2026\/08\/Cancelo1.jpeg\" \/>\n\t<meta property=\"og:image:width\" content=\"560\" \/>\n\t<meta property=\"og:image:height\" content=\"374\" \/>\n\t<meta property=\"og:image:type\" content=\"image\/jpeg\" \/>\n<meta name=\"author\" content=\"Author\" \/>\n<meta name=\"twitter:card\" content=\"summary_large_image\" \/>\n<meta name=\"twitter:label1\" content=\"Written by\" \/>\n\t<meta name=\"twitter:data1\" content=\"Author\" \/>\n\t<meta name=\"twitter:label2\" content=\"Est. reading time\" \/>\n\t<meta name=\"twitter:data2\" content=\"5 minutes\" \/>\n<script type=\"application\/ld+json\" class=\"yoast-schema-graph\">{\"@context\":\"https:\\\/\\\/schema.org\",\"@graph\":[{\"@type\":\"Article\",\"@id\":\"https:\\\/\\\/www.americanonewspaper.com\\\/es\\\/fifa\\\/cancelo-con-el-barcelona-hasta-el-2029\\\/#article\",\"isPartOf\":{\"@id\":\"https:\\\/\\\/www.americanonewspaper.com\\\/es\\\/fifa\\\/cancelo-con-el-barcelona-hasta-el-2029\\\/\"},\"author\":{\"name\":\"Author\",\"@id\":\"https:\\\/\\\/www.americanonewspaper.com\\\/es\\\/#\\\/schema\\\/person\\\/8967f6b8af7e37bcbbe61f68580ff088\"},\"headline\":\"Cancelo con el Barcelona hasta el 2029\",\"datePublished\":\"2026-08-20T15:33:38+00:00\",\"dateModified\":\"2026-08-20T15:33:43+00:00\",\"mainEntityOfPage\":{\"@id\":\"https:\\\/\\\/www.americanonewspaper.com\\\/es\\\/fifa\\\/cancelo-con-el-barcelona-hasta-el-2029\\\/\"},\"wordCount\":592,\"commentCount\":0,\"publisher\":{\"@id\":\"https:\\\/\\\/www.americanonewspaper.com\\\/es\\\/#organization\"},\"image\":{\"@id\":\"https:\\\/\\\/www.americanonewspaper.com\\\/es\\\/fifa\\\/cancelo-con-el-barcelona-hasta-el-2029\\\/#primaryimage\"},\"thumbnailUrl\":\"https:\\\/\\\/www.americanonewspaper.com\\\/es\\\/wp-content\\\/uploads\\\/2026\\\/08\\\/Cancelo1.jpeg\",\"articleSection\":[\"Barcelona\",\"FIFA\",\"LaLiga EA Sports\"],\"inLanguage\":\"en-US\",\"potentialAction\":[{\"@type\":\"CommentAction\",\"name\":\"Comment\",\"target\":[\"https:\\\/\\\/www.americanonewspaper.com\\\/es\\\/fifa\\\/cancelo-con-el-barcelona-hasta-el-2029\\\/#respond\"]}]},{\"@type\":\"WebPage\",\"@id\":\"https:\\\/\\\/www.americanonewspaper.com\\\/es\\\/fifa\\\/cancelo-con-el-barcelona-hasta-el-2029\\\/\",\"url\":\"https:\\\/\\\/www.americanonewspaper.com\\\/es\\\/fifa\\\/cancelo-con-el-barcelona-hasta-el-2029\\\/\",\"name\":\"Cancelo con el Barcelona hasta el 2029 - Americano Newspaper\",\"isPartOf\":{\"@id\":\"https:\\\/\\\/www.americanonewspaper.com\\\/es\\\/#website\"},\"primaryImageOfPage\":{\"@id\":\"https:\\\/\\\/www.americanonewspaper.com\\\/es\\\/fifa\\\/cancelo-con-el-barcelona-hasta-el-2029\\\/#primaryimage\"},\"image\":{\"@id\":\"https:\\\/\\\/www.americanonewspaper.com\\\/es\\\/fifa\\\/cancelo-con-el-barcelona-hasta-el-2029\\\/#primaryimage\"},\"thumbnailUrl\":\"https:\\\/\\\/www.americanonewspaper.com\\\/es\\\/wp-content\\\/uploads\\\/2026\\\/08\\\/Cancelo1.jpeg\",\"datePublished\":\"2026-08-20T15:33:38+00:00\",\"dateModified\":\"2026-08-20T15:33:43+00:00\",\"description\":\"El lateral portugu\u00e9s Joao Cancelo, asegur\u00f3 este jueves, en su presentaci\u00f3n como nuevo futbolista del Barcelona hasta 2029, que se hubiera quedado \\\"un a\u00f1o sin jugar\\\" en el Al-Hilal, porque su \u00fanico objetivo era \\\"volver al Bar\u00e7a\\\".\",\"breadcrumb\":{\"@id\":\"https:\\\/\\\/www.americanonewspaper.com\\\/es\\\/fifa\\\/cancelo-con-el-barcelona-hasta-el-2029\\\/#breadcrumb\"},\"inLanguage\":\"en-US\",\"potentialAction\":[{\"@type\":\"ReadAction\",\"target\":[\"https:\\\/\\\/www.americanonewspaper.com\\\/es\\\/fifa\\\/cancelo-con-el-barcelona-hasta-el-2029\\\/\"]}]},{\"@type\":\"ImageObject\",\"inLanguage\":\"en-US\",\"@id\":\"https:\\\/\\\/www.americanonewspaper.com\\\/es\\\/fifa\\\/cancelo-con-el-barcelona-hasta-el-2029\\\/#primaryimage\",\"url\":\"https:\\\/\\\/www.americanonewspaper.com\\\/es\\\/wp-content\\\/uploads\\\/2026\\\/08\\\/Cancelo1.jpeg\",\"contentUrl\":\"https:\\\/\\\/www.americanonewspaper.com\\\/es\\\/wp-content\\\/uploads\\\/2026\\\/08\\\/Cancelo1.jpeg\",\"width\":560,\"height\":374,\"caption\":\"El defensa portugu\u00e9s Joao Cancelo, este jueves, durante su presentaci\u00f3n como futbolista del FC Barcelona. EFE\\\/ Quique Garcia\"},{\"@type\":\"BreadcrumbList\",\"@id\":\"https:\\\/\\\/www.americanonewspaper.com\\\/es\\\/fifa\\\/cancelo-con-el-barcelona-hasta-el-2029\\\/#breadcrumb\",\"itemListElement\":[{\"@type\":\"ListItem\",\"position\":1,\"name\":\"Home\",\"item\":\"https:\\\/\\\/www.americanonewspaper.com\\\/es\\\/\"},{\"@type\":\"ListItem\",\"position\":2,\"name\":\"Cancelo con el Barcelona hasta el 2029\"}]},{\"@type\":\"WebSite\",\"@id\":\"https:\\\/\\\/www.americanonewspaper.com\\\/es\\\/#website\",\"url\":\"https:\\\/\\\/www.americanonewspaper.com\\\/es\\\/\",\"name\":\"Americano Newspaper\",\"description\":\"The Hispanic Newspaper of New Jersey.\",\"publisher\":{\"@id\":\"https:\\\/\\\/www.americanonewspaper.com\\\/es\\\/#organization\"},\"potentialAction\":[{\"@type\":\"SearchAction\",\"target\":{\"@type\":\"EntryPoint\",\"urlTemplate\":\"https:\\\/\\\/www.americanonewspaper.com\\\/es\\\/?s={search_term_string}\"},\"query-input\":{\"@type\":\"PropertyValueSpecification\",\"valueRequired\":true,\"valueName\":\"search_term_string\"}}],\"inLanguage\":\"en-US\"},{\"@type\":\"Organization\",\"@id\":\"https:\\\/\\\/www.americanonewspaper.com\\\/es\\\/#organization\",\"name\":\"Americano Newspaper\",\"url\":\"https:\\\/\\\/www.americanonewspaper.com\\\/es\\\/\",\"logo\":{\"@type\":\"ImageObject\",\"inLanguage\":\"en-US\",\"@id\":\"https:\\\/\\\/www.americanonewspaper.com\\\/es\\\/#\\\/schema\\\/logo\\\/image\\\/\",\"url\":\"https:\\\/\\\/www.americanonewspaper.com\\\/es\\\/wp-content\\\/uploads\\\/2024\\\/05\\\/AmericanoLogoCircle.comCircle2.jpg\",\"contentUrl\":\"https:\\\/\\\/www.americanonewspaper.com\\\/es\\\/wp-content\\\/uploads\\\/2024\\\/05\\\/AmericanoLogoCircle.comCircle2.jpg\",\"width\":600,\"height\":600,\"caption\":\"Americano Newspaper\"},\"image\":{\"@id\":\"https:\\\/\\\/www.americanonewspaper.com\\\/es\\\/#\\\/schema\\\/logo\\\/image\\\/\"},\"sameAs\":[\"https:\\\/\\\/www.facebook.com\\\/AmericanoNewspaper\\\/\"]},{\"@type\":\"Person\",\"@id\":\"https:\\\/\\\/www.americanonewspaper.com\\\/es\\\/#\\\/schema\\\/person\\\/8967f6b8af7e37bcbbe61f68580ff088\",\"name\":\"Author\",\"image\":{\"@type\":\"ImageObject\",\"inLanguage\":\"en-US\",\"@id\":\"https:\\\/\\\/www.americanonewspaper.com\\\/es\\\/wp-content\\\/litespeed\\\/avatar\\\/89ffaf6af3cf6769ffb3c6efb2313947.jpg?ver=1788535513\",\"url\":\"https:\\\/\\\/www.americanonewspaper.com\\\/es\\\/wp-content\\\/litespeed\\\/avatar\\\/89ffaf6af3cf6769ffb3c6efb2313947.jpg?ver=1788535513\",\"contentUrl\":\"https:\\\/\\\/www.americanonewspaper.com\\\/es\\\/wp-content\\\/litespeed\\\/avatar\\\/89ffaf6af3cf6769ffb3c6efb2313947.jpg?ver=1788535513\",\"caption\":\"Author\"},\"url\":\"https:\\\/\\\/www.americanonewspaper.com\\\/es\\\/author\\\/americano\\\/\"}]}<\/script>\n<!-- \/ Yoast SEO Premium plugin. -->","yoast_head_json":{"title":"Cancelo con el Barcelona hasta el 2029 - Americano Newspaper","description":"El lateral portugu\u00e9s Joao Cancelo, asegur\u00f3 este jueves, en su presentaci\u00f3n como nuevo futbolista del Barcelona hasta 2029, que se hubiera quedado \"un a\u00f1o sin jugar\" en el Al-Hilal, porque su \u00fanico objetivo era \"volver al Bar\u00e7a\".","robots":{"index":"index","follow":"follow","max-snippet":"max-snippet:-1","max-image-preview":"max-image-preview:large","max-video-preview":"max-video-preview:-1"},"canonical":"https:\/\/www.americanonewspaper.com\/es\/fifa\/cancelo-con-el-barcelona-hasta-el-2029\/","og_locale":"en_US","og_type":"article","og_title":"Cancelo con el Barcelona hasta el 2029","og_description":"El lateral portugu\u00e9s Joao Cancelo, asegur\u00f3 este jueves, en su presentaci\u00f3n como nuevo futbolista del Barcelona hasta 2029, que se hubiera quedado \"un a\u00f1o sin jugar\" en el Al-Hilal, porque su \u00fanico objetivo era \"volver al Bar\u00e7a\".","og_url":"https:\/\/www.americanonewspaper.com\/es\/fifa\/cancelo-con-el-barcelona-hasta-el-2029\/","og_site_name":"Americano Newspaper","article_publisher":"https:\/\/www.facebook.com\/AmericanoNewspaper\/","article_published_time":"2026-08-20T15:33:38+00:00","article_modified_time":"2026-08-20T15:33:43+00:00","og_image":[{"width":560,"height":374,"url":"https:\/\/www.americanonewspaper.com\/es\/wp-content\/uploads\/2026\/08\/Cancelo1.jpeg","type":"image\/jpeg"}],"author":"Author","twitter_card":"summary_large_image","twitter_misc":{"Written by":"Author","Est. reading time":"5 minutes"},"schema":{"@context":"https:\/\/schema.org","@graph":[{"@type":"Article","@id":"https:\/\/www.americanonewspaper.com\/es\/fifa\/cancelo-con-el-barcelona-hasta-el-2029\/#article","isPartOf":{"@id":"https:\/\/www.americanonewspaper.com\/es\/fifa\/cancelo-con-el-barcelona-hasta-el-2029\/"},"author":{"name":"Author","@id":"https:\/\/www.americanonewspaper.com\/es\/#\/schema\/person\/8967f6b8af7e37bcbbe61f68580ff088"},"headline":"Cancelo con el Barcelona hasta el 2029","datePublished":"2026-08-20T15:33:38+00:00","dateModified":"2026-08-20T15:33:43+00:00","mainEntityOfPage":{"@id":"https:\/\/www.americanonewspaper.com\/es\/fifa\/cancelo-con-el-barcelona-hasta-el-2029\/"},"wordCount":592,"commentCount":0,"publisher":{"@id":"https:\/\/www.americanonewspaper.com\/es\/#organization"},"image":{"@id":"https:\/\/www.americanonewspaper.com\/es\/fifa\/cancelo-con-el-barcelona-hasta-el-2029\/#primaryimage"},"thumbnailUrl":"https:\/\/www.americanonewspaper.com\/es\/wp-content\/uploads\/2026\/08\/Cancelo1.jpeg","articleSection":["Barcelona","FIFA","LaLiga EA Sports"],"inLanguage":"en-US","potentialAction":[{"@type":"CommentAction","name":"Comment","target":["https:\/\/www.americanonewspaper.com\/es\/fifa\/cancelo-con-el-barcelona-hasta-el-2029\/#respond"]}]},{"@type":"WebPage","@id":"https:\/\/www.americanonewspaper.com\/es\/fifa\/cancelo-con-el-barcelona-hasta-el-2029\/","url":"https:\/\/www.americanonewspaper.com\/es\/fifa\/cancelo-con-el-barcelona-hasta-el-2029\/","name":"Cancelo con el Barcelona hasta el 2029 - Americano Newspaper","isPartOf":{"@id":"https:\/\/www.americanonewspaper.com\/es\/#website"},"primaryImageOfPage":{"@id":"https:\/\/www.americanonewspaper.com\/es\/fifa\/cancelo-con-el-barcelona-hasta-el-2029\/#primaryimage"},"image":{"@id":"https:\/\/www.americanonewspaper.com\/es\/fifa\/cancelo-con-el-barcelona-hasta-el-2029\/#primaryimage"},"thumbnailUrl":"https:\/\/www.americanonewspaper.com\/es\/wp-content\/uploads\/2026\/08\/Cancelo1.jpeg","datePublished":"2026-08-20T15:33:38+00:00","dateModified":"2026-08-20T15:33:43+00:00","description":"El lateral portugu\u00e9s Joao Cancelo, asegur\u00f3 este jueves, en su presentaci\u00f3n como nuevo futbolista del Barcelona hasta 2029, que se hubiera quedado \"un a\u00f1o sin jugar\" en el Al-Hilal, porque su \u00fanico objetivo era \"volver al Bar\u00e7a\".","breadcrumb":{"@id":"https:\/\/www.americanonewspaper.com\/es\/fifa\/cancelo-con-el-barcelona-hasta-el-2029\/#breadcrumb"},"inLanguage":"en-US","potentialAction":[{"@type":"ReadAction","target":["https:\/\/www.americanonewspaper.com\/es\/fifa\/cancelo-con-el-barcelona-hasta-el-2029\/"]}]},{"@type":"ImageObject","inLanguage":"en-US","@id":"https:\/\/www.americanonewspaper.com\/es\/fifa\/cancelo-con-el-barcelona-hasta-el-2029\/#primaryimage","url":"https:\/\/www.americanonewspaper.com\/es\/wp-content\/uploads\/2026\/08\/Cancelo1.jpeg","contentUrl":"https:\/\/www.americanonewspaper.com\/es\/wp-content\/uploads\/2026\/08\/Cancelo1.jpeg","width":560,"height":374,"caption":"El defensa portugu\u00e9s Joao Cancelo, este jueves, durante su presentaci\u00f3n como futbolista del FC Barcelona. EFE\/ Quique Garcia"},{"@type":"BreadcrumbList","@id":"https:\/\/www.americanonewspaper.com\/es\/fifa\/cancelo-con-el-barcelona-hasta-el-2029\/#breadcrumb","itemListElement":[{"@type":"ListItem","position":1,"name":"Home","item":"https:\/\/www.americanonewspaper.com\/es\/"},{"@type":"ListItem","position":2,"name":"Cancelo con el Barcelona hasta el 2029"}]},{"@type":"WebSite","@id":"https:\/\/www.americanonewspaper.com\/es\/#website","url":"https:\/\/www.americanonewspaper.com\/es\/","name":"Americano Newspaper","description":"The Hispanic Newspaper of New Jersey.","publisher":{"@id":"https:\/\/www.americanonewspaper.com\/es\/#organization"},"potentialAction":[{"@type":"SearchAction","target":{"@type":"EntryPoint","urlTemplate":"https:\/\/www.americanonewspaper.com\/es\/?s={search_term_string}"},"query-input":{"@type":"PropertyValueSpecification","valueRequired":true,"valueName":"search_term_string"}}],"inLanguage":"en-US"},{"@type":"Organization","@id":"https:\/\/www.americanonewspaper.com\/es\/#organization","name":"Americano Newspaper","url":"https:\/\/www.americanonewspaper.com\/es\/","logo":{"@type":"ImageObject","inLanguage":"en-US","@id":"https:\/\/www.americanonewspaper.com\/es\/#\/schema\/logo\/image\/","url":"https:\/\/www.americanonewspaper.com\/es\/wp-content\/uploads\/2024\/05\/AmericanoLogoCircle.comCircle2.jpg","contentUrl":"https:\/\/www.americanonewspaper.com\/es\/wp-content\/uploads\/2024\/05\/AmericanoLogoCircle.comCircle2.jpg","width":600,"height":600,"caption":"Americano Newspaper"},"image":{"@id":"https:\/\/www.americanonewspaper.com\/es\/#\/schema\/logo\/image\/"},"sameAs":["https:\/\/www.facebook.com\/AmericanoNewspaper\/"]},{"@type":"Person","@id":"https:\/\/www.americanonewspaper.com\/es\/#\/schema\/person\/8967f6b8af7e37bcbbe61f68580ff088","name":"Author","image":{"@type":"ImageObject","inLanguage":"en-US","@id":"https:\/\/www.americanonewspaper.com\/es\/wp-content\/litespeed\/avatar\/89ffaf6af3cf6769ffb3c6efb2313947.jpg?ver=1788535513","url":"https:\/\/www.americanonewspaper.com\/es\/wp-content\/litespeed\/avatar\/89ffaf6af3cf6769ffb3c6efb2313947.jpg?ver=1788535513","contentUrl":"https:\/\/www.americanonewspaper.com\/es\/wp-content\/litespeed\/avatar\/89ffaf6af3cf6769ffb3c6efb2313947.jpg?ver=1788535513","caption":"Author"},"url":"https:\/\/www.americanonewspaper.com\/es\/author\/americano\/"}]}},"jetpack_publicize_connections":[],"featured_image_urls":{"full":["https:\/\/www.americanonewspaper.com\/es\/wp-content\/uploads\/2026\/08\/Cancelo1.jpeg",560,374,false],"thumbnail":["https:\/\/www.americanonewspaper.com\/es\/wp-content\/uploads\/2026\/08\/Cancelo1-250x250.jpeg",250,250,true],"medium":["https:\/\/www.americanonewspaper.com\/es\/wp-content\/uploads\/2026\/08\/Cancelo1-300x200.jpeg",300,200,true],"medium_large":["https:\/\/www.americanonewspaper.com\/es\/wp-content\/uploads\/2026\/08\/Cancelo1.jpeg",560,374,false],"large":["https:\/\/www.americanonewspaper.com\/es\/wp-content\/uploads\/2026\/08\/Cancelo1.jpeg",560,374,false],"1536x1536":["https:\/\/www.americanonewspaper.com\/es\/wp-content\/uploads\/2026\/08\/Cancelo1.jpeg",560,374,false],"2048x2048":["https:\/\/www.americanonewspaper.com\/es\/wp-content\/uploads\/2026\/08\/Cancelo1.jpeg",560,374,false],"td_150x0":["https:\/\/www.americanonewspaper.com\/es\/wp-content\/uploads\/2026\/08\/Cancelo1-150x100.jpeg",150,100,true],"td_218x150":["https:\/\/www.americanonewspaper.com\/es\/wp-content\/uploads\/2026\/08\/Cancelo1-218x150.jpeg",218,150,true],"td_300x0":["https:\/\/www.americanonewspaper.com\/es\/wp-content\/uploads\/2026\/08\/Cancelo1-300x200.jpeg",300,200,true],"td_324x400":["https:\/\/www.americanonewspaper.com\/es\/wp-content\/uploads\/2026\/08\/Cancelo1-324x374.jpeg",324,374,true],"td_485x360":["https:\/\/www.americanonewspaper.com\/es\/wp-content\/uploads\/2026\/08\/Cancelo1-485x360.jpeg",485,360,true],"td_696x0":["https:\/\/www.americanonewspaper.com\/es\/wp-content\/uploads\/2026\/08\/Cancelo1.jpeg",560,374,false],"td_1068x0":["https:\/\/www.americanonewspaper.com\/es\/wp-content\/uploads\/2026\/08\/Cancelo1.jpeg",560,374,false],"td_1920x0":["https:\/\/www.americanonewspaper.com\/es\/wp-content\/uploads\/2026\/08\/Cancelo1.jpeg",560,374,false],"bdpp-medium":["https:\/\/www.americanonewspaper.com\/es\/wp-content\/uploads\/2026\/08\/Cancelo1.jpeg",560,374,false]},"author_info":{"display_name":"Author","author_link":"https:\/\/www.americanonewspaper.com\/es\/author\/americano\/"},"category_info":"<a href=\"https:\/\/www.americanonewspaper.com\/es\/category\/fifa\/barcelona\/\" rel=\"category tag\">Barcelona<\/a> <a href=\"https:\/\/www.americanonewspaper.com\/es\/category\/fifa\/\" rel=\"category tag\">FIFA<\/a> <a href=\"https:\/\/www.americanonewspaper.com\/es\/category\/fifa\/laliga-ea-sports\/\" rel=\"category tag\">LaLiga EA Sports<\/a>","tag_info":"LaLiga EA Sports","comment_count":"0","jetpack_sharing_enabled":true,"jetpack_likes_enabled":true,"jetpack_featured_media_url":"https:\/\/www.americanonewspaper.com\/es\/wp-content\/uploads\/2026\/08\/Cancelo1.jpeg","_links":{"self":[{"href":"https:\/\/www.americanonewspaper.com\/es\/wp-json\/wp\/v2\/posts\/33580","targetHints":{"allow":["GET"]}}],"collection":[{"href":"https:\/\/www.americanonewspaper.com\/es\/wp-json\/wp\/v2\/posts"}],"about":[{"href":"https:\/\/www.americanonewspaper.com\/es\/wp-json\/wp\/v2\/types\/post"}],"author":[{"embeddable":true,"href":"https:\/\/www.americanonewspaper.com\/es\/wp-json\/wp\/v2\/users\/7"}],"replies":[{"embeddable":true,"href":"https:\/\/www.americanonewspaper.com\/es\/wp-json\/wp\/v2\/comments?post=33580"}],"version-history":[{"count":1,"href":"https:\/\/www.americanonewspaper.com\/es\/wp-json\/wp\/v2\/posts\/33580\/revisions"}],"predecessor-version":[{"id":33585,"href":"https:\/\/www.americanonewspaper.com\/es\/wp-json\/wp\/v2\/posts\/33580\/revisions\/33585"}],"wp:featuredmedia":[{"embeddable":true,"href":"https:\/\/www.americanonewspaper.com\/es\/wp-json\/wp\/v2\/media\/33582"}],"wp:attachment":[{"href":"https:\/\/www.americanonewspaper.com\/es\/wp-json\/wp\/v2\/media?parent=33580"}],"wp:term":[{"taxonomy":"category","embeddable":true,"href":"https:\/\/www.americanonewspaper.com\/es\/wp-json\/wp\/v2\/categories?post=33580"},{"taxonomy":"post_tag","embeddable":true,"href":"https:\/\/www.americanonewspaper.com\/es\/wp-json\/wp\/v2\/tags?post=33580"}],"curies":[{"name":"wp","href":"https:\/\/api.w.org\/{rel}","templated":true}]}}