{"id":33571,"date":"2026-08-19T11:20:20","date_gmt":"2026-08-19T15:20:20","guid":{"rendered":"https:\/\/www.americanonewspaper.com\/es\/?p=33571"},"modified":"2026-08-19T11:20:27","modified_gmt":"2026-08-19T15:20:27","slug":"maluma-y-quevedo-en-musica-latina-billboard","status":"publish","type":"post","link":"https:\/\/www.americanonewspaper.com\/es\/colombia\/maluma-y-quevedo-en-musica-latina-billboard\/","title":{"rendered":"Maluma y Quevedo en M\u00fasica Latina Billboard."},"content":{"rendered":"\n<p class=\"wp-block-paragraph\">Miami (EE.UU.), 19 ago (EFE).- <\/p>\n\n\n\n<p class=\"dropcapp3 wp-block-paragraph\">El colombiano Maluma y el espa\u00f1ol Quevedo se sumar\u00e1n a la Semana Billboard de la M\u00fasica Latina en Miami, que este a\u00f1o tendr\u00e1 como tema central la consolidaci\u00f3n global de las canciones en espa\u00f1ol como fuerza unificadora de la industria, seg\u00fan revelaron los organizadores este mi\u00e9rcoles.<\/p>\n\n\n\n<figure class=\"wp-block-image size-full\"><a href=\"https:\/\/ggllawyers.com\/es\/new-jersey-personal-injury-and-workers-compensation-lawyer\/\" target=\"_blank\" rel=\" noreferrer noopener\"><img fetchpriority=\"high\" decoding=\"async\" width=\"560\" height=\"269\" src=\"https:\/\/www.americanonewspaper.com\/es\/wp-content\/uploads\/2026\/08\/GGlSpanish-1.jpg\" alt=\"ABOGADOS DE ACCIDENTES\" class=\"wp-image-33500\" srcset=\"https:\/\/www.americanonewspaper.com\/es\/wp-content\/uploads\/2026\/08\/GGlSpanish-1.jpg 560w, https:\/\/www.americanonewspaper.com\/es\/wp-content\/uploads\/2026\/08\/GGlSpanish-1-300x144.jpg 300w, https:\/\/www.americanonewspaper.com\/es\/wp-content\/uploads\/2026\/08\/GGlSpanish-1-150x72.jpg 150w\" sizes=\"(max-width: 560px) 100vw, 560px\" \/><\/a><figcaption class=\"wp-element-caption\">ABOGADOS DE ACCIDENTES<\/figcaption><\/figure>\n\n\n\n<p class=\"wp-block-paragraph\">Billboard anunci\u00f3 tambi\u00e9n -en un comunicado- la participaci\u00f3n de la colombiana Aria Vega y de los cubanos Bebeshito, DJ Conds, Rey Tony &amp; Helabusador y Wow Popy, quienes estar\u00e1n en el encuentro del 19 al 22 de octubre de 2026 en el Faena Forum de Miami Beach.<\/p>\n\n\n\n<figure class=\"wp-block-image size-full\"><img decoding=\"async\" width=\"560\" height=\"364\" src=\"https:\/\/www.americanonewspaper.com\/es\/wp-content\/uploads\/2026\/05\/Maluma-regresa.jpeg\" alt=\"El cantante colombiano Maluma presenta su nuevo \u00e1lbum 'Loco x volver' este jueves, durante un concierto gratuito en Medell\u00edn (Colombia). EFE\/ STR\" class=\"wp-image-32158\" srcset=\"https:\/\/www.americanonewspaper.com\/es\/wp-content\/uploads\/2026\/05\/Maluma-regresa.jpeg 560w, https:\/\/www.americanonewspaper.com\/es\/wp-content\/uploads\/2026\/05\/Maluma-regresa-300x195.jpeg 300w, https:\/\/www.americanonewspaper.com\/es\/wp-content\/uploads\/2026\/05\/Maluma-regresa-150x98.jpeg 150w\" sizes=\"(max-width: 560px) 100vw, 560px\" \/><figcaption class=\"wp-element-caption\">El cantante colombiano Maluma presenta su nuevo \u00e1lbum &#8216;Loco x volver&#8217; este jueves, durante un concierto gratuito en Medell\u00edn (Colombia). EFE\/ STR<\/figcaption><\/figure>\n\n\n\n<p class=\"wp-block-paragraph\">La Semana Billboard de la M\u00fasica Latina est\u00e1 considerada el mayor encuentro de la industria musical en espa\u00f1ol, por lo que la organizaci\u00f3n tambi\u00e9n inform\u00f3 de la asistencia de los ejecutivos Jorge &#8216;Pepo&#8217; Ferradas, Rebeca Le\u00f3n, Rob Jonas y Walter Kolm.<\/p>\n\n\n\n<figure class=\"wp-block-image size-full\"><a href=\"https:\/\/www.linkedin.com\/in\/jaimeberrios\/\" target=\"_blank\" rel=\" noreferrer noopener\"><img decoding=\"async\" width=\"560\" height=\"257\" src=\"https:\/\/www.americanonewspaper.com\/es\/wp-content\/uploads\/2026\/08\/Jaime-copy-2.jpg\" alt=\"\" class=\"wp-image-33360\" srcset=\"https:\/\/www.americanonewspaper.com\/es\/wp-content\/uploads\/2026\/08\/Jaime-copy-2.jpg 560w, https:\/\/www.americanonewspaper.com\/es\/wp-content\/uploads\/2026\/08\/Jaime-copy-2-300x138.jpg 300w, https:\/\/www.americanonewspaper.com\/es\/wp-content\/uploads\/2026\/08\/Jaime-copy-2-150x69.jpg 150w\" sizes=\"(max-width: 560px) 100vw, 560px\" \/><\/a><\/figure>\n\n\n\n<p class=\"wp-block-paragraph\">Este anuncio se suma al anterior de otros artistas como el grupo mexicano-estadounidense Fuerza Regida, el cubano-estadounidense Pitbull, la espa\u00f1ola Lola \u00cdndigo, la colombiana Greeicy y los puertorrique\u00f1os Jay Wheeler y Kany Garc\u00eda.<\/p>\n\n\n\n<figure class=\"wp-block-image size-full\"><img loading=\"lazy\" decoding=\"async\" width=\"560\" height=\"373\" src=\"https:\/\/www.americanonewspaper.com\/es\/wp-content\/uploads\/2026\/05\/d8560c73853efff005ce7e35578e7047a1525cd1.jpg\" alt=\"\" class=\"wp-image-32349\" srcset=\"https:\/\/www.americanonewspaper.com\/es\/wp-content\/uploads\/2026\/05\/d8560c73853efff005ce7e35578e7047a1525cd1.jpg 560w, https:\/\/www.americanonewspaper.com\/es\/wp-content\/uploads\/2026\/05\/d8560c73853efff005ce7e35578e7047a1525cd1-300x200.jpg 300w, https:\/\/www.americanonewspaper.com\/es\/wp-content\/uploads\/2026\/05\/d8560c73853efff005ce7e35578e7047a1525cd1-150x100.jpg 150w\" sizes=\"(max-width: 560px) 100vw, 560px\" \/><figcaption class=\"wp-element-caption\">Imagen de archivo del cantante Quevedo. EFE\/ \u00c1ngel Medina G.<\/figcaption><\/figure>\n\n\n\n<p class=\"wp-block-paragraph\">Tambi\u00e9n est\u00e1n confirmados los colombianos Jessi Uribe, Paola Jara y Ryan Castro; la puertorrique\u00f1a RaiNao; el argentino Trueno; y la banda Rawayana y la cantautora Zhamira, ambos de Venezuela.<\/p>\n\n\n\n<figure class=\"wp-block-image size-full\"><a href=\"https:\/\/www.americanonewspaper.com\/es\/community\/aviso-de-reunion-publica-de-ewing-township\/\" target=\"_blank\" rel=\" noreferrer noopener\"><img loading=\"lazy\" decoding=\"async\" width=\"560\" height=\"270\" src=\"https:\/\/www.americanonewspaper.com\/es\/wp-content\/uploads\/2026\/08\/EwingTownship-copy.jpg\" alt=\"Aviso de reuni\u00f3n p\u00fablica sobre la Subvenci\u00f3n en Bloque para el Desarrollo Comunitario (CDBG) del Departamento de Vivienda y Desarrollo Urbano de los EE. UU. (HUD)\" class=\"wp-image-33417\" srcset=\"https:\/\/www.americanonewspaper.com\/es\/wp-content\/uploads\/2026\/08\/EwingTownship-copy.jpg 560w, https:\/\/www.americanonewspaper.com\/es\/wp-content\/uploads\/2026\/08\/EwingTownship-copy-300x145.jpg 300w, https:\/\/www.americanonewspaper.com\/es\/wp-content\/uploads\/2026\/08\/EwingTownship-copy-150x72.jpg 150w\" sizes=\"(max-width: 560px) 100vw, 560px\" \/><\/a><figcaption class=\"wp-element-caption\">Aviso de reuni\u00f3n p\u00fablica sobre la Subvenci\u00f3n en Bloque para el Desarrollo Comunitario (CDBG) del Departamento de Vivienda y Desarrollo Urbano de los EE. UU. (HUD)<\/figcaption><\/figure>\n\n\n\n<p class=\"wp-block-paragraph\">El evento coincide con los Premios Billboard de la M\u00fasica Latina 2026, que se celebrar\u00e1n en Miami el jueves 22 de octubre y se transmitir\u00e1n en vivo por el canal Telemundo y por el servicio de TV en internet Peacock.<\/p>\n\n\n\n<figure class=\"wp-block-image size-full\"><a href=\"https:\/\/www.eventbrite.com\/e\/health-wellness-fair-2026-tickets-1991124368586?aff=oddtdtcreator\" target=\"_blank\" rel=\" noreferrer noopener\"><img loading=\"lazy\" decoding=\"async\" width=\"560\" height=\"300\" src=\"https:\/\/www.americanonewspaper.com\/es\/wp-content\/uploads\/2026\/08\/Health-and-Wellness-560-x-270.jpeg\" alt=\"\" class=\"wp-image-33426\" srcset=\"https:\/\/www.americanonewspaper.com\/es\/wp-content\/uploads\/2026\/08\/Health-and-Wellness-560-x-270.jpeg 560w, https:\/\/www.americanonewspaper.com\/es\/wp-content\/uploads\/2026\/08\/Health-and-Wellness-560-x-270-300x161.jpeg 300w, https:\/\/www.americanonewspaper.com\/es\/wp-content\/uploads\/2026\/08\/Health-and-Wellness-560-x-270-150x80.jpeg 150w\" sizes=\"(max-width: 560px) 100vw, 560px\" \/><\/a><\/figure>\n","protected":false},"excerpt":{"rendered":"<p>Miami (EE.UU.), 19 ago (EFE).- El colombiano Maluma y el espa\u00f1ol Quevedo se sumar\u00e1n a la Semana Billboard de la M\u00fasica Latina en Miami, que este a\u00f1o tendr\u00e1 como tema central la consolidaci\u00f3n global de las canciones en espa\u00f1ol como fuerza unificadora de la industria, seg\u00fan revelaron los organizadores este mi\u00e9rcoles. Billboard anunci\u00f3 tambi\u00e9n -en [&hellip;]<\/p>\n","protected":false},"author":7,"featured_media":33572,"comment_status":"open","ping_status":"open","sticky":false,"template":"","format":"standard","meta":{"_acf_changed":false,"tdm_status":"","tdm_grid_status":"","_jetpack_newsletter_access":"","_jetpack_dont_email_post_to_subs":false,"_jetpack_newsletter_tier_id":0,"_jetpack_memberships_contains_paywalled_content":false,"_jetpack_feature_clip_id":0,"_jetpack_memberships_contains_paid_content":false,"footnotes":"","jetpack_publicize_message":"{title}\n\n{excerpt}\n\n{url}","jetpack_publicize_feature_enabled":true,"jetpack_social_post_already_shared":false,"jetpack_social_options":{"image_generator_settings":{"template":"highway","default_image_id":0,"font":"","enabled":false,"token":"eyJpbWciOiJodHRwczpcL1wvd3d3LmFtZXJpY2Fub25ld3NwYXBlci5jb21cL2VzXC93cC1jb250ZW50XC91cGxvYWRzXC8yMDI2XC8wOFwvTWFsdW1hY29uYWJyaWdvLmpwZWciLCJ0eHQiOiJNYWx1bWEgeSBRdWV2ZWRvIGVuIE1cdTAwZmFzaWNhIExhdGluYSBCaWxsYm9hcmQuIiwidGVtcGxhdGUiOiJoaWdod2F5IiwiZm9udCI6IiIsImJsb2dfaWQiOjIyODYxOTU3NH0.NfSlpS-X93_cdgkqXgmgeQGfLhBanSrIyBRBFeSq4FoMQ"},"version":2,"media_source":"featured-image","attached_media":[{"id":33572,"url":"https:\/\/www.americanonewspaper.com\/es\/wp-content\/uploads\/2026\/08\/Malumaconabrigo.jpeg","type":"image\/jpeg"}]},"_wpas_customize_per_network":false,"jetpack_post_was_ever_published":false,"_members_access_role":[],"_members_access_error":""},"categories":[1220,128,227,1121],"tags":[],"class_list":["post-33571","post","type-post","status-publish","format-standard","has-post-thumbnail","category-billboard-latinos","category-colombia","category-miami","category-premios-billboard"],"acf":[],"yoast_head":"<!-- This site is optimized with the Yoast SEO Premium plugin v28.3 (Yoast SEO v28.3) - https:\/\/yoast.com\/product\/yoast-seo-premium-wordpress\/ -->\n<title>Maluma y Quevedo en M\u00fasica Latina Billboard. - Americano Newspaper<\/title>\n<meta name=\"description\" content=\"El colombiano Maluma y el espa\u00f1ol Quevedo se sumar\u00e1n a la Semana Billboard de la M\u00fasica Latina en Miami, que este a\u00f1o tendr\u00e1 como tema central la consolidaci\u00f3n global de las canciones en espa\u00f1ol como fuerza unificadora de la industria, seg\u00fan revelaron los organizadores este mi\u00e9rcoles.\" \/>\n<meta name=\"robots\" content=\"index, follow, max-snippet:-1, max-image-preview:large, max-video-preview:-1\" \/>\n<link rel=\"canonical\" href=\"https:\/\/www.americanonewspaper.com\/es\/colombia\/maluma-y-quevedo-en-musica-latina-billboard\/\" \/>\n<meta property=\"og:locale\" content=\"en_US\" \/>\n<meta property=\"og:type\" content=\"article\" \/>\n<meta property=\"og:title\" content=\"Maluma y Quevedo en M\u00fasica Latina Billboard.\" \/>\n<meta property=\"og:description\" content=\"El colombiano Maluma y el espa\u00f1ol Quevedo se sumar\u00e1n a la Semana Billboard de la M\u00fasica Latina en Miami, que este a\u00f1o tendr\u00e1 como tema central la consolidaci\u00f3n global de las canciones en espa\u00f1ol como fuerza unificadora de la industria, seg\u00fan revelaron los organizadores este mi\u00e9rcoles.\" \/>\n<meta property=\"og:url\" content=\"https:\/\/www.americanonewspaper.com\/es\/colombia\/maluma-y-quevedo-en-musica-latina-billboard\/\" \/>\n<meta property=\"og:site_name\" content=\"Americano Newspaper\" \/>\n<meta property=\"article:publisher\" content=\"https:\/\/www.facebook.com\/AmericanoNewspaper\/\" \/>\n<meta property=\"article:published_time\" content=\"2026-08-19T15:20:20+00:00\" \/>\n<meta property=\"article:modified_time\" content=\"2026-08-19T15:20:27+00:00\" \/>\n<meta property=\"og:image\" content=\"https:\/\/www.americanonewspaper.com\/es\/wp-content\/uploads\/2026\/08\/Malumaconabrigo.jpeg\" \/>\n\t<meta property=\"og:image:width\" content=\"560\" \/>\n\t<meta property=\"og:image:height\" content=\"373\" \/>\n\t<meta property=\"og:image:type\" content=\"image\/jpeg\" \/>\n<meta name=\"author\" content=\"Author\" \/>\n<meta name=\"twitter:card\" content=\"summary_large_image\" \/>\n<meta name=\"twitter:label1\" content=\"Written by\" \/>\n\t<meta name=\"twitter:data1\" content=\"Author\" \/>\n\t<meta name=\"twitter:label2\" content=\"Est. reading time\" \/>\n\t<meta name=\"twitter:data2\" content=\"3 minutes\" \/>\n<script type=\"application\/ld+json\" class=\"yoast-schema-graph\">{\"@context\":\"https:\\\/\\\/schema.org\",\"@graph\":[{\"@type\":\"Article\",\"@id\":\"https:\\\/\\\/www.americanonewspaper.com\\\/es\\\/colombia\\\/maluma-y-quevedo-en-musica-latina-billboard\\\/#article\",\"isPartOf\":{\"@id\":\"https:\\\/\\\/www.americanonewspaper.com\\\/es\\\/colombia\\\/maluma-y-quevedo-en-musica-latina-billboard\\\/\"},\"author\":{\"name\":\"Author\",\"@id\":\"https:\\\/\\\/www.americanonewspaper.com\\\/es\\\/#\\\/schema\\\/person\\\/8967f6b8af7e37bcbbe61f68580ff088\"},\"headline\":\"Maluma y Quevedo en M\u00fasica Latina Billboard.\",\"datePublished\":\"2026-08-19T15:20:20+00:00\",\"dateModified\":\"2026-08-19T15:20:27+00:00\",\"mainEntityOfPage\":{\"@id\":\"https:\\\/\\\/www.americanonewspaper.com\\\/es\\\/colombia\\\/maluma-y-quevedo-en-musica-latina-billboard\\\/\"},\"wordCount\":335,\"commentCount\":0,\"publisher\":{\"@id\":\"https:\\\/\\\/www.americanonewspaper.com\\\/es\\\/#organization\"},\"image\":{\"@id\":\"https:\\\/\\\/www.americanonewspaper.com\\\/es\\\/colombia\\\/maluma-y-quevedo-en-musica-latina-billboard\\\/#primaryimage\"},\"thumbnailUrl\":\"https:\\\/\\\/www.americanonewspaper.com\\\/es\\\/wp-content\\\/uploads\\\/2026\\\/08\\\/Malumaconabrigo.jpeg\",\"articleSection\":[\"Billboard Latinos\",\"Colombia\",\"Miami\",\"Premios Billboard\"],\"inLanguage\":\"en-US\",\"potentialAction\":[{\"@type\":\"CommentAction\",\"name\":\"Comment\",\"target\":[\"https:\\\/\\\/www.americanonewspaper.com\\\/es\\\/colombia\\\/maluma-y-quevedo-en-musica-latina-billboard\\\/#respond\"]}]},{\"@type\":\"WebPage\",\"@id\":\"https:\\\/\\\/www.americanonewspaper.com\\\/es\\\/colombia\\\/maluma-y-quevedo-en-musica-latina-billboard\\\/\",\"url\":\"https:\\\/\\\/www.americanonewspaper.com\\\/es\\\/colombia\\\/maluma-y-quevedo-en-musica-latina-billboard\\\/\",\"name\":\"Maluma y Quevedo en M\u00fasica Latina Billboard. - Americano Newspaper\",\"isPartOf\":{\"@id\":\"https:\\\/\\\/www.americanonewspaper.com\\\/es\\\/#website\"},\"primaryImageOfPage\":{\"@id\":\"https:\\\/\\\/www.americanonewspaper.com\\\/es\\\/colombia\\\/maluma-y-quevedo-en-musica-latina-billboard\\\/#primaryimage\"},\"image\":{\"@id\":\"https:\\\/\\\/www.americanonewspaper.com\\\/es\\\/colombia\\\/maluma-y-quevedo-en-musica-latina-billboard\\\/#primaryimage\"},\"thumbnailUrl\":\"https:\\\/\\\/www.americanonewspaper.com\\\/es\\\/wp-content\\\/uploads\\\/2026\\\/08\\\/Malumaconabrigo.jpeg\",\"datePublished\":\"2026-08-19T15:20:20+00:00\",\"dateModified\":\"2026-08-19T15:20:27+00:00\",\"description\":\"El colombiano Maluma y el espa\u00f1ol Quevedo se sumar\u00e1n a la Semana Billboard de la M\u00fasica Latina en Miami, que este a\u00f1o tendr\u00e1 como tema central la consolidaci\u00f3n global de las canciones en espa\u00f1ol como fuerza unificadora de la industria, seg\u00fan revelaron los organizadores este mi\u00e9rcoles.\",\"breadcrumb\":{\"@id\":\"https:\\\/\\\/www.americanonewspaper.com\\\/es\\\/colombia\\\/maluma-y-quevedo-en-musica-latina-billboard\\\/#breadcrumb\"},\"inLanguage\":\"en-US\",\"potentialAction\":[{\"@type\":\"ReadAction\",\"target\":[\"https:\\\/\\\/www.americanonewspaper.com\\\/es\\\/colombia\\\/maluma-y-quevedo-en-musica-latina-billboard\\\/\"]}]},{\"@type\":\"ImageObject\",\"inLanguage\":\"en-US\",\"@id\":\"https:\\\/\\\/www.americanonewspaper.com\\\/es\\\/colombia\\\/maluma-y-quevedo-en-musica-latina-billboard\\\/#primaryimage\",\"url\":\"https:\\\/\\\/www.americanonewspaper.com\\\/es\\\/wp-content\\\/uploads\\\/2026\\\/08\\\/Malumaconabrigo.jpeg\",\"contentUrl\":\"https:\\\/\\\/www.americanonewspaper.com\\\/es\\\/wp-content\\\/uploads\\\/2026\\\/08\\\/Malumaconabrigo.jpeg\",\"width\":560,\"height\":373,\"caption\":\"Fotograf\u00eda de archivo en la que se capt\u00f3 al cantante colombiano Maluma, durante un concierto, en Madrid (Espa\u00f1a). EFE\\\/Daniel Gonz\u00e1lez\"},{\"@type\":\"BreadcrumbList\",\"@id\":\"https:\\\/\\\/www.americanonewspaper.com\\\/es\\\/colombia\\\/maluma-y-quevedo-en-musica-latina-billboard\\\/#breadcrumb\",\"itemListElement\":[{\"@type\":\"ListItem\",\"position\":1,\"name\":\"Home\",\"item\":\"https:\\\/\\\/www.americanonewspaper.com\\\/es\\\/\"},{\"@type\":\"ListItem\",\"position\":2,\"name\":\"Maluma y Quevedo en M\u00fasica Latina Billboard.\"}]},{\"@type\":\"WebSite\",\"@id\":\"https:\\\/\\\/www.americanonewspaper.com\\\/es\\\/#website\",\"url\":\"https:\\\/\\\/www.americanonewspaper.com\\\/es\\\/\",\"name\":\"Americano Newspaper\",\"description\":\"The Hispanic Newspaper of New Jersey.\",\"publisher\":{\"@id\":\"https:\\\/\\\/www.americanonewspaper.com\\\/es\\\/#organization\"},\"potentialAction\":[{\"@type\":\"SearchAction\",\"target\":{\"@type\":\"EntryPoint\",\"urlTemplate\":\"https:\\\/\\\/www.americanonewspaper.com\\\/es\\\/?s={search_term_string}\"},\"query-input\":{\"@type\":\"PropertyValueSpecification\",\"valueRequired\":true,\"valueName\":\"search_term_string\"}}],\"inLanguage\":\"en-US\"},{\"@type\":\"Organization\",\"@id\":\"https:\\\/\\\/www.americanonewspaper.com\\\/es\\\/#organization\",\"name\":\"Americano Newspaper\",\"url\":\"https:\\\/\\\/www.americanonewspaper.com\\\/es\\\/\",\"logo\":{\"@type\":\"ImageObject\",\"inLanguage\":\"en-US\",\"@id\":\"https:\\\/\\\/www.americanonewspaper.com\\\/es\\\/#\\\/schema\\\/logo\\\/image\\\/\",\"url\":\"https:\\\/\\\/www.americanonewspaper.com\\\/es\\\/wp-content\\\/uploads\\\/2024\\\/05\\\/AmericanoLogoCircle.comCircle2.jpg\",\"contentUrl\":\"https:\\\/\\\/www.americanonewspaper.com\\\/es\\\/wp-content\\\/uploads\\\/2024\\\/05\\\/AmericanoLogoCircle.comCircle2.jpg\",\"width\":600,\"height\":600,\"caption\":\"Americano Newspaper\"},\"image\":{\"@id\":\"https:\\\/\\\/www.americanonewspaper.com\\\/es\\\/#\\\/schema\\\/logo\\\/image\\\/\"},\"sameAs\":[\"https:\\\/\\\/www.facebook.com\\\/AmericanoNewspaper\\\/\"]},{\"@type\":\"Person\",\"@id\":\"https:\\\/\\\/www.americanonewspaper.com\\\/es\\\/#\\\/schema\\\/person\\\/8967f6b8af7e37bcbbe61f68580ff088\",\"name\":\"Author\",\"image\":{\"@type\":\"ImageObject\",\"inLanguage\":\"en-US\",\"@id\":\"https:\\\/\\\/www.americanonewspaper.com\\\/es\\\/wp-content\\\/litespeed\\\/avatar\\\/89ffaf6af3cf6769ffb3c6efb2313947.jpg?ver=1787930627\",\"url\":\"https:\\\/\\\/www.americanonewspaper.com\\\/es\\\/wp-content\\\/litespeed\\\/avatar\\\/89ffaf6af3cf6769ffb3c6efb2313947.jpg?ver=1787930627\",\"contentUrl\":\"https:\\\/\\\/www.americanonewspaper.com\\\/es\\\/wp-content\\\/litespeed\\\/avatar\\\/89ffaf6af3cf6769ffb3c6efb2313947.jpg?ver=1787930627\",\"caption\":\"Author\"},\"url\":\"https:\\\/\\\/www.americanonewspaper.com\\\/es\\\/author\\\/americano\\\/\"}]}<\/script>\n<!-- \/ Yoast SEO Premium plugin. -->","yoast_head_json":{"title":"Maluma y Quevedo en M\u00fasica Latina Billboard. - Americano Newspaper","description":"El colombiano Maluma y el espa\u00f1ol Quevedo se sumar\u00e1n a la Semana Billboard de la M\u00fasica Latina en Miami, que este a\u00f1o tendr\u00e1 como tema central la consolidaci\u00f3n global de las canciones en espa\u00f1ol como fuerza unificadora de la industria, seg\u00fan revelaron los organizadores este mi\u00e9rcoles.","robots":{"index":"index","follow":"follow","max-snippet":"max-snippet:-1","max-image-preview":"max-image-preview:large","max-video-preview":"max-video-preview:-1"},"canonical":"https:\/\/www.americanonewspaper.com\/es\/colombia\/maluma-y-quevedo-en-musica-latina-billboard\/","og_locale":"en_US","og_type":"article","og_title":"Maluma y Quevedo en M\u00fasica Latina Billboard.","og_description":"El colombiano Maluma y el espa\u00f1ol Quevedo se sumar\u00e1n a la Semana Billboard de la M\u00fasica Latina en Miami, que este a\u00f1o tendr\u00e1 como tema central la consolidaci\u00f3n global de las canciones en espa\u00f1ol como fuerza unificadora de la industria, seg\u00fan revelaron los organizadores este mi\u00e9rcoles.","og_url":"https:\/\/www.americanonewspaper.com\/es\/colombia\/maluma-y-quevedo-en-musica-latina-billboard\/","og_site_name":"Americano Newspaper","article_publisher":"https:\/\/www.facebook.com\/AmericanoNewspaper\/","article_published_time":"2026-08-19T15:20:20+00:00","article_modified_time":"2026-08-19T15:20:27+00:00","og_image":[{"width":560,"height":373,"url":"https:\/\/www.americanonewspaper.com\/es\/wp-content\/uploads\/2026\/08\/Malumaconabrigo.jpeg","type":"image\/jpeg"}],"author":"Author","twitter_card":"summary_large_image","twitter_misc":{"Written by":"Author","Est. reading time":"3 minutes"},"schema":{"@context":"https:\/\/schema.org","@graph":[{"@type":"Article","@id":"https:\/\/www.americanonewspaper.com\/es\/colombia\/maluma-y-quevedo-en-musica-latina-billboard\/#article","isPartOf":{"@id":"https:\/\/www.americanonewspaper.com\/es\/colombia\/maluma-y-quevedo-en-musica-latina-billboard\/"},"author":{"name":"Author","@id":"https:\/\/www.americanonewspaper.com\/es\/#\/schema\/person\/8967f6b8af7e37bcbbe61f68580ff088"},"headline":"Maluma y Quevedo en M\u00fasica Latina Billboard.","datePublished":"2026-08-19T15:20:20+00:00","dateModified":"2026-08-19T15:20:27+00:00","mainEntityOfPage":{"@id":"https:\/\/www.americanonewspaper.com\/es\/colombia\/maluma-y-quevedo-en-musica-latina-billboard\/"},"wordCount":335,"commentCount":0,"publisher":{"@id":"https:\/\/www.americanonewspaper.com\/es\/#organization"},"image":{"@id":"https:\/\/www.americanonewspaper.com\/es\/colombia\/maluma-y-quevedo-en-musica-latina-billboard\/#primaryimage"},"thumbnailUrl":"https:\/\/www.americanonewspaper.com\/es\/wp-content\/uploads\/2026\/08\/Malumaconabrigo.jpeg","articleSection":["Billboard Latinos","Colombia","Miami","Premios Billboard"],"inLanguage":"en-US","potentialAction":[{"@type":"CommentAction","name":"Comment","target":["https:\/\/www.americanonewspaper.com\/es\/colombia\/maluma-y-quevedo-en-musica-latina-billboard\/#respond"]}]},{"@type":"WebPage","@id":"https:\/\/www.americanonewspaper.com\/es\/colombia\/maluma-y-quevedo-en-musica-latina-billboard\/","url":"https:\/\/www.americanonewspaper.com\/es\/colombia\/maluma-y-quevedo-en-musica-latina-billboard\/","name":"Maluma y Quevedo en M\u00fasica Latina Billboard. - Americano Newspaper","isPartOf":{"@id":"https:\/\/www.americanonewspaper.com\/es\/#website"},"primaryImageOfPage":{"@id":"https:\/\/www.americanonewspaper.com\/es\/colombia\/maluma-y-quevedo-en-musica-latina-billboard\/#primaryimage"},"image":{"@id":"https:\/\/www.americanonewspaper.com\/es\/colombia\/maluma-y-quevedo-en-musica-latina-billboard\/#primaryimage"},"thumbnailUrl":"https:\/\/www.americanonewspaper.com\/es\/wp-content\/uploads\/2026\/08\/Malumaconabrigo.jpeg","datePublished":"2026-08-19T15:20:20+00:00","dateModified":"2026-08-19T15:20:27+00:00","description":"El colombiano Maluma y el espa\u00f1ol Quevedo se sumar\u00e1n a la Semana Billboard de la M\u00fasica Latina en Miami, que este a\u00f1o tendr\u00e1 como tema central la consolidaci\u00f3n global de las canciones en espa\u00f1ol como fuerza unificadora de la industria, seg\u00fan revelaron los organizadores este mi\u00e9rcoles.","breadcrumb":{"@id":"https:\/\/www.americanonewspaper.com\/es\/colombia\/maluma-y-quevedo-en-musica-latina-billboard\/#breadcrumb"},"inLanguage":"en-US","potentialAction":[{"@type":"ReadAction","target":["https:\/\/www.americanonewspaper.com\/es\/colombia\/maluma-y-quevedo-en-musica-latina-billboard\/"]}]},{"@type":"ImageObject","inLanguage":"en-US","@id":"https:\/\/www.americanonewspaper.com\/es\/colombia\/maluma-y-quevedo-en-musica-latina-billboard\/#primaryimage","url":"https:\/\/www.americanonewspaper.com\/es\/wp-content\/uploads\/2026\/08\/Malumaconabrigo.jpeg","contentUrl":"https:\/\/www.americanonewspaper.com\/es\/wp-content\/uploads\/2026\/08\/Malumaconabrigo.jpeg","width":560,"height":373,"caption":"Fotograf\u00eda de archivo en la que se capt\u00f3 al cantante colombiano Maluma, durante un concierto, en Madrid (Espa\u00f1a). EFE\/Daniel Gonz\u00e1lez"},{"@type":"BreadcrumbList","@id":"https:\/\/www.americanonewspaper.com\/es\/colombia\/maluma-y-quevedo-en-musica-latina-billboard\/#breadcrumb","itemListElement":[{"@type":"ListItem","position":1,"name":"Home","item":"https:\/\/www.americanonewspaper.com\/es\/"},{"@type":"ListItem","position":2,"name":"Maluma y Quevedo en M\u00fasica Latina Billboard."}]},{"@type":"WebSite","@id":"https:\/\/www.americanonewspaper.com\/es\/#website","url":"https:\/\/www.americanonewspaper.com\/es\/","name":"Americano Newspaper","description":"The Hispanic Newspaper of New Jersey.","publisher":{"@id":"https:\/\/www.americanonewspaper.com\/es\/#organization"},"potentialAction":[{"@type":"SearchAction","target":{"@type":"EntryPoint","urlTemplate":"https:\/\/www.americanonewspaper.com\/es\/?s={search_term_string}"},"query-input":{"@type":"PropertyValueSpecification","valueRequired":true,"valueName":"search_term_string"}}],"inLanguage":"en-US"},{"@type":"Organization","@id":"https:\/\/www.americanonewspaper.com\/es\/#organization","name":"Americano Newspaper","url":"https:\/\/www.americanonewspaper.com\/es\/","logo":{"@type":"ImageObject","inLanguage":"en-US","@id":"https:\/\/www.americanonewspaper.com\/es\/#\/schema\/logo\/image\/","url":"https:\/\/www.americanonewspaper.com\/es\/wp-content\/uploads\/2024\/05\/AmericanoLogoCircle.comCircle2.jpg","contentUrl":"https:\/\/www.americanonewspaper.com\/es\/wp-content\/uploads\/2024\/05\/AmericanoLogoCircle.comCircle2.jpg","width":600,"height":600,"caption":"Americano Newspaper"},"image":{"@id":"https:\/\/www.americanonewspaper.com\/es\/#\/schema\/logo\/image\/"},"sameAs":["https:\/\/www.facebook.com\/AmericanoNewspaper\/"]},{"@type":"Person","@id":"https:\/\/www.americanonewspaper.com\/es\/#\/schema\/person\/8967f6b8af7e37bcbbe61f68580ff088","name":"Author","image":{"@type":"ImageObject","inLanguage":"en-US","@id":"https:\/\/www.americanonewspaper.com\/es\/wp-content\/litespeed\/avatar\/89ffaf6af3cf6769ffb3c6efb2313947.jpg?ver=1787930627","url":"https:\/\/www.americanonewspaper.com\/es\/wp-content\/litespeed\/avatar\/89ffaf6af3cf6769ffb3c6efb2313947.jpg?ver=1787930627","contentUrl":"https:\/\/www.americanonewspaper.com\/es\/wp-content\/litespeed\/avatar\/89ffaf6af3cf6769ffb3c6efb2313947.jpg?ver=1787930627","caption":"Author"},"url":"https:\/\/www.americanonewspaper.com\/es\/author\/americano\/"}]}},"jetpack_publicize_connections":[],"featured_image_urls":{"full":["https:\/\/www.americanonewspaper.com\/es\/wp-content\/uploads\/2026\/08\/Malumaconabrigo.jpeg",560,373,false],"thumbnail":["https:\/\/www.americanonewspaper.com\/es\/wp-content\/uploads\/2026\/08\/Malumaconabrigo-250x250.jpeg",250,250,true],"medium":["https:\/\/www.americanonewspaper.com\/es\/wp-content\/uploads\/2026\/08\/Malumaconabrigo-300x200.jpeg",300,200,true],"medium_large":["https:\/\/www.americanonewspaper.com\/es\/wp-content\/uploads\/2026\/08\/Malumaconabrigo.jpeg",560,373,false],"large":["https:\/\/www.americanonewspaper.com\/es\/wp-content\/uploads\/2026\/08\/Malumaconabrigo.jpeg",560,373,false],"1536x1536":["https:\/\/www.americanonewspaper.com\/es\/wp-content\/uploads\/2026\/08\/Malumaconabrigo.jpeg",560,373,false],"2048x2048":["https:\/\/www.americanonewspaper.com\/es\/wp-content\/uploads\/2026\/08\/Malumaconabrigo.jpeg",560,373,false],"td_150x0":["https:\/\/www.americanonewspaper.com\/es\/wp-content\/uploads\/2026\/08\/Malumaconabrigo-150x100.jpeg",150,100,true],"td_218x150":["https:\/\/www.americanonewspaper.com\/es\/wp-content\/uploads\/2026\/08\/Malumaconabrigo-218x150.jpeg",218,150,true],"td_300x0":["https:\/\/www.americanonewspaper.com\/es\/wp-content\/uploads\/2026\/08\/Malumaconabrigo-300x200.jpeg",300,200,true],"td_324x400":["https:\/\/www.americanonewspaper.com\/es\/wp-content\/uploads\/2026\/08\/Malumaconabrigo-324x373.jpeg",324,373,true],"td_485x360":["https:\/\/www.americanonewspaper.com\/es\/wp-content\/uploads\/2026\/08\/Malumaconabrigo-485x360.jpeg",485,360,true],"td_696x0":["https:\/\/www.americanonewspaper.com\/es\/wp-content\/uploads\/2026\/08\/Malumaconabrigo.jpeg",560,373,false],"td_1068x0":["https:\/\/www.americanonewspaper.com\/es\/wp-content\/uploads\/2026\/08\/Malumaconabrigo.jpeg",560,373,false],"td_1920x0":["https:\/\/www.americanonewspaper.com\/es\/wp-content\/uploads\/2026\/08\/Malumaconabrigo.jpeg",560,373,false],"bdpp-medium":["https:\/\/www.americanonewspaper.com\/es\/wp-content\/uploads\/2026\/08\/Malumaconabrigo.jpeg",560,373,false]},"author_info":{"display_name":"Author","author_link":"https:\/\/www.americanonewspaper.com\/es\/author\/americano\/"},"category_info":"<a href=\"https:\/\/www.americanonewspaper.com\/es\/category\/billboard-latinos\/\" rel=\"category tag\">Billboard Latinos<\/a> <a href=\"https:\/\/www.americanonewspaper.com\/es\/category\/colombia\/\" rel=\"category tag\">Colombia<\/a> <a href=\"https:\/\/www.americanonewspaper.com\/es\/category\/miami\/\" rel=\"category tag\">Miami<\/a> <a href=\"https:\/\/www.americanonewspaper.com\/es\/category\/premios-billboard\/\" rel=\"category tag\">Premios Billboard<\/a>","tag_info":"Premios Billboard","comment_count":"0","jetpack_sharing_enabled":true,"jetpack_likes_enabled":true,"jetpack_featured_media_url":"https:\/\/www.americanonewspaper.com\/es\/wp-content\/uploads\/2026\/08\/Malumaconabrigo.jpeg","_links":{"self":[{"href":"https:\/\/www.americanonewspaper.com\/es\/wp-json\/wp\/v2\/posts\/33571","targetHints":{"allow":["GET"]}}],"collection":[{"href":"https:\/\/www.americanonewspaper.com\/es\/wp-json\/wp\/v2\/posts"}],"about":[{"href":"https:\/\/www.americanonewspaper.com\/es\/wp-json\/wp\/v2\/types\/post"}],"author":[{"embeddable":true,"href":"https:\/\/www.americanonewspaper.com\/es\/wp-json\/wp\/v2\/users\/7"}],"replies":[{"embeddable":true,"href":"https:\/\/www.americanonewspaper.com\/es\/wp-json\/wp\/v2\/comments?post=33571"}],"version-history":[{"count":1,"href":"https:\/\/www.americanonewspaper.com\/es\/wp-json\/wp\/v2\/posts\/33571\/revisions"}],"predecessor-version":[{"id":33573,"href":"https:\/\/www.americanonewspaper.com\/es\/wp-json\/wp\/v2\/posts\/33571\/revisions\/33573"}],"wp:featuredmedia":[{"embeddable":true,"href":"https:\/\/www.americanonewspaper.com\/es\/wp-json\/wp\/v2\/media\/33572"}],"wp:attachment":[{"href":"https:\/\/www.americanonewspaper.com\/es\/wp-json\/wp\/v2\/media?parent=33571"}],"wp:term":[{"taxonomy":"category","embeddable":true,"href":"https:\/\/www.americanonewspaper.com\/es\/wp-json\/wp\/v2\/categories?post=33571"},{"taxonomy":"post_tag","embeddable":true,"href":"https:\/\/www.americanonewspaper.com\/es\/wp-json\/wp\/v2\/tags?post=33571"}],"curies":[{"name":"wp","href":"https:\/\/api.w.org\/{rel}","templated":true}]}}