{"id":33395,"date":"2026-08-08T18:02:37","date_gmt":"2026-08-08T22:02:37","guid":{"rendered":"https:\/\/www.americanonewspaper.com\/es\/?p=33395"},"modified":"2026-08-08T18:04:37","modified_gmt":"2026-08-08T22:04:37","slug":"mario-rivas-y-carlos-espi-brillan-golean-al-ferencvaros","status":"publish","type":"post","link":"https:\/\/www.americanonewspaper.com\/es\/fifa\/mario-rivas-y-carlos-espi-brillan-golean-al-ferencvaros\/","title":{"rendered":"Mario Rivas y Carlos Espi golean al Ferencvaros."},"content":{"rendered":"\n<p class=\"wp-block-paragraph\">Redacci\u00f3n deportes, 8 ago (EFE).- <\/p>\n\n\n\n<p class=\"dropcapp3 wp-block-paragraph\">El Real Madrid derrot\u00f3 al Ferencvaros h\u00fangaro (1-2) en el segundo partido amistoso de pretemporada, disputado en el Ferencvaros Stadion de Budapest, con goles de Mario Rivas y Carlos Esp\u00ed.<\/p>\n\n\n\n<figure class=\"wp-block-image size-full\"><a href=\"https:\/\/ggllawyers.com\/es\/new-jersey-personal-injury-and-workers-compensation-lawyer\/\" target=\"_blank\" rel=\" noreferrer noopener\"><img fetchpriority=\"high\" decoding=\"async\" width=\"560\" height=\"269\" src=\"https:\/\/www.americanonewspaper.com\/es\/wp-content\/uploads\/2026\/08\/GGlSpanish.jpg\" alt=\"ABOGADOS DE ACCIDENTES\" class=\"wp-image-33359\" srcset=\"https:\/\/www.americanonewspaper.com\/es\/wp-content\/uploads\/2026\/08\/GGlSpanish.jpg 560w, https:\/\/www.americanonewspaper.com\/es\/wp-content\/uploads\/2026\/08\/GGlSpanish-300x144.jpg 300w, https:\/\/www.americanonewspaper.com\/es\/wp-content\/uploads\/2026\/08\/GGlSpanish-150x72.jpg 150w\" sizes=\"(max-width: 560px) 100vw, 560px\" \/><\/a><figcaption class=\"wp-element-caption\">ABOGADOS DE ACCIDENTES<\/figcaption><\/figure>\n\n\n\n<p class=\"wp-block-paragraph\">Mourinho ten\u00eda como objetivo que el estado de forma \u00f3ptimo de sus jugadores aguantara durante los 90 minutos del partido. Enfrente estaba un Ferencvaros que, entre eliminatorias de Liga Europa y primeras jornadas de liga h\u00fangara, ya hab\u00eda disputado siete encuentros oficiales.<\/p>\n\n\n\n<figure class=\"wp-block-image size-full\"><img decoding=\"async\" width=\"560\" height=\"373\" src=\"https:\/\/www.americanonewspaper.com\/es\/wp-content\/uploads\/2026\/08\/Mario-Rivas.jpeg\" alt=\"\" class=\"wp-image-33397\" srcset=\"https:\/\/www.americanonewspaper.com\/es\/wp-content\/uploads\/2026\/08\/Mario-Rivas.jpeg 560w, https:\/\/www.americanonewspaper.com\/es\/wp-content\/uploads\/2026\/08\/Mario-Rivas-300x200.jpeg 300w, https:\/\/www.americanonewspaper.com\/es\/wp-content\/uploads\/2026\/08\/Mario-Rivas-150x100.jpeg 150w\" sizes=\"(max-width: 560px) 100vw, 560px\" \/><figcaption class=\"wp-element-caption\">BUDAPEST (Hungr\u00eda), 08\/08\/2026.- Mario Rivas (c.), del Real Madrid, celebra junto a sus compa\u00f1ero Alexis Ciria (i.) y Arda Guler (d.) despu\u00e9s de marcar el 0-1 en el amistoso que enfrent\u00f3 a su equipo con el Ferencvaros h\u00fangaro. EFE\/EPA\/Tibor Illyes<\/figcaption><\/figure>\n\n\n\n<p class=\"wp-block-paragraph\">El entrenador portugu\u00e9s introdujo s\u00f3lo un cambio en la alineaci\u00f3n del encuentro respecto al de la Fiorentina. Brahim, reci\u00e9n incorporado tras el Mundial y las vacaciones, entr\u00f3 para ocupar el extremo derecho, lo cual retras\u00f3 a Denzel Dumfries, que hab\u00eda debutado con el Real Madrid en esa posici\u00f3n y ahora se probaba como lateral, y mand\u00f3 al banquillo a Trent.<\/p>\n\n\n\n<p class=\"wp-block-paragraph\">El conjunto blanco, vestido de verde oscuro para estrenar la segunda equipaci\u00f3n, empez\u00f3 el partido controlando la posesi\u00f3n, pero cometiendo algunos errores en la salida de la pelota que dieron al Ferencvaros ocasiones para intimidar a Lunin, aunque sin llegar a suponer verdadero peligro.<\/p>\n\n\n\n<figure class=\"wp-block-image size-full\"><a href=\"https:\/\/www.linkedin.com\/in\/jaimeberrios\/\" target=\"_blank\" rel=\" noreferrer noopener\"><img decoding=\"async\" width=\"560\" height=\"257\" src=\"https:\/\/www.americanonewspaper.com\/es\/wp-content\/uploads\/2026\/08\/Jaime-copy-2.jpg\" alt=\"\" class=\"wp-image-33360\" srcset=\"https:\/\/www.americanonewspaper.com\/es\/wp-content\/uploads\/2026\/08\/Jaime-copy-2.jpg 560w, https:\/\/www.americanonewspaper.com\/es\/wp-content\/uploads\/2026\/08\/Jaime-copy-2-300x138.jpg 300w, https:\/\/www.americanonewspaper.com\/es\/wp-content\/uploads\/2026\/08\/Jaime-copy-2-150x69.jpg 150w\" sizes=\"(max-width: 560px) 100vw, 560px\" \/><\/a><\/figure>\n\n\n\n<p class=\"wp-block-paragraph\">En el lado contrario del campo, un G\u00fcler &#8216;box to box&#8217; muy activo tambi\u00e9n gener\u00f3 opciones para los suyos, que no encontraron precisi\u00f3n en el \u00faltimo tercio del campo ni de cara a porter\u00eda.<\/p>\n\n\n\n<p class=\"wp-block-paragraph\">El equipo entrenado por Mourinho se fue instalando cada vez con mayor asiduidad en torno al \u00e1rea de Dibusz, portero local. Al Madrid le costaba encontrar los huecos entre las pobladas l\u00edneas defensivas del Ferencvaros. Endrick lo intent\u00f3 de cerca y de lejos, sin suerte.<\/p>\n\n\n\n<p class=\"wp-block-paragraph\">El que encontr\u00f3 porter\u00eda fue el joven central Mario Rivas. En una conexi\u00f3n entre canteranos, Alexis Ciria recibi\u00f3 en la esquina derecha del \u00e1rea una pelota que ven\u00eda del c\u00f3rner contrario y puso el centro a la frontal del \u00e1rea peque\u00f1a, donde esperaba la cabeza de Rivas para hacer el 0-1.<\/p>\n\n\n\n<figure class=\"wp-block-image size-full\"><a href=\"https:\/\/www.linkedin.com\/in\/oscaralbertoquintana\/\" target=\"_blank\" rel=\" noreferrer noopener\"><img loading=\"lazy\" decoding=\"async\" width=\"780\" height=\"152\" src=\"https:\/\/www.americanonewspaper.com\/es\/wp-content\/uploads\/2017\/03\/Lacerda-OQ-strip2-1.jpg\" alt=\"\" class=\"wp-image-1865\" srcset=\"https:\/\/www.americanonewspaper.com\/es\/wp-content\/uploads\/2017\/03\/Lacerda-OQ-strip2-1.jpg 780w, https:\/\/www.americanonewspaper.com\/es\/wp-content\/uploads\/2017\/03\/Lacerda-OQ-strip2-1-300x58.jpg 300w, https:\/\/www.americanonewspaper.com\/es\/wp-content\/uploads\/2017\/03\/Lacerda-OQ-strip2-1-768x150.jpg 768w, https:\/\/www.americanonewspaper.com\/es\/wp-content\/uploads\/2017\/03\/Lacerda-OQ-strip2-1-370x72.jpg 370w, https:\/\/www.americanonewspaper.com\/es\/wp-content\/uploads\/2017\/03\/Lacerda-OQ-strip2-1-270x53.jpg 270w, https:\/\/www.americanonewspaper.com\/es\/wp-content\/uploads\/2017\/03\/Lacerda-OQ-strip2-1-570x111.jpg 570w, https:\/\/www.americanonewspaper.com\/es\/wp-content\/uploads\/2017\/03\/Lacerda-OQ-strip2-1-740x144.jpg 740w\" sizes=\"(max-width: 780px) 100vw, 780px\" \/><\/a><\/figure>\n\n\n\n<p class=\"wp-block-paragraph\">Despu\u00e9s del descanso, el Ferencvaros ejecut\u00f3 10 cambios y pareci\u00f3 salir con algo m\u00e1s de energ\u00eda. Mourinho no se qued\u00f3 atr\u00e1s, con otras seis sustituciones. Hizo debutar a Bernardo Silva con el Real Madrid, adem\u00e1s de probar la pareja de centrales R\u00fcdiger-Huijsen y dar minutos a Carlos Esp\u00ed y al reci\u00e9n renovado Vinicius.<\/p>\n\n\n\n<p class=\"wp-block-paragraph\">El conjunto blanco acab\u00f3 con la efervescencia del equipo h\u00fangaro de forma tajante: con otro gol. Fue precisamente Carlos Esp\u00ed el encargado de convertirlo, tras un pase de Fede Valverde hacia atr\u00e1s desde dentro del \u00e1rea.<\/p>\n\n\n\n<p class=\"wp-block-paragraph\">Menos de 10 minutos m\u00e1s tarde, el espa\u00f1ol nacionalizado bosnio Kenan Kodro, ex de Osasuna, Athletic Club, Valladolid y Zaragoza, recort\u00f3 distancias para el Ferencvaros, dando alas de nuevo a su equipo, m\u00e1s fino con el bal\u00f3n que en la primera mitad.<\/p>\n\n\n\n<figure class=\"wp-block-image size-full\"><a href=\"https:\/\/Sutudu.tv\/watch\/que-pasa-show\" target=\"_blank\" rel=\" noreferrer noopener\"><img loading=\"lazy\" decoding=\"async\" width=\"560\" height=\"300\" src=\"https:\/\/www.americanonewspaper.com\/es\/wp-content\/uploads\/2026\/08\/QP-logo-560x300-1.jpg\" alt=\"TV comunitaria\" class=\"wp-image-33375\" srcset=\"https:\/\/www.americanonewspaper.com\/es\/wp-content\/uploads\/2026\/08\/QP-logo-560x300-1.jpg 560w, https:\/\/www.americanonewspaper.com\/es\/wp-content\/uploads\/2026\/08\/QP-logo-560x300-1-300x161.jpg 300w, https:\/\/www.americanonewspaper.com\/es\/wp-content\/uploads\/2026\/08\/QP-logo-560x300-1-150x80.jpg 150w\" sizes=\"(max-width: 560px) 100vw, 560px\" \/><\/a><figcaption class=\"wp-element-caption\">TV comunitaria<\/figcaption><\/figure>\n\n\n\n<p class=\"wp-block-paragraph\">El paso de los minutos fue afectando progresivamente al Madrid, con menos ideas frescas. Los de Mourinho, con menos presencia en campo contrario, intentaban tener la pelota controlada para no correr en su persecuci\u00f3n.<\/p>\n\n\n\n<p class=\"wp-block-paragraph\">El conjunto blanco fue capaz de que no sucediera mucho m\u00e1s y sumar as\u00ed un triunfo antes de su siguiente partido amistoso, el trofeo Teresa Herrera contra el Deportivo de La Coru\u00f1a el mi\u00e9rcoles 12 de agosto.<\/p>\n\n\n\n<h3 id=\"h-ficha-tecnica\" class=\"wp-block-heading\"><strong>&#8211; Ficha t\u00e9cnica<\/strong><\/h3>\n\n\n\n<p class=\"wp-block-paragraph\">1 &#8211; Ferencvaros: Dibusz (Varga, m.46); Osv\u00e1th (Zachariassen, m.46) (Sevikyan, m.80), G\u00f3mez (Raemaekers, m.46), Zohor\u00e9 (Lakatos, m.79), Cadu (O&#8217;Dowda, m.46); Rommens (Nagy, m.46), Kanikovszki (Nagy, m.46), Arzani (Corbu, m.46) (Ke\u00efta, m.70); Csirkovics (Dele, m.46) (Szab\u00f3, m.79), Joseph (Kodro, m.46) (Lisztes, m.70) y Varga (Levi, m.46) (Bagi, m.80).<\/p>\n\n\n\n<p class=\"wp-block-paragraph\">2 &#8211; Real Madrid: Lunin; Dumfries (Trent, m.46), Mario Rivas (Huijsen, m.46), Joan Mart\u00ednez (R\u00fcdiger, m.46), Carreras (Lamini, m.83); Valverde (Lacosta, m.86), Camavinga (Carlos Esp\u00ed, m.46); Brahim (Bernardo Silva, m.46), Arda G\u00fcler, Alexis Ciria (Vinicius, m.46); y Endrick (Cestero, m.64).<\/p>\n\n\n\n<figure class=\"wp-block-image size-full\"><a href=\"https:\/\/tayakan.com\/\" target=\"_blank\" rel=\" noreferrer noopener\"><img loading=\"lazy\" decoding=\"async\" width=\"560\" height=\"164\" src=\"https:\/\/www.americanonewspaper.com\/es\/wp-content\/uploads\/2026\/08\/Tayakanlogo560-copy-2.jpg\" alt=\"\" class=\"wp-image-33281\" srcset=\"https:\/\/www.americanonewspaper.com\/es\/wp-content\/uploads\/2026\/08\/Tayakanlogo560-copy-2.jpg 560w, https:\/\/www.americanonewspaper.com\/es\/wp-content\/uploads\/2026\/08\/Tayakanlogo560-copy-2-300x88.jpg 300w, https:\/\/www.americanonewspaper.com\/es\/wp-content\/uploads\/2026\/08\/Tayakanlogo560-copy-2-150x44.jpg 150w\" sizes=\"(max-width: 560px) 100vw, 560px\" \/><\/a><\/figure>\n\n\n\n<p class=\"wp-block-paragraph\">Goles: 0-1, min. 41: Mario Rivas. 0-2, min. 49: Carlos Esp\u00ed. 1-2, m. 57: Kodro.<\/p>\n\n\n\n<p class=\"wp-block-paragraph\">\u00c1rbitro: Bal\u00e1zs Berke (Hungr\u00eda). Amonest\u00f3 a Szab\u00f3 (m.90) por parte del Ferencvaros y a Trent (m.91) por el Real Madrid.<\/p>\n\n\n\n<p class=\"wp-block-paragraph\">Incidencias: partido amistoso de pretemporada disputado en el Ferencvaros Stadion de Budapest, la capital de Hungr\u00eda, ante unos 20.000 espectadores.<\/p>\n\n\n\n<figure class=\"wp-block-image size-full\"><a href=\"https:\/\/www.latindigitalsolutionsca.com\/es\/promocion-americano-newspaper-tayakan\/?utm_source=americanonewspaper&amp;utm_medium=banner&amp;utm_campaign=business_growth_2026&amp;utm_content=americanonews_es_banner\" target=\"_blank\" rel=\" noreferrer noopener\"><img loading=\"lazy\" decoding=\"async\" width=\"560\" height=\"270\" src=\"https:\/\/www.americanonewspaper.com\/es\/wp-content\/uploads\/2026\/07\/SpanishJuan-1.jpeg\" alt=\"\" class=\"wp-image-33218\" srcset=\"https:\/\/www.americanonewspaper.com\/es\/wp-content\/uploads\/2026\/07\/SpanishJuan-1.jpeg 560w, https:\/\/www.americanonewspaper.com\/es\/wp-content\/uploads\/2026\/07\/SpanishJuan-1-300x145.jpeg 300w, https:\/\/www.americanonewspaper.com\/es\/wp-content\/uploads\/2026\/07\/SpanishJuan-1-150x72.jpeg 150w\" sizes=\"(max-width: 560px) 100vw, 560px\" \/><\/a><\/figure>\n","protected":false},"excerpt":{"rendered":"<p>Redacci\u00f3n deportes, 8 ago (EFE).- El Real Madrid derrot\u00f3 al Ferencvaros h\u00fangaro (1-2) en el segundo partido amistoso de pretemporada, disputado en el Ferencvaros Stadion de Budapest, con goles de Mario Rivas y Carlos Esp\u00ed. Mourinho ten\u00eda como objetivo que el estado de forma \u00f3ptimo de sus jugadores aguantara durante los 90 minutos del partido. [&hellip;]<\/p>\n","protected":false},"author":7,"featured_media":33396,"comment_status":"open","ping_status":"open","sticky":false,"template":"","format":"standard","meta":{"_acf_changed":false,"tdm_status":"","tdm_grid_status":"","_jetpack_newsletter_access":"","_jetpack_dont_email_post_to_subs":false,"_jetpack_newsletter_tier_id":0,"_jetpack_memberships_contains_paywalled_content":false,"_jetpack_feature_clip_id":0,"_jetpack_memberships_contains_paid_content":false,"footnotes":"","jetpack_publicize_message":"{title}\n\n{excerpt}\n\n{url}","jetpack_publicize_feature_enabled":true,"jetpack_social_post_already_shared":false,"jetpack_social_options":{"image_generator_settings":{"template":"highway","default_image_id":0,"font":"","enabled":false,"token":"eyJpbWciOiJodHRwczpcL1wvd3d3LmFtZXJpY2Fub25ld3NwYXBlci5jb21cL2VzXC93cC1jb250ZW50XC91cGxvYWRzXC8yMDI2XC8wOFwvQ2FybG9zLUVzcGloLmpwZWciLCJ0eHQiOiJNYXJpbyBSaXZhcyB5IENhcmxvcyBFc3BpIGJyaWxsYW4gZ29sZWFuIGFsIEZlcmVuY3Zhcm9zLiIsInRlbXBsYXRlIjoiaGlnaHdheSIsImZvbnQiOiIiLCJibG9nX2lkIjoyMjg2MTk1NzR9.A9rbVDWZroLxQdjldNEhvLWTb6SWPqfVL6j0f9ijZHQMQ"},"version":2,"media_source":"featured-image","attached_media":[{"id":33396,"url":"https:\/\/www.americanonewspaper.com\/es\/wp-content\/uploads\/2026\/08\/Carlos-Espih.jpeg","type":"image\/jpeg"}]},"_wpas_customize_per_network":false,"jetpack_post_was_ever_published":false,"_members_access_role":[],"_members_access_error":""},"categories":[175,549,1264,807,1834,938,787],"tags":[],"class_list":["post-33395","post","type-post","status-publish","format-standard","has-post-thumbnail","category-fifa","category-futbol-espanol","category-futbol-mundial-2026","category-hungria","category-laliga-ea-sports","category-real-madrid"],"acf":[],"yoast_head":"<!-- This site is optimized with the Yoast SEO Premium plugin v28.3 (Yoast SEO v28.3) - https:\/\/yoast.com\/product\/yoast-seo-premium-wordpress\/ -->\n<title>Mario Rivas y Carlos Espi golean al Ferencvaros. - Americano Newspaper<\/title>\n<meta name=\"description\" content=\"El Real Madrid derrot\u00f3 al Ferencvaros h\u00fangaro (1-2) en el segundo partido amistoso de pretemporada, disputado en el Ferencvaros Stadion de Budapest, con goles de Mario Rivas y Carlos Esp\u00ed.\" \/>\n<meta name=\"robots\" content=\"index, follow, max-snippet:-1, max-image-preview:large, max-video-preview:-1\" \/>\n<link rel=\"canonical\" href=\"https:\/\/www.americanonewspaper.com\/es\/fifa\/mario-rivas-y-carlos-espi-brillan-golean-al-ferencvaros\/\" \/>\n<meta property=\"og:locale\" content=\"en_US\" \/>\n<meta property=\"og:type\" content=\"article\" \/>\n<meta property=\"og:title\" content=\"Mario Rivas y Carlos Espi golean al Ferencvaros.\" \/>\n<meta property=\"og:description\" content=\"El Real Madrid derrot\u00f3 al Ferencvaros h\u00fangaro (1-2) en el segundo partido amistoso de pretemporada, disputado en el Ferencvaros Stadion de Budapest, con goles de Mario Rivas y Carlos Esp\u00ed.\" \/>\n<meta property=\"og:url\" content=\"https:\/\/www.americanonewspaper.com\/es\/fifa\/mario-rivas-y-carlos-espi-brillan-golean-al-ferencvaros\/\" \/>\n<meta property=\"og:site_name\" content=\"Americano Newspaper\" \/>\n<meta property=\"article:publisher\" content=\"https:\/\/www.facebook.com\/AmericanoNewspaper\/\" \/>\n<meta property=\"article:published_time\" content=\"2026-08-08T22:02:37+00:00\" \/>\n<meta property=\"article:modified_time\" content=\"2026-08-08T22:04:37+00:00\" \/>\n<meta property=\"og:image\" content=\"https:\/\/www.americanonewspaper.com\/es\/wp-content\/uploads\/2026\/08\/Carlos-Espih.jpeg\" \/>\n\t<meta property=\"og:image:width\" content=\"560\" \/>\n\t<meta property=\"og:image:height\" content=\"373\" \/>\n\t<meta property=\"og:image:type\" content=\"image\/jpeg\" \/>\n<meta name=\"author\" content=\"Author\" \/>\n<meta name=\"twitter:card\" content=\"summary_large_image\" \/>\n<meta name=\"twitter:label1\" content=\"Written by\" \/>\n\t<meta name=\"twitter:data1\" content=\"Author\" \/>\n\t<meta name=\"twitter:label2\" content=\"Est. reading time\" \/>\n\t<meta name=\"twitter:data2\" content=\"5 minutes\" \/>\n<script type=\"application\/ld+json\" class=\"yoast-schema-graph\">{\"@context\":\"https:\\\/\\\/schema.org\",\"@graph\":[{\"@type\":\"Article\",\"@id\":\"https:\\\/\\\/www.americanonewspaper.com\\\/es\\\/fifa\\\/mario-rivas-y-carlos-espi-brillan-golean-al-ferencvaros\\\/#article\",\"isPartOf\":{\"@id\":\"https:\\\/\\\/www.americanonewspaper.com\\\/es\\\/fifa\\\/mario-rivas-y-carlos-espi-brillan-golean-al-ferencvaros\\\/\"},\"author\":{\"name\":\"Author\",\"@id\":\"https:\\\/\\\/www.americanonewspaper.com\\\/es\\\/#\\\/schema\\\/person\\\/8967f6b8af7e37bcbbe61f68580ff088\"},\"headline\":\"Mario Rivas y Carlos Espi golean al Ferencvaros.\",\"datePublished\":\"2026-08-08T22:02:37+00:00\",\"dateModified\":\"2026-08-08T22:04:37+00:00\",\"mainEntityOfPage\":{\"@id\":\"https:\\\/\\\/www.americanonewspaper.com\\\/es\\\/fifa\\\/mario-rivas-y-carlos-espi-brillan-golean-al-ferencvaros\\\/\"},\"wordCount\":758,\"commentCount\":0,\"publisher\":{\"@id\":\"https:\\\/\\\/www.americanonewspaper.com\\\/es\\\/#organization\"},\"image\":{\"@id\":\"https:\\\/\\\/www.americanonewspaper.com\\\/es\\\/fifa\\\/mario-rivas-y-carlos-espi-brillan-golean-al-ferencvaros\\\/#primaryimage\"},\"thumbnailUrl\":\"https:\\\/\\\/www.americanonewspaper.com\\\/es\\\/wp-content\\\/uploads\\\/2026\\\/08\\\/Carlos-Espih.jpeg\",\"articleSection\":[\"FIFA\",\"F\u00fatbol\",\"F\u00fatbol Espa\u00f1ol\",\"F\u00fatbol Mundial 2026\",\"Hungr\u00eda\",\"LaLiga EA Sports\",\"Real Madrid\"],\"inLanguage\":\"en-US\",\"potentialAction\":[{\"@type\":\"CommentAction\",\"name\":\"Comment\",\"target\":[\"https:\\\/\\\/www.americanonewspaper.com\\\/es\\\/fifa\\\/mario-rivas-y-carlos-espi-brillan-golean-al-ferencvaros\\\/#respond\"]}]},{\"@type\":\"WebPage\",\"@id\":\"https:\\\/\\\/www.americanonewspaper.com\\\/es\\\/fifa\\\/mario-rivas-y-carlos-espi-brillan-golean-al-ferencvaros\\\/\",\"url\":\"https:\\\/\\\/www.americanonewspaper.com\\\/es\\\/fifa\\\/mario-rivas-y-carlos-espi-brillan-golean-al-ferencvaros\\\/\",\"name\":\"Mario Rivas y Carlos Espi golean al Ferencvaros. - Americano Newspaper\",\"isPartOf\":{\"@id\":\"https:\\\/\\\/www.americanonewspaper.com\\\/es\\\/#website\"},\"primaryImageOfPage\":{\"@id\":\"https:\\\/\\\/www.americanonewspaper.com\\\/es\\\/fifa\\\/mario-rivas-y-carlos-espi-brillan-golean-al-ferencvaros\\\/#primaryimage\"},\"image\":{\"@id\":\"https:\\\/\\\/www.americanonewspaper.com\\\/es\\\/fifa\\\/mario-rivas-y-carlos-espi-brillan-golean-al-ferencvaros\\\/#primaryimage\"},\"thumbnailUrl\":\"https:\\\/\\\/www.americanonewspaper.com\\\/es\\\/wp-content\\\/uploads\\\/2026\\\/08\\\/Carlos-Espih.jpeg\",\"datePublished\":\"2026-08-08T22:02:37+00:00\",\"dateModified\":\"2026-08-08T22:04:37+00:00\",\"description\":\"El Real Madrid derrot\u00f3 al Ferencvaros h\u00fangaro (1-2) en el segundo partido amistoso de pretemporada, disputado en el Ferencvaros Stadion de Budapest, con goles de Mario Rivas y Carlos Esp\u00ed.\",\"breadcrumb\":{\"@id\":\"https:\\\/\\\/www.americanonewspaper.com\\\/es\\\/fifa\\\/mario-rivas-y-carlos-espi-brillan-golean-al-ferencvaros\\\/#breadcrumb\"},\"inLanguage\":\"en-US\",\"potentialAction\":[{\"@type\":\"ReadAction\",\"target\":[\"https:\\\/\\\/www.americanonewspaper.com\\\/es\\\/fifa\\\/mario-rivas-y-carlos-espi-brillan-golean-al-ferencvaros\\\/\"]}]},{\"@type\":\"ImageObject\",\"inLanguage\":\"en-US\",\"@id\":\"https:\\\/\\\/www.americanonewspaper.com\\\/es\\\/fifa\\\/mario-rivas-y-carlos-espi-brillan-golean-al-ferencvaros\\\/#primaryimage\",\"url\":\"https:\\\/\\\/www.americanonewspaper.com\\\/es\\\/wp-content\\\/uploads\\\/2026\\\/08\\\/Carlos-Espih.jpeg\",\"contentUrl\":\"https:\\\/\\\/www.americanonewspaper.com\\\/es\\\/wp-content\\\/uploads\\\/2026\\\/08\\\/Carlos-Espih.jpeg\",\"width\":560,\"height\":373,\"caption\":\"BUDAPEST (Hungr\u00eda), 08\\\/08\\\/2026.- Carlos Espi, del Real Madrid, festeja tras marcar el 0-2 definitivo en el amistoso que enfrent\u00f3 a su equipo con el Ferencvaros h\u00fangaro. EFE\\\/EPA\\\/Boglarka Bodnar\"},{\"@type\":\"BreadcrumbList\",\"@id\":\"https:\\\/\\\/www.americanonewspaper.com\\\/es\\\/fifa\\\/mario-rivas-y-carlos-espi-brillan-golean-al-ferencvaros\\\/#breadcrumb\",\"itemListElement\":[{\"@type\":\"ListItem\",\"position\":1,\"name\":\"Home\",\"item\":\"https:\\\/\\\/www.americanonewspaper.com\\\/es\\\/\"},{\"@type\":\"ListItem\",\"position\":2,\"name\":\"Mario Rivas y Carlos Espi golean al Ferencvaros.\"}]},{\"@type\":\"WebSite\",\"@id\":\"https:\\\/\\\/www.americanonewspaper.com\\\/es\\\/#website\",\"url\":\"https:\\\/\\\/www.americanonewspaper.com\\\/es\\\/\",\"name\":\"Americano Newspaper\",\"description\":\"The Hispanic Newspaper of New Jersey.\",\"publisher\":{\"@id\":\"https:\\\/\\\/www.americanonewspaper.com\\\/es\\\/#organization\"},\"potentialAction\":[{\"@type\":\"SearchAction\",\"target\":{\"@type\":\"EntryPoint\",\"urlTemplate\":\"https:\\\/\\\/www.americanonewspaper.com\\\/es\\\/?s={search_term_string}\"},\"query-input\":{\"@type\":\"PropertyValueSpecification\",\"valueRequired\":true,\"valueName\":\"search_term_string\"}}],\"inLanguage\":\"en-US\"},{\"@type\":\"Organization\",\"@id\":\"https:\\\/\\\/www.americanonewspaper.com\\\/es\\\/#organization\",\"name\":\"Americano Newspaper\",\"url\":\"https:\\\/\\\/www.americanonewspaper.com\\\/es\\\/\",\"logo\":{\"@type\":\"ImageObject\",\"inLanguage\":\"en-US\",\"@id\":\"https:\\\/\\\/www.americanonewspaper.com\\\/es\\\/#\\\/schema\\\/logo\\\/image\\\/\",\"url\":\"https:\\\/\\\/www.americanonewspaper.com\\\/es\\\/wp-content\\\/uploads\\\/2024\\\/05\\\/AmericanoLogoCircle.comCircle2.jpg\",\"contentUrl\":\"https:\\\/\\\/www.americanonewspaper.com\\\/es\\\/wp-content\\\/uploads\\\/2024\\\/05\\\/AmericanoLogoCircle.comCircle2.jpg\",\"width\":600,\"height\":600,\"caption\":\"Americano Newspaper\"},\"image\":{\"@id\":\"https:\\\/\\\/www.americanonewspaper.com\\\/es\\\/#\\\/schema\\\/logo\\\/image\\\/\"},\"sameAs\":[\"https:\\\/\\\/www.facebook.com\\\/AmericanoNewspaper\\\/\"]},{\"@type\":\"Person\",\"@id\":\"https:\\\/\\\/www.americanonewspaper.com\\\/es\\\/#\\\/schema\\\/person\\\/8967f6b8af7e37bcbbe61f68580ff088\",\"name\":\"Author\",\"image\":{\"@type\":\"ImageObject\",\"inLanguage\":\"en-US\",\"@id\":\"https:\\\/\\\/www.americanonewspaper.com\\\/es\\\/wp-content\\\/litespeed\\\/avatar\\\/89ffaf6af3cf6769ffb3c6efb2313947.jpg?ver=1787930627\",\"url\":\"https:\\\/\\\/www.americanonewspaper.com\\\/es\\\/wp-content\\\/litespeed\\\/avatar\\\/89ffaf6af3cf6769ffb3c6efb2313947.jpg?ver=1787930627\",\"contentUrl\":\"https:\\\/\\\/www.americanonewspaper.com\\\/es\\\/wp-content\\\/litespeed\\\/avatar\\\/89ffaf6af3cf6769ffb3c6efb2313947.jpg?ver=1787930627\",\"caption\":\"Author\"},\"url\":\"https:\\\/\\\/www.americanonewspaper.com\\\/es\\\/author\\\/americano\\\/\"}]}<\/script>\n<!-- \/ Yoast SEO Premium plugin. -->","yoast_head_json":{"title":"Mario Rivas y Carlos Espi golean al Ferencvaros. - Americano Newspaper","description":"El Real Madrid derrot\u00f3 al Ferencvaros h\u00fangaro (1-2) en el segundo partido amistoso de pretemporada, disputado en el Ferencvaros Stadion de Budapest, con goles de Mario Rivas y Carlos Esp\u00ed.","robots":{"index":"index","follow":"follow","max-snippet":"max-snippet:-1","max-image-preview":"max-image-preview:large","max-video-preview":"max-video-preview:-1"},"canonical":"https:\/\/www.americanonewspaper.com\/es\/fifa\/mario-rivas-y-carlos-espi-brillan-golean-al-ferencvaros\/","og_locale":"en_US","og_type":"article","og_title":"Mario Rivas y Carlos Espi golean al Ferencvaros.","og_description":"El Real Madrid derrot\u00f3 al Ferencvaros h\u00fangaro (1-2) en el segundo partido amistoso de pretemporada, disputado en el Ferencvaros Stadion de Budapest, con goles de Mario Rivas y Carlos Esp\u00ed.","og_url":"https:\/\/www.americanonewspaper.com\/es\/fifa\/mario-rivas-y-carlos-espi-brillan-golean-al-ferencvaros\/","og_site_name":"Americano Newspaper","article_publisher":"https:\/\/www.facebook.com\/AmericanoNewspaper\/","article_published_time":"2026-08-08T22:02:37+00:00","article_modified_time":"2026-08-08T22:04:37+00:00","og_image":[{"width":560,"height":373,"url":"https:\/\/www.americanonewspaper.com\/es\/wp-content\/uploads\/2026\/08\/Carlos-Espih.jpeg","type":"image\/jpeg"}],"author":"Author","twitter_card":"summary_large_image","twitter_misc":{"Written by":"Author","Est. reading time":"5 minutes"},"schema":{"@context":"https:\/\/schema.org","@graph":[{"@type":"Article","@id":"https:\/\/www.americanonewspaper.com\/es\/fifa\/mario-rivas-y-carlos-espi-brillan-golean-al-ferencvaros\/#article","isPartOf":{"@id":"https:\/\/www.americanonewspaper.com\/es\/fifa\/mario-rivas-y-carlos-espi-brillan-golean-al-ferencvaros\/"},"author":{"name":"Author","@id":"https:\/\/www.americanonewspaper.com\/es\/#\/schema\/person\/8967f6b8af7e37bcbbe61f68580ff088"},"headline":"Mario Rivas y Carlos Espi golean al Ferencvaros.","datePublished":"2026-08-08T22:02:37+00:00","dateModified":"2026-08-08T22:04:37+00:00","mainEntityOfPage":{"@id":"https:\/\/www.americanonewspaper.com\/es\/fifa\/mario-rivas-y-carlos-espi-brillan-golean-al-ferencvaros\/"},"wordCount":758,"commentCount":0,"publisher":{"@id":"https:\/\/www.americanonewspaper.com\/es\/#organization"},"image":{"@id":"https:\/\/www.americanonewspaper.com\/es\/fifa\/mario-rivas-y-carlos-espi-brillan-golean-al-ferencvaros\/#primaryimage"},"thumbnailUrl":"https:\/\/www.americanonewspaper.com\/es\/wp-content\/uploads\/2026\/08\/Carlos-Espih.jpeg","articleSection":["FIFA","F\u00fatbol","F\u00fatbol Espa\u00f1ol","F\u00fatbol Mundial 2026","Hungr\u00eda","LaLiga EA Sports","Real Madrid"],"inLanguage":"en-US","potentialAction":[{"@type":"CommentAction","name":"Comment","target":["https:\/\/www.americanonewspaper.com\/es\/fifa\/mario-rivas-y-carlos-espi-brillan-golean-al-ferencvaros\/#respond"]}]},{"@type":"WebPage","@id":"https:\/\/www.americanonewspaper.com\/es\/fifa\/mario-rivas-y-carlos-espi-brillan-golean-al-ferencvaros\/","url":"https:\/\/www.americanonewspaper.com\/es\/fifa\/mario-rivas-y-carlos-espi-brillan-golean-al-ferencvaros\/","name":"Mario Rivas y Carlos Espi golean al Ferencvaros. - Americano Newspaper","isPartOf":{"@id":"https:\/\/www.americanonewspaper.com\/es\/#website"},"primaryImageOfPage":{"@id":"https:\/\/www.americanonewspaper.com\/es\/fifa\/mario-rivas-y-carlos-espi-brillan-golean-al-ferencvaros\/#primaryimage"},"image":{"@id":"https:\/\/www.americanonewspaper.com\/es\/fifa\/mario-rivas-y-carlos-espi-brillan-golean-al-ferencvaros\/#primaryimage"},"thumbnailUrl":"https:\/\/www.americanonewspaper.com\/es\/wp-content\/uploads\/2026\/08\/Carlos-Espih.jpeg","datePublished":"2026-08-08T22:02:37+00:00","dateModified":"2026-08-08T22:04:37+00:00","description":"El Real Madrid derrot\u00f3 al Ferencvaros h\u00fangaro (1-2) en el segundo partido amistoso de pretemporada, disputado en el Ferencvaros Stadion de Budapest, con goles de Mario Rivas y Carlos Esp\u00ed.","breadcrumb":{"@id":"https:\/\/www.americanonewspaper.com\/es\/fifa\/mario-rivas-y-carlos-espi-brillan-golean-al-ferencvaros\/#breadcrumb"},"inLanguage":"en-US","potentialAction":[{"@type":"ReadAction","target":["https:\/\/www.americanonewspaper.com\/es\/fifa\/mario-rivas-y-carlos-espi-brillan-golean-al-ferencvaros\/"]}]},{"@type":"ImageObject","inLanguage":"en-US","@id":"https:\/\/www.americanonewspaper.com\/es\/fifa\/mario-rivas-y-carlos-espi-brillan-golean-al-ferencvaros\/#primaryimage","url":"https:\/\/www.americanonewspaper.com\/es\/wp-content\/uploads\/2026\/08\/Carlos-Espih.jpeg","contentUrl":"https:\/\/www.americanonewspaper.com\/es\/wp-content\/uploads\/2026\/08\/Carlos-Espih.jpeg","width":560,"height":373,"caption":"BUDAPEST (Hungr\u00eda), 08\/08\/2026.- Carlos Espi, del Real Madrid, festeja tras marcar el 0-2 definitivo en el amistoso que enfrent\u00f3 a su equipo con el Ferencvaros h\u00fangaro. EFE\/EPA\/Boglarka Bodnar"},{"@type":"BreadcrumbList","@id":"https:\/\/www.americanonewspaper.com\/es\/fifa\/mario-rivas-y-carlos-espi-brillan-golean-al-ferencvaros\/#breadcrumb","itemListElement":[{"@type":"ListItem","position":1,"name":"Home","item":"https:\/\/www.americanonewspaper.com\/es\/"},{"@type":"ListItem","position":2,"name":"Mario Rivas y Carlos Espi golean al Ferencvaros."}]},{"@type":"WebSite","@id":"https:\/\/www.americanonewspaper.com\/es\/#website","url":"https:\/\/www.americanonewspaper.com\/es\/","name":"Americano Newspaper","description":"The Hispanic Newspaper of New Jersey.","publisher":{"@id":"https:\/\/www.americanonewspaper.com\/es\/#organization"},"potentialAction":[{"@type":"SearchAction","target":{"@type":"EntryPoint","urlTemplate":"https:\/\/www.americanonewspaper.com\/es\/?s={search_term_string}"},"query-input":{"@type":"PropertyValueSpecification","valueRequired":true,"valueName":"search_term_string"}}],"inLanguage":"en-US"},{"@type":"Organization","@id":"https:\/\/www.americanonewspaper.com\/es\/#organization","name":"Americano Newspaper","url":"https:\/\/www.americanonewspaper.com\/es\/","logo":{"@type":"ImageObject","inLanguage":"en-US","@id":"https:\/\/www.americanonewspaper.com\/es\/#\/schema\/logo\/image\/","url":"https:\/\/www.americanonewspaper.com\/es\/wp-content\/uploads\/2024\/05\/AmericanoLogoCircle.comCircle2.jpg","contentUrl":"https:\/\/www.americanonewspaper.com\/es\/wp-content\/uploads\/2024\/05\/AmericanoLogoCircle.comCircle2.jpg","width":600,"height":600,"caption":"Americano Newspaper"},"image":{"@id":"https:\/\/www.americanonewspaper.com\/es\/#\/schema\/logo\/image\/"},"sameAs":["https:\/\/www.facebook.com\/AmericanoNewspaper\/"]},{"@type":"Person","@id":"https:\/\/www.americanonewspaper.com\/es\/#\/schema\/person\/8967f6b8af7e37bcbbe61f68580ff088","name":"Author","image":{"@type":"ImageObject","inLanguage":"en-US","@id":"https:\/\/www.americanonewspaper.com\/es\/wp-content\/litespeed\/avatar\/89ffaf6af3cf6769ffb3c6efb2313947.jpg?ver=1787930627","url":"https:\/\/www.americanonewspaper.com\/es\/wp-content\/litespeed\/avatar\/89ffaf6af3cf6769ffb3c6efb2313947.jpg?ver=1787930627","contentUrl":"https:\/\/www.americanonewspaper.com\/es\/wp-content\/litespeed\/avatar\/89ffaf6af3cf6769ffb3c6efb2313947.jpg?ver=1787930627","caption":"Author"},"url":"https:\/\/www.americanonewspaper.com\/es\/author\/americano\/"}]}},"jetpack_publicize_connections":[],"featured_image_urls":{"full":["https:\/\/www.americanonewspaper.com\/es\/wp-content\/uploads\/2026\/08\/Carlos-Espih.jpeg",560,373,false],"thumbnail":["https:\/\/www.americanonewspaper.com\/es\/wp-content\/uploads\/2026\/08\/Carlos-Espih-250x250.jpeg",250,250,true],"medium":["https:\/\/www.americanonewspaper.com\/es\/wp-content\/uploads\/2026\/08\/Carlos-Espih-300x200.jpeg",300,200,true],"medium_large":["https:\/\/www.americanonewspaper.com\/es\/wp-content\/uploads\/2026\/08\/Carlos-Espih.jpeg",560,373,false],"large":["https:\/\/www.americanonewspaper.com\/es\/wp-content\/uploads\/2026\/08\/Carlos-Espih.jpeg",560,373,false],"1536x1536":["https:\/\/www.americanonewspaper.com\/es\/wp-content\/uploads\/2026\/08\/Carlos-Espih.jpeg",560,373,false],"2048x2048":["https:\/\/www.americanonewspaper.com\/es\/wp-content\/uploads\/2026\/08\/Carlos-Espih.jpeg",560,373,false],"td_150x0":["https:\/\/www.americanonewspaper.com\/es\/wp-content\/uploads\/2026\/08\/Carlos-Espih-150x100.jpeg",150,100,true],"td_218x150":["https:\/\/www.americanonewspaper.com\/es\/wp-content\/uploads\/2026\/08\/Carlos-Espih-218x150.jpeg",218,150,true],"td_300x0":["https:\/\/www.americanonewspaper.com\/es\/wp-content\/uploads\/2026\/08\/Carlos-Espih-300x200.jpeg",300,200,true],"td_324x400":["https:\/\/www.americanonewspaper.com\/es\/wp-content\/uploads\/2026\/08\/Carlos-Espih-324x373.jpeg",324,373,true],"td_485x360":["https:\/\/www.americanonewspaper.com\/es\/wp-content\/uploads\/2026\/08\/Carlos-Espih-485x360.jpeg",485,360,true],"td_696x0":["https:\/\/www.americanonewspaper.com\/es\/wp-content\/uploads\/2026\/08\/Carlos-Espih.jpeg",560,373,false],"td_1068x0":["https:\/\/www.americanonewspaper.com\/es\/wp-content\/uploads\/2026\/08\/Carlos-Espih.jpeg",560,373,false],"td_1920x0":["https:\/\/www.americanonewspaper.com\/es\/wp-content\/uploads\/2026\/08\/Carlos-Espih.jpeg",560,373,false],"bdpp-medium":["https:\/\/www.americanonewspaper.com\/es\/wp-content\/uploads\/2026\/08\/Carlos-Espih.jpeg",560,373,false]},"author_info":{"display_name":"Author","author_link":"https:\/\/www.americanonewspaper.com\/es\/author\/americano\/"},"category_info":"<a href=\"https:\/\/www.americanonewspaper.com\/es\/category\/fifa\/\" rel=\"category tag\">FIFA<\/a> <a href=\"https:\/\/www.americanonewspaper.com\/es\/category\/fifa\/futbol\/\" rel=\"category tag\">F\u00fatbol<\/a> <a href=\"https:\/\/www.americanonewspaper.com\/es\/category\/futbol-espanol\/\" rel=\"category tag\">F\u00fatbol Espa\u00f1ol<\/a> <a href=\"https:\/\/www.americanonewspaper.com\/es\/category\/futbol-mundial-2026\/\" rel=\"category tag\">F\u00fatbol Mundial 2026<\/a> <a href=\"https:\/\/www.americanonewspaper.com\/es\/category\/hungria\/\" rel=\"category tag\">Hungr\u00eda<\/a> <a href=\"https:\/\/www.americanonewspaper.com\/es\/category\/fifa\/laliga-ea-sports\/\" rel=\"category tag\">LaLiga EA Sports<\/a> <a href=\"https:\/\/www.americanonewspaper.com\/es\/category\/real-madrid\/\" rel=\"category tag\">Real Madrid<\/a>","tag_info":"Real Madrid","comment_count":"0","jetpack_sharing_enabled":true,"jetpack_likes_enabled":true,"jetpack_featured_media_url":"https:\/\/www.americanonewspaper.com\/es\/wp-content\/uploads\/2026\/08\/Carlos-Espih.jpeg","_links":{"self":[{"href":"https:\/\/www.americanonewspaper.com\/es\/wp-json\/wp\/v2\/posts\/33395","targetHints":{"allow":["GET"]}}],"collection":[{"href":"https:\/\/www.americanonewspaper.com\/es\/wp-json\/wp\/v2\/posts"}],"about":[{"href":"https:\/\/www.americanonewspaper.com\/es\/wp-json\/wp\/v2\/types\/post"}],"author":[{"embeddable":true,"href":"https:\/\/www.americanonewspaper.com\/es\/wp-json\/wp\/v2\/users\/7"}],"replies":[{"embeddable":true,"href":"https:\/\/www.americanonewspaper.com\/es\/wp-json\/wp\/v2\/comments?post=33395"}],"version-history":[{"count":2,"href":"https:\/\/www.americanonewspaper.com\/es\/wp-json\/wp\/v2\/posts\/33395\/revisions"}],"predecessor-version":[{"id":33400,"href":"https:\/\/www.americanonewspaper.com\/es\/wp-json\/wp\/v2\/posts\/33395\/revisions\/33400"}],"wp:featuredmedia":[{"embeddable":true,"href":"https:\/\/www.americanonewspaper.com\/es\/wp-json\/wp\/v2\/media\/33396"}],"wp:attachment":[{"href":"https:\/\/www.americanonewspaper.com\/es\/wp-json\/wp\/v2\/media?parent=33395"}],"wp:term":[{"taxonomy":"category","embeddable":true,"href":"https:\/\/www.americanonewspaper.com\/es\/wp-json\/wp\/v2\/categories?post=33395"},{"taxonomy":"post_tag","embeddable":true,"href":"https:\/\/www.americanonewspaper.com\/es\/wp-json\/wp\/v2\/tags?post=33395"}],"curies":[{"name":"wp","href":"https:\/\/api.w.org\/{rel}","templated":true}]}}