{"id":33382,"date":"2026-08-07T20:49:31","date_gmt":"2026-08-08T00:49:31","guid":{"rendered":"https:\/\/www.americanonewspaper.com\/es\/?p=33382"},"modified":"2026-08-07T20:49:37","modified_gmt":"2026-08-08T00:49:37","slug":"los-50-mas-bellos-de-2026","status":"publish","type":"post","link":"https:\/\/www.americanonewspaper.com\/es\/colombia\/los-50-mas-bellos-de-2026\/","title":{"rendered":"&#8216;Los 50 m\u00e1s bellos&#8217; de 2026"},"content":{"rendered":"\n<p class=\"wp-block-paragraph\">Miami (EE.UU.), 7 ago (EFE).- <\/p>\n\n\n\n<p class=\"dropcapp3 wp-block-paragraph\">La cantante mexicana Belinda lidera la lista de &#8216;Los 50 m\u00e1s bellos&#8217; de 2026 de la revista People en Espa\u00f1ol, que tambi\u00e9n coloc\u00f3 en posiciones destacadas a la colombiana Karol G, la actriz dominicana Zoe Salda\u00f1a, la modelo puertorrique\u00f1a Dayanara Torres y el baloncestista mexicano Karim L\u00f3pez.<\/p>\n\n\n\n<figure class=\"wp-block-image size-full\"><a href=\"https:\/\/ggllawyers.com\/es\/new-jersey-personal-injury-and-workers-compensation-lawyer\/\" target=\"_blank\" rel=\" noreferrer noopener\"><img fetchpriority=\"high\" decoding=\"async\" width=\"560\" height=\"269\" src=\"https:\/\/www.americanonewspaper.com\/es\/wp-content\/uploads\/2026\/07\/GGlSpanish-1.jpg\" alt=\"ABOGADOS DE ACCIDENTES\" class=\"wp-image-33267\" srcset=\"https:\/\/www.americanonewspaper.com\/es\/wp-content\/uploads\/2026\/07\/GGlSpanish-1.jpg 560w, https:\/\/www.americanonewspaper.com\/es\/wp-content\/uploads\/2026\/07\/GGlSpanish-1-300x144.jpg 300w, https:\/\/www.americanonewspaper.com\/es\/wp-content\/uploads\/2026\/07\/GGlSpanish-1-150x72.jpg 150w\" sizes=\"(max-width: 560px) 100vw, 560px\" \/><\/a><figcaption class=\"wp-element-caption\">ABOGADOS DE ACCIDENTES<\/figcaption><\/figure>\n\n\n\n<p class=\"wp-block-paragraph\">La publicaci\u00f3n, que describi\u00f3 a la artista mexicana nacida en Espa\u00f1a como &#8220;imparable&#8221; y con &#8220;buen sentido del humor&#8221;, destac\u00f3 sus proyectos de este a\u00f1o, como su rol protag\u00f3nico en &#8216;Carlota&#8217;, la pr\u00f3xima serie hist\u00f3rica de HBO sobre la hom\u00f3nima emperatriz de M\u00e9xico, y su tema &#8216;Por ella&#8217; del Mundial de f\u00fatbol.<\/p>\n\n\n\n<figure class=\"wp-block-image size-large\" style=\"max-width:560px\"><img decoding=\"async\" width=\"750\" height=\"500\" src=\"https:\/\/www.americanonewspaper.com\/es\/wp-content\/uploads\/2024\/02\/Karol-G-750x500.jpg\" alt=\"\" class=\"wp-image-21506\" srcset=\"https:\/\/www.americanonewspaper.com\/es\/wp-content\/uploads\/2024\/02\/Karol-G-750x500.jpg 750w, https:\/\/www.americanonewspaper.com\/es\/wp-content\/uploads\/2024\/02\/Karol-G-300x200.jpg 300w, https:\/\/www.americanonewspaper.com\/es\/wp-content\/uploads\/2024\/02\/Karol-G-768x512.jpg 768w, https:\/\/www.americanonewspaper.com\/es\/wp-content\/uploads\/2024\/02\/Karol-G-150x100.jpg 150w, https:\/\/www.americanonewspaper.com\/es\/wp-content\/uploads\/2024\/02\/Karol-G-696x464.jpg 696w, https:\/\/www.americanonewspaper.com\/es\/wp-content\/uploads\/2024\/02\/Karol-G.jpg 899w\" sizes=\"(max-width: 750px) 100vw, 750px\" \/><figcaption class=\"wp-element-caption\">La cantante colombiana Karol G, en una fotograf\u00eda de archivo. EFE\/Sarah Yenesel<br><\/figcaption><\/figure>\n\n\n\n<p class=\"wp-block-paragraph\">&#8220;Los pensamientos, la energ\u00eda, los valores, la educaci\u00f3n, para m\u00ed todo eso es belleza y me fijo cada vez m\u00e1s en esos detalles y esos detalles hacen que una persona sea bella por dentro y por fuera&#8221;, coment\u00f3 la tambi\u00e9n actriz de 36 a\u00f1os a la revista sobre su nombramiento.<\/p>\n\n\n\n<p class=\"wp-block-paragraph\">En su secci\u00f3n sobre m\u00fasica, People en Espa\u00f1ol escogi\u00f3 como la m\u00e1s destacada a la colombiana Karol G, seguida por la mexicana Danna Paola, el puertorrique\u00f1o Luis Fonsi, el colombiano Feid y el cubano Cimafunk.<\/p>\n\n\n\n<figure class=\"wp-block-image size-full\"><a href=\"https:\/\/www.linkedin.com\/in\/jaimeberrios\/\" target=\"_blank\" rel=\" noreferrer noopener\"><img decoding=\"async\" width=\"560\" height=\"257\" src=\"https:\/\/www.americanonewspaper.com\/es\/wp-content\/uploads\/2026\/07\/Jaime-copy-2-1.jpg\" alt=\"AUTOS Y CAMIONES NUEVOS Y USADOS\" class=\"wp-image-33268\" srcset=\"https:\/\/www.americanonewspaper.com\/es\/wp-content\/uploads\/2026\/07\/Jaime-copy-2-1.jpg 560w, https:\/\/www.americanonewspaper.com\/es\/wp-content\/uploads\/2026\/07\/Jaime-copy-2-1-300x138.jpg 300w, https:\/\/www.americanonewspaper.com\/es\/wp-content\/uploads\/2026\/07\/Jaime-copy-2-1-150x69.jpg 150w\" sizes=\"(max-width: 560px) 100vw, 560px\" \/><\/a><figcaption class=\"wp-element-caption\">AUTOS Y CAMIONES NUEVOS Y USADOS<\/figcaption><\/figure>\n\n\n\n<p class=\"wp-block-paragraph\">En la categor\u00eda de actuaci\u00f3n lidera la lista la dominicana Zoe Salda\u00f1a, por encima de la mexicana Sof\u00eda Castro, hija de la actriz y ex primera dama Ang\u00e9lica Rivera, adem\u00e1s del brasile\u00f1o Marcus Ornellas, Jennifer L\u00f3pez y la colombiana Danna Garc\u00eda.<\/p>\n\n\n\n<figure class=\"wp-block-image size-large\" style=\"max-width:560px\"><img loading=\"lazy\" decoding=\"async\" width=\"750\" height=\"500\" src=\"https:\/\/www.americanonewspaper.com\/es\/wp-content\/uploads\/2025\/02\/Zoe-Zaldana2-750x500.jpg\" alt=\"Imagen de archivo de la actriz estadounidense de origen dominicano Zoe Salda\u00f1a. EFE\/EPA\/ALLISON DINNER\" class=\"wp-image-24949\" srcset=\"https:\/\/www.americanonewspaper.com\/es\/wp-content\/uploads\/2025\/02\/Zoe-Zaldana2-750x500.jpg 750w, https:\/\/www.americanonewspaper.com\/es\/wp-content\/uploads\/2025\/02\/Zoe-Zaldana2-300x200.jpg 300w, https:\/\/www.americanonewspaper.com\/es\/wp-content\/uploads\/2025\/02\/Zoe-Zaldana2-768x512.jpg 768w, https:\/\/www.americanonewspaper.com\/es\/wp-content\/uploads\/2025\/02\/Zoe-Zaldana2-150x100.jpg 150w, https:\/\/www.americanonewspaper.com\/es\/wp-content\/uploads\/2025\/02\/Zoe-Zaldana2-696x464.jpg 696w, https:\/\/www.americanonewspaper.com\/es\/wp-content\/uploads\/2025\/02\/Zoe-Zaldana2.jpg 900w\" sizes=\"(max-width: 750px) 100vw, 750px\" \/><figcaption class=\"wp-element-caption\">Imagen de archivo de la actriz estadounidense de origen dominicano Zoe Salda\u00f1a. EFE\/EPA\/ALLISON DINNER<br><\/figcaption><\/figure>\n\n\n\n<p class=\"wp-block-paragraph\">Mientras que en la clasificaci\u00f3n de televisi\u00f3n o presentadores de p\u00f3dcasts aparece en primer lugar Dayanara Torres, Miss Universo en 1993, sobre el conductor venezolano Rodner Garc\u00eda, la colombiana Carmen Villalobos, la puertorrique\u00f1a Karla Monroig y el cubano William Vald\u00e9s.<\/p>\n\n\n\n<figure class=\"wp-block-image size-full\"><a href=\"https:\/\/www.latindigitalsolutionsca.com\/es\/promocion-americano-newspaper-tayakan\/?utm_source=americanonewspaper&amp;utm_medium=banner&amp;utm_campaign=business_growth_2026&amp;utm_content=americanonews_es_banner\" target=\"_blank\" rel=\" noreferrer noopener\"><img loading=\"lazy\" decoding=\"async\" width=\"560\" height=\"270\" src=\"https:\/\/www.americanonewspaper.com\/es\/wp-content\/uploads\/2026\/07\/SpanishJuan-1.jpeg\" alt=\"\" class=\"wp-image-33218\" srcset=\"https:\/\/www.americanonewspaper.com\/es\/wp-content\/uploads\/2026\/07\/SpanishJuan-1.jpeg 560w, https:\/\/www.americanonewspaper.com\/es\/wp-content\/uploads\/2026\/07\/SpanishJuan-1-300x145.jpeg 300w, https:\/\/www.americanonewspaper.com\/es\/wp-content\/uploads\/2026\/07\/SpanishJuan-1-150x72.jpeg 150w\" sizes=\"(max-width: 560px) 100vw, 560px\" \/><\/a><\/figure>\n\n\n\n<p class=\"wp-block-paragraph\">Y en la clasificaci\u00f3n de deportes, People destac\u00f3 a Karim L\u00f3pez, primer mexicano elegido en la primera ronda de selecci\u00f3n de jugadores de la NBA, adem\u00e1s del ciclista mexicano Isaac del Toro, el cubanoestadounidense Fernando Mendoza, la \u00e1rbitra mexicana de f\u00fatbol Katia Itzel Garc\u00eda y el futbolista espa\u00f1ol Lamine Yamal.<\/p>\n\n\n\n<figure class=\"wp-block-image size-full\"><img loading=\"lazy\" decoding=\"async\" width=\"600\" height=\"400\" src=\"https:\/\/www.americanonewspaper.com\/es\/wp-content\/uploads\/2026\/07\/84ab8eceb7f22d5c6041952873ba8a6fd84e2fe7m.jpg\" alt=\"\" class=\"wp-image-33063\" srcset=\"https:\/\/www.americanonewspaper.com\/es\/wp-content\/uploads\/2026\/07\/84ab8eceb7f22d5c6041952873ba8a6fd84e2fe7m.jpg 600w, https:\/\/www.americanonewspaper.com\/es\/wp-content\/uploads\/2026\/07\/84ab8eceb7f22d5c6041952873ba8a6fd84e2fe7m-300x200.jpg 300w, https:\/\/www.americanonewspaper.com\/es\/wp-content\/uploads\/2026\/07\/84ab8eceb7f22d5c6041952873ba8a6fd84e2fe7m-150x100.jpg 150w\" sizes=\"(max-width: 600px) 100vw, 600px\" \/><figcaption class=\"wp-element-caption\">Lamine Yamal, en la rueda de prensa de Espa\u00f1a en Dallas (EE.UU.). EFE\/Kenneth Fern\u00e1ndez<\/figcaption><\/figure>\n\n\n\n<p class=\"wp-block-paragraph\">&#8220;Los protagonistas de esta lista son solo una muestra de que el deporte tiene cada vez m\u00e1s un rostro latino y acento espa\u00f1ol&#8221;, apunt\u00f3 la publicaci\u00f3n.<\/p>\n\n\n\n<figure class=\"wp-block-image size-full\"><a href=\"https:\/\/tayakan.com\/\" target=\"_blank\" rel=\" noreferrer noopener\"><img loading=\"lazy\" decoding=\"async\" width=\"560\" height=\"164\" src=\"https:\/\/www.americanonewspaper.com\/es\/wp-content\/uploads\/2026\/08\/Tayakanlogo560-copy-2.jpg\" alt=\"\" class=\"wp-image-33281\" srcset=\"https:\/\/www.americanonewspaper.com\/es\/wp-content\/uploads\/2026\/08\/Tayakanlogo560-copy-2.jpg 560w, https:\/\/www.americanonewspaper.com\/es\/wp-content\/uploads\/2026\/08\/Tayakanlogo560-copy-2-300x88.jpg 300w, https:\/\/www.americanonewspaper.com\/es\/wp-content\/uploads\/2026\/08\/Tayakanlogo560-copy-2-150x44.jpg 150w\" sizes=\"(max-width: 560px) 100vw, 560px\" \/><\/a><\/figure>\n","protected":false},"excerpt":{"rendered":"<p>Miami (EE.UU.), 7 ago (EFE).- La cantante mexicana Belinda lidera la lista de &#8216;Los 50 m\u00e1s bellos&#8217; de 2026 de la revista People en Espa\u00f1ol, que tambi\u00e9n coloc\u00f3 en posiciones destacadas a la colombiana Karol G, la actriz dominicana Zoe Salda\u00f1a, la modelo puertorrique\u00f1a Dayanara Torres y el baloncestista mexicano Karim L\u00f3pez. La publicaci\u00f3n, que [&hellip;]<\/p>\n","protected":false},"author":7,"featured_media":33383,"comment_status":"open","ping_status":"open","sticky":false,"template":"","format":"standard","meta":{"_acf_changed":false,"tdm_status":"","tdm_grid_status":"","_jetpack_newsletter_access":"","_jetpack_dont_email_post_to_subs":false,"_jetpack_newsletter_tier_id":0,"_jetpack_memberships_contains_paywalled_content":false,"_jetpack_feature_clip_id":0,"_jetpack_memberships_contains_paid_content":false,"footnotes":"","jetpack_publicize_message":"{title}\n\n{excerpt}\n\n{url}","jetpack_publicize_feature_enabled":true,"jetpack_social_post_already_shared":false,"jetpack_social_options":{"image_generator_settings":{"template":"highway","default_image_id":0,"font":"","enabled":false,"token":"eyJpbWciOiJodHRwczpcL1wvd3d3LmFtZXJpY2Fub25ld3NwYXBlci5jb21cL2VzXC93cC1jb250ZW50XC91cGxvYWRzXC8yMDI2XC8wOFwvQmVsaW5kYS5qcGVnIiwidHh0IjoiJ0xvcyA1MCBtXHUwMGUxcyBiZWxsb3MnIGRlIDIwMjYiLCJ0ZW1wbGF0ZSI6ImhpZ2h3YXkiLCJmb250IjoiIiwiYmxvZ19pZCI6MjI4NjE5NTc0fQ.r_jcJfYYMO-QiaDrvNnbsU1cc_mFm-pItf5LPZPacxkMQ"},"version":2,"media_source":"featured-image","attached_media":[{"id":33383,"url":"https:\/\/www.americanonewspaper.com\/es\/wp-content\/uploads\/2026\/08\/Belinda.jpeg","type":"image\/jpeg"}]},"_wpas_customize_per_network":false,"jetpack_post_was_ever_published":false,"_members_access_role":[],"_members_access_error":""},"categories":[128,567,527,528,273,558],"tags":[],"class_list":["post-33382","post","type-post","status-publish","format-standard","has-post-thumbnail","category-espana","category-farandula","category-mexico-2","category-puerto-rico","category-republica-dominicana"],"acf":[],"yoast_head":"<!-- This site is optimized with the Yoast SEO Premium plugin v28.4 (Yoast SEO v28.4) - https:\/\/yoast.com\/product\/yoast-seo-premium-wordpress\/ -->\n<title>&#039;Los 50 m\u00e1s bellos&#039; de 2026 - Americano Newspaper<\/title>\n<meta name=\"description\" content=\"La cantante mexicana Belinda lidera la lista de &#039;Los 50 m\u00e1s bellos&#039; de 2026 de la revista People en Espa\u00f1ol, que tambi\u00e9n coloc\u00f3 en posiciones destacadas a la colombiana Karol G, la actriz dominicana Zoe Salda\u00f1a, la modelo puertorrique\u00f1a Dayanara Torres y el baloncestista mexicano Karim L\u00f3pez.\" \/>\n<meta name=\"robots\" content=\"index, follow, max-snippet:-1, max-image-preview:large, max-video-preview:-1\" \/>\n<link rel=\"canonical\" href=\"https:\/\/www.americanonewspaper.com\/es\/colombia\/los-50-mas-bellos-de-2026\/\" \/>\n<meta property=\"og:locale\" content=\"en_US\" \/>\n<meta property=\"og:type\" content=\"article\" \/>\n<meta property=\"og:title\" content=\"&#039;Los 50 m\u00e1s bellos&#039; de 2026\" \/>\n<meta property=\"og:description\" content=\"La cantante mexicana Belinda lidera la lista de &#039;Los 50 m\u00e1s bellos&#039; de 2026 de la revista People en Espa\u00f1ol, que tambi\u00e9n coloc\u00f3 en posiciones destacadas a la colombiana Karol G, la actriz dominicana Zoe Salda\u00f1a, la modelo puertorrique\u00f1a Dayanara Torres y el baloncestista mexicano Karim L\u00f3pez.\" \/>\n<meta property=\"og:url\" content=\"https:\/\/www.americanonewspaper.com\/es\/colombia\/los-50-mas-bellos-de-2026\/\" \/>\n<meta property=\"og:site_name\" content=\"Americano Newspaper\" \/>\n<meta property=\"article:publisher\" content=\"https:\/\/www.facebook.com\/AmericanoNewspaper\/\" \/>\n<meta property=\"article:published_time\" content=\"2026-08-08T00:49:31+00:00\" \/>\n<meta property=\"article:modified_time\" content=\"2026-08-08T00:49:37+00:00\" \/>\n<meta property=\"og:image\" content=\"https:\/\/www.americanonewspaper.com\/es\/wp-content\/uploads\/2026\/08\/Belinda.jpeg\" \/>\n\t<meta property=\"og:image:width\" content=\"560\" \/>\n\t<meta property=\"og:image:height\" content=\"373\" \/>\n\t<meta property=\"og:image:type\" content=\"image\/jpeg\" \/>\n<meta name=\"author\" content=\"Author\" \/>\n<meta name=\"twitter:card\" content=\"summary_large_image\" \/>\n<meta name=\"twitter:label1\" content=\"Written by\" \/>\n\t<meta name=\"twitter:data1\" content=\"Author\" \/>\n\t<meta name=\"twitter:label2\" content=\"Est. reading time\" \/>\n\t<meta name=\"twitter:data2\" content=\"4 minutes\" \/>\n<script type=\"application\/ld+json\" class=\"yoast-schema-graph\">{\"@context\":\"https:\\\/\\\/schema.org\",\"@graph\":[{\"@type\":\"Article\",\"@id\":\"https:\\\/\\\/www.americanonewspaper.com\\\/es\\\/colombia\\\/los-50-mas-bellos-de-2026\\\/#article\",\"isPartOf\":{\"@id\":\"https:\\\/\\\/www.americanonewspaper.com\\\/es\\\/colombia\\\/los-50-mas-bellos-de-2026\\\/\"},\"author\":{\"name\":\"Author\",\"@id\":\"https:\\\/\\\/www.americanonewspaper.com\\\/es\\\/#\\\/schema\\\/person\\\/8967f6b8af7e37bcbbe61f68580ff088\"},\"headline\":\"&#8216;Los 50 m\u00e1s bellos&#8217; de 2026\",\"datePublished\":\"2026-08-08T00:49:31+00:00\",\"dateModified\":\"2026-08-08T00:49:37+00:00\",\"mainEntityOfPage\":{\"@id\":\"https:\\\/\\\/www.americanonewspaper.com\\\/es\\\/colombia\\\/los-50-mas-bellos-de-2026\\\/\"},\"wordCount\":456,\"commentCount\":0,\"publisher\":{\"@id\":\"https:\\\/\\\/www.americanonewspaper.com\\\/es\\\/#organization\"},\"image\":{\"@id\":\"https:\\\/\\\/www.americanonewspaper.com\\\/es\\\/colombia\\\/los-50-mas-bellos-de-2026\\\/#primaryimage\"},\"thumbnailUrl\":\"https:\\\/\\\/www.americanonewspaper.com\\\/es\\\/wp-content\\\/uploads\\\/2026\\\/08\\\/Belinda.jpeg\",\"articleSection\":[\"Colombia\",\"Espa\u00f1a\",\"Far\u00e1ndula\",\"M\u00e9xico\",\"Puerto Rico\",\"Rep\u00fablica Dominicana\"],\"inLanguage\":\"en-US\",\"potentialAction\":[{\"@type\":\"CommentAction\",\"name\":\"Comment\",\"target\":[\"https:\\\/\\\/www.americanonewspaper.com\\\/es\\\/colombia\\\/los-50-mas-bellos-de-2026\\\/#respond\"]}]},{\"@type\":\"WebPage\",\"@id\":\"https:\\\/\\\/www.americanonewspaper.com\\\/es\\\/colombia\\\/los-50-mas-bellos-de-2026\\\/\",\"url\":\"https:\\\/\\\/www.americanonewspaper.com\\\/es\\\/colombia\\\/los-50-mas-bellos-de-2026\\\/\",\"name\":\"'Los 50 m\u00e1s bellos' de 2026 - Americano Newspaper\",\"isPartOf\":{\"@id\":\"https:\\\/\\\/www.americanonewspaper.com\\\/es\\\/#website\"},\"primaryImageOfPage\":{\"@id\":\"https:\\\/\\\/www.americanonewspaper.com\\\/es\\\/colombia\\\/los-50-mas-bellos-de-2026\\\/#primaryimage\"},\"image\":{\"@id\":\"https:\\\/\\\/www.americanonewspaper.com\\\/es\\\/colombia\\\/los-50-mas-bellos-de-2026\\\/#primaryimage\"},\"thumbnailUrl\":\"https:\\\/\\\/www.americanonewspaper.com\\\/es\\\/wp-content\\\/uploads\\\/2026\\\/08\\\/Belinda.jpeg\",\"datePublished\":\"2026-08-08T00:49:31+00:00\",\"dateModified\":\"2026-08-08T00:49:37+00:00\",\"description\":\"La cantante mexicana Belinda lidera la lista de 'Los 50 m\u00e1s bellos' de 2026 de la revista People en Espa\u00f1ol, que tambi\u00e9n coloc\u00f3 en posiciones destacadas a la colombiana Karol G, la actriz dominicana Zoe Salda\u00f1a, la modelo puertorrique\u00f1a Dayanara Torres y el baloncestista mexicano Karim L\u00f3pez.\",\"breadcrumb\":{\"@id\":\"https:\\\/\\\/www.americanonewspaper.com\\\/es\\\/colombia\\\/los-50-mas-bellos-de-2026\\\/#breadcrumb\"},\"inLanguage\":\"en-US\",\"potentialAction\":[{\"@type\":\"ReadAction\",\"target\":[\"https:\\\/\\\/www.americanonewspaper.com\\\/es\\\/colombia\\\/los-50-mas-bellos-de-2026\\\/\"]}]},{\"@type\":\"ImageObject\",\"inLanguage\":\"en-US\",\"@id\":\"https:\\\/\\\/www.americanonewspaper.com\\\/es\\\/colombia\\\/los-50-mas-bellos-de-2026\\\/#primaryimage\",\"url\":\"https:\\\/\\\/www.americanonewspaper.com\\\/es\\\/wp-content\\\/uploads\\\/2026\\\/08\\\/Belinda.jpeg\",\"contentUrl\":\"https:\\\/\\\/www.americanonewspaper.com\\\/es\\\/wp-content\\\/uploads\\\/2026\\\/08\\\/Belinda.jpeg\",\"width\":560,\"height\":373,\"caption\":\"Fotograf\u00eda de archivo del 20 de noviembre de 2025 donde aparece la cantante mexicana Belinda posando en Ciudad de M\u00e9xico (M\u00e9xico). EFE\\\/ Mario Guzm\u00e1n\"},{\"@type\":\"BreadcrumbList\",\"@id\":\"https:\\\/\\\/www.americanonewspaper.com\\\/es\\\/colombia\\\/los-50-mas-bellos-de-2026\\\/#breadcrumb\",\"itemListElement\":[{\"@type\":\"ListItem\",\"position\":1,\"name\":\"Home\",\"item\":\"https:\\\/\\\/www.americanonewspaper.com\\\/es\\\/\"},{\"@type\":\"ListItem\",\"position\":2,\"name\":\"&#8216;Los 50 m\u00e1s bellos&#8217; de 2026\"}]},{\"@type\":\"WebSite\",\"@id\":\"https:\\\/\\\/www.americanonewspaper.com\\\/es\\\/#website\",\"url\":\"https:\\\/\\\/www.americanonewspaper.com\\\/es\\\/\",\"name\":\"Americano Newspaper\",\"description\":\"The Hispanic Newspaper of New Jersey.\",\"publisher\":{\"@id\":\"https:\\\/\\\/www.americanonewspaper.com\\\/es\\\/#organization\"},\"potentialAction\":[{\"@type\":\"SearchAction\",\"target\":{\"@type\":\"EntryPoint\",\"urlTemplate\":\"https:\\\/\\\/www.americanonewspaper.com\\\/es\\\/?s={search_term_string}\"},\"query-input\":{\"@type\":\"PropertyValueSpecification\",\"valueRequired\":true,\"valueName\":\"search_term_string\"}}],\"inLanguage\":\"en-US\"},{\"@type\":\"Organization\",\"@id\":\"https:\\\/\\\/www.americanonewspaper.com\\\/es\\\/#organization\",\"name\":\"Americano Newspaper\",\"url\":\"https:\\\/\\\/www.americanonewspaper.com\\\/es\\\/\",\"logo\":{\"@type\":\"ImageObject\",\"inLanguage\":\"en-US\",\"@id\":\"https:\\\/\\\/www.americanonewspaper.com\\\/es\\\/#\\\/schema\\\/logo\\\/image\\\/\",\"url\":\"https:\\\/\\\/www.americanonewspaper.com\\\/es\\\/wp-content\\\/uploads\\\/2024\\\/05\\\/AmericanoLogoCircle.comCircle2.jpg\",\"contentUrl\":\"https:\\\/\\\/www.americanonewspaper.com\\\/es\\\/wp-content\\\/uploads\\\/2024\\\/05\\\/AmericanoLogoCircle.comCircle2.jpg\",\"width\":600,\"height\":600,\"caption\":\"Americano Newspaper\"},\"image\":{\"@id\":\"https:\\\/\\\/www.americanonewspaper.com\\\/es\\\/#\\\/schema\\\/logo\\\/image\\\/\"},\"sameAs\":[\"https:\\\/\\\/www.facebook.com\\\/AmericanoNewspaper\\\/\"]},{\"@type\":\"Person\",\"@id\":\"https:\\\/\\\/www.americanonewspaper.com\\\/es\\\/#\\\/schema\\\/person\\\/8967f6b8af7e37bcbbe61f68580ff088\",\"name\":\"Author\",\"image\":{\"@type\":\"ImageObject\",\"inLanguage\":\"en-US\",\"@id\":\"https:\\\/\\\/www.americanonewspaper.com\\\/es\\\/wp-content\\\/litespeed\\\/avatar\\\/89ffaf6af3cf6769ffb3c6efb2313947.jpg?ver=1787930627\",\"url\":\"https:\\\/\\\/www.americanonewspaper.com\\\/es\\\/wp-content\\\/litespeed\\\/avatar\\\/89ffaf6af3cf6769ffb3c6efb2313947.jpg?ver=1787930627\",\"contentUrl\":\"https:\\\/\\\/www.americanonewspaper.com\\\/es\\\/wp-content\\\/litespeed\\\/avatar\\\/89ffaf6af3cf6769ffb3c6efb2313947.jpg?ver=1787930627\",\"caption\":\"Author\"},\"url\":\"https:\\\/\\\/www.americanonewspaper.com\\\/es\\\/author\\\/americano\\\/\"}]}<\/script>\n<!-- \/ Yoast SEO Premium plugin. -->","yoast_head_json":{"title":"'Los 50 m\u00e1s bellos' de 2026 - Americano Newspaper","description":"La cantante mexicana Belinda lidera la lista de 'Los 50 m\u00e1s bellos' de 2026 de la revista People en Espa\u00f1ol, que tambi\u00e9n coloc\u00f3 en posiciones destacadas a la colombiana Karol G, la actriz dominicana Zoe Salda\u00f1a, la modelo puertorrique\u00f1a Dayanara Torres y el baloncestista mexicano Karim L\u00f3pez.","robots":{"index":"index","follow":"follow","max-snippet":"max-snippet:-1","max-image-preview":"max-image-preview:large","max-video-preview":"max-video-preview:-1"},"canonical":"https:\/\/www.americanonewspaper.com\/es\/colombia\/los-50-mas-bellos-de-2026\/","og_locale":"en_US","og_type":"article","og_title":"'Los 50 m\u00e1s bellos' de 2026","og_description":"La cantante mexicana Belinda lidera la lista de 'Los 50 m\u00e1s bellos' de 2026 de la revista People en Espa\u00f1ol, que tambi\u00e9n coloc\u00f3 en posiciones destacadas a la colombiana Karol G, la actriz dominicana Zoe Salda\u00f1a, la modelo puertorrique\u00f1a Dayanara Torres y el baloncestista mexicano Karim L\u00f3pez.","og_url":"https:\/\/www.americanonewspaper.com\/es\/colombia\/los-50-mas-bellos-de-2026\/","og_site_name":"Americano Newspaper","article_publisher":"https:\/\/www.facebook.com\/AmericanoNewspaper\/","article_published_time":"2026-08-08T00:49:31+00:00","article_modified_time":"2026-08-08T00:49:37+00:00","og_image":[{"width":560,"height":373,"url":"https:\/\/www.americanonewspaper.com\/es\/wp-content\/uploads\/2026\/08\/Belinda.jpeg","type":"image\/jpeg"}],"author":"Author","twitter_card":"summary_large_image","twitter_misc":{"Written by":"Author","Est. reading time":"4 minutes"},"schema":{"@context":"https:\/\/schema.org","@graph":[{"@type":"Article","@id":"https:\/\/www.americanonewspaper.com\/es\/colombia\/los-50-mas-bellos-de-2026\/#article","isPartOf":{"@id":"https:\/\/www.americanonewspaper.com\/es\/colombia\/los-50-mas-bellos-de-2026\/"},"author":{"name":"Author","@id":"https:\/\/www.americanonewspaper.com\/es\/#\/schema\/person\/8967f6b8af7e37bcbbe61f68580ff088"},"headline":"&#8216;Los 50 m\u00e1s bellos&#8217; de 2026","datePublished":"2026-08-08T00:49:31+00:00","dateModified":"2026-08-08T00:49:37+00:00","mainEntityOfPage":{"@id":"https:\/\/www.americanonewspaper.com\/es\/colombia\/los-50-mas-bellos-de-2026\/"},"wordCount":456,"commentCount":0,"publisher":{"@id":"https:\/\/www.americanonewspaper.com\/es\/#organization"},"image":{"@id":"https:\/\/www.americanonewspaper.com\/es\/colombia\/los-50-mas-bellos-de-2026\/#primaryimage"},"thumbnailUrl":"https:\/\/www.americanonewspaper.com\/es\/wp-content\/uploads\/2026\/08\/Belinda.jpeg","articleSection":["Colombia","Espa\u00f1a","Far\u00e1ndula","M\u00e9xico","Puerto Rico","Rep\u00fablica Dominicana"],"inLanguage":"en-US","potentialAction":[{"@type":"CommentAction","name":"Comment","target":["https:\/\/www.americanonewspaper.com\/es\/colombia\/los-50-mas-bellos-de-2026\/#respond"]}]},{"@type":"WebPage","@id":"https:\/\/www.americanonewspaper.com\/es\/colombia\/los-50-mas-bellos-de-2026\/","url":"https:\/\/www.americanonewspaper.com\/es\/colombia\/los-50-mas-bellos-de-2026\/","name":"'Los 50 m\u00e1s bellos' de 2026 - Americano Newspaper","isPartOf":{"@id":"https:\/\/www.americanonewspaper.com\/es\/#website"},"primaryImageOfPage":{"@id":"https:\/\/www.americanonewspaper.com\/es\/colombia\/los-50-mas-bellos-de-2026\/#primaryimage"},"image":{"@id":"https:\/\/www.americanonewspaper.com\/es\/colombia\/los-50-mas-bellos-de-2026\/#primaryimage"},"thumbnailUrl":"https:\/\/www.americanonewspaper.com\/es\/wp-content\/uploads\/2026\/08\/Belinda.jpeg","datePublished":"2026-08-08T00:49:31+00:00","dateModified":"2026-08-08T00:49:37+00:00","description":"La cantante mexicana Belinda lidera la lista de 'Los 50 m\u00e1s bellos' de 2026 de la revista People en Espa\u00f1ol, que tambi\u00e9n coloc\u00f3 en posiciones destacadas a la colombiana Karol G, la actriz dominicana Zoe Salda\u00f1a, la modelo puertorrique\u00f1a Dayanara Torres y el baloncestista mexicano Karim L\u00f3pez.","breadcrumb":{"@id":"https:\/\/www.americanonewspaper.com\/es\/colombia\/los-50-mas-bellos-de-2026\/#breadcrumb"},"inLanguage":"en-US","potentialAction":[{"@type":"ReadAction","target":["https:\/\/www.americanonewspaper.com\/es\/colombia\/los-50-mas-bellos-de-2026\/"]}]},{"@type":"ImageObject","inLanguage":"en-US","@id":"https:\/\/www.americanonewspaper.com\/es\/colombia\/los-50-mas-bellos-de-2026\/#primaryimage","url":"https:\/\/www.americanonewspaper.com\/es\/wp-content\/uploads\/2026\/08\/Belinda.jpeg","contentUrl":"https:\/\/www.americanonewspaper.com\/es\/wp-content\/uploads\/2026\/08\/Belinda.jpeg","width":560,"height":373,"caption":"Fotograf\u00eda de archivo del 20 de noviembre de 2025 donde aparece la cantante mexicana Belinda posando en Ciudad de M\u00e9xico (M\u00e9xico). EFE\/ Mario Guzm\u00e1n"},{"@type":"BreadcrumbList","@id":"https:\/\/www.americanonewspaper.com\/es\/colombia\/los-50-mas-bellos-de-2026\/#breadcrumb","itemListElement":[{"@type":"ListItem","position":1,"name":"Home","item":"https:\/\/www.americanonewspaper.com\/es\/"},{"@type":"ListItem","position":2,"name":"&#8216;Los 50 m\u00e1s bellos&#8217; de 2026"}]},{"@type":"WebSite","@id":"https:\/\/www.americanonewspaper.com\/es\/#website","url":"https:\/\/www.americanonewspaper.com\/es\/","name":"Americano Newspaper","description":"The Hispanic Newspaper of New Jersey.","publisher":{"@id":"https:\/\/www.americanonewspaper.com\/es\/#organization"},"potentialAction":[{"@type":"SearchAction","target":{"@type":"EntryPoint","urlTemplate":"https:\/\/www.americanonewspaper.com\/es\/?s={search_term_string}"},"query-input":{"@type":"PropertyValueSpecification","valueRequired":true,"valueName":"search_term_string"}}],"inLanguage":"en-US"},{"@type":"Organization","@id":"https:\/\/www.americanonewspaper.com\/es\/#organization","name":"Americano Newspaper","url":"https:\/\/www.americanonewspaper.com\/es\/","logo":{"@type":"ImageObject","inLanguage":"en-US","@id":"https:\/\/www.americanonewspaper.com\/es\/#\/schema\/logo\/image\/","url":"https:\/\/www.americanonewspaper.com\/es\/wp-content\/uploads\/2024\/05\/AmericanoLogoCircle.comCircle2.jpg","contentUrl":"https:\/\/www.americanonewspaper.com\/es\/wp-content\/uploads\/2024\/05\/AmericanoLogoCircle.comCircle2.jpg","width":600,"height":600,"caption":"Americano Newspaper"},"image":{"@id":"https:\/\/www.americanonewspaper.com\/es\/#\/schema\/logo\/image\/"},"sameAs":["https:\/\/www.facebook.com\/AmericanoNewspaper\/"]},{"@type":"Person","@id":"https:\/\/www.americanonewspaper.com\/es\/#\/schema\/person\/8967f6b8af7e37bcbbe61f68580ff088","name":"Author","image":{"@type":"ImageObject","inLanguage":"en-US","@id":"https:\/\/www.americanonewspaper.com\/es\/wp-content\/litespeed\/avatar\/89ffaf6af3cf6769ffb3c6efb2313947.jpg?ver=1787930627","url":"https:\/\/www.americanonewspaper.com\/es\/wp-content\/litespeed\/avatar\/89ffaf6af3cf6769ffb3c6efb2313947.jpg?ver=1787930627","contentUrl":"https:\/\/www.americanonewspaper.com\/es\/wp-content\/litespeed\/avatar\/89ffaf6af3cf6769ffb3c6efb2313947.jpg?ver=1787930627","caption":"Author"},"url":"https:\/\/www.americanonewspaper.com\/es\/author\/americano\/"}]}},"jetpack_publicize_connections":[],"featured_image_urls":{"full":["https:\/\/www.americanonewspaper.com\/es\/wp-content\/uploads\/2026\/08\/Belinda.jpeg",560,373,false],"thumbnail":["https:\/\/www.americanonewspaper.com\/es\/wp-content\/uploads\/2026\/08\/Belinda-250x250.jpeg",250,250,true],"medium":["https:\/\/www.americanonewspaper.com\/es\/wp-content\/uploads\/2026\/08\/Belinda-300x200.jpeg",300,200,true],"medium_large":["https:\/\/www.americanonewspaper.com\/es\/wp-content\/uploads\/2026\/08\/Belinda.jpeg",560,373,false],"large":["https:\/\/www.americanonewspaper.com\/es\/wp-content\/uploads\/2026\/08\/Belinda.jpeg",560,373,false],"1536x1536":["https:\/\/www.americanonewspaper.com\/es\/wp-content\/uploads\/2026\/08\/Belinda.jpeg",560,373,false],"2048x2048":["https:\/\/www.americanonewspaper.com\/es\/wp-content\/uploads\/2026\/08\/Belinda.jpeg",560,373,false],"td_150x0":["https:\/\/www.americanonewspaper.com\/es\/wp-content\/uploads\/2026\/08\/Belinda-150x100.jpeg",150,100,true],"td_218x150":["https:\/\/www.americanonewspaper.com\/es\/wp-content\/uploads\/2026\/08\/Belinda-218x150.jpeg",218,150,true],"td_300x0":["https:\/\/www.americanonewspaper.com\/es\/wp-content\/uploads\/2026\/08\/Belinda-300x200.jpeg",300,200,true],"td_324x400":["https:\/\/www.americanonewspaper.com\/es\/wp-content\/uploads\/2026\/08\/Belinda-324x373.jpeg",324,373,true],"td_485x360":["https:\/\/www.americanonewspaper.com\/es\/wp-content\/uploads\/2026\/08\/Belinda-485x360.jpeg",485,360,true],"td_696x0":["https:\/\/www.americanonewspaper.com\/es\/wp-content\/uploads\/2026\/08\/Belinda.jpeg",560,373,false],"td_1068x0":["https:\/\/www.americanonewspaper.com\/es\/wp-content\/uploads\/2026\/08\/Belinda.jpeg",560,373,false],"td_1920x0":["https:\/\/www.americanonewspaper.com\/es\/wp-content\/uploads\/2026\/08\/Belinda.jpeg",560,373,false],"bdpp-medium":["https:\/\/www.americanonewspaper.com\/es\/wp-content\/uploads\/2026\/08\/Belinda.jpeg",560,373,false]},"author_info":{"display_name":"Author","author_link":"https:\/\/www.americanonewspaper.com\/es\/author\/americano\/"},"category_info":"<a href=\"https:\/\/www.americanonewspaper.com\/es\/category\/colombia\/\" rel=\"category tag\">Colombia<\/a> <a href=\"https:\/\/www.americanonewspaper.com\/es\/category\/europe\/espana\/\" rel=\"category tag\">Espa\u00f1a<\/a> <a href=\"https:\/\/www.americanonewspaper.com\/es\/category\/farandula\/\" rel=\"category tag\">Far\u00e1ndula<\/a> <a href=\"https:\/\/www.americanonewspaper.com\/es\/category\/mexico-2\/\" rel=\"category tag\">M\u00e9xico<\/a> <a href=\"https:\/\/www.americanonewspaper.com\/es\/category\/puerto-rico\/\" rel=\"category tag\">Puerto Rico<\/a> <a href=\"https:\/\/www.americanonewspaper.com\/es\/category\/dominican-republic\/republica-dominicana\/\" rel=\"category tag\">Rep\u00fablica Dominicana<\/a>","tag_info":"Rep\u00fablica Dominicana","comment_count":"0","jetpack_sharing_enabled":true,"jetpack_likes_enabled":true,"jetpack_featured_media_url":"https:\/\/www.americanonewspaper.com\/es\/wp-content\/uploads\/2026\/08\/Belinda.jpeg","_links":{"self":[{"href":"https:\/\/www.americanonewspaper.com\/es\/wp-json\/wp\/v2\/posts\/33382","targetHints":{"allow":["GET"]}}],"collection":[{"href":"https:\/\/www.americanonewspaper.com\/es\/wp-json\/wp\/v2\/posts"}],"about":[{"href":"https:\/\/www.americanonewspaper.com\/es\/wp-json\/wp\/v2\/types\/post"}],"author":[{"embeddable":true,"href":"https:\/\/www.americanonewspaper.com\/es\/wp-json\/wp\/v2\/users\/7"}],"replies":[{"embeddable":true,"href":"https:\/\/www.americanonewspaper.com\/es\/wp-json\/wp\/v2\/comments?post=33382"}],"version-history":[{"count":1,"href":"https:\/\/www.americanonewspaper.com\/es\/wp-json\/wp\/v2\/posts\/33382\/revisions"}],"predecessor-version":[{"id":33384,"href":"https:\/\/www.americanonewspaper.com\/es\/wp-json\/wp\/v2\/posts\/33382\/revisions\/33384"}],"wp:featuredmedia":[{"embeddable":true,"href":"https:\/\/www.americanonewspaper.com\/es\/wp-json\/wp\/v2\/media\/33383"}],"wp:attachment":[{"href":"https:\/\/www.americanonewspaper.com\/es\/wp-json\/wp\/v2\/media?parent=33382"}],"wp:term":[{"taxonomy":"category","embeddable":true,"href":"https:\/\/www.americanonewspaper.com\/es\/wp-json\/wp\/v2\/categories?post=33382"},{"taxonomy":"post_tag","embeddable":true,"href":"https:\/\/www.americanonewspaper.com\/es\/wp-json\/wp\/v2\/tags?post=33382"}],"curies":[{"name":"wp","href":"https:\/\/api.w.org\/{rel}","templated":true}]}}