{"id":33346,"date":"2026-08-05T19:03:49","date_gmt":"2026-08-05T23:03:49","guid":{"rendered":"https:\/\/www.americanonewspaper.com\/es\/?p=33346"},"modified":"2026-08-05T19:08:44","modified_gmt":"2026-08-05T23:08:44","slug":"una-madre-protectora","status":"publish","type":"post","link":"https:\/\/www.americanonewspaper.com\/es\/educacion\/una-madre-protectora\/","title":{"rendered":"Una Madre Protectora"},"content":{"rendered":"\n<p class=\"wp-block-paragraph\"><strong>La lucha de una madre por proteger a su hijo autista del maltrato<\/strong><\/p>\n\n\n\n<p class=\"wp-block-paragraph\"><em>No pod\u00eda hablar para contarle qu\u00e9 pas\u00f3 en la escuela. Ahora \u00e9l est\u00e1 a salvo \u2014 y ella exige respuestas<\/em><\/p>\n\n\n\n<p class=\"wp-block-paragraph\">Por Julie O&#8217;Connor, NJ Spotlight News<\/p>\n\n\n\n<p class=\"wp-block-paragraph\">Traducci\u00f3n de Valesca Ricardo\u00a0<\/p>\n\n\n\n<p class=\"dropcapp3 wp-block-paragraph\">El punto de quiebre para Natara Matias lleg\u00f3 el momento en que le levant\u00f3 la camisa a su hijo de 5 a\u00f1os y encontr\u00f3 una marca horrible: como la huella de la mano de un adulto estampada en su espalda.<\/p>\n\n\n\n<figure class=\"wp-block-image size-full\"><a href=\"https:\/\/ggllawyers.com\/es\/new-jersey-personal-injury-and-workers-compensation-lawyer\/\" target=\"_blank\" rel=\" noreferrer noopener\"><img fetchpriority=\"high\" decoding=\"async\" width=\"560\" height=\"269\" src=\"https:\/\/www.americanonewspaper.com\/es\/wp-content\/uploads\/2026\/07\/GGlSpanish-1.jpg\" alt=\"ABOGADOS DE ACCIDENTES\" class=\"wp-image-33267\" srcset=\"https:\/\/www.americanonewspaper.com\/es\/wp-content\/uploads\/2026\/07\/GGlSpanish-1.jpg 560w, https:\/\/www.americanonewspaper.com\/es\/wp-content\/uploads\/2026\/07\/GGlSpanish-1-300x144.jpg 300w, https:\/\/www.americanonewspaper.com\/es\/wp-content\/uploads\/2026\/07\/GGlSpanish-1-150x72.jpg 150w\" sizes=\"(max-width: 560px) 100vw, 560px\" \/><\/a><figcaption class=\"wp-element-caption\">ABOGADOS DE ACCIDENTES<\/figcaption><\/figure>\n\n\n\n<p class=\"wp-block-paragraph\">El ni\u00f1o llegaba a casa con lesiones inexplicables de manera rutinaria. Y solo ocurr\u00edan en sus escuelas, en Newark. Su hijo, quien tiene autismo y no puede comunicarse verbalmente, no pod\u00eda ayudarla a resolver el misterio.<\/p>\n\n\n\n<p class=\"wp-block-paragraph\">&#8220;Algo est\u00e1 pasando en este sistema escolar&#8221;, dice ella.<\/p>\n\n\n\n<p class=\"wp-block-paragraph\">As\u00ed comenz\u00f3 una odisea de dos a\u00f1os. Matias dice que le negaron el acceso a los reportes de lesiones. La amenazaron con cargos por ausentismo escolar. Le bloquearon la instrucci\u00f3n en el hogar. Le contaron una historia tras otra sobre qu\u00e9 le hab\u00eda pasado a su hijo, entre ellas una que se hab\u00eda lastimado en su propia casa. La polic\u00eda la rechaz\u00f3. Trasladaron al ni\u00f1o a otra escuela, donde los raspones y rasgu\u00f1os \u2014uno de ellos ahora una cicatriz\u2014 continuaron.<\/p>\n\n\n\n<figure class=\"wp-block-image size-large\"><img decoding=\"async\" width=\"800\" height=\"450\" src=\"https:\/\/www.americanonewspaper.com\/es\/wp-content\/uploads\/2026\/08\/image-6-800x450.jpeg\" alt=\"\" class=\"wp-image-33350\" srcset=\"https:\/\/www.americanonewspaper.com\/es\/wp-content\/uploads\/2026\/08\/image-6-800x450.jpeg 800w, https:\/\/www.americanonewspaper.com\/es\/wp-content\/uploads\/2026\/08\/image-6-300x169.jpeg 300w, https:\/\/www.americanonewspaper.com\/es\/wp-content\/uploads\/2026\/08\/image-6-768x432.jpeg 768w, https:\/\/www.americanonewspaper.com\/es\/wp-content\/uploads\/2026\/08\/image-6-1536x864.jpeg 1536w, https:\/\/www.americanonewspaper.com\/es\/wp-content\/uploads\/2026\/08\/image-6-150x84.jpeg 150w, https:\/\/www.americanonewspaper.com\/es\/wp-content\/uploads\/2026\/08\/image-6-696x392.jpeg 696w, https:\/\/www.americanonewspaper.com\/es\/wp-content\/uploads\/2026\/08\/image-6-1068x601.jpeg 1068w, https:\/\/www.americanonewspaper.com\/es\/wp-content\/uploads\/2026\/08\/image-6.jpeg 1920w\" sizes=\"(max-width: 800px) 100vw, 800px\" \/><\/figure>\n\n\n\n<p class=\"wp-block-paragraph\">J.M., un ni\u00f1o no verbal con autismo, est\u00e1 prosperando en su escuela actual. Antes de lograr esta exitosa colocaci\u00f3n, su madre hab\u00eda buscado ayuda de abogados, solo para enterarse de que ser\u00eda un caso dif\u00edcil. &#8220;Es dif\u00edcil probar estas cosas si \u00e9l  no es verbal&#8221;, dijo.<em> (Foto de John Mooney\/NJ Spotlight News)<\/em><\/p>\n\n\n\n<p class=\"wp-block-paragraph\">El hijo de Matias hoy est\u00e1 prosperando en otra escuela, un programa especializado fuera del distrito que cuesta cerca de $90,000 al a\u00f1o. Aun as\u00ed, ella tiene preguntas: \u00bfPor qu\u00e9 tuvo que luchar tanto, durante tanto tiempo, para proteger a su hijo? \u00bfPor qu\u00e9 hizo falta la intervenci\u00f3n del superintendente del condado para ofrecer un plan que garantizara su seguridad? \u00bfPor qu\u00e9 este rescate ocurri\u00f3 recientemente despu\u00e9s de que ella enviara fotos del manot\u00f3n para lograr que ese funcionario se involucrara?<\/p>\n\n\n\n<p class=\"wp-block-paragraph\">Y la pregunta m\u00e1s importante de todas: \u00bfcu\u00e1ntos otros padres podr\u00edan estar desconcertados por heridas misteriosas? \u00bfEst\u00e1n en peligro otros ni\u00f1os con discapacidades, particularmente en distritos que, como Newark, carecen de c\u00e1maras en las aulas de educaci\u00f3n especial?<\/p>\n\n\n\n<p class=\"wp-block-paragraph\">Cuando le pidieron que firmara un acuerdo de confidencialidad sobre el caso, Matias se neg\u00f3. Armada con expedientes detallados, le cont\u00f3 su historia a NJ Spotlight News para exponer lo que ella llama un punto ciego sist\u00e9mico en las escuelas p\u00fablicas de Nueva Jersey: el alto riesgo de maltrato que enfrentan los ni\u00f1os no verbales, tanto por parte de compa\u00f1eros como de adultos.<\/p>\n\n\n\n<p class=\"wp-block-paragraph\"><strong>Un chich\u00f3n del tama\u00f1o de un huevo<\/strong><\/p>\n\n\n\n<figure class=\"wp-block-image size-large\"><img decoding=\"async\" width=\"417\" height=\"500\" src=\"https:\/\/www.americanonewspaper.com\/es\/wp-content\/uploads\/2026\/08\/image-5-417x500.jpeg\" alt=\"\" class=\"wp-image-33349\" srcset=\"https:\/\/www.americanonewspaper.com\/es\/wp-content\/uploads\/2026\/08\/image-5-417x500.jpeg 417w, https:\/\/www.americanonewspaper.com\/es\/wp-content\/uploads\/2026\/08\/image-5-250x300.jpeg 250w, https:\/\/www.americanonewspaper.com\/es\/wp-content\/uploads\/2026\/08\/image-5-768x920.jpeg 768w, https:\/\/www.americanonewspaper.com\/es\/wp-content\/uploads\/2026\/08\/image-5-150x180.jpeg 150w, https:\/\/www.americanonewspaper.com\/es\/wp-content\/uploads\/2026\/08\/image-5-300x359.jpeg 300w, https:\/\/www.americanonewspaper.com\/es\/wp-content\/uploads\/2026\/08\/image-5-696x834.jpeg 696w, https:\/\/www.americanonewspaper.com\/es\/wp-content\/uploads\/2026\/08\/image-5.jpeg 834w\" sizes=\"(max-width: 417px) 100vw, 417px\" \/><figcaption class=\"wp-element-caption\">Chich\u00f3n o bulto en la frente de J.M.&nbsp;<\/figcaption><\/figure>\n\n\n\n<p class=\"wp-block-paragraph\">NJ Spotlight News se refiere al menor por sus iniciales para proteger su privacidad.<\/p>\n\n\n\n<p class=\"wp-block-paragraph\">J.M. vive con sus padres, ambos enfermeros practicantes. Es un ni\u00f1o dulce y alegre, seg\u00fan su madre, que se despierta sonriendo todas las ma\u00f1anas y se r\u00ede durante todo el d\u00eda.<\/p>\n\n\n\n<p class=\"wp-block-paragraph\">Usa el cabello en trenzas o twists. Le encantan las ensaladas y, como snacks, elige verduras crudas, en particular zanahorias. Le fascina el b\u00e1squetbol. De hecho, le gustan tanto las pelotas que colecciona de todo tipo \u2014desde pimp\u00f3n hasta tenis\u2014 y se las lleva todas a la cama para dormir con ellas por la noche.<\/p>\n\n\n\n<p class=\"wp-block-paragraph\">De alguna manera, este ni\u00f1o alegre iba a la escuela con buena salud y regresaba a casa con lesiones. Al principio, nadie ten\u00eda respuestas.<\/p>\n\n\n\n<p class=\"wp-block-paragraph\">Una abogada del distrito afirm\u00f3 que no exist\u00edan registros de lesiones ocurridas en la escuela, dice Matias. La polic\u00eda de Newark inicialmente se neg\u00f3 a tomar su denuncia. Su propia abogada le inst\u00f3 a dejarlo pasar y enviar a su hijo de vuelta a la escuela. Sin embargo, Matias ten\u00eda documentaci\u00f3n desde cuando J.M. ten\u00eda 3 a\u00f1os.<\/p>\n\n\n\n<figure class=\"wp-block-image size-full\"><a href=\"https:\/\/www.linkedin.com\/in\/jaimeberrios\/\" target=\"_blank\" rel=\" noreferrer noopener\"><img loading=\"lazy\" decoding=\"async\" width=\"560\" height=\"257\" src=\"https:\/\/www.americanonewspaper.com\/es\/wp-content\/uploads\/2026\/07\/Jaime-copy-2-1.jpg\" alt=\"AUTOS Y CAMIONES NUEVOS Y USADOS\" class=\"wp-image-33268\" srcset=\"https:\/\/www.americanonewspaper.com\/es\/wp-content\/uploads\/2026\/07\/Jaime-copy-2-1.jpg 560w, https:\/\/www.americanonewspaper.com\/es\/wp-content\/uploads\/2026\/07\/Jaime-copy-2-1-300x138.jpg 300w, https:\/\/www.americanonewspaper.com\/es\/wp-content\/uploads\/2026\/07\/Jaime-copy-2-1-150x69.jpg 150w\" sizes=\"(max-width: 560px) 100vw, 560px\" \/><\/a><figcaption class=\"wp-element-caption\">AUTOS Y CAMIONES NUEVOS Y USADOS<\/figcaption><\/figure>\n\n\n\n<p class=\"wp-block-paragraph\">El 10 de julio de 2023, recibi\u00f3 una llamada del programa de verano del distrito de su hijo para que fuera a recogerlo. Le dijeron que se hab\u00eda ca\u00eddo. Ella lleg\u00f3 y encontr\u00f3 un chich\u00f3n del tama\u00f1o de un huevo en la frente. Le tom\u00f3 una foto. La lesi\u00f3n era tan pronunciada, dice, que segu\u00eda visible cuando comenz\u00f3 el a\u00f1o escolar dos meses despu\u00e9s.<\/p>\n\n\n\n<figure class=\"wp-block-image size-large\"><img loading=\"lazy\" decoding=\"async\" width=\"433\" height=\"500\" src=\"https:\/\/www.americanonewspaper.com\/es\/wp-content\/uploads\/2026\/08\/image-3-433x500.jpeg\" alt=\"\" class=\"wp-image-33347\" srcset=\"https:\/\/www.americanonewspaper.com\/es\/wp-content\/uploads\/2026\/08\/image-3-433x500.jpeg 433w, https:\/\/www.americanonewspaper.com\/es\/wp-content\/uploads\/2026\/08\/image-3-260x300.jpeg 260w, https:\/\/www.americanonewspaper.com\/es\/wp-content\/uploads\/2026\/08\/image-3-768x888.jpeg 768w, https:\/\/www.americanonewspaper.com\/es\/wp-content\/uploads\/2026\/08\/image-3-150x173.jpeg 150w, https:\/\/www.americanonewspaper.com\/es\/wp-content\/uploads\/2026\/08\/image-3-300x347.jpeg 300w, https:\/\/www.americanonewspaper.com\/es\/wp-content\/uploads\/2026\/08\/image-3-696x804.jpeg 696w, https:\/\/www.americanonewspaper.com\/es\/wp-content\/uploads\/2026\/08\/image-3-1068x1234.jpeg 1068w, https:\/\/www.americanonewspaper.com\/es\/wp-content\/uploads\/2026\/08\/image-3.jpeg 1130w\" sizes=\"(max-width: 433px) 100vw, 433px\" \/><\/figure>\n\n\n\n<p class=\"wp-block-paragraph\">Chich\u00f3n o bulto en la frente de J.M.&nbsp;<\/p>\n\n\n\n<p class=\"wp-block-paragraph\">Seg\u00fan su relato, los problemas comenzaron de inmediato. La familia se acababa de mudar a Newark desde el Bronx. J.M. no fue inscrito en un aula regular, sino en un programa para ni\u00f1os con necesidades especiales en la escuela Oliver Street School. \u00bfQui\u00e9n o qu\u00e9 lo estaba lastimando?<\/p>\n\n\n\n<p class=\"wp-block-paragraph\">El personal primero afirm\u00f3 que J.M. simplemente hab\u00eda estado &#8220;dando vueltas&#8221; cuando se cay\u00f3, dice Matias. Luego, en una conversaci\u00f3n, una asistente comenz\u00f3 a revelar que otro estudiante estaba involucrado, recuerda Matias, solo para ser interrumpida a mitad de la historia por la directora suplente del programa, Amy Woods, una alta administradora de educaci\u00f3n especial del distrito.<\/p>\n\n\n\n<p class=\"wp-block-paragraph\">Woods entonces le orden\u00f3 a la enfermera que cambiara el reporte, dice Matias, para que dijera simplemente que a J.M. lo hab\u00edan tocado en el hombro, luego corri\u00f3 y resbal\u00f3.<\/p>\n\n\n\n<p class=\"wp-block-paragraph\">Matias qued\u00f3 desconcertada: \u00bfPor qu\u00e9 la directora habr\u00eda detenido a la asistente para que no diera un relato completo? Woods se neg\u00f3 a comentar sobre el incidente cuando NJ Spotlight News la consult\u00f3.<\/p>\n\n\n\n<p class=\"wp-block-paragraph\">El distrito se neg\u00f3 a hablar sobre cualquier aspecto del caso de Matias. Solo dijo que no comenta casos individuales y que la seguridad y el bienestar de todos los estudiantes siguen siendo su &#8220;m\u00e1xima prioridad&#8221;.<\/p>\n\n\n\n<p class=\"wp-block-paragraph\"><strong>Ojos que no pod\u00eda abrir<\/strong><\/p>\n\n\n\n<p class=\"wp-block-paragraph\">La siguiente lesi\u00f3n ocurri\u00f3 el 16 de octubre. La enfermera Robin Gentry-Brown, del programa de educaci\u00f3n especial de la escuela Ridge Street School \u2014conocido como Early Childhood Center North (Centro de Primera Infancia Norte)\u2014 llam\u00f3 horas despu\u00e9s de que dejaran a J.M. en la escuela.<\/p>\n\n\n\n<p class=\"wp-block-paragraph\">Matias dice que le informaron que J.M. no pod\u00eda abrir los ojos. Antes hab\u00eda estado rodando por el piso, dijo Gentry-Brown, y tal vez era irritaci\u00f3n por el polvo.<\/p>\n\n\n\n<p class=\"wp-block-paragraph\">Cuando Matias lleg\u00f3, dice, su hijo sent\u00eda dolor y no pod\u00eda abrir los ojos. En la frente ten\u00eda dos chichones azulados del tama\u00f1o de una moneda de cinco centavos. Se lo llev\u00f3 a casa, dice, y cuando el ni\u00f1o despert\u00f3 unas cuatro horas despu\u00e9s, segu\u00eda con los ojos cerrados. Aterrada, Matias lo llev\u00f3 al hospital para una resonancia magn\u00e9tica, que no logr\u00f3 detectar una explicaci\u00f3n.<\/p>\n\n\n\n<p class=\"wp-block-paragraph\">La escuela no dio respuestas claras. Un reporte de accidente que Matias comparti\u00f3 con NJ Spotlight News, y que identifica a Gentry-Brown como punto de contacto, describe la lesi\u00f3n \u00fanicamente como &#8220;cabeza-ojo&#8221;. Indica solamente que J.M. se hab\u00eda despertado de una siesta y &#8220;segu\u00eda frot\u00e1ndose el ojo&#8221;.<\/p>\n\n\n\n<figure class=\"wp-block-image size-full\"><a href=\"https:\/\/inthepinkroom.com?utm_source=americanonewspaper&amp;utm_medium=referral&amp;utm_campaign=general\" target=\"_blank\" rel=\" noreferrer noopener\"><img loading=\"lazy\" decoding=\"async\" width=\"560\" height=\"300\" src=\"https:\/\/www.americanonewspaper.com\/es\/wp-content\/uploads\/2026\/08\/PinkRoomSpanishMay.jpeg\" alt=\"\" class=\"wp-image-33280\" srcset=\"https:\/\/www.americanonewspaper.com\/es\/wp-content\/uploads\/2026\/08\/PinkRoomSpanishMay.jpeg 560w, https:\/\/www.americanonewspaper.com\/es\/wp-content\/uploads\/2026\/08\/PinkRoomSpanishMay-300x161.jpeg 300w, https:\/\/www.americanonewspaper.com\/es\/wp-content\/uploads\/2026\/08\/PinkRoomSpanishMay-150x80.jpeg 150w\" sizes=\"(max-width: 560px) 100vw, 560px\" \/><\/a><\/figure>\n\n\n\n<p class=\"wp-block-paragraph\">Matias recuerda una noticia inquietante de Paterson en 2025, cuando despidieron a una maestra suplente por, presuntamente, haberle puesto salsa picante en la boca a un estudiante autista no verbal. \u00bfHabr\u00eda sufrido su propio hijo el mismo castigo?<\/p>\n\n\n\n<p class=\"wp-block-paragraph\">Su caso no es aislado. Los defensores de derechos afirman que forma parte de un fallo generalizado en un sistema de educaci\u00f3n especial plagado de quejas de padres, legislaci\u00f3n estancada y temores persistentes por ni\u00f1os que no pueden hablar por s\u00ed mismos.<\/p>\n\n\n\n<p class=\"wp-block-paragraph\">Las lesiones de J.M. continuaron. Sufri\u00f3 dos chichones grandes y decolorados en la cabeza, para los cuales la escuela dio explicaciones contradictorias, dice Matias.<\/p>\n\n\n\n<p class=\"wp-block-paragraph\">Seg\u00fan los registros de la madre, Gentry-Brown le dijo a Matias que J.M. se hab\u00eda ca\u00eddo de su catre de siesta mientras &#8220;daba vueltas&#8221; \u2014aunque no quedaba claro a qu\u00e9 se refer\u00eda\u2014. Tambi\u00e9n le dijo a Matias que J.M. se cay\u00f3 del catre mientras una asistente lo cambiaba.<\/p>\n\n\n\n<p class=\"wp-block-paragraph\">&#8220;Ninguno de los dos reportes tiene sentido&#8221;, escribi\u00f3 Matias en sus notas. &#8220;J.M. tiene dos chichones en la cabeza. Con una sola ca\u00edda reportada&#8221;. Y agreg\u00f3: &#8220;\u00bfEstaba parado sobre el catre? \u00bfC\u00f3mo puede una persona dar vueltas en un catre mientras la est\u00e1n cambiando?&#8221;.<\/p>\n\n\n\n<p class=\"wp-block-paragraph\">El reporte oficial del accidente ofreci\u00f3 una tercera versi\u00f3n: se cay\u00f3 del catre y se golpe\u00f3 la cabeza contra el piso.<\/p>\n\n\n\n<p class=\"wp-block-paragraph\">Gentry-Brown no respondi\u00f3 a la solicitud de comentarios de NJ Spotlight News.<\/p>\n\n\n\n<p class=\"wp-block-paragraph\"><strong>&#8220;V\u00edctimas perfectas&#8221;<\/strong><\/p>\n\n\n\n<p class=\"wp-block-paragraph\">Los padres de J.M. son ambos profesionales de la salud. Sab\u00edan que una ca\u00edda de 6 pulgadas desde un catre bajo no pod\u00eda provocar dos lesiones significativas en la cabeza, dijo Matias. \u00bfY d\u00f3nde estaba la asistente compartida que se supon\u00eda deb\u00eda estar cuidando a J.M.?<\/p>\n\n\n\n<p class=\"wp-block-paragraph\">Su madre le escribi\u00f3 a la escuela: &#8220;Que J.M. siga lastim\u00e1ndose en la escuela, pero no en casa, es alarmante&#8221;.<\/p>\n\n\n\n<p class=\"wp-block-paragraph\">Incluso si estas fueran lesiones causadas por otros estudiantes \u2014un problema mucho m\u00e1s com\u00fan que la mala conducta del personal\u2014, eso representa una falta de supervisi\u00f3n que puede constituir maltrato institucional, seg\u00fan la abogada especializada en educaci\u00f3n especial Nina Peckman: &#8220;Ellos tienen la responsabilidad de mantener a los estudiantes seguros en la escuela&#8221;, afirma.<\/p>\n\n\n\n<p class=\"wp-block-paragraph\">La escasez de personal a menudo deja las aulas con trabajadores mal capacitados para atender a estudiantes autistas, dice Jennifer Rosen Valverde, profesora de la Facultad de Derecho de Rutgers con una carrera dedicada a la defensa de la educaci\u00f3n especial.<\/p>\n\n\n\n<p class=\"wp-block-paragraph\">En su cl\u00ednica de asistencia legal gratuita, a lo largo de aproximadamente cinco a\u00f1os, las quejas por falta de servicios para estos ni\u00f1os se han disparado del 40% al 70%, dice. Ella exige una auditor\u00eda en todo el distrito de los programas de autismo de Newark.<\/p>\n\n\n\n<p class=\"wp-block-paragraph\">La veterana defensora de educaci\u00f3n especial Renay Zamloot dice que ve &#8220;constantemente&#8221; lesiones inexplicables en estudiantes de todo el estado, y que a menudo sospecha de restricciones f\u00edsicas no reportadas. Los ni\u00f1os no verbales son las &#8220;v\u00edctimas perfectas&#8221;, agrega, ya que las escuelas con frecuencia evaden la responsabilidad alegando que los estudiantes llegaron lastimados.<\/p>\n\n\n\n<p class=\"wp-block-paragraph\">Mientras los legisladores han propuesto exigir c\u00e1maras en las aulas de educaci\u00f3n especial, esa legislaci\u00f3n se ha estancado. La decisi\u00f3n de instalar ese tipo de equipo queda en manos de cada distrito local. Aunque las autoridades de Newark no confirman su pol\u00edtica de c\u00e1maras, Matias dice que varios directores de Newark le informaron que sus aulas no las tienen.<\/p>\n\n\n\n<p class=\"wp-block-paragraph\">Ella envi\u00f3 por correo electr\u00f3nico fotos de las lesiones en la cabeza de J.M. a los l\u00edderes del distrito, incluido el superintendente Roger Le\u00f3n, y no obtuvo respuesta satisfactoria. Matias retir\u00f3 a su hijo de la escuela. &#8220;Tuve que enfocarme en su seguridad en lugar de en su educaci\u00f3n&#8221;, le dijo a NJ Spotlight News. &#8220;Tuve que elegir&#8221;.<\/p>\n\n\n\n<figure class=\"wp-block-image size-full\"><a href=\"https:\/\/www.latindigitalsolutionsca.com\/es\/promocion-americano-newspaper-tayakan\/?utm_source=americanonewspaper&amp;utm_medium=banner&amp;utm_campaign=business_growth_2026&amp;utm_content=americanonews_es_banner\" target=\"_blank\" rel=\" noreferrer noopener\"><img loading=\"lazy\" decoding=\"async\" width=\"560\" height=\"300\" src=\"https:\/\/www.americanonewspaper.com\/es\/wp-content\/uploads\/2026\/07\/JuanS.jpeg\" alt=\"\" class=\"wp-image-33081\" srcset=\"https:\/\/www.americanonewspaper.com\/es\/wp-content\/uploads\/2026\/07\/JuanS.jpeg 560w, https:\/\/www.americanonewspaper.com\/es\/wp-content\/uploads\/2026\/07\/JuanS-300x161.jpeg 300w, https:\/\/www.americanonewspaper.com\/es\/wp-content\/uploads\/2026\/07\/JuanS-150x80.jpeg 150w\" sizes=\"(max-width: 560px) 100vw, 560px\" \/><\/a><\/figure>\n\n\n\n<p class=\"wp-block-paragraph\"><strong>Tres visitas al hospital<\/strong><\/p>\n\n\n\n<p class=\"wp-block-paragraph\">En diciembre de 2023, Matias solicit\u00f3 una audiencia de debido proceso, en la que un juez o un funcionario de audiencias puede emitir una orden legalmente vinculante. Matias exigi\u00f3 ya fuera una asistente de protecci\u00f3n individual para su hijo, o un traslado fuera del distrito a una escuela que ofreciera terapia de An\u00e1lisis de Conducta Aplicado (ABA) de primer nivel.<\/p>\n\n\n\n<p class=\"wp-block-paragraph\">Durante el proceso legal, el distrito pas\u00f3 de ofrecer explicaciones contradictorias a la negaci\u00f3n total, dice ella, y el abogado del distrito aleg\u00f3 que J.M. llegaba lastimado a la escuela. Esto contradec\u00eda los propios reportes de accidentes de las escuelas, aunque los documentos judiciales afirman que el distrito &#8220;niega cualquier alegaci\u00f3n o insinuaci\u00f3n de que J.M. no est\u00e9 seguro en la escuela&#8221;.<\/p>\n\n\n\n<p class=\"wp-block-paragraph\">Reflexionando sobre esto, Matias pregunta ahora: &#8220;Si \u00e9l llegaba as\u00ed a la escuela todo este tiempo, \u00bfpor qu\u00e9 no me habr\u00edan denunciado a m\u00ed?&#8221;.<\/p>\n\n\n\n<p class=\"wp-block-paragraph\">Matias solicit\u00f3 los reportes de accidentes, y Gentry-Brown solo respondi\u00f3 por correo: &#8220;No entregamos los reportes de incidentes a los padres&#8221;. Matias present\u00f3 una solicitud formal de registros p\u00fablicos y, finalmente, el 2 de febrero de 2024, una queja federal por derechos civiles.<\/p>\n\n\n\n<p class=\"wp-block-paragraph\">Luego le escribi\u00f3 a la direcci\u00f3n del distrito detallando nueve meses de trauma. J.M. nunca hab\u00eda sufrido una lesi\u00f3n en la cabeza en su casa, se\u00f1al\u00f3. &#8220;Mientras estuvo en el distrito escolar de Newark, hice tres visitas de emergencia al hospital y tuve que sostener a mi hijo para que le hicieran una resonancia magn\u00e9tica del cerebro&#8221;, escribi\u00f3.<\/p>\n\n\n\n<p class=\"wp-block-paragraph\">El distrito respondi\u00f3 sugiriendo cargos por ausentismo escolar, dice ella, una advertencia que le transmiti\u00f3 su abogado. Era una amenaza vac\u00eda; la ley de Nueva Jersey no obliga a asistir a la escuela hasta los 5 a\u00f1os, y J.M. ten\u00eda 4.<\/p>\n\n\n\n<p class=\"wp-block-paragraph\">Despu\u00e9s de que un juez negara la instrucci\u00f3n en el hogar y su abogado le advirtiera que probar el incumplimiento del distrito sin evidencia de una lesi\u00f3n permanente ser\u00eda casi imposible, Matias dice que retir\u00f3 su queja. Cuando le pidieron que firmara un acuerdo de confidencialidad, se neg\u00f3.<\/p>\n\n\n\n<p class=\"wp-block-paragraph\">El distrito finalmente ofreci\u00f3 una soluci\u00f3n intermedia: un lugar en el programa de An\u00e1lisis de Conducta Aplicado de la escuela South Street School. J.M. comenz\u00f3 en ese programa en abril de 2024.<\/p>\n\n\n\n<p class=\"wp-block-paragraph\">Matias lo llama un giro ir\u00f3nico. M\u00e1s de un a\u00f1o antes, ella hab\u00eda suplicado por un programa as\u00ed a las supervisoras de educaci\u00f3n especial Shirley Fonseca y Cheryl Myrie, dice, solo para que le dijeran que el distrito no ten\u00eda ninguno.<\/p>\n\n\n\n<p class=\"wp-block-paragraph\">El programa hab\u00eda comenzado en julio de 2023. Matias todav\u00eda se pregunta: \u00bfPor qu\u00e9 el distrito retuvo un recurso mientras su hijo sufr\u00eda?<\/p>\n\n\n\n<p class=\"wp-block-paragraph\">Fonseca y Myrie no respondieron a las solicitudes de comentarios.<\/p>\n\n\n\n<figure class=\"wp-block-image size-full\"><a href=\"https:\/\/modestofoundation.org\/\" target=\"_blank\" rel=\" noreferrer noopener\"><img loading=\"lazy\" decoding=\"async\" width=\"560\" height=\"270\" src=\"https:\/\/www.americanonewspaper.com\/es\/wp-content\/uploads\/2026\/07\/ModestoLogo-1.jpg\" alt=\"\" class=\"wp-image-33072\" srcset=\"https:\/\/www.americanonewspaper.com\/es\/wp-content\/uploads\/2026\/07\/ModestoLogo-1.jpg 560w, https:\/\/www.americanonewspaper.com\/es\/wp-content\/uploads\/2026\/07\/ModestoLogo-1-300x145.jpg 300w, https:\/\/www.americanonewspaper.com\/es\/wp-content\/uploads\/2026\/07\/ModestoLogo-1-150x72.jpg 150w\" sizes=\"(max-width: 560px) 100vw, 560px\" \/><\/a><\/figure>\n\n\n\n<p class=\"wp-block-paragraph\"><strong>Nueva escuela, mismo problema<\/strong><\/p>\n\n\n\n<p class=\"wp-block-paragraph\">Fue un nuevo comienzo. Un traslado logrado tras una dura pelea. Una asistente individual, aprobada por Le\u00f3n. Sin embargo, las lesiones no cesaron.<\/p>\n\n\n\n<figure class=\"wp-block-image size-large\"><img loading=\"lazy\" decoding=\"async\" width=\"364\" height=\"500\" src=\"https:\/\/www.americanonewspaper.com\/es\/wp-content\/uploads\/2026\/08\/image-4-364x500.jpeg\" alt=\"\" class=\"wp-image-33348\" srcset=\"https:\/\/www.americanonewspaper.com\/es\/wp-content\/uploads\/2026\/08\/image-4-364x500.jpeg 364w, https:\/\/www.americanonewspaper.com\/es\/wp-content\/uploads\/2026\/08\/image-4-218x300.jpeg 218w, https:\/\/www.americanonewspaper.com\/es\/wp-content\/uploads\/2026\/08\/image-4-768x1056.jpeg 768w, https:\/\/www.americanonewspaper.com\/es\/wp-content\/uploads\/2026\/08\/image-4-150x206.jpeg 150w, https:\/\/www.americanonewspaper.com\/es\/wp-content\/uploads\/2026\/08\/image-4-300x413.jpeg 300w, https:\/\/www.americanonewspaper.com\/es\/wp-content\/uploads\/2026\/08\/image-4-696x957.jpeg 696w, https:\/\/www.americanonewspaper.com\/es\/wp-content\/uploads\/2026\/08\/image-4-1068x1469.jpeg 1068w, https:\/\/www.americanonewspaper.com\/es\/wp-content\/uploads\/2026\/08\/image-4.jpeg 1117w\" sizes=\"(max-width: 364px) 100vw, 364px\" \/><figcaption class=\"wp-element-caption\">Rasgu\u00f1os en el cuerpo de J.M.<\/figcaption><\/figure>\n\n\n\n<p class=\"wp-block-paragraph\">El 9 de septiembre de 2024, J.M. lleg\u00f3 a casa con rasgu\u00f1os recientes en la mano izquierda y el rostro, seg\u00fan sus registros, revisados por NJ Spotlight News. La escuela no ofreci\u00f3 ninguna explicaci\u00f3n, dice ella, ni ning\u00fan reporte de incidente. Dos d\u00edas despu\u00e9s, dice, J.M. lleg\u00f3 a casa con un moret\u00f3n en la pierna, debajo del pantal\u00f3n. De nuevo, dice, el personal asegur\u00f3 no saber nada.<\/p>\n\n\n\n<p class=\"wp-block-paragraph\">El 10 de octubre, J.M. lleg\u00f3 a casa con rasgu\u00f1os en el muslo derecho que dejaron una cicatriz de 4 pulgadas. Cinco d\u00edas despu\u00e9s, regres\u00f3 con raspones o rasgu\u00f1os en la parte superior de la espalda y la base del cuello, lesiones que, seg\u00fan Matias, parec\u00edan indicar que lo hab\u00edan arrastrado.<\/p>\n\n\n\n<figure class=\"wp-block-image size-large\"><img loading=\"lazy\" decoding=\"async\" width=\"398\" height=\"500\" src=\"https:\/\/www.americanonewspaper.com\/es\/wp-content\/uploads\/2026\/08\/image-8-398x500.jpeg\" alt=\"\" class=\"wp-image-33352\" srcset=\"https:\/\/www.americanonewspaper.com\/es\/wp-content\/uploads\/2026\/08\/image-8-398x500.jpeg 398w, https:\/\/www.americanonewspaper.com\/es\/wp-content\/uploads\/2026\/08\/image-8-239x300.jpeg 239w, https:\/\/www.americanonewspaper.com\/es\/wp-content\/uploads\/2026\/08\/image-8-768x965.jpeg 768w, https:\/\/www.americanonewspaper.com\/es\/wp-content\/uploads\/2026\/08\/image-8-150x188.jpeg 150w, https:\/\/www.americanonewspaper.com\/es\/wp-content\/uploads\/2026\/08\/image-8-300x377.jpeg 300w, https:\/\/www.americanonewspaper.com\/es\/wp-content\/uploads\/2026\/08\/image-8-696x874.jpeg 696w, https:\/\/www.americanonewspaper.com\/es\/wp-content\/uploads\/2026\/08\/image-8-1068x1341.jpeg 1068w, https:\/\/www.americanonewspaper.com\/es\/wp-content\/uploads\/2026\/08\/image-8.jpeg 1176w\" sizes=\"(max-width: 398px) 100vw, 398px\" \/><\/figure>\n\n\n\n<p class=\"wp-block-paragraph\">Rasgu\u00f1os en el cuerpo de J.M.<\/p>\n\n\n\n<p class=\"wp-block-paragraph\">Sus solicitudes para ver las grabaciones de las c\u00e1maras del pasillo fueron ignoradas, dice. Y su frustraci\u00f3n se vio agravada por lo que ella llama represalias abiertas que hab\u00eda enfrentado antes por parte de la directora, Sandra Cruz.<\/p>\n\n\n\n<p class=\"wp-block-paragraph\">Esto incluy\u00f3 la cancelaci\u00f3n, a \u00faltimo momento, de la reuni\u00f3n del Programa de Educaci\u00f3n Individualizado (IEP) de su hijo, despu\u00e9s de que Matias le pidiera a la directora que no asistiera, y limitar la observaci\u00f3n de la madre en el sal\u00f3n de clases a solo 2 minutos, dice Matias. Cruz no respondi\u00f3 a la solicitud de comentarios de NJ Spotlight News.<\/p>\n\n\n\n<p class=\"wp-block-paragraph\">El punto de quiebre, dice Matias, fue el 24 de octubre. J.M. lleg\u00f3 a casa desde South Street con una marca reciente y elevada, con forma de mano, en la espalda, junto con raspones o rasgu\u00f1os en el costado derecho de las costillas.<\/p>\n\n\n\n<p class=\"wp-block-paragraph\">Matias hab\u00eda grabado un video de su hijo en la tina esa misma ma\u00f1ana, dice, lo que demuestra que su piel estaba completamente limpia antes de ir a la escuela. La marca escarlata qued\u00f3 totalmente sin explicaci\u00f3n, dice, y la escuela no entreg\u00f3 ning\u00fan reporte de incidente.<\/p>\n\n\n\n<p class=\"wp-block-paragraph\"><strong>&#8216;No hay que sacudir el avispero&#8217;<\/strong><\/p>\n\n\n\n<p class=\"wp-block-paragraph\">Matias se neg\u00f3 a volver a enviar a su hijo a un aula de una escuela p\u00fablica de Newark, y describi\u00f3 &#8220;la preocupaci\u00f3n constante y la sensaci\u00f3n de ser un blanco&#8221; como &#8220;insoportables&#8221;. Y esta vez, el distrito no opuso resistencia.<\/p>\n\n\n\n<p class=\"wp-block-paragraph\">Despu\u00e9s de que ella enviara un correo electr\u00f3nico con fotos a funcionarios, incluida la oficina del gobernador, el superintendente de escuelas del condado, Joseph Zarra, la llam\u00f3 directamente para prometerle una colocaci\u00f3n fuera del distrito, dice ella. Zarra se neg\u00f3 a comentar con NJ Spotlight News.<\/p>\n\n\n\n<p class=\"wp-block-paragraph\">Matias tambi\u00e9n le escribi\u00f3 a Le\u00f3n sobre la marca, se\u00f1alando que, con una asistente dedicada ya asignada, no hab\u00eda &#8220;ninguna raz\u00f3n justificable&#8221;. Nunca recibi\u00f3 respuesta, dice, y se desconoce si el distrito remiti\u00f3 el caso a los investigadores de bienestar infantil o a la polic\u00eda.<\/p>\n\n\n\n<p class=\"wp-block-paragraph\">El distrito cedi\u00f3 discretamente, dice ella, y program\u00f3 una reuni\u00f3n del Programa de Educaci\u00f3n Individualizado para trasladar a J.M. a un programa privado especializado en la escuela Deron School, en Union, y asumi\u00f3 el costo de la matr\u00edcula anual, cercano a $90,000.<\/p>\n\n\n\n<p class=\"wp-block-paragraph\">Hoy, el ni\u00f1o est\u00e1 prosperando. J.M. ya no usa pa\u00f1ales. Salta de su asiento con emoci\u00f3n para entrar a la escuela Deron, dice su madre, a diferencia de la resistencia que mostraba hacia sus antiguas escuelas de Newark.<\/p>\n\n\n\n<p class=\"wp-block-paragraph\">La directora de admisiones de Deron se\u00f1al\u00f3 lo poco com\u00fan que fue este traslado, recuerda Matias: &#8220;Me dijo: &#8216;\u00bfC\u00f3mo lo lograste? Porque nunca dejan salir a los ni\u00f1os de Newark'&#8221;.<\/p>\n\n\n\n<p class=\"wp-block-paragraph\">En \u00faltima instancia, ella cree que fue su grabaci\u00f3n en la tina lo que oblig\u00f3 al distrito a actuar. &#8220;No pudieron mentir&#8221;, le dijo a NJ Spotlight News.<\/p>\n\n\n\n<p class=\"wp-block-paragraph\">&#8220;Todav\u00eda lloro por esto a veces&#8221;, dijo sobre el calvario de su hijo, y la presi\u00f3n para quedarse callada despu\u00e9s de que lo trasladaran de escuela.<\/p>\n\n\n\n<p class=\"wp-block-paragraph\">&#8220;Era como decir: &#8216;Ah, conseguiste lo que quer\u00edas. No sacudas el avispero'&#8221;.<\/p>\n\n\n\n<p class=\"wp-block-paragraph\"><strong>Dif\u00edcil de probar<\/strong><\/p>\n\n\n\n<p class=\"wp-block-paragraph\">\u00bfQu\u00e9 habr\u00eda pasado si el distrito, en lugar de investigar c\u00f3mo se lastim\u00f3 su hijo bajo la supervisi\u00f3n de una asistente \u2014o al menos compartir los hallazgos\u2014, simplemente hubiera usado sus recursos para trasladar a J.M. y enterrar de hecho los incidentes? Esa posibilidad no le da tranquilidad a Matias.<\/p>\n\n\n\n<p class=\"wp-block-paragraph\">Adem\u00e1s, \u00bfqu\u00e9 hay de la polic\u00eda de Newark? Ella dice que se negaron a tomar su denuncia hasta que regres\u00f3 acompa\u00f1ada de una defensora de derechos, una interacci\u00f3n que detall\u00f3 en una queja ante Asuntos Internos contra dos oficiales, presentada en octubre de 2024.<\/p>\n\n\n\n<p class=\"wp-block-paragraph\">Una vocera de la polic\u00eda confirm\u00f3 que dos oficiales enfrentaron &#8220;medidas disciplinarias correspondientes&#8221; en enero de 2025 y que la denuncia y las fotos de Matias fueron remitidas a la fiscal\u00eda. La Fiscal\u00eda del Condado de Essex le dijo a NJ Spotlight News que, tras una &#8220;investigaci\u00f3n exhaustiva&#8221;, el caso se cerr\u00f3 por falta de evidencia suficiente para presentar cargos.<\/p>\n\n\n\n<p class=\"wp-block-paragraph\">La polic\u00eda notific\u00f3 a la agencia estatal de bienestar infantil, como lo exige la ley, pero Matias dice que no pas\u00f3 nada. Comparti\u00f3 con NJ Spotlight News su correspondencia con la investigadora de la agencia: mensajes de texto que muestran que el personal no pudo obtener las grabaciones del patio de recreo por parte del distrito, y una carta de enero de 2025 que indica que la investigaci\u00f3n no encontr\u00f3 evidencia de maltrato.<\/p>\n\n\n\n<p class=\"wp-block-paragraph\">El Departamento de Ni\u00f1os y Familias de Nueva Jersey se neg\u00f3 a hacer comentarios adicionales.<\/p>\n\n\n\n<p class=\"wp-block-paragraph\">La v\u00eda legal tambi\u00e9n result\u00f3 un callej\u00f3n sin salida: &#8220;He intentado contactar a abogados, y todos dicen lo mismo&#8221;, dice Matias. &#8220;Es dif\u00edcil probar estas cosas si \u00e9l no es verbal&#8221;.<\/p>\n\n\n\n<p class=\"wp-block-paragraph\"><strong>Otros padres<\/strong><\/p>\n\n\n\n<p class=\"wp-block-paragraph\">\u00bfY cu\u00e1ntos otros casos como este existen? \u00bfCu\u00e1ntos padres carecen del tiempo y la determinaci\u00f3n para luchar como lo hizo Matias? Matias dice que est\u00e1 hablando en nombre de cualquier otro ni\u00f1o que tambi\u00e9n pueda haber sido lastimado sin explicaci\u00f3n.<\/p>\n\n\n\n<p class=\"wp-block-paragraph\">Ciertamente, otros padres tienen historias que contar.<\/p>\n\n\n\n<p class=\"wp-block-paragraph\">En septiembre de 2025, Alexandra Dom\u00ednguez descubri\u00f3 moretones en su hijo de 3 a\u00f1os, autista y no verbal, despu\u00e9s de recogerlo en la escuela Quitman Street School de Newark. Dom\u00ednguez le dijo a NJ Advance Media que el personal culp\u00f3 a una ca\u00edda del catre y no le avis\u00f3, dio versiones contradictorias, minimiz\u00f3 sus preocupaciones y la desalent\u00f3 de llamar a la polic\u00eda. Ese caso sigue bajo investigaci\u00f3n.<\/p>\n\n\n\n<p class=\"wp-block-paragraph\">En otro caso, una demanda presentada en mayo de 2022 aleg\u00f3 que la escuela Quitman no investig\u00f3 ni report\u00f3 una agresi\u00f3n ocurrida en noviembre de 2021 contra un ni\u00f1o autista de 7 a\u00f1os. Seg\u00fan la demanda, un ataque posterior contra el menor tampoco fue reportado, lo que finalmente deriv\u00f3 en cargos contra una asistente de maestra. El distrito lleg\u00f3 a un acuerdo en el caso por $1.2 millones en septiembre de 2023.<\/p>\n\n\n\n<figure class=\"wp-block-image size-full\"><a href=\"https:\/\/Sutudu.tv\/watch\/que-pasa-show\" target=\"_blank\" rel=\" noreferrer noopener\"><img loading=\"lazy\" decoding=\"async\" width=\"560\" height=\"300\" src=\"https:\/\/www.americanonewspaper.com\/es\/wp-content\/uploads\/2026\/07\/QP-logo-560x300-2.jpg\" alt=\"\" class=\"wp-image-33041\" srcset=\"https:\/\/www.americanonewspaper.com\/es\/wp-content\/uploads\/2026\/07\/QP-logo-560x300-2.jpg 560w, https:\/\/www.americanonewspaper.com\/es\/wp-content\/uploads\/2026\/07\/QP-logo-560x300-2-300x161.jpg 300w, https:\/\/www.americanonewspaper.com\/es\/wp-content\/uploads\/2026\/07\/QP-logo-560x300-2-150x80.jpg 150w\" sizes=\"(max-width: 560px) 100vw, 560px\" \/><\/a><\/figure>\n\n\n\n<p class=\"wp-block-paragraph\">&#8220;Es la misma historia en todos lados&#8221;, dice Matias sobre el distrito. &#8220;Necesitan alg\u00fan tipo de sistema de monitoreo, porque los padres est\u00e1n presentando quejas y no se est\u00e1 haciendo nada. Nada&#8221;.<\/p>\n\n\n\n<p class=\"wp-block-paragraph\">Su hijo est\u00e1 a salvo ahora. Sin embargo, ella no va a dejarlo pasar. Est\u00e1 buscando lo \u00fanico que podr\u00eda obligar a este distrito a cambiar, dice: la verdad.<\/p>\n\n\n\n<p class=\"wp-block-paragraph\"><strong><em>Esta traducci\u00f3n fue proporcionada por <\/em><\/strong><a href=\"https:\/\/www.americanonewspaper.com\/\"><strong><em>Americano Newspaper<\/em><\/strong><\/a><strong><em>, en asociaci\u00f3n con el Centro de Medios Cooperativos de la Universidad Estatal de Montclair, y cuenta con el apoyo financiero del Consorcio de Informaci\u00f3n C\u00edvica de NJ. La historia fue escrita originalmente en ingl\u00e9s por <\/em><\/strong><a href=\"https:\/\/www.njspotlightnews.org\/special-report\/a-mothers-fight-to-protect-her-autistic-son-from-abuse\/\"><strong><em>NJ Spotlight News<\/em><\/strong><\/a><strong><em>, y se vuelve a publicar en virtud de un acuerdo especial para compartir contenido a trav\u00e9s del Servicio de noticias de traducci\u00f3n al espa\u00f1ol de NJ News Commons.<\/em><\/strong><\/p>\n\n\n\n<figure class=\"wp-block-image size-full\"><a href=\"https:\/\/tayakan.com\/\" target=\"_blank\" rel=\" noreferrer noopener\"><img loading=\"lazy\" decoding=\"async\" width=\"560\" height=\"164\" src=\"https:\/\/www.americanonewspaper.com\/es\/wp-content\/uploads\/2026\/08\/Tayakanlogo560-copy-2.jpg\" alt=\"\" class=\"wp-image-33281\" srcset=\"https:\/\/www.americanonewspaper.com\/es\/wp-content\/uploads\/2026\/08\/Tayakanlogo560-copy-2.jpg 560w, https:\/\/www.americanonewspaper.com\/es\/wp-content\/uploads\/2026\/08\/Tayakanlogo560-copy-2-300x88.jpg 300w, https:\/\/www.americanonewspaper.com\/es\/wp-content\/uploads\/2026\/08\/Tayakanlogo560-copy-2-150x44.jpg 150w\" sizes=\"(max-width: 560px) 100vw, 560px\" \/><\/a><\/figure>\n\n\n\n<p class=\"wp-block-paragraph\"><strong><em>This translation was provided by <\/em><\/strong><a href=\"https:\/\/www.americanonewspaper.com\/\"><strong><em>Americano Newspaper<\/em><\/strong><\/a><strong><em>, in association with the Center for Cooperative Media at Montclair State University, and is financially supported by the NJ Civic Information Consortium. The story was originally written in English by <\/em><\/strong><a href=\"https:\/\/www.njspotlightnews.org\/special-report\/a-mothers-fight-to-protect-her-autistic-son-from-abuse\/\"><strong><em>NJ Spotlight News<\/em><\/strong><\/a><strong><em>, and is republished under a special content-sharing agreement through the NJ News Commons&#8217; Spanish Translation News Service.<\/em><\/strong><\/p>\n","protected":false},"excerpt":{"rendered":"<p>La lucha de una madre por proteger a su hijo autista del maltrato No pod\u00eda hablar para contarle qu\u00e9 pas\u00f3 en la escuela. Ahora \u00e9l est\u00e1 a salvo \u2014 y ella exige respuestas Por Julie O&#8217;Connor, NJ Spotlight News Traducci\u00f3n de Valesca Ricardo\u00a0 El punto de quiebre para Natara Matias lleg\u00f3 el momento en que [&hellip;]<\/p>\n","protected":false},"author":7,"featured_media":33351,"comment_status":"open","ping_status":"open","sticky":false,"template":"","format":"standard","meta":{"_acf_changed":false,"tdm_status":"","tdm_grid_status":"","_jetpack_newsletter_access":"","_jetpack_dont_email_post_to_subs":false,"_jetpack_newsletter_tier_id":0,"_jetpack_memberships_contains_paywalled_content":false,"_jetpack_feature_clip_id":0,"_jetpack_memberships_contains_paid_content":false,"footnotes":"","jetpack_publicize_message":"{title}\n\n{excerpt}\n\n{url}","jetpack_publicize_feature_enabled":true,"jetpack_social_post_already_shared":false,"jetpack_social_options":{"image_generator_settings":{"template":"highway","default_image_id":0,"font":"","enabled":false,"token":"eyJpbWciOiJodHRwczpcL1wvd3d3LmFtZXJpY2Fub25ld3NwYXBlci5jb21cL2VzXC93cC1jb250ZW50XC91cGxvYWRzXC8yMDI2XC8wOFwvaW1hZ2UtNy04MDB4NDUwLmpwZWciLCJ0eHQiOiJVbmEgTWFkcmUgUHJvdGVjdG9yYSIsInRlbXBsYXRlIjoiaGlnaHdheSIsImZvbnQiOiIiLCJibG9nX2lkIjoyMjg2MTk1NzR9.SJPwrCqHp07_B32hnOXLA1nXeJ2zR8KV4XbnfqNPD_MMQ"},"version":2,"media_source":"featured-image","attached_media":[{"id":33351,"url":"https:\/\/www.americanonewspaper.com\/es\/wp-content\/uploads\/2026\/08\/image-7.jpeg","type":"image\/jpeg"}]},"_wpas_customize_per_network":false,"jetpack_post_was_ever_published":false,"_members_access_role":[],"_members_access_error":""},"categories":[696,1094,246,248],"tags":[],"class_list":["post-33346","post","type-post","status-publish","format-standard","has-post-thumbnail","category-abuso-infantil","category-educacion","category-new-jersey","category-newark"],"acf":[],"yoast_head":"<!-- This site is optimized with the Yoast SEO Premium plugin v28.4 (Yoast SEO v28.4) - https:\/\/yoast.com\/product\/yoast-seo-premium-wordpress\/ -->\n<title>Una Madre Protectora - Americano Newspaper<\/title>\n<meta name=\"description\" content=\"El punto de quiebre para Natara Matias lleg\u00f3 el momento en que le levant\u00f3 la camisa a su hijo de 5 a\u00f1os y encontr\u00f3 una marca horrible: como la huella de la mano de un adulto estampada en su espalda.\" \/>\n<meta name=\"robots\" content=\"index, follow, max-snippet:-1, max-image-preview:large, max-video-preview:-1\" \/>\n<link rel=\"canonical\" href=\"https:\/\/www.americanonewspaper.com\/es\/educacion\/una-madre-protectora\/\" \/>\n<meta property=\"og:locale\" content=\"en_US\" \/>\n<meta property=\"og:type\" content=\"article\" \/>\n<meta property=\"og:title\" content=\"Una Madre Protectora\" \/>\n<meta property=\"og:description\" content=\"El punto de quiebre para Natara Matias lleg\u00f3 el momento en que le levant\u00f3 la camisa a su hijo de 5 a\u00f1os y encontr\u00f3 una marca horrible: como la huella de la mano de un adulto estampada en su espalda.\" \/>\n<meta property=\"og:url\" content=\"https:\/\/www.americanonewspaper.com\/es\/educacion\/una-madre-protectora\/\" \/>\n<meta property=\"og:site_name\" content=\"Americano Newspaper\" \/>\n<meta property=\"article:publisher\" content=\"https:\/\/www.facebook.com\/AmericanoNewspaper\/\" \/>\n<meta property=\"article:published_time\" content=\"2026-08-05T23:03:49+00:00\" \/>\n<meta property=\"article:modified_time\" content=\"2026-08-05T23:08:44+00:00\" \/>\n<meta property=\"og:image\" content=\"https:\/\/www.americanonewspaper.com\/es\/wp-content\/uploads\/2026\/08\/image-7.jpeg\" \/>\n\t<meta property=\"og:image:width\" content=\"1920\" \/>\n\t<meta property=\"og:image:height\" content=\"1080\" \/>\n\t<meta property=\"og:image:type\" content=\"image\/jpeg\" \/>\n<meta name=\"author\" content=\"Author\" \/>\n<meta name=\"twitter:card\" content=\"summary_large_image\" \/>\n<meta name=\"twitter:label1\" content=\"Written by\" \/>\n\t<meta name=\"twitter:data1\" content=\"Author\" \/>\n\t<meta name=\"twitter:label2\" content=\"Est. reading time\" \/>\n\t<meta name=\"twitter:data2\" content=\"18 minutes\" \/>\n<script type=\"application\/ld+json\" class=\"yoast-schema-graph\">{\"@context\":\"https:\\\/\\\/schema.org\",\"@graph\":[{\"@type\":\"Article\",\"@id\":\"https:\\\/\\\/www.americanonewspaper.com\\\/es\\\/educacion\\\/una-madre-protectora\\\/#article\",\"isPartOf\":{\"@id\":\"https:\\\/\\\/www.americanonewspaper.com\\\/es\\\/educacion\\\/una-madre-protectora\\\/\"},\"author\":{\"name\":\"Author\",\"@id\":\"https:\\\/\\\/www.americanonewspaper.com\\\/es\\\/#\\\/schema\\\/person\\\/8967f6b8af7e37bcbbe61f68580ff088\"},\"headline\":\"Una Madre Protectora\",\"datePublished\":\"2026-08-05T23:03:49+00:00\",\"dateModified\":\"2026-08-05T23:08:44+00:00\",\"mainEntityOfPage\":{\"@id\":\"https:\\\/\\\/www.americanonewspaper.com\\\/es\\\/educacion\\\/una-madre-protectora\\\/\"},\"wordCount\":3762,\"commentCount\":0,\"publisher\":{\"@id\":\"https:\\\/\\\/www.americanonewspaper.com\\\/es\\\/#organization\"},\"image\":{\"@id\":\"https:\\\/\\\/www.americanonewspaper.com\\\/es\\\/educacion\\\/una-madre-protectora\\\/#primaryimage\"},\"thumbnailUrl\":\"https:\\\/\\\/www.americanonewspaper.com\\\/es\\\/wp-content\\\/uploads\\\/2026\\\/08\\\/image-7.jpeg\",\"articleSection\":[\"Abuso Infantil\",\"Educaci\u00f3n\",\"New Jersey\",\"Newark\"],\"inLanguage\":\"en-US\",\"potentialAction\":[{\"@type\":\"CommentAction\",\"name\":\"Comment\",\"target\":[\"https:\\\/\\\/www.americanonewspaper.com\\\/es\\\/educacion\\\/una-madre-protectora\\\/#respond\"]}]},{\"@type\":\"WebPage\",\"@id\":\"https:\\\/\\\/www.americanonewspaper.com\\\/es\\\/educacion\\\/una-madre-protectora\\\/\",\"url\":\"https:\\\/\\\/www.americanonewspaper.com\\\/es\\\/educacion\\\/una-madre-protectora\\\/\",\"name\":\"Una Madre Protectora - Americano Newspaper\",\"isPartOf\":{\"@id\":\"https:\\\/\\\/www.americanonewspaper.com\\\/es\\\/#website\"},\"primaryImageOfPage\":{\"@id\":\"https:\\\/\\\/www.americanonewspaper.com\\\/es\\\/educacion\\\/una-madre-protectora\\\/#primaryimage\"},\"image\":{\"@id\":\"https:\\\/\\\/www.americanonewspaper.com\\\/es\\\/educacion\\\/una-madre-protectora\\\/#primaryimage\"},\"thumbnailUrl\":\"https:\\\/\\\/www.americanonewspaper.com\\\/es\\\/wp-content\\\/uploads\\\/2026\\\/08\\\/image-7.jpeg\",\"datePublished\":\"2026-08-05T23:03:49+00:00\",\"dateModified\":\"2026-08-05T23:08:44+00:00\",\"description\":\"El punto de quiebre para Natara Matias lleg\u00f3 el momento en que le levant\u00f3 la camisa a su hijo de 5 a\u00f1os y encontr\u00f3 una marca horrible: como la huella de la mano de un adulto estampada en su espalda.\",\"breadcrumb\":{\"@id\":\"https:\\\/\\\/www.americanonewspaper.com\\\/es\\\/educacion\\\/una-madre-protectora\\\/#breadcrumb\"},\"inLanguage\":\"en-US\",\"potentialAction\":[{\"@type\":\"ReadAction\",\"target\":[\"https:\\\/\\\/www.americanonewspaper.com\\\/es\\\/educacion\\\/una-madre-protectora\\\/\"]}]},{\"@type\":\"ImageObject\",\"inLanguage\":\"en-US\",\"@id\":\"https:\\\/\\\/www.americanonewspaper.com\\\/es\\\/educacion\\\/una-madre-protectora\\\/#primaryimage\",\"url\":\"https:\\\/\\\/www.americanonewspaper.com\\\/es\\\/wp-content\\\/uploads\\\/2026\\\/08\\\/image-7.jpeg\",\"contentUrl\":\"https:\\\/\\\/www.americanonewspaper.com\\\/es\\\/wp-content\\\/uploads\\\/2026\\\/08\\\/image-7.jpeg\",\"width\":1920,\"height\":1080,\"caption\":\"J.M., en un programa privado de educaci\u00f3n especial pagado por el distrito escolar de Newark, en una sesi\u00f3n con una pelota de ejercicio. Su madre dice que la directora de admisiones le dijo que el traslado desde Newark fue algo poco com\u00fan. (Foto de John Mooney\\\/NJ Spotlight News)\"},{\"@type\":\"BreadcrumbList\",\"@id\":\"https:\\\/\\\/www.americanonewspaper.com\\\/es\\\/educacion\\\/una-madre-protectora\\\/#breadcrumb\",\"itemListElement\":[{\"@type\":\"ListItem\",\"position\":1,\"name\":\"Home\",\"item\":\"https:\\\/\\\/www.americanonewspaper.com\\\/es\\\/\"},{\"@type\":\"ListItem\",\"position\":2,\"name\":\"Una Madre Protectora\"}]},{\"@type\":\"WebSite\",\"@id\":\"https:\\\/\\\/www.americanonewspaper.com\\\/es\\\/#website\",\"url\":\"https:\\\/\\\/www.americanonewspaper.com\\\/es\\\/\",\"name\":\"Americano Newspaper\",\"description\":\"The Hispanic Newspaper of New Jersey.\",\"publisher\":{\"@id\":\"https:\\\/\\\/www.americanonewspaper.com\\\/es\\\/#organization\"},\"potentialAction\":[{\"@type\":\"SearchAction\",\"target\":{\"@type\":\"EntryPoint\",\"urlTemplate\":\"https:\\\/\\\/www.americanonewspaper.com\\\/es\\\/?s={search_term_string}\"},\"query-input\":{\"@type\":\"PropertyValueSpecification\",\"valueRequired\":true,\"valueName\":\"search_term_string\"}}],\"inLanguage\":\"en-US\"},{\"@type\":\"Organization\",\"@id\":\"https:\\\/\\\/www.americanonewspaper.com\\\/es\\\/#organization\",\"name\":\"Americano Newspaper\",\"url\":\"https:\\\/\\\/www.americanonewspaper.com\\\/es\\\/\",\"logo\":{\"@type\":\"ImageObject\",\"inLanguage\":\"en-US\",\"@id\":\"https:\\\/\\\/www.americanonewspaper.com\\\/es\\\/#\\\/schema\\\/logo\\\/image\\\/\",\"url\":\"https:\\\/\\\/www.americanonewspaper.com\\\/es\\\/wp-content\\\/uploads\\\/2024\\\/05\\\/AmericanoLogoCircle.comCircle2.jpg\",\"contentUrl\":\"https:\\\/\\\/www.americanonewspaper.com\\\/es\\\/wp-content\\\/uploads\\\/2024\\\/05\\\/AmericanoLogoCircle.comCircle2.jpg\",\"width\":600,\"height\":600,\"caption\":\"Americano Newspaper\"},\"image\":{\"@id\":\"https:\\\/\\\/www.americanonewspaper.com\\\/es\\\/#\\\/schema\\\/logo\\\/image\\\/\"},\"sameAs\":[\"https:\\\/\\\/www.facebook.com\\\/AmericanoNewspaper\\\/\"]},{\"@type\":\"Person\",\"@id\":\"https:\\\/\\\/www.americanonewspaper.com\\\/es\\\/#\\\/schema\\\/person\\\/8967f6b8af7e37bcbbe61f68580ff088\",\"name\":\"Author\",\"image\":{\"@type\":\"ImageObject\",\"inLanguage\":\"en-US\",\"@id\":\"https:\\\/\\\/www.americanonewspaper.com\\\/es\\\/wp-content\\\/litespeed\\\/avatar\\\/89ffaf6af3cf6769ffb3c6efb2313947.jpg?ver=1788535513\",\"url\":\"https:\\\/\\\/www.americanonewspaper.com\\\/es\\\/wp-content\\\/litespeed\\\/avatar\\\/89ffaf6af3cf6769ffb3c6efb2313947.jpg?ver=1788535513\",\"contentUrl\":\"https:\\\/\\\/www.americanonewspaper.com\\\/es\\\/wp-content\\\/litespeed\\\/avatar\\\/89ffaf6af3cf6769ffb3c6efb2313947.jpg?ver=1788535513\",\"caption\":\"Author\"},\"url\":\"https:\\\/\\\/www.americanonewspaper.com\\\/es\\\/author\\\/americano\\\/\"}]}<\/script>\n<!-- \/ Yoast SEO Premium plugin. -->","yoast_head_json":{"title":"Una Madre Protectora - Americano Newspaper","description":"El punto de quiebre para Natara Matias lleg\u00f3 el momento en que le levant\u00f3 la camisa a su hijo de 5 a\u00f1os y encontr\u00f3 una marca horrible: como la huella de la mano de un adulto estampada en su espalda.","robots":{"index":"index","follow":"follow","max-snippet":"max-snippet:-1","max-image-preview":"max-image-preview:large","max-video-preview":"max-video-preview:-1"},"canonical":"https:\/\/www.americanonewspaper.com\/es\/educacion\/una-madre-protectora\/","og_locale":"en_US","og_type":"article","og_title":"Una Madre Protectora","og_description":"El punto de quiebre para Natara Matias lleg\u00f3 el momento en que le levant\u00f3 la camisa a su hijo de 5 a\u00f1os y encontr\u00f3 una marca horrible: como la huella de la mano de un adulto estampada en su espalda.","og_url":"https:\/\/www.americanonewspaper.com\/es\/educacion\/una-madre-protectora\/","og_site_name":"Americano Newspaper","article_publisher":"https:\/\/www.facebook.com\/AmericanoNewspaper\/","article_published_time":"2026-08-05T23:03:49+00:00","article_modified_time":"2026-08-05T23:08:44+00:00","og_image":[{"width":1920,"height":1080,"url":"https:\/\/www.americanonewspaper.com\/es\/wp-content\/uploads\/2026\/08\/image-7.jpeg","type":"image\/jpeg"}],"author":"Author","twitter_card":"summary_large_image","twitter_misc":{"Written by":"Author","Est. reading time":"18 minutes"},"schema":{"@context":"https:\/\/schema.org","@graph":[{"@type":"Article","@id":"https:\/\/www.americanonewspaper.com\/es\/educacion\/una-madre-protectora\/#article","isPartOf":{"@id":"https:\/\/www.americanonewspaper.com\/es\/educacion\/una-madre-protectora\/"},"author":{"name":"Author","@id":"https:\/\/www.americanonewspaper.com\/es\/#\/schema\/person\/8967f6b8af7e37bcbbe61f68580ff088"},"headline":"Una Madre Protectora","datePublished":"2026-08-05T23:03:49+00:00","dateModified":"2026-08-05T23:08:44+00:00","mainEntityOfPage":{"@id":"https:\/\/www.americanonewspaper.com\/es\/educacion\/una-madre-protectora\/"},"wordCount":3762,"commentCount":0,"publisher":{"@id":"https:\/\/www.americanonewspaper.com\/es\/#organization"},"image":{"@id":"https:\/\/www.americanonewspaper.com\/es\/educacion\/una-madre-protectora\/#primaryimage"},"thumbnailUrl":"https:\/\/www.americanonewspaper.com\/es\/wp-content\/uploads\/2026\/08\/image-7.jpeg","articleSection":["Abuso Infantil","Educaci\u00f3n","New Jersey","Newark"],"inLanguage":"en-US","potentialAction":[{"@type":"CommentAction","name":"Comment","target":["https:\/\/www.americanonewspaper.com\/es\/educacion\/una-madre-protectora\/#respond"]}]},{"@type":"WebPage","@id":"https:\/\/www.americanonewspaper.com\/es\/educacion\/una-madre-protectora\/","url":"https:\/\/www.americanonewspaper.com\/es\/educacion\/una-madre-protectora\/","name":"Una Madre Protectora - Americano Newspaper","isPartOf":{"@id":"https:\/\/www.americanonewspaper.com\/es\/#website"},"primaryImageOfPage":{"@id":"https:\/\/www.americanonewspaper.com\/es\/educacion\/una-madre-protectora\/#primaryimage"},"image":{"@id":"https:\/\/www.americanonewspaper.com\/es\/educacion\/una-madre-protectora\/#primaryimage"},"thumbnailUrl":"https:\/\/www.americanonewspaper.com\/es\/wp-content\/uploads\/2026\/08\/image-7.jpeg","datePublished":"2026-08-05T23:03:49+00:00","dateModified":"2026-08-05T23:08:44+00:00","description":"El punto de quiebre para Natara Matias lleg\u00f3 el momento en que le levant\u00f3 la camisa a su hijo de 5 a\u00f1os y encontr\u00f3 una marca horrible: como la huella de la mano de un adulto estampada en su espalda.","breadcrumb":{"@id":"https:\/\/www.americanonewspaper.com\/es\/educacion\/una-madre-protectora\/#breadcrumb"},"inLanguage":"en-US","potentialAction":[{"@type":"ReadAction","target":["https:\/\/www.americanonewspaper.com\/es\/educacion\/una-madre-protectora\/"]}]},{"@type":"ImageObject","inLanguage":"en-US","@id":"https:\/\/www.americanonewspaper.com\/es\/educacion\/una-madre-protectora\/#primaryimage","url":"https:\/\/www.americanonewspaper.com\/es\/wp-content\/uploads\/2026\/08\/image-7.jpeg","contentUrl":"https:\/\/www.americanonewspaper.com\/es\/wp-content\/uploads\/2026\/08\/image-7.jpeg","width":1920,"height":1080,"caption":"J.M., en un programa privado de educaci\u00f3n especial pagado por el distrito escolar de Newark, en una sesi\u00f3n con una pelota de ejercicio. Su madre dice que la directora de admisiones le dijo que el traslado desde Newark fue algo poco com\u00fan. (Foto de John Mooney\/NJ Spotlight News)"},{"@type":"BreadcrumbList","@id":"https:\/\/www.americanonewspaper.com\/es\/educacion\/una-madre-protectora\/#breadcrumb","itemListElement":[{"@type":"ListItem","position":1,"name":"Home","item":"https:\/\/www.americanonewspaper.com\/es\/"},{"@type":"ListItem","position":2,"name":"Una Madre Protectora"}]},{"@type":"WebSite","@id":"https:\/\/www.americanonewspaper.com\/es\/#website","url":"https:\/\/www.americanonewspaper.com\/es\/","name":"Americano Newspaper","description":"The Hispanic Newspaper of New Jersey.","publisher":{"@id":"https:\/\/www.americanonewspaper.com\/es\/#organization"},"potentialAction":[{"@type":"SearchAction","target":{"@type":"EntryPoint","urlTemplate":"https:\/\/www.americanonewspaper.com\/es\/?s={search_term_string}"},"query-input":{"@type":"PropertyValueSpecification","valueRequired":true,"valueName":"search_term_string"}}],"inLanguage":"en-US"},{"@type":"Organization","@id":"https:\/\/www.americanonewspaper.com\/es\/#organization","name":"Americano Newspaper","url":"https:\/\/www.americanonewspaper.com\/es\/","logo":{"@type":"ImageObject","inLanguage":"en-US","@id":"https:\/\/www.americanonewspaper.com\/es\/#\/schema\/logo\/image\/","url":"https:\/\/www.americanonewspaper.com\/es\/wp-content\/uploads\/2024\/05\/AmericanoLogoCircle.comCircle2.jpg","contentUrl":"https:\/\/www.americanonewspaper.com\/es\/wp-content\/uploads\/2024\/05\/AmericanoLogoCircle.comCircle2.jpg","width":600,"height":600,"caption":"Americano Newspaper"},"image":{"@id":"https:\/\/www.americanonewspaper.com\/es\/#\/schema\/logo\/image\/"},"sameAs":["https:\/\/www.facebook.com\/AmericanoNewspaper\/"]},{"@type":"Person","@id":"https:\/\/www.americanonewspaper.com\/es\/#\/schema\/person\/8967f6b8af7e37bcbbe61f68580ff088","name":"Author","image":{"@type":"ImageObject","inLanguage":"en-US","@id":"https:\/\/www.americanonewspaper.com\/es\/wp-content\/litespeed\/avatar\/89ffaf6af3cf6769ffb3c6efb2313947.jpg?ver=1788535513","url":"https:\/\/www.americanonewspaper.com\/es\/wp-content\/litespeed\/avatar\/89ffaf6af3cf6769ffb3c6efb2313947.jpg?ver=1788535513","contentUrl":"https:\/\/www.americanonewspaper.com\/es\/wp-content\/litespeed\/avatar\/89ffaf6af3cf6769ffb3c6efb2313947.jpg?ver=1788535513","caption":"Author"},"url":"https:\/\/www.americanonewspaper.com\/es\/author\/americano\/"}]}},"jetpack_publicize_connections":[],"featured_image_urls":{"full":["https:\/\/www.americanonewspaper.com\/es\/wp-content\/uploads\/2026\/08\/image-7.jpeg",1920,1080,false],"thumbnail":["https:\/\/www.americanonewspaper.com\/es\/wp-content\/uploads\/2026\/08\/image-7-250x250.jpeg",250,250,true],"medium":["https:\/\/www.americanonewspaper.com\/es\/wp-content\/uploads\/2026\/08\/image-7-300x169.jpeg",300,169,true],"medium_large":["https:\/\/www.americanonewspaper.com\/es\/wp-content\/uploads\/2026\/08\/image-7-768x432.jpeg",696,392,true],"large":["https:\/\/www.americanonewspaper.com\/es\/wp-content\/uploads\/2026\/08\/image-7-800x450.jpeg",696,392,true],"1536x1536":["https:\/\/www.americanonewspaper.com\/es\/wp-content\/uploads\/2026\/08\/image-7-1536x864.jpeg",1536,864,true],"2048x2048":["https:\/\/www.americanonewspaper.com\/es\/wp-content\/uploads\/2026\/08\/image-7.jpeg",1920,1080,false],"td_150x0":["https:\/\/www.americanonewspaper.com\/es\/wp-content\/uploads\/2026\/08\/image-7-150x84.jpeg",150,84,true],"td_218x150":["https:\/\/www.americanonewspaper.com\/es\/wp-content\/uploads\/2026\/08\/image-7-218x150.jpeg",218,150,true],"td_300x0":["https:\/\/www.americanonewspaper.com\/es\/wp-content\/uploads\/2026\/08\/image-7-300x169.jpeg",300,169,true],"td_324x400":["https:\/\/www.americanonewspaper.com\/es\/wp-content\/uploads\/2026\/08\/image-7-324x400.jpeg",324,400,true],"td_485x360":["https:\/\/www.americanonewspaper.com\/es\/wp-content\/uploads\/2026\/08\/image-7-485x360.jpeg",485,360,true],"td_696x0":["https:\/\/www.americanonewspaper.com\/es\/wp-content\/uploads\/2026\/08\/image-7-696x392.jpeg",696,392,true],"td_1068x0":["https:\/\/www.americanonewspaper.com\/es\/wp-content\/uploads\/2026\/08\/image-7-1068x601.jpeg",1068,601,true],"td_1920x0":["https:\/\/www.americanonewspaper.com\/es\/wp-content\/uploads\/2026\/08\/image-7.jpeg",1920,1080,false],"bdpp-medium":["https:\/\/www.americanonewspaper.com\/es\/wp-content\/uploads\/2026\/08\/image-7-640x480.jpeg",640,480,true]},"author_info":{"display_name":"Author","author_link":"https:\/\/www.americanonewspaper.com\/es\/author\/americano\/"},"category_info":"<a href=\"https:\/\/www.americanonewspaper.com\/es\/category\/abuso-infantil\/\" rel=\"category tag\">Abuso Infantil<\/a> <a href=\"https:\/\/www.americanonewspaper.com\/es\/category\/educacion\/\" rel=\"category tag\">Educaci\u00f3n<\/a> <a href=\"https:\/\/www.americanonewspaper.com\/es\/category\/new-jersey\/\" rel=\"category tag\">New Jersey<\/a> <a href=\"https:\/\/www.americanonewspaper.com\/es\/category\/newark\/\" rel=\"category tag\">Newark<\/a>","tag_info":"Newark","comment_count":"0","jetpack_sharing_enabled":true,"jetpack_likes_enabled":true,"jetpack_featured_media_url":"https:\/\/www.americanonewspaper.com\/es\/wp-content\/uploads\/2026\/08\/image-7.jpeg","_links":{"self":[{"href":"https:\/\/www.americanonewspaper.com\/es\/wp-json\/wp\/v2\/posts\/33346","targetHints":{"allow":["GET"]}}],"collection":[{"href":"https:\/\/www.americanonewspaper.com\/es\/wp-json\/wp\/v2\/posts"}],"about":[{"href":"https:\/\/www.americanonewspaper.com\/es\/wp-json\/wp\/v2\/types\/post"}],"author":[{"embeddable":true,"href":"https:\/\/www.americanonewspaper.com\/es\/wp-json\/wp\/v2\/users\/7"}],"replies":[{"embeddable":true,"href":"https:\/\/www.americanonewspaper.com\/es\/wp-json\/wp\/v2\/comments?post=33346"}],"version-history":[{"count":2,"href":"https:\/\/www.americanonewspaper.com\/es\/wp-json\/wp\/v2\/posts\/33346\/revisions"}],"predecessor-version":[{"id":33354,"href":"https:\/\/www.americanonewspaper.com\/es\/wp-json\/wp\/v2\/posts\/33346\/revisions\/33354"}],"wp:featuredmedia":[{"embeddable":true,"href":"https:\/\/www.americanonewspaper.com\/es\/wp-json\/wp\/v2\/media\/33351"}],"wp:attachment":[{"href":"https:\/\/www.americanonewspaper.com\/es\/wp-json\/wp\/v2\/media?parent=33346"}],"wp:term":[{"taxonomy":"category","embeddable":true,"href":"https:\/\/www.americanonewspaper.com\/es\/wp-json\/wp\/v2\/categories?post=33346"},{"taxonomy":"post_tag","embeddable":true,"href":"https:\/\/www.americanonewspaper.com\/es\/wp-json\/wp\/v2\/tags?post=33346"}],"curies":[{"name":"wp","href":"https:\/\/api.w.org\/{rel}","templated":true}]}}