{"id":33333,"date":"2026-08-05T11:15:03","date_gmt":"2026-08-05T15:15:03","guid":{"rendered":"https:\/\/www.americanonewspaper.com\/es\/?p=33333"},"modified":"2026-08-05T11:15:11","modified_gmt":"2026-08-05T15:15:11","slug":"mexico-investiga-asesinato-de-cesar-gastelum","status":"publish","type":"post","link":"https:\/\/www.americanonewspaper.com\/es\/mexico-2\/mexico-investiga-asesinato-de-cesar-gastelum\/","title":{"rendered":"M\u00e9xico investiga asesinato de C\u00e9sar Gast\u00e9lum"},"content":{"rendered":"\n<p class=\"wp-block-paragraph\">Ciudad de M\u00e9xico, 5 ago (EFE).- <\/p>\n\n\n\n<p class=\"dropcapp3 wp-block-paragraph\">El Gabinete de Seguridad de M\u00e9xico inform\u00f3 este mi\u00e9rcoles que una de las l\u00edneas de investigaci\u00f3n por el asesinato del creador de contenido C\u00e9sar Gast\u00e9lum, ocurrido la noche del martes en Culiac\u00e1n, estado de Sinaloa, contempla diversas publicaciones difundidas por la v\u00edctima en redes sociales, algunas de ellas con referencias a una facci\u00f3n de un grupo delictivo.<\/p>\n\n\n\n<figure class=\"wp-block-image size-full\"><a href=\"https:\/\/ggllawyers.com\/es\/new-jersey-personal-injury-and-workers-compensation-lawyer\/\" target=\"_blank\" rel=\" noreferrer noopener\"><img fetchpriority=\"high\" decoding=\"async\" width=\"560\" height=\"269\" src=\"https:\/\/www.americanonewspaper.com\/es\/wp-content\/uploads\/2026\/07\/GGlSpanish-1.jpg\" alt=\"ABOGADOS DE ACCIDENTES\" class=\"wp-image-33267\" srcset=\"https:\/\/www.americanonewspaper.com\/es\/wp-content\/uploads\/2026\/07\/GGlSpanish-1.jpg 560w, https:\/\/www.americanonewspaper.com\/es\/wp-content\/uploads\/2026\/07\/GGlSpanish-1-300x144.jpg 300w, https:\/\/www.americanonewspaper.com\/es\/wp-content\/uploads\/2026\/07\/GGlSpanish-1-150x72.jpg 150w\" sizes=\"(max-width: 560px) 100vw, 560px\" \/><\/a><figcaption class=\"wp-element-caption\">ABOGADOS DE ACCIDENTES<\/figcaption><\/figure>\n\n\n\n<p class=\"wp-block-paragraph\">En una tarjeta informativa, la autoridad federal indic\u00f3 que, en coordinaci\u00f3n con la Fiscal\u00eda General del Estado de Sinaloa, participa en las investigaciones para esclarecer el homicidio del joven, quien fue atacado a balazos por hombres armados mientras realizaba una transmisi\u00f3n en vivo.<\/p>\n\n\n\n<figure class=\"wp-block-image size-full\"><img decoding=\"async\" width=\"560\" height=\"373\" src=\"https:\/\/www.americanonewspaper.com\/es\/wp-content\/uploads\/2026\/08\/fiscal.jpeg\" alt=\"\" class=\"wp-image-33335\" srcset=\"https:\/\/www.americanonewspaper.com\/es\/wp-content\/uploads\/2026\/08\/fiscal.jpeg 560w, https:\/\/www.americanonewspaper.com\/es\/wp-content\/uploads\/2026\/08\/fiscal-300x200.jpeg 300w, https:\/\/www.americanonewspaper.com\/es\/wp-content\/uploads\/2026\/08\/fiscal-150x100.jpeg 150w\" sizes=\"(max-width: 560px) 100vw, 560px\" \/><figcaption class=\"wp-element-caption\">El secretario de Seguridad y Protecci\u00f3n Ciudadana, Omar Garc\u00eda Harfuch, habla en una rueda de prensa en Palacio Nacional de la Ciudad de M\u00e9xico (M\u00e9xico). Fotograf\u00eda de archivo. EFE\/Isaac Esquivel<\/figcaption><\/figure>\n\n\n\n<p class=\"wp-block-paragraph\">&#8220;Entre las l\u00edneas de investigaci\u00f3n se encuentran diversas publicaciones, en las que en algunas de ellas hac\u00eda alusi\u00f3n a una facci\u00f3n de un grupo delictivo&#8221;, se\u00f1al\u00f3 el Gabinete de Seguridad.<\/p>\n\n\n\n<figure class=\"wp-block-image size-full\"><a href=\"https:\/\/www.linkedin.com\/in\/jaimeberrios\/\" target=\"_blank\" rel=\" noreferrer noopener\"><img decoding=\"async\" width=\"560\" height=\"257\" src=\"https:\/\/www.americanonewspaper.com\/es\/wp-content\/uploads\/2026\/07\/Jaime-copy-2-1.jpg\" alt=\"AUTOS Y CAMIONES NUEVOS Y USADOS\" class=\"wp-image-33268\" srcset=\"https:\/\/www.americanonewspaper.com\/es\/wp-content\/uploads\/2026\/07\/Jaime-copy-2-1.jpg 560w, https:\/\/www.americanonewspaper.com\/es\/wp-content\/uploads\/2026\/07\/Jaime-copy-2-1-300x138.jpg 300w, https:\/\/www.americanonewspaper.com\/es\/wp-content\/uploads\/2026\/07\/Jaime-copy-2-1-150x69.jpg 150w\" sizes=\"(max-width: 560px) 100vw, 560px\" \/><\/a><figcaption class=\"wp-element-caption\">AUTOS Y CAMIONES NUEVOS Y USADOS<\/figcaption><\/figure>\n\n\n\n<p class=\"wp-block-paragraph\">Adem\u00e1s, precis\u00f3 que las autoridades llevan a cabo el an\u00e1lisis de c\u00e1maras de videovigilancia y otros indicios para identificar y detener a los responsables del ataque.<\/p>\n\n\n\n<p class=\"wp-block-paragraph\">Gast\u00e9lum, de 24 a\u00f1os, fue asesinado la noche del martes en el sector Desarrollo Urbano Tres R\u00edos, en Culiac\u00e1n, mientras esperaba un pedido frente a un establecimiento de comida r\u00e1pida. Parte de la agresi\u00f3n qued\u00f3 registrada en la transmisi\u00f3n que realizaba a trav\u00e9s de redes sociales.<\/p>\n\n\n\n<p class=\"wp-block-paragraph\">Aunque hasta el momento no hay personas detenidas ni la Fiscal\u00eda ha determinado un m\u00f3vil, es la primera ocasi\u00f3n en que las autoridades federales revelan una hip\u00f3tesis concreta dentro de las investigaciones del caso.<\/p>\n\n\n\n<figure class=\"wp-block-image size-full\"><a href=\"https:\/\/inthepinkroom.com?utm_source=americanonewspaper&amp;utm_medium=referral&amp;utm_campaign=general\" target=\"_blank\" rel=\" noreferrer noopener\"><img loading=\"lazy\" decoding=\"async\" width=\"560\" height=\"300\" src=\"https:\/\/www.americanonewspaper.com\/es\/wp-content\/uploads\/2026\/08\/PinkRoomSpanishMay.jpeg\" alt=\"\" class=\"wp-image-33280\" srcset=\"https:\/\/www.americanonewspaper.com\/es\/wp-content\/uploads\/2026\/08\/PinkRoomSpanishMay.jpeg 560w, https:\/\/www.americanonewspaper.com\/es\/wp-content\/uploads\/2026\/08\/PinkRoomSpanishMay-300x161.jpeg 300w, https:\/\/www.americanonewspaper.com\/es\/wp-content\/uploads\/2026\/08\/PinkRoomSpanishMay-150x80.jpeg 150w\" sizes=\"(max-width: 560px) 100vw, 560px\" \/><\/a><\/figure>\n\n\n\n<p class=\"wp-block-paragraph\">El crimen ocurre en medio de la ola de violencia que afecta a Sinaloa desde septiembre de 2024 por la pugna entre facciones del C\u00e1rtel de Sinaloa, enfrentamiento que ha derivado en cientos de homicidios, desapariciones y ataques armados, adem\u00e1s de un reforzamiento permanente de la presencia de fuerzas federales en la entidad.<\/p>\n\n\n\n<p class=\"wp-block-paragraph\">El asesinato de Gast\u00e9lum, quien contaba con m\u00e1s de 500.000 seguidores en Tik Tok, tambi\u00e9n reaviv\u00f3 el debate sobre la exposici\u00f3n de creadores de contenido e influencers en estados con alta presencia del crimen organizado.<\/p>\n\n\n\n<figure class=\"wp-block-image size-full\"><a href=\"https:\/\/www.latindigitalsolutionsca.com\/es\/promocion-americano-newspaper-tayakan\/?utm_source=americanonewspaper&amp;utm_medium=banner&amp;utm_campaign=business_growth_2026&amp;utm_content=americanonews_es_banner\" target=\"_blank\" rel=\" noreferrer noopener\"><img loading=\"lazy\" decoding=\"async\" width=\"560\" height=\"270\" src=\"https:\/\/www.americanonewspaper.com\/es\/wp-content\/uploads\/2026\/07\/SpanishJuan-1.jpeg\" alt=\"\" class=\"wp-image-33218\" srcset=\"https:\/\/www.americanonewspaper.com\/es\/wp-content\/uploads\/2026\/07\/SpanishJuan-1.jpeg 560w, https:\/\/www.americanonewspaper.com\/es\/wp-content\/uploads\/2026\/07\/SpanishJuan-1-300x145.jpeg 300w, https:\/\/www.americanonewspaper.com\/es\/wp-content\/uploads\/2026\/07\/SpanishJuan-1-150x72.jpeg 150w\" sizes=\"(max-width: 560px) 100vw, 560px\" \/><\/a><\/figure>\n\n\n\n<p class=\"wp-block-paragraph\">En los \u00faltimos a\u00f1os, casos como los de Juan Luis Lagunas Rosales, conocido como &#8216;El Pirata de Culiac\u00e1n&#8217;, asesinado en 2017; Alfredo Villar, &#8216;El Villano&#8217;, en 2022; y la influencer Valeria M\u00e1rquez, asesinada durante una transmisi\u00f3n en vivo en 2025, han evidenciado que la violencia tambi\u00e9n ha alcanzado a figuras con amplia presencia en plataformas digitales.<\/p>\n\n\n\n<p class=\"wp-block-paragraph\">La investigaci\u00f3n busca determinar si las publicaciones mencionadas por el Gabinete de Seguridad guardan relaci\u00f3n con el homicidio o si existen otros m\u00f3viles detr\u00e1s del ataque.<\/p>\n\n\n\n<figure class=\"wp-block-image size-full\"><a href=\"https:\/\/tayakan.com\/\" target=\"_blank\" rel=\" noreferrer noopener\"><img loading=\"lazy\" decoding=\"async\" width=\"560\" height=\"164\" src=\"https:\/\/www.americanonewspaper.com\/es\/wp-content\/uploads\/2026\/08\/Tayakanlogo560-copy-2.jpg\" alt=\"\" class=\"wp-image-33281\" srcset=\"https:\/\/www.americanonewspaper.com\/es\/wp-content\/uploads\/2026\/08\/Tayakanlogo560-copy-2.jpg 560w, https:\/\/www.americanonewspaper.com\/es\/wp-content\/uploads\/2026\/08\/Tayakanlogo560-copy-2-300x88.jpg 300w, https:\/\/www.americanonewspaper.com\/es\/wp-content\/uploads\/2026\/08\/Tayakanlogo560-copy-2-150x44.jpg 150w\" sizes=\"(max-width: 560px) 100vw, 560px\" \/><\/a><\/figure>\n","protected":false},"excerpt":{"rendered":"<p>Ciudad de M\u00e9xico, 5 ago (EFE).- El Gabinete de Seguridad de M\u00e9xico inform\u00f3 este mi\u00e9rcoles que una de las l\u00edneas de investigaci\u00f3n por el asesinato del creador de contenido C\u00e9sar Gast\u00e9lum, ocurrido la noche del martes en Culiac\u00e1n, estado de Sinaloa, contempla diversas publicaciones difundidas por la v\u00edctima en redes sociales, algunas de ellas con [&hellip;]<\/p>\n","protected":false},"author":7,"featured_media":33334,"comment_status":"open","ping_status":"open","sticky":false,"template":"","format":"standard","meta":{"_acf_changed":false,"tdm_status":"","tdm_grid_status":"","_jetpack_newsletter_access":"","_jetpack_dont_email_post_to_subs":false,"_jetpack_newsletter_tier_id":0,"_jetpack_memberships_contains_paywalled_content":false,"_jetpack_feature_clip_id":0,"_jetpack_memberships_contains_paid_content":false,"footnotes":"","jetpack_publicize_message":"{title}\n\n{excerpt}\n\n{url}","jetpack_publicize_feature_enabled":true,"jetpack_social_post_already_shared":false,"jetpack_social_options":{"image_generator_settings":{"template":"highway","default_image_id":0,"font":"","enabled":false,"token":"eyJpbWciOiJodHRwczpcL1wvd3d3LmFtZXJpY2Fub25ld3NwYXBlci5jb21cL2VzXC93cC1jb250ZW50XC91cGxvYWRzXC8yMDI2XC8wOFwvU2NyZWVuc2hvdC0yMDI2LTA4LTA1LWF0LTExLjA1LjUyLUFNLTgwMHg0ODYucG5nIiwidHh0IjoiTVx1MDBlOXhpY28gaW52ZXN0aWdhIGFzZXNpbmF0byBkZSBDXHUwMGU5c2FyIEdhc3RcdTAwZTlsdW0iLCJ0ZW1wbGF0ZSI6ImhpZ2h3YXkiLCJmb250IjoiIiwiYmxvZ19pZCI6MjI4NjE5NTc0fQ.yBEfDUX0hofQb1E6DsMpMSDLIC20tUNB4A68kSAhHbwMQ"},"version":2,"media_source":"featured-image","attached_media":[{"id":33334,"url":"https:\/\/www.americanonewspaper.com\/es\/wp-content\/uploads\/2026\/08\/Screenshot-2026-08-05-at-11.05.52-AM.png","type":"image\/jpeg"}]},"_wpas_customize_per_network":false,"jetpack_post_was_ever_published":false,"_members_access_role":[],"_members_access_error":""},"categories":[145,545,528,1535,302],"tags":[],"class_list":["post-33333","post","type-post","status-publish","format-standard","has-post-thumbnail","category-crime","category-justicia","category-mexico-2","category-redes-sociales","category-trafico-de-drogas"],"acf":[],"yoast_head":"<!-- This site is optimized with the Yoast SEO Premium plugin v28.3 (Yoast SEO v28.3) - https:\/\/yoast.com\/product\/yoast-seo-premium-wordpress\/ -->\n<title>M\u00e9xico investiga asesinato de C\u00e9sar Gast\u00e9lum - Americano Newspaper<\/title>\n<meta name=\"description\" content=\"El Gabinete de Seguridad de M\u00e9xico inform\u00f3 este mi\u00e9rcoles que una de las l\u00edneas de investigaci\u00f3n por el asesinato del creador de contenido C\u00e9sar Gast\u00e9lum, ocurrido la noche del martes en Culiac\u00e1n, estado de Sinaloa, contempla diversas publicaciones difundidas por la v\u00edctima en redes sociales, algunas de ellas con referencias a una facci\u00f3n de un grupo delictivo.\" \/>\n<meta name=\"robots\" content=\"index, follow, max-snippet:-1, max-image-preview:large, max-video-preview:-1\" \/>\n<link rel=\"canonical\" href=\"https:\/\/www.americanonewspaper.com\/es\/mexico-2\/mexico-investiga-asesinato-de-cesar-gastelum\/\" \/>\n<meta property=\"og:locale\" content=\"en_US\" \/>\n<meta property=\"og:type\" content=\"article\" \/>\n<meta property=\"og:title\" content=\"M\u00e9xico investiga asesinato de C\u00e9sar Gast\u00e9lum\" \/>\n<meta property=\"og:description\" content=\"El Gabinete de Seguridad de M\u00e9xico inform\u00f3 este mi\u00e9rcoles que una de las l\u00edneas de investigaci\u00f3n por el asesinato del creador de contenido C\u00e9sar Gast\u00e9lum, ocurrido la noche del martes en Culiac\u00e1n, estado de Sinaloa, contempla diversas publicaciones difundidas por la v\u00edctima en redes sociales, algunas de ellas con referencias a una facci\u00f3n de un grupo delictivo.\" \/>\n<meta property=\"og:url\" content=\"https:\/\/www.americanonewspaper.com\/es\/mexico-2\/mexico-investiga-asesinato-de-cesar-gastelum\/\" \/>\n<meta property=\"og:site_name\" content=\"Americano Newspaper\" \/>\n<meta property=\"article:publisher\" content=\"https:\/\/www.facebook.com\/AmericanoNewspaper\/\" \/>\n<meta property=\"article:published_time\" content=\"2026-08-05T15:15:03+00:00\" \/>\n<meta property=\"article:modified_time\" content=\"2026-08-05T15:15:11+00:00\" \/>\n<meta property=\"og:image\" content=\"https:\/\/www.americanonewspaper.com\/es\/wp-content\/uploads\/2026\/08\/Screenshot-2026-08-05-at-11.05.52-AM-800x486.png\" \/>\n\t<meta property=\"og:image:width\" content=\"800\" \/>\n\t<meta property=\"og:image:height\" content=\"486\" \/>\n\t<meta property=\"og:image:type\" content=\"image\/png\" \/>\n<meta name=\"author\" content=\"Author\" \/>\n<meta name=\"twitter:card\" content=\"summary_large_image\" \/>\n<meta name=\"twitter:label1\" content=\"Written by\" \/>\n\t<meta name=\"twitter:data1\" content=\"Author\" \/>\n\t<meta name=\"twitter:label2\" content=\"Est. reading time\" \/>\n\t<meta name=\"twitter:data2\" content=\"4 minutes\" \/>\n<script type=\"application\/ld+json\" class=\"yoast-schema-graph\">{\"@context\":\"https:\\\/\\\/schema.org\",\"@graph\":[{\"@type\":\"Article\",\"@id\":\"https:\\\/\\\/www.americanonewspaper.com\\\/es\\\/mexico-2\\\/mexico-investiga-asesinato-de-cesar-gastelum\\\/#article\",\"isPartOf\":{\"@id\":\"https:\\\/\\\/www.americanonewspaper.com\\\/es\\\/mexico-2\\\/mexico-investiga-asesinato-de-cesar-gastelum\\\/\"},\"author\":{\"name\":\"Author\",\"@id\":\"https:\\\/\\\/www.americanonewspaper.com\\\/es\\\/#\\\/schema\\\/person\\\/8967f6b8af7e37bcbbe61f68580ff088\"},\"headline\":\"M\u00e9xico investiga asesinato de C\u00e9sar Gast\u00e9lum\",\"datePublished\":\"2026-08-05T15:15:03+00:00\",\"dateModified\":\"2026-08-05T15:15:11+00:00\",\"mainEntityOfPage\":{\"@id\":\"https:\\\/\\\/www.americanonewspaper.com\\\/es\\\/mexico-2\\\/mexico-investiga-asesinato-de-cesar-gastelum\\\/\"},\"wordCount\":509,\"commentCount\":0,\"publisher\":{\"@id\":\"https:\\\/\\\/www.americanonewspaper.com\\\/es\\\/#organization\"},\"image\":{\"@id\":\"https:\\\/\\\/www.americanonewspaper.com\\\/es\\\/mexico-2\\\/mexico-investiga-asesinato-de-cesar-gastelum\\\/#primaryimage\"},\"thumbnailUrl\":\"https:\\\/\\\/www.americanonewspaper.com\\\/es\\\/wp-content\\\/uploads\\\/2026\\\/08\\\/Screenshot-2026-08-05-at-11.05.52-AM.png\",\"articleSection\":[\"Crimen\",\"Justicia\",\"M\u00e9xico\",\"Redes Sociales\",\"Trafico de drogas\"],\"inLanguage\":\"en-US\",\"potentialAction\":[{\"@type\":\"CommentAction\",\"name\":\"Comment\",\"target\":[\"https:\\\/\\\/www.americanonewspaper.com\\\/es\\\/mexico-2\\\/mexico-investiga-asesinato-de-cesar-gastelum\\\/#respond\"]}]},{\"@type\":\"WebPage\",\"@id\":\"https:\\\/\\\/www.americanonewspaper.com\\\/es\\\/mexico-2\\\/mexico-investiga-asesinato-de-cesar-gastelum\\\/\",\"url\":\"https:\\\/\\\/www.americanonewspaper.com\\\/es\\\/mexico-2\\\/mexico-investiga-asesinato-de-cesar-gastelum\\\/\",\"name\":\"M\u00e9xico investiga asesinato de C\u00e9sar Gast\u00e9lum - Americano Newspaper\",\"isPartOf\":{\"@id\":\"https:\\\/\\\/www.americanonewspaper.com\\\/es\\\/#website\"},\"primaryImageOfPage\":{\"@id\":\"https:\\\/\\\/www.americanonewspaper.com\\\/es\\\/mexico-2\\\/mexico-investiga-asesinato-de-cesar-gastelum\\\/#primaryimage\"},\"image\":{\"@id\":\"https:\\\/\\\/www.americanonewspaper.com\\\/es\\\/mexico-2\\\/mexico-investiga-asesinato-de-cesar-gastelum\\\/#primaryimage\"},\"thumbnailUrl\":\"https:\\\/\\\/www.americanonewspaper.com\\\/es\\\/wp-content\\\/uploads\\\/2026\\\/08\\\/Screenshot-2026-08-05-at-11.05.52-AM.png\",\"datePublished\":\"2026-08-05T15:15:03+00:00\",\"dateModified\":\"2026-08-05T15:15:11+00:00\",\"description\":\"El Gabinete de Seguridad de M\u00e9xico inform\u00f3 este mi\u00e9rcoles que una de las l\u00edneas de investigaci\u00f3n por el asesinato del creador de contenido C\u00e9sar Gast\u00e9lum, ocurrido la noche del martes en Culiac\u00e1n, estado de Sinaloa, contempla diversas publicaciones difundidas por la v\u00edctima en redes sociales, algunas de ellas con referencias a una facci\u00f3n de un grupo delictivo.\",\"breadcrumb\":{\"@id\":\"https:\\\/\\\/www.americanonewspaper.com\\\/es\\\/mexico-2\\\/mexico-investiga-asesinato-de-cesar-gastelum\\\/#breadcrumb\"},\"inLanguage\":\"en-US\",\"potentialAction\":[{\"@type\":\"ReadAction\",\"target\":[\"https:\\\/\\\/www.americanonewspaper.com\\\/es\\\/mexico-2\\\/mexico-investiga-asesinato-de-cesar-gastelum\\\/\"]}]},{\"@type\":\"ImageObject\",\"inLanguage\":\"en-US\",\"@id\":\"https:\\\/\\\/www.americanonewspaper.com\\\/es\\\/mexico-2\\\/mexico-investiga-asesinato-de-cesar-gastelum\\\/#primaryimage\",\"url\":\"https:\\\/\\\/www.americanonewspaper.com\\\/es\\\/wp-content\\\/uploads\\\/2026\\\/08\\\/Screenshot-2026-08-05-at-11.05.52-AM.png\",\"contentUrl\":\"https:\\\/\\\/www.americanonewspaper.com\\\/es\\\/wp-content\\\/uploads\\\/2026\\\/08\\\/Screenshot-2026-08-05-at-11.05.52-AM.png\",\"width\":2086,\"height\":1268,\"caption\":\"Asesinan a influencer mexicano C\u00e9sar Gast\u00e9lum en Culiac\u00e1n, Sinaloa.\"},{\"@type\":\"BreadcrumbList\",\"@id\":\"https:\\\/\\\/www.americanonewspaper.com\\\/es\\\/mexico-2\\\/mexico-investiga-asesinato-de-cesar-gastelum\\\/#breadcrumb\",\"itemListElement\":[{\"@type\":\"ListItem\",\"position\":1,\"name\":\"Home\",\"item\":\"https:\\\/\\\/www.americanonewspaper.com\\\/es\\\/\"},{\"@type\":\"ListItem\",\"position\":2,\"name\":\"M\u00e9xico investiga asesinato de C\u00e9sar Gast\u00e9lum\"}]},{\"@type\":\"WebSite\",\"@id\":\"https:\\\/\\\/www.americanonewspaper.com\\\/es\\\/#website\",\"url\":\"https:\\\/\\\/www.americanonewspaper.com\\\/es\\\/\",\"name\":\"Americano Newspaper\",\"description\":\"The Hispanic Newspaper of New Jersey.\",\"publisher\":{\"@id\":\"https:\\\/\\\/www.americanonewspaper.com\\\/es\\\/#organization\"},\"potentialAction\":[{\"@type\":\"SearchAction\",\"target\":{\"@type\":\"EntryPoint\",\"urlTemplate\":\"https:\\\/\\\/www.americanonewspaper.com\\\/es\\\/?s={search_term_string}\"},\"query-input\":{\"@type\":\"PropertyValueSpecification\",\"valueRequired\":true,\"valueName\":\"search_term_string\"}}],\"inLanguage\":\"en-US\"},{\"@type\":\"Organization\",\"@id\":\"https:\\\/\\\/www.americanonewspaper.com\\\/es\\\/#organization\",\"name\":\"Americano Newspaper\",\"url\":\"https:\\\/\\\/www.americanonewspaper.com\\\/es\\\/\",\"logo\":{\"@type\":\"ImageObject\",\"inLanguage\":\"en-US\",\"@id\":\"https:\\\/\\\/www.americanonewspaper.com\\\/es\\\/#\\\/schema\\\/logo\\\/image\\\/\",\"url\":\"https:\\\/\\\/www.americanonewspaper.com\\\/es\\\/wp-content\\\/uploads\\\/2024\\\/05\\\/AmericanoLogoCircle.comCircle2.jpg\",\"contentUrl\":\"https:\\\/\\\/www.americanonewspaper.com\\\/es\\\/wp-content\\\/uploads\\\/2024\\\/05\\\/AmericanoLogoCircle.comCircle2.jpg\",\"width\":600,\"height\":600,\"caption\":\"Americano Newspaper\"},\"image\":{\"@id\":\"https:\\\/\\\/www.americanonewspaper.com\\\/es\\\/#\\\/schema\\\/logo\\\/image\\\/\"},\"sameAs\":[\"https:\\\/\\\/www.facebook.com\\\/AmericanoNewspaper\\\/\"]},{\"@type\":\"Person\",\"@id\":\"https:\\\/\\\/www.americanonewspaper.com\\\/es\\\/#\\\/schema\\\/person\\\/8967f6b8af7e37bcbbe61f68580ff088\",\"name\":\"Author\",\"image\":{\"@type\":\"ImageObject\",\"inLanguage\":\"en-US\",\"@id\":\"https:\\\/\\\/www.americanonewspaper.com\\\/es\\\/wp-content\\\/litespeed\\\/avatar\\\/89ffaf6af3cf6769ffb3c6efb2313947.jpg?ver=1787930627\",\"url\":\"https:\\\/\\\/www.americanonewspaper.com\\\/es\\\/wp-content\\\/litespeed\\\/avatar\\\/89ffaf6af3cf6769ffb3c6efb2313947.jpg?ver=1787930627\",\"contentUrl\":\"https:\\\/\\\/www.americanonewspaper.com\\\/es\\\/wp-content\\\/litespeed\\\/avatar\\\/89ffaf6af3cf6769ffb3c6efb2313947.jpg?ver=1787930627\",\"caption\":\"Author\"},\"url\":\"https:\\\/\\\/www.americanonewspaper.com\\\/es\\\/author\\\/americano\\\/\"}]}<\/script>\n<!-- \/ Yoast SEO Premium plugin. -->","yoast_head_json":{"title":"M\u00e9xico investiga asesinato de C\u00e9sar Gast\u00e9lum - Americano Newspaper","description":"El Gabinete de Seguridad de M\u00e9xico inform\u00f3 este mi\u00e9rcoles que una de las l\u00edneas de investigaci\u00f3n por el asesinato del creador de contenido C\u00e9sar Gast\u00e9lum, ocurrido la noche del martes en Culiac\u00e1n, estado de Sinaloa, contempla diversas publicaciones difundidas por la v\u00edctima en redes sociales, algunas de ellas con referencias a una facci\u00f3n de un grupo delictivo.","robots":{"index":"index","follow":"follow","max-snippet":"max-snippet:-1","max-image-preview":"max-image-preview:large","max-video-preview":"max-video-preview:-1"},"canonical":"https:\/\/www.americanonewspaper.com\/es\/mexico-2\/mexico-investiga-asesinato-de-cesar-gastelum\/","og_locale":"en_US","og_type":"article","og_title":"M\u00e9xico investiga asesinato de C\u00e9sar Gast\u00e9lum","og_description":"El Gabinete de Seguridad de M\u00e9xico inform\u00f3 este mi\u00e9rcoles que una de las l\u00edneas de investigaci\u00f3n por el asesinato del creador de contenido C\u00e9sar Gast\u00e9lum, ocurrido la noche del martes en Culiac\u00e1n, estado de Sinaloa, contempla diversas publicaciones difundidas por la v\u00edctima en redes sociales, algunas de ellas con referencias a una facci\u00f3n de un grupo delictivo.","og_url":"https:\/\/www.americanonewspaper.com\/es\/mexico-2\/mexico-investiga-asesinato-de-cesar-gastelum\/","og_site_name":"Americano Newspaper","article_publisher":"https:\/\/www.facebook.com\/AmericanoNewspaper\/","article_published_time":"2026-08-05T15:15:03+00:00","article_modified_time":"2026-08-05T15:15:11+00:00","og_image":[{"width":800,"height":486,"url":"https:\/\/www.americanonewspaper.com\/es\/wp-content\/uploads\/2026\/08\/Screenshot-2026-08-05-at-11.05.52-AM-800x486.png","type":"image\/png"}],"author":"Author","twitter_card":"summary_large_image","twitter_misc":{"Written by":"Author","Est. reading time":"4 minutes"},"schema":{"@context":"https:\/\/schema.org","@graph":[{"@type":"Article","@id":"https:\/\/www.americanonewspaper.com\/es\/mexico-2\/mexico-investiga-asesinato-de-cesar-gastelum\/#article","isPartOf":{"@id":"https:\/\/www.americanonewspaper.com\/es\/mexico-2\/mexico-investiga-asesinato-de-cesar-gastelum\/"},"author":{"name":"Author","@id":"https:\/\/www.americanonewspaper.com\/es\/#\/schema\/person\/8967f6b8af7e37bcbbe61f68580ff088"},"headline":"M\u00e9xico investiga asesinato de C\u00e9sar Gast\u00e9lum","datePublished":"2026-08-05T15:15:03+00:00","dateModified":"2026-08-05T15:15:11+00:00","mainEntityOfPage":{"@id":"https:\/\/www.americanonewspaper.com\/es\/mexico-2\/mexico-investiga-asesinato-de-cesar-gastelum\/"},"wordCount":509,"commentCount":0,"publisher":{"@id":"https:\/\/www.americanonewspaper.com\/es\/#organization"},"image":{"@id":"https:\/\/www.americanonewspaper.com\/es\/mexico-2\/mexico-investiga-asesinato-de-cesar-gastelum\/#primaryimage"},"thumbnailUrl":"https:\/\/www.americanonewspaper.com\/es\/wp-content\/uploads\/2026\/08\/Screenshot-2026-08-05-at-11.05.52-AM.png","articleSection":["Crimen","Justicia","M\u00e9xico","Redes Sociales","Trafico de drogas"],"inLanguage":"en-US","potentialAction":[{"@type":"CommentAction","name":"Comment","target":["https:\/\/www.americanonewspaper.com\/es\/mexico-2\/mexico-investiga-asesinato-de-cesar-gastelum\/#respond"]}]},{"@type":"WebPage","@id":"https:\/\/www.americanonewspaper.com\/es\/mexico-2\/mexico-investiga-asesinato-de-cesar-gastelum\/","url":"https:\/\/www.americanonewspaper.com\/es\/mexico-2\/mexico-investiga-asesinato-de-cesar-gastelum\/","name":"M\u00e9xico investiga asesinato de C\u00e9sar Gast\u00e9lum - Americano Newspaper","isPartOf":{"@id":"https:\/\/www.americanonewspaper.com\/es\/#website"},"primaryImageOfPage":{"@id":"https:\/\/www.americanonewspaper.com\/es\/mexico-2\/mexico-investiga-asesinato-de-cesar-gastelum\/#primaryimage"},"image":{"@id":"https:\/\/www.americanonewspaper.com\/es\/mexico-2\/mexico-investiga-asesinato-de-cesar-gastelum\/#primaryimage"},"thumbnailUrl":"https:\/\/www.americanonewspaper.com\/es\/wp-content\/uploads\/2026\/08\/Screenshot-2026-08-05-at-11.05.52-AM.png","datePublished":"2026-08-05T15:15:03+00:00","dateModified":"2026-08-05T15:15:11+00:00","description":"El Gabinete de Seguridad de M\u00e9xico inform\u00f3 este mi\u00e9rcoles que una de las l\u00edneas de investigaci\u00f3n por el asesinato del creador de contenido C\u00e9sar Gast\u00e9lum, ocurrido la noche del martes en Culiac\u00e1n, estado de Sinaloa, contempla diversas publicaciones difundidas por la v\u00edctima en redes sociales, algunas de ellas con referencias a una facci\u00f3n de un grupo delictivo.","breadcrumb":{"@id":"https:\/\/www.americanonewspaper.com\/es\/mexico-2\/mexico-investiga-asesinato-de-cesar-gastelum\/#breadcrumb"},"inLanguage":"en-US","potentialAction":[{"@type":"ReadAction","target":["https:\/\/www.americanonewspaper.com\/es\/mexico-2\/mexico-investiga-asesinato-de-cesar-gastelum\/"]}]},{"@type":"ImageObject","inLanguage":"en-US","@id":"https:\/\/www.americanonewspaper.com\/es\/mexico-2\/mexico-investiga-asesinato-de-cesar-gastelum\/#primaryimage","url":"https:\/\/www.americanonewspaper.com\/es\/wp-content\/uploads\/2026\/08\/Screenshot-2026-08-05-at-11.05.52-AM.png","contentUrl":"https:\/\/www.americanonewspaper.com\/es\/wp-content\/uploads\/2026\/08\/Screenshot-2026-08-05-at-11.05.52-AM.png","width":2086,"height":1268,"caption":"Asesinan a influencer mexicano C\u00e9sar Gast\u00e9lum en Culiac\u00e1n, Sinaloa."},{"@type":"BreadcrumbList","@id":"https:\/\/www.americanonewspaper.com\/es\/mexico-2\/mexico-investiga-asesinato-de-cesar-gastelum\/#breadcrumb","itemListElement":[{"@type":"ListItem","position":1,"name":"Home","item":"https:\/\/www.americanonewspaper.com\/es\/"},{"@type":"ListItem","position":2,"name":"M\u00e9xico investiga asesinato de C\u00e9sar Gast\u00e9lum"}]},{"@type":"WebSite","@id":"https:\/\/www.americanonewspaper.com\/es\/#website","url":"https:\/\/www.americanonewspaper.com\/es\/","name":"Americano Newspaper","description":"The Hispanic Newspaper of New Jersey.","publisher":{"@id":"https:\/\/www.americanonewspaper.com\/es\/#organization"},"potentialAction":[{"@type":"SearchAction","target":{"@type":"EntryPoint","urlTemplate":"https:\/\/www.americanonewspaper.com\/es\/?s={search_term_string}"},"query-input":{"@type":"PropertyValueSpecification","valueRequired":true,"valueName":"search_term_string"}}],"inLanguage":"en-US"},{"@type":"Organization","@id":"https:\/\/www.americanonewspaper.com\/es\/#organization","name":"Americano Newspaper","url":"https:\/\/www.americanonewspaper.com\/es\/","logo":{"@type":"ImageObject","inLanguage":"en-US","@id":"https:\/\/www.americanonewspaper.com\/es\/#\/schema\/logo\/image\/","url":"https:\/\/www.americanonewspaper.com\/es\/wp-content\/uploads\/2024\/05\/AmericanoLogoCircle.comCircle2.jpg","contentUrl":"https:\/\/www.americanonewspaper.com\/es\/wp-content\/uploads\/2024\/05\/AmericanoLogoCircle.comCircle2.jpg","width":600,"height":600,"caption":"Americano Newspaper"},"image":{"@id":"https:\/\/www.americanonewspaper.com\/es\/#\/schema\/logo\/image\/"},"sameAs":["https:\/\/www.facebook.com\/AmericanoNewspaper\/"]},{"@type":"Person","@id":"https:\/\/www.americanonewspaper.com\/es\/#\/schema\/person\/8967f6b8af7e37bcbbe61f68580ff088","name":"Author","image":{"@type":"ImageObject","inLanguage":"en-US","@id":"https:\/\/www.americanonewspaper.com\/es\/wp-content\/litespeed\/avatar\/89ffaf6af3cf6769ffb3c6efb2313947.jpg?ver=1787930627","url":"https:\/\/www.americanonewspaper.com\/es\/wp-content\/litespeed\/avatar\/89ffaf6af3cf6769ffb3c6efb2313947.jpg?ver=1787930627","contentUrl":"https:\/\/www.americanonewspaper.com\/es\/wp-content\/litespeed\/avatar\/89ffaf6af3cf6769ffb3c6efb2313947.jpg?ver=1787930627","caption":"Author"},"url":"https:\/\/www.americanonewspaper.com\/es\/author\/americano\/"}]}},"jetpack_publicize_connections":[],"featured_image_urls":{"full":["https:\/\/www.americanonewspaper.com\/es\/wp-content\/uploads\/2026\/08\/Screenshot-2026-08-05-at-11.05.52-AM.png",2086,1268,false],"thumbnail":["https:\/\/www.americanonewspaper.com\/es\/wp-content\/uploads\/2026\/08\/Screenshot-2026-08-05-at-11.05.52-AM-250x250.png",250,250,true],"medium":["https:\/\/www.americanonewspaper.com\/es\/wp-content\/uploads\/2026\/08\/Screenshot-2026-08-05-at-11.05.52-AM-300x182.png",300,182,true],"medium_large":["https:\/\/www.americanonewspaper.com\/es\/wp-content\/uploads\/2026\/08\/Screenshot-2026-08-05-at-11.05.52-AM-768x467.png",696,423,true],"large":["https:\/\/www.americanonewspaper.com\/es\/wp-content\/uploads\/2026\/08\/Screenshot-2026-08-05-at-11.05.52-AM-800x486.png",696,423,true],"1536x1536":["https:\/\/www.americanonewspaper.com\/es\/wp-content\/uploads\/2026\/08\/Screenshot-2026-08-05-at-11.05.52-AM-1536x934.png",1536,934,true],"2048x2048":["https:\/\/www.americanonewspaper.com\/es\/wp-content\/uploads\/2026\/08\/Screenshot-2026-08-05-at-11.05.52-AM-2048x1245.png",2048,1245,true],"td_150x0":["https:\/\/www.americanonewspaper.com\/es\/wp-content\/uploads\/2026\/08\/Screenshot-2026-08-05-at-11.05.52-AM-150x91.png",150,91,true],"td_218x150":["https:\/\/www.americanonewspaper.com\/es\/wp-content\/uploads\/2026\/08\/Screenshot-2026-08-05-at-11.05.52-AM-218x150.png",218,150,true],"td_300x0":["https:\/\/www.americanonewspaper.com\/es\/wp-content\/uploads\/2026\/08\/Screenshot-2026-08-05-at-11.05.52-AM-300x182.png",300,182,true],"td_324x400":["https:\/\/www.americanonewspaper.com\/es\/wp-content\/uploads\/2026\/08\/Screenshot-2026-08-05-at-11.05.52-AM-324x400.png",324,400,true],"td_485x360":["https:\/\/www.americanonewspaper.com\/es\/wp-content\/uploads\/2026\/08\/Screenshot-2026-08-05-at-11.05.52-AM-485x360.png",485,360,true],"td_696x0":["https:\/\/www.americanonewspaper.com\/es\/wp-content\/uploads\/2026\/08\/Screenshot-2026-08-05-at-11.05.52-AM-696x423.png",696,423,true],"td_1068x0":["https:\/\/www.americanonewspaper.com\/es\/wp-content\/uploads\/2026\/08\/Screenshot-2026-08-05-at-11.05.52-AM-1068x649.png",1068,649,true],"td_1920x0":["https:\/\/www.americanonewspaper.com\/es\/wp-content\/uploads\/2026\/08\/Screenshot-2026-08-05-at-11.05.52-AM-1920x1167.png",1920,1167,true],"bdpp-medium":["https:\/\/www.americanonewspaper.com\/es\/wp-content\/uploads\/2026\/08\/Screenshot-2026-08-05-at-11.05.52-AM-640x480.png",640,480,true]},"author_info":{"display_name":"Author","author_link":"https:\/\/www.americanonewspaper.com\/es\/author\/americano\/"},"category_info":"<a href=\"https:\/\/www.americanonewspaper.com\/es\/category\/crime\/\" rel=\"category tag\">Crimen<\/a> <a href=\"https:\/\/www.americanonewspaper.com\/es\/category\/justicia\/\" rel=\"category tag\">Justicia<\/a> <a href=\"https:\/\/www.americanonewspaper.com\/es\/category\/mexico-2\/\" rel=\"category tag\">M\u00e9xico<\/a> <a href=\"https:\/\/www.americanonewspaper.com\/es\/category\/tecnologia\/redes-sociales\/\" rel=\"category tag\">Redes Sociales<\/a> <a href=\"https:\/\/www.americanonewspaper.com\/es\/category\/trafico-de-drogas\/\" rel=\"category tag\">Trafico de drogas<\/a>","tag_info":"Trafico de drogas","comment_count":"0","jetpack_sharing_enabled":true,"jetpack_likes_enabled":true,"jetpack_featured_media_url":"https:\/\/www.americanonewspaper.com\/es\/wp-content\/uploads\/2026\/08\/Screenshot-2026-08-05-at-11.05.52-AM.png","_links":{"self":[{"href":"https:\/\/www.americanonewspaper.com\/es\/wp-json\/wp\/v2\/posts\/33333","targetHints":{"allow":["GET"]}}],"collection":[{"href":"https:\/\/www.americanonewspaper.com\/es\/wp-json\/wp\/v2\/posts"}],"about":[{"href":"https:\/\/www.americanonewspaper.com\/es\/wp-json\/wp\/v2\/types\/post"}],"author":[{"embeddable":true,"href":"https:\/\/www.americanonewspaper.com\/es\/wp-json\/wp\/v2\/users\/7"}],"replies":[{"embeddable":true,"href":"https:\/\/www.americanonewspaper.com\/es\/wp-json\/wp\/v2\/comments?post=33333"}],"version-history":[{"count":1,"href":"https:\/\/www.americanonewspaper.com\/es\/wp-json\/wp\/v2\/posts\/33333\/revisions"}],"predecessor-version":[{"id":33336,"href":"https:\/\/www.americanonewspaper.com\/es\/wp-json\/wp\/v2\/posts\/33333\/revisions\/33336"}],"wp:featuredmedia":[{"embeddable":true,"href":"https:\/\/www.americanonewspaper.com\/es\/wp-json\/wp\/v2\/media\/33334"}],"wp:attachment":[{"href":"https:\/\/www.americanonewspaper.com\/es\/wp-json\/wp\/v2\/media?parent=33333"}],"wp:term":[{"taxonomy":"category","embeddable":true,"href":"https:\/\/www.americanonewspaper.com\/es\/wp-json\/wp\/v2\/categories?post=33333"},{"taxonomy":"post_tag","embeddable":true,"href":"https:\/\/www.americanonewspaper.com\/es\/wp-json\/wp\/v2\/tags?post=33333"}],"curies":[{"name":"wp","href":"https:\/\/api.w.org\/{rel}","templated":true}]}}