{"id":33168,"date":"2026-07-22T11:04:41","date_gmt":"2026-07-22T15:04:41","guid":{"rendered":"https:\/\/www.americanonewspaper.com\/es\/?p=33168"},"modified":"2026-07-22T11:07:36","modified_gmt":"2026-07-22T15:07:36","slug":"liga-de-naciones-con-espana-contra-inglaterra","status":"publish","type":"post","link":"https:\/\/www.americanonewspaper.com\/es\/europe\/espana\/liga-de-naciones-con-espana-contra-inglaterra\/","title":{"rendered":"Liga de Naciones con Espa\u00f1a contra Inglaterra"},"content":{"rendered":"\n<p class=\"wp-block-paragraph\">Espa\u00f1a<\/p>\n\n\n\n<p class=\"wp-block-paragraph\">Madrid, 22 jul (EFE).- <\/p>\n\n\n\n<p class=\"dropcapp3 wp-block-paragraph\">La selecci\u00f3n espa\u00f1ola de f\u00fatbol, vigente campeona del mundo, estrenar\u00e1 su segunda estrella en la camiseta en su primer partido de la pr\u00f3xima la Liga de Naciones, contra Inglaterra el 26 de septiembre.<\/p>\n\n\n\n<figure class=\"wp-block-image size-full\"><a href=\"https:\/\/ggllawyers.com\/es\/new-jersey-personal-injury-and-workers-compensation-lawyer\/\" target=\"_blank\" rel=\" noreferrer noopener\"><img fetchpriority=\"high\" decoding=\"async\" width=\"560\" height=\"269\" src=\"https:\/\/www.americanonewspaper.com\/es\/wp-content\/uploads\/2026\/07\/GGlSpanish.jpg\" alt=\"Abogados de Accidentes\" class=\"wp-image-33039\" srcset=\"https:\/\/www.americanonewspaper.com\/es\/wp-content\/uploads\/2026\/07\/GGlSpanish.jpg 560w, https:\/\/www.americanonewspaper.com\/es\/wp-content\/uploads\/2026\/07\/GGlSpanish-300x144.jpg 300w, https:\/\/www.americanonewspaper.com\/es\/wp-content\/uploads\/2026\/07\/GGlSpanish-150x72.jpg 150w\" sizes=\"(max-width: 560px) 100vw, 560px\" \/><\/a><figcaption class=\"wp-element-caption\">Abogados de Accidentes<\/figcaption><\/figure>\n\n\n\n<p class=\"wp-block-paragraph\">Seg\u00fan inform\u00f3 la Real Federaci\u00f3n Espa\u00f1ola de F\u00fatbol (RFEF), el equipo dirigido por Luis de la Fuente qued\u00f3 encuadrado en el grupo A3 junto a Inglaterra, Croacia y Rep\u00fablica Checa.<\/p>\n\n\n\n<figure class=\"wp-block-image size-full\"><img decoding=\"async\" width=\"600\" height=\"400\" src=\"https:\/\/www.americanonewspaper.com\/es\/wp-content\/uploads\/2026\/07\/764ae9716391211a69963e6738eb3c863817d10cm.jpg\" alt=\"\" class=\"wp-image-33130\" srcset=\"https:\/\/www.americanonewspaper.com\/es\/wp-content\/uploads\/2026\/07\/764ae9716391211a69963e6738eb3c863817d10cm.jpg 600w, https:\/\/www.americanonewspaper.com\/es\/wp-content\/uploads\/2026\/07\/764ae9716391211a69963e6738eb3c863817d10cm-300x200.jpg 300w, https:\/\/www.americanonewspaper.com\/es\/wp-content\/uploads\/2026\/07\/764ae9716391211a69963e6738eb3c863817d10cm-150x100.jpg 150w\" sizes=\"(max-width: 600px) 100vw, 600px\" \/><figcaption class=\"wp-element-caption\">El delantero Lamine Yamal, durante un entrenamiento de la selecci\u00f3n nacional de Espa\u00f1a este viernes, en New Jersey (EEUU). EFE\/\u00c1ngel Mart\u00ednez\/RFEF<\/figcaption><\/figure>\n\n\n\n<p class=\"wp-block-paragraph\">La Roja debutar\u00e1 en la competici\u00f3n el pr\u00f3ximo 26 de septiembre en el estadio de Wembley ante Inglaterra y, ya en Espa\u00f1a, primero jugar\u00e1 el 29 de septiembre en el estadio Ram\u00f3n S\u00e1nchez-Pizju\u00e1n de Sevilla ante Croacia y el 3 de octubre lo har\u00e1 en Oviedo, en el Nuevo Carlos Tartiere, contra la Rep\u00fablica Checa.<\/p>\n\n\n\n<figure class=\"wp-block-image size-full\"><a href=\"https:\/\/www.linkedin.com\/in\/jaimeberrios\/\" target=\"_blank\" rel=\" noreferrer noopener\"><img decoding=\"async\" width=\"560\" height=\"257\" src=\"https:\/\/www.americanonewspaper.com\/es\/wp-content\/uploads\/2026\/07\/Jaime-copy-2.jpg\" alt=\"AUTOS Y CAMIONES NUEVOS Y USADOS\" class=\"wp-image-33040\" srcset=\"https:\/\/www.americanonewspaper.com\/es\/wp-content\/uploads\/2026\/07\/Jaime-copy-2.jpg 560w, https:\/\/www.americanonewspaper.com\/es\/wp-content\/uploads\/2026\/07\/Jaime-copy-2-300x138.jpg 300w, https:\/\/www.americanonewspaper.com\/es\/wp-content\/uploads\/2026\/07\/Jaime-copy-2-150x69.jpg 150w\" sizes=\"(max-width: 560px) 100vw, 560px\" \/><\/a><figcaption class=\"wp-element-caption\">AUTOS Y CAMIONES NUEVOS Y USADOS<\/figcaption><\/figure>\n\n\n\n<p class=\"wp-block-paragraph\">A Espa\u00f1a, l\u00edder del ranking FIFA, le favorece el historial de enfrentamientos con croatas y checos. Contra Croacia, en once duelos, ha logrado siete victorias y ante la Rep\u00fablica Checa permanece invicta, con cinco triunfos y dos empates.<\/p>\n\n\n\n<p class=\"wp-block-paragraph\">Contra la selecci\u00f3n inglesa, Espa\u00f1a suma 11 victorias y 13 derrotas en 28 encuentros.<\/p>\n\n\n\n<figure class=\"wp-block-image size-full\"><a href=\"https:\/\/www.eventbrite.com\/e\/feria-de-negocios-hispanos-2026-tickets-1979223624139?aff=oddtdtcreator\" target=\"_blank\" rel=\" noreferrer noopener\"><img loading=\"lazy\" decoding=\"async\" width=\"560\" height=\"300\" src=\"https:\/\/www.americanonewspaper.com\/es\/wp-content\/uploads\/2026\/07\/Fiesta-Hispana.jpeg\" alt=\"Feria Hispana de Negocios\" class=\"wp-image-33085\" srcset=\"https:\/\/www.americanonewspaper.com\/es\/wp-content\/uploads\/2026\/07\/Fiesta-Hispana.jpeg 560w, https:\/\/www.americanonewspaper.com\/es\/wp-content\/uploads\/2026\/07\/Fiesta-Hispana-300x161.jpeg 300w, https:\/\/www.americanonewspaper.com\/es\/wp-content\/uploads\/2026\/07\/Fiesta-Hispana-150x80.jpeg 150w\" sizes=\"(max-width: 560px) 100vw, 560px\" \/><\/a><figcaption class=\"wp-element-caption\">Feria Hispana de Negocios<\/figcaption><\/figure>\n","protected":false},"excerpt":{"rendered":"<p>Espa\u00f1a Madrid, 22 jul (EFE).- La selecci\u00f3n espa\u00f1ola de f\u00fatbol, vigente campeona del mundo, estrenar\u00e1 su segunda estrella en la camiseta en su primer partido de la pr\u00f3xima la Liga de Naciones, contra Inglaterra el 26 de septiembre. Seg\u00fan inform\u00f3 la Real Federaci\u00f3n Espa\u00f1ola de F\u00fatbol (RFEF), el equipo dirigido por Luis de la Fuente [&hellip;]<\/p>\n","protected":false},"author":7,"featured_media":33169,"comment_status":"open","ping_status":"open","sticky":false,"template":"","format":"standard","meta":{"_acf_changed":false,"tdm_status":"","tdm_grid_status":"","_jetpack_newsletter_access":"","_jetpack_dont_email_post_to_subs":false,"_jetpack_newsletter_tier_id":0,"_jetpack_memberships_contains_paywalled_content":false,"_jetpack_feature_clip_id":0,"_jetpack_memberships_contains_paid_content":false,"footnotes":"","jetpack_publicize_message":"{title}\n\n{excerpt}\n\n{url}","jetpack_publicize_feature_enabled":true,"jetpack_social_post_already_shared":false,"jetpack_social_options":{"image_generator_settings":{"template":"highway","default_image_id":0,"font":"","enabled":false,"token":"eyJpbWciOiJodHRwczpcL1wvd3d3LmFtZXJpY2Fub25ld3NwYXBlci5jb21cL2VzXC93cC1jb250ZW50XC91cGxvYWRzXC8yMDI2XC8wN1wvRXNwYW5hMS5qcGVnIiwidHh0IjoiTGlnYSBkZSBOYWNpb25lcyBjb24gRXNwYVx1MDBmMWEgY29udHJhIEluZ2xhdGVycmEiLCJ0ZW1wbGF0ZSI6ImhpZ2h3YXkiLCJmb250IjoiIiwiYmxvZ19pZCI6MjI4NjE5NTc0fQ.tsP71xRFXfw_IvxbRXoKy09Tnee2tH6rxhD3sChPO4gMQ"},"version":2,"media_source":"featured-image","attached_media":[{"id":33169,"url":"https:\/\/www.americanonewspaper.com\/es\/wp-content\/uploads\/2026\/07\/Espana1.jpeg","type":"image\/jpeg"}]},"_wpas_customize_per_network":false,"jetpack_post_was_ever_published":false,"_members_access_role":[],"_members_access_error":""},"categories":[567,1262,772],"tags":[],"class_list":["post-33168","post","type-post","status-publish","format-standard","has-post-thumbnail","category-espana","category-inglaterra","category-liga-de-naciones"],"acf":[],"yoast_head":"<!-- This site is optimized with the Yoast SEO Premium plugin v28.4 (Yoast SEO v28.4) - https:\/\/yoast.com\/product\/yoast-seo-premium-wordpress\/ -->\n<title>Liga de Naciones con Espa\u00f1a contra Inglaterra - Americano Newspaper<\/title>\n<meta name=\"description\" content=\"La selecci\u00f3n espa\u00f1ola de f\u00fatbol, vigente campeona del mundo, estrenar\u00e1 su segunda estrella en la camiseta en su primer partido de la pr\u00f3xima la Liga de Naciones, contra Inglaterra el 26 de septiembre.\" \/>\n<meta name=\"robots\" content=\"index, follow, max-snippet:-1, max-image-preview:large, max-video-preview:-1\" \/>\n<link rel=\"canonical\" href=\"https:\/\/www.americanonewspaper.com\/es\/europe\/espana\/liga-de-naciones-con-espana-contra-inglaterra\/\" \/>\n<meta property=\"og:locale\" content=\"en_US\" \/>\n<meta property=\"og:type\" content=\"article\" \/>\n<meta property=\"og:title\" content=\"Liga de Naciones con Espa\u00f1a contra Inglaterra\" \/>\n<meta property=\"og:description\" content=\"La selecci\u00f3n espa\u00f1ola de f\u00fatbol, vigente campeona del mundo, estrenar\u00e1 su segunda estrella en la camiseta en su primer partido de la pr\u00f3xima la Liga de Naciones, contra Inglaterra el 26 de septiembre.\" \/>\n<meta property=\"og:url\" content=\"https:\/\/www.americanonewspaper.com\/es\/europe\/espana\/liga-de-naciones-con-espana-contra-inglaterra\/\" \/>\n<meta property=\"og:site_name\" content=\"Americano Newspaper\" \/>\n<meta property=\"article:publisher\" content=\"https:\/\/www.facebook.com\/AmericanoNewspaper\/\" \/>\n<meta property=\"article:published_time\" content=\"2026-07-22T15:04:41+00:00\" \/>\n<meta property=\"article:modified_time\" content=\"2026-07-22T15:07:36+00:00\" \/>\n<meta property=\"og:image\" content=\"https:\/\/www.americanonewspaper.com\/es\/wp-content\/uploads\/2026\/07\/Espana1.jpeg\" \/>\n\t<meta property=\"og:image:width\" content=\"560\" \/>\n\t<meta property=\"og:image:height\" content=\"373\" \/>\n\t<meta property=\"og:image:type\" content=\"image\/jpeg\" \/>\n<meta name=\"author\" content=\"Author\" \/>\n<meta name=\"twitter:card\" content=\"summary_large_image\" \/>\n<meta name=\"twitter:label1\" content=\"Written by\" \/>\n\t<meta name=\"twitter:data1\" content=\"Author\" \/>\n\t<meta name=\"twitter:label2\" content=\"Est. reading time\" \/>\n\t<meta name=\"twitter:data2\" content=\"2 minutes\" \/>\n<script type=\"application\/ld+json\" class=\"yoast-schema-graph\">{\"@context\":\"https:\\\/\\\/schema.org\",\"@graph\":[{\"@type\":\"Article\",\"@id\":\"https:\\\/\\\/www.americanonewspaper.com\\\/es\\\/europe\\\/espana\\\/liga-de-naciones-con-espana-contra-inglaterra\\\/#article\",\"isPartOf\":{\"@id\":\"https:\\\/\\\/www.americanonewspaper.com\\\/es\\\/europe\\\/espana\\\/liga-de-naciones-con-espana-contra-inglaterra\\\/\"},\"author\":{\"name\":\"Author\",\"@id\":\"https:\\\/\\\/www.americanonewspaper.com\\\/es\\\/#\\\/schema\\\/person\\\/8967f6b8af7e37bcbbe61f68580ff088\"},\"headline\":\"Liga de Naciones con Espa\u00f1a contra Inglaterra\",\"datePublished\":\"2026-07-22T15:04:41+00:00\",\"dateModified\":\"2026-07-22T15:07:36+00:00\",\"mainEntityOfPage\":{\"@id\":\"https:\\\/\\\/www.americanonewspaper.com\\\/es\\\/europe\\\/espana\\\/liga-de-naciones-con-espana-contra-inglaterra\\\/\"},\"wordCount\":237,\"commentCount\":0,\"publisher\":{\"@id\":\"https:\\\/\\\/www.americanonewspaper.com\\\/es\\\/#organization\"},\"image\":{\"@id\":\"https:\\\/\\\/www.americanonewspaper.com\\\/es\\\/europe\\\/espana\\\/liga-de-naciones-con-espana-contra-inglaterra\\\/#primaryimage\"},\"thumbnailUrl\":\"https:\\\/\\\/www.americanonewspaper.com\\\/es\\\/wp-content\\\/uploads\\\/2026\\\/07\\\/Espana1.jpeg\",\"articleSection\":[\"Espa\u00f1a\",\"Inglaterra\",\"Liga de Naciones\"],\"inLanguage\":\"en-US\",\"potentialAction\":[{\"@type\":\"CommentAction\",\"name\":\"Comment\",\"target\":[\"https:\\\/\\\/www.americanonewspaper.com\\\/es\\\/europe\\\/espana\\\/liga-de-naciones-con-espana-contra-inglaterra\\\/#respond\"]}]},{\"@type\":\"WebPage\",\"@id\":\"https:\\\/\\\/www.americanonewspaper.com\\\/es\\\/europe\\\/espana\\\/liga-de-naciones-con-espana-contra-inglaterra\\\/\",\"url\":\"https:\\\/\\\/www.americanonewspaper.com\\\/es\\\/europe\\\/espana\\\/liga-de-naciones-con-espana-contra-inglaterra\\\/\",\"name\":\"Liga de Naciones con Espa\u00f1a contra Inglaterra - Americano Newspaper\",\"isPartOf\":{\"@id\":\"https:\\\/\\\/www.americanonewspaper.com\\\/es\\\/#website\"},\"primaryImageOfPage\":{\"@id\":\"https:\\\/\\\/www.americanonewspaper.com\\\/es\\\/europe\\\/espana\\\/liga-de-naciones-con-espana-contra-inglaterra\\\/#primaryimage\"},\"image\":{\"@id\":\"https:\\\/\\\/www.americanonewspaper.com\\\/es\\\/europe\\\/espana\\\/liga-de-naciones-con-espana-contra-inglaterra\\\/#primaryimage\"},\"thumbnailUrl\":\"https:\\\/\\\/www.americanonewspaper.com\\\/es\\\/wp-content\\\/uploads\\\/2026\\\/07\\\/Espana1.jpeg\",\"datePublished\":\"2026-07-22T15:04:41+00:00\",\"dateModified\":\"2026-07-22T15:07:36+00:00\",\"description\":\"La selecci\u00f3n espa\u00f1ola de f\u00fatbol, vigente campeona del mundo, estrenar\u00e1 su segunda estrella en la camiseta en su primer partido de la pr\u00f3xima la Liga de Naciones, contra Inglaterra el 26 de septiembre.\",\"breadcrumb\":{\"@id\":\"https:\\\/\\\/www.americanonewspaper.com\\\/es\\\/europe\\\/espana\\\/liga-de-naciones-con-espana-contra-inglaterra\\\/#breadcrumb\"},\"inLanguage\":\"en-US\",\"potentialAction\":[{\"@type\":\"ReadAction\",\"target\":[\"https:\\\/\\\/www.americanonewspaper.com\\\/es\\\/europe\\\/espana\\\/liga-de-naciones-con-espana-contra-inglaterra\\\/\"]}]},{\"@type\":\"ImageObject\",\"inLanguage\":\"en-US\",\"@id\":\"https:\\\/\\\/www.americanonewspaper.com\\\/es\\\/europe\\\/espana\\\/liga-de-naciones-con-espana-contra-inglaterra\\\/#primaryimage\",\"url\":\"https:\\\/\\\/www.americanonewspaper.com\\\/es\\\/wp-content\\\/uploads\\\/2026\\\/07\\\/Espana1.jpeg\",\"contentUrl\":\"https:\\\/\\\/www.americanonewspaper.com\\\/es\\\/wp-content\\\/uploads\\\/2026\\\/07\\\/Espana1.jpeg\",\"width\":560,\"height\":373,\"caption\":\"La selecci\u00f3n espa\u00f1ola celebra el Mundial 2026 tras vencer en la final a Argentina el pasado domingo 19. EFE\\\/ Lavandeira Jr\"},{\"@type\":\"BreadcrumbList\",\"@id\":\"https:\\\/\\\/www.americanonewspaper.com\\\/es\\\/europe\\\/espana\\\/liga-de-naciones-con-espana-contra-inglaterra\\\/#breadcrumb\",\"itemListElement\":[{\"@type\":\"ListItem\",\"position\":1,\"name\":\"Home\",\"item\":\"https:\\\/\\\/www.americanonewspaper.com\\\/es\\\/\"},{\"@type\":\"ListItem\",\"position\":2,\"name\":\"Liga de Naciones con Espa\u00f1a contra Inglaterra\"}]},{\"@type\":\"WebSite\",\"@id\":\"https:\\\/\\\/www.americanonewspaper.com\\\/es\\\/#website\",\"url\":\"https:\\\/\\\/www.americanonewspaper.com\\\/es\\\/\",\"name\":\"Americano Newspaper\",\"description\":\"The Hispanic Newspaper of New Jersey.\",\"publisher\":{\"@id\":\"https:\\\/\\\/www.americanonewspaper.com\\\/es\\\/#organization\"},\"potentialAction\":[{\"@type\":\"SearchAction\",\"target\":{\"@type\":\"EntryPoint\",\"urlTemplate\":\"https:\\\/\\\/www.americanonewspaper.com\\\/es\\\/?s={search_term_string}\"},\"query-input\":{\"@type\":\"PropertyValueSpecification\",\"valueRequired\":true,\"valueName\":\"search_term_string\"}}],\"inLanguage\":\"en-US\"},{\"@type\":\"Organization\",\"@id\":\"https:\\\/\\\/www.americanonewspaper.com\\\/es\\\/#organization\",\"name\":\"Americano Newspaper\",\"url\":\"https:\\\/\\\/www.americanonewspaper.com\\\/es\\\/\",\"logo\":{\"@type\":\"ImageObject\",\"inLanguage\":\"en-US\",\"@id\":\"https:\\\/\\\/www.americanonewspaper.com\\\/es\\\/#\\\/schema\\\/logo\\\/image\\\/\",\"url\":\"https:\\\/\\\/www.americanonewspaper.com\\\/es\\\/wp-content\\\/uploads\\\/2024\\\/05\\\/AmericanoLogoCircle.comCircle2.jpg\",\"contentUrl\":\"https:\\\/\\\/www.americanonewspaper.com\\\/es\\\/wp-content\\\/uploads\\\/2024\\\/05\\\/AmericanoLogoCircle.comCircle2.jpg\",\"width\":600,\"height\":600,\"caption\":\"Americano Newspaper\"},\"image\":{\"@id\":\"https:\\\/\\\/www.americanonewspaper.com\\\/es\\\/#\\\/schema\\\/logo\\\/image\\\/\"},\"sameAs\":[\"https:\\\/\\\/www.facebook.com\\\/AmericanoNewspaper\\\/\"]},{\"@type\":\"Person\",\"@id\":\"https:\\\/\\\/www.americanonewspaper.com\\\/es\\\/#\\\/schema\\\/person\\\/8967f6b8af7e37bcbbe61f68580ff088\",\"name\":\"Author\",\"image\":{\"@type\":\"ImageObject\",\"inLanguage\":\"en-US\",\"@id\":\"https:\\\/\\\/www.americanonewspaper.com\\\/es\\\/wp-content\\\/litespeed\\\/avatar\\\/89ffaf6af3cf6769ffb3c6efb2313947.jpg?ver=1788535513\",\"url\":\"https:\\\/\\\/www.americanonewspaper.com\\\/es\\\/wp-content\\\/litespeed\\\/avatar\\\/89ffaf6af3cf6769ffb3c6efb2313947.jpg?ver=1788535513\",\"contentUrl\":\"https:\\\/\\\/www.americanonewspaper.com\\\/es\\\/wp-content\\\/litespeed\\\/avatar\\\/89ffaf6af3cf6769ffb3c6efb2313947.jpg?ver=1788535513\",\"caption\":\"Author\"},\"url\":\"https:\\\/\\\/www.americanonewspaper.com\\\/es\\\/author\\\/americano\\\/\"}]}<\/script>\n<!-- \/ Yoast SEO Premium plugin. -->","yoast_head_json":{"title":"Liga de Naciones con Espa\u00f1a contra Inglaterra - Americano Newspaper","description":"La selecci\u00f3n espa\u00f1ola de f\u00fatbol, vigente campeona del mundo, estrenar\u00e1 su segunda estrella en la camiseta en su primer partido de la pr\u00f3xima la Liga de Naciones, contra Inglaterra el 26 de septiembre.","robots":{"index":"index","follow":"follow","max-snippet":"max-snippet:-1","max-image-preview":"max-image-preview:large","max-video-preview":"max-video-preview:-1"},"canonical":"https:\/\/www.americanonewspaper.com\/es\/europe\/espana\/liga-de-naciones-con-espana-contra-inglaterra\/","og_locale":"en_US","og_type":"article","og_title":"Liga de Naciones con Espa\u00f1a contra Inglaterra","og_description":"La selecci\u00f3n espa\u00f1ola de f\u00fatbol, vigente campeona del mundo, estrenar\u00e1 su segunda estrella en la camiseta en su primer partido de la pr\u00f3xima la Liga de Naciones, contra Inglaterra el 26 de septiembre.","og_url":"https:\/\/www.americanonewspaper.com\/es\/europe\/espana\/liga-de-naciones-con-espana-contra-inglaterra\/","og_site_name":"Americano Newspaper","article_publisher":"https:\/\/www.facebook.com\/AmericanoNewspaper\/","article_published_time":"2026-07-22T15:04:41+00:00","article_modified_time":"2026-07-22T15:07:36+00:00","og_image":[{"width":560,"height":373,"url":"https:\/\/www.americanonewspaper.com\/es\/wp-content\/uploads\/2026\/07\/Espana1.jpeg","type":"image\/jpeg"}],"author":"Author","twitter_card":"summary_large_image","twitter_misc":{"Written by":"Author","Est. reading time":"2 minutes"},"schema":{"@context":"https:\/\/schema.org","@graph":[{"@type":"Article","@id":"https:\/\/www.americanonewspaper.com\/es\/europe\/espana\/liga-de-naciones-con-espana-contra-inglaterra\/#article","isPartOf":{"@id":"https:\/\/www.americanonewspaper.com\/es\/europe\/espana\/liga-de-naciones-con-espana-contra-inglaterra\/"},"author":{"name":"Author","@id":"https:\/\/www.americanonewspaper.com\/es\/#\/schema\/person\/8967f6b8af7e37bcbbe61f68580ff088"},"headline":"Liga de Naciones con Espa\u00f1a contra Inglaterra","datePublished":"2026-07-22T15:04:41+00:00","dateModified":"2026-07-22T15:07:36+00:00","mainEntityOfPage":{"@id":"https:\/\/www.americanonewspaper.com\/es\/europe\/espana\/liga-de-naciones-con-espana-contra-inglaterra\/"},"wordCount":237,"commentCount":0,"publisher":{"@id":"https:\/\/www.americanonewspaper.com\/es\/#organization"},"image":{"@id":"https:\/\/www.americanonewspaper.com\/es\/europe\/espana\/liga-de-naciones-con-espana-contra-inglaterra\/#primaryimage"},"thumbnailUrl":"https:\/\/www.americanonewspaper.com\/es\/wp-content\/uploads\/2026\/07\/Espana1.jpeg","articleSection":["Espa\u00f1a","Inglaterra","Liga de Naciones"],"inLanguage":"en-US","potentialAction":[{"@type":"CommentAction","name":"Comment","target":["https:\/\/www.americanonewspaper.com\/es\/europe\/espana\/liga-de-naciones-con-espana-contra-inglaterra\/#respond"]}]},{"@type":"WebPage","@id":"https:\/\/www.americanonewspaper.com\/es\/europe\/espana\/liga-de-naciones-con-espana-contra-inglaterra\/","url":"https:\/\/www.americanonewspaper.com\/es\/europe\/espana\/liga-de-naciones-con-espana-contra-inglaterra\/","name":"Liga de Naciones con Espa\u00f1a contra Inglaterra - Americano Newspaper","isPartOf":{"@id":"https:\/\/www.americanonewspaper.com\/es\/#website"},"primaryImageOfPage":{"@id":"https:\/\/www.americanonewspaper.com\/es\/europe\/espana\/liga-de-naciones-con-espana-contra-inglaterra\/#primaryimage"},"image":{"@id":"https:\/\/www.americanonewspaper.com\/es\/europe\/espana\/liga-de-naciones-con-espana-contra-inglaterra\/#primaryimage"},"thumbnailUrl":"https:\/\/www.americanonewspaper.com\/es\/wp-content\/uploads\/2026\/07\/Espana1.jpeg","datePublished":"2026-07-22T15:04:41+00:00","dateModified":"2026-07-22T15:07:36+00:00","description":"La selecci\u00f3n espa\u00f1ola de f\u00fatbol, vigente campeona del mundo, estrenar\u00e1 su segunda estrella en la camiseta en su primer partido de la pr\u00f3xima la Liga de Naciones, contra Inglaterra el 26 de septiembre.","breadcrumb":{"@id":"https:\/\/www.americanonewspaper.com\/es\/europe\/espana\/liga-de-naciones-con-espana-contra-inglaterra\/#breadcrumb"},"inLanguage":"en-US","potentialAction":[{"@type":"ReadAction","target":["https:\/\/www.americanonewspaper.com\/es\/europe\/espana\/liga-de-naciones-con-espana-contra-inglaterra\/"]}]},{"@type":"ImageObject","inLanguage":"en-US","@id":"https:\/\/www.americanonewspaper.com\/es\/europe\/espana\/liga-de-naciones-con-espana-contra-inglaterra\/#primaryimage","url":"https:\/\/www.americanonewspaper.com\/es\/wp-content\/uploads\/2026\/07\/Espana1.jpeg","contentUrl":"https:\/\/www.americanonewspaper.com\/es\/wp-content\/uploads\/2026\/07\/Espana1.jpeg","width":560,"height":373,"caption":"La selecci\u00f3n espa\u00f1ola celebra el Mundial 2026 tras vencer en la final a Argentina el pasado domingo 19. EFE\/ Lavandeira Jr"},{"@type":"BreadcrumbList","@id":"https:\/\/www.americanonewspaper.com\/es\/europe\/espana\/liga-de-naciones-con-espana-contra-inglaterra\/#breadcrumb","itemListElement":[{"@type":"ListItem","position":1,"name":"Home","item":"https:\/\/www.americanonewspaper.com\/es\/"},{"@type":"ListItem","position":2,"name":"Liga de Naciones con Espa\u00f1a contra Inglaterra"}]},{"@type":"WebSite","@id":"https:\/\/www.americanonewspaper.com\/es\/#website","url":"https:\/\/www.americanonewspaper.com\/es\/","name":"Americano Newspaper","description":"The Hispanic Newspaper of New Jersey.","publisher":{"@id":"https:\/\/www.americanonewspaper.com\/es\/#organization"},"potentialAction":[{"@type":"SearchAction","target":{"@type":"EntryPoint","urlTemplate":"https:\/\/www.americanonewspaper.com\/es\/?s={search_term_string}"},"query-input":{"@type":"PropertyValueSpecification","valueRequired":true,"valueName":"search_term_string"}}],"inLanguage":"en-US"},{"@type":"Organization","@id":"https:\/\/www.americanonewspaper.com\/es\/#organization","name":"Americano Newspaper","url":"https:\/\/www.americanonewspaper.com\/es\/","logo":{"@type":"ImageObject","inLanguage":"en-US","@id":"https:\/\/www.americanonewspaper.com\/es\/#\/schema\/logo\/image\/","url":"https:\/\/www.americanonewspaper.com\/es\/wp-content\/uploads\/2024\/05\/AmericanoLogoCircle.comCircle2.jpg","contentUrl":"https:\/\/www.americanonewspaper.com\/es\/wp-content\/uploads\/2024\/05\/AmericanoLogoCircle.comCircle2.jpg","width":600,"height":600,"caption":"Americano Newspaper"},"image":{"@id":"https:\/\/www.americanonewspaper.com\/es\/#\/schema\/logo\/image\/"},"sameAs":["https:\/\/www.facebook.com\/AmericanoNewspaper\/"]},{"@type":"Person","@id":"https:\/\/www.americanonewspaper.com\/es\/#\/schema\/person\/8967f6b8af7e37bcbbe61f68580ff088","name":"Author","image":{"@type":"ImageObject","inLanguage":"en-US","@id":"https:\/\/www.americanonewspaper.com\/es\/wp-content\/litespeed\/avatar\/89ffaf6af3cf6769ffb3c6efb2313947.jpg?ver=1788535513","url":"https:\/\/www.americanonewspaper.com\/es\/wp-content\/litespeed\/avatar\/89ffaf6af3cf6769ffb3c6efb2313947.jpg?ver=1788535513","contentUrl":"https:\/\/www.americanonewspaper.com\/es\/wp-content\/litespeed\/avatar\/89ffaf6af3cf6769ffb3c6efb2313947.jpg?ver=1788535513","caption":"Author"},"url":"https:\/\/www.americanonewspaper.com\/es\/author\/americano\/"}]}},"jetpack_publicize_connections":[],"featured_image_urls":{"full":["https:\/\/www.americanonewspaper.com\/es\/wp-content\/uploads\/2026\/07\/Espana1.jpeg",560,373,false],"thumbnail":["https:\/\/www.americanonewspaper.com\/es\/wp-content\/uploads\/2026\/07\/Espana1-250x250.jpeg",250,250,true],"medium":["https:\/\/www.americanonewspaper.com\/es\/wp-content\/uploads\/2026\/07\/Espana1-300x200.jpeg",300,200,true],"medium_large":["https:\/\/www.americanonewspaper.com\/es\/wp-content\/uploads\/2026\/07\/Espana1.jpeg",560,373,false],"large":["https:\/\/www.americanonewspaper.com\/es\/wp-content\/uploads\/2026\/07\/Espana1.jpeg",560,373,false],"1536x1536":["https:\/\/www.americanonewspaper.com\/es\/wp-content\/uploads\/2026\/07\/Espana1.jpeg",560,373,false],"2048x2048":["https:\/\/www.americanonewspaper.com\/es\/wp-content\/uploads\/2026\/07\/Espana1.jpeg",560,373,false],"td_150x0":["https:\/\/www.americanonewspaper.com\/es\/wp-content\/uploads\/2026\/07\/Espana1-150x100.jpeg",150,100,true],"td_218x150":["https:\/\/www.americanonewspaper.com\/es\/wp-content\/uploads\/2026\/07\/Espana1-218x150.jpeg",218,150,true],"td_300x0":["https:\/\/www.americanonewspaper.com\/es\/wp-content\/uploads\/2026\/07\/Espana1-300x200.jpeg",300,200,true],"td_324x400":["https:\/\/www.americanonewspaper.com\/es\/wp-content\/uploads\/2026\/07\/Espana1-324x373.jpeg",324,373,true],"td_485x360":["https:\/\/www.americanonewspaper.com\/es\/wp-content\/uploads\/2026\/07\/Espana1-485x360.jpeg",485,360,true],"td_696x0":["https:\/\/www.americanonewspaper.com\/es\/wp-content\/uploads\/2026\/07\/Espana1.jpeg",560,373,false],"td_1068x0":["https:\/\/www.americanonewspaper.com\/es\/wp-content\/uploads\/2026\/07\/Espana1.jpeg",560,373,false],"td_1920x0":["https:\/\/www.americanonewspaper.com\/es\/wp-content\/uploads\/2026\/07\/Espana1.jpeg",560,373,false],"bdpp-medium":["https:\/\/www.americanonewspaper.com\/es\/wp-content\/uploads\/2026\/07\/Espana1.jpeg",560,373,false]},"author_info":{"display_name":"Author","author_link":"https:\/\/www.americanonewspaper.com\/es\/author\/americano\/"},"category_info":"<a href=\"https:\/\/www.americanonewspaper.com\/es\/category\/europe\/espana\/\" rel=\"category tag\">Espa\u00f1a<\/a> <a href=\"https:\/\/www.americanonewspaper.com\/es\/category\/inglaterra\/\" rel=\"category tag\">Inglaterra<\/a> <a href=\"https:\/\/www.americanonewspaper.com\/es\/category\/liga-de-naciones\/\" rel=\"category tag\">Liga de Naciones<\/a>","tag_info":"Liga de Naciones","comment_count":"0","jetpack_sharing_enabled":true,"jetpack_likes_enabled":true,"jetpack_featured_media_url":"https:\/\/www.americanonewspaper.com\/es\/wp-content\/uploads\/2026\/07\/Espana1.jpeg","_links":{"self":[{"href":"https:\/\/www.americanonewspaper.com\/es\/wp-json\/wp\/v2\/posts\/33168","targetHints":{"allow":["GET"]}}],"collection":[{"href":"https:\/\/www.americanonewspaper.com\/es\/wp-json\/wp\/v2\/posts"}],"about":[{"href":"https:\/\/www.americanonewspaper.com\/es\/wp-json\/wp\/v2\/types\/post"}],"author":[{"embeddable":true,"href":"https:\/\/www.americanonewspaper.com\/es\/wp-json\/wp\/v2\/users\/7"}],"replies":[{"embeddable":true,"href":"https:\/\/www.americanonewspaper.com\/es\/wp-json\/wp\/v2\/comments?post=33168"}],"version-history":[{"count":2,"href":"https:\/\/www.americanonewspaper.com\/es\/wp-json\/wp\/v2\/posts\/33168\/revisions"}],"predecessor-version":[{"id":33172,"href":"https:\/\/www.americanonewspaper.com\/es\/wp-json\/wp\/v2\/posts\/33168\/revisions\/33172"}],"wp:featuredmedia":[{"embeddable":true,"href":"https:\/\/www.americanonewspaper.com\/es\/wp-json\/wp\/v2\/media\/33169"}],"wp:attachment":[{"href":"https:\/\/www.americanonewspaper.com\/es\/wp-json\/wp\/v2\/media?parent=33168"}],"wp:term":[{"taxonomy":"category","embeddable":true,"href":"https:\/\/www.americanonewspaper.com\/es\/wp-json\/wp\/v2\/categories?post=33168"},{"taxonomy":"post_tag","embeddable":true,"href":"https:\/\/www.americanonewspaper.com\/es\/wp-json\/wp\/v2\/tags?post=33168"}],"curies":[{"name":"wp","href":"https:\/\/api.w.org\/{rel}","templated":true}]}}