{"id":33083,"date":"2026-07-15T11:21:56","date_gmt":"2026-07-15T15:21:56","guid":{"rendered":"https:\/\/www.americanonewspaper.com\/es\/?p=33083"},"modified":"2026-07-15T11:22:02","modified_gmt":"2026-07-15T15:22:02","slug":"la-tierra-la-luna-y-marte","status":"publish","type":"post","link":"https:\/\/www.americanonewspaper.com\/es\/usa\/la-tierra-la-luna-y-marte\/","title":{"rendered":"\u00a1La tierra, la Luna y Marte!"},"content":{"rendered":"\n<p class=\"wp-block-paragraph\">La tierra<\/p>\n\n\n\n<p class=\"wp-block-paragraph\">Noordwijk (Pa\u00edses Bajos), 15 jul (EFE).- Por Imane Rachidi<\/p>\n\n\n\n<p class=\"dropcapp3 wp-block-paragraph\">Cuando la nave Orion estaba m\u00e1s lejos de la Tierra, Victor Glover pudo taparla con la palma de su mano. &#8220;Todo lo que conozco estaba abajo: ciencia, arte, mi esposa, mis hijas&#8221;, recuerda a EFE el piloto de Artemis II, sobre un viaje que, m\u00e1s que descubrirle la cara (ya no tan) oculta de la Luna, le hizo valorar el planeta al que &#8220;quer\u00eda volver&#8221;.<\/p>\n\n\n\n<figure class=\"wp-block-image size-full\"><a href=\"https:\/\/ggllawyers.com\/es\/new-jersey-personal-injury-and-workers-compensation-lawyer\/\" target=\"_blank\" rel=\" noreferrer noopener\"><img fetchpriority=\"high\" decoding=\"async\" width=\"560\" height=\"269\" src=\"https:\/\/www.americanonewspaper.com\/es\/wp-content\/uploads\/2026\/07\/GGlSpanish.jpg\" alt=\"Abogados de Accidentes\" class=\"wp-image-33039\" srcset=\"https:\/\/www.americanonewspaper.com\/es\/wp-content\/uploads\/2026\/07\/GGlSpanish.jpg 560w, https:\/\/www.americanonewspaper.com\/es\/wp-content\/uploads\/2026\/07\/GGlSpanish-300x144.jpg 300w, https:\/\/www.americanonewspaper.com\/es\/wp-content\/uploads\/2026\/07\/GGlSpanish-150x72.jpg 150w\" sizes=\"(max-width: 560px) 100vw, 560px\" \/><\/a><figcaption class=\"wp-element-caption\">Abogados de Accidentes<\/figcaption><\/figure>\n\n\n\n<p class=\"wp-block-paragraph\">Tras una misi\u00f3n construida gracias a la colaboraci\u00f3n entre la NASA, la Agencia Espacial Europea (ESA), Jap\u00f3n y Canad\u00e1, Glover, primer afroamericano en hacer un viaje lunar, reflexiona sobre por qu\u00e9 sigue pareciendo tan dif\u00edcil cooperar a nivel global.<\/p>\n\n\n\n<p class=\"wp-block-paragraph\">&#8220;Uno de los mayores obst\u00e1culos para conseguir muchas de las cosas que deseamos como seres humanos es, precisamente, aquello que creemos saber&#8221;, afirma desde el Centro Europeo de Investigaci\u00f3n y Tecnolog\u00eda Espacial (ESTEC), la mayor instalaci\u00f3n t\u00e9cnica de la ESA, en la localidad neerlandesa de Noordwijk.<\/p>\n\n\n\n<p class=\"wp-block-paragraph\">En su opini\u00f3n, el problema no es el conocimiento en s\u00ed, sino la seguridad con la que se interpreta. &#8220;Nos fascinamos demasiado con nuestro propio conocimiento, una peque\u00f1a cantidad de datos (\u2026) A veces nuestra fe en la ciencia acaba impidi\u00e9ndonos tener fe los unos en los otros, en Dios o en algo m\u00e1s grande que nuestro propio ego&#8221;, lamenta.<\/p>\n\n\n\n<p class=\"wp-block-paragraph\">La tripulaci\u00f3n de Artemis II est\u00e1 en Europa para agradecer la contribuci\u00f3n de la industria del continente, especialmente el M\u00f3dulo Europeo de Servicio, construido por Airbus en Alemania, que proporcion\u00f3 energ\u00eda, agua, ox\u00edgeno y propulsi\u00f3n a Orion.<\/p>\n\n\n\n<figure class=\"wp-block-image size-full\"><a href=\"https:\/\/www.linkedin.com\/in\/jaimeberrios\/\" target=\"_blank\" rel=\" noreferrer noopener\"><img decoding=\"async\" width=\"560\" height=\"257\" src=\"https:\/\/www.americanonewspaper.com\/es\/wp-content\/uploads\/2026\/07\/Jaime-copy-2.jpg\" alt=\"\" class=\"wp-image-33040\" srcset=\"https:\/\/www.americanonewspaper.com\/es\/wp-content\/uploads\/2026\/07\/Jaime-copy-2.jpg 560w, https:\/\/www.americanonewspaper.com\/es\/wp-content\/uploads\/2026\/07\/Jaime-copy-2-300x138.jpg 300w, https:\/\/www.americanonewspaper.com\/es\/wp-content\/uploads\/2026\/07\/Jaime-copy-2-150x69.jpg 150w\" sizes=\"(max-width: 560px) 100vw, 560px\" \/><\/a><\/figure>\n\n\n\n<h2 id=\"h-desconectar-de-la-tierra\" class=\"wp-block-heading\"><strong>Desconectar de la Tierra<\/strong><\/h2>\n\n\n\n<p class=\"wp-block-paragraph\">Glover ya hab\u00eda contemplado la Tierra desde el espacio en 2020, cuando pas\u00f3 casi seis meses en la Estaci\u00f3n Espacial Internacional y aprendi\u00f3 &#8220;a verla como un \u00fanico sistema&#8221;, dice.<\/p>\n\n\n\n<p class=\"wp-block-paragraph\">Pero, mientras esa estaci\u00f3n mantiene pr\u00e1cticamente siempre la misma distancia respecto al planeta, rodear la Luna hac\u00eda que la Tierra creciera o disminuyera desde Orion.<\/p>\n\n\n\n<figure class=\"wp-block-image size-large\" style=\"max-width:560px\"><a href=\"https:\/\/www.latindigitalsolutionsca.com\/es\/promocion-americano-newspaper-tayakan\/?utm_source=americanonewspaper&amp;utm_medium=banner&amp;utm_campaign=business_growth_2026&amp;utm_content=americanonews_es_banner\" target=\"_blank\" rel=\" noreferrer noopener\"><img decoding=\"async\" width=\"800\" height=\"428\" src=\"https:\/\/www.americanonewspaper.com\/es\/wp-content\/uploads\/2026\/07\/JuanSpanish-800x428.jpg\" alt=\"\" class=\"wp-image-33082\" srcset=\"https:\/\/www.americanonewspaper.com\/es\/wp-content\/uploads\/2026\/07\/JuanSpanish-800x428.jpg 800w, https:\/\/www.americanonewspaper.com\/es\/wp-content\/uploads\/2026\/07\/JuanSpanish-300x161.jpg 300w, https:\/\/www.americanonewspaper.com\/es\/wp-content\/uploads\/2026\/07\/JuanSpanish-768x411.jpg 768w, https:\/\/www.americanonewspaper.com\/es\/wp-content\/uploads\/2026\/07\/JuanSpanish-1536x823.jpg 1536w, https:\/\/www.americanonewspaper.com\/es\/wp-content\/uploads\/2026\/07\/JuanSpanish-2048x1097.jpg 2048w, https:\/\/www.americanonewspaper.com\/es\/wp-content\/uploads\/2026\/07\/JuanSpanish-150x80.jpg 150w, https:\/\/www.americanonewspaper.com\/es\/wp-content\/uploads\/2026\/07\/JuanSpanish-696x373.jpg 696w, https:\/\/www.americanonewspaper.com\/es\/wp-content\/uploads\/2026\/07\/JuanSpanish-1068x572.jpg 1068w, https:\/\/www.americanonewspaper.com\/es\/wp-content\/uploads\/2026\/07\/JuanSpanish-1920x1028.jpg 1920w\" sizes=\"(max-width: 800px) 100vw, 800px\" \/><\/a><\/figure>\n\n\n\n<p class=\"wp-block-paragraph\">&#8220;Cada vez que mir\u00e1bamos por la ventana la vista cambiaba. No solo cambiaba la iluminaci\u00f3n, tambi\u00e9n el tama\u00f1o aparente&#8221;, describe.<\/p>\n\n\n\n<p class=\"wp-block-paragraph\">Hasta que lleg\u00f3 un momento que todav\u00eda le cuesta describir: &#8220;Cuando est\u00e1bamos muy lejos de la Tierra, pod\u00eda cubrirla completamente con mi mano. No solo dejaba de sentir su gravedad, sino que pod\u00eda levantar la mano y ocultarla por completo de mi vista. Es algo extraordinario poder desconectar completamente de ella. No muchos seres humanos llegan a vivir esa experiencia.&#8221;<\/p>\n\n\n\n<p class=\"wp-block-paragraph\">Y entonces enumera todo aquello que hab\u00eda quedado detr\u00e1s de su mano: &#8220;Las matem\u00e1ticas, la ciencia, el arte, la poes\u00eda, la Biblia&#8230; todo estaba all\u00ed. Tambi\u00e9n mis hijas y mi esposa&#8221;.<\/p>\n\n\n\n<p class=\"wp-block-paragraph\">Hace una pausa y admite: &#8220;El espacio es incre\u00edble, es un privilegio inmenso poder viajar al espacio profundo, pero no hay ning\u00fan otro lugar al que quisiera volver m\u00e1s que a la Tierra&#8221;.<\/p>\n\n\n\n<figure class=\"wp-block-image size-full\"><a href=\"https:\/\/Sutudu.tv\/watch\/que-pasa-show\" target=\"_blank\" rel=\" noreferrer noopener\"><img loading=\"lazy\" decoding=\"async\" width=\"560\" height=\"300\" src=\"https:\/\/www.americanonewspaper.com\/es\/wp-content\/uploads\/2026\/07\/QP-logo-560x300-2.jpg\" alt=\"\" class=\"wp-image-33041\" srcset=\"https:\/\/www.americanonewspaper.com\/es\/wp-content\/uploads\/2026\/07\/QP-logo-560x300-2.jpg 560w, https:\/\/www.americanonewspaper.com\/es\/wp-content\/uploads\/2026\/07\/QP-logo-560x300-2-300x161.jpg 300w, https:\/\/www.americanonewspaper.com\/es\/wp-content\/uploads\/2026\/07\/QP-logo-560x300-2-150x80.jpg 150w\" sizes=\"(max-width: 560px) 100vw, 560px\" \/><\/a><\/figure>\n\n\n\n<p class=\"wp-block-paragraph\">No obstante, el instante m\u00e1s duro psicol\u00f3gicamente fue, precisamente, regresar a Tierra, y \u00e9l hab\u00eda estado pensando &#8220;en la reentrada durante tres a\u00f1os, m\u00e1s que en cualquier otra fase&#8221;.<\/p>\n\n\n\n<p class=\"wp-block-paragraph\">La raz\u00f3n, explica, es que la f\u00edsica no da segundas oportunidades. &#8220;No puedes detenerte, no puedes rebobinar, no puedes dar marcha atr\u00e1s; te precipitas hacia la atm\u00f3sfera y tienes que entrar exactamente por el corredor previsto&#8221;, a\u00f1ade.<\/p>\n\n\n\n<h2 id=\"h-un-silencio-inquietante\" class=\"wp-block-heading\"><strong>Un silencio inquietante<\/strong><\/h2>\n\n\n\n<p class=\"wp-block-paragraph\">Durante el paso por la cara oculta de la Luna, Orion perdi\u00f3 temporalmente toda comunicaci\u00f3n con la Tierra y eso, dice, fue &#8220;un poco inquietante&#8221;.<\/p>\n\n\n\n<p class=\"wp-block-paragraph\">Le record\u00f3 a esos minutos de silencio que se guardan cuando alguien fallece y hab\u00eda pedido a familiares y amigos que aprovecharan ese momento para hacer exactamente eso, &#8220;dedicar unos instantes a pensar en todas las personas de este planeta y en lo que significa ser humano&#8221;.<\/p>\n\n\n\n<figure class=\"wp-block-image size-full\"><a href=\"https:\/\/inthepinkroom.com?utm_source=americanonewspaper&amp;utm_medium=referral&amp;utm_campaign=general\" target=\"_blank\" rel=\" noreferrer noopener\"><img loading=\"lazy\" decoding=\"async\" width=\"560\" height=\"300\" src=\"https:\/\/www.americanonewspaper.com\/es\/wp-content\/uploads\/2026\/07\/PinkRoomSpanishMay.jpeg\" alt=\"\" class=\"wp-image-33042\" srcset=\"https:\/\/www.americanonewspaper.com\/es\/wp-content\/uploads\/2026\/07\/PinkRoomSpanishMay.jpeg 560w, https:\/\/www.americanonewspaper.com\/es\/wp-content\/uploads\/2026\/07\/PinkRoomSpanishMay-300x161.jpeg 300w, https:\/\/www.americanonewspaper.com\/es\/wp-content\/uploads\/2026\/07\/PinkRoomSpanishMay-150x80.jpeg 150w\" sizes=\"(max-width: 560px) 100vw, 560px\" \/><\/a><\/figure>\n\n\n\n<p class=\"wp-block-paragraph\">Preguntado por si la humanidad est\u00e1 preparada para afrontar un viaje de varios a\u00f1os a Marte, no duda.<\/p>\n\n\n\n<p class=\"wp-block-paragraph\">&#8220;Hemos estado preparados desde que somos humanos. Somos exploradores por naturaleza&#8221;, afirma, para lo que recuerda grandes expediciones de la historia y menciona incluso a Crist\u00f3bal Col\u00f3n, porque &#8220;si aquellas personas no hubieran estado dispuestas a emprender un viaje largo y lleno de incertidumbre, qui\u00e9n sabe c\u00f3mo ser\u00eda hoy el mundo&#8221;.<\/p>\n\n\n\n<p class=\"wp-block-paragraph\">Tres meses despu\u00e9s de Artemis II, este astronauta de 50 a\u00f1os reconoce que sigue sin acostumbrarse a la vida de siempre, &#8220;lo normal es nuevo y sigue cambiando&#8221;, responde.<\/p>\n\n\n\n<figure class=\"wp-block-image size-full\"><a href=\"https:\/\/tayakan.com\/\" target=\"_blank\" rel=\" noreferrer noopener\"><img loading=\"lazy\" decoding=\"async\" width=\"560\" height=\"164\" src=\"https:\/\/www.americanonewspaper.com\/es\/wp-content\/uploads\/2026\/07\/Tayakanlogo560-copy-2.jpg\" alt=\"\" class=\"wp-image-33043\" srcset=\"https:\/\/www.americanonewspaper.com\/es\/wp-content\/uploads\/2026\/07\/Tayakanlogo560-copy-2.jpg 560w, https:\/\/www.americanonewspaper.com\/es\/wp-content\/uploads\/2026\/07\/Tayakanlogo560-copy-2-300x88.jpg 300w, https:\/\/www.americanonewspaper.com\/es\/wp-content\/uploads\/2026\/07\/Tayakanlogo560-copy-2-150x44.jpg 150w\" sizes=\"(max-width: 560px) 100vw, 560px\" \/><\/a><\/figure>\n\n\n\n<p class=\"wp-block-paragraph\">La mejor manera de volver a la Tierra, dice, ha sido dejar de pensar en s\u00ed mismo: &#8220;Tengo cuatro hijas (\u2026). Ellas me ayudaron a perseguir mis sue\u00f1os durante a\u00f1os, ahora quiero ayudarlas a cumplir los suyos&#8221;, promete.<\/p>\n\n\n\n<p class=\"wp-block-paragraph\">Y quiz\u00e1 esa sea la mejor definici\u00f3n de lo que supone rodear la Luna: regresar convencido de que el lugar m\u00e1s extraordinario del universo sigue siendo aqu\u00e9l que Glover pudo ocultar con su mano.<\/p>\n\n\n\n<figure class=\"wp-block-image size-full\"><a href=\"https:\/\/www.eventbrite.com\/e\/feria-de-negocios-hispanos-2026-tickets-1979223624139?aff=oddtdtcreator\" target=\"_blank\" rel=\" noreferrer noopener\"><img loading=\"lazy\" decoding=\"async\" width=\"560\" height=\"300\" src=\"https:\/\/www.americanonewspaper.com\/es\/wp-content\/uploads\/2026\/07\/Fiesta-Hispana.jpeg\" alt=\"Feria Hispana de Negocios\" class=\"wp-image-33085\" srcset=\"https:\/\/www.americanonewspaper.com\/es\/wp-content\/uploads\/2026\/07\/Fiesta-Hispana.jpeg 560w, https:\/\/www.americanonewspaper.com\/es\/wp-content\/uploads\/2026\/07\/Fiesta-Hispana-300x161.jpeg 300w, https:\/\/www.americanonewspaper.com\/es\/wp-content\/uploads\/2026\/07\/Fiesta-Hispana-150x80.jpeg 150w\" sizes=\"(max-width: 560px) 100vw, 560px\" \/><\/a><figcaption class=\"wp-element-caption\">Feria Hispana de Negocios<\/figcaption><\/figure>\n","protected":false},"excerpt":{"rendered":"<p>La tierra Noordwijk (Pa\u00edses Bajos), 15 jul (EFE).- Por Imane Rachidi Cuando la nave Orion estaba m\u00e1s lejos de la Tierra, Victor Glover pudo taparla con la palma de su mano. &#8220;Todo lo que conozco estaba abajo: ciencia, arte, mi esposa, mis hijas&#8221;, recuerda a EFE el piloto de Artemis II, sobre un viaje que, [&hellip;]<\/p>\n","protected":false},"author":7,"featured_media":33084,"comment_status":"open","ping_status":"open","sticky":false,"template":"","format":"standard","meta":{"_acf_changed":false,"tdm_status":"","tdm_grid_status":"","_jetpack_newsletter_access":"","_jetpack_dont_email_post_to_subs":false,"_jetpack_newsletter_tier_id":0,"_jetpack_memberships_contains_paywalled_content":false,"_jetpack_feature_clip_id":0,"_jetpack_memberships_contains_paid_content":false,"footnotes":"","jetpack_publicize_message":"{title}\n\n{excerpt}\n\n{url}","jetpack_publicize_feature_enabled":true,"jetpack_social_post_already_shared":false,"jetpack_social_options":{"image_generator_settings":{"template":"highway","default_image_id":0,"font":"","enabled":false,"token":"eyJpbWciOiJodHRwczpcL1wvd3d3LmFtZXJpY2Fub25ld3NwYXBlci5jb21cL2VzXC93cC1jb250ZW50XC91cGxvYWRzXC8yMDI2XC8wN1wvQXN0cm9zLmpwZWciLCJ0eHQiOiJcdTAwYTFMYSB0aWVycmEsIGxhIEx1bmEgeSBNYXJ0ZSEiLCJ0ZW1wbGF0ZSI6ImhpZ2h3YXkiLCJmb250IjoiIiwiYmxvZ19pZCI6MjI4NjE5NTc0fQ.axhEwOw53X36ZwOTyUXtZWbUCy1MSIcwnXUz4Ul9F7YMQ"},"version":2,"media_source":"featured-image","attached_media":[{"id":33084,"url":"https:\/\/www.americanonewspaper.com\/es\/wp-content\/uploads\/2026\/07\/Astros.jpeg","type":"image\/jpeg"}]},"_wpas_customize_per_network":false,"jetpack_post_was_ever_published":false,"_members_access_role":[],"_members_access_error":""},"categories":[593,543,294,315],"tags":[],"class_list":["post-33083","post","type-post","status-publish","format-standard","has-post-thumbnail","category-ciencia-y-tecnologia","category-nasa","category-tecnologia","category-usa"],"acf":[],"yoast_head":"<!-- This site is optimized with the Yoast SEO Premium plugin v28.3 (Yoast SEO v28.3) - https:\/\/yoast.com\/product\/yoast-seo-premium-wordpress\/ -->\n<title>\u00a1La tierra, la Luna y Marte! - Americano Newspaper<\/title>\n<meta name=\"description\" content=\"Cuando la nave Orion estaba m\u00e1s lejos de la Tierra, Victor Glover pudo taparla con la palma de su mano. &quot;Todo lo que conozco estaba abajo: ciencia, arte, mi esposa, mis hijas&quot;, recuerda a EFE el piloto de Artemis II, sobre un viaje que, m\u00e1s que descubrirle la cara (ya no tan) oculta de la Luna, le hizo valorar el planeta al que &quot;quer\u00eda volver&quot;.\" \/>\n<meta name=\"robots\" content=\"index, follow, max-snippet:-1, max-image-preview:large, max-video-preview:-1\" \/>\n<link rel=\"canonical\" href=\"https:\/\/www.americanonewspaper.com\/es\/usa\/la-tierra-la-luna-y-marte\/\" \/>\n<meta property=\"og:locale\" content=\"en_US\" \/>\n<meta property=\"og:type\" content=\"article\" \/>\n<meta property=\"og:title\" content=\"\u00a1La tierra, la Luna y Marte!\" \/>\n<meta property=\"og:description\" content=\"Cuando la nave Orion estaba m\u00e1s lejos de la Tierra, Victor Glover pudo taparla con la palma de su mano. &quot;Todo lo que conozco estaba abajo: ciencia, arte, mi esposa, mis hijas&quot;, recuerda a EFE el piloto de Artemis II, sobre un viaje que, m\u00e1s que descubrirle la cara (ya no tan) oculta de la Luna, le hizo valorar el planeta al que &quot;quer\u00eda volver&quot;.\" \/>\n<meta property=\"og:url\" content=\"https:\/\/www.americanonewspaper.com\/es\/usa\/la-tierra-la-luna-y-marte\/\" \/>\n<meta property=\"og:site_name\" content=\"Americano Newspaper\" \/>\n<meta property=\"article:publisher\" content=\"https:\/\/www.facebook.com\/AmericanoNewspaper\/\" \/>\n<meta property=\"article:published_time\" content=\"2026-07-15T15:21:56+00:00\" \/>\n<meta property=\"article:modified_time\" content=\"2026-07-15T15:22:02+00:00\" \/>\n<meta property=\"og:image\" content=\"https:\/\/www.americanonewspaper.com\/es\/wp-content\/uploads\/2026\/07\/Astros.jpeg\" \/>\n\t<meta property=\"og:image:width\" content=\"560\" \/>\n\t<meta property=\"og:image:height\" content=\"373\" \/>\n\t<meta property=\"og:image:type\" content=\"image\/jpeg\" \/>\n<meta name=\"author\" content=\"Author\" \/>\n<meta name=\"twitter:card\" content=\"summary_large_image\" \/>\n<meta name=\"twitter:label1\" content=\"Written by\" \/>\n\t<meta name=\"twitter:data1\" content=\"Author\" \/>\n\t<meta name=\"twitter:label2\" content=\"Est. reading time\" \/>\n\t<meta name=\"twitter:data2\" content=\"6 minutes\" \/>\n<script type=\"application\/ld+json\" class=\"yoast-schema-graph\">{\"@context\":\"https:\\\/\\\/schema.org\",\"@graph\":[{\"@type\":\"Article\",\"@id\":\"https:\\\/\\\/www.americanonewspaper.com\\\/es\\\/usa\\\/la-tierra-la-luna-y-marte\\\/#article\",\"isPartOf\":{\"@id\":\"https:\\\/\\\/www.americanonewspaper.com\\\/es\\\/usa\\\/la-tierra-la-luna-y-marte\\\/\"},\"author\":{\"name\":\"Author\",\"@id\":\"https:\\\/\\\/www.americanonewspaper.com\\\/es\\\/#\\\/schema\\\/person\\\/8967f6b8af7e37bcbbe61f68580ff088\"},\"headline\":\"\u00a1La tierra, la Luna y Marte!\",\"datePublished\":\"2026-07-15T15:21:56+00:00\",\"dateModified\":\"2026-07-15T15:22:02+00:00\",\"mainEntityOfPage\":{\"@id\":\"https:\\\/\\\/www.americanonewspaper.com\\\/es\\\/usa\\\/la-tierra-la-luna-y-marte\\\/\"},\"wordCount\":850,\"commentCount\":0,\"publisher\":{\"@id\":\"https:\\\/\\\/www.americanonewspaper.com\\\/es\\\/#organization\"},\"image\":{\"@id\":\"https:\\\/\\\/www.americanonewspaper.com\\\/es\\\/usa\\\/la-tierra-la-luna-y-marte\\\/#primaryimage\"},\"thumbnailUrl\":\"https:\\\/\\\/www.americanonewspaper.com\\\/es\\\/wp-content\\\/uploads\\\/2026\\\/07\\\/Astros.jpeg\",\"articleSection\":[\"Ciencia y Tecnolog\u00eda\",\"NASA\",\"Tecnolog\u00eda\",\"USA\"],\"inLanguage\":\"en-US\",\"potentialAction\":[{\"@type\":\"CommentAction\",\"name\":\"Comment\",\"target\":[\"https:\\\/\\\/www.americanonewspaper.com\\\/es\\\/usa\\\/la-tierra-la-luna-y-marte\\\/#respond\"]}]},{\"@type\":\"WebPage\",\"@id\":\"https:\\\/\\\/www.americanonewspaper.com\\\/es\\\/usa\\\/la-tierra-la-luna-y-marte\\\/\",\"url\":\"https:\\\/\\\/www.americanonewspaper.com\\\/es\\\/usa\\\/la-tierra-la-luna-y-marte\\\/\",\"name\":\"\u00a1La tierra, la Luna y Marte! - Americano Newspaper\",\"isPartOf\":{\"@id\":\"https:\\\/\\\/www.americanonewspaper.com\\\/es\\\/#website\"},\"primaryImageOfPage\":{\"@id\":\"https:\\\/\\\/www.americanonewspaper.com\\\/es\\\/usa\\\/la-tierra-la-luna-y-marte\\\/#primaryimage\"},\"image\":{\"@id\":\"https:\\\/\\\/www.americanonewspaper.com\\\/es\\\/usa\\\/la-tierra-la-luna-y-marte\\\/#primaryimage\"},\"thumbnailUrl\":\"https:\\\/\\\/www.americanonewspaper.com\\\/es\\\/wp-content\\\/uploads\\\/2026\\\/07\\\/Astros.jpeg\",\"datePublished\":\"2026-07-15T15:21:56+00:00\",\"dateModified\":\"2026-07-15T15:22:02+00:00\",\"description\":\"Cuando la nave Orion estaba m\u00e1s lejos de la Tierra, Victor Glover pudo taparla con la palma de su mano. \\\"Todo lo que conozco estaba abajo: ciencia, arte, mi esposa, mis hijas\\\", recuerda a EFE el piloto de Artemis II, sobre un viaje que, m\u00e1s que descubrirle la cara (ya no tan) oculta de la Luna, le hizo valorar el planeta al que \\\"quer\u00eda volver\\\".\",\"breadcrumb\":{\"@id\":\"https:\\\/\\\/www.americanonewspaper.com\\\/es\\\/usa\\\/la-tierra-la-luna-y-marte\\\/#breadcrumb\"},\"inLanguage\":\"en-US\",\"potentialAction\":[{\"@type\":\"ReadAction\",\"target\":[\"https:\\\/\\\/www.americanonewspaper.com\\\/es\\\/usa\\\/la-tierra-la-luna-y-marte\\\/\"]}]},{\"@type\":\"ImageObject\",\"inLanguage\":\"en-US\",\"@id\":\"https:\\\/\\\/www.americanonewspaper.com\\\/es\\\/usa\\\/la-tierra-la-luna-y-marte\\\/#primaryimage\",\"url\":\"https:\\\/\\\/www.americanonewspaper.com\\\/es\\\/wp-content\\\/uploads\\\/2026\\\/07\\\/Astros.jpeg\",\"contentUrl\":\"https:\\\/\\\/www.americanonewspaper.com\\\/es\\\/wp-content\\\/uploads\\\/2026\\\/07\\\/Astros.jpeg\",\"width\":560,\"height\":373,\"caption\":\"El piloto de Artemis II, Victor Glover, junto la astronauta estadounidense Christima Koch durante su visita a Pa\u00edses Bajos. Christina Koch, primera mujer en viajar alrededor de la Luna, asegur\u00f3 a EFE que espera que \\\"nadie recuerde Artemis II\\\" en 50 a\u00f1os porque ser\u00e1 se\u00f1al de que hemos avanzado hacia una presencia permanente en la Luna, y admiti\u00f3 que ver la Tierra desde el espacio le hizo comprender que compartir planeta \\\"nos une m\u00e1s que cualquier otra cosa\\\". EFE\\\/ Imane Rachidi\"},{\"@type\":\"BreadcrumbList\",\"@id\":\"https:\\\/\\\/www.americanonewspaper.com\\\/es\\\/usa\\\/la-tierra-la-luna-y-marte\\\/#breadcrumb\",\"itemListElement\":[{\"@type\":\"ListItem\",\"position\":1,\"name\":\"Home\",\"item\":\"https:\\\/\\\/www.americanonewspaper.com\\\/es\\\/\"},{\"@type\":\"ListItem\",\"position\":2,\"name\":\"\u00a1La tierra, la Luna y Marte!\"}]},{\"@type\":\"WebSite\",\"@id\":\"https:\\\/\\\/www.americanonewspaper.com\\\/es\\\/#website\",\"url\":\"https:\\\/\\\/www.americanonewspaper.com\\\/es\\\/\",\"name\":\"Americano Newspaper\",\"description\":\"The Hispanic Newspaper of New Jersey.\",\"publisher\":{\"@id\":\"https:\\\/\\\/www.americanonewspaper.com\\\/es\\\/#organization\"},\"potentialAction\":[{\"@type\":\"SearchAction\",\"target\":{\"@type\":\"EntryPoint\",\"urlTemplate\":\"https:\\\/\\\/www.americanonewspaper.com\\\/es\\\/?s={search_term_string}\"},\"query-input\":{\"@type\":\"PropertyValueSpecification\",\"valueRequired\":true,\"valueName\":\"search_term_string\"}}],\"inLanguage\":\"en-US\"},{\"@type\":\"Organization\",\"@id\":\"https:\\\/\\\/www.americanonewspaper.com\\\/es\\\/#organization\",\"name\":\"Americano Newspaper\",\"url\":\"https:\\\/\\\/www.americanonewspaper.com\\\/es\\\/\",\"logo\":{\"@type\":\"ImageObject\",\"inLanguage\":\"en-US\",\"@id\":\"https:\\\/\\\/www.americanonewspaper.com\\\/es\\\/#\\\/schema\\\/logo\\\/image\\\/\",\"url\":\"https:\\\/\\\/www.americanonewspaper.com\\\/es\\\/wp-content\\\/uploads\\\/2024\\\/05\\\/AmericanoLogoCircle.comCircle2.jpg\",\"contentUrl\":\"https:\\\/\\\/www.americanonewspaper.com\\\/es\\\/wp-content\\\/uploads\\\/2024\\\/05\\\/AmericanoLogoCircle.comCircle2.jpg\",\"width\":600,\"height\":600,\"caption\":\"Americano Newspaper\"},\"image\":{\"@id\":\"https:\\\/\\\/www.americanonewspaper.com\\\/es\\\/#\\\/schema\\\/logo\\\/image\\\/\"},\"sameAs\":[\"https:\\\/\\\/www.facebook.com\\\/AmericanoNewspaper\\\/\"]},{\"@type\":\"Person\",\"@id\":\"https:\\\/\\\/www.americanonewspaper.com\\\/es\\\/#\\\/schema\\\/person\\\/8967f6b8af7e37bcbbe61f68580ff088\",\"name\":\"Author\",\"image\":{\"@type\":\"ImageObject\",\"inLanguage\":\"en-US\",\"@id\":\"https:\\\/\\\/www.americanonewspaper.com\\\/es\\\/wp-content\\\/litespeed\\\/avatar\\\/89ffaf6af3cf6769ffb3c6efb2313947.jpg?ver=1787930627\",\"url\":\"https:\\\/\\\/www.americanonewspaper.com\\\/es\\\/wp-content\\\/litespeed\\\/avatar\\\/89ffaf6af3cf6769ffb3c6efb2313947.jpg?ver=1787930627\",\"contentUrl\":\"https:\\\/\\\/www.americanonewspaper.com\\\/es\\\/wp-content\\\/litespeed\\\/avatar\\\/89ffaf6af3cf6769ffb3c6efb2313947.jpg?ver=1787930627\",\"caption\":\"Author\"},\"url\":\"https:\\\/\\\/www.americanonewspaper.com\\\/es\\\/author\\\/americano\\\/\"}]}<\/script>\n<!-- \/ Yoast SEO Premium plugin. -->","yoast_head_json":{"title":"\u00a1La tierra, la Luna y Marte! - Americano Newspaper","description":"Cuando la nave Orion estaba m\u00e1s lejos de la Tierra, Victor Glover pudo taparla con la palma de su mano. \"Todo lo que conozco estaba abajo: ciencia, arte, mi esposa, mis hijas\", recuerda a EFE el piloto de Artemis II, sobre un viaje que, m\u00e1s que descubrirle la cara (ya no tan) oculta de la Luna, le hizo valorar el planeta al que \"quer\u00eda volver\".","robots":{"index":"index","follow":"follow","max-snippet":"max-snippet:-1","max-image-preview":"max-image-preview:large","max-video-preview":"max-video-preview:-1"},"canonical":"https:\/\/www.americanonewspaper.com\/es\/usa\/la-tierra-la-luna-y-marte\/","og_locale":"en_US","og_type":"article","og_title":"\u00a1La tierra, la Luna y Marte!","og_description":"Cuando la nave Orion estaba m\u00e1s lejos de la Tierra, Victor Glover pudo taparla con la palma de su mano. \"Todo lo que conozco estaba abajo: ciencia, arte, mi esposa, mis hijas\", recuerda a EFE el piloto de Artemis II, sobre un viaje que, m\u00e1s que descubrirle la cara (ya no tan) oculta de la Luna, le hizo valorar el planeta al que \"quer\u00eda volver\".","og_url":"https:\/\/www.americanonewspaper.com\/es\/usa\/la-tierra-la-luna-y-marte\/","og_site_name":"Americano Newspaper","article_publisher":"https:\/\/www.facebook.com\/AmericanoNewspaper\/","article_published_time":"2026-07-15T15:21:56+00:00","article_modified_time":"2026-07-15T15:22:02+00:00","og_image":[{"width":560,"height":373,"url":"https:\/\/www.americanonewspaper.com\/es\/wp-content\/uploads\/2026\/07\/Astros.jpeg","type":"image\/jpeg"}],"author":"Author","twitter_card":"summary_large_image","twitter_misc":{"Written by":"Author","Est. reading time":"6 minutes"},"schema":{"@context":"https:\/\/schema.org","@graph":[{"@type":"Article","@id":"https:\/\/www.americanonewspaper.com\/es\/usa\/la-tierra-la-luna-y-marte\/#article","isPartOf":{"@id":"https:\/\/www.americanonewspaper.com\/es\/usa\/la-tierra-la-luna-y-marte\/"},"author":{"name":"Author","@id":"https:\/\/www.americanonewspaper.com\/es\/#\/schema\/person\/8967f6b8af7e37bcbbe61f68580ff088"},"headline":"\u00a1La tierra, la Luna y Marte!","datePublished":"2026-07-15T15:21:56+00:00","dateModified":"2026-07-15T15:22:02+00:00","mainEntityOfPage":{"@id":"https:\/\/www.americanonewspaper.com\/es\/usa\/la-tierra-la-luna-y-marte\/"},"wordCount":850,"commentCount":0,"publisher":{"@id":"https:\/\/www.americanonewspaper.com\/es\/#organization"},"image":{"@id":"https:\/\/www.americanonewspaper.com\/es\/usa\/la-tierra-la-luna-y-marte\/#primaryimage"},"thumbnailUrl":"https:\/\/www.americanonewspaper.com\/es\/wp-content\/uploads\/2026\/07\/Astros.jpeg","articleSection":["Ciencia y Tecnolog\u00eda","NASA","Tecnolog\u00eda","USA"],"inLanguage":"en-US","potentialAction":[{"@type":"CommentAction","name":"Comment","target":["https:\/\/www.americanonewspaper.com\/es\/usa\/la-tierra-la-luna-y-marte\/#respond"]}]},{"@type":"WebPage","@id":"https:\/\/www.americanonewspaper.com\/es\/usa\/la-tierra-la-luna-y-marte\/","url":"https:\/\/www.americanonewspaper.com\/es\/usa\/la-tierra-la-luna-y-marte\/","name":"\u00a1La tierra, la Luna y Marte! - Americano Newspaper","isPartOf":{"@id":"https:\/\/www.americanonewspaper.com\/es\/#website"},"primaryImageOfPage":{"@id":"https:\/\/www.americanonewspaper.com\/es\/usa\/la-tierra-la-luna-y-marte\/#primaryimage"},"image":{"@id":"https:\/\/www.americanonewspaper.com\/es\/usa\/la-tierra-la-luna-y-marte\/#primaryimage"},"thumbnailUrl":"https:\/\/www.americanonewspaper.com\/es\/wp-content\/uploads\/2026\/07\/Astros.jpeg","datePublished":"2026-07-15T15:21:56+00:00","dateModified":"2026-07-15T15:22:02+00:00","description":"Cuando la nave Orion estaba m\u00e1s lejos de la Tierra, Victor Glover pudo taparla con la palma de su mano. \"Todo lo que conozco estaba abajo: ciencia, arte, mi esposa, mis hijas\", recuerda a EFE el piloto de Artemis II, sobre un viaje que, m\u00e1s que descubrirle la cara (ya no tan) oculta de la Luna, le hizo valorar el planeta al que \"quer\u00eda volver\".","breadcrumb":{"@id":"https:\/\/www.americanonewspaper.com\/es\/usa\/la-tierra-la-luna-y-marte\/#breadcrumb"},"inLanguage":"en-US","potentialAction":[{"@type":"ReadAction","target":["https:\/\/www.americanonewspaper.com\/es\/usa\/la-tierra-la-luna-y-marte\/"]}]},{"@type":"ImageObject","inLanguage":"en-US","@id":"https:\/\/www.americanonewspaper.com\/es\/usa\/la-tierra-la-luna-y-marte\/#primaryimage","url":"https:\/\/www.americanonewspaper.com\/es\/wp-content\/uploads\/2026\/07\/Astros.jpeg","contentUrl":"https:\/\/www.americanonewspaper.com\/es\/wp-content\/uploads\/2026\/07\/Astros.jpeg","width":560,"height":373,"caption":"El piloto de Artemis II, Victor Glover, junto la astronauta estadounidense Christima Koch durante su visita a Pa\u00edses Bajos. Christina Koch, primera mujer en viajar alrededor de la Luna, asegur\u00f3 a EFE que espera que \"nadie recuerde Artemis II\" en 50 a\u00f1os porque ser\u00e1 se\u00f1al de que hemos avanzado hacia una presencia permanente en la Luna, y admiti\u00f3 que ver la Tierra desde el espacio le hizo comprender que compartir planeta \"nos une m\u00e1s que cualquier otra cosa\". EFE\/ Imane Rachidi"},{"@type":"BreadcrumbList","@id":"https:\/\/www.americanonewspaper.com\/es\/usa\/la-tierra-la-luna-y-marte\/#breadcrumb","itemListElement":[{"@type":"ListItem","position":1,"name":"Home","item":"https:\/\/www.americanonewspaper.com\/es\/"},{"@type":"ListItem","position":2,"name":"\u00a1La tierra, la Luna y Marte!"}]},{"@type":"WebSite","@id":"https:\/\/www.americanonewspaper.com\/es\/#website","url":"https:\/\/www.americanonewspaper.com\/es\/","name":"Americano Newspaper","description":"The Hispanic Newspaper of New Jersey.","publisher":{"@id":"https:\/\/www.americanonewspaper.com\/es\/#organization"},"potentialAction":[{"@type":"SearchAction","target":{"@type":"EntryPoint","urlTemplate":"https:\/\/www.americanonewspaper.com\/es\/?s={search_term_string}"},"query-input":{"@type":"PropertyValueSpecification","valueRequired":true,"valueName":"search_term_string"}}],"inLanguage":"en-US"},{"@type":"Organization","@id":"https:\/\/www.americanonewspaper.com\/es\/#organization","name":"Americano Newspaper","url":"https:\/\/www.americanonewspaper.com\/es\/","logo":{"@type":"ImageObject","inLanguage":"en-US","@id":"https:\/\/www.americanonewspaper.com\/es\/#\/schema\/logo\/image\/","url":"https:\/\/www.americanonewspaper.com\/es\/wp-content\/uploads\/2024\/05\/AmericanoLogoCircle.comCircle2.jpg","contentUrl":"https:\/\/www.americanonewspaper.com\/es\/wp-content\/uploads\/2024\/05\/AmericanoLogoCircle.comCircle2.jpg","width":600,"height":600,"caption":"Americano Newspaper"},"image":{"@id":"https:\/\/www.americanonewspaper.com\/es\/#\/schema\/logo\/image\/"},"sameAs":["https:\/\/www.facebook.com\/AmericanoNewspaper\/"]},{"@type":"Person","@id":"https:\/\/www.americanonewspaper.com\/es\/#\/schema\/person\/8967f6b8af7e37bcbbe61f68580ff088","name":"Author","image":{"@type":"ImageObject","inLanguage":"en-US","@id":"https:\/\/www.americanonewspaper.com\/es\/wp-content\/litespeed\/avatar\/89ffaf6af3cf6769ffb3c6efb2313947.jpg?ver=1787930627","url":"https:\/\/www.americanonewspaper.com\/es\/wp-content\/litespeed\/avatar\/89ffaf6af3cf6769ffb3c6efb2313947.jpg?ver=1787930627","contentUrl":"https:\/\/www.americanonewspaper.com\/es\/wp-content\/litespeed\/avatar\/89ffaf6af3cf6769ffb3c6efb2313947.jpg?ver=1787930627","caption":"Author"},"url":"https:\/\/www.americanonewspaper.com\/es\/author\/americano\/"}]}},"jetpack_publicize_connections":[],"featured_image_urls":{"full":["https:\/\/www.americanonewspaper.com\/es\/wp-content\/uploads\/2026\/07\/Astros.jpeg",560,373,false],"thumbnail":["https:\/\/www.americanonewspaper.com\/es\/wp-content\/uploads\/2026\/07\/Astros-250x250.jpeg",250,250,true],"medium":["https:\/\/www.americanonewspaper.com\/es\/wp-content\/uploads\/2026\/07\/Astros-300x200.jpeg",300,200,true],"medium_large":["https:\/\/www.americanonewspaper.com\/es\/wp-content\/uploads\/2026\/07\/Astros.jpeg",560,373,false],"large":["https:\/\/www.americanonewspaper.com\/es\/wp-content\/uploads\/2026\/07\/Astros.jpeg",560,373,false],"1536x1536":["https:\/\/www.americanonewspaper.com\/es\/wp-content\/uploads\/2026\/07\/Astros.jpeg",560,373,false],"2048x2048":["https:\/\/www.americanonewspaper.com\/es\/wp-content\/uploads\/2026\/07\/Astros.jpeg",560,373,false],"td_150x0":["https:\/\/www.americanonewspaper.com\/es\/wp-content\/uploads\/2026\/07\/Astros-150x100.jpeg",150,100,true],"td_218x150":["https:\/\/www.americanonewspaper.com\/es\/wp-content\/uploads\/2026\/07\/Astros-218x150.jpeg",218,150,true],"td_300x0":["https:\/\/www.americanonewspaper.com\/es\/wp-content\/uploads\/2026\/07\/Astros-300x200.jpeg",300,200,true],"td_324x400":["https:\/\/www.americanonewspaper.com\/es\/wp-content\/uploads\/2026\/07\/Astros-324x373.jpeg",324,373,true],"td_485x360":["https:\/\/www.americanonewspaper.com\/es\/wp-content\/uploads\/2026\/07\/Astros-485x360.jpeg",485,360,true],"td_696x0":["https:\/\/www.americanonewspaper.com\/es\/wp-content\/uploads\/2026\/07\/Astros.jpeg",560,373,false],"td_1068x0":["https:\/\/www.americanonewspaper.com\/es\/wp-content\/uploads\/2026\/07\/Astros.jpeg",560,373,false],"td_1920x0":["https:\/\/www.americanonewspaper.com\/es\/wp-content\/uploads\/2026\/07\/Astros.jpeg",560,373,false],"bdpp-medium":["https:\/\/www.americanonewspaper.com\/es\/wp-content\/uploads\/2026\/07\/Astros.jpeg",560,373,false]},"author_info":{"display_name":"Author","author_link":"https:\/\/www.americanonewspaper.com\/es\/author\/americano\/"},"category_info":"<a href=\"https:\/\/www.americanonewspaper.com\/es\/category\/ciencia-y-tecnologia\/\" rel=\"category tag\">Ciencia y Tecnolog\u00eda<\/a> <a href=\"https:\/\/www.americanonewspaper.com\/es\/category\/education\/nasa\/\" rel=\"category tag\">NASA<\/a> <a href=\"https:\/\/www.americanonewspaper.com\/es\/category\/tecnologia\/\" rel=\"category tag\">Tecnolog\u00eda<\/a> <a href=\"https:\/\/www.americanonewspaper.com\/es\/category\/usa\/\" rel=\"category tag\">USA<\/a>","tag_info":"USA","comment_count":"0","jetpack_sharing_enabled":true,"jetpack_likes_enabled":true,"jetpack_featured_media_url":"https:\/\/www.americanonewspaper.com\/es\/wp-content\/uploads\/2026\/07\/Astros.jpeg","_links":{"self":[{"href":"https:\/\/www.americanonewspaper.com\/es\/wp-json\/wp\/v2\/posts\/33083","targetHints":{"allow":["GET"]}}],"collection":[{"href":"https:\/\/www.americanonewspaper.com\/es\/wp-json\/wp\/v2\/posts"}],"about":[{"href":"https:\/\/www.americanonewspaper.com\/es\/wp-json\/wp\/v2\/types\/post"}],"author":[{"embeddable":true,"href":"https:\/\/www.americanonewspaper.com\/es\/wp-json\/wp\/v2\/users\/7"}],"replies":[{"embeddable":true,"href":"https:\/\/www.americanonewspaper.com\/es\/wp-json\/wp\/v2\/comments?post=33083"}],"version-history":[{"count":1,"href":"https:\/\/www.americanonewspaper.com\/es\/wp-json\/wp\/v2\/posts\/33083\/revisions"}],"predecessor-version":[{"id":33086,"href":"https:\/\/www.americanonewspaper.com\/es\/wp-json\/wp\/v2\/posts\/33083\/revisions\/33086"}],"wp:featuredmedia":[{"embeddable":true,"href":"https:\/\/www.americanonewspaper.com\/es\/wp-json\/wp\/v2\/media\/33084"}],"wp:attachment":[{"href":"https:\/\/www.americanonewspaper.com\/es\/wp-json\/wp\/v2\/media?parent=33083"}],"wp:term":[{"taxonomy":"category","embeddable":true,"href":"https:\/\/www.americanonewspaper.com\/es\/wp-json\/wp\/v2\/categories?post=33083"},{"taxonomy":"post_tag","embeddable":true,"href":"https:\/\/www.americanonewspaper.com\/es\/wp-json\/wp\/v2\/tags?post=33083"}],"curies":[{"name":"wp","href":"https:\/\/api.w.org\/{rel}","templated":true}]}}