{"id":33062,"date":"2026-07-13T21:51:56","date_gmt":"2026-07-14T01:51:56","guid":{"rendered":"https:\/\/www.americanonewspaper.com\/es\/?p=33062"},"modified":"2026-07-13T21:52:03","modified_gmt":"2026-07-14T01:52:03","slug":"lamine-yamal-y-el-reto-ante-francia-no-me-preocupan-los-goles-pero-siempre-es-especial-marcar","status":"publish","type":"post","link":"https:\/\/www.americanonewspaper.com\/es\/fifa\/lamine-yamal-y-el-reto-ante-francia-no-me-preocupan-los-goles-pero-siempre-es-especial-marcar\/","title":{"rendered":"Lamine Yamal y el reto ante Francia: &#8220;No me preocupan los goles, pero siempre es especial marcar&#8221;"},"content":{"rendered":"\n<p class=\"dropcapp3 wp-block-paragraph\">El extremo espa\u00f1ol Lamine Yamal afirm\u00f3 que no le preocupa no marcar en la semifinal del Mundial contra Francia, pero que &#8220;siempre es especial&#8221; y que acepta el reto.<\/p>\n\n\n\n<p class=\"wp-block-paragraph\">&#8220;No me preocupan los goles, pero siempre es especial marcar en partidos as\u00ed y acepto el reto. Para eso he venido y ma\u00f1ana ser\u00e1 un d\u00eda especial&#8221;, indic\u00f3 en la conferencia de prensa previa al encuentro que disputar\u00e1 este martes en el estadio AT&amp;T de Arlington.<\/p>\n\n\n<div class=\"wp-block-image\">\n<figure class=\"aligncenter size-full is-resized\"><img fetchpriority=\"high\" decoding=\"async\" width=\"600\" height=\"400\" src=\"https:\/\/www.americanonewspaper.com\/es\/wp-content\/uploads\/2026\/07\/84ab8eceb7f22d5c6041952873ba8a6fd84e2fe7m.jpg\" alt=\"\" class=\"wp-image-33063\" style=\"width:560px\" srcset=\"https:\/\/www.americanonewspaper.com\/es\/wp-content\/uploads\/2026\/07\/84ab8eceb7f22d5c6041952873ba8a6fd84e2fe7m.jpg 600w, https:\/\/www.americanonewspaper.com\/es\/wp-content\/uploads\/2026\/07\/84ab8eceb7f22d5c6041952873ba8a6fd84e2fe7m-300x200.jpg 300w, https:\/\/www.americanonewspaper.com\/es\/wp-content\/uploads\/2026\/07\/84ab8eceb7f22d5c6041952873ba8a6fd84e2fe7m-150x100.jpg 150w\" sizes=\"(max-width: 600px) 100vw, 600px\" \/><figcaption class=\"wp-element-caption\">Lamine Yamal, en la rueda de prensa de Espa\u00f1a en Dallas (EE.UU.). EFE\/Kenneth Fern\u00e1ndez<\/figcaption><\/figure>\n<\/div>\n\n\n<p class=\"wp-block-paragraph\">\u201cNo creo que sea culpa del entrenador que no lleve cinco goles. Son cosas del juego, no me preocupa. Yo he visto a Espa\u00f1a eliminada del Mundial y todav\u00eda no ha pasado; eso es lo \u00fanico importante y ojal\u00e1 marque otro gol ma\u00f1ana\u201d, complet\u00f3.<\/p>\n\n\n\n<p class=\"wp-block-paragraph\">El delantero del Barcelona, que este lunes cumpli\u00f3 19 a\u00f1os, dijo que no siente presi\u00f3n pese a que se dirigen a \u00e9l todos los focos. &#8220;No hay presi\u00f3n, juego como s\u00e9 y nunca voy a jugar mejor o peor de lo que s\u00e9. Siempre lo doy todo y cuando lo das todo no sientes presi\u00f3n&#8221;, indic\u00f3 Lamine, que asegur\u00f3 que s\u00ed se ve &#8220;como campe\u00f3n del mundo&#8221;.<\/p>\n\n\n<div class=\"wp-block-image\">\n<figure class=\"aligncenter size-full is-resized\"><a href=\"https:\/\/ggllawyers.com\/es\/new-jersey-personal-injury-and-workers-compensation-lawyer\/\" target=\"_blank\" rel=\" noreferrer noopener\"><img decoding=\"async\" width=\"560\" height=\"269\" src=\"https:\/\/www.americanonewspaper.com\/es\/wp-content\/uploads\/2026\/07\/GGlSpanish.jpg\" alt=\"Abogados de Accidentes\" class=\"wp-image-33039\" style=\"width:560px\" srcset=\"https:\/\/www.americanonewspaper.com\/es\/wp-content\/uploads\/2026\/07\/GGlSpanish.jpg 560w, https:\/\/www.americanonewspaper.com\/es\/wp-content\/uploads\/2026\/07\/GGlSpanish-300x144.jpg 300w, https:\/\/www.americanonewspaper.com\/es\/wp-content\/uploads\/2026\/07\/GGlSpanish-150x72.jpg 150w\" sizes=\"(max-width: 560px) 100vw, 560px\" \/><\/a><figcaption class=\"wp-element-caption\">Abogados de Accidentes<\/figcaption><\/figure>\n<\/div>\n\n\n<p class=\"wp-block-paragraph\">\u201cEs el partido m\u00e1s importante que voy a jugar. Y me gusta haber llegado a este momento. Estamos muy ilusionados todos, yo el primero\u201d, afirm\u00f3 sobre las semifinales del Mundial.<\/p>\n\n\n\n<p class=\"wp-block-paragraph\">Lamine Yamal fue protagonista en la v\u00edspera del encuentro por sus declaraciones en las que asegur\u00f3 que Espa\u00f1a no deb\u00eda tener miedo a Francia. Y se reafirm\u00f3 este lunes.<\/p>\n\n\n<div class=\"wp-block-image\">\n<figure class=\"aligncenter size-full is-resized\"><a href=\"https:\/\/linkedin.com\/in\/jaimeberrios\" target=\"_blank\" rel=\" noreferrer noopener\"><img decoding=\"async\" width=\"560\" height=\"257\" src=\"https:\/\/www.americanonewspaper.com\/es\/wp-content\/uploads\/2026\/07\/Jaime-copy-2.jpg\" alt=\"\" class=\"wp-image-33040\" style=\"width:560px\" srcset=\"https:\/\/www.americanonewspaper.com\/es\/wp-content\/uploads\/2026\/07\/Jaime-copy-2.jpg 560w, https:\/\/www.americanonewspaper.com\/es\/wp-content\/uploads\/2026\/07\/Jaime-copy-2-300x138.jpg 300w, https:\/\/www.americanonewspaper.com\/es\/wp-content\/uploads\/2026\/07\/Jaime-copy-2-150x69.jpg 150w\" sizes=\"(max-width: 560px) 100vw, 560px\" \/><\/a><\/figure>\n<\/div>\n\n\n<p class=\"wp-block-paragraph\">&#8220;No se ha malinterpretado. Me preguntaron si me daba miedo Francia y dije que, obviamente, no. Somos los campeones de Europa y no nos da miedo ning\u00fan partido&#8221;, declar\u00f3.<\/p>\n\n\n\n<p class=\"wp-block-paragraph\">\u201cEl partido va a tener fases. Tenemos jugadores de mucha calidad en todas las facetas. Su poder\u00edo en ataque puede ser algo bueno para nosotros&#8221;, analiz\u00f3.<\/p>\n\n\n\n<p class=\"wp-block-paragraph\">Y contest\u00f3 a los cr\u00edticos.<\/p>\n\n\n<div class=\"wp-block-image\">\n<figure class=\"aligncenter size-full is-resized\"><img loading=\"lazy\" decoding=\"async\" width=\"600\" height=\"400\" src=\"https:\/\/www.americanonewspaper.com\/es\/wp-content\/uploads\/2026\/07\/ac2c93e331f2f43247cb429a440992606e1a682bm.jpg\" alt=\"\" class=\"wp-image-33065\" style=\"width:560px\" srcset=\"https:\/\/www.americanonewspaper.com\/es\/wp-content\/uploads\/2026\/07\/ac2c93e331f2f43247cb429a440992606e1a682bm.jpg 600w, https:\/\/www.americanonewspaper.com\/es\/wp-content\/uploads\/2026\/07\/ac2c93e331f2f43247cb429a440992606e1a682bm-300x200.jpg 300w, https:\/\/www.americanonewspaper.com\/es\/wp-content\/uploads\/2026\/07\/ac2c93e331f2f43247cb429a440992606e1a682bm-150x100.jpg 150w\" sizes=\"(max-width: 600px) 100vw, 600px\" \/><figcaption class=\"wp-element-caption\">Los jugadores de la selecci\u00f3n espa\u00f1ola Lamine Yamal (i), Mikel Merino (c) y V\u00edctor Mu\u00f1oz, durante el entrenamiento en Dallas, en la v\u00edspera de la semifinal del Mundial de F\u00fatbol ante Francia. EFE\/Lavandeira jr<\/figcaption><\/figure>\n<\/div>\n\n\n<p class=\"wp-block-paragraph\">\u201cVosotros dec\u00eds que no estoy a mi mejor nivel as\u00ed que no ten\u00e9is que esperar nada de m\u00ed\u2026 pero espero que ma\u00f1ana sea un partido especial&#8221;, dijo.<\/p>\n\n\n\n<p class=\"wp-block-paragraph\">Por otro lado, huy\u00f3 de la numerolog\u00eda ya que cumpli\u00f3 este lunes 19 a\u00f1os, lleva el dorsal 19 y la final del Mundial es el 19 de julio. Lo hizo recordando unas palabras de Roberto Mart\u00ednez, exseleccionador de Portugal, quien dijo antes del Mundial que el &#8216;6&#8217; le tra\u00eda buenos recuerdos y le daba confianza.<\/p>\n\n\n<div class=\"wp-block-image\">\n<figure class=\"aligncenter size-full is-resized\"><a href=\"https:\/\/sutudu.tv\/watch\/que-pasa-show\" target=\"_blank\" rel=\" noreferrer noopener\"><img loading=\"lazy\" decoding=\"async\" width=\"560\" height=\"300\" src=\"https:\/\/www.americanonewspaper.com\/es\/wp-content\/uploads\/2026\/07\/QP-logo-560x300-2.jpg\" alt=\"\" class=\"wp-image-33041\" style=\"width:560px\" srcset=\"https:\/\/www.americanonewspaper.com\/es\/wp-content\/uploads\/2026\/07\/QP-logo-560x300-2.jpg 560w, https:\/\/www.americanonewspaper.com\/es\/wp-content\/uploads\/2026\/07\/QP-logo-560x300-2-300x161.jpg 300w, https:\/\/www.americanonewspaper.com\/es\/wp-content\/uploads\/2026\/07\/QP-logo-560x300-2-150x80.jpg 150w\" sizes=\"(max-width: 560px) 100vw, 560px\" \/><\/a><\/figure>\n<\/div>\n\n\n<p class=\"wp-block-paragraph\">\u201cEl entrenador de Portugal dijo algo as\u00ed y luego marc\u00f3 Mikel Merino que lleva el \u20186\u2019\u201d, se\u00f1al\u00f3.<\/p>\n\n\n\n<p class=\"wp-block-paragraph\">Adem\u00e1s, Lamine Yamal mostr\u00f3 orgullo de ser una estrella en Estados Unidos, dentro y fuera del c\u00e9sped.<\/p>\n\n\n\n<p class=\"wp-block-paragraph\">\u201cEl f\u00fatbol me ha dado la oportunidad de que me puedan conocer en Chattanooga, por ejemplo. Lo valoro mucho, nunca podr\u00eda haberlo imaginado. Lo valoro mucho y estoy muy orgulloso de ello\u201d, declar\u00f3.<\/p>\n\n\n<div class=\"wp-block-image\">\n<figure class=\"aligncenter size-full is-resized\"><img loading=\"lazy\" decoding=\"async\" width=\"600\" height=\"402\" src=\"https:\/\/www.americanonewspaper.com\/es\/wp-content\/uploads\/2026\/07\/625da12315d83a1d5b562d08bb15366606913398m.jpg\" alt=\"\" class=\"wp-image-33066\" style=\"width:560px\" srcset=\"https:\/\/www.americanonewspaper.com\/es\/wp-content\/uploads\/2026\/07\/625da12315d83a1d5b562d08bb15366606913398m.jpg 600w, https:\/\/www.americanonewspaper.com\/es\/wp-content\/uploads\/2026\/07\/625da12315d83a1d5b562d08bb15366606913398m-300x201.jpg 300w, https:\/\/www.americanonewspaper.com\/es\/wp-content\/uploads\/2026\/07\/625da12315d83a1d5b562d08bb15366606913398m-150x101.jpg 150w\" sizes=\"(max-width: 600px) 100vw, 600px\" \/><figcaption class=\"wp-element-caption\">El jugador de la selecci\u00f3n espa\u00f1ola Lamine Yamal durante el entrenamiento en el Estadio Cotton Bowl en Dallas, en la v\u00edspera de la semifinal del Mundial de F\u00fatbol ante Francia. EFE\/Lavandeira jr<\/figcaption><\/figure>\n<\/div>\n\n\n<p class=\"wp-block-paragraph\">Y contest\u00f3 qu\u00e9 se dir\u00eda si pudiera volver en el tiempo a hablar con su &#8216;yo&#8217; de 10 a\u00f1os.<\/p>\n\n\n<div class=\"wp-block-image\">\n<figure class=\"aligncenter size-full is-resized\"><img loading=\"lazy\" decoding=\"async\" width=\"560\" height=\"300\" src=\"https:\/\/www.americanonewspaper.com\/es\/wp-content\/uploads\/2026\/07\/PinkRoomSpanishMay.jpeg\" alt=\"\" class=\"wp-image-33042\" style=\"width:560px\" srcset=\"https:\/\/www.americanonewspaper.com\/es\/wp-content\/uploads\/2026\/07\/PinkRoomSpanishMay.jpeg 560w, https:\/\/www.americanonewspaper.com\/es\/wp-content\/uploads\/2026\/07\/PinkRoomSpanishMay-300x161.jpeg 300w, https:\/\/www.americanonewspaper.com\/es\/wp-content\/uploads\/2026\/07\/PinkRoomSpanishMay-150x80.jpeg 150w\" sizes=\"(max-width: 560px) 100vw, 560px\" \/><\/figure>\n<\/div>\n\n\n<p class=\"wp-block-paragraph\">\u201cQue sea el mismo, que disfrute. No hay que hablar mucho antes de los partidos. Todo el mundo sabe lo que tiene que hacer. Hay situaciones m\u00e1s dif\u00edciles en la vida que un partido de f\u00fatbol. Despu\u00e9s del partido cada uno seguir\u00e1 con su vida, no me preocupo de nada ni me agobio&#8221;, contest\u00f3.<\/p>\n\n\n\n<p class=\"wp-block-paragraph\"><a href=\"https:\/\/www.youtube.com\/channel\/UClkZSNOiJ-caz52pDvY2JhA\" data-type=\"link\" data-id=\"https:\/\/inthepinkroom.com\/?utm_source=americanonewspaper&amp;utm_medium=referral&amp;utm_campaign=general\" target=\"_blank\" rel=\"noreferrer noopener\">Tayakan.com<\/a> (EFE)<\/p>\n\n\n<div class=\"wp-block-image\">\n<figure class=\"aligncenter size-full is-resized\"><a href=\"https:\/\/tayakan.com\/\" target=\"_blank\" rel=\" noreferrer noopener\"><img loading=\"lazy\" decoding=\"async\" width=\"560\" height=\"164\" src=\"https:\/\/www.americanonewspaper.com\/es\/wp-content\/uploads\/2026\/07\/Tayakanlogo560-copy-2.jpg\" alt=\"\" class=\"wp-image-33043\" style=\"width:560px\" srcset=\"https:\/\/www.americanonewspaper.com\/es\/wp-content\/uploads\/2026\/07\/Tayakanlogo560-copy-2.jpg 560w, https:\/\/www.americanonewspaper.com\/es\/wp-content\/uploads\/2026\/07\/Tayakanlogo560-copy-2-300x88.jpg 300w, https:\/\/www.americanonewspaper.com\/es\/wp-content\/uploads\/2026\/07\/Tayakanlogo560-copy-2-150x44.jpg 150w\" sizes=\"(max-width: 560px) 100vw, 560px\" \/><\/a><\/figure>\n<\/div>","protected":false},"excerpt":{"rendered":"<p>El extremo espa\u00f1ol Lamine Yamal afirm\u00f3 que no le preocupa no marcar en la semifinal del Mundial contra Francia, pero que &#8220;siempre es especial&#8221; y que acepta el reto. &#8220;No me preocupan los goles, pero siempre es especial marcar en partidos as\u00ed y acepto el reto. Para eso he venido y ma\u00f1ana ser\u00e1 un d\u00eda [&hellip;]<\/p>\n","protected":false},"author":7,"featured_media":33067,"comment_status":"open","ping_status":"open","sticky":false,"template":"","format":"standard","meta":{"_acf_changed":false,"tdm_status":"","tdm_grid_status":"","_jetpack_newsletter_access":"","_jetpack_dont_email_post_to_subs":false,"_jetpack_newsletter_tier_id":0,"_jetpack_memberships_contains_paywalled_content":false,"_jetpack_feature_clip_id":0,"_jetpack_memberships_contains_paid_content":false,"footnotes":"","jetpack_publicize_message":"{title}\n\n{excerpt}\n\n{url}","jetpack_publicize_feature_enabled":true,"jetpack_social_post_already_shared":true,"jetpack_social_options":{"image_generator_settings":{"template":"highway","default_image_id":0,"font":"","enabled":false},"version":2},"_wpas_customize_per_network":false,"jetpack_post_was_ever_published":false,"_members_access_role":[],"_members_access_error":""},"categories":[1460,607,567,170,175,807,1075],"tags":[],"class_list":["post-33062","post","type-post","status-publish","format-standard","has-post-thumbnail","category-copa-mundial-de-futbol","category-espana","category-europe","category-fifa","category-futbol-mundial-2026","category-lamine-yamal"],"acf":[],"yoast_head":"<!-- This site is optimized with the Yoast SEO Premium plugin v28.3 (Yoast SEO v28.3) - https:\/\/yoast.com\/product\/yoast-seo-premium-wordpress\/ -->\n<title>Lamine Yamal y el reto ante Francia: &quot;No me preocupan los goles, pero siempre es especial marcar&quot; - Americano Newspaper<\/title>\n<meta name=\"description\" content=\"Lamine Yamal acepta el reto: &quot;Ma\u00f1ana ser\u00e1 un d\u00eda especial&quot;: El extremo espa\u00f1ol Lamine Yamal afirm\u00f3 que no le preocupa no marcar en la semifinal del Mundial contra Francia, pero que &quot;siempre es especial&quot; y que acepta el reto.\" \/>\n<meta name=\"robots\" content=\"index, follow, max-snippet:-1, max-image-preview:large, max-video-preview:-1\" \/>\n<link rel=\"canonical\" href=\"https:\/\/www.americanonewspaper.com\/es\/fifa\/lamine-yamal-y-el-reto-ante-francia-no-me-preocupan-los-goles-pero-siempre-es-especial-marcar\/\" \/>\n<meta property=\"og:locale\" content=\"en_US\" \/>\n<meta property=\"og:type\" content=\"article\" \/>\n<meta property=\"og:title\" content=\"Lamine Yamal y el reto ante Francia: &quot;No me preocupan los goles, pero siempre es especial marcar&quot;\" \/>\n<meta property=\"og:description\" content=\"Lamine Yamal acepta el reto: &quot;Ma\u00f1ana ser\u00e1 un d\u00eda especial&quot;: El extremo espa\u00f1ol Lamine Yamal afirm\u00f3 que no le preocupa no marcar en la semifinal del Mundial contra Francia, pero que &quot;siempre es especial&quot; y que acepta el reto.\" \/>\n<meta property=\"og:url\" content=\"https:\/\/www.americanonewspaper.com\/es\/fifa\/lamine-yamal-y-el-reto-ante-francia-no-me-preocupan-los-goles-pero-siempre-es-especial-marcar\/\" \/>\n<meta property=\"og:site_name\" content=\"Americano Newspaper\" \/>\n<meta property=\"article:publisher\" content=\"https:\/\/www.facebook.com\/AmericanoNewspaper\/\" \/>\n<meta property=\"article:published_time\" content=\"2026-07-14T01:51:56+00:00\" \/>\n<meta property=\"article:modified_time\" content=\"2026-07-14T01:52:03+00:00\" \/>\n<meta property=\"og:image\" content=\"https:\/\/www.americanonewspaper.com\/es\/wp-content\/uploads\/2026\/07\/Crema-Marron-Fotografico-Belleza-Plataforma-Lanzamiento-Sitio-Web-3.jpg\" \/>\n\t<meta property=\"og:image:width\" content=\"1366\" \/>\n\t<meta property=\"og:image:height\" content=\"768\" \/>\n\t<meta property=\"og:image:type\" content=\"image\/jpeg\" \/>\n<meta name=\"author\" content=\"Author\" \/>\n<meta name=\"twitter:card\" content=\"summary_large_image\" \/>\n<meta name=\"twitter:label1\" content=\"Written by\" \/>\n\t<meta name=\"twitter:data1\" content=\"Author\" \/>\n\t<meta name=\"twitter:label2\" content=\"Est. reading time\" \/>\n\t<meta name=\"twitter:data2\" content=\"5 minutes\" \/>\n<script type=\"application\/ld+json\" class=\"yoast-schema-graph\">{\"@context\":\"https:\\\/\\\/schema.org\",\"@graph\":[{\"@type\":\"Article\",\"@id\":\"https:\\\/\\\/www.americanonewspaper.com\\\/es\\\/fifa\\\/lamine-yamal-y-el-reto-ante-francia-no-me-preocupan-los-goles-pero-siempre-es-especial-marcar\\\/#article\",\"isPartOf\":{\"@id\":\"https:\\\/\\\/www.americanonewspaper.com\\\/es\\\/fifa\\\/lamine-yamal-y-el-reto-ante-francia-no-me-preocupan-los-goles-pero-siempre-es-especial-marcar\\\/\"},\"author\":{\"name\":\"Author\",\"@id\":\"https:\\\/\\\/www.americanonewspaper.com\\\/es\\\/#\\\/schema\\\/person\\\/8967f6b8af7e37bcbbe61f68580ff088\"},\"headline\":\"Lamine Yamal y el reto ante Francia: &#8220;No me preocupan los goles, pero siempre es especial marcar&#8221;\",\"datePublished\":\"2026-07-14T01:51:56+00:00\",\"dateModified\":\"2026-07-14T01:52:03+00:00\",\"mainEntityOfPage\":{\"@id\":\"https:\\\/\\\/www.americanonewspaper.com\\\/es\\\/fifa\\\/lamine-yamal-y-el-reto-ante-francia-no-me-preocupan-los-goles-pero-siempre-es-especial-marcar\\\/\"},\"wordCount\":677,\"commentCount\":0,\"publisher\":{\"@id\":\"https:\\\/\\\/www.americanonewspaper.com\\\/es\\\/#organization\"},\"image\":{\"@id\":\"https:\\\/\\\/www.americanonewspaper.com\\\/es\\\/fifa\\\/lamine-yamal-y-el-reto-ante-francia-no-me-preocupan-los-goles-pero-siempre-es-especial-marcar\\\/#primaryimage\"},\"thumbnailUrl\":\"https:\\\/\\\/www.americanonewspaper.com\\\/es\\\/wp-content\\\/uploads\\\/2026\\\/07\\\/Crema-Marron-Fotografico-Belleza-Plataforma-Lanzamiento-Sitio-Web-3.jpg\",\"articleSection\":[\"Copa Mundial de F\u00fatbol\",\"Deportes\",\"Espa\u00f1a\",\"Europe\",\"FIFA\",\"F\u00fatbol Mundial 2026\",\"Lamine Yamal\"],\"inLanguage\":\"en-US\",\"potentialAction\":[{\"@type\":\"CommentAction\",\"name\":\"Comment\",\"target\":[\"https:\\\/\\\/www.americanonewspaper.com\\\/es\\\/fifa\\\/lamine-yamal-y-el-reto-ante-francia-no-me-preocupan-los-goles-pero-siempre-es-especial-marcar\\\/#respond\"]}]},{\"@type\":\"WebPage\",\"@id\":\"https:\\\/\\\/www.americanonewspaper.com\\\/es\\\/fifa\\\/lamine-yamal-y-el-reto-ante-francia-no-me-preocupan-los-goles-pero-siempre-es-especial-marcar\\\/\",\"url\":\"https:\\\/\\\/www.americanonewspaper.com\\\/es\\\/fifa\\\/lamine-yamal-y-el-reto-ante-francia-no-me-preocupan-los-goles-pero-siempre-es-especial-marcar\\\/\",\"name\":\"Lamine Yamal y el reto ante Francia: \\\"No me preocupan los goles, pero siempre es especial marcar\\\" - Americano Newspaper\",\"isPartOf\":{\"@id\":\"https:\\\/\\\/www.americanonewspaper.com\\\/es\\\/#website\"},\"primaryImageOfPage\":{\"@id\":\"https:\\\/\\\/www.americanonewspaper.com\\\/es\\\/fifa\\\/lamine-yamal-y-el-reto-ante-francia-no-me-preocupan-los-goles-pero-siempre-es-especial-marcar\\\/#primaryimage\"},\"image\":{\"@id\":\"https:\\\/\\\/www.americanonewspaper.com\\\/es\\\/fifa\\\/lamine-yamal-y-el-reto-ante-francia-no-me-preocupan-los-goles-pero-siempre-es-especial-marcar\\\/#primaryimage\"},\"thumbnailUrl\":\"https:\\\/\\\/www.americanonewspaper.com\\\/es\\\/wp-content\\\/uploads\\\/2026\\\/07\\\/Crema-Marron-Fotografico-Belleza-Plataforma-Lanzamiento-Sitio-Web-3.jpg\",\"datePublished\":\"2026-07-14T01:51:56+00:00\",\"dateModified\":\"2026-07-14T01:52:03+00:00\",\"description\":\"Lamine Yamal acepta el reto: \\\"Ma\u00f1ana ser\u00e1 un d\u00eda especial\\\": El extremo espa\u00f1ol Lamine Yamal afirm\u00f3 que no le preocupa no marcar en la semifinal del Mundial contra Francia, pero que \\\"siempre es especial\\\" y que acepta el reto.\",\"breadcrumb\":{\"@id\":\"https:\\\/\\\/www.americanonewspaper.com\\\/es\\\/fifa\\\/lamine-yamal-y-el-reto-ante-francia-no-me-preocupan-los-goles-pero-siempre-es-especial-marcar\\\/#breadcrumb\"},\"inLanguage\":\"en-US\",\"potentialAction\":[{\"@type\":\"ReadAction\",\"target\":[\"https:\\\/\\\/www.americanonewspaper.com\\\/es\\\/fifa\\\/lamine-yamal-y-el-reto-ante-francia-no-me-preocupan-los-goles-pero-siempre-es-especial-marcar\\\/\"]}]},{\"@type\":\"ImageObject\",\"inLanguage\":\"en-US\",\"@id\":\"https:\\\/\\\/www.americanonewspaper.com\\\/es\\\/fifa\\\/lamine-yamal-y-el-reto-ante-francia-no-me-preocupan-los-goles-pero-siempre-es-especial-marcar\\\/#primaryimage\",\"url\":\"https:\\\/\\\/www.americanonewspaper.com\\\/es\\\/wp-content\\\/uploads\\\/2026\\\/07\\\/Crema-Marron-Fotografico-Belleza-Plataforma-Lanzamiento-Sitio-Web-3.jpg\",\"contentUrl\":\"https:\\\/\\\/www.americanonewspaper.com\\\/es\\\/wp-content\\\/uploads\\\/2026\\\/07\\\/Crema-Marron-Fotografico-Belleza-Plataforma-Lanzamiento-Sitio-Web-3.jpg\",\"width\":1366,\"height\":768,\"caption\":\"\\\"Acepto el reto\\\". Lamine Yamal avisa a Francia antes de la semifinal del Mundial.\"},{\"@type\":\"BreadcrumbList\",\"@id\":\"https:\\\/\\\/www.americanonewspaper.com\\\/es\\\/fifa\\\/lamine-yamal-y-el-reto-ante-francia-no-me-preocupan-los-goles-pero-siempre-es-especial-marcar\\\/#breadcrumb\",\"itemListElement\":[{\"@type\":\"ListItem\",\"position\":1,\"name\":\"Home\",\"item\":\"https:\\\/\\\/www.americanonewspaper.com\\\/es\\\/\"},{\"@type\":\"ListItem\",\"position\":2,\"name\":\"Lamine Yamal y el reto ante Francia: &#8220;No me preocupan los goles, pero siempre es especial marcar&#8221;\"}]},{\"@type\":\"WebSite\",\"@id\":\"https:\\\/\\\/www.americanonewspaper.com\\\/es\\\/#website\",\"url\":\"https:\\\/\\\/www.americanonewspaper.com\\\/es\\\/\",\"name\":\"Americano Newspaper\",\"description\":\"The Hispanic Newspaper of New Jersey.\",\"publisher\":{\"@id\":\"https:\\\/\\\/www.americanonewspaper.com\\\/es\\\/#organization\"},\"potentialAction\":[{\"@type\":\"SearchAction\",\"target\":{\"@type\":\"EntryPoint\",\"urlTemplate\":\"https:\\\/\\\/www.americanonewspaper.com\\\/es\\\/?s={search_term_string}\"},\"query-input\":{\"@type\":\"PropertyValueSpecification\",\"valueRequired\":true,\"valueName\":\"search_term_string\"}}],\"inLanguage\":\"en-US\"},{\"@type\":\"Organization\",\"@id\":\"https:\\\/\\\/www.americanonewspaper.com\\\/es\\\/#organization\",\"name\":\"Americano Newspaper\",\"url\":\"https:\\\/\\\/www.americanonewspaper.com\\\/es\\\/\",\"logo\":{\"@type\":\"ImageObject\",\"inLanguage\":\"en-US\",\"@id\":\"https:\\\/\\\/www.americanonewspaper.com\\\/es\\\/#\\\/schema\\\/logo\\\/image\\\/\",\"url\":\"https:\\\/\\\/www.americanonewspaper.com\\\/es\\\/wp-content\\\/uploads\\\/2024\\\/05\\\/AmericanoLogoCircle.comCircle2.jpg\",\"contentUrl\":\"https:\\\/\\\/www.americanonewspaper.com\\\/es\\\/wp-content\\\/uploads\\\/2024\\\/05\\\/AmericanoLogoCircle.comCircle2.jpg\",\"width\":600,\"height\":600,\"caption\":\"Americano Newspaper\"},\"image\":{\"@id\":\"https:\\\/\\\/www.americanonewspaper.com\\\/es\\\/#\\\/schema\\\/logo\\\/image\\\/\"},\"sameAs\":[\"https:\\\/\\\/www.facebook.com\\\/AmericanoNewspaper\\\/\"]},{\"@type\":\"Person\",\"@id\":\"https:\\\/\\\/www.americanonewspaper.com\\\/es\\\/#\\\/schema\\\/person\\\/8967f6b8af7e37bcbbe61f68580ff088\",\"name\":\"Author\",\"image\":{\"@type\":\"ImageObject\",\"inLanguage\":\"en-US\",\"@id\":\"https:\\\/\\\/www.americanonewspaper.com\\\/es\\\/wp-content\\\/litespeed\\\/avatar\\\/89ffaf6af3cf6769ffb3c6efb2313947.jpg?ver=1787930627\",\"url\":\"https:\\\/\\\/www.americanonewspaper.com\\\/es\\\/wp-content\\\/litespeed\\\/avatar\\\/89ffaf6af3cf6769ffb3c6efb2313947.jpg?ver=1787930627\",\"contentUrl\":\"https:\\\/\\\/www.americanonewspaper.com\\\/es\\\/wp-content\\\/litespeed\\\/avatar\\\/89ffaf6af3cf6769ffb3c6efb2313947.jpg?ver=1787930627\",\"caption\":\"Author\"},\"url\":\"https:\\\/\\\/www.americanonewspaper.com\\\/es\\\/author\\\/americano\\\/\"}]}<\/script>\n<!-- \/ Yoast SEO Premium plugin. -->","yoast_head_json":{"title":"Lamine Yamal y el reto ante Francia: \"No me preocupan los goles, pero siempre es especial marcar\" - Americano Newspaper","description":"Lamine Yamal acepta el reto: \"Ma\u00f1ana ser\u00e1 un d\u00eda especial\": El extremo espa\u00f1ol Lamine Yamal afirm\u00f3 que no le preocupa no marcar en la semifinal del Mundial contra Francia, pero que \"siempre es especial\" y que acepta el reto.","robots":{"index":"index","follow":"follow","max-snippet":"max-snippet:-1","max-image-preview":"max-image-preview:large","max-video-preview":"max-video-preview:-1"},"canonical":"https:\/\/www.americanonewspaper.com\/es\/fifa\/lamine-yamal-y-el-reto-ante-francia-no-me-preocupan-los-goles-pero-siempre-es-especial-marcar\/","og_locale":"en_US","og_type":"article","og_title":"Lamine Yamal y el reto ante Francia: \"No me preocupan los goles, pero siempre es especial marcar\"","og_description":"Lamine Yamal acepta el reto: \"Ma\u00f1ana ser\u00e1 un d\u00eda especial\": El extremo espa\u00f1ol Lamine Yamal afirm\u00f3 que no le preocupa no marcar en la semifinal del Mundial contra Francia, pero que \"siempre es especial\" y que acepta el reto.","og_url":"https:\/\/www.americanonewspaper.com\/es\/fifa\/lamine-yamal-y-el-reto-ante-francia-no-me-preocupan-los-goles-pero-siempre-es-especial-marcar\/","og_site_name":"Americano Newspaper","article_publisher":"https:\/\/www.facebook.com\/AmericanoNewspaper\/","article_published_time":"2026-07-14T01:51:56+00:00","article_modified_time":"2026-07-14T01:52:03+00:00","og_image":[{"width":1366,"height":768,"url":"https:\/\/www.americanonewspaper.com\/es\/wp-content\/uploads\/2026\/07\/Crema-Marron-Fotografico-Belleza-Plataforma-Lanzamiento-Sitio-Web-3.jpg","type":"image\/jpeg"}],"author":"Author","twitter_card":"summary_large_image","twitter_misc":{"Written by":"Author","Est. reading time":"5 minutes"},"schema":{"@context":"https:\/\/schema.org","@graph":[{"@type":"Article","@id":"https:\/\/www.americanonewspaper.com\/es\/fifa\/lamine-yamal-y-el-reto-ante-francia-no-me-preocupan-los-goles-pero-siempre-es-especial-marcar\/#article","isPartOf":{"@id":"https:\/\/www.americanonewspaper.com\/es\/fifa\/lamine-yamal-y-el-reto-ante-francia-no-me-preocupan-los-goles-pero-siempre-es-especial-marcar\/"},"author":{"name":"Author","@id":"https:\/\/www.americanonewspaper.com\/es\/#\/schema\/person\/8967f6b8af7e37bcbbe61f68580ff088"},"headline":"Lamine Yamal y el reto ante Francia: &#8220;No me preocupan los goles, pero siempre es especial marcar&#8221;","datePublished":"2026-07-14T01:51:56+00:00","dateModified":"2026-07-14T01:52:03+00:00","mainEntityOfPage":{"@id":"https:\/\/www.americanonewspaper.com\/es\/fifa\/lamine-yamal-y-el-reto-ante-francia-no-me-preocupan-los-goles-pero-siempre-es-especial-marcar\/"},"wordCount":677,"commentCount":0,"publisher":{"@id":"https:\/\/www.americanonewspaper.com\/es\/#organization"},"image":{"@id":"https:\/\/www.americanonewspaper.com\/es\/fifa\/lamine-yamal-y-el-reto-ante-francia-no-me-preocupan-los-goles-pero-siempre-es-especial-marcar\/#primaryimage"},"thumbnailUrl":"https:\/\/www.americanonewspaper.com\/es\/wp-content\/uploads\/2026\/07\/Crema-Marron-Fotografico-Belleza-Plataforma-Lanzamiento-Sitio-Web-3.jpg","articleSection":["Copa Mundial de F\u00fatbol","Deportes","Espa\u00f1a","Europe","FIFA","F\u00fatbol Mundial 2026","Lamine Yamal"],"inLanguage":"en-US","potentialAction":[{"@type":"CommentAction","name":"Comment","target":["https:\/\/www.americanonewspaper.com\/es\/fifa\/lamine-yamal-y-el-reto-ante-francia-no-me-preocupan-los-goles-pero-siempre-es-especial-marcar\/#respond"]}]},{"@type":"WebPage","@id":"https:\/\/www.americanonewspaper.com\/es\/fifa\/lamine-yamal-y-el-reto-ante-francia-no-me-preocupan-los-goles-pero-siempre-es-especial-marcar\/","url":"https:\/\/www.americanonewspaper.com\/es\/fifa\/lamine-yamal-y-el-reto-ante-francia-no-me-preocupan-los-goles-pero-siempre-es-especial-marcar\/","name":"Lamine Yamal y el reto ante Francia: \"No me preocupan los goles, pero siempre es especial marcar\" - Americano Newspaper","isPartOf":{"@id":"https:\/\/www.americanonewspaper.com\/es\/#website"},"primaryImageOfPage":{"@id":"https:\/\/www.americanonewspaper.com\/es\/fifa\/lamine-yamal-y-el-reto-ante-francia-no-me-preocupan-los-goles-pero-siempre-es-especial-marcar\/#primaryimage"},"image":{"@id":"https:\/\/www.americanonewspaper.com\/es\/fifa\/lamine-yamal-y-el-reto-ante-francia-no-me-preocupan-los-goles-pero-siempre-es-especial-marcar\/#primaryimage"},"thumbnailUrl":"https:\/\/www.americanonewspaper.com\/es\/wp-content\/uploads\/2026\/07\/Crema-Marron-Fotografico-Belleza-Plataforma-Lanzamiento-Sitio-Web-3.jpg","datePublished":"2026-07-14T01:51:56+00:00","dateModified":"2026-07-14T01:52:03+00:00","description":"Lamine Yamal acepta el reto: \"Ma\u00f1ana ser\u00e1 un d\u00eda especial\": El extremo espa\u00f1ol Lamine Yamal afirm\u00f3 que no le preocupa no marcar en la semifinal del Mundial contra Francia, pero que \"siempre es especial\" y que acepta el reto.","breadcrumb":{"@id":"https:\/\/www.americanonewspaper.com\/es\/fifa\/lamine-yamal-y-el-reto-ante-francia-no-me-preocupan-los-goles-pero-siempre-es-especial-marcar\/#breadcrumb"},"inLanguage":"en-US","potentialAction":[{"@type":"ReadAction","target":["https:\/\/www.americanonewspaper.com\/es\/fifa\/lamine-yamal-y-el-reto-ante-francia-no-me-preocupan-los-goles-pero-siempre-es-especial-marcar\/"]}]},{"@type":"ImageObject","inLanguage":"en-US","@id":"https:\/\/www.americanonewspaper.com\/es\/fifa\/lamine-yamal-y-el-reto-ante-francia-no-me-preocupan-los-goles-pero-siempre-es-especial-marcar\/#primaryimage","url":"https:\/\/www.americanonewspaper.com\/es\/wp-content\/uploads\/2026\/07\/Crema-Marron-Fotografico-Belleza-Plataforma-Lanzamiento-Sitio-Web-3.jpg","contentUrl":"https:\/\/www.americanonewspaper.com\/es\/wp-content\/uploads\/2026\/07\/Crema-Marron-Fotografico-Belleza-Plataforma-Lanzamiento-Sitio-Web-3.jpg","width":1366,"height":768,"caption":"\"Acepto el reto\". Lamine Yamal avisa a Francia antes de la semifinal del Mundial."},{"@type":"BreadcrumbList","@id":"https:\/\/www.americanonewspaper.com\/es\/fifa\/lamine-yamal-y-el-reto-ante-francia-no-me-preocupan-los-goles-pero-siempre-es-especial-marcar\/#breadcrumb","itemListElement":[{"@type":"ListItem","position":1,"name":"Home","item":"https:\/\/www.americanonewspaper.com\/es\/"},{"@type":"ListItem","position":2,"name":"Lamine Yamal y el reto ante Francia: &#8220;No me preocupan los goles, pero siempre es especial marcar&#8221;"}]},{"@type":"WebSite","@id":"https:\/\/www.americanonewspaper.com\/es\/#website","url":"https:\/\/www.americanonewspaper.com\/es\/","name":"Americano Newspaper","description":"The Hispanic Newspaper of New Jersey.","publisher":{"@id":"https:\/\/www.americanonewspaper.com\/es\/#organization"},"potentialAction":[{"@type":"SearchAction","target":{"@type":"EntryPoint","urlTemplate":"https:\/\/www.americanonewspaper.com\/es\/?s={search_term_string}"},"query-input":{"@type":"PropertyValueSpecification","valueRequired":true,"valueName":"search_term_string"}}],"inLanguage":"en-US"},{"@type":"Organization","@id":"https:\/\/www.americanonewspaper.com\/es\/#organization","name":"Americano Newspaper","url":"https:\/\/www.americanonewspaper.com\/es\/","logo":{"@type":"ImageObject","inLanguage":"en-US","@id":"https:\/\/www.americanonewspaper.com\/es\/#\/schema\/logo\/image\/","url":"https:\/\/www.americanonewspaper.com\/es\/wp-content\/uploads\/2024\/05\/AmericanoLogoCircle.comCircle2.jpg","contentUrl":"https:\/\/www.americanonewspaper.com\/es\/wp-content\/uploads\/2024\/05\/AmericanoLogoCircle.comCircle2.jpg","width":600,"height":600,"caption":"Americano Newspaper"},"image":{"@id":"https:\/\/www.americanonewspaper.com\/es\/#\/schema\/logo\/image\/"},"sameAs":["https:\/\/www.facebook.com\/AmericanoNewspaper\/"]},{"@type":"Person","@id":"https:\/\/www.americanonewspaper.com\/es\/#\/schema\/person\/8967f6b8af7e37bcbbe61f68580ff088","name":"Author","image":{"@type":"ImageObject","inLanguage":"en-US","@id":"https:\/\/www.americanonewspaper.com\/es\/wp-content\/litespeed\/avatar\/89ffaf6af3cf6769ffb3c6efb2313947.jpg?ver=1787930627","url":"https:\/\/www.americanonewspaper.com\/es\/wp-content\/litespeed\/avatar\/89ffaf6af3cf6769ffb3c6efb2313947.jpg?ver=1787930627","contentUrl":"https:\/\/www.americanonewspaper.com\/es\/wp-content\/litespeed\/avatar\/89ffaf6af3cf6769ffb3c6efb2313947.jpg?ver=1787930627","caption":"Author"},"url":"https:\/\/www.americanonewspaper.com\/es\/author\/americano\/"}]}},"jetpack_publicize_connections":[],"featured_image_urls":{"full":["https:\/\/www.americanonewspaper.com\/es\/wp-content\/uploads\/2026\/07\/Crema-Marron-Fotografico-Belleza-Plataforma-Lanzamiento-Sitio-Web-3.jpg",1366,768,false],"thumbnail":["https:\/\/www.americanonewspaper.com\/es\/wp-content\/uploads\/2026\/07\/Crema-Marron-Fotografico-Belleza-Plataforma-Lanzamiento-Sitio-Web-3-250x250.jpg",250,250,true],"medium":["https:\/\/www.americanonewspaper.com\/es\/wp-content\/uploads\/2026\/07\/Crema-Marron-Fotografico-Belleza-Plataforma-Lanzamiento-Sitio-Web-3-300x169.jpg",300,169,true],"medium_large":["https:\/\/www.americanonewspaper.com\/es\/wp-content\/uploads\/2026\/07\/Crema-Marron-Fotografico-Belleza-Plataforma-Lanzamiento-Sitio-Web-3-768x432.jpg",696,392,true],"large":["https:\/\/www.americanonewspaper.com\/es\/wp-content\/uploads\/2026\/07\/Crema-Marron-Fotografico-Belleza-Plataforma-Lanzamiento-Sitio-Web-3-800x450.jpg",696,392,true],"1536x1536":["https:\/\/www.americanonewspaper.com\/es\/wp-content\/uploads\/2026\/07\/Crema-Marron-Fotografico-Belleza-Plataforma-Lanzamiento-Sitio-Web-3.jpg",1366,768,false],"2048x2048":["https:\/\/www.americanonewspaper.com\/es\/wp-content\/uploads\/2026\/07\/Crema-Marron-Fotografico-Belleza-Plataforma-Lanzamiento-Sitio-Web-3.jpg",1366,768,false],"td_150x0":["https:\/\/www.americanonewspaper.com\/es\/wp-content\/uploads\/2026\/07\/Crema-Marron-Fotografico-Belleza-Plataforma-Lanzamiento-Sitio-Web-3-150x84.jpg",150,84,true],"td_218x150":["https:\/\/www.americanonewspaper.com\/es\/wp-content\/uploads\/2026\/07\/Crema-Marron-Fotografico-Belleza-Plataforma-Lanzamiento-Sitio-Web-3-218x150.jpg",218,150,true],"td_300x0":["https:\/\/www.americanonewspaper.com\/es\/wp-content\/uploads\/2026\/07\/Crema-Marron-Fotografico-Belleza-Plataforma-Lanzamiento-Sitio-Web-3-300x169.jpg",300,169,true],"td_324x400":["https:\/\/www.americanonewspaper.com\/es\/wp-content\/uploads\/2026\/07\/Crema-Marron-Fotografico-Belleza-Plataforma-Lanzamiento-Sitio-Web-3-324x400.jpg",324,400,true],"td_485x360":["https:\/\/www.americanonewspaper.com\/es\/wp-content\/uploads\/2026\/07\/Crema-Marron-Fotografico-Belleza-Plataforma-Lanzamiento-Sitio-Web-3-485x360.jpg",485,360,true],"td_696x0":["https:\/\/www.americanonewspaper.com\/es\/wp-content\/uploads\/2026\/07\/Crema-Marron-Fotografico-Belleza-Plataforma-Lanzamiento-Sitio-Web-3-696x391.jpg",696,391,true],"td_1068x0":["https:\/\/www.americanonewspaper.com\/es\/wp-content\/uploads\/2026\/07\/Crema-Marron-Fotografico-Belleza-Plataforma-Lanzamiento-Sitio-Web-3-1068x600.jpg",1068,600,true],"td_1920x0":["https:\/\/www.americanonewspaper.com\/es\/wp-content\/uploads\/2026\/07\/Crema-Marron-Fotografico-Belleza-Plataforma-Lanzamiento-Sitio-Web-3.jpg",1366,768,false],"bdpp-medium":["https:\/\/www.americanonewspaper.com\/es\/wp-content\/uploads\/2026\/07\/Crema-Marron-Fotografico-Belleza-Plataforma-Lanzamiento-Sitio-Web-3-640x480.jpg",640,480,true]},"author_info":{"display_name":"Author","author_link":"https:\/\/www.americanonewspaper.com\/es\/author\/americano\/"},"category_info":"<a href=\"https:\/\/www.americanonewspaper.com\/es\/category\/copa-mundial-de-futbol\/\" rel=\"category tag\">Copa Mundial de F\u00fatbol<\/a> <a href=\"https:\/\/www.americanonewspaper.com\/es\/category\/deportes\/\" rel=\"category tag\">Deportes<\/a> <a href=\"https:\/\/www.americanonewspaper.com\/es\/category\/europe\/espana\/\" rel=\"category tag\">Espa\u00f1a<\/a> <a href=\"https:\/\/www.americanonewspaper.com\/es\/category\/europe\/\" rel=\"category tag\">Europe<\/a> <a href=\"https:\/\/www.americanonewspaper.com\/es\/category\/fifa\/\" rel=\"category tag\">FIFA<\/a> <a href=\"https:\/\/www.americanonewspaper.com\/es\/category\/futbol-mundial-2026\/\" rel=\"category tag\">F\u00fatbol Mundial 2026<\/a> <a href=\"https:\/\/www.americanonewspaper.com\/es\/category\/lamine-yamal\/\" rel=\"category tag\">Lamine Yamal<\/a>","tag_info":"Lamine Yamal","comment_count":"0","jetpack_sharing_enabled":true,"jetpack_likes_enabled":true,"jetpack_featured_media_url":"https:\/\/www.americanonewspaper.com\/es\/wp-content\/uploads\/2026\/07\/Crema-Marron-Fotografico-Belleza-Plataforma-Lanzamiento-Sitio-Web-3.jpg","_links":{"self":[{"href":"https:\/\/www.americanonewspaper.com\/es\/wp-json\/wp\/v2\/posts\/33062","targetHints":{"allow":["GET"]}}],"collection":[{"href":"https:\/\/www.americanonewspaper.com\/es\/wp-json\/wp\/v2\/posts"}],"about":[{"href":"https:\/\/www.americanonewspaper.com\/es\/wp-json\/wp\/v2\/types\/post"}],"author":[{"embeddable":true,"href":"https:\/\/www.americanonewspaper.com\/es\/wp-json\/wp\/v2\/users\/7"}],"replies":[{"embeddable":true,"href":"https:\/\/www.americanonewspaper.com\/es\/wp-json\/wp\/v2\/comments?post=33062"}],"version-history":[{"count":1,"href":"https:\/\/www.americanonewspaper.com\/es\/wp-json\/wp\/v2\/posts\/33062\/revisions"}],"predecessor-version":[{"id":33068,"href":"https:\/\/www.americanonewspaper.com\/es\/wp-json\/wp\/v2\/posts\/33062\/revisions\/33068"}],"wp:featuredmedia":[{"embeddable":true,"href":"https:\/\/www.americanonewspaper.com\/es\/wp-json\/wp\/v2\/media\/33067"}],"wp:attachment":[{"href":"https:\/\/www.americanonewspaper.com\/es\/wp-json\/wp\/v2\/media?parent=33062"}],"wp:term":[{"taxonomy":"category","embeddable":true,"href":"https:\/\/www.americanonewspaper.com\/es\/wp-json\/wp\/v2\/categories?post=33062"},{"taxonomy":"post_tag","embeddable":true,"href":"https:\/\/www.americanonewspaper.com\/es\/wp-json\/wp\/v2\/tags?post=33062"}],"curies":[{"name":"wp","href":"https:\/\/api.w.org\/{rel}","templated":true}]}}