{"id":33055,"date":"2026-07-13T00:08:02","date_gmt":"2026-07-13T04:08:02","guid":{"rendered":"https:\/\/www.americanonewspaper.com\/es\/?p=33055"},"modified":"2026-07-13T00:08:08","modified_gmt":"2026-07-13T04:08:08","slug":"francia-ya-esta-en-dallas","status":"publish","type":"post","link":"https:\/\/www.americanonewspaper.com\/es\/europe\/espana\/francia-ya-esta-en-dallas\/","title":{"rendered":"Francia ya est\u00e1 en Dallas"},"content":{"rendered":"\n<p class=\"wp-block-paragraph\">Dallas (EE.UU.), 12 jul (EFE).<\/p>\n\n\n\n<p class=\"wp-block-paragraph\">La selecci\u00f3n francesa lleg\u00f3 a las 18:13 hora local (+5 GMT) de este domingo a Dallas procedente de Boston, para ultimar su preparaci\u00f3n de cara a las semifinales del Mundial que le enfrentar\u00e1n a Espa\u00f1a este martes.\u00a0<\/p>\n\n\n\n<figure class=\"wp-block-image size-full\"><a href=\"https:\/\/ggllawyers.com\/es\/new-jersey-personal-injury-and-workers-compensation-lawyer\/\" target=\"_blank\" rel=\" noreferrer noopener\"><img fetchpriority=\"high\" decoding=\"async\" width=\"560\" height=\"269\" src=\"https:\/\/www.americanonewspaper.com\/es\/wp-content\/uploads\/2026\/07\/GGlSpanish.jpg\" alt=\"Abogados de Accidentes\" class=\"wp-image-33039\" srcset=\"https:\/\/www.americanonewspaper.com\/es\/wp-content\/uploads\/2026\/07\/GGlSpanish.jpg 560w, https:\/\/www.americanonewspaper.com\/es\/wp-content\/uploads\/2026\/07\/GGlSpanish-300x144.jpg 300w, https:\/\/www.americanonewspaper.com\/es\/wp-content\/uploads\/2026\/07\/GGlSpanish-150x72.jpg 150w\" sizes=\"(max-width: 560px) 100vw, 560px\" \/><\/a><figcaption class=\"wp-element-caption\">Abogados de Accidentes<\/figcaption><\/figure>\n\n\n\n<p class=\"wp-block-paragraph\">Una jornada en la que Francia llev\u00f3 a cabo una atenci\u00f3n a medios, en la que mostraron su respeto a Lamine Yamal y confianza en que su defensa les har\u00e1 estar por encima del extremo de la selecci\u00f3n espa\u00f1ola, y un entrenamiento en Boston, los galos pusieron rumbo a Dallas.<\/p>\n\n\n\n<p class=\"wp-block-paragraph\">A la ciudad tejana llegaron tras tres horas y media de vuelo y se dirigieron a descansar a su hotel de concentraci\u00f3n, el mismo en el que se aloj\u00f3 Portugal para disputar los octavos de final ante Espa\u00f1a, bajo un fuerte despliegue de seguridad.&nbsp;<\/p>\n\n\n\n<figure class=\"wp-block-image size-full\"><a href=\"https:\/\/www.linkedin.com\/authwall?trk=bf&amp;trkInfo=AQGmhHytYye2BAAAAZ9PFfGQAtB1C5W26Q5kMTMvAug7JFUamz141MgcwDG7kRSYFC0O31ezNYs825FInfs2mjULbBV0iP3i7D6jPNaONEOxsa61Yabw2hmsW4mZPxuooE8TniU=&amp;original_referer=&amp;sessionRedirect=https%3A%2F%2Fwww.linkedin.com%2Fin%2Fjaimeberrios\" target=\"_blank\" rel=\" noreferrer noopener\"><img decoding=\"async\" width=\"560\" height=\"257\" src=\"https:\/\/www.americanonewspaper.com\/es\/wp-content\/uploads\/2026\/07\/Jaime-copy-2.jpg\" alt=\"\" class=\"wp-image-33040\" srcset=\"https:\/\/www.americanonewspaper.com\/es\/wp-content\/uploads\/2026\/07\/Jaime-copy-2.jpg 560w, https:\/\/www.americanonewspaper.com\/es\/wp-content\/uploads\/2026\/07\/Jaime-copy-2-300x138.jpg 300w, https:\/\/www.americanonewspaper.com\/es\/wp-content\/uploads\/2026\/07\/Jaime-copy-2-150x69.jpg 150w\" sizes=\"(max-width: 560px) 100vw, 560px\" \/><\/a><\/figure>\n\n\n\n<p class=\"wp-block-paragraph\">M\u00e1s de 30 veh\u00edculos de polic\u00eda aguardaron a la llegada de Espa\u00f1a, a los que se sum\u00f3 la expedici\u00f3n policial que les escolt\u00f3 desde el aeropuerto.<\/p>\n\n\n\n<p class=\"wp-block-paragraph\">Uno a uno, la expedici\u00f3n, liderada por Kylian Mbapp\u00e9, autor de ocho tantos en este Mundial, fueron bajando del autob\u00fas y entrando al hotel, saludando desde la distancia a los aficionados que durante m\u00e1s de una hora esperaron la llegada de los futbolistas detr\u00e1s del per\u00edmetro de seguridad.<\/p>\n\n\n\n<figure class=\"wp-block-image size-full\"><a href=\"https:\/\/www.eventbrite.com\/e\/feria-de-negocios-hispanos-2026-tickets-1979223624139?aff=oddtdtcreator\" target=\"_blank\" rel=\" noreferrer noopener\"><img decoding=\"async\" width=\"560\" height=\"300\" src=\"https:\/\/www.americanonewspaper.com\/es\/wp-content\/uploads\/2026\/06\/Fiesta-Hispana-2.jpeg\" alt=\"\" class=\"wp-image-32832\" srcset=\"https:\/\/www.americanonewspaper.com\/es\/wp-content\/uploads\/2026\/06\/Fiesta-Hispana-2.jpeg 560w, https:\/\/www.americanonewspaper.com\/es\/wp-content\/uploads\/2026\/06\/Fiesta-Hispana-2-300x161.jpeg 300w, https:\/\/www.americanonewspaper.com\/es\/wp-content\/uploads\/2026\/06\/Fiesta-Hispana-2-150x80.jpeg 150w\" sizes=\"(max-width: 560px) 100vw, 560px\" \/><\/a><\/figure>\n\n\n\n<p class=\"wp-block-paragraph\">Una vez en Dallas, Francia llevar\u00e1 a cabo el lunes 13 de julio su \u00faltimo entrenamiento de preparaci\u00f3n para un partido contra Espa\u00f1a de semifinales en el que conf\u00edan en tomarse la revancha de los dos \u00faltimos enfrentamientos, en los que, en la misma instancia, fueron derrotados en la Liga de Naciones 2023 y la Eurocopa 2024.<\/p>\n","protected":false},"excerpt":{"rendered":"<p>Dallas (EE.UU.), 12 jul (EFE). La selecci\u00f3n francesa lleg\u00f3 a las 18:13 hora local (+5 GMT) de este domingo a Dallas procedente de Boston, para ultimar su preparaci\u00f3n de cara a las semifinales del Mundial que le enfrentar\u00e1n a Espa\u00f1a este martes.\u00a0 Una jornada en la que Francia llev\u00f3 a cabo una atenci\u00f3n a medios, [&hellip;]<\/p>\n","protected":false},"author":14,"featured_media":33056,"comment_status":"open","ping_status":"open","sticky":false,"template":"","format":"standard","meta":{"_acf_changed":false,"tdm_status":"","tdm_grid_status":"","_jetpack_newsletter_access":"","_jetpack_dont_email_post_to_subs":false,"_jetpack_newsletter_tier_id":0,"_jetpack_memberships_contains_paywalled_content":false,"_jetpack_feature_clip_id":0,"_jetpack_memberships_contains_paid_content":false,"footnotes":"","jetpack_publicize_message":"{title}\n\n{excerpt}\n\n{url}","jetpack_publicize_feature_enabled":true,"jetpack_social_post_already_shared":true,"jetpack_social_options":{"image_generator_settings":{"template":"highway","default_image_id":0,"font":"","enabled":false},"version":2},"_wpas_customize_per_network":false,"jetpack_post_was_ever_published":false,"_members_access_role":[],"_members_access_error":""},"categories":[1861,567,774,807],"tags":[],"class_list":["post-33055","post","type-post","status-publish","format-standard","has-post-thumbnail","category-espana","category-francia","category-futbol-mundial-2026"],"acf":[],"yoast_head":"<!-- This site is optimized with the Yoast SEO Premium plugin v28.4 (Yoast SEO v28.4) - https:\/\/yoast.com\/product\/yoast-seo-premium-wordpress\/ -->\n<title>Francia ya est\u00e1 en Dallas - Americano Newspaper<\/title>\n<meta name=\"description\" content=\"La selecci\u00f3n francesa lleg\u00f3 a las 18:13 hora local (+5 GMT) de este domingo a Dallas procedente de Boston, para ultimar su preparaci\u00f3n de cara a las semifinales del Mundial que le enfrentar\u00e1n a Espa\u00f1a este martes.\u00a0\" \/>\n<meta name=\"robots\" content=\"index, follow, max-snippet:-1, max-image-preview:large, max-video-preview:-1\" \/>\n<link rel=\"canonical\" href=\"https:\/\/www.americanonewspaper.com\/es\/europe\/espana\/francia-ya-esta-en-dallas\/\" \/>\n<meta property=\"og:locale\" content=\"en_US\" \/>\n<meta property=\"og:type\" content=\"article\" \/>\n<meta property=\"og:title\" content=\"Francia ya est\u00e1 en Dallas\" \/>\n<meta property=\"og:description\" content=\"La selecci\u00f3n francesa lleg\u00f3 a las 18:13 hora local (+5 GMT) de este domingo a Dallas procedente de Boston, para ultimar su preparaci\u00f3n de cara a las semifinales del Mundial que le enfrentar\u00e1n a Espa\u00f1a este martes.\u00a0\" \/>\n<meta property=\"og:url\" content=\"https:\/\/www.americanonewspaper.com\/es\/europe\/espana\/francia-ya-esta-en-dallas\/\" \/>\n<meta property=\"og:site_name\" content=\"Americano Newspaper\" \/>\n<meta property=\"article:publisher\" content=\"https:\/\/www.facebook.com\/AmericanoNewspaper\/\" \/>\n<meta property=\"article:published_time\" content=\"2026-07-13T04:08:02+00:00\" \/>\n<meta property=\"article:modified_time\" content=\"2026-07-13T04:08:08+00:00\" \/>\n<meta property=\"og:image\" content=\"https:\/\/www.americanonewspaper.com\/es\/wp-content\/uploads\/2026\/07\/b34d2a9c85bb72706f0d756c81196eed37e0c228.jpg\" \/>\n\t<meta property=\"og:image:width\" content=\"560\" \/>\n\t<meta property=\"og:image:height\" content=\"373\" \/>\n\t<meta property=\"og:image:type\" content=\"image\/jpeg\" \/>\n<meta name=\"author\" content=\"Harmony Quintana\" \/>\n<meta name=\"twitter:card\" content=\"summary_large_image\" \/>\n<meta name=\"twitter:label1\" content=\"Written by\" \/>\n\t<meta name=\"twitter:data1\" content=\"Harmony Quintana\" \/>\n\t<meta name=\"twitter:label2\" content=\"Est. reading time\" \/>\n\t<meta name=\"twitter:data2\" content=\"2 minutes\" \/>\n<script type=\"application\/ld+json\" class=\"yoast-schema-graph\">{\"@context\":\"https:\\\/\\\/schema.org\",\"@graph\":[{\"@type\":\"Article\",\"@id\":\"https:\\\/\\\/www.americanonewspaper.com\\\/es\\\/europe\\\/espana\\\/francia-ya-esta-en-dallas\\\/#article\",\"isPartOf\":{\"@id\":\"https:\\\/\\\/www.americanonewspaper.com\\\/es\\\/europe\\\/espana\\\/francia-ya-esta-en-dallas\\\/\"},\"author\":{\"name\":\"Harmony Quintana\",\"@id\":\"https:\\\/\\\/www.americanonewspaper.com\\\/es\\\/#\\\/schema\\\/person\\\/82c7c1ac5e9a005b627b6c7db5361c90\"},\"headline\":\"Francia ya est\u00e1 en Dallas\",\"datePublished\":\"2026-07-13T04:08:02+00:00\",\"dateModified\":\"2026-07-13T04:08:08+00:00\",\"mainEntityOfPage\":{\"@id\":\"https:\\\/\\\/www.americanonewspaper.com\\\/es\\\/europe\\\/espana\\\/francia-ya-esta-en-dallas\\\/\"},\"wordCount\":292,\"commentCount\":0,\"publisher\":{\"@id\":\"https:\\\/\\\/www.americanonewspaper.com\\\/es\\\/#organization\"},\"image\":{\"@id\":\"https:\\\/\\\/www.americanonewspaper.com\\\/es\\\/europe\\\/espana\\\/francia-ya-esta-en-dallas\\\/#primaryimage\"},\"thumbnailUrl\":\"https:\\\/\\\/www.americanonewspaper.com\\\/es\\\/wp-content\\\/uploads\\\/2026\\\/07\\\/b34d2a9c85bb72706f0d756c81196eed37e0c228.jpg\",\"articleSection\":[\"Dallas\",\"Espa\u00f1a\",\"Francia\",\"F\u00fatbol Mundial 2026\"],\"inLanguage\":\"en-US\",\"potentialAction\":[{\"@type\":\"CommentAction\",\"name\":\"Comment\",\"target\":[\"https:\\\/\\\/www.americanonewspaper.com\\\/es\\\/europe\\\/espana\\\/francia-ya-esta-en-dallas\\\/#respond\"]}]},{\"@type\":\"WebPage\",\"@id\":\"https:\\\/\\\/www.americanonewspaper.com\\\/es\\\/europe\\\/espana\\\/francia-ya-esta-en-dallas\\\/\",\"url\":\"https:\\\/\\\/www.americanonewspaper.com\\\/es\\\/europe\\\/espana\\\/francia-ya-esta-en-dallas\\\/\",\"name\":\"Francia ya est\u00e1 en Dallas - Americano Newspaper\",\"isPartOf\":{\"@id\":\"https:\\\/\\\/www.americanonewspaper.com\\\/es\\\/#website\"},\"primaryImageOfPage\":{\"@id\":\"https:\\\/\\\/www.americanonewspaper.com\\\/es\\\/europe\\\/espana\\\/francia-ya-esta-en-dallas\\\/#primaryimage\"},\"image\":{\"@id\":\"https:\\\/\\\/www.americanonewspaper.com\\\/es\\\/europe\\\/espana\\\/francia-ya-esta-en-dallas\\\/#primaryimage\"},\"thumbnailUrl\":\"https:\\\/\\\/www.americanonewspaper.com\\\/es\\\/wp-content\\\/uploads\\\/2026\\\/07\\\/b34d2a9c85bb72706f0d756c81196eed37e0c228.jpg\",\"datePublished\":\"2026-07-13T04:08:02+00:00\",\"dateModified\":\"2026-07-13T04:08:08+00:00\",\"description\":\"La selecci\u00f3n francesa lleg\u00f3 a las 18:13 hora local (+5 GMT) de este domingo a Dallas procedente de Boston, para ultimar su preparaci\u00f3n de cara a las semifinales del Mundial que le enfrentar\u00e1n a Espa\u00f1a este martes.\u00a0\",\"breadcrumb\":{\"@id\":\"https:\\\/\\\/www.americanonewspaper.com\\\/es\\\/europe\\\/espana\\\/francia-ya-esta-en-dallas\\\/#breadcrumb\"},\"inLanguage\":\"en-US\",\"potentialAction\":[{\"@type\":\"ReadAction\",\"target\":[\"https:\\\/\\\/www.americanonewspaper.com\\\/es\\\/europe\\\/espana\\\/francia-ya-esta-en-dallas\\\/\"]}]},{\"@type\":\"ImageObject\",\"inLanguage\":\"en-US\",\"@id\":\"https:\\\/\\\/www.americanonewspaper.com\\\/es\\\/europe\\\/espana\\\/francia-ya-esta-en-dallas\\\/#primaryimage\",\"url\":\"https:\\\/\\\/www.americanonewspaper.com\\\/es\\\/wp-content\\\/uploads\\\/2026\\\/07\\\/b34d2a9c85bb72706f0d756c81196eed37e0c228.jpg\",\"contentUrl\":\"https:\\\/\\\/www.americanonewspaper.com\\\/es\\\/wp-content\\\/uploads\\\/2026\\\/07\\\/b34d2a9c85bb72706f0d756c81196eed37e0c228.jpg\",\"width\":560,\"height\":373,\"caption\":\"Mike Maignan (c), guardameta de Francia, saluda a su llegada a un hotel en Dallas (Estados Unidos). Francia enfrentar\u00e1 a Espa\u00f1a el pr\u00f3ximo martes en el estadio AT&amp;T por una de las semifinales del Mundial de la FIFA 2026. EFE\\\/ Lavandeira Jr\"},{\"@type\":\"BreadcrumbList\",\"@id\":\"https:\\\/\\\/www.americanonewspaper.com\\\/es\\\/europe\\\/espana\\\/francia-ya-esta-en-dallas\\\/#breadcrumb\",\"itemListElement\":[{\"@type\":\"ListItem\",\"position\":1,\"name\":\"Home\",\"item\":\"https:\\\/\\\/www.americanonewspaper.com\\\/es\\\/\"},{\"@type\":\"ListItem\",\"position\":2,\"name\":\"Francia ya est\u00e1 en Dallas\"}]},{\"@type\":\"WebSite\",\"@id\":\"https:\\\/\\\/www.americanonewspaper.com\\\/es\\\/#website\",\"url\":\"https:\\\/\\\/www.americanonewspaper.com\\\/es\\\/\",\"name\":\"Americano Newspaper\",\"description\":\"The Hispanic Newspaper of New Jersey.\",\"publisher\":{\"@id\":\"https:\\\/\\\/www.americanonewspaper.com\\\/es\\\/#organization\"},\"potentialAction\":[{\"@type\":\"SearchAction\",\"target\":{\"@type\":\"EntryPoint\",\"urlTemplate\":\"https:\\\/\\\/www.americanonewspaper.com\\\/es\\\/?s={search_term_string}\"},\"query-input\":{\"@type\":\"PropertyValueSpecification\",\"valueRequired\":true,\"valueName\":\"search_term_string\"}}],\"inLanguage\":\"en-US\"},{\"@type\":\"Organization\",\"@id\":\"https:\\\/\\\/www.americanonewspaper.com\\\/es\\\/#organization\",\"name\":\"Americano Newspaper\",\"url\":\"https:\\\/\\\/www.americanonewspaper.com\\\/es\\\/\",\"logo\":{\"@type\":\"ImageObject\",\"inLanguage\":\"en-US\",\"@id\":\"https:\\\/\\\/www.americanonewspaper.com\\\/es\\\/#\\\/schema\\\/logo\\\/image\\\/\",\"url\":\"https:\\\/\\\/www.americanonewspaper.com\\\/es\\\/wp-content\\\/uploads\\\/2024\\\/05\\\/AmericanoLogoCircle.comCircle2.jpg\",\"contentUrl\":\"https:\\\/\\\/www.americanonewspaper.com\\\/es\\\/wp-content\\\/uploads\\\/2024\\\/05\\\/AmericanoLogoCircle.comCircle2.jpg\",\"width\":600,\"height\":600,\"caption\":\"Americano Newspaper\"},\"image\":{\"@id\":\"https:\\\/\\\/www.americanonewspaper.com\\\/es\\\/#\\\/schema\\\/logo\\\/image\\\/\"},\"sameAs\":[\"https:\\\/\\\/www.facebook.com\\\/AmericanoNewspaper\\\/\"]},{\"@type\":\"Person\",\"@id\":\"https:\\\/\\\/www.americanonewspaper.com\\\/es\\\/#\\\/schema\\\/person\\\/82c7c1ac5e9a005b627b6c7db5361c90\",\"name\":\"Harmony Quintana\",\"image\":{\"@type\":\"ImageObject\",\"inLanguage\":\"en-US\",\"@id\":\"https:\\\/\\\/www.americanonewspaper.com\\\/es\\\/wp-content\\\/litespeed\\\/avatar\\\/656e5d40e40a67e90b0fee2acae8a764.jpg?ver=1787931155\",\"url\":\"https:\\\/\\\/www.americanonewspaper.com\\\/es\\\/wp-content\\\/litespeed\\\/avatar\\\/656e5d40e40a67e90b0fee2acae8a764.jpg?ver=1787931155\",\"contentUrl\":\"https:\\\/\\\/www.americanonewspaper.com\\\/es\\\/wp-content\\\/litespeed\\\/avatar\\\/656e5d40e40a67e90b0fee2acae8a764.jpg?ver=1787931155\",\"caption\":\"Harmony Quintana\"},\"sameAs\":[\"http:\\\/\\\/www.americanonewspaper.com\"],\"url\":\"https:\\\/\\\/www.americanonewspaper.com\\\/es\\\/author\\\/harmony\\\/\"}]}<\/script>\n<!-- \/ Yoast SEO Premium plugin. -->","yoast_head_json":{"title":"Francia ya est\u00e1 en Dallas - Americano Newspaper","description":"La selecci\u00f3n francesa lleg\u00f3 a las 18:13 hora local (+5 GMT) de este domingo a Dallas procedente de Boston, para ultimar su preparaci\u00f3n de cara a las semifinales del Mundial que le enfrentar\u00e1n a Espa\u00f1a este martes.\u00a0","robots":{"index":"index","follow":"follow","max-snippet":"max-snippet:-1","max-image-preview":"max-image-preview:large","max-video-preview":"max-video-preview:-1"},"canonical":"https:\/\/www.americanonewspaper.com\/es\/europe\/espana\/francia-ya-esta-en-dallas\/","og_locale":"en_US","og_type":"article","og_title":"Francia ya est\u00e1 en Dallas","og_description":"La selecci\u00f3n francesa lleg\u00f3 a las 18:13 hora local (+5 GMT) de este domingo a Dallas procedente de Boston, para ultimar su preparaci\u00f3n de cara a las semifinales del Mundial que le enfrentar\u00e1n a Espa\u00f1a este martes.\u00a0","og_url":"https:\/\/www.americanonewspaper.com\/es\/europe\/espana\/francia-ya-esta-en-dallas\/","og_site_name":"Americano Newspaper","article_publisher":"https:\/\/www.facebook.com\/AmericanoNewspaper\/","article_published_time":"2026-07-13T04:08:02+00:00","article_modified_time":"2026-07-13T04:08:08+00:00","og_image":[{"width":560,"height":373,"url":"https:\/\/www.americanonewspaper.com\/es\/wp-content\/uploads\/2026\/07\/b34d2a9c85bb72706f0d756c81196eed37e0c228.jpg","type":"image\/jpeg"}],"author":"Harmony Quintana","twitter_card":"summary_large_image","twitter_misc":{"Written by":"Harmony Quintana","Est. reading time":"2 minutes"},"schema":{"@context":"https:\/\/schema.org","@graph":[{"@type":"Article","@id":"https:\/\/www.americanonewspaper.com\/es\/europe\/espana\/francia-ya-esta-en-dallas\/#article","isPartOf":{"@id":"https:\/\/www.americanonewspaper.com\/es\/europe\/espana\/francia-ya-esta-en-dallas\/"},"author":{"name":"Harmony Quintana","@id":"https:\/\/www.americanonewspaper.com\/es\/#\/schema\/person\/82c7c1ac5e9a005b627b6c7db5361c90"},"headline":"Francia ya est\u00e1 en Dallas","datePublished":"2026-07-13T04:08:02+00:00","dateModified":"2026-07-13T04:08:08+00:00","mainEntityOfPage":{"@id":"https:\/\/www.americanonewspaper.com\/es\/europe\/espana\/francia-ya-esta-en-dallas\/"},"wordCount":292,"commentCount":0,"publisher":{"@id":"https:\/\/www.americanonewspaper.com\/es\/#organization"},"image":{"@id":"https:\/\/www.americanonewspaper.com\/es\/europe\/espana\/francia-ya-esta-en-dallas\/#primaryimage"},"thumbnailUrl":"https:\/\/www.americanonewspaper.com\/es\/wp-content\/uploads\/2026\/07\/b34d2a9c85bb72706f0d756c81196eed37e0c228.jpg","articleSection":["Dallas","Espa\u00f1a","Francia","F\u00fatbol Mundial 2026"],"inLanguage":"en-US","potentialAction":[{"@type":"CommentAction","name":"Comment","target":["https:\/\/www.americanonewspaper.com\/es\/europe\/espana\/francia-ya-esta-en-dallas\/#respond"]}]},{"@type":"WebPage","@id":"https:\/\/www.americanonewspaper.com\/es\/europe\/espana\/francia-ya-esta-en-dallas\/","url":"https:\/\/www.americanonewspaper.com\/es\/europe\/espana\/francia-ya-esta-en-dallas\/","name":"Francia ya est\u00e1 en Dallas - Americano Newspaper","isPartOf":{"@id":"https:\/\/www.americanonewspaper.com\/es\/#website"},"primaryImageOfPage":{"@id":"https:\/\/www.americanonewspaper.com\/es\/europe\/espana\/francia-ya-esta-en-dallas\/#primaryimage"},"image":{"@id":"https:\/\/www.americanonewspaper.com\/es\/europe\/espana\/francia-ya-esta-en-dallas\/#primaryimage"},"thumbnailUrl":"https:\/\/www.americanonewspaper.com\/es\/wp-content\/uploads\/2026\/07\/b34d2a9c85bb72706f0d756c81196eed37e0c228.jpg","datePublished":"2026-07-13T04:08:02+00:00","dateModified":"2026-07-13T04:08:08+00:00","description":"La selecci\u00f3n francesa lleg\u00f3 a las 18:13 hora local (+5 GMT) de este domingo a Dallas procedente de Boston, para ultimar su preparaci\u00f3n de cara a las semifinales del Mundial que le enfrentar\u00e1n a Espa\u00f1a este martes.\u00a0","breadcrumb":{"@id":"https:\/\/www.americanonewspaper.com\/es\/europe\/espana\/francia-ya-esta-en-dallas\/#breadcrumb"},"inLanguage":"en-US","potentialAction":[{"@type":"ReadAction","target":["https:\/\/www.americanonewspaper.com\/es\/europe\/espana\/francia-ya-esta-en-dallas\/"]}]},{"@type":"ImageObject","inLanguage":"en-US","@id":"https:\/\/www.americanonewspaper.com\/es\/europe\/espana\/francia-ya-esta-en-dallas\/#primaryimage","url":"https:\/\/www.americanonewspaper.com\/es\/wp-content\/uploads\/2026\/07\/b34d2a9c85bb72706f0d756c81196eed37e0c228.jpg","contentUrl":"https:\/\/www.americanonewspaper.com\/es\/wp-content\/uploads\/2026\/07\/b34d2a9c85bb72706f0d756c81196eed37e0c228.jpg","width":560,"height":373,"caption":"Mike Maignan (c), guardameta de Francia, saluda a su llegada a un hotel en Dallas (Estados Unidos). Francia enfrentar\u00e1 a Espa\u00f1a el pr\u00f3ximo martes en el estadio AT&amp;T por una de las semifinales del Mundial de la FIFA 2026. EFE\/ Lavandeira Jr"},{"@type":"BreadcrumbList","@id":"https:\/\/www.americanonewspaper.com\/es\/europe\/espana\/francia-ya-esta-en-dallas\/#breadcrumb","itemListElement":[{"@type":"ListItem","position":1,"name":"Home","item":"https:\/\/www.americanonewspaper.com\/es\/"},{"@type":"ListItem","position":2,"name":"Francia ya est\u00e1 en Dallas"}]},{"@type":"WebSite","@id":"https:\/\/www.americanonewspaper.com\/es\/#website","url":"https:\/\/www.americanonewspaper.com\/es\/","name":"Americano Newspaper","description":"The Hispanic Newspaper of New Jersey.","publisher":{"@id":"https:\/\/www.americanonewspaper.com\/es\/#organization"},"potentialAction":[{"@type":"SearchAction","target":{"@type":"EntryPoint","urlTemplate":"https:\/\/www.americanonewspaper.com\/es\/?s={search_term_string}"},"query-input":{"@type":"PropertyValueSpecification","valueRequired":true,"valueName":"search_term_string"}}],"inLanguage":"en-US"},{"@type":"Organization","@id":"https:\/\/www.americanonewspaper.com\/es\/#organization","name":"Americano Newspaper","url":"https:\/\/www.americanonewspaper.com\/es\/","logo":{"@type":"ImageObject","inLanguage":"en-US","@id":"https:\/\/www.americanonewspaper.com\/es\/#\/schema\/logo\/image\/","url":"https:\/\/www.americanonewspaper.com\/es\/wp-content\/uploads\/2024\/05\/AmericanoLogoCircle.comCircle2.jpg","contentUrl":"https:\/\/www.americanonewspaper.com\/es\/wp-content\/uploads\/2024\/05\/AmericanoLogoCircle.comCircle2.jpg","width":600,"height":600,"caption":"Americano Newspaper"},"image":{"@id":"https:\/\/www.americanonewspaper.com\/es\/#\/schema\/logo\/image\/"},"sameAs":["https:\/\/www.facebook.com\/AmericanoNewspaper\/"]},{"@type":"Person","@id":"https:\/\/www.americanonewspaper.com\/es\/#\/schema\/person\/82c7c1ac5e9a005b627b6c7db5361c90","name":"Harmony Quintana","image":{"@type":"ImageObject","inLanguage":"en-US","@id":"https:\/\/www.americanonewspaper.com\/es\/wp-content\/litespeed\/avatar\/656e5d40e40a67e90b0fee2acae8a764.jpg?ver=1787931155","url":"https:\/\/www.americanonewspaper.com\/es\/wp-content\/litespeed\/avatar\/656e5d40e40a67e90b0fee2acae8a764.jpg?ver=1787931155","contentUrl":"https:\/\/www.americanonewspaper.com\/es\/wp-content\/litespeed\/avatar\/656e5d40e40a67e90b0fee2acae8a764.jpg?ver=1787931155","caption":"Harmony Quintana"},"sameAs":["http:\/\/www.americanonewspaper.com"],"url":"https:\/\/www.americanonewspaper.com\/es\/author\/harmony\/"}]}},"jetpack_publicize_connections":[],"featured_image_urls":{"full":["https:\/\/www.americanonewspaper.com\/es\/wp-content\/uploads\/2026\/07\/b34d2a9c85bb72706f0d756c81196eed37e0c228.jpg",560,373,false],"thumbnail":["https:\/\/www.americanonewspaper.com\/es\/wp-content\/uploads\/2026\/07\/b34d2a9c85bb72706f0d756c81196eed37e0c228-250x250.jpg",250,250,true],"medium":["https:\/\/www.americanonewspaper.com\/es\/wp-content\/uploads\/2026\/07\/b34d2a9c85bb72706f0d756c81196eed37e0c228-300x200.jpg",300,200,true],"medium_large":["https:\/\/www.americanonewspaper.com\/es\/wp-content\/uploads\/2026\/07\/b34d2a9c85bb72706f0d756c81196eed37e0c228.jpg",560,373,false],"large":["https:\/\/www.americanonewspaper.com\/es\/wp-content\/uploads\/2026\/07\/b34d2a9c85bb72706f0d756c81196eed37e0c228.jpg",560,373,false],"1536x1536":["https:\/\/www.americanonewspaper.com\/es\/wp-content\/uploads\/2026\/07\/b34d2a9c85bb72706f0d756c81196eed37e0c228.jpg",560,373,false],"2048x2048":["https:\/\/www.americanonewspaper.com\/es\/wp-content\/uploads\/2026\/07\/b34d2a9c85bb72706f0d756c81196eed37e0c228.jpg",560,373,false],"td_150x0":["https:\/\/www.americanonewspaper.com\/es\/wp-content\/uploads\/2026\/07\/b34d2a9c85bb72706f0d756c81196eed37e0c228-150x100.jpg",150,100,true],"td_218x150":["https:\/\/www.americanonewspaper.com\/es\/wp-content\/uploads\/2026\/07\/b34d2a9c85bb72706f0d756c81196eed37e0c228-218x150.jpg",218,150,true],"td_300x0":["https:\/\/www.americanonewspaper.com\/es\/wp-content\/uploads\/2026\/07\/b34d2a9c85bb72706f0d756c81196eed37e0c228-300x200.jpg",300,200,true],"td_324x400":["https:\/\/www.americanonewspaper.com\/es\/wp-content\/uploads\/2026\/07\/b34d2a9c85bb72706f0d756c81196eed37e0c228-324x373.jpg",324,373,true],"td_485x360":["https:\/\/www.americanonewspaper.com\/es\/wp-content\/uploads\/2026\/07\/b34d2a9c85bb72706f0d756c81196eed37e0c228-485x360.jpg",485,360,true],"td_696x0":["https:\/\/www.americanonewspaper.com\/es\/wp-content\/uploads\/2026\/07\/b34d2a9c85bb72706f0d756c81196eed37e0c228.jpg",560,373,false],"td_1068x0":["https:\/\/www.americanonewspaper.com\/es\/wp-content\/uploads\/2026\/07\/b34d2a9c85bb72706f0d756c81196eed37e0c228.jpg",560,373,false],"td_1920x0":["https:\/\/www.americanonewspaper.com\/es\/wp-content\/uploads\/2026\/07\/b34d2a9c85bb72706f0d756c81196eed37e0c228.jpg",560,373,false],"bdpp-medium":["https:\/\/www.americanonewspaper.com\/es\/wp-content\/uploads\/2026\/07\/b34d2a9c85bb72706f0d756c81196eed37e0c228.jpg",560,373,false]},"author_info":{"display_name":"Harmony Quintana","author_link":"https:\/\/www.americanonewspaper.com\/es\/author\/harmony\/"},"category_info":"<a href=\"https:\/\/www.americanonewspaper.com\/es\/category\/dallas\/\" rel=\"category tag\">Dallas<\/a> <a href=\"https:\/\/www.americanonewspaper.com\/es\/category\/europe\/espana\/\" rel=\"category tag\">Espa\u00f1a<\/a> <a href=\"https:\/\/www.americanonewspaper.com\/es\/category\/francia\/\" rel=\"category tag\">Francia<\/a> <a href=\"https:\/\/www.americanonewspaper.com\/es\/category\/futbol-mundial-2026\/\" rel=\"category tag\">F\u00fatbol Mundial 2026<\/a>","tag_info":"F\u00fatbol Mundial 2026","comment_count":"0","jetpack_sharing_enabled":true,"jetpack_likes_enabled":true,"jetpack_featured_media_url":"https:\/\/www.americanonewspaper.com\/es\/wp-content\/uploads\/2026\/07\/b34d2a9c85bb72706f0d756c81196eed37e0c228.jpg","_links":{"self":[{"href":"https:\/\/www.americanonewspaper.com\/es\/wp-json\/wp\/v2\/posts\/33055","targetHints":{"allow":["GET"]}}],"collection":[{"href":"https:\/\/www.americanonewspaper.com\/es\/wp-json\/wp\/v2\/posts"}],"about":[{"href":"https:\/\/www.americanonewspaper.com\/es\/wp-json\/wp\/v2\/types\/post"}],"author":[{"embeddable":true,"href":"https:\/\/www.americanonewspaper.com\/es\/wp-json\/wp\/v2\/users\/14"}],"replies":[{"embeddable":true,"href":"https:\/\/www.americanonewspaper.com\/es\/wp-json\/wp\/v2\/comments?post=33055"}],"version-history":[{"count":1,"href":"https:\/\/www.americanonewspaper.com\/es\/wp-json\/wp\/v2\/posts\/33055\/revisions"}],"predecessor-version":[{"id":33057,"href":"https:\/\/www.americanonewspaper.com\/es\/wp-json\/wp\/v2\/posts\/33055\/revisions\/33057"}],"wp:featuredmedia":[{"embeddable":true,"href":"https:\/\/www.americanonewspaper.com\/es\/wp-json\/wp\/v2\/media\/33056"}],"wp:attachment":[{"href":"https:\/\/www.americanonewspaper.com\/es\/wp-json\/wp\/v2\/media?parent=33055"}],"wp:term":[{"taxonomy":"category","embeddable":true,"href":"https:\/\/www.americanonewspaper.com\/es\/wp-json\/wp\/v2\/categories?post=33055"},{"taxonomy":"post_tag","embeddable":true,"href":"https:\/\/www.americanonewspaper.com\/es\/wp-json\/wp\/v2\/tags?post=33055"}],"curies":[{"name":"wp","href":"https:\/\/api.w.org\/{rel}","templated":true}]}}