{"id":33049,"date":"2026-07-12T21:37:10","date_gmt":"2026-07-13T01:37:10","guid":{"rendered":"https:\/\/www.americanonewspaper.com\/es\/?p=33049"},"modified":"2026-07-12T21:37:17","modified_gmt":"2026-07-13T01:37:17","slug":"julian-alvarez-liberado-en-missouri","status":"publish","type":"post","link":"https:\/\/www.americanonewspaper.com\/es\/fifa\/julian-alvarez-liberado-en-missouri\/","title":{"rendered":"Juli\u00e1n \u00c1lvarez liberado en Missouri."},"content":{"rendered":"\n<p class=\"wp-block-paragraph\">Argentina<\/p>\n\n\n\n<p class=\"wp-block-paragraph\">Kansas City (EE.UU.), 12 jul (EFE).- Por \u00d3scar Gonz\u00e1lez<\/p>\n\n\n\n<p class=\"dropcapp3 wp-block-paragraph\">Juli\u00e1n \u00c1lvarez se siente liberado tras anotar un gol vital para Argentina en el partido de cuartos de final frente a Suiza, deja de estar cuestionado y ha puesto fin a una sequ\u00eda en partidos oficiales que le torturaba desde hace casi a\u00f1o y medio.<\/p>\n\n\n\n<figure class=\"wp-block-image size-full\"><a href=\"https:\/\/ggllawyers.com\/es\/new-jersey-personal-injury-and-workers-compensation-lawyer\/\" target=\"_blank\" rel=\" noreferrer noopener\"><img fetchpriority=\"high\" decoding=\"async\" width=\"560\" height=\"269\" src=\"https:\/\/www.americanonewspaper.com\/es\/wp-content\/uploads\/2026\/07\/GGlSpanish.jpg\" alt=\"Abogados de Accidentes\" class=\"wp-image-33039\" srcset=\"https:\/\/www.americanonewspaper.com\/es\/wp-content\/uploads\/2026\/07\/GGlSpanish.jpg 560w, https:\/\/www.americanonewspaper.com\/es\/wp-content\/uploads\/2026\/07\/GGlSpanish-300x144.jpg 300w, https:\/\/www.americanonewspaper.com\/es\/wp-content\/uploads\/2026\/07\/GGlSpanish-150x72.jpg 150w\" sizes=\"(max-width: 560px) 100vw, 560px\" \/><\/a><figcaption class=\"wp-element-caption\">Abogados de Accidentes<\/figcaption><\/figure>\n\n\n\n<p class=\"wp-block-paragraph\">Con un gol marca de la casa, desde fuera del \u00e1rea y con rosca, el delantero del Atl\u00e9tico de Madrid desatasc\u00f3 un partido que empezaba a convertirse en un l\u00edo para la Albiceleste, que no era capaz de batir a Suiza, pese a que el equipo de Murat Yakin llevaba m\u00e1s de media hora con un jugador menos.<\/p>\n\n\n\n<figure class=\"wp-block-image size-full\"><img decoding=\"async\" width=\"560\" height=\"373\" src=\"https:\/\/www.americanonewspaper.com\/es\/wp-content\/uploads\/2026\/07\/Julian-Alvarez1.jpeg\" alt=\"\" class=\"wp-image-33051\" srcset=\"https:\/\/www.americanonewspaper.com\/es\/wp-content\/uploads\/2026\/07\/Julian-Alvarez1.jpeg 560w, https:\/\/www.americanonewspaper.com\/es\/wp-content\/uploads\/2026\/07\/Julian-Alvarez1-300x200.jpeg 300w, https:\/\/www.americanonewspaper.com\/es\/wp-content\/uploads\/2026\/07\/Julian-Alvarez1-150x100.jpeg 150w\" sizes=\"(max-width: 560px) 100vw, 560px\" \/><figcaption class=\"wp-element-caption\">El t\u00e9cnico de Argentina, Lionel Scaloni, da instrucciones a Juli\u00e1n \u00c1lvarez durante el partido contra Suiza en Kansas City. EFE\/EPA\/CHRISTOPHER NEUNDORF<\/figcaption><\/figure>\n\n\n\n<p class=\"wp-block-paragraph\">Marc\u00f3 Juli\u00e1n y ahuyent\u00f3 todos los fantasmas. Los colectivos, por el temor de la campeona del mundo a caer eliminada en una tanda de penaltis -como le ocurri\u00f3 a Colombia con el mismo rival- y los propios, en un Mundial que no comenz\u00f3 bien para el delantero del Atl\u00e9tico.<\/p>\n\n\n\n<p class=\"wp-block-paragraph\">Mermado f\u00edsicamente, tras sufrir un fuerte esguince de tobillo en un partido de Liga a mediados de mayo, &#8216;la Ara\u00f1a&#8217; tuvo que completar la rehabilitaci\u00f3n ya concentrado con su selecci\u00f3n y recibi\u00f3 el alta m\u00e9dica solo unos d\u00edas antes de viajar a Estados Unidos.<\/p>\n\n\n\n<figure class=\"wp-block-image size-full\"><a href=\"https:\/\/www.linkedin.com\/in\/jaimeberrios\/\" target=\"_blank\" rel=\" noreferrer noopener\"><img decoding=\"async\" width=\"560\" height=\"257\" src=\"https:\/\/www.americanonewspaper.com\/es\/wp-content\/uploads\/2026\/07\/Jaime-copy-2.jpg\" alt=\"\" class=\"wp-image-33040\" srcset=\"https:\/\/www.americanonewspaper.com\/es\/wp-content\/uploads\/2026\/07\/Jaime-copy-2.jpg 560w, https:\/\/www.americanonewspaper.com\/es\/wp-content\/uploads\/2026\/07\/Jaime-copy-2-300x138.jpg 300w, https:\/\/www.americanonewspaper.com\/es\/wp-content\/uploads\/2026\/07\/Jaime-copy-2-150x69.jpg 150w\" sizes=\"(max-width: 560px) 100vw, 560px\" \/><\/a><\/figure>\n\n\n\n<p class=\"wp-block-paragraph\">Lautaro Mart\u00ednez le gan\u00f3 el puesto en los dos primeros partidos -ante Argelia y Austria- y fue un titular con condici\u00f3n de suplente ante Jordania, porque, con el primer puesto asegurado, Scaloni dio minutos a los que menos protagonismo hab\u00edan tenido en el torneo.<\/p>\n\n\n\n<p class=\"wp-block-paragraph\">Fue m\u00e1s protagonista fuera que dentro de la cancha, por hacer p\u00fablico su deseo de abandonar el Atl\u00e9tico, justo el d\u00eda que Leo Messi deb\u00eda haber centrado los focos al convertirse en el m\u00e1ximo artillero en solitario de la historia de la Copa del Mundo.<\/p>\n\n\n\n<h2 id=\"h-scaloni-nunca-ha-dudado\" class=\"wp-block-heading\"><strong>Scaloni nunca ha dudado<\/strong><\/h2>\n\n\n\n<p class=\"wp-block-paragraph\">El apoyo del seleccionador, Lionel Scaloni, ha sido siempre casi incondicional, por m\u00e1s que el atacante llevase desde el 28 de enero de 2025, frente a Chile, &nbsp;sin marcar en partido oficial. Ante Suiza, cuando parec\u00eda que la entrada de Lautaro Mart\u00ednez supondr\u00eda su salida del campo, el t\u00e9cnico decidi\u00f3 mantenerlo, y acert\u00f3.<\/p>\n\n\n\n<p class=\"wp-block-paragraph\">Ya la v\u00edspera, Scaloni hizo un encendido elogio de sus dos atacantes. &#8220;Han hecho m\u00e1s de lo que tienen que hacer. Nos dieron un mont\u00f3n, incluso cuando estuvieron juntos. Estoy agradecido porque trabajan a destajo&#8221;.<\/p>\n\n\n\n<figure class=\"wp-block-image size-full\"><a href=\"https:\/\/Sutudu.tv\/watch\/que-pasa-show\" target=\"_blank\" rel=\" noreferrer noopener\"><img loading=\"lazy\" decoding=\"async\" width=\"560\" height=\"300\" src=\"https:\/\/www.americanonewspaper.com\/es\/wp-content\/uploads\/2026\/07\/QP-logo-560x300-2.jpg\" alt=\"\" class=\"wp-image-33041\" srcset=\"https:\/\/www.americanonewspaper.com\/es\/wp-content\/uploads\/2026\/07\/QP-logo-560x300-2.jpg 560w, https:\/\/www.americanonewspaper.com\/es\/wp-content\/uploads\/2026\/07\/QP-logo-560x300-2-300x161.jpg 300w, https:\/\/www.americanonewspaper.com\/es\/wp-content\/uploads\/2026\/07\/QP-logo-560x300-2-150x80.jpg 150w\" sizes=\"(max-width: 560px) 100vw, 560px\" \/><\/a><\/figure>\n\n\n\n<h2 id=\"h-el-que-mas-corrio-contra-suiza\" class=\"wp-block-heading\"><strong>El que m\u00e1s corri\u00f3 contra Suiza<\/strong><\/h2>\n\n\n\n<p class=\"wp-block-paragraph\">No se equivocaba el t\u00e9cnico. Juli\u00e1n fue el que m\u00e1s kil\u00f3metros recorri\u00f3 (12,8) de la selecci\u00f3n albiceleste durante los m\u00e1s de 120 minutos que estuvo en la cancha, s\u00f3lo por detr\u00e1s del centrocampista y capit\u00e1n suizo Granit Xhaka (13,1), obligado a multiplicarse porque su equipo jug\u00f3 con uno menos muchos minutos.<\/p>\n\n\n\n<p class=\"wp-block-paragraph\">&#8220;Como delantero quiero hacer goles, pero tambi\u00e9n toca correr y defender. Mientras el equipo gane estamos todos felices&#8221;, dijo despu\u00e9s en la zona mixta del estadio.<\/p>\n\n\n\n<p class=\"wp-block-paragraph\">Y es que sus n\u00fameros no distan mucho de los de Catar 2022, lo que cambian son las expectativas. A Doha lleg\u00f3 como un talento por explotar, pese a que ya se hab\u00eda ganado un contrato millonario con el City. A Estados Unidos como una estrella consagrada, por el que han pujado el Real Madrid y el Barcelona.<\/p>\n\n\n\n<figure class=\"wp-block-image size-full\"><a href=\"https:\/\/inthepinkroom.com?utm_source=americanonewspaper&amp;utm_medium=referral&amp;utm_campaign=general\" target=\"_blank\" rel=\" noreferrer noopener\"><img loading=\"lazy\" decoding=\"async\" width=\"560\" height=\"300\" src=\"https:\/\/www.americanonewspaper.com\/es\/wp-content\/uploads\/2026\/07\/PinkRoomSpanishMay.jpeg\" alt=\"\" class=\"wp-image-33042\" srcset=\"https:\/\/www.americanonewspaper.com\/es\/wp-content\/uploads\/2026\/07\/PinkRoomSpanishMay.jpeg 560w, https:\/\/www.americanonewspaper.com\/es\/wp-content\/uploads\/2026\/07\/PinkRoomSpanishMay-300x161.jpeg 300w, https:\/\/www.americanonewspaper.com\/es\/wp-content\/uploads\/2026\/07\/PinkRoomSpanishMay-150x80.jpeg 150w\" sizes=\"(max-width: 560px) 100vw, 560px\" \/><\/a><\/figure>\n\n\n\n<p class=\"wp-block-paragraph\">En Catar jug\u00f3 468 minutos en 7 partidos y en este Mundial suma 411 en 6 encuentros. La diferencia est\u00e1 en los goles, entonces cuatro y ahora uno. Con una salvedad, su gran momento lleg\u00f3 en la semifinal contra Croacia, ante quien anot\u00f3 dos.<\/p>\n\n\n\n<p class=\"wp-block-paragraph\">Ahora, afronta otra semifinal, reforzado por un gol liberador y confiado en que lo mejor est\u00e1 por llegar, como dijo tras el encuentro: &#8220;Siento que voy de menos a m\u00e1s&#8221;, afirm\u00f3.<\/p>\n\n\n\n<figure class=\"wp-block-image size-full\"><a href=\"https:\/\/tayakan.com\/\" target=\"_blank\" rel=\" noreferrer noopener\"><img loading=\"lazy\" decoding=\"async\" width=\"560\" height=\"164\" src=\"https:\/\/www.americanonewspaper.com\/es\/wp-content\/uploads\/2026\/07\/Tayakanlogo560-copy-2.jpg\" alt=\"\" class=\"wp-image-33043\" srcset=\"https:\/\/www.americanonewspaper.com\/es\/wp-content\/uploads\/2026\/07\/Tayakanlogo560-copy-2.jpg 560w, https:\/\/www.americanonewspaper.com\/es\/wp-content\/uploads\/2026\/07\/Tayakanlogo560-copy-2-300x88.jpg 300w, https:\/\/www.americanonewspaper.com\/es\/wp-content\/uploads\/2026\/07\/Tayakanlogo560-copy-2-150x44.jpg 150w\" sizes=\"(max-width: 560px) 100vw, 560px\" \/><\/a><\/figure>\n\n\n\n<p class=\"wp-block-paragraph\"><\/p>\n","protected":false},"excerpt":{"rendered":"<p>Argentina Kansas City (EE.UU.), 12 jul (EFE).- Por \u00d3scar Gonz\u00e1lez Juli\u00e1n \u00c1lvarez se siente liberado tras anotar un gol vital para Argentina en el partido de cuartos de final frente a Suiza, deja de estar cuestionado y ha puesto fin a una sequ\u00eda en partidos oficiales que le torturaba desde hace casi a\u00f1o y medio. [&hellip;]<\/p>\n","protected":false},"author":7,"featured_media":33050,"comment_status":"open","ping_status":"open","sticky":false,"template":"","format":"standard","meta":{"_acf_changed":false,"tdm_status":"","tdm_grid_status":"","_jetpack_newsletter_access":"","_jetpack_dont_email_post_to_subs":false,"_jetpack_newsletter_tier_id":0,"_jetpack_memberships_contains_paywalled_content":false,"_jetpack_feature_clip_id":0,"_jetpack_memberships_contains_paid_content":false,"footnotes":"","jetpack_publicize_message":"{title}\n\n{excerpt}\n\n{url}","jetpack_publicize_feature_enabled":true,"jetpack_social_post_already_shared":false,"jetpack_social_options":{"image_generator_settings":{"template":"highway","default_image_id":0,"font":"","enabled":false,"token":"eyJpbWciOiJodHRwczpcL1wvd3d3LmFtZXJpY2Fub25ld3NwYXBlci5jb21cL2VzXC93cC1jb250ZW50XC91cGxvYWRzXC8yMDI2XC8wN1wvSnVsaWFuLUFsdmFyZXotLmpwZWciLCJ0eHQiOiJKdWxpXHUwMGUxbiBcdTAwYzFsdmFyZXogbGliZXJhZG8gZW4gTWlzc291cmkuIiwidGVtcGxhdGUiOiJoaWdod2F5IiwiZm9udCI6IiIsImJsb2dfaWQiOjIyODYxOTU3NH0.VkwAGopZuF9LS8dfQFi9ArzrszH87FnX2RX4QMt9F80MQ"},"version":2,"media_source":"featured-image","attached_media":[{"id":33050,"url":"https:\/\/www.americanonewspaper.com\/es\/wp-content\/uploads\/2026\/07\/Julian-Alvarez-.jpeg","type":"image\/jpeg"}]},"_wpas_customize_per_network":false,"jetpack_post_was_ever_published":false,"_members_access_role":[],"_members_access_error":""},"categories":[89,1460,175],"tags":[],"class_list":["post-33049","post","type-post","status-publish","format-standard","has-post-thumbnail","category-argentina","category-copa-mundial-de-futbol","category-fifa"],"acf":[],"yoast_head":"<!-- This site is optimized with the Yoast SEO Premium plugin v28.3 (Yoast SEO v28.3) - https:\/\/yoast.com\/product\/yoast-seo-premium-wordpress\/ -->\n<title>Juli\u00e1n \u00c1lvarez liberado en Missouri. - Americano Newspaper<\/title>\n<meta name=\"description\" content=\"Juli\u00e1n \u00c1lvarez se siente liberado tras anotar un gol vital para Argentina en el partido de cuartos de final frente a Suiza, deja de estar cuestionado y ha puesto fin a una sequ\u00eda en partidos oficiales que le torturaba desde hace casi a\u00f1o y medio.\" \/>\n<meta name=\"robots\" content=\"index, follow, max-snippet:-1, max-image-preview:large, max-video-preview:-1\" \/>\n<link rel=\"canonical\" href=\"https:\/\/www.americanonewspaper.com\/es\/fifa\/julian-alvarez-liberado-en-missouri\/\" \/>\n<meta property=\"og:locale\" content=\"en_US\" \/>\n<meta property=\"og:type\" content=\"article\" \/>\n<meta property=\"og:title\" content=\"Juli\u00e1n \u00c1lvarez liberado en Missouri.\" \/>\n<meta property=\"og:description\" content=\"Juli\u00e1n \u00c1lvarez se siente liberado tras anotar un gol vital para Argentina en el partido de cuartos de final frente a Suiza, deja de estar cuestionado y ha puesto fin a una sequ\u00eda en partidos oficiales que le torturaba desde hace casi a\u00f1o y medio.\" \/>\n<meta property=\"og:url\" content=\"https:\/\/www.americanonewspaper.com\/es\/fifa\/julian-alvarez-liberado-en-missouri\/\" \/>\n<meta property=\"og:site_name\" content=\"Americano Newspaper\" \/>\n<meta property=\"article:publisher\" content=\"https:\/\/www.facebook.com\/AmericanoNewspaper\/\" \/>\n<meta property=\"article:published_time\" content=\"2026-07-13T01:37:10+00:00\" \/>\n<meta property=\"article:modified_time\" content=\"2026-07-13T01:37:17+00:00\" \/>\n<meta property=\"og:image\" content=\"https:\/\/www.americanonewspaper.com\/es\/wp-content\/uploads\/2026\/07\/Julian-Alvarez-.jpeg\" \/>\n\t<meta property=\"og:image:width\" content=\"560\" \/>\n\t<meta property=\"og:image:height\" content=\"373\" \/>\n\t<meta property=\"og:image:type\" content=\"image\/jpeg\" \/>\n<meta name=\"author\" content=\"Author\" \/>\n<meta name=\"twitter:card\" content=\"summary_large_image\" \/>\n<meta name=\"twitter:label1\" content=\"Written by\" \/>\n\t<meta name=\"twitter:data1\" content=\"Author\" \/>\n\t<meta name=\"twitter:label2\" content=\"Est. reading time\" \/>\n\t<meta name=\"twitter:data2\" content=\"5 minutes\" \/>\n<script type=\"application\/ld+json\" class=\"yoast-schema-graph\">{\"@context\":\"https:\\\/\\\/schema.org\",\"@graph\":[{\"@type\":\"Article\",\"@id\":\"https:\\\/\\\/www.americanonewspaper.com\\\/es\\\/fifa\\\/julian-alvarez-liberado-en-missouri\\\/#article\",\"isPartOf\":{\"@id\":\"https:\\\/\\\/www.americanonewspaper.com\\\/es\\\/fifa\\\/julian-alvarez-liberado-en-missouri\\\/\"},\"author\":{\"name\":\"Author\",\"@id\":\"https:\\\/\\\/www.americanonewspaper.com\\\/es\\\/#\\\/schema\\\/person\\\/8967f6b8af7e37bcbbe61f68580ff088\"},\"headline\":\"Juli\u00e1n \u00c1lvarez liberado en Missouri.\",\"datePublished\":\"2026-07-13T01:37:10+00:00\",\"dateModified\":\"2026-07-13T01:37:17+00:00\",\"mainEntityOfPage\":{\"@id\":\"https:\\\/\\\/www.americanonewspaper.com\\\/es\\\/fifa\\\/julian-alvarez-liberado-en-missouri\\\/\"},\"wordCount\":676,\"commentCount\":0,\"publisher\":{\"@id\":\"https:\\\/\\\/www.americanonewspaper.com\\\/es\\\/#organization\"},\"image\":{\"@id\":\"https:\\\/\\\/www.americanonewspaper.com\\\/es\\\/fifa\\\/julian-alvarez-liberado-en-missouri\\\/#primaryimage\"},\"thumbnailUrl\":\"https:\\\/\\\/www.americanonewspaper.com\\\/es\\\/wp-content\\\/uploads\\\/2026\\\/07\\\/Julian-Alvarez-.jpeg\",\"articleSection\":[\"Argentina\",\"Copa Mundial de F\u00fatbol\",\"FIFA\"],\"inLanguage\":\"en-US\",\"potentialAction\":[{\"@type\":\"CommentAction\",\"name\":\"Comment\",\"target\":[\"https:\\\/\\\/www.americanonewspaper.com\\\/es\\\/fifa\\\/julian-alvarez-liberado-en-missouri\\\/#respond\"]}]},{\"@type\":\"WebPage\",\"@id\":\"https:\\\/\\\/www.americanonewspaper.com\\\/es\\\/fifa\\\/julian-alvarez-liberado-en-missouri\\\/\",\"url\":\"https:\\\/\\\/www.americanonewspaper.com\\\/es\\\/fifa\\\/julian-alvarez-liberado-en-missouri\\\/\",\"name\":\"Juli\u00e1n \u00c1lvarez liberado en Missouri. - Americano Newspaper\",\"isPartOf\":{\"@id\":\"https:\\\/\\\/www.americanonewspaper.com\\\/es\\\/#website\"},\"primaryImageOfPage\":{\"@id\":\"https:\\\/\\\/www.americanonewspaper.com\\\/es\\\/fifa\\\/julian-alvarez-liberado-en-missouri\\\/#primaryimage\"},\"image\":{\"@id\":\"https:\\\/\\\/www.americanonewspaper.com\\\/es\\\/fifa\\\/julian-alvarez-liberado-en-missouri\\\/#primaryimage\"},\"thumbnailUrl\":\"https:\\\/\\\/www.americanonewspaper.com\\\/es\\\/wp-content\\\/uploads\\\/2026\\\/07\\\/Julian-Alvarez-.jpeg\",\"datePublished\":\"2026-07-13T01:37:10+00:00\",\"dateModified\":\"2026-07-13T01:37:17+00:00\",\"description\":\"Juli\u00e1n \u00c1lvarez se siente liberado tras anotar un gol vital para Argentina en el partido de cuartos de final frente a Suiza, deja de estar cuestionado y ha puesto fin a una sequ\u00eda en partidos oficiales que le torturaba desde hace casi a\u00f1o y medio.\",\"breadcrumb\":{\"@id\":\"https:\\\/\\\/www.americanonewspaper.com\\\/es\\\/fifa\\\/julian-alvarez-liberado-en-missouri\\\/#breadcrumb\"},\"inLanguage\":\"en-US\",\"potentialAction\":[{\"@type\":\"ReadAction\",\"target\":[\"https:\\\/\\\/www.americanonewspaper.com\\\/es\\\/fifa\\\/julian-alvarez-liberado-en-missouri\\\/\"]}]},{\"@type\":\"ImageObject\",\"inLanguage\":\"en-US\",\"@id\":\"https:\\\/\\\/www.americanonewspaper.com\\\/es\\\/fifa\\\/julian-alvarez-liberado-en-missouri\\\/#primaryimage\",\"url\":\"https:\\\/\\\/www.americanonewspaper.com\\\/es\\\/wp-content\\\/uploads\\\/2026\\\/07\\\/Julian-Alvarez-.jpeg\",\"contentUrl\":\"https:\\\/\\\/www.americanonewspaper.com\\\/es\\\/wp-content\\\/uploads\\\/2026\\\/07\\\/Julian-Alvarez-.jpeg\",\"width\":560,\"height\":373,\"caption\":\"Juli\u00e1n \u00c1lvarez le dio el triunfo a Argentina con su gol ante Suiza en el partido de cuartos de final del Mundial 2026 en el estadio Arrowhead de Kansas City. EFE\\\/Kenneth Fern\u00e1ndez\"},{\"@type\":\"BreadcrumbList\",\"@id\":\"https:\\\/\\\/www.americanonewspaper.com\\\/es\\\/fifa\\\/julian-alvarez-liberado-en-missouri\\\/#breadcrumb\",\"itemListElement\":[{\"@type\":\"ListItem\",\"position\":1,\"name\":\"Home\",\"item\":\"https:\\\/\\\/www.americanonewspaper.com\\\/es\\\/\"},{\"@type\":\"ListItem\",\"position\":2,\"name\":\"Juli\u00e1n \u00c1lvarez liberado en Missouri.\"}]},{\"@type\":\"WebSite\",\"@id\":\"https:\\\/\\\/www.americanonewspaper.com\\\/es\\\/#website\",\"url\":\"https:\\\/\\\/www.americanonewspaper.com\\\/es\\\/\",\"name\":\"Americano Newspaper\",\"description\":\"The Hispanic Newspaper of New Jersey.\",\"publisher\":{\"@id\":\"https:\\\/\\\/www.americanonewspaper.com\\\/es\\\/#organization\"},\"potentialAction\":[{\"@type\":\"SearchAction\",\"target\":{\"@type\":\"EntryPoint\",\"urlTemplate\":\"https:\\\/\\\/www.americanonewspaper.com\\\/es\\\/?s={search_term_string}\"},\"query-input\":{\"@type\":\"PropertyValueSpecification\",\"valueRequired\":true,\"valueName\":\"search_term_string\"}}],\"inLanguage\":\"en-US\"},{\"@type\":\"Organization\",\"@id\":\"https:\\\/\\\/www.americanonewspaper.com\\\/es\\\/#organization\",\"name\":\"Americano Newspaper\",\"url\":\"https:\\\/\\\/www.americanonewspaper.com\\\/es\\\/\",\"logo\":{\"@type\":\"ImageObject\",\"inLanguage\":\"en-US\",\"@id\":\"https:\\\/\\\/www.americanonewspaper.com\\\/es\\\/#\\\/schema\\\/logo\\\/image\\\/\",\"url\":\"https:\\\/\\\/www.americanonewspaper.com\\\/es\\\/wp-content\\\/uploads\\\/2024\\\/05\\\/AmericanoLogoCircle.comCircle2.jpg\",\"contentUrl\":\"https:\\\/\\\/www.americanonewspaper.com\\\/es\\\/wp-content\\\/uploads\\\/2024\\\/05\\\/AmericanoLogoCircle.comCircle2.jpg\",\"width\":600,\"height\":600,\"caption\":\"Americano Newspaper\"},\"image\":{\"@id\":\"https:\\\/\\\/www.americanonewspaper.com\\\/es\\\/#\\\/schema\\\/logo\\\/image\\\/\"},\"sameAs\":[\"https:\\\/\\\/www.facebook.com\\\/AmericanoNewspaper\\\/\"]},{\"@type\":\"Person\",\"@id\":\"https:\\\/\\\/www.americanonewspaper.com\\\/es\\\/#\\\/schema\\\/person\\\/8967f6b8af7e37bcbbe61f68580ff088\",\"name\":\"Author\",\"image\":{\"@type\":\"ImageObject\",\"inLanguage\":\"en-US\",\"@id\":\"https:\\\/\\\/www.americanonewspaper.com\\\/es\\\/wp-content\\\/litespeed\\\/avatar\\\/89ffaf6af3cf6769ffb3c6efb2313947.jpg?ver=1787930627\",\"url\":\"https:\\\/\\\/www.americanonewspaper.com\\\/es\\\/wp-content\\\/litespeed\\\/avatar\\\/89ffaf6af3cf6769ffb3c6efb2313947.jpg?ver=1787930627\",\"contentUrl\":\"https:\\\/\\\/www.americanonewspaper.com\\\/es\\\/wp-content\\\/litespeed\\\/avatar\\\/89ffaf6af3cf6769ffb3c6efb2313947.jpg?ver=1787930627\",\"caption\":\"Author\"},\"url\":\"https:\\\/\\\/www.americanonewspaper.com\\\/es\\\/author\\\/americano\\\/\"}]}<\/script>\n<!-- \/ Yoast SEO Premium plugin. -->","yoast_head_json":{"title":"Juli\u00e1n \u00c1lvarez liberado en Missouri. - Americano Newspaper","description":"Juli\u00e1n \u00c1lvarez se siente liberado tras anotar un gol vital para Argentina en el partido de cuartos de final frente a Suiza, deja de estar cuestionado y ha puesto fin a una sequ\u00eda en partidos oficiales que le torturaba desde hace casi a\u00f1o y medio.","robots":{"index":"index","follow":"follow","max-snippet":"max-snippet:-1","max-image-preview":"max-image-preview:large","max-video-preview":"max-video-preview:-1"},"canonical":"https:\/\/www.americanonewspaper.com\/es\/fifa\/julian-alvarez-liberado-en-missouri\/","og_locale":"en_US","og_type":"article","og_title":"Juli\u00e1n \u00c1lvarez liberado en Missouri.","og_description":"Juli\u00e1n \u00c1lvarez se siente liberado tras anotar un gol vital para Argentina en el partido de cuartos de final frente a Suiza, deja de estar cuestionado y ha puesto fin a una sequ\u00eda en partidos oficiales que le torturaba desde hace casi a\u00f1o y medio.","og_url":"https:\/\/www.americanonewspaper.com\/es\/fifa\/julian-alvarez-liberado-en-missouri\/","og_site_name":"Americano Newspaper","article_publisher":"https:\/\/www.facebook.com\/AmericanoNewspaper\/","article_published_time":"2026-07-13T01:37:10+00:00","article_modified_time":"2026-07-13T01:37:17+00:00","og_image":[{"width":560,"height":373,"url":"https:\/\/www.americanonewspaper.com\/es\/wp-content\/uploads\/2026\/07\/Julian-Alvarez-.jpeg","type":"image\/jpeg"}],"author":"Author","twitter_card":"summary_large_image","twitter_misc":{"Written by":"Author","Est. reading time":"5 minutes"},"schema":{"@context":"https:\/\/schema.org","@graph":[{"@type":"Article","@id":"https:\/\/www.americanonewspaper.com\/es\/fifa\/julian-alvarez-liberado-en-missouri\/#article","isPartOf":{"@id":"https:\/\/www.americanonewspaper.com\/es\/fifa\/julian-alvarez-liberado-en-missouri\/"},"author":{"name":"Author","@id":"https:\/\/www.americanonewspaper.com\/es\/#\/schema\/person\/8967f6b8af7e37bcbbe61f68580ff088"},"headline":"Juli\u00e1n \u00c1lvarez liberado en Missouri.","datePublished":"2026-07-13T01:37:10+00:00","dateModified":"2026-07-13T01:37:17+00:00","mainEntityOfPage":{"@id":"https:\/\/www.americanonewspaper.com\/es\/fifa\/julian-alvarez-liberado-en-missouri\/"},"wordCount":676,"commentCount":0,"publisher":{"@id":"https:\/\/www.americanonewspaper.com\/es\/#organization"},"image":{"@id":"https:\/\/www.americanonewspaper.com\/es\/fifa\/julian-alvarez-liberado-en-missouri\/#primaryimage"},"thumbnailUrl":"https:\/\/www.americanonewspaper.com\/es\/wp-content\/uploads\/2026\/07\/Julian-Alvarez-.jpeg","articleSection":["Argentina","Copa Mundial de F\u00fatbol","FIFA"],"inLanguage":"en-US","potentialAction":[{"@type":"CommentAction","name":"Comment","target":["https:\/\/www.americanonewspaper.com\/es\/fifa\/julian-alvarez-liberado-en-missouri\/#respond"]}]},{"@type":"WebPage","@id":"https:\/\/www.americanonewspaper.com\/es\/fifa\/julian-alvarez-liberado-en-missouri\/","url":"https:\/\/www.americanonewspaper.com\/es\/fifa\/julian-alvarez-liberado-en-missouri\/","name":"Juli\u00e1n \u00c1lvarez liberado en Missouri. - Americano Newspaper","isPartOf":{"@id":"https:\/\/www.americanonewspaper.com\/es\/#website"},"primaryImageOfPage":{"@id":"https:\/\/www.americanonewspaper.com\/es\/fifa\/julian-alvarez-liberado-en-missouri\/#primaryimage"},"image":{"@id":"https:\/\/www.americanonewspaper.com\/es\/fifa\/julian-alvarez-liberado-en-missouri\/#primaryimage"},"thumbnailUrl":"https:\/\/www.americanonewspaper.com\/es\/wp-content\/uploads\/2026\/07\/Julian-Alvarez-.jpeg","datePublished":"2026-07-13T01:37:10+00:00","dateModified":"2026-07-13T01:37:17+00:00","description":"Juli\u00e1n \u00c1lvarez se siente liberado tras anotar un gol vital para Argentina en el partido de cuartos de final frente a Suiza, deja de estar cuestionado y ha puesto fin a una sequ\u00eda en partidos oficiales que le torturaba desde hace casi a\u00f1o y medio.","breadcrumb":{"@id":"https:\/\/www.americanonewspaper.com\/es\/fifa\/julian-alvarez-liberado-en-missouri\/#breadcrumb"},"inLanguage":"en-US","potentialAction":[{"@type":"ReadAction","target":["https:\/\/www.americanonewspaper.com\/es\/fifa\/julian-alvarez-liberado-en-missouri\/"]}]},{"@type":"ImageObject","inLanguage":"en-US","@id":"https:\/\/www.americanonewspaper.com\/es\/fifa\/julian-alvarez-liberado-en-missouri\/#primaryimage","url":"https:\/\/www.americanonewspaper.com\/es\/wp-content\/uploads\/2026\/07\/Julian-Alvarez-.jpeg","contentUrl":"https:\/\/www.americanonewspaper.com\/es\/wp-content\/uploads\/2026\/07\/Julian-Alvarez-.jpeg","width":560,"height":373,"caption":"Juli\u00e1n \u00c1lvarez le dio el triunfo a Argentina con su gol ante Suiza en el partido de cuartos de final del Mundial 2026 en el estadio Arrowhead de Kansas City. EFE\/Kenneth Fern\u00e1ndez"},{"@type":"BreadcrumbList","@id":"https:\/\/www.americanonewspaper.com\/es\/fifa\/julian-alvarez-liberado-en-missouri\/#breadcrumb","itemListElement":[{"@type":"ListItem","position":1,"name":"Home","item":"https:\/\/www.americanonewspaper.com\/es\/"},{"@type":"ListItem","position":2,"name":"Juli\u00e1n \u00c1lvarez liberado en Missouri."}]},{"@type":"WebSite","@id":"https:\/\/www.americanonewspaper.com\/es\/#website","url":"https:\/\/www.americanonewspaper.com\/es\/","name":"Americano Newspaper","description":"The Hispanic Newspaper of New Jersey.","publisher":{"@id":"https:\/\/www.americanonewspaper.com\/es\/#organization"},"potentialAction":[{"@type":"SearchAction","target":{"@type":"EntryPoint","urlTemplate":"https:\/\/www.americanonewspaper.com\/es\/?s={search_term_string}"},"query-input":{"@type":"PropertyValueSpecification","valueRequired":true,"valueName":"search_term_string"}}],"inLanguage":"en-US"},{"@type":"Organization","@id":"https:\/\/www.americanonewspaper.com\/es\/#organization","name":"Americano Newspaper","url":"https:\/\/www.americanonewspaper.com\/es\/","logo":{"@type":"ImageObject","inLanguage":"en-US","@id":"https:\/\/www.americanonewspaper.com\/es\/#\/schema\/logo\/image\/","url":"https:\/\/www.americanonewspaper.com\/es\/wp-content\/uploads\/2024\/05\/AmericanoLogoCircle.comCircle2.jpg","contentUrl":"https:\/\/www.americanonewspaper.com\/es\/wp-content\/uploads\/2024\/05\/AmericanoLogoCircle.comCircle2.jpg","width":600,"height":600,"caption":"Americano Newspaper"},"image":{"@id":"https:\/\/www.americanonewspaper.com\/es\/#\/schema\/logo\/image\/"},"sameAs":["https:\/\/www.facebook.com\/AmericanoNewspaper\/"]},{"@type":"Person","@id":"https:\/\/www.americanonewspaper.com\/es\/#\/schema\/person\/8967f6b8af7e37bcbbe61f68580ff088","name":"Author","image":{"@type":"ImageObject","inLanguage":"en-US","@id":"https:\/\/www.americanonewspaper.com\/es\/wp-content\/litespeed\/avatar\/89ffaf6af3cf6769ffb3c6efb2313947.jpg?ver=1787930627","url":"https:\/\/www.americanonewspaper.com\/es\/wp-content\/litespeed\/avatar\/89ffaf6af3cf6769ffb3c6efb2313947.jpg?ver=1787930627","contentUrl":"https:\/\/www.americanonewspaper.com\/es\/wp-content\/litespeed\/avatar\/89ffaf6af3cf6769ffb3c6efb2313947.jpg?ver=1787930627","caption":"Author"},"url":"https:\/\/www.americanonewspaper.com\/es\/author\/americano\/"}]}},"jetpack_publicize_connections":[],"featured_image_urls":{"full":["https:\/\/www.americanonewspaper.com\/es\/wp-content\/uploads\/2026\/07\/Julian-Alvarez-.jpeg",560,373,false],"thumbnail":["https:\/\/www.americanonewspaper.com\/es\/wp-content\/uploads\/2026\/07\/Julian-Alvarez--250x250.jpeg",250,250,true],"medium":["https:\/\/www.americanonewspaper.com\/es\/wp-content\/uploads\/2026\/07\/Julian-Alvarez--300x200.jpeg",300,200,true],"medium_large":["https:\/\/www.americanonewspaper.com\/es\/wp-content\/uploads\/2026\/07\/Julian-Alvarez-.jpeg",560,373,false],"large":["https:\/\/www.americanonewspaper.com\/es\/wp-content\/uploads\/2026\/07\/Julian-Alvarez-.jpeg",560,373,false],"1536x1536":["https:\/\/www.americanonewspaper.com\/es\/wp-content\/uploads\/2026\/07\/Julian-Alvarez-.jpeg",560,373,false],"2048x2048":["https:\/\/www.americanonewspaper.com\/es\/wp-content\/uploads\/2026\/07\/Julian-Alvarez-.jpeg",560,373,false],"td_150x0":["https:\/\/www.americanonewspaper.com\/es\/wp-content\/uploads\/2026\/07\/Julian-Alvarez--150x100.jpeg",150,100,true],"td_218x150":["https:\/\/www.americanonewspaper.com\/es\/wp-content\/uploads\/2026\/07\/Julian-Alvarez--218x150.jpeg",218,150,true],"td_300x0":["https:\/\/www.americanonewspaper.com\/es\/wp-content\/uploads\/2026\/07\/Julian-Alvarez--300x200.jpeg",300,200,true],"td_324x400":["https:\/\/www.americanonewspaper.com\/es\/wp-content\/uploads\/2026\/07\/Julian-Alvarez--324x373.jpeg",324,373,true],"td_485x360":["https:\/\/www.americanonewspaper.com\/es\/wp-content\/uploads\/2026\/07\/Julian-Alvarez--485x360.jpeg",485,360,true],"td_696x0":["https:\/\/www.americanonewspaper.com\/es\/wp-content\/uploads\/2026\/07\/Julian-Alvarez-.jpeg",560,373,false],"td_1068x0":["https:\/\/www.americanonewspaper.com\/es\/wp-content\/uploads\/2026\/07\/Julian-Alvarez-.jpeg",560,373,false],"td_1920x0":["https:\/\/www.americanonewspaper.com\/es\/wp-content\/uploads\/2026\/07\/Julian-Alvarez-.jpeg",560,373,false],"bdpp-medium":["https:\/\/www.americanonewspaper.com\/es\/wp-content\/uploads\/2026\/07\/Julian-Alvarez-.jpeg",560,373,false]},"author_info":{"display_name":"Author","author_link":"https:\/\/www.americanonewspaper.com\/es\/author\/americano\/"},"category_info":"<a href=\"https:\/\/www.americanonewspaper.com\/es\/category\/argentina\/\" rel=\"category tag\">Argentina<\/a> <a href=\"https:\/\/www.americanonewspaper.com\/es\/category\/copa-mundial-de-futbol\/\" rel=\"category tag\">Copa Mundial de F\u00fatbol<\/a> <a href=\"https:\/\/www.americanonewspaper.com\/es\/category\/fifa\/\" rel=\"category tag\">FIFA<\/a>","tag_info":"FIFA","comment_count":"0","jetpack_sharing_enabled":true,"jetpack_likes_enabled":true,"jetpack_featured_media_url":"https:\/\/www.americanonewspaper.com\/es\/wp-content\/uploads\/2026\/07\/Julian-Alvarez-.jpeg","_links":{"self":[{"href":"https:\/\/www.americanonewspaper.com\/es\/wp-json\/wp\/v2\/posts\/33049","targetHints":{"allow":["GET"]}}],"collection":[{"href":"https:\/\/www.americanonewspaper.com\/es\/wp-json\/wp\/v2\/posts"}],"about":[{"href":"https:\/\/www.americanonewspaper.com\/es\/wp-json\/wp\/v2\/types\/post"}],"author":[{"embeddable":true,"href":"https:\/\/www.americanonewspaper.com\/es\/wp-json\/wp\/v2\/users\/7"}],"replies":[{"embeddable":true,"href":"https:\/\/www.americanonewspaper.com\/es\/wp-json\/wp\/v2\/comments?post=33049"}],"version-history":[{"count":1,"href":"https:\/\/www.americanonewspaper.com\/es\/wp-json\/wp\/v2\/posts\/33049\/revisions"}],"predecessor-version":[{"id":33052,"href":"https:\/\/www.americanonewspaper.com\/es\/wp-json\/wp\/v2\/posts\/33049\/revisions\/33052"}],"wp:featuredmedia":[{"embeddable":true,"href":"https:\/\/www.americanonewspaper.com\/es\/wp-json\/wp\/v2\/media\/33050"}],"wp:attachment":[{"href":"https:\/\/www.americanonewspaper.com\/es\/wp-json\/wp\/v2\/media?parent=33049"}],"wp:term":[{"taxonomy":"category","embeddable":true,"href":"https:\/\/www.americanonewspaper.com\/es\/wp-json\/wp\/v2\/categories?post=33049"},{"taxonomy":"post_tag","embeddable":true,"href":"https:\/\/www.americanonewspaper.com\/es\/wp-json\/wp\/v2\/tags?post=33049"}],"curies":[{"name":"wp","href":"https:\/\/api.w.org\/{rel}","templated":true}]}}