{"id":32983,"date":"2026-07-08T01:21:05","date_gmt":"2026-07-08T05:21:05","guid":{"rendered":"https:\/\/www.americanonewspaper.com\/es\/?p=32983"},"modified":"2026-07-08T01:27:03","modified_gmt":"2026-07-08T05:27:03","slug":"lorenzo-lamenta-la-falta-de-gol-de-colombia-tras-caer-ante-suiza-en-los-penaltis","status":"publish","type":"post","link":"https:\/\/www.americanonewspaper.com\/es\/fifa\/lorenzo-lamenta-la-falta-de-gol-de-colombia-tras-caer-ante-suiza-en-los-penaltis\/","title":{"rendered":"Lorenzo lamenta la falta de gol de Colombia"},"content":{"rendered":"\n<p class=\"wp-block-paragraph\">Vancouver\/Toronto (Canad\u00e1), (EFE).<\/p>\n\n\n\n<p class=\"has-drop-cap wp-block-paragraph\">El seleccionador de Colombia, N\u00e9stor Lorenzo, lament\u00f3 este martes la falta de eficacia de su equipo tras la derrota ante Suiza en la tanda de penaltis y afirm\u00f3 que el conjunto colombiano mereci\u00f3 algo m\u00e1s durante los 90 minutos reglamentarios.<\/p>\n\n\n\n<p class=\"wp-block-paragraph\">En la rueda de prensa posterior al partido, Lorenzo explic\u00f3 que a Colombia le falt\u00f3 concretar las ocasiones generadas en un encuentro que ya preve\u00edan muy cerrado. El t\u00e9cnico se\u00f1al\u00f3 que el equipo tuvo intenci\u00f3n ofensiva, remates y llegada, pero no logr\u00f3 transformar ese dominio en goles.<\/p>\n\n\n\n<figure class=\"wp-block-image size-full\"><a href=\"https:\/\/ggllawyers.com\/es\/new-jersey-personal-injury-and-workers-compensation-lawyer\/\" target=\"_blank\" rel=\" noreferrer noopener\"><img fetchpriority=\"high\" decoding=\"async\" width=\"560\" height=\"269\" src=\"https:\/\/www.americanonewspaper.com\/es\/wp-content\/uploads\/2026\/06\/GGlSpanish-2.jpg\" alt=\"Abogados de Accidentes\" class=\"wp-image-32828\" srcset=\"https:\/\/www.americanonewspaper.com\/es\/wp-content\/uploads\/2026\/06\/GGlSpanish-2.jpg 560w, https:\/\/www.americanonewspaper.com\/es\/wp-content\/uploads\/2026\/06\/GGlSpanish-2-300x144.jpg 300w, https:\/\/www.americanonewspaper.com\/es\/wp-content\/uploads\/2026\/06\/GGlSpanish-2-150x72.jpg 150w\" sizes=\"(max-width: 560px) 100vw, 560px\" \/><\/a><figcaption class=\"wp-element-caption\">Abogados de Accidentes<\/figcaption><\/figure>\n\n\n\n<p class=\"wp-block-paragraph\">&#8220;Sin duda que hacer gol&#8221;, respondi\u00f3 al ser preguntado por lo que le falt\u00f3 a Colombia para evitar que la eliminatoria se resolviera desde el punto de penalti.<\/p>\n\n\n\n<p class=\"wp-block-paragraph\">El entrenador argentino sostuvo que el partido fue &#8220;bastante cerrado, muy t\u00e1ctico, muy parejo&#8221;, aunque consider\u00f3 que Colombia hizo m\u00e9ritos para obtener un mejor resultado antes de la pr\u00f3rroga.<\/p>\n\n\n\n<p class=\"wp-block-paragraph\">Lorenzo tambi\u00e9n explic\u00f3 el cambio de Jhon Arias, condicionado tanto por la tarjeta amarilla como por el desgaste f\u00edsico. Seg\u00fan indic\u00f3, el cuerpo t\u00e9cnico tem\u00eda que una llegada tarde dejara al equipo con un jugador menos y busc\u00f3, adem\u00e1s, refrescar al conjunto.<\/p>\n\n\n\n<figure class=\"wp-block-image size-full\"><img decoding=\"async\" width=\"560\" height=\"373\" src=\"https:\/\/www.americanonewspaper.com\/es\/wp-content\/uploads\/2026\/07\/c20dd1b21766057aeb9d940eb86c1ee2ba8b8941.jpg\" alt=\"\" class=\"wp-image-32985\" srcset=\"https:\/\/www.americanonewspaper.com\/es\/wp-content\/uploads\/2026\/07\/c20dd1b21766057aeb9d940eb86c1ee2ba8b8941.jpg 560w, https:\/\/www.americanonewspaper.com\/es\/wp-content\/uploads\/2026\/07\/c20dd1b21766057aeb9d940eb86c1ee2ba8b8941-300x200.jpg 300w, https:\/\/www.americanonewspaper.com\/es\/wp-content\/uploads\/2026\/07\/c20dd1b21766057aeb9d940eb86c1ee2ba8b8941-150x100.jpg 150w\" sizes=\"(max-width: 560px) 100vw, 560px\" \/><figcaption class=\"wp-element-caption\">El seleccionador de Suiza, Murat Yakin (i), saluda a su homologo de Colombia, N\u00e9stor Lorenzo, previo a un partido de los octavos de final del Mundial 2026 entre Suiza y Colombia en el estadio BC Place en Vancouver (Canad\u00e1). EFE\/ Omar Alonso<\/figcaption><\/figure>\n\n\n\n<p class=\"wp-block-paragraph\">El seleccionador detall\u00f3 que con la entrada de J\u00e1minton Campaz, Colombia modific\u00f3 su sistema, pas\u00f3 a jugar con un 4-2-3-1 y trat\u00f3 de hacer da\u00f1o por las bandas. A su juicio, la apuesta estuvo cerca de dar resultado, porque el propio Campas dispuso de una ocasi\u00f3n clara, aunque finalmente el gol no lleg\u00f3.<\/p>\n\n\n\n<p class=\"wp-block-paragraph\">Sobre la falta de definici\u00f3n de Luis D\u00edaz y Luis Su\u00e1rez, Lorenzo evit\u00f3 se\u00f1alar responsabilidades individuales y defendi\u00f3 el rendimiento colectivo. Record\u00f3 que Colombia ya hab\u00eda atravesado momentos similares de falta de gol antes de los partidos contra Bolivia y Venezuela en la eliminatoria.<\/p>\n\n\n\n<figure class=\"wp-block-image size-full\"><a href=\"https:\/\/nj.gov\/health\/documents\/parkinsons-flyer-spanish.pdf\" target=\"_blank\" rel=\" noreferrer noopener\"><img decoding=\"async\" width=\"560\" height=\"350\" src=\"https:\/\/www.americanonewspaper.com\/es\/wp-content\/uploads\/2026\/06\/DOH-Spanish-banner-2.jpg\" alt=\"Se\u00f1ales de Alzheimer\" class=\"wp-image-32831\" srcset=\"https:\/\/www.americanonewspaper.com\/es\/wp-content\/uploads\/2026\/06\/DOH-Spanish-banner-2.jpg 560w, https:\/\/www.americanonewspaper.com\/es\/wp-content\/uploads\/2026\/06\/DOH-Spanish-banner-2-300x188.jpg 300w, https:\/\/www.americanonewspaper.com\/es\/wp-content\/uploads\/2026\/06\/DOH-Spanish-banner-2-150x94.jpg 150w\" sizes=\"(max-width: 560px) 100vw, 560px\" \/><\/a><figcaption class=\"wp-element-caption\">Se\u00f1ales de Alzheimer<\/figcaption><\/figure>\n\n\n\n<p class=\"wp-block-paragraph\">&#8220;A m\u00ed me interesa que el equipo juegue bien, que genere opciones&#8221;, afirm\u00f3 para a\u00f1adir que durante el partido se Colombia gener\u00f3 17 tiros a puerta.<\/p>\n\n\n\n<p class=\"wp-block-paragraph\">&#8220;No convertir se paga&#8221;, dijo el t\u00e9cnico, que record\u00f3 que sus delanteros son jugadores que marcan habitualmente en sus ligas.&nbsp;<\/p>\n\n\n\n<p class=\"wp-block-paragraph\">&#8220;No hay nada que reprochar. Simplemente que a veces entra y a veces no&#8221;, concluy\u00f3.<\/p>\n\n\n\n<figure class=\"wp-block-image size-full\"><a href=\"https:\/\/www.linkedin.com\/in\/jaimeberrios\/\" target=\"_blank\" rel=\" noreferrer noopener\"><img loading=\"lazy\" decoding=\"async\" width=\"560\" height=\"257\" src=\"https:\/\/www.americanonewspaper.com\/es\/wp-content\/uploads\/2026\/06\/Jaime-copy-2-2.jpg\" alt=\"AUTOS NUEVOS Y USADOS\" class=\"wp-image-32830\" srcset=\"https:\/\/www.americanonewspaper.com\/es\/wp-content\/uploads\/2026\/06\/Jaime-copy-2-2.jpg 560w, https:\/\/www.americanonewspaper.com\/es\/wp-content\/uploads\/2026\/06\/Jaime-copy-2-2-300x138.jpg 300w, https:\/\/www.americanonewspaper.com\/es\/wp-content\/uploads\/2026\/06\/Jaime-copy-2-2-150x69.jpg 150w\" sizes=\"(max-width: 560px) 100vw, 560px\" \/><\/a><figcaption class=\"wp-element-caption\">AUTOS NUEVOS Y USADOS<\/figcaption><\/figure>\n","protected":false},"excerpt":{"rendered":"<p>Vancouver\/Toronto (Canad\u00e1), (EFE). El seleccionador de Colombia, N\u00e9stor Lorenzo, lament\u00f3 este martes la falta de eficacia de su equipo tras la derrota ante Suiza en la tanda de penaltis y afirm\u00f3 que el conjunto colombiano mereci\u00f3 algo m\u00e1s durante los 90 minutos reglamentarios. En la rueda de prensa posterior al partido, Lorenzo explic\u00f3 que a [&hellip;]<\/p>\n","protected":false},"author":12,"featured_media":32984,"comment_status":"open","ping_status":"open","sticky":true,"template":"","format":"standard","meta":{"_acf_changed":false,"tdm_status":"","tdm_grid_status":"","_jetpack_newsletter_access":"","_jetpack_dont_email_post_to_subs":false,"_jetpack_newsletter_tier_id":0,"_jetpack_memberships_contains_paywalled_content":false,"_jetpack_feature_clip_id":0,"_jetpack_memberships_contains_paid_content":false,"footnotes":"","jetpack_publicize_message":"{title}\n\n{excerpt}\n\n{url}","jetpack_publicize_feature_enabled":true,"jetpack_social_post_already_shared":true,"jetpack_social_options":{"image_generator_settings":{"template":"highway","default_image_id":0,"font":"","enabled":false},"version":2},"_wpas_customize_per_network":false,"jetpack_post_was_ever_published":false,"_members_access_role":[],"_members_access_error":""},"categories":[128,175,807,1858,1070],"tags":[],"class_list":["post-32983","post","type-post","status-publish","format-standard","has-post-thumbnail","category-colombia","category-fifa","category-futbol-mundial-2026","category-nestor-lorenz","category-suiza"],"acf":[],"yoast_head":"<!-- This site is optimized with the Yoast SEO Premium plugin v28.4 (Yoast SEO v28.4) - https:\/\/yoast.com\/product\/yoast-seo-premium-wordpress\/ -->\n<title>Lorenzo lamenta la falta de gol de Colombia - Americano Newspaper<\/title>\n<meta name=\"description\" content=\"El seleccionador de Colombia, N\u00e9stor Lorenzo, lament\u00f3 este martes la falta de eficacia de su equipo tras la derrota ante Suiza en la tanda de penaltis y afirm\u00f3 que el conjunto colombiano mereci\u00f3 algo m\u00e1s durante los 90 minutos reglamentarios\" \/>\n<meta name=\"robots\" content=\"index, follow, max-snippet:-1, max-image-preview:large, max-video-preview:-1\" \/>\n<link rel=\"canonical\" href=\"https:\/\/www.americanonewspaper.com\/es\/fifa\/lorenzo-lamenta-la-falta-de-gol-de-colombia-tras-caer-ante-suiza-en-los-penaltis\/\" \/>\n<meta property=\"og:locale\" content=\"en_US\" \/>\n<meta property=\"og:type\" content=\"article\" \/>\n<meta property=\"og:title\" content=\"Lorenzo lamenta la falta de gol de Colombia\" \/>\n<meta property=\"og:description\" content=\"El seleccionador de Colombia, N\u00e9stor Lorenzo, lament\u00f3 este martes la falta de eficacia de su equipo tras la derrota ante Suiza en la tanda de penaltis y afirm\u00f3 que el conjunto colombiano mereci\u00f3 algo m\u00e1s durante los 90 minutos reglamentarios\" \/>\n<meta property=\"og:url\" content=\"https:\/\/www.americanonewspaper.com\/es\/fifa\/lorenzo-lamenta-la-falta-de-gol-de-colombia-tras-caer-ante-suiza-en-los-penaltis\/\" \/>\n<meta property=\"og:site_name\" content=\"Americano Newspaper\" \/>\n<meta property=\"article:publisher\" content=\"https:\/\/www.facebook.com\/AmericanoNewspaper\/\" \/>\n<meta property=\"article:published_time\" content=\"2026-07-08T05:21:05+00:00\" \/>\n<meta property=\"article:modified_time\" content=\"2026-07-08T05:27:03+00:00\" \/>\n<meta property=\"og:image\" content=\"https:\/\/www.americanonewspaper.com\/es\/wp-content\/uploads\/2026\/07\/cd0a667d754ad3049bc40eae6e03049219742e36-e1783488398618.jpg\" \/>\n\t<meta property=\"og:image:width\" content=\"557\" \/>\n\t<meta property=\"og:image:height\" content=\"257\" \/>\n\t<meta property=\"og:image:type\" content=\"image\/jpeg\" \/>\n<meta name=\"author\" content=\"Maria Quintana\" \/>\n<meta name=\"twitter:card\" content=\"summary_large_image\" \/>\n<meta name=\"twitter:label1\" content=\"Written by\" \/>\n\t<meta name=\"twitter:data1\" content=\"Maria Quintana\" \/>\n\t<meta name=\"twitter:label2\" content=\"Est. reading time\" \/>\n\t<meta name=\"twitter:data2\" content=\"3 minutes\" \/>\n<script type=\"application\/ld+json\" class=\"yoast-schema-graph\">{\"@context\":\"https:\\\/\\\/schema.org\",\"@graph\":[{\"@type\":\"Article\",\"@id\":\"https:\\\/\\\/www.americanonewspaper.com\\\/es\\\/fifa\\\/lorenzo-lamenta-la-falta-de-gol-de-colombia-tras-caer-ante-suiza-en-los-penaltis\\\/#article\",\"isPartOf\":{\"@id\":\"https:\\\/\\\/www.americanonewspaper.com\\\/es\\\/fifa\\\/lorenzo-lamenta-la-falta-de-gol-de-colombia-tras-caer-ante-suiza-en-los-penaltis\\\/\"},\"author\":{\"name\":\"Maria Quintana\",\"@id\":\"https:\\\/\\\/www.americanonewspaper.com\\\/es\\\/#\\\/schema\\\/person\\\/ff0825ff964ec074668f1d9571f5232d\"},\"headline\":\"Lorenzo lamenta la falta de gol de Colombia\",\"datePublished\":\"2026-07-08T05:21:05+00:00\",\"dateModified\":\"2026-07-08T05:27:03+00:00\",\"mainEntityOfPage\":{\"@id\":\"https:\\\/\\\/www.americanonewspaper.com\\\/es\\\/fifa\\\/lorenzo-lamenta-la-falta-de-gol-de-colombia-tras-caer-ante-suiza-en-los-penaltis\\\/\"},\"wordCount\":435,\"commentCount\":0,\"publisher\":{\"@id\":\"https:\\\/\\\/www.americanonewspaper.com\\\/es\\\/#organization\"},\"image\":{\"@id\":\"https:\\\/\\\/www.americanonewspaper.com\\\/es\\\/fifa\\\/lorenzo-lamenta-la-falta-de-gol-de-colombia-tras-caer-ante-suiza-en-los-penaltis\\\/#primaryimage\"},\"thumbnailUrl\":\"https:\\\/\\\/www.americanonewspaper.com\\\/es\\\/wp-content\\\/uploads\\\/2026\\\/07\\\/cd0a667d754ad3049bc40eae6e03049219742e36-e1783488398618.jpg\",\"articleSection\":[\"Colombia\",\"FIFA\",\"F\u00fatbol Mundial 2026\",\"N\u00e9stor Lorenz\",\"Suiza\"],\"inLanguage\":\"en-US\",\"potentialAction\":[{\"@type\":\"CommentAction\",\"name\":\"Comment\",\"target\":[\"https:\\\/\\\/www.americanonewspaper.com\\\/es\\\/fifa\\\/lorenzo-lamenta-la-falta-de-gol-de-colombia-tras-caer-ante-suiza-en-los-penaltis\\\/#respond\"]}]},{\"@type\":\"WebPage\",\"@id\":\"https:\\\/\\\/www.americanonewspaper.com\\\/es\\\/fifa\\\/lorenzo-lamenta-la-falta-de-gol-de-colombia-tras-caer-ante-suiza-en-los-penaltis\\\/\",\"url\":\"https:\\\/\\\/www.americanonewspaper.com\\\/es\\\/fifa\\\/lorenzo-lamenta-la-falta-de-gol-de-colombia-tras-caer-ante-suiza-en-los-penaltis\\\/\",\"name\":\"Lorenzo lamenta la falta de gol de Colombia - Americano Newspaper\",\"isPartOf\":{\"@id\":\"https:\\\/\\\/www.americanonewspaper.com\\\/es\\\/#website\"},\"primaryImageOfPage\":{\"@id\":\"https:\\\/\\\/www.americanonewspaper.com\\\/es\\\/fifa\\\/lorenzo-lamenta-la-falta-de-gol-de-colombia-tras-caer-ante-suiza-en-los-penaltis\\\/#primaryimage\"},\"image\":{\"@id\":\"https:\\\/\\\/www.americanonewspaper.com\\\/es\\\/fifa\\\/lorenzo-lamenta-la-falta-de-gol-de-colombia-tras-caer-ante-suiza-en-los-penaltis\\\/#primaryimage\"},\"thumbnailUrl\":\"https:\\\/\\\/www.americanonewspaper.com\\\/es\\\/wp-content\\\/uploads\\\/2026\\\/07\\\/cd0a667d754ad3049bc40eae6e03049219742e36-e1783488398618.jpg\",\"datePublished\":\"2026-07-08T05:21:05+00:00\",\"dateModified\":\"2026-07-08T05:27:03+00:00\",\"description\":\"El seleccionador de Colombia, N\u00e9stor Lorenzo, lament\u00f3 este martes la falta de eficacia de su equipo tras la derrota ante Suiza en la tanda de penaltis y afirm\u00f3 que el conjunto colombiano mereci\u00f3 algo m\u00e1s durante los 90 minutos reglamentarios\",\"breadcrumb\":{\"@id\":\"https:\\\/\\\/www.americanonewspaper.com\\\/es\\\/fifa\\\/lorenzo-lamenta-la-falta-de-gol-de-colombia-tras-caer-ante-suiza-en-los-penaltis\\\/#breadcrumb\"},\"inLanguage\":\"en-US\",\"potentialAction\":[{\"@type\":\"ReadAction\",\"target\":[\"https:\\\/\\\/www.americanonewspaper.com\\\/es\\\/fifa\\\/lorenzo-lamenta-la-falta-de-gol-de-colombia-tras-caer-ante-suiza-en-los-penaltis\\\/\"]}]},{\"@type\":\"ImageObject\",\"inLanguage\":\"en-US\",\"@id\":\"https:\\\/\\\/www.americanonewspaper.com\\\/es\\\/fifa\\\/lorenzo-lamenta-la-falta-de-gol-de-colombia-tras-caer-ante-suiza-en-los-penaltis\\\/#primaryimage\",\"url\":\"https:\\\/\\\/www.americanonewspaper.com\\\/es\\\/wp-content\\\/uploads\\\/2026\\\/07\\\/cd0a667d754ad3049bc40eae6e03049219742e36-e1783488398618.jpg\",\"contentUrl\":\"https:\\\/\\\/www.americanonewspaper.com\\\/es\\\/wp-content\\\/uploads\\\/2026\\\/07\\\/cd0a667d754ad3049bc40eae6e03049219742e36-e1783488398618.jpg\",\"width\":557,\"height\":257,\"caption\":\"El entrenador de Colombia, N\u00e9stor Lorenzo, gesticula durante el partido de octavos de final del Mundial 2026 entre Suiza y Colombia en Vancouver (Canad\u00e1). EFE\\\/BOB FRID\"},{\"@type\":\"BreadcrumbList\",\"@id\":\"https:\\\/\\\/www.americanonewspaper.com\\\/es\\\/fifa\\\/lorenzo-lamenta-la-falta-de-gol-de-colombia-tras-caer-ante-suiza-en-los-penaltis\\\/#breadcrumb\",\"itemListElement\":[{\"@type\":\"ListItem\",\"position\":1,\"name\":\"Home\",\"item\":\"https:\\\/\\\/www.americanonewspaper.com\\\/es\\\/\"},{\"@type\":\"ListItem\",\"position\":2,\"name\":\"Lorenzo lamenta la falta de gol de Colombia\"}]},{\"@type\":\"WebSite\",\"@id\":\"https:\\\/\\\/www.americanonewspaper.com\\\/es\\\/#website\",\"url\":\"https:\\\/\\\/www.americanonewspaper.com\\\/es\\\/\",\"name\":\"Americano Newspaper\",\"description\":\"The Hispanic Newspaper of New Jersey.\",\"publisher\":{\"@id\":\"https:\\\/\\\/www.americanonewspaper.com\\\/es\\\/#organization\"},\"potentialAction\":[{\"@type\":\"SearchAction\",\"target\":{\"@type\":\"EntryPoint\",\"urlTemplate\":\"https:\\\/\\\/www.americanonewspaper.com\\\/es\\\/?s={search_term_string}\"},\"query-input\":{\"@type\":\"PropertyValueSpecification\",\"valueRequired\":true,\"valueName\":\"search_term_string\"}}],\"inLanguage\":\"en-US\"},{\"@type\":\"Organization\",\"@id\":\"https:\\\/\\\/www.americanonewspaper.com\\\/es\\\/#organization\",\"name\":\"Americano Newspaper\",\"url\":\"https:\\\/\\\/www.americanonewspaper.com\\\/es\\\/\",\"logo\":{\"@type\":\"ImageObject\",\"inLanguage\":\"en-US\",\"@id\":\"https:\\\/\\\/www.americanonewspaper.com\\\/es\\\/#\\\/schema\\\/logo\\\/image\\\/\",\"url\":\"https:\\\/\\\/www.americanonewspaper.com\\\/es\\\/wp-content\\\/uploads\\\/2024\\\/05\\\/AmericanoLogoCircle.comCircle2.jpg\",\"contentUrl\":\"https:\\\/\\\/www.americanonewspaper.com\\\/es\\\/wp-content\\\/uploads\\\/2024\\\/05\\\/AmericanoLogoCircle.comCircle2.jpg\",\"width\":600,\"height\":600,\"caption\":\"Americano Newspaper\"},\"image\":{\"@id\":\"https:\\\/\\\/www.americanonewspaper.com\\\/es\\\/#\\\/schema\\\/logo\\\/image\\\/\"},\"sameAs\":[\"https:\\\/\\\/www.facebook.com\\\/AmericanoNewspaper\\\/\"]},{\"@type\":\"Person\",\"@id\":\"https:\\\/\\\/www.americanonewspaper.com\\\/es\\\/#\\\/schema\\\/person\\\/ff0825ff964ec074668f1d9571f5232d\",\"name\":\"Maria Quintana\",\"image\":{\"@type\":\"ImageObject\",\"inLanguage\":\"en-US\",\"@id\":\"https:\\\/\\\/www.americanonewspaper.com\\\/es\\\/wp-content\\\/uploads\\\/2024\\\/02\\\/Crystal-Quintana-250x250.jpg\",\"url\":\"https:\\\/\\\/www.americanonewspaper.com\\\/es\\\/wp-content\\\/uploads\\\/2024\\\/02\\\/Crystal-Quintana-250x250.jpg\",\"contentUrl\":\"https:\\\/\\\/www.americanonewspaper.com\\\/es\\\/wp-content\\\/uploads\\\/2024\\\/02\\\/Crystal-Quintana-250x250.jpg\",\"caption\":\"Maria Quintana\"},\"url\":\"https:\\\/\\\/www.americanonewspaper.com\\\/es\\\/author\\\/crystal\\\/\"}]}<\/script>\n<!-- \/ Yoast SEO Premium plugin. -->","yoast_head_json":{"title":"Lorenzo lamenta la falta de gol de Colombia - Americano Newspaper","description":"El seleccionador de Colombia, N\u00e9stor Lorenzo, lament\u00f3 este martes la falta de eficacia de su equipo tras la derrota ante Suiza en la tanda de penaltis y afirm\u00f3 que el conjunto colombiano mereci\u00f3 algo m\u00e1s durante los 90 minutos reglamentarios","robots":{"index":"index","follow":"follow","max-snippet":"max-snippet:-1","max-image-preview":"max-image-preview:large","max-video-preview":"max-video-preview:-1"},"canonical":"https:\/\/www.americanonewspaper.com\/es\/fifa\/lorenzo-lamenta-la-falta-de-gol-de-colombia-tras-caer-ante-suiza-en-los-penaltis\/","og_locale":"en_US","og_type":"article","og_title":"Lorenzo lamenta la falta de gol de Colombia","og_description":"El seleccionador de Colombia, N\u00e9stor Lorenzo, lament\u00f3 este martes la falta de eficacia de su equipo tras la derrota ante Suiza en la tanda de penaltis y afirm\u00f3 que el conjunto colombiano mereci\u00f3 algo m\u00e1s durante los 90 minutos reglamentarios","og_url":"https:\/\/www.americanonewspaper.com\/es\/fifa\/lorenzo-lamenta-la-falta-de-gol-de-colombia-tras-caer-ante-suiza-en-los-penaltis\/","og_site_name":"Americano Newspaper","article_publisher":"https:\/\/www.facebook.com\/AmericanoNewspaper\/","article_published_time":"2026-07-08T05:21:05+00:00","article_modified_time":"2026-07-08T05:27:03+00:00","og_image":[{"width":557,"height":257,"url":"https:\/\/www.americanonewspaper.com\/es\/wp-content\/uploads\/2026\/07\/cd0a667d754ad3049bc40eae6e03049219742e36-e1783488398618.jpg","type":"image\/jpeg"}],"author":"Maria Quintana","twitter_card":"summary_large_image","twitter_misc":{"Written by":"Maria Quintana","Est. reading time":"3 minutes"},"schema":{"@context":"https:\/\/schema.org","@graph":[{"@type":"Article","@id":"https:\/\/www.americanonewspaper.com\/es\/fifa\/lorenzo-lamenta-la-falta-de-gol-de-colombia-tras-caer-ante-suiza-en-los-penaltis\/#article","isPartOf":{"@id":"https:\/\/www.americanonewspaper.com\/es\/fifa\/lorenzo-lamenta-la-falta-de-gol-de-colombia-tras-caer-ante-suiza-en-los-penaltis\/"},"author":{"name":"Maria Quintana","@id":"https:\/\/www.americanonewspaper.com\/es\/#\/schema\/person\/ff0825ff964ec074668f1d9571f5232d"},"headline":"Lorenzo lamenta la falta de gol de Colombia","datePublished":"2026-07-08T05:21:05+00:00","dateModified":"2026-07-08T05:27:03+00:00","mainEntityOfPage":{"@id":"https:\/\/www.americanonewspaper.com\/es\/fifa\/lorenzo-lamenta-la-falta-de-gol-de-colombia-tras-caer-ante-suiza-en-los-penaltis\/"},"wordCount":435,"commentCount":0,"publisher":{"@id":"https:\/\/www.americanonewspaper.com\/es\/#organization"},"image":{"@id":"https:\/\/www.americanonewspaper.com\/es\/fifa\/lorenzo-lamenta-la-falta-de-gol-de-colombia-tras-caer-ante-suiza-en-los-penaltis\/#primaryimage"},"thumbnailUrl":"https:\/\/www.americanonewspaper.com\/es\/wp-content\/uploads\/2026\/07\/cd0a667d754ad3049bc40eae6e03049219742e36-e1783488398618.jpg","articleSection":["Colombia","FIFA","F\u00fatbol Mundial 2026","N\u00e9stor Lorenz","Suiza"],"inLanguage":"en-US","potentialAction":[{"@type":"CommentAction","name":"Comment","target":["https:\/\/www.americanonewspaper.com\/es\/fifa\/lorenzo-lamenta-la-falta-de-gol-de-colombia-tras-caer-ante-suiza-en-los-penaltis\/#respond"]}]},{"@type":"WebPage","@id":"https:\/\/www.americanonewspaper.com\/es\/fifa\/lorenzo-lamenta-la-falta-de-gol-de-colombia-tras-caer-ante-suiza-en-los-penaltis\/","url":"https:\/\/www.americanonewspaper.com\/es\/fifa\/lorenzo-lamenta-la-falta-de-gol-de-colombia-tras-caer-ante-suiza-en-los-penaltis\/","name":"Lorenzo lamenta la falta de gol de Colombia - Americano Newspaper","isPartOf":{"@id":"https:\/\/www.americanonewspaper.com\/es\/#website"},"primaryImageOfPage":{"@id":"https:\/\/www.americanonewspaper.com\/es\/fifa\/lorenzo-lamenta-la-falta-de-gol-de-colombia-tras-caer-ante-suiza-en-los-penaltis\/#primaryimage"},"image":{"@id":"https:\/\/www.americanonewspaper.com\/es\/fifa\/lorenzo-lamenta-la-falta-de-gol-de-colombia-tras-caer-ante-suiza-en-los-penaltis\/#primaryimage"},"thumbnailUrl":"https:\/\/www.americanonewspaper.com\/es\/wp-content\/uploads\/2026\/07\/cd0a667d754ad3049bc40eae6e03049219742e36-e1783488398618.jpg","datePublished":"2026-07-08T05:21:05+00:00","dateModified":"2026-07-08T05:27:03+00:00","description":"El seleccionador de Colombia, N\u00e9stor Lorenzo, lament\u00f3 este martes la falta de eficacia de su equipo tras la derrota ante Suiza en la tanda de penaltis y afirm\u00f3 que el conjunto colombiano mereci\u00f3 algo m\u00e1s durante los 90 minutos reglamentarios","breadcrumb":{"@id":"https:\/\/www.americanonewspaper.com\/es\/fifa\/lorenzo-lamenta-la-falta-de-gol-de-colombia-tras-caer-ante-suiza-en-los-penaltis\/#breadcrumb"},"inLanguage":"en-US","potentialAction":[{"@type":"ReadAction","target":["https:\/\/www.americanonewspaper.com\/es\/fifa\/lorenzo-lamenta-la-falta-de-gol-de-colombia-tras-caer-ante-suiza-en-los-penaltis\/"]}]},{"@type":"ImageObject","inLanguage":"en-US","@id":"https:\/\/www.americanonewspaper.com\/es\/fifa\/lorenzo-lamenta-la-falta-de-gol-de-colombia-tras-caer-ante-suiza-en-los-penaltis\/#primaryimage","url":"https:\/\/www.americanonewspaper.com\/es\/wp-content\/uploads\/2026\/07\/cd0a667d754ad3049bc40eae6e03049219742e36-e1783488398618.jpg","contentUrl":"https:\/\/www.americanonewspaper.com\/es\/wp-content\/uploads\/2026\/07\/cd0a667d754ad3049bc40eae6e03049219742e36-e1783488398618.jpg","width":557,"height":257,"caption":"El entrenador de Colombia, N\u00e9stor Lorenzo, gesticula durante el partido de octavos de final del Mundial 2026 entre Suiza y Colombia en Vancouver (Canad\u00e1). EFE\/BOB FRID"},{"@type":"BreadcrumbList","@id":"https:\/\/www.americanonewspaper.com\/es\/fifa\/lorenzo-lamenta-la-falta-de-gol-de-colombia-tras-caer-ante-suiza-en-los-penaltis\/#breadcrumb","itemListElement":[{"@type":"ListItem","position":1,"name":"Home","item":"https:\/\/www.americanonewspaper.com\/es\/"},{"@type":"ListItem","position":2,"name":"Lorenzo lamenta la falta de gol de Colombia"}]},{"@type":"WebSite","@id":"https:\/\/www.americanonewspaper.com\/es\/#website","url":"https:\/\/www.americanonewspaper.com\/es\/","name":"Americano Newspaper","description":"The Hispanic Newspaper of New Jersey.","publisher":{"@id":"https:\/\/www.americanonewspaper.com\/es\/#organization"},"potentialAction":[{"@type":"SearchAction","target":{"@type":"EntryPoint","urlTemplate":"https:\/\/www.americanonewspaper.com\/es\/?s={search_term_string}"},"query-input":{"@type":"PropertyValueSpecification","valueRequired":true,"valueName":"search_term_string"}}],"inLanguage":"en-US"},{"@type":"Organization","@id":"https:\/\/www.americanonewspaper.com\/es\/#organization","name":"Americano Newspaper","url":"https:\/\/www.americanonewspaper.com\/es\/","logo":{"@type":"ImageObject","inLanguage":"en-US","@id":"https:\/\/www.americanonewspaper.com\/es\/#\/schema\/logo\/image\/","url":"https:\/\/www.americanonewspaper.com\/es\/wp-content\/uploads\/2024\/05\/AmericanoLogoCircle.comCircle2.jpg","contentUrl":"https:\/\/www.americanonewspaper.com\/es\/wp-content\/uploads\/2024\/05\/AmericanoLogoCircle.comCircle2.jpg","width":600,"height":600,"caption":"Americano Newspaper"},"image":{"@id":"https:\/\/www.americanonewspaper.com\/es\/#\/schema\/logo\/image\/"},"sameAs":["https:\/\/www.facebook.com\/AmericanoNewspaper\/"]},{"@type":"Person","@id":"https:\/\/www.americanonewspaper.com\/es\/#\/schema\/person\/ff0825ff964ec074668f1d9571f5232d","name":"Maria Quintana","image":{"@type":"ImageObject","inLanguage":"en-US","@id":"https:\/\/www.americanonewspaper.com\/es\/wp-content\/uploads\/2024\/02\/Crystal-Quintana-250x250.jpg","url":"https:\/\/www.americanonewspaper.com\/es\/wp-content\/uploads\/2024\/02\/Crystal-Quintana-250x250.jpg","contentUrl":"https:\/\/www.americanonewspaper.com\/es\/wp-content\/uploads\/2024\/02\/Crystal-Quintana-250x250.jpg","caption":"Maria Quintana"},"url":"https:\/\/www.americanonewspaper.com\/es\/author\/crystal\/"}]}},"jetpack_publicize_connections":[],"featured_image_urls":{"full":["https:\/\/www.americanonewspaper.com\/es\/wp-content\/uploads\/2026\/07\/cd0a667d754ad3049bc40eae6e03049219742e36-e1783488398618.jpg",557,257,false],"thumbnail":["https:\/\/www.americanonewspaper.com\/es\/wp-content\/uploads\/2026\/07\/cd0a667d754ad3049bc40eae6e03049219742e36-e1783488398618-250x250.jpg",250,250,true],"medium":["https:\/\/www.americanonewspaper.com\/es\/wp-content\/uploads\/2026\/07\/cd0a667d754ad3049bc40eae6e03049219742e36-e1783488398618-300x138.jpg",300,138,true],"medium_large":["https:\/\/www.americanonewspaper.com\/es\/wp-content\/uploads\/2026\/07\/cd0a667d754ad3049bc40eae6e03049219742e36-e1783488398618.jpg",557,257,false],"large":["https:\/\/www.americanonewspaper.com\/es\/wp-content\/uploads\/2026\/07\/cd0a667d754ad3049bc40eae6e03049219742e36-e1783488398618.jpg",557,257,false],"1536x1536":["https:\/\/www.americanonewspaper.com\/es\/wp-content\/uploads\/2026\/07\/cd0a667d754ad3049bc40eae6e03049219742e36-e1783488398618.jpg",557,257,false],"2048x2048":["https:\/\/www.americanonewspaper.com\/es\/wp-content\/uploads\/2026\/07\/cd0a667d754ad3049bc40eae6e03049219742e36-e1783488398618.jpg",557,257,false],"td_150x0":["https:\/\/www.americanonewspaper.com\/es\/wp-content\/uploads\/2026\/07\/cd0a667d754ad3049bc40eae6e03049219742e36-e1783488398618-150x69.jpg",150,69,true],"td_218x150":["https:\/\/www.americanonewspaper.com\/es\/wp-content\/uploads\/2026\/07\/cd0a667d754ad3049bc40eae6e03049219742e36-e1783488398618-218x150.jpg",218,150,true],"td_300x0":["https:\/\/www.americanonewspaper.com\/es\/wp-content\/uploads\/2026\/07\/cd0a667d754ad3049bc40eae6e03049219742e36-e1783488398618-300x138.jpg",300,138,true],"td_324x400":["https:\/\/www.americanonewspaper.com\/es\/wp-content\/uploads\/2026\/07\/cd0a667d754ad3049bc40eae6e03049219742e36-e1783488398618-324x257.jpg",324,257,true],"td_485x360":["https:\/\/www.americanonewspaper.com\/es\/wp-content\/uploads\/2026\/07\/cd0a667d754ad3049bc40eae6e03049219742e36-e1783488398618-485x257.jpg",485,257,true],"td_696x0":["https:\/\/www.americanonewspaper.com\/es\/wp-content\/uploads\/2026\/07\/cd0a667d754ad3049bc40eae6e03049219742e36-e1783488398618.jpg",557,257,false],"td_1068x0":["https:\/\/www.americanonewspaper.com\/es\/wp-content\/uploads\/2026\/07\/cd0a667d754ad3049bc40eae6e03049219742e36-e1783488398618.jpg",557,257,false],"td_1920x0":["https:\/\/www.americanonewspaper.com\/es\/wp-content\/uploads\/2026\/07\/cd0a667d754ad3049bc40eae6e03049219742e36-e1783488398618.jpg",557,257,false],"bdpp-medium":["https:\/\/www.americanonewspaper.com\/es\/wp-content\/uploads\/2026\/07\/cd0a667d754ad3049bc40eae6e03049219742e36-e1783488398618.jpg",557,257,false]},"author_info":{"display_name":"Maria Quintana","author_link":"https:\/\/www.americanonewspaper.com\/es\/author\/crystal\/"},"category_info":"<a href=\"https:\/\/www.americanonewspaper.com\/es\/category\/colombia\/\" rel=\"category tag\">Colombia<\/a> <a href=\"https:\/\/www.americanonewspaper.com\/es\/category\/fifa\/\" rel=\"category tag\">FIFA<\/a> <a href=\"https:\/\/www.americanonewspaper.com\/es\/category\/futbol-mundial-2026\/\" rel=\"category tag\">F\u00fatbol Mundial 2026<\/a> <a href=\"https:\/\/www.americanonewspaper.com\/es\/category\/nestor-lorenz\/\" rel=\"category tag\">N\u00e9stor Lorenz<\/a> <a href=\"https:\/\/www.americanonewspaper.com\/es\/category\/europa\/suiza\/\" rel=\"category tag\">Suiza<\/a>","tag_info":"Suiza","comment_count":"0","jetpack_sharing_enabled":true,"jetpack_likes_enabled":true,"jetpack_featured_media_url":"https:\/\/www.americanonewspaper.com\/es\/wp-content\/uploads\/2026\/07\/cd0a667d754ad3049bc40eae6e03049219742e36-e1783488398618.jpg","_links":{"self":[{"href":"https:\/\/www.americanonewspaper.com\/es\/wp-json\/wp\/v2\/posts\/32983","targetHints":{"allow":["GET"]}}],"collection":[{"href":"https:\/\/www.americanonewspaper.com\/es\/wp-json\/wp\/v2\/posts"}],"about":[{"href":"https:\/\/www.americanonewspaper.com\/es\/wp-json\/wp\/v2\/types\/post"}],"author":[{"embeddable":true,"href":"https:\/\/www.americanonewspaper.com\/es\/wp-json\/wp\/v2\/users\/12"}],"replies":[{"embeddable":true,"href":"https:\/\/www.americanonewspaper.com\/es\/wp-json\/wp\/v2\/comments?post=32983"}],"version-history":[{"count":2,"href":"https:\/\/www.americanonewspaper.com\/es\/wp-json\/wp\/v2\/posts\/32983\/revisions"}],"predecessor-version":[{"id":32987,"href":"https:\/\/www.americanonewspaper.com\/es\/wp-json\/wp\/v2\/posts\/32983\/revisions\/32987"}],"wp:featuredmedia":[{"embeddable":true,"href":"https:\/\/www.americanonewspaper.com\/es\/wp-json\/wp\/v2\/media\/32984"}],"wp:attachment":[{"href":"https:\/\/www.americanonewspaper.com\/es\/wp-json\/wp\/v2\/media?parent=32983"}],"wp:term":[{"taxonomy":"category","embeddable":true,"href":"https:\/\/www.americanonewspaper.com\/es\/wp-json\/wp\/v2\/categories?post=32983"},{"taxonomy":"post_tag","embeddable":true,"href":"https:\/\/www.americanonewspaper.com\/es\/wp-json\/wp\/v2\/tags?post=32983"}],"curies":[{"name":"wp","href":"https:\/\/api.w.org\/{rel}","templated":true}]}}