{"id":32463,"date":"2026-06-06T11:06:12","date_gmt":"2026-06-06T15:06:12","guid":{"rendered":"https:\/\/www.americanonewspaper.com\/es\/?p=32463"},"modified":"2026-06-06T11:06:17","modified_gmt":"2026-06-06T15:06:17","slug":"portugal-y-colombia-en-grupo-k-del-mundial","status":"publish","type":"post","link":"https:\/\/www.americanonewspaper.com\/es\/fifa\/portugal-y-colombia-en-grupo-k-del-mundial\/","title":{"rendered":"Portugal y Colombia en Grupo K del Mundial"},"content":{"rendered":"\n<p class=\"wp-block-paragraph\">Redacci\u00f3n deportes, 6 jun (EFE).- Por Mar\u00eda Jos\u00e9 Rey<\/p>\n\n\n\n<p class=\"dropcapp3 wp-block-paragraph\">La condici\u00f3n de favorita del Grupo K en el Mundial 2026 la concentra la selecci\u00f3n de Portugal pero, al acecho del primer puesto, llega una ambiciosa formaci\u00f3n de Colombia y, con la expectativa alta de dar sorpresas, dos pa\u00edses que prometen jugar sin complejos, la debutante Uzbekist\u00e1n y Rep\u00fablica Democr\u00e1tica del Congo.<\/p>\n\n\n\n<figure class=\"wp-block-image size-full\"><a href=\"https:\/\/ggllawyers.com\/es\/new-jersey-personal-injury-and-workers-compensation-lawyer\/\" target=\"_blank\" rel=\" noreferrer noopener\"><img fetchpriority=\"high\" decoding=\"async\" width=\"560\" height=\"269\" src=\"https:\/\/www.americanonewspaper.com\/es\/wp-content\/uploads\/2026\/06\/GGlSpanish.jpg\" alt=\"Abogados de Accidemtes\" class=\"wp-image-32397\" srcset=\"https:\/\/www.americanonewspaper.com\/es\/wp-content\/uploads\/2026\/06\/GGlSpanish.jpg 560w, https:\/\/www.americanonewspaper.com\/es\/wp-content\/uploads\/2026\/06\/GGlSpanish-300x144.jpg 300w, https:\/\/www.americanonewspaper.com\/es\/wp-content\/uploads\/2026\/06\/GGlSpanish-150x72.jpg 150w\" sizes=\"(max-width: 560px) 100vw, 560px\" \/><\/a><figcaption class=\"wp-element-caption\">Abogados de Accidemtes<\/figcaption><\/figure>\n\n\n\n<p class=\"wp-block-paragraph\">M\u00e1s all\u00e1 de los partidos, las c\u00e1maras y las luces parecen dirigirse en bloque al astro portugu\u00e9s Cristiano Ronaldo, quien a sus 41 a\u00f1os se apresta a jugar el sexto y \u00faltimo Mundial de su carrera y el deseo ferviente de ser campe\u00f3n, como ya le ocurriera en 2022 al argentino Lionel Messi, su gran rival en las canchas y en las estad\u00edsticas.<\/p>\n\n\n\n<figure class=\"wp-block-image size-full\"><img decoding=\"async\" width=\"560\" height=\"373\" src=\"https:\/\/www.americanonewspaper.com\/es\/wp-content\/uploads\/2026\/06\/Luis-suarezc.jpeg\" alt=\"\" class=\"wp-image-32465\" srcset=\"https:\/\/www.americanonewspaper.com\/es\/wp-content\/uploads\/2026\/06\/Luis-suarezc.jpeg 560w, https:\/\/www.americanonewspaper.com\/es\/wp-content\/uploads\/2026\/06\/Luis-suarezc-300x200.jpeg 300w, https:\/\/www.americanonewspaper.com\/es\/wp-content\/uploads\/2026\/06\/Luis-suarezc-150x100.jpeg 150w\" sizes=\"(max-width: 560px) 100vw, 560px\" \/><figcaption class=\"wp-element-caption\">El colombiano Luis Su\u00e1rez, durante el partido amistoso disputado el 1 de junio por su selecci\u00f3n contra Costa Rica. EFE\/ Mauricio Due\u00f1as Casta\u00f1eda<\/figcaption><\/figure>\n\n\n\n<p class=\"wp-block-paragraph\">CR7 har\u00e1 historia al entrar en el top diez de jugadores m\u00e1s veteranos en disputar una Copa del Mundo, un privilegio casi reservado para guardametas, quienes dominan la lista con ocho lugares.<\/p>\n\n\n\n<figure class=\"wp-block-image size-full\"><a href=\"https:\/\/www.linkedin.com\/in\/jaimeberrios\/\" target=\"_blank\" rel=\" noreferrer noopener\"><img decoding=\"async\" width=\"560\" height=\"257\" src=\"https:\/\/www.americanonewspaper.com\/es\/wp-content\/uploads\/2026\/06\/Jaime-copy-2.jpg\" alt=\"\" class=\"wp-image-32398\" srcset=\"https:\/\/www.americanonewspaper.com\/es\/wp-content\/uploads\/2026\/06\/Jaime-copy-2.jpg 560w, https:\/\/www.americanonewspaper.com\/es\/wp-content\/uploads\/2026\/06\/Jaime-copy-2-300x138.jpg 300w, https:\/\/www.americanonewspaper.com\/es\/wp-content\/uploads\/2026\/06\/Jaime-copy-2-150x69.jpg 150w\" sizes=\"(max-width: 560px) 100vw, 560px\" \/><\/a><\/figure>\n\n\n\n<p class=\"wp-block-paragraph\">Las excepciones son el delantero argentino \u00c1ngel Labruna que, con 38 a\u00f1os, jug\u00f3 en Suecia 1958 y el camerun\u00e9s Roger Milla, que volvi\u00f3 del retiro a los 43 a\u00f1os para jugar en Estados Unidos 1994.<\/p>\n\n\n\n<p class=\"wp-block-paragraph\">Cristiano quedar\u00e1 ubicado como el cuarto con mayor edad y desplazar\u00e1 al guardameta irland\u00e9s Pat Jennings, que jug\u00f3 con 41 a\u00f1os exactos su \u00faltimo partido de un Mundial en M\u00e9xico 1986.<\/p>\n\n\n\n<figure class=\"wp-block-image size-full\"><a href=\"https:\/\/nj.gov\/health\/documents\/parkinsons-flyer-spanish.pdf\" target=\"_blank\" rel=\" noreferrer noopener\"><img loading=\"lazy\" decoding=\"async\" width=\"560\" height=\"350\" src=\"https:\/\/www.americanonewspaper.com\/es\/wp-content\/uploads\/2026\/06\/DOH-Spanish-banner.jpg\" alt=\"\" class=\"wp-image-32399\" srcset=\"https:\/\/www.americanonewspaper.com\/es\/wp-content\/uploads\/2026\/06\/DOH-Spanish-banner.jpg 560w, https:\/\/www.americanonewspaper.com\/es\/wp-content\/uploads\/2026\/06\/DOH-Spanish-banner-300x188.jpg 300w, https:\/\/www.americanonewspaper.com\/es\/wp-content\/uploads\/2026\/06\/DOH-Spanish-banner-150x94.jpg 150w\" sizes=\"(max-width: 560px) 100vw, 560px\" \/><\/a><\/figure>\n\n\n\n<p class=\"wp-block-paragraph\">El duelo estelar entre Portugal y Colombia ser\u00e1 el \u00faltimo de la tercera fecha, en el Hard Rock Stadium de Miami, y podr\u00eda ser el que defina el primer lugar en esa zona, que se cruzar\u00eda en los dieciseisavos de final frente a un tercer clasificado de otro grupo, te\u00f3ricamente un partido m\u00e1s accesible.<\/p>\n\n\n\n<p class=\"wp-block-paragraph\">Portugal no s\u00f3lo es el favorito del grupo, sino que se proyecta como un candidato al t\u00edtulo, tras alcanzar los cuartos de final en Catar 2022.<\/p>\n\n\n\n<figure class=\"wp-block-image size-full\"><a href=\"https:\/\/ramospodiatry.com\/\" target=\"_blank\" rel=\" noreferrer noopener\"><img loading=\"lazy\" decoding=\"async\" width=\"560\" height=\"257\" src=\"https:\/\/www.americanonewspaper.com\/es\/wp-content\/uploads\/2026\/06\/Ramos-Spanish560.jpg\" alt=\"\" class=\"wp-image-32418\" srcset=\"https:\/\/www.americanonewspaper.com\/es\/wp-content\/uploads\/2026\/06\/Ramos-Spanish560.jpg 560w, https:\/\/www.americanonewspaper.com\/es\/wp-content\/uploads\/2026\/06\/Ramos-Spanish560-300x138.jpg 300w, https:\/\/www.americanonewspaper.com\/es\/wp-content\/uploads\/2026\/06\/Ramos-Spanish560-150x69.jpg 150w\" sizes=\"(max-width: 560px) 100vw, 560px\" \/><\/a><\/figure>\n\n\n\n<p class=\"wp-block-paragraph\">El plantel dirigido por el espa\u00f1ol Roberto Mart\u00ednez es una mezcla de experiencia con una generaci\u00f3n de jugadores estelares como Bruno Fernandes, del Manchester United, y Vitor Machado &#8216;Vitinha&#8217;, del PSG.<\/p>\n\n\n\n<p class=\"wp-block-paragraph\">Colombia se percibe como el segundo clasificado de este grupo, gracias a un rendimiento consolidado que los dej\u00f3 terceros en las eliminatorias sudamericanas del Mundial tras haber alcanzado la final de la Copa Am\u00e9rica en 2024 -en la que cayeron ante Argentina-.<\/p>\n\n\n\n<figure class=\"wp-block-image size-full\"><a href=\"https:\/\/www.manuelbatistalaw.com\/\" target=\"_blank\" rel=\" noreferrer noopener\"><img loading=\"lazy\" decoding=\"async\" width=\"560\" height=\"257\" src=\"https:\/\/www.americanonewspaper.com\/es\/wp-content\/uploads\/2026\/06\/ManuelBatistaSpanish.jpg\" alt=\"\" class=\"wp-image-32419\" srcset=\"https:\/\/www.americanonewspaper.com\/es\/wp-content\/uploads\/2026\/06\/ManuelBatistaSpanish.jpg 560w, https:\/\/www.americanonewspaper.com\/es\/wp-content\/uploads\/2026\/06\/ManuelBatistaSpanish-300x138.jpg 300w, https:\/\/www.americanonewspaper.com\/es\/wp-content\/uploads\/2026\/06\/ManuelBatistaSpanish-150x69.jpg 150w\" sizes=\"(max-width: 560px) 100vw, 560px\" \/><\/a><\/figure>\n\n\n\n<p class=\"wp-block-paragraph\">Los pupilos del argentino N\u00e9stor Lorenzo tienen una l\u00ednea de ataque potente con dos de los futbolistas del momento: Luis D\u00edaz, del Bayern M\u00fanich, y Luis Su\u00e1rez, goleador en Portugal con el Sporting de Lisboa.<\/p>\n\n\n\n<p class=\"wp-block-paragraph\">Rep\u00fablica Democr\u00e1tica del Congo dio la campanada en el repechaje intercontinental con Jamaica. En 2026 vuelve al Mundial luego de 52 a\u00f1os tras debutar como Zaire en Alemania 1974.<\/p>\n\n\n\n<figure class=\"wp-block-image size-full\"><a href=\"https:\/\/inthepinkroom.com?utm_source=americanonewspaper&amp;utm_medium=referral&amp;utm_campaign=general\" target=\"_blank\" rel=\" noreferrer noopener\"><img loading=\"lazy\" decoding=\"async\" width=\"560\" height=\"300\" src=\"https:\/\/www.americanonewspaper.com\/es\/wp-content\/uploads\/2026\/06\/PinkRoomNewMay.jpeg\" alt=\"\" class=\"wp-image-32420\" srcset=\"https:\/\/www.americanonewspaper.com\/es\/wp-content\/uploads\/2026\/06\/PinkRoomNewMay.jpeg 560w, https:\/\/www.americanonewspaper.com\/es\/wp-content\/uploads\/2026\/06\/PinkRoomNewMay-300x161.jpeg 300w, https:\/\/www.americanonewspaper.com\/es\/wp-content\/uploads\/2026\/06\/PinkRoomNewMay-150x80.jpeg 150w\" sizes=\"(max-width: 560px) 100vw, 560px\" \/><\/a><\/figure>\n\n\n\n<p class=\"wp-block-paragraph\">Se apoya en el talento individual de figuras establecidas en la elite de Europa, como C\u00e9dric Bakambu, del Betis espa\u00f1ol, o Wan-Bissaka, del West Ham ingl\u00e9s.<\/p>\n\n\n\n<p class=\"wp-block-paragraph\">Uzbekist\u00e1n es la inc\u00f3gnita del grupo, aunque se clasific\u00f3 como una de la revelaciones de las eliminatorias asi\u00e1ticas.<\/p>\n\n\n\n<p class=\"wp-block-paragraph\">Depender\u00e1 de su labor grupal, aunque tiene algunos referentes como Abdukodir Khusanov, del Manchester City ingl\u00e9s, o Eldor Shomurodov, del Estambul Ba\u015fak\u015fehir turco. EFE<\/p>\n\n\n\n<figure class=\"wp-block-image size-full\"><a href=\"https:\/\/tayakan.com\/\" target=\"_blank\" rel=\" noreferrer noopener\"><img loading=\"lazy\" decoding=\"async\" width=\"560\" height=\"165\" src=\"https:\/\/www.americanonewspaper.com\/es\/wp-content\/uploads\/2026\/06\/Tayakanlogo560.jpg\" alt=\"\" class=\"wp-image-32421\" srcset=\"https:\/\/www.americanonewspaper.com\/es\/wp-content\/uploads\/2026\/06\/Tayakanlogo560.jpg 560w, https:\/\/www.americanonewspaper.com\/es\/wp-content\/uploads\/2026\/06\/Tayakanlogo560-300x88.jpg 300w, https:\/\/www.americanonewspaper.com\/es\/wp-content\/uploads\/2026\/06\/Tayakanlogo560-150x44.jpg 150w\" sizes=\"(max-width: 560px) 100vw, 560px\" \/><\/a><\/figure>\n\n\n\n<p class=\"wp-block-paragraph\"><\/p>\n","protected":false},"excerpt":{"rendered":"<p>Redacci\u00f3n deportes, 6 jun (EFE).- Por Mar\u00eda Jos\u00e9 Rey La condici\u00f3n de favorita del Grupo K en el Mundial 2026 la concentra la selecci\u00f3n de Portugal pero, al acecho del primer puesto, llega una ambiciosa formaci\u00f3n de Colombia y, con la expectativa alta de dar sorpresas, dos pa\u00edses que prometen jugar sin complejos, la debutante [&hellip;]<\/p>\n","protected":false},"author":7,"featured_media":32464,"comment_status":"open","ping_status":"open","sticky":false,"template":"","format":"standard","meta":{"_acf_changed":false,"tdm_status":"","tdm_grid_status":"","_jetpack_newsletter_access":"","_jetpack_dont_email_post_to_subs":false,"_jetpack_newsletter_tier_id":0,"_jetpack_memberships_contains_paywalled_content":false,"_jetpack_feature_clip_id":0,"_jetpack_memberships_contains_paid_content":false,"footnotes":"","jetpack_publicize_message":"","jetpack_publicize_feature_enabled":true,"jetpack_social_post_already_shared":false,"jetpack_social_options":{"image_generator_settings":{"template":"highway","default_image_id":0,"font":"","enabled":false,"token":"eyJpbWciOiJodHRwczpcL1wvd3d3LmFtZXJpY2Fub25ld3NwYXBlci5jb21cL2VzXC93cC1jb250ZW50XC91cGxvYWRzXC8yMDI2XC8wNlwvUm9ubnkuanBlZyIsInR4dCI6IlBvcnR1Z2FsIHkgQ29sb21iaWEgZW4gR3J1cG8gSyBkZWwgTXVuZGlhbCIsInRlbXBsYXRlIjoiaGlnaHdheSIsImZvbnQiOiIiLCJibG9nX2lkIjoyMjg2MTk1NzR9.ctTV_gQHz9c3vPY8ShgYvjyI-u9IiFGbrS0I0wnBdSIMQ"},"version":2,"media_source":"featured-image","attached_media":[{"id":32464,"url":"https:\/\/www.americanonewspaper.com\/es\/wp-content\/uploads\/2026\/06\/Ronny.jpeg","type":"image\/jpeg"}]},"_wpas_customize_per_network":false,"jetpack_post_was_ever_published":false,"_members_access_role":[],"_members_access_error":""},"categories":[1132,128,1460,175,528,270,315],"tags":[],"class_list":["post-32463","post","type-post","status-publish","format-standard","has-post-thumbnail","category-canada-2","category-colombia","category-copa-mundial-de-futbol","category-fifa","category-mexico-2","category-portugal","category-usa"],"acf":[],"yoast_head":"<!-- This site is optimized with the Yoast SEO Premium plugin v28.3 (Yoast SEO v28.3) - https:\/\/yoast.com\/product\/yoast-seo-premium-wordpress\/ -->\n<title>Portugal y Colombia en Grupo K del Mundial - Americano Newspaper<\/title>\n<meta name=\"description\" content=\"La condici\u00f3n de favorita del Grupo K en el Mundial 2026 la concentra la selecci\u00f3n de Portugal pero, al acecho del primer puesto, llega una ambiciosa formaci\u00f3n de Colombia y, con la expectativa alta de dar sorpresas, dos pa\u00edses que prometen jugar sin complejos, la debutante Uzbekist\u00e1n y Rep\u00fablica Democr\u00e1tica del Congo.\" \/>\n<meta name=\"robots\" content=\"index, follow, max-snippet:-1, max-image-preview:large, max-video-preview:-1\" \/>\n<link rel=\"canonical\" href=\"https:\/\/www.americanonewspaper.com\/es\/fifa\/portugal-y-colombia-en-grupo-k-del-mundial\/\" \/>\n<meta property=\"og:locale\" content=\"en_US\" \/>\n<meta property=\"og:type\" content=\"article\" \/>\n<meta property=\"og:title\" content=\"Portugal y Colombia en Grupo K del Mundial\" \/>\n<meta property=\"og:description\" content=\"La condici\u00f3n de favorita del Grupo K en el Mundial 2026 la concentra la selecci\u00f3n de Portugal pero, al acecho del primer puesto, llega una ambiciosa formaci\u00f3n de Colombia y, con la expectativa alta de dar sorpresas, dos pa\u00edses que prometen jugar sin complejos, la debutante Uzbekist\u00e1n y Rep\u00fablica Democr\u00e1tica del Congo.\" \/>\n<meta property=\"og:url\" content=\"https:\/\/www.americanonewspaper.com\/es\/fifa\/portugal-y-colombia-en-grupo-k-del-mundial\/\" \/>\n<meta property=\"og:site_name\" content=\"Americano Newspaper\" \/>\n<meta property=\"article:publisher\" content=\"https:\/\/www.facebook.com\/AmericanoNewspaper\/\" \/>\n<meta property=\"article:published_time\" content=\"2026-06-06T15:06:12+00:00\" \/>\n<meta property=\"article:modified_time\" content=\"2026-06-06T15:06:17+00:00\" \/>\n<meta property=\"og:image\" content=\"https:\/\/www.americanonewspaper.com\/es\/wp-content\/uploads\/2026\/06\/Ronny.jpeg\" \/>\n\t<meta property=\"og:image:width\" content=\"560\" \/>\n\t<meta property=\"og:image:height\" content=\"373\" \/>\n\t<meta property=\"og:image:type\" content=\"image\/jpeg\" \/>\n<meta name=\"author\" content=\"Author\" \/>\n<meta name=\"twitter:card\" content=\"summary_large_image\" \/>\n<meta name=\"twitter:label1\" content=\"Written by\" \/>\n\t<meta name=\"twitter:data1\" content=\"Author\" \/>\n\t<meta name=\"twitter:label2\" content=\"Est. reading time\" \/>\n\t<meta name=\"twitter:data2\" content=\"5 minutes\" \/>\n<script type=\"application\/ld+json\" class=\"yoast-schema-graph\">{\"@context\":\"https:\\\/\\\/schema.org\",\"@graph\":[{\"@type\":\"Article\",\"@id\":\"https:\\\/\\\/www.americanonewspaper.com\\\/es\\\/fifa\\\/portugal-y-colombia-en-grupo-k-del-mundial\\\/#article\",\"isPartOf\":{\"@id\":\"https:\\\/\\\/www.americanonewspaper.com\\\/es\\\/fifa\\\/portugal-y-colombia-en-grupo-k-del-mundial\\\/\"},\"author\":{\"name\":\"Author\",\"@id\":\"https:\\\/\\\/www.americanonewspaper.com\\\/es\\\/#\\\/schema\\\/person\\\/8967f6b8af7e37bcbbe61f68580ff088\"},\"headline\":\"Portugal y Colombia en Grupo K del Mundial\",\"datePublished\":\"2026-06-06T15:06:12+00:00\",\"dateModified\":\"2026-06-06T15:06:17+00:00\",\"mainEntityOfPage\":{\"@id\":\"https:\\\/\\\/www.americanonewspaper.com\\\/es\\\/fifa\\\/portugal-y-colombia-en-grupo-k-del-mundial\\\/\"},\"wordCount\":579,\"commentCount\":0,\"publisher\":{\"@id\":\"https:\\\/\\\/www.americanonewspaper.com\\\/es\\\/#organization\"},\"image\":{\"@id\":\"https:\\\/\\\/www.americanonewspaper.com\\\/es\\\/fifa\\\/portugal-y-colombia-en-grupo-k-del-mundial\\\/#primaryimage\"},\"thumbnailUrl\":\"https:\\\/\\\/www.americanonewspaper.com\\\/es\\\/wp-content\\\/uploads\\\/2026\\\/06\\\/Ronny.jpeg\",\"articleSection\":[\"Canad\u00e1\",\"Colombia\",\"Copa Mundial de F\u00fatbol\",\"FIFA\",\"M\u00e9xico\",\"Portugal\",\"USA\"],\"inLanguage\":\"en-US\",\"potentialAction\":[{\"@type\":\"CommentAction\",\"name\":\"Comment\",\"target\":[\"https:\\\/\\\/www.americanonewspaper.com\\\/es\\\/fifa\\\/portugal-y-colombia-en-grupo-k-del-mundial\\\/#respond\"]}]},{\"@type\":\"WebPage\",\"@id\":\"https:\\\/\\\/www.americanonewspaper.com\\\/es\\\/fifa\\\/portugal-y-colombia-en-grupo-k-del-mundial\\\/\",\"url\":\"https:\\\/\\\/www.americanonewspaper.com\\\/es\\\/fifa\\\/portugal-y-colombia-en-grupo-k-del-mundial\\\/\",\"name\":\"Portugal y Colombia en Grupo K del Mundial - Americano Newspaper\",\"isPartOf\":{\"@id\":\"https:\\\/\\\/www.americanonewspaper.com\\\/es\\\/#website\"},\"primaryImageOfPage\":{\"@id\":\"https:\\\/\\\/www.americanonewspaper.com\\\/es\\\/fifa\\\/portugal-y-colombia-en-grupo-k-del-mundial\\\/#primaryimage\"},\"image\":{\"@id\":\"https:\\\/\\\/www.americanonewspaper.com\\\/es\\\/fifa\\\/portugal-y-colombia-en-grupo-k-del-mundial\\\/#primaryimage\"},\"thumbnailUrl\":\"https:\\\/\\\/www.americanonewspaper.com\\\/es\\\/wp-content\\\/uploads\\\/2026\\\/06\\\/Ronny.jpeg\",\"datePublished\":\"2026-06-06T15:06:12+00:00\",\"dateModified\":\"2026-06-06T15:06:17+00:00\",\"description\":\"La condici\u00f3n de favorita del Grupo K en el Mundial 2026 la concentra la selecci\u00f3n de Portugal pero, al acecho del primer puesto, llega una ambiciosa formaci\u00f3n de Colombia y, con la expectativa alta de dar sorpresas, dos pa\u00edses que prometen jugar sin complejos, la debutante Uzbekist\u00e1n y Rep\u00fablica Democr\u00e1tica del Congo.\",\"breadcrumb\":{\"@id\":\"https:\\\/\\\/www.americanonewspaper.com\\\/es\\\/fifa\\\/portugal-y-colombia-en-grupo-k-del-mundial\\\/#breadcrumb\"},\"inLanguage\":\"en-US\",\"potentialAction\":[{\"@type\":\"ReadAction\",\"target\":[\"https:\\\/\\\/www.americanonewspaper.com\\\/es\\\/fifa\\\/portugal-y-colombia-en-grupo-k-del-mundial\\\/\"]}]},{\"@type\":\"ImageObject\",\"inLanguage\":\"en-US\",\"@id\":\"https:\\\/\\\/www.americanonewspaper.com\\\/es\\\/fifa\\\/portugal-y-colombia-en-grupo-k-del-mundial\\\/#primaryimage\",\"url\":\"https:\\\/\\\/www.americanonewspaper.com\\\/es\\\/wp-content\\\/uploads\\\/2026\\\/06\\\/Ronny.jpeg\",\"contentUrl\":\"https:\\\/\\\/www.americanonewspaper.com\\\/es\\\/wp-content\\\/uploads\\\/2026\\\/06\\\/Ronny.jpeg\",\"width\":560,\"height\":373,\"caption\":\"Fotograf\u00eda de Rodrigo Antunes, en la que puede verse en una imagen de archivo del 14 de octubre de 2025 al internacional portugu\u00e9s Cristiano Ronaldo, durante un partido. EFE\"},{\"@type\":\"BreadcrumbList\",\"@id\":\"https:\\\/\\\/www.americanonewspaper.com\\\/es\\\/fifa\\\/portugal-y-colombia-en-grupo-k-del-mundial\\\/#breadcrumb\",\"itemListElement\":[{\"@type\":\"ListItem\",\"position\":1,\"name\":\"Home\",\"item\":\"https:\\\/\\\/www.americanonewspaper.com\\\/es\\\/\"},{\"@type\":\"ListItem\",\"position\":2,\"name\":\"Portugal y Colombia en Grupo K del Mundial\"}]},{\"@type\":\"WebSite\",\"@id\":\"https:\\\/\\\/www.americanonewspaper.com\\\/es\\\/#website\",\"url\":\"https:\\\/\\\/www.americanonewspaper.com\\\/es\\\/\",\"name\":\"Americano Newspaper\",\"description\":\"The Hispanic Newspaper of New Jersey.\",\"publisher\":{\"@id\":\"https:\\\/\\\/www.americanonewspaper.com\\\/es\\\/#organization\"},\"potentialAction\":[{\"@type\":\"SearchAction\",\"target\":{\"@type\":\"EntryPoint\",\"urlTemplate\":\"https:\\\/\\\/www.americanonewspaper.com\\\/es\\\/?s={search_term_string}\"},\"query-input\":{\"@type\":\"PropertyValueSpecification\",\"valueRequired\":true,\"valueName\":\"search_term_string\"}}],\"inLanguage\":\"en-US\"},{\"@type\":\"Organization\",\"@id\":\"https:\\\/\\\/www.americanonewspaper.com\\\/es\\\/#organization\",\"name\":\"Americano Newspaper\",\"url\":\"https:\\\/\\\/www.americanonewspaper.com\\\/es\\\/\",\"logo\":{\"@type\":\"ImageObject\",\"inLanguage\":\"en-US\",\"@id\":\"https:\\\/\\\/www.americanonewspaper.com\\\/es\\\/#\\\/schema\\\/logo\\\/image\\\/\",\"url\":\"https:\\\/\\\/www.americanonewspaper.com\\\/es\\\/wp-content\\\/uploads\\\/2024\\\/05\\\/AmericanoLogoCircle.comCircle2.jpg\",\"contentUrl\":\"https:\\\/\\\/www.americanonewspaper.com\\\/es\\\/wp-content\\\/uploads\\\/2024\\\/05\\\/AmericanoLogoCircle.comCircle2.jpg\",\"width\":600,\"height\":600,\"caption\":\"Americano Newspaper\"},\"image\":{\"@id\":\"https:\\\/\\\/www.americanonewspaper.com\\\/es\\\/#\\\/schema\\\/logo\\\/image\\\/\"},\"sameAs\":[\"https:\\\/\\\/www.facebook.com\\\/AmericanoNewspaper\\\/\"]},{\"@type\":\"Person\",\"@id\":\"https:\\\/\\\/www.americanonewspaper.com\\\/es\\\/#\\\/schema\\\/person\\\/8967f6b8af7e37bcbbe61f68580ff088\",\"name\":\"Author\",\"image\":{\"@type\":\"ImageObject\",\"inLanguage\":\"en-US\",\"@id\":\"https:\\\/\\\/www.americanonewspaper.com\\\/es\\\/wp-content\\\/litespeed\\\/avatar\\\/89ffaf6af3cf6769ffb3c6efb2313947.jpg?ver=1787930627\",\"url\":\"https:\\\/\\\/www.americanonewspaper.com\\\/es\\\/wp-content\\\/litespeed\\\/avatar\\\/89ffaf6af3cf6769ffb3c6efb2313947.jpg?ver=1787930627\",\"contentUrl\":\"https:\\\/\\\/www.americanonewspaper.com\\\/es\\\/wp-content\\\/litespeed\\\/avatar\\\/89ffaf6af3cf6769ffb3c6efb2313947.jpg?ver=1787930627\",\"caption\":\"Author\"},\"url\":\"https:\\\/\\\/www.americanonewspaper.com\\\/es\\\/author\\\/americano\\\/\"}]}<\/script>\n<!-- \/ Yoast SEO Premium plugin. -->","yoast_head_json":{"title":"Portugal y Colombia en Grupo K del Mundial - Americano Newspaper","description":"La condici\u00f3n de favorita del Grupo K en el Mundial 2026 la concentra la selecci\u00f3n de Portugal pero, al acecho del primer puesto, llega una ambiciosa formaci\u00f3n de Colombia y, con la expectativa alta de dar sorpresas, dos pa\u00edses que prometen jugar sin complejos, la debutante Uzbekist\u00e1n y Rep\u00fablica Democr\u00e1tica del Congo.","robots":{"index":"index","follow":"follow","max-snippet":"max-snippet:-1","max-image-preview":"max-image-preview:large","max-video-preview":"max-video-preview:-1"},"canonical":"https:\/\/www.americanonewspaper.com\/es\/fifa\/portugal-y-colombia-en-grupo-k-del-mundial\/","og_locale":"en_US","og_type":"article","og_title":"Portugal y Colombia en Grupo K del Mundial","og_description":"La condici\u00f3n de favorita del Grupo K en el Mundial 2026 la concentra la selecci\u00f3n de Portugal pero, al acecho del primer puesto, llega una ambiciosa formaci\u00f3n de Colombia y, con la expectativa alta de dar sorpresas, dos pa\u00edses que prometen jugar sin complejos, la debutante Uzbekist\u00e1n y Rep\u00fablica Democr\u00e1tica del Congo.","og_url":"https:\/\/www.americanonewspaper.com\/es\/fifa\/portugal-y-colombia-en-grupo-k-del-mundial\/","og_site_name":"Americano Newspaper","article_publisher":"https:\/\/www.facebook.com\/AmericanoNewspaper\/","article_published_time":"2026-06-06T15:06:12+00:00","article_modified_time":"2026-06-06T15:06:17+00:00","og_image":[{"width":560,"height":373,"url":"https:\/\/www.americanonewspaper.com\/es\/wp-content\/uploads\/2026\/06\/Ronny.jpeg","type":"image\/jpeg"}],"author":"Author","twitter_card":"summary_large_image","twitter_misc":{"Written by":"Author","Est. reading time":"5 minutes"},"schema":{"@context":"https:\/\/schema.org","@graph":[{"@type":"Article","@id":"https:\/\/www.americanonewspaper.com\/es\/fifa\/portugal-y-colombia-en-grupo-k-del-mundial\/#article","isPartOf":{"@id":"https:\/\/www.americanonewspaper.com\/es\/fifa\/portugal-y-colombia-en-grupo-k-del-mundial\/"},"author":{"name":"Author","@id":"https:\/\/www.americanonewspaper.com\/es\/#\/schema\/person\/8967f6b8af7e37bcbbe61f68580ff088"},"headline":"Portugal y Colombia en Grupo K del Mundial","datePublished":"2026-06-06T15:06:12+00:00","dateModified":"2026-06-06T15:06:17+00:00","mainEntityOfPage":{"@id":"https:\/\/www.americanonewspaper.com\/es\/fifa\/portugal-y-colombia-en-grupo-k-del-mundial\/"},"wordCount":579,"commentCount":0,"publisher":{"@id":"https:\/\/www.americanonewspaper.com\/es\/#organization"},"image":{"@id":"https:\/\/www.americanonewspaper.com\/es\/fifa\/portugal-y-colombia-en-grupo-k-del-mundial\/#primaryimage"},"thumbnailUrl":"https:\/\/www.americanonewspaper.com\/es\/wp-content\/uploads\/2026\/06\/Ronny.jpeg","articleSection":["Canad\u00e1","Colombia","Copa Mundial de F\u00fatbol","FIFA","M\u00e9xico","Portugal","USA"],"inLanguage":"en-US","potentialAction":[{"@type":"CommentAction","name":"Comment","target":["https:\/\/www.americanonewspaper.com\/es\/fifa\/portugal-y-colombia-en-grupo-k-del-mundial\/#respond"]}]},{"@type":"WebPage","@id":"https:\/\/www.americanonewspaper.com\/es\/fifa\/portugal-y-colombia-en-grupo-k-del-mundial\/","url":"https:\/\/www.americanonewspaper.com\/es\/fifa\/portugal-y-colombia-en-grupo-k-del-mundial\/","name":"Portugal y Colombia en Grupo K del Mundial - Americano Newspaper","isPartOf":{"@id":"https:\/\/www.americanonewspaper.com\/es\/#website"},"primaryImageOfPage":{"@id":"https:\/\/www.americanonewspaper.com\/es\/fifa\/portugal-y-colombia-en-grupo-k-del-mundial\/#primaryimage"},"image":{"@id":"https:\/\/www.americanonewspaper.com\/es\/fifa\/portugal-y-colombia-en-grupo-k-del-mundial\/#primaryimage"},"thumbnailUrl":"https:\/\/www.americanonewspaper.com\/es\/wp-content\/uploads\/2026\/06\/Ronny.jpeg","datePublished":"2026-06-06T15:06:12+00:00","dateModified":"2026-06-06T15:06:17+00:00","description":"La condici\u00f3n de favorita del Grupo K en el Mundial 2026 la concentra la selecci\u00f3n de Portugal pero, al acecho del primer puesto, llega una ambiciosa formaci\u00f3n de Colombia y, con la expectativa alta de dar sorpresas, dos pa\u00edses que prometen jugar sin complejos, la debutante Uzbekist\u00e1n y Rep\u00fablica Democr\u00e1tica del Congo.","breadcrumb":{"@id":"https:\/\/www.americanonewspaper.com\/es\/fifa\/portugal-y-colombia-en-grupo-k-del-mundial\/#breadcrumb"},"inLanguage":"en-US","potentialAction":[{"@type":"ReadAction","target":["https:\/\/www.americanonewspaper.com\/es\/fifa\/portugal-y-colombia-en-grupo-k-del-mundial\/"]}]},{"@type":"ImageObject","inLanguage":"en-US","@id":"https:\/\/www.americanonewspaper.com\/es\/fifa\/portugal-y-colombia-en-grupo-k-del-mundial\/#primaryimage","url":"https:\/\/www.americanonewspaper.com\/es\/wp-content\/uploads\/2026\/06\/Ronny.jpeg","contentUrl":"https:\/\/www.americanonewspaper.com\/es\/wp-content\/uploads\/2026\/06\/Ronny.jpeg","width":560,"height":373,"caption":"Fotograf\u00eda de Rodrigo Antunes, en la que puede verse en una imagen de archivo del 14 de octubre de 2025 al internacional portugu\u00e9s Cristiano Ronaldo, durante un partido. EFE"},{"@type":"BreadcrumbList","@id":"https:\/\/www.americanonewspaper.com\/es\/fifa\/portugal-y-colombia-en-grupo-k-del-mundial\/#breadcrumb","itemListElement":[{"@type":"ListItem","position":1,"name":"Home","item":"https:\/\/www.americanonewspaper.com\/es\/"},{"@type":"ListItem","position":2,"name":"Portugal y Colombia en Grupo K del Mundial"}]},{"@type":"WebSite","@id":"https:\/\/www.americanonewspaper.com\/es\/#website","url":"https:\/\/www.americanonewspaper.com\/es\/","name":"Americano Newspaper","description":"The Hispanic Newspaper of New Jersey.","publisher":{"@id":"https:\/\/www.americanonewspaper.com\/es\/#organization"},"potentialAction":[{"@type":"SearchAction","target":{"@type":"EntryPoint","urlTemplate":"https:\/\/www.americanonewspaper.com\/es\/?s={search_term_string}"},"query-input":{"@type":"PropertyValueSpecification","valueRequired":true,"valueName":"search_term_string"}}],"inLanguage":"en-US"},{"@type":"Organization","@id":"https:\/\/www.americanonewspaper.com\/es\/#organization","name":"Americano Newspaper","url":"https:\/\/www.americanonewspaper.com\/es\/","logo":{"@type":"ImageObject","inLanguage":"en-US","@id":"https:\/\/www.americanonewspaper.com\/es\/#\/schema\/logo\/image\/","url":"https:\/\/www.americanonewspaper.com\/es\/wp-content\/uploads\/2024\/05\/AmericanoLogoCircle.comCircle2.jpg","contentUrl":"https:\/\/www.americanonewspaper.com\/es\/wp-content\/uploads\/2024\/05\/AmericanoLogoCircle.comCircle2.jpg","width":600,"height":600,"caption":"Americano Newspaper"},"image":{"@id":"https:\/\/www.americanonewspaper.com\/es\/#\/schema\/logo\/image\/"},"sameAs":["https:\/\/www.facebook.com\/AmericanoNewspaper\/"]},{"@type":"Person","@id":"https:\/\/www.americanonewspaper.com\/es\/#\/schema\/person\/8967f6b8af7e37bcbbe61f68580ff088","name":"Author","image":{"@type":"ImageObject","inLanguage":"en-US","@id":"https:\/\/www.americanonewspaper.com\/es\/wp-content\/litespeed\/avatar\/89ffaf6af3cf6769ffb3c6efb2313947.jpg?ver=1787930627","url":"https:\/\/www.americanonewspaper.com\/es\/wp-content\/litespeed\/avatar\/89ffaf6af3cf6769ffb3c6efb2313947.jpg?ver=1787930627","contentUrl":"https:\/\/www.americanonewspaper.com\/es\/wp-content\/litespeed\/avatar\/89ffaf6af3cf6769ffb3c6efb2313947.jpg?ver=1787930627","caption":"Author"},"url":"https:\/\/www.americanonewspaper.com\/es\/author\/americano\/"}]}},"jetpack_publicize_connections":[],"featured_image_urls":{"full":["https:\/\/www.americanonewspaper.com\/es\/wp-content\/uploads\/2026\/06\/Ronny.jpeg",560,373,false],"thumbnail":["https:\/\/www.americanonewspaper.com\/es\/wp-content\/uploads\/2026\/06\/Ronny-250x250.jpeg",250,250,true],"medium":["https:\/\/www.americanonewspaper.com\/es\/wp-content\/uploads\/2026\/06\/Ronny-300x200.jpeg",300,200,true],"medium_large":["https:\/\/www.americanonewspaper.com\/es\/wp-content\/uploads\/2026\/06\/Ronny.jpeg",560,373,false],"large":["https:\/\/www.americanonewspaper.com\/es\/wp-content\/uploads\/2026\/06\/Ronny.jpeg",560,373,false],"1536x1536":["https:\/\/www.americanonewspaper.com\/es\/wp-content\/uploads\/2026\/06\/Ronny.jpeg",560,373,false],"2048x2048":["https:\/\/www.americanonewspaper.com\/es\/wp-content\/uploads\/2026\/06\/Ronny.jpeg",560,373,false],"td_150x0":["https:\/\/www.americanonewspaper.com\/es\/wp-content\/uploads\/2026\/06\/Ronny-150x100.jpeg",150,100,true],"td_218x150":["https:\/\/www.americanonewspaper.com\/es\/wp-content\/uploads\/2026\/06\/Ronny-218x150.jpeg",218,150,true],"td_300x0":["https:\/\/www.americanonewspaper.com\/es\/wp-content\/uploads\/2026\/06\/Ronny-300x200.jpeg",300,200,true],"td_324x400":["https:\/\/www.americanonewspaper.com\/es\/wp-content\/uploads\/2026\/06\/Ronny-324x373.jpeg",324,373,true],"td_485x360":["https:\/\/www.americanonewspaper.com\/es\/wp-content\/uploads\/2026\/06\/Ronny-485x360.jpeg",485,360,true],"td_696x0":["https:\/\/www.americanonewspaper.com\/es\/wp-content\/uploads\/2026\/06\/Ronny.jpeg",560,373,false],"td_1068x0":["https:\/\/www.americanonewspaper.com\/es\/wp-content\/uploads\/2026\/06\/Ronny.jpeg",560,373,false],"td_1920x0":["https:\/\/www.americanonewspaper.com\/es\/wp-content\/uploads\/2026\/06\/Ronny.jpeg",560,373,false],"bdpp-medium":["https:\/\/www.americanonewspaper.com\/es\/wp-content\/uploads\/2026\/06\/Ronny.jpeg",560,373,false]},"author_info":{"display_name":"Author","author_link":"https:\/\/www.americanonewspaper.com\/es\/author\/americano\/"},"category_info":"<a href=\"https:\/\/www.americanonewspaper.com\/es\/category\/canada-2\/\" rel=\"category tag\">Canad\u00e1<\/a> <a href=\"https:\/\/www.americanonewspaper.com\/es\/category\/colombia\/\" rel=\"category tag\">Colombia<\/a> <a href=\"https:\/\/www.americanonewspaper.com\/es\/category\/copa-mundial-de-futbol\/\" rel=\"category tag\">Copa Mundial de F\u00fatbol<\/a> <a href=\"https:\/\/www.americanonewspaper.com\/es\/category\/fifa\/\" rel=\"category tag\">FIFA<\/a> <a href=\"https:\/\/www.americanonewspaper.com\/es\/category\/mexico-2\/\" rel=\"category tag\">M\u00e9xico<\/a> <a href=\"https:\/\/www.americanonewspaper.com\/es\/category\/portugal\/\" rel=\"category tag\">Portugal<\/a> <a href=\"https:\/\/www.americanonewspaper.com\/es\/category\/usa\/\" rel=\"category tag\">USA<\/a>","tag_info":"USA","comment_count":"0","jetpack_sharing_enabled":true,"jetpack_likes_enabled":true,"jetpack_featured_media_url":"https:\/\/www.americanonewspaper.com\/es\/wp-content\/uploads\/2026\/06\/Ronny.jpeg","_links":{"self":[{"href":"https:\/\/www.americanonewspaper.com\/es\/wp-json\/wp\/v2\/posts\/32463","targetHints":{"allow":["GET"]}}],"collection":[{"href":"https:\/\/www.americanonewspaper.com\/es\/wp-json\/wp\/v2\/posts"}],"about":[{"href":"https:\/\/www.americanonewspaper.com\/es\/wp-json\/wp\/v2\/types\/post"}],"author":[{"embeddable":true,"href":"https:\/\/www.americanonewspaper.com\/es\/wp-json\/wp\/v2\/users\/7"}],"replies":[{"embeddable":true,"href":"https:\/\/www.americanonewspaper.com\/es\/wp-json\/wp\/v2\/comments?post=32463"}],"version-history":[{"count":1,"href":"https:\/\/www.americanonewspaper.com\/es\/wp-json\/wp\/v2\/posts\/32463\/revisions"}],"predecessor-version":[{"id":32466,"href":"https:\/\/www.americanonewspaper.com\/es\/wp-json\/wp\/v2\/posts\/32463\/revisions\/32466"}],"wp:featuredmedia":[{"embeddable":true,"href":"https:\/\/www.americanonewspaper.com\/es\/wp-json\/wp\/v2\/media\/32464"}],"wp:attachment":[{"href":"https:\/\/www.americanonewspaper.com\/es\/wp-json\/wp\/v2\/media?parent=32463"}],"wp:term":[{"taxonomy":"category","embeddable":true,"href":"https:\/\/www.americanonewspaper.com\/es\/wp-json\/wp\/v2\/categories?post=32463"},{"taxonomy":"post_tag","embeddable":true,"href":"https:\/\/www.americanonewspaper.com\/es\/wp-json\/wp\/v2\/tags?post=32463"}],"curies":[{"name":"wp","href":"https:\/\/api.w.org\/{rel}","templated":true}]}}