{"id":32358,"date":"2026-05-30T10:58:47","date_gmt":"2026-05-30T14:58:47","guid":{"rendered":"https:\/\/www.americanonewspaper.com\/es\/?p=32358"},"modified":"2026-05-30T10:58:53","modified_gmt":"2026-05-30T14:58:53","slug":"neymar-estara-en-el-mundial","status":"publish","type":"post","link":"https:\/\/www.americanonewspaper.com\/es\/brasil\/neymar-estara-en-el-mundial\/","title":{"rendered":"Neymar estar\u00e1 en el Mundial."},"content":{"rendered":"\n<p class=\"wp-block-paragraph\">Neymar se est\u00e1 recuperando de sus lesiones<\/p>\n\n\n\n<p class=\"wp-block-paragraph\">Teres\u00f3polis (Brasil), 30 may (EFE).- <\/p>\n\n\n\n<p class=\"dropcapp3 wp-block-paragraph\">El seleccionador de Brasil, Carlo Ancelotti, garantiz\u00f3 este s\u00e1bado la presencia de Neymar en el Mundial 2026 pese a su lesi\u00f3n muscular en el gemelo y subray\u00f3 que el 10 est\u00e1 &#8220;animado&#8221; y &#8220;trabajando muy bien&#8221; para recuperarse lo antes posible.<\/p>\n\n\n\n<figure class=\"wp-block-image size-full\"><a href=\"https:\/\/ggllawyers.com\/es\/new-jersey-personal-injury-and-workers-compensation-lawyer\/\" target=\"_blank\" rel=\" noreferrer noopener\"><img fetchpriority=\"high\" decoding=\"async\" width=\"560\" height=\"269\" src=\"https:\/\/www.americanonewspaper.com\/es\/wp-content\/uploads\/2026\/05\/GGlSpanish-2.jpg\" alt=\"Abogados de accidentes\" class=\"wp-image-32182\" srcset=\"https:\/\/www.americanonewspaper.com\/es\/wp-content\/uploads\/2026\/05\/GGlSpanish-2.jpg 560w, https:\/\/www.americanonewspaper.com\/es\/wp-content\/uploads\/2026\/05\/GGlSpanish-2-300x144.jpg 300w, https:\/\/www.americanonewspaper.com\/es\/wp-content\/uploads\/2026\/05\/GGlSpanish-2-150x72.jpg 150w\" sizes=\"(max-width: 560px) 100vw, 560px\" \/><\/a><figcaption class=\"wp-element-caption\">Abogados de accidentes<\/figcaption><\/figure>\n\n\n\n<p class=\"wp-block-paragraph\">&#8220;Para ser claro, Neymar va a estar con nosotros. Pensamos que se puede recuperar para el primer partido (contra Marruecos), y si no para el segundo (ante Hait\u00ed)&#8221;, afirm\u00f3 el exentrenador del Real Madrid en rueda de prensa, en Teres\u00f3polis, en la v\u00edspera del amistoso contra Panam\u00e1 en el estadio Maracan\u00e1 de R\u00edo de Janeiro.<\/p>\n\n\n\n<p class=\"wp-block-paragraph\">&#8220;No tenemos ninguna duda de que estos 26 jugadores van a jugar la Copa del Mundo&#8221;, asever\u00f3.<\/p>\n\n\n\n<p class=\"wp-block-paragraph\">Los primeros d\u00edas de la concentraci\u00f3n de la selecci\u00f3n brasile\u00f1a han estado marcados por el estado f\u00edsico de Neymar, que &#8216;Carletto&#8217; incluy\u00f3 a \u00faltima hora en la lista del Mundial en medio de una fuerte presi\u00f3n de una parte de la afici\u00f3n, el vestuario y la prensa.<\/p>\n\n\n\n<figure class=\"wp-block-image size-full\"><a href=\"https:\/\/www.linkedin.com\/in\/jaimeberrios\/\" target=\"_blank\" rel=\" noreferrer noopener\"><img decoding=\"async\" width=\"560\" height=\"257\" src=\"https:\/\/www.americanonewspaper.com\/es\/wp-content\/uploads\/2026\/05\/Jaime-copy-2-1.jpg\" alt=\"\" class=\"wp-image-32183\" srcset=\"https:\/\/www.americanonewspaper.com\/es\/wp-content\/uploads\/2026\/05\/Jaime-copy-2-1.jpg 560w, https:\/\/www.americanonewspaper.com\/es\/wp-content\/uploads\/2026\/05\/Jaime-copy-2-1-300x138.jpg 300w, https:\/\/www.americanonewspaper.com\/es\/wp-content\/uploads\/2026\/05\/Jaime-copy-2-1-150x69.jpg 150w\" sizes=\"(max-width: 560px) 100vw, 560px\" \/><\/a><\/figure>\n\n\n\n<p class=\"wp-block-paragraph\">El 10, sin embargo, lleg\u00f3 lesionado. El Santos redujo la lesi\u00f3n a &#8220;un edema&#8221; en los d\u00edas previos al anuncio de la convocatoria, pero los servicios m\u00e9dicos de la Canarinha hicieron sus propias pruebas y constataron una lesi\u00f3n muscular de grado II en el gemelo derecho.<\/p>\n\n\n\n<p class=\"wp-block-paragraph\">El tiempo estimado de baja es de dos a tres semanas.<\/p>\n\n\n\n<p class=\"wp-block-paragraph\">En este contexto, Ancelotti coment\u00f3 que recibieron un informe del Santos que dec\u00eda que ten\u00eda un &#8220;edema&#8221; y que dejaron al club tratar el asunto hasta el 27 de mayo, cuando comenz\u00f3 la concentraci\u00f3n de la Canarinha y asumieron ellos el caso.<\/p>\n\n\n\n<figure class=\"wp-block-image size-full\"><a href=\"https:\/\/nj.gov\/health\/documents\/parkinsons-flyer-spanish.pdf\" target=\"_blank\" rel=\" noreferrer noopener\"><img decoding=\"async\" width=\"560\" height=\"350\" src=\"https:\/\/www.americanonewspaper.com\/es\/wp-content\/uploads\/2026\/05\/DOH-Spanish-banner-2.jpg\" alt=\"Se\u00f1ales de la enfermedad de Parkinson\" class=\"wp-image-32184\" srcset=\"https:\/\/www.americanonewspaper.com\/es\/wp-content\/uploads\/2026\/05\/DOH-Spanish-banner-2.jpg 560w, https:\/\/www.americanonewspaper.com\/es\/wp-content\/uploads\/2026\/05\/DOH-Spanish-banner-2-300x188.jpg 300w, https:\/\/www.americanonewspaper.com\/es\/wp-content\/uploads\/2026\/05\/DOH-Spanish-banner-2-150x94.jpg 150w\" sizes=\"(max-width: 560px) 100vw, 560px\" \/><\/a><figcaption class=\"wp-element-caption\">Se\u00f1ales de la enfermedad de Parkinson<\/figcaption><\/figure>\n\n\n\n<p class=\"wp-block-paragraph\">Pero incluso lesionado, defendi\u00f3 la llamada a filas de Neymar: &#8220;El jugador fue convocado porque ten\u00eda que ser convocado (&#8230;) Pensamos que Neymar se va a recuperar lo m\u00e1s pronto posible. Est\u00e1 trabajando bien, est\u00e1 animado&#8221;.<\/p>\n\n\n\n<p class=\"wp-block-paragraph\">&#8220;Tuvo mala suerte con ese peque\u00f1o problema, pero Neymar est\u00e1 trabajando muy bien a nivel individual para recuperarse pronto&#8221;, insisti\u00f3.<\/p>\n\n\n\n<figure class=\"wp-block-image size-full\"><a href=\"https:\/\/www.manuelbatistalaw.com\/\" target=\"_blank\" rel=\" noreferrer noopener\"><img loading=\"lazy\" decoding=\"async\" width=\"560\" height=\"257\" src=\"https:\/\/www.americanonewspaper.com\/es\/wp-content\/uploads\/2026\/05\/ManuelBatistaSpanish-1.jpg\" alt=\"\" class=\"wp-image-32185\" srcset=\"https:\/\/www.americanonewspaper.com\/es\/wp-content\/uploads\/2026\/05\/ManuelBatistaSpanish-1.jpg 560w, https:\/\/www.americanonewspaper.com\/es\/wp-content\/uploads\/2026\/05\/ManuelBatistaSpanish-1-300x138.jpg 300w, https:\/\/www.americanonewspaper.com\/es\/wp-content\/uploads\/2026\/05\/ManuelBatistaSpanish-1-150x69.jpg 150w\" sizes=\"(max-width: 560px) 100vw, 560px\" \/><\/a><\/figure>\n\n\n\n<p class=\"wp-block-paragraph\">Ancelotti revel\u00f3, adem\u00e1s, que habl\u00f3 con el jugador de Mogi das Cruzes sobre su recuperaci\u00f3n y su papel en el Mundial, que arranca en junio en Estados Unidos, M\u00e9xico y Canad\u00e1.<\/p>\n\n\n\n<p class=\"wp-block-paragraph\">&#8220;Neymar entendi\u00f3 muy bien el papel que tiene que tener en esta Copa del Mundo. Todos los d\u00edas lo est\u00e1 haciendo muy bien. Trabaja muy bien para recuperarse lo antes posible&#8221;, manifest\u00f3.<\/p>\n\n\n\n<p class=\"wp-block-paragraph\">&#8220;Est\u00e1 en un buen ambiente, pero lo importante para \u00e9l es entender bien su papel y creo que lo ha entendido muy bien&#8221;, a\u00f1adi\u00f3.<\/p>\n\n\n\n<figure class=\"wp-block-image size-full is-resized\"><a href=\"https:\/\/ramospodiatry.com\/\" target=\"_blank\" rel=\" noreferrer noopener\"><img loading=\"lazy\" decoding=\"async\" width=\"560\" height=\"257\" src=\"https:\/\/www.americanonewspaper.com\/es\/wp-content\/uploads\/2026\/05\/Ramos-Spanish560-1.jpg\" alt=\"\" class=\"wp-image-32186\" style=\"width:560px;height:auto\" srcset=\"https:\/\/www.americanonewspaper.com\/es\/wp-content\/uploads\/2026\/05\/Ramos-Spanish560-1.jpg 560w, https:\/\/www.americanonewspaper.com\/es\/wp-content\/uploads\/2026\/05\/Ramos-Spanish560-1-300x138.jpg 300w, https:\/\/www.americanonewspaper.com\/es\/wp-content\/uploads\/2026\/05\/Ramos-Spanish560-1-150x69.jpg 150w\" sizes=\"(max-width: 560px) 100vw, 560px\" \/><\/a><\/figure>\n","protected":false},"excerpt":{"rendered":"<p>Neymar se est\u00e1 recuperando de sus lesiones Teres\u00f3polis (Brasil), 30 may (EFE).- El seleccionador de Brasil, Carlo Ancelotti, garantiz\u00f3 este s\u00e1bado la presencia de Neymar en el Mundial 2026 pese a su lesi\u00f3n muscular en el gemelo y subray\u00f3 que el 10 est\u00e1 &#8220;animado&#8221; y &#8220;trabajando muy bien&#8221; para recuperarse lo antes posible. &#8220;Para ser [&hellip;]<\/p>\n","protected":false},"author":7,"featured_media":32359,"comment_status":"open","ping_status":"open","sticky":false,"template":"","format":"standard","meta":{"_acf_changed":false,"tdm_status":"","tdm_grid_status":"","_jetpack_newsletter_access":"","_jetpack_dont_email_post_to_subs":false,"_jetpack_newsletter_tier_id":0,"_jetpack_memberships_contains_paywalled_content":false,"_jetpack_feature_clip_id":0,"_jetpack_memberships_contains_paid_content":false,"footnotes":"","jetpack_publicize_message":"","jetpack_publicize_feature_enabled":true,"jetpack_social_post_already_shared":false,"jetpack_social_options":{"image_generator_settings":{"template":"highway","default_image_id":0,"font":"","enabled":false,"token":"eyJpbWciOiJodHRwczpcL1wvd3d3LmFtZXJpY2Fub25ld3NwYXBlci5jb21cL2VzXC93cC1jb250ZW50XC91cGxvYWRzXC8yMDI2XC8wNVwvQW5jZWxvdGktY2FwLmpwZWciLCJ0eHQiOiJOZXltYXIgZXN0YXJcdTAwZTEgZW4gZWwgTXVuZGlhbC4iLCJ0ZW1wbGF0ZSI6ImhpZ2h3YXkiLCJmb250IjoiIiwiYmxvZ19pZCI6MjI4NjE5NTc0fQ.YBjJxvvRm2u_ElzBq5HZyLpWnqwSEd1-o_VE2_zjc98MQ"},"version":2,"media_source":"featured-image","attached_media":[{"id":32359,"url":"https:\/\/www.americanonewspaper.com\/es\/wp-content\/uploads\/2026\/05\/Anceloti-cap.jpeg","type":"image\/jpeg"}]},"_wpas_customize_per_network":false,"jetpack_post_was_ever_published":false,"_members_access_role":[],"_members_access_error":""},"categories":[647,1460],"tags":[],"class_list":["post-32358","post","type-post","status-publish","format-standard","has-post-thumbnail","category-brasil","category-copa-mundial-de-futbol"],"acf":[],"yoast_head":"<!-- This site is optimized with the Yoast SEO Premium plugin v28.3 (Yoast SEO v28.3) - https:\/\/yoast.com\/product\/yoast-seo-premium-wordpress\/ -->\n<title>Neymar estar\u00e1 en el Mundial. - Americano Newspaper<\/title>\n<meta name=\"description\" content=\"El seleccionador de Brasil, Carlo Ancelotti, garantiz\u00f3 este s\u00e1bado la presencia de Neymar en el Mundial 2026 pese a su lesi\u00f3n muscular en el gemelo y subray\u00f3 que el 10 est\u00e1 &quot;animado&quot; y &quot;trabajando muy bien&quot; para recuperarse lo antes posible.\" \/>\n<meta name=\"robots\" content=\"index, follow, max-snippet:-1, max-image-preview:large, max-video-preview:-1\" \/>\n<link rel=\"canonical\" href=\"https:\/\/www.americanonewspaper.com\/es\/brasil\/neymar-estara-en-el-mundial\/\" \/>\n<meta property=\"og:locale\" content=\"en_US\" \/>\n<meta property=\"og:type\" content=\"article\" \/>\n<meta property=\"og:title\" content=\"Neymar estar\u00e1 en el Mundial.\" \/>\n<meta property=\"og:description\" content=\"El seleccionador de Brasil, Carlo Ancelotti, garantiz\u00f3 este s\u00e1bado la presencia de Neymar en el Mundial 2026 pese a su lesi\u00f3n muscular en el gemelo y subray\u00f3 que el 10 est\u00e1 &quot;animado&quot; y &quot;trabajando muy bien&quot; para recuperarse lo antes posible.\" \/>\n<meta property=\"og:url\" content=\"https:\/\/www.americanonewspaper.com\/es\/brasil\/neymar-estara-en-el-mundial\/\" \/>\n<meta property=\"og:site_name\" content=\"Americano Newspaper\" \/>\n<meta property=\"article:publisher\" content=\"https:\/\/www.facebook.com\/AmericanoNewspaper\/\" \/>\n<meta property=\"article:published_time\" content=\"2026-05-30T14:58:47+00:00\" \/>\n<meta property=\"article:modified_time\" content=\"2026-05-30T14:58:53+00:00\" \/>\n<meta property=\"og:image\" content=\"https:\/\/www.americanonewspaper.com\/es\/wp-content\/uploads\/2026\/05\/Anceloti-cap.jpeg\" \/>\n\t<meta property=\"og:image:width\" content=\"560\" \/>\n\t<meta property=\"og:image:height\" content=\"373\" \/>\n\t<meta property=\"og:image:type\" content=\"image\/jpeg\" \/>\n<meta name=\"author\" content=\"Author\" \/>\n<meta name=\"twitter:card\" content=\"summary_large_image\" \/>\n<meta name=\"twitter:label1\" content=\"Written by\" \/>\n\t<meta name=\"twitter:data1\" content=\"Author\" \/>\n\t<meta name=\"twitter:label2\" content=\"Est. reading time\" \/>\n\t<meta name=\"twitter:data2\" content=\"4 minutes\" \/>\n<script type=\"application\/ld+json\" class=\"yoast-schema-graph\">{\"@context\":\"https:\\\/\\\/schema.org\",\"@graph\":[{\"@type\":\"Article\",\"@id\":\"https:\\\/\\\/www.americanonewspaper.com\\\/es\\\/brasil\\\/neymar-estara-en-el-mundial\\\/#article\",\"isPartOf\":{\"@id\":\"https:\\\/\\\/www.americanonewspaper.com\\\/es\\\/brasil\\\/neymar-estara-en-el-mundial\\\/\"},\"author\":{\"name\":\"Author\",\"@id\":\"https:\\\/\\\/www.americanonewspaper.com\\\/es\\\/#\\\/schema\\\/person\\\/8967f6b8af7e37bcbbe61f68580ff088\"},\"headline\":\"Neymar estar\u00e1 en el Mundial.\",\"datePublished\":\"2026-05-30T14:58:47+00:00\",\"dateModified\":\"2026-05-30T14:58:53+00:00\",\"mainEntityOfPage\":{\"@id\":\"https:\\\/\\\/www.americanonewspaper.com\\\/es\\\/brasil\\\/neymar-estara-en-el-mundial\\\/\"},\"wordCount\":451,\"commentCount\":0,\"publisher\":{\"@id\":\"https:\\\/\\\/www.americanonewspaper.com\\\/es\\\/#organization\"},\"image\":{\"@id\":\"https:\\\/\\\/www.americanonewspaper.com\\\/es\\\/brasil\\\/neymar-estara-en-el-mundial\\\/#primaryimage\"},\"thumbnailUrl\":\"https:\\\/\\\/www.americanonewspaper.com\\\/es\\\/wp-content\\\/uploads\\\/2026\\\/05\\\/Anceloti-cap.jpeg\",\"articleSection\":[\"Brasil\",\"Copa Mundial de F\u00fatbol\"],\"inLanguage\":\"en-US\",\"potentialAction\":[{\"@type\":\"CommentAction\",\"name\":\"Comment\",\"target\":[\"https:\\\/\\\/www.americanonewspaper.com\\\/es\\\/brasil\\\/neymar-estara-en-el-mundial\\\/#respond\"]}]},{\"@type\":\"WebPage\",\"@id\":\"https:\\\/\\\/www.americanonewspaper.com\\\/es\\\/brasil\\\/neymar-estara-en-el-mundial\\\/\",\"url\":\"https:\\\/\\\/www.americanonewspaper.com\\\/es\\\/brasil\\\/neymar-estara-en-el-mundial\\\/\",\"name\":\"Neymar estar\u00e1 en el Mundial. - Americano Newspaper\",\"isPartOf\":{\"@id\":\"https:\\\/\\\/www.americanonewspaper.com\\\/es\\\/#website\"},\"primaryImageOfPage\":{\"@id\":\"https:\\\/\\\/www.americanonewspaper.com\\\/es\\\/brasil\\\/neymar-estara-en-el-mundial\\\/#primaryimage\"},\"image\":{\"@id\":\"https:\\\/\\\/www.americanonewspaper.com\\\/es\\\/brasil\\\/neymar-estara-en-el-mundial\\\/#primaryimage\"},\"thumbnailUrl\":\"https:\\\/\\\/www.americanonewspaper.com\\\/es\\\/wp-content\\\/uploads\\\/2026\\\/05\\\/Anceloti-cap.jpeg\",\"datePublished\":\"2026-05-30T14:58:47+00:00\",\"dateModified\":\"2026-05-30T14:58:53+00:00\",\"description\":\"El seleccionador de Brasil, Carlo Ancelotti, garantiz\u00f3 este s\u00e1bado la presencia de Neymar en el Mundial 2026 pese a su lesi\u00f3n muscular en el gemelo y subray\u00f3 que el 10 est\u00e1 \\\"animado\\\" y \\\"trabajando muy bien\\\" para recuperarse lo antes posible.\",\"breadcrumb\":{\"@id\":\"https:\\\/\\\/www.americanonewspaper.com\\\/es\\\/brasil\\\/neymar-estara-en-el-mundial\\\/#breadcrumb\"},\"inLanguage\":\"en-US\",\"potentialAction\":[{\"@type\":\"ReadAction\",\"target\":[\"https:\\\/\\\/www.americanonewspaper.com\\\/es\\\/brasil\\\/neymar-estara-en-el-mundial\\\/\"]}]},{\"@type\":\"ImageObject\",\"inLanguage\":\"en-US\",\"@id\":\"https:\\\/\\\/www.americanonewspaper.com\\\/es\\\/brasil\\\/neymar-estara-en-el-mundial\\\/#primaryimage\",\"url\":\"https:\\\/\\\/www.americanonewspaper.com\\\/es\\\/wp-content\\\/uploads\\\/2026\\\/05\\\/Anceloti-cap.jpeg\",\"contentUrl\":\"https:\\\/\\\/www.americanonewspaper.com\\\/es\\\/wp-content\\\/uploads\\\/2026\\\/05\\\/Anceloti-cap.jpeg\",\"width\":560,\"height\":373,\"caption\":\"El entrenador de Brasil, el italiano Carlo Ancelotti, durante un entrenamiento en la Granja Comary el viernes, en Teres\u00f3polis (Brasil). EFE\\\/ Antonio Lacerda\"},{\"@type\":\"BreadcrumbList\",\"@id\":\"https:\\\/\\\/www.americanonewspaper.com\\\/es\\\/brasil\\\/neymar-estara-en-el-mundial\\\/#breadcrumb\",\"itemListElement\":[{\"@type\":\"ListItem\",\"position\":1,\"name\":\"Home\",\"item\":\"https:\\\/\\\/www.americanonewspaper.com\\\/es\\\/\"},{\"@type\":\"ListItem\",\"position\":2,\"name\":\"Neymar estar\u00e1 en el Mundial.\"}]},{\"@type\":\"WebSite\",\"@id\":\"https:\\\/\\\/www.americanonewspaper.com\\\/es\\\/#website\",\"url\":\"https:\\\/\\\/www.americanonewspaper.com\\\/es\\\/\",\"name\":\"Americano Newspaper\",\"description\":\"The Hispanic Newspaper of New Jersey.\",\"publisher\":{\"@id\":\"https:\\\/\\\/www.americanonewspaper.com\\\/es\\\/#organization\"},\"potentialAction\":[{\"@type\":\"SearchAction\",\"target\":{\"@type\":\"EntryPoint\",\"urlTemplate\":\"https:\\\/\\\/www.americanonewspaper.com\\\/es\\\/?s={search_term_string}\"},\"query-input\":{\"@type\":\"PropertyValueSpecification\",\"valueRequired\":true,\"valueName\":\"search_term_string\"}}],\"inLanguage\":\"en-US\"},{\"@type\":\"Organization\",\"@id\":\"https:\\\/\\\/www.americanonewspaper.com\\\/es\\\/#organization\",\"name\":\"Americano Newspaper\",\"url\":\"https:\\\/\\\/www.americanonewspaper.com\\\/es\\\/\",\"logo\":{\"@type\":\"ImageObject\",\"inLanguage\":\"en-US\",\"@id\":\"https:\\\/\\\/www.americanonewspaper.com\\\/es\\\/#\\\/schema\\\/logo\\\/image\\\/\",\"url\":\"https:\\\/\\\/www.americanonewspaper.com\\\/es\\\/wp-content\\\/uploads\\\/2024\\\/05\\\/AmericanoLogoCircle.comCircle2.jpg\",\"contentUrl\":\"https:\\\/\\\/www.americanonewspaper.com\\\/es\\\/wp-content\\\/uploads\\\/2024\\\/05\\\/AmericanoLogoCircle.comCircle2.jpg\",\"width\":600,\"height\":600,\"caption\":\"Americano Newspaper\"},\"image\":{\"@id\":\"https:\\\/\\\/www.americanonewspaper.com\\\/es\\\/#\\\/schema\\\/logo\\\/image\\\/\"},\"sameAs\":[\"https:\\\/\\\/www.facebook.com\\\/AmericanoNewspaper\\\/\"]},{\"@type\":\"Person\",\"@id\":\"https:\\\/\\\/www.americanonewspaper.com\\\/es\\\/#\\\/schema\\\/person\\\/8967f6b8af7e37bcbbe61f68580ff088\",\"name\":\"Author\",\"image\":{\"@type\":\"ImageObject\",\"inLanguage\":\"en-US\",\"@id\":\"https:\\\/\\\/www.americanonewspaper.com\\\/es\\\/wp-content\\\/litespeed\\\/avatar\\\/89ffaf6af3cf6769ffb3c6efb2313947.jpg?ver=1787930627\",\"url\":\"https:\\\/\\\/www.americanonewspaper.com\\\/es\\\/wp-content\\\/litespeed\\\/avatar\\\/89ffaf6af3cf6769ffb3c6efb2313947.jpg?ver=1787930627\",\"contentUrl\":\"https:\\\/\\\/www.americanonewspaper.com\\\/es\\\/wp-content\\\/litespeed\\\/avatar\\\/89ffaf6af3cf6769ffb3c6efb2313947.jpg?ver=1787930627\",\"caption\":\"Author\"},\"url\":\"https:\\\/\\\/www.americanonewspaper.com\\\/es\\\/author\\\/americano\\\/\"}]}<\/script>\n<!-- \/ Yoast SEO Premium plugin. -->","yoast_head_json":{"title":"Neymar estar\u00e1 en el Mundial. - Americano Newspaper","description":"El seleccionador de Brasil, Carlo Ancelotti, garantiz\u00f3 este s\u00e1bado la presencia de Neymar en el Mundial 2026 pese a su lesi\u00f3n muscular en el gemelo y subray\u00f3 que el 10 est\u00e1 \"animado\" y \"trabajando muy bien\" para recuperarse lo antes posible.","robots":{"index":"index","follow":"follow","max-snippet":"max-snippet:-1","max-image-preview":"max-image-preview:large","max-video-preview":"max-video-preview:-1"},"canonical":"https:\/\/www.americanonewspaper.com\/es\/brasil\/neymar-estara-en-el-mundial\/","og_locale":"en_US","og_type":"article","og_title":"Neymar estar\u00e1 en el Mundial.","og_description":"El seleccionador de Brasil, Carlo Ancelotti, garantiz\u00f3 este s\u00e1bado la presencia de Neymar en el Mundial 2026 pese a su lesi\u00f3n muscular en el gemelo y subray\u00f3 que el 10 est\u00e1 \"animado\" y \"trabajando muy bien\" para recuperarse lo antes posible.","og_url":"https:\/\/www.americanonewspaper.com\/es\/brasil\/neymar-estara-en-el-mundial\/","og_site_name":"Americano Newspaper","article_publisher":"https:\/\/www.facebook.com\/AmericanoNewspaper\/","article_published_time":"2026-05-30T14:58:47+00:00","article_modified_time":"2026-05-30T14:58:53+00:00","og_image":[{"width":560,"height":373,"url":"https:\/\/www.americanonewspaper.com\/es\/wp-content\/uploads\/2026\/05\/Anceloti-cap.jpeg","type":"image\/jpeg"}],"author":"Author","twitter_card":"summary_large_image","twitter_misc":{"Written by":"Author","Est. reading time":"4 minutes"},"schema":{"@context":"https:\/\/schema.org","@graph":[{"@type":"Article","@id":"https:\/\/www.americanonewspaper.com\/es\/brasil\/neymar-estara-en-el-mundial\/#article","isPartOf":{"@id":"https:\/\/www.americanonewspaper.com\/es\/brasil\/neymar-estara-en-el-mundial\/"},"author":{"name":"Author","@id":"https:\/\/www.americanonewspaper.com\/es\/#\/schema\/person\/8967f6b8af7e37bcbbe61f68580ff088"},"headline":"Neymar estar\u00e1 en el Mundial.","datePublished":"2026-05-30T14:58:47+00:00","dateModified":"2026-05-30T14:58:53+00:00","mainEntityOfPage":{"@id":"https:\/\/www.americanonewspaper.com\/es\/brasil\/neymar-estara-en-el-mundial\/"},"wordCount":451,"commentCount":0,"publisher":{"@id":"https:\/\/www.americanonewspaper.com\/es\/#organization"},"image":{"@id":"https:\/\/www.americanonewspaper.com\/es\/brasil\/neymar-estara-en-el-mundial\/#primaryimage"},"thumbnailUrl":"https:\/\/www.americanonewspaper.com\/es\/wp-content\/uploads\/2026\/05\/Anceloti-cap.jpeg","articleSection":["Brasil","Copa Mundial de F\u00fatbol"],"inLanguage":"en-US","potentialAction":[{"@type":"CommentAction","name":"Comment","target":["https:\/\/www.americanonewspaper.com\/es\/brasil\/neymar-estara-en-el-mundial\/#respond"]}]},{"@type":"WebPage","@id":"https:\/\/www.americanonewspaper.com\/es\/brasil\/neymar-estara-en-el-mundial\/","url":"https:\/\/www.americanonewspaper.com\/es\/brasil\/neymar-estara-en-el-mundial\/","name":"Neymar estar\u00e1 en el Mundial. - Americano Newspaper","isPartOf":{"@id":"https:\/\/www.americanonewspaper.com\/es\/#website"},"primaryImageOfPage":{"@id":"https:\/\/www.americanonewspaper.com\/es\/brasil\/neymar-estara-en-el-mundial\/#primaryimage"},"image":{"@id":"https:\/\/www.americanonewspaper.com\/es\/brasil\/neymar-estara-en-el-mundial\/#primaryimage"},"thumbnailUrl":"https:\/\/www.americanonewspaper.com\/es\/wp-content\/uploads\/2026\/05\/Anceloti-cap.jpeg","datePublished":"2026-05-30T14:58:47+00:00","dateModified":"2026-05-30T14:58:53+00:00","description":"El seleccionador de Brasil, Carlo Ancelotti, garantiz\u00f3 este s\u00e1bado la presencia de Neymar en el Mundial 2026 pese a su lesi\u00f3n muscular en el gemelo y subray\u00f3 que el 10 est\u00e1 \"animado\" y \"trabajando muy bien\" para recuperarse lo antes posible.","breadcrumb":{"@id":"https:\/\/www.americanonewspaper.com\/es\/brasil\/neymar-estara-en-el-mundial\/#breadcrumb"},"inLanguage":"en-US","potentialAction":[{"@type":"ReadAction","target":["https:\/\/www.americanonewspaper.com\/es\/brasil\/neymar-estara-en-el-mundial\/"]}]},{"@type":"ImageObject","inLanguage":"en-US","@id":"https:\/\/www.americanonewspaper.com\/es\/brasil\/neymar-estara-en-el-mundial\/#primaryimage","url":"https:\/\/www.americanonewspaper.com\/es\/wp-content\/uploads\/2026\/05\/Anceloti-cap.jpeg","contentUrl":"https:\/\/www.americanonewspaper.com\/es\/wp-content\/uploads\/2026\/05\/Anceloti-cap.jpeg","width":560,"height":373,"caption":"El entrenador de Brasil, el italiano Carlo Ancelotti, durante un entrenamiento en la Granja Comary el viernes, en Teres\u00f3polis (Brasil). EFE\/ Antonio Lacerda"},{"@type":"BreadcrumbList","@id":"https:\/\/www.americanonewspaper.com\/es\/brasil\/neymar-estara-en-el-mundial\/#breadcrumb","itemListElement":[{"@type":"ListItem","position":1,"name":"Home","item":"https:\/\/www.americanonewspaper.com\/es\/"},{"@type":"ListItem","position":2,"name":"Neymar estar\u00e1 en el Mundial."}]},{"@type":"WebSite","@id":"https:\/\/www.americanonewspaper.com\/es\/#website","url":"https:\/\/www.americanonewspaper.com\/es\/","name":"Americano Newspaper","description":"The Hispanic Newspaper of New Jersey.","publisher":{"@id":"https:\/\/www.americanonewspaper.com\/es\/#organization"},"potentialAction":[{"@type":"SearchAction","target":{"@type":"EntryPoint","urlTemplate":"https:\/\/www.americanonewspaper.com\/es\/?s={search_term_string}"},"query-input":{"@type":"PropertyValueSpecification","valueRequired":true,"valueName":"search_term_string"}}],"inLanguage":"en-US"},{"@type":"Organization","@id":"https:\/\/www.americanonewspaper.com\/es\/#organization","name":"Americano Newspaper","url":"https:\/\/www.americanonewspaper.com\/es\/","logo":{"@type":"ImageObject","inLanguage":"en-US","@id":"https:\/\/www.americanonewspaper.com\/es\/#\/schema\/logo\/image\/","url":"https:\/\/www.americanonewspaper.com\/es\/wp-content\/uploads\/2024\/05\/AmericanoLogoCircle.comCircle2.jpg","contentUrl":"https:\/\/www.americanonewspaper.com\/es\/wp-content\/uploads\/2024\/05\/AmericanoLogoCircle.comCircle2.jpg","width":600,"height":600,"caption":"Americano Newspaper"},"image":{"@id":"https:\/\/www.americanonewspaper.com\/es\/#\/schema\/logo\/image\/"},"sameAs":["https:\/\/www.facebook.com\/AmericanoNewspaper\/"]},{"@type":"Person","@id":"https:\/\/www.americanonewspaper.com\/es\/#\/schema\/person\/8967f6b8af7e37bcbbe61f68580ff088","name":"Author","image":{"@type":"ImageObject","inLanguage":"en-US","@id":"https:\/\/www.americanonewspaper.com\/es\/wp-content\/litespeed\/avatar\/89ffaf6af3cf6769ffb3c6efb2313947.jpg?ver=1787930627","url":"https:\/\/www.americanonewspaper.com\/es\/wp-content\/litespeed\/avatar\/89ffaf6af3cf6769ffb3c6efb2313947.jpg?ver=1787930627","contentUrl":"https:\/\/www.americanonewspaper.com\/es\/wp-content\/litespeed\/avatar\/89ffaf6af3cf6769ffb3c6efb2313947.jpg?ver=1787930627","caption":"Author"},"url":"https:\/\/www.americanonewspaper.com\/es\/author\/americano\/"}]}},"jetpack_publicize_connections":[],"featured_image_urls":{"full":["https:\/\/www.americanonewspaper.com\/es\/wp-content\/uploads\/2026\/05\/Anceloti-cap.jpeg",560,373,false],"thumbnail":["https:\/\/www.americanonewspaper.com\/es\/wp-content\/uploads\/2026\/05\/Anceloti-cap-250x250.jpeg",250,250,true],"medium":["https:\/\/www.americanonewspaper.com\/es\/wp-content\/uploads\/2026\/05\/Anceloti-cap-300x200.jpeg",300,200,true],"medium_large":["https:\/\/www.americanonewspaper.com\/es\/wp-content\/uploads\/2026\/05\/Anceloti-cap.jpeg",560,373,false],"large":["https:\/\/www.americanonewspaper.com\/es\/wp-content\/uploads\/2026\/05\/Anceloti-cap.jpeg",560,373,false],"1536x1536":["https:\/\/www.americanonewspaper.com\/es\/wp-content\/uploads\/2026\/05\/Anceloti-cap.jpeg",560,373,false],"2048x2048":["https:\/\/www.americanonewspaper.com\/es\/wp-content\/uploads\/2026\/05\/Anceloti-cap.jpeg",560,373,false],"td_150x0":["https:\/\/www.americanonewspaper.com\/es\/wp-content\/uploads\/2026\/05\/Anceloti-cap-150x100.jpeg",150,100,true],"td_218x150":["https:\/\/www.americanonewspaper.com\/es\/wp-content\/uploads\/2026\/05\/Anceloti-cap-218x150.jpeg",218,150,true],"td_300x0":["https:\/\/www.americanonewspaper.com\/es\/wp-content\/uploads\/2026\/05\/Anceloti-cap-300x200.jpeg",300,200,true],"td_324x400":["https:\/\/www.americanonewspaper.com\/es\/wp-content\/uploads\/2026\/05\/Anceloti-cap-324x373.jpeg",324,373,true],"td_485x360":["https:\/\/www.americanonewspaper.com\/es\/wp-content\/uploads\/2026\/05\/Anceloti-cap-485x360.jpeg",485,360,true],"td_696x0":["https:\/\/www.americanonewspaper.com\/es\/wp-content\/uploads\/2026\/05\/Anceloti-cap.jpeg",560,373,false],"td_1068x0":["https:\/\/www.americanonewspaper.com\/es\/wp-content\/uploads\/2026\/05\/Anceloti-cap.jpeg",560,373,false],"td_1920x0":["https:\/\/www.americanonewspaper.com\/es\/wp-content\/uploads\/2026\/05\/Anceloti-cap.jpeg",560,373,false],"bdpp-medium":["https:\/\/www.americanonewspaper.com\/es\/wp-content\/uploads\/2026\/05\/Anceloti-cap.jpeg",560,373,false]},"author_info":{"display_name":"Author","author_link":"https:\/\/www.americanonewspaper.com\/es\/author\/americano\/"},"category_info":"<a href=\"https:\/\/www.americanonewspaper.com\/es\/category\/brasil\/\" rel=\"category tag\">Brasil<\/a> <a href=\"https:\/\/www.americanonewspaper.com\/es\/category\/copa-mundial-de-futbol\/\" rel=\"category tag\">Copa Mundial de F\u00fatbol<\/a>","tag_info":"Copa Mundial de F\u00fatbol","comment_count":"0","jetpack_sharing_enabled":true,"jetpack_likes_enabled":true,"jetpack_featured_media_url":"https:\/\/www.americanonewspaper.com\/es\/wp-content\/uploads\/2026\/05\/Anceloti-cap.jpeg","_links":{"self":[{"href":"https:\/\/www.americanonewspaper.com\/es\/wp-json\/wp\/v2\/posts\/32358","targetHints":{"allow":["GET"]}}],"collection":[{"href":"https:\/\/www.americanonewspaper.com\/es\/wp-json\/wp\/v2\/posts"}],"about":[{"href":"https:\/\/www.americanonewspaper.com\/es\/wp-json\/wp\/v2\/types\/post"}],"author":[{"embeddable":true,"href":"https:\/\/www.americanonewspaper.com\/es\/wp-json\/wp\/v2\/users\/7"}],"replies":[{"embeddable":true,"href":"https:\/\/www.americanonewspaper.com\/es\/wp-json\/wp\/v2\/comments?post=32358"}],"version-history":[{"count":1,"href":"https:\/\/www.americanonewspaper.com\/es\/wp-json\/wp\/v2\/posts\/32358\/revisions"}],"predecessor-version":[{"id":32360,"href":"https:\/\/www.americanonewspaper.com\/es\/wp-json\/wp\/v2\/posts\/32358\/revisions\/32360"}],"wp:featuredmedia":[{"embeddable":true,"href":"https:\/\/www.americanonewspaper.com\/es\/wp-json\/wp\/v2\/media\/32359"}],"wp:attachment":[{"href":"https:\/\/www.americanonewspaper.com\/es\/wp-json\/wp\/v2\/media?parent=32358"}],"wp:term":[{"taxonomy":"category","embeddable":true,"href":"https:\/\/www.americanonewspaper.com\/es\/wp-json\/wp\/v2\/categories?post=32358"},{"taxonomy":"post_tag","embeddable":true,"href":"https:\/\/www.americanonewspaper.com\/es\/wp-json\/wp\/v2\/tags?post=32358"}],"curies":[{"name":"wp","href":"https:\/\/api.w.org\/{rel}","templated":true}]}}