{"id":32351,"date":"2026-05-30T10:10:58","date_gmt":"2026-05-30T14:10:58","guid":{"rendered":"https:\/\/www.americanonewspaper.com\/es\/?p=32351"},"modified":"2026-05-30T10:16:40","modified_gmt":"2026-05-30T14:16:40","slug":"mon-laferte-ama-a-mexico","status":"publish","type":"post","link":"https:\/\/www.americanonewspaper.com\/es\/farandula\/mon-laferte-ama-a-mexico\/","title":{"rendered":"Mon Laferte ama a M\u00e9xico"},"content":{"rendered":"\n<p class=\"wp-block-paragraph\">Mon Laferte es una artista chilenomexicana.<\/p>\n\n\n\n<p class=\"wp-block-paragraph\">Ciudad de M\u00e9xico, 30 may (EFE).- Por David \u00c1lvarez<\/p>\n\n\n\n<figure class=\"wp-block-image size-full\"><img fetchpriority=\"high\" decoding=\"async\" width=\"560\" height=\"373\" src=\"https:\/\/www.americanonewspaper.com\/es\/wp-content\/uploads\/2026\/05\/Mon-bb.jpeg\" alt=\"\" class=\"wp-image-32354\" srcset=\"https:\/\/www.americanonewspaper.com\/es\/wp-content\/uploads\/2026\/05\/Mon-bb.jpeg 560w, https:\/\/www.americanonewspaper.com\/es\/wp-content\/uploads\/2026\/05\/Mon-bb-300x200.jpeg 300w, https:\/\/www.americanonewspaper.com\/es\/wp-content\/uploads\/2026\/05\/Mon-bb-150x100.jpeg 150w\" sizes=\"(max-width: 560px) 100vw, 560px\" \/><figcaption class=\"wp-element-caption\">La cantante chilenomexicana Mon Laferte act\u00faa en un concierto en el Palacio de los Deportes en Ciudad de M\u00e9xico, M\u00e9xico, el 29 de mayo de 2026. EFE\/ S\u00e1shenka Guti\u00e9rrez<\/figcaption><\/figure>\n\n\n\n<p class=\"dropcapp3 wp-block-paragraph\">Vestida de novia, la cantante chilenomexicana Mon Laferte confes\u00f3 este viernes su amor a M\u00e9xico entre l\u00e1grimas y ofici\u00f3 en el Palacio de los Deportes la que ser\u00e1 la primera de sus tres bodas musicales en la capital mexicana por su gira \u2018Femme Fatale\u2019, con la que tambi\u00e9n estrenar\u00e1 su nuevo \u00e1lbum, \u2018Femme Fatale Vol 2\u2019, en junio.<\/p>\n\n\n\n<figure class=\"wp-block-image size-full\"><a href=\"https:\/\/ggllawyers.com\/es\/new-jersey-personal-injury-and-workers-compensation-lawyer\/\" target=\"_blank\" rel=\" noreferrer noopener\"><img decoding=\"async\" width=\"560\" height=\"269\" src=\"https:\/\/www.americanonewspaper.com\/es\/wp-content\/uploads\/2026\/05\/GGlSpanish-2.jpg\" alt=\"Abogados de accidentes\" class=\"wp-image-32182\" srcset=\"https:\/\/www.americanonewspaper.com\/es\/wp-content\/uploads\/2026\/05\/GGlSpanish-2.jpg 560w, https:\/\/www.americanonewspaper.com\/es\/wp-content\/uploads\/2026\/05\/GGlSpanish-2-300x144.jpg 300w, https:\/\/www.americanonewspaper.com\/es\/wp-content\/uploads\/2026\/05\/GGlSpanish-2-150x72.jpg 150w\" sizes=\"(max-width: 560px) 100vw, 560px\" \/><\/a><figcaption class=\"wp-element-caption\">Abogados de accidentes<\/figcaption><\/figure>\n\n\n\n<p class=\"wp-block-paragraph\">\u201cM\u00e9xico os amo (&#8230;.) bienvenidos al amor\u201d, pronunci\u00f3 la artista al terminar las \u00faltimas notas de \u2018Tormento\u2019 (2015), un cl\u00e1sico de la artista.<\/p>\n\n\n\n<p class=\"wp-block-paragraph\">Inmediatamente volvi\u00f3 a su \u00faltimo disco para entonar \u2018Veracruz\u2019, su canci\u00f3n de amor a M\u00e9xico en la que narra con ternura y dolor el desamor que alguna vez vivi\u00f3 en tierras mexicanas, entre ellas las playas del estado costero.<\/p>\n\n\n\n<p class=\"wp-block-paragraph\">Laferte, nacionalizada mexicana desde 2022, se sinti\u00f3 como en su casa tras haber tardado algo m\u00e1s de un a\u00f1o en regresar a su pa\u00eds con la gira de su \u00faltimo disco \u2018Autopoi\u00e9tica\u2019 (2023), un homenaje de la artista al pa\u00eds norteamericano en el que critica la conquista espa\u00f1ola y defiende a las mujeres mexicanas.<\/p>\n\n\n\n<figure class=\"wp-block-image size-full\"><a href=\"https:\/\/www.linkedin.com\/in\/jaimeberrios\/\" target=\"_blank\" rel=\" noreferrer noopener\"><img decoding=\"async\" width=\"560\" height=\"257\" src=\"https:\/\/www.americanonewspaper.com\/es\/wp-content\/uploads\/2026\/05\/Jaime-copy-2-1.jpg\" alt=\"\" class=\"wp-image-32183\" srcset=\"https:\/\/www.americanonewspaper.com\/es\/wp-content\/uploads\/2026\/05\/Jaime-copy-2-1.jpg 560w, https:\/\/www.americanonewspaper.com\/es\/wp-content\/uploads\/2026\/05\/Jaime-copy-2-1-300x138.jpg 300w, https:\/\/www.americanonewspaper.com\/es\/wp-content\/uploads\/2026\/05\/Jaime-copy-2-1-150x69.jpg 150w\" sizes=\"(max-width: 560px) 100vw, 560px\" \/><\/a><\/figure>\n\n\n\n<p class=\"wp-block-paragraph\">La cantautora se sent\u00f3 con un ramo de rosas blancas para entonar uno de los temas m\u00e1s especiales de su \u00faltimo disco, &#8216;My One And Only Love&#8217;, cuya letra recita junto a sus amigas musicales Natalia Lafourcade y Silvana Estrada.<\/p>\n\n\n\n<p class=\"wp-block-paragraph\">Con la boda aparentemente terminada, Laferte lanz\u00f3 su ramo al p\u00fablico y cant\u00f3 una versi\u00f3n espa\u00f1olizada de \u2018Can&#8217;t Take My Eyes\u2019, un cl\u00e1sico de finales de la d\u00e9cada de 1960 que ha sido interpretado por artistas de la talla de Michael Bubl\u00e9 o el grupo Muse.<\/p>\n\n\n\n<figure class=\"wp-block-image size-full\"><a href=\"https:\/\/nj.gov\/health\/documents\/parkinsons-flyer-spanish.pdf\" target=\"_blank\" rel=\" noreferrer noopener\"><img loading=\"lazy\" decoding=\"async\" width=\"560\" height=\"350\" src=\"https:\/\/www.americanonewspaper.com\/es\/wp-content\/uploads\/2026\/05\/DOH-Spanish-banner-2.jpg\" alt=\"Se\u00f1ales de la enfermedad de Parkinson\" class=\"wp-image-32184\" srcset=\"https:\/\/www.americanonewspaper.com\/es\/wp-content\/uploads\/2026\/05\/DOH-Spanish-banner-2.jpg 560w, https:\/\/www.americanonewspaper.com\/es\/wp-content\/uploads\/2026\/05\/DOH-Spanish-banner-2-300x188.jpg 300w, https:\/\/www.americanonewspaper.com\/es\/wp-content\/uploads\/2026\/05\/DOH-Spanish-banner-2-150x94.jpg 150w\" sizes=\"(max-width: 560px) 100vw, 560px\" \/><\/a><figcaption class=\"wp-element-caption\">Se\u00f1ales de la enfermedad de Parkinson<\/figcaption><\/figure>\n\n\n\n<p class=\"wp-block-paragraph\">La chilenomexicana prepar\u00f3 la segunda parte de su concierto con pantallas que la mostraron vestida como una \u201cfemme fatale\u201d a punto de presentar su candidatura a un concurso de belleza, que se transform\u00f3 en una cr\u00edtica hacia la cosificaci\u00f3n de la mujer y contra el machismo.<\/p>\n\n\n\n<figure class=\"wp-block-image size-full\"><img loading=\"lazy\" decoding=\"async\" width=\"560\" height=\"373\" src=\"https:\/\/www.americanonewspaper.com\/es\/wp-content\/uploads\/2026\/05\/Mom-novia.jpeg\" alt=\"\" class=\"wp-image-32356\" srcset=\"https:\/\/www.americanonewspaper.com\/es\/wp-content\/uploads\/2026\/05\/Mom-novia.jpeg 560w, https:\/\/www.americanonewspaper.com\/es\/wp-content\/uploads\/2026\/05\/Mom-novia-300x200.jpeg 300w, https:\/\/www.americanonewspaper.com\/es\/wp-content\/uploads\/2026\/05\/Mom-novia-150x100.jpeg 150w\" sizes=\"(max-width: 560px) 100vw, 560px\" \/><figcaption class=\"wp-element-caption\">La cantante chilenomexicana Mon Laferte act\u00faa en un concierto en el Palacio de los Deportes en Ciudad de M\u00e9xico, M\u00e9xico, el 29 de mayo de 2026. EFE\/ S\u00e1shenka Guti\u00e9rrez<\/figcaption><\/figure>\n\n\n\n<p class=\"wp-block-paragraph\">Con esta reivindicaci\u00f3n, la ganadora del Latin Grammy comenz\u00f3 su tradicional espect\u00e1culo de cabaret al puro estilo \u2018Chicago\u2019 para poner en alto las letras de \u2018Pornocracia\u2019 o \u2018Tirana\u2019, algunos de sus m\u00e1s recientes \u00e9xitos.<\/p>\n\n\n\n<figure class=\"wp-block-image size-full\"><a href=\"https:\/\/www.manuelbatistalaw.com\/\" target=\"_blank\" rel=\" noreferrer noopener\"><img loading=\"lazy\" decoding=\"async\" width=\"560\" height=\"257\" src=\"https:\/\/www.americanonewspaper.com\/es\/wp-content\/uploads\/2026\/05\/ManuelBatistaSpanish-1.jpg\" alt=\"\" class=\"wp-image-32185\" srcset=\"https:\/\/www.americanonewspaper.com\/es\/wp-content\/uploads\/2026\/05\/ManuelBatistaSpanish-1.jpg 560w, https:\/\/www.americanonewspaper.com\/es\/wp-content\/uploads\/2026\/05\/ManuelBatistaSpanish-1-300x138.jpg 300w, https:\/\/www.americanonewspaper.com\/es\/wp-content\/uploads\/2026\/05\/ManuelBatistaSpanish-1-150x69.jpg 150w\" sizes=\"(max-width: 560px) 100vw, 560px\" \/><\/a><\/figure>\n\n\n\n<p class=\"wp-block-paragraph\">\u201c\u00bfMe han echado de menos? Yo les extra\u00f1\u00e9\u201d, revel\u00f3 la cantante, de 43 a\u00f1os, en el meridiano de su espect\u00e1culo, mientras los aficionados gritaban su nombre y portaban coronas con flores sobre sus cabezas.<\/p>\n\n\n\n<p class=\"wp-block-paragraph\">La nostalgia es parte de su estilo, por lo que repas\u00f3 temas como \u2018Am\u00e1rrame\u2019 (2017) o \u2018Si t\u00fa me quisieras\u2019 (2015).<\/p>\n\n\n\n<p class=\"wp-block-paragraph\">Con el coraz\u00f3n un poco roto, confes\u00f3 al p\u00fablico que dej\u00f3 el repertorio m\u00e1s triste para el final, ese que \u201cle hace llorar\u201d, as\u00ed fue que lleg\u00f3 el tema m\u00e1s esperado de la noche: \u2018Mi buen amor\u2019.<\/p>\n\n\n\n<figure class=\"wp-block-image size-full\"><a href=\"https:\/\/ramospodiatry.com\/\" target=\"_blank\" rel=\" noreferrer noopener\"><img loading=\"lazy\" decoding=\"async\" width=\"560\" height=\"257\" src=\"https:\/\/www.americanonewspaper.com\/es\/wp-content\/uploads\/2026\/05\/Ramos-Spanish560-1.jpg\" alt=\"\" class=\"wp-image-32186\" srcset=\"https:\/\/www.americanonewspaper.com\/es\/wp-content\/uploads\/2026\/05\/Ramos-Spanish560-1.jpg 560w, https:\/\/www.americanonewspaper.com\/es\/wp-content\/uploads\/2026\/05\/Ramos-Spanish560-1-300x138.jpg 300w, https:\/\/www.americanonewspaper.com\/es\/wp-content\/uploads\/2026\/05\/Ramos-Spanish560-1-150x69.jpg 150w\" sizes=\"(max-width: 560px) 100vw, 560px\" \/><\/a><\/figure>\n\n\n\n<p class=\"wp-block-paragraph\">Los versos de este tema, que despunt\u00f3 su popularidad, le provocaron un llanto profundo, que se fue disipando, como si la m\u00fasica en verdad fuera un b\u00e1lsamo.<\/p>\n\n\n\n<p class=\"wp-block-paragraph\">El pulm\u00f3n de su p\u00fablico fue la mejor ayuda para que la tambi\u00e9n mexicana pudiera terminar el concierto con \u2018Melancol\u00eda\u2019, \u2018Otra noche de llorar\u2019 y \u2018Tu falta de querer\u2019.<\/p>\n\n\n\n<p class=\"wp-block-paragraph\">Este s\u00e1bado 30 y el domingo 31 de mayo la gira continuar\u00e1 en el Palacio de los Deportes, en Ciudad de M\u00e9xico.<\/p>\n\n\n\n<figure class=\"wp-block-image size-full\"><a href=\"https:\/\/inthepinkroom.com?utm_source=americanonewspaper&amp;utm_medium=referral&amp;utm_campaign=general\" target=\"_blank\" rel=\" noreferrer noopener\"><img loading=\"lazy\" decoding=\"async\" width=\"560\" height=\"300\" src=\"https:\/\/www.americanonewspaper.com\/es\/wp-content\/uploads\/2026\/05\/PinkRoomSpanishMay.jpeg\" alt=\"Fajas y Bras para cualquier ocasi\u00f3n.\" class=\"wp-image-32209\" srcset=\"https:\/\/www.americanonewspaper.com\/es\/wp-content\/uploads\/2026\/05\/PinkRoomSpanishMay.jpeg 560w, https:\/\/www.americanonewspaper.com\/es\/wp-content\/uploads\/2026\/05\/PinkRoomSpanishMay-300x161.jpeg 300w, https:\/\/www.americanonewspaper.com\/es\/wp-content\/uploads\/2026\/05\/PinkRoomSpanishMay-150x80.jpeg 150w\" sizes=\"(max-width: 560px) 100vw, 560px\" \/><\/a><figcaption class=\"wp-element-caption\">Fajas y Bras para cualquier ocasi\u00f3n. <\/figcaption><\/figure>\n\n\n\n<p class=\"wp-block-paragraph\"><\/p>\n","protected":false},"excerpt":{"rendered":"<p>Mon Laferte es una artista chilenomexicana. Ciudad de M\u00e9xico, 30 may (EFE).- Por David \u00c1lvarez Vestida de novia, la cantante chilenomexicana Mon Laferte confes\u00f3 este viernes su amor a M\u00e9xico entre l\u00e1grimas y ofici\u00f3 en el Palacio de los Deportes la que ser\u00e1 la primera de sus tres bodas musicales en la capital mexicana por [&hellip;]<\/p>\n","protected":false},"author":7,"featured_media":32352,"comment_status":"open","ping_status":"open","sticky":false,"template":"","format":"standard","meta":{"_acf_changed":false,"tdm_status":"","tdm_grid_status":"","_jetpack_newsletter_access":"","_jetpack_dont_email_post_to_subs":false,"_jetpack_newsletter_tier_id":0,"_jetpack_memberships_contains_paywalled_content":false,"_jetpack_feature_clip_id":0,"_jetpack_memberships_contains_paid_content":false,"footnotes":"","jetpack_publicize_message":"","jetpack_publicize_feature_enabled":true,"jetpack_social_post_already_shared":false,"jetpack_social_options":{"image_generator_settings":{"template":"highway","default_image_id":0,"font":"","enabled":false,"token":"eyJpbWciOiJodHRwczpcL1wvd3d3LmFtZXJpY2Fub25ld3NwYXBlci5jb21cL2VzXC93cC1jb250ZW50XC91cGxvYWRzXC8yMDI2XC8wNVwvTW9tLmpwZWciLCJ0eHQiOiJNb24gTGFmZXJ0ZSBhbWEgYSBNXHUwMGU5eGljbyIsInRlbXBsYXRlIjoiaGlnaHdheSIsImZvbnQiOiIiLCJibG9nX2lkIjoyMjg2MTk1NzR9.wpih4OQ00QKzlWESyBXzCQdOxExGYu59zPn0hbwsuIIMQ"},"version":2,"media_source":"featured-image","attached_media":[{"id":32352,"url":"https:\/\/www.americanonewspaper.com\/es\/wp-content\/uploads\/2026\/05\/Mom.jpeg","type":"image\/jpeg"}]},"_wpas_customize_per_network":false,"jetpack_post_was_ever_published":false,"_members_access_role":[],"_members_access_error":""},"categories":[717,527,528],"tags":[],"class_list":["post-32351","post","type-post","status-publish","format-standard","has-post-thumbnail","category-chile","category-farandula","category-mexico-2"],"acf":[],"yoast_head":"<!-- This site is optimized with the Yoast SEO Premium plugin v28.4 (Yoast SEO v28.4) - https:\/\/yoast.com\/product\/yoast-seo-premium-wordpress\/ -->\n<title>Mon Laferte ama a M\u00e9xico - Americano Newspaper<\/title>\n<meta name=\"description\" content=\"Vestida de novia, la cantante chilenomexicana Mon Laferte confes\u00f3 este viernes su amor a M\u00e9xico entre l\u00e1grimas y ofici\u00f3 en el Palacio de los Deportes la que ser\u00e1 la primera de sus tres bodas musicales en la capital mexicana por su gira \u2018Femme Fatale\u2019, con la que tambi\u00e9n estrenar\u00e1 su nuevo \u00e1lbum, \u2018Femme Fatale Vol 2\u2019, en junio.\" \/>\n<meta name=\"robots\" content=\"index, follow, max-snippet:-1, max-image-preview:large, max-video-preview:-1\" \/>\n<link rel=\"canonical\" href=\"https:\/\/www.americanonewspaper.com\/es\/farandula\/mon-laferte-ama-a-mexico\/\" \/>\n<meta property=\"og:locale\" content=\"en_US\" \/>\n<meta property=\"og:type\" content=\"article\" \/>\n<meta property=\"og:title\" content=\"Mon Laferte ama a M\u00e9xico\" \/>\n<meta property=\"og:description\" content=\"Vestida de novia, la cantante chilenomexicana Mon Laferte confes\u00f3 este viernes su amor a M\u00e9xico entre l\u00e1grimas y ofici\u00f3 en el Palacio de los Deportes la que ser\u00e1 la primera de sus tres bodas musicales en la capital mexicana por su gira \u2018Femme Fatale\u2019, con la que tambi\u00e9n estrenar\u00e1 su nuevo \u00e1lbum, \u2018Femme Fatale Vol 2\u2019, en junio.\" \/>\n<meta property=\"og:url\" content=\"https:\/\/www.americanonewspaper.com\/es\/farandula\/mon-laferte-ama-a-mexico\/\" \/>\n<meta property=\"og:site_name\" content=\"Americano Newspaper\" \/>\n<meta property=\"article:publisher\" content=\"https:\/\/www.facebook.com\/AmericanoNewspaper\/\" \/>\n<meta property=\"article:published_time\" content=\"2026-05-30T14:10:58+00:00\" \/>\n<meta property=\"article:modified_time\" content=\"2026-05-30T14:16:40+00:00\" \/>\n<meta property=\"og:image\" content=\"https:\/\/www.americanonewspaper.com\/es\/wp-content\/uploads\/2026\/05\/Mom.jpeg\" \/>\n\t<meta property=\"og:image:width\" content=\"560\" \/>\n\t<meta property=\"og:image:height\" content=\"373\" \/>\n\t<meta property=\"og:image:type\" content=\"image\/jpeg\" \/>\n<meta name=\"author\" content=\"Author\" \/>\n<meta name=\"twitter:card\" content=\"summary_large_image\" \/>\n<meta name=\"twitter:label1\" content=\"Written by\" \/>\n\t<meta name=\"twitter:data1\" content=\"Author\" \/>\n\t<meta name=\"twitter:label2\" content=\"Est. reading time\" \/>\n\t<meta name=\"twitter:data2\" content=\"5 minutes\" \/>\n<script type=\"application\/ld+json\" class=\"yoast-schema-graph\">{\"@context\":\"https:\\\/\\\/schema.org\",\"@graph\":[{\"@type\":\"Article\",\"@id\":\"https:\\\/\\\/www.americanonewspaper.com\\\/es\\\/farandula\\\/mon-laferte-ama-a-mexico\\\/#article\",\"isPartOf\":{\"@id\":\"https:\\\/\\\/www.americanonewspaper.com\\\/es\\\/farandula\\\/mon-laferte-ama-a-mexico\\\/\"},\"author\":{\"name\":\"Author\",\"@id\":\"https:\\\/\\\/www.americanonewspaper.com\\\/es\\\/#\\\/schema\\\/person\\\/8967f6b8af7e37bcbbe61f68580ff088\"},\"headline\":\"Mon Laferte ama a M\u00e9xico\",\"datePublished\":\"2026-05-30T14:10:58+00:00\",\"dateModified\":\"2026-05-30T14:16:40+00:00\",\"mainEntityOfPage\":{\"@id\":\"https:\\\/\\\/www.americanonewspaper.com\\\/es\\\/farandula\\\/mon-laferte-ama-a-mexico\\\/\"},\"wordCount\":642,\"commentCount\":0,\"publisher\":{\"@id\":\"https:\\\/\\\/www.americanonewspaper.com\\\/es\\\/#organization\"},\"image\":{\"@id\":\"https:\\\/\\\/www.americanonewspaper.com\\\/es\\\/farandula\\\/mon-laferte-ama-a-mexico\\\/#primaryimage\"},\"thumbnailUrl\":\"https:\\\/\\\/www.americanonewspaper.com\\\/es\\\/wp-content\\\/uploads\\\/2026\\\/05\\\/Mom.jpeg\",\"articleSection\":[\"Chile\",\"Far\u00e1ndula\",\"M\u00e9xico\"],\"inLanguage\":\"en-US\",\"potentialAction\":[{\"@type\":\"CommentAction\",\"name\":\"Comment\",\"target\":[\"https:\\\/\\\/www.americanonewspaper.com\\\/es\\\/farandula\\\/mon-laferte-ama-a-mexico\\\/#respond\"]}]},{\"@type\":\"WebPage\",\"@id\":\"https:\\\/\\\/www.americanonewspaper.com\\\/es\\\/farandula\\\/mon-laferte-ama-a-mexico\\\/\",\"url\":\"https:\\\/\\\/www.americanonewspaper.com\\\/es\\\/farandula\\\/mon-laferte-ama-a-mexico\\\/\",\"name\":\"Mon Laferte ama a M\u00e9xico - Americano Newspaper\",\"isPartOf\":{\"@id\":\"https:\\\/\\\/www.americanonewspaper.com\\\/es\\\/#website\"},\"primaryImageOfPage\":{\"@id\":\"https:\\\/\\\/www.americanonewspaper.com\\\/es\\\/farandula\\\/mon-laferte-ama-a-mexico\\\/#primaryimage\"},\"image\":{\"@id\":\"https:\\\/\\\/www.americanonewspaper.com\\\/es\\\/farandula\\\/mon-laferte-ama-a-mexico\\\/#primaryimage\"},\"thumbnailUrl\":\"https:\\\/\\\/www.americanonewspaper.com\\\/es\\\/wp-content\\\/uploads\\\/2026\\\/05\\\/Mom.jpeg\",\"datePublished\":\"2026-05-30T14:10:58+00:00\",\"dateModified\":\"2026-05-30T14:16:40+00:00\",\"description\":\"Vestida de novia, la cantante chilenomexicana Mon Laferte confes\u00f3 este viernes su amor a M\u00e9xico entre l\u00e1grimas y ofici\u00f3 en el Palacio de los Deportes la que ser\u00e1 la primera de sus tres bodas musicales en la capital mexicana por su gira \u2018Femme Fatale\u2019, con la que tambi\u00e9n estrenar\u00e1 su nuevo \u00e1lbum, \u2018Femme Fatale Vol 2\u2019, en junio.\",\"breadcrumb\":{\"@id\":\"https:\\\/\\\/www.americanonewspaper.com\\\/es\\\/farandula\\\/mon-laferte-ama-a-mexico\\\/#breadcrumb\"},\"inLanguage\":\"en-US\",\"potentialAction\":[{\"@type\":\"ReadAction\",\"target\":[\"https:\\\/\\\/www.americanonewspaper.com\\\/es\\\/farandula\\\/mon-laferte-ama-a-mexico\\\/\"]}]},{\"@type\":\"ImageObject\",\"inLanguage\":\"en-US\",\"@id\":\"https:\\\/\\\/www.americanonewspaper.com\\\/es\\\/farandula\\\/mon-laferte-ama-a-mexico\\\/#primaryimage\",\"url\":\"https:\\\/\\\/www.americanonewspaper.com\\\/es\\\/wp-content\\\/uploads\\\/2026\\\/05\\\/Mom.jpeg\",\"contentUrl\":\"https:\\\/\\\/www.americanonewspaper.com\\\/es\\\/wp-content\\\/uploads\\\/2026\\\/05\\\/Mom.jpeg\",\"width\":560,\"height\":373,\"caption\":\"La cantante chilenomexicana Mon Laferte act\u00faa en un concierto en el Palacio de los Deportes en Ciudad de M\u00e9xico, M\u00e9xico, el 29 de mayo de 2026. EFE\\\/ S\u00e1shenka Guti\u00e9rrez\"},{\"@type\":\"BreadcrumbList\",\"@id\":\"https:\\\/\\\/www.americanonewspaper.com\\\/es\\\/farandula\\\/mon-laferte-ama-a-mexico\\\/#breadcrumb\",\"itemListElement\":[{\"@type\":\"ListItem\",\"position\":1,\"name\":\"Home\",\"item\":\"https:\\\/\\\/www.americanonewspaper.com\\\/es\\\/\"},{\"@type\":\"ListItem\",\"position\":2,\"name\":\"Mon Laferte ama a M\u00e9xico\"}]},{\"@type\":\"WebSite\",\"@id\":\"https:\\\/\\\/www.americanonewspaper.com\\\/es\\\/#website\",\"url\":\"https:\\\/\\\/www.americanonewspaper.com\\\/es\\\/\",\"name\":\"Americano Newspaper\",\"description\":\"The Hispanic Newspaper of New Jersey.\",\"publisher\":{\"@id\":\"https:\\\/\\\/www.americanonewspaper.com\\\/es\\\/#organization\"},\"potentialAction\":[{\"@type\":\"SearchAction\",\"target\":{\"@type\":\"EntryPoint\",\"urlTemplate\":\"https:\\\/\\\/www.americanonewspaper.com\\\/es\\\/?s={search_term_string}\"},\"query-input\":{\"@type\":\"PropertyValueSpecification\",\"valueRequired\":true,\"valueName\":\"search_term_string\"}}],\"inLanguage\":\"en-US\"},{\"@type\":\"Organization\",\"@id\":\"https:\\\/\\\/www.americanonewspaper.com\\\/es\\\/#organization\",\"name\":\"Americano Newspaper\",\"url\":\"https:\\\/\\\/www.americanonewspaper.com\\\/es\\\/\",\"logo\":{\"@type\":\"ImageObject\",\"inLanguage\":\"en-US\",\"@id\":\"https:\\\/\\\/www.americanonewspaper.com\\\/es\\\/#\\\/schema\\\/logo\\\/image\\\/\",\"url\":\"https:\\\/\\\/www.americanonewspaper.com\\\/es\\\/wp-content\\\/uploads\\\/2024\\\/05\\\/AmericanoLogoCircle.comCircle2.jpg\",\"contentUrl\":\"https:\\\/\\\/www.americanonewspaper.com\\\/es\\\/wp-content\\\/uploads\\\/2024\\\/05\\\/AmericanoLogoCircle.comCircle2.jpg\",\"width\":600,\"height\":600,\"caption\":\"Americano Newspaper\"},\"image\":{\"@id\":\"https:\\\/\\\/www.americanonewspaper.com\\\/es\\\/#\\\/schema\\\/logo\\\/image\\\/\"},\"sameAs\":[\"https:\\\/\\\/www.facebook.com\\\/AmericanoNewspaper\\\/\"]},{\"@type\":\"Person\",\"@id\":\"https:\\\/\\\/www.americanonewspaper.com\\\/es\\\/#\\\/schema\\\/person\\\/8967f6b8af7e37bcbbe61f68580ff088\",\"name\":\"Author\",\"image\":{\"@type\":\"ImageObject\",\"inLanguage\":\"en-US\",\"@id\":\"https:\\\/\\\/www.americanonewspaper.com\\\/es\\\/wp-content\\\/litespeed\\\/avatar\\\/89ffaf6af3cf6769ffb3c6efb2313947.jpg?ver=1787930627\",\"url\":\"https:\\\/\\\/www.americanonewspaper.com\\\/es\\\/wp-content\\\/litespeed\\\/avatar\\\/89ffaf6af3cf6769ffb3c6efb2313947.jpg?ver=1787930627\",\"contentUrl\":\"https:\\\/\\\/www.americanonewspaper.com\\\/es\\\/wp-content\\\/litespeed\\\/avatar\\\/89ffaf6af3cf6769ffb3c6efb2313947.jpg?ver=1787930627\",\"caption\":\"Author\"},\"url\":\"https:\\\/\\\/www.americanonewspaper.com\\\/es\\\/author\\\/americano\\\/\"}]}<\/script>\n<!-- \/ Yoast SEO Premium plugin. -->","yoast_head_json":{"title":"Mon Laferte ama a M\u00e9xico - Americano Newspaper","description":"Vestida de novia, la cantante chilenomexicana Mon Laferte confes\u00f3 este viernes su amor a M\u00e9xico entre l\u00e1grimas y ofici\u00f3 en el Palacio de los Deportes la que ser\u00e1 la primera de sus tres bodas musicales en la capital mexicana por su gira \u2018Femme Fatale\u2019, con la que tambi\u00e9n estrenar\u00e1 su nuevo \u00e1lbum, \u2018Femme Fatale Vol 2\u2019, en junio.","robots":{"index":"index","follow":"follow","max-snippet":"max-snippet:-1","max-image-preview":"max-image-preview:large","max-video-preview":"max-video-preview:-1"},"canonical":"https:\/\/www.americanonewspaper.com\/es\/farandula\/mon-laferte-ama-a-mexico\/","og_locale":"en_US","og_type":"article","og_title":"Mon Laferte ama a M\u00e9xico","og_description":"Vestida de novia, la cantante chilenomexicana Mon Laferte confes\u00f3 este viernes su amor a M\u00e9xico entre l\u00e1grimas y ofici\u00f3 en el Palacio de los Deportes la que ser\u00e1 la primera de sus tres bodas musicales en la capital mexicana por su gira \u2018Femme Fatale\u2019, con la que tambi\u00e9n estrenar\u00e1 su nuevo \u00e1lbum, \u2018Femme Fatale Vol 2\u2019, en junio.","og_url":"https:\/\/www.americanonewspaper.com\/es\/farandula\/mon-laferte-ama-a-mexico\/","og_site_name":"Americano Newspaper","article_publisher":"https:\/\/www.facebook.com\/AmericanoNewspaper\/","article_published_time":"2026-05-30T14:10:58+00:00","article_modified_time":"2026-05-30T14:16:40+00:00","og_image":[{"width":560,"height":373,"url":"https:\/\/www.americanonewspaper.com\/es\/wp-content\/uploads\/2026\/05\/Mom.jpeg","type":"image\/jpeg"}],"author":"Author","twitter_card":"summary_large_image","twitter_misc":{"Written by":"Author","Est. reading time":"5 minutes"},"schema":{"@context":"https:\/\/schema.org","@graph":[{"@type":"Article","@id":"https:\/\/www.americanonewspaper.com\/es\/farandula\/mon-laferte-ama-a-mexico\/#article","isPartOf":{"@id":"https:\/\/www.americanonewspaper.com\/es\/farandula\/mon-laferte-ama-a-mexico\/"},"author":{"name":"Author","@id":"https:\/\/www.americanonewspaper.com\/es\/#\/schema\/person\/8967f6b8af7e37bcbbe61f68580ff088"},"headline":"Mon Laferte ama a M\u00e9xico","datePublished":"2026-05-30T14:10:58+00:00","dateModified":"2026-05-30T14:16:40+00:00","mainEntityOfPage":{"@id":"https:\/\/www.americanonewspaper.com\/es\/farandula\/mon-laferte-ama-a-mexico\/"},"wordCount":642,"commentCount":0,"publisher":{"@id":"https:\/\/www.americanonewspaper.com\/es\/#organization"},"image":{"@id":"https:\/\/www.americanonewspaper.com\/es\/farandula\/mon-laferte-ama-a-mexico\/#primaryimage"},"thumbnailUrl":"https:\/\/www.americanonewspaper.com\/es\/wp-content\/uploads\/2026\/05\/Mom.jpeg","articleSection":["Chile","Far\u00e1ndula","M\u00e9xico"],"inLanguage":"en-US","potentialAction":[{"@type":"CommentAction","name":"Comment","target":["https:\/\/www.americanonewspaper.com\/es\/farandula\/mon-laferte-ama-a-mexico\/#respond"]}]},{"@type":"WebPage","@id":"https:\/\/www.americanonewspaper.com\/es\/farandula\/mon-laferte-ama-a-mexico\/","url":"https:\/\/www.americanonewspaper.com\/es\/farandula\/mon-laferte-ama-a-mexico\/","name":"Mon Laferte ama a M\u00e9xico - Americano Newspaper","isPartOf":{"@id":"https:\/\/www.americanonewspaper.com\/es\/#website"},"primaryImageOfPage":{"@id":"https:\/\/www.americanonewspaper.com\/es\/farandula\/mon-laferte-ama-a-mexico\/#primaryimage"},"image":{"@id":"https:\/\/www.americanonewspaper.com\/es\/farandula\/mon-laferte-ama-a-mexico\/#primaryimage"},"thumbnailUrl":"https:\/\/www.americanonewspaper.com\/es\/wp-content\/uploads\/2026\/05\/Mom.jpeg","datePublished":"2026-05-30T14:10:58+00:00","dateModified":"2026-05-30T14:16:40+00:00","description":"Vestida de novia, la cantante chilenomexicana Mon Laferte confes\u00f3 este viernes su amor a M\u00e9xico entre l\u00e1grimas y ofici\u00f3 en el Palacio de los Deportes la que ser\u00e1 la primera de sus tres bodas musicales en la capital mexicana por su gira \u2018Femme Fatale\u2019, con la que tambi\u00e9n estrenar\u00e1 su nuevo \u00e1lbum, \u2018Femme Fatale Vol 2\u2019, en junio.","breadcrumb":{"@id":"https:\/\/www.americanonewspaper.com\/es\/farandula\/mon-laferte-ama-a-mexico\/#breadcrumb"},"inLanguage":"en-US","potentialAction":[{"@type":"ReadAction","target":["https:\/\/www.americanonewspaper.com\/es\/farandula\/mon-laferte-ama-a-mexico\/"]}]},{"@type":"ImageObject","inLanguage":"en-US","@id":"https:\/\/www.americanonewspaper.com\/es\/farandula\/mon-laferte-ama-a-mexico\/#primaryimage","url":"https:\/\/www.americanonewspaper.com\/es\/wp-content\/uploads\/2026\/05\/Mom.jpeg","contentUrl":"https:\/\/www.americanonewspaper.com\/es\/wp-content\/uploads\/2026\/05\/Mom.jpeg","width":560,"height":373,"caption":"La cantante chilenomexicana Mon Laferte act\u00faa en un concierto en el Palacio de los Deportes en Ciudad de M\u00e9xico, M\u00e9xico, el 29 de mayo de 2026. EFE\/ S\u00e1shenka Guti\u00e9rrez"},{"@type":"BreadcrumbList","@id":"https:\/\/www.americanonewspaper.com\/es\/farandula\/mon-laferte-ama-a-mexico\/#breadcrumb","itemListElement":[{"@type":"ListItem","position":1,"name":"Home","item":"https:\/\/www.americanonewspaper.com\/es\/"},{"@type":"ListItem","position":2,"name":"Mon Laferte ama a M\u00e9xico"}]},{"@type":"WebSite","@id":"https:\/\/www.americanonewspaper.com\/es\/#website","url":"https:\/\/www.americanonewspaper.com\/es\/","name":"Americano Newspaper","description":"The Hispanic Newspaper of New Jersey.","publisher":{"@id":"https:\/\/www.americanonewspaper.com\/es\/#organization"},"potentialAction":[{"@type":"SearchAction","target":{"@type":"EntryPoint","urlTemplate":"https:\/\/www.americanonewspaper.com\/es\/?s={search_term_string}"},"query-input":{"@type":"PropertyValueSpecification","valueRequired":true,"valueName":"search_term_string"}}],"inLanguage":"en-US"},{"@type":"Organization","@id":"https:\/\/www.americanonewspaper.com\/es\/#organization","name":"Americano Newspaper","url":"https:\/\/www.americanonewspaper.com\/es\/","logo":{"@type":"ImageObject","inLanguage":"en-US","@id":"https:\/\/www.americanonewspaper.com\/es\/#\/schema\/logo\/image\/","url":"https:\/\/www.americanonewspaper.com\/es\/wp-content\/uploads\/2024\/05\/AmericanoLogoCircle.comCircle2.jpg","contentUrl":"https:\/\/www.americanonewspaper.com\/es\/wp-content\/uploads\/2024\/05\/AmericanoLogoCircle.comCircle2.jpg","width":600,"height":600,"caption":"Americano Newspaper"},"image":{"@id":"https:\/\/www.americanonewspaper.com\/es\/#\/schema\/logo\/image\/"},"sameAs":["https:\/\/www.facebook.com\/AmericanoNewspaper\/"]},{"@type":"Person","@id":"https:\/\/www.americanonewspaper.com\/es\/#\/schema\/person\/8967f6b8af7e37bcbbe61f68580ff088","name":"Author","image":{"@type":"ImageObject","inLanguage":"en-US","@id":"https:\/\/www.americanonewspaper.com\/es\/wp-content\/litespeed\/avatar\/89ffaf6af3cf6769ffb3c6efb2313947.jpg?ver=1787930627","url":"https:\/\/www.americanonewspaper.com\/es\/wp-content\/litespeed\/avatar\/89ffaf6af3cf6769ffb3c6efb2313947.jpg?ver=1787930627","contentUrl":"https:\/\/www.americanonewspaper.com\/es\/wp-content\/litespeed\/avatar\/89ffaf6af3cf6769ffb3c6efb2313947.jpg?ver=1787930627","caption":"Author"},"url":"https:\/\/www.americanonewspaper.com\/es\/author\/americano\/"}]}},"jetpack_publicize_connections":[],"featured_image_urls":{"full":["https:\/\/www.americanonewspaper.com\/es\/wp-content\/uploads\/2026\/05\/Mom.jpeg",560,373,false],"thumbnail":["https:\/\/www.americanonewspaper.com\/es\/wp-content\/uploads\/2026\/05\/Mom-250x250.jpeg",250,250,true],"medium":["https:\/\/www.americanonewspaper.com\/es\/wp-content\/uploads\/2026\/05\/Mom-300x200.jpeg",300,200,true],"medium_large":["https:\/\/www.americanonewspaper.com\/es\/wp-content\/uploads\/2026\/05\/Mom.jpeg",560,373,false],"large":["https:\/\/www.americanonewspaper.com\/es\/wp-content\/uploads\/2026\/05\/Mom.jpeg",560,373,false],"1536x1536":["https:\/\/www.americanonewspaper.com\/es\/wp-content\/uploads\/2026\/05\/Mom.jpeg",560,373,false],"2048x2048":["https:\/\/www.americanonewspaper.com\/es\/wp-content\/uploads\/2026\/05\/Mom.jpeg",560,373,false],"td_150x0":["https:\/\/www.americanonewspaper.com\/es\/wp-content\/uploads\/2026\/05\/Mom-150x100.jpeg",150,100,true],"td_218x150":["https:\/\/www.americanonewspaper.com\/es\/wp-content\/uploads\/2026\/05\/Mom-218x150.jpeg",218,150,true],"td_300x0":["https:\/\/www.americanonewspaper.com\/es\/wp-content\/uploads\/2026\/05\/Mom-300x200.jpeg",300,200,true],"td_324x400":["https:\/\/www.americanonewspaper.com\/es\/wp-content\/uploads\/2026\/05\/Mom-324x373.jpeg",324,373,true],"td_485x360":["https:\/\/www.americanonewspaper.com\/es\/wp-content\/uploads\/2026\/05\/Mom-485x360.jpeg",485,360,true],"td_696x0":["https:\/\/www.americanonewspaper.com\/es\/wp-content\/uploads\/2026\/05\/Mom.jpeg",560,373,false],"td_1068x0":["https:\/\/www.americanonewspaper.com\/es\/wp-content\/uploads\/2026\/05\/Mom.jpeg",560,373,false],"td_1920x0":["https:\/\/www.americanonewspaper.com\/es\/wp-content\/uploads\/2026\/05\/Mom.jpeg",560,373,false],"bdpp-medium":["https:\/\/www.americanonewspaper.com\/es\/wp-content\/uploads\/2026\/05\/Mom.jpeg",560,373,false]},"author_info":{"display_name":"Author","author_link":"https:\/\/www.americanonewspaper.com\/es\/author\/americano\/"},"category_info":"<a href=\"https:\/\/www.americanonewspaper.com\/es\/category\/chile\/\" rel=\"category tag\">Chile<\/a> <a href=\"https:\/\/www.americanonewspaper.com\/es\/category\/farandula\/\" rel=\"category tag\">Far\u00e1ndula<\/a> <a href=\"https:\/\/www.americanonewspaper.com\/es\/category\/mexico-2\/\" rel=\"category tag\">M\u00e9xico<\/a>","tag_info":"M\u00e9xico","comment_count":"0","jetpack_sharing_enabled":true,"jetpack_likes_enabled":true,"jetpack_featured_media_url":"https:\/\/www.americanonewspaper.com\/es\/wp-content\/uploads\/2026\/05\/Mom.jpeg","_links":{"self":[{"href":"https:\/\/www.americanonewspaper.com\/es\/wp-json\/wp\/v2\/posts\/32351","targetHints":{"allow":["GET"]}}],"collection":[{"href":"https:\/\/www.americanonewspaper.com\/es\/wp-json\/wp\/v2\/posts"}],"about":[{"href":"https:\/\/www.americanonewspaper.com\/es\/wp-json\/wp\/v2\/types\/post"}],"author":[{"embeddable":true,"href":"https:\/\/www.americanonewspaper.com\/es\/wp-json\/wp\/v2\/users\/7"}],"replies":[{"embeddable":true,"href":"https:\/\/www.americanonewspaper.com\/es\/wp-json\/wp\/v2\/comments?post=32351"}],"version-history":[{"count":2,"href":"https:\/\/www.americanonewspaper.com\/es\/wp-json\/wp\/v2\/posts\/32351\/revisions"}],"predecessor-version":[{"id":32357,"href":"https:\/\/www.americanonewspaper.com\/es\/wp-json\/wp\/v2\/posts\/32351\/revisions\/32357"}],"wp:featuredmedia":[{"embeddable":true,"href":"https:\/\/www.americanonewspaper.com\/es\/wp-json\/wp\/v2\/media\/32352"}],"wp:attachment":[{"href":"https:\/\/www.americanonewspaper.com\/es\/wp-json\/wp\/v2\/media?parent=32351"}],"wp:term":[{"taxonomy":"category","embeddable":true,"href":"https:\/\/www.americanonewspaper.com\/es\/wp-json\/wp\/v2\/categories?post=32351"},{"taxonomy":"post_tag","embeddable":true,"href":"https:\/\/www.americanonewspaper.com\/es\/wp-json\/wp\/v2\/tags?post=32351"}],"curies":[{"name":"wp","href":"https:\/\/api.w.org\/{rel}","templated":true}]}}