{"id":32015,"date":"2026-05-01T18:01:47","date_gmt":"2026-05-01T22:01:47","guid":{"rendered":"https:\/\/www.americanonewspaper.com\/es\/?p=32015"},"modified":"2026-05-01T18:01:54","modified_gmt":"2026-05-01T22:01:54","slug":"mbappe-trabaja-al-margen-con-la-vista-puesta-en-el-clasico","status":"publish","type":"post","link":"https:\/\/www.americanonewspaper.com\/es\/futbol-2\/mbappe-trabaja-al-margen-con-la-vista-puesta-en-el-clasico\/","title":{"rendered":"Mbapp\u00e9 trabaja al margen con la vista puesta en el cl\u00e1sico"},"content":{"rendered":"\n<p>Madrid, 1 may (EFE).<\/p>\n\n\n\n<p class=\"has-drop-cap\">Kylian Mbapp\u00e9, delantero del Real Madrid, volvi\u00f3 a trabajar este viernes al margen del resto de sus compa\u00f1eros a la espera de una posible recuperaci\u00f3n que le permita enfrentarse al Barcelona en el Camp Nou dentro de dos jornadas.<\/p>\n\n\n\n<figure class=\"wp-block-image size-full\"><a href=\"https:\/\/ggllawyers.com\/es\/new-jersey-personal-injury-and-workers-compensation-lawyer\/\" target=\"_blank\" rel=\" noreferrer noopener\"><img fetchpriority=\"high\" decoding=\"async\" width=\"560\" height=\"269\" src=\"https:\/\/www.americanonewspaper.com\/es\/wp-content\/uploads\/2026\/04\/GGlSpanish-1.jpg\" alt=\"Abogados de Accidentes\" class=\"wp-image-31908\" srcset=\"https:\/\/www.americanonewspaper.com\/es\/wp-content\/uploads\/2026\/04\/GGlSpanish-1.jpg 560w, https:\/\/www.americanonewspaper.com\/es\/wp-content\/uploads\/2026\/04\/GGlSpanish-1-300x144.jpg 300w, https:\/\/www.americanonewspaper.com\/es\/wp-content\/uploads\/2026\/04\/GGlSpanish-1-150x72.jpg 150w\" sizes=\"(max-width: 560px) 100vw, 560px\" \/><\/a><figcaption class=\"wp-element-caption\">Abogados de Accidentes<\/figcaption><\/figure>\n\n\n\n<p>El atacante franc\u00e9s sufre una lesi\u00f3n en el m\u00fasculo semitendinoso de su pierna izquierda y no podr\u00e1 enfrentarse al Espanyol este domingo, en partido correspondiente a la trig\u00e9sima cuarta jornada de LaLiga EA Sports (Primera Divisi\u00f3n).<\/p>\n\n\n\n<p>Est\u00e1 totalmente descartado y este viernes no pudo ejercitarse a las \u00f3rdenes de \u00c1lvaro Arbeloa, aunque en el club blanco mantienen la esperanza de que llegue al duelo frente al Barcelona.<\/p>\n\n\n\n<figure class=\"wp-block-image size-full\"><a href=\"https:\/\/www.linkedin.com\/authwall?trk=gf&amp;trkInfo=AQFfO8RoyelTJwAAAZ3cHpEg-it9shQ8u81YgOYH2aNTzmOSH3n7FDyd46OPbvkXS2a6t39sLOHLvDS6OTw4uQK1tBdvc8aNSerQt43F8qDxWRnnvhNtX9Ga-qMHiZLCmZzVg_Q=&amp;original_referer=&amp;sessionRedirect=https%3A%2F%2Fwww.linkedin.com%2Fin%2Fjaimeberrios%2F\" target=\"_blank\" rel=\" noreferrer noopener\"><img decoding=\"async\" width=\"560\" height=\"257\" src=\"https:\/\/www.americanonewspaper.com\/es\/wp-content\/uploads\/2026\/04\/Jaime-copy-2.jpg\" alt=\"Paul Miller Toyota\" class=\"wp-image-31923\" srcset=\"https:\/\/www.americanonewspaper.com\/es\/wp-content\/uploads\/2026\/04\/Jaime-copy-2.jpg 560w, https:\/\/www.americanonewspaper.com\/es\/wp-content\/uploads\/2026\/04\/Jaime-copy-2-300x138.jpg 300w, https:\/\/www.americanonewspaper.com\/es\/wp-content\/uploads\/2026\/04\/Jaime-copy-2-150x69.jpg 150w\" sizes=\"(max-width: 560px) 100vw, 560px\" \/><\/a><figcaption class=\"wp-element-caption\">Paul Miller Toyota<\/figcaption><\/figure>\n\n\n\n<p>El guardameta Thibaut Courtois est\u00e1 en una circunstancia similar. No juega desde marzo por una lesi\u00f3n muscular en el recto anterior de su cu\u00e1driceps derecho y, con m\u00e1s opciones que Mbapp\u00e9, se espera que llega a la cita del Camp Nou. El belga ha alternado esta semana entrenamientos en solitario con ratos junto al resto de sus compa\u00f1eros. Poco a poco, atisba la luz al final del t\u00fanel.<\/p>\n\n\n\n<figure class=\"wp-block-image size-full\"><a href=\"https:\/\/www.manuelbatistalaw.com\/\" target=\"_blank\" rel=\" noreferrer noopener\"><img decoding=\"async\" width=\"560\" height=\"257\" src=\"https:\/\/www.americanonewspaper.com\/es\/wp-content\/uploads\/2026\/04\/ManuelBatistaSpanish-1.jpg\" alt=\"\" class=\"wp-image-31926\" srcset=\"https:\/\/www.americanonewspaper.com\/es\/wp-content\/uploads\/2026\/04\/ManuelBatistaSpanish-1.jpg 560w, https:\/\/www.americanonewspaper.com\/es\/wp-content\/uploads\/2026\/04\/ManuelBatistaSpanish-1-300x138.jpg 300w, https:\/\/www.americanonewspaper.com\/es\/wp-content\/uploads\/2026\/04\/ManuelBatistaSpanish-1-150x69.jpg 150w\" sizes=\"(max-width: 560px) 100vw, 560px\" \/><\/a><\/figure>\n\n\n\n<p>Por su parte, Dani Carvajal, que gener\u00f3 dudas a principio de semana por un golpe en su pie derecho, trabaj\u00f3 en el interior de las instalaciones de la Ciudad Real Madrid. Si no hay sorpresas, estar\u00e1 disponible para enfrentarse al Espanyol.<\/p>\n\n\n\n<p>Los otros dos lesionados, Arda G\u00fcler y \u00c9der Militao, no se entrenaron junto al resto de sus compa\u00f1eros y mantienen sus procesos de recuperaci\u00f3n, seg\u00fan inform\u00f3 la web oficial del Real Madrid. EFE<\/p>\n\n\n\n<figure class=\"wp-block-image size-full\"><a href=\"https:\/\/ramospodiatry.com\/\" target=\"_blank\" rel=\" noreferrer noopener\"><img loading=\"lazy\" decoding=\"async\" width=\"560\" height=\"257\" src=\"https:\/\/www.americanonewspaper.com\/es\/wp-content\/uploads\/2026\/04\/Ramos-Spanish560-2.jpg\" alt=\"\" class=\"wp-image-31925\" srcset=\"https:\/\/www.americanonewspaper.com\/es\/wp-content\/uploads\/2026\/04\/Ramos-Spanish560-2.jpg 560w, https:\/\/www.americanonewspaper.com\/es\/wp-content\/uploads\/2026\/04\/Ramos-Spanish560-2-300x138.jpg 300w, https:\/\/www.americanonewspaper.com\/es\/wp-content\/uploads\/2026\/04\/Ramos-Spanish560-2-150x69.jpg 150w\" sizes=\"(max-width: 560px) 100vw, 560px\" \/><\/a><\/figure>\n","protected":false},"excerpt":{"rendered":"<p>Madrid, 1 may (EFE). Kylian Mbapp\u00e9, delantero del Real Madrid, volvi\u00f3 a trabajar este viernes al margen del resto de sus compa\u00f1eros a la espera de una posible recuperaci\u00f3n que le permita enfrentarse al Barcelona en el Camp Nou dentro de dos jornadas. El atacante franc\u00e9s sufre una lesi\u00f3n en el m\u00fasculo semitendinoso de su [&hellip;]<\/p>\n","protected":false},"author":14,"featured_media":32016,"comment_status":"open","ping_status":"open","sticky":false,"template":"","format":"standard","meta":{"_acf_changed":false,"tdm_status":"","tdm_grid_status":"","_jetpack_memberships_contains_paid_content":false,"footnotes":"","jetpack_publicize_message":"","jetpack_publicize_feature_enabled":true,"jetpack_social_post_already_shared":true,"jetpack_social_options":{"image_generator_settings":{"template":"highway","default_image_id":0,"font":"","enabled":false},"version":2},"_wpas_customize_per_network":false},"categories":[608,961,787],"tags":[],"class_list":{"0":"post-32015","1":"post","2":"type-post","3":"status-publish","4":"format-standard","5":"has-post-thumbnail","7":"category-futbol-2","8":"category-kylian-mbappe-2","9":"category-real-madrid"},"acf":[],"yoast_head":"<!-- This site is optimized with the Yoast SEO Premium plugin v27.5 (Yoast SEO v27.5) - https:\/\/yoast.com\/product\/yoast-seo-premium-wordpress\/ -->\n<title>Mbapp\u00e9 trabaja al margen con la vista puesta en el cl\u00e1sico - Americano Newspaper<\/title>\n<meta name=\"description\" content=\"Kylian Mbapp\u00e9, delantero del Real Madrid, volvi\u00f3 a trabajar este viernes al margen del resto de sus compa\u00f1eros a la espera de una posible recuperaci\u00f3n que le permita enfrentarse al Barcelona en el Camp Nou dentro de dos jornadas.\" \/>\n<meta name=\"robots\" content=\"index, follow, max-snippet:-1, max-image-preview:large, max-video-preview:-1\" \/>\n<link rel=\"canonical\" href=\"https:\/\/www.americanonewspaper.com\/es\/futbol-2\/mbappe-trabaja-al-margen-con-la-vista-puesta-en-el-clasico\/\" \/>\n<meta property=\"og:locale\" content=\"en_US\" \/>\n<meta property=\"og:type\" content=\"article\" \/>\n<meta property=\"og:title\" content=\"Mbapp\u00e9 trabaja al margen con la vista puesta en el cl\u00e1sico\" \/>\n<meta property=\"og:description\" content=\"Kylian Mbapp\u00e9, delantero del Real Madrid, volvi\u00f3 a trabajar este viernes al margen del resto de sus compa\u00f1eros a la espera de una posible recuperaci\u00f3n que le permita enfrentarse al Barcelona en el Camp Nou dentro de dos jornadas.\" \/>\n<meta property=\"og:url\" content=\"https:\/\/www.americanonewspaper.com\/es\/futbol-2\/mbappe-trabaja-al-margen-con-la-vista-puesta-en-el-clasico\/\" \/>\n<meta property=\"og:site_name\" content=\"Americano Newspaper\" \/>\n<meta property=\"article:publisher\" content=\"https:\/\/www.facebook.com\/AmericanoNewspaper\/\" \/>\n<meta property=\"article:published_time\" content=\"2026-05-01T22:01:47+00:00\" \/>\n<meta property=\"article:modified_time\" content=\"2026-05-01T22:01:54+00:00\" \/>\n<meta property=\"og:image\" content=\"https:\/\/www.americanonewspaper.com\/es\/wp-content\/uploads\/2026\/05\/ac9cdff0209e9a2eaffe87f192267aa51efee0ec.jpg\" \/>\n\t<meta property=\"og:image:width\" content=\"560\" \/>\n\t<meta property=\"og:image:height\" content=\"373\" \/>\n\t<meta property=\"og:image:type\" content=\"image\/jpeg\" \/>\n<meta name=\"author\" content=\"Harmony Quintana\" \/>\n<meta name=\"twitter:card\" content=\"summary_large_image\" \/>\n<meta name=\"twitter:label1\" content=\"Written by\" \/>\n\t<meta name=\"twitter:data1\" content=\"Harmony Quintana\" \/>\n\t<meta name=\"twitter:label2\" content=\"Est. reading time\" \/>\n\t<meta name=\"twitter:data2\" content=\"3 minutes\" \/>\n<script type=\"application\/ld+json\" class=\"yoast-schema-graph\">{\"@context\":\"https:\\\/\\\/schema.org\",\"@graph\":[{\"@type\":\"Article\",\"@id\":\"https:\\\/\\\/www.americanonewspaper.com\\\/es\\\/futbol-2\\\/mbappe-trabaja-al-margen-con-la-vista-puesta-en-el-clasico\\\/#article\",\"isPartOf\":{\"@id\":\"https:\\\/\\\/www.americanonewspaper.com\\\/es\\\/futbol-2\\\/mbappe-trabaja-al-margen-con-la-vista-puesta-en-el-clasico\\\/\"},\"author\":{\"name\":\"Harmony Quintana\",\"@id\":\"https:\\\/\\\/www.americanonewspaper.com\\\/es\\\/#\\\/schema\\\/person\\\/82c7c1ac5e9a005b627b6c7db5361c90\"},\"headline\":\"Mbapp\u00e9 trabaja al margen con la vista puesta en el cl\u00e1sico\",\"datePublished\":\"2026-05-01T22:01:47+00:00\",\"dateModified\":\"2026-05-01T22:01:54+00:00\",\"mainEntityOfPage\":{\"@id\":\"https:\\\/\\\/www.americanonewspaper.com\\\/es\\\/futbol-2\\\/mbappe-trabaja-al-margen-con-la-vista-puesta-en-el-clasico\\\/\"},\"wordCount\":285,\"commentCount\":0,\"publisher\":{\"@id\":\"https:\\\/\\\/www.americanonewspaper.com\\\/es\\\/#organization\"},\"image\":{\"@id\":\"https:\\\/\\\/www.americanonewspaper.com\\\/es\\\/futbol-2\\\/mbappe-trabaja-al-margen-con-la-vista-puesta-en-el-clasico\\\/#primaryimage\"},\"thumbnailUrl\":\"https:\\\/\\\/www.americanonewspaper.com\\\/es\\\/wp-content\\\/uploads\\\/2026\\\/05\\\/ac9cdff0209e9a2eaffe87f192267aa51efee0ec.jpg\",\"articleSection\":[\"F\u00fatbol\",\"Kylian Mbapp\u00e9\",\"Real Madrid\"],\"inLanguage\":\"en-US\",\"potentialAction\":[{\"@type\":\"CommentAction\",\"name\":\"Comment\",\"target\":[\"https:\\\/\\\/www.americanonewspaper.com\\\/es\\\/futbol-2\\\/mbappe-trabaja-al-margen-con-la-vista-puesta-en-el-clasico\\\/#respond\"]}]},{\"@type\":\"WebPage\",\"@id\":\"https:\\\/\\\/www.americanonewspaper.com\\\/es\\\/futbol-2\\\/mbappe-trabaja-al-margen-con-la-vista-puesta-en-el-clasico\\\/\",\"url\":\"https:\\\/\\\/www.americanonewspaper.com\\\/es\\\/futbol-2\\\/mbappe-trabaja-al-margen-con-la-vista-puesta-en-el-clasico\\\/\",\"name\":\"Mbapp\u00e9 trabaja al margen con la vista puesta en el cl\u00e1sico - Americano Newspaper\",\"isPartOf\":{\"@id\":\"https:\\\/\\\/www.americanonewspaper.com\\\/es\\\/#website\"},\"primaryImageOfPage\":{\"@id\":\"https:\\\/\\\/www.americanonewspaper.com\\\/es\\\/futbol-2\\\/mbappe-trabaja-al-margen-con-la-vista-puesta-en-el-clasico\\\/#primaryimage\"},\"image\":{\"@id\":\"https:\\\/\\\/www.americanonewspaper.com\\\/es\\\/futbol-2\\\/mbappe-trabaja-al-margen-con-la-vista-puesta-en-el-clasico\\\/#primaryimage\"},\"thumbnailUrl\":\"https:\\\/\\\/www.americanonewspaper.com\\\/es\\\/wp-content\\\/uploads\\\/2026\\\/05\\\/ac9cdff0209e9a2eaffe87f192267aa51efee0ec.jpg\",\"datePublished\":\"2026-05-01T22:01:47+00:00\",\"dateModified\":\"2026-05-01T22:01:54+00:00\",\"description\":\"Kylian Mbapp\u00e9, delantero del Real Madrid, volvi\u00f3 a trabajar este viernes al margen del resto de sus compa\u00f1eros a la espera de una posible recuperaci\u00f3n que le permita enfrentarse al Barcelona en el Camp Nou dentro de dos jornadas.\",\"breadcrumb\":{\"@id\":\"https:\\\/\\\/www.americanonewspaper.com\\\/es\\\/futbol-2\\\/mbappe-trabaja-al-margen-con-la-vista-puesta-en-el-clasico\\\/#breadcrumb\"},\"inLanguage\":\"en-US\",\"potentialAction\":[{\"@type\":\"ReadAction\",\"target\":[\"https:\\\/\\\/www.americanonewspaper.com\\\/es\\\/futbol-2\\\/mbappe-trabaja-al-margen-con-la-vista-puesta-en-el-clasico\\\/\"]}]},{\"@type\":\"ImageObject\",\"inLanguage\":\"en-US\",\"@id\":\"https:\\\/\\\/www.americanonewspaper.com\\\/es\\\/futbol-2\\\/mbappe-trabaja-al-margen-con-la-vista-puesta-en-el-clasico\\\/#primaryimage\",\"url\":\"https:\\\/\\\/www.americanonewspaper.com\\\/es\\\/wp-content\\\/uploads\\\/2026\\\/05\\\/ac9cdff0209e9a2eaffe87f192267aa51efee0ec.jpg\",\"contentUrl\":\"https:\\\/\\\/www.americanonewspaper.com\\\/es\\\/wp-content\\\/uploads\\\/2026\\\/05\\\/ac9cdff0209e9a2eaffe87f192267aa51efee0ec.jpg\",\"width\":560,\"height\":373,\"caption\":\"El delantero franc\u00e9s del Real Madrid, Kylian Mbapp\u00e9, durante el encuentro correspondiente a la jornada 32 de Laliga EA Sports que disputaron el pasado 24 de abril Betis y Real Madrid. EFE\\\/Julio Mu\u00f1oz\"},{\"@type\":\"BreadcrumbList\",\"@id\":\"https:\\\/\\\/www.americanonewspaper.com\\\/es\\\/futbol-2\\\/mbappe-trabaja-al-margen-con-la-vista-puesta-en-el-clasico\\\/#breadcrumb\",\"itemListElement\":[{\"@type\":\"ListItem\",\"position\":1,\"name\":\"Home\",\"item\":\"https:\\\/\\\/www.americanonewspaper.com\\\/es\\\/\"},{\"@type\":\"ListItem\",\"position\":2,\"name\":\"Mbapp\u00e9 trabaja al margen con la vista puesta en el cl\u00e1sico\"}]},{\"@type\":\"WebSite\",\"@id\":\"https:\\\/\\\/www.americanonewspaper.com\\\/es\\\/#website\",\"url\":\"https:\\\/\\\/www.americanonewspaper.com\\\/es\\\/\",\"name\":\"Americano Newspaper\",\"description\":\"The Hispanic Newspaper of New Jersey.\",\"publisher\":{\"@id\":\"https:\\\/\\\/www.americanonewspaper.com\\\/es\\\/#organization\"},\"potentialAction\":[{\"@type\":\"SearchAction\",\"target\":{\"@type\":\"EntryPoint\",\"urlTemplate\":\"https:\\\/\\\/www.americanonewspaper.com\\\/es\\\/?s={search_term_string}\"},\"query-input\":{\"@type\":\"PropertyValueSpecification\",\"valueRequired\":true,\"valueName\":\"search_term_string\"}}],\"inLanguage\":\"en-US\"},{\"@type\":\"Organization\",\"@id\":\"https:\\\/\\\/www.americanonewspaper.com\\\/es\\\/#organization\",\"name\":\"Americano Newspaper\",\"url\":\"https:\\\/\\\/www.americanonewspaper.com\\\/es\\\/\",\"logo\":{\"@type\":\"ImageObject\",\"inLanguage\":\"en-US\",\"@id\":\"https:\\\/\\\/www.americanonewspaper.com\\\/es\\\/#\\\/schema\\\/logo\\\/image\\\/\",\"url\":\"https:\\\/\\\/www.americanonewspaper.com\\\/es\\\/wp-content\\\/uploads\\\/2024\\\/05\\\/AmericanoLogoCircle.comCircle2.jpg\",\"contentUrl\":\"https:\\\/\\\/www.americanonewspaper.com\\\/es\\\/wp-content\\\/uploads\\\/2024\\\/05\\\/AmericanoLogoCircle.comCircle2.jpg\",\"width\":600,\"height\":600,\"caption\":\"Americano Newspaper\"},\"image\":{\"@id\":\"https:\\\/\\\/www.americanonewspaper.com\\\/es\\\/#\\\/schema\\\/logo\\\/image\\\/\"},\"sameAs\":[\"https:\\\/\\\/www.facebook.com\\\/AmericanoNewspaper\\\/\"]},{\"@type\":\"Person\",\"@id\":\"https:\\\/\\\/www.americanonewspaper.com\\\/es\\\/#\\\/schema\\\/person\\\/82c7c1ac5e9a005b627b6c7db5361c90\",\"name\":\"Harmony Quintana\",\"image\":{\"@type\":\"ImageObject\",\"inLanguage\":\"en-US\",\"@id\":\"https:\\\/\\\/www.americanonewspaper.com\\\/es\\\/wp-content\\\/litespeed\\\/avatar\\\/656e5d40e40a67e90b0fee2acae8a764.jpg?ver=1777427866\",\"url\":\"https:\\\/\\\/www.americanonewspaper.com\\\/es\\\/wp-content\\\/litespeed\\\/avatar\\\/656e5d40e40a67e90b0fee2acae8a764.jpg?ver=1777427866\",\"contentUrl\":\"https:\\\/\\\/www.americanonewspaper.com\\\/es\\\/wp-content\\\/litespeed\\\/avatar\\\/656e5d40e40a67e90b0fee2acae8a764.jpg?ver=1777427866\",\"caption\":\"Harmony Quintana\"},\"sameAs\":[\"http:\\\/\\\/www.americanonewspaper.com\"],\"url\":\"https:\\\/\\\/www.americanonewspaper.com\\\/es\\\/author\\\/harmony\\\/\"}]}<\/script>\n<!-- \/ Yoast SEO Premium plugin. -->","yoast_head_json":{"title":"Mbapp\u00e9 trabaja al margen con la vista puesta en el cl\u00e1sico - Americano Newspaper","description":"Kylian Mbapp\u00e9, delantero del Real Madrid, volvi\u00f3 a trabajar este viernes al margen del resto de sus compa\u00f1eros a la espera de una posible recuperaci\u00f3n que le permita enfrentarse al Barcelona en el Camp Nou dentro de dos jornadas.","robots":{"index":"index","follow":"follow","max-snippet":"max-snippet:-1","max-image-preview":"max-image-preview:large","max-video-preview":"max-video-preview:-1"},"canonical":"https:\/\/www.americanonewspaper.com\/es\/futbol-2\/mbappe-trabaja-al-margen-con-la-vista-puesta-en-el-clasico\/","og_locale":"en_US","og_type":"article","og_title":"Mbapp\u00e9 trabaja al margen con la vista puesta en el cl\u00e1sico","og_description":"Kylian Mbapp\u00e9, delantero del Real Madrid, volvi\u00f3 a trabajar este viernes al margen del resto de sus compa\u00f1eros a la espera de una posible recuperaci\u00f3n que le permita enfrentarse al Barcelona en el Camp Nou dentro de dos jornadas.","og_url":"https:\/\/www.americanonewspaper.com\/es\/futbol-2\/mbappe-trabaja-al-margen-con-la-vista-puesta-en-el-clasico\/","og_site_name":"Americano Newspaper","article_publisher":"https:\/\/www.facebook.com\/AmericanoNewspaper\/","article_published_time":"2026-05-01T22:01:47+00:00","article_modified_time":"2026-05-01T22:01:54+00:00","og_image":[{"width":560,"height":373,"url":"https:\/\/www.americanonewspaper.com\/es\/wp-content\/uploads\/2026\/05\/ac9cdff0209e9a2eaffe87f192267aa51efee0ec.jpg","type":"image\/jpeg"}],"author":"Harmony Quintana","twitter_card":"summary_large_image","twitter_misc":{"Written by":"Harmony Quintana","Est. reading time":"3 minutes"},"schema":{"@context":"https:\/\/schema.org","@graph":[{"@type":"Article","@id":"https:\/\/www.americanonewspaper.com\/es\/futbol-2\/mbappe-trabaja-al-margen-con-la-vista-puesta-en-el-clasico\/#article","isPartOf":{"@id":"https:\/\/www.americanonewspaper.com\/es\/futbol-2\/mbappe-trabaja-al-margen-con-la-vista-puesta-en-el-clasico\/"},"author":{"name":"Harmony Quintana","@id":"https:\/\/www.americanonewspaper.com\/es\/#\/schema\/person\/82c7c1ac5e9a005b627b6c7db5361c90"},"headline":"Mbapp\u00e9 trabaja al margen con la vista puesta en el cl\u00e1sico","datePublished":"2026-05-01T22:01:47+00:00","dateModified":"2026-05-01T22:01:54+00:00","mainEntityOfPage":{"@id":"https:\/\/www.americanonewspaper.com\/es\/futbol-2\/mbappe-trabaja-al-margen-con-la-vista-puesta-en-el-clasico\/"},"wordCount":285,"commentCount":0,"publisher":{"@id":"https:\/\/www.americanonewspaper.com\/es\/#organization"},"image":{"@id":"https:\/\/www.americanonewspaper.com\/es\/futbol-2\/mbappe-trabaja-al-margen-con-la-vista-puesta-en-el-clasico\/#primaryimage"},"thumbnailUrl":"https:\/\/www.americanonewspaper.com\/es\/wp-content\/uploads\/2026\/05\/ac9cdff0209e9a2eaffe87f192267aa51efee0ec.jpg","articleSection":["F\u00fatbol","Kylian Mbapp\u00e9","Real Madrid"],"inLanguage":"en-US","potentialAction":[{"@type":"CommentAction","name":"Comment","target":["https:\/\/www.americanonewspaper.com\/es\/futbol-2\/mbappe-trabaja-al-margen-con-la-vista-puesta-en-el-clasico\/#respond"]}]},{"@type":"WebPage","@id":"https:\/\/www.americanonewspaper.com\/es\/futbol-2\/mbappe-trabaja-al-margen-con-la-vista-puesta-en-el-clasico\/","url":"https:\/\/www.americanonewspaper.com\/es\/futbol-2\/mbappe-trabaja-al-margen-con-la-vista-puesta-en-el-clasico\/","name":"Mbapp\u00e9 trabaja al margen con la vista puesta en el cl\u00e1sico - Americano Newspaper","isPartOf":{"@id":"https:\/\/www.americanonewspaper.com\/es\/#website"},"primaryImageOfPage":{"@id":"https:\/\/www.americanonewspaper.com\/es\/futbol-2\/mbappe-trabaja-al-margen-con-la-vista-puesta-en-el-clasico\/#primaryimage"},"image":{"@id":"https:\/\/www.americanonewspaper.com\/es\/futbol-2\/mbappe-trabaja-al-margen-con-la-vista-puesta-en-el-clasico\/#primaryimage"},"thumbnailUrl":"https:\/\/www.americanonewspaper.com\/es\/wp-content\/uploads\/2026\/05\/ac9cdff0209e9a2eaffe87f192267aa51efee0ec.jpg","datePublished":"2026-05-01T22:01:47+00:00","dateModified":"2026-05-01T22:01:54+00:00","description":"Kylian Mbapp\u00e9, delantero del Real Madrid, volvi\u00f3 a trabajar este viernes al margen del resto de sus compa\u00f1eros a la espera de una posible recuperaci\u00f3n que le permita enfrentarse al Barcelona en el Camp Nou dentro de dos jornadas.","breadcrumb":{"@id":"https:\/\/www.americanonewspaper.com\/es\/futbol-2\/mbappe-trabaja-al-margen-con-la-vista-puesta-en-el-clasico\/#breadcrumb"},"inLanguage":"en-US","potentialAction":[{"@type":"ReadAction","target":["https:\/\/www.americanonewspaper.com\/es\/futbol-2\/mbappe-trabaja-al-margen-con-la-vista-puesta-en-el-clasico\/"]}]},{"@type":"ImageObject","inLanguage":"en-US","@id":"https:\/\/www.americanonewspaper.com\/es\/futbol-2\/mbappe-trabaja-al-margen-con-la-vista-puesta-en-el-clasico\/#primaryimage","url":"https:\/\/www.americanonewspaper.com\/es\/wp-content\/uploads\/2026\/05\/ac9cdff0209e9a2eaffe87f192267aa51efee0ec.jpg","contentUrl":"https:\/\/www.americanonewspaper.com\/es\/wp-content\/uploads\/2026\/05\/ac9cdff0209e9a2eaffe87f192267aa51efee0ec.jpg","width":560,"height":373,"caption":"El delantero franc\u00e9s del Real Madrid, Kylian Mbapp\u00e9, durante el encuentro correspondiente a la jornada 32 de Laliga EA Sports que disputaron el pasado 24 de abril Betis y Real Madrid. EFE\/Julio Mu\u00f1oz"},{"@type":"BreadcrumbList","@id":"https:\/\/www.americanonewspaper.com\/es\/futbol-2\/mbappe-trabaja-al-margen-con-la-vista-puesta-en-el-clasico\/#breadcrumb","itemListElement":[{"@type":"ListItem","position":1,"name":"Home","item":"https:\/\/www.americanonewspaper.com\/es\/"},{"@type":"ListItem","position":2,"name":"Mbapp\u00e9 trabaja al margen con la vista puesta en el cl\u00e1sico"}]},{"@type":"WebSite","@id":"https:\/\/www.americanonewspaper.com\/es\/#website","url":"https:\/\/www.americanonewspaper.com\/es\/","name":"Americano Newspaper","description":"The Hispanic Newspaper of New Jersey.","publisher":{"@id":"https:\/\/www.americanonewspaper.com\/es\/#organization"},"potentialAction":[{"@type":"SearchAction","target":{"@type":"EntryPoint","urlTemplate":"https:\/\/www.americanonewspaper.com\/es\/?s={search_term_string}"},"query-input":{"@type":"PropertyValueSpecification","valueRequired":true,"valueName":"search_term_string"}}],"inLanguage":"en-US"},{"@type":"Organization","@id":"https:\/\/www.americanonewspaper.com\/es\/#organization","name":"Americano Newspaper","url":"https:\/\/www.americanonewspaper.com\/es\/","logo":{"@type":"ImageObject","inLanguage":"en-US","@id":"https:\/\/www.americanonewspaper.com\/es\/#\/schema\/logo\/image\/","url":"https:\/\/www.americanonewspaper.com\/es\/wp-content\/uploads\/2024\/05\/AmericanoLogoCircle.comCircle2.jpg","contentUrl":"https:\/\/www.americanonewspaper.com\/es\/wp-content\/uploads\/2024\/05\/AmericanoLogoCircle.comCircle2.jpg","width":600,"height":600,"caption":"Americano Newspaper"},"image":{"@id":"https:\/\/www.americanonewspaper.com\/es\/#\/schema\/logo\/image\/"},"sameAs":["https:\/\/www.facebook.com\/AmericanoNewspaper\/"]},{"@type":"Person","@id":"https:\/\/www.americanonewspaper.com\/es\/#\/schema\/person\/82c7c1ac5e9a005b627b6c7db5361c90","name":"Harmony Quintana","image":{"@type":"ImageObject","inLanguage":"en-US","@id":"https:\/\/www.americanonewspaper.com\/es\/wp-content\/litespeed\/avatar\/656e5d40e40a67e90b0fee2acae8a764.jpg?ver=1777427866","url":"https:\/\/www.americanonewspaper.com\/es\/wp-content\/litespeed\/avatar\/656e5d40e40a67e90b0fee2acae8a764.jpg?ver=1777427866","contentUrl":"https:\/\/www.americanonewspaper.com\/es\/wp-content\/litespeed\/avatar\/656e5d40e40a67e90b0fee2acae8a764.jpg?ver=1777427866","caption":"Harmony Quintana"},"sameAs":["http:\/\/www.americanonewspaper.com"],"url":"https:\/\/www.americanonewspaper.com\/es\/author\/harmony\/"}]}},"jetpack_publicize_connections":[],"jetpack_featured_media_url":"https:\/\/www.americanonewspaper.com\/es\/wp-content\/uploads\/2026\/05\/ac9cdff0209e9a2eaffe87f192267aa51efee0ec.jpg","featured_image_urls":{"full":["https:\/\/www.americanonewspaper.com\/es\/wp-content\/uploads\/2026\/05\/ac9cdff0209e9a2eaffe87f192267aa51efee0ec.jpg",560,373,false],"thumbnail":["https:\/\/www.americanonewspaper.com\/es\/wp-content\/uploads\/2026\/05\/ac9cdff0209e9a2eaffe87f192267aa51efee0ec-250x250.jpg",250,250,true],"medium":["https:\/\/www.americanonewspaper.com\/es\/wp-content\/uploads\/2026\/05\/ac9cdff0209e9a2eaffe87f192267aa51efee0ec-300x200.jpg",300,200,true],"medium_large":["https:\/\/www.americanonewspaper.com\/es\/wp-content\/uploads\/2026\/05\/ac9cdff0209e9a2eaffe87f192267aa51efee0ec.jpg",560,373,false],"large":["https:\/\/www.americanonewspaper.com\/es\/wp-content\/uploads\/2026\/05\/ac9cdff0209e9a2eaffe87f192267aa51efee0ec.jpg",560,373,false],"1536x1536":["https:\/\/www.americanonewspaper.com\/es\/wp-content\/uploads\/2026\/05\/ac9cdff0209e9a2eaffe87f192267aa51efee0ec.jpg",560,373,false],"2048x2048":["https:\/\/www.americanonewspaper.com\/es\/wp-content\/uploads\/2026\/05\/ac9cdff0209e9a2eaffe87f192267aa51efee0ec.jpg",560,373,false],"td_150x0":["https:\/\/www.americanonewspaper.com\/es\/wp-content\/uploads\/2026\/05\/ac9cdff0209e9a2eaffe87f192267aa51efee0ec-150x100.jpg",150,100,true],"td_218x150":["https:\/\/www.americanonewspaper.com\/es\/wp-content\/uploads\/2026\/05\/ac9cdff0209e9a2eaffe87f192267aa51efee0ec-218x150.jpg",218,150,true],"td_300x0":["https:\/\/www.americanonewspaper.com\/es\/wp-content\/uploads\/2026\/05\/ac9cdff0209e9a2eaffe87f192267aa51efee0ec-300x200.jpg",300,200,true],"td_324x400":["https:\/\/www.americanonewspaper.com\/es\/wp-content\/uploads\/2026\/05\/ac9cdff0209e9a2eaffe87f192267aa51efee0ec-324x373.jpg",324,373,true],"td_485x360":["https:\/\/www.americanonewspaper.com\/es\/wp-content\/uploads\/2026\/05\/ac9cdff0209e9a2eaffe87f192267aa51efee0ec-485x360.jpg",485,360,true],"td_696x0":["https:\/\/www.americanonewspaper.com\/es\/wp-content\/uploads\/2026\/05\/ac9cdff0209e9a2eaffe87f192267aa51efee0ec.jpg",560,373,false],"td_1068x0":["https:\/\/www.americanonewspaper.com\/es\/wp-content\/uploads\/2026\/05\/ac9cdff0209e9a2eaffe87f192267aa51efee0ec.jpg",560,373,false],"td_1920x0":["https:\/\/www.americanonewspaper.com\/es\/wp-content\/uploads\/2026\/05\/ac9cdff0209e9a2eaffe87f192267aa51efee0ec.jpg",560,373,false],"bdpp-medium":["https:\/\/www.americanonewspaper.com\/es\/wp-content\/uploads\/2026\/05\/ac9cdff0209e9a2eaffe87f192267aa51efee0ec.jpg",560,373,false]},"author_info":{"display_name":"Harmony Quintana","author_link":"https:\/\/www.americanonewspaper.com\/es\/author\/harmony\/"},"category_info":"<a href=\"https:\/\/www.americanonewspaper.com\/es\/category\/futbol-2\/\" rel=\"category tag\">F\u00fatbol<\/a> <a href=\"https:\/\/www.americanonewspaper.com\/es\/category\/kylian-mbappe-2\/\" rel=\"category tag\">Kylian Mbapp\u00e9<\/a> <a href=\"https:\/\/www.americanonewspaper.com\/es\/category\/real-madrid\/\" rel=\"category tag\">Real Madrid<\/a>","tag_info":"Real Madrid","comment_count":"0","jetpack_sharing_enabled":true,"jetpack_likes_enabled":true,"_links":{"self":[{"href":"https:\/\/www.americanonewspaper.com\/es\/wp-json\/wp\/v2\/posts\/32015","targetHints":{"allow":["GET"]}}],"collection":[{"href":"https:\/\/www.americanonewspaper.com\/es\/wp-json\/wp\/v2\/posts"}],"about":[{"href":"https:\/\/www.americanonewspaper.com\/es\/wp-json\/wp\/v2\/types\/post"}],"author":[{"embeddable":true,"href":"https:\/\/www.americanonewspaper.com\/es\/wp-json\/wp\/v2\/users\/14"}],"replies":[{"embeddable":true,"href":"https:\/\/www.americanonewspaper.com\/es\/wp-json\/wp\/v2\/comments?post=32015"}],"version-history":[{"count":1,"href":"https:\/\/www.americanonewspaper.com\/es\/wp-json\/wp\/v2\/posts\/32015\/revisions"}],"predecessor-version":[{"id":32017,"href":"https:\/\/www.americanonewspaper.com\/es\/wp-json\/wp\/v2\/posts\/32015\/revisions\/32017"}],"wp:featuredmedia":[{"embeddable":true,"href":"https:\/\/www.americanonewspaper.com\/es\/wp-json\/wp\/v2\/media\/32016"}],"wp:attachment":[{"href":"https:\/\/www.americanonewspaper.com\/es\/wp-json\/wp\/v2\/media?parent=32015"}],"wp:term":[{"taxonomy":"category","embeddable":true,"href":"https:\/\/www.americanonewspaper.com\/es\/wp-json\/wp\/v2\/categories?post=32015"},{"taxonomy":"post_tag","embeddable":true,"href":"https:\/\/www.americanonewspaper.com\/es\/wp-json\/wp\/v2\/tags?post=32015"}],"curies":[{"name":"wp","href":"https:\/\/api.w.org\/{rel}","templated":true}]}}