{"id":32012,"date":"2026-05-01T09:50:36","date_gmt":"2026-05-01T13:50:36","guid":{"rendered":"https:\/\/www.americanonewspaper.com\/es\/?p=32012"},"modified":"2026-05-01T09:50:42","modified_gmt":"2026-05-01T13:50:42","slug":"olivia-rodrigo-con-barcelona","status":"publish","type":"post","link":"https:\/\/www.americanonewspaper.com\/es\/farandula\/olivia-rodrigo-con-barcelona\/","title":{"rendered":"Olivia Rodrigo con Barcelona"},"content":{"rendered":"\n<p>Barcelona, 1 may (EFE).- <\/p>\n\n\n\n<p class=\"dropcapp3\">La estadounidense Olivia Rodrigo, ganadora de varios premios &#8216;Grammy&#8217; y superestrella internacional, ser\u00e1 la protagonista de la camiseta del Bar\u00e7a para el cl\u00e1sico del 10 de mayo ante el Real Madrid, ya que los azulgranas vestir\u00e1n una versi\u00f3n especial de la prenda blaugrana con el logotipo de una de las artistas m\u00e1s reconocidas de su generaci\u00f3n.<\/p>\n\n\n\n<figure class=\"wp-block-image size-full\"><a href=\"https:\/\/ggllawyers.com\/es\/new-jersey-personal-injury-and-workers-compensation-lawyer\/\" target=\"_blank\" rel=\" noreferrer noopener\"><img fetchpriority=\"high\" decoding=\"async\" width=\"560\" height=\"269\" src=\"https:\/\/www.americanonewspaper.com\/es\/wp-content\/uploads\/2026\/04\/GGlSpanish-1.jpg\" alt=\"Abogados de Accidentes\" class=\"wp-image-31908\" srcset=\"https:\/\/www.americanonewspaper.com\/es\/wp-content\/uploads\/2026\/04\/GGlSpanish-1.jpg 560w, https:\/\/www.americanonewspaper.com\/es\/wp-content\/uploads\/2026\/04\/GGlSpanish-1-300x144.jpg 300w, https:\/\/www.americanonewspaper.com\/es\/wp-content\/uploads\/2026\/04\/GGlSpanish-1-150x72.jpg 150w\" sizes=\"(max-width: 560px) 100vw, 560px\" \/><\/a><figcaption class=\"wp-element-caption\">Abogados de Accidentes<\/figcaption><\/figure>\n\n\n\n<p>La cantante estadounidense, con m\u00e1s de 55 millones de oyentes mensuales y nueve canciones en el &#8216;Billions Club&#8217; de Spotify, se suma a la lista de grandes estrellas como Drake, ROSAL\u00cdA, The Rolling Stones, KAROL G, Coldplay, Travis Scott y Ed Sheeran que han prestado su logotipo a la camiseta del Bar\u00e7a en un cl\u00e1sico, gracias al acuerdo de la entidad azulgrana con Spotify, patrocinador de la entidad.<\/p>\n\n\n\n<figure class=\"wp-block-image size-full\"><a href=\"https:\/\/www.linkedin.com\/in\/jaimeberrios\/\" target=\"_blank\" rel=\" noreferrer noopener\"><img decoding=\"async\" width=\"560\" height=\"257\" src=\"https:\/\/www.americanonewspaper.com\/es\/wp-content\/uploads\/2026\/04\/Jaime-copy-2.jpg\" alt=\"Paul Miller Toyota\" class=\"wp-image-31923\" srcset=\"https:\/\/www.americanonewspaper.com\/es\/wp-content\/uploads\/2026\/04\/Jaime-copy-2.jpg 560w, https:\/\/www.americanonewspaper.com\/es\/wp-content\/uploads\/2026\/04\/Jaime-copy-2-300x138.jpg 300w, https:\/\/www.americanonewspaper.com\/es\/wp-content\/uploads\/2026\/04\/Jaime-copy-2-150x69.jpg 150w\" sizes=\"(max-width: 560px) 100vw, 560px\" \/><\/a><figcaption class=\"wp-element-caption\">Paul Miller Toyota<\/figcaption><\/figure>\n\n\n\n<p>&#8220;Ver (el logo) \u2018OR\u2019 en la camiseta del FC Barcelona para El Cl\u00e1sico es algo que a\u00fan no s\u00e9 c\u00f3mo asimilar. Ha sido incre\u00edble ver c\u00f3mo la camiseta cobraba vida y crear toda una colecci\u00f3n junto a Spotify y el Bar\u00e7a&#8221;, asegur\u00f3 la artista en declaraciones ofrecidas por Spotify en un comunicado.<\/p>\n\n\n\n<p>&#8220;Adem\u00e1s, poder actuar para los fans que me han escuchado desde el principio, en una ciudad como Barcelona, ser\u00e1 algo muy especial. Lo es todo para m\u00ed. Estoy deseando verles&#8221;, dijo Olivia Rodrigo sobre el concierto que ofrecer\u00e1 dos d\u00edas antes del partido.<\/p>\n\n\n\n<figure class=\"wp-block-image size-full\"><a href=\"https:\/\/ramospodiatry.com\/\" target=\"_blank\" rel=\" noreferrer noopener\"><img decoding=\"async\" width=\"560\" height=\"257\" src=\"https:\/\/www.americanonewspaper.com\/es\/wp-content\/uploads\/2026\/04\/Ramos-Spanish560-2.jpg\" alt=\"\" class=\"wp-image-31925\" srcset=\"https:\/\/www.americanonewspaper.com\/es\/wp-content\/uploads\/2026\/04\/Ramos-Spanish560-2.jpg 560w, https:\/\/www.americanonewspaper.com\/es\/wp-content\/uploads\/2026\/04\/Ramos-Spanish560-2-300x138.jpg 300w, https:\/\/www.americanonewspaper.com\/es\/wp-content\/uploads\/2026\/04\/Ramos-Spanish560-2-150x69.jpg 150w\" sizes=\"(max-width: 560px) 100vw, 560px\" \/><\/a><\/figure>\n\n\n\n<p>Junto a la camiseta, Spotify y el FC Barcelona han creado una colecci\u00f3n especial con Olivia Rodrigo que combina la identidad ic\u00f3nica del Bar\u00e7a con el universo visual de la artista, mediante prendas y accesorios exclusivos.<\/p>\n\n\n\n<p>Inspiradas en el a\u00f1o de fundaci\u00f3n del club, habr\u00e1 1899 camisetas de edici\u00f3n limitada disponibles para su compra, con precios que oscilan entre los 399,99 euros hasta los 2.999,99 euros, en caso de que est\u00e9 firmada por la artista.<\/p>\n\n\n\n<figure class=\"wp-block-image size-full\"><a href=\"https:\/\/www.manuelbatistalaw.com\/\" target=\"_blank\" rel=\" noreferrer noopener\"><img loading=\"lazy\" decoding=\"async\" width=\"560\" height=\"257\" src=\"https:\/\/www.americanonewspaper.com\/es\/wp-content\/uploads\/2026\/04\/ManuelBatistaSpanish-1.jpg\" alt=\"\" class=\"wp-image-31926\" srcset=\"https:\/\/www.americanonewspaper.com\/es\/wp-content\/uploads\/2026\/04\/ManuelBatistaSpanish-1.jpg 560w, https:\/\/www.americanonewspaper.com\/es\/wp-content\/uploads\/2026\/04\/ManuelBatistaSpanish-1-300x138.jpg 300w, https:\/\/www.americanonewspaper.com\/es\/wp-content\/uploads\/2026\/04\/ManuelBatistaSpanish-1-150x69.jpg 150w\" sizes=\"(max-width: 560px) 100vw, 560px\" \/><\/a><\/figure>\n\n\n\n<p>La colecci\u00f3n de camisetas y productos de Spotify x Olivia Rodrigo x FC Barcelona podr\u00e1 adquirirse en las tiendas oficiales del Bar\u00e7a en Espa\u00f1a y online a partir de las 10:00 CEST de este 1 de mayo.<\/p>\n\n\n\n<p>El logo de Olivia Rodrigo aparecer\u00e1 en la camiseta del FC Barcelona que se vestir\u00e1 durante el partido contra el Real Madrid el 10 de mayo, mientras que el equipo femenino vestir\u00e1 la camiseta en su encuentro de Liga F frente al Levante el 6 de mayo. EFE<\/p>\n\n\n\n<figure class=\"wp-block-image size-full\"><a href=\"https:\/\/inthepinkroom.com?utm_source=americanonewspaper&amp;utm_medium=referral&amp;utm_campaign=general\" target=\"_blank\" rel=\" noreferrer noopener\"><img loading=\"lazy\" decoding=\"async\" width=\"560\" height=\"313\" src=\"https:\/\/www.americanonewspaper.com\/es\/wp-content\/uploads\/2026\/04\/ThePinkRoom-copy-1.jpg\" alt=\"The Pink Room\" class=\"wp-image-31924\" srcset=\"https:\/\/www.americanonewspaper.com\/es\/wp-content\/uploads\/2026\/04\/ThePinkRoom-copy-1.jpg 560w, https:\/\/www.americanonewspaper.com\/es\/wp-content\/uploads\/2026\/04\/ThePinkRoom-copy-1-300x168.jpg 300w, https:\/\/www.americanonewspaper.com\/es\/wp-content\/uploads\/2026\/04\/ThePinkRoom-copy-1-150x84.jpg 150w\" sizes=\"(max-width: 560px) 100vw, 560px\" \/><\/a><figcaption class=\"wp-element-caption\">The Pink Room <\/figcaption><\/figure>\n","protected":false},"excerpt":{"rendered":"<p>Barcelona, 1 may (EFE).- La estadounidense Olivia Rodrigo, ganadora de varios premios &#8216;Grammy&#8217; y superestrella internacional, ser\u00e1 la protagonista de la camiseta del Bar\u00e7a para el cl\u00e1sico del 10 de mayo ante el Real Madrid, ya que los azulgranas vestir\u00e1n una versi\u00f3n especial de la prenda blaugrana con el logotipo de una de las artistas [&hellip;]<\/p>\n","protected":false},"author":7,"featured_media":32013,"comment_status":"open","ping_status":"open","sticky":false,"template":"","format":"standard","meta":{"_acf_changed":false,"tdm_status":"","tdm_grid_status":"","_jetpack_memberships_contains_paid_content":false,"footnotes":"","jetpack_publicize_message":"","jetpack_publicize_feature_enabled":true,"jetpack_social_post_already_shared":false,"jetpack_social_options":{"image_generator_settings":{"template":"highway","default_image_id":0,"font":"","enabled":false,"token":"eyJpbWciOiJodHRwczpcL1wvd3d3LmFtZXJpY2Fub25ld3NwYXBlci5jb21cL2VzXC93cC1jb250ZW50XC91cGxvYWRzXC8yMDI2XC8wNVwvT2xpdmlhLVIuanBlZyIsInR4dCI6Ik9saXZpYSBSb2RyaWdvIGNvbiBCYXJjZWxvbmEiLCJ0ZW1wbGF0ZSI6ImhpZ2h3YXkiLCJmb250IjoiIiwiYmxvZ19pZCI6MjI4NjE5NTc0fQ.l1nfQByPqXrQYmg4gjob4l-1enAEaHiF6uZ57bieO5gMQ"},"version":2,"media_source":"featured-image","attached_media":[{"id":32013,"url":"https:\/\/www.americanonewspaper.com\/es\/wp-content\/uploads\/2026\/05\/Olivia-R.jpeg","type":"image\/jpeg"}]},"_wpas_customize_per_network":false},"categories":[527,175,938,315],"tags":[],"class_list":{"0":"post-32012","1":"post","2":"type-post","3":"status-publish","4":"format-standard","5":"has-post-thumbnail","7":"category-farandula","8":"category-fifa","9":"category-laliga-ea-sports","10":"category-usa"},"acf":[],"yoast_head":"<!-- This site is optimized with the Yoast SEO Premium plugin v27.5 (Yoast SEO v27.5) - https:\/\/yoast.com\/product\/yoast-seo-premium-wordpress\/ -->\n<title>Olivia Rodrigo con Barcelona - Americano Newspaper<\/title>\n<meta name=\"description\" content=\"La estadounidense Olivia Rodrigo, ganadora de varios premios &#039;Grammy&#039; y superestrella internacional, ser\u00e1 la protagonista de la camiseta del Bar\u00e7a para el cl\u00e1sico del 10 de mayo ante el Real Madrid, ya que los azulgranas vestir\u00e1n una versi\u00f3n especial de la prenda blaugrana con el logotipo de una de las artistas m\u00e1s reconocidas de su generaci\u00f3n.\" \/>\n<meta name=\"robots\" content=\"index, follow, max-snippet:-1, max-image-preview:large, max-video-preview:-1\" \/>\n<link rel=\"canonical\" href=\"https:\/\/www.americanonewspaper.com\/es\/farandula\/olivia-rodrigo-con-barcelona\/\" \/>\n<meta property=\"og:locale\" content=\"en_US\" \/>\n<meta property=\"og:type\" content=\"article\" \/>\n<meta property=\"og:title\" content=\"Olivia Rodrigo con Barcelona\" \/>\n<meta property=\"og:description\" content=\"La estadounidense Olivia Rodrigo, ganadora de varios premios &#039;Grammy&#039; y superestrella internacional, ser\u00e1 la protagonista de la camiseta del Bar\u00e7a para el cl\u00e1sico del 10 de mayo ante el Real Madrid, ya que los azulgranas vestir\u00e1n una versi\u00f3n especial de la prenda blaugrana con el logotipo de una de las artistas m\u00e1s reconocidas de su generaci\u00f3n.\" \/>\n<meta property=\"og:url\" content=\"https:\/\/www.americanonewspaper.com\/es\/farandula\/olivia-rodrigo-con-barcelona\/\" \/>\n<meta property=\"og:site_name\" content=\"Americano Newspaper\" \/>\n<meta property=\"article:publisher\" content=\"https:\/\/www.facebook.com\/AmericanoNewspaper\/\" \/>\n<meta property=\"article:published_time\" content=\"2026-05-01T13:50:36+00:00\" \/>\n<meta property=\"article:modified_time\" content=\"2026-05-01T13:50:42+00:00\" \/>\n<meta property=\"og:image\" content=\"https:\/\/www.americanonewspaper.com\/es\/wp-content\/uploads\/2026\/05\/Olivia-R.jpeg\" \/>\n\t<meta property=\"og:image:width\" content=\"560\" \/>\n\t<meta property=\"og:image:height\" content=\"373\" \/>\n\t<meta property=\"og:image:type\" content=\"image\/jpeg\" \/>\n<meta name=\"author\" content=\"Author\" \/>\n<meta name=\"twitter:card\" content=\"summary_large_image\" \/>\n<meta name=\"twitter:label1\" content=\"Written by\" \/>\n\t<meta name=\"twitter:data1\" content=\"Author\" \/>\n\t<meta name=\"twitter:label2\" content=\"Est. reading time\" \/>\n\t<meta name=\"twitter:data2\" content=\"3 minutes\" \/>\n<script type=\"application\/ld+json\" class=\"yoast-schema-graph\">{\"@context\":\"https:\\\/\\\/schema.org\",\"@graph\":[{\"@type\":\"Article\",\"@id\":\"https:\\\/\\\/www.americanonewspaper.com\\\/es\\\/farandula\\\/olivia-rodrigo-con-barcelona\\\/#article\",\"isPartOf\":{\"@id\":\"https:\\\/\\\/www.americanonewspaper.com\\\/es\\\/farandula\\\/olivia-rodrigo-con-barcelona\\\/\"},\"author\":{\"name\":\"Author\",\"@id\":\"https:\\\/\\\/www.americanonewspaper.com\\\/es\\\/#\\\/schema\\\/person\\\/8967f6b8af7e37bcbbe61f68580ff088\"},\"headline\":\"Olivia Rodrigo con Barcelona\",\"datePublished\":\"2026-05-01T13:50:36+00:00\",\"dateModified\":\"2026-05-01T13:50:42+00:00\",\"mainEntityOfPage\":{\"@id\":\"https:\\\/\\\/www.americanonewspaper.com\\\/es\\\/farandula\\\/olivia-rodrigo-con-barcelona\\\/\"},\"wordCount\":415,\"commentCount\":0,\"publisher\":{\"@id\":\"https:\\\/\\\/www.americanonewspaper.com\\\/es\\\/#organization\"},\"image\":{\"@id\":\"https:\\\/\\\/www.americanonewspaper.com\\\/es\\\/farandula\\\/olivia-rodrigo-con-barcelona\\\/#primaryimage\"},\"thumbnailUrl\":\"https:\\\/\\\/www.americanonewspaper.com\\\/es\\\/wp-content\\\/uploads\\\/2026\\\/05\\\/Olivia-R.jpeg\",\"articleSection\":[\"Far\u00e1ndula\",\"FIFA\",\"LaLiga EA Sports\",\"USA\"],\"inLanguage\":\"en-US\",\"potentialAction\":[{\"@type\":\"CommentAction\",\"name\":\"Comment\",\"target\":[\"https:\\\/\\\/www.americanonewspaper.com\\\/es\\\/farandula\\\/olivia-rodrigo-con-barcelona\\\/#respond\"]}]},{\"@type\":\"WebPage\",\"@id\":\"https:\\\/\\\/www.americanonewspaper.com\\\/es\\\/farandula\\\/olivia-rodrigo-con-barcelona\\\/\",\"url\":\"https:\\\/\\\/www.americanonewspaper.com\\\/es\\\/farandula\\\/olivia-rodrigo-con-barcelona\\\/\",\"name\":\"Olivia Rodrigo con Barcelona - Americano Newspaper\",\"isPartOf\":{\"@id\":\"https:\\\/\\\/www.americanonewspaper.com\\\/es\\\/#website\"},\"primaryImageOfPage\":{\"@id\":\"https:\\\/\\\/www.americanonewspaper.com\\\/es\\\/farandula\\\/olivia-rodrigo-con-barcelona\\\/#primaryimage\"},\"image\":{\"@id\":\"https:\\\/\\\/www.americanonewspaper.com\\\/es\\\/farandula\\\/olivia-rodrigo-con-barcelona\\\/#primaryimage\"},\"thumbnailUrl\":\"https:\\\/\\\/www.americanonewspaper.com\\\/es\\\/wp-content\\\/uploads\\\/2026\\\/05\\\/Olivia-R.jpeg\",\"datePublished\":\"2026-05-01T13:50:36+00:00\",\"dateModified\":\"2026-05-01T13:50:42+00:00\",\"description\":\"La estadounidense Olivia Rodrigo, ganadora de varios premios 'Grammy' y superestrella internacional, ser\u00e1 la protagonista de la camiseta del Bar\u00e7a para el cl\u00e1sico del 10 de mayo ante el Real Madrid, ya que los azulgranas vestir\u00e1n una versi\u00f3n especial de la prenda blaugrana con el logotipo de una de las artistas m\u00e1s reconocidas de su generaci\u00f3n.\",\"breadcrumb\":{\"@id\":\"https:\\\/\\\/www.americanonewspaper.com\\\/es\\\/farandula\\\/olivia-rodrigo-con-barcelona\\\/#breadcrumb\"},\"inLanguage\":\"en-US\",\"potentialAction\":[{\"@type\":\"ReadAction\",\"target\":[\"https:\\\/\\\/www.americanonewspaper.com\\\/es\\\/farandula\\\/olivia-rodrigo-con-barcelona\\\/\"]}]},{\"@type\":\"ImageObject\",\"inLanguage\":\"en-US\",\"@id\":\"https:\\\/\\\/www.americanonewspaper.com\\\/es\\\/farandula\\\/olivia-rodrigo-con-barcelona\\\/#primaryimage\",\"url\":\"https:\\\/\\\/www.americanonewspaper.com\\\/es\\\/wp-content\\\/uploads\\\/2026\\\/05\\\/Olivia-R.jpeg\",\"contentUrl\":\"https:\\\/\\\/www.americanonewspaper.com\\\/es\\\/wp-content\\\/uploads\\\/2026\\\/05\\\/Olivia-R.jpeg\",\"width\":560,\"height\":373,\"caption\":\"Fotograf\u00eda de Fernando Villar, en la que puede verse en una imagen de archivo del 12 de julio de 2025 a la cantante y compositora estadounidense Olivia Rodrigo durante un concierto. EFE\"},{\"@type\":\"BreadcrumbList\",\"@id\":\"https:\\\/\\\/www.americanonewspaper.com\\\/es\\\/farandula\\\/olivia-rodrigo-con-barcelona\\\/#breadcrumb\",\"itemListElement\":[{\"@type\":\"ListItem\",\"position\":1,\"name\":\"Home\",\"item\":\"https:\\\/\\\/www.americanonewspaper.com\\\/es\\\/\"},{\"@type\":\"ListItem\",\"position\":2,\"name\":\"Olivia Rodrigo con Barcelona\"}]},{\"@type\":\"WebSite\",\"@id\":\"https:\\\/\\\/www.americanonewspaper.com\\\/es\\\/#website\",\"url\":\"https:\\\/\\\/www.americanonewspaper.com\\\/es\\\/\",\"name\":\"Americano Newspaper\",\"description\":\"The Hispanic Newspaper of New Jersey.\",\"publisher\":{\"@id\":\"https:\\\/\\\/www.americanonewspaper.com\\\/es\\\/#organization\"},\"potentialAction\":[{\"@type\":\"SearchAction\",\"target\":{\"@type\":\"EntryPoint\",\"urlTemplate\":\"https:\\\/\\\/www.americanonewspaper.com\\\/es\\\/?s={search_term_string}\"},\"query-input\":{\"@type\":\"PropertyValueSpecification\",\"valueRequired\":true,\"valueName\":\"search_term_string\"}}],\"inLanguage\":\"en-US\"},{\"@type\":\"Organization\",\"@id\":\"https:\\\/\\\/www.americanonewspaper.com\\\/es\\\/#organization\",\"name\":\"Americano Newspaper\",\"url\":\"https:\\\/\\\/www.americanonewspaper.com\\\/es\\\/\",\"logo\":{\"@type\":\"ImageObject\",\"inLanguage\":\"en-US\",\"@id\":\"https:\\\/\\\/www.americanonewspaper.com\\\/es\\\/#\\\/schema\\\/logo\\\/image\\\/\",\"url\":\"https:\\\/\\\/www.americanonewspaper.com\\\/es\\\/wp-content\\\/uploads\\\/2024\\\/05\\\/AmericanoLogoCircle.comCircle2.jpg\",\"contentUrl\":\"https:\\\/\\\/www.americanonewspaper.com\\\/es\\\/wp-content\\\/uploads\\\/2024\\\/05\\\/AmericanoLogoCircle.comCircle2.jpg\",\"width\":600,\"height\":600,\"caption\":\"Americano Newspaper\"},\"image\":{\"@id\":\"https:\\\/\\\/www.americanonewspaper.com\\\/es\\\/#\\\/schema\\\/logo\\\/image\\\/\"},\"sameAs\":[\"https:\\\/\\\/www.facebook.com\\\/AmericanoNewspaper\\\/\"]},{\"@type\":\"Person\",\"@id\":\"https:\\\/\\\/www.americanonewspaper.com\\\/es\\\/#\\\/schema\\\/person\\\/8967f6b8af7e37bcbbe61f68580ff088\",\"name\":\"Author\",\"image\":{\"@type\":\"ImageObject\",\"inLanguage\":\"en-US\",\"@id\":\"https:\\\/\\\/www.americanonewspaper.com\\\/es\\\/wp-content\\\/litespeed\\\/avatar\\\/89ffaf6af3cf6769ffb3c6efb2313947.jpg?ver=1777427547\",\"url\":\"https:\\\/\\\/www.americanonewspaper.com\\\/es\\\/wp-content\\\/litespeed\\\/avatar\\\/89ffaf6af3cf6769ffb3c6efb2313947.jpg?ver=1777427547\",\"contentUrl\":\"https:\\\/\\\/www.americanonewspaper.com\\\/es\\\/wp-content\\\/litespeed\\\/avatar\\\/89ffaf6af3cf6769ffb3c6efb2313947.jpg?ver=1777427547\",\"caption\":\"Author\"},\"url\":\"https:\\\/\\\/www.americanonewspaper.com\\\/es\\\/author\\\/americano\\\/\"}]}<\/script>\n<!-- \/ Yoast SEO Premium plugin. -->","yoast_head_json":{"title":"Olivia Rodrigo con Barcelona - Americano Newspaper","description":"La estadounidense Olivia Rodrigo, ganadora de varios premios 'Grammy' y superestrella internacional, ser\u00e1 la protagonista de la camiseta del Bar\u00e7a para el cl\u00e1sico del 10 de mayo ante el Real Madrid, ya que los azulgranas vestir\u00e1n una versi\u00f3n especial de la prenda blaugrana con el logotipo de una de las artistas m\u00e1s reconocidas de su generaci\u00f3n.","robots":{"index":"index","follow":"follow","max-snippet":"max-snippet:-1","max-image-preview":"max-image-preview:large","max-video-preview":"max-video-preview:-1"},"canonical":"https:\/\/www.americanonewspaper.com\/es\/farandula\/olivia-rodrigo-con-barcelona\/","og_locale":"en_US","og_type":"article","og_title":"Olivia Rodrigo con Barcelona","og_description":"La estadounidense Olivia Rodrigo, ganadora de varios premios 'Grammy' y superestrella internacional, ser\u00e1 la protagonista de la camiseta del Bar\u00e7a para el cl\u00e1sico del 10 de mayo ante el Real Madrid, ya que los azulgranas vestir\u00e1n una versi\u00f3n especial de la prenda blaugrana con el logotipo de una de las artistas m\u00e1s reconocidas de su generaci\u00f3n.","og_url":"https:\/\/www.americanonewspaper.com\/es\/farandula\/olivia-rodrigo-con-barcelona\/","og_site_name":"Americano Newspaper","article_publisher":"https:\/\/www.facebook.com\/AmericanoNewspaper\/","article_published_time":"2026-05-01T13:50:36+00:00","article_modified_time":"2026-05-01T13:50:42+00:00","og_image":[{"width":560,"height":373,"url":"https:\/\/www.americanonewspaper.com\/es\/wp-content\/uploads\/2026\/05\/Olivia-R.jpeg","type":"image\/jpeg"}],"author":"Author","twitter_card":"summary_large_image","twitter_misc":{"Written by":"Author","Est. reading time":"3 minutes"},"schema":{"@context":"https:\/\/schema.org","@graph":[{"@type":"Article","@id":"https:\/\/www.americanonewspaper.com\/es\/farandula\/olivia-rodrigo-con-barcelona\/#article","isPartOf":{"@id":"https:\/\/www.americanonewspaper.com\/es\/farandula\/olivia-rodrigo-con-barcelona\/"},"author":{"name":"Author","@id":"https:\/\/www.americanonewspaper.com\/es\/#\/schema\/person\/8967f6b8af7e37bcbbe61f68580ff088"},"headline":"Olivia Rodrigo con Barcelona","datePublished":"2026-05-01T13:50:36+00:00","dateModified":"2026-05-01T13:50:42+00:00","mainEntityOfPage":{"@id":"https:\/\/www.americanonewspaper.com\/es\/farandula\/olivia-rodrigo-con-barcelona\/"},"wordCount":415,"commentCount":0,"publisher":{"@id":"https:\/\/www.americanonewspaper.com\/es\/#organization"},"image":{"@id":"https:\/\/www.americanonewspaper.com\/es\/farandula\/olivia-rodrigo-con-barcelona\/#primaryimage"},"thumbnailUrl":"https:\/\/www.americanonewspaper.com\/es\/wp-content\/uploads\/2026\/05\/Olivia-R.jpeg","articleSection":["Far\u00e1ndula","FIFA","LaLiga EA Sports","USA"],"inLanguage":"en-US","potentialAction":[{"@type":"CommentAction","name":"Comment","target":["https:\/\/www.americanonewspaper.com\/es\/farandula\/olivia-rodrigo-con-barcelona\/#respond"]}]},{"@type":"WebPage","@id":"https:\/\/www.americanonewspaper.com\/es\/farandula\/olivia-rodrigo-con-barcelona\/","url":"https:\/\/www.americanonewspaper.com\/es\/farandula\/olivia-rodrigo-con-barcelona\/","name":"Olivia Rodrigo con Barcelona - Americano Newspaper","isPartOf":{"@id":"https:\/\/www.americanonewspaper.com\/es\/#website"},"primaryImageOfPage":{"@id":"https:\/\/www.americanonewspaper.com\/es\/farandula\/olivia-rodrigo-con-barcelona\/#primaryimage"},"image":{"@id":"https:\/\/www.americanonewspaper.com\/es\/farandula\/olivia-rodrigo-con-barcelona\/#primaryimage"},"thumbnailUrl":"https:\/\/www.americanonewspaper.com\/es\/wp-content\/uploads\/2026\/05\/Olivia-R.jpeg","datePublished":"2026-05-01T13:50:36+00:00","dateModified":"2026-05-01T13:50:42+00:00","description":"La estadounidense Olivia Rodrigo, ganadora de varios premios 'Grammy' y superestrella internacional, ser\u00e1 la protagonista de la camiseta del Bar\u00e7a para el cl\u00e1sico del 10 de mayo ante el Real Madrid, ya que los azulgranas vestir\u00e1n una versi\u00f3n especial de la prenda blaugrana con el logotipo de una de las artistas m\u00e1s reconocidas de su generaci\u00f3n.","breadcrumb":{"@id":"https:\/\/www.americanonewspaper.com\/es\/farandula\/olivia-rodrigo-con-barcelona\/#breadcrumb"},"inLanguage":"en-US","potentialAction":[{"@type":"ReadAction","target":["https:\/\/www.americanonewspaper.com\/es\/farandula\/olivia-rodrigo-con-barcelona\/"]}]},{"@type":"ImageObject","inLanguage":"en-US","@id":"https:\/\/www.americanonewspaper.com\/es\/farandula\/olivia-rodrigo-con-barcelona\/#primaryimage","url":"https:\/\/www.americanonewspaper.com\/es\/wp-content\/uploads\/2026\/05\/Olivia-R.jpeg","contentUrl":"https:\/\/www.americanonewspaper.com\/es\/wp-content\/uploads\/2026\/05\/Olivia-R.jpeg","width":560,"height":373,"caption":"Fotograf\u00eda de Fernando Villar, en la que puede verse en una imagen de archivo del 12 de julio de 2025 a la cantante y compositora estadounidense Olivia Rodrigo durante un concierto. EFE"},{"@type":"BreadcrumbList","@id":"https:\/\/www.americanonewspaper.com\/es\/farandula\/olivia-rodrigo-con-barcelona\/#breadcrumb","itemListElement":[{"@type":"ListItem","position":1,"name":"Home","item":"https:\/\/www.americanonewspaper.com\/es\/"},{"@type":"ListItem","position":2,"name":"Olivia Rodrigo con Barcelona"}]},{"@type":"WebSite","@id":"https:\/\/www.americanonewspaper.com\/es\/#website","url":"https:\/\/www.americanonewspaper.com\/es\/","name":"Americano Newspaper","description":"The Hispanic Newspaper of New Jersey.","publisher":{"@id":"https:\/\/www.americanonewspaper.com\/es\/#organization"},"potentialAction":[{"@type":"SearchAction","target":{"@type":"EntryPoint","urlTemplate":"https:\/\/www.americanonewspaper.com\/es\/?s={search_term_string}"},"query-input":{"@type":"PropertyValueSpecification","valueRequired":true,"valueName":"search_term_string"}}],"inLanguage":"en-US"},{"@type":"Organization","@id":"https:\/\/www.americanonewspaper.com\/es\/#organization","name":"Americano Newspaper","url":"https:\/\/www.americanonewspaper.com\/es\/","logo":{"@type":"ImageObject","inLanguage":"en-US","@id":"https:\/\/www.americanonewspaper.com\/es\/#\/schema\/logo\/image\/","url":"https:\/\/www.americanonewspaper.com\/es\/wp-content\/uploads\/2024\/05\/AmericanoLogoCircle.comCircle2.jpg","contentUrl":"https:\/\/www.americanonewspaper.com\/es\/wp-content\/uploads\/2024\/05\/AmericanoLogoCircle.comCircle2.jpg","width":600,"height":600,"caption":"Americano Newspaper"},"image":{"@id":"https:\/\/www.americanonewspaper.com\/es\/#\/schema\/logo\/image\/"},"sameAs":["https:\/\/www.facebook.com\/AmericanoNewspaper\/"]},{"@type":"Person","@id":"https:\/\/www.americanonewspaper.com\/es\/#\/schema\/person\/8967f6b8af7e37bcbbe61f68580ff088","name":"Author","image":{"@type":"ImageObject","inLanguage":"en-US","@id":"https:\/\/www.americanonewspaper.com\/es\/wp-content\/litespeed\/avatar\/89ffaf6af3cf6769ffb3c6efb2313947.jpg?ver=1777427547","url":"https:\/\/www.americanonewspaper.com\/es\/wp-content\/litespeed\/avatar\/89ffaf6af3cf6769ffb3c6efb2313947.jpg?ver=1777427547","contentUrl":"https:\/\/www.americanonewspaper.com\/es\/wp-content\/litespeed\/avatar\/89ffaf6af3cf6769ffb3c6efb2313947.jpg?ver=1777427547","caption":"Author"},"url":"https:\/\/www.americanonewspaper.com\/es\/author\/americano\/"}]}},"jetpack_publicize_connections":[],"jetpack_featured_media_url":"https:\/\/www.americanonewspaper.com\/es\/wp-content\/uploads\/2026\/05\/Olivia-R.jpeg","featured_image_urls":{"full":["https:\/\/www.americanonewspaper.com\/es\/wp-content\/uploads\/2026\/05\/Olivia-R.jpeg",560,373,false],"thumbnail":["https:\/\/www.americanonewspaper.com\/es\/wp-content\/uploads\/2026\/05\/Olivia-R-250x250.jpeg",250,250,true],"medium":["https:\/\/www.americanonewspaper.com\/es\/wp-content\/uploads\/2026\/05\/Olivia-R-300x200.jpeg",300,200,true],"medium_large":["https:\/\/www.americanonewspaper.com\/es\/wp-content\/uploads\/2026\/05\/Olivia-R.jpeg",560,373,false],"large":["https:\/\/www.americanonewspaper.com\/es\/wp-content\/uploads\/2026\/05\/Olivia-R.jpeg",560,373,false],"1536x1536":["https:\/\/www.americanonewspaper.com\/es\/wp-content\/uploads\/2026\/05\/Olivia-R.jpeg",560,373,false],"2048x2048":["https:\/\/www.americanonewspaper.com\/es\/wp-content\/uploads\/2026\/05\/Olivia-R.jpeg",560,373,false],"td_150x0":["https:\/\/www.americanonewspaper.com\/es\/wp-content\/uploads\/2026\/05\/Olivia-R-150x100.jpeg",150,100,true],"td_218x150":["https:\/\/www.americanonewspaper.com\/es\/wp-content\/uploads\/2026\/05\/Olivia-R-218x150.jpeg",218,150,true],"td_300x0":["https:\/\/www.americanonewspaper.com\/es\/wp-content\/uploads\/2026\/05\/Olivia-R-300x200.jpeg",300,200,true],"td_324x400":["https:\/\/www.americanonewspaper.com\/es\/wp-content\/uploads\/2026\/05\/Olivia-R-324x373.jpeg",324,373,true],"td_485x360":["https:\/\/www.americanonewspaper.com\/es\/wp-content\/uploads\/2026\/05\/Olivia-R-485x360.jpeg",485,360,true],"td_696x0":["https:\/\/www.americanonewspaper.com\/es\/wp-content\/uploads\/2026\/05\/Olivia-R.jpeg",560,373,false],"td_1068x0":["https:\/\/www.americanonewspaper.com\/es\/wp-content\/uploads\/2026\/05\/Olivia-R.jpeg",560,373,false],"td_1920x0":["https:\/\/www.americanonewspaper.com\/es\/wp-content\/uploads\/2026\/05\/Olivia-R.jpeg",560,373,false],"bdpp-medium":["https:\/\/www.americanonewspaper.com\/es\/wp-content\/uploads\/2026\/05\/Olivia-R.jpeg",560,373,false]},"author_info":{"display_name":"Author","author_link":"https:\/\/www.americanonewspaper.com\/es\/author\/americano\/"},"category_info":"<a href=\"https:\/\/www.americanonewspaper.com\/es\/category\/farandula\/\" rel=\"category tag\">Far\u00e1ndula<\/a> <a href=\"https:\/\/www.americanonewspaper.com\/es\/category\/fifa\/\" rel=\"category tag\">FIFA<\/a> <a href=\"https:\/\/www.americanonewspaper.com\/es\/category\/fifa\/laliga-ea-sports\/\" rel=\"category tag\">LaLiga EA Sports<\/a> <a href=\"https:\/\/www.americanonewspaper.com\/es\/category\/usa\/\" rel=\"category tag\">USA<\/a>","tag_info":"USA","comment_count":"0","jetpack_sharing_enabled":true,"jetpack_likes_enabled":true,"_links":{"self":[{"href":"https:\/\/www.americanonewspaper.com\/es\/wp-json\/wp\/v2\/posts\/32012","targetHints":{"allow":["GET"]}}],"collection":[{"href":"https:\/\/www.americanonewspaper.com\/es\/wp-json\/wp\/v2\/posts"}],"about":[{"href":"https:\/\/www.americanonewspaper.com\/es\/wp-json\/wp\/v2\/types\/post"}],"author":[{"embeddable":true,"href":"https:\/\/www.americanonewspaper.com\/es\/wp-json\/wp\/v2\/users\/7"}],"replies":[{"embeddable":true,"href":"https:\/\/www.americanonewspaper.com\/es\/wp-json\/wp\/v2\/comments?post=32012"}],"version-history":[{"count":1,"href":"https:\/\/www.americanonewspaper.com\/es\/wp-json\/wp\/v2\/posts\/32012\/revisions"}],"predecessor-version":[{"id":32014,"href":"https:\/\/www.americanonewspaper.com\/es\/wp-json\/wp\/v2\/posts\/32012\/revisions\/32014"}],"wp:featuredmedia":[{"embeddable":true,"href":"https:\/\/www.americanonewspaper.com\/es\/wp-json\/wp\/v2\/media\/32013"}],"wp:attachment":[{"href":"https:\/\/www.americanonewspaper.com\/es\/wp-json\/wp\/v2\/media?parent=32012"}],"wp:term":[{"taxonomy":"category","embeddable":true,"href":"https:\/\/www.americanonewspaper.com\/es\/wp-json\/wp\/v2\/categories?post=32012"},{"taxonomy":"post_tag","embeddable":true,"href":"https:\/\/www.americanonewspaper.com\/es\/wp-json\/wp\/v2\/tags?post=32012"}],"curies":[{"name":"wp","href":"https:\/\/api.w.org\/{rel}","templated":true}]}}