{"id":32007,"date":"2026-04-30T17:39:52","date_gmt":"2026-04-30T21:39:52","guid":{"rendered":"https:\/\/www.americanonewspaper.com\/es\/?p=32007"},"modified":"2026-04-30T17:40:00","modified_gmt":"2026-04-30T21:40:00","slug":"el-jardinero-a-la-prision-preventiva","status":"publish","type":"post","link":"https:\/\/www.americanonewspaper.com\/es\/trafico-de-drogas\/el-jardinero-a-la-prision-preventiva\/","title":{"rendered":"El Jardinero a la prisi\u00f3n preventiva"},"content":{"rendered":"\n<p>Ciudad de M\u00e9xico, 30 abr (EFE).- <\/p>\n\n\n\n<p class=\"dropcapp3\">La Fiscal\u00eda General de la Rep\u00fablica (FGR) anunci\u00f3 este viernes que la justicia mexicana env\u00edo a prisi\u00f3n preventiva a El Jardinero, supuesto nuevo l\u00edder del Cartel Jalisco Nueva Generaci\u00f3n (CJNG), y a su operador financiero, ambos detenidos el lunes por las Fuerzas Armadas en sendos operativos en el oeste del pa\u00eds.<\/p>\n\n\n\n<figure class=\"wp-block-image size-full\"><a href=\"https:\/\/ggllawyers.com\/es\/new-jersey-personal-injury-and-workers-compensation-lawyer\/\" target=\"_blank\" rel=\" noreferrer noopener\"><img fetchpriority=\"high\" decoding=\"async\" width=\"560\" height=\"269\" src=\"https:\/\/www.americanonewspaper.com\/es\/wp-content\/uploads\/2026\/04\/GGlSpanish-1.jpg\" alt=\"Abogados de Accidentes\" class=\"wp-image-31908\" srcset=\"https:\/\/www.americanonewspaper.com\/es\/wp-content\/uploads\/2026\/04\/GGlSpanish-1.jpg 560w, https:\/\/www.americanonewspaper.com\/es\/wp-content\/uploads\/2026\/04\/GGlSpanish-1-300x144.jpg 300w, https:\/\/www.americanonewspaper.com\/es\/wp-content\/uploads\/2026\/04\/GGlSpanish-1-150x72.jpg 150w\" sizes=\"(max-width: 560px) 100vw, 560px\" \/><\/a><figcaption class=\"wp-element-caption\">Abogados de Accidentes<\/figcaption><\/figure>\n\n\n\n<p>En dos comunicados, el Ministerio P\u00fablico inform\u00f3 que Audias Flores Silva, alias El Jardinero, est\u00e1 acusado de portar armas de fuego y cargadores de uso militar exclusivo, mismo delito que se le imputa a su colaborador, C\u00e9sar Alejandro &#8216;N&#8217;, alias El G\u00fcero Conta.<\/p>\n\n\n\n<p>Tras sus respectivas audiencias judiciales, a ambos se les env\u00eda a prisi\u00f3n preventiva por la gravedad de los hechos enjuiciados.<\/p>\n\n\n\n<p>El presunto capo del CJNG estar\u00e1 recluido en el penal de m\u00e1xima seguridad de El Altiplano (estado de M\u00e9xico), mientras que su supuesto operador financiero permanecer\u00e1 en el Reclusorio Metropolitano de Puente Grande (Jalisco, oeste).<\/p>\n\n\n\n<figure class=\"wp-block-image size-full\"><a href=\"https:\/\/www.linkedin.com\/in\/jaimeberrios\/\" target=\"_blank\" rel=\" noreferrer noopener\"><img decoding=\"async\" width=\"560\" height=\"257\" src=\"https:\/\/www.americanonewspaper.com\/es\/wp-content\/uploads\/2026\/04\/Jaime-copy-2.jpg\" alt=\"Paul Miller Toyota\" class=\"wp-image-31923\" srcset=\"https:\/\/www.americanonewspaper.com\/es\/wp-content\/uploads\/2026\/04\/Jaime-copy-2.jpg 560w, https:\/\/www.americanonewspaper.com\/es\/wp-content\/uploads\/2026\/04\/Jaime-copy-2-300x138.jpg 300w, https:\/\/www.americanonewspaper.com\/es\/wp-content\/uploads\/2026\/04\/Jaime-copy-2-150x69.jpg 150w\" sizes=\"(max-width: 560px) 100vw, 560px\" \/><\/a><figcaption class=\"wp-element-caption\">Paul Miller Toyota<\/figcaption><\/figure>\n\n\n\n<p>M\u00e9xico subray\u00f3 que estos operativos fueron ejecutados &#8220;\u00edntegramente&#8221; por fuerzas del pa\u00eds pese a contar con informaci\u00f3n de inteligencia proporcionada por Washington, en medio de la pol\u00e9mica por la presencia de agentes de la CIA en una acci\u00f3n sobre el terreno en Chihuahua (norte), fronterizo con Estados Unidos.<\/p>\n\n\n\n<p>Las autoridades acusan a El Jardinero de ser un operador criminal clave del CJNG, con presencia en Nayarit, Zacatecas, Michoac\u00e1n, Guerrero y Jalisco, adem\u00e1s de una estructura transnacional dedicada al tr\u00e1fico de coca\u00edna, hero\u00edna y metanfetaminas hacia Estados Unidos.<\/p>\n\n\n\n<figure class=\"wp-block-image size-full\"><a href=\"https:\/\/ramospodiatry.com\/\" target=\"_blank\" rel=\" noreferrer noopener\"><img decoding=\"async\" width=\"560\" height=\"257\" src=\"https:\/\/www.americanonewspaper.com\/es\/wp-content\/uploads\/2026\/04\/Ramos-Spanish560-2.jpg\" alt=\"\" class=\"wp-image-31925\" srcset=\"https:\/\/www.americanonewspaper.com\/es\/wp-content\/uploads\/2026\/04\/Ramos-Spanish560-2.jpg 560w, https:\/\/www.americanonewspaper.com\/es\/wp-content\/uploads\/2026\/04\/Ramos-Spanish560-2-300x138.jpg 300w, https:\/\/www.americanonewspaper.com\/es\/wp-content\/uploads\/2026\/04\/Ramos-Spanish560-2-150x69.jpg 150w\" sizes=\"(max-width: 560px) 100vw, 560px\" \/><\/a><\/figure>\n\n\n\n<p>La presidenta mexicana, Claudia Sheinbaum, celebr\u00f3 estos golpes &#8220;muy relevantes&#8221; contra el crimen organizado, al asegurar que evidencian los &#8220;avances&#8221; de su Gobierno en materia de seguridad.<\/p>\n\n\n\n<p>Varios expertos se\u00f1alaron que el capo detenido era el nuevo l\u00edder del CJNG, designada terrorista por parte de Estados Unidos, tras la muerte de El Mencho hace dos meses en un operativo militar en Jalisco, basti\u00f3n hist\u00f3rico del CJNG.<\/p>\n\n\n\n<figure class=\"wp-block-image size-full\"><a href=\"https:\/\/www.manuelbatistalaw.com\/\" target=\"_blank\" rel=\" noreferrer noopener\"><img loading=\"lazy\" decoding=\"async\" width=\"560\" height=\"257\" src=\"https:\/\/www.americanonewspaper.com\/es\/wp-content\/uploads\/2026\/04\/ManuelBatistaSpanish-1.jpg\" alt=\"\" class=\"wp-image-31926\" srcset=\"https:\/\/www.americanonewspaper.com\/es\/wp-content\/uploads\/2026\/04\/ManuelBatistaSpanish-1.jpg 560w, https:\/\/www.americanonewspaper.com\/es\/wp-content\/uploads\/2026\/04\/ManuelBatistaSpanish-1-300x138.jpg 300w, https:\/\/www.americanonewspaper.com\/es\/wp-content\/uploads\/2026\/04\/ManuelBatistaSpanish-1-150x69.jpg 150w\" sizes=\"(max-width: 560px) 100vw, 560px\" \/><\/a><\/figure>\n\n\n\n<p>Estas detenciones, adem\u00e1s, se produjeron en una semana en la que la lucha contra el narcotr\u00e1fico volvi\u00f3 al primer plano, despu\u00e9s de que la justicia estadounidense acusase al gobernador de Sinaloa (oeste), el oficialista Rub\u00e9n Rocha, de estar relacionado con el crimen organizado al vincularlo con el Cartel de Sinaloa.<\/p>\n\n\n\n<figure class=\"wp-block-image size-full\"><a href=\"https:\/\/inthepinkroom.com?utm_source=americanonewspaper&amp;utm_medium=referral&amp;utm_campaign=general\" target=\"_blank\" rel=\" noreferrer noopener\"><img loading=\"lazy\" decoding=\"async\" width=\"560\" height=\"313\" src=\"https:\/\/www.americanonewspaper.com\/es\/wp-content\/uploads\/2026\/04\/ThePinkRoom-copy-1.jpg\" alt=\"The Pink Room\" class=\"wp-image-31924\" srcset=\"https:\/\/www.americanonewspaper.com\/es\/wp-content\/uploads\/2026\/04\/ThePinkRoom-copy-1.jpg 560w, https:\/\/www.americanonewspaper.com\/es\/wp-content\/uploads\/2026\/04\/ThePinkRoom-copy-1-300x168.jpg 300w, https:\/\/www.americanonewspaper.com\/es\/wp-content\/uploads\/2026\/04\/ThePinkRoom-copy-1-150x84.jpg 150w\" sizes=\"(max-width: 560px) 100vw, 560px\" \/><\/a><figcaption class=\"wp-element-caption\">The Pink Room <\/figcaption><\/figure>\n","protected":false},"excerpt":{"rendered":"<p>Ciudad de M\u00e9xico, 30 abr (EFE).- La Fiscal\u00eda General de la Rep\u00fablica (FGR) anunci\u00f3 este viernes que la justicia mexicana env\u00edo a prisi\u00f3n preventiva a El Jardinero, supuesto nuevo l\u00edder del Cartel Jalisco Nueva Generaci\u00f3n (CJNG), y a su operador financiero, ambos detenidos el lunes por las Fuerzas Armadas en sendos operativos en el oeste [&hellip;]<\/p>\n","protected":false},"author":7,"featured_media":32008,"comment_status":"open","ping_status":"open","sticky":false,"template":"","format":"standard","meta":{"_acf_changed":false,"tdm_status":"","tdm_grid_status":"","_jetpack_memberships_contains_paid_content":false,"footnotes":"","jetpack_publicize_message":"","jetpack_publicize_feature_enabled":true,"jetpack_social_post_already_shared":false,"jetpack_social_options":{"image_generator_settings":{"template":"highway","default_image_id":0,"font":"","enabled":false,"token":"eyJpbWciOiJodHRwczpcL1wvd3d3LmFtZXJpY2Fub25ld3NwYXBlci5jb21cL2VzXC93cC1jb250ZW50XC91cGxvYWRzXC8yMDI2XC8wNFwvSmFyZGluZXJvLmpwZWciLCJ0eHQiOiJFbCBKYXJkaW5lcm8gYSBsYSBwcmlzaVx1MDBmM24gcHJldmVudGl2YSIsInRlbXBsYXRlIjoiaGlnaHdheSIsImZvbnQiOiIiLCJibG9nX2lkIjoyMjg2MTk1NzR9.iqwyFsx8YHNGzg5YaaWEGV9TbWk01UtzVR6BcSHmmoQMQ"},"version":2,"media_source":"featured-image","attached_media":[{"id":32008,"url":"https:\/\/www.americanonewspaper.com\/es\/wp-content\/uploads\/2026\/04\/Jardinero.jpeg","type":"image\/jpeg"}]},"_wpas_customize_per_network":false},"categories":[1173,528,931,302,315],"tags":[],"class_list":{"0":"post-32007","1":"post","2":"type-post","3":"status-publish","4":"format-standard","5":"has-post-thumbnail","7":"category-administracion-trump","8":"category-mexico-2","9":"category-narcotraficante","10":"category-trafico-de-drogas","11":"category-usa"},"acf":[],"yoast_head":"<!-- This site is optimized with the Yoast SEO Premium plugin v27.5 (Yoast SEO v27.5) - https:\/\/yoast.com\/product\/yoast-seo-premium-wordpress\/ -->\n<title>El Jardinero a la prisi\u00f3n preventiva - Americano Newspaper<\/title>\n<meta name=\"description\" content=\"La Fiscal\u00eda General de la Rep\u00fablica (FGR) anunci\u00f3 este viernes que la justicia mexicana env\u00edo a prisi\u00f3n preventiva a El Jardinero, supuesto nuevo l\u00edder del Cartel Jalisco Nueva Generaci\u00f3n (CJNG), y a su operador financiero, ambos detenidos el lunes por las Fuerzas Armadas en sendos operativos en el oeste del pa\u00eds.\" \/>\n<meta name=\"robots\" content=\"index, follow, max-snippet:-1, max-image-preview:large, max-video-preview:-1\" \/>\n<link rel=\"canonical\" href=\"https:\/\/www.americanonewspaper.com\/es\/trafico-de-drogas\/el-jardinero-a-la-prision-preventiva\/\" \/>\n<meta property=\"og:locale\" content=\"en_US\" \/>\n<meta property=\"og:type\" content=\"article\" \/>\n<meta property=\"og:title\" content=\"El Jardinero a la prisi\u00f3n preventiva\" \/>\n<meta property=\"og:description\" content=\"La Fiscal\u00eda General de la Rep\u00fablica (FGR) anunci\u00f3 este viernes que la justicia mexicana env\u00edo a prisi\u00f3n preventiva a El Jardinero, supuesto nuevo l\u00edder del Cartel Jalisco Nueva Generaci\u00f3n (CJNG), y a su operador financiero, ambos detenidos el lunes por las Fuerzas Armadas en sendos operativos en el oeste del pa\u00eds.\" \/>\n<meta property=\"og:url\" content=\"https:\/\/www.americanonewspaper.com\/es\/trafico-de-drogas\/el-jardinero-a-la-prision-preventiva\/\" \/>\n<meta property=\"og:site_name\" content=\"Americano Newspaper\" \/>\n<meta property=\"article:publisher\" content=\"https:\/\/www.facebook.com\/AmericanoNewspaper\/\" \/>\n<meta property=\"article:published_time\" content=\"2026-04-30T21:39:52+00:00\" \/>\n<meta property=\"article:modified_time\" content=\"2026-04-30T21:40:00+00:00\" \/>\n<meta property=\"og:image\" content=\"https:\/\/www.americanonewspaper.com\/es\/wp-content\/uploads\/2026\/04\/Jardinero.jpeg\" \/>\n\t<meta property=\"og:image:width\" content=\"560\" \/>\n\t<meta property=\"og:image:height\" content=\"347\" \/>\n\t<meta property=\"og:image:type\" content=\"image\/jpeg\" \/>\n<meta name=\"author\" content=\"Author\" \/>\n<meta name=\"twitter:card\" content=\"summary_large_image\" \/>\n<meta name=\"twitter:label1\" content=\"Written by\" \/>\n\t<meta name=\"twitter:data1\" content=\"Author\" \/>\n\t<meta name=\"twitter:label2\" content=\"Est. reading time\" \/>\n\t<meta name=\"twitter:data2\" content=\"3 minutes\" \/>\n<script type=\"application\/ld+json\" class=\"yoast-schema-graph\">{\"@context\":\"https:\\\/\\\/schema.org\",\"@graph\":[{\"@type\":\"Article\",\"@id\":\"https:\\\/\\\/www.americanonewspaper.com\\\/es\\\/trafico-de-drogas\\\/el-jardinero-a-la-prision-preventiva\\\/#article\",\"isPartOf\":{\"@id\":\"https:\\\/\\\/www.americanonewspaper.com\\\/es\\\/trafico-de-drogas\\\/el-jardinero-a-la-prision-preventiva\\\/\"},\"author\":{\"name\":\"Author\",\"@id\":\"https:\\\/\\\/www.americanonewspaper.com\\\/es\\\/#\\\/schema\\\/person\\\/8967f6b8af7e37bcbbe61f68580ff088\"},\"headline\":\"El Jardinero a la prisi\u00f3n preventiva\",\"datePublished\":\"2026-04-30T21:39:52+00:00\",\"dateModified\":\"2026-04-30T21:40:00+00:00\",\"mainEntityOfPage\":{\"@id\":\"https:\\\/\\\/www.americanonewspaper.com\\\/es\\\/trafico-de-drogas\\\/el-jardinero-a-la-prision-preventiva\\\/\"},\"wordCount\":407,\"commentCount\":0,\"publisher\":{\"@id\":\"https:\\\/\\\/www.americanonewspaper.com\\\/es\\\/#organization\"},\"image\":{\"@id\":\"https:\\\/\\\/www.americanonewspaper.com\\\/es\\\/trafico-de-drogas\\\/el-jardinero-a-la-prision-preventiva\\\/#primaryimage\"},\"thumbnailUrl\":\"https:\\\/\\\/www.americanonewspaper.com\\\/es\\\/wp-content\\\/uploads\\\/2026\\\/04\\\/Jardinero.jpeg\",\"articleSection\":[\"Administraci\u00f3n Trump\",\"M\u00e9xico\",\"Narcotraficante\",\"Trafico de drogas\",\"USA\"],\"inLanguage\":\"en-US\",\"potentialAction\":[{\"@type\":\"CommentAction\",\"name\":\"Comment\",\"target\":[\"https:\\\/\\\/www.americanonewspaper.com\\\/es\\\/trafico-de-drogas\\\/el-jardinero-a-la-prision-preventiva\\\/#respond\"]}]},{\"@type\":\"WebPage\",\"@id\":\"https:\\\/\\\/www.americanonewspaper.com\\\/es\\\/trafico-de-drogas\\\/el-jardinero-a-la-prision-preventiva\\\/\",\"url\":\"https:\\\/\\\/www.americanonewspaper.com\\\/es\\\/trafico-de-drogas\\\/el-jardinero-a-la-prision-preventiva\\\/\",\"name\":\"El Jardinero a la prisi\u00f3n preventiva - Americano Newspaper\",\"isPartOf\":{\"@id\":\"https:\\\/\\\/www.americanonewspaper.com\\\/es\\\/#website\"},\"primaryImageOfPage\":{\"@id\":\"https:\\\/\\\/www.americanonewspaper.com\\\/es\\\/trafico-de-drogas\\\/el-jardinero-a-la-prision-preventiva\\\/#primaryimage\"},\"image\":{\"@id\":\"https:\\\/\\\/www.americanonewspaper.com\\\/es\\\/trafico-de-drogas\\\/el-jardinero-a-la-prision-preventiva\\\/#primaryimage\"},\"thumbnailUrl\":\"https:\\\/\\\/www.americanonewspaper.com\\\/es\\\/wp-content\\\/uploads\\\/2026\\\/04\\\/Jardinero.jpeg\",\"datePublished\":\"2026-04-30T21:39:52+00:00\",\"dateModified\":\"2026-04-30T21:40:00+00:00\",\"description\":\"La Fiscal\u00eda General de la Rep\u00fablica (FGR) anunci\u00f3 este viernes que la justicia mexicana env\u00edo a prisi\u00f3n preventiva a El Jardinero, supuesto nuevo l\u00edder del Cartel Jalisco Nueva Generaci\u00f3n (CJNG), y a su operador financiero, ambos detenidos el lunes por las Fuerzas Armadas en sendos operativos en el oeste del pa\u00eds.\",\"breadcrumb\":{\"@id\":\"https:\\\/\\\/www.americanonewspaper.com\\\/es\\\/trafico-de-drogas\\\/el-jardinero-a-la-prision-preventiva\\\/#breadcrumb\"},\"inLanguage\":\"en-US\",\"potentialAction\":[{\"@type\":\"ReadAction\",\"target\":[\"https:\\\/\\\/www.americanonewspaper.com\\\/es\\\/trafico-de-drogas\\\/el-jardinero-a-la-prision-preventiva\\\/\"]}]},{\"@type\":\"ImageObject\",\"inLanguage\":\"en-US\",\"@id\":\"https:\\\/\\\/www.americanonewspaper.com\\\/es\\\/trafico-de-drogas\\\/el-jardinero-a-la-prision-preventiva\\\/#primaryimage\",\"url\":\"https:\\\/\\\/www.americanonewspaper.com\\\/es\\\/wp-content\\\/uploads\\\/2026\\\/04\\\/Jardinero.jpeg\",\"contentUrl\":\"https:\\\/\\\/www.americanonewspaper.com\\\/es\\\/wp-content\\\/uploads\\\/2026\\\/04\\\/Jardinero.jpeg\",\"width\":560,\"height\":347,\"caption\":\"Fotograf\u00eda cedida por la Secretar\u00eda de Seguridad y Protecci\u00f3n Ciudadana (SSPC), en la que se observa a Audias Flores Silva (c), alias El Jardinero, presunto nuevo l\u00edder del Cartel Jalisco Nueva Generaci\u00f3n, arrestado en Nayarit (M\u00e9xico). EFE\\\/ Secretar\u00eda de Seguridad y Protecci\u00f3n Ciudadana (SSPC)\"},{\"@type\":\"BreadcrumbList\",\"@id\":\"https:\\\/\\\/www.americanonewspaper.com\\\/es\\\/trafico-de-drogas\\\/el-jardinero-a-la-prision-preventiva\\\/#breadcrumb\",\"itemListElement\":[{\"@type\":\"ListItem\",\"position\":1,\"name\":\"Home\",\"item\":\"https:\\\/\\\/www.americanonewspaper.com\\\/es\\\/\"},{\"@type\":\"ListItem\",\"position\":2,\"name\":\"El Jardinero a la prisi\u00f3n preventiva\"}]},{\"@type\":\"WebSite\",\"@id\":\"https:\\\/\\\/www.americanonewspaper.com\\\/es\\\/#website\",\"url\":\"https:\\\/\\\/www.americanonewspaper.com\\\/es\\\/\",\"name\":\"Americano Newspaper\",\"description\":\"The Hispanic Newspaper of New Jersey.\",\"publisher\":{\"@id\":\"https:\\\/\\\/www.americanonewspaper.com\\\/es\\\/#organization\"},\"potentialAction\":[{\"@type\":\"SearchAction\",\"target\":{\"@type\":\"EntryPoint\",\"urlTemplate\":\"https:\\\/\\\/www.americanonewspaper.com\\\/es\\\/?s={search_term_string}\"},\"query-input\":{\"@type\":\"PropertyValueSpecification\",\"valueRequired\":true,\"valueName\":\"search_term_string\"}}],\"inLanguage\":\"en-US\"},{\"@type\":\"Organization\",\"@id\":\"https:\\\/\\\/www.americanonewspaper.com\\\/es\\\/#organization\",\"name\":\"Americano Newspaper\",\"url\":\"https:\\\/\\\/www.americanonewspaper.com\\\/es\\\/\",\"logo\":{\"@type\":\"ImageObject\",\"inLanguage\":\"en-US\",\"@id\":\"https:\\\/\\\/www.americanonewspaper.com\\\/es\\\/#\\\/schema\\\/logo\\\/image\\\/\",\"url\":\"https:\\\/\\\/www.americanonewspaper.com\\\/es\\\/wp-content\\\/uploads\\\/2024\\\/05\\\/AmericanoLogoCircle.comCircle2.jpg\",\"contentUrl\":\"https:\\\/\\\/www.americanonewspaper.com\\\/es\\\/wp-content\\\/uploads\\\/2024\\\/05\\\/AmericanoLogoCircle.comCircle2.jpg\",\"width\":600,\"height\":600,\"caption\":\"Americano Newspaper\"},\"image\":{\"@id\":\"https:\\\/\\\/www.americanonewspaper.com\\\/es\\\/#\\\/schema\\\/logo\\\/image\\\/\"},\"sameAs\":[\"https:\\\/\\\/www.facebook.com\\\/AmericanoNewspaper\\\/\"]},{\"@type\":\"Person\",\"@id\":\"https:\\\/\\\/www.americanonewspaper.com\\\/es\\\/#\\\/schema\\\/person\\\/8967f6b8af7e37bcbbe61f68580ff088\",\"name\":\"Author\",\"image\":{\"@type\":\"ImageObject\",\"inLanguage\":\"en-US\",\"@id\":\"https:\\\/\\\/www.americanonewspaper.com\\\/es\\\/wp-content\\\/litespeed\\\/avatar\\\/89ffaf6af3cf6769ffb3c6efb2313947.jpg?ver=1777427547\",\"url\":\"https:\\\/\\\/www.americanonewspaper.com\\\/es\\\/wp-content\\\/litespeed\\\/avatar\\\/89ffaf6af3cf6769ffb3c6efb2313947.jpg?ver=1777427547\",\"contentUrl\":\"https:\\\/\\\/www.americanonewspaper.com\\\/es\\\/wp-content\\\/litespeed\\\/avatar\\\/89ffaf6af3cf6769ffb3c6efb2313947.jpg?ver=1777427547\",\"caption\":\"Author\"},\"url\":\"https:\\\/\\\/www.americanonewspaper.com\\\/es\\\/author\\\/americano\\\/\"}]}<\/script>\n<!-- \/ Yoast SEO Premium plugin. -->","yoast_head_json":{"title":"El Jardinero a la prisi\u00f3n preventiva - Americano Newspaper","description":"La Fiscal\u00eda General de la Rep\u00fablica (FGR) anunci\u00f3 este viernes que la justicia mexicana env\u00edo a prisi\u00f3n preventiva a El Jardinero, supuesto nuevo l\u00edder del Cartel Jalisco Nueva Generaci\u00f3n (CJNG), y a su operador financiero, ambos detenidos el lunes por las Fuerzas Armadas en sendos operativos en el oeste del pa\u00eds.","robots":{"index":"index","follow":"follow","max-snippet":"max-snippet:-1","max-image-preview":"max-image-preview:large","max-video-preview":"max-video-preview:-1"},"canonical":"https:\/\/www.americanonewspaper.com\/es\/trafico-de-drogas\/el-jardinero-a-la-prision-preventiva\/","og_locale":"en_US","og_type":"article","og_title":"El Jardinero a la prisi\u00f3n preventiva","og_description":"La Fiscal\u00eda General de la Rep\u00fablica (FGR) anunci\u00f3 este viernes que la justicia mexicana env\u00edo a prisi\u00f3n preventiva a El Jardinero, supuesto nuevo l\u00edder del Cartel Jalisco Nueva Generaci\u00f3n (CJNG), y a su operador financiero, ambos detenidos el lunes por las Fuerzas Armadas en sendos operativos en el oeste del pa\u00eds.","og_url":"https:\/\/www.americanonewspaper.com\/es\/trafico-de-drogas\/el-jardinero-a-la-prision-preventiva\/","og_site_name":"Americano Newspaper","article_publisher":"https:\/\/www.facebook.com\/AmericanoNewspaper\/","article_published_time":"2026-04-30T21:39:52+00:00","article_modified_time":"2026-04-30T21:40:00+00:00","og_image":[{"width":560,"height":347,"url":"https:\/\/www.americanonewspaper.com\/es\/wp-content\/uploads\/2026\/04\/Jardinero.jpeg","type":"image\/jpeg"}],"author":"Author","twitter_card":"summary_large_image","twitter_misc":{"Written by":"Author","Est. reading time":"3 minutes"},"schema":{"@context":"https:\/\/schema.org","@graph":[{"@type":"Article","@id":"https:\/\/www.americanonewspaper.com\/es\/trafico-de-drogas\/el-jardinero-a-la-prision-preventiva\/#article","isPartOf":{"@id":"https:\/\/www.americanonewspaper.com\/es\/trafico-de-drogas\/el-jardinero-a-la-prision-preventiva\/"},"author":{"name":"Author","@id":"https:\/\/www.americanonewspaper.com\/es\/#\/schema\/person\/8967f6b8af7e37bcbbe61f68580ff088"},"headline":"El Jardinero a la prisi\u00f3n preventiva","datePublished":"2026-04-30T21:39:52+00:00","dateModified":"2026-04-30T21:40:00+00:00","mainEntityOfPage":{"@id":"https:\/\/www.americanonewspaper.com\/es\/trafico-de-drogas\/el-jardinero-a-la-prision-preventiva\/"},"wordCount":407,"commentCount":0,"publisher":{"@id":"https:\/\/www.americanonewspaper.com\/es\/#organization"},"image":{"@id":"https:\/\/www.americanonewspaper.com\/es\/trafico-de-drogas\/el-jardinero-a-la-prision-preventiva\/#primaryimage"},"thumbnailUrl":"https:\/\/www.americanonewspaper.com\/es\/wp-content\/uploads\/2026\/04\/Jardinero.jpeg","articleSection":["Administraci\u00f3n Trump","M\u00e9xico","Narcotraficante","Trafico de drogas","USA"],"inLanguage":"en-US","potentialAction":[{"@type":"CommentAction","name":"Comment","target":["https:\/\/www.americanonewspaper.com\/es\/trafico-de-drogas\/el-jardinero-a-la-prision-preventiva\/#respond"]}]},{"@type":"WebPage","@id":"https:\/\/www.americanonewspaper.com\/es\/trafico-de-drogas\/el-jardinero-a-la-prision-preventiva\/","url":"https:\/\/www.americanonewspaper.com\/es\/trafico-de-drogas\/el-jardinero-a-la-prision-preventiva\/","name":"El Jardinero a la prisi\u00f3n preventiva - Americano Newspaper","isPartOf":{"@id":"https:\/\/www.americanonewspaper.com\/es\/#website"},"primaryImageOfPage":{"@id":"https:\/\/www.americanonewspaper.com\/es\/trafico-de-drogas\/el-jardinero-a-la-prision-preventiva\/#primaryimage"},"image":{"@id":"https:\/\/www.americanonewspaper.com\/es\/trafico-de-drogas\/el-jardinero-a-la-prision-preventiva\/#primaryimage"},"thumbnailUrl":"https:\/\/www.americanonewspaper.com\/es\/wp-content\/uploads\/2026\/04\/Jardinero.jpeg","datePublished":"2026-04-30T21:39:52+00:00","dateModified":"2026-04-30T21:40:00+00:00","description":"La Fiscal\u00eda General de la Rep\u00fablica (FGR) anunci\u00f3 este viernes que la justicia mexicana env\u00edo a prisi\u00f3n preventiva a El Jardinero, supuesto nuevo l\u00edder del Cartel Jalisco Nueva Generaci\u00f3n (CJNG), y a su operador financiero, ambos detenidos el lunes por las Fuerzas Armadas en sendos operativos en el oeste del pa\u00eds.","breadcrumb":{"@id":"https:\/\/www.americanonewspaper.com\/es\/trafico-de-drogas\/el-jardinero-a-la-prision-preventiva\/#breadcrumb"},"inLanguage":"en-US","potentialAction":[{"@type":"ReadAction","target":["https:\/\/www.americanonewspaper.com\/es\/trafico-de-drogas\/el-jardinero-a-la-prision-preventiva\/"]}]},{"@type":"ImageObject","inLanguage":"en-US","@id":"https:\/\/www.americanonewspaper.com\/es\/trafico-de-drogas\/el-jardinero-a-la-prision-preventiva\/#primaryimage","url":"https:\/\/www.americanonewspaper.com\/es\/wp-content\/uploads\/2026\/04\/Jardinero.jpeg","contentUrl":"https:\/\/www.americanonewspaper.com\/es\/wp-content\/uploads\/2026\/04\/Jardinero.jpeg","width":560,"height":347,"caption":"Fotograf\u00eda cedida por la Secretar\u00eda de Seguridad y Protecci\u00f3n Ciudadana (SSPC), en la que se observa a Audias Flores Silva (c), alias El Jardinero, presunto nuevo l\u00edder del Cartel Jalisco Nueva Generaci\u00f3n, arrestado en Nayarit (M\u00e9xico). EFE\/ Secretar\u00eda de Seguridad y Protecci\u00f3n Ciudadana (SSPC)"},{"@type":"BreadcrumbList","@id":"https:\/\/www.americanonewspaper.com\/es\/trafico-de-drogas\/el-jardinero-a-la-prision-preventiva\/#breadcrumb","itemListElement":[{"@type":"ListItem","position":1,"name":"Home","item":"https:\/\/www.americanonewspaper.com\/es\/"},{"@type":"ListItem","position":2,"name":"El Jardinero a la prisi\u00f3n preventiva"}]},{"@type":"WebSite","@id":"https:\/\/www.americanonewspaper.com\/es\/#website","url":"https:\/\/www.americanonewspaper.com\/es\/","name":"Americano Newspaper","description":"The Hispanic Newspaper of New Jersey.","publisher":{"@id":"https:\/\/www.americanonewspaper.com\/es\/#organization"},"potentialAction":[{"@type":"SearchAction","target":{"@type":"EntryPoint","urlTemplate":"https:\/\/www.americanonewspaper.com\/es\/?s={search_term_string}"},"query-input":{"@type":"PropertyValueSpecification","valueRequired":true,"valueName":"search_term_string"}}],"inLanguage":"en-US"},{"@type":"Organization","@id":"https:\/\/www.americanonewspaper.com\/es\/#organization","name":"Americano Newspaper","url":"https:\/\/www.americanonewspaper.com\/es\/","logo":{"@type":"ImageObject","inLanguage":"en-US","@id":"https:\/\/www.americanonewspaper.com\/es\/#\/schema\/logo\/image\/","url":"https:\/\/www.americanonewspaper.com\/es\/wp-content\/uploads\/2024\/05\/AmericanoLogoCircle.comCircle2.jpg","contentUrl":"https:\/\/www.americanonewspaper.com\/es\/wp-content\/uploads\/2024\/05\/AmericanoLogoCircle.comCircle2.jpg","width":600,"height":600,"caption":"Americano Newspaper"},"image":{"@id":"https:\/\/www.americanonewspaper.com\/es\/#\/schema\/logo\/image\/"},"sameAs":["https:\/\/www.facebook.com\/AmericanoNewspaper\/"]},{"@type":"Person","@id":"https:\/\/www.americanonewspaper.com\/es\/#\/schema\/person\/8967f6b8af7e37bcbbe61f68580ff088","name":"Author","image":{"@type":"ImageObject","inLanguage":"en-US","@id":"https:\/\/www.americanonewspaper.com\/es\/wp-content\/litespeed\/avatar\/89ffaf6af3cf6769ffb3c6efb2313947.jpg?ver=1777427547","url":"https:\/\/www.americanonewspaper.com\/es\/wp-content\/litespeed\/avatar\/89ffaf6af3cf6769ffb3c6efb2313947.jpg?ver=1777427547","contentUrl":"https:\/\/www.americanonewspaper.com\/es\/wp-content\/litespeed\/avatar\/89ffaf6af3cf6769ffb3c6efb2313947.jpg?ver=1777427547","caption":"Author"},"url":"https:\/\/www.americanonewspaper.com\/es\/author\/americano\/"}]}},"jetpack_publicize_connections":[],"jetpack_featured_media_url":"https:\/\/www.americanonewspaper.com\/es\/wp-content\/uploads\/2026\/04\/Jardinero.jpeg","featured_image_urls":{"full":["https:\/\/www.americanonewspaper.com\/es\/wp-content\/uploads\/2026\/04\/Jardinero.jpeg",560,347,false],"thumbnail":["https:\/\/www.americanonewspaper.com\/es\/wp-content\/uploads\/2026\/04\/Jardinero-250x250.jpeg",250,250,true],"medium":["https:\/\/www.americanonewspaper.com\/es\/wp-content\/uploads\/2026\/04\/Jardinero-300x186.jpeg",300,186,true],"medium_large":["https:\/\/www.americanonewspaper.com\/es\/wp-content\/uploads\/2026\/04\/Jardinero.jpeg",560,347,false],"large":["https:\/\/www.americanonewspaper.com\/es\/wp-content\/uploads\/2026\/04\/Jardinero.jpeg",560,347,false],"1536x1536":["https:\/\/www.americanonewspaper.com\/es\/wp-content\/uploads\/2026\/04\/Jardinero.jpeg",560,347,false],"2048x2048":["https:\/\/www.americanonewspaper.com\/es\/wp-content\/uploads\/2026\/04\/Jardinero.jpeg",560,347,false],"td_150x0":["https:\/\/www.americanonewspaper.com\/es\/wp-content\/uploads\/2026\/04\/Jardinero-150x93.jpeg",150,93,true],"td_218x150":["https:\/\/www.americanonewspaper.com\/es\/wp-content\/uploads\/2026\/04\/Jardinero-218x150.jpeg",218,150,true],"td_300x0":["https:\/\/www.americanonewspaper.com\/es\/wp-content\/uploads\/2026\/04\/Jardinero-300x186.jpeg",300,186,true],"td_324x400":["https:\/\/www.americanonewspaper.com\/es\/wp-content\/uploads\/2026\/04\/Jardinero-324x347.jpeg",324,347,true],"td_485x360":["https:\/\/www.americanonewspaper.com\/es\/wp-content\/uploads\/2026\/04\/Jardinero-485x347.jpeg",485,347,true],"td_696x0":["https:\/\/www.americanonewspaper.com\/es\/wp-content\/uploads\/2026\/04\/Jardinero.jpeg",560,347,false],"td_1068x0":["https:\/\/www.americanonewspaper.com\/es\/wp-content\/uploads\/2026\/04\/Jardinero.jpeg",560,347,false],"td_1920x0":["https:\/\/www.americanonewspaper.com\/es\/wp-content\/uploads\/2026\/04\/Jardinero.jpeg",560,347,false],"bdpp-medium":["https:\/\/www.americanonewspaper.com\/es\/wp-content\/uploads\/2026\/04\/Jardinero.jpeg",560,347,false]},"author_info":{"display_name":"Author","author_link":"https:\/\/www.americanonewspaper.com\/es\/author\/americano\/"},"category_info":"<a href=\"https:\/\/www.americanonewspaper.com\/es\/category\/donald-trump\/administracion-trump\/\" rel=\"category tag\">Administraci\u00f3n Trump<\/a> <a href=\"https:\/\/www.americanonewspaper.com\/es\/category\/mexico-2\/\" rel=\"category tag\">M\u00e9xico<\/a> <a href=\"https:\/\/www.americanonewspaper.com\/es\/category\/trafico-de-drogas\/narcotraficante\/\" rel=\"category tag\">Narcotraficante<\/a> <a href=\"https:\/\/www.americanonewspaper.com\/es\/category\/trafico-de-drogas\/\" rel=\"category tag\">Trafico de drogas<\/a> <a href=\"https:\/\/www.americanonewspaper.com\/es\/category\/usa\/\" rel=\"category tag\">USA<\/a>","tag_info":"USA","comment_count":"0","jetpack_sharing_enabled":true,"jetpack_likes_enabled":true,"_links":{"self":[{"href":"https:\/\/www.americanonewspaper.com\/es\/wp-json\/wp\/v2\/posts\/32007","targetHints":{"allow":["GET"]}}],"collection":[{"href":"https:\/\/www.americanonewspaper.com\/es\/wp-json\/wp\/v2\/posts"}],"about":[{"href":"https:\/\/www.americanonewspaper.com\/es\/wp-json\/wp\/v2\/types\/post"}],"author":[{"embeddable":true,"href":"https:\/\/www.americanonewspaper.com\/es\/wp-json\/wp\/v2\/users\/7"}],"replies":[{"embeddable":true,"href":"https:\/\/www.americanonewspaper.com\/es\/wp-json\/wp\/v2\/comments?post=32007"}],"version-history":[{"count":1,"href":"https:\/\/www.americanonewspaper.com\/es\/wp-json\/wp\/v2\/posts\/32007\/revisions"}],"predecessor-version":[{"id":32009,"href":"https:\/\/www.americanonewspaper.com\/es\/wp-json\/wp\/v2\/posts\/32007\/revisions\/32009"}],"wp:featuredmedia":[{"embeddable":true,"href":"https:\/\/www.americanonewspaper.com\/es\/wp-json\/wp\/v2\/media\/32008"}],"wp:attachment":[{"href":"https:\/\/www.americanonewspaper.com\/es\/wp-json\/wp\/v2\/media?parent=32007"}],"wp:term":[{"taxonomy":"category","embeddable":true,"href":"https:\/\/www.americanonewspaper.com\/es\/wp-json\/wp\/v2\/categories?post=32007"},{"taxonomy":"post_tag","embeddable":true,"href":"https:\/\/www.americanonewspaper.com\/es\/wp-json\/wp\/v2\/tags?post=32007"}],"curies":[{"name":"wp","href":"https:\/\/api.w.org\/{rel}","templated":true}]}}