{"id":31979,"date":"2026-04-29T20:24:33","date_gmt":"2026-04-30T00:24:33","guid":{"rendered":"https:\/\/www.americanonewspaper.com\/es\/?p=31979"},"modified":"2026-04-29T20:28:58","modified_gmt":"2026-04-30T00:28:58","slug":"supremo-reduce-proteccion-electoral-a-minorias","status":"publish","type":"post","link":"https:\/\/www.americanonewspaper.com\/es\/usa\/supremo-reduce-proteccion-electoral-a-minorias\/","title":{"rendered":"Supremo reduce protecci\u00f3n electoral a minor\u00edas"},"content":{"rendered":"\n<p>Miami (EE.UU.), 29 abr (EFE).- <\/p>\n\n\n\n<p class=\"dropcapp3\">El Supremo de Estados Unidos redujo este mi\u00e9rcoles hist\u00f3ricas protecciones electorales a las minor\u00edas raciales y \u00e9tnicas en la Ley de Derecho al Voto (VRA, en ingl\u00e9s), en un a\u00f1o marcado por los comicios de mitad de mandato de la Administraci\u00f3n Trump.<\/p>\n\n\n\n<p>Grupos minoritarios latinos y afroamericanos cuestionaron el fallo del Supremo, que -consideran- debilita el electorado de sus comunidades, en medio de una campa\u00f1a iniciada por el presidente Donald Trump en 2025 en Texas, que busca redise\u00f1ar los mapas electorales de varios estados, cinco a\u00f1os antes de lo usual.<\/p>\n\n\n\n<figure class=\"wp-block-image size-full\"><a href=\"https:\/\/ggllawyers.com\/es\/new-jersey-personal-injury-and-workers-compensation-lawyer\/\" target=\"_blank\" rel=\" noreferrer noopener\"><img fetchpriority=\"high\" decoding=\"async\" width=\"560\" height=\"269\" src=\"https:\/\/www.americanonewspaper.com\/es\/wp-content\/uploads\/2026\/04\/GGlSpanish-1.jpg\" alt=\"Abogados de Accidentes\" class=\"wp-image-31908\" srcset=\"https:\/\/www.americanonewspaper.com\/es\/wp-content\/uploads\/2026\/04\/GGlSpanish-1.jpg 560w, https:\/\/www.americanonewspaper.com\/es\/wp-content\/uploads\/2026\/04\/GGlSpanish-1-300x144.jpg 300w, https:\/\/www.americanonewspaper.com\/es\/wp-content\/uploads\/2026\/04\/GGlSpanish-1-150x72.jpg 150w\" sizes=\"(max-width: 560px) 100vw, 560px\" \/><\/a><figcaption class=\"wp-element-caption\">Abogados de Accidentes<\/figcaption><\/figure>\n\n\n\n<p>El Tribunal Supremo de EE.UU. anul\u00f3 este mi\u00e9rcoles el mapa electoral del Legislativo de Luisiana, al argumentar que su dise\u00f1o se bas\u00f3 excesivamente en criterios raciales, un \u00e9xito para los republicanos y que supone una derrota para organizaciones de derechos civiles en todo el pa\u00eds.<\/p>\n\n\n\n<p>Para H\u00e9ctor S\u00e1nchez Barba, presidente de Mi Familia Vota, la decisi\u00f3n &#8220;revierte d\u00e9cadas de avances arduamente conquistados, dedicados a garantizar que cada ciudadano -independientemente de su raza- posea una voz equitativa en nuestra democracia y una representaci\u00f3n justa&#8221;.<\/p>\n\n\n\n<p>El activista subray\u00f3 que la decisi\u00f3n tendr\u00e1 un efecto &#8220;devastador&#8221; sobre los latinos, porque elimina la parte que prohib\u00eda a los estados &#8220;incurrir en la pr\u00e1ctica il\u00edcita de fragmentar a los grupos minoritarios raciales y ling\u00fc\u00edsticos, a trav\u00e9s de los distritos electorales, con el fin de debilitar su fuerza colectiva de voto&#8221;.<\/p>\n\n\n\n<figure class=\"wp-block-image size-full\"><a href=\"https:\/\/www.linkedin.com\/in\/jaimeberrios\/\" target=\"_blank\" rel=\" noreferrer noopener\"><img decoding=\"async\" width=\"560\" height=\"257\" src=\"https:\/\/www.americanonewspaper.com\/es\/wp-content\/uploads\/2026\/04\/Jaime-copy-2.jpg\" alt=\"Paul Miller Toyota\" class=\"wp-image-31923\" srcset=\"https:\/\/www.americanonewspaper.com\/es\/wp-content\/uploads\/2026\/04\/Jaime-copy-2.jpg 560w, https:\/\/www.americanonewspaper.com\/es\/wp-content\/uploads\/2026\/04\/Jaime-copy-2-300x138.jpg 300w, https:\/\/www.americanonewspaper.com\/es\/wp-content\/uploads\/2026\/04\/Jaime-copy-2-150x69.jpg 150w\" sizes=\"(max-width: 560px) 100vw, 560px\" \/><\/a><figcaption class=\"wp-element-caption\">Paul Miller Toyota<\/figcaption><\/figure>\n\n\n\n<p>El fallo &#8220;despoja a los votantes de raza negra de una representaci\u00f3n justa y equitativa, y dificulta que las personas de otras comunidades hist\u00f3ricamente excluidas hagan o\u00edr sus voces en temas como la vivienda asequible, los empleos bien remunerados, la atenci\u00f3n m\u00e9dica de calidad y la seguridad en sus comunidades&#8221;, se\u00f1al\u00f3, por su parte, el grupo civil &#8216;All Voting is Local&#8217;.<\/p>\n\n\n\n<p>Tras el fallo del Supremo, el Legislativo de Florida avanz\u00f3 hoy en el nuevo mapa electoral, que seg\u00fan Voto Latino, podr\u00eda arrebatar hasta cuatro esca\u00f1os a los dem\u00f3cratas.<\/p>\n\n\n\n<figure class=\"wp-block-image size-full\"><a href=\"https:\/\/www.manuelbatistalaw.com\/\" target=\"_blank\" rel=\" noreferrer noopener\"><img decoding=\"async\" width=\"560\" height=\"257\" src=\"https:\/\/www.americanonewspaper.com\/es\/wp-content\/uploads\/2026\/04\/ManuelBatistaSpanish-1.jpg\" alt=\"\" class=\"wp-image-31926\" srcset=\"https:\/\/www.americanonewspaper.com\/es\/wp-content\/uploads\/2026\/04\/ManuelBatistaSpanish-1.jpg 560w, https:\/\/www.americanonewspaper.com\/es\/wp-content\/uploads\/2026\/04\/ManuelBatistaSpanish-1-300x138.jpg 300w, https:\/\/www.americanonewspaper.com\/es\/wp-content\/uploads\/2026\/04\/ManuelBatistaSpanish-1-150x69.jpg 150w\" sizes=\"(max-width: 560px) 100vw, 560px\" \/><\/a><\/figure>\n\n\n\n<h2 class=\"wp-block-heading\" id=\"h-el-fallo\"><strong>El fallo<\/strong><\/h2>\n\n\n\n<p>&#8220;Debido a que la Ley de Derechos Electorales no requer\u00eda que Luisiana creara un distrito adicional de mayor\u00eda minoritaria, ning\u00fan inter\u00e9s apremiante justific\u00f3 el uso de la raza por parte del estado al crear el (mapa)&#8221;, indic\u00f3 en su sentencia la m\u00e1xima instancia judicial estadounidense.<\/p>\n\n\n\n<p>La decisi\u00f3n del Supremo limita as\u00ed el redise\u00f1o de mapas electorales en todo el pa\u00eds por motivos raciales, al entender que la Ley de Derechos Electorales no exig\u00eda que el estado creara un segundo distrito de mayor\u00eda afroamericana.<\/p>\n\n\n\n<p>Con las elecciones legislativas de mitad de mandato previstas para noviembre en Estados Unidos y la redistribuci\u00f3n de distritos que adelantan varios estados, el fallo podr\u00eda ampliar la mayor\u00eda republicana en la C\u00e1mara de Representantes en alrededor de una veintena de esca\u00f1os.<\/p>\n\n\n\n<figure class=\"wp-block-image size-full\"><a href=\"https:\/\/ramospodiatry.com\/\" target=\"_blank\" rel=\" noreferrer noopener\"><img loading=\"lazy\" decoding=\"async\" width=\"560\" height=\"257\" src=\"https:\/\/www.americanonewspaper.com\/es\/wp-content\/uploads\/2026\/04\/Ramos-Spanish560-2.jpg\" alt=\"\" class=\"wp-image-31925\" srcset=\"https:\/\/www.americanonewspaper.com\/es\/wp-content\/uploads\/2026\/04\/Ramos-Spanish560-2.jpg 560w, https:\/\/www.americanonewspaper.com\/es\/wp-content\/uploads\/2026\/04\/Ramos-Spanish560-2-300x138.jpg 300w, https:\/\/www.americanonewspaper.com\/es\/wp-content\/uploads\/2026\/04\/Ramos-Spanish560-2-150x69.jpg 150w\" sizes=\"(max-width: 560px) 100vw, 560px\" \/><\/a><\/figure>\n\n\n\n<p>&#8220;Las distinciones entre ciudadanos \u00fanicamente por su ascendencia son, por su propia naturaleza, odiosas para un pueblo libre, cuyas instituciones se fundan en la doctrina de la igualdad&#8221;, se lee en la sentencia.<\/p>\n\n\n\n<p>Este fallo limita la secci\u00f3n 2 de esa ley federal, que hasta hoy contribuy\u00f3 a poner fin a las leyes de segregaci\u00f3n racial y promovi\u00f3 el voto de las minor\u00edas, especialmente para las personas de raza negra, en Estados Unidos.<\/p>\n\n\n\n<p>El caso impacta a todo el pa\u00eds en un a\u00f1o electoral y se remonta a un mapa que el gobierno republicano de Luisiana traz\u00f3 despu\u00e9s de 2020, en el que situ\u00f3 a la mayor\u00eda de votantes de raza negra en un solo distrito para favorecer a ese partido en las elecciones.<\/p>\n\n\n\n<figure class=\"wp-block-image size-full\"><a href=\"https:\/\/inthepinkroom.com?utm_source=americanonewspaper&amp;utm_medium=referral&amp;utm_campaign=general\" target=\"_blank\" rel=\" noreferrer noopener\"><img loading=\"lazy\" decoding=\"async\" width=\"560\" height=\"313\" src=\"https:\/\/www.americanonewspaper.com\/es\/wp-content\/uploads\/2026\/04\/ThePinkRoom-copy-1.jpg\" alt=\"The Pink Room\" class=\"wp-image-31924\" srcset=\"https:\/\/www.americanonewspaper.com\/es\/wp-content\/uploads\/2026\/04\/ThePinkRoom-copy-1.jpg 560w, https:\/\/www.americanonewspaper.com\/es\/wp-content\/uploads\/2026\/04\/ThePinkRoom-copy-1-300x168.jpg 300w, https:\/\/www.americanonewspaper.com\/es\/wp-content\/uploads\/2026\/04\/ThePinkRoom-copy-1-150x84.jpg 150w\" sizes=\"(max-width: 560px) 100vw, 560px\" \/><\/a><figcaption class=\"wp-element-caption\">The Pink Room <\/figcaption><\/figure>\n\n\n\n<p>La decisi\u00f3n fue llevada a los tribunales y provoc\u00f3 que se dise\u00f1ara un nuevo mapa electoral con dos distritos de mayor\u00eda afroamericana.<\/p>\n\n\n\n<p>Sin embargo, este \u00faltimo plano fue impugnado en la corte, por violar el principio de igualdad, y el caso lleg\u00f3 hasta el Supremo de EE.UU., que decidi\u00f3 ratificar la decisi\u00f3n del tribunal inferior en una votaci\u00f3n dividida.<\/p>\n\n\n\n<p>Trump ha instado a los estados gobernados por el Partido Republicano a redibujar sus distritos electorales de cara a los comicios de medio mandato de noviembre, en los que se renueva por completo la C\u00e1mara de Representantes y un tercio del Senado, con el objetivo de mantener la mayor\u00eda republicana en ambas divisiones del Congreso.<\/p>\n\n\n\n<p>Este proceso, que por ley se hace cada diez a\u00f1os y est\u00e1 basado en el censo decenal de poblaci\u00f3n, se adelant\u00f3 as\u00ed cinco a\u00f1os en varios estados, tras empezar por Texas en 2025.<\/p>\n\n\n\n<p>Algunos estados gobernados por los dem\u00f3cratas, como California, respondieron con iniciativas similares para redise\u00f1ar nuevos mapas congresionales favorables a su partido.<\/p>\n\n\n\n<figure class=\"wp-block-image size-full\"><a href=\"https:\/\/tayakan.com\/\" target=\"_blank\" rel=\" noreferrer noopener\"><img loading=\"lazy\" decoding=\"async\" width=\"560\" height=\"165\" src=\"https:\/\/www.americanonewspaper.com\/es\/wp-content\/uploads\/2026\/04\/Tayakanlogo560.jpg\" alt=\"\" class=\"wp-image-31948\" srcset=\"https:\/\/www.americanonewspaper.com\/es\/wp-content\/uploads\/2026\/04\/Tayakanlogo560.jpg 560w, https:\/\/www.americanonewspaper.com\/es\/wp-content\/uploads\/2026\/04\/Tayakanlogo560-300x88.jpg 300w, https:\/\/www.americanonewspaper.com\/es\/wp-content\/uploads\/2026\/04\/Tayakanlogo560-150x44.jpg 150w\" sizes=\"(max-width: 560px) 100vw, 560px\" \/><\/a><\/figure>\n","protected":false},"excerpt":{"rendered":"<p>Miami (EE.UU.), 29 abr (EFE).- El Supremo de Estados Unidos redujo este mi\u00e9rcoles hist\u00f3ricas protecciones electorales a las minor\u00edas raciales y \u00e9tnicas en la Ley de Derecho al Voto (VRA, en ingl\u00e9s), en un a\u00f1o marcado por los comicios de mitad de mandato de la Administraci\u00f3n Trump. Grupos minoritarios latinos y afroamericanos cuestionaron el fallo [&hellip;]<\/p>\n","protected":false},"author":7,"featured_media":31980,"comment_status":"open","ping_status":"open","sticky":false,"template":"","format":"standard","meta":{"_acf_changed":false,"tdm_status":"","tdm_grid_status":"","_jetpack_memberships_contains_paid_content":false,"footnotes":"","jetpack_publicize_message":"","jetpack_publicize_feature_enabled":true,"jetpack_social_post_already_shared":false,"jetpack_social_options":{"image_generator_settings":{"template":"highway","default_image_id":0,"font":"","enabled":false,"token":"eyJpbWciOiJodHRwczpcL1wvd3d3LmFtZXJpY2Fub25ld3NwYXBlci5jb21cL2VzXC93cC1jb250ZW50XC91cGxvYWRzXC8yMDI2XC8wNFwvU3VwcmVtb3ZvdG8uanBlZyIsInR4dCI6IlN1cHJlbW8gcmVkdWNlIHByb3RlY2NpXHUwMGYzbiBlbGVjdG9yYWwgYSBtaW5vclx1MDBlZGFzIiwidGVtcGxhdGUiOiJoaWdod2F5IiwiZm9udCI6IiIsImJsb2dfaWQiOjIyODYxOTU3NH0.IVzlM-jZToejFliicXvc4qjsaDgXpvpHL2AZZY7EVG8MQ"},"version":2,"media_source":"featured-image","attached_media":[{"id":31980,"url":"https:\/\/www.americanonewspaper.com\/es\/wp-content\/uploads\/2026\/04\/Supremovoto.jpeg","type":"image\/jpeg"}]},"_wpas_customize_per_network":false},"categories":[1295,545,315,316],"tags":[],"class_list":{"0":"post-31979","1":"post","2":"type-post","3":"status-publish","4":"format-standard","5":"has-post-thumbnail","7":"category-corte-suprema-de-eeuu","8":"category-justicia","9":"category-usa","10":"category-usa-political-election"},"acf":[],"yoast_head":"<!-- This site is optimized with the Yoast SEO Premium plugin v27.5 (Yoast SEO v27.5) - https:\/\/yoast.com\/product\/yoast-seo-premium-wordpress\/ -->\n<title>Supremo reduce protecci\u00f3n electoral a minor\u00edas - Americano Newspaper<\/title>\n<meta name=\"description\" content=\"El Supremo de Estados Unidos redujo este mi\u00e9rcoles hist\u00f3ricas protecciones electorales a las minor\u00edas raciales y \u00e9tnicas en la Ley de Derecho al Voto (VRA, en ingl\u00e9s), en un a\u00f1o marcado por los comicios de mitad de mandato de la Administraci\u00f3n Trump.\" \/>\n<meta name=\"robots\" content=\"index, follow, max-snippet:-1, max-image-preview:large, max-video-preview:-1\" \/>\n<link rel=\"canonical\" href=\"https:\/\/www.americanonewspaper.com\/es\/usa\/supremo-reduce-proteccion-electoral-a-minorias\/\" \/>\n<meta property=\"og:locale\" content=\"en_US\" \/>\n<meta property=\"og:type\" content=\"article\" \/>\n<meta property=\"og:title\" content=\"Supremo reduce protecci\u00f3n electoral a minor\u00edas\" \/>\n<meta property=\"og:description\" content=\"El Supremo de Estados Unidos redujo este mi\u00e9rcoles hist\u00f3ricas protecciones electorales a las minor\u00edas raciales y \u00e9tnicas en la Ley de Derecho al Voto (VRA, en ingl\u00e9s), en un a\u00f1o marcado por los comicios de mitad de mandato de la Administraci\u00f3n Trump.\" \/>\n<meta property=\"og:url\" content=\"https:\/\/www.americanonewspaper.com\/es\/usa\/supremo-reduce-proteccion-electoral-a-minorias\/\" \/>\n<meta property=\"og:site_name\" content=\"Americano Newspaper\" \/>\n<meta property=\"article:publisher\" content=\"https:\/\/www.facebook.com\/AmericanoNewspaper\/\" \/>\n<meta property=\"article:published_time\" content=\"2026-04-30T00:24:33+00:00\" \/>\n<meta property=\"article:modified_time\" content=\"2026-04-30T00:28:58+00:00\" \/>\n<meta property=\"og:image\" content=\"https:\/\/www.americanonewspaper.com\/es\/wp-content\/uploads\/2026\/04\/Supremovoto.jpeg\" \/>\n\t<meta property=\"og:image:width\" content=\"560\" \/>\n\t<meta property=\"og:image:height\" content=\"373\" \/>\n\t<meta property=\"og:image:type\" content=\"image\/jpeg\" \/>\n<meta name=\"author\" content=\"Author\" \/>\n<meta name=\"twitter:card\" content=\"summary_large_image\" \/>\n<meta name=\"twitter:label1\" content=\"Written by\" \/>\n\t<meta name=\"twitter:data1\" content=\"Author\" \/>\n\t<meta name=\"twitter:label2\" content=\"Est. reading time\" \/>\n\t<meta name=\"twitter:data2\" content=\"5 minutes\" \/>\n<script type=\"application\/ld+json\" class=\"yoast-schema-graph\">{\"@context\":\"https:\\\/\\\/schema.org\",\"@graph\":[{\"@type\":\"Article\",\"@id\":\"https:\\\/\\\/www.americanonewspaper.com\\\/es\\\/usa\\\/supremo-reduce-proteccion-electoral-a-minorias\\\/#article\",\"isPartOf\":{\"@id\":\"https:\\\/\\\/www.americanonewspaper.com\\\/es\\\/usa\\\/supremo-reduce-proteccion-electoral-a-minorias\\\/\"},\"author\":{\"name\":\"Author\",\"@id\":\"https:\\\/\\\/www.americanonewspaper.com\\\/es\\\/#\\\/schema\\\/person\\\/8967f6b8af7e37bcbbe61f68580ff088\"},\"headline\":\"Supremo reduce protecci\u00f3n electoral a minor\u00edas\",\"datePublished\":\"2026-04-30T00:24:33+00:00\",\"dateModified\":\"2026-04-30T00:28:58+00:00\",\"mainEntityOfPage\":{\"@id\":\"https:\\\/\\\/www.americanonewspaper.com\\\/es\\\/usa\\\/supremo-reduce-proteccion-electoral-a-minorias\\\/\"},\"wordCount\":821,\"commentCount\":0,\"publisher\":{\"@id\":\"https:\\\/\\\/www.americanonewspaper.com\\\/es\\\/#organization\"},\"image\":{\"@id\":\"https:\\\/\\\/www.americanonewspaper.com\\\/es\\\/usa\\\/supremo-reduce-proteccion-electoral-a-minorias\\\/#primaryimage\"},\"thumbnailUrl\":\"https:\\\/\\\/www.americanonewspaper.com\\\/es\\\/wp-content\\\/uploads\\\/2026\\\/04\\\/Supremovoto.jpeg\",\"articleSection\":[\"Corte Suprema de EEUU\",\"Justicia\",\"USA\",\"USA POLITICAL ELECTION\"],\"inLanguage\":\"en-US\",\"potentialAction\":[{\"@type\":\"CommentAction\",\"name\":\"Comment\",\"target\":[\"https:\\\/\\\/www.americanonewspaper.com\\\/es\\\/usa\\\/supremo-reduce-proteccion-electoral-a-minorias\\\/#respond\"]}]},{\"@type\":\"WebPage\",\"@id\":\"https:\\\/\\\/www.americanonewspaper.com\\\/es\\\/usa\\\/supremo-reduce-proteccion-electoral-a-minorias\\\/\",\"url\":\"https:\\\/\\\/www.americanonewspaper.com\\\/es\\\/usa\\\/supremo-reduce-proteccion-electoral-a-minorias\\\/\",\"name\":\"Supremo reduce protecci\u00f3n electoral a minor\u00edas - Americano Newspaper\",\"isPartOf\":{\"@id\":\"https:\\\/\\\/www.americanonewspaper.com\\\/es\\\/#website\"},\"primaryImageOfPage\":{\"@id\":\"https:\\\/\\\/www.americanonewspaper.com\\\/es\\\/usa\\\/supremo-reduce-proteccion-electoral-a-minorias\\\/#primaryimage\"},\"image\":{\"@id\":\"https:\\\/\\\/www.americanonewspaper.com\\\/es\\\/usa\\\/supremo-reduce-proteccion-electoral-a-minorias\\\/#primaryimage\"},\"thumbnailUrl\":\"https:\\\/\\\/www.americanonewspaper.com\\\/es\\\/wp-content\\\/uploads\\\/2026\\\/04\\\/Supremovoto.jpeg\",\"datePublished\":\"2026-04-30T00:24:33+00:00\",\"dateModified\":\"2026-04-30T00:28:58+00:00\",\"description\":\"El Supremo de Estados Unidos redujo este mi\u00e9rcoles hist\u00f3ricas protecciones electorales a las minor\u00edas raciales y \u00e9tnicas en la Ley de Derecho al Voto (VRA, en ingl\u00e9s), en un a\u00f1o marcado por los comicios de mitad de mandato de la Administraci\u00f3n Trump.\",\"breadcrumb\":{\"@id\":\"https:\\\/\\\/www.americanonewspaper.com\\\/es\\\/usa\\\/supremo-reduce-proteccion-electoral-a-minorias\\\/#breadcrumb\"},\"inLanguage\":\"en-US\",\"potentialAction\":[{\"@type\":\"ReadAction\",\"target\":[\"https:\\\/\\\/www.americanonewspaper.com\\\/es\\\/usa\\\/supremo-reduce-proteccion-electoral-a-minorias\\\/\"]}]},{\"@type\":\"ImageObject\",\"inLanguage\":\"en-US\",\"@id\":\"https:\\\/\\\/www.americanonewspaper.com\\\/es\\\/usa\\\/supremo-reduce-proteccion-electoral-a-minorias\\\/#primaryimage\",\"url\":\"https:\\\/\\\/www.americanonewspaper.com\\\/es\\\/wp-content\\\/uploads\\\/2026\\\/04\\\/Supremovoto.jpeg\",\"contentUrl\":\"https:\\\/\\\/www.americanonewspaper.com\\\/es\\\/wp-content\\\/uploads\\\/2026\\\/04\\\/Supremovoto.jpeg\",\"width\":560,\"height\":373,\"caption\":\"Fotograf\u00eda de archivo que muestra el hastial de la fachada principal de la sede de la Corte Suprema de los Estados Unidos, en Washington (EE.UU.). EFE\\\/ Graeme Sloan\"},{\"@type\":\"BreadcrumbList\",\"@id\":\"https:\\\/\\\/www.americanonewspaper.com\\\/es\\\/usa\\\/supremo-reduce-proteccion-electoral-a-minorias\\\/#breadcrumb\",\"itemListElement\":[{\"@type\":\"ListItem\",\"position\":1,\"name\":\"Home\",\"item\":\"https:\\\/\\\/www.americanonewspaper.com\\\/es\\\/\"},{\"@type\":\"ListItem\",\"position\":2,\"name\":\"Supremo reduce protecci\u00f3n electoral a minor\u00edas\"}]},{\"@type\":\"WebSite\",\"@id\":\"https:\\\/\\\/www.americanonewspaper.com\\\/es\\\/#website\",\"url\":\"https:\\\/\\\/www.americanonewspaper.com\\\/es\\\/\",\"name\":\"Americano Newspaper\",\"description\":\"The Hispanic Newspaper of New Jersey.\",\"publisher\":{\"@id\":\"https:\\\/\\\/www.americanonewspaper.com\\\/es\\\/#organization\"},\"potentialAction\":[{\"@type\":\"SearchAction\",\"target\":{\"@type\":\"EntryPoint\",\"urlTemplate\":\"https:\\\/\\\/www.americanonewspaper.com\\\/es\\\/?s={search_term_string}\"},\"query-input\":{\"@type\":\"PropertyValueSpecification\",\"valueRequired\":true,\"valueName\":\"search_term_string\"}}],\"inLanguage\":\"en-US\"},{\"@type\":\"Organization\",\"@id\":\"https:\\\/\\\/www.americanonewspaper.com\\\/es\\\/#organization\",\"name\":\"Americano Newspaper\",\"url\":\"https:\\\/\\\/www.americanonewspaper.com\\\/es\\\/\",\"logo\":{\"@type\":\"ImageObject\",\"inLanguage\":\"en-US\",\"@id\":\"https:\\\/\\\/www.americanonewspaper.com\\\/es\\\/#\\\/schema\\\/logo\\\/image\\\/\",\"url\":\"https:\\\/\\\/www.americanonewspaper.com\\\/es\\\/wp-content\\\/uploads\\\/2024\\\/05\\\/AmericanoLogoCircle.comCircle2.jpg\",\"contentUrl\":\"https:\\\/\\\/www.americanonewspaper.com\\\/es\\\/wp-content\\\/uploads\\\/2024\\\/05\\\/AmericanoLogoCircle.comCircle2.jpg\",\"width\":600,\"height\":600,\"caption\":\"Americano Newspaper\"},\"image\":{\"@id\":\"https:\\\/\\\/www.americanonewspaper.com\\\/es\\\/#\\\/schema\\\/logo\\\/image\\\/\"},\"sameAs\":[\"https:\\\/\\\/www.facebook.com\\\/AmericanoNewspaper\\\/\"]},{\"@type\":\"Person\",\"@id\":\"https:\\\/\\\/www.americanonewspaper.com\\\/es\\\/#\\\/schema\\\/person\\\/8967f6b8af7e37bcbbe61f68580ff088\",\"name\":\"Author\",\"image\":{\"@type\":\"ImageObject\",\"inLanguage\":\"en-US\",\"@id\":\"https:\\\/\\\/www.americanonewspaper.com\\\/es\\\/wp-content\\\/litespeed\\\/avatar\\\/89ffaf6af3cf6769ffb3c6efb2313947.jpg?ver=1777427547\",\"url\":\"https:\\\/\\\/www.americanonewspaper.com\\\/es\\\/wp-content\\\/litespeed\\\/avatar\\\/89ffaf6af3cf6769ffb3c6efb2313947.jpg?ver=1777427547\",\"contentUrl\":\"https:\\\/\\\/www.americanonewspaper.com\\\/es\\\/wp-content\\\/litespeed\\\/avatar\\\/89ffaf6af3cf6769ffb3c6efb2313947.jpg?ver=1777427547\",\"caption\":\"Author\"},\"url\":\"https:\\\/\\\/www.americanonewspaper.com\\\/es\\\/author\\\/americano\\\/\"}]}<\/script>\n<!-- \/ Yoast SEO Premium plugin. -->","yoast_head_json":{"title":"Supremo reduce protecci\u00f3n electoral a minor\u00edas - Americano Newspaper","description":"El Supremo de Estados Unidos redujo este mi\u00e9rcoles hist\u00f3ricas protecciones electorales a las minor\u00edas raciales y \u00e9tnicas en la Ley de Derecho al Voto (VRA, en ingl\u00e9s), en un a\u00f1o marcado por los comicios de mitad de mandato de la Administraci\u00f3n Trump.","robots":{"index":"index","follow":"follow","max-snippet":"max-snippet:-1","max-image-preview":"max-image-preview:large","max-video-preview":"max-video-preview:-1"},"canonical":"https:\/\/www.americanonewspaper.com\/es\/usa\/supremo-reduce-proteccion-electoral-a-minorias\/","og_locale":"en_US","og_type":"article","og_title":"Supremo reduce protecci\u00f3n electoral a minor\u00edas","og_description":"El Supremo de Estados Unidos redujo este mi\u00e9rcoles hist\u00f3ricas protecciones electorales a las minor\u00edas raciales y \u00e9tnicas en la Ley de Derecho al Voto (VRA, en ingl\u00e9s), en un a\u00f1o marcado por los comicios de mitad de mandato de la Administraci\u00f3n Trump.","og_url":"https:\/\/www.americanonewspaper.com\/es\/usa\/supremo-reduce-proteccion-electoral-a-minorias\/","og_site_name":"Americano Newspaper","article_publisher":"https:\/\/www.facebook.com\/AmericanoNewspaper\/","article_published_time":"2026-04-30T00:24:33+00:00","article_modified_time":"2026-04-30T00:28:58+00:00","og_image":[{"width":560,"height":373,"url":"https:\/\/www.americanonewspaper.com\/es\/wp-content\/uploads\/2026\/04\/Supremovoto.jpeg","type":"image\/jpeg"}],"author":"Author","twitter_card":"summary_large_image","twitter_misc":{"Written by":"Author","Est. reading time":"5 minutes"},"schema":{"@context":"https:\/\/schema.org","@graph":[{"@type":"Article","@id":"https:\/\/www.americanonewspaper.com\/es\/usa\/supremo-reduce-proteccion-electoral-a-minorias\/#article","isPartOf":{"@id":"https:\/\/www.americanonewspaper.com\/es\/usa\/supremo-reduce-proteccion-electoral-a-minorias\/"},"author":{"name":"Author","@id":"https:\/\/www.americanonewspaper.com\/es\/#\/schema\/person\/8967f6b8af7e37bcbbe61f68580ff088"},"headline":"Supremo reduce protecci\u00f3n electoral a minor\u00edas","datePublished":"2026-04-30T00:24:33+00:00","dateModified":"2026-04-30T00:28:58+00:00","mainEntityOfPage":{"@id":"https:\/\/www.americanonewspaper.com\/es\/usa\/supremo-reduce-proteccion-electoral-a-minorias\/"},"wordCount":821,"commentCount":0,"publisher":{"@id":"https:\/\/www.americanonewspaper.com\/es\/#organization"},"image":{"@id":"https:\/\/www.americanonewspaper.com\/es\/usa\/supremo-reduce-proteccion-electoral-a-minorias\/#primaryimage"},"thumbnailUrl":"https:\/\/www.americanonewspaper.com\/es\/wp-content\/uploads\/2026\/04\/Supremovoto.jpeg","articleSection":["Corte Suprema de EEUU","Justicia","USA","USA POLITICAL ELECTION"],"inLanguage":"en-US","potentialAction":[{"@type":"CommentAction","name":"Comment","target":["https:\/\/www.americanonewspaper.com\/es\/usa\/supremo-reduce-proteccion-electoral-a-minorias\/#respond"]}]},{"@type":"WebPage","@id":"https:\/\/www.americanonewspaper.com\/es\/usa\/supremo-reduce-proteccion-electoral-a-minorias\/","url":"https:\/\/www.americanonewspaper.com\/es\/usa\/supremo-reduce-proteccion-electoral-a-minorias\/","name":"Supremo reduce protecci\u00f3n electoral a minor\u00edas - Americano Newspaper","isPartOf":{"@id":"https:\/\/www.americanonewspaper.com\/es\/#website"},"primaryImageOfPage":{"@id":"https:\/\/www.americanonewspaper.com\/es\/usa\/supremo-reduce-proteccion-electoral-a-minorias\/#primaryimage"},"image":{"@id":"https:\/\/www.americanonewspaper.com\/es\/usa\/supremo-reduce-proteccion-electoral-a-minorias\/#primaryimage"},"thumbnailUrl":"https:\/\/www.americanonewspaper.com\/es\/wp-content\/uploads\/2026\/04\/Supremovoto.jpeg","datePublished":"2026-04-30T00:24:33+00:00","dateModified":"2026-04-30T00:28:58+00:00","description":"El Supremo de Estados Unidos redujo este mi\u00e9rcoles hist\u00f3ricas protecciones electorales a las minor\u00edas raciales y \u00e9tnicas en la Ley de Derecho al Voto (VRA, en ingl\u00e9s), en un a\u00f1o marcado por los comicios de mitad de mandato de la Administraci\u00f3n Trump.","breadcrumb":{"@id":"https:\/\/www.americanonewspaper.com\/es\/usa\/supremo-reduce-proteccion-electoral-a-minorias\/#breadcrumb"},"inLanguage":"en-US","potentialAction":[{"@type":"ReadAction","target":["https:\/\/www.americanonewspaper.com\/es\/usa\/supremo-reduce-proteccion-electoral-a-minorias\/"]}]},{"@type":"ImageObject","inLanguage":"en-US","@id":"https:\/\/www.americanonewspaper.com\/es\/usa\/supremo-reduce-proteccion-electoral-a-minorias\/#primaryimage","url":"https:\/\/www.americanonewspaper.com\/es\/wp-content\/uploads\/2026\/04\/Supremovoto.jpeg","contentUrl":"https:\/\/www.americanonewspaper.com\/es\/wp-content\/uploads\/2026\/04\/Supremovoto.jpeg","width":560,"height":373,"caption":"Fotograf\u00eda de archivo que muestra el hastial de la fachada principal de la sede de la Corte Suprema de los Estados Unidos, en Washington (EE.UU.). EFE\/ Graeme Sloan"},{"@type":"BreadcrumbList","@id":"https:\/\/www.americanonewspaper.com\/es\/usa\/supremo-reduce-proteccion-electoral-a-minorias\/#breadcrumb","itemListElement":[{"@type":"ListItem","position":1,"name":"Home","item":"https:\/\/www.americanonewspaper.com\/es\/"},{"@type":"ListItem","position":2,"name":"Supremo reduce protecci\u00f3n electoral a minor\u00edas"}]},{"@type":"WebSite","@id":"https:\/\/www.americanonewspaper.com\/es\/#website","url":"https:\/\/www.americanonewspaper.com\/es\/","name":"Americano Newspaper","description":"The Hispanic Newspaper of New Jersey.","publisher":{"@id":"https:\/\/www.americanonewspaper.com\/es\/#organization"},"potentialAction":[{"@type":"SearchAction","target":{"@type":"EntryPoint","urlTemplate":"https:\/\/www.americanonewspaper.com\/es\/?s={search_term_string}"},"query-input":{"@type":"PropertyValueSpecification","valueRequired":true,"valueName":"search_term_string"}}],"inLanguage":"en-US"},{"@type":"Organization","@id":"https:\/\/www.americanonewspaper.com\/es\/#organization","name":"Americano Newspaper","url":"https:\/\/www.americanonewspaper.com\/es\/","logo":{"@type":"ImageObject","inLanguage":"en-US","@id":"https:\/\/www.americanonewspaper.com\/es\/#\/schema\/logo\/image\/","url":"https:\/\/www.americanonewspaper.com\/es\/wp-content\/uploads\/2024\/05\/AmericanoLogoCircle.comCircle2.jpg","contentUrl":"https:\/\/www.americanonewspaper.com\/es\/wp-content\/uploads\/2024\/05\/AmericanoLogoCircle.comCircle2.jpg","width":600,"height":600,"caption":"Americano Newspaper"},"image":{"@id":"https:\/\/www.americanonewspaper.com\/es\/#\/schema\/logo\/image\/"},"sameAs":["https:\/\/www.facebook.com\/AmericanoNewspaper\/"]},{"@type":"Person","@id":"https:\/\/www.americanonewspaper.com\/es\/#\/schema\/person\/8967f6b8af7e37bcbbe61f68580ff088","name":"Author","image":{"@type":"ImageObject","inLanguage":"en-US","@id":"https:\/\/www.americanonewspaper.com\/es\/wp-content\/litespeed\/avatar\/89ffaf6af3cf6769ffb3c6efb2313947.jpg?ver=1777427547","url":"https:\/\/www.americanonewspaper.com\/es\/wp-content\/litespeed\/avatar\/89ffaf6af3cf6769ffb3c6efb2313947.jpg?ver=1777427547","contentUrl":"https:\/\/www.americanonewspaper.com\/es\/wp-content\/litespeed\/avatar\/89ffaf6af3cf6769ffb3c6efb2313947.jpg?ver=1777427547","caption":"Author"},"url":"https:\/\/www.americanonewspaper.com\/es\/author\/americano\/"}]}},"jetpack_publicize_connections":[],"jetpack_featured_media_url":"https:\/\/www.americanonewspaper.com\/es\/wp-content\/uploads\/2026\/04\/Supremovoto.jpeg","featured_image_urls":{"full":["https:\/\/www.americanonewspaper.com\/es\/wp-content\/uploads\/2026\/04\/Supremovoto.jpeg",560,373,false],"thumbnail":["https:\/\/www.americanonewspaper.com\/es\/wp-content\/uploads\/2026\/04\/Supremovoto-250x250.jpeg",250,250,true],"medium":["https:\/\/www.americanonewspaper.com\/es\/wp-content\/uploads\/2026\/04\/Supremovoto-300x200.jpeg",300,200,true],"medium_large":["https:\/\/www.americanonewspaper.com\/es\/wp-content\/uploads\/2026\/04\/Supremovoto.jpeg",560,373,false],"large":["https:\/\/www.americanonewspaper.com\/es\/wp-content\/uploads\/2026\/04\/Supremovoto.jpeg",560,373,false],"1536x1536":["https:\/\/www.americanonewspaper.com\/es\/wp-content\/uploads\/2026\/04\/Supremovoto.jpeg",560,373,false],"2048x2048":["https:\/\/www.americanonewspaper.com\/es\/wp-content\/uploads\/2026\/04\/Supremovoto.jpeg",560,373,false],"td_150x0":["https:\/\/www.americanonewspaper.com\/es\/wp-content\/uploads\/2026\/04\/Supremovoto-150x100.jpeg",150,100,true],"td_218x150":["https:\/\/www.americanonewspaper.com\/es\/wp-content\/uploads\/2026\/04\/Supremovoto-218x150.jpeg",218,150,true],"td_300x0":["https:\/\/www.americanonewspaper.com\/es\/wp-content\/uploads\/2026\/04\/Supremovoto-300x200.jpeg",300,200,true],"td_324x400":["https:\/\/www.americanonewspaper.com\/es\/wp-content\/uploads\/2026\/04\/Supremovoto-324x373.jpeg",324,373,true],"td_485x360":["https:\/\/www.americanonewspaper.com\/es\/wp-content\/uploads\/2026\/04\/Supremovoto-485x360.jpeg",485,360,true],"td_696x0":["https:\/\/www.americanonewspaper.com\/es\/wp-content\/uploads\/2026\/04\/Supremovoto.jpeg",560,373,false],"td_1068x0":["https:\/\/www.americanonewspaper.com\/es\/wp-content\/uploads\/2026\/04\/Supremovoto.jpeg",560,373,false],"td_1920x0":["https:\/\/www.americanonewspaper.com\/es\/wp-content\/uploads\/2026\/04\/Supremovoto.jpeg",560,373,false],"bdpp-medium":["https:\/\/www.americanonewspaper.com\/es\/wp-content\/uploads\/2026\/04\/Supremovoto.jpeg",560,373,false]},"author_info":{"display_name":"Author","author_link":"https:\/\/www.americanonewspaper.com\/es\/author\/americano\/"},"category_info":"<a href=\"https:\/\/www.americanonewspaper.com\/es\/category\/justicia\/corte-suprema-de-eeuu\/\" rel=\"category tag\">Corte Suprema de EEUU<\/a> <a href=\"https:\/\/www.americanonewspaper.com\/es\/category\/justicia\/\" rel=\"category tag\">Justicia<\/a> <a href=\"https:\/\/www.americanonewspaper.com\/es\/category\/usa\/\" rel=\"category tag\">USA<\/a> <a href=\"https:\/\/www.americanonewspaper.com\/es\/category\/usa-political-election\/\" rel=\"category tag\">USA POLITICAL ELECTION<\/a>","tag_info":"USA POLITICAL ELECTION","comment_count":"0","jetpack_sharing_enabled":true,"jetpack_likes_enabled":true,"_links":{"self":[{"href":"https:\/\/www.americanonewspaper.com\/es\/wp-json\/wp\/v2\/posts\/31979","targetHints":{"allow":["GET"]}}],"collection":[{"href":"https:\/\/www.americanonewspaper.com\/es\/wp-json\/wp\/v2\/posts"}],"about":[{"href":"https:\/\/www.americanonewspaper.com\/es\/wp-json\/wp\/v2\/types\/post"}],"author":[{"embeddable":true,"href":"https:\/\/www.americanonewspaper.com\/es\/wp-json\/wp\/v2\/users\/7"}],"replies":[{"embeddable":true,"href":"https:\/\/www.americanonewspaper.com\/es\/wp-json\/wp\/v2\/comments?post=31979"}],"version-history":[{"count":2,"href":"https:\/\/www.americanonewspaper.com\/es\/wp-json\/wp\/v2\/posts\/31979\/revisions"}],"predecessor-version":[{"id":31982,"href":"https:\/\/www.americanonewspaper.com\/es\/wp-json\/wp\/v2\/posts\/31979\/revisions\/31982"}],"wp:featuredmedia":[{"embeddable":true,"href":"https:\/\/www.americanonewspaper.com\/es\/wp-json\/wp\/v2\/media\/31980"}],"wp:attachment":[{"href":"https:\/\/www.americanonewspaper.com\/es\/wp-json\/wp\/v2\/media?parent=31979"}],"wp:term":[{"taxonomy":"category","embeddable":true,"href":"https:\/\/www.americanonewspaper.com\/es\/wp-json\/wp\/v2\/categories?post=31979"},{"taxonomy":"post_tag","embeddable":true,"href":"https:\/\/www.americanonewspaper.com\/es\/wp-json\/wp\/v2\/tags?post=31979"}],"curies":[{"name":"wp","href":"https:\/\/api.w.org\/{rel}","templated":true}]}}