{"id":31971,"date":"2026-04-29T17:55:46","date_gmt":"2026-04-29T21:55:46","guid":{"rendered":"https:\/\/www.americanonewspaper.com\/es\/?p=31971"},"modified":"2026-04-29T20:00:19","modified_gmt":"2026-04-30T00:00:19","slug":"karol-g-suma-dos-nuevos-conciertos-en-bogota-a-su-gira-tropitour","status":"publish","type":"post","link":"https:\/\/www.americanonewspaper.com\/es\/karol-g\/karol-g-suma-dos-nuevos-conciertos-en-bogota-a-su-gira-tropitour\/","title":{"rendered":"Karol G suma dos nuevos conciertos en Bogot\u00e1 a su gira &#8216;Tropitour&#8217;"},"content":{"rendered":"\n<p>Bogot\u00e1, 29 abr (EFE).<\/p>\n\n\n\n<p class=\"has-drop-cap\">La gira &#8216;Viajando por el mundo Tropitour&#8217; de la cantante colombiana Karol G suma dos nuevas fechas, el 5 y 6 de diciembre, en el estadio El Camp\u00edn de Bogot\u00e1, tras agotar las entradas de su primer espect\u00e1culo en el pa\u00eds, anunci\u00f3 este mi\u00e9rcoles el equipo de la artista.<\/p>\n\n\n\n<figure class=\"wp-block-image size-full\"><a href=\"https:\/\/ggllawyers.com\/es\/new-jersey-personal-injury-and-workers-compensation-lawyer\/\" target=\"_blank\" rel=\" noreferrer noopener\"><img fetchpriority=\"high\" decoding=\"async\" width=\"560\" height=\"269\" src=\"https:\/\/www.americanonewspaper.com\/es\/wp-content\/uploads\/2026\/04\/GGlSpanish-1.jpg\" alt=\"Abogados de Accidentes\" class=\"wp-image-31908\" srcset=\"https:\/\/www.americanonewspaper.com\/es\/wp-content\/uploads\/2026\/04\/GGlSpanish-1.jpg 560w, https:\/\/www.americanonewspaper.com\/es\/wp-content\/uploads\/2026\/04\/GGlSpanish-1-300x144.jpg 300w, https:\/\/www.americanonewspaper.com\/es\/wp-content\/uploads\/2026\/04\/GGlSpanish-1-150x72.jpg 150w\" sizes=\"(max-width: 560px) 100vw, 560px\" \/><\/a><figcaption class=\"wp-element-caption\">Abogados de Accidentes<\/figcaption><\/figure>\n\n\n\n<p>&#8220;Luego de su hist\u00f3rico paso por escenarios internacionales y el anuncio de una gira que recorrer\u00e1 m\u00faltiples continentes, Karol G contin\u00faa fortaleciendo su conexi\u00f3n con Colombia, su casa, donde la respuesta del p\u00fablico ha sido extraordinaria&#8221;, apunt\u00f3 el comunicado.<\/p>\n\n\n\n<p>Karol G, que actuar\u00e1 el 4, 5 y 6 de diciembre en Bogot\u00e1, anunci\u00f3 la semana pasada la gira mundial que la llevar\u00e1 a recorrer veinte pa\u00edses, incluidos, adem\u00e1s de su natal Colombia, a Espa\u00f1a, Estados Unidos, Canad\u00e1, M\u00e9xico, Argentina, Brasil, Per\u00fa, Chile, Rep\u00fablica Dominicana o Costa Rica.<\/p>\n\n\n\n<figure class=\"wp-block-image size-full\"><a href=\"https:\/\/www.linkedin.com\/in\/jaimeberrios\/\" target=\"_blank\" rel=\" noreferrer noopener\"><img decoding=\"async\" width=\"560\" height=\"257\" src=\"https:\/\/www.americanonewspaper.com\/es\/wp-content\/uploads\/2026\/04\/Jaime-copy-2.jpg\" alt=\"Paul Miller Toyota\" class=\"wp-image-31923\" srcset=\"https:\/\/www.americanonewspaper.com\/es\/wp-content\/uploads\/2026\/04\/Jaime-copy-2.jpg 560w, https:\/\/www.americanonewspaper.com\/es\/wp-content\/uploads\/2026\/04\/Jaime-copy-2-300x138.jpg 300w, https:\/\/www.americanonewspaper.com\/es\/wp-content\/uploads\/2026\/04\/Jaime-copy-2-150x69.jpg 150w\" sizes=\"(max-width: 560px) 100vw, 560px\" \/><\/a><figcaption class=\"wp-element-caption\">Paul Miller Toyota<\/figcaption><\/figure>\n\n\n\n<p>El tour comenzar\u00e1 el pr\u00f3ximo 24 de julio en el estadio Soldier Field de Chicago (EE.UU.) y culminar\u00e1 exactamente un a\u00f1o despu\u00e9s en el estadio San Siro de Mil\u00e1n (Italia).<\/p>\n\n\n\n<p>La primera parte de la gira -realizada con motivo de su m\u00e1s reciente \u00e1lbum: &#8216;Tropicoqueta&#8217;- se llevar\u00e1 a cabo en Norteam\u00e9rica, donde la colombiana visitar\u00e1 entre el 24 de julio y el 15 de octubre las ciudades de Chicago, Toronto, Washington, Las Vegas, Los \u00c1ngeles, San Francisco, Seattle, Phoenix, San Antonio, El Paso, Boston, Nueva York, Atlanta, Houston, Miami y Tampa.<\/p>\n\n\n\n<figure class=\"wp-block-image size-full\"><a href=\"https:\/\/inthepinkroom.com?utm_source=americanonewspaper&amp;utm_medium=referral&amp;utm_campaign=general\" target=\"_blank\" rel=\" noreferrer noopener\"><img decoding=\"async\" width=\"560\" height=\"313\" src=\"https:\/\/www.americanonewspaper.com\/es\/wp-content\/uploads\/2026\/04\/ThePinkRoom-copy-1.jpg\" alt=\"The Pink Room\" class=\"wp-image-31924\" srcset=\"https:\/\/www.americanonewspaper.com\/es\/wp-content\/uploads\/2026\/04\/ThePinkRoom-copy-1.jpg 560w, https:\/\/www.americanonewspaper.com\/es\/wp-content\/uploads\/2026\/04\/ThePinkRoom-copy-1-300x168.jpg 300w, https:\/\/www.americanonewspaper.com\/es\/wp-content\/uploads\/2026\/04\/ThePinkRoom-copy-1-150x84.jpg 150w\" sizes=\"(max-width: 560px) 100vw, 560px\" \/><\/a><figcaption class=\"wp-element-caption\">The Pink Room <\/figcaption><\/figure>\n\n\n\n<p>Karol G viajar\u00e1 despu\u00e9s a Latinoam\u00e9rica, donde se presentar\u00e1 antes de finalizar el a\u00f1o en Monterrey, Ciudad de M\u00e9xico, San Jos\u00e9, Bogot\u00e1, Quito, Lima, Santiago de Chile, Buenos Aires, Sao Paulo y San Juan, entre el 5 de noviembre y el 26 de febrero de 2027.&nbsp;<\/p>\n\n\n\n<p>Estos conciertos marcan el regreso de Karol G a los escenarios, tras su m\u00e1s reciente gira, &#8216;Ma\u00f1ana ser\u00e1 bonito world tour&#8217;, con la que realiz\u00f3 64 conciertos en 22 pa\u00edses de Am\u00e9rica y Europa entre 2023 y 2024.<\/p>\n\n\n\n<p>A los fan\u00e1ticos de la artista les llam\u00f3 la atenci\u00f3n la ausencia de su natal Medell\u00edn en la gira, donde s\u00ed actu\u00f3 en el tour anterior, pero su equipo inform\u00f3 que la capital antioque\u00f1a no har\u00e1 parte del itinerario debido a las remodelaciones del Estadio Atanasio Girardot que terminar\u00e1n en diciembre de 2027 y ampliar\u00e1n su aforo de 45.000 a 60.000 asistentes.<\/p>\n\n\n\n<figure class=\"wp-block-image size-full\"><a href=\"https:\/\/www.manuelbatistalaw.com\/\" target=\"_blank\" rel=\" noreferrer noopener\"><img loading=\"lazy\" decoding=\"async\" width=\"560\" height=\"257\" src=\"https:\/\/www.americanonewspaper.com\/es\/wp-content\/uploads\/2026\/04\/ManuelBatistaSpanish-1.jpg\" alt=\"\" class=\"wp-image-31926\" srcset=\"https:\/\/www.americanonewspaper.com\/es\/wp-content\/uploads\/2026\/04\/ManuelBatistaSpanish-1.jpg 560w, https:\/\/www.americanonewspaper.com\/es\/wp-content\/uploads\/2026\/04\/ManuelBatistaSpanish-1-300x138.jpg 300w, https:\/\/www.americanonewspaper.com\/es\/wp-content\/uploads\/2026\/04\/ManuelBatistaSpanish-1-150x69.jpg 150w\" sizes=\"(max-width: 560px) 100vw, 560px\" \/><\/a><\/figure>\n","protected":false},"excerpt":{"rendered":"<p>Bogot\u00e1, 29 abr (EFE). La gira &#8216;Viajando por el mundo Tropitour&#8217; de la cantante colombiana Karol G suma dos nuevas fechas, el 5 y 6 de diciembre, en el estadio El Camp\u00edn de Bogot\u00e1, tras agotar las entradas de su primer espect\u00e1culo en el pa\u00eds, anunci\u00f3 este mi\u00e9rcoles el equipo de la artista. &#8220;Luego de [&hellip;]<\/p>\n","protected":false},"author":7,"featured_media":31972,"comment_status":"open","ping_status":"open","sticky":true,"template":"","format":"standard","meta":{"_acf_changed":false,"tdm_status":"","tdm_grid_status":"","_jetpack_memberships_contains_paid_content":false,"footnotes":"","jetpack_publicize_message":"","jetpack_publicize_feature_enabled":true,"jetpack_social_post_already_shared":true,"jetpack_social_options":{"image_generator_settings":{"template":"highway","default_image_id":0,"font":"","enabled":false},"version":2},"_wpas_customize_per_network":false},"categories":[601],"tags":[],"class_list":{"0":"post-31971","1":"post","2":"type-post","3":"status-publish","4":"format-standard","5":"has-post-thumbnail","7":"category-karol-g"},"acf":[],"yoast_head":"<!-- This site is optimized with the Yoast SEO Premium plugin v27.5 (Yoast SEO v27.5) - https:\/\/yoast.com\/product\/yoast-seo-premium-wordpress\/ -->\n<title>Karol G suma dos nuevos conciertos en Bogot\u00e1 a su gira &#039;Tropitour&#039; - Americano Newspaper<\/title>\n<meta name=\"description\" content=\"La gira &#039;Viajando por el mundo Tropitour&#039; de la cantante colombiana Karol G suma dos nuevas fechas, el 5 y 6 de diciembre, en el estadio El Camp\u00edn de Bogot\u00e1, tras agotar las entradas de su primer espect\u00e1culo en el pa\u00eds, anunci\u00f3 este mi\u00e9rcoles el equipo de la artista.\" \/>\n<meta name=\"robots\" content=\"index, follow, max-snippet:-1, max-image-preview:large, max-video-preview:-1\" \/>\n<link rel=\"canonical\" href=\"https:\/\/www.americanonewspaper.com\/es\/karol-g\/karol-g-suma-dos-nuevos-conciertos-en-bogota-a-su-gira-tropitour\/\" \/>\n<meta property=\"og:locale\" content=\"en_US\" \/>\n<meta property=\"og:type\" content=\"article\" \/>\n<meta property=\"og:title\" content=\"Karol G suma dos nuevos conciertos en Bogot\u00e1 a su gira &#039;Tropitour&#039;\" \/>\n<meta property=\"og:description\" content=\"La gira &#039;Viajando por el mundo Tropitour&#039; de la cantante colombiana Karol G suma dos nuevas fechas, el 5 y 6 de diciembre, en el estadio El Camp\u00edn de Bogot\u00e1, tras agotar las entradas de su primer espect\u00e1culo en el pa\u00eds, anunci\u00f3 este mi\u00e9rcoles el equipo de la artista.\" \/>\n<meta property=\"og:url\" content=\"https:\/\/www.americanonewspaper.com\/es\/karol-g\/karol-g-suma-dos-nuevos-conciertos-en-bogota-a-su-gira-tropitour\/\" \/>\n<meta property=\"og:site_name\" content=\"Americano Newspaper\" \/>\n<meta property=\"article:publisher\" content=\"https:\/\/www.facebook.com\/AmericanoNewspaper\/\" \/>\n<meta property=\"article:published_time\" content=\"2026-04-29T21:55:46+00:00\" \/>\n<meta property=\"article:modified_time\" content=\"2026-04-30T00:00:19+00:00\" \/>\n<meta property=\"og:image\" content=\"https:\/\/www.americanonewspaper.com\/es\/wp-content\/uploads\/2026\/04\/2bd0e1840daa65a7cf56b84f58b86eacd85b4c3a-e1777499866785.jpg\" \/>\n\t<meta property=\"og:image:width\" content=\"559\" \/>\n\t<meta property=\"og:image:height\" content=\"284\" \/>\n\t<meta property=\"og:image:type\" content=\"image\/jpeg\" \/>\n<meta name=\"author\" content=\"Author\" \/>\n<meta name=\"twitter:card\" content=\"summary_large_image\" \/>\n<meta name=\"twitter:label1\" content=\"Written by\" \/>\n\t<meta name=\"twitter:data1\" content=\"Author\" \/>\n\t<meta name=\"twitter:label2\" content=\"Est. reading time\" \/>\n\t<meta name=\"twitter:data2\" content=\"3 minutes\" \/>\n<script type=\"application\/ld+json\" class=\"yoast-schema-graph\">{\"@context\":\"https:\\\/\\\/schema.org\",\"@graph\":[{\"@type\":\"Article\",\"@id\":\"https:\\\/\\\/www.americanonewspaper.com\\\/es\\\/karol-g\\\/karol-g-suma-dos-nuevos-conciertos-en-bogota-a-su-gira-tropitour\\\/#article\",\"isPartOf\":{\"@id\":\"https:\\\/\\\/www.americanonewspaper.com\\\/es\\\/karol-g\\\/karol-g-suma-dos-nuevos-conciertos-en-bogota-a-su-gira-tropitour\\\/\"},\"author\":{\"name\":\"Author\",\"@id\":\"https:\\\/\\\/www.americanonewspaper.com\\\/es\\\/#\\\/schema\\\/person\\\/8967f6b8af7e37bcbbe61f68580ff088\"},\"headline\":\"Karol G suma dos nuevos conciertos en Bogot\u00e1 a su gira &#8216;Tropitour&#8217;\",\"datePublished\":\"2026-04-29T21:55:46+00:00\",\"dateModified\":\"2026-04-30T00:00:19+00:00\",\"mainEntityOfPage\":{\"@id\":\"https:\\\/\\\/www.americanonewspaper.com\\\/es\\\/karol-g\\\/karol-g-suma-dos-nuevos-conciertos-en-bogota-a-su-gira-tropitour\\\/\"},\"wordCount\":416,\"commentCount\":0,\"publisher\":{\"@id\":\"https:\\\/\\\/www.americanonewspaper.com\\\/es\\\/#organization\"},\"image\":{\"@id\":\"https:\\\/\\\/www.americanonewspaper.com\\\/es\\\/karol-g\\\/karol-g-suma-dos-nuevos-conciertos-en-bogota-a-su-gira-tropitour\\\/#primaryimage\"},\"thumbnailUrl\":\"https:\\\/\\\/www.americanonewspaper.com\\\/es\\\/wp-content\\\/uploads\\\/2026\\\/04\\\/2bd0e1840daa65a7cf56b84f58b86eacd85b4c3a-e1777499866785.jpg\",\"articleSection\":[\"Karol G\"],\"inLanguage\":\"en-US\",\"potentialAction\":[{\"@type\":\"CommentAction\",\"name\":\"Comment\",\"target\":[\"https:\\\/\\\/www.americanonewspaper.com\\\/es\\\/karol-g\\\/karol-g-suma-dos-nuevos-conciertos-en-bogota-a-su-gira-tropitour\\\/#respond\"]}]},{\"@type\":\"WebPage\",\"@id\":\"https:\\\/\\\/www.americanonewspaper.com\\\/es\\\/karol-g\\\/karol-g-suma-dos-nuevos-conciertos-en-bogota-a-su-gira-tropitour\\\/\",\"url\":\"https:\\\/\\\/www.americanonewspaper.com\\\/es\\\/karol-g\\\/karol-g-suma-dos-nuevos-conciertos-en-bogota-a-su-gira-tropitour\\\/\",\"name\":\"Karol G suma dos nuevos conciertos en Bogot\u00e1 a su gira 'Tropitour' - Americano Newspaper\",\"isPartOf\":{\"@id\":\"https:\\\/\\\/www.americanonewspaper.com\\\/es\\\/#website\"},\"primaryImageOfPage\":{\"@id\":\"https:\\\/\\\/www.americanonewspaper.com\\\/es\\\/karol-g\\\/karol-g-suma-dos-nuevos-conciertos-en-bogota-a-su-gira-tropitour\\\/#primaryimage\"},\"image\":{\"@id\":\"https:\\\/\\\/www.americanonewspaper.com\\\/es\\\/karol-g\\\/karol-g-suma-dos-nuevos-conciertos-en-bogota-a-su-gira-tropitour\\\/#primaryimage\"},\"thumbnailUrl\":\"https:\\\/\\\/www.americanonewspaper.com\\\/es\\\/wp-content\\\/uploads\\\/2026\\\/04\\\/2bd0e1840daa65a7cf56b84f58b86eacd85b4c3a-e1777499866785.jpg\",\"datePublished\":\"2026-04-29T21:55:46+00:00\",\"dateModified\":\"2026-04-30T00:00:19+00:00\",\"description\":\"La gira 'Viajando por el mundo Tropitour' de la cantante colombiana Karol G suma dos nuevas fechas, el 5 y 6 de diciembre, en el estadio El Camp\u00edn de Bogot\u00e1, tras agotar las entradas de su primer espect\u00e1culo en el pa\u00eds, anunci\u00f3 este mi\u00e9rcoles el equipo de la artista.\",\"breadcrumb\":{\"@id\":\"https:\\\/\\\/www.americanonewspaper.com\\\/es\\\/karol-g\\\/karol-g-suma-dos-nuevos-conciertos-en-bogota-a-su-gira-tropitour\\\/#breadcrumb\"},\"inLanguage\":\"en-US\",\"potentialAction\":[{\"@type\":\"ReadAction\",\"target\":[\"https:\\\/\\\/www.americanonewspaper.com\\\/es\\\/karol-g\\\/karol-g-suma-dos-nuevos-conciertos-en-bogota-a-su-gira-tropitour\\\/\"]}]},{\"@type\":\"ImageObject\",\"inLanguage\":\"en-US\",\"@id\":\"https:\\\/\\\/www.americanonewspaper.com\\\/es\\\/karol-g\\\/karol-g-suma-dos-nuevos-conciertos-en-bogota-a-su-gira-tropitour\\\/#primaryimage\",\"url\":\"https:\\\/\\\/www.americanonewspaper.com\\\/es\\\/wp-content\\\/uploads\\\/2026\\\/04\\\/2bd0e1840daa65a7cf56b84f58b86eacd85b4c3a-e1777499866785.jpg\",\"contentUrl\":\"https:\\\/\\\/www.americanonewspaper.com\\\/es\\\/wp-content\\\/uploads\\\/2026\\\/04\\\/2bd0e1840daa65a7cf56b84f58b86eacd85b4c3a-e1777499866785.jpg\",\"width\":559,\"height\":284,\"caption\":\"Fotograf\u00eda de archivo, tomada el pasado 20 de abril, de la cantante colombiana Karol G, durante su actuaci\u00f3n en el Festival Coachella, en Riverside (CA, EE.UU.). EFE\\\/Chris Torres\"},{\"@type\":\"BreadcrumbList\",\"@id\":\"https:\\\/\\\/www.americanonewspaper.com\\\/es\\\/karol-g\\\/karol-g-suma-dos-nuevos-conciertos-en-bogota-a-su-gira-tropitour\\\/#breadcrumb\",\"itemListElement\":[{\"@type\":\"ListItem\",\"position\":1,\"name\":\"Home\",\"item\":\"https:\\\/\\\/www.americanonewspaper.com\\\/es\\\/\"},{\"@type\":\"ListItem\",\"position\":2,\"name\":\"Karol G suma dos nuevos conciertos en Bogot\u00e1 a su gira &#8216;Tropitour&#8217;\"}]},{\"@type\":\"WebSite\",\"@id\":\"https:\\\/\\\/www.americanonewspaper.com\\\/es\\\/#website\",\"url\":\"https:\\\/\\\/www.americanonewspaper.com\\\/es\\\/\",\"name\":\"Americano Newspaper\",\"description\":\"The Hispanic Newspaper of New Jersey.\",\"publisher\":{\"@id\":\"https:\\\/\\\/www.americanonewspaper.com\\\/es\\\/#organization\"},\"potentialAction\":[{\"@type\":\"SearchAction\",\"target\":{\"@type\":\"EntryPoint\",\"urlTemplate\":\"https:\\\/\\\/www.americanonewspaper.com\\\/es\\\/?s={search_term_string}\"},\"query-input\":{\"@type\":\"PropertyValueSpecification\",\"valueRequired\":true,\"valueName\":\"search_term_string\"}}],\"inLanguage\":\"en-US\"},{\"@type\":\"Organization\",\"@id\":\"https:\\\/\\\/www.americanonewspaper.com\\\/es\\\/#organization\",\"name\":\"Americano Newspaper\",\"url\":\"https:\\\/\\\/www.americanonewspaper.com\\\/es\\\/\",\"logo\":{\"@type\":\"ImageObject\",\"inLanguage\":\"en-US\",\"@id\":\"https:\\\/\\\/www.americanonewspaper.com\\\/es\\\/#\\\/schema\\\/logo\\\/image\\\/\",\"url\":\"https:\\\/\\\/www.americanonewspaper.com\\\/es\\\/wp-content\\\/uploads\\\/2024\\\/05\\\/AmericanoLogoCircle.comCircle2.jpg\",\"contentUrl\":\"https:\\\/\\\/www.americanonewspaper.com\\\/es\\\/wp-content\\\/uploads\\\/2024\\\/05\\\/AmericanoLogoCircle.comCircle2.jpg\",\"width\":600,\"height\":600,\"caption\":\"Americano Newspaper\"},\"image\":{\"@id\":\"https:\\\/\\\/www.americanonewspaper.com\\\/es\\\/#\\\/schema\\\/logo\\\/image\\\/\"},\"sameAs\":[\"https:\\\/\\\/www.facebook.com\\\/AmericanoNewspaper\\\/\"]},{\"@type\":\"Person\",\"@id\":\"https:\\\/\\\/www.americanonewspaper.com\\\/es\\\/#\\\/schema\\\/person\\\/8967f6b8af7e37bcbbe61f68580ff088\",\"name\":\"Author\",\"image\":{\"@type\":\"ImageObject\",\"inLanguage\":\"en-US\",\"@id\":\"https:\\\/\\\/www.americanonewspaper.com\\\/es\\\/wp-content\\\/litespeed\\\/avatar\\\/89ffaf6af3cf6769ffb3c6efb2313947.jpg?ver=1777427547\",\"url\":\"https:\\\/\\\/www.americanonewspaper.com\\\/es\\\/wp-content\\\/litespeed\\\/avatar\\\/89ffaf6af3cf6769ffb3c6efb2313947.jpg?ver=1777427547\",\"contentUrl\":\"https:\\\/\\\/www.americanonewspaper.com\\\/es\\\/wp-content\\\/litespeed\\\/avatar\\\/89ffaf6af3cf6769ffb3c6efb2313947.jpg?ver=1777427547\",\"caption\":\"Author\"},\"url\":\"https:\\\/\\\/www.americanonewspaper.com\\\/es\\\/author\\\/americano\\\/\"}]}<\/script>\n<!-- \/ Yoast SEO Premium plugin. -->","yoast_head_json":{"title":"Karol G suma dos nuevos conciertos en Bogot\u00e1 a su gira 'Tropitour' - Americano Newspaper","description":"La gira 'Viajando por el mundo Tropitour' de la cantante colombiana Karol G suma dos nuevas fechas, el 5 y 6 de diciembre, en el estadio El Camp\u00edn de Bogot\u00e1, tras agotar las entradas de su primer espect\u00e1culo en el pa\u00eds, anunci\u00f3 este mi\u00e9rcoles el equipo de la artista.","robots":{"index":"index","follow":"follow","max-snippet":"max-snippet:-1","max-image-preview":"max-image-preview:large","max-video-preview":"max-video-preview:-1"},"canonical":"https:\/\/www.americanonewspaper.com\/es\/karol-g\/karol-g-suma-dos-nuevos-conciertos-en-bogota-a-su-gira-tropitour\/","og_locale":"en_US","og_type":"article","og_title":"Karol G suma dos nuevos conciertos en Bogot\u00e1 a su gira 'Tropitour'","og_description":"La gira 'Viajando por el mundo Tropitour' de la cantante colombiana Karol G suma dos nuevas fechas, el 5 y 6 de diciembre, en el estadio El Camp\u00edn de Bogot\u00e1, tras agotar las entradas de su primer espect\u00e1culo en el pa\u00eds, anunci\u00f3 este mi\u00e9rcoles el equipo de la artista.","og_url":"https:\/\/www.americanonewspaper.com\/es\/karol-g\/karol-g-suma-dos-nuevos-conciertos-en-bogota-a-su-gira-tropitour\/","og_site_name":"Americano Newspaper","article_publisher":"https:\/\/www.facebook.com\/AmericanoNewspaper\/","article_published_time":"2026-04-29T21:55:46+00:00","article_modified_time":"2026-04-30T00:00:19+00:00","og_image":[{"width":559,"height":284,"url":"https:\/\/www.americanonewspaper.com\/es\/wp-content\/uploads\/2026\/04\/2bd0e1840daa65a7cf56b84f58b86eacd85b4c3a-e1777499866785.jpg","type":"image\/jpeg"}],"author":"Author","twitter_card":"summary_large_image","twitter_misc":{"Written by":"Author","Est. reading time":"3 minutes"},"schema":{"@context":"https:\/\/schema.org","@graph":[{"@type":"Article","@id":"https:\/\/www.americanonewspaper.com\/es\/karol-g\/karol-g-suma-dos-nuevos-conciertos-en-bogota-a-su-gira-tropitour\/#article","isPartOf":{"@id":"https:\/\/www.americanonewspaper.com\/es\/karol-g\/karol-g-suma-dos-nuevos-conciertos-en-bogota-a-su-gira-tropitour\/"},"author":{"name":"Author","@id":"https:\/\/www.americanonewspaper.com\/es\/#\/schema\/person\/8967f6b8af7e37bcbbe61f68580ff088"},"headline":"Karol G suma dos nuevos conciertos en Bogot\u00e1 a su gira &#8216;Tropitour&#8217;","datePublished":"2026-04-29T21:55:46+00:00","dateModified":"2026-04-30T00:00:19+00:00","mainEntityOfPage":{"@id":"https:\/\/www.americanonewspaper.com\/es\/karol-g\/karol-g-suma-dos-nuevos-conciertos-en-bogota-a-su-gira-tropitour\/"},"wordCount":416,"commentCount":0,"publisher":{"@id":"https:\/\/www.americanonewspaper.com\/es\/#organization"},"image":{"@id":"https:\/\/www.americanonewspaper.com\/es\/karol-g\/karol-g-suma-dos-nuevos-conciertos-en-bogota-a-su-gira-tropitour\/#primaryimage"},"thumbnailUrl":"https:\/\/www.americanonewspaper.com\/es\/wp-content\/uploads\/2026\/04\/2bd0e1840daa65a7cf56b84f58b86eacd85b4c3a-e1777499866785.jpg","articleSection":["Karol G"],"inLanguage":"en-US","potentialAction":[{"@type":"CommentAction","name":"Comment","target":["https:\/\/www.americanonewspaper.com\/es\/karol-g\/karol-g-suma-dos-nuevos-conciertos-en-bogota-a-su-gira-tropitour\/#respond"]}]},{"@type":"WebPage","@id":"https:\/\/www.americanonewspaper.com\/es\/karol-g\/karol-g-suma-dos-nuevos-conciertos-en-bogota-a-su-gira-tropitour\/","url":"https:\/\/www.americanonewspaper.com\/es\/karol-g\/karol-g-suma-dos-nuevos-conciertos-en-bogota-a-su-gira-tropitour\/","name":"Karol G suma dos nuevos conciertos en Bogot\u00e1 a su gira 'Tropitour' - Americano Newspaper","isPartOf":{"@id":"https:\/\/www.americanonewspaper.com\/es\/#website"},"primaryImageOfPage":{"@id":"https:\/\/www.americanonewspaper.com\/es\/karol-g\/karol-g-suma-dos-nuevos-conciertos-en-bogota-a-su-gira-tropitour\/#primaryimage"},"image":{"@id":"https:\/\/www.americanonewspaper.com\/es\/karol-g\/karol-g-suma-dos-nuevos-conciertos-en-bogota-a-su-gira-tropitour\/#primaryimage"},"thumbnailUrl":"https:\/\/www.americanonewspaper.com\/es\/wp-content\/uploads\/2026\/04\/2bd0e1840daa65a7cf56b84f58b86eacd85b4c3a-e1777499866785.jpg","datePublished":"2026-04-29T21:55:46+00:00","dateModified":"2026-04-30T00:00:19+00:00","description":"La gira 'Viajando por el mundo Tropitour' de la cantante colombiana Karol G suma dos nuevas fechas, el 5 y 6 de diciembre, en el estadio El Camp\u00edn de Bogot\u00e1, tras agotar las entradas de su primer espect\u00e1culo en el pa\u00eds, anunci\u00f3 este mi\u00e9rcoles el equipo de la artista.","breadcrumb":{"@id":"https:\/\/www.americanonewspaper.com\/es\/karol-g\/karol-g-suma-dos-nuevos-conciertos-en-bogota-a-su-gira-tropitour\/#breadcrumb"},"inLanguage":"en-US","potentialAction":[{"@type":"ReadAction","target":["https:\/\/www.americanonewspaper.com\/es\/karol-g\/karol-g-suma-dos-nuevos-conciertos-en-bogota-a-su-gira-tropitour\/"]}]},{"@type":"ImageObject","inLanguage":"en-US","@id":"https:\/\/www.americanonewspaper.com\/es\/karol-g\/karol-g-suma-dos-nuevos-conciertos-en-bogota-a-su-gira-tropitour\/#primaryimage","url":"https:\/\/www.americanonewspaper.com\/es\/wp-content\/uploads\/2026\/04\/2bd0e1840daa65a7cf56b84f58b86eacd85b4c3a-e1777499866785.jpg","contentUrl":"https:\/\/www.americanonewspaper.com\/es\/wp-content\/uploads\/2026\/04\/2bd0e1840daa65a7cf56b84f58b86eacd85b4c3a-e1777499866785.jpg","width":559,"height":284,"caption":"Fotograf\u00eda de archivo, tomada el pasado 20 de abril, de la cantante colombiana Karol G, durante su actuaci\u00f3n en el Festival Coachella, en Riverside (CA, EE.UU.). EFE\/Chris Torres"},{"@type":"BreadcrumbList","@id":"https:\/\/www.americanonewspaper.com\/es\/karol-g\/karol-g-suma-dos-nuevos-conciertos-en-bogota-a-su-gira-tropitour\/#breadcrumb","itemListElement":[{"@type":"ListItem","position":1,"name":"Home","item":"https:\/\/www.americanonewspaper.com\/es\/"},{"@type":"ListItem","position":2,"name":"Karol G suma dos nuevos conciertos en Bogot\u00e1 a su gira &#8216;Tropitour&#8217;"}]},{"@type":"WebSite","@id":"https:\/\/www.americanonewspaper.com\/es\/#website","url":"https:\/\/www.americanonewspaper.com\/es\/","name":"Americano Newspaper","description":"The Hispanic Newspaper of New Jersey.","publisher":{"@id":"https:\/\/www.americanonewspaper.com\/es\/#organization"},"potentialAction":[{"@type":"SearchAction","target":{"@type":"EntryPoint","urlTemplate":"https:\/\/www.americanonewspaper.com\/es\/?s={search_term_string}"},"query-input":{"@type":"PropertyValueSpecification","valueRequired":true,"valueName":"search_term_string"}}],"inLanguage":"en-US"},{"@type":"Organization","@id":"https:\/\/www.americanonewspaper.com\/es\/#organization","name":"Americano Newspaper","url":"https:\/\/www.americanonewspaper.com\/es\/","logo":{"@type":"ImageObject","inLanguage":"en-US","@id":"https:\/\/www.americanonewspaper.com\/es\/#\/schema\/logo\/image\/","url":"https:\/\/www.americanonewspaper.com\/es\/wp-content\/uploads\/2024\/05\/AmericanoLogoCircle.comCircle2.jpg","contentUrl":"https:\/\/www.americanonewspaper.com\/es\/wp-content\/uploads\/2024\/05\/AmericanoLogoCircle.comCircle2.jpg","width":600,"height":600,"caption":"Americano Newspaper"},"image":{"@id":"https:\/\/www.americanonewspaper.com\/es\/#\/schema\/logo\/image\/"},"sameAs":["https:\/\/www.facebook.com\/AmericanoNewspaper\/"]},{"@type":"Person","@id":"https:\/\/www.americanonewspaper.com\/es\/#\/schema\/person\/8967f6b8af7e37bcbbe61f68580ff088","name":"Author","image":{"@type":"ImageObject","inLanguage":"en-US","@id":"https:\/\/www.americanonewspaper.com\/es\/wp-content\/litespeed\/avatar\/89ffaf6af3cf6769ffb3c6efb2313947.jpg?ver=1777427547","url":"https:\/\/www.americanonewspaper.com\/es\/wp-content\/litespeed\/avatar\/89ffaf6af3cf6769ffb3c6efb2313947.jpg?ver=1777427547","contentUrl":"https:\/\/www.americanonewspaper.com\/es\/wp-content\/litespeed\/avatar\/89ffaf6af3cf6769ffb3c6efb2313947.jpg?ver=1777427547","caption":"Author"},"url":"https:\/\/www.americanonewspaper.com\/es\/author\/americano\/"}]}},"jetpack_publicize_connections":[],"jetpack_featured_media_url":"https:\/\/www.americanonewspaper.com\/es\/wp-content\/uploads\/2026\/04\/2bd0e1840daa65a7cf56b84f58b86eacd85b4c3a-e1777499866785.jpg","featured_image_urls":{"full":["https:\/\/www.americanonewspaper.com\/es\/wp-content\/uploads\/2026\/04\/2bd0e1840daa65a7cf56b84f58b86eacd85b4c3a-e1777499866785.jpg",559,284,false],"thumbnail":["https:\/\/www.americanonewspaper.com\/es\/wp-content\/uploads\/2026\/04\/2bd0e1840daa65a7cf56b84f58b86eacd85b4c3a-e1777499866785-250x250.jpg",250,250,true],"medium":["https:\/\/www.americanonewspaper.com\/es\/wp-content\/uploads\/2026\/04\/2bd0e1840daa65a7cf56b84f58b86eacd85b4c3a-e1777499866785-300x152.jpg",300,152,true],"medium_large":["https:\/\/www.americanonewspaper.com\/es\/wp-content\/uploads\/2026\/04\/2bd0e1840daa65a7cf56b84f58b86eacd85b4c3a-e1777499866785.jpg",559,284,false],"large":["https:\/\/www.americanonewspaper.com\/es\/wp-content\/uploads\/2026\/04\/2bd0e1840daa65a7cf56b84f58b86eacd85b4c3a-e1777499866785.jpg",559,284,false],"1536x1536":["https:\/\/www.americanonewspaper.com\/es\/wp-content\/uploads\/2026\/04\/2bd0e1840daa65a7cf56b84f58b86eacd85b4c3a-e1777499866785.jpg",559,284,false],"2048x2048":["https:\/\/www.americanonewspaper.com\/es\/wp-content\/uploads\/2026\/04\/2bd0e1840daa65a7cf56b84f58b86eacd85b4c3a-e1777499866785.jpg",559,284,false],"td_150x0":["https:\/\/www.americanonewspaper.com\/es\/wp-content\/uploads\/2026\/04\/2bd0e1840daa65a7cf56b84f58b86eacd85b4c3a-e1777499866785-150x76.jpg",150,76,true],"td_218x150":["https:\/\/www.americanonewspaper.com\/es\/wp-content\/uploads\/2026\/04\/2bd0e1840daa65a7cf56b84f58b86eacd85b4c3a-e1777499866785-218x150.jpg",218,150,true],"td_300x0":["https:\/\/www.americanonewspaper.com\/es\/wp-content\/uploads\/2026\/04\/2bd0e1840daa65a7cf56b84f58b86eacd85b4c3a-e1777499866785-300x152.jpg",300,152,true],"td_324x400":["https:\/\/www.americanonewspaper.com\/es\/wp-content\/uploads\/2026\/04\/2bd0e1840daa65a7cf56b84f58b86eacd85b4c3a-e1777499866785-324x284.jpg",324,284,true],"td_485x360":["https:\/\/www.americanonewspaper.com\/es\/wp-content\/uploads\/2026\/04\/2bd0e1840daa65a7cf56b84f58b86eacd85b4c3a-e1777499866785-485x284.jpg",485,284,true],"td_696x0":["https:\/\/www.americanonewspaper.com\/es\/wp-content\/uploads\/2026\/04\/2bd0e1840daa65a7cf56b84f58b86eacd85b4c3a-e1777499866785.jpg",559,284,false],"td_1068x0":["https:\/\/www.americanonewspaper.com\/es\/wp-content\/uploads\/2026\/04\/2bd0e1840daa65a7cf56b84f58b86eacd85b4c3a-e1777499866785.jpg",559,284,false],"td_1920x0":["https:\/\/www.americanonewspaper.com\/es\/wp-content\/uploads\/2026\/04\/2bd0e1840daa65a7cf56b84f58b86eacd85b4c3a-e1777499866785.jpg",559,284,false],"bdpp-medium":["https:\/\/www.americanonewspaper.com\/es\/wp-content\/uploads\/2026\/04\/2bd0e1840daa65a7cf56b84f58b86eacd85b4c3a-e1777499866785.jpg",559,284,false]},"author_info":{"display_name":"Author","author_link":"https:\/\/www.americanonewspaper.com\/es\/author\/americano\/"},"category_info":"<a href=\"https:\/\/www.americanonewspaper.com\/es\/category\/karol-g\/\" rel=\"category tag\">Karol G<\/a>","tag_info":"Karol G","comment_count":"0","jetpack_sharing_enabled":true,"jetpack_likes_enabled":true,"_links":{"self":[{"href":"https:\/\/www.americanonewspaper.com\/es\/wp-json\/wp\/v2\/posts\/31971","targetHints":{"allow":["GET"]}}],"collection":[{"href":"https:\/\/www.americanonewspaper.com\/es\/wp-json\/wp\/v2\/posts"}],"about":[{"href":"https:\/\/www.americanonewspaper.com\/es\/wp-json\/wp\/v2\/types\/post"}],"author":[{"embeddable":true,"href":"https:\/\/www.americanonewspaper.com\/es\/wp-json\/wp\/v2\/users\/7"}],"replies":[{"embeddable":true,"href":"https:\/\/www.americanonewspaper.com\/es\/wp-json\/wp\/v2\/comments?post=31971"}],"version-history":[{"count":4,"href":"https:\/\/www.americanonewspaper.com\/es\/wp-json\/wp\/v2\/posts\/31971\/revisions"}],"predecessor-version":[{"id":31978,"href":"https:\/\/www.americanonewspaper.com\/es\/wp-json\/wp\/v2\/posts\/31971\/revisions\/31978"}],"wp:featuredmedia":[{"embeddable":true,"href":"https:\/\/www.americanonewspaper.com\/es\/wp-json\/wp\/v2\/media\/31972"}],"wp:attachment":[{"href":"https:\/\/www.americanonewspaper.com\/es\/wp-json\/wp\/v2\/media?parent=31971"}],"wp:term":[{"taxonomy":"category","embeddable":true,"href":"https:\/\/www.americanonewspaper.com\/es\/wp-json\/wp\/v2\/categories?post=31971"},{"taxonomy":"post_tag","embeddable":true,"href":"https:\/\/www.americanonewspaper.com\/es\/wp-json\/wp\/v2\/tags?post=31971"}],"curies":[{"name":"wp","href":"https:\/\/api.w.org\/{rel}","templated":true}]}}