{"id":31958,"date":"2026-04-29T08:03:32","date_gmt":"2026-04-29T12:03:32","guid":{"rendered":"https:\/\/www.americanonewspaper.com\/es\/?p=31958"},"modified":"2026-04-29T08:04:39","modified_gmt":"2026-04-29T12:04:39","slug":"gira-bratty-ambiciosa","status":"publish","type":"post","link":"https:\/\/www.americanonewspaper.com\/es\/farandula\/gira-bratty-ambiciosa\/","title":{"rendered":"\u00a1Bratty Gira Ambiciosa!"},"content":{"rendered":"\n<p>Ciudad de M\u00e9xico, 28 abr (EFE).- <\/p>\n\n\n\n<p class=\"dropcapp3\">Antes de publicar su cuarto disco, \u2018HOSHI\u2019 (estrella en japon\u00e9s), la cantante mexicana Bratty, que pis\u00f3 los escenarios de Coachella a los 22 a\u00f1os en 2023, atraves\u00f3 un periodo de \u201cbloqueo creativo\u201d en el que se cuestion\u00f3 si, en medio de tanto contenido, su m\u00fasica \u201ctodav\u00eda ten\u00eda algo que aportar al mundo\u201d, a lo que hoy responde: \u201cS\u00ed, g\u00fcey, me la voy a creer: quiero llegar a Jap\u00f3n\u201d.<\/p>\n\n\n\n<figure class=\"wp-block-image size-full\"><a href=\"https:\/\/ggllawyers.com\/es\/new-jersey-personal-injury-and-workers-compensation-lawyer\/\" target=\"_blank\" rel=\" noreferrer noopener\"><img fetchpriority=\"high\" decoding=\"async\" width=\"560\" height=\"269\" src=\"https:\/\/www.americanonewspaper.com\/es\/wp-content\/uploads\/2026\/04\/GGlSpanish-1.jpg\" alt=\"Abogados de Accidentes\" class=\"wp-image-31908\" srcset=\"https:\/\/www.americanonewspaper.com\/es\/wp-content\/uploads\/2026\/04\/GGlSpanish-1.jpg 560w, https:\/\/www.americanonewspaper.com\/es\/wp-content\/uploads\/2026\/04\/GGlSpanish-1-300x144.jpg 300w, https:\/\/www.americanonewspaper.com\/es\/wp-content\/uploads\/2026\/04\/GGlSpanish-1-150x72.jpg 150w\" sizes=\"(max-width: 560px) 100vw, 560px\" \/><\/a><figcaption class=\"wp-element-caption\">Abogados de Accidentes<\/figcaption><\/figure>\n\n\n\n<p>\u201cQuiero hacer mi gira m\u00e1s ambiciosa y llegar a Jap\u00f3n. Tambi\u00e9n a partes de M\u00e9xico que no he ido como M\u00e9rida y Chihuahua; entonces, quiero abarcar todas esas brechas y, adem\u00e1s, volver a Sudam\u00e9rica\u201d, dijo la compositora de pop alternativo, llamada realmente Jenny Ju\u00e1rez (Sinaloa, 2000), en una entrevista con EFE.<\/p>\n\n\n\n<p>Bratty aspira que \u2018HOSHI\u2019 (Universal) se escuche \u201cen todos los rincones del mundo\u201d, incluso cuenta fueron estas 12 canciones -en las que destacan colaboraciones con Julieta Venegas, Ed Maverick, Marc Segu\u00ed (Espa\u00f1a) o Red Fingers (Chile)- las que lograron el nacimiento de su primera audiencia en Jap\u00f3n.<\/p>\n\n\n\n<figure class=\"wp-block-image size-full\"><a href=\"https:\/\/www.linkedin.com\/in\/jaimeberrios\/\" target=\"_blank\" rel=\" noreferrer noopener\"><img decoding=\"async\" width=\"560\" height=\"257\" src=\"https:\/\/www.americanonewspaper.com\/es\/wp-content\/uploads\/2026\/04\/Jaime-copy-2.jpg\" alt=\"Paul Miller Toyota\" class=\"wp-image-31923\" srcset=\"https:\/\/www.americanonewspaper.com\/es\/wp-content\/uploads\/2026\/04\/Jaime-copy-2.jpg 560w, https:\/\/www.americanonewspaper.com\/es\/wp-content\/uploads\/2026\/04\/Jaime-copy-2-300x138.jpg 300w, https:\/\/www.americanonewspaper.com\/es\/wp-content\/uploads\/2026\/04\/Jaime-copy-2-150x69.jpg 150w\" sizes=\"(max-width: 560px) 100vw, 560px\" \/><\/a><figcaption class=\"wp-element-caption\">Paul Miller Toyota<\/figcaption><\/figure>\n\n\n\n<h2 class=\"wp-block-heading\" id=\"h-nace-una-estrella\"><strong>Nace una estrella<\/strong><\/h2>\n\n\n\n<p>\u201cLas personas que est\u00e1n en este disco no se sienten estrellas, pero lo son\u201d, confiesa Bratty sobre esta idea que marc\u00f3 la esencia del \u00e1lbum originado en 2024, un a\u00f1o despu\u00e9s de su interpretaci\u00f3n como la \u00fanica mexicana en el cartel del festival estadounidense Coachella.<\/p>\n\n\n\n<p>En esa \u00e9poca, revela, \u201cestaba muy bloqueada creativamente\u201d y \u201cllena de preguntas sin respuestas\u201d sobre lo que deb\u00eda hacer musicalmente, as\u00ed que \u201cme aleje de lo musical y me concentr\u00e9 en lo visual para inspirarme\u201d.<\/p>\n\n\n\n<figure class=\"wp-block-image size-full\"><a href=\"https:\/\/inthepinkroom.com?utm_source=americanonewspaper&amp;utm_medium=referral&amp;utm_campaign=general\" target=\"_blank\" rel=\" noreferrer noopener\"><img decoding=\"async\" width=\"560\" height=\"313\" src=\"https:\/\/www.americanonewspaper.com\/es\/wp-content\/uploads\/2026\/04\/ThePinkRoom-copy-1.jpg\" alt=\"The Pink Room\" class=\"wp-image-31924\" srcset=\"https:\/\/www.americanonewspaper.com\/es\/wp-content\/uploads\/2026\/04\/ThePinkRoom-copy-1.jpg 560w, https:\/\/www.americanonewspaper.com\/es\/wp-content\/uploads\/2026\/04\/ThePinkRoom-copy-1-300x168.jpg 300w, https:\/\/www.americanonewspaper.com\/es\/wp-content\/uploads\/2026\/04\/ThePinkRoom-copy-1-150x84.jpg 150w\" sizes=\"(max-width: 560px) 100vw, 560px\" \/><\/a><figcaption class=\"wp-element-caption\">The Pink Room <\/figcaption><\/figure>\n\n\n\n<p>Al dibujar varios bocetos naci\u00f3 \u2018HOSHI\u2019, la estrella roja de cuatro picos que Bratty lleva en la frente y que se ha transformado en el sello de su cuarto disco inspirado en el minimalismo de la cultura japonesa, pero tambi\u00e9n en la publicidad asi\u00e1tica de la d\u00e9cada de 1980.<\/p>\n\n\n\n<p>\u201cA m\u00ed me cuesta mucho verme como una estrella, porque siempre he sido de las personas a las que les gusta estar en su rollo (en lo suyo), en la parte de atr\u00e1s, y creo que este concepto de la estrella me ayud\u00f3 a decir: \u2018G\u00fcey, cr\u00e9etelo\u2019\u201d, confiesa.<\/p>\n\n\n\n<figure class=\"wp-block-image size-full\"><a href=\"https:\/\/ramospodiatry.com\/\" target=\"_blank\" rel=\" noreferrer noopener\"><img loading=\"lazy\" decoding=\"async\" width=\"560\" height=\"257\" src=\"https:\/\/www.americanonewspaper.com\/es\/wp-content\/uploads\/2026\/04\/Ramos-Spanish560-2.jpg\" alt=\"\" class=\"wp-image-31925\" srcset=\"https:\/\/www.americanonewspaper.com\/es\/wp-content\/uploads\/2026\/04\/Ramos-Spanish560-2.jpg 560w, https:\/\/www.americanonewspaper.com\/es\/wp-content\/uploads\/2026\/04\/Ramos-Spanish560-2-300x138.jpg 300w, https:\/\/www.americanonewspaper.com\/es\/wp-content\/uploads\/2026\/04\/Ramos-Spanish560-2-150x69.jpg 150w\" sizes=\"(max-width: 560px) 100vw, 560px\" \/><\/a><\/figure>\n\n\n\n<h2 class=\"wp-block-heading\" id=\"h-cuestionar-la-fama\"><strong>Cuestionar la fama<\/strong><\/h2>\n\n\n\n<p>Bratty, como su nombre art\u00edstico lo indica, siempre ha ido a contracorriente: desde romper con los estereotipos femeninos que, en su casa en la ciudad de Culiac\u00e1n, intentaron imponerle hasta salir de los lugares comunes de la industria musical, donde se arriesg\u00f3 a explorar el garage indie y el pop vaporoso en lugar de hacer reguet\u00f3n.<\/p>\n\n\n\n<p>Con ese \u00edmpetu, se dio a la tarea de adentrarse en sus mayores inseguridades, como el \u201cno sentirse suficiente\u201d, y de cuestionar por qu\u00e9 la fama se siente as\u00ed y qu\u00e9 significa ser una estrella en la actualidad; una reflexi\u00f3n que deposita en el tema \u2018La estrella que quer\u00eda brillar\u2019.<\/p>\n\n\n\n<p>\u201cMe gusta hacer arte y compartirlo con la gente, pero luego hay cosas de las que no me siento tan parte, que vienen con la fama y todas estas cosas que no est\u00e1n tan chidas (bien)\u201d, lament\u00f3.<\/p>\n\n\n\n<p>En este \u201crompecabezas\u201d de la fama, resuelve, lo importante es \u201cno esconder nada y&nbsp;mostrarse vulnerable\u201d para conectar con \u201csentimientos espec\u00edficos del p\u00fablico\u201d.<\/p>\n\n\n\n<figure class=\"wp-block-image size-large\"><img loading=\"lazy\" decoding=\"async\" width=\"333\" height=\"500\" src=\"https:\/\/www.americanonewspaper.com\/es\/wp-content\/uploads\/2026\/04\/Bratty2-333x500.jpeg\" alt=\"\" class=\"wp-image-31960\" srcset=\"https:\/\/www.americanonewspaper.com\/es\/wp-content\/uploads\/2026\/04\/Bratty2-333x500.jpeg 333w, https:\/\/www.americanonewspaper.com\/es\/wp-content\/uploads\/2026\/04\/Bratty2-200x300.jpeg 200w, https:\/\/www.americanonewspaper.com\/es\/wp-content\/uploads\/2026\/04\/Bratty2-150x225.jpeg 150w, https:\/\/www.americanonewspaper.com\/es\/wp-content\/uploads\/2026\/04\/Bratty2-300x450.jpeg 300w, https:\/\/www.americanonewspaper.com\/es\/wp-content\/uploads\/2026\/04\/Bratty2.jpeg 560w\" sizes=\"(max-width: 333px) 100vw, 333px\" \/><figcaption class=\"wp-element-caption\">La cantante mexicana Bratty, posa al finalizar una entrevista con EFE este lunes, en Ciudad de M\u00e9xico (M\u00e9xico). EFE\/ Isaac Esquivel<\/figcaption><\/figure>\n\n\n\n<p>En ese sentido, destaca a \u2018HOSHI\u2019 como el primer \u00e1lbum con el que explora sus miedos como artista, pero tambi\u00e9n lo define como una v\u00eda de reconciliaci\u00f3n con ellos y de cuidar su salud mental.<\/p>\n\n\n\n<p>Despu\u00e9s de participar en proyectos de alto valor, como poner voz a la ic\u00f3nica balada \u2018Linger\u2019 de la banda irlandesa The Cranberries, Bratty asegura que est\u00e1 lista para regresar a los escenarios.<\/p>\n\n\n\n<p>Por ello, el pr\u00f3ximo 18 de septiembre, en el Teatro Metrop\u00f3litan, interpretar\u00e1 los 12 temas de su disco.<\/p>\n\n\n\n<figure class=\"wp-block-image size-full\"><a href=\"https:\/\/tayakan.com\/\" target=\"_blank\" rel=\" noreferrer noopener\"><img loading=\"lazy\" decoding=\"async\" width=\"560\" height=\"165\" src=\"https:\/\/www.americanonewspaper.com\/es\/wp-content\/uploads\/2026\/04\/Tayakanlogo560.jpg\" alt=\"\" class=\"wp-image-31948\" srcset=\"https:\/\/www.americanonewspaper.com\/es\/wp-content\/uploads\/2026\/04\/Tayakanlogo560.jpg 560w, https:\/\/www.americanonewspaper.com\/es\/wp-content\/uploads\/2026\/04\/Tayakanlogo560-300x88.jpg 300w, https:\/\/www.americanonewspaper.com\/es\/wp-content\/uploads\/2026\/04\/Tayakanlogo560-150x44.jpg 150w\" sizes=\"(max-width: 560px) 100vw, 560px\" \/><\/a><\/figure>\n","protected":false},"excerpt":{"rendered":"<p>Ciudad de M\u00e9xico, 28 abr (EFE).- Antes de publicar su cuarto disco, \u2018HOSHI\u2019 (estrella en japon\u00e9s), la cantante mexicana Bratty, que pis\u00f3 los escenarios de Coachella a los 22 a\u00f1os en 2023, atraves\u00f3 un periodo de \u201cbloqueo creativo\u201d en el que se cuestion\u00f3 si, en medio de tanto contenido, su m\u00fasica \u201ctodav\u00eda ten\u00eda algo que [&hellip;]<\/p>\n","protected":false},"author":7,"featured_media":31959,"comment_status":"open","ping_status":"open","sticky":false,"template":"","format":"standard","meta":{"_acf_changed":false,"tdm_status":"","tdm_grid_status":"","_jetpack_memberships_contains_paid_content":false,"footnotes":"","jetpack_publicize_message":"","jetpack_publicize_feature_enabled":true,"jetpack_social_post_already_shared":false,"jetpack_social_options":{"image_generator_settings":{"template":"highway","default_image_id":0,"font":"","enabled":false,"token":"eyJpbWciOiJodHRwczpcL1wvd3d3LmFtZXJpY2Fub25ld3NwYXBlci5jb21cL2VzXC93cC1jb250ZW50XC91cGxvYWRzXC8yMDI2XC8wNFwvQnJhdHR5LXdlYi5qcGVnIiwidHh0IjoiR2lyYSBCcmF0dHkgQW1iaWNpb3NhLiIsInRlbXBsYXRlIjoiaGlnaHdheSIsImZvbnQiOiIiLCJibG9nX2lkIjoyMjg2MTk1NzR9.1HcPhGhIlQYkrnlYKApo9XfJUObn7t4GS_BI-pnXfWMMQ"},"version":2,"media_source":"featured-image","attached_media":[{"id":31959,"url":"https:\/\/www.americanonewspaper.com\/es\/wp-content\/uploads\/2026\/04\/Bratty-web.jpeg","type":"image\/jpeg"}]},"_wpas_customize_per_network":false},"categories":[527,528],"tags":[],"class_list":{"0":"post-31958","1":"post","2":"type-post","3":"status-publish","4":"format-standard","5":"has-post-thumbnail","7":"category-farandula","8":"category-mexico-2"},"acf":[],"yoast_head":"<!-- This site is optimized with the Yoast SEO Premium plugin v27.5 (Yoast SEO v27.5) - https:\/\/yoast.com\/product\/yoast-seo-premium-wordpress\/ -->\n<title>\u00a1Bratty Gira Ambiciosa! - Americano Newspaper<\/title>\n<meta name=\"description\" content=\"Antes de publicar su cuarto disco, \u2018HOSHI\u2019 (estrella en japon\u00e9s), la cantante mexicana Bratty, que pis\u00f3 los escenarios de Coachella a los 22 a\u00f1os en 2023, atraves\u00f3 un periodo de \u201cbloqueo creativo\u201d en el que se cuestion\u00f3 si, en medio de tanto contenido, su m\u00fasica \u201ctodav\u00eda ten\u00eda algo que aportar al mundo\u201d, a lo que hoy responde: \u201cS\u00ed, g\u00fcey, me la voy a creer: quiero llegar a Jap\u00f3n\u201d.\" \/>\n<meta name=\"robots\" content=\"index, follow, max-snippet:-1, max-image-preview:large, max-video-preview:-1\" \/>\n<link rel=\"canonical\" href=\"https:\/\/www.americanonewspaper.com\/es\/farandula\/gira-bratty-ambiciosa\/\" \/>\n<meta property=\"og:locale\" content=\"en_US\" \/>\n<meta property=\"og:type\" content=\"article\" \/>\n<meta property=\"og:title\" content=\"\u00a1Bratty Gira Ambiciosa!\" \/>\n<meta property=\"og:description\" content=\"Antes de publicar su cuarto disco, \u2018HOSHI\u2019 (estrella en japon\u00e9s), la cantante mexicana Bratty, que pis\u00f3 los escenarios de Coachella a los 22 a\u00f1os en 2023, atraves\u00f3 un periodo de \u201cbloqueo creativo\u201d en el que se cuestion\u00f3 si, en medio de tanto contenido, su m\u00fasica \u201ctodav\u00eda ten\u00eda algo que aportar al mundo\u201d, a lo que hoy responde: \u201cS\u00ed, g\u00fcey, me la voy a creer: quiero llegar a Jap\u00f3n\u201d.\" \/>\n<meta property=\"og:url\" content=\"https:\/\/www.americanonewspaper.com\/es\/farandula\/gira-bratty-ambiciosa\/\" \/>\n<meta property=\"og:site_name\" content=\"Americano Newspaper\" \/>\n<meta property=\"article:publisher\" content=\"https:\/\/www.facebook.com\/AmericanoNewspaper\/\" \/>\n<meta property=\"article:published_time\" content=\"2026-04-29T12:03:32+00:00\" \/>\n<meta property=\"article:modified_time\" content=\"2026-04-29T12:04:39+00:00\" \/>\n<meta property=\"og:image\" content=\"https:\/\/www.americanonewspaper.com\/es\/wp-content\/uploads\/2026\/04\/Bratty-web.jpeg\" \/>\n\t<meta property=\"og:image:width\" content=\"560\" \/>\n\t<meta property=\"og:image:height\" content=\"373\" \/>\n\t<meta property=\"og:image:type\" content=\"image\/jpeg\" \/>\n<meta name=\"author\" content=\"Author\" \/>\n<meta name=\"twitter:card\" content=\"summary_large_image\" \/>\n<meta name=\"twitter:label1\" content=\"Written by\" \/>\n\t<meta name=\"twitter:data1\" content=\"Author\" \/>\n\t<meta name=\"twitter:label2\" content=\"Est. reading time\" \/>\n\t<meta name=\"twitter:data2\" content=\"5 minutes\" \/>\n<script type=\"application\/ld+json\" class=\"yoast-schema-graph\">{\"@context\":\"https:\\\/\\\/schema.org\",\"@graph\":[{\"@type\":\"Article\",\"@id\":\"https:\\\/\\\/www.americanonewspaper.com\\\/es\\\/farandula\\\/gira-bratty-ambiciosa\\\/#article\",\"isPartOf\":{\"@id\":\"https:\\\/\\\/www.americanonewspaper.com\\\/es\\\/farandula\\\/gira-bratty-ambiciosa\\\/\"},\"author\":{\"name\":\"Author\",\"@id\":\"https:\\\/\\\/www.americanonewspaper.com\\\/es\\\/#\\\/schema\\\/person\\\/8967f6b8af7e37bcbbe61f68580ff088\"},\"headline\":\"\u00a1Bratty Gira Ambiciosa!\",\"datePublished\":\"2026-04-29T12:03:32+00:00\",\"dateModified\":\"2026-04-29T12:04:39+00:00\",\"mainEntityOfPage\":{\"@id\":\"https:\\\/\\\/www.americanonewspaper.com\\\/es\\\/farandula\\\/gira-bratty-ambiciosa\\\/\"},\"wordCount\":679,\"commentCount\":0,\"publisher\":{\"@id\":\"https:\\\/\\\/www.americanonewspaper.com\\\/es\\\/#organization\"},\"image\":{\"@id\":\"https:\\\/\\\/www.americanonewspaper.com\\\/es\\\/farandula\\\/gira-bratty-ambiciosa\\\/#primaryimage\"},\"thumbnailUrl\":\"https:\\\/\\\/www.americanonewspaper.com\\\/es\\\/wp-content\\\/uploads\\\/2026\\\/04\\\/Bratty-web.jpeg\",\"articleSection\":[\"Far\u00e1ndula\",\"M\u00e9xico\"],\"inLanguage\":\"en-US\",\"potentialAction\":[{\"@type\":\"CommentAction\",\"name\":\"Comment\",\"target\":[\"https:\\\/\\\/www.americanonewspaper.com\\\/es\\\/farandula\\\/gira-bratty-ambiciosa\\\/#respond\"]}]},{\"@type\":\"WebPage\",\"@id\":\"https:\\\/\\\/www.americanonewspaper.com\\\/es\\\/farandula\\\/gira-bratty-ambiciosa\\\/\",\"url\":\"https:\\\/\\\/www.americanonewspaper.com\\\/es\\\/farandula\\\/gira-bratty-ambiciosa\\\/\",\"name\":\"\u00a1Bratty Gira Ambiciosa! - Americano Newspaper\",\"isPartOf\":{\"@id\":\"https:\\\/\\\/www.americanonewspaper.com\\\/es\\\/#website\"},\"primaryImageOfPage\":{\"@id\":\"https:\\\/\\\/www.americanonewspaper.com\\\/es\\\/farandula\\\/gira-bratty-ambiciosa\\\/#primaryimage\"},\"image\":{\"@id\":\"https:\\\/\\\/www.americanonewspaper.com\\\/es\\\/farandula\\\/gira-bratty-ambiciosa\\\/#primaryimage\"},\"thumbnailUrl\":\"https:\\\/\\\/www.americanonewspaper.com\\\/es\\\/wp-content\\\/uploads\\\/2026\\\/04\\\/Bratty-web.jpeg\",\"datePublished\":\"2026-04-29T12:03:32+00:00\",\"dateModified\":\"2026-04-29T12:04:39+00:00\",\"description\":\"Antes de publicar su cuarto disco, \u2018HOSHI\u2019 (estrella en japon\u00e9s), la cantante mexicana Bratty, que pis\u00f3 los escenarios de Coachella a los 22 a\u00f1os en 2023, atraves\u00f3 un periodo de \u201cbloqueo creativo\u201d en el que se cuestion\u00f3 si, en medio de tanto contenido, su m\u00fasica \u201ctodav\u00eda ten\u00eda algo que aportar al mundo\u201d, a lo que hoy responde: \u201cS\u00ed, g\u00fcey, me la voy a creer: quiero llegar a Jap\u00f3n\u201d.\",\"breadcrumb\":{\"@id\":\"https:\\\/\\\/www.americanonewspaper.com\\\/es\\\/farandula\\\/gira-bratty-ambiciosa\\\/#breadcrumb\"},\"inLanguage\":\"en-US\",\"potentialAction\":[{\"@type\":\"ReadAction\",\"target\":[\"https:\\\/\\\/www.americanonewspaper.com\\\/es\\\/farandula\\\/gira-bratty-ambiciosa\\\/\"]}]},{\"@type\":\"ImageObject\",\"inLanguage\":\"en-US\",\"@id\":\"https:\\\/\\\/www.americanonewspaper.com\\\/es\\\/farandula\\\/gira-bratty-ambiciosa\\\/#primaryimage\",\"url\":\"https:\\\/\\\/www.americanonewspaper.com\\\/es\\\/wp-content\\\/uploads\\\/2026\\\/04\\\/Bratty-web.jpeg\",\"contentUrl\":\"https:\\\/\\\/www.americanonewspaper.com\\\/es\\\/wp-content\\\/uploads\\\/2026\\\/04\\\/Bratty-web.jpeg\",\"width\":560,\"height\":373,\"caption\":\"La cantante mexicana Bratty, habla durante una entrevista con EFE este lunes, en Ciudad de M\u00e9xico (M\u00e9xico). EFE\\\/ Isaac Esquivel\"},{\"@type\":\"BreadcrumbList\",\"@id\":\"https:\\\/\\\/www.americanonewspaper.com\\\/es\\\/farandula\\\/gira-bratty-ambiciosa\\\/#breadcrumb\",\"itemListElement\":[{\"@type\":\"ListItem\",\"position\":1,\"name\":\"Home\",\"item\":\"https:\\\/\\\/www.americanonewspaper.com\\\/es\\\/\"},{\"@type\":\"ListItem\",\"position\":2,\"name\":\"\u00a1Bratty Gira Ambiciosa!\"}]},{\"@type\":\"WebSite\",\"@id\":\"https:\\\/\\\/www.americanonewspaper.com\\\/es\\\/#website\",\"url\":\"https:\\\/\\\/www.americanonewspaper.com\\\/es\\\/\",\"name\":\"Americano Newspaper\",\"description\":\"The Hispanic Newspaper of New Jersey.\",\"publisher\":{\"@id\":\"https:\\\/\\\/www.americanonewspaper.com\\\/es\\\/#organization\"},\"potentialAction\":[{\"@type\":\"SearchAction\",\"target\":{\"@type\":\"EntryPoint\",\"urlTemplate\":\"https:\\\/\\\/www.americanonewspaper.com\\\/es\\\/?s={search_term_string}\"},\"query-input\":{\"@type\":\"PropertyValueSpecification\",\"valueRequired\":true,\"valueName\":\"search_term_string\"}}],\"inLanguage\":\"en-US\"},{\"@type\":\"Organization\",\"@id\":\"https:\\\/\\\/www.americanonewspaper.com\\\/es\\\/#organization\",\"name\":\"Americano Newspaper\",\"url\":\"https:\\\/\\\/www.americanonewspaper.com\\\/es\\\/\",\"logo\":{\"@type\":\"ImageObject\",\"inLanguage\":\"en-US\",\"@id\":\"https:\\\/\\\/www.americanonewspaper.com\\\/es\\\/#\\\/schema\\\/logo\\\/image\\\/\",\"url\":\"https:\\\/\\\/www.americanonewspaper.com\\\/es\\\/wp-content\\\/uploads\\\/2024\\\/05\\\/AmericanoLogoCircle.comCircle2.jpg\",\"contentUrl\":\"https:\\\/\\\/www.americanonewspaper.com\\\/es\\\/wp-content\\\/uploads\\\/2024\\\/05\\\/AmericanoLogoCircle.comCircle2.jpg\",\"width\":600,\"height\":600,\"caption\":\"Americano Newspaper\"},\"image\":{\"@id\":\"https:\\\/\\\/www.americanonewspaper.com\\\/es\\\/#\\\/schema\\\/logo\\\/image\\\/\"},\"sameAs\":[\"https:\\\/\\\/www.facebook.com\\\/AmericanoNewspaper\\\/\"]},{\"@type\":\"Person\",\"@id\":\"https:\\\/\\\/www.americanonewspaper.com\\\/es\\\/#\\\/schema\\\/person\\\/8967f6b8af7e37bcbbe61f68580ff088\",\"name\":\"Author\",\"image\":{\"@type\":\"ImageObject\",\"inLanguage\":\"en-US\",\"@id\":\"https:\\\/\\\/www.americanonewspaper.com\\\/es\\\/wp-content\\\/litespeed\\\/avatar\\\/89ffaf6af3cf6769ffb3c6efb2313947.jpg?ver=1777427547\",\"url\":\"https:\\\/\\\/www.americanonewspaper.com\\\/es\\\/wp-content\\\/litespeed\\\/avatar\\\/89ffaf6af3cf6769ffb3c6efb2313947.jpg?ver=1777427547\",\"contentUrl\":\"https:\\\/\\\/www.americanonewspaper.com\\\/es\\\/wp-content\\\/litespeed\\\/avatar\\\/89ffaf6af3cf6769ffb3c6efb2313947.jpg?ver=1777427547\",\"caption\":\"Author\"},\"url\":\"https:\\\/\\\/www.americanonewspaper.com\\\/es\\\/author\\\/americano\\\/\"}]}<\/script>\n<!-- \/ Yoast SEO Premium plugin. -->","yoast_head_json":{"title":"\u00a1Bratty Gira Ambiciosa! - Americano Newspaper","description":"Antes de publicar su cuarto disco, \u2018HOSHI\u2019 (estrella en japon\u00e9s), la cantante mexicana Bratty, que pis\u00f3 los escenarios de Coachella a los 22 a\u00f1os en 2023, atraves\u00f3 un periodo de \u201cbloqueo creativo\u201d en el que se cuestion\u00f3 si, en medio de tanto contenido, su m\u00fasica \u201ctodav\u00eda ten\u00eda algo que aportar al mundo\u201d, a lo que hoy responde: \u201cS\u00ed, g\u00fcey, me la voy a creer: quiero llegar a Jap\u00f3n\u201d.","robots":{"index":"index","follow":"follow","max-snippet":"max-snippet:-1","max-image-preview":"max-image-preview:large","max-video-preview":"max-video-preview:-1"},"canonical":"https:\/\/www.americanonewspaper.com\/es\/farandula\/gira-bratty-ambiciosa\/","og_locale":"en_US","og_type":"article","og_title":"\u00a1Bratty Gira Ambiciosa!","og_description":"Antes de publicar su cuarto disco, \u2018HOSHI\u2019 (estrella en japon\u00e9s), la cantante mexicana Bratty, que pis\u00f3 los escenarios de Coachella a los 22 a\u00f1os en 2023, atraves\u00f3 un periodo de \u201cbloqueo creativo\u201d en el que se cuestion\u00f3 si, en medio de tanto contenido, su m\u00fasica \u201ctodav\u00eda ten\u00eda algo que aportar al mundo\u201d, a lo que hoy responde: \u201cS\u00ed, g\u00fcey, me la voy a creer: quiero llegar a Jap\u00f3n\u201d.","og_url":"https:\/\/www.americanonewspaper.com\/es\/farandula\/gira-bratty-ambiciosa\/","og_site_name":"Americano Newspaper","article_publisher":"https:\/\/www.facebook.com\/AmericanoNewspaper\/","article_published_time":"2026-04-29T12:03:32+00:00","article_modified_time":"2026-04-29T12:04:39+00:00","og_image":[{"width":560,"height":373,"url":"https:\/\/www.americanonewspaper.com\/es\/wp-content\/uploads\/2026\/04\/Bratty-web.jpeg","type":"image\/jpeg"}],"author":"Author","twitter_card":"summary_large_image","twitter_misc":{"Written by":"Author","Est. reading time":"5 minutes"},"schema":{"@context":"https:\/\/schema.org","@graph":[{"@type":"Article","@id":"https:\/\/www.americanonewspaper.com\/es\/farandula\/gira-bratty-ambiciosa\/#article","isPartOf":{"@id":"https:\/\/www.americanonewspaper.com\/es\/farandula\/gira-bratty-ambiciosa\/"},"author":{"name":"Author","@id":"https:\/\/www.americanonewspaper.com\/es\/#\/schema\/person\/8967f6b8af7e37bcbbe61f68580ff088"},"headline":"\u00a1Bratty Gira Ambiciosa!","datePublished":"2026-04-29T12:03:32+00:00","dateModified":"2026-04-29T12:04:39+00:00","mainEntityOfPage":{"@id":"https:\/\/www.americanonewspaper.com\/es\/farandula\/gira-bratty-ambiciosa\/"},"wordCount":679,"commentCount":0,"publisher":{"@id":"https:\/\/www.americanonewspaper.com\/es\/#organization"},"image":{"@id":"https:\/\/www.americanonewspaper.com\/es\/farandula\/gira-bratty-ambiciosa\/#primaryimage"},"thumbnailUrl":"https:\/\/www.americanonewspaper.com\/es\/wp-content\/uploads\/2026\/04\/Bratty-web.jpeg","articleSection":["Far\u00e1ndula","M\u00e9xico"],"inLanguage":"en-US","potentialAction":[{"@type":"CommentAction","name":"Comment","target":["https:\/\/www.americanonewspaper.com\/es\/farandula\/gira-bratty-ambiciosa\/#respond"]}]},{"@type":"WebPage","@id":"https:\/\/www.americanonewspaper.com\/es\/farandula\/gira-bratty-ambiciosa\/","url":"https:\/\/www.americanonewspaper.com\/es\/farandula\/gira-bratty-ambiciosa\/","name":"\u00a1Bratty Gira Ambiciosa! - Americano Newspaper","isPartOf":{"@id":"https:\/\/www.americanonewspaper.com\/es\/#website"},"primaryImageOfPage":{"@id":"https:\/\/www.americanonewspaper.com\/es\/farandula\/gira-bratty-ambiciosa\/#primaryimage"},"image":{"@id":"https:\/\/www.americanonewspaper.com\/es\/farandula\/gira-bratty-ambiciosa\/#primaryimage"},"thumbnailUrl":"https:\/\/www.americanonewspaper.com\/es\/wp-content\/uploads\/2026\/04\/Bratty-web.jpeg","datePublished":"2026-04-29T12:03:32+00:00","dateModified":"2026-04-29T12:04:39+00:00","description":"Antes de publicar su cuarto disco, \u2018HOSHI\u2019 (estrella en japon\u00e9s), la cantante mexicana Bratty, que pis\u00f3 los escenarios de Coachella a los 22 a\u00f1os en 2023, atraves\u00f3 un periodo de \u201cbloqueo creativo\u201d en el que se cuestion\u00f3 si, en medio de tanto contenido, su m\u00fasica \u201ctodav\u00eda ten\u00eda algo que aportar al mundo\u201d, a lo que hoy responde: \u201cS\u00ed, g\u00fcey, me la voy a creer: quiero llegar a Jap\u00f3n\u201d.","breadcrumb":{"@id":"https:\/\/www.americanonewspaper.com\/es\/farandula\/gira-bratty-ambiciosa\/#breadcrumb"},"inLanguage":"en-US","potentialAction":[{"@type":"ReadAction","target":["https:\/\/www.americanonewspaper.com\/es\/farandula\/gira-bratty-ambiciosa\/"]}]},{"@type":"ImageObject","inLanguage":"en-US","@id":"https:\/\/www.americanonewspaper.com\/es\/farandula\/gira-bratty-ambiciosa\/#primaryimage","url":"https:\/\/www.americanonewspaper.com\/es\/wp-content\/uploads\/2026\/04\/Bratty-web.jpeg","contentUrl":"https:\/\/www.americanonewspaper.com\/es\/wp-content\/uploads\/2026\/04\/Bratty-web.jpeg","width":560,"height":373,"caption":"La cantante mexicana Bratty, habla durante una entrevista con EFE este lunes, en Ciudad de M\u00e9xico (M\u00e9xico). EFE\/ Isaac Esquivel"},{"@type":"BreadcrumbList","@id":"https:\/\/www.americanonewspaper.com\/es\/farandula\/gira-bratty-ambiciosa\/#breadcrumb","itemListElement":[{"@type":"ListItem","position":1,"name":"Home","item":"https:\/\/www.americanonewspaper.com\/es\/"},{"@type":"ListItem","position":2,"name":"\u00a1Bratty Gira Ambiciosa!"}]},{"@type":"WebSite","@id":"https:\/\/www.americanonewspaper.com\/es\/#website","url":"https:\/\/www.americanonewspaper.com\/es\/","name":"Americano Newspaper","description":"The Hispanic Newspaper of New Jersey.","publisher":{"@id":"https:\/\/www.americanonewspaper.com\/es\/#organization"},"potentialAction":[{"@type":"SearchAction","target":{"@type":"EntryPoint","urlTemplate":"https:\/\/www.americanonewspaper.com\/es\/?s={search_term_string}"},"query-input":{"@type":"PropertyValueSpecification","valueRequired":true,"valueName":"search_term_string"}}],"inLanguage":"en-US"},{"@type":"Organization","@id":"https:\/\/www.americanonewspaper.com\/es\/#organization","name":"Americano Newspaper","url":"https:\/\/www.americanonewspaper.com\/es\/","logo":{"@type":"ImageObject","inLanguage":"en-US","@id":"https:\/\/www.americanonewspaper.com\/es\/#\/schema\/logo\/image\/","url":"https:\/\/www.americanonewspaper.com\/es\/wp-content\/uploads\/2024\/05\/AmericanoLogoCircle.comCircle2.jpg","contentUrl":"https:\/\/www.americanonewspaper.com\/es\/wp-content\/uploads\/2024\/05\/AmericanoLogoCircle.comCircle2.jpg","width":600,"height":600,"caption":"Americano Newspaper"},"image":{"@id":"https:\/\/www.americanonewspaper.com\/es\/#\/schema\/logo\/image\/"},"sameAs":["https:\/\/www.facebook.com\/AmericanoNewspaper\/"]},{"@type":"Person","@id":"https:\/\/www.americanonewspaper.com\/es\/#\/schema\/person\/8967f6b8af7e37bcbbe61f68580ff088","name":"Author","image":{"@type":"ImageObject","inLanguage":"en-US","@id":"https:\/\/www.americanonewspaper.com\/es\/wp-content\/litespeed\/avatar\/89ffaf6af3cf6769ffb3c6efb2313947.jpg?ver=1777427547","url":"https:\/\/www.americanonewspaper.com\/es\/wp-content\/litespeed\/avatar\/89ffaf6af3cf6769ffb3c6efb2313947.jpg?ver=1777427547","contentUrl":"https:\/\/www.americanonewspaper.com\/es\/wp-content\/litespeed\/avatar\/89ffaf6af3cf6769ffb3c6efb2313947.jpg?ver=1777427547","caption":"Author"},"url":"https:\/\/www.americanonewspaper.com\/es\/author\/americano\/"}]}},"jetpack_publicize_connections":[],"jetpack_featured_media_url":"https:\/\/www.americanonewspaper.com\/es\/wp-content\/uploads\/2026\/04\/Bratty-web.jpeg","featured_image_urls":{"full":["https:\/\/www.americanonewspaper.com\/es\/wp-content\/uploads\/2026\/04\/Bratty-web.jpeg",560,373,false],"thumbnail":["https:\/\/www.americanonewspaper.com\/es\/wp-content\/uploads\/2026\/04\/Bratty-web-250x250.jpeg",250,250,true],"medium":["https:\/\/www.americanonewspaper.com\/es\/wp-content\/uploads\/2026\/04\/Bratty-web-300x200.jpeg",300,200,true],"medium_large":["https:\/\/www.americanonewspaper.com\/es\/wp-content\/uploads\/2026\/04\/Bratty-web.jpeg",560,373,false],"large":["https:\/\/www.americanonewspaper.com\/es\/wp-content\/uploads\/2026\/04\/Bratty-web.jpeg",560,373,false],"1536x1536":["https:\/\/www.americanonewspaper.com\/es\/wp-content\/uploads\/2026\/04\/Bratty-web.jpeg",560,373,false],"2048x2048":["https:\/\/www.americanonewspaper.com\/es\/wp-content\/uploads\/2026\/04\/Bratty-web.jpeg",560,373,false],"td_150x0":["https:\/\/www.americanonewspaper.com\/es\/wp-content\/uploads\/2026\/04\/Bratty-web-150x100.jpeg",150,100,true],"td_218x150":["https:\/\/www.americanonewspaper.com\/es\/wp-content\/uploads\/2026\/04\/Bratty-web-218x150.jpeg",218,150,true],"td_300x0":["https:\/\/www.americanonewspaper.com\/es\/wp-content\/uploads\/2026\/04\/Bratty-web-300x200.jpeg",300,200,true],"td_324x400":["https:\/\/www.americanonewspaper.com\/es\/wp-content\/uploads\/2026\/04\/Bratty-web-324x373.jpeg",324,373,true],"td_485x360":["https:\/\/www.americanonewspaper.com\/es\/wp-content\/uploads\/2026\/04\/Bratty-web-485x360.jpeg",485,360,true],"td_696x0":["https:\/\/www.americanonewspaper.com\/es\/wp-content\/uploads\/2026\/04\/Bratty-web.jpeg",560,373,false],"td_1068x0":["https:\/\/www.americanonewspaper.com\/es\/wp-content\/uploads\/2026\/04\/Bratty-web.jpeg",560,373,false],"td_1920x0":["https:\/\/www.americanonewspaper.com\/es\/wp-content\/uploads\/2026\/04\/Bratty-web.jpeg",560,373,false],"bdpp-medium":["https:\/\/www.americanonewspaper.com\/es\/wp-content\/uploads\/2026\/04\/Bratty-web.jpeg",560,373,false]},"author_info":{"display_name":"Author","author_link":"https:\/\/www.americanonewspaper.com\/es\/author\/americano\/"},"category_info":"<a href=\"https:\/\/www.americanonewspaper.com\/es\/category\/farandula\/\" rel=\"category tag\">Far\u00e1ndula<\/a> <a href=\"https:\/\/www.americanonewspaper.com\/es\/category\/mexico-2\/\" rel=\"category tag\">M\u00e9xico<\/a>","tag_info":"M\u00e9xico","comment_count":"0","jetpack_sharing_enabled":true,"jetpack_likes_enabled":true,"_links":{"self":[{"href":"https:\/\/www.americanonewspaper.com\/es\/wp-json\/wp\/v2\/posts\/31958","targetHints":{"allow":["GET"]}}],"collection":[{"href":"https:\/\/www.americanonewspaper.com\/es\/wp-json\/wp\/v2\/posts"}],"about":[{"href":"https:\/\/www.americanonewspaper.com\/es\/wp-json\/wp\/v2\/types\/post"}],"author":[{"embeddable":true,"href":"https:\/\/www.americanonewspaper.com\/es\/wp-json\/wp\/v2\/users\/7"}],"replies":[{"embeddable":true,"href":"https:\/\/www.americanonewspaper.com\/es\/wp-json\/wp\/v2\/comments?post=31958"}],"version-history":[{"count":3,"href":"https:\/\/www.americanonewspaper.com\/es\/wp-json\/wp\/v2\/posts\/31958\/revisions"}],"predecessor-version":[{"id":31964,"href":"https:\/\/www.americanonewspaper.com\/es\/wp-json\/wp\/v2\/posts\/31958\/revisions\/31964"}],"wp:featuredmedia":[{"embeddable":true,"href":"https:\/\/www.americanonewspaper.com\/es\/wp-json\/wp\/v2\/media\/31959"}],"wp:attachment":[{"href":"https:\/\/www.americanonewspaper.com\/es\/wp-json\/wp\/v2\/media?parent=31958"}],"wp:term":[{"taxonomy":"category","embeddable":true,"href":"https:\/\/www.americanonewspaper.com\/es\/wp-json\/wp\/v2\/categories?post=31958"},{"taxonomy":"post_tag","embeddable":true,"href":"https:\/\/www.americanonewspaper.com\/es\/wp-json\/wp\/v2\/tags?post=31958"}],"curies":[{"name":"wp","href":"https:\/\/api.w.org\/{rel}","templated":true}]}}