{"id":31939,"date":"2026-04-28T17:27:51","date_gmt":"2026-04-28T21:27:51","guid":{"rendered":"https:\/\/www.americanonewspaper.com\/es\/?p=31939"},"modified":"2026-04-28T17:29:09","modified_gmt":"2026-04-28T21:29:09","slug":"ariana-grande-publicara-el-31-de-julio-su-nuevo-album-petal","status":"publish","type":"post","link":"https:\/\/www.americanonewspaper.com\/es\/ariana-grande\/ariana-grande-publicara-el-31-de-julio-su-nuevo-album-petal\/","title":{"rendered":"Ariana Grande publicar\u00e1 el 31 de julio su nuevo \u00e1lbum: &#8216;Petal&#8217;"},"content":{"rendered":"\n<p>Los \u00c1ngeles (EE.UU.), (EFE).<\/p>\n\n\n\n<p class=\"has-drop-cap\">Ariana Grande anunci\u00f3 este martes el inicio de una nueva etapa musical, con el lanzamiento de su octavo \u00e1lbum de estudio, que llevar\u00e1 por t\u00edtulo &#8216;Petal&#8217;, y que se publicar\u00e1 el pr\u00f3ximo 31 de julio.<\/p>\n\n\n\n<p>La artista estadounidense ha dado la bienvenida a este nuevo cap\u00edtulo con una fotograf\u00eda en su cuenta de Instagram en la que aparece sonriendo y sin su caracter\u00edstica coleta.<\/p>\n\n\n\n<figure class=\"wp-block-gallery has-nested-images columns-default is-cropped wp-block-gallery-1 is-layout-flex wp-block-gallery-is-layout-flex\">\n<figure class=\"wp-block-image size-large\"><a href=\"https:\/\/ggllawyers.com\/es\/new-jersey-personal-injury-and-workers-compensation-lawyer\/\" target=\"_blank\" rel=\" noreferrer noopener\"><img fetchpriority=\"high\" decoding=\"async\" width=\"560\" height=\"269\" data-id=\"31908\" src=\"https:\/\/www.americanonewspaper.com\/es\/wp-content\/uploads\/2026\/04\/GGlSpanish-1.jpg\" alt=\"Abogados de Accidentes\" class=\"wp-image-31908\" srcset=\"https:\/\/www.americanonewspaper.com\/es\/wp-content\/uploads\/2026\/04\/GGlSpanish-1.jpg 560w, https:\/\/www.americanonewspaper.com\/es\/wp-content\/uploads\/2026\/04\/GGlSpanish-1-300x144.jpg 300w, https:\/\/www.americanonewspaper.com\/es\/wp-content\/uploads\/2026\/04\/GGlSpanish-1-150x72.jpg 150w\" sizes=\"(max-width: 560px) 100vw, 560px\" \/><\/a><figcaption class=\"wp-element-caption\">Abogados de Accidentes<\/figcaption><\/figure>\n<\/figure>\n\n\n\n<p>El nuevo trabajo discogr\u00e1fico ha sido coescrito entre Grande y el productor sueco-persa Ilya Salmanzadeh.<\/p>\n\n\n\n<p>El pasado 18 de abril, la artista comparti\u00f3 un v\u00eddeo en sus redes sociales en el que describ\u00eda este proyecto como &#8220;algo lleno de vida que crece a trav\u00e9s de las grietas de algo fr\u00edo, duro y desafiante&#8221;.&nbsp;<\/p>\n\n\n\n<figure class=\"wp-block-gallery has-nested-images columns-default is-cropped wp-block-gallery-2 is-layout-flex wp-block-gallery-is-layout-flex\">\n<figure class=\"wp-block-image size-large\"><a href=\"https:\/\/www.linkedin.com\/in\/jaimeberrios\/\" target=\"_blank\" rel=\" noreferrer noopener\"><img decoding=\"async\" width=\"560\" height=\"257\" data-id=\"31923\" src=\"https:\/\/www.americanonewspaper.com\/es\/wp-content\/uploads\/2026\/04\/Jaime-copy-2.jpg\" alt=\"Paul Miller Toyota\" class=\"wp-image-31923\" srcset=\"https:\/\/www.americanonewspaper.com\/es\/wp-content\/uploads\/2026\/04\/Jaime-copy-2.jpg 560w, https:\/\/www.americanonewspaper.com\/es\/wp-content\/uploads\/2026\/04\/Jaime-copy-2-300x138.jpg 300w, https:\/\/www.americanonewspaper.com\/es\/wp-content\/uploads\/2026\/04\/Jaime-copy-2-150x69.jpg 150w\" sizes=\"(max-width: 560px) 100vw, 560px\" \/><\/a><figcaption class=\"wp-element-caption\">Paul Miller Toyota<\/figcaption><\/figure>\n<\/figure>\n\n\n\n<p>Este anuncio se produce en un momento de gran actividad para la artista, quien durante el verano regresar\u00e1 a los escenarios con &#8216;The Eternal Sunshine&#8217;, su primera gira en siete a\u00f1os, luego de su anterior \u00e1lbum, y con el que recorrer\u00e1 Norteam\u00e9rica y que adem\u00e1s tendr\u00e1 cinco paradas en Londres.<\/p>\n\n\n\n<p>La gira se centrar\u00e1 en el s\u00e9ptimo \u00e1lbum de su carrera, &#8216;Eternal Sunshine&#8217; (&#8216;Luz solar eterna&#8217;), una reflexi\u00f3n sobre las relaciones de pareja y lo duro de las rupturas, tras el final de su matrimonio con el agente inmobiliario Dalton Gomez.&nbsp;<\/p>\n\n\n\n<figure class=\"wp-block-gallery has-nested-images columns-default is-cropped wp-block-gallery-3 is-layout-flex wp-block-gallery-is-layout-flex\">\n<figure class=\"wp-block-image size-large\"><a href=\"https:\/\/ramospodiatry.com\/\" target=\"_blank\" rel=\" noreferrer noopener\"><img decoding=\"async\" width=\"560\" height=\"257\" data-id=\"31925\" src=\"https:\/\/www.americanonewspaper.com\/es\/wp-content\/uploads\/2026\/04\/Ramos-Spanish560-2.jpg\" alt=\"\" class=\"wp-image-31925\" srcset=\"https:\/\/www.americanonewspaper.com\/es\/wp-content\/uploads\/2026\/04\/Ramos-Spanish560-2.jpg 560w, https:\/\/www.americanonewspaper.com\/es\/wp-content\/uploads\/2026\/04\/Ramos-Spanish560-2-300x138.jpg 300w, https:\/\/www.americanonewspaper.com\/es\/wp-content\/uploads\/2026\/04\/Ramos-Spanish560-2-150x69.jpg 150w\" sizes=\"(max-width: 560px) 100vw, 560px\" \/><\/a><\/figure>\n<\/figure>\n\n\n\n<p>El tour tambi\u00e9n ser\u00e1 el regreso de Grande a los escenarios desde 2019, cuando promocion\u00f3 los \u00e1lbumes &#8216;Sweetener&#8217; y &#8216;Thank U, Next&#8217;.<\/p>\n\n\n\n<p>Desde entonces, la cantante y actriz se ha centrado en proyectos como el exitoso musical de fantas\u00eda &#8216;Wicked&#8217;, donde interpreta a Glinda y cuya segunda parte se estren\u00f3 el pasado 21 de noviembre. La primera entrega estuvo nominada a diez premios \u00d3scar, de los cuales gan\u00f3 dos.<\/p>\n\n\n\n<figure class=\"wp-block-gallery has-nested-images columns-default is-cropped wp-block-gallery-4 is-layout-flex wp-block-gallery-is-layout-flex\">\n<figure class=\"wp-block-image size-large\"><a href=\"https:\/\/www.manuelbatistalaw.com\/\" target=\"_blank\" rel=\" noreferrer noopener\"><img loading=\"lazy\" decoding=\"async\" width=\"560\" height=\"257\" data-id=\"31926\" src=\"https:\/\/www.americanonewspaper.com\/es\/wp-content\/uploads\/2026\/04\/ManuelBatistaSpanish-1.jpg\" alt=\"\" class=\"wp-image-31926\" srcset=\"https:\/\/www.americanonewspaper.com\/es\/wp-content\/uploads\/2026\/04\/ManuelBatistaSpanish-1.jpg 560w, https:\/\/www.americanonewspaper.com\/es\/wp-content\/uploads\/2026\/04\/ManuelBatistaSpanish-1-300x138.jpg 300w, https:\/\/www.americanonewspaper.com\/es\/wp-content\/uploads\/2026\/04\/ManuelBatistaSpanish-1-150x69.jpg 150w\" sizes=\"(max-width: 560px) 100vw, 560px\" \/><\/a><\/figure>\n<\/figure>\n","protected":false},"excerpt":{"rendered":"<p>Los \u00c1ngeles (EE.UU.), (EFE). Ariana Grande anunci\u00f3 este martes el inicio de una nueva etapa musical, con el lanzamiento de su octavo \u00e1lbum de estudio, que llevar\u00e1 por t\u00edtulo &#8216;Petal&#8217;, y que se publicar\u00e1 el pr\u00f3ximo 31 de julio. La artista estadounidense ha dado la bienvenida a este nuevo cap\u00edtulo con una fotograf\u00eda en su [&hellip;]<\/p>\n","protected":false},"author":7,"featured_media":31940,"comment_status":"open","ping_status":"open","sticky":true,"template":"","format":"standard","meta":{"_acf_changed":false,"tdm_status":"","tdm_grid_status":"","_jetpack_memberships_contains_paid_content":false,"footnotes":"","jetpack_publicize_message":"","jetpack_publicize_feature_enabled":true,"jetpack_social_post_already_shared":true,"jetpack_social_options":{"image_generator_settings":{"template":"highway","default_image_id":0,"font":"","enabled":false},"version":2},"_wpas_customize_per_network":false},"categories":[887],"tags":[],"class_list":{"0":"post-31939","1":"post","2":"type-post","3":"status-publish","4":"format-standard","5":"has-post-thumbnail","7":"category-ariana-grande"},"acf":[],"yoast_head":"<!-- This site is optimized with the Yoast SEO Premium plugin v27.5 (Yoast SEO v27.5) - https:\/\/yoast.com\/product\/yoast-seo-premium-wordpress\/ -->\n<title>Ariana Grande publicar\u00e1 el 31 de julio su nuevo \u00e1lbum: &#039;Petal&#039; - Americano Newspaper<\/title>\n<meta name=\"description\" content=\"Ariana Grande anunci\u00f3 este martes el inicio de una nueva etapa musical, con el lanzamiento de su octavo \u00e1lbum de estudio, que llevar\u00e1 por t\u00edtulo &#039;Petal&#039;, y que se publicar\u00e1 el pr\u00f3ximo 31 de julio.\" \/>\n<meta name=\"robots\" content=\"index, follow, max-snippet:-1, max-image-preview:large, max-video-preview:-1\" \/>\n<link rel=\"canonical\" href=\"https:\/\/www.americanonewspaper.com\/es\/ariana-grande\/ariana-grande-publicara-el-31-de-julio-su-nuevo-album-petal\/\" \/>\n<meta property=\"og:locale\" content=\"en_US\" \/>\n<meta property=\"og:type\" content=\"article\" \/>\n<meta property=\"og:title\" content=\"Ariana Grande publicar\u00e1 el 31 de julio su nuevo \u00e1lbum: &#039;Petal&#039;\" \/>\n<meta property=\"og:description\" content=\"Ariana Grande anunci\u00f3 este martes el inicio de una nueva etapa musical, con el lanzamiento de su octavo \u00e1lbum de estudio, que llevar\u00e1 por t\u00edtulo &#039;Petal&#039;, y que se publicar\u00e1 el pr\u00f3ximo 31 de julio.\" \/>\n<meta property=\"og:url\" content=\"https:\/\/www.americanonewspaper.com\/es\/ariana-grande\/ariana-grande-publicara-el-31-de-julio-su-nuevo-album-petal\/\" \/>\n<meta property=\"og:site_name\" content=\"Americano Newspaper\" \/>\n<meta property=\"article:publisher\" content=\"https:\/\/www.facebook.com\/AmericanoNewspaper\/\" \/>\n<meta property=\"article:published_time\" content=\"2026-04-28T21:27:51+00:00\" \/>\n<meta property=\"article:modified_time\" content=\"2026-04-28T21:29:09+00:00\" \/>\n<meta property=\"og:image\" content=\"https:\/\/www.americanonewspaper.com\/es\/wp-content\/uploads\/2026\/04\/0a9f843631a8a61bbd9fe71a0b10f48797657c0b.jpg\" \/>\n\t<meta property=\"og:image:width\" content=\"560\" \/>\n\t<meta property=\"og:image:height\" content=\"373\" \/>\n\t<meta property=\"og:image:type\" content=\"image\/jpeg\" \/>\n<meta name=\"author\" content=\"Author\" \/>\n<meta name=\"twitter:card\" content=\"summary_large_image\" \/>\n<meta name=\"twitter:label1\" content=\"Written by\" \/>\n\t<meta name=\"twitter:data1\" content=\"Author\" \/>\n\t<meta name=\"twitter:label2\" content=\"Est. reading time\" \/>\n\t<meta name=\"twitter:data2\" content=\"3 minutes\" \/>\n<script type=\"application\/ld+json\" class=\"yoast-schema-graph\">{\"@context\":\"https:\\\/\\\/schema.org\",\"@graph\":[{\"@type\":\"Article\",\"@id\":\"https:\\\/\\\/www.americanonewspaper.com\\\/es\\\/ariana-grande\\\/ariana-grande-publicara-el-31-de-julio-su-nuevo-album-petal\\\/#article\",\"isPartOf\":{\"@id\":\"https:\\\/\\\/www.americanonewspaper.com\\\/es\\\/ariana-grande\\\/ariana-grande-publicara-el-31-de-julio-su-nuevo-album-petal\\\/\"},\"author\":{\"name\":\"Author\",\"@id\":\"https:\\\/\\\/www.americanonewspaper.com\\\/es\\\/#\\\/schema\\\/person\\\/8967f6b8af7e37bcbbe61f68580ff088\"},\"headline\":\"Ariana Grande publicar\u00e1 el 31 de julio su nuevo \u00e1lbum: &#8216;Petal&#8217;\",\"datePublished\":\"2026-04-28T21:27:51+00:00\",\"dateModified\":\"2026-04-28T21:29:09+00:00\",\"mainEntityOfPage\":{\"@id\":\"https:\\\/\\\/www.americanonewspaper.com\\\/es\\\/ariana-grande\\\/ariana-grande-publicara-el-31-de-julio-su-nuevo-album-petal\\\/\"},\"wordCount\":313,\"commentCount\":0,\"publisher\":{\"@id\":\"https:\\\/\\\/www.americanonewspaper.com\\\/es\\\/#organization\"},\"image\":{\"@id\":\"https:\\\/\\\/www.americanonewspaper.com\\\/es\\\/ariana-grande\\\/ariana-grande-publicara-el-31-de-julio-su-nuevo-album-petal\\\/#primaryimage\"},\"thumbnailUrl\":\"https:\\\/\\\/www.americanonewspaper.com\\\/es\\\/wp-content\\\/uploads\\\/2026\\\/04\\\/0a9f843631a8a61bbd9fe71a0b10f48797657c0b.jpg\",\"articleSection\":[\"Ariana Grande\"],\"inLanguage\":\"en-US\",\"potentialAction\":[{\"@type\":\"CommentAction\",\"name\":\"Comment\",\"target\":[\"https:\\\/\\\/www.americanonewspaper.com\\\/es\\\/ariana-grande\\\/ariana-grande-publicara-el-31-de-julio-su-nuevo-album-petal\\\/#respond\"]}]},{\"@type\":\"WebPage\",\"@id\":\"https:\\\/\\\/www.americanonewspaper.com\\\/es\\\/ariana-grande\\\/ariana-grande-publicara-el-31-de-julio-su-nuevo-album-petal\\\/\",\"url\":\"https:\\\/\\\/www.americanonewspaper.com\\\/es\\\/ariana-grande\\\/ariana-grande-publicara-el-31-de-julio-su-nuevo-album-petal\\\/\",\"name\":\"Ariana Grande publicar\u00e1 el 31 de julio su nuevo \u00e1lbum: 'Petal' - Americano Newspaper\",\"isPartOf\":{\"@id\":\"https:\\\/\\\/www.americanonewspaper.com\\\/es\\\/#website\"},\"primaryImageOfPage\":{\"@id\":\"https:\\\/\\\/www.americanonewspaper.com\\\/es\\\/ariana-grande\\\/ariana-grande-publicara-el-31-de-julio-su-nuevo-album-petal\\\/#primaryimage\"},\"image\":{\"@id\":\"https:\\\/\\\/www.americanonewspaper.com\\\/es\\\/ariana-grande\\\/ariana-grande-publicara-el-31-de-julio-su-nuevo-album-petal\\\/#primaryimage\"},\"thumbnailUrl\":\"https:\\\/\\\/www.americanonewspaper.com\\\/es\\\/wp-content\\\/uploads\\\/2026\\\/04\\\/0a9f843631a8a61bbd9fe71a0b10f48797657c0b.jpg\",\"datePublished\":\"2026-04-28T21:27:51+00:00\",\"dateModified\":\"2026-04-28T21:29:09+00:00\",\"description\":\"Ariana Grande anunci\u00f3 este martes el inicio de una nueva etapa musical, con el lanzamiento de su octavo \u00e1lbum de estudio, que llevar\u00e1 por t\u00edtulo 'Petal', y que se publicar\u00e1 el pr\u00f3ximo 31 de julio.\",\"breadcrumb\":{\"@id\":\"https:\\\/\\\/www.americanonewspaper.com\\\/es\\\/ariana-grande\\\/ariana-grande-publicara-el-31-de-julio-su-nuevo-album-petal\\\/#breadcrumb\"},\"inLanguage\":\"en-US\",\"potentialAction\":[{\"@type\":\"ReadAction\",\"target\":[\"https:\\\/\\\/www.americanonewspaper.com\\\/es\\\/ariana-grande\\\/ariana-grande-publicara-el-31-de-julio-su-nuevo-album-petal\\\/\"]}]},{\"@type\":\"ImageObject\",\"inLanguage\":\"en-US\",\"@id\":\"https:\\\/\\\/www.americanonewspaper.com\\\/es\\\/ariana-grande\\\/ariana-grande-publicara-el-31-de-julio-su-nuevo-album-petal\\\/#primaryimage\",\"url\":\"https:\\\/\\\/www.americanonewspaper.com\\\/es\\\/wp-content\\\/uploads\\\/2026\\\/04\\\/0a9f843631a8a61bbd9fe71a0b10f48797657c0b.jpg\",\"contentUrl\":\"https:\\\/\\\/www.americanonewspaper.com\\\/es\\\/wp-content\\\/uploads\\\/2026\\\/04\\\/0a9f843631a8a61bbd9fe71a0b10f48797657c0b.jpg\",\"width\":560,\"height\":373,\"caption\":\"Fotograf\u00eda de archivo, tomada el pasado 4 de enero, en la que aparece la cantante estadounidense Ariana Grande, en Santa M\u00f3nica (CA, EE.UU.). EFE\\\/Jill Connelly\"},{\"@type\":\"BreadcrumbList\",\"@id\":\"https:\\\/\\\/www.americanonewspaper.com\\\/es\\\/ariana-grande\\\/ariana-grande-publicara-el-31-de-julio-su-nuevo-album-petal\\\/#breadcrumb\",\"itemListElement\":[{\"@type\":\"ListItem\",\"position\":1,\"name\":\"Home\",\"item\":\"https:\\\/\\\/www.americanonewspaper.com\\\/es\\\/\"},{\"@type\":\"ListItem\",\"position\":2,\"name\":\"Ariana Grande publicar\u00e1 el 31 de julio su nuevo \u00e1lbum: &#8216;Petal&#8217;\"}]},{\"@type\":\"WebSite\",\"@id\":\"https:\\\/\\\/www.americanonewspaper.com\\\/es\\\/#website\",\"url\":\"https:\\\/\\\/www.americanonewspaper.com\\\/es\\\/\",\"name\":\"Americano Newspaper\",\"description\":\"The Hispanic Newspaper of New Jersey.\",\"publisher\":{\"@id\":\"https:\\\/\\\/www.americanonewspaper.com\\\/es\\\/#organization\"},\"potentialAction\":[{\"@type\":\"SearchAction\",\"target\":{\"@type\":\"EntryPoint\",\"urlTemplate\":\"https:\\\/\\\/www.americanonewspaper.com\\\/es\\\/?s={search_term_string}\"},\"query-input\":{\"@type\":\"PropertyValueSpecification\",\"valueRequired\":true,\"valueName\":\"search_term_string\"}}],\"inLanguage\":\"en-US\"},{\"@type\":\"Organization\",\"@id\":\"https:\\\/\\\/www.americanonewspaper.com\\\/es\\\/#organization\",\"name\":\"Americano Newspaper\",\"url\":\"https:\\\/\\\/www.americanonewspaper.com\\\/es\\\/\",\"logo\":{\"@type\":\"ImageObject\",\"inLanguage\":\"en-US\",\"@id\":\"https:\\\/\\\/www.americanonewspaper.com\\\/es\\\/#\\\/schema\\\/logo\\\/image\\\/\",\"url\":\"https:\\\/\\\/www.americanonewspaper.com\\\/es\\\/wp-content\\\/uploads\\\/2024\\\/05\\\/AmericanoLogoCircle.comCircle2.jpg\",\"contentUrl\":\"https:\\\/\\\/www.americanonewspaper.com\\\/es\\\/wp-content\\\/uploads\\\/2024\\\/05\\\/AmericanoLogoCircle.comCircle2.jpg\",\"width\":600,\"height\":600,\"caption\":\"Americano Newspaper\"},\"image\":{\"@id\":\"https:\\\/\\\/www.americanonewspaper.com\\\/es\\\/#\\\/schema\\\/logo\\\/image\\\/\"},\"sameAs\":[\"https:\\\/\\\/www.facebook.com\\\/AmericanoNewspaper\\\/\"]},{\"@type\":\"Person\",\"@id\":\"https:\\\/\\\/www.americanonewspaper.com\\\/es\\\/#\\\/schema\\\/person\\\/8967f6b8af7e37bcbbe61f68580ff088\",\"name\":\"Author\",\"image\":{\"@type\":\"ImageObject\",\"inLanguage\":\"en-US\",\"@id\":\"https:\\\/\\\/www.americanonewspaper.com\\\/es\\\/wp-content\\\/litespeed\\\/avatar\\\/89ffaf6af3cf6769ffb3c6efb2313947.jpg?ver=1776822681\",\"url\":\"https:\\\/\\\/www.americanonewspaper.com\\\/es\\\/wp-content\\\/litespeed\\\/avatar\\\/89ffaf6af3cf6769ffb3c6efb2313947.jpg?ver=1776822681\",\"contentUrl\":\"https:\\\/\\\/www.americanonewspaper.com\\\/es\\\/wp-content\\\/litespeed\\\/avatar\\\/89ffaf6af3cf6769ffb3c6efb2313947.jpg?ver=1776822681\",\"caption\":\"Author\"},\"url\":\"https:\\\/\\\/www.americanonewspaper.com\\\/es\\\/author\\\/americano\\\/\"}]}<\/script>\n<!-- \/ Yoast SEO Premium plugin. -->","yoast_head_json":{"title":"Ariana Grande publicar\u00e1 el 31 de julio su nuevo \u00e1lbum: 'Petal' - Americano Newspaper","description":"Ariana Grande anunci\u00f3 este martes el inicio de una nueva etapa musical, con el lanzamiento de su octavo \u00e1lbum de estudio, que llevar\u00e1 por t\u00edtulo 'Petal', y que se publicar\u00e1 el pr\u00f3ximo 31 de julio.","robots":{"index":"index","follow":"follow","max-snippet":"max-snippet:-1","max-image-preview":"max-image-preview:large","max-video-preview":"max-video-preview:-1"},"canonical":"https:\/\/www.americanonewspaper.com\/es\/ariana-grande\/ariana-grande-publicara-el-31-de-julio-su-nuevo-album-petal\/","og_locale":"en_US","og_type":"article","og_title":"Ariana Grande publicar\u00e1 el 31 de julio su nuevo \u00e1lbum: 'Petal'","og_description":"Ariana Grande anunci\u00f3 este martes el inicio de una nueva etapa musical, con el lanzamiento de su octavo \u00e1lbum de estudio, que llevar\u00e1 por t\u00edtulo 'Petal', y que se publicar\u00e1 el pr\u00f3ximo 31 de julio.","og_url":"https:\/\/www.americanonewspaper.com\/es\/ariana-grande\/ariana-grande-publicara-el-31-de-julio-su-nuevo-album-petal\/","og_site_name":"Americano Newspaper","article_publisher":"https:\/\/www.facebook.com\/AmericanoNewspaper\/","article_published_time":"2026-04-28T21:27:51+00:00","article_modified_time":"2026-04-28T21:29:09+00:00","og_image":[{"width":560,"height":373,"url":"https:\/\/www.americanonewspaper.com\/es\/wp-content\/uploads\/2026\/04\/0a9f843631a8a61bbd9fe71a0b10f48797657c0b.jpg","type":"image\/jpeg"}],"author":"Author","twitter_card":"summary_large_image","twitter_misc":{"Written by":"Author","Est. reading time":"3 minutes"},"schema":{"@context":"https:\/\/schema.org","@graph":[{"@type":"Article","@id":"https:\/\/www.americanonewspaper.com\/es\/ariana-grande\/ariana-grande-publicara-el-31-de-julio-su-nuevo-album-petal\/#article","isPartOf":{"@id":"https:\/\/www.americanonewspaper.com\/es\/ariana-grande\/ariana-grande-publicara-el-31-de-julio-su-nuevo-album-petal\/"},"author":{"name":"Author","@id":"https:\/\/www.americanonewspaper.com\/es\/#\/schema\/person\/8967f6b8af7e37bcbbe61f68580ff088"},"headline":"Ariana Grande publicar\u00e1 el 31 de julio su nuevo \u00e1lbum: &#8216;Petal&#8217;","datePublished":"2026-04-28T21:27:51+00:00","dateModified":"2026-04-28T21:29:09+00:00","mainEntityOfPage":{"@id":"https:\/\/www.americanonewspaper.com\/es\/ariana-grande\/ariana-grande-publicara-el-31-de-julio-su-nuevo-album-petal\/"},"wordCount":313,"commentCount":0,"publisher":{"@id":"https:\/\/www.americanonewspaper.com\/es\/#organization"},"image":{"@id":"https:\/\/www.americanonewspaper.com\/es\/ariana-grande\/ariana-grande-publicara-el-31-de-julio-su-nuevo-album-petal\/#primaryimage"},"thumbnailUrl":"https:\/\/www.americanonewspaper.com\/es\/wp-content\/uploads\/2026\/04\/0a9f843631a8a61bbd9fe71a0b10f48797657c0b.jpg","articleSection":["Ariana Grande"],"inLanguage":"en-US","potentialAction":[{"@type":"CommentAction","name":"Comment","target":["https:\/\/www.americanonewspaper.com\/es\/ariana-grande\/ariana-grande-publicara-el-31-de-julio-su-nuevo-album-petal\/#respond"]}]},{"@type":"WebPage","@id":"https:\/\/www.americanonewspaper.com\/es\/ariana-grande\/ariana-grande-publicara-el-31-de-julio-su-nuevo-album-petal\/","url":"https:\/\/www.americanonewspaper.com\/es\/ariana-grande\/ariana-grande-publicara-el-31-de-julio-su-nuevo-album-petal\/","name":"Ariana Grande publicar\u00e1 el 31 de julio su nuevo \u00e1lbum: 'Petal' - Americano Newspaper","isPartOf":{"@id":"https:\/\/www.americanonewspaper.com\/es\/#website"},"primaryImageOfPage":{"@id":"https:\/\/www.americanonewspaper.com\/es\/ariana-grande\/ariana-grande-publicara-el-31-de-julio-su-nuevo-album-petal\/#primaryimage"},"image":{"@id":"https:\/\/www.americanonewspaper.com\/es\/ariana-grande\/ariana-grande-publicara-el-31-de-julio-su-nuevo-album-petal\/#primaryimage"},"thumbnailUrl":"https:\/\/www.americanonewspaper.com\/es\/wp-content\/uploads\/2026\/04\/0a9f843631a8a61bbd9fe71a0b10f48797657c0b.jpg","datePublished":"2026-04-28T21:27:51+00:00","dateModified":"2026-04-28T21:29:09+00:00","description":"Ariana Grande anunci\u00f3 este martes el inicio de una nueva etapa musical, con el lanzamiento de su octavo \u00e1lbum de estudio, que llevar\u00e1 por t\u00edtulo 'Petal', y que se publicar\u00e1 el pr\u00f3ximo 31 de julio.","breadcrumb":{"@id":"https:\/\/www.americanonewspaper.com\/es\/ariana-grande\/ariana-grande-publicara-el-31-de-julio-su-nuevo-album-petal\/#breadcrumb"},"inLanguage":"en-US","potentialAction":[{"@type":"ReadAction","target":["https:\/\/www.americanonewspaper.com\/es\/ariana-grande\/ariana-grande-publicara-el-31-de-julio-su-nuevo-album-petal\/"]}]},{"@type":"ImageObject","inLanguage":"en-US","@id":"https:\/\/www.americanonewspaper.com\/es\/ariana-grande\/ariana-grande-publicara-el-31-de-julio-su-nuevo-album-petal\/#primaryimage","url":"https:\/\/www.americanonewspaper.com\/es\/wp-content\/uploads\/2026\/04\/0a9f843631a8a61bbd9fe71a0b10f48797657c0b.jpg","contentUrl":"https:\/\/www.americanonewspaper.com\/es\/wp-content\/uploads\/2026\/04\/0a9f843631a8a61bbd9fe71a0b10f48797657c0b.jpg","width":560,"height":373,"caption":"Fotograf\u00eda de archivo, tomada el pasado 4 de enero, en la que aparece la cantante estadounidense Ariana Grande, en Santa M\u00f3nica (CA, EE.UU.). EFE\/Jill Connelly"},{"@type":"BreadcrumbList","@id":"https:\/\/www.americanonewspaper.com\/es\/ariana-grande\/ariana-grande-publicara-el-31-de-julio-su-nuevo-album-petal\/#breadcrumb","itemListElement":[{"@type":"ListItem","position":1,"name":"Home","item":"https:\/\/www.americanonewspaper.com\/es\/"},{"@type":"ListItem","position":2,"name":"Ariana Grande publicar\u00e1 el 31 de julio su nuevo \u00e1lbum: &#8216;Petal&#8217;"}]},{"@type":"WebSite","@id":"https:\/\/www.americanonewspaper.com\/es\/#website","url":"https:\/\/www.americanonewspaper.com\/es\/","name":"Americano Newspaper","description":"The Hispanic Newspaper of New Jersey.","publisher":{"@id":"https:\/\/www.americanonewspaper.com\/es\/#organization"},"potentialAction":[{"@type":"SearchAction","target":{"@type":"EntryPoint","urlTemplate":"https:\/\/www.americanonewspaper.com\/es\/?s={search_term_string}"},"query-input":{"@type":"PropertyValueSpecification","valueRequired":true,"valueName":"search_term_string"}}],"inLanguage":"en-US"},{"@type":"Organization","@id":"https:\/\/www.americanonewspaper.com\/es\/#organization","name":"Americano Newspaper","url":"https:\/\/www.americanonewspaper.com\/es\/","logo":{"@type":"ImageObject","inLanguage":"en-US","@id":"https:\/\/www.americanonewspaper.com\/es\/#\/schema\/logo\/image\/","url":"https:\/\/www.americanonewspaper.com\/es\/wp-content\/uploads\/2024\/05\/AmericanoLogoCircle.comCircle2.jpg","contentUrl":"https:\/\/www.americanonewspaper.com\/es\/wp-content\/uploads\/2024\/05\/AmericanoLogoCircle.comCircle2.jpg","width":600,"height":600,"caption":"Americano Newspaper"},"image":{"@id":"https:\/\/www.americanonewspaper.com\/es\/#\/schema\/logo\/image\/"},"sameAs":["https:\/\/www.facebook.com\/AmericanoNewspaper\/"]},{"@type":"Person","@id":"https:\/\/www.americanonewspaper.com\/es\/#\/schema\/person\/8967f6b8af7e37bcbbe61f68580ff088","name":"Author","image":{"@type":"ImageObject","inLanguage":"en-US","@id":"https:\/\/www.americanonewspaper.com\/es\/wp-content\/litespeed\/avatar\/89ffaf6af3cf6769ffb3c6efb2313947.jpg?ver=1776822681","url":"https:\/\/www.americanonewspaper.com\/es\/wp-content\/litespeed\/avatar\/89ffaf6af3cf6769ffb3c6efb2313947.jpg?ver=1776822681","contentUrl":"https:\/\/www.americanonewspaper.com\/es\/wp-content\/litespeed\/avatar\/89ffaf6af3cf6769ffb3c6efb2313947.jpg?ver=1776822681","caption":"Author"},"url":"https:\/\/www.americanonewspaper.com\/es\/author\/americano\/"}]}},"jetpack_publicize_connections":[],"jetpack_featured_media_url":"https:\/\/www.americanonewspaper.com\/es\/wp-content\/uploads\/2026\/04\/0a9f843631a8a61bbd9fe71a0b10f48797657c0b.jpg","featured_image_urls":{"full":["https:\/\/www.americanonewspaper.com\/es\/wp-content\/uploads\/2026\/04\/0a9f843631a8a61bbd9fe71a0b10f48797657c0b.jpg",560,373,false],"thumbnail":["https:\/\/www.americanonewspaper.com\/es\/wp-content\/uploads\/2026\/04\/0a9f843631a8a61bbd9fe71a0b10f48797657c0b-250x250.jpg",250,250,true],"medium":["https:\/\/www.americanonewspaper.com\/es\/wp-content\/uploads\/2026\/04\/0a9f843631a8a61bbd9fe71a0b10f48797657c0b-300x200.jpg",300,200,true],"medium_large":["https:\/\/www.americanonewspaper.com\/es\/wp-content\/uploads\/2026\/04\/0a9f843631a8a61bbd9fe71a0b10f48797657c0b.jpg",560,373,false],"large":["https:\/\/www.americanonewspaper.com\/es\/wp-content\/uploads\/2026\/04\/0a9f843631a8a61bbd9fe71a0b10f48797657c0b.jpg",560,373,false],"1536x1536":["https:\/\/www.americanonewspaper.com\/es\/wp-content\/uploads\/2026\/04\/0a9f843631a8a61bbd9fe71a0b10f48797657c0b.jpg",560,373,false],"2048x2048":["https:\/\/www.americanonewspaper.com\/es\/wp-content\/uploads\/2026\/04\/0a9f843631a8a61bbd9fe71a0b10f48797657c0b.jpg",560,373,false],"td_150x0":["https:\/\/www.americanonewspaper.com\/es\/wp-content\/uploads\/2026\/04\/0a9f843631a8a61bbd9fe71a0b10f48797657c0b-150x100.jpg",150,100,true],"td_218x150":["https:\/\/www.americanonewspaper.com\/es\/wp-content\/uploads\/2026\/04\/0a9f843631a8a61bbd9fe71a0b10f48797657c0b-218x150.jpg",218,150,true],"td_300x0":["https:\/\/www.americanonewspaper.com\/es\/wp-content\/uploads\/2026\/04\/0a9f843631a8a61bbd9fe71a0b10f48797657c0b-300x200.jpg",300,200,true],"td_324x400":["https:\/\/www.americanonewspaper.com\/es\/wp-content\/uploads\/2026\/04\/0a9f843631a8a61bbd9fe71a0b10f48797657c0b-324x373.jpg",324,373,true],"td_485x360":["https:\/\/www.americanonewspaper.com\/es\/wp-content\/uploads\/2026\/04\/0a9f843631a8a61bbd9fe71a0b10f48797657c0b-485x360.jpg",485,360,true],"td_696x0":["https:\/\/www.americanonewspaper.com\/es\/wp-content\/uploads\/2026\/04\/0a9f843631a8a61bbd9fe71a0b10f48797657c0b.jpg",560,373,false],"td_1068x0":["https:\/\/www.americanonewspaper.com\/es\/wp-content\/uploads\/2026\/04\/0a9f843631a8a61bbd9fe71a0b10f48797657c0b.jpg",560,373,false],"td_1920x0":["https:\/\/www.americanonewspaper.com\/es\/wp-content\/uploads\/2026\/04\/0a9f843631a8a61bbd9fe71a0b10f48797657c0b.jpg",560,373,false],"bdpp-medium":["https:\/\/www.americanonewspaper.com\/es\/wp-content\/uploads\/2026\/04\/0a9f843631a8a61bbd9fe71a0b10f48797657c0b.jpg",560,373,false]},"author_info":{"display_name":"Author","author_link":"https:\/\/www.americanonewspaper.com\/es\/author\/americano\/"},"category_info":"<a href=\"https:\/\/www.americanonewspaper.com\/es\/category\/ariana-grande\/\" rel=\"category tag\">Ariana Grande<\/a>","tag_info":"Ariana Grande","comment_count":"0","jetpack_sharing_enabled":true,"jetpack_likes_enabled":true,"_links":{"self":[{"href":"https:\/\/www.americanonewspaper.com\/es\/wp-json\/wp\/v2\/posts\/31939","targetHints":{"allow":["GET"]}}],"collection":[{"href":"https:\/\/www.americanonewspaper.com\/es\/wp-json\/wp\/v2\/posts"}],"about":[{"href":"https:\/\/www.americanonewspaper.com\/es\/wp-json\/wp\/v2\/types\/post"}],"author":[{"embeddable":true,"href":"https:\/\/www.americanonewspaper.com\/es\/wp-json\/wp\/v2\/users\/7"}],"replies":[{"embeddable":true,"href":"https:\/\/www.americanonewspaper.com\/es\/wp-json\/wp\/v2\/comments?post=31939"}],"version-history":[{"count":1,"href":"https:\/\/www.americanonewspaper.com\/es\/wp-json\/wp\/v2\/posts\/31939\/revisions"}],"predecessor-version":[{"id":31941,"href":"https:\/\/www.americanonewspaper.com\/es\/wp-json\/wp\/v2\/posts\/31939\/revisions\/31941"}],"wp:featuredmedia":[{"embeddable":true,"href":"https:\/\/www.americanonewspaper.com\/es\/wp-json\/wp\/v2\/media\/31940"}],"wp:attachment":[{"href":"https:\/\/www.americanonewspaper.com\/es\/wp-json\/wp\/v2\/media?parent=31939"}],"wp:term":[{"taxonomy":"category","embeddable":true,"href":"https:\/\/www.americanonewspaper.com\/es\/wp-json\/wp\/v2\/categories?post=31939"},{"taxonomy":"post_tag","embeddable":true,"href":"https:\/\/www.americanonewspaper.com\/es\/wp-json\/wp\/v2\/tags?post=31939"}],"curies":[{"name":"wp","href":"https:\/\/api.w.org\/{rel}","templated":true}]}}