{"id":31916,"date":"2026-04-27T07:54:15","date_gmt":"2026-04-27T11:54:15","guid":{"rendered":"https:\/\/www.americanonewspaper.com\/es\/?p=31916"},"modified":"2026-04-27T07:54:24","modified_gmt":"2026-04-27T11:54:24","slug":"atletico-de-madrid-y-arsenal-en-la-liga-de-campeones","status":"publish","type":"post","link":"https:\/\/www.americanonewspaper.com\/es\/fifa\/atletico-de-madrid-y-arsenal-en-la-liga-de-campeones\/","title":{"rendered":"Atl\u00e9tico de Madrid y Arsenal en la Liga de Campeones"},"content":{"rendered":"\n<p>Majadahonda (Madrid), 27 abr (EFE).- <\/p>\n\n\n\n<p class=\"dropcapp3\">Atl\u00e9tico de Madrid y Arsenal vuelven a cruzarse desde este mi\u00e9rcoles en la Liga de Campeones, seis meses despu\u00e9s del 4-0 del conjunto londinense al madrile\u00f1o en el estadio Emirates y entre cinco diferencias entre aquel encuentro y la serie por llegar a la final.<\/p>\n\n\n\n<figure class=\"wp-block-image size-full\"><a href=\"https:\/\/ggllawyers.com\/es\/new-jersey-personal-injury-and-workers-compensation-lawyer\/\" target=\"_blank\" rel=\" noreferrer noopener\"><img fetchpriority=\"high\" decoding=\"async\" width=\"560\" height=\"269\" src=\"https:\/\/www.americanonewspaper.com\/es\/wp-content\/uploads\/2026\/04\/GGlSpanish-1.jpg\" alt=\"Abogados de Accidentes\" class=\"wp-image-31908\" srcset=\"https:\/\/www.americanonewspaper.com\/es\/wp-content\/uploads\/2026\/04\/GGlSpanish-1.jpg 560w, https:\/\/www.americanonewspaper.com\/es\/wp-content\/uploads\/2026\/04\/GGlSpanish-1-300x144.jpg 300w, https:\/\/www.americanonewspaper.com\/es\/wp-content\/uploads\/2026\/04\/GGlSpanish-1-150x72.jpg 150w\" sizes=\"(max-width: 560px) 100vw, 560px\" \/><\/a><figcaption class=\"wp-element-caption\">Abogados de Accidentes<\/figcaption><\/figure>\n\n\n\n<p>1 &#8211; El protagonismo de Griezmann:<\/p>\n\n\n\n<p>Cuando el Atl\u00e9tico visit\u00f3 al Arsenal el pasado 21 de octubre, Antoine Griezmann fue suplente. Apenas jug\u00f3 18 minutos, cuando el marcador ya era de 4-0 en contra. El atacante franc\u00e9s entonces hab\u00eda anotado apenas dos goles en sus primeros 11 partidos del curso, cinco como suplente y seis como titular, antes de la confrontaci\u00f3n con el equipo londinense. Ahora es titular en el once tipo de Simeone, indudable en las alineaciones iniciales de nuevo de los grandes partidos y con 14 tantos en este ejercicio en los 37 encuentros que ha disputado posteriormente.<\/p>\n\n\n\n<figure class=\"wp-block-image size-full\"><a href=\"https:\/\/www.linkedin.com\/in\/jaimeberrios\/\" target=\"_blank\" rel=\" noreferrer noopener\"><img decoding=\"async\" width=\"560\" height=\"257\" src=\"https:\/\/www.americanonewspaper.com\/es\/wp-content\/uploads\/2026\/04\/Jaime-copy.jpg\" alt=\"Toyota\" class=\"wp-image-31653\" srcset=\"https:\/\/www.americanonewspaper.com\/es\/wp-content\/uploads\/2026\/04\/Jaime-copy.jpg 560w, https:\/\/www.americanonewspaper.com\/es\/wp-content\/uploads\/2026\/04\/Jaime-copy-300x138.jpg 300w, https:\/\/www.americanonewspaper.com\/es\/wp-content\/uploads\/2026\/04\/Jaime-copy-150x69.jpg 150w\" sizes=\"(max-width: 560px) 100vw, 560px\" \/><\/a><figcaption class=\"wp-element-caption\">Toyota <\/figcaption><\/figure>\n\n\n\n<p>2 &#8211; La irrupci\u00f3n de Pubill<\/p>\n\n\n\n<p>Por aquel octubre, Marc Pubill tan solo hab\u00eda jugado 37 minutos repartidos en tres encuentros a lo largo de los primeros once partidos de la campa\u00f1a. Apenas hab\u00eda aparecido 13 minutos contra el Villarreal, 13 contra el Liverpool y 11 frente al Rayo Vallecano. Hoy es un futbolista fijo en el esquema de Simeone, sobre todo como central derecho, pero tambi\u00e9n como opci\u00f3n para el lateral si Marcos Llorente se desplaza al centro del campo. Solvente y notable en todo este curso, ahora tiene un papel trascendente ante el Arsenal, con el que no jug\u00f3 ning\u00fan minuto en su anterior precedente en esta competici\u00f3n.<\/p>\n\n\n\n<figure class=\"wp-block-image size-full\"><a href=\"https:\/\/www.manuelbatistalaw.com\/\" target=\"_blank\" rel=\" noreferrer noopener\"><img decoding=\"async\" width=\"560\" height=\"257\" src=\"https:\/\/www.americanonewspaper.com\/es\/wp-content\/uploads\/2026\/04\/ManuelBatistaSpanish.jpg\" alt=\"\" class=\"wp-image-31662\" srcset=\"https:\/\/www.americanonewspaper.com\/es\/wp-content\/uploads\/2026\/04\/ManuelBatistaSpanish.jpg 560w, https:\/\/www.americanonewspaper.com\/es\/wp-content\/uploads\/2026\/04\/ManuelBatistaSpanish-300x138.jpg 300w, https:\/\/www.americanonewspaper.com\/es\/wp-content\/uploads\/2026\/04\/ManuelBatistaSpanish-150x69.jpg 150w\" sizes=\"(max-width: 560px) 100vw, 560px\" \/><\/a><\/figure>\n\n\n\n<p>3 &#8211; La lesi\u00f3n de Pablo Barrios<\/p>\n\n\n\n<p>La tercera lesi\u00f3n muscular en los dos \u00faltimos meses y medio privar\u00e1 al Atl\u00e9tico de Madrid de Pablo Barrios frente al Arsenal. El internacional espa\u00f1ol iba a ser titular en el duelo de este mi\u00e9rcoles, pero una dolencia en la parte posterior del muslo izquierdo (las dos anteriores fueron en el derecho) lo dejar\u00e1 fuera de toda la eliminatoria. El pasado 21 de octubre, Barrios form\u00f3 en el centro del campo al lado de Koke Resurrecci\u00f3n, que s\u00ed repetir\u00e1 de inicio.<\/p>\n\n\n\n<figure class=\"wp-block-image size-full\"><a href=\"https:\/\/ramospodiatry.com\/\" target=\"_blank\" rel=\" noreferrer noopener\"><img loading=\"lazy\" decoding=\"async\" width=\"560\" height=\"257\" src=\"https:\/\/www.americanonewspaper.com\/es\/wp-content\/uploads\/2026\/04\/Ramos-Spanish560-1.jpg\" alt=\"\" class=\"wp-image-31660\" srcset=\"https:\/\/www.americanonewspaper.com\/es\/wp-content\/uploads\/2026\/04\/Ramos-Spanish560-1.jpg 560w, https:\/\/www.americanonewspaper.com\/es\/wp-content\/uploads\/2026\/04\/Ramos-Spanish560-1-300x138.jpg 300w, https:\/\/www.americanonewspaper.com\/es\/wp-content\/uploads\/2026\/04\/Ramos-Spanish560-1-150x69.jpg 150w\" sizes=\"(max-width: 560px) 100vw, 560px\" \/><\/a><\/figure>\n\n\n\n<p>4 &#8211; El fichaje de Lookman<\/p>\n\n\n\n<p>A la espera de su evoluci\u00f3n de unas molestias por el riesgo de una lesi\u00f3n, Ademola Lookman es duda para el compromiso de este mi\u00e9rcoles. De estar en condiciones, ser\u00e1 el elegido para la banda izquierda. Ah\u00ed jug\u00f3 el pasado octubre Nico Gonz\u00e1lez, que tambi\u00e9n podr\u00eda repetir si el extremo nigeriano no est\u00e1 apto. No se ha entrenado en toda la pasada semana con el grupo. Su impacto desde su fichaje invernal ha sido potente: siete goles y cuatro asistencias en 18 partidos de rojiblanco.<\/p>\n\n\n\n<figure class=\"wp-block-image size-full\"><a href=\"https:\/\/inthepinkroom.com?utm_source=americanonewspaper&amp;utm_medium=referral&amp;utm_campaign=general\" target=\"_blank\" rel=\" noreferrer noopener\"><img loading=\"lazy\" decoding=\"async\" width=\"560\" height=\"313\" src=\"https:\/\/www.americanonewspaper.com\/es\/wp-content\/uploads\/2026\/04\/ThePinkRoom-copy.jpg\" alt=\"\" class=\"wp-image-31654\" srcset=\"https:\/\/www.americanonewspaper.com\/es\/wp-content\/uploads\/2026\/04\/ThePinkRoom-copy.jpg 560w, https:\/\/www.americanonewspaper.com\/es\/wp-content\/uploads\/2026\/04\/ThePinkRoom-copy-300x168.jpg 300w, https:\/\/www.americanonewspaper.com\/es\/wp-content\/uploads\/2026\/04\/ThePinkRoom-copy-150x84.jpg 150w\" sizes=\"(max-width: 560px) 100vw, 560px\" \/><\/a><\/figure>\n\n\n\n<p>5 &#8211; Los 8 goles de Juli\u00e1n Alvarez<\/p>\n\n\n\n<p>Sin minutos en los \u00faltimos dos partidos, cuidado por el cuerpo t\u00e9cnico ante el Athletic, el pasado s\u00e1bado, para llegar al encuentro contra el Arsenal, Juli\u00e1n Alvarez fue el titular entonces en Londres y, salvo que no est\u00e9 apto, probablemente lo ser\u00e1 este mi\u00e9rcoles en el Metropolitano. Pero de aquel 21 de octubre a ahora, \u2018La Ara\u00f1a\u2019 ha marcado ocho goles en los once partidos siguientes de la Liga de Campeones. Los reparti\u00f3 en siete encuentros. Solo se qued\u00f3 sin marcar en cuatro. Su evoluci\u00f3n en las pr\u00f3ximas horas determinar\u00e1 si es titular.<\/p>\n\n\n\n<figure class=\"wp-block-image size-full\"><img loading=\"lazy\" decoding=\"async\" width=\"600\" height=\"400\" src=\"https:\/\/www.americanonewspaper.com\/es\/wp-content\/uploads\/2025\/06\/169dabe2f6a02830ea8556799f5c82c52d7455aam.jpg\" alt=\"\" class=\"wp-image-26792\" srcset=\"https:\/\/www.americanonewspaper.com\/es\/wp-content\/uploads\/2025\/06\/169dabe2f6a02830ea8556799f5c82c52d7455aam.jpg 600w, https:\/\/www.americanonewspaper.com\/es\/wp-content\/uploads\/2025\/06\/169dabe2f6a02830ea8556799f5c82c52d7455aam-300x200.jpg 300w, https:\/\/www.americanonewspaper.com\/es\/wp-content\/uploads\/2025\/06\/169dabe2f6a02830ea8556799f5c82c52d7455aam-150x100.jpg 150w\" sizes=\"(max-width: 600px) 100vw, 600px\" \/><figcaption class=\"wp-element-caption\">Juli\u00e1n \u00c1lvarez y Griezmann, en una foto de archivo con el Atl\u00e9tico de Madrid. EFE\/ JuanJo Mart\u00edn<\/figcaption><\/figure>\n","protected":false},"excerpt":{"rendered":"<p>Majadahonda (Madrid), 27 abr (EFE).- Atl\u00e9tico de Madrid y Arsenal vuelven a cruzarse desde este mi\u00e9rcoles en la Liga de Campeones, seis meses despu\u00e9s del 4-0 del conjunto londinense al madrile\u00f1o en el estadio Emirates y entre cinco diferencias entre aquel encuentro y la serie por llegar a la final. 1 &#8211; El protagonismo de [&hellip;]<\/p>\n","protected":false},"author":7,"featured_media":31917,"comment_status":"open","ping_status":"open","sticky":false,"template":"","format":"standard","meta":{"_acf_changed":false,"tdm_status":"","tdm_grid_status":"","_jetpack_memberships_contains_paid_content":false,"footnotes":"","jetpack_publicize_message":"","jetpack_publicize_feature_enabled":true,"jetpack_social_post_already_shared":false,"jetpack_social_options":{"image_generator_settings":{"template":"highway","default_image_id":0,"font":"","enabled":false,"token":"eyJpbWciOiJodHRwczpcL1wvd3d3LmFtZXJpY2Fub25ld3NwYXBlci5jb21cL2VzXC93cC1jb250ZW50XC91cGxvYWRzXC8yMDI2XC8wNFwvSkFsLmpwZWciLCJ0eHQiOiJBdGxcdTAwZTl0aWNvIGRlIE1hZHJpZCB5IEFyc2VuYWwgZW4gbGEgTGlnYSBkZSBDYW1wZW9uZXMiLCJ0ZW1wbGF0ZSI6ImhpZ2h3YXkiLCJmb250IjoiIiwiYmxvZ19pZCI6MjI4NjE5NTc0fQ.9p8fwYkvEORFK3eStvNEG9zepGBGAZ8HtQw5vEgoMpkMQ"},"version":2,"media_source":"featured-image","attached_media":[{"id":31917,"url":"https:\/\/www.americanonewspaper.com\/es\/wp-content\/uploads\/2026\/04\/JAl.jpeg","type":"image\/jpeg"}]},"_wpas_customize_per_network":false},"categories":[175,606],"tags":[],"class_list":{"0":"post-31916","1":"post","2":"type-post","3":"status-publish","4":"format-standard","5":"has-post-thumbnail","7":"category-fifa","8":"category-liga-de-campeones"},"acf":[],"yoast_head":"<!-- This site is optimized with the Yoast SEO Premium plugin v27.4 (Yoast SEO v27.4) - https:\/\/yoast.com\/product\/yoast-seo-premium-wordpress\/ -->\n<title>Atl\u00e9tico de Madrid y Arsenal en la Liga de Campeones - Americano Newspaper<\/title>\n<meta name=\"description\" content=\"Atl\u00e9tico de Madrid y Arsenal vuelven a cruzarse desde este mi\u00e9rcoles en la Liga de Campeones, seis meses despu\u00e9s del 4-0 del conjunto londinense al madrile\u00f1o en el estadio Emirates y entre cinco diferencias entre aquel encuentro y la serie por llegar a la final.\" \/>\n<meta name=\"robots\" content=\"index, follow, max-snippet:-1, max-image-preview:large, max-video-preview:-1\" \/>\n<link rel=\"canonical\" href=\"https:\/\/www.americanonewspaper.com\/es\/fifa\/atletico-de-madrid-y-arsenal-en-la-liga-de-campeones\/\" \/>\n<meta property=\"og:locale\" content=\"en_US\" \/>\n<meta property=\"og:type\" content=\"article\" \/>\n<meta property=\"og:title\" content=\"Atl\u00e9tico de Madrid y Arsenal en la Liga de Campeones\" \/>\n<meta property=\"og:description\" content=\"Atl\u00e9tico de Madrid y Arsenal vuelven a cruzarse desde este mi\u00e9rcoles en la Liga de Campeones, seis meses despu\u00e9s del 4-0 del conjunto londinense al madrile\u00f1o en el estadio Emirates y entre cinco diferencias entre aquel encuentro y la serie por llegar a la final.\" \/>\n<meta property=\"og:url\" content=\"https:\/\/www.americanonewspaper.com\/es\/fifa\/atletico-de-madrid-y-arsenal-en-la-liga-de-campeones\/\" \/>\n<meta property=\"og:site_name\" content=\"Americano Newspaper\" \/>\n<meta property=\"article:publisher\" content=\"https:\/\/www.facebook.com\/AmericanoNewspaper\/\" \/>\n<meta property=\"article:published_time\" content=\"2026-04-27T11:54:15+00:00\" \/>\n<meta property=\"article:modified_time\" content=\"2026-04-27T11:54:24+00:00\" \/>\n<meta property=\"og:image\" content=\"https:\/\/www.americanonewspaper.com\/es\/wp-content\/uploads\/2026\/04\/JAl.jpeg\" \/>\n\t<meta property=\"og:image:width\" content=\"560\" \/>\n\t<meta property=\"og:image:height\" content=\"373\" \/>\n\t<meta property=\"og:image:type\" content=\"image\/jpeg\" \/>\n<meta name=\"author\" content=\"Author\" \/>\n<meta name=\"twitter:card\" content=\"summary_large_image\" \/>\n<meta name=\"twitter:label1\" content=\"Written by\" \/>\n\t<meta name=\"twitter:data1\" content=\"Author\" \/>\n\t<meta name=\"twitter:label2\" content=\"Est. reading time\" \/>\n\t<meta name=\"twitter:data2\" content=\"4 minutes\" \/>\n<script type=\"application\/ld+json\" class=\"yoast-schema-graph\">{\"@context\":\"https:\\\/\\\/schema.org\",\"@graph\":[{\"@type\":\"Article\",\"@id\":\"https:\\\/\\\/www.americanonewspaper.com\\\/es\\\/fifa\\\/atletico-de-madrid-y-arsenal-en-la-liga-de-campeones\\\/#article\",\"isPartOf\":{\"@id\":\"https:\\\/\\\/www.americanonewspaper.com\\\/es\\\/fifa\\\/atletico-de-madrid-y-arsenal-en-la-liga-de-campeones\\\/\"},\"author\":{\"name\":\"Author\",\"@id\":\"https:\\\/\\\/www.americanonewspaper.com\\\/es\\\/#\\\/schema\\\/person\\\/8967f6b8af7e37bcbbe61f68580ff088\"},\"headline\":\"Atl\u00e9tico de Madrid y Arsenal en la Liga de Campeones\",\"datePublished\":\"2026-04-27T11:54:15+00:00\",\"dateModified\":\"2026-04-27T11:54:24+00:00\",\"mainEntityOfPage\":{\"@id\":\"https:\\\/\\\/www.americanonewspaper.com\\\/es\\\/fifa\\\/atletico-de-madrid-y-arsenal-en-la-liga-de-campeones\\\/\"},\"wordCount\":593,\"commentCount\":0,\"publisher\":{\"@id\":\"https:\\\/\\\/www.americanonewspaper.com\\\/es\\\/#organization\"},\"image\":{\"@id\":\"https:\\\/\\\/www.americanonewspaper.com\\\/es\\\/fifa\\\/atletico-de-madrid-y-arsenal-en-la-liga-de-campeones\\\/#primaryimage\"},\"thumbnailUrl\":\"https:\\\/\\\/www.americanonewspaper.com\\\/es\\\/wp-content\\\/uploads\\\/2026\\\/04\\\/JAl.jpeg\",\"articleSection\":[\"FIFA\",\"Liga de Campeones\"],\"inLanguage\":\"en-US\",\"potentialAction\":[{\"@type\":\"CommentAction\",\"name\":\"Comment\",\"target\":[\"https:\\\/\\\/www.americanonewspaper.com\\\/es\\\/fifa\\\/atletico-de-madrid-y-arsenal-en-la-liga-de-campeones\\\/#respond\"]}]},{\"@type\":\"WebPage\",\"@id\":\"https:\\\/\\\/www.americanonewspaper.com\\\/es\\\/fifa\\\/atletico-de-madrid-y-arsenal-en-la-liga-de-campeones\\\/\",\"url\":\"https:\\\/\\\/www.americanonewspaper.com\\\/es\\\/fifa\\\/atletico-de-madrid-y-arsenal-en-la-liga-de-campeones\\\/\",\"name\":\"Atl\u00e9tico de Madrid y Arsenal en la Liga de Campeones - Americano Newspaper\",\"isPartOf\":{\"@id\":\"https:\\\/\\\/www.americanonewspaper.com\\\/es\\\/#website\"},\"primaryImageOfPage\":{\"@id\":\"https:\\\/\\\/www.americanonewspaper.com\\\/es\\\/fifa\\\/atletico-de-madrid-y-arsenal-en-la-liga-de-campeones\\\/#primaryimage\"},\"image\":{\"@id\":\"https:\\\/\\\/www.americanonewspaper.com\\\/es\\\/fifa\\\/atletico-de-madrid-y-arsenal-en-la-liga-de-campeones\\\/#primaryimage\"},\"thumbnailUrl\":\"https:\\\/\\\/www.americanonewspaper.com\\\/es\\\/wp-content\\\/uploads\\\/2026\\\/04\\\/JAl.jpeg\",\"datePublished\":\"2026-04-27T11:54:15+00:00\",\"dateModified\":\"2026-04-27T11:54:24+00:00\",\"description\":\"Atl\u00e9tico de Madrid y Arsenal vuelven a cruzarse desde este mi\u00e9rcoles en la Liga de Campeones, seis meses despu\u00e9s del 4-0 del conjunto londinense al madrile\u00f1o en el estadio Emirates y entre cinco diferencias entre aquel encuentro y la serie por llegar a la final.\",\"breadcrumb\":{\"@id\":\"https:\\\/\\\/www.americanonewspaper.com\\\/es\\\/fifa\\\/atletico-de-madrid-y-arsenal-en-la-liga-de-campeones\\\/#breadcrumb\"},\"inLanguage\":\"en-US\",\"potentialAction\":[{\"@type\":\"ReadAction\",\"target\":[\"https:\\\/\\\/www.americanonewspaper.com\\\/es\\\/fifa\\\/atletico-de-madrid-y-arsenal-en-la-liga-de-campeones\\\/\"]}]},{\"@type\":\"ImageObject\",\"inLanguage\":\"en-US\",\"@id\":\"https:\\\/\\\/www.americanonewspaper.com\\\/es\\\/fifa\\\/atletico-de-madrid-y-arsenal-en-la-liga-de-campeones\\\/#primaryimage\",\"url\":\"https:\\\/\\\/www.americanonewspaper.com\\\/es\\\/wp-content\\\/uploads\\\/2026\\\/04\\\/JAl.jpeg\",\"contentUrl\":\"https:\\\/\\\/www.americanonewspaper.com\\\/es\\\/wp-content\\\/uploads\\\/2026\\\/04\\\/JAl.jpeg\",\"width\":560,\"height\":373,\"caption\":\"Julian Alvarez, en el partido del pasado 21 de octubre contra el Arsenal. EFE\\\/EPA\\\/NEIL HALL\"},{\"@type\":\"BreadcrumbList\",\"@id\":\"https:\\\/\\\/www.americanonewspaper.com\\\/es\\\/fifa\\\/atletico-de-madrid-y-arsenal-en-la-liga-de-campeones\\\/#breadcrumb\",\"itemListElement\":[{\"@type\":\"ListItem\",\"position\":1,\"name\":\"Home\",\"item\":\"https:\\\/\\\/www.americanonewspaper.com\\\/es\\\/\"},{\"@type\":\"ListItem\",\"position\":2,\"name\":\"Atl\u00e9tico de Madrid y Arsenal en la Liga de Campeones\"}]},{\"@type\":\"WebSite\",\"@id\":\"https:\\\/\\\/www.americanonewspaper.com\\\/es\\\/#website\",\"url\":\"https:\\\/\\\/www.americanonewspaper.com\\\/es\\\/\",\"name\":\"Americano Newspaper\",\"description\":\"The Hispanic Newspaper of New Jersey.\",\"publisher\":{\"@id\":\"https:\\\/\\\/www.americanonewspaper.com\\\/es\\\/#organization\"},\"potentialAction\":[{\"@type\":\"SearchAction\",\"target\":{\"@type\":\"EntryPoint\",\"urlTemplate\":\"https:\\\/\\\/www.americanonewspaper.com\\\/es\\\/?s={search_term_string}\"},\"query-input\":{\"@type\":\"PropertyValueSpecification\",\"valueRequired\":true,\"valueName\":\"search_term_string\"}}],\"inLanguage\":\"en-US\"},{\"@type\":\"Organization\",\"@id\":\"https:\\\/\\\/www.americanonewspaper.com\\\/es\\\/#organization\",\"name\":\"Americano Newspaper\",\"url\":\"https:\\\/\\\/www.americanonewspaper.com\\\/es\\\/\",\"logo\":{\"@type\":\"ImageObject\",\"inLanguage\":\"en-US\",\"@id\":\"https:\\\/\\\/www.americanonewspaper.com\\\/es\\\/#\\\/schema\\\/logo\\\/image\\\/\",\"url\":\"https:\\\/\\\/www.americanonewspaper.com\\\/es\\\/wp-content\\\/uploads\\\/2024\\\/05\\\/AmericanoLogoCircle.comCircle2.jpg\",\"contentUrl\":\"https:\\\/\\\/www.americanonewspaper.com\\\/es\\\/wp-content\\\/uploads\\\/2024\\\/05\\\/AmericanoLogoCircle.comCircle2.jpg\",\"width\":600,\"height\":600,\"caption\":\"Americano Newspaper\"},\"image\":{\"@id\":\"https:\\\/\\\/www.americanonewspaper.com\\\/es\\\/#\\\/schema\\\/logo\\\/image\\\/\"},\"sameAs\":[\"https:\\\/\\\/www.facebook.com\\\/AmericanoNewspaper\\\/\"]},{\"@type\":\"Person\",\"@id\":\"https:\\\/\\\/www.americanonewspaper.com\\\/es\\\/#\\\/schema\\\/person\\\/8967f6b8af7e37bcbbe61f68580ff088\",\"name\":\"Author\",\"image\":{\"@type\":\"ImageObject\",\"inLanguage\":\"en-US\",\"@id\":\"https:\\\/\\\/www.americanonewspaper.com\\\/es\\\/wp-content\\\/litespeed\\\/avatar\\\/89ffaf6af3cf6769ffb3c6efb2313947.jpg?ver=1776822681\",\"url\":\"https:\\\/\\\/www.americanonewspaper.com\\\/es\\\/wp-content\\\/litespeed\\\/avatar\\\/89ffaf6af3cf6769ffb3c6efb2313947.jpg?ver=1776822681\",\"contentUrl\":\"https:\\\/\\\/www.americanonewspaper.com\\\/es\\\/wp-content\\\/litespeed\\\/avatar\\\/89ffaf6af3cf6769ffb3c6efb2313947.jpg?ver=1776822681\",\"caption\":\"Author\"},\"url\":\"https:\\\/\\\/www.americanonewspaper.com\\\/es\\\/author\\\/americano\\\/\"}]}<\/script>\n<!-- \/ Yoast SEO Premium plugin. -->","yoast_head_json":{"title":"Atl\u00e9tico de Madrid y Arsenal en la Liga de Campeones - Americano Newspaper","description":"Atl\u00e9tico de Madrid y Arsenal vuelven a cruzarse desde este mi\u00e9rcoles en la Liga de Campeones, seis meses despu\u00e9s del 4-0 del conjunto londinense al madrile\u00f1o en el estadio Emirates y entre cinco diferencias entre aquel encuentro y la serie por llegar a la final.","robots":{"index":"index","follow":"follow","max-snippet":"max-snippet:-1","max-image-preview":"max-image-preview:large","max-video-preview":"max-video-preview:-1"},"canonical":"https:\/\/www.americanonewspaper.com\/es\/fifa\/atletico-de-madrid-y-arsenal-en-la-liga-de-campeones\/","og_locale":"en_US","og_type":"article","og_title":"Atl\u00e9tico de Madrid y Arsenal en la Liga de Campeones","og_description":"Atl\u00e9tico de Madrid y Arsenal vuelven a cruzarse desde este mi\u00e9rcoles en la Liga de Campeones, seis meses despu\u00e9s del 4-0 del conjunto londinense al madrile\u00f1o en el estadio Emirates y entre cinco diferencias entre aquel encuentro y la serie por llegar a la final.","og_url":"https:\/\/www.americanonewspaper.com\/es\/fifa\/atletico-de-madrid-y-arsenal-en-la-liga-de-campeones\/","og_site_name":"Americano Newspaper","article_publisher":"https:\/\/www.facebook.com\/AmericanoNewspaper\/","article_published_time":"2026-04-27T11:54:15+00:00","article_modified_time":"2026-04-27T11:54:24+00:00","og_image":[{"width":560,"height":373,"url":"https:\/\/www.americanonewspaper.com\/es\/wp-content\/uploads\/2026\/04\/JAl.jpeg","type":"image\/jpeg"}],"author":"Author","twitter_card":"summary_large_image","twitter_misc":{"Written by":"Author","Est. reading time":"4 minutes"},"schema":{"@context":"https:\/\/schema.org","@graph":[{"@type":"Article","@id":"https:\/\/www.americanonewspaper.com\/es\/fifa\/atletico-de-madrid-y-arsenal-en-la-liga-de-campeones\/#article","isPartOf":{"@id":"https:\/\/www.americanonewspaper.com\/es\/fifa\/atletico-de-madrid-y-arsenal-en-la-liga-de-campeones\/"},"author":{"name":"Author","@id":"https:\/\/www.americanonewspaper.com\/es\/#\/schema\/person\/8967f6b8af7e37bcbbe61f68580ff088"},"headline":"Atl\u00e9tico de Madrid y Arsenal en la Liga de Campeones","datePublished":"2026-04-27T11:54:15+00:00","dateModified":"2026-04-27T11:54:24+00:00","mainEntityOfPage":{"@id":"https:\/\/www.americanonewspaper.com\/es\/fifa\/atletico-de-madrid-y-arsenal-en-la-liga-de-campeones\/"},"wordCount":593,"commentCount":0,"publisher":{"@id":"https:\/\/www.americanonewspaper.com\/es\/#organization"},"image":{"@id":"https:\/\/www.americanonewspaper.com\/es\/fifa\/atletico-de-madrid-y-arsenal-en-la-liga-de-campeones\/#primaryimage"},"thumbnailUrl":"https:\/\/www.americanonewspaper.com\/es\/wp-content\/uploads\/2026\/04\/JAl.jpeg","articleSection":["FIFA","Liga de Campeones"],"inLanguage":"en-US","potentialAction":[{"@type":"CommentAction","name":"Comment","target":["https:\/\/www.americanonewspaper.com\/es\/fifa\/atletico-de-madrid-y-arsenal-en-la-liga-de-campeones\/#respond"]}]},{"@type":"WebPage","@id":"https:\/\/www.americanonewspaper.com\/es\/fifa\/atletico-de-madrid-y-arsenal-en-la-liga-de-campeones\/","url":"https:\/\/www.americanonewspaper.com\/es\/fifa\/atletico-de-madrid-y-arsenal-en-la-liga-de-campeones\/","name":"Atl\u00e9tico de Madrid y Arsenal en la Liga de Campeones - Americano Newspaper","isPartOf":{"@id":"https:\/\/www.americanonewspaper.com\/es\/#website"},"primaryImageOfPage":{"@id":"https:\/\/www.americanonewspaper.com\/es\/fifa\/atletico-de-madrid-y-arsenal-en-la-liga-de-campeones\/#primaryimage"},"image":{"@id":"https:\/\/www.americanonewspaper.com\/es\/fifa\/atletico-de-madrid-y-arsenal-en-la-liga-de-campeones\/#primaryimage"},"thumbnailUrl":"https:\/\/www.americanonewspaper.com\/es\/wp-content\/uploads\/2026\/04\/JAl.jpeg","datePublished":"2026-04-27T11:54:15+00:00","dateModified":"2026-04-27T11:54:24+00:00","description":"Atl\u00e9tico de Madrid y Arsenal vuelven a cruzarse desde este mi\u00e9rcoles en la Liga de Campeones, seis meses despu\u00e9s del 4-0 del conjunto londinense al madrile\u00f1o en el estadio Emirates y entre cinco diferencias entre aquel encuentro y la serie por llegar a la final.","breadcrumb":{"@id":"https:\/\/www.americanonewspaper.com\/es\/fifa\/atletico-de-madrid-y-arsenal-en-la-liga-de-campeones\/#breadcrumb"},"inLanguage":"en-US","potentialAction":[{"@type":"ReadAction","target":["https:\/\/www.americanonewspaper.com\/es\/fifa\/atletico-de-madrid-y-arsenal-en-la-liga-de-campeones\/"]}]},{"@type":"ImageObject","inLanguage":"en-US","@id":"https:\/\/www.americanonewspaper.com\/es\/fifa\/atletico-de-madrid-y-arsenal-en-la-liga-de-campeones\/#primaryimage","url":"https:\/\/www.americanonewspaper.com\/es\/wp-content\/uploads\/2026\/04\/JAl.jpeg","contentUrl":"https:\/\/www.americanonewspaper.com\/es\/wp-content\/uploads\/2026\/04\/JAl.jpeg","width":560,"height":373,"caption":"Julian Alvarez, en el partido del pasado 21 de octubre contra el Arsenal. EFE\/EPA\/NEIL HALL"},{"@type":"BreadcrumbList","@id":"https:\/\/www.americanonewspaper.com\/es\/fifa\/atletico-de-madrid-y-arsenal-en-la-liga-de-campeones\/#breadcrumb","itemListElement":[{"@type":"ListItem","position":1,"name":"Home","item":"https:\/\/www.americanonewspaper.com\/es\/"},{"@type":"ListItem","position":2,"name":"Atl\u00e9tico de Madrid y Arsenal en la Liga de Campeones"}]},{"@type":"WebSite","@id":"https:\/\/www.americanonewspaper.com\/es\/#website","url":"https:\/\/www.americanonewspaper.com\/es\/","name":"Americano Newspaper","description":"The Hispanic Newspaper of New Jersey.","publisher":{"@id":"https:\/\/www.americanonewspaper.com\/es\/#organization"},"potentialAction":[{"@type":"SearchAction","target":{"@type":"EntryPoint","urlTemplate":"https:\/\/www.americanonewspaper.com\/es\/?s={search_term_string}"},"query-input":{"@type":"PropertyValueSpecification","valueRequired":true,"valueName":"search_term_string"}}],"inLanguage":"en-US"},{"@type":"Organization","@id":"https:\/\/www.americanonewspaper.com\/es\/#organization","name":"Americano Newspaper","url":"https:\/\/www.americanonewspaper.com\/es\/","logo":{"@type":"ImageObject","inLanguage":"en-US","@id":"https:\/\/www.americanonewspaper.com\/es\/#\/schema\/logo\/image\/","url":"https:\/\/www.americanonewspaper.com\/es\/wp-content\/uploads\/2024\/05\/AmericanoLogoCircle.comCircle2.jpg","contentUrl":"https:\/\/www.americanonewspaper.com\/es\/wp-content\/uploads\/2024\/05\/AmericanoLogoCircle.comCircle2.jpg","width":600,"height":600,"caption":"Americano Newspaper"},"image":{"@id":"https:\/\/www.americanonewspaper.com\/es\/#\/schema\/logo\/image\/"},"sameAs":["https:\/\/www.facebook.com\/AmericanoNewspaper\/"]},{"@type":"Person","@id":"https:\/\/www.americanonewspaper.com\/es\/#\/schema\/person\/8967f6b8af7e37bcbbe61f68580ff088","name":"Author","image":{"@type":"ImageObject","inLanguage":"en-US","@id":"https:\/\/www.americanonewspaper.com\/es\/wp-content\/litespeed\/avatar\/89ffaf6af3cf6769ffb3c6efb2313947.jpg?ver=1776822681","url":"https:\/\/www.americanonewspaper.com\/es\/wp-content\/litespeed\/avatar\/89ffaf6af3cf6769ffb3c6efb2313947.jpg?ver=1776822681","contentUrl":"https:\/\/www.americanonewspaper.com\/es\/wp-content\/litespeed\/avatar\/89ffaf6af3cf6769ffb3c6efb2313947.jpg?ver=1776822681","caption":"Author"},"url":"https:\/\/www.americanonewspaper.com\/es\/author\/americano\/"}]}},"jetpack_publicize_connections":[],"jetpack_featured_media_url":"https:\/\/www.americanonewspaper.com\/es\/wp-content\/uploads\/2026\/04\/JAl.jpeg","featured_image_urls":{"full":["https:\/\/www.americanonewspaper.com\/es\/wp-content\/uploads\/2026\/04\/JAl.jpeg",560,373,false],"thumbnail":["https:\/\/www.americanonewspaper.com\/es\/wp-content\/uploads\/2026\/04\/JAl-250x250.jpeg",250,250,true],"medium":["https:\/\/www.americanonewspaper.com\/es\/wp-content\/uploads\/2026\/04\/JAl-300x200.jpeg",300,200,true],"medium_large":["https:\/\/www.americanonewspaper.com\/es\/wp-content\/uploads\/2026\/04\/JAl.jpeg",560,373,false],"large":["https:\/\/www.americanonewspaper.com\/es\/wp-content\/uploads\/2026\/04\/JAl.jpeg",560,373,false],"1536x1536":["https:\/\/www.americanonewspaper.com\/es\/wp-content\/uploads\/2026\/04\/JAl.jpeg",560,373,false],"2048x2048":["https:\/\/www.americanonewspaper.com\/es\/wp-content\/uploads\/2026\/04\/JAl.jpeg",560,373,false],"td_150x0":["https:\/\/www.americanonewspaper.com\/es\/wp-content\/uploads\/2026\/04\/JAl-150x100.jpeg",150,100,true],"td_218x150":["https:\/\/www.americanonewspaper.com\/es\/wp-content\/uploads\/2026\/04\/JAl-218x150.jpeg",218,150,true],"td_300x0":["https:\/\/www.americanonewspaper.com\/es\/wp-content\/uploads\/2026\/04\/JAl-300x200.jpeg",300,200,true],"td_324x400":["https:\/\/www.americanonewspaper.com\/es\/wp-content\/uploads\/2026\/04\/JAl-324x373.jpeg",324,373,true],"td_485x360":["https:\/\/www.americanonewspaper.com\/es\/wp-content\/uploads\/2026\/04\/JAl-485x360.jpeg",485,360,true],"td_696x0":["https:\/\/www.americanonewspaper.com\/es\/wp-content\/uploads\/2026\/04\/JAl.jpeg",560,373,false],"td_1068x0":["https:\/\/www.americanonewspaper.com\/es\/wp-content\/uploads\/2026\/04\/JAl.jpeg",560,373,false],"td_1920x0":["https:\/\/www.americanonewspaper.com\/es\/wp-content\/uploads\/2026\/04\/JAl.jpeg",560,373,false],"bdpp-medium":["https:\/\/www.americanonewspaper.com\/es\/wp-content\/uploads\/2026\/04\/JAl.jpeg",560,373,false]},"author_info":{"display_name":"Author","author_link":"https:\/\/www.americanonewspaper.com\/es\/author\/americano\/"},"category_info":"<a href=\"https:\/\/www.americanonewspaper.com\/es\/category\/fifa\/\" rel=\"category tag\">FIFA<\/a> <a href=\"https:\/\/www.americanonewspaper.com\/es\/category\/liga-de-campeones\/\" rel=\"category tag\">Liga de Campeones<\/a>","tag_info":"Liga de Campeones","comment_count":"0","jetpack_sharing_enabled":true,"jetpack_likes_enabled":true,"_links":{"self":[{"href":"https:\/\/www.americanonewspaper.com\/es\/wp-json\/wp\/v2\/posts\/31916","targetHints":{"allow":["GET"]}}],"collection":[{"href":"https:\/\/www.americanonewspaper.com\/es\/wp-json\/wp\/v2\/posts"}],"about":[{"href":"https:\/\/www.americanonewspaper.com\/es\/wp-json\/wp\/v2\/types\/post"}],"author":[{"embeddable":true,"href":"https:\/\/www.americanonewspaper.com\/es\/wp-json\/wp\/v2\/users\/7"}],"replies":[{"embeddable":true,"href":"https:\/\/www.americanonewspaper.com\/es\/wp-json\/wp\/v2\/comments?post=31916"}],"version-history":[{"count":1,"href":"https:\/\/www.americanonewspaper.com\/es\/wp-json\/wp\/v2\/posts\/31916\/revisions"}],"predecessor-version":[{"id":31918,"href":"https:\/\/www.americanonewspaper.com\/es\/wp-json\/wp\/v2\/posts\/31916\/revisions\/31918"}],"wp:featuredmedia":[{"embeddable":true,"href":"https:\/\/www.americanonewspaper.com\/es\/wp-json\/wp\/v2\/media\/31917"}],"wp:attachment":[{"href":"https:\/\/www.americanonewspaper.com\/es\/wp-json\/wp\/v2\/media?parent=31916"}],"wp:term":[{"taxonomy":"category","embeddable":true,"href":"https:\/\/www.americanonewspaper.com\/es\/wp-json\/wp\/v2\/categories?post=31916"},{"taxonomy":"post_tag","embeddable":true,"href":"https:\/\/www.americanonewspaper.com\/es\/wp-json\/wp\/v2\/tags?post=31916"}],"curies":[{"name":"wp","href":"https:\/\/api.w.org\/{rel}","templated":true}]}}