{"id":31904,"date":"2026-04-26T21:28:38","date_gmt":"2026-04-27T01:28:38","guid":{"rendered":"https:\/\/www.americanonewspaper.com\/es\/?p=31904"},"modified":"2026-04-26T21:41:21","modified_gmt":"2026-04-27T01:41:21","slug":"villarreal-acaricia-la-clasificacion-a-liga-de-campeones","status":"publish","type":"post","link":"https:\/\/www.americanonewspaper.com\/es\/fifa\/villarreal-acaricia-la-clasificacion-a-liga-de-campeones\/","title":{"rendered":"Villarreal acaricia la clasificaci\u00f3n a Liga de Campeones"},"content":{"rendered":"\n<p>Villarreal volvi\u00f3 a sorprender al conjunto vigu\u00e9s en juego de LaLiga<\/p>\n\n\n\n<p>Vila-real (Castell\u00f3n), 26 abr (EFE).- <\/p>\n\n\n\n<p class=\"dropcapp3\">El Villarreal acaricia la clasificaci\u00f3n para la pr\u00f3xima edici\u00f3n de la <a href=\"https:\/\/www.americanonewspaper.com\/es\/liga-de-campeones\/rearmandose-para-la-liga-de-campeones\/\" type=\"link\" id=\"https:\/\/www.americanonewspaper.com\/es\/liga-de-campeones\/rearmandose-para-la-liga-de-campeones\/\" target=\"_blank\" rel=\"noreferrer noopener\">Liga de Campeones <\/a>tras imponerse este domingo en La Cer\u00e1mica a un Celta de Vigo que no logra escapar a su din\u00e1mica negativa y complica sus aspiraciones europeas (2-1).<\/p>\n\n\n\n<figure class=\"wp-block-image size-full\"><img fetchpriority=\"high\" decoding=\"async\" width=\"560\" height=\"373\" src=\"https:\/\/www.americanonewspaper.com\/es\/wp-content\/uploads\/2026\/04\/Moriba.jpeg\" alt=\"\" class=\"wp-image-31906\" srcset=\"https:\/\/www.americanonewspaper.com\/es\/wp-content\/uploads\/2026\/04\/Moriba.jpeg 560w, https:\/\/www.americanonewspaper.com\/es\/wp-content\/uploads\/2026\/04\/Moriba-300x200.jpeg 300w, https:\/\/www.americanonewspaper.com\/es\/wp-content\/uploads\/2026\/04\/Moriba-150x100.jpeg 150w\" sizes=\"(max-width: 560px) 100vw, 560px\" \/><figcaption class=\"wp-element-caption\">El centrocampista del Celta Ilaix Moriba al finalizar el encuentro de la jornada 32 de LaLiga que Villarreal CF y Celta de Vigo disputaron en el estadio de La Cer\u00e1mica. EFE\/Andreu Esteban<\/figcaption><\/figure>\n\n\n\n<p>El conjunto castellonense, al que s\u00f3lo le falta un punto para que su clasificaci\u00f3n sea matem\u00e1tica, decant\u00f3 el encuentro en la primera media hora y despu\u00e9s se dedic\u00f3 a administrar su ventaja ante un rival que solo logr\u00f3 darle algo de emoci\u00f3n al partido tras recortar distancias Borja Iglesias de penalti.<\/p>\n\n\n\n<figure class=\"wp-block-image size-full\"><a href=\"https:\/\/ggllawyers.com\/es\/new-jersey-personal-injury-and-workers-compensation-lawyer\/\" target=\"_blank\" rel=\" noreferrer noopener\"><img decoding=\"async\" width=\"560\" height=\"269\" src=\"https:\/\/www.americanonewspaper.com\/es\/wp-content\/uploads\/2026\/04\/GGlSpanish-1.jpg\" alt=\"Abogados de Accidentes\" class=\"wp-image-31908\" srcset=\"https:\/\/www.americanonewspaper.com\/es\/wp-content\/uploads\/2026\/04\/GGlSpanish-1.jpg 560w, https:\/\/www.americanonewspaper.com\/es\/wp-content\/uploads\/2026\/04\/GGlSpanish-1-300x144.jpg 300w, https:\/\/www.americanonewspaper.com\/es\/wp-content\/uploads\/2026\/04\/GGlSpanish-1-150x72.jpg 150w\" sizes=\"(max-width: 560px) 100vw, 560px\" \/><\/a><figcaption class=\"wp-element-caption\">Abogados de Accidentes<\/figcaption><\/figure>\n\n\n\n<p>El partido se le puso de cara al Villarreal pr\u00e1cticamente desde el saque de centro. Una internada de Moleiro, tras un desajuste de la defensa viguesa, acab\u00f3 con el centrocampista canario derribado por Yoel Lago dentro del \u00e1rea a los 24 segundos de juego.<\/p>\n\n\n\n<p>Gerard Moreno transform\u00f3 con clase la pena m\u00e1xima para dar ventaja al Villarreal y el contexto ideal para desarrollar el guion de partido con el que el equipo de Marcelino se siente m\u00e1s c\u00f3modo.<\/p>\n\n\n\n<figure class=\"wp-block-image size-full\"><a href=\"https:\/\/www.linkedin.com\/in\/jaimeberrios\/\" target=\"_blank\" rel=\" noreferrer noopener\"><img decoding=\"async\" width=\"560\" height=\"257\" src=\"https:\/\/www.americanonewspaper.com\/es\/wp-content\/uploads\/2026\/04\/Jaime-copy.jpg\" alt=\"Toyota\" class=\"wp-image-31653\" srcset=\"https:\/\/www.americanonewspaper.com\/es\/wp-content\/uploads\/2026\/04\/Jaime-copy.jpg 560w, https:\/\/www.americanonewspaper.com\/es\/wp-content\/uploads\/2026\/04\/Jaime-copy-300x138.jpg 300w, https:\/\/www.americanonewspaper.com\/es\/wp-content\/uploads\/2026\/04\/Jaime-copy-150x69.jpg 150w\" sizes=\"(max-width: 560px) 100vw, 560px\" \/><\/a><figcaption class=\"wp-element-caption\">Toyota <\/figcaption><\/figure>\n\n\n\n<p>El Celta, obligado por el marcador, pas\u00f3 a dominar la posesi\u00f3n y a instalarse en campo rival, aunque sin profundidad en su juego ante un Villarreal que no desaprovech\u00f3 las opciones de correr al contragolpe.<\/p>\n\n\n\n<p>Con el paso de los minutos, el conjunto castellonense, con Moleiro y Gerard Moreno descolgados en el centro del campo, logr\u00f3 equilibrar el juego y encontrar espacios para superar la presi\u00f3n del Celta.<\/p>\n\n\n\n<p>El Villarreal volvi\u00f3 a sorprender al conjunto vigu\u00e9s, muy fr\u00e1gil en defensa, al borde de la media hora de juego. El equipo de Marcelino sac\u00f3 con rapidez una falta hacia Pedraza, que prolong\u00f3 el bal\u00f3n al interior del \u00e1rea para que P\u00e9p\u00e9 lo cruzara al fondo de la red.<\/p>\n\n\n\n<figure class=\"wp-block-image size-full\"><a href=\"https:\/\/ramospodiatry.com\/\" target=\"_blank\" rel=\" noreferrer noopener\"><img loading=\"lazy\" decoding=\"async\" width=\"560\" height=\"257\" src=\"https:\/\/www.americanonewspaper.com\/es\/wp-content\/uploads\/2026\/04\/Ramos-Spanish560-1.jpg\" alt=\"\" class=\"wp-image-31660\" srcset=\"https:\/\/www.americanonewspaper.com\/es\/wp-content\/uploads\/2026\/04\/Ramos-Spanish560-1.jpg 560w, https:\/\/www.americanonewspaper.com\/es\/wp-content\/uploads\/2026\/04\/Ramos-Spanish560-1-300x138.jpg 300w, https:\/\/www.americanonewspaper.com\/es\/wp-content\/uploads\/2026\/04\/Ramos-Spanish560-1-150x69.jpg 150w\" sizes=\"(max-width: 560px) 100vw, 560px\" \/><\/a><\/figure>\n\n\n\n<p>El Celta intent\u00f3 engancharse al partido con un remate de Carreira que desvi\u00f3 con reflejos Arnau Tenas, de nuevo titular en la porter\u00eda castellonense.<\/p>\n\n\n\n<p>El Villarreal estuvo cerca de sentenciar en un nuevo contraataque, pero Mikautadze, sin apenas \u00e1ngulo, no acert\u00f3 con la porter\u00eda, desprotegida tras la salida de Radu.<\/p>\n\n\n\n<p>La \u00faltima acci\u00f3n ofensiva del primer tiempo la protagoniz\u00f3 Hugo \u00c1lvarez, pero su remate forzado encontr\u00f3 de nuevo la respuesta de Tenas.<\/p>\n\n\n\n<p>El t\u00e9cnico del Celta, Claudio Gir\u00e1ldez, reforz\u00f3 la apuesta ofensiva en la segunda parte con la entrada de Jutgl\u00e0, pero el Villarreal sali\u00f3 decidido a resolver el partido por la v\u00eda r\u00e1pida, acumulando varias llegadas peligrosas.<\/p>\n\n\n\n<figure class=\"wp-block-image size-full\"><a href=\"https:\/\/www.manuelbatistalaw.com\/\" target=\"_blank\" rel=\" noreferrer noopener\"><img loading=\"lazy\" decoding=\"async\" width=\"560\" height=\"257\" src=\"https:\/\/www.americanonewspaper.com\/es\/wp-content\/uploads\/2026\/04\/ManuelBatistaSpanish.jpg\" alt=\"\" class=\"wp-image-31662\" srcset=\"https:\/\/www.americanonewspaper.com\/es\/wp-content\/uploads\/2026\/04\/ManuelBatistaSpanish.jpg 560w, https:\/\/www.americanonewspaper.com\/es\/wp-content\/uploads\/2026\/04\/ManuelBatistaSpanish-300x138.jpg 300w, https:\/\/www.americanonewspaper.com\/es\/wp-content\/uploads\/2026\/04\/ManuelBatistaSpanish-150x69.jpg 150w\" sizes=\"(max-width: 560px) 100vw, 560px\" \/><\/a><\/figure>\n\n\n\n<p>El Celta resisti\u00f3 el empuje inicial de su rival y tuvo en los pies de Hugo \u00c1lvarez la opci\u00f3n de meterse en el partido, pero el atacante cruz\u00f3 en exceso su remate.<\/p>\n\n\n\n<p>El Villarreal, a la contra, sigui\u00f3 generando ocasiones, como una de Mikautadze que salv\u00f3 Radu y otra de P\u00e9p\u00e9 que despej\u00f3 bajo palos Borja Iglesias.<\/p>\n\n\n\n<p>El encuentro estaba controlado por los locales, pero un penalti cometido por Gueye devolvi\u00f3 al Celta al partido. Borja Iglesias, en el segundo intento tras detener Tenas el primero, recort\u00f3 distancias y dio vida al conjunto gallego.<\/p>\n\n\n\n<p>La entrada de Fer L\u00f3pez e Iago Aspas dio impulso al Celta, que estuvo cerca del empate con un remate de Jutgl\u00e0 al palo. El Villarreal, con los cambios, supo resistir el arre\u00f3n final para sumar tres puntos de valor europeo.<\/p>\n\n\n\n<figure class=\"wp-block-image size-full\"><a href=\"https:\/\/inthepinkroom.com?utm_source=americanonewspaper&amp;utm_medium=referral&amp;utm_campaign=general\" target=\"_blank\" rel=\" noreferrer noopener\"><img loading=\"lazy\" decoding=\"async\" width=\"560\" height=\"313\" src=\"https:\/\/www.americanonewspaper.com\/es\/wp-content\/uploads\/2026\/04\/ThePinkRoom-copy.jpg\" alt=\"\" class=\"wp-image-31654\" srcset=\"https:\/\/www.americanonewspaper.com\/es\/wp-content\/uploads\/2026\/04\/ThePinkRoom-copy.jpg 560w, https:\/\/www.americanonewspaper.com\/es\/wp-content\/uploads\/2026\/04\/ThePinkRoom-copy-300x168.jpg 300w, https:\/\/www.americanonewspaper.com\/es\/wp-content\/uploads\/2026\/04\/ThePinkRoom-copy-150x84.jpg 150w\" sizes=\"(max-width: 560px) 100vw, 560px\" \/><\/a><\/figure>\n\n\n\n<figure class=\"wp-block-image size-full\"><img loading=\"lazy\" decoding=\"async\" width=\"560\" height=\"373\" src=\"https:\/\/www.americanonewspaper.com\/es\/wp-content\/uploads\/2026\/04\/Borja.jpeg\" alt=\"\" class=\"wp-image-31907\" srcset=\"https:\/\/www.americanonewspaper.com\/es\/wp-content\/uploads\/2026\/04\/Borja.jpeg 560w, https:\/\/www.americanonewspaper.com\/es\/wp-content\/uploads\/2026\/04\/Borja-300x200.jpeg 300w, https:\/\/www.americanonewspaper.com\/es\/wp-content\/uploads\/2026\/04\/Borja-150x100.jpeg 150w\" sizes=\"(max-width: 560px) 100vw, 560px\" \/><figcaption class=\"wp-element-caption\">El delantero del Celta Borja Iglesias marca el primer gol del equipo de penalti, durante el encuentro de la jornada 32 de LaLiga que Villarreal CF y Celta de Vigo disputan este domingo en el estadio de La Cer\u00e1mica. EFE\/Andreu Esteban<\/figcaption><\/figure>\n\n\n\n<p>Ficha t\u00e9cnica:<\/p>\n\n\n\n<p>2.- Villareal: Arnau Tenas; Freeman, Rafa Mar\u00edn, Renato Veiga, Pedraza (Cardona, min. 78); P\u00e9p\u00e9 (Alfon, min. 78), Comesa\u00f1a, Gueye (Parejo, min. 78), Moleiro (Partey, min. 91; Gerard Moreno y Mikautadze (Ayoze, min. 85).<\/p>\n\n\n\n<p>1.- Celta de Vigo: Radu; Javi Rodr\u00edguez, Yoel Lago, Marcos Alonso (\u00c1lvaro N\u00fa\u00f1ez, min. 76); Mingueza, Hugo Sotelo (Fer L\u00f3pez, min. 76), Moriba, Carreira; Pablo Dur\u00e1n (Jutgl\u00e0, min. 46), Hugo \u00c1lvarez (Iago Aspas, min. 76) y Borja Iglesias (Hugo Gonz\u00e1lez, min. 83).<\/p>\n\n\n\n<figure class=\"wp-block-image size-full\"><a href=\"https:\/\/tayakan.com\/\" target=\"_blank\" rel=\" noreferrer noopener\"><img loading=\"lazy\" decoding=\"async\" width=\"560\" height=\"165\" src=\"https:\/\/www.americanonewspaper.com\/es\/wp-content\/uploads\/2026\/03\/Tayakan-Webcopy-3.jpg\" alt=\"\" class=\"wp-image-31472\" srcset=\"https:\/\/www.americanonewspaper.com\/es\/wp-content\/uploads\/2026\/03\/Tayakan-Webcopy-3.jpg 560w, https:\/\/www.americanonewspaper.com\/es\/wp-content\/uploads\/2026\/03\/Tayakan-Webcopy-3-300x88.jpg 300w, https:\/\/www.americanonewspaper.com\/es\/wp-content\/uploads\/2026\/03\/Tayakan-Webcopy-3-150x44.jpg 150w\" sizes=\"(max-width: 560px) 100vw, 560px\" \/><\/a><\/figure>\n\n\n\n<p>Goles: 0-1, min. 1: Gerard Moreno, de penalti. 2-0, min. 29: P\u00e9p\u00e9. 2-1, min. 73: Borja Iglesias.<\/p>\n\n\n\n<p>\u00c1rbitro: Alejandro Quintero (Comit\u00e9 andaluz). Mostr\u00f3 tarjeta amarilla a Pedraza, P\u00e9p\u00e9 y Gueye por el Villarreal y a Marcos Alonso, Radu, Pablo Dur\u00e1n, Borja Iglesias y Moriba por el Celta.<\/p>\n\n\n\n<p>Incidencias: Encuentro correspondiente a la jornada 33 de la Liga EA Sports disputado en el estadio de La Cer\u00e1mica ante 16.895 espectadores.<\/p>\n","protected":false},"excerpt":{"rendered":"<p>Villarreal volvi\u00f3 a sorprender al conjunto vigu\u00e9s en juego de LaLiga Vila-real (Castell\u00f3n), 26 abr (EFE).- El Villarreal acaricia la clasificaci\u00f3n para la pr\u00f3xima edici\u00f3n de la Liga de Campeones tras imponerse este domingo en La Cer\u00e1mica a un Celta de Vigo que no logra escapar a su din\u00e1mica negativa y complica sus aspiraciones europeas [&hellip;]<\/p>\n","protected":false},"author":7,"featured_media":31905,"comment_status":"open","ping_status":"open","sticky":false,"template":"","format":"standard","meta":{"_acf_changed":false,"tdm_status":"","tdm_grid_status":"","_jetpack_memberships_contains_paid_content":false,"footnotes":"","jetpack_publicize_message":"","jetpack_publicize_feature_enabled":true,"jetpack_social_post_already_shared":false,"jetpack_social_options":{"image_generator_settings":{"template":"highway","default_image_id":0,"font":"","enabled":false,"token":"eyJpbWciOiJodHRwczpcL1wvd3d3LmFtZXJpY2Fub25ld3NwYXBlci5jb21cL2VzXC93cC1jb250ZW50XC91cGxvYWRzXC8yMDI2XC8wNFwvTmljb2xhcy1QZXBlLmpwZWciLCJ0eHQiOiJWaWxsYXJyZWFsIGFjYXJpY2lhIGxhIGNsYXNpZmljYWNpXHUwMGYzbiBhIExpZ2EgZGUgQ2FtcGVvbmVzIiwidGVtcGxhdGUiOiJoaWdod2F5IiwiZm9udCI6IiIsImJsb2dfaWQiOjIyODYxOTU3NH0.nL8MKybifaIRsBW1DFJFoih21PmQBtBlb_J1MTVFA28MQ"},"version":2,"media_source":"featured-image","attached_media":[{"id":31905,"url":"https:\/\/www.americanonewspaper.com\/es\/wp-content\/uploads\/2026\/04\/Nicolas-Pepe.jpeg","type":"image\/jpeg"}]},"_wpas_customize_per_network":false},"categories":[175,938,606],"tags":[],"class_list":{"0":"post-31904","1":"post","2":"type-post","3":"status-publish","4":"format-standard","5":"has-post-thumbnail","7":"category-fifa","8":"category-laliga-ea-sports","9":"category-liga-de-campeones"},"acf":[],"yoast_head":"<!-- This site is optimized with the Yoast SEO Premium plugin v27.4 (Yoast SEO v27.4) - https:\/\/yoast.com\/product\/yoast-seo-premium-wordpress\/ -->\n<title>Villarreal acaricia la clasificaci\u00f3n a Liga de Campeones - Americano Newspaper<\/title>\n<meta name=\"description\" content=\"El Villarreal acaricia la clasificaci\u00f3n para la pr\u00f3xima edici\u00f3n de la Liga de Campeones tras imponerse este domingo en La Cer\u00e1mica a un Celta de Vigo que no logra escapar a su din\u00e1mica negativa y complica sus aspiraciones europeas (2-1).\" \/>\n<meta name=\"robots\" content=\"index, follow, max-snippet:-1, max-image-preview:large, max-video-preview:-1\" \/>\n<link rel=\"canonical\" href=\"https:\/\/www.americanonewspaper.com\/es\/fifa\/villarreal-acaricia-la-clasificacion-a-liga-de-campeones\/\" \/>\n<meta property=\"og:locale\" content=\"en_US\" \/>\n<meta property=\"og:type\" content=\"article\" \/>\n<meta property=\"og:title\" content=\"Villarreal acaricia la clasificaci\u00f3n a Liga de Campeones\" \/>\n<meta property=\"og:description\" content=\"El Villarreal acaricia la clasificaci\u00f3n para la pr\u00f3xima edici\u00f3n de la Liga de Campeones tras imponerse este domingo en La Cer\u00e1mica a un Celta de Vigo que no logra escapar a su din\u00e1mica negativa y complica sus aspiraciones europeas (2-1).\" \/>\n<meta property=\"og:url\" content=\"https:\/\/www.americanonewspaper.com\/es\/fifa\/villarreal-acaricia-la-clasificacion-a-liga-de-campeones\/\" \/>\n<meta property=\"og:site_name\" content=\"Americano Newspaper\" \/>\n<meta property=\"article:publisher\" content=\"https:\/\/www.facebook.com\/AmericanoNewspaper\/\" \/>\n<meta property=\"article:published_time\" content=\"2026-04-27T01:28:38+00:00\" \/>\n<meta property=\"article:modified_time\" content=\"2026-04-27T01:41:21+00:00\" \/>\n<meta property=\"og:image\" content=\"https:\/\/www.americanonewspaper.com\/es\/wp-content\/uploads\/2026\/04\/Nicolas-Pepe.jpeg\" \/>\n\t<meta property=\"og:image:width\" content=\"560\" \/>\n\t<meta property=\"og:image:height\" content=\"373\" \/>\n\t<meta property=\"og:image:type\" content=\"image\/jpeg\" \/>\n<meta name=\"author\" content=\"Author\" \/>\n<meta name=\"twitter:card\" content=\"summary_large_image\" \/>\n<meta name=\"twitter:label1\" content=\"Written by\" \/>\n\t<meta name=\"twitter:data1\" content=\"Author\" \/>\n\t<meta name=\"twitter:label2\" content=\"Est. reading time\" \/>\n\t<meta name=\"twitter:data2\" content=\"6 minutes\" \/>\n<script type=\"application\/ld+json\" class=\"yoast-schema-graph\">{\"@context\":\"https:\\\/\\\/schema.org\",\"@graph\":[{\"@type\":\"Article\",\"@id\":\"https:\\\/\\\/www.americanonewspaper.com\\\/es\\\/fifa\\\/villarreal-acaricia-la-clasificacion-a-liga-de-campeones\\\/#article\",\"isPartOf\":{\"@id\":\"https:\\\/\\\/www.americanonewspaper.com\\\/es\\\/fifa\\\/villarreal-acaricia-la-clasificacion-a-liga-de-campeones\\\/\"},\"author\":{\"name\":\"Author\",\"@id\":\"https:\\\/\\\/www.americanonewspaper.com\\\/es\\\/#\\\/schema\\\/person\\\/8967f6b8af7e37bcbbe61f68580ff088\"},\"headline\":\"Villarreal acaricia la clasificaci\u00f3n a Liga de Campeones\",\"datePublished\":\"2026-04-27T01:28:38+00:00\",\"dateModified\":\"2026-04-27T01:41:21+00:00\",\"mainEntityOfPage\":{\"@id\":\"https:\\\/\\\/www.americanonewspaper.com\\\/es\\\/fifa\\\/villarreal-acaricia-la-clasificacion-a-liga-de-campeones\\\/\"},\"wordCount\":809,\"commentCount\":0,\"publisher\":{\"@id\":\"https:\\\/\\\/www.americanonewspaper.com\\\/es\\\/#organization\"},\"image\":{\"@id\":\"https:\\\/\\\/www.americanonewspaper.com\\\/es\\\/fifa\\\/villarreal-acaricia-la-clasificacion-a-liga-de-campeones\\\/#primaryimage\"},\"thumbnailUrl\":\"https:\\\/\\\/www.americanonewspaper.com\\\/es\\\/wp-content\\\/uploads\\\/2026\\\/04\\\/Nicolas-Pepe.jpeg\",\"articleSection\":[\"FIFA\",\"LaLiga EA Sports\",\"Liga de Campeones\"],\"inLanguage\":\"en-US\",\"potentialAction\":[{\"@type\":\"CommentAction\",\"name\":\"Comment\",\"target\":[\"https:\\\/\\\/www.americanonewspaper.com\\\/es\\\/fifa\\\/villarreal-acaricia-la-clasificacion-a-liga-de-campeones\\\/#respond\"]}]},{\"@type\":\"WebPage\",\"@id\":\"https:\\\/\\\/www.americanonewspaper.com\\\/es\\\/fifa\\\/villarreal-acaricia-la-clasificacion-a-liga-de-campeones\\\/\",\"url\":\"https:\\\/\\\/www.americanonewspaper.com\\\/es\\\/fifa\\\/villarreal-acaricia-la-clasificacion-a-liga-de-campeones\\\/\",\"name\":\"Villarreal acaricia la clasificaci\u00f3n a Liga de Campeones - Americano Newspaper\",\"isPartOf\":{\"@id\":\"https:\\\/\\\/www.americanonewspaper.com\\\/es\\\/#website\"},\"primaryImageOfPage\":{\"@id\":\"https:\\\/\\\/www.americanonewspaper.com\\\/es\\\/fifa\\\/villarreal-acaricia-la-clasificacion-a-liga-de-campeones\\\/#primaryimage\"},\"image\":{\"@id\":\"https:\\\/\\\/www.americanonewspaper.com\\\/es\\\/fifa\\\/villarreal-acaricia-la-clasificacion-a-liga-de-campeones\\\/#primaryimage\"},\"thumbnailUrl\":\"https:\\\/\\\/www.americanonewspaper.com\\\/es\\\/wp-content\\\/uploads\\\/2026\\\/04\\\/Nicolas-Pepe.jpeg\",\"datePublished\":\"2026-04-27T01:28:38+00:00\",\"dateModified\":\"2026-04-27T01:41:21+00:00\",\"description\":\"El Villarreal acaricia la clasificaci\u00f3n para la pr\u00f3xima edici\u00f3n de la Liga de Campeones tras imponerse este domingo en La Cer\u00e1mica a un Celta de Vigo que no logra escapar a su din\u00e1mica negativa y complica sus aspiraciones europeas (2-1).\",\"breadcrumb\":{\"@id\":\"https:\\\/\\\/www.americanonewspaper.com\\\/es\\\/fifa\\\/villarreal-acaricia-la-clasificacion-a-liga-de-campeones\\\/#breadcrumb\"},\"inLanguage\":\"en-US\",\"potentialAction\":[{\"@type\":\"ReadAction\",\"target\":[\"https:\\\/\\\/www.americanonewspaper.com\\\/es\\\/fifa\\\/villarreal-acaricia-la-clasificacion-a-liga-de-campeones\\\/\"]}]},{\"@type\":\"ImageObject\",\"inLanguage\":\"en-US\",\"@id\":\"https:\\\/\\\/www.americanonewspaper.com\\\/es\\\/fifa\\\/villarreal-acaricia-la-clasificacion-a-liga-de-campeones\\\/#primaryimage\",\"url\":\"https:\\\/\\\/www.americanonewspaper.com\\\/es\\\/wp-content\\\/uploads\\\/2026\\\/04\\\/Nicolas-Pepe.jpeg\",\"contentUrl\":\"https:\\\/\\\/www.americanonewspaper.com\\\/es\\\/wp-content\\\/uploads\\\/2026\\\/04\\\/Nicolas-Pepe.jpeg\",\"width\":560,\"height\":373,\"caption\":\"En centrocampista marfile\u00f1o del Villarreal Nicolas Pepe (i) celebra su gol, segundo del equipo ante el Celta, durante el encuentro de la jornada 32 de LaLiga que Villarreal CF y Celta de Vigo disputan en el estadio de La Cer\u00e1mica. EFE\\\/Andreu Esteban\"},{\"@type\":\"BreadcrumbList\",\"@id\":\"https:\\\/\\\/www.americanonewspaper.com\\\/es\\\/fifa\\\/villarreal-acaricia-la-clasificacion-a-liga-de-campeones\\\/#breadcrumb\",\"itemListElement\":[{\"@type\":\"ListItem\",\"position\":1,\"name\":\"Home\",\"item\":\"https:\\\/\\\/www.americanonewspaper.com\\\/es\\\/\"},{\"@type\":\"ListItem\",\"position\":2,\"name\":\"Villarreal acaricia la clasificaci\u00f3n a Liga de Campeones\"}]},{\"@type\":\"WebSite\",\"@id\":\"https:\\\/\\\/www.americanonewspaper.com\\\/es\\\/#website\",\"url\":\"https:\\\/\\\/www.americanonewspaper.com\\\/es\\\/\",\"name\":\"Americano Newspaper\",\"description\":\"The Hispanic Newspaper of New Jersey.\",\"publisher\":{\"@id\":\"https:\\\/\\\/www.americanonewspaper.com\\\/es\\\/#organization\"},\"potentialAction\":[{\"@type\":\"SearchAction\",\"target\":{\"@type\":\"EntryPoint\",\"urlTemplate\":\"https:\\\/\\\/www.americanonewspaper.com\\\/es\\\/?s={search_term_string}\"},\"query-input\":{\"@type\":\"PropertyValueSpecification\",\"valueRequired\":true,\"valueName\":\"search_term_string\"}}],\"inLanguage\":\"en-US\"},{\"@type\":\"Organization\",\"@id\":\"https:\\\/\\\/www.americanonewspaper.com\\\/es\\\/#organization\",\"name\":\"Americano Newspaper\",\"url\":\"https:\\\/\\\/www.americanonewspaper.com\\\/es\\\/\",\"logo\":{\"@type\":\"ImageObject\",\"inLanguage\":\"en-US\",\"@id\":\"https:\\\/\\\/www.americanonewspaper.com\\\/es\\\/#\\\/schema\\\/logo\\\/image\\\/\",\"url\":\"https:\\\/\\\/www.americanonewspaper.com\\\/es\\\/wp-content\\\/uploads\\\/2024\\\/05\\\/AmericanoLogoCircle.comCircle2.jpg\",\"contentUrl\":\"https:\\\/\\\/www.americanonewspaper.com\\\/es\\\/wp-content\\\/uploads\\\/2024\\\/05\\\/AmericanoLogoCircle.comCircle2.jpg\",\"width\":600,\"height\":600,\"caption\":\"Americano Newspaper\"},\"image\":{\"@id\":\"https:\\\/\\\/www.americanonewspaper.com\\\/es\\\/#\\\/schema\\\/logo\\\/image\\\/\"},\"sameAs\":[\"https:\\\/\\\/www.facebook.com\\\/AmericanoNewspaper\\\/\"]},{\"@type\":\"Person\",\"@id\":\"https:\\\/\\\/www.americanonewspaper.com\\\/es\\\/#\\\/schema\\\/person\\\/8967f6b8af7e37bcbbe61f68580ff088\",\"name\":\"Author\",\"image\":{\"@type\":\"ImageObject\",\"inLanguage\":\"en-US\",\"@id\":\"https:\\\/\\\/www.americanonewspaper.com\\\/es\\\/wp-content\\\/litespeed\\\/avatar\\\/89ffaf6af3cf6769ffb3c6efb2313947.jpg?ver=1776822681\",\"url\":\"https:\\\/\\\/www.americanonewspaper.com\\\/es\\\/wp-content\\\/litespeed\\\/avatar\\\/89ffaf6af3cf6769ffb3c6efb2313947.jpg?ver=1776822681\",\"contentUrl\":\"https:\\\/\\\/www.americanonewspaper.com\\\/es\\\/wp-content\\\/litespeed\\\/avatar\\\/89ffaf6af3cf6769ffb3c6efb2313947.jpg?ver=1776822681\",\"caption\":\"Author\"},\"url\":\"https:\\\/\\\/www.americanonewspaper.com\\\/es\\\/author\\\/americano\\\/\"}]}<\/script>\n<!-- \/ Yoast SEO Premium plugin. -->","yoast_head_json":{"title":"Villarreal acaricia la clasificaci\u00f3n a Liga de Campeones - Americano Newspaper","description":"El Villarreal acaricia la clasificaci\u00f3n para la pr\u00f3xima edici\u00f3n de la Liga de Campeones tras imponerse este domingo en La Cer\u00e1mica a un Celta de Vigo que no logra escapar a su din\u00e1mica negativa y complica sus aspiraciones europeas (2-1).","robots":{"index":"index","follow":"follow","max-snippet":"max-snippet:-1","max-image-preview":"max-image-preview:large","max-video-preview":"max-video-preview:-1"},"canonical":"https:\/\/www.americanonewspaper.com\/es\/fifa\/villarreal-acaricia-la-clasificacion-a-liga-de-campeones\/","og_locale":"en_US","og_type":"article","og_title":"Villarreal acaricia la clasificaci\u00f3n a Liga de Campeones","og_description":"El Villarreal acaricia la clasificaci\u00f3n para la pr\u00f3xima edici\u00f3n de la Liga de Campeones tras imponerse este domingo en La Cer\u00e1mica a un Celta de Vigo que no logra escapar a su din\u00e1mica negativa y complica sus aspiraciones europeas (2-1).","og_url":"https:\/\/www.americanonewspaper.com\/es\/fifa\/villarreal-acaricia-la-clasificacion-a-liga-de-campeones\/","og_site_name":"Americano Newspaper","article_publisher":"https:\/\/www.facebook.com\/AmericanoNewspaper\/","article_published_time":"2026-04-27T01:28:38+00:00","article_modified_time":"2026-04-27T01:41:21+00:00","og_image":[{"width":560,"height":373,"url":"https:\/\/www.americanonewspaper.com\/es\/wp-content\/uploads\/2026\/04\/Nicolas-Pepe.jpeg","type":"image\/jpeg"}],"author":"Author","twitter_card":"summary_large_image","twitter_misc":{"Written by":"Author","Est. reading time":"6 minutes"},"schema":{"@context":"https:\/\/schema.org","@graph":[{"@type":"Article","@id":"https:\/\/www.americanonewspaper.com\/es\/fifa\/villarreal-acaricia-la-clasificacion-a-liga-de-campeones\/#article","isPartOf":{"@id":"https:\/\/www.americanonewspaper.com\/es\/fifa\/villarreal-acaricia-la-clasificacion-a-liga-de-campeones\/"},"author":{"name":"Author","@id":"https:\/\/www.americanonewspaper.com\/es\/#\/schema\/person\/8967f6b8af7e37bcbbe61f68580ff088"},"headline":"Villarreal acaricia la clasificaci\u00f3n a Liga de Campeones","datePublished":"2026-04-27T01:28:38+00:00","dateModified":"2026-04-27T01:41:21+00:00","mainEntityOfPage":{"@id":"https:\/\/www.americanonewspaper.com\/es\/fifa\/villarreal-acaricia-la-clasificacion-a-liga-de-campeones\/"},"wordCount":809,"commentCount":0,"publisher":{"@id":"https:\/\/www.americanonewspaper.com\/es\/#organization"},"image":{"@id":"https:\/\/www.americanonewspaper.com\/es\/fifa\/villarreal-acaricia-la-clasificacion-a-liga-de-campeones\/#primaryimage"},"thumbnailUrl":"https:\/\/www.americanonewspaper.com\/es\/wp-content\/uploads\/2026\/04\/Nicolas-Pepe.jpeg","articleSection":["FIFA","LaLiga EA Sports","Liga de Campeones"],"inLanguage":"en-US","potentialAction":[{"@type":"CommentAction","name":"Comment","target":["https:\/\/www.americanonewspaper.com\/es\/fifa\/villarreal-acaricia-la-clasificacion-a-liga-de-campeones\/#respond"]}]},{"@type":"WebPage","@id":"https:\/\/www.americanonewspaper.com\/es\/fifa\/villarreal-acaricia-la-clasificacion-a-liga-de-campeones\/","url":"https:\/\/www.americanonewspaper.com\/es\/fifa\/villarreal-acaricia-la-clasificacion-a-liga-de-campeones\/","name":"Villarreal acaricia la clasificaci\u00f3n a Liga de Campeones - Americano Newspaper","isPartOf":{"@id":"https:\/\/www.americanonewspaper.com\/es\/#website"},"primaryImageOfPage":{"@id":"https:\/\/www.americanonewspaper.com\/es\/fifa\/villarreal-acaricia-la-clasificacion-a-liga-de-campeones\/#primaryimage"},"image":{"@id":"https:\/\/www.americanonewspaper.com\/es\/fifa\/villarreal-acaricia-la-clasificacion-a-liga-de-campeones\/#primaryimage"},"thumbnailUrl":"https:\/\/www.americanonewspaper.com\/es\/wp-content\/uploads\/2026\/04\/Nicolas-Pepe.jpeg","datePublished":"2026-04-27T01:28:38+00:00","dateModified":"2026-04-27T01:41:21+00:00","description":"El Villarreal acaricia la clasificaci\u00f3n para la pr\u00f3xima edici\u00f3n de la Liga de Campeones tras imponerse este domingo en La Cer\u00e1mica a un Celta de Vigo que no logra escapar a su din\u00e1mica negativa y complica sus aspiraciones europeas (2-1).","breadcrumb":{"@id":"https:\/\/www.americanonewspaper.com\/es\/fifa\/villarreal-acaricia-la-clasificacion-a-liga-de-campeones\/#breadcrumb"},"inLanguage":"en-US","potentialAction":[{"@type":"ReadAction","target":["https:\/\/www.americanonewspaper.com\/es\/fifa\/villarreal-acaricia-la-clasificacion-a-liga-de-campeones\/"]}]},{"@type":"ImageObject","inLanguage":"en-US","@id":"https:\/\/www.americanonewspaper.com\/es\/fifa\/villarreal-acaricia-la-clasificacion-a-liga-de-campeones\/#primaryimage","url":"https:\/\/www.americanonewspaper.com\/es\/wp-content\/uploads\/2026\/04\/Nicolas-Pepe.jpeg","contentUrl":"https:\/\/www.americanonewspaper.com\/es\/wp-content\/uploads\/2026\/04\/Nicolas-Pepe.jpeg","width":560,"height":373,"caption":"En centrocampista marfile\u00f1o del Villarreal Nicolas Pepe (i) celebra su gol, segundo del equipo ante el Celta, durante el encuentro de la jornada 32 de LaLiga que Villarreal CF y Celta de Vigo disputan en el estadio de La Cer\u00e1mica. EFE\/Andreu Esteban"},{"@type":"BreadcrumbList","@id":"https:\/\/www.americanonewspaper.com\/es\/fifa\/villarreal-acaricia-la-clasificacion-a-liga-de-campeones\/#breadcrumb","itemListElement":[{"@type":"ListItem","position":1,"name":"Home","item":"https:\/\/www.americanonewspaper.com\/es\/"},{"@type":"ListItem","position":2,"name":"Villarreal acaricia la clasificaci\u00f3n a Liga de Campeones"}]},{"@type":"WebSite","@id":"https:\/\/www.americanonewspaper.com\/es\/#website","url":"https:\/\/www.americanonewspaper.com\/es\/","name":"Americano Newspaper","description":"The Hispanic Newspaper of New Jersey.","publisher":{"@id":"https:\/\/www.americanonewspaper.com\/es\/#organization"},"potentialAction":[{"@type":"SearchAction","target":{"@type":"EntryPoint","urlTemplate":"https:\/\/www.americanonewspaper.com\/es\/?s={search_term_string}"},"query-input":{"@type":"PropertyValueSpecification","valueRequired":true,"valueName":"search_term_string"}}],"inLanguage":"en-US"},{"@type":"Organization","@id":"https:\/\/www.americanonewspaper.com\/es\/#organization","name":"Americano Newspaper","url":"https:\/\/www.americanonewspaper.com\/es\/","logo":{"@type":"ImageObject","inLanguage":"en-US","@id":"https:\/\/www.americanonewspaper.com\/es\/#\/schema\/logo\/image\/","url":"https:\/\/www.americanonewspaper.com\/es\/wp-content\/uploads\/2024\/05\/AmericanoLogoCircle.comCircle2.jpg","contentUrl":"https:\/\/www.americanonewspaper.com\/es\/wp-content\/uploads\/2024\/05\/AmericanoLogoCircle.comCircle2.jpg","width":600,"height":600,"caption":"Americano Newspaper"},"image":{"@id":"https:\/\/www.americanonewspaper.com\/es\/#\/schema\/logo\/image\/"},"sameAs":["https:\/\/www.facebook.com\/AmericanoNewspaper\/"]},{"@type":"Person","@id":"https:\/\/www.americanonewspaper.com\/es\/#\/schema\/person\/8967f6b8af7e37bcbbe61f68580ff088","name":"Author","image":{"@type":"ImageObject","inLanguage":"en-US","@id":"https:\/\/www.americanonewspaper.com\/es\/wp-content\/litespeed\/avatar\/89ffaf6af3cf6769ffb3c6efb2313947.jpg?ver=1776822681","url":"https:\/\/www.americanonewspaper.com\/es\/wp-content\/litespeed\/avatar\/89ffaf6af3cf6769ffb3c6efb2313947.jpg?ver=1776822681","contentUrl":"https:\/\/www.americanonewspaper.com\/es\/wp-content\/litespeed\/avatar\/89ffaf6af3cf6769ffb3c6efb2313947.jpg?ver=1776822681","caption":"Author"},"url":"https:\/\/www.americanonewspaper.com\/es\/author\/americano\/"}]}},"jetpack_publicize_connections":[],"jetpack_featured_media_url":"https:\/\/www.americanonewspaper.com\/es\/wp-content\/uploads\/2026\/04\/Nicolas-Pepe.jpeg","featured_image_urls":{"full":["https:\/\/www.americanonewspaper.com\/es\/wp-content\/uploads\/2026\/04\/Nicolas-Pepe.jpeg",560,373,false],"thumbnail":["https:\/\/www.americanonewspaper.com\/es\/wp-content\/uploads\/2026\/04\/Nicolas-Pepe-250x250.jpeg",250,250,true],"medium":["https:\/\/www.americanonewspaper.com\/es\/wp-content\/uploads\/2026\/04\/Nicolas-Pepe-300x200.jpeg",300,200,true],"medium_large":["https:\/\/www.americanonewspaper.com\/es\/wp-content\/uploads\/2026\/04\/Nicolas-Pepe.jpeg",560,373,false],"large":["https:\/\/www.americanonewspaper.com\/es\/wp-content\/uploads\/2026\/04\/Nicolas-Pepe.jpeg",560,373,false],"1536x1536":["https:\/\/www.americanonewspaper.com\/es\/wp-content\/uploads\/2026\/04\/Nicolas-Pepe.jpeg",560,373,false],"2048x2048":["https:\/\/www.americanonewspaper.com\/es\/wp-content\/uploads\/2026\/04\/Nicolas-Pepe.jpeg",560,373,false],"td_150x0":["https:\/\/www.americanonewspaper.com\/es\/wp-content\/uploads\/2026\/04\/Nicolas-Pepe-150x100.jpeg",150,100,true],"td_218x150":["https:\/\/www.americanonewspaper.com\/es\/wp-content\/uploads\/2026\/04\/Nicolas-Pepe-218x150.jpeg",218,150,true],"td_300x0":["https:\/\/www.americanonewspaper.com\/es\/wp-content\/uploads\/2026\/04\/Nicolas-Pepe-300x200.jpeg",300,200,true],"td_324x400":["https:\/\/www.americanonewspaper.com\/es\/wp-content\/uploads\/2026\/04\/Nicolas-Pepe-324x373.jpeg",324,373,true],"td_485x360":["https:\/\/www.americanonewspaper.com\/es\/wp-content\/uploads\/2026\/04\/Nicolas-Pepe-485x360.jpeg",485,360,true],"td_696x0":["https:\/\/www.americanonewspaper.com\/es\/wp-content\/uploads\/2026\/04\/Nicolas-Pepe.jpeg",560,373,false],"td_1068x0":["https:\/\/www.americanonewspaper.com\/es\/wp-content\/uploads\/2026\/04\/Nicolas-Pepe.jpeg",560,373,false],"td_1920x0":["https:\/\/www.americanonewspaper.com\/es\/wp-content\/uploads\/2026\/04\/Nicolas-Pepe.jpeg",560,373,false],"bdpp-medium":["https:\/\/www.americanonewspaper.com\/es\/wp-content\/uploads\/2026\/04\/Nicolas-Pepe.jpeg",560,373,false]},"author_info":{"display_name":"Author","author_link":"https:\/\/www.americanonewspaper.com\/es\/author\/americano\/"},"category_info":"<a href=\"https:\/\/www.americanonewspaper.com\/es\/category\/fifa\/\" rel=\"category tag\">FIFA<\/a> <a href=\"https:\/\/www.americanonewspaper.com\/es\/category\/fifa\/laliga-ea-sports\/\" rel=\"category tag\">LaLiga EA Sports<\/a> <a href=\"https:\/\/www.americanonewspaper.com\/es\/category\/liga-de-campeones\/\" rel=\"category tag\">Liga de Campeones<\/a>","tag_info":"Liga de Campeones","comment_count":"0","jetpack_sharing_enabled":true,"jetpack_likes_enabled":true,"_links":{"self":[{"href":"https:\/\/www.americanonewspaper.com\/es\/wp-json\/wp\/v2\/posts\/31904","targetHints":{"allow":["GET"]}}],"collection":[{"href":"https:\/\/www.americanonewspaper.com\/es\/wp-json\/wp\/v2\/posts"}],"about":[{"href":"https:\/\/www.americanonewspaper.com\/es\/wp-json\/wp\/v2\/types\/post"}],"author":[{"embeddable":true,"href":"https:\/\/www.americanonewspaper.com\/es\/wp-json\/wp\/v2\/users\/7"}],"replies":[{"embeddable":true,"href":"https:\/\/www.americanonewspaper.com\/es\/wp-json\/wp\/v2\/comments?post=31904"}],"version-history":[{"count":2,"href":"https:\/\/www.americanonewspaper.com\/es\/wp-json\/wp\/v2\/posts\/31904\/revisions"}],"predecessor-version":[{"id":31911,"href":"https:\/\/www.americanonewspaper.com\/es\/wp-json\/wp\/v2\/posts\/31904\/revisions\/31911"}],"wp:featuredmedia":[{"embeddable":true,"href":"https:\/\/www.americanonewspaper.com\/es\/wp-json\/wp\/v2\/media\/31905"}],"wp:attachment":[{"href":"https:\/\/www.americanonewspaper.com\/es\/wp-json\/wp\/v2\/media?parent=31904"}],"wp:term":[{"taxonomy":"category","embeddable":true,"href":"https:\/\/www.americanonewspaper.com\/es\/wp-json\/wp\/v2\/categories?post=31904"},{"taxonomy":"post_tag","embeddable":true,"href":"https:\/\/www.americanonewspaper.com\/es\/wp-json\/wp\/v2\/tags?post=31904"}],"curies":[{"name":"wp","href":"https:\/\/api.w.org\/{rel}","templated":true}]}}