{"id":31840,"date":"2026-04-23T09:26:11","date_gmt":"2026-04-23T13:26:11","guid":{"rendered":"https:\/\/www.americanonewspaper.com\/es\/?p=31840"},"modified":"2026-04-23T09:26:18","modified_gmt":"2026-04-23T13:26:18","slug":"lamine-yamal-no-jugara-el-resto-de-laliga","status":"publish","type":"post","link":"https:\/\/www.americanonewspaper.com\/es\/fifa\/laliga-ea-sports\/lamine-yamal-no-jugara-el-resto-de-laliga\/","title":{"rendered":"Lamine Yamal no jugar\u00e1 el resto de LaLiga"},"content":{"rendered":"\n<p>Lamine Yamal sufre otra lesi\u00f3n confirm\u00f3 el FC Barcelona<\/p>\n\n\n\n<p>Barcelona, 23 abr (EFE).- <\/p>\n\n\n\n<p class=\"dropcapp3\">El barcelonista Lamine Yamal sufre una lesi\u00f3n en el b\u00edceps femoral de la pierna izquierda que pone punto final a su temporada en LaLiga, pero no compromete su presencia en el Mundial, seg\u00fan ha confirmado el FC Barcelona.<\/p>\n\n\n\n<figure class=\"wp-block-image size-full\"><a href=\"https:\/\/ggllawyers.com\/es\/new-jersey-personal-injury-and-workers-compensation-lawyer\/\" target=\"_blank\" rel=\" noreferrer noopener\"><img fetchpriority=\"high\" decoding=\"async\" width=\"560\" height=\"269\" src=\"https:\/\/www.americanonewspaper.com\/es\/wp-content\/uploads\/2026\/04\/GGlSpanish.jpg\" alt=\"Abogados de Accidentes\" class=\"wp-image-31651\" srcset=\"https:\/\/www.americanonewspaper.com\/es\/wp-content\/uploads\/2026\/04\/GGlSpanish.jpg 560w, https:\/\/www.americanonewspaper.com\/es\/wp-content\/uploads\/2026\/04\/GGlSpanish-300x144.jpg 300w, https:\/\/www.americanonewspaper.com\/es\/wp-content\/uploads\/2026\/04\/GGlSpanish-150x72.jpg 150w\" sizes=\"(max-width: 560px) 100vw, 560px\" \/><\/a><figcaption class=\"wp-element-caption\">Abogados de Accidentes<\/figcaption><\/figure>\n\n\n\n<p>El club catal\u00e1n ha informado de que Lamine Yamal, que se lesion\u00f3 en el minuto 40 del partido ante el Celta, justo despu\u00e9s de marcar el penalti que le dio la victoria a su equipo (1-0), seguir\u00e1 un tratamiento conservador.<\/p>\n\n\n\n<p>Este tipo de lesiones, en funci\u00f3n de la gravedad de las mismas, pueden suponer una baja entre cuatro y ocho semanas. Lamine Yamal se perder\u00e1, por lo tanto, los seis partidos que restan para el final de LaLiga, pero estar\u00e1 en disposici\u00f3n de jugar el Mundial con Espa\u00f1a. La selecci\u00f3n espa\u00f1ola se estrenar\u00e1 contra Cabo Verde el 15 de junio.<\/p>\n\n\n\n<figure class=\"wp-block-image size-full\"><a href=\"https:\/\/www.nissancityspringfield.com\/\" target=\"_blank\" rel=\" noreferrer noopener\"><img decoding=\"async\" width=\"560\" height=\"303\" src=\"https:\/\/www.americanonewspaper.com\/es\/wp-content\/uploads\/2026\/04\/Nissan-City-English560.jpg\" alt=\"Nissan City\" class=\"wp-image-31652\" srcset=\"https:\/\/www.americanonewspaper.com\/es\/wp-content\/uploads\/2026\/04\/Nissan-City-English560.jpg 560w, https:\/\/www.americanonewspaper.com\/es\/wp-content\/uploads\/2026\/04\/Nissan-City-English560-300x162.jpg 300w, https:\/\/www.americanonewspaper.com\/es\/wp-content\/uploads\/2026\/04\/Nissan-City-English560-150x81.jpg 150w\" sizes=\"(max-width: 560px) 100vw, 560px\" \/><\/a><figcaption class=\"wp-element-caption\">Nissan City<\/figcaption><\/figure>\n\n\n\n<p>Con el Bar\u00e7a, que tiene nueve puntos de ventaja sobre el Real Madrid, con seis partidos por jugarse, Lamine Yamal se perder\u00e1 los encuentros ante el Getafe, Osasuna, Real Madrid, Alav\u00e9s, Betis y Valencia.<\/p>\n\n\n\n<p>Esta es la segunda lesi\u00f3n del extremo de Rocafonda desde el inicio del curso, cuando tuvo problemas por una pubalgia. Entonces se perdi\u00f3 ya seis partidos, cinco debido a esa dolencia y otro m\u00e1s por sanci\u00f3n.<\/p>\n\n\n\n<figure class=\"wp-block-image size-full\"><a href=\"https:\/\/ramospodiatry.com\/\" target=\"_blank\" rel=\" noreferrer noopener\"><img decoding=\"async\" width=\"560\" height=\"257\" src=\"https:\/\/www.americanonewspaper.com\/es\/wp-content\/uploads\/2026\/04\/Ramos-Spanish560-1.jpg\" alt=\"\" class=\"wp-image-31660\" srcset=\"https:\/\/www.americanonewspaper.com\/es\/wp-content\/uploads\/2026\/04\/Ramos-Spanish560-1.jpg 560w, https:\/\/www.americanonewspaper.com\/es\/wp-content\/uploads\/2026\/04\/Ramos-Spanish560-1-300x138.jpg 300w, https:\/\/www.americanonewspaper.com\/es\/wp-content\/uploads\/2026\/04\/Ramos-Spanish560-1-150x69.jpg 150w\" sizes=\"(max-width: 560px) 100vw, 560px\" \/><\/a><\/figure>\n\n\n\n<p>En esos partidos, el Bar\u00e7a sum\u00f3 cinco victorias -frente al Newcastle (1-2), el Valencia (6-0), el Getafe (3-0), el Oviedo (1-3) y el Slavia Praga (2-4)- y una \u00fanica derrota, contra el Sevilla (4-1).<\/p>\n\n\n\n<figure class=\"wp-block-image size-full\"><a href=\"https:\/\/www.linkedin.com\/in\/jaimeberrios\/\" target=\"_blank\" rel=\" noreferrer noopener\"><img loading=\"lazy\" decoding=\"async\" width=\"560\" height=\"257\" src=\"https:\/\/www.americanonewspaper.com\/es\/wp-content\/uploads\/2026\/04\/Jaime-copy.jpg\" alt=\"Toyota\" class=\"wp-image-31653\" srcset=\"https:\/\/www.americanonewspaper.com\/es\/wp-content\/uploads\/2026\/04\/Jaime-copy.jpg 560w, https:\/\/www.americanonewspaper.com\/es\/wp-content\/uploads\/2026\/04\/Jaime-copy-300x138.jpg 300w, https:\/\/www.americanonewspaper.com\/es\/wp-content\/uploads\/2026\/04\/Jaime-copy-150x69.jpg 150w\" sizes=\"(max-width: 560px) 100vw, 560px\" \/><\/a><figcaption class=\"wp-element-caption\">Toyota <\/figcaption><\/figure>\n","protected":false},"excerpt":{"rendered":"<p>Lamine Yamal sufre otra lesi\u00f3n confirm\u00f3 el FC Barcelona Barcelona, 23 abr (EFE).- El barcelonista Lamine Yamal sufre una lesi\u00f3n en el b\u00edceps femoral de la pierna izquierda que pone punto final a su temporada en LaLiga, pero no compromete su presencia en el Mundial, seg\u00fan ha confirmado el FC Barcelona. El club catal\u00e1n ha [&hellip;]<\/p>\n","protected":false},"author":7,"featured_media":31842,"comment_status":"open","ping_status":"open","sticky":false,"template":"","format":"standard","meta":{"_acf_changed":false,"tdm_status":"","tdm_grid_status":"","_jetpack_memberships_contains_paid_content":false,"footnotes":"","jetpack_publicize_message":"","jetpack_publicize_feature_enabled":true,"jetpack_social_post_already_shared":false,"jetpack_social_options":{"image_generator_settings":{"template":"highway","default_image_id":0,"font":"","enabled":false,"token":"eyJpbWciOiJodHRwczpcL1wvd3d3LmFtZXJpY2Fub25ld3NwYXBlci5jb21cL2VzXC93cC1jb250ZW50XC91cGxvYWRzXC8yMDI2XC8wNFwvbHkyLTEuanBlZyIsInR4dCI6IkxhbWluZSBZYW1hbCBubyBqdWdhclx1MDBlMSBlbCByZXN0byBkZSBMYUxpZ2EiLCJ0ZW1wbGF0ZSI6ImhpZ2h3YXkiLCJmb250IjoiIiwiYmxvZ19pZCI6MjI4NjE5NTc0fQ.P9oUIm_OsklMPUf1PfXextI2gPKdGtlljjrXPWlUdRIMQ"},"version":2,"media_source":"featured-image","attached_media":[{"id":31842,"url":"https:\/\/www.americanonewspaper.com\/es\/wp-content\/uploads\/2026\/04\/ly2-1.jpeg","type":"image\/jpeg"}]},"_wpas_customize_per_network":false},"categories":[910,175,938],"tags":[],"class_list":{"0":"post-31840","1":"post","2":"type-post","3":"status-publish","4":"format-standard","5":"has-post-thumbnail","7":"category-barcelona","8":"category-fifa","9":"category-laliga-ea-sports"},"acf":[],"yoast_head":"<!-- This site is optimized with the Yoast SEO Premium plugin v27.5 (Yoast SEO v27.5) - https:\/\/yoast.com\/product\/yoast-seo-premium-wordpress\/ -->\n<title>Lamine Yamal no jugar\u00e1 el resto de LaLiga - Americano Newspaper<\/title>\n<meta name=\"description\" content=\"El barcelonista Lamine Yamal sufre una lesi\u00f3n en el b\u00edceps femoral de la pierna izquierda que pone punto final a su temporada en LaLiga, pero no compromete su presencia en el Mundial, seg\u00fan ha confirmado el FC Barcelona.\" \/>\n<meta name=\"robots\" content=\"index, follow, max-snippet:-1, max-image-preview:large, max-video-preview:-1\" \/>\n<link rel=\"canonical\" href=\"https:\/\/www.americanonewspaper.com\/es\/fifa\/laliga-ea-sports\/lamine-yamal-no-jugara-el-resto-de-laliga\/\" \/>\n<meta property=\"og:locale\" content=\"en_US\" \/>\n<meta property=\"og:type\" content=\"article\" \/>\n<meta property=\"og:title\" content=\"Lamine Yamal no jugar\u00e1 el resto de LaLiga\" \/>\n<meta property=\"og:description\" content=\"El barcelonista Lamine Yamal sufre una lesi\u00f3n en el b\u00edceps femoral de la pierna izquierda que pone punto final a su temporada en LaLiga, pero no compromete su presencia en el Mundial, seg\u00fan ha confirmado el FC Barcelona.\" \/>\n<meta property=\"og:url\" content=\"https:\/\/www.americanonewspaper.com\/es\/fifa\/laliga-ea-sports\/lamine-yamal-no-jugara-el-resto-de-laliga\/\" \/>\n<meta property=\"og:site_name\" content=\"Americano Newspaper\" \/>\n<meta property=\"article:publisher\" content=\"https:\/\/www.facebook.com\/AmericanoNewspaper\/\" \/>\n<meta property=\"article:published_time\" content=\"2026-04-23T13:26:11+00:00\" \/>\n<meta property=\"article:modified_time\" content=\"2026-04-23T13:26:18+00:00\" \/>\n<meta property=\"og:image\" content=\"https:\/\/www.americanonewspaper.com\/es\/wp-content\/uploads\/2026\/04\/ly2-1.jpeg\" \/>\n\t<meta property=\"og:image:width\" content=\"560\" \/>\n\t<meta property=\"og:image:height\" content=\"373\" \/>\n\t<meta property=\"og:image:type\" content=\"image\/jpeg\" \/>\n<meta name=\"author\" content=\"Author\" \/>\n<meta name=\"twitter:card\" content=\"summary_large_image\" \/>\n<meta name=\"twitter:label1\" content=\"Written by\" \/>\n\t<meta name=\"twitter:data1\" content=\"Author\" \/>\n\t<meta name=\"twitter:label2\" content=\"Est. reading time\" \/>\n\t<meta name=\"twitter:data2\" content=\"3 minutes\" \/>\n<script type=\"application\/ld+json\" class=\"yoast-schema-graph\">{\"@context\":\"https:\\\/\\\/schema.org\",\"@graph\":[{\"@type\":\"Article\",\"@id\":\"https:\\\/\\\/www.americanonewspaper.com\\\/es\\\/fifa\\\/laliga-ea-sports\\\/lamine-yamal-no-jugara-el-resto-de-laliga\\\/#article\",\"isPartOf\":{\"@id\":\"https:\\\/\\\/www.americanonewspaper.com\\\/es\\\/fifa\\\/laliga-ea-sports\\\/lamine-yamal-no-jugara-el-resto-de-laliga\\\/\"},\"author\":{\"name\":\"Author\",\"@id\":\"https:\\\/\\\/www.americanonewspaper.com\\\/es\\\/#\\\/schema\\\/person\\\/8967f6b8af7e37bcbbe61f68580ff088\"},\"headline\":\"Lamine Yamal no jugar\u00e1 el resto de LaLiga\",\"datePublished\":\"2026-04-23T13:26:11+00:00\",\"dateModified\":\"2026-04-23T13:26:18+00:00\",\"mainEntityOfPage\":{\"@id\":\"https:\\\/\\\/www.americanonewspaper.com\\\/es\\\/fifa\\\/laliga-ea-sports\\\/lamine-yamal-no-jugara-el-resto-de-laliga\\\/\"},\"wordCount\":285,\"commentCount\":0,\"publisher\":{\"@id\":\"https:\\\/\\\/www.americanonewspaper.com\\\/es\\\/#organization\"},\"image\":{\"@id\":\"https:\\\/\\\/www.americanonewspaper.com\\\/es\\\/fifa\\\/laliga-ea-sports\\\/lamine-yamal-no-jugara-el-resto-de-laliga\\\/#primaryimage\"},\"thumbnailUrl\":\"https:\\\/\\\/www.americanonewspaper.com\\\/es\\\/wp-content\\\/uploads\\\/2026\\\/04\\\/ly2-1.jpeg\",\"articleSection\":[\"Barcelona\",\"FIFA\",\"LaLiga EA Sports\"],\"inLanguage\":\"en-US\",\"potentialAction\":[{\"@type\":\"CommentAction\",\"name\":\"Comment\",\"target\":[\"https:\\\/\\\/www.americanonewspaper.com\\\/es\\\/fifa\\\/laliga-ea-sports\\\/lamine-yamal-no-jugara-el-resto-de-laliga\\\/#respond\"]}]},{\"@type\":\"WebPage\",\"@id\":\"https:\\\/\\\/www.americanonewspaper.com\\\/es\\\/fifa\\\/laliga-ea-sports\\\/lamine-yamal-no-jugara-el-resto-de-laliga\\\/\",\"url\":\"https:\\\/\\\/www.americanonewspaper.com\\\/es\\\/fifa\\\/laliga-ea-sports\\\/lamine-yamal-no-jugara-el-resto-de-laliga\\\/\",\"name\":\"Lamine Yamal no jugar\u00e1 el resto de LaLiga - Americano Newspaper\",\"isPartOf\":{\"@id\":\"https:\\\/\\\/www.americanonewspaper.com\\\/es\\\/#website\"},\"primaryImageOfPage\":{\"@id\":\"https:\\\/\\\/www.americanonewspaper.com\\\/es\\\/fifa\\\/laliga-ea-sports\\\/lamine-yamal-no-jugara-el-resto-de-laliga\\\/#primaryimage\"},\"image\":{\"@id\":\"https:\\\/\\\/www.americanonewspaper.com\\\/es\\\/fifa\\\/laliga-ea-sports\\\/lamine-yamal-no-jugara-el-resto-de-laliga\\\/#primaryimage\"},\"thumbnailUrl\":\"https:\\\/\\\/www.americanonewspaper.com\\\/es\\\/wp-content\\\/uploads\\\/2026\\\/04\\\/ly2-1.jpeg\",\"datePublished\":\"2026-04-23T13:26:11+00:00\",\"dateModified\":\"2026-04-23T13:26:18+00:00\",\"description\":\"El barcelonista Lamine Yamal sufre una lesi\u00f3n en el b\u00edceps femoral de la pierna izquierda que pone punto final a su temporada en LaLiga, pero no compromete su presencia en el Mundial, seg\u00fan ha confirmado el FC Barcelona.\",\"breadcrumb\":{\"@id\":\"https:\\\/\\\/www.americanonewspaper.com\\\/es\\\/fifa\\\/laliga-ea-sports\\\/lamine-yamal-no-jugara-el-resto-de-laliga\\\/#breadcrumb\"},\"inLanguage\":\"en-US\",\"potentialAction\":[{\"@type\":\"ReadAction\",\"target\":[\"https:\\\/\\\/www.americanonewspaper.com\\\/es\\\/fifa\\\/laliga-ea-sports\\\/lamine-yamal-no-jugara-el-resto-de-laliga\\\/\"]}]},{\"@type\":\"ImageObject\",\"inLanguage\":\"en-US\",\"@id\":\"https:\\\/\\\/www.americanonewspaper.com\\\/es\\\/fifa\\\/laliga-ea-sports\\\/lamine-yamal-no-jugara-el-resto-de-laliga\\\/#primaryimage\",\"url\":\"https:\\\/\\\/www.americanonewspaper.com\\\/es\\\/wp-content\\\/uploads\\\/2026\\\/04\\\/ly2-1.jpeg\",\"contentUrl\":\"https:\\\/\\\/www.americanonewspaper.com\\\/es\\\/wp-content\\\/uploads\\\/2026\\\/04\\\/ly2-1.jpeg\",\"width\":560,\"height\":373,\"caption\":\"El delantero del FC Barcelona Lamine Yamal, en el momento de lesionarse durante el partido de la jornada 33 de LaLiga ante el Celta de Vigo. EFE\\\/Enric Fontcuberta\"},{\"@type\":\"BreadcrumbList\",\"@id\":\"https:\\\/\\\/www.americanonewspaper.com\\\/es\\\/fifa\\\/laliga-ea-sports\\\/lamine-yamal-no-jugara-el-resto-de-laliga\\\/#breadcrumb\",\"itemListElement\":[{\"@type\":\"ListItem\",\"position\":1,\"name\":\"Home\",\"item\":\"https:\\\/\\\/www.americanonewspaper.com\\\/es\\\/\"},{\"@type\":\"ListItem\",\"position\":2,\"name\":\"Lamine Yamal no jugar\u00e1 el resto de LaLiga\"}]},{\"@type\":\"WebSite\",\"@id\":\"https:\\\/\\\/www.americanonewspaper.com\\\/es\\\/#website\",\"url\":\"https:\\\/\\\/www.americanonewspaper.com\\\/es\\\/\",\"name\":\"Americano Newspaper\",\"description\":\"The Hispanic Newspaper of New Jersey.\",\"publisher\":{\"@id\":\"https:\\\/\\\/www.americanonewspaper.com\\\/es\\\/#organization\"},\"potentialAction\":[{\"@type\":\"SearchAction\",\"target\":{\"@type\":\"EntryPoint\",\"urlTemplate\":\"https:\\\/\\\/www.americanonewspaper.com\\\/es\\\/?s={search_term_string}\"},\"query-input\":{\"@type\":\"PropertyValueSpecification\",\"valueRequired\":true,\"valueName\":\"search_term_string\"}}],\"inLanguage\":\"en-US\"},{\"@type\":\"Organization\",\"@id\":\"https:\\\/\\\/www.americanonewspaper.com\\\/es\\\/#organization\",\"name\":\"Americano Newspaper\",\"url\":\"https:\\\/\\\/www.americanonewspaper.com\\\/es\\\/\",\"logo\":{\"@type\":\"ImageObject\",\"inLanguage\":\"en-US\",\"@id\":\"https:\\\/\\\/www.americanonewspaper.com\\\/es\\\/#\\\/schema\\\/logo\\\/image\\\/\",\"url\":\"https:\\\/\\\/www.americanonewspaper.com\\\/es\\\/wp-content\\\/uploads\\\/2024\\\/05\\\/AmericanoLogoCircle.comCircle2.jpg\",\"contentUrl\":\"https:\\\/\\\/www.americanonewspaper.com\\\/es\\\/wp-content\\\/uploads\\\/2024\\\/05\\\/AmericanoLogoCircle.comCircle2.jpg\",\"width\":600,\"height\":600,\"caption\":\"Americano Newspaper\"},\"image\":{\"@id\":\"https:\\\/\\\/www.americanonewspaper.com\\\/es\\\/#\\\/schema\\\/logo\\\/image\\\/\"},\"sameAs\":[\"https:\\\/\\\/www.facebook.com\\\/AmericanoNewspaper\\\/\"]},{\"@type\":\"Person\",\"@id\":\"https:\\\/\\\/www.americanonewspaper.com\\\/es\\\/#\\\/schema\\\/person\\\/8967f6b8af7e37bcbbe61f68580ff088\",\"name\":\"Author\",\"image\":{\"@type\":\"ImageObject\",\"inLanguage\":\"en-US\",\"@id\":\"https:\\\/\\\/www.americanonewspaper.com\\\/es\\\/wp-content\\\/litespeed\\\/avatar\\\/89ffaf6af3cf6769ffb3c6efb2313947.jpg?ver=1777427547\",\"url\":\"https:\\\/\\\/www.americanonewspaper.com\\\/es\\\/wp-content\\\/litespeed\\\/avatar\\\/89ffaf6af3cf6769ffb3c6efb2313947.jpg?ver=1777427547\",\"contentUrl\":\"https:\\\/\\\/www.americanonewspaper.com\\\/es\\\/wp-content\\\/litespeed\\\/avatar\\\/89ffaf6af3cf6769ffb3c6efb2313947.jpg?ver=1777427547\",\"caption\":\"Author\"},\"url\":\"https:\\\/\\\/www.americanonewspaper.com\\\/es\\\/author\\\/americano\\\/\"}]}<\/script>\n<!-- \/ Yoast SEO Premium plugin. -->","yoast_head_json":{"title":"Lamine Yamal no jugar\u00e1 el resto de LaLiga - Americano Newspaper","description":"El barcelonista Lamine Yamal sufre una lesi\u00f3n en el b\u00edceps femoral de la pierna izquierda que pone punto final a su temporada en LaLiga, pero no compromete su presencia en el Mundial, seg\u00fan ha confirmado el FC Barcelona.","robots":{"index":"index","follow":"follow","max-snippet":"max-snippet:-1","max-image-preview":"max-image-preview:large","max-video-preview":"max-video-preview:-1"},"canonical":"https:\/\/www.americanonewspaper.com\/es\/fifa\/laliga-ea-sports\/lamine-yamal-no-jugara-el-resto-de-laliga\/","og_locale":"en_US","og_type":"article","og_title":"Lamine Yamal no jugar\u00e1 el resto de LaLiga","og_description":"El barcelonista Lamine Yamal sufre una lesi\u00f3n en el b\u00edceps femoral de la pierna izquierda que pone punto final a su temporada en LaLiga, pero no compromete su presencia en el Mundial, seg\u00fan ha confirmado el FC Barcelona.","og_url":"https:\/\/www.americanonewspaper.com\/es\/fifa\/laliga-ea-sports\/lamine-yamal-no-jugara-el-resto-de-laliga\/","og_site_name":"Americano Newspaper","article_publisher":"https:\/\/www.facebook.com\/AmericanoNewspaper\/","article_published_time":"2026-04-23T13:26:11+00:00","article_modified_time":"2026-04-23T13:26:18+00:00","og_image":[{"width":560,"height":373,"url":"https:\/\/www.americanonewspaper.com\/es\/wp-content\/uploads\/2026\/04\/ly2-1.jpeg","type":"image\/jpeg"}],"author":"Author","twitter_card":"summary_large_image","twitter_misc":{"Written by":"Author","Est. reading time":"3 minutes"},"schema":{"@context":"https:\/\/schema.org","@graph":[{"@type":"Article","@id":"https:\/\/www.americanonewspaper.com\/es\/fifa\/laliga-ea-sports\/lamine-yamal-no-jugara-el-resto-de-laliga\/#article","isPartOf":{"@id":"https:\/\/www.americanonewspaper.com\/es\/fifa\/laliga-ea-sports\/lamine-yamal-no-jugara-el-resto-de-laliga\/"},"author":{"name":"Author","@id":"https:\/\/www.americanonewspaper.com\/es\/#\/schema\/person\/8967f6b8af7e37bcbbe61f68580ff088"},"headline":"Lamine Yamal no jugar\u00e1 el resto de LaLiga","datePublished":"2026-04-23T13:26:11+00:00","dateModified":"2026-04-23T13:26:18+00:00","mainEntityOfPage":{"@id":"https:\/\/www.americanonewspaper.com\/es\/fifa\/laliga-ea-sports\/lamine-yamal-no-jugara-el-resto-de-laliga\/"},"wordCount":285,"commentCount":0,"publisher":{"@id":"https:\/\/www.americanonewspaper.com\/es\/#organization"},"image":{"@id":"https:\/\/www.americanonewspaper.com\/es\/fifa\/laliga-ea-sports\/lamine-yamal-no-jugara-el-resto-de-laliga\/#primaryimage"},"thumbnailUrl":"https:\/\/www.americanonewspaper.com\/es\/wp-content\/uploads\/2026\/04\/ly2-1.jpeg","articleSection":["Barcelona","FIFA","LaLiga EA Sports"],"inLanguage":"en-US","potentialAction":[{"@type":"CommentAction","name":"Comment","target":["https:\/\/www.americanonewspaper.com\/es\/fifa\/laliga-ea-sports\/lamine-yamal-no-jugara-el-resto-de-laliga\/#respond"]}]},{"@type":"WebPage","@id":"https:\/\/www.americanonewspaper.com\/es\/fifa\/laliga-ea-sports\/lamine-yamal-no-jugara-el-resto-de-laliga\/","url":"https:\/\/www.americanonewspaper.com\/es\/fifa\/laliga-ea-sports\/lamine-yamal-no-jugara-el-resto-de-laliga\/","name":"Lamine Yamal no jugar\u00e1 el resto de LaLiga - Americano Newspaper","isPartOf":{"@id":"https:\/\/www.americanonewspaper.com\/es\/#website"},"primaryImageOfPage":{"@id":"https:\/\/www.americanonewspaper.com\/es\/fifa\/laliga-ea-sports\/lamine-yamal-no-jugara-el-resto-de-laliga\/#primaryimage"},"image":{"@id":"https:\/\/www.americanonewspaper.com\/es\/fifa\/laliga-ea-sports\/lamine-yamal-no-jugara-el-resto-de-laliga\/#primaryimage"},"thumbnailUrl":"https:\/\/www.americanonewspaper.com\/es\/wp-content\/uploads\/2026\/04\/ly2-1.jpeg","datePublished":"2026-04-23T13:26:11+00:00","dateModified":"2026-04-23T13:26:18+00:00","description":"El barcelonista Lamine Yamal sufre una lesi\u00f3n en el b\u00edceps femoral de la pierna izquierda que pone punto final a su temporada en LaLiga, pero no compromete su presencia en el Mundial, seg\u00fan ha confirmado el FC Barcelona.","breadcrumb":{"@id":"https:\/\/www.americanonewspaper.com\/es\/fifa\/laliga-ea-sports\/lamine-yamal-no-jugara-el-resto-de-laliga\/#breadcrumb"},"inLanguage":"en-US","potentialAction":[{"@type":"ReadAction","target":["https:\/\/www.americanonewspaper.com\/es\/fifa\/laliga-ea-sports\/lamine-yamal-no-jugara-el-resto-de-laliga\/"]}]},{"@type":"ImageObject","inLanguage":"en-US","@id":"https:\/\/www.americanonewspaper.com\/es\/fifa\/laliga-ea-sports\/lamine-yamal-no-jugara-el-resto-de-laliga\/#primaryimage","url":"https:\/\/www.americanonewspaper.com\/es\/wp-content\/uploads\/2026\/04\/ly2-1.jpeg","contentUrl":"https:\/\/www.americanonewspaper.com\/es\/wp-content\/uploads\/2026\/04\/ly2-1.jpeg","width":560,"height":373,"caption":"El delantero del FC Barcelona Lamine Yamal, en el momento de lesionarse durante el partido de la jornada 33 de LaLiga ante el Celta de Vigo. EFE\/Enric Fontcuberta"},{"@type":"BreadcrumbList","@id":"https:\/\/www.americanonewspaper.com\/es\/fifa\/laliga-ea-sports\/lamine-yamal-no-jugara-el-resto-de-laliga\/#breadcrumb","itemListElement":[{"@type":"ListItem","position":1,"name":"Home","item":"https:\/\/www.americanonewspaper.com\/es\/"},{"@type":"ListItem","position":2,"name":"Lamine Yamal no jugar\u00e1 el resto de LaLiga"}]},{"@type":"WebSite","@id":"https:\/\/www.americanonewspaper.com\/es\/#website","url":"https:\/\/www.americanonewspaper.com\/es\/","name":"Americano Newspaper","description":"The Hispanic Newspaper of New Jersey.","publisher":{"@id":"https:\/\/www.americanonewspaper.com\/es\/#organization"},"potentialAction":[{"@type":"SearchAction","target":{"@type":"EntryPoint","urlTemplate":"https:\/\/www.americanonewspaper.com\/es\/?s={search_term_string}"},"query-input":{"@type":"PropertyValueSpecification","valueRequired":true,"valueName":"search_term_string"}}],"inLanguage":"en-US"},{"@type":"Organization","@id":"https:\/\/www.americanonewspaper.com\/es\/#organization","name":"Americano Newspaper","url":"https:\/\/www.americanonewspaper.com\/es\/","logo":{"@type":"ImageObject","inLanguage":"en-US","@id":"https:\/\/www.americanonewspaper.com\/es\/#\/schema\/logo\/image\/","url":"https:\/\/www.americanonewspaper.com\/es\/wp-content\/uploads\/2024\/05\/AmericanoLogoCircle.comCircle2.jpg","contentUrl":"https:\/\/www.americanonewspaper.com\/es\/wp-content\/uploads\/2024\/05\/AmericanoLogoCircle.comCircle2.jpg","width":600,"height":600,"caption":"Americano Newspaper"},"image":{"@id":"https:\/\/www.americanonewspaper.com\/es\/#\/schema\/logo\/image\/"},"sameAs":["https:\/\/www.facebook.com\/AmericanoNewspaper\/"]},{"@type":"Person","@id":"https:\/\/www.americanonewspaper.com\/es\/#\/schema\/person\/8967f6b8af7e37bcbbe61f68580ff088","name":"Author","image":{"@type":"ImageObject","inLanguage":"en-US","@id":"https:\/\/www.americanonewspaper.com\/es\/wp-content\/litespeed\/avatar\/89ffaf6af3cf6769ffb3c6efb2313947.jpg?ver=1777427547","url":"https:\/\/www.americanonewspaper.com\/es\/wp-content\/litespeed\/avatar\/89ffaf6af3cf6769ffb3c6efb2313947.jpg?ver=1777427547","contentUrl":"https:\/\/www.americanonewspaper.com\/es\/wp-content\/litespeed\/avatar\/89ffaf6af3cf6769ffb3c6efb2313947.jpg?ver=1777427547","caption":"Author"},"url":"https:\/\/www.americanonewspaper.com\/es\/author\/americano\/"}]}},"jetpack_publicize_connections":[],"jetpack_featured_media_url":"https:\/\/www.americanonewspaper.com\/es\/wp-content\/uploads\/2026\/04\/ly2-1.jpeg","featured_image_urls":{"full":["https:\/\/www.americanonewspaper.com\/es\/wp-content\/uploads\/2026\/04\/ly2-1.jpeg",560,373,false],"thumbnail":["https:\/\/www.americanonewspaper.com\/es\/wp-content\/uploads\/2026\/04\/ly2-1-250x250.jpeg",250,250,true],"medium":["https:\/\/www.americanonewspaper.com\/es\/wp-content\/uploads\/2026\/04\/ly2-1-300x200.jpeg",300,200,true],"medium_large":["https:\/\/www.americanonewspaper.com\/es\/wp-content\/uploads\/2026\/04\/ly2-1.jpeg",560,373,false],"large":["https:\/\/www.americanonewspaper.com\/es\/wp-content\/uploads\/2026\/04\/ly2-1.jpeg",560,373,false],"1536x1536":["https:\/\/www.americanonewspaper.com\/es\/wp-content\/uploads\/2026\/04\/ly2-1.jpeg",560,373,false],"2048x2048":["https:\/\/www.americanonewspaper.com\/es\/wp-content\/uploads\/2026\/04\/ly2-1.jpeg",560,373,false],"td_150x0":["https:\/\/www.americanonewspaper.com\/es\/wp-content\/uploads\/2026\/04\/ly2-1-150x100.jpeg",150,100,true],"td_218x150":["https:\/\/www.americanonewspaper.com\/es\/wp-content\/uploads\/2026\/04\/ly2-1-218x150.jpeg",218,150,true],"td_300x0":["https:\/\/www.americanonewspaper.com\/es\/wp-content\/uploads\/2026\/04\/ly2-1-300x200.jpeg",300,200,true],"td_324x400":["https:\/\/www.americanonewspaper.com\/es\/wp-content\/uploads\/2026\/04\/ly2-1-324x373.jpeg",324,373,true],"td_485x360":["https:\/\/www.americanonewspaper.com\/es\/wp-content\/uploads\/2026\/04\/ly2-1-485x360.jpeg",485,360,true],"td_696x0":["https:\/\/www.americanonewspaper.com\/es\/wp-content\/uploads\/2026\/04\/ly2-1.jpeg",560,373,false],"td_1068x0":["https:\/\/www.americanonewspaper.com\/es\/wp-content\/uploads\/2026\/04\/ly2-1.jpeg",560,373,false],"td_1920x0":["https:\/\/www.americanonewspaper.com\/es\/wp-content\/uploads\/2026\/04\/ly2-1.jpeg",560,373,false],"bdpp-medium":["https:\/\/www.americanonewspaper.com\/es\/wp-content\/uploads\/2026\/04\/ly2-1.jpeg",560,373,false]},"author_info":{"display_name":"Author","author_link":"https:\/\/www.americanonewspaper.com\/es\/author\/americano\/"},"category_info":"<a href=\"https:\/\/www.americanonewspaper.com\/es\/category\/fifa\/barcelona\/\" rel=\"category tag\">Barcelona<\/a> <a href=\"https:\/\/www.americanonewspaper.com\/es\/category\/fifa\/\" rel=\"category tag\">FIFA<\/a> <a href=\"https:\/\/www.americanonewspaper.com\/es\/category\/fifa\/laliga-ea-sports\/\" rel=\"category tag\">LaLiga EA Sports<\/a>","tag_info":"LaLiga EA Sports","comment_count":"0","jetpack_sharing_enabled":true,"jetpack_likes_enabled":true,"_links":{"self":[{"href":"https:\/\/www.americanonewspaper.com\/es\/wp-json\/wp\/v2\/posts\/31840","targetHints":{"allow":["GET"]}}],"collection":[{"href":"https:\/\/www.americanonewspaper.com\/es\/wp-json\/wp\/v2\/posts"}],"about":[{"href":"https:\/\/www.americanonewspaper.com\/es\/wp-json\/wp\/v2\/types\/post"}],"author":[{"embeddable":true,"href":"https:\/\/www.americanonewspaper.com\/es\/wp-json\/wp\/v2\/users\/7"}],"replies":[{"embeddable":true,"href":"https:\/\/www.americanonewspaper.com\/es\/wp-json\/wp\/v2\/comments?post=31840"}],"version-history":[{"count":1,"href":"https:\/\/www.americanonewspaper.com\/es\/wp-json\/wp\/v2\/posts\/31840\/revisions"}],"predecessor-version":[{"id":31843,"href":"https:\/\/www.americanonewspaper.com\/es\/wp-json\/wp\/v2\/posts\/31840\/revisions\/31843"}],"wp:featuredmedia":[{"embeddable":true,"href":"https:\/\/www.americanonewspaper.com\/es\/wp-json\/wp\/v2\/media\/31842"}],"wp:attachment":[{"href":"https:\/\/www.americanonewspaper.com\/es\/wp-json\/wp\/v2\/media?parent=31840"}],"wp:term":[{"taxonomy":"category","embeddable":true,"href":"https:\/\/www.americanonewspaper.com\/es\/wp-json\/wp\/v2\/categories?post=31840"},{"taxonomy":"post_tag","embeddable":true,"href":"https:\/\/www.americanonewspaper.com\/es\/wp-json\/wp\/v2\/tags?post=31840"}],"curies":[{"name":"wp","href":"https:\/\/api.w.org\/{rel}","templated":true}]}}