{"id":31631,"date":"2026-04-08T03:01:14","date_gmt":"2026-04-08T07:01:14","guid":{"rendered":"https:\/\/www.americanonewspaper.com\/es\/?p=31631"},"modified":"2026-04-08T03:01:47","modified_gmt":"2026-04-08T07:01:47","slug":"imagenes-capturadas-por-artemis-ii-en-la-cara-oculta-de-la-luna","status":"publish","type":"post","link":"https:\/\/www.americanonewspaper.com\/es\/artemis-ii\/imagenes-capturadas-por-artemis-ii-en-la-cara-oculta-de-la-luna\/","title":{"rendered":"Im\u00e1genes capturadas por Artemis II en la cara oculta de la Luna"},"content":{"rendered":"\n<p>Washington, (EFE).<\/p>\n\n\n\n<p class=\"has-drop-cap\">La NASA comparti\u00f3 este martes una serie de im\u00e1genes capturadas por la tripulaci\u00f3n de la misi\u00f3n Artemis II durante su paso por la cara oculta de la luna, en la fase central de su misi\u00f3n.\u00a0<\/p>\n\n\n\n<p>Las im\u00e1genes divulgadas en la cuenta oficial de X de la NASA muestran una secuencia de casi dos minutos capturada con el sistema de c\u00e1maras de la capsula Ori\u00f3n, que registra \u00e1ngulos m\u00faltiples y en 4k de forma simult\u00e1nea.&nbsp;<\/p>\n\n\n<div class=\"wp-block-image\">\n<figure class=\"aligncenter size-large\"><a href=\"https:\/\/ggllawyers.com\/es\/new-jersey-personal-injury-and-workers-compensation-lawyer\/\" target=\"_blank\" rel=\" noreferrer noopener\"><img fetchpriority=\"high\" decoding=\"async\" width=\"560\" height=\"269\" src=\"https:\/\/www.americanonewspaper.com\/es\/wp-content\/uploads\/2026\/03\/GGlSpanish-1.jpg\" alt=\"Abogados de accidentes\" class=\"wp-image-31410\" srcset=\"https:\/\/www.americanonewspaper.com\/es\/wp-content\/uploads\/2026\/03\/GGlSpanish-1.jpg 560w, https:\/\/www.americanonewspaper.com\/es\/wp-content\/uploads\/2026\/03\/GGlSpanish-1-300x144.jpg 300w, https:\/\/www.americanonewspaper.com\/es\/wp-content\/uploads\/2026\/03\/GGlSpanish-1-150x72.jpg 150w\" sizes=\"(max-width: 560px) 100vw, 560px\" \/><\/a><figcaption class=\"wp-element-caption\">Abogados de accidentes<\/figcaption><\/figure>\n<\/div>\n\n\n<p>El trabajo gr\u00e1fico fue documentado mientras los tripulantes de la misi\u00f3n se encontraron incomunicados durante 40 minutos, mientras atravesaban el lado oscuro de la luna, nunca antes explorado por una expedici\u00f3n humana.&nbsp;<\/p>\n\n\n\n<p>Las fotograf\u00edas fueron compartidas 24 horas despu\u00e9s y justo cuando los cuatro astronautas se encuentran realizando una maniobra clave que consiste en el encendido de motores para cambiar de trayectoria con direcci\u00f3n a la tierra.&nbsp;<\/p>\n\n\n<div class=\"wp-block-image\">\n<figure class=\"aligncenter size-large\"><img decoding=\"async\" width=\"560\" height=\"373\" src=\"https:\/\/www.americanonewspaper.com\/es\/wp-content\/uploads\/2026\/04\/2d29bfc0c41d1ddef057e2dfd80568b994f1a5dd-2.jpg\" alt=\"\" class=\"wp-image-31635\" srcset=\"https:\/\/www.americanonewspaper.com\/es\/wp-content\/uploads\/2026\/04\/2d29bfc0c41d1ddef057e2dfd80568b994f1a5dd-2.jpg 560w, https:\/\/www.americanonewspaper.com\/es\/wp-content\/uploads\/2026\/04\/2d29bfc0c41d1ddef057e2dfd80568b994f1a5dd-2-300x200.jpg 300w, https:\/\/www.americanonewspaper.com\/es\/wp-content\/uploads\/2026\/04\/2d29bfc0c41d1ddef057e2dfd80568b994f1a5dd-2-150x100.jpg 150w\" sizes=\"(max-width: 560px) 100vw, 560px\" \/><figcaption class=\"wp-element-caption\">Fotograf\u00eda cedida por la NASA de una imagen tomada por integrantes de la tripulaci\u00f3n de la misi\u00f3n Artemis II el 6 de abril de 2026, que muestra a la Luna eclipsando totalmente al Sol. EFE\/NASA<\/figcaption><\/figure>\n<\/div>\n\n\n<p>La NASA previ\u00f3 este martes un clima favorable para que los astronautas de Artemis II regresen a la Tierra el viernes y americen cerca de las costas de San Diego, en California, cerca de la frontera de Estados Unidos con M\u00e9xico, donde los esperar\u00e1 el barco de la marina USS John P. Murtha.<\/p>\n\n\n\n<p>Los astronautas deben dedicar estos \u00faltimos d\u00edas de la misi\u00f3n a preparar la nave, el equipo y sus trajes para su regreso a la Tierra, donde la NASA ofrecer\u00e1 una conferencia de prensa tras su llegada.<\/p>\n\n\n<div class=\"wp-block-image\">\n<figure class=\"aligncenter size-large\"><a href=\"https:\/\/www.nissancityspringfield.com\/\" target=\"_blank\" rel=\" noreferrer noopener\"><img decoding=\"async\" width=\"560\" height=\"303\" src=\"https:\/\/www.americanonewspaper.com\/es\/wp-content\/uploads\/2026\/03\/Nissan-City-Spanish-560-1.jpg\" alt=\"\" class=\"wp-image-31412\" srcset=\"https:\/\/www.americanonewspaper.com\/es\/wp-content\/uploads\/2026\/03\/Nissan-City-Spanish-560-1.jpg 560w, https:\/\/www.americanonewspaper.com\/es\/wp-content\/uploads\/2026\/03\/Nissan-City-Spanish-560-1-300x162.jpg 300w, https:\/\/www.americanonewspaper.com\/es\/wp-content\/uploads\/2026\/03\/Nissan-City-Spanish-560-1-150x81.jpg 150w\" sizes=\"(max-width: 560px) 100vw, 560px\" \/><\/a><figcaption class=\"wp-element-caption\">Nissan City<\/figcaption><\/figure>\n<\/div>\n\n\n<p>El jefe de la agencia especial, Jared Isaacman, record\u00f3 que el presidente de Estados Unidos, Donald Trump, invit\u00f3 a la Casa Blanca a los astronautas de Artemis II, el comandante Reid Wiseman, el piloto Victor Glover y la especialista Christina Koch, de la NASA, as\u00ed como Jeremy Hansen, de la Agencia Espacial Canadiense.<\/p>\n\n\n\n<p>Los funcionarios de la NASA indicaron que los hallazgos de esta misi\u00f3n y la observaci\u00f3n de la cara m\u00e1s oculta de la Luna ayudar\u00e1n a los pr\u00f3ximos proyectos de Estados Unidos, como instalar una base lunar y la futura exploraci\u00f3n humana de Marte.<\/p>\n\n\n<div class=\"wp-block-image\">\n<figure class=\"aligncenter size-large\"><a href=\"https:\/\/www.manuelbatistalaw.com\/\" target=\"_blank\" rel=\" noreferrer noopener\"><img loading=\"lazy\" decoding=\"async\" width=\"560\" height=\"257\" src=\"https:\/\/www.americanonewspaper.com\/es\/wp-content\/uploads\/2026\/03\/ManuelBatistaSpanish-1.jpg\" alt=\"\" class=\"wp-image-31414\" srcset=\"https:\/\/www.americanonewspaper.com\/es\/wp-content\/uploads\/2026\/03\/ManuelBatistaSpanish-1.jpg 560w, https:\/\/www.americanonewspaper.com\/es\/wp-content\/uploads\/2026\/03\/ManuelBatistaSpanish-1-300x138.jpg 300w, https:\/\/www.americanonewspaper.com\/es\/wp-content\/uploads\/2026\/03\/ManuelBatistaSpanish-1-150x69.jpg 150w\" sizes=\"(max-width: 560px) 100vw, 560px\" \/><\/a><\/figure>\n<\/div>","protected":false},"excerpt":{"rendered":"<p>Washington, (EFE). La NASA comparti\u00f3 este martes una serie de im\u00e1genes capturadas por la tripulaci\u00f3n de la misi\u00f3n Artemis II durante su paso por la cara oculta de la luna, en la fase central de su misi\u00f3n.\u00a0 Las im\u00e1genes divulgadas en la cuenta oficial de X de la NASA muestran una secuencia de casi dos [&hellip;]<\/p>\n","protected":false},"author":7,"featured_media":31634,"comment_status":"open","ping_status":"open","sticky":true,"template":"","format":"standard","meta":{"_acf_changed":false,"tdm_status":"","tdm_grid_status":"","_jetpack_memberships_contains_paid_content":false,"footnotes":"","jetpack_publicize_message":"","jetpack_publicize_feature_enabled":true,"jetpack_social_post_already_shared":true,"jetpack_social_options":{"image_generator_settings":{"template":"highway","default_image_id":0,"font":"","enabled":false},"version":2},"_wpas_customize_per_network":false},"categories":[1598],"tags":[],"class_list":{"0":"post-31631","1":"post","2":"type-post","3":"status-publish","4":"format-standard","5":"has-post-thumbnail","7":"category-artemis-ii"},"acf":[],"yoast_head":"<!-- This site is optimized with the Yoast SEO Premium plugin v27.5 (Yoast SEO v27.5) - https:\/\/yoast.com\/product\/yoast-seo-premium-wordpress\/ -->\n<title>Im\u00e1genes capturadas por Artemis II en la cara oculta de la Luna - Americano Newspaper<\/title>\n<meta name=\"description\" content=\"La NASA comparti\u00f3 este martes una serie de im\u00e1genes capturadas por la tripulaci\u00f3n de la misi\u00f3n Artemis II durante su paso por la cara oculta de la luna, en la fase central de su misi\u00f3n.\u00a0\" \/>\n<meta name=\"robots\" content=\"index, follow, max-snippet:-1, max-image-preview:large, max-video-preview:-1\" \/>\n<link rel=\"canonical\" href=\"https:\/\/www.americanonewspaper.com\/es\/artemis-ii\/imagenes-capturadas-por-artemis-ii-en-la-cara-oculta-de-la-luna\/\" \/>\n<meta property=\"og:locale\" content=\"en_US\" \/>\n<meta property=\"og:type\" content=\"article\" \/>\n<meta property=\"og:title\" content=\"Im\u00e1genes capturadas por Artemis II en la cara oculta de la Luna\" \/>\n<meta property=\"og:description\" content=\"La NASA comparti\u00f3 este martes una serie de im\u00e1genes capturadas por la tripulaci\u00f3n de la misi\u00f3n Artemis II durante su paso por la cara oculta de la luna, en la fase central de su misi\u00f3n.\u00a0\" \/>\n<meta property=\"og:url\" content=\"https:\/\/www.americanonewspaper.com\/es\/artemis-ii\/imagenes-capturadas-por-artemis-ii-en-la-cara-oculta-de-la-luna\/\" \/>\n<meta property=\"og:site_name\" content=\"Americano Newspaper\" \/>\n<meta property=\"article:publisher\" content=\"https:\/\/www.facebook.com\/AmericanoNewspaper\/\" \/>\n<meta property=\"article:published_time\" content=\"2026-04-08T07:01:14+00:00\" \/>\n<meta property=\"article:modified_time\" content=\"2026-04-08T07:01:47+00:00\" \/>\n<meta property=\"og:image\" content=\"https:\/\/www.americanonewspaper.com\/es\/wp-content\/uploads\/2026\/04\/c5bed3148693e85476b0fbe42b7c109f058caf0d.jpg\" \/>\n\t<meta property=\"og:image:width\" content=\"560\" \/>\n\t<meta property=\"og:image:height\" content=\"373\" \/>\n\t<meta property=\"og:image:type\" content=\"image\/jpeg\" \/>\n<meta name=\"author\" content=\"Author\" \/>\n<meta name=\"twitter:card\" content=\"summary_large_image\" \/>\n<meta name=\"twitter:label1\" content=\"Written by\" \/>\n\t<meta name=\"twitter:data1\" content=\"Author\" \/>\n\t<meta name=\"twitter:label2\" content=\"Est. reading time\" \/>\n\t<meta name=\"twitter:data2\" content=\"3 minutes\" \/>\n<script type=\"application\/ld+json\" class=\"yoast-schema-graph\">{\"@context\":\"https:\\\/\\\/schema.org\",\"@graph\":[{\"@type\":\"Article\",\"@id\":\"https:\\\/\\\/www.americanonewspaper.com\\\/es\\\/artemis-ii\\\/imagenes-capturadas-por-artemis-ii-en-la-cara-oculta-de-la-luna\\\/#article\",\"isPartOf\":{\"@id\":\"https:\\\/\\\/www.americanonewspaper.com\\\/es\\\/artemis-ii\\\/imagenes-capturadas-por-artemis-ii-en-la-cara-oculta-de-la-luna\\\/\"},\"author\":{\"name\":\"Author\",\"@id\":\"https:\\\/\\\/www.americanonewspaper.com\\\/es\\\/#\\\/schema\\\/person\\\/8967f6b8af7e37bcbbe61f68580ff088\"},\"headline\":\"Im\u00e1genes capturadas por Artemis II en la cara oculta de la Luna\",\"datePublished\":\"2026-04-08T07:01:14+00:00\",\"dateModified\":\"2026-04-08T07:01:47+00:00\",\"mainEntityOfPage\":{\"@id\":\"https:\\\/\\\/www.americanonewspaper.com\\\/es\\\/artemis-ii\\\/imagenes-capturadas-por-artemis-ii-en-la-cara-oculta-de-la-luna\\\/\"},\"wordCount\":408,\"commentCount\":0,\"publisher\":{\"@id\":\"https:\\\/\\\/www.americanonewspaper.com\\\/es\\\/#organization\"},\"image\":{\"@id\":\"https:\\\/\\\/www.americanonewspaper.com\\\/es\\\/artemis-ii\\\/imagenes-capturadas-por-artemis-ii-en-la-cara-oculta-de-la-luna\\\/#primaryimage\"},\"thumbnailUrl\":\"https:\\\/\\\/www.americanonewspaper.com\\\/es\\\/wp-content\\\/uploads\\\/2026\\\/04\\\/c5bed3148693e85476b0fbe42b7c109f058caf0d.jpg\",\"articleSection\":[\"Artemis II\"],\"inLanguage\":\"en-US\",\"potentialAction\":[{\"@type\":\"CommentAction\",\"name\":\"Comment\",\"target\":[\"https:\\\/\\\/www.americanonewspaper.com\\\/es\\\/artemis-ii\\\/imagenes-capturadas-por-artemis-ii-en-la-cara-oculta-de-la-luna\\\/#respond\"]}]},{\"@type\":\"WebPage\",\"@id\":\"https:\\\/\\\/www.americanonewspaper.com\\\/es\\\/artemis-ii\\\/imagenes-capturadas-por-artemis-ii-en-la-cara-oculta-de-la-luna\\\/\",\"url\":\"https:\\\/\\\/www.americanonewspaper.com\\\/es\\\/artemis-ii\\\/imagenes-capturadas-por-artemis-ii-en-la-cara-oculta-de-la-luna\\\/\",\"name\":\"Im\u00e1genes capturadas por Artemis II en la cara oculta de la Luna - Americano Newspaper\",\"isPartOf\":{\"@id\":\"https:\\\/\\\/www.americanonewspaper.com\\\/es\\\/#website\"},\"primaryImageOfPage\":{\"@id\":\"https:\\\/\\\/www.americanonewspaper.com\\\/es\\\/artemis-ii\\\/imagenes-capturadas-por-artemis-ii-en-la-cara-oculta-de-la-luna\\\/#primaryimage\"},\"image\":{\"@id\":\"https:\\\/\\\/www.americanonewspaper.com\\\/es\\\/artemis-ii\\\/imagenes-capturadas-por-artemis-ii-en-la-cara-oculta-de-la-luna\\\/#primaryimage\"},\"thumbnailUrl\":\"https:\\\/\\\/www.americanonewspaper.com\\\/es\\\/wp-content\\\/uploads\\\/2026\\\/04\\\/c5bed3148693e85476b0fbe42b7c109f058caf0d.jpg\",\"datePublished\":\"2026-04-08T07:01:14+00:00\",\"dateModified\":\"2026-04-08T07:01:47+00:00\",\"description\":\"La NASA comparti\u00f3 este martes una serie de im\u00e1genes capturadas por la tripulaci\u00f3n de la misi\u00f3n Artemis II durante su paso por la cara oculta de la luna, en la fase central de su misi\u00f3n.\u00a0\",\"breadcrumb\":{\"@id\":\"https:\\\/\\\/www.americanonewspaper.com\\\/es\\\/artemis-ii\\\/imagenes-capturadas-por-artemis-ii-en-la-cara-oculta-de-la-luna\\\/#breadcrumb\"},\"inLanguage\":\"en-US\",\"potentialAction\":[{\"@type\":\"ReadAction\",\"target\":[\"https:\\\/\\\/www.americanonewspaper.com\\\/es\\\/artemis-ii\\\/imagenes-capturadas-por-artemis-ii-en-la-cara-oculta-de-la-luna\\\/\"]}]},{\"@type\":\"ImageObject\",\"inLanguage\":\"en-US\",\"@id\":\"https:\\\/\\\/www.americanonewspaper.com\\\/es\\\/artemis-ii\\\/imagenes-capturadas-por-artemis-ii-en-la-cara-oculta-de-la-luna\\\/#primaryimage\",\"url\":\"https:\\\/\\\/www.americanonewspaper.com\\\/es\\\/wp-content\\\/uploads\\\/2026\\\/04\\\/c5bed3148693e85476b0fbe42b7c109f058caf0d.jpg\",\"contentUrl\":\"https:\\\/\\\/www.americanonewspaper.com\\\/es\\\/wp-content\\\/uploads\\\/2026\\\/04\\\/c5bed3148693e85476b0fbe42b7c109f058caf0d.jpg\",\"width\":560,\"height\":373,\"caption\":\"Fotograf\u00eda cedida por la NASA de una imagen tomada por integrantes de la tripulaci\u00f3n de la misi\u00f3n Artemis II el 6 de abril de 2026, que muestra a la Tierra observada desde la cara oculta de la Luna. EFE\\\/NASA\"},{\"@type\":\"BreadcrumbList\",\"@id\":\"https:\\\/\\\/www.americanonewspaper.com\\\/es\\\/artemis-ii\\\/imagenes-capturadas-por-artemis-ii-en-la-cara-oculta-de-la-luna\\\/#breadcrumb\",\"itemListElement\":[{\"@type\":\"ListItem\",\"position\":1,\"name\":\"Home\",\"item\":\"https:\\\/\\\/www.americanonewspaper.com\\\/es\\\/\"},{\"@type\":\"ListItem\",\"position\":2,\"name\":\"Im\u00e1genes capturadas por Artemis II en la cara oculta de la Luna\"}]},{\"@type\":\"WebSite\",\"@id\":\"https:\\\/\\\/www.americanonewspaper.com\\\/es\\\/#website\",\"url\":\"https:\\\/\\\/www.americanonewspaper.com\\\/es\\\/\",\"name\":\"Americano Newspaper\",\"description\":\"The Hispanic Newspaper of New Jersey.\",\"publisher\":{\"@id\":\"https:\\\/\\\/www.americanonewspaper.com\\\/es\\\/#organization\"},\"potentialAction\":[{\"@type\":\"SearchAction\",\"target\":{\"@type\":\"EntryPoint\",\"urlTemplate\":\"https:\\\/\\\/www.americanonewspaper.com\\\/es\\\/?s={search_term_string}\"},\"query-input\":{\"@type\":\"PropertyValueSpecification\",\"valueRequired\":true,\"valueName\":\"search_term_string\"}}],\"inLanguage\":\"en-US\"},{\"@type\":\"Organization\",\"@id\":\"https:\\\/\\\/www.americanonewspaper.com\\\/es\\\/#organization\",\"name\":\"Americano Newspaper\",\"url\":\"https:\\\/\\\/www.americanonewspaper.com\\\/es\\\/\",\"logo\":{\"@type\":\"ImageObject\",\"inLanguage\":\"en-US\",\"@id\":\"https:\\\/\\\/www.americanonewspaper.com\\\/es\\\/#\\\/schema\\\/logo\\\/image\\\/\",\"url\":\"https:\\\/\\\/www.americanonewspaper.com\\\/es\\\/wp-content\\\/uploads\\\/2024\\\/05\\\/AmericanoLogoCircle.comCircle2.jpg\",\"contentUrl\":\"https:\\\/\\\/www.americanonewspaper.com\\\/es\\\/wp-content\\\/uploads\\\/2024\\\/05\\\/AmericanoLogoCircle.comCircle2.jpg\",\"width\":600,\"height\":600,\"caption\":\"Americano Newspaper\"},\"image\":{\"@id\":\"https:\\\/\\\/www.americanonewspaper.com\\\/es\\\/#\\\/schema\\\/logo\\\/image\\\/\"},\"sameAs\":[\"https:\\\/\\\/www.facebook.com\\\/AmericanoNewspaper\\\/\"]},{\"@type\":\"Person\",\"@id\":\"https:\\\/\\\/www.americanonewspaper.com\\\/es\\\/#\\\/schema\\\/person\\\/8967f6b8af7e37bcbbe61f68580ff088\",\"name\":\"Author\",\"image\":{\"@type\":\"ImageObject\",\"inLanguage\":\"en-US\",\"@id\":\"https:\\\/\\\/www.americanonewspaper.com\\\/es\\\/wp-content\\\/litespeed\\\/avatar\\\/89ffaf6af3cf6769ffb3c6efb2313947.jpg?ver=1777427547\",\"url\":\"https:\\\/\\\/www.americanonewspaper.com\\\/es\\\/wp-content\\\/litespeed\\\/avatar\\\/89ffaf6af3cf6769ffb3c6efb2313947.jpg?ver=1777427547\",\"contentUrl\":\"https:\\\/\\\/www.americanonewspaper.com\\\/es\\\/wp-content\\\/litespeed\\\/avatar\\\/89ffaf6af3cf6769ffb3c6efb2313947.jpg?ver=1777427547\",\"caption\":\"Author\"},\"url\":\"https:\\\/\\\/www.americanonewspaper.com\\\/es\\\/author\\\/americano\\\/\"}]}<\/script>\n<!-- \/ Yoast SEO Premium plugin. -->","yoast_head_json":{"title":"Im\u00e1genes capturadas por Artemis II en la cara oculta de la Luna - Americano Newspaper","description":"La NASA comparti\u00f3 este martes una serie de im\u00e1genes capturadas por la tripulaci\u00f3n de la misi\u00f3n Artemis II durante su paso por la cara oculta de la luna, en la fase central de su misi\u00f3n.\u00a0","robots":{"index":"index","follow":"follow","max-snippet":"max-snippet:-1","max-image-preview":"max-image-preview:large","max-video-preview":"max-video-preview:-1"},"canonical":"https:\/\/www.americanonewspaper.com\/es\/artemis-ii\/imagenes-capturadas-por-artemis-ii-en-la-cara-oculta-de-la-luna\/","og_locale":"en_US","og_type":"article","og_title":"Im\u00e1genes capturadas por Artemis II en la cara oculta de la Luna","og_description":"La NASA comparti\u00f3 este martes una serie de im\u00e1genes capturadas por la tripulaci\u00f3n de la misi\u00f3n Artemis II durante su paso por la cara oculta de la luna, en la fase central de su misi\u00f3n.\u00a0","og_url":"https:\/\/www.americanonewspaper.com\/es\/artemis-ii\/imagenes-capturadas-por-artemis-ii-en-la-cara-oculta-de-la-luna\/","og_site_name":"Americano Newspaper","article_publisher":"https:\/\/www.facebook.com\/AmericanoNewspaper\/","article_published_time":"2026-04-08T07:01:14+00:00","article_modified_time":"2026-04-08T07:01:47+00:00","og_image":[{"width":560,"height":373,"url":"https:\/\/www.americanonewspaper.com\/es\/wp-content\/uploads\/2026\/04\/c5bed3148693e85476b0fbe42b7c109f058caf0d.jpg","type":"image\/jpeg"}],"author":"Author","twitter_card":"summary_large_image","twitter_misc":{"Written by":"Author","Est. reading time":"3 minutes"},"schema":{"@context":"https:\/\/schema.org","@graph":[{"@type":"Article","@id":"https:\/\/www.americanonewspaper.com\/es\/artemis-ii\/imagenes-capturadas-por-artemis-ii-en-la-cara-oculta-de-la-luna\/#article","isPartOf":{"@id":"https:\/\/www.americanonewspaper.com\/es\/artemis-ii\/imagenes-capturadas-por-artemis-ii-en-la-cara-oculta-de-la-luna\/"},"author":{"name":"Author","@id":"https:\/\/www.americanonewspaper.com\/es\/#\/schema\/person\/8967f6b8af7e37bcbbe61f68580ff088"},"headline":"Im\u00e1genes capturadas por Artemis II en la cara oculta de la Luna","datePublished":"2026-04-08T07:01:14+00:00","dateModified":"2026-04-08T07:01:47+00:00","mainEntityOfPage":{"@id":"https:\/\/www.americanonewspaper.com\/es\/artemis-ii\/imagenes-capturadas-por-artemis-ii-en-la-cara-oculta-de-la-luna\/"},"wordCount":408,"commentCount":0,"publisher":{"@id":"https:\/\/www.americanonewspaper.com\/es\/#organization"},"image":{"@id":"https:\/\/www.americanonewspaper.com\/es\/artemis-ii\/imagenes-capturadas-por-artemis-ii-en-la-cara-oculta-de-la-luna\/#primaryimage"},"thumbnailUrl":"https:\/\/www.americanonewspaper.com\/es\/wp-content\/uploads\/2026\/04\/c5bed3148693e85476b0fbe42b7c109f058caf0d.jpg","articleSection":["Artemis II"],"inLanguage":"en-US","potentialAction":[{"@type":"CommentAction","name":"Comment","target":["https:\/\/www.americanonewspaper.com\/es\/artemis-ii\/imagenes-capturadas-por-artemis-ii-en-la-cara-oculta-de-la-luna\/#respond"]}]},{"@type":"WebPage","@id":"https:\/\/www.americanonewspaper.com\/es\/artemis-ii\/imagenes-capturadas-por-artemis-ii-en-la-cara-oculta-de-la-luna\/","url":"https:\/\/www.americanonewspaper.com\/es\/artemis-ii\/imagenes-capturadas-por-artemis-ii-en-la-cara-oculta-de-la-luna\/","name":"Im\u00e1genes capturadas por Artemis II en la cara oculta de la Luna - Americano Newspaper","isPartOf":{"@id":"https:\/\/www.americanonewspaper.com\/es\/#website"},"primaryImageOfPage":{"@id":"https:\/\/www.americanonewspaper.com\/es\/artemis-ii\/imagenes-capturadas-por-artemis-ii-en-la-cara-oculta-de-la-luna\/#primaryimage"},"image":{"@id":"https:\/\/www.americanonewspaper.com\/es\/artemis-ii\/imagenes-capturadas-por-artemis-ii-en-la-cara-oculta-de-la-luna\/#primaryimage"},"thumbnailUrl":"https:\/\/www.americanonewspaper.com\/es\/wp-content\/uploads\/2026\/04\/c5bed3148693e85476b0fbe42b7c109f058caf0d.jpg","datePublished":"2026-04-08T07:01:14+00:00","dateModified":"2026-04-08T07:01:47+00:00","description":"La NASA comparti\u00f3 este martes una serie de im\u00e1genes capturadas por la tripulaci\u00f3n de la misi\u00f3n Artemis II durante su paso por la cara oculta de la luna, en la fase central de su misi\u00f3n.\u00a0","breadcrumb":{"@id":"https:\/\/www.americanonewspaper.com\/es\/artemis-ii\/imagenes-capturadas-por-artemis-ii-en-la-cara-oculta-de-la-luna\/#breadcrumb"},"inLanguage":"en-US","potentialAction":[{"@type":"ReadAction","target":["https:\/\/www.americanonewspaper.com\/es\/artemis-ii\/imagenes-capturadas-por-artemis-ii-en-la-cara-oculta-de-la-luna\/"]}]},{"@type":"ImageObject","inLanguage":"en-US","@id":"https:\/\/www.americanonewspaper.com\/es\/artemis-ii\/imagenes-capturadas-por-artemis-ii-en-la-cara-oculta-de-la-luna\/#primaryimage","url":"https:\/\/www.americanonewspaper.com\/es\/wp-content\/uploads\/2026\/04\/c5bed3148693e85476b0fbe42b7c109f058caf0d.jpg","contentUrl":"https:\/\/www.americanonewspaper.com\/es\/wp-content\/uploads\/2026\/04\/c5bed3148693e85476b0fbe42b7c109f058caf0d.jpg","width":560,"height":373,"caption":"Fotograf\u00eda cedida por la NASA de una imagen tomada por integrantes de la tripulaci\u00f3n de la misi\u00f3n Artemis II el 6 de abril de 2026, que muestra a la Tierra observada desde la cara oculta de la Luna. EFE\/NASA"},{"@type":"BreadcrumbList","@id":"https:\/\/www.americanonewspaper.com\/es\/artemis-ii\/imagenes-capturadas-por-artemis-ii-en-la-cara-oculta-de-la-luna\/#breadcrumb","itemListElement":[{"@type":"ListItem","position":1,"name":"Home","item":"https:\/\/www.americanonewspaper.com\/es\/"},{"@type":"ListItem","position":2,"name":"Im\u00e1genes capturadas por Artemis II en la cara oculta de la Luna"}]},{"@type":"WebSite","@id":"https:\/\/www.americanonewspaper.com\/es\/#website","url":"https:\/\/www.americanonewspaper.com\/es\/","name":"Americano Newspaper","description":"The Hispanic Newspaper of New Jersey.","publisher":{"@id":"https:\/\/www.americanonewspaper.com\/es\/#organization"},"potentialAction":[{"@type":"SearchAction","target":{"@type":"EntryPoint","urlTemplate":"https:\/\/www.americanonewspaper.com\/es\/?s={search_term_string}"},"query-input":{"@type":"PropertyValueSpecification","valueRequired":true,"valueName":"search_term_string"}}],"inLanguage":"en-US"},{"@type":"Organization","@id":"https:\/\/www.americanonewspaper.com\/es\/#organization","name":"Americano Newspaper","url":"https:\/\/www.americanonewspaper.com\/es\/","logo":{"@type":"ImageObject","inLanguage":"en-US","@id":"https:\/\/www.americanonewspaper.com\/es\/#\/schema\/logo\/image\/","url":"https:\/\/www.americanonewspaper.com\/es\/wp-content\/uploads\/2024\/05\/AmericanoLogoCircle.comCircle2.jpg","contentUrl":"https:\/\/www.americanonewspaper.com\/es\/wp-content\/uploads\/2024\/05\/AmericanoLogoCircle.comCircle2.jpg","width":600,"height":600,"caption":"Americano Newspaper"},"image":{"@id":"https:\/\/www.americanonewspaper.com\/es\/#\/schema\/logo\/image\/"},"sameAs":["https:\/\/www.facebook.com\/AmericanoNewspaper\/"]},{"@type":"Person","@id":"https:\/\/www.americanonewspaper.com\/es\/#\/schema\/person\/8967f6b8af7e37bcbbe61f68580ff088","name":"Author","image":{"@type":"ImageObject","inLanguage":"en-US","@id":"https:\/\/www.americanonewspaper.com\/es\/wp-content\/litespeed\/avatar\/89ffaf6af3cf6769ffb3c6efb2313947.jpg?ver=1777427547","url":"https:\/\/www.americanonewspaper.com\/es\/wp-content\/litespeed\/avatar\/89ffaf6af3cf6769ffb3c6efb2313947.jpg?ver=1777427547","contentUrl":"https:\/\/www.americanonewspaper.com\/es\/wp-content\/litespeed\/avatar\/89ffaf6af3cf6769ffb3c6efb2313947.jpg?ver=1777427547","caption":"Author"},"url":"https:\/\/www.americanonewspaper.com\/es\/author\/americano\/"}]}},"jetpack_publicize_connections":[],"jetpack_featured_media_url":"https:\/\/www.americanonewspaper.com\/es\/wp-content\/uploads\/2026\/04\/c5bed3148693e85476b0fbe42b7c109f058caf0d.jpg","featured_image_urls":{"full":["https:\/\/www.americanonewspaper.com\/es\/wp-content\/uploads\/2026\/04\/c5bed3148693e85476b0fbe42b7c109f058caf0d.jpg",560,373,false],"thumbnail":["https:\/\/www.americanonewspaper.com\/es\/wp-content\/uploads\/2026\/04\/c5bed3148693e85476b0fbe42b7c109f058caf0d-250x250.jpg",250,250,true],"medium":["https:\/\/www.americanonewspaper.com\/es\/wp-content\/uploads\/2026\/04\/c5bed3148693e85476b0fbe42b7c109f058caf0d-300x200.jpg",300,200,true],"medium_large":["https:\/\/www.americanonewspaper.com\/es\/wp-content\/uploads\/2026\/04\/c5bed3148693e85476b0fbe42b7c109f058caf0d.jpg",560,373,false],"large":["https:\/\/www.americanonewspaper.com\/es\/wp-content\/uploads\/2026\/04\/c5bed3148693e85476b0fbe42b7c109f058caf0d.jpg",560,373,false],"1536x1536":["https:\/\/www.americanonewspaper.com\/es\/wp-content\/uploads\/2026\/04\/c5bed3148693e85476b0fbe42b7c109f058caf0d.jpg",560,373,false],"2048x2048":["https:\/\/www.americanonewspaper.com\/es\/wp-content\/uploads\/2026\/04\/c5bed3148693e85476b0fbe42b7c109f058caf0d.jpg",560,373,false],"td_150x0":["https:\/\/www.americanonewspaper.com\/es\/wp-content\/uploads\/2026\/04\/c5bed3148693e85476b0fbe42b7c109f058caf0d-150x100.jpg",150,100,true],"td_218x150":["https:\/\/www.americanonewspaper.com\/es\/wp-content\/uploads\/2026\/04\/c5bed3148693e85476b0fbe42b7c109f058caf0d-218x150.jpg",218,150,true],"td_300x0":["https:\/\/www.americanonewspaper.com\/es\/wp-content\/uploads\/2026\/04\/c5bed3148693e85476b0fbe42b7c109f058caf0d-300x200.jpg",300,200,true],"td_324x400":["https:\/\/www.americanonewspaper.com\/es\/wp-content\/uploads\/2026\/04\/c5bed3148693e85476b0fbe42b7c109f058caf0d-324x373.jpg",324,373,true],"td_485x360":["https:\/\/www.americanonewspaper.com\/es\/wp-content\/uploads\/2026\/04\/c5bed3148693e85476b0fbe42b7c109f058caf0d-485x360.jpg",485,360,true],"td_696x0":["https:\/\/www.americanonewspaper.com\/es\/wp-content\/uploads\/2026\/04\/c5bed3148693e85476b0fbe42b7c109f058caf0d.jpg",560,373,false],"td_1068x0":["https:\/\/www.americanonewspaper.com\/es\/wp-content\/uploads\/2026\/04\/c5bed3148693e85476b0fbe42b7c109f058caf0d.jpg",560,373,false],"td_1920x0":["https:\/\/www.americanonewspaper.com\/es\/wp-content\/uploads\/2026\/04\/c5bed3148693e85476b0fbe42b7c109f058caf0d.jpg",560,373,false],"bdpp-medium":["https:\/\/www.americanonewspaper.com\/es\/wp-content\/uploads\/2026\/04\/c5bed3148693e85476b0fbe42b7c109f058caf0d.jpg",560,373,false]},"author_info":{"display_name":"Author","author_link":"https:\/\/www.americanonewspaper.com\/es\/author\/americano\/"},"category_info":"<a href=\"https:\/\/www.americanonewspaper.com\/es\/category\/artemis-ii\/\" rel=\"category tag\">Artemis II<\/a>","tag_info":"Artemis II","comment_count":"0","jetpack_sharing_enabled":true,"jetpack_likes_enabled":true,"_links":{"self":[{"href":"https:\/\/www.americanonewspaper.com\/es\/wp-json\/wp\/v2\/posts\/31631","targetHints":{"allow":["GET"]}}],"collection":[{"href":"https:\/\/www.americanonewspaper.com\/es\/wp-json\/wp\/v2\/posts"}],"about":[{"href":"https:\/\/www.americanonewspaper.com\/es\/wp-json\/wp\/v2\/types\/post"}],"author":[{"embeddable":true,"href":"https:\/\/www.americanonewspaper.com\/es\/wp-json\/wp\/v2\/users\/7"}],"replies":[{"embeddable":true,"href":"https:\/\/www.americanonewspaper.com\/es\/wp-json\/wp\/v2\/comments?post=31631"}],"version-history":[{"count":2,"href":"https:\/\/www.americanonewspaper.com\/es\/wp-json\/wp\/v2\/posts\/31631\/revisions"}],"predecessor-version":[{"id":31637,"href":"https:\/\/www.americanonewspaper.com\/es\/wp-json\/wp\/v2\/posts\/31631\/revisions\/31637"}],"wp:featuredmedia":[{"embeddable":true,"href":"https:\/\/www.americanonewspaper.com\/es\/wp-json\/wp\/v2\/media\/31634"}],"wp:attachment":[{"href":"https:\/\/www.americanonewspaper.com\/es\/wp-json\/wp\/v2\/media?parent=31631"}],"wp:term":[{"taxonomy":"category","embeddable":true,"href":"https:\/\/www.americanonewspaper.com\/es\/wp-json\/wp\/v2\/categories?post=31631"},{"taxonomy":"post_tag","embeddable":true,"href":"https:\/\/www.americanonewspaper.com\/es\/wp-json\/wp\/v2\/tags?post=31631"}],"curies":[{"name":"wp","href":"https:\/\/api.w.org\/{rel}","templated":true}]}}