{"id":31615,"date":"2026-04-07T23:25:42","date_gmt":"2026-04-08T03:25:42","guid":{"rendered":"https:\/\/www.americanonewspaper.com\/es\/?p=31615"},"modified":"2026-04-07T23:25:48","modified_gmt":"2026-04-08T03:25:48","slug":"el-caso-de-trump-sobre-la-ciudadania-por-derecho-de-nacimiento-y-la-identidad-estadounidense","status":"publish","type":"post","link":"https:\/\/www.americanonewspaper.com\/es\/donald-trump\/el-caso-de-trump-sobre-la-ciudadania-por-derecho-de-nacimiento-y-la-identidad-estadounidense\/","title":{"rendered":"El caso de Trump sobre la ciudadan\u00eda por derecho de nacimiento y la identidad estadounidense"},"content":{"rendered":"\n<p><strong>El caso de Trump sobre la ciudadan\u00eda por derecho de nacimiento y la identidad estadounidense<\/strong><\/p>\n\n\n\n<p><em>El fiscal general de Nueva Jersey, un estado en donde uno de cada cuatro habitantes naci\u00f3 en el extranjero, firma una declaraci\u00f3n: La orden viola la Constituci\u00f3n, las leyes y 150 a\u00f1os de tradici\u00f3n.<\/em><\/p>\n\n\n\n<p>Por Benjamin J. Hulac, NJ Spotlight News<\/p>\n\n\n\n<p class=\"dropcapp3\">Durante las audiencias orales del mi\u00e9rcoles 1 de abril, los magistrados de la Corte Suprema se mostraron esc\u00e9pticos ante el razonamiento del gobierno de Trump para poner fin a la ciudadan\u00eda por derecho de nacimiento, una medida que sembrar\u00eda el caos legal y alterar\u00eda fundamentalmente el significado de ser estadounidense.<\/p>\n\n\n\n<figure class=\"wp-block-image size-full\"><a href=\"https:\/\/ggllawyers.com\/es\/new-jersey-personal-injury-and-workers-compensation-lawyer\/\" target=\"_blank\" rel=\" noreferrer noopener\"><img fetchpriority=\"high\" decoding=\"async\" width=\"560\" height=\"269\" src=\"https:\/\/www.americanonewspaper.com\/es\/wp-content\/uploads\/2026\/03\/GGlSpanish-1.jpg\" alt=\"Abogados de accidentes\" class=\"wp-image-31410\" srcset=\"https:\/\/www.americanonewspaper.com\/es\/wp-content\/uploads\/2026\/03\/GGlSpanish-1.jpg 560w, https:\/\/www.americanonewspaper.com\/es\/wp-content\/uploads\/2026\/03\/GGlSpanish-1-300x144.jpg 300w, https:\/\/www.americanonewspaper.com\/es\/wp-content\/uploads\/2026\/03\/GGlSpanish-1-150x72.jpg 150w\" sizes=\"(max-width: 560px) 100vw, 560px\" \/><\/a><figcaption class=\"wp-element-caption\">Abogados de accidentes<\/figcaption><\/figure>\n\n\n\n<p>El caso se origin\u00f3 a partir de una orden ejecutiva que Donald Trump firm\u00f3 el primer d\u00eda de su presidencia el a\u00f1o pasado, tras haber <a href=\"https:\/\/www.c-span.org\/clip\/campaign-2024\/donald-trump-on-illegal-immigrants-poisoning-the-blood-of-our-country\/5098439\">declarado<\/a> durante la campa\u00f1a electoral que los inmigrantes estaban &#8220;envenenando la sangre del pa\u00eds&#8221;, un eco de la ret\u00f3rica de Adolf Hitler en &#8220;Mein Kampf&#8221;.<\/p>\n\n\n\n<p>La mayor\u00eda de los expertos legales coinciden en que la orden de Trump viola la <a href=\"https:\/\/www.archives.gov\/founding-docs\/constitution-transcript\">Constituci\u00f3n de los Estados Unidos<\/a>. El decreto a\u00fan no ha entrado en vigor y los tribunales inferiores han fallado en contra del gobierno. En sus alegatos ante la Corte Suprema, el gobierno de Trump argument\u00f3 que la ciudadan\u00eda por derecho de nacimiento deber\u00eda aplicarse de forma m\u00e1s restrictiva.<\/p>\n\n\n\n<p>&#8220;Vivimos en un mundo nuevo donde ocho mil millones de personas est\u00e1n a un solo vuelo de tener un hijo ciudadano estadounidense&#8221;, declar\u00f3 John Sauer, procurador general y exabogado defensor personal de Trump, ante el tribunal el mi\u00e9rcoles por la ma\u00f1ana.<\/p>\n\n\n\n<p>&#8220;Bueno, es un mundo nuevo. Pero es la misma Constituci\u00f3n&#8221;, respondi\u00f3 el presidente del Tribunal Supremo, John Roberts, a Sauer, quien defendi\u00f3 el caso del gobierno. En un momento dado, Roberts calific\u00f3 algunos elementos legales de los argumentos de Sauer como &#8220;peculiares e idiosincr\u00e1sicos&#8221;.<\/p>\n\n\n\n<figure class=\"wp-block-image size-full\"><a href=\"https:\/\/www.nissancityspringfield.com\/\" target=\"_blank\" rel=\" noreferrer noopener\"><img decoding=\"async\" width=\"560\" height=\"303\" src=\"https:\/\/www.americanonewspaper.com\/es\/wp-content\/uploads\/2026\/03\/Nissan-City-Spanish-560-1.jpg\" alt=\"\" class=\"wp-image-31412\" srcset=\"https:\/\/www.americanonewspaper.com\/es\/wp-content\/uploads\/2026\/03\/Nissan-City-Spanish-560-1.jpg 560w, https:\/\/www.americanonewspaper.com\/es\/wp-content\/uploads\/2026\/03\/Nissan-City-Spanish-560-1-300x162.jpg 300w, https:\/\/www.americanonewspaper.com\/es\/wp-content\/uploads\/2026\/03\/Nissan-City-Spanish-560-1-150x81.jpg 150w\" sizes=\"(max-width: 560px) 100vw, 560px\" \/><\/a><figcaption class=\"wp-element-caption\">Nissan City<\/figcaption><\/figure>\n\n\n\n<p>Los conservadores tienen una mayor\u00eda de 6 a 3 en el tribunal, que se espera que emita su tan esperado veredicto al final del periodo de sesiones, a finales de junio o principios de julio.<\/p>\n\n\n\n<p>El caso, Trump v. Barbara, es uno de los asuntos legales m\u00e1s importantes de la era Trump. \u00c9l asisti\u00f3 a las audiencias orales ante el tribunal el mi\u00e9rcoles, siendo el primer presidente en ejercicio en hacerlo, y no intervino.<\/p>\n\n\n\n<figure class=\"wp-block-image size-full\"><img decoding=\"async\" width=\"560\" height=\"312\" src=\"https:\/\/www.americanonewspaper.com\/es\/wp-content\/uploads\/2026\/04\/14th.jpg\" alt=\"\" class=\"wp-image-31620\" srcset=\"https:\/\/www.americanonewspaper.com\/es\/wp-content\/uploads\/2026\/04\/14th.jpg 560w, https:\/\/www.americanonewspaper.com\/es\/wp-content\/uploads\/2026\/04\/14th-300x167.jpg 300w, https:\/\/www.americanonewspaper.com\/es\/wp-content\/uploads\/2026\/04\/14th-150x84.jpg 150w\" sizes=\"(max-width: 560px) 100vw, 560px\" \/><figcaption class=\"wp-element-caption\">Screenshot<\/figcaption><\/figure>\n\n\n\n<p>Los defensores de la ciudadan\u00eda por nacimiento se reunieron el mi\u00e9rcoles 1 de abril, frente a la Corte Suprema de los Estados Unidos, donde el presidente Donald Trump asisti\u00f3 a las vistas orales. <em>Cr\u00e9dito: (Benjamin J. Hulac\/NJ Spotlight News)<\/em><\/p>\n\n\n\n<p><strong>\u00bfQu\u00e9 est\u00e1 en juego?<\/strong><\/p>\n\n\n\n<p>Un fallo a favor de Trump podr\u00eda transformar radicalmente la ley de inmigraci\u00f3n y los derechos personales de millones de personas en Estados Unidos.<\/p>\n\n\n\n<p>Cada a\u00f1o, se estima que 250,000 beb\u00e9s nacen de hijos de ciudadanos indocumentados en todo el pa\u00eds. Retirar la ciudadan\u00eda estadounidense a esos ni\u00f1os plantear\u00eda interrogantes pr\u00e1cticas, como se\u00f1alaron magistrados, entre ellos Brett Kavanaugh, del ala conservadora del tribunal, durante las audiencias orales de un caso relacionado en mayo de 2025.<\/p>\n\n\n\n<figure class=\"wp-block-image size-full\"><a href=\"https:\/\/www.manuelbatistalaw.com\/\" target=\"_blank\" rel=\" noreferrer noopener\"><img loading=\"lazy\" decoding=\"async\" width=\"560\" height=\"257\" src=\"https:\/\/www.americanonewspaper.com\/es\/wp-content\/uploads\/2026\/03\/ManuelBatistaSpanish-1.jpg\" alt=\"\" class=\"wp-image-31414\" srcset=\"https:\/\/www.americanonewspaper.com\/es\/wp-content\/uploads\/2026\/03\/ManuelBatistaSpanish-1.jpg 560w, https:\/\/www.americanonewspaper.com\/es\/wp-content\/uploads\/2026\/03\/ManuelBatistaSpanish-1-300x138.jpg 300w, https:\/\/www.americanonewspaper.com\/es\/wp-content\/uploads\/2026\/03\/ManuelBatistaSpanish-1-150x69.jpg 150w\" sizes=\"(max-width: 560px) 100vw, 560px\" \/><\/a><\/figure>\n\n\n\n<p>&#8220;El d\u00eda despu\u00e9s de que entre en vigor \u2014y esta es una cuesti\u00f3n muy pr\u00e1ctica\u2014 \u00bfc\u00f3mo va a funcionar esto? \u00bfQu\u00e9 har\u00e1n los hospitales con un reci\u00e9n nacido?&#8221;, pregunt\u00f3 Kavanaugh a Sauer, quien no tuvo una respuesta clara.<\/p>\n\n\n\n<p>El magistrado Neil Gorsuch formul\u00f3 preguntas dif\u00edciles a Sauer, y Cecillia Wang, directora legal de la Uni\u00f3n Estadounidense por las Libertades Civiles (ACLU), defendi\u00f3 el caso para proteger la ciudadan\u00eda por derecho de nacimiento.<\/p>\n\n\n\n<p>Gorsuch, conocido por su atenci\u00f3n a los asuntos ind\u00edgenas, pregunt\u00f3 a Sauer si los nativos americanos son ciudadanos estadounidenses por nacimiento. &#8220;\u00bfCree que son ciudadanos por derecho de nacimiento?&#8221;.<\/p>\n\n\n\n<p>Sauer respondi\u00f3: &#8220;Creo que s\u00ed&#8221;. A\u00f1adi\u00f3: &#8220;Tengo que pensarlo bien&#8221;.<\/p>\n\n\n\n<p>\u00bfLa orden dar\u00eda lugar a un nuevo tipo de ciudadano? \u00bfEsta clase diferente de ciudadano gozar\u00eda de derechos similares a los de un ciudadano de pleno derecho? \u00bfRecibir\u00edan n\u00fameros del Seguro Social? \u00bfPasaportes? \u00bfC\u00f3mo variar\u00edan sus derechos de un estado a otro si, bajo la orden de Trump, surgiera un mosaico legal?<\/p>\n\n\n\n<p>En las disputas judiciales sobre la orden de Trump, no se han encontrado respuestas claras a ninguna de estas preguntas.<\/p>\n\n\n\n<figure class=\"wp-block-image size-full\"><a href=\"https:\/\/www.linkedin.com\/in\/jaimeberrios\/\" target=\"_blank\" rel=\" noreferrer noopener\"><img loading=\"lazy\" decoding=\"async\" width=\"560\" height=\"257\" src=\"https:\/\/www.americanonewspaper.com\/es\/wp-content\/uploads\/2026\/03\/Jaime-copy-2-1.jpg\" alt=\"\" class=\"wp-image-31415\" srcset=\"https:\/\/www.americanonewspaper.com\/es\/wp-content\/uploads\/2026\/03\/Jaime-copy-2-1.jpg 560w, https:\/\/www.americanonewspaper.com\/es\/wp-content\/uploads\/2026\/03\/Jaime-copy-2-1-300x138.jpg 300w, https:\/\/www.americanonewspaper.com\/es\/wp-content\/uploads\/2026\/03\/Jaime-copy-2-1-150x69.jpg 150w\" sizes=\"(max-width: 560px) 100vw, 560px\" \/><\/a><\/figure>\n\n\n\n<p><strong>Antecedentes del caso<\/strong><\/p>\n\n\n\n<p>Los fiscales generales dem\u00f3cratas, incluido el exfiscal general de Nueva Jersey, Matt Platkin, demandaron el a\u00f1o pasado para bloquear la orden de Trump. Si la Casa Blanca gana, reinar\u00eda la confusi\u00f3n legal, declar\u00f3 Platkin a NJ Spotlight News en las escaleras de la Corte Suprema el a\u00f1o pasado.<\/p>\n\n\n\n<p>&#8220;Para las personas del sur de Nueva Jersey que dan a luz en Filadelfia, algo que ocurre con frecuencia, la ciudadan\u00eda de su hijo depender\u00eda de si acuden a un hospital del sur de Nueva Jersey o de Filadelfia&#8221;, afirm\u00f3 Platkin.<\/p>\n\n\n\n<p>A\u00f1adi\u00f3: &#8220;Conf\u00edo en que vamos a ganar&#8221;.<\/p>\n\n\n\n<p>En el caso anterior, que involucraba \u00f3rdenes judiciales a nivel nacional, el tribunal fall\u00f3 6-3 en contra de la administraci\u00f3n.<\/p>\n\n\n\n<p>Los fiscales generales dem\u00f3cratas, incluida Jennifer Davenport, la m\u00e1xima autoridad policial de Nueva Jersey, se mostraron confiados en que la administraci\u00f3n perder\u00eda en los tribunales. &#8220;La orden ejecutiva del presidente que redefine la ciudadan\u00eda por derecho de nacimiento viola nuestra Constituci\u00f3n, las leyes federales y la norma que ha regido nuestra naci\u00f3n durante m\u00e1s de 150 a\u00f1os&#8221;, declararon los fiscales en un comunicado.<\/p>\n\n\n\n<figure class=\"wp-block-image size-full\"><a href=\"https:\/\/ramospodiatry.com\/\" target=\"_blank\" rel=\" noreferrer noopener\"><img loading=\"lazy\" decoding=\"async\" width=\"560\" height=\"257\" src=\"https:\/\/www.americanonewspaper.com\/es\/wp-content\/uploads\/2026\/03\/Ramos-Spanish560-1.jpg\" alt=\"\" class=\"wp-image-31416\" srcset=\"https:\/\/www.americanonewspaper.com\/es\/wp-content\/uploads\/2026\/03\/Ramos-Spanish560-1.jpg 560w, https:\/\/www.americanonewspaper.com\/es\/wp-content\/uploads\/2026\/03\/Ramos-Spanish560-1-300x138.jpg 300w, https:\/\/www.americanonewspaper.com\/es\/wp-content\/uploads\/2026\/03\/Ramos-Spanish560-1-150x69.jpg 150w\" sizes=\"(max-width: 560px) 100vw, 560px\" \/><\/a><\/figure>\n\n\n\n<p><strong>Historial jur\u00eddico<\/strong><\/p>\n\n\n\n<p>Considerada legalmente establecida desde el siglo XIX, la ciudadan\u00eda por derecho de nacimiento otorga la nacionalidad estadounidense a todo ni\u00f1o nacido en territorio estadounidense de padres sin estatus legal permanente. En 1868, la ciudadan\u00eda por derecho de nacimiento se incorpor\u00f3 a la Constituci\u00f3n mediante la 14.\u00aa enmienda.<\/p>\n\n\n\n<p>&#8220;Todas las personas nacidas o naturalizadas en los Estados Unidos, y sujetas a su jurisdicci\u00f3n, son ciudadanos de los Estados Unidos y del estado en el que residen&#8221;, reza la enmienda.<\/p>\n\n\n\n<p>La Corte Suprema se sum\u00f3 a esa jurisprudencia en 1898, cuando dictamin\u00f3, 6-2, en el caso U.S. v. Wong Kim Ark, que un ni\u00f1o nacido en los EE. UU. \u2014en este caso, San Francisco\u2014 de padres chinos era ciudadano estadounidense. El Congreso tambi\u00e9n se ha pronunciado sobre el tema. En 1940, y luego en 1952, el Congreso aprob\u00f3 una ley que establec\u00eda que cualquier persona &#8220;nacida en los Estados Unidos y sujeta a su jurisdicci\u00f3n&#8221; es ciudadano estadounidense.<\/p>\n\n\n\n<figure class=\"wp-block-image size-full\"><a href=\"https:\/\/inthepinkroom.com\/\" target=\"_blank\" rel=\" noreferrer noopener\"><img loading=\"lazy\" decoding=\"async\" width=\"560\" height=\"313\" src=\"https:\/\/www.americanonewspaper.com\/es\/wp-content\/uploads\/2026\/03\/PinkRoom-Spanish560.jpg\" alt=\"\" class=\"wp-image-31413\" srcset=\"https:\/\/www.americanonewspaper.com\/es\/wp-content\/uploads\/2026\/03\/PinkRoom-Spanish560.jpg 560w, https:\/\/www.americanonewspaper.com\/es\/wp-content\/uploads\/2026\/03\/PinkRoom-Spanish560-300x168.jpg 300w, https:\/\/www.americanonewspaper.com\/es\/wp-content\/uploads\/2026\/03\/PinkRoom-Spanish560-150x84.jpg 150w\" sizes=\"(max-width: 560px) 100vw, 560px\" \/><\/a><figcaption class=\"wp-element-caption\">Fajas<\/figcaption><\/figure>\n\n\n\n<p>Eliminar este fundamento legal podr\u00eda afectar a Nueva Jersey m\u00e1s que a otros estados. M\u00e1s de una cuarta parte de los residentes del estado nacieron en otro pa\u00eds, en comparaci\u00f3n con el resto de la naci\u00f3n, donde aproximadamente el 14.8% naci\u00f3 en el extranjero, seg\u00fan datos de la Oficina del Censo de Estados Unidos.<\/p>\n\n\n\n<p>Hace dos a\u00f1os, Trump hizo campa\u00f1a prometiendo acabar con la ciudadan\u00eda por derecho de nacimiento y llevar a cabo una operaci\u00f3n de deportaci\u00f3n a nivel nacional. En su campa\u00f1a de 2024, Trump afirm\u00f3 que los inmigrantes est\u00e1n &#8220;envenenando la sangre del pa\u00eds&#8221;. Como descendiente de inmigrantes escoceses y alemanes, en su segundo mandato implement\u00f3 pol\u00edticas que favorecen a los inmigrantes blancos de Sud\u00e1frica, creando un programa de refugiados del Departamento de Estado para descendientes de colonizadores holandeses.<\/p>\n\n\n\n<p>Por otra parte, Trump cre\u00f3 un <a href=\"https:\/\/za.usembassy.gov\/refugee-admissions-program-for-south-africans\/\">programa<\/a> de inmigraci\u00f3n llamado &#8220;Tarjeta Dorada&#8221;, que permite la entrada al pa\u00eds a cualquier persona con un mill\u00f3n de d\u00f3lares.<\/p>\n\n\n\n<figure class=\"wp-block-image size-full\"><a href=\"https:\/\/lan.nationbuilder.com\/lan_legislative_assembly_2026\" target=\"_blank\" rel=\" noreferrer noopener\"><img loading=\"lazy\" decoding=\"async\" width=\"560\" height=\"257\" src=\"https:\/\/www.americanonewspaper.com\/es\/wp-content\/uploads\/2026\/03\/Lan-revised-copy.jpg\" alt=\"\" class=\"wp-image-31500\" srcset=\"https:\/\/www.americanonewspaper.com\/es\/wp-content\/uploads\/2026\/03\/Lan-revised-copy.jpg 560w, https:\/\/www.americanonewspaper.com\/es\/wp-content\/uploads\/2026\/03\/Lan-revised-copy-300x138.jpg 300w, https:\/\/www.americanonewspaper.com\/es\/wp-content\/uploads\/2026\/03\/Lan-revised-copy-150x69.jpg 150w\" sizes=\"(max-width: 560px) 100vw, 560px\" \/><\/a><\/figure>\n\n\n\n<p><strong><em>Esta traducci\u00f3n fue proporcionada por <\/em><\/strong><a href=\"https:\/\/reportehispano.com\/\"><strong><em>Reporte Hispano<\/em><\/strong><\/a><strong><em>, en asociaci\u00f3n con el Centro de Medios Cooperativos de la Universidad Estatal de Montclair, y cuenta con el apoyo financiero del Consorcio de Informaci\u00f3n C\u00edvica de NJ. La historia fue escrita originalmente en ingl\u00e9s por <\/em><\/strong><a href=\"https:\/\/www.njspotlightnews.org\/2026\/04\/explainer-trumps-birthright-citizenship-case-and-american-identity\/\"><strong><em>NJ Spotlight News<\/em><\/strong><\/a><strong><em> y se vuelve a publicar en virtud de un acuerdo especial para compartir contenido a trav\u00e9s del Servicio de noticias de traducci\u00f3n al espa\u00f1ol de NJ News Commons.<\/em><\/strong><\/p>\n\n\n\n<figure class=\"wp-block-image size-full\"><a href=\"https:\/\/tayakan.com\/\" target=\"_blank\" rel=\" noreferrer noopener\"><img loading=\"lazy\" decoding=\"async\" width=\"560\" height=\"165\" src=\"https:\/\/www.americanonewspaper.com\/es\/wp-content\/uploads\/2026\/03\/Tayakan-Webcopy-3.jpg\" alt=\"\" class=\"wp-image-31472\" srcset=\"https:\/\/www.americanonewspaper.com\/es\/wp-content\/uploads\/2026\/03\/Tayakan-Webcopy-3.jpg 560w, https:\/\/www.americanonewspaper.com\/es\/wp-content\/uploads\/2026\/03\/Tayakan-Webcopy-3-300x88.jpg 300w, https:\/\/www.americanonewspaper.com\/es\/wp-content\/uploads\/2026\/03\/Tayakan-Webcopy-3-150x44.jpg 150w\" sizes=\"(max-width: 560px) 100vw, 560px\" \/><\/a><\/figure>\n\n\n\n<p><strong><em>This translation was provided by <\/em><\/strong><a href=\"https:\/\/reportehispano.com\/\"><strong><em>Reporte Hispano<\/em><\/strong><\/a><strong><em>, in partnership with Montclair State University\u2019s Center for Cooperative Media and is supported financially by the NJ Civic Information Consortium. The story was originally written in English by <\/em><\/strong><a href=\"https:\/\/www.njspotlightnews.org\/2026\/04\/explainer-trumps-birthright-citizenship-case-and-american-identity\/\"><strong><em>NJ Spotlight News<\/em><\/strong><\/a><strong><em> and is republished under a special content-sharing agreement through NJ News Commons\u2019 Spanish Translation News Service.<\/em><\/strong><\/p>\n","protected":false},"excerpt":{"rendered":"<p>El caso de Trump sobre la ciudadan\u00eda por derecho de nacimiento y la identidad estadounidense El fiscal general de Nueva Jersey, un estado en donde uno de cada cuatro habitantes naci\u00f3 en el extranjero, firma una declaraci\u00f3n: La orden viola la Constituci\u00f3n, las leyes y 150 a\u00f1os de tradici\u00f3n. Por Benjamin J. Hulac, NJ Spotlight [&hellip;]<\/p>\n","protected":false},"author":7,"featured_media":31619,"comment_status":"open","ping_status":"open","sticky":false,"template":"","format":"standard","meta":{"_acf_changed":false,"tdm_status":"","tdm_grid_status":"","_jetpack_memberships_contains_paid_content":false,"footnotes":"","jetpack_publicize_message":"","jetpack_publicize_feature_enabled":true,"jetpack_social_post_already_shared":false,"jetpack_social_options":{"image_generator_settings":{"template":"highway","default_image_id":0,"font":"","enabled":false,"token":"eyJpbWciOiJodHRwczpcL1wvd3d3LmFtZXJpY2Fub25ld3NwYXBlci5jb21cL2VzXC93cC1jb250ZW50XC91cGxvYWRzXC8yMDI2XC8wNFwvYmlydGguanBnIiwidHh0IjoiRWwgY2FzbyBkZSBUcnVtcCBzb2JyZSBsYSBjaXVkYWRhblx1MDBlZGEgcG9yIGRlcmVjaG8gZGUgbmFjaW1pZW50byB5IGxhIGlkZW50aWRhZCBlc3RhZG91bmlkZW5zZSIsInRlbXBsYXRlIjoiaGlnaHdheSIsImZvbnQiOiIiLCJibG9nX2lkIjoyMjg2MTk1NzR9.Lz_I05xzXUpLwysbegiIc3bFrq55udrxdOkPoE9nKiEMQ"},"version":2,"media_source":"featured-image","attached_media":[{"id":31619,"url":"https:\/\/www.americanonewspaper.com\/es\/wp-content\/uploads\/2026\/04\/birth.jpg","type":"image\/jpeg"}]},"_wpas_customize_per_network":false},"categories":[1173,1295,701,545],"tags":[],"class_list":{"0":"post-31615","1":"post","2":"type-post","3":"status-publish","4":"format-standard","5":"has-post-thumbnail","7":"category-administracion-trump","8":"category-corte-suprema-de-eeuu","9":"category-donald-trump","10":"category-justicia"},"acf":[],"yoast_head":"<!-- This site is optimized with the Yoast SEO Premium plugin v27.5 (Yoast SEO v27.5) - https:\/\/yoast.com\/product\/yoast-seo-premium-wordpress\/ -->\n<title>El caso de Trump sobre la ciudadan\u00eda por derecho de nacimiento y la identidad estadounidense - Americano Newspaper<\/title>\n<meta name=\"description\" content=\"Durante las audiencias orales del mi\u00e9rcoles 1 de abril, los magistrados de la Corte Suprema se mostraron esc\u00e9pticos ante el razonamiento del gobierno de Trump para poner fin a la ciudadan\u00eda por derecho de nacimiento, una medida que sembrar\u00eda el caos legal y alterar\u00eda fundamentalmente el significado de ser estadounidense.\" \/>\n<meta name=\"robots\" content=\"index, follow, max-snippet:-1, max-image-preview:large, max-video-preview:-1\" \/>\n<link rel=\"canonical\" href=\"https:\/\/www.americanonewspaper.com\/es\/donald-trump\/el-caso-de-trump-sobre-la-ciudadania-por-derecho-de-nacimiento-y-la-identidad-estadounidense\/\" \/>\n<meta property=\"og:locale\" content=\"en_US\" \/>\n<meta property=\"og:type\" content=\"article\" \/>\n<meta property=\"og:title\" content=\"El caso de Trump sobre la ciudadan\u00eda por derecho de nacimiento y la identidad estadounidense\" \/>\n<meta property=\"og:description\" content=\"Durante las audiencias orales del mi\u00e9rcoles 1 de abril, los magistrados de la Corte Suprema se mostraron esc\u00e9pticos ante el razonamiento del gobierno de Trump para poner fin a la ciudadan\u00eda por derecho de nacimiento, una medida que sembrar\u00eda el caos legal y alterar\u00eda fundamentalmente el significado de ser estadounidense.\" \/>\n<meta property=\"og:url\" content=\"https:\/\/www.americanonewspaper.com\/es\/donald-trump\/el-caso-de-trump-sobre-la-ciudadania-por-derecho-de-nacimiento-y-la-identidad-estadounidense\/\" \/>\n<meta property=\"og:site_name\" content=\"Americano Newspaper\" \/>\n<meta property=\"article:publisher\" content=\"https:\/\/www.facebook.com\/AmericanoNewspaper\/\" \/>\n<meta property=\"article:published_time\" content=\"2026-04-08T03:25:42+00:00\" \/>\n<meta property=\"article:modified_time\" content=\"2026-04-08T03:25:48+00:00\" \/>\n<meta property=\"og:image\" content=\"https:\/\/www.americanonewspaper.com\/es\/wp-content\/uploads\/2026\/04\/birth.jpg\" \/>\n\t<meta property=\"og:image:width\" content=\"560\" \/>\n\t<meta property=\"og:image:height\" content=\"312\" \/>\n\t<meta property=\"og:image:type\" content=\"image\/jpeg\" \/>\n<meta name=\"author\" content=\"Author\" \/>\n<meta name=\"twitter:card\" content=\"summary_large_image\" \/>\n<meta name=\"twitter:label1\" content=\"Written by\" \/>\n\t<meta name=\"twitter:data1\" content=\"Author\" \/>\n\t<meta name=\"twitter:label2\" content=\"Est. reading time\" \/>\n\t<meta name=\"twitter:data2\" content=\"8 minutes\" \/>\n<script type=\"application\/ld+json\" class=\"yoast-schema-graph\">{\"@context\":\"https:\\\/\\\/schema.org\",\"@graph\":[{\"@type\":\"Article\",\"@id\":\"https:\\\/\\\/www.americanonewspaper.com\\\/es\\\/donald-trump\\\/el-caso-de-trump-sobre-la-ciudadania-por-derecho-de-nacimiento-y-la-identidad-estadounidense\\\/#article\",\"isPartOf\":{\"@id\":\"https:\\\/\\\/www.americanonewspaper.com\\\/es\\\/donald-trump\\\/el-caso-de-trump-sobre-la-ciudadania-por-derecho-de-nacimiento-y-la-identidad-estadounidense\\\/\"},\"author\":{\"name\":\"Author\",\"@id\":\"https:\\\/\\\/www.americanonewspaper.com\\\/es\\\/#\\\/schema\\\/person\\\/8967f6b8af7e37bcbbe61f68580ff088\"},\"headline\":\"El caso de Trump sobre la ciudadan\u00eda por derecho de nacimiento y la identidad estadounidense\",\"datePublished\":\"2026-04-08T03:25:42+00:00\",\"dateModified\":\"2026-04-08T03:25:48+00:00\",\"mainEntityOfPage\":{\"@id\":\"https:\\\/\\\/www.americanonewspaper.com\\\/es\\\/donald-trump\\\/el-caso-de-trump-sobre-la-ciudadania-por-derecho-de-nacimiento-y-la-identidad-estadounidense\\\/\"},\"wordCount\":1433,\"commentCount\":0,\"publisher\":{\"@id\":\"https:\\\/\\\/www.americanonewspaper.com\\\/es\\\/#organization\"},\"image\":{\"@id\":\"https:\\\/\\\/www.americanonewspaper.com\\\/es\\\/donald-trump\\\/el-caso-de-trump-sobre-la-ciudadania-por-derecho-de-nacimiento-y-la-identidad-estadounidense\\\/#primaryimage\"},\"thumbnailUrl\":\"https:\\\/\\\/www.americanonewspaper.com\\\/es\\\/wp-content\\\/uploads\\\/2026\\\/04\\\/birth.jpg\",\"articleSection\":[\"Administraci\u00f3n Trump\",\"Corte Suprema de EEUU\",\"Donald Trump\",\"Justicia\"],\"inLanguage\":\"en-US\",\"potentialAction\":[{\"@type\":\"CommentAction\",\"name\":\"Comment\",\"target\":[\"https:\\\/\\\/www.americanonewspaper.com\\\/es\\\/donald-trump\\\/el-caso-de-trump-sobre-la-ciudadania-por-derecho-de-nacimiento-y-la-identidad-estadounidense\\\/#respond\"]}]},{\"@type\":\"WebPage\",\"@id\":\"https:\\\/\\\/www.americanonewspaper.com\\\/es\\\/donald-trump\\\/el-caso-de-trump-sobre-la-ciudadania-por-derecho-de-nacimiento-y-la-identidad-estadounidense\\\/\",\"url\":\"https:\\\/\\\/www.americanonewspaper.com\\\/es\\\/donald-trump\\\/el-caso-de-trump-sobre-la-ciudadania-por-derecho-de-nacimiento-y-la-identidad-estadounidense\\\/\",\"name\":\"El caso de Trump sobre la ciudadan\u00eda por derecho de nacimiento y la identidad estadounidense - Americano Newspaper\",\"isPartOf\":{\"@id\":\"https:\\\/\\\/www.americanonewspaper.com\\\/es\\\/#website\"},\"primaryImageOfPage\":{\"@id\":\"https:\\\/\\\/www.americanonewspaper.com\\\/es\\\/donald-trump\\\/el-caso-de-trump-sobre-la-ciudadania-por-derecho-de-nacimiento-y-la-identidad-estadounidense\\\/#primaryimage\"},\"image\":{\"@id\":\"https:\\\/\\\/www.americanonewspaper.com\\\/es\\\/donald-trump\\\/el-caso-de-trump-sobre-la-ciudadania-por-derecho-de-nacimiento-y-la-identidad-estadounidense\\\/#primaryimage\"},\"thumbnailUrl\":\"https:\\\/\\\/www.americanonewspaper.com\\\/es\\\/wp-content\\\/uploads\\\/2026\\\/04\\\/birth.jpg\",\"datePublished\":\"2026-04-08T03:25:42+00:00\",\"dateModified\":\"2026-04-08T03:25:48+00:00\",\"description\":\"Durante las audiencias orales del mi\u00e9rcoles 1 de abril, los magistrados de la Corte Suprema se mostraron esc\u00e9pticos ante el razonamiento del gobierno de Trump para poner fin a la ciudadan\u00eda por derecho de nacimiento, una medida que sembrar\u00eda el caos legal y alterar\u00eda fundamentalmente el significado de ser estadounidense.\",\"breadcrumb\":{\"@id\":\"https:\\\/\\\/www.americanonewspaper.com\\\/es\\\/donald-trump\\\/el-caso-de-trump-sobre-la-ciudadania-por-derecho-de-nacimiento-y-la-identidad-estadounidense\\\/#breadcrumb\"},\"inLanguage\":\"en-US\",\"potentialAction\":[{\"@type\":\"ReadAction\",\"target\":[\"https:\\\/\\\/www.americanonewspaper.com\\\/es\\\/donald-trump\\\/el-caso-de-trump-sobre-la-ciudadania-por-derecho-de-nacimiento-y-la-identidad-estadounidense\\\/\"]}]},{\"@type\":\"ImageObject\",\"inLanguage\":\"en-US\",\"@id\":\"https:\\\/\\\/www.americanonewspaper.com\\\/es\\\/donald-trump\\\/el-caso-de-trump-sobre-la-ciudadania-por-derecho-de-nacimiento-y-la-identidad-estadounidense\\\/#primaryimage\",\"url\":\"https:\\\/\\\/www.americanonewspaper.com\\\/es\\\/wp-content\\\/uploads\\\/2026\\\/04\\\/birth.jpg\",\"contentUrl\":\"https:\\\/\\\/www.americanonewspaper.com\\\/es\\\/wp-content\\\/uploads\\\/2026\\\/04\\\/birth.jpg\",\"width\":560,\"height\":312,\"caption\":\"Partidarios de la ciudadan\u00eda por nacimiento se manifestaron el mi\u00e9rcoles frente a la Corte Suprema de los Estados Unidos. Se espera que el tribunal dicte sentencia sobre el caso hacia el final de su periodo de sesiones. Cr\u00e9dito: (Benjamin J. Hulac\\\/NJ Spotlight News)\"},{\"@type\":\"BreadcrumbList\",\"@id\":\"https:\\\/\\\/www.americanonewspaper.com\\\/es\\\/donald-trump\\\/el-caso-de-trump-sobre-la-ciudadania-por-derecho-de-nacimiento-y-la-identidad-estadounidense\\\/#breadcrumb\",\"itemListElement\":[{\"@type\":\"ListItem\",\"position\":1,\"name\":\"Home\",\"item\":\"https:\\\/\\\/www.americanonewspaper.com\\\/es\\\/\"},{\"@type\":\"ListItem\",\"position\":2,\"name\":\"El caso de Trump sobre la ciudadan\u00eda por derecho de nacimiento y la identidad estadounidense\"}]},{\"@type\":\"WebSite\",\"@id\":\"https:\\\/\\\/www.americanonewspaper.com\\\/es\\\/#website\",\"url\":\"https:\\\/\\\/www.americanonewspaper.com\\\/es\\\/\",\"name\":\"Americano Newspaper\",\"description\":\"The Hispanic Newspaper of New Jersey.\",\"publisher\":{\"@id\":\"https:\\\/\\\/www.americanonewspaper.com\\\/es\\\/#organization\"},\"potentialAction\":[{\"@type\":\"SearchAction\",\"target\":{\"@type\":\"EntryPoint\",\"urlTemplate\":\"https:\\\/\\\/www.americanonewspaper.com\\\/es\\\/?s={search_term_string}\"},\"query-input\":{\"@type\":\"PropertyValueSpecification\",\"valueRequired\":true,\"valueName\":\"search_term_string\"}}],\"inLanguage\":\"en-US\"},{\"@type\":\"Organization\",\"@id\":\"https:\\\/\\\/www.americanonewspaper.com\\\/es\\\/#organization\",\"name\":\"Americano Newspaper\",\"url\":\"https:\\\/\\\/www.americanonewspaper.com\\\/es\\\/\",\"logo\":{\"@type\":\"ImageObject\",\"inLanguage\":\"en-US\",\"@id\":\"https:\\\/\\\/www.americanonewspaper.com\\\/es\\\/#\\\/schema\\\/logo\\\/image\\\/\",\"url\":\"https:\\\/\\\/www.americanonewspaper.com\\\/es\\\/wp-content\\\/uploads\\\/2024\\\/05\\\/AmericanoLogoCircle.comCircle2.jpg\",\"contentUrl\":\"https:\\\/\\\/www.americanonewspaper.com\\\/es\\\/wp-content\\\/uploads\\\/2024\\\/05\\\/AmericanoLogoCircle.comCircle2.jpg\",\"width\":600,\"height\":600,\"caption\":\"Americano Newspaper\"},\"image\":{\"@id\":\"https:\\\/\\\/www.americanonewspaper.com\\\/es\\\/#\\\/schema\\\/logo\\\/image\\\/\"},\"sameAs\":[\"https:\\\/\\\/www.facebook.com\\\/AmericanoNewspaper\\\/\"]},{\"@type\":\"Person\",\"@id\":\"https:\\\/\\\/www.americanonewspaper.com\\\/es\\\/#\\\/schema\\\/person\\\/8967f6b8af7e37bcbbe61f68580ff088\",\"name\":\"Author\",\"image\":{\"@type\":\"ImageObject\",\"inLanguage\":\"en-US\",\"@id\":\"https:\\\/\\\/www.americanonewspaper.com\\\/es\\\/wp-content\\\/litespeed\\\/avatar\\\/89ffaf6af3cf6769ffb3c6efb2313947.jpg?ver=1777427547\",\"url\":\"https:\\\/\\\/www.americanonewspaper.com\\\/es\\\/wp-content\\\/litespeed\\\/avatar\\\/89ffaf6af3cf6769ffb3c6efb2313947.jpg?ver=1777427547\",\"contentUrl\":\"https:\\\/\\\/www.americanonewspaper.com\\\/es\\\/wp-content\\\/litespeed\\\/avatar\\\/89ffaf6af3cf6769ffb3c6efb2313947.jpg?ver=1777427547\",\"caption\":\"Author\"},\"url\":\"https:\\\/\\\/www.americanonewspaper.com\\\/es\\\/author\\\/americano\\\/\"}]}<\/script>\n<!-- \/ Yoast SEO Premium plugin. -->","yoast_head_json":{"title":"El caso de Trump sobre la ciudadan\u00eda por derecho de nacimiento y la identidad estadounidense - Americano Newspaper","description":"Durante las audiencias orales del mi\u00e9rcoles 1 de abril, los magistrados de la Corte Suprema se mostraron esc\u00e9pticos ante el razonamiento del gobierno de Trump para poner fin a la ciudadan\u00eda por derecho de nacimiento, una medida que sembrar\u00eda el caos legal y alterar\u00eda fundamentalmente el significado de ser estadounidense.","robots":{"index":"index","follow":"follow","max-snippet":"max-snippet:-1","max-image-preview":"max-image-preview:large","max-video-preview":"max-video-preview:-1"},"canonical":"https:\/\/www.americanonewspaper.com\/es\/donald-trump\/el-caso-de-trump-sobre-la-ciudadania-por-derecho-de-nacimiento-y-la-identidad-estadounidense\/","og_locale":"en_US","og_type":"article","og_title":"El caso de Trump sobre la ciudadan\u00eda por derecho de nacimiento y la identidad estadounidense","og_description":"Durante las audiencias orales del mi\u00e9rcoles 1 de abril, los magistrados de la Corte Suprema se mostraron esc\u00e9pticos ante el razonamiento del gobierno de Trump para poner fin a la ciudadan\u00eda por derecho de nacimiento, una medida que sembrar\u00eda el caos legal y alterar\u00eda fundamentalmente el significado de ser estadounidense.","og_url":"https:\/\/www.americanonewspaper.com\/es\/donald-trump\/el-caso-de-trump-sobre-la-ciudadania-por-derecho-de-nacimiento-y-la-identidad-estadounidense\/","og_site_name":"Americano Newspaper","article_publisher":"https:\/\/www.facebook.com\/AmericanoNewspaper\/","article_published_time":"2026-04-08T03:25:42+00:00","article_modified_time":"2026-04-08T03:25:48+00:00","og_image":[{"width":560,"height":312,"url":"https:\/\/www.americanonewspaper.com\/es\/wp-content\/uploads\/2026\/04\/birth.jpg","type":"image\/jpeg"}],"author":"Author","twitter_card":"summary_large_image","twitter_misc":{"Written by":"Author","Est. reading time":"8 minutes"},"schema":{"@context":"https:\/\/schema.org","@graph":[{"@type":"Article","@id":"https:\/\/www.americanonewspaper.com\/es\/donald-trump\/el-caso-de-trump-sobre-la-ciudadania-por-derecho-de-nacimiento-y-la-identidad-estadounidense\/#article","isPartOf":{"@id":"https:\/\/www.americanonewspaper.com\/es\/donald-trump\/el-caso-de-trump-sobre-la-ciudadania-por-derecho-de-nacimiento-y-la-identidad-estadounidense\/"},"author":{"name":"Author","@id":"https:\/\/www.americanonewspaper.com\/es\/#\/schema\/person\/8967f6b8af7e37bcbbe61f68580ff088"},"headline":"El caso de Trump sobre la ciudadan\u00eda por derecho de nacimiento y la identidad estadounidense","datePublished":"2026-04-08T03:25:42+00:00","dateModified":"2026-04-08T03:25:48+00:00","mainEntityOfPage":{"@id":"https:\/\/www.americanonewspaper.com\/es\/donald-trump\/el-caso-de-trump-sobre-la-ciudadania-por-derecho-de-nacimiento-y-la-identidad-estadounidense\/"},"wordCount":1433,"commentCount":0,"publisher":{"@id":"https:\/\/www.americanonewspaper.com\/es\/#organization"},"image":{"@id":"https:\/\/www.americanonewspaper.com\/es\/donald-trump\/el-caso-de-trump-sobre-la-ciudadania-por-derecho-de-nacimiento-y-la-identidad-estadounidense\/#primaryimage"},"thumbnailUrl":"https:\/\/www.americanonewspaper.com\/es\/wp-content\/uploads\/2026\/04\/birth.jpg","articleSection":["Administraci\u00f3n Trump","Corte Suprema de EEUU","Donald Trump","Justicia"],"inLanguage":"en-US","potentialAction":[{"@type":"CommentAction","name":"Comment","target":["https:\/\/www.americanonewspaper.com\/es\/donald-trump\/el-caso-de-trump-sobre-la-ciudadania-por-derecho-de-nacimiento-y-la-identidad-estadounidense\/#respond"]}]},{"@type":"WebPage","@id":"https:\/\/www.americanonewspaper.com\/es\/donald-trump\/el-caso-de-trump-sobre-la-ciudadania-por-derecho-de-nacimiento-y-la-identidad-estadounidense\/","url":"https:\/\/www.americanonewspaper.com\/es\/donald-trump\/el-caso-de-trump-sobre-la-ciudadania-por-derecho-de-nacimiento-y-la-identidad-estadounidense\/","name":"El caso de Trump sobre la ciudadan\u00eda por derecho de nacimiento y la identidad estadounidense - Americano Newspaper","isPartOf":{"@id":"https:\/\/www.americanonewspaper.com\/es\/#website"},"primaryImageOfPage":{"@id":"https:\/\/www.americanonewspaper.com\/es\/donald-trump\/el-caso-de-trump-sobre-la-ciudadania-por-derecho-de-nacimiento-y-la-identidad-estadounidense\/#primaryimage"},"image":{"@id":"https:\/\/www.americanonewspaper.com\/es\/donald-trump\/el-caso-de-trump-sobre-la-ciudadania-por-derecho-de-nacimiento-y-la-identidad-estadounidense\/#primaryimage"},"thumbnailUrl":"https:\/\/www.americanonewspaper.com\/es\/wp-content\/uploads\/2026\/04\/birth.jpg","datePublished":"2026-04-08T03:25:42+00:00","dateModified":"2026-04-08T03:25:48+00:00","description":"Durante las audiencias orales del mi\u00e9rcoles 1 de abril, los magistrados de la Corte Suprema se mostraron esc\u00e9pticos ante el razonamiento del gobierno de Trump para poner fin a la ciudadan\u00eda por derecho de nacimiento, una medida que sembrar\u00eda el caos legal y alterar\u00eda fundamentalmente el significado de ser estadounidense.","breadcrumb":{"@id":"https:\/\/www.americanonewspaper.com\/es\/donald-trump\/el-caso-de-trump-sobre-la-ciudadania-por-derecho-de-nacimiento-y-la-identidad-estadounidense\/#breadcrumb"},"inLanguage":"en-US","potentialAction":[{"@type":"ReadAction","target":["https:\/\/www.americanonewspaper.com\/es\/donald-trump\/el-caso-de-trump-sobre-la-ciudadania-por-derecho-de-nacimiento-y-la-identidad-estadounidense\/"]}]},{"@type":"ImageObject","inLanguage":"en-US","@id":"https:\/\/www.americanonewspaper.com\/es\/donald-trump\/el-caso-de-trump-sobre-la-ciudadania-por-derecho-de-nacimiento-y-la-identidad-estadounidense\/#primaryimage","url":"https:\/\/www.americanonewspaper.com\/es\/wp-content\/uploads\/2026\/04\/birth.jpg","contentUrl":"https:\/\/www.americanonewspaper.com\/es\/wp-content\/uploads\/2026\/04\/birth.jpg","width":560,"height":312,"caption":"Partidarios de la ciudadan\u00eda por nacimiento se manifestaron el mi\u00e9rcoles frente a la Corte Suprema de los Estados Unidos. Se espera que el tribunal dicte sentencia sobre el caso hacia el final de su periodo de sesiones. Cr\u00e9dito: (Benjamin J. Hulac\/NJ Spotlight News)"},{"@type":"BreadcrumbList","@id":"https:\/\/www.americanonewspaper.com\/es\/donald-trump\/el-caso-de-trump-sobre-la-ciudadania-por-derecho-de-nacimiento-y-la-identidad-estadounidense\/#breadcrumb","itemListElement":[{"@type":"ListItem","position":1,"name":"Home","item":"https:\/\/www.americanonewspaper.com\/es\/"},{"@type":"ListItem","position":2,"name":"El caso de Trump sobre la ciudadan\u00eda por derecho de nacimiento y la identidad estadounidense"}]},{"@type":"WebSite","@id":"https:\/\/www.americanonewspaper.com\/es\/#website","url":"https:\/\/www.americanonewspaper.com\/es\/","name":"Americano Newspaper","description":"The Hispanic Newspaper of New Jersey.","publisher":{"@id":"https:\/\/www.americanonewspaper.com\/es\/#organization"},"potentialAction":[{"@type":"SearchAction","target":{"@type":"EntryPoint","urlTemplate":"https:\/\/www.americanonewspaper.com\/es\/?s={search_term_string}"},"query-input":{"@type":"PropertyValueSpecification","valueRequired":true,"valueName":"search_term_string"}}],"inLanguage":"en-US"},{"@type":"Organization","@id":"https:\/\/www.americanonewspaper.com\/es\/#organization","name":"Americano Newspaper","url":"https:\/\/www.americanonewspaper.com\/es\/","logo":{"@type":"ImageObject","inLanguage":"en-US","@id":"https:\/\/www.americanonewspaper.com\/es\/#\/schema\/logo\/image\/","url":"https:\/\/www.americanonewspaper.com\/es\/wp-content\/uploads\/2024\/05\/AmericanoLogoCircle.comCircle2.jpg","contentUrl":"https:\/\/www.americanonewspaper.com\/es\/wp-content\/uploads\/2024\/05\/AmericanoLogoCircle.comCircle2.jpg","width":600,"height":600,"caption":"Americano Newspaper"},"image":{"@id":"https:\/\/www.americanonewspaper.com\/es\/#\/schema\/logo\/image\/"},"sameAs":["https:\/\/www.facebook.com\/AmericanoNewspaper\/"]},{"@type":"Person","@id":"https:\/\/www.americanonewspaper.com\/es\/#\/schema\/person\/8967f6b8af7e37bcbbe61f68580ff088","name":"Author","image":{"@type":"ImageObject","inLanguage":"en-US","@id":"https:\/\/www.americanonewspaper.com\/es\/wp-content\/litespeed\/avatar\/89ffaf6af3cf6769ffb3c6efb2313947.jpg?ver=1777427547","url":"https:\/\/www.americanonewspaper.com\/es\/wp-content\/litespeed\/avatar\/89ffaf6af3cf6769ffb3c6efb2313947.jpg?ver=1777427547","contentUrl":"https:\/\/www.americanonewspaper.com\/es\/wp-content\/litespeed\/avatar\/89ffaf6af3cf6769ffb3c6efb2313947.jpg?ver=1777427547","caption":"Author"},"url":"https:\/\/www.americanonewspaper.com\/es\/author\/americano\/"}]}},"jetpack_publicize_connections":[],"jetpack_featured_media_url":"https:\/\/www.americanonewspaper.com\/es\/wp-content\/uploads\/2026\/04\/birth.jpg","featured_image_urls":{"full":["https:\/\/www.americanonewspaper.com\/es\/wp-content\/uploads\/2026\/04\/birth.jpg",560,312,false],"thumbnail":["https:\/\/www.americanonewspaper.com\/es\/wp-content\/uploads\/2026\/04\/birth-250x250.jpg",250,250,true],"medium":["https:\/\/www.americanonewspaper.com\/es\/wp-content\/uploads\/2026\/04\/birth-300x167.jpg",300,167,true],"medium_large":["https:\/\/www.americanonewspaper.com\/es\/wp-content\/uploads\/2026\/04\/birth.jpg",560,312,false],"large":["https:\/\/www.americanonewspaper.com\/es\/wp-content\/uploads\/2026\/04\/birth.jpg",560,312,false],"1536x1536":["https:\/\/www.americanonewspaper.com\/es\/wp-content\/uploads\/2026\/04\/birth.jpg",560,312,false],"2048x2048":["https:\/\/www.americanonewspaper.com\/es\/wp-content\/uploads\/2026\/04\/birth.jpg",560,312,false],"td_150x0":["https:\/\/www.americanonewspaper.com\/es\/wp-content\/uploads\/2026\/04\/birth-150x84.jpg",150,84,true],"td_218x150":["https:\/\/www.americanonewspaper.com\/es\/wp-content\/uploads\/2026\/04\/birth-218x150.jpg",218,150,true],"td_300x0":["https:\/\/www.americanonewspaper.com\/es\/wp-content\/uploads\/2026\/04\/birth-300x167.jpg",300,167,true],"td_324x400":["https:\/\/www.americanonewspaper.com\/es\/wp-content\/uploads\/2026\/04\/birth-324x312.jpg",324,312,true],"td_485x360":["https:\/\/www.americanonewspaper.com\/es\/wp-content\/uploads\/2026\/04\/birth-485x312.jpg",485,312,true],"td_696x0":["https:\/\/www.americanonewspaper.com\/es\/wp-content\/uploads\/2026\/04\/birth.jpg",560,312,false],"td_1068x0":["https:\/\/www.americanonewspaper.com\/es\/wp-content\/uploads\/2026\/04\/birth.jpg",560,312,false],"td_1920x0":["https:\/\/www.americanonewspaper.com\/es\/wp-content\/uploads\/2026\/04\/birth.jpg",560,312,false],"bdpp-medium":["https:\/\/www.americanonewspaper.com\/es\/wp-content\/uploads\/2026\/04\/birth.jpg",560,312,false]},"author_info":{"display_name":"Author","author_link":"https:\/\/www.americanonewspaper.com\/es\/author\/americano\/"},"category_info":"<a href=\"https:\/\/www.americanonewspaper.com\/es\/category\/donald-trump\/administracion-trump\/\" rel=\"category tag\">Administraci\u00f3n Trump<\/a> <a href=\"https:\/\/www.americanonewspaper.com\/es\/category\/justicia\/corte-suprema-de-eeuu\/\" rel=\"category tag\">Corte Suprema de EEUU<\/a> <a href=\"https:\/\/www.americanonewspaper.com\/es\/category\/donald-trump\/\" rel=\"category tag\">Donald Trump<\/a> <a href=\"https:\/\/www.americanonewspaper.com\/es\/category\/justicia\/\" rel=\"category tag\">Justicia<\/a>","tag_info":"Justicia","comment_count":"0","jetpack_sharing_enabled":true,"jetpack_likes_enabled":true,"_links":{"self":[{"href":"https:\/\/www.americanonewspaper.com\/es\/wp-json\/wp\/v2\/posts\/31615","targetHints":{"allow":["GET"]}}],"collection":[{"href":"https:\/\/www.americanonewspaper.com\/es\/wp-json\/wp\/v2\/posts"}],"about":[{"href":"https:\/\/www.americanonewspaper.com\/es\/wp-json\/wp\/v2\/types\/post"}],"author":[{"embeddable":true,"href":"https:\/\/www.americanonewspaper.com\/es\/wp-json\/wp\/v2\/users\/7"}],"replies":[{"embeddable":true,"href":"https:\/\/www.americanonewspaper.com\/es\/wp-json\/wp\/v2\/comments?post=31615"}],"version-history":[{"count":1,"href":"https:\/\/www.americanonewspaper.com\/es\/wp-json\/wp\/v2\/posts\/31615\/revisions"}],"predecessor-version":[{"id":31621,"href":"https:\/\/www.americanonewspaper.com\/es\/wp-json\/wp\/v2\/posts\/31615\/revisions\/31621"}],"wp:featuredmedia":[{"embeddable":true,"href":"https:\/\/www.americanonewspaper.com\/es\/wp-json\/wp\/v2\/media\/31619"}],"wp:attachment":[{"href":"https:\/\/www.americanonewspaper.com\/es\/wp-json\/wp\/v2\/media?parent=31615"}],"wp:term":[{"taxonomy":"category","embeddable":true,"href":"https:\/\/www.americanonewspaper.com\/es\/wp-json\/wp\/v2\/categories?post=31615"},{"taxonomy":"post_tag","embeddable":true,"href":"https:\/\/www.americanonewspaper.com\/es\/wp-json\/wp\/v2\/tags?post=31615"}],"curies":[{"name":"wp","href":"https:\/\/api.w.org\/{rel}","templated":true}]}}