{"id":31597,"date":"2026-04-06T15:09:10","date_gmt":"2026-04-06T19:09:10","guid":{"rendered":"https:\/\/www.americanonewspaper.com\/es\/?p=31597"},"modified":"2026-04-06T19:10:11","modified_gmt":"2026-04-06T23:10:11","slug":"casa-cultura-presenta-trio-de-marel-hidalgo","status":"publish","type":"post","link":"https:\/\/www.americanonewspaper.com\/es\/new-jersey\/casa-cultura-presenta-trio-de-marel-hidalgo\/","title":{"rendered":"Casa Cultura presenta del 8 de mayo al 20 de junio:"},"content":{"rendered":"\n<p>Trenton.- Por <strong>Alba Hernandez<\/strong><\/p>\n\n\n\n<p><strong>Exposici\u00f3n de Arte de Jazmyn Jones en Casa Cultura<\/strong><\/p>\n\n\n\n<figure class=\"wp-block-image size-full\"><img fetchpriority=\"high\" decoding=\"async\" width=\"560\" height=\"401\" src=\"https:\/\/www.americanonewspaper.com\/es\/wp-content\/uploads\/2026\/04\/Casa-Cultura.jpg\" alt=\"Casa Cultura Presenta Serie Cultural de Primavera\" class=\"wp-image-31598\" srcset=\"https:\/\/www.americanonewspaper.com\/es\/wp-content\/uploads\/2026\/04\/Casa-Cultura.jpg 560w, https:\/\/www.americanonewspaper.com\/es\/wp-content\/uploads\/2026\/04\/Casa-Cultura-300x215.jpg 300w, https:\/\/www.americanonewspaper.com\/es\/wp-content\/uploads\/2026\/04\/Casa-Cultura-150x107.jpg 150w\" sizes=\"(max-width: 560px) 100vw, 560px\" \/><figcaption class=\"wp-element-caption\"><strong>Exposici\u00f3n de Arte de Jazmyn Jones<\/strong>.- Foto de Gabriel Ramos<\/figcaption><\/figure>\n\n\n\n<p class=\"dropcapp3\">Casa Cultura se enorgullece en presentar la\u00a0<strong>Exposici\u00f3n de Arte de Jazmyn Jones<\/strong>, un conjunto de obras impactantes basadas en la identidad, la expresi\u00f3n y la experiencia vivida. A trav\u00e9s de su arte, la artista explora temas de autodescubrimiento, cultura y narrativa, ofreciendo al p\u00fablico la oportunidad de interactuar con poderosas historias visuales.<\/p>\n\n\n\n<ul class=\"wp-block-list\">\n<li><strong>Recepci\u00f3n de Apertura:<\/strong>&nbsp;jueves 8 de mayo, 6:00 PM<\/li>\n\n\n\n<li><strong>Fechas de la Exposici\u00f3n:<\/strong>&nbsp;del 8 de mayo al 10 de junio<\/li>\n\n\n\n<li><strong>Ubicaci\u00f3n:<\/strong>&nbsp;Casa Cultura, 750 Cass Street, Trenton, NJ<\/li>\n\n\n\n<li><strong>Entrada:<\/strong>&nbsp;gratuita y abierta al p\u00fablico<\/li>\n<\/ul>\n\n\n\n<h3 class=\"wp-block-heading\" id=\"h-noche-de-musica-puertorriquena-con-gabriel-munoz\"><strong>Noche de M\u00fasica Puertorrique\u00f1a con Gabriel Mu\u00f1oz<\/strong><\/h3>\n\n\n\n<p class=\"dropcapp\">Casa Cultura invita a la comunidad a una noche de m\u00fasica tradicional puertorrique\u00f1a con\u00a0<strong>Gabriel Mu\u00f1oz<\/strong>, reconocido como uno de los principales int\u00e9rpretes del cuatro puertorrique\u00f1o. Mu\u00f1oz tiene la misi\u00f3n de preservar y elevar el instrumento nacional de Puerto Rico, ofreciendo un espect\u00e1culo profundamente enraizado en la cultura, la tradici\u00f3n y la herencia.<\/p>\n\n\n\n<ul class=\"wp-block-list\">\n<li><strong>Fecha y Hora:<\/strong>\u00a0viernes 23 de mayo, puertas abiertas a las 6:00 PM<\/li>\n\n\n\n<li><strong>Ubicaci\u00f3n:<\/strong>\u00a0Casa Cultura, 750 Cass Street, Trenton, NJ<\/li>\n\n\n\n<li><strong>Entradas:<\/strong>\u00a0$25, disponibles en l\u00ednea en\u00a0<strong><a href=\"http:\/\/www.casaculturacenter.org\/\" target=\"_blank\" rel=\"noreferrer noopener\">casaculturacenter.org<\/a><\/strong><\/li>\n<\/ul>\n\n\n\n<figure class=\"wp-block-image size-large\"><img decoding=\"async\" width=\"386\" height=\"500\" src=\"https:\/\/www.americanonewspaper.com\/es\/wp-content\/uploads\/2026\/04\/Gabriel-Munoz-386x500.jpeg\" alt=\"\" class=\"wp-image-31602\" srcset=\"https:\/\/www.americanonewspaper.com\/es\/wp-content\/uploads\/2026\/04\/Gabriel-Munoz-386x500.jpeg 386w, https:\/\/www.americanonewspaper.com\/es\/wp-content\/uploads\/2026\/04\/Gabriel-Munoz-232x300.jpeg 232w, https:\/\/www.americanonewspaper.com\/es\/wp-content\/uploads\/2026\/04\/Gabriel-Munoz-150x194.jpeg 150w, https:\/\/www.americanonewspaper.com\/es\/wp-content\/uploads\/2026\/04\/Gabriel-Munoz-300x388.jpeg 300w, https:\/\/www.americanonewspaper.com\/es\/wp-content\/uploads\/2026\/04\/Gabriel-Munoz.jpeg 560w\" sizes=\"(max-width: 386px) 100vw, 386px\" \/><\/figure>\n\n\n\n<p class=\"dropcapp\">La serie de primavera concluir\u00e1 el&nbsp;<strong>viernes 20 de junio<\/strong>&nbsp;con una din\u00e1mica presentaci\u00f3n de jazz a cargo del&nbsp;<strong>Tr\u00edo de \u00d3rgano de Marel Hidalgo<\/strong>. El tr\u00edo est\u00e1 compuesto por&nbsp;<strong>Marel Hidalgo<\/strong>&nbsp;en la guitarra,&nbsp;<strong>Ana Petrova<\/strong>&nbsp;en el \u00f3rgano y&nbsp;<strong>Winard Harper<\/strong>&nbsp;en la bater\u00eda, tres m\u00fasicos extraordinarios reconocidos por su dominio t\u00e9cnico y actuaciones cautivadoras. Esta velada promete una experiencia musical rica, combinando jazz, ritmo e improvisaci\u00f3n. Las puertas se abrir\u00e1n a las&nbsp;<strong>7:30 PM<\/strong>, y&nbsp;<strong>las entradas generales cuestan $35<\/strong>, disponibles en l\u00ednea en&nbsp;<strong><a href=\"http:\/\/casaculturacenter.org\/\" target=\"_blank\" rel=\"noreferrer noopener\">casaculturacenter.org<\/a><\/strong>.<\/p>\n\n\n\n<figure class=\"wp-block-image size-large\"><img decoding=\"async\" width=\"333\" height=\"500\" src=\"https:\/\/www.americanonewspaper.com\/es\/wp-content\/uploads\/2026\/04\/Casa14-333x500.jpeg\" alt=\"\" class=\"wp-image-31599\" srcset=\"https:\/\/www.americanonewspaper.com\/es\/wp-content\/uploads\/2026\/04\/Casa14-333x500.jpeg 333w, https:\/\/www.americanonewspaper.com\/es\/wp-content\/uploads\/2026\/04\/Casa14-200x300.jpeg 200w, https:\/\/www.americanonewspaper.com\/es\/wp-content\/uploads\/2026\/04\/Casa14-150x225.jpeg 150w, https:\/\/www.americanonewspaper.com\/es\/wp-content\/uploads\/2026\/04\/Casa14-300x450.jpeg 300w, https:\/\/www.americanonewspaper.com\/es\/wp-content\/uploads\/2026\/04\/Casa14.jpeg 560w\" sizes=\"(max-width: 333px) 100vw, 333px\" \/><\/figure>\n\n\n\n<p>Todos los eventos se llevar\u00e1n a cabo en&nbsp;<strong>Casa Cultura, ubicada en 750 Cass Street en Trenton<\/strong>, reafirmando el compromiso de la organizaci\u00f3n de ofrecer programaci\u00f3n art\u00edstica y cultural significativa a los residentes de la regi\u00f3n.<\/p>\n\n\n\n<h3 class=\"wp-block-heading\" id=\"h-declaracion-de-donaciones-y-apoyo-comunitario\"><strong>Declaraci\u00f3n de Donaciones y Apoyo Comunitario<\/strong><\/h3>\n\n\n\n<p>Casa Cultura es una organizaci\u00f3n cultural comunitaria dedicada a expandir el acceso a las artes, preservar la herencia cultural y crear oportunidades para que artistas y residentes se conecten a trav\u00e9s de la expresi\u00f3n creativa. El apoyo comunitario y las donaciones ayudan a mantener la programaci\u00f3n gratuita, respaldar a artistas locales y asegurar que las experiencias art\u00edsticas y culturales permanezcan accesibles para familias y residentes de Trenton y el condado de Mercer. Las contribuciones, sin importar su tama\u00f1o, hacen una diferencia significativa para continuar este trabajo importante.<\/p>\n\n\n\n<p>Para obtener m\u00e1s informaci\u00f3n, entradas o para hacer una donaci\u00f3n, visite&nbsp;<strong><a rel=\"noreferrer noopener\" href=\"http:\/\/www.casaculturacenter.org\/\" target=\"_blank\">www.casaculturacenter.org<\/a><\/strong>.<\/p>\n\n\n\n<p><br><\/p>\n","protected":false},"excerpt":{"rendered":"<p>Trenton.- Por Alba Hernandez Exposici\u00f3n de Arte de Jazmyn Jones en Casa Cultura Casa Cultura se enorgullece en presentar la\u00a0Exposici\u00f3n de Arte de Jazmyn Jones, un conjunto de obras impactantes basadas en la identidad, la expresi\u00f3n y la experiencia vivida. A trav\u00e9s de su arte, la artista explora temas de autodescubrimiento, cultura y narrativa, ofreciendo [&hellip;]<\/p>\n","protected":false},"author":7,"featured_media":31603,"comment_status":"open","ping_status":"open","sticky":false,"template":"","format":"standard","meta":{"_acf_changed":false,"tdm_status":"","tdm_grid_status":"","_jetpack_memberships_contains_paid_content":false,"footnotes":"","jetpack_publicize_message":"","jetpack_publicize_feature_enabled":true,"jetpack_social_post_already_shared":false,"jetpack_social_options":{"image_generator_settings":{"template":"highway","default_image_id":0,"font":"","enabled":false,"token":"eyJpbWciOiJodHRwczpcL1wvd3d3LmFtZXJpY2Fub25ld3NwYXBlci5jb21cL2VzXC93cC1jb250ZW50XC91cGxvYWRzXC8yMDI2XC8wNFwvQ2FzYS1DdWx0dXJhLmpwZyIsInR4dCI6IkNhc2EgQ3VsdHVyYSBwcmVzZW50YSBUcmlvIGRlIE1hcmVsIEhpZGFsZ28iLCJ0ZW1wbGF0ZSI6ImhpZ2h3YXkiLCJmb250IjoiIiwiYmxvZ19pZCI6MjI4NjE5NTc0fQ.8c9aVfWNnFne5GKOhV5jOZ8VoH3sl3kKjWIgLFeV0G8MQ"},"version":2,"media_source":"featured-image","attached_media":[{"id":31598,"url":"https:\/\/www.americanonewspaper.com\/es\/wp-content\/uploads\/2026\/04\/Casa-Cultura.jpg","type":"image\/jpeg"}]},"_wpas_customize_per_network":false},"categories":[596,246],"tags":[],"class_list":{"0":"post-31597","1":"post","2":"type-post","3":"status-publish","4":"format-standard","5":"has-post-thumbnail","7":"category-comunidad","8":"category-new-jersey"},"acf":[],"yoast_head":"<!-- This site is optimized with the Yoast SEO Premium plugin v27.5 (Yoast SEO v27.5) - https:\/\/yoast.com\/product\/yoast-seo-premium-wordpress\/ -->\n<title>Casa Cultura presenta del 8 de mayo al 20 de junio: - Americano Newspaper<\/title>\n<meta name=\"description\" content=\"La serie de primavera concluir\u00e1 el\u00a0viernes 20 de junio\u00a0con una din\u00e1mica presentaci\u00f3n de jazz a cargo del\u00a0Tr\u00edo de \u00d3rgano de Marel Hidalgo.\" \/>\n<meta name=\"robots\" content=\"index, follow, max-snippet:-1, max-image-preview:large, max-video-preview:-1\" \/>\n<link rel=\"canonical\" href=\"https:\/\/www.americanonewspaper.com\/es\/new-jersey\/casa-cultura-presenta-trio-de-marel-hidalgo\/\" \/>\n<meta property=\"og:locale\" content=\"en_US\" \/>\n<meta property=\"og:type\" content=\"article\" \/>\n<meta property=\"og:title\" content=\"Casa Cultura presenta del 8 de mayo al 20 de junio:\" \/>\n<meta property=\"og:description\" content=\"La serie de primavera concluir\u00e1 el\u00a0viernes 20 de junio\u00a0con una din\u00e1mica presentaci\u00f3n de jazz a cargo del\u00a0Tr\u00edo de \u00d3rgano de Marel Hidalgo.\" \/>\n<meta property=\"og:url\" content=\"https:\/\/www.americanonewspaper.com\/es\/new-jersey\/casa-cultura-presenta-trio-de-marel-hidalgo\/\" \/>\n<meta property=\"og:site_name\" content=\"Americano Newspaper\" \/>\n<meta property=\"article:publisher\" content=\"https:\/\/www.facebook.com\/AmericanoNewspaper\/\" \/>\n<meta property=\"article:published_time\" content=\"2026-04-06T19:09:10+00:00\" \/>\n<meta property=\"article:modified_time\" content=\"2026-04-06T23:10:11+00:00\" \/>\n<meta property=\"og:image\" content=\"https:\/\/www.americanonewspaper.com\/es\/wp-content\/uploads\/2026\/04\/casaculturalogo.jpg\" \/>\n\t<meta property=\"og:image:width\" content=\"560\" \/>\n\t<meta property=\"og:image:height\" content=\"315\" \/>\n\t<meta property=\"og:image:type\" content=\"image\/jpeg\" \/>\n<meta name=\"author\" content=\"Author\" \/>\n<meta name=\"twitter:card\" content=\"summary_large_image\" \/>\n<meta name=\"twitter:label1\" content=\"Written by\" \/>\n\t<meta name=\"twitter:data1\" content=\"Author\" \/>\n\t<meta name=\"twitter:label2\" content=\"Est. reading time\" \/>\n\t<meta name=\"twitter:data2\" content=\"3 minutes\" \/>\n<script type=\"application\/ld+json\" class=\"yoast-schema-graph\">{\"@context\":\"https:\\\/\\\/schema.org\",\"@graph\":[{\"@type\":\"Article\",\"@id\":\"https:\\\/\\\/www.americanonewspaper.com\\\/es\\\/new-jersey\\\/casa-cultura-presenta-trio-de-marel-hidalgo\\\/#article\",\"isPartOf\":{\"@id\":\"https:\\\/\\\/www.americanonewspaper.com\\\/es\\\/new-jersey\\\/casa-cultura-presenta-trio-de-marel-hidalgo\\\/\"},\"author\":{\"name\":\"Author\",\"@id\":\"https:\\\/\\\/www.americanonewspaper.com\\\/es\\\/#\\\/schema\\\/person\\\/8967f6b8af7e37bcbbe61f68580ff088\"},\"headline\":\"Casa Cultura presenta del 8 de mayo al 20 de junio:\",\"datePublished\":\"2026-04-06T19:09:10+00:00\",\"dateModified\":\"2026-04-06T23:10:11+00:00\",\"mainEntityOfPage\":{\"@id\":\"https:\\\/\\\/www.americanonewspaper.com\\\/es\\\/new-jersey\\\/casa-cultura-presenta-trio-de-marel-hidalgo\\\/\"},\"wordCount\":497,\"commentCount\":0,\"publisher\":{\"@id\":\"https:\\\/\\\/www.americanonewspaper.com\\\/es\\\/#organization\"},\"image\":{\"@id\":\"https:\\\/\\\/www.americanonewspaper.com\\\/es\\\/new-jersey\\\/casa-cultura-presenta-trio-de-marel-hidalgo\\\/#primaryimage\"},\"thumbnailUrl\":\"https:\\\/\\\/www.americanonewspaper.com\\\/es\\\/wp-content\\\/uploads\\\/2026\\\/04\\\/casaculturalogo.jpg\",\"articleSection\":[\"Comunidad\",\"New Jersey\"],\"inLanguage\":\"en-US\",\"potentialAction\":[{\"@type\":\"CommentAction\",\"name\":\"Comment\",\"target\":[\"https:\\\/\\\/www.americanonewspaper.com\\\/es\\\/new-jersey\\\/casa-cultura-presenta-trio-de-marel-hidalgo\\\/#respond\"]}]},{\"@type\":\"WebPage\",\"@id\":\"https:\\\/\\\/www.americanonewspaper.com\\\/es\\\/new-jersey\\\/casa-cultura-presenta-trio-de-marel-hidalgo\\\/\",\"url\":\"https:\\\/\\\/www.americanonewspaper.com\\\/es\\\/new-jersey\\\/casa-cultura-presenta-trio-de-marel-hidalgo\\\/\",\"name\":\"Casa Cultura presenta del 8 de mayo al 20 de junio: - Americano Newspaper\",\"isPartOf\":{\"@id\":\"https:\\\/\\\/www.americanonewspaper.com\\\/es\\\/#website\"},\"primaryImageOfPage\":{\"@id\":\"https:\\\/\\\/www.americanonewspaper.com\\\/es\\\/new-jersey\\\/casa-cultura-presenta-trio-de-marel-hidalgo\\\/#primaryimage\"},\"image\":{\"@id\":\"https:\\\/\\\/www.americanonewspaper.com\\\/es\\\/new-jersey\\\/casa-cultura-presenta-trio-de-marel-hidalgo\\\/#primaryimage\"},\"thumbnailUrl\":\"https:\\\/\\\/www.americanonewspaper.com\\\/es\\\/wp-content\\\/uploads\\\/2026\\\/04\\\/casaculturalogo.jpg\",\"datePublished\":\"2026-04-06T19:09:10+00:00\",\"dateModified\":\"2026-04-06T23:10:11+00:00\",\"description\":\"La serie de primavera concluir\u00e1 el\u00a0viernes 20 de junio\u00a0con una din\u00e1mica presentaci\u00f3n de jazz a cargo del\u00a0Tr\u00edo de \u00d3rgano de Marel Hidalgo.\",\"breadcrumb\":{\"@id\":\"https:\\\/\\\/www.americanonewspaper.com\\\/es\\\/new-jersey\\\/casa-cultura-presenta-trio-de-marel-hidalgo\\\/#breadcrumb\"},\"inLanguage\":\"en-US\",\"potentialAction\":[{\"@type\":\"ReadAction\",\"target\":[\"https:\\\/\\\/www.americanonewspaper.com\\\/es\\\/new-jersey\\\/casa-cultura-presenta-trio-de-marel-hidalgo\\\/\"]}]},{\"@type\":\"ImageObject\",\"inLanguage\":\"en-US\",\"@id\":\"https:\\\/\\\/www.americanonewspaper.com\\\/es\\\/new-jersey\\\/casa-cultura-presenta-trio-de-marel-hidalgo\\\/#primaryimage\",\"url\":\"https:\\\/\\\/www.americanonewspaper.com\\\/es\\\/wp-content\\\/uploads\\\/2026\\\/04\\\/casaculturalogo.jpg\",\"contentUrl\":\"https:\\\/\\\/www.americanonewspaper.com\\\/es\\\/wp-content\\\/uploads\\\/2026\\\/04\\\/casaculturalogo.jpg\",\"width\":560,\"height\":315,\"caption\":\"Casa Cultura, 750 Cass Street, Trenton, NJ Entrada: Abierta al p\u00fablico (Gratis)\"},{\"@type\":\"BreadcrumbList\",\"@id\":\"https:\\\/\\\/www.americanonewspaper.com\\\/es\\\/new-jersey\\\/casa-cultura-presenta-trio-de-marel-hidalgo\\\/#breadcrumb\",\"itemListElement\":[{\"@type\":\"ListItem\",\"position\":1,\"name\":\"Home\",\"item\":\"https:\\\/\\\/www.americanonewspaper.com\\\/es\\\/\"},{\"@type\":\"ListItem\",\"position\":2,\"name\":\"Casa Cultura presenta del 8 de mayo al 20 de junio:\"}]},{\"@type\":\"WebSite\",\"@id\":\"https:\\\/\\\/www.americanonewspaper.com\\\/es\\\/#website\",\"url\":\"https:\\\/\\\/www.americanonewspaper.com\\\/es\\\/\",\"name\":\"Americano Newspaper\",\"description\":\"The Hispanic Newspaper of New Jersey.\",\"publisher\":{\"@id\":\"https:\\\/\\\/www.americanonewspaper.com\\\/es\\\/#organization\"},\"potentialAction\":[{\"@type\":\"SearchAction\",\"target\":{\"@type\":\"EntryPoint\",\"urlTemplate\":\"https:\\\/\\\/www.americanonewspaper.com\\\/es\\\/?s={search_term_string}\"},\"query-input\":{\"@type\":\"PropertyValueSpecification\",\"valueRequired\":true,\"valueName\":\"search_term_string\"}}],\"inLanguage\":\"en-US\"},{\"@type\":\"Organization\",\"@id\":\"https:\\\/\\\/www.americanonewspaper.com\\\/es\\\/#organization\",\"name\":\"Americano Newspaper\",\"url\":\"https:\\\/\\\/www.americanonewspaper.com\\\/es\\\/\",\"logo\":{\"@type\":\"ImageObject\",\"inLanguage\":\"en-US\",\"@id\":\"https:\\\/\\\/www.americanonewspaper.com\\\/es\\\/#\\\/schema\\\/logo\\\/image\\\/\",\"url\":\"https:\\\/\\\/www.americanonewspaper.com\\\/es\\\/wp-content\\\/uploads\\\/2024\\\/05\\\/AmericanoLogoCircle.comCircle2.jpg\",\"contentUrl\":\"https:\\\/\\\/www.americanonewspaper.com\\\/es\\\/wp-content\\\/uploads\\\/2024\\\/05\\\/AmericanoLogoCircle.comCircle2.jpg\",\"width\":600,\"height\":600,\"caption\":\"Americano Newspaper\"},\"image\":{\"@id\":\"https:\\\/\\\/www.americanonewspaper.com\\\/es\\\/#\\\/schema\\\/logo\\\/image\\\/\"},\"sameAs\":[\"https:\\\/\\\/www.facebook.com\\\/AmericanoNewspaper\\\/\"]},{\"@type\":\"Person\",\"@id\":\"https:\\\/\\\/www.americanonewspaper.com\\\/es\\\/#\\\/schema\\\/person\\\/8967f6b8af7e37bcbbe61f68580ff088\",\"name\":\"Author\",\"image\":{\"@type\":\"ImageObject\",\"inLanguage\":\"en-US\",\"@id\":\"https:\\\/\\\/www.americanonewspaper.com\\\/es\\\/wp-content\\\/litespeed\\\/avatar\\\/89ffaf6af3cf6769ffb3c6efb2313947.jpg?ver=1777427547\",\"url\":\"https:\\\/\\\/www.americanonewspaper.com\\\/es\\\/wp-content\\\/litespeed\\\/avatar\\\/89ffaf6af3cf6769ffb3c6efb2313947.jpg?ver=1777427547\",\"contentUrl\":\"https:\\\/\\\/www.americanonewspaper.com\\\/es\\\/wp-content\\\/litespeed\\\/avatar\\\/89ffaf6af3cf6769ffb3c6efb2313947.jpg?ver=1777427547\",\"caption\":\"Author\"},\"url\":\"https:\\\/\\\/www.americanonewspaper.com\\\/es\\\/author\\\/americano\\\/\"}]}<\/script>\n<!-- \/ Yoast SEO Premium plugin. -->","yoast_head_json":{"title":"Casa Cultura presenta del 8 de mayo al 20 de junio: - Americano Newspaper","description":"La serie de primavera concluir\u00e1 el\u00a0viernes 20 de junio\u00a0con una din\u00e1mica presentaci\u00f3n de jazz a cargo del\u00a0Tr\u00edo de \u00d3rgano de Marel Hidalgo.","robots":{"index":"index","follow":"follow","max-snippet":"max-snippet:-1","max-image-preview":"max-image-preview:large","max-video-preview":"max-video-preview:-1"},"canonical":"https:\/\/www.americanonewspaper.com\/es\/new-jersey\/casa-cultura-presenta-trio-de-marel-hidalgo\/","og_locale":"en_US","og_type":"article","og_title":"Casa Cultura presenta del 8 de mayo al 20 de junio:","og_description":"La serie de primavera concluir\u00e1 el\u00a0viernes 20 de junio\u00a0con una din\u00e1mica presentaci\u00f3n de jazz a cargo del\u00a0Tr\u00edo de \u00d3rgano de Marel Hidalgo.","og_url":"https:\/\/www.americanonewspaper.com\/es\/new-jersey\/casa-cultura-presenta-trio-de-marel-hidalgo\/","og_site_name":"Americano Newspaper","article_publisher":"https:\/\/www.facebook.com\/AmericanoNewspaper\/","article_published_time":"2026-04-06T19:09:10+00:00","article_modified_time":"2026-04-06T23:10:11+00:00","og_image":[{"width":560,"height":315,"url":"https:\/\/www.americanonewspaper.com\/es\/wp-content\/uploads\/2026\/04\/casaculturalogo.jpg","type":"image\/jpeg"}],"author":"Author","twitter_card":"summary_large_image","twitter_misc":{"Written by":"Author","Est. reading time":"3 minutes"},"schema":{"@context":"https:\/\/schema.org","@graph":[{"@type":"Article","@id":"https:\/\/www.americanonewspaper.com\/es\/new-jersey\/casa-cultura-presenta-trio-de-marel-hidalgo\/#article","isPartOf":{"@id":"https:\/\/www.americanonewspaper.com\/es\/new-jersey\/casa-cultura-presenta-trio-de-marel-hidalgo\/"},"author":{"name":"Author","@id":"https:\/\/www.americanonewspaper.com\/es\/#\/schema\/person\/8967f6b8af7e37bcbbe61f68580ff088"},"headline":"Casa Cultura presenta del 8 de mayo al 20 de junio:","datePublished":"2026-04-06T19:09:10+00:00","dateModified":"2026-04-06T23:10:11+00:00","mainEntityOfPage":{"@id":"https:\/\/www.americanonewspaper.com\/es\/new-jersey\/casa-cultura-presenta-trio-de-marel-hidalgo\/"},"wordCount":497,"commentCount":0,"publisher":{"@id":"https:\/\/www.americanonewspaper.com\/es\/#organization"},"image":{"@id":"https:\/\/www.americanonewspaper.com\/es\/new-jersey\/casa-cultura-presenta-trio-de-marel-hidalgo\/#primaryimage"},"thumbnailUrl":"https:\/\/www.americanonewspaper.com\/es\/wp-content\/uploads\/2026\/04\/casaculturalogo.jpg","articleSection":["Comunidad","New Jersey"],"inLanguage":"en-US","potentialAction":[{"@type":"CommentAction","name":"Comment","target":["https:\/\/www.americanonewspaper.com\/es\/new-jersey\/casa-cultura-presenta-trio-de-marel-hidalgo\/#respond"]}]},{"@type":"WebPage","@id":"https:\/\/www.americanonewspaper.com\/es\/new-jersey\/casa-cultura-presenta-trio-de-marel-hidalgo\/","url":"https:\/\/www.americanonewspaper.com\/es\/new-jersey\/casa-cultura-presenta-trio-de-marel-hidalgo\/","name":"Casa Cultura presenta del 8 de mayo al 20 de junio: - Americano Newspaper","isPartOf":{"@id":"https:\/\/www.americanonewspaper.com\/es\/#website"},"primaryImageOfPage":{"@id":"https:\/\/www.americanonewspaper.com\/es\/new-jersey\/casa-cultura-presenta-trio-de-marel-hidalgo\/#primaryimage"},"image":{"@id":"https:\/\/www.americanonewspaper.com\/es\/new-jersey\/casa-cultura-presenta-trio-de-marel-hidalgo\/#primaryimage"},"thumbnailUrl":"https:\/\/www.americanonewspaper.com\/es\/wp-content\/uploads\/2026\/04\/casaculturalogo.jpg","datePublished":"2026-04-06T19:09:10+00:00","dateModified":"2026-04-06T23:10:11+00:00","description":"La serie de primavera concluir\u00e1 el\u00a0viernes 20 de junio\u00a0con una din\u00e1mica presentaci\u00f3n de jazz a cargo del\u00a0Tr\u00edo de \u00d3rgano de Marel Hidalgo.","breadcrumb":{"@id":"https:\/\/www.americanonewspaper.com\/es\/new-jersey\/casa-cultura-presenta-trio-de-marel-hidalgo\/#breadcrumb"},"inLanguage":"en-US","potentialAction":[{"@type":"ReadAction","target":["https:\/\/www.americanonewspaper.com\/es\/new-jersey\/casa-cultura-presenta-trio-de-marel-hidalgo\/"]}]},{"@type":"ImageObject","inLanguage":"en-US","@id":"https:\/\/www.americanonewspaper.com\/es\/new-jersey\/casa-cultura-presenta-trio-de-marel-hidalgo\/#primaryimage","url":"https:\/\/www.americanonewspaper.com\/es\/wp-content\/uploads\/2026\/04\/casaculturalogo.jpg","contentUrl":"https:\/\/www.americanonewspaper.com\/es\/wp-content\/uploads\/2026\/04\/casaculturalogo.jpg","width":560,"height":315,"caption":"Casa Cultura, 750 Cass Street, Trenton, NJ Entrada: Abierta al p\u00fablico (Gratis)"},{"@type":"BreadcrumbList","@id":"https:\/\/www.americanonewspaper.com\/es\/new-jersey\/casa-cultura-presenta-trio-de-marel-hidalgo\/#breadcrumb","itemListElement":[{"@type":"ListItem","position":1,"name":"Home","item":"https:\/\/www.americanonewspaper.com\/es\/"},{"@type":"ListItem","position":2,"name":"Casa Cultura presenta del 8 de mayo al 20 de junio:"}]},{"@type":"WebSite","@id":"https:\/\/www.americanonewspaper.com\/es\/#website","url":"https:\/\/www.americanonewspaper.com\/es\/","name":"Americano Newspaper","description":"The Hispanic Newspaper of New Jersey.","publisher":{"@id":"https:\/\/www.americanonewspaper.com\/es\/#organization"},"potentialAction":[{"@type":"SearchAction","target":{"@type":"EntryPoint","urlTemplate":"https:\/\/www.americanonewspaper.com\/es\/?s={search_term_string}"},"query-input":{"@type":"PropertyValueSpecification","valueRequired":true,"valueName":"search_term_string"}}],"inLanguage":"en-US"},{"@type":"Organization","@id":"https:\/\/www.americanonewspaper.com\/es\/#organization","name":"Americano Newspaper","url":"https:\/\/www.americanonewspaper.com\/es\/","logo":{"@type":"ImageObject","inLanguage":"en-US","@id":"https:\/\/www.americanonewspaper.com\/es\/#\/schema\/logo\/image\/","url":"https:\/\/www.americanonewspaper.com\/es\/wp-content\/uploads\/2024\/05\/AmericanoLogoCircle.comCircle2.jpg","contentUrl":"https:\/\/www.americanonewspaper.com\/es\/wp-content\/uploads\/2024\/05\/AmericanoLogoCircle.comCircle2.jpg","width":600,"height":600,"caption":"Americano Newspaper"},"image":{"@id":"https:\/\/www.americanonewspaper.com\/es\/#\/schema\/logo\/image\/"},"sameAs":["https:\/\/www.facebook.com\/AmericanoNewspaper\/"]},{"@type":"Person","@id":"https:\/\/www.americanonewspaper.com\/es\/#\/schema\/person\/8967f6b8af7e37bcbbe61f68580ff088","name":"Author","image":{"@type":"ImageObject","inLanguage":"en-US","@id":"https:\/\/www.americanonewspaper.com\/es\/wp-content\/litespeed\/avatar\/89ffaf6af3cf6769ffb3c6efb2313947.jpg?ver=1777427547","url":"https:\/\/www.americanonewspaper.com\/es\/wp-content\/litespeed\/avatar\/89ffaf6af3cf6769ffb3c6efb2313947.jpg?ver=1777427547","contentUrl":"https:\/\/www.americanonewspaper.com\/es\/wp-content\/litespeed\/avatar\/89ffaf6af3cf6769ffb3c6efb2313947.jpg?ver=1777427547","caption":"Author"},"url":"https:\/\/www.americanonewspaper.com\/es\/author\/americano\/"}]}},"jetpack_publicize_connections":[],"jetpack_featured_media_url":"https:\/\/www.americanonewspaper.com\/es\/wp-content\/uploads\/2026\/04\/casaculturalogo.jpg","featured_image_urls":{"full":["https:\/\/www.americanonewspaper.com\/es\/wp-content\/uploads\/2026\/04\/casaculturalogo.jpg",560,315,false],"thumbnail":["https:\/\/www.americanonewspaper.com\/es\/wp-content\/uploads\/2026\/04\/casaculturalogo-250x250.jpg",250,250,true],"medium":["https:\/\/www.americanonewspaper.com\/es\/wp-content\/uploads\/2026\/04\/casaculturalogo-300x169.jpg",300,169,true],"medium_large":["https:\/\/www.americanonewspaper.com\/es\/wp-content\/uploads\/2026\/04\/casaculturalogo.jpg",560,315,false],"large":["https:\/\/www.americanonewspaper.com\/es\/wp-content\/uploads\/2026\/04\/casaculturalogo.jpg",560,315,false],"1536x1536":["https:\/\/www.americanonewspaper.com\/es\/wp-content\/uploads\/2026\/04\/casaculturalogo.jpg",560,315,false],"2048x2048":["https:\/\/www.americanonewspaper.com\/es\/wp-content\/uploads\/2026\/04\/casaculturalogo.jpg",560,315,false],"td_150x0":["https:\/\/www.americanonewspaper.com\/es\/wp-content\/uploads\/2026\/04\/casaculturalogo-150x84.jpg",150,84,true],"td_218x150":["https:\/\/www.americanonewspaper.com\/es\/wp-content\/uploads\/2026\/04\/casaculturalogo-218x150.jpg",218,150,true],"td_300x0":["https:\/\/www.americanonewspaper.com\/es\/wp-content\/uploads\/2026\/04\/casaculturalogo-300x169.jpg",300,169,true],"td_324x400":["https:\/\/www.americanonewspaper.com\/es\/wp-content\/uploads\/2026\/04\/casaculturalogo-324x315.jpg",324,315,true],"td_485x360":["https:\/\/www.americanonewspaper.com\/es\/wp-content\/uploads\/2026\/04\/casaculturalogo-485x315.jpg",485,315,true],"td_696x0":["https:\/\/www.americanonewspaper.com\/es\/wp-content\/uploads\/2026\/04\/casaculturalogo.jpg",560,315,false],"td_1068x0":["https:\/\/www.americanonewspaper.com\/es\/wp-content\/uploads\/2026\/04\/casaculturalogo.jpg",560,315,false],"td_1920x0":["https:\/\/www.americanonewspaper.com\/es\/wp-content\/uploads\/2026\/04\/casaculturalogo.jpg",560,315,false],"bdpp-medium":["https:\/\/www.americanonewspaper.com\/es\/wp-content\/uploads\/2026\/04\/casaculturalogo.jpg",560,315,false]},"author_info":{"display_name":"Author","author_link":"https:\/\/www.americanonewspaper.com\/es\/author\/americano\/"},"category_info":"<a href=\"https:\/\/www.americanonewspaper.com\/es\/category\/comunidad\/\" rel=\"category tag\">Comunidad<\/a> <a href=\"https:\/\/www.americanonewspaper.com\/es\/category\/new-jersey\/\" rel=\"category tag\">New Jersey<\/a>","tag_info":"New Jersey","comment_count":"0","jetpack_sharing_enabled":true,"jetpack_likes_enabled":true,"_links":{"self":[{"href":"https:\/\/www.americanonewspaper.com\/es\/wp-json\/wp\/v2\/posts\/31597","targetHints":{"allow":["GET"]}}],"collection":[{"href":"https:\/\/www.americanonewspaper.com\/es\/wp-json\/wp\/v2\/posts"}],"about":[{"href":"https:\/\/www.americanonewspaper.com\/es\/wp-json\/wp\/v2\/types\/post"}],"author":[{"embeddable":true,"href":"https:\/\/www.americanonewspaper.com\/es\/wp-json\/wp\/v2\/users\/7"}],"replies":[{"embeddable":true,"href":"https:\/\/www.americanonewspaper.com\/es\/wp-json\/wp\/v2\/comments?post=31597"}],"version-history":[{"count":3,"href":"https:\/\/www.americanonewspaper.com\/es\/wp-json\/wp\/v2\/posts\/31597\/revisions"}],"predecessor-version":[{"id":31606,"href":"https:\/\/www.americanonewspaper.com\/es\/wp-json\/wp\/v2\/posts\/31597\/revisions\/31606"}],"wp:featuredmedia":[{"embeddable":true,"href":"https:\/\/www.americanonewspaper.com\/es\/wp-json\/wp\/v2\/media\/31603"}],"wp:attachment":[{"href":"https:\/\/www.americanonewspaper.com\/es\/wp-json\/wp\/v2\/media?parent=31597"}],"wp:term":[{"taxonomy":"category","embeddable":true,"href":"https:\/\/www.americanonewspaper.com\/es\/wp-json\/wp\/v2\/categories?post=31597"},{"taxonomy":"post_tag","embeddable":true,"href":"https:\/\/www.americanonewspaper.com\/es\/wp-json\/wp\/v2\/tags?post=31597"}],"curies":[{"name":"wp","href":"https:\/\/api.w.org\/{rel}","templated":true}]}}