{"id":31594,"date":"2026-04-06T14:19:18","date_gmt":"2026-04-06T18:19:18","guid":{"rendered":"https:\/\/www.americanonewspaper.com\/es\/?p=31594"},"modified":"2026-04-07T11:18:40","modified_gmt":"2026-04-07T15:18:40","slug":"sherrill-firma-ley-para-ampliar-periodo-de-votacion","status":"publish","type":"post","link":"https:\/\/www.americanonewspaper.com\/es\/new-jersey\/sherrill-firma-ley-para-ampliar-periodo-de-votacion\/","title":{"rendered":"Sherrill firma Ley para ampliar Per\u00edodo de Votaci\u00f3n"},"content":{"rendered":"\n<p><strong>TRENTON<\/strong>&nbsp;\u2013 Por <strong>Teresa Sicard-Archambeault&nbsp;<\/strong><\/p>\n\n\n\n<p class=\"dropcapp3\">La gobernadora Mikie Sherrill firm\u00f3 una nueva ley:&nbsp;<strong>A4745\/S420 (<a href=\"https:\/\/www.linkedin.com\/in\/larrywainstein\/\" target=\"_blank\" rel=\"noreferrer noopener\">Wainstein<\/a>, <a href=\"https:\/\/www.linkedin.com\/in\/gabriel-rodriguez-47b2438\/\" target=\"_blank\" rel=\"noreferrer noopener\">Rodr\u00edguez<\/a>, <a href=\"https:\/\/www.linkedin.com\/in\/tennillermccoy\/\" target=\"_blank\" rel=\"noreferrer noopener\">McCoy<\/a>\/Stack, <a href=\"https:\/\/www.linkedin.com\/in\/rajmukherji\/\" target=\"_blank\" rel=\"noreferrer noopener\">Mukherji)<\/a><\/strong>, que permite a los municipios ampliar los d\u00edas de voto anticipado en las elecciones locales de mayo.<\/p>\n\n\n\n<figure class=\"wp-block-image size-full\"><img fetchpriority=\"high\" decoding=\"async\" width=\"560\" height=\"371\" src=\"https:\/\/www.americanonewspaper.com\/es\/wp-content\/uploads\/2026\/04\/Governor.jpg\" alt=\"La gobernadora Mikie Sherrill incluy\u00f3 m\u00e1s de $10 millones en su presupuesto para fortalecer el sistema de inscripci\u00f3n de Medicaid antes de enero, cuando entren en vigor las nuevas normas federales. (Foto de Anne-Marie Caruso\/New Jersey Monitor)\" class=\"wp-image-31534\" srcset=\"https:\/\/www.americanonewspaper.com\/es\/wp-content\/uploads\/2026\/04\/Governor.jpg 560w, https:\/\/www.americanonewspaper.com\/es\/wp-content\/uploads\/2026\/04\/Governor-300x199.jpg 300w, https:\/\/www.americanonewspaper.com\/es\/wp-content\/uploads\/2026\/04\/Governor-150x99.jpg 150w\" sizes=\"(max-width: 560px) 100vw, 560px\" \/><figcaption class=\"wp-element-caption\">La gobernadora Mikie Sherrill incluy\u00f3 m\u00e1s de $10 millones en su presupuesto para fortalecer el sistema de inscripci\u00f3n de Medicaid antes de enero, cuando entren en vigor las nuevas normas federales. (Foto de Anne-Marie Caruso\/New Jersey Monitor)<\/figcaption><\/figure>\n\n\n\n<figure class=\"wp-block-image size-full\"><a href=\"https:\/\/ggllawyers.com\/es\/new-jersey-personal-injury-and-workers-compensation-lawyer\/\" target=\"_blank\" rel=\" noreferrer noopener\"><img decoding=\"async\" width=\"560\" height=\"269\" src=\"https:\/\/www.americanonewspaper.com\/es\/wp-content\/uploads\/2026\/03\/GGlSpanish-1.jpg\" alt=\"Abogados de accidentes\" class=\"wp-image-31410\" srcset=\"https:\/\/www.americanonewspaper.com\/es\/wp-content\/uploads\/2026\/03\/GGlSpanish-1.jpg 560w, https:\/\/www.americanonewspaper.com\/es\/wp-content\/uploads\/2026\/03\/GGlSpanish-1-300x144.jpg 300w, https:\/\/www.americanonewspaper.com\/es\/wp-content\/uploads\/2026\/03\/GGlSpanish-1-150x72.jpg 150w\" sizes=\"(max-width: 560px) 100vw, 560px\" \/><\/a><figcaption class=\"wp-element-caption\">Abogados de accidentes<\/figcaption><\/figure>\n\n\n\n<p><br>&#8220;Mientras el presidente Trump intenta debilitar las elecciones y poner trabas al voto con su orden ejecutiva que es inconstitucional, nosotros vamos a tomar todas las medidas necesarias para proteger la integridad de nuestras elecciones y hacerlas m\u00e1s accesibles para el votante de Nueva Jersey\u201d,<strong>&nbsp;dijo la gobernadora Mikie Sherrill.<\/strong>&nbsp;\u201cEsta ley permitir\u00e1 que los municipios ampl\u00eden el voto anticipado y garantizar\u00e1 que las personas que viven en el Estado Jardin puedan hacer o\u00edr su voz a nivel local, donde estas decisiones afectan nuestros vecindarios, nuestras escuelas y nuestra vida diaria\u201d.<\/p>\n\n\n\n<figure class=\"wp-block-image size-full\"><a href=\"https:\/\/www.nissancityspringfield.com\/\" target=\"_blank\" rel=\" noreferrer noopener\"><img decoding=\"async\" width=\"560\" height=\"303\" src=\"https:\/\/www.americanonewspaper.com\/es\/wp-content\/uploads\/2026\/03\/Nissan-City-Spanish-560-1.jpg\" alt=\"\" class=\"wp-image-31412\" srcset=\"https:\/\/www.americanonewspaper.com\/es\/wp-content\/uploads\/2026\/03\/Nissan-City-Spanish-560-1.jpg 560w, https:\/\/www.americanonewspaper.com\/es\/wp-content\/uploads\/2026\/03\/Nissan-City-Spanish-560-1-300x162.jpg 300w, https:\/\/www.americanonewspaper.com\/es\/wp-content\/uploads\/2026\/03\/Nissan-City-Spanish-560-1-150x81.jpg 150w\" sizes=\"(max-width: 560px) 100vw, 560px\" \/><\/a><figcaption class=\"wp-element-caption\">Nissan City<\/figcaption><\/figure>\n\n\n\n<p>\u201cAgradezco a la gobernadora Sherrill por firmar esta ley. Yo creo en mejorar y hacer m\u00e1s f\u00e1cil el proceso de votaci\u00f3n\u201d,&nbsp;<strong>dijo el Senador Brian Stack.<\/strong>&nbsp;Como siempre digo: hay que llegar a las urnas. Con esta ley, tenemos d\u00edas extra para votar anticipado. &nbsp;Espero que m\u00e1s residentes se animen a participar en este proceso electoral que es sagrado\u201d.<\/p>\n\n\n\n<p><br>\u201cLa votaci\u00f3n anticipada no es un lujo, es una necesidad\u201d,&nbsp;<strong>dijo el asamble\u00edsta Larry Wainstein.<\/strong>&nbsp;No todas las personas trabajan de 9 a 5, de lunes a viernes. Al aumentar los d\u00edas para votar antes, le damos oportunidad para votar a m\u00e1s personas. &nbsp;Gracias a la gobernadora por firmar esta importante ley. Una vez m\u00e1s, ella poniendo los intereses de las personas, primero. &nbsp;<\/p>\n\n\n\n<figure class=\"wp-block-image size-full\"><a href=\"https:\/\/lan.nationbuilder.com\/lan_legislative_assembly_2026\" target=\"_blank\" rel=\" noreferrer noopener\"><img loading=\"lazy\" decoding=\"async\" width=\"560\" height=\"257\" src=\"https:\/\/www.americanonewspaper.com\/es\/wp-content\/uploads\/2026\/03\/Lan-revised-copy.jpg\" alt=\"\" class=\"wp-image-31500\" srcset=\"https:\/\/www.americanonewspaper.com\/es\/wp-content\/uploads\/2026\/03\/Lan-revised-copy.jpg 560w, https:\/\/www.americanonewspaper.com\/es\/wp-content\/uploads\/2026\/03\/Lan-revised-copy-300x138.jpg 300w, https:\/\/www.americanonewspaper.com\/es\/wp-content\/uploads\/2026\/03\/Lan-revised-copy-150x69.jpg 150w\" sizes=\"(max-width: 560px) 100vw, 560px\" \/><\/a><\/figure>\n\n\n\n<p><br>Esta legislaci\u00f3n autoriza a los municipios que tienen elecciones no partidistas en mayo a iniciar el voto anticipado ocho d\u00edas antes del d\u00eda de elecciones, ampliando el periodo de voto anticipado por cuatro d\u00edas m\u00e1s. Cabe mencionar que la jornada de votaci\u00f3n anticipada permanecer\u00e1 culminando su ciclo, dos d\u00edas antes del d\u00eda de elecciones. Esta ley otorga a los votantes siete d\u00edas para votar de modo anticipado.<\/p>\n\n\n\n<figure class=\"wp-block-image size-full\"><a href=\"https:\/\/www.linkedin.com\/in\/jaimeberrios\/\" target=\"_blank\" rel=\" noreferrer noopener\"><img loading=\"lazy\" decoding=\"async\" width=\"560\" height=\"257\" src=\"https:\/\/www.americanonewspaper.com\/es\/wp-content\/uploads\/2026\/03\/Jaime-copy-2-1.jpg\" alt=\"\" class=\"wp-image-31415\" srcset=\"https:\/\/www.americanonewspaper.com\/es\/wp-content\/uploads\/2026\/03\/Jaime-copy-2-1.jpg 560w, https:\/\/www.americanonewspaper.com\/es\/wp-content\/uploads\/2026\/03\/Jaime-copy-2-1-300x138.jpg 300w, https:\/\/www.americanonewspaper.com\/es\/wp-content\/uploads\/2026\/03\/Jaime-copy-2-1-150x69.jpg 150w\" sizes=\"(max-width: 560px) 100vw, 560px\" \/><\/a><\/figure>\n\n\n\n<p>&nbsp;<br>Esta ampliaci\u00f3n en el voto anticipado proporciona a los votantes m\u00e1s oportunidades para votar anticipadamente en las elecciones municipales no partidistas y acerca el periodo de voto anticipado de estas elecciones al periodo de las elecciones estatales y federales.<\/p>\n\n\n\n<figure class=\"wp-block-image size-full\"><a href=\"https:\/\/ramospodiatry.com\/\" target=\"_blank\" rel=\" noreferrer noopener\"><img loading=\"lazy\" decoding=\"async\" width=\"560\" height=\"257\" src=\"https:\/\/www.americanonewspaper.com\/es\/wp-content\/uploads\/2026\/03\/Ramos-Spanish560-1.jpg\" alt=\"\" class=\"wp-image-31416\" srcset=\"https:\/\/www.americanonewspaper.com\/es\/wp-content\/uploads\/2026\/03\/Ramos-Spanish560-1.jpg 560w, https:\/\/www.americanonewspaper.com\/es\/wp-content\/uploads\/2026\/03\/Ramos-Spanish560-1-300x138.jpg 300w, https:\/\/www.americanonewspaper.com\/es\/wp-content\/uploads\/2026\/03\/Ramos-Spanish560-1-150x69.jpg 150w\" sizes=\"(max-width: 560px) 100vw, 560px\" \/><\/a><\/figure>\n\n\n\n<p><br><a href=\"https:\/\/www.americanonewspaper.com\/governor-sherrill-signs-law-expanding-early-voting-in-may-municipal-elections\/\" type=\"link\" id=\"https:\/\/www.americanonewspaper.com\/governor-sherrill-signs-law-expanding-early-voting-in-may-municipal-elections\/\" target=\"_blank\" rel=\"noreferrer noopener\">Esta medida<\/a> llega tras la orden ejecutiva inconstitucional de la administraci\u00f3n Trump sobre el voto por correo. La orden instruye a las agencias federales a crear listas de votantes cuya ciudadan\u00eda haya sido verificada y exige que el Servicio Postal de Estados Unidos solo entregue boletas por correo a quienes est\u00e9n en listas de voto ausentes aprobados por el estado.<\/p>\n\n\n\n<figure class=\"wp-block-image size-full\"><a href=\"https:\/\/www.manuelbatistalaw.com\/\" target=\"_blank\" rel=\" noreferrer noopener\"><img loading=\"lazy\" decoding=\"async\" width=\"560\" height=\"257\" src=\"https:\/\/www.americanonewspaper.com\/es\/wp-content\/uploads\/2026\/03\/ManuelBatistaSpanish-1.jpg\" alt=\"\" class=\"wp-image-31414\" srcset=\"https:\/\/www.americanonewspaper.com\/es\/wp-content\/uploads\/2026\/03\/ManuelBatistaSpanish-1.jpg 560w, https:\/\/www.americanonewspaper.com\/es\/wp-content\/uploads\/2026\/03\/ManuelBatistaSpanish-1-300x138.jpg 300w, https:\/\/www.americanonewspaper.com\/es\/wp-content\/uploads\/2026\/03\/ManuelBatistaSpanish-1-150x69.jpg 150w\" sizes=\"(max-width: 560px) 100vw, 560px\" \/><\/a><\/figure>\n","protected":false},"excerpt":{"rendered":"<p>TRENTON&nbsp;\u2013 Por Teresa Sicard-Archambeault&nbsp; La gobernadora Mikie Sherrill firm\u00f3 una nueva ley:&nbsp;A4745\/S420 (Wainstein, Rodr\u00edguez, McCoy\/Stack, Mukherji), que permite a los municipios ampliar los d\u00edas de voto anticipado en las elecciones locales de mayo. &#8220;Mientras el presidente Trump intenta debilitar las elecciones y poner trabas al voto con su orden ejecutiva que es inconstitucional, nosotros vamos [&hellip;]<\/p>\n","protected":false},"author":7,"featured_media":31595,"comment_status":"open","ping_status":"open","sticky":false,"template":"","format":"standard","meta":{"_acf_changed":false,"tdm_status":"","tdm_grid_status":"","_jetpack_memberships_contains_paid_content":false,"footnotes":"","jetpack_publicize_message":"","jetpack_publicize_feature_enabled":true,"jetpack_social_post_already_shared":false,"jetpack_social_options":{"image_generator_settings":{"template":"highway","default_image_id":0,"font":"","enabled":false,"token":"eyJpbWciOiJodHRwczpcL1wvd3d3LmFtZXJpY2Fub25ld3NwYXBlci5jb21cL2VzXC93cC1jb250ZW50XC91cGxvYWRzXC8yMDI2XC8wNFwvRWxlY3Rpb24tcGhvdG8uanBlZyIsInR4dCI6IlNoZXJyaWxsIGZpcm1hIExleSBwYXJhIGFtcGxpYXIgUGVyXHUwMGVkb2RvIGRlIFZvdGFjaVx1MDBmM24iLCJ0ZW1wbGF0ZSI6ImhpZ2h3YXkiLCJmb250IjoiIiwiYmxvZ19pZCI6MjI4NjE5NTc0fQ.TqVofd7HbpVB3ImLVowDmEYA-uiaH1-CyLwBacw1hBQMQ"},"version":2,"media_source":"featured-image","attached_media":[{"id":31595,"url":"https:\/\/www.americanonewspaper.com\/es\/wp-content\/uploads\/2026\/04\/Election-photo.jpeg","type":"image\/jpeg"}]},"_wpas_customize_per_network":false},"categories":[753,246],"tags":[],"class_list":{"0":"post-31594","1":"post","2":"type-post","3":"status-publish","4":"format-standard","5":"has-post-thumbnail","7":"category-elecciones","8":"category-new-jersey"},"acf":[],"yoast_head":"<!-- This site is optimized with the Yoast SEO Premium plugin v27.5 (Yoast SEO v27.5) - https:\/\/yoast.com\/product\/yoast-seo-premium-wordpress\/ -->\n<title>Sherrill firma Ley para ampliar Per\u00edodo de Votaci\u00f3n - Americano Newspaper<\/title>\n<meta name=\"description\" content=\"Hoy, la gobernadora Mikie Sherrill firm\u00f3 una nueva ley:\u00a0A4745\/S420 (Wainstein, Rodr\u00edguez, McCoy\/Stack, Mukherji), que permite a los municipios ampliar los d\u00edas de voto anticipado en las elecciones locales de mayo.\" \/>\n<meta name=\"robots\" content=\"index, follow, max-snippet:-1, max-image-preview:large, max-video-preview:-1\" \/>\n<link rel=\"canonical\" href=\"https:\/\/www.americanonewspaper.com\/es\/new-jersey\/sherrill-firma-ley-para-ampliar-periodo-de-votacion\/\" \/>\n<meta property=\"og:locale\" content=\"en_US\" \/>\n<meta property=\"og:type\" content=\"article\" \/>\n<meta property=\"og:title\" content=\"Sherrill firma Ley para ampliar Per\u00edodo de Votaci\u00f3n\" \/>\n<meta property=\"og:description\" content=\"Hoy, la gobernadora Mikie Sherrill firm\u00f3 una nueva ley:\u00a0A4745\/S420 (Wainstein, Rodr\u00edguez, McCoy\/Stack, Mukherji), que permite a los municipios ampliar los d\u00edas de voto anticipado en las elecciones locales de mayo.\" \/>\n<meta property=\"og:url\" content=\"https:\/\/www.americanonewspaper.com\/es\/new-jersey\/sherrill-firma-ley-para-ampliar-periodo-de-votacion\/\" \/>\n<meta property=\"og:site_name\" content=\"Americano Newspaper\" \/>\n<meta property=\"article:publisher\" content=\"https:\/\/www.facebook.com\/AmericanoNewspaper\/\" \/>\n<meta property=\"article:published_time\" content=\"2026-04-06T18:19:18+00:00\" \/>\n<meta property=\"article:modified_time\" content=\"2026-04-07T15:18:40+00:00\" \/>\n<meta property=\"og:image\" content=\"https:\/\/www.americanonewspaper.com\/es\/wp-content\/uploads\/2026\/04\/Election-photo.jpeg\" \/>\n\t<meta property=\"og:image:width\" content=\"560\" \/>\n\t<meta property=\"og:image:height\" content=\"373\" \/>\n\t<meta property=\"og:image:type\" content=\"image\/jpeg\" \/>\n<meta name=\"author\" content=\"Author\" \/>\n<meta name=\"twitter:card\" content=\"summary_large_image\" \/>\n<meta name=\"twitter:label1\" content=\"Written by\" \/>\n\t<meta name=\"twitter:data1\" content=\"Author\" \/>\n\t<meta name=\"twitter:label2\" content=\"Est. reading time\" \/>\n\t<meta name=\"twitter:data2\" content=\"4 minutes\" \/>\n<script type=\"application\/ld+json\" class=\"yoast-schema-graph\">{\"@context\":\"https:\\\/\\\/schema.org\",\"@graph\":[{\"@type\":\"Article\",\"@id\":\"https:\\\/\\\/www.americanonewspaper.com\\\/es\\\/new-jersey\\\/sherrill-firma-ley-para-ampliar-periodo-de-votacion\\\/#article\",\"isPartOf\":{\"@id\":\"https:\\\/\\\/www.americanonewspaper.com\\\/es\\\/new-jersey\\\/sherrill-firma-ley-para-ampliar-periodo-de-votacion\\\/\"},\"author\":{\"name\":\"Author\",\"@id\":\"https:\\\/\\\/www.americanonewspaper.com\\\/es\\\/#\\\/schema\\\/person\\\/8967f6b8af7e37bcbbe61f68580ff088\"},\"headline\":\"Sherrill firma Ley para ampliar Per\u00edodo de Votaci\u00f3n\",\"datePublished\":\"2026-04-06T18:19:18+00:00\",\"dateModified\":\"2026-04-07T15:18:40+00:00\",\"mainEntityOfPage\":{\"@id\":\"https:\\\/\\\/www.americanonewspaper.com\\\/es\\\/new-jersey\\\/sherrill-firma-ley-para-ampliar-periodo-de-votacion\\\/\"},\"wordCount\":509,\"commentCount\":0,\"publisher\":{\"@id\":\"https:\\\/\\\/www.americanonewspaper.com\\\/es\\\/#organization\"},\"image\":{\"@id\":\"https:\\\/\\\/www.americanonewspaper.com\\\/es\\\/new-jersey\\\/sherrill-firma-ley-para-ampliar-periodo-de-votacion\\\/#primaryimage\"},\"thumbnailUrl\":\"https:\\\/\\\/www.americanonewspaper.com\\\/es\\\/wp-content\\\/uploads\\\/2026\\\/04\\\/Election-photo.jpeg\",\"articleSection\":[\"Elecciones\",\"New Jersey\"],\"inLanguage\":\"en-US\",\"potentialAction\":[{\"@type\":\"CommentAction\",\"name\":\"Comment\",\"target\":[\"https:\\\/\\\/www.americanonewspaper.com\\\/es\\\/new-jersey\\\/sherrill-firma-ley-para-ampliar-periodo-de-votacion\\\/#respond\"]}]},{\"@type\":\"WebPage\",\"@id\":\"https:\\\/\\\/www.americanonewspaper.com\\\/es\\\/new-jersey\\\/sherrill-firma-ley-para-ampliar-periodo-de-votacion\\\/\",\"url\":\"https:\\\/\\\/www.americanonewspaper.com\\\/es\\\/new-jersey\\\/sherrill-firma-ley-para-ampliar-periodo-de-votacion\\\/\",\"name\":\"Sherrill firma Ley para ampliar Per\u00edodo de Votaci\u00f3n - Americano Newspaper\",\"isPartOf\":{\"@id\":\"https:\\\/\\\/www.americanonewspaper.com\\\/es\\\/#website\"},\"primaryImageOfPage\":{\"@id\":\"https:\\\/\\\/www.americanonewspaper.com\\\/es\\\/new-jersey\\\/sherrill-firma-ley-para-ampliar-periodo-de-votacion\\\/#primaryimage\"},\"image\":{\"@id\":\"https:\\\/\\\/www.americanonewspaper.com\\\/es\\\/new-jersey\\\/sherrill-firma-ley-para-ampliar-periodo-de-votacion\\\/#primaryimage\"},\"thumbnailUrl\":\"https:\\\/\\\/www.americanonewspaper.com\\\/es\\\/wp-content\\\/uploads\\\/2026\\\/04\\\/Election-photo.jpeg\",\"datePublished\":\"2026-04-06T18:19:18+00:00\",\"dateModified\":\"2026-04-07T15:18:40+00:00\",\"description\":\"Hoy, la gobernadora Mikie Sherrill firm\u00f3 una nueva ley:\u00a0A4745\\\/S420 (Wainstein, Rodr\u00edguez, McCoy\\\/Stack, Mukherji), que permite a los municipios ampliar los d\u00edas de voto anticipado en las elecciones locales de mayo.\",\"breadcrumb\":{\"@id\":\"https:\\\/\\\/www.americanonewspaper.com\\\/es\\\/new-jersey\\\/sherrill-firma-ley-para-ampliar-periodo-de-votacion\\\/#breadcrumb\"},\"inLanguage\":\"en-US\",\"potentialAction\":[{\"@type\":\"ReadAction\",\"target\":[\"https:\\\/\\\/www.americanonewspaper.com\\\/es\\\/new-jersey\\\/sherrill-firma-ley-para-ampliar-periodo-de-votacion\\\/\"]}]},{\"@type\":\"ImageObject\",\"inLanguage\":\"en-US\",\"@id\":\"https:\\\/\\\/www.americanonewspaper.com\\\/es\\\/new-jersey\\\/sherrill-firma-ley-para-ampliar-periodo-de-votacion\\\/#primaryimage\",\"url\":\"https:\\\/\\\/www.americanonewspaper.com\\\/es\\\/wp-content\\\/uploads\\\/2026\\\/04\\\/Election-photo.jpeg\",\"contentUrl\":\"https:\\\/\\\/www.americanonewspaper.com\\\/es\\\/wp-content\\\/uploads\\\/2026\\\/04\\\/Election-photo.jpeg\",\"width\":560,\"height\":373,\"caption\":\"Hoy, la gobernadora Mikie Sherrill firm\u00f3 una nueva ley: A4745\\\/S420 (Wainstein, Rodr\u00edguez, McCoy\\\/Stack, Mukherji), que permite a los municipios ampliar los d\u00edas de voto anticipado en las elecciones locales de mayo.\"},{\"@type\":\"BreadcrumbList\",\"@id\":\"https:\\\/\\\/www.americanonewspaper.com\\\/es\\\/new-jersey\\\/sherrill-firma-ley-para-ampliar-periodo-de-votacion\\\/#breadcrumb\",\"itemListElement\":[{\"@type\":\"ListItem\",\"position\":1,\"name\":\"Home\",\"item\":\"https:\\\/\\\/www.americanonewspaper.com\\\/es\\\/\"},{\"@type\":\"ListItem\",\"position\":2,\"name\":\"Sherrill firma Ley para ampliar Per\u00edodo de Votaci\u00f3n\"}]},{\"@type\":\"WebSite\",\"@id\":\"https:\\\/\\\/www.americanonewspaper.com\\\/es\\\/#website\",\"url\":\"https:\\\/\\\/www.americanonewspaper.com\\\/es\\\/\",\"name\":\"Americano Newspaper\",\"description\":\"The Hispanic Newspaper of New Jersey.\",\"publisher\":{\"@id\":\"https:\\\/\\\/www.americanonewspaper.com\\\/es\\\/#organization\"},\"potentialAction\":[{\"@type\":\"SearchAction\",\"target\":{\"@type\":\"EntryPoint\",\"urlTemplate\":\"https:\\\/\\\/www.americanonewspaper.com\\\/es\\\/?s={search_term_string}\"},\"query-input\":{\"@type\":\"PropertyValueSpecification\",\"valueRequired\":true,\"valueName\":\"search_term_string\"}}],\"inLanguage\":\"en-US\"},{\"@type\":\"Organization\",\"@id\":\"https:\\\/\\\/www.americanonewspaper.com\\\/es\\\/#organization\",\"name\":\"Americano Newspaper\",\"url\":\"https:\\\/\\\/www.americanonewspaper.com\\\/es\\\/\",\"logo\":{\"@type\":\"ImageObject\",\"inLanguage\":\"en-US\",\"@id\":\"https:\\\/\\\/www.americanonewspaper.com\\\/es\\\/#\\\/schema\\\/logo\\\/image\\\/\",\"url\":\"https:\\\/\\\/www.americanonewspaper.com\\\/es\\\/wp-content\\\/uploads\\\/2024\\\/05\\\/AmericanoLogoCircle.comCircle2.jpg\",\"contentUrl\":\"https:\\\/\\\/www.americanonewspaper.com\\\/es\\\/wp-content\\\/uploads\\\/2024\\\/05\\\/AmericanoLogoCircle.comCircle2.jpg\",\"width\":600,\"height\":600,\"caption\":\"Americano Newspaper\"},\"image\":{\"@id\":\"https:\\\/\\\/www.americanonewspaper.com\\\/es\\\/#\\\/schema\\\/logo\\\/image\\\/\"},\"sameAs\":[\"https:\\\/\\\/www.facebook.com\\\/AmericanoNewspaper\\\/\"]},{\"@type\":\"Person\",\"@id\":\"https:\\\/\\\/www.americanonewspaper.com\\\/es\\\/#\\\/schema\\\/person\\\/8967f6b8af7e37bcbbe61f68580ff088\",\"name\":\"Author\",\"image\":{\"@type\":\"ImageObject\",\"inLanguage\":\"en-US\",\"@id\":\"https:\\\/\\\/www.americanonewspaper.com\\\/es\\\/wp-content\\\/litespeed\\\/avatar\\\/89ffaf6af3cf6769ffb3c6efb2313947.jpg?ver=1777427547\",\"url\":\"https:\\\/\\\/www.americanonewspaper.com\\\/es\\\/wp-content\\\/litespeed\\\/avatar\\\/89ffaf6af3cf6769ffb3c6efb2313947.jpg?ver=1777427547\",\"contentUrl\":\"https:\\\/\\\/www.americanonewspaper.com\\\/es\\\/wp-content\\\/litespeed\\\/avatar\\\/89ffaf6af3cf6769ffb3c6efb2313947.jpg?ver=1777427547\",\"caption\":\"Author\"},\"url\":\"https:\\\/\\\/www.americanonewspaper.com\\\/es\\\/author\\\/americano\\\/\"}]}<\/script>\n<!-- \/ Yoast SEO Premium plugin. -->","yoast_head_json":{"title":"Sherrill firma Ley para ampliar Per\u00edodo de Votaci\u00f3n - Americano Newspaper","description":"Hoy, la gobernadora Mikie Sherrill firm\u00f3 una nueva ley:\u00a0A4745\/S420 (Wainstein, Rodr\u00edguez, McCoy\/Stack, Mukherji), que permite a los municipios ampliar los d\u00edas de voto anticipado en las elecciones locales de mayo.","robots":{"index":"index","follow":"follow","max-snippet":"max-snippet:-1","max-image-preview":"max-image-preview:large","max-video-preview":"max-video-preview:-1"},"canonical":"https:\/\/www.americanonewspaper.com\/es\/new-jersey\/sherrill-firma-ley-para-ampliar-periodo-de-votacion\/","og_locale":"en_US","og_type":"article","og_title":"Sherrill firma Ley para ampliar Per\u00edodo de Votaci\u00f3n","og_description":"Hoy, la gobernadora Mikie Sherrill firm\u00f3 una nueva ley:\u00a0A4745\/S420 (Wainstein, Rodr\u00edguez, McCoy\/Stack, Mukherji), que permite a los municipios ampliar los d\u00edas de voto anticipado en las elecciones locales de mayo.","og_url":"https:\/\/www.americanonewspaper.com\/es\/new-jersey\/sherrill-firma-ley-para-ampliar-periodo-de-votacion\/","og_site_name":"Americano Newspaper","article_publisher":"https:\/\/www.facebook.com\/AmericanoNewspaper\/","article_published_time":"2026-04-06T18:19:18+00:00","article_modified_time":"2026-04-07T15:18:40+00:00","og_image":[{"width":560,"height":373,"url":"https:\/\/www.americanonewspaper.com\/es\/wp-content\/uploads\/2026\/04\/Election-photo.jpeg","type":"image\/jpeg"}],"author":"Author","twitter_card":"summary_large_image","twitter_misc":{"Written by":"Author","Est. reading time":"4 minutes"},"schema":{"@context":"https:\/\/schema.org","@graph":[{"@type":"Article","@id":"https:\/\/www.americanonewspaper.com\/es\/new-jersey\/sherrill-firma-ley-para-ampliar-periodo-de-votacion\/#article","isPartOf":{"@id":"https:\/\/www.americanonewspaper.com\/es\/new-jersey\/sherrill-firma-ley-para-ampliar-periodo-de-votacion\/"},"author":{"name":"Author","@id":"https:\/\/www.americanonewspaper.com\/es\/#\/schema\/person\/8967f6b8af7e37bcbbe61f68580ff088"},"headline":"Sherrill firma Ley para ampliar Per\u00edodo de Votaci\u00f3n","datePublished":"2026-04-06T18:19:18+00:00","dateModified":"2026-04-07T15:18:40+00:00","mainEntityOfPage":{"@id":"https:\/\/www.americanonewspaper.com\/es\/new-jersey\/sherrill-firma-ley-para-ampliar-periodo-de-votacion\/"},"wordCount":509,"commentCount":0,"publisher":{"@id":"https:\/\/www.americanonewspaper.com\/es\/#organization"},"image":{"@id":"https:\/\/www.americanonewspaper.com\/es\/new-jersey\/sherrill-firma-ley-para-ampliar-periodo-de-votacion\/#primaryimage"},"thumbnailUrl":"https:\/\/www.americanonewspaper.com\/es\/wp-content\/uploads\/2026\/04\/Election-photo.jpeg","articleSection":["Elecciones","New Jersey"],"inLanguage":"en-US","potentialAction":[{"@type":"CommentAction","name":"Comment","target":["https:\/\/www.americanonewspaper.com\/es\/new-jersey\/sherrill-firma-ley-para-ampliar-periodo-de-votacion\/#respond"]}]},{"@type":"WebPage","@id":"https:\/\/www.americanonewspaper.com\/es\/new-jersey\/sherrill-firma-ley-para-ampliar-periodo-de-votacion\/","url":"https:\/\/www.americanonewspaper.com\/es\/new-jersey\/sherrill-firma-ley-para-ampliar-periodo-de-votacion\/","name":"Sherrill firma Ley para ampliar Per\u00edodo de Votaci\u00f3n - Americano Newspaper","isPartOf":{"@id":"https:\/\/www.americanonewspaper.com\/es\/#website"},"primaryImageOfPage":{"@id":"https:\/\/www.americanonewspaper.com\/es\/new-jersey\/sherrill-firma-ley-para-ampliar-periodo-de-votacion\/#primaryimage"},"image":{"@id":"https:\/\/www.americanonewspaper.com\/es\/new-jersey\/sherrill-firma-ley-para-ampliar-periodo-de-votacion\/#primaryimage"},"thumbnailUrl":"https:\/\/www.americanonewspaper.com\/es\/wp-content\/uploads\/2026\/04\/Election-photo.jpeg","datePublished":"2026-04-06T18:19:18+00:00","dateModified":"2026-04-07T15:18:40+00:00","description":"Hoy, la gobernadora Mikie Sherrill firm\u00f3 una nueva ley:\u00a0A4745\/S420 (Wainstein, Rodr\u00edguez, McCoy\/Stack, Mukherji), que permite a los municipios ampliar los d\u00edas de voto anticipado en las elecciones locales de mayo.","breadcrumb":{"@id":"https:\/\/www.americanonewspaper.com\/es\/new-jersey\/sherrill-firma-ley-para-ampliar-periodo-de-votacion\/#breadcrumb"},"inLanguage":"en-US","potentialAction":[{"@type":"ReadAction","target":["https:\/\/www.americanonewspaper.com\/es\/new-jersey\/sherrill-firma-ley-para-ampliar-periodo-de-votacion\/"]}]},{"@type":"ImageObject","inLanguage":"en-US","@id":"https:\/\/www.americanonewspaper.com\/es\/new-jersey\/sherrill-firma-ley-para-ampliar-periodo-de-votacion\/#primaryimage","url":"https:\/\/www.americanonewspaper.com\/es\/wp-content\/uploads\/2026\/04\/Election-photo.jpeg","contentUrl":"https:\/\/www.americanonewspaper.com\/es\/wp-content\/uploads\/2026\/04\/Election-photo.jpeg","width":560,"height":373,"caption":"Hoy, la gobernadora Mikie Sherrill firm\u00f3 una nueva ley: A4745\/S420 (Wainstein, Rodr\u00edguez, McCoy\/Stack, Mukherji), que permite a los municipios ampliar los d\u00edas de voto anticipado en las elecciones locales de mayo."},{"@type":"BreadcrumbList","@id":"https:\/\/www.americanonewspaper.com\/es\/new-jersey\/sherrill-firma-ley-para-ampliar-periodo-de-votacion\/#breadcrumb","itemListElement":[{"@type":"ListItem","position":1,"name":"Home","item":"https:\/\/www.americanonewspaper.com\/es\/"},{"@type":"ListItem","position":2,"name":"Sherrill firma Ley para ampliar Per\u00edodo de Votaci\u00f3n"}]},{"@type":"WebSite","@id":"https:\/\/www.americanonewspaper.com\/es\/#website","url":"https:\/\/www.americanonewspaper.com\/es\/","name":"Americano Newspaper","description":"The Hispanic Newspaper of New Jersey.","publisher":{"@id":"https:\/\/www.americanonewspaper.com\/es\/#organization"},"potentialAction":[{"@type":"SearchAction","target":{"@type":"EntryPoint","urlTemplate":"https:\/\/www.americanonewspaper.com\/es\/?s={search_term_string}"},"query-input":{"@type":"PropertyValueSpecification","valueRequired":true,"valueName":"search_term_string"}}],"inLanguage":"en-US"},{"@type":"Organization","@id":"https:\/\/www.americanonewspaper.com\/es\/#organization","name":"Americano Newspaper","url":"https:\/\/www.americanonewspaper.com\/es\/","logo":{"@type":"ImageObject","inLanguage":"en-US","@id":"https:\/\/www.americanonewspaper.com\/es\/#\/schema\/logo\/image\/","url":"https:\/\/www.americanonewspaper.com\/es\/wp-content\/uploads\/2024\/05\/AmericanoLogoCircle.comCircle2.jpg","contentUrl":"https:\/\/www.americanonewspaper.com\/es\/wp-content\/uploads\/2024\/05\/AmericanoLogoCircle.comCircle2.jpg","width":600,"height":600,"caption":"Americano Newspaper"},"image":{"@id":"https:\/\/www.americanonewspaper.com\/es\/#\/schema\/logo\/image\/"},"sameAs":["https:\/\/www.facebook.com\/AmericanoNewspaper\/"]},{"@type":"Person","@id":"https:\/\/www.americanonewspaper.com\/es\/#\/schema\/person\/8967f6b8af7e37bcbbe61f68580ff088","name":"Author","image":{"@type":"ImageObject","inLanguage":"en-US","@id":"https:\/\/www.americanonewspaper.com\/es\/wp-content\/litespeed\/avatar\/89ffaf6af3cf6769ffb3c6efb2313947.jpg?ver=1777427547","url":"https:\/\/www.americanonewspaper.com\/es\/wp-content\/litespeed\/avatar\/89ffaf6af3cf6769ffb3c6efb2313947.jpg?ver=1777427547","contentUrl":"https:\/\/www.americanonewspaper.com\/es\/wp-content\/litespeed\/avatar\/89ffaf6af3cf6769ffb3c6efb2313947.jpg?ver=1777427547","caption":"Author"},"url":"https:\/\/www.americanonewspaper.com\/es\/author\/americano\/"}]}},"jetpack_publicize_connections":[],"jetpack_featured_media_url":"https:\/\/www.americanonewspaper.com\/es\/wp-content\/uploads\/2026\/04\/Election-photo.jpeg","featured_image_urls":{"full":["https:\/\/www.americanonewspaper.com\/es\/wp-content\/uploads\/2026\/04\/Election-photo.jpeg",560,373,false],"thumbnail":["https:\/\/www.americanonewspaper.com\/es\/wp-content\/uploads\/2026\/04\/Election-photo-250x250.jpeg",250,250,true],"medium":["https:\/\/www.americanonewspaper.com\/es\/wp-content\/uploads\/2026\/04\/Election-photo-300x200.jpeg",300,200,true],"medium_large":["https:\/\/www.americanonewspaper.com\/es\/wp-content\/uploads\/2026\/04\/Election-photo.jpeg",560,373,false],"large":["https:\/\/www.americanonewspaper.com\/es\/wp-content\/uploads\/2026\/04\/Election-photo.jpeg",560,373,false],"1536x1536":["https:\/\/www.americanonewspaper.com\/es\/wp-content\/uploads\/2026\/04\/Election-photo.jpeg",560,373,false],"2048x2048":["https:\/\/www.americanonewspaper.com\/es\/wp-content\/uploads\/2026\/04\/Election-photo.jpeg",560,373,false],"td_150x0":["https:\/\/www.americanonewspaper.com\/es\/wp-content\/uploads\/2026\/04\/Election-photo-150x100.jpeg",150,100,true],"td_218x150":["https:\/\/www.americanonewspaper.com\/es\/wp-content\/uploads\/2026\/04\/Election-photo-218x150.jpeg",218,150,true],"td_300x0":["https:\/\/www.americanonewspaper.com\/es\/wp-content\/uploads\/2026\/04\/Election-photo-300x200.jpeg",300,200,true],"td_324x400":["https:\/\/www.americanonewspaper.com\/es\/wp-content\/uploads\/2026\/04\/Election-photo-324x373.jpeg",324,373,true],"td_485x360":["https:\/\/www.americanonewspaper.com\/es\/wp-content\/uploads\/2026\/04\/Election-photo-485x360.jpeg",485,360,true],"td_696x0":["https:\/\/www.americanonewspaper.com\/es\/wp-content\/uploads\/2026\/04\/Election-photo.jpeg",560,373,false],"td_1068x0":["https:\/\/www.americanonewspaper.com\/es\/wp-content\/uploads\/2026\/04\/Election-photo.jpeg",560,373,false],"td_1920x0":["https:\/\/www.americanonewspaper.com\/es\/wp-content\/uploads\/2026\/04\/Election-photo.jpeg",560,373,false],"bdpp-medium":["https:\/\/www.americanonewspaper.com\/es\/wp-content\/uploads\/2026\/04\/Election-photo.jpeg",560,373,false]},"author_info":{"display_name":"Author","author_link":"https:\/\/www.americanonewspaper.com\/es\/author\/americano\/"},"category_info":"<a href=\"https:\/\/www.americanonewspaper.com\/es\/category\/elecciones\/\" rel=\"category tag\">Elecciones<\/a> <a href=\"https:\/\/www.americanonewspaper.com\/es\/category\/new-jersey\/\" rel=\"category tag\">New Jersey<\/a>","tag_info":"New Jersey","comment_count":"0","jetpack_sharing_enabled":true,"jetpack_likes_enabled":true,"_links":{"self":[{"href":"https:\/\/www.americanonewspaper.com\/es\/wp-json\/wp\/v2\/posts\/31594","targetHints":{"allow":["GET"]}}],"collection":[{"href":"https:\/\/www.americanonewspaper.com\/es\/wp-json\/wp\/v2\/posts"}],"about":[{"href":"https:\/\/www.americanonewspaper.com\/es\/wp-json\/wp\/v2\/types\/post"}],"author":[{"embeddable":true,"href":"https:\/\/www.americanonewspaper.com\/es\/wp-json\/wp\/v2\/users\/7"}],"replies":[{"embeddable":true,"href":"https:\/\/www.americanonewspaper.com\/es\/wp-json\/wp\/v2\/comments?post=31594"}],"version-history":[{"count":2,"href":"https:\/\/www.americanonewspaper.com\/es\/wp-json\/wp\/v2\/posts\/31594\/revisions"}],"predecessor-version":[{"id":31607,"href":"https:\/\/www.americanonewspaper.com\/es\/wp-json\/wp\/v2\/posts\/31594\/revisions\/31607"}],"wp:featuredmedia":[{"embeddable":true,"href":"https:\/\/www.americanonewspaper.com\/es\/wp-json\/wp\/v2\/media\/31595"}],"wp:attachment":[{"href":"https:\/\/www.americanonewspaper.com\/es\/wp-json\/wp\/v2\/media?parent=31594"}],"wp:term":[{"taxonomy":"category","embeddable":true,"href":"https:\/\/www.americanonewspaper.com\/es\/wp-json\/wp\/v2\/categories?post=31594"},{"taxonomy":"post_tag","embeddable":true,"href":"https:\/\/www.americanonewspaper.com\/es\/wp-json\/wp\/v2\/tags?post=31594"}],"curies":[{"name":"wp","href":"https:\/\/api.w.org\/{rel}","templated":true}]}}