{"id":31587,"date":"2026-04-06T12:55:12","date_gmt":"2026-04-06T16:55:12","guid":{"rendered":"https:\/\/www.americanonewspaper.com\/es\/?p=31587"},"modified":"2026-04-06T13:00:32","modified_gmt":"2026-04-06T17:00:32","slug":"kylian-mbappe-sabe-lo-que-es-el-real-madrid","status":"publish","type":"post","link":"https:\/\/www.americanonewspaper.com\/es\/fifa\/kylian-mbappe-sabe-lo-que-es-el-real-madrid\/","title":{"rendered":"Kylian Mbapp\u00e9 sabe lo que es el Real Madrid"},"content":{"rendered":"\n<p>Madrid, 6 abr (EFE).- <\/p>\n\n\n\n<p class=\"dropcapp3\">\u00c1lvaro Arbeloa, entrenador del Real Madrid, habl\u00f3 este lunes en rueda de prensa sobre la posible ruptura del equilibrio de su equipo que puede generar la entrada de Kylian Mbapp\u00e9 en el once y dijo que es una suerte contar con el atacante franc\u00e9s que &#8220;sabe perfectamente&#8221; lo que es y representa el club blanco.<\/p>\n\n\n\n<figure class=\"wp-block-image size-full\"><img fetchpriority=\"high\" decoding=\"async\" width=\"560\" height=\"269\" src=\"https:\/\/www.americanonewspaper.com\/es\/wp-content\/uploads\/2026\/03\/GGlSpanish-1.jpg\" alt=\"Abogados de accidentes\" class=\"wp-image-31410\" srcset=\"https:\/\/www.americanonewspaper.com\/es\/wp-content\/uploads\/2026\/03\/GGlSpanish-1.jpg 560w, https:\/\/www.americanonewspaper.com\/es\/wp-content\/uploads\/2026\/03\/GGlSpanish-1-300x144.jpg 300w, https:\/\/www.americanonewspaper.com\/es\/wp-content\/uploads\/2026\/03\/GGlSpanish-1-150x72.jpg 150w\" sizes=\"(max-width: 560px) 100vw, 560px\" \/><figcaption class=\"wp-element-caption\">Abogados de accidentes<\/figcaption><\/figure>\n\n\n\n<p>Mbapp\u00e9 regres\u00f3 a un once inicial del Real Madrid en Mallorca y el conjunto blanco perdi\u00f3 2-1. El internacional franc\u00e9s dej\u00f3 atr\u00e1s una lesi\u00f3n en una rodilla y tras jugar minutos en las segundas partes de los partidos ante el City y el Atl\u00e9tico, regres\u00f3 a la titularidad. Arbeloa, preguntado por su encaje en el equipo y una posible ruptura del equilibrio, ensalz\u00f3 la figura de una de sus <a href=\"https:\/\/www.americanonewspaper.com\/es\/fifa\/real-sociedad-lucha-por-puesto-en-liga-de-campeones\/\" target=\"_blank\" rel=\"noreferrer noopener\">estrellas<\/a>.<\/p>\n\n\n\n<figure class=\"wp-block-image size-full\"><img decoding=\"async\" width=\"560\" height=\"373\" src=\"https:\/\/www.americanonewspaper.com\/es\/wp-content\/uploads\/2026\/04\/Kylian-Racismo-1.jpeg\" alt=\"\" class=\"wp-image-31591\" srcset=\"https:\/\/www.americanonewspaper.com\/es\/wp-content\/uploads\/2026\/04\/Kylian-Racismo-1.jpeg 560w, https:\/\/www.americanonewspaper.com\/es\/wp-content\/uploads\/2026\/04\/Kylian-Racismo-1-300x200.jpeg 300w, https:\/\/www.americanonewspaper.com\/es\/wp-content\/uploads\/2026\/04\/Kylian-Racismo-1-150x100.jpeg 150w\" sizes=\"(max-width: 560px) 100vw, 560px\" \/><figcaption class=\"wp-element-caption\">El delantero franc\u00e9s del Real Madrid Kylian Mbapp\u00e9, durante un entrenamiento con su equipo el pasado 22 de febrero. EFE\/ Jes\u00fas Diges<\/figcaption><\/figure>\n\n\n\n<p>&#8220;Est\u00e1 claro que Mbapp\u00e9 tiene caracter\u00edsticas distintas a Brahim y estoy encantado de tener ese problema; tener a Mbapp\u00e9 aqu\u00ed es una gran noticia. Tengo mucha confianza en todos los jugadores. Es una suerte como entrenador contar con todos ellos&#8221;, se\u00f1al\u00f3.<\/p>\n\n\n\n<figure class=\"wp-block-image size-full\"><a href=\"https:\/\/www.nissancityspringfield.com\/\" target=\"_blank\" rel=\" noreferrer noopener\"><img decoding=\"async\" width=\"560\" height=\"303\" src=\"https:\/\/www.americanonewspaper.com\/es\/wp-content\/uploads\/2026\/03\/Nissan-City-Spanish-560-1.jpg\" alt=\"\" class=\"wp-image-31412\" srcset=\"https:\/\/www.americanonewspaper.com\/es\/wp-content\/uploads\/2026\/03\/Nissan-City-Spanish-560-1.jpg 560w, https:\/\/www.americanonewspaper.com\/es\/wp-content\/uploads\/2026\/03\/Nissan-City-Spanish-560-1-300x162.jpg 300w, https:\/\/www.americanonewspaper.com\/es\/wp-content\/uploads\/2026\/03\/Nissan-City-Spanish-560-1-150x81.jpg 150w\" sizes=\"(max-width: 560px) 100vw, 560px\" \/><\/a><figcaption class=\"wp-element-caption\">Nissan City<\/figcaption><\/figure>\n\n\n\n<p>&#8220;Mbapp\u00e9 sabe perfectamente lo que es el Real Madrid, siempre ha so\u00f1ado con jugar aqu\u00ed. No es f\u00e1cil lo que ha hecho para jugar aqu\u00ed. Lo \u00fanico que me importa es lo que piensa y es una suerte extraordinaria tener a un jugador como Mbapp\u00e9 en el equipo. Me pongo en la piel de los defensas que tienen que enfrentarse al Madrid&#8221;, apunt\u00f3.<\/p>\n\n\n\n<p>Arbeloa se refiri\u00f3 a las palabras de Vin\u00edcius, que en rueda de prensa declar\u00f3 que siente una conexi\u00f3n especial con su entrenador:<\/p>\n\n\n\n<figure class=\"wp-block-image size-full\"><a href=\"https:\/\/inthepinkroom.com\/\" target=\"_blank\" rel=\" noreferrer noopener\"><img loading=\"lazy\" decoding=\"async\" width=\"560\" height=\"313\" src=\"https:\/\/www.americanonewspaper.com\/es\/wp-content\/uploads\/2026\/03\/PinkRoom-Spanish560.jpg\" alt=\"\" class=\"wp-image-31413\" srcset=\"https:\/\/www.americanonewspaper.com\/es\/wp-content\/uploads\/2026\/03\/PinkRoom-Spanish560.jpg 560w, https:\/\/www.americanonewspaper.com\/es\/wp-content\/uploads\/2026\/03\/PinkRoom-Spanish560-300x168.jpg 300w, https:\/\/www.americanonewspaper.com\/es\/wp-content\/uploads\/2026\/03\/PinkRoom-Spanish560-150x84.jpg 150w\" sizes=\"(max-width: 560px) 100vw, 560px\" \/><\/a><figcaption class=\"wp-element-caption\">Fajas<\/figcaption><\/figure>\n\n\n\n<p>&#8220;En un club como este hay que entender al jugador. Tener una buena conexi\u00f3n con los jugadores facilita para que saquen su talento. Un buen entrenador gestiona y trabaja bien y hace que sus equipos tengan un sello&#8221;. Sobre el Bayern, dijo que est\u00e1 &#8220;haciendo una temporada excepcional&#8221; y declar\u00f3 ser consciente de la exigencia que el conjunto alem\u00e1n pondr\u00e1 sobre el terreno de juego. Adem\u00e1s, record\u00f3 que la historia que tienen ambos equipos &#8220;es especial&#8221;.<\/p>\n\n\n\n<p>&#8220;Creo que es un equipo muy bien trabajado. Le ves las se\u00f1as de identidad r\u00e1pidamente. Todos los patrones de juego. Es muy agresivo en la fase defensiva. Marca al hombre, va lejos con sus jugadores, son valientes, se emparejan much\u00edsimo. Ves a once jugadores replegar todo el campo a una velocidad tremenda&#8221;, explic\u00f3.<\/p>\n\n\n\n<figure class=\"wp-block-image size-full\"><a href=\"https:\/\/www.linkedin.com\/in\/jaimeberrios\/\" target=\"_blank\" rel=\" noreferrer noopener\"><img loading=\"lazy\" decoding=\"async\" width=\"560\" height=\"257\" src=\"https:\/\/www.americanonewspaper.com\/es\/wp-content\/uploads\/2026\/03\/Jaime-copy-2-1.jpg\" alt=\"\" class=\"wp-image-31415\" srcset=\"https:\/\/www.americanonewspaper.com\/es\/wp-content\/uploads\/2026\/03\/Jaime-copy-2-1.jpg 560w, https:\/\/www.americanonewspaper.com\/es\/wp-content\/uploads\/2026\/03\/Jaime-copy-2-1-300x138.jpg 300w, https:\/\/www.americanonewspaper.com\/es\/wp-content\/uploads\/2026\/03\/Jaime-copy-2-1-150x69.jpg 150w\" sizes=\"(max-width: 560px) 100vw, 560px\" \/><\/a><\/figure>\n\n\n\n<p>&#8220;Con bal\u00f3n te llevan a situaciones con balones por fuera con talento. Kane baja a recibir y mueve al equipo. Es muy completo y con muchas armas para hacer da\u00f1o al rival y meter muchos goles. Y defensivamente, s\u00faper implicados. Las buenas referencias sobre Kompany las tiene merecidas porque est\u00e1 haciendo un trabajo tremendo en el Bayern&#8221;, a\u00f1adi\u00f3.<\/p>\n\n\n\n<p>Asimismo, se\u00f1al\u00f3 que no piensa &#8220;en no ganar la eliminatoria&#8221; e indic\u00f3 que aunque entiende que hay que analizar el escenario, para el Real Madrid solo hay uno que no es otro que ganar al Bayern.<\/p>\n\n\n\n<figure class=\"wp-block-image size-full\"><a href=\"https:\/\/lan.nationbuilder.com\/lan_legislative_assembly_2026\" target=\"_blank\" rel=\" noreferrer noopener\"><img loading=\"lazy\" decoding=\"async\" width=\"560\" height=\"257\" src=\"https:\/\/www.americanonewspaper.com\/es\/wp-content\/uploads\/2026\/03\/Lan-revised-copy.jpg\" alt=\"\" class=\"wp-image-31500\" srcset=\"https:\/\/www.americanonewspaper.com\/es\/wp-content\/uploads\/2026\/03\/Lan-revised-copy.jpg 560w, https:\/\/www.americanonewspaper.com\/es\/wp-content\/uploads\/2026\/03\/Lan-revised-copy-300x138.jpg 300w, https:\/\/www.americanonewspaper.com\/es\/wp-content\/uploads\/2026\/03\/Lan-revised-copy-150x69.jpg 150w\" sizes=\"(max-width: 560px) 100vw, 560px\" \/><\/a><\/figure>\n\n\n\n<p>Preguntado por c\u00f3mo est\u00e1 el vestuario tras la derrota en Mallorca (2-1), manifest\u00f3 que estaba dolido porque sus jugadores forman parte de un club en el que no se permite perder.<\/p>\n\n\n\n<p>&#8220;Entr\u00e9 (en el vestuario) y en cinco segundos les dije que no hab\u00eda tiempo para lamentarnos y que el foco ten\u00eda que estar en el partido de ma\u00f1ana. Tenemos que poner toda la energ\u00eda en el partido que tenemos. Es un rival que viene a gran nivel. Toda la energ\u00eda la hemos puesto en pensar en el partido ante el Bayern&#8221;.<\/p>\n\n\n\n<figure class=\"wp-block-image size-full\"><a href=\"https:\/\/www.manuelbatistalaw.com\/\" target=\"_blank\" rel=\" noreferrer noopener\"><img loading=\"lazy\" decoding=\"async\" width=\"560\" height=\"257\" src=\"https:\/\/www.americanonewspaper.com\/es\/wp-content\/uploads\/2026\/03\/ManuelBatistaSpanish-1.jpg\" alt=\"\" class=\"wp-image-31414\" srcset=\"https:\/\/www.americanonewspaper.com\/es\/wp-content\/uploads\/2026\/03\/ManuelBatistaSpanish-1.jpg 560w, https:\/\/www.americanonewspaper.com\/es\/wp-content\/uploads\/2026\/03\/ManuelBatistaSpanish-1-300x138.jpg 300w, https:\/\/www.americanonewspaper.com\/es\/wp-content\/uploads\/2026\/03\/ManuelBatistaSpanish-1-150x69.jpg 150w\" sizes=\"(max-width: 560px) 100vw, 560px\" \/><\/a><\/figure>\n\n\n\n<p>&#8220;Creo que los jugadores saben perfectamente el partido que tienen ma\u00f1ana por delante. No tengo que avisarles de nada. Hemos visto lo que hace el Bayern el en campo. Tenemos que estar preparados para saber lo que van a hacer y lo que podemos hacer. Es un partido ante un equipo con una grand\u00edsima historia y todos somos conscientes&#8221;.<\/p>\n\n\n\n<p>Tambi\u00e9n habl\u00f3 sobre el encaje de Jude Bellingham en el terreno de juego. El jugador brit\u00e1nico regresa de una lesi\u00f3n y ha disputado algunos minutos en los partidos ante el Atl\u00e9tico y el Mallorca. Ahora, Arbeloa tiene que hacerle un hueco en el once.<\/p>\n\n\n\n<figure class=\"wp-block-image size-full\"><img loading=\"lazy\" decoding=\"async\" width=\"560\" height=\"257\" src=\"https:\/\/www.americanonewspaper.com\/es\/wp-content\/uploads\/2026\/03\/Ramos-Spanish560-1.jpg\" alt=\"\" class=\"wp-image-31416\" srcset=\"https:\/\/www.americanonewspaper.com\/es\/wp-content\/uploads\/2026\/03\/Ramos-Spanish560-1.jpg 560w, https:\/\/www.americanonewspaper.com\/es\/wp-content\/uploads\/2026\/03\/Ramos-Spanish560-1-300x138.jpg 300w, https:\/\/www.americanonewspaper.com\/es\/wp-content\/uploads\/2026\/03\/Ramos-Spanish560-1-150x69.jpg 150w\" sizes=\"(max-width: 560px) 100vw, 560px\" \/><\/figure>\n\n\n\n<p>&#8220;Creo que, con Bellingham en el campo, cambia que somos mejor equipo. Estoy convencido de ello. Lo vamos a ver en el campo. Nos aporta much\u00edsimo como liderazgo y con sus condiciones. Tiene unas condiciones diferentes a sus compa\u00f1eros y cuando est\u00e9 en el campo sus compa\u00f1eros se tienen que adaptar a \u00e9l y \u00e9l a sus compa\u00f1eros. Tiene que poner el talento al servicio del equipo. Pero bendito problema tener que encajar a Bellingham en el equipo&#8221;.<\/p>\n\n\n\n<p>Por \u00faltimo, tuvo palabras para el austr\u00edaco David Alaba, que jug\u00f3 en el Bayern M\u00fanich, y de quien celebr\u00f3 que forme parte de la plantilla del Real Madrid: &#8220;Es un privilegio tener en el equipo a un jugador con esa historia. Es una suerte que est\u00e9 en el club para todos sus compa\u00f1eros. Conmigo en el banquillo ha tenido partidos que nos ha ayudado much\u00edsimo. Un jugador es importante juegue lo que juegue&#8221;.<\/p>\n\n\n\n<figure class=\"wp-block-image size-full\"><a href=\"https:\/\/tayakan.com\/\" target=\"_blank\" rel=\" noreferrer noopener\"><img loading=\"lazy\" decoding=\"async\" width=\"560\" height=\"165\" src=\"https:\/\/www.americanonewspaper.com\/es\/wp-content\/uploads\/2026\/03\/Tayakan-Webcopy-3.jpg\" alt=\"\" class=\"wp-image-31472\" srcset=\"https:\/\/www.americanonewspaper.com\/es\/wp-content\/uploads\/2026\/03\/Tayakan-Webcopy-3.jpg 560w, https:\/\/www.americanonewspaper.com\/es\/wp-content\/uploads\/2026\/03\/Tayakan-Webcopy-3-300x88.jpg 300w, https:\/\/www.americanonewspaper.com\/es\/wp-content\/uploads\/2026\/03\/Tayakan-Webcopy-3-150x44.jpg 150w\" sizes=\"(max-width: 560px) 100vw, 560px\" \/><\/a><\/figure>\n","protected":false},"excerpt":{"rendered":"<p>Madrid, 6 abr (EFE).- \u00c1lvaro Arbeloa, entrenador del Real Madrid, habl\u00f3 este lunes en rueda de prensa sobre la posible ruptura del equilibrio de su equipo que puede generar la entrada de Kylian Mbapp\u00e9 en el once y dijo que es una suerte contar con el atacante franc\u00e9s que &#8220;sabe perfectamente&#8221; lo que es y [&hellip;]<\/p>\n","protected":false},"author":7,"featured_media":31588,"comment_status":"open","ping_status":"open","sticky":false,"template":"","format":"standard","meta":{"_acf_changed":false,"tdm_status":"","tdm_grid_status":"","_jetpack_memberships_contains_paid_content":false,"footnotes":"","jetpack_publicize_message":"","jetpack_publicize_feature_enabled":true,"jetpack_social_post_already_shared":false,"jetpack_social_options":{"image_generator_settings":{"template":"highway","default_image_id":0,"font":"","enabled":false,"token":"eyJpbWciOiJodHRwczpcL1wvd3d3LmFtZXJpY2Fub25ld3NwYXBlci5jb21cL2VzXC93cC1jb250ZW50XC91cGxvYWRzXC8yMDI2XC8wNFwvUmVhbC1NYWRyaWQtQ29hY2guanBlZyIsInR4dCI6Ikt5bGlhbiBNYmFwcFx1MDBlOSBzYWJlIGxvIHF1ZSBlcyBlbCBSZWFsIE1hZHJpZCIsInRlbXBsYXRlIjoiaGlnaHdheSIsImZvbnQiOiIiLCJibG9nX2lkIjoyMjg2MTk1NzR9.qmcyjJLd87W8sS1d753XyHccCQMOS2L3EafPQfxc6zQMQ"},"version":2,"media_source":"featured-image","attached_media":[{"id":31588,"url":"https:\/\/www.americanonewspaper.com\/es\/wp-content\/uploads\/2026\/04\/Real-Madrid-Coach.jpeg","type":"image\/jpeg"}]},"_wpas_customize_per_network":false},"categories":[175,938,787],"tags":[],"class_list":{"0":"post-31587","1":"post","2":"type-post","3":"status-publish","4":"format-standard","5":"has-post-thumbnail","7":"category-fifa","8":"category-laliga-ea-sports","9":"category-real-madrid"},"acf":[],"yoast_head":"<!-- This site is optimized with the Yoast SEO Premium plugin v27.5 (Yoast SEO v27.5) - https:\/\/yoast.com\/product\/yoast-seo-premium-wordpress\/ -->\n<title>Kylian Mbapp\u00e9 sabe lo que es el Real Madrid - Americano Newspaper<\/title>\n<meta name=\"description\" content=\"\u00c1lvaro Arbeloa, entrenador del Real Madrid, habl\u00f3 este lunes en rueda de prensa sobre la posible ruptura del equilibrio de su equipo que puede generar la entrada de Kylian Mbapp\u00e9 en el once y dijo que es una suerte contar con el atacante franc\u00e9s que &quot;sabe perfectamente&quot; lo que es y representa el club blanco.\" \/>\n<meta name=\"robots\" content=\"index, follow, max-snippet:-1, max-image-preview:large, max-video-preview:-1\" \/>\n<link rel=\"canonical\" href=\"https:\/\/www.americanonewspaper.com\/es\/fifa\/kylian-mbappe-sabe-lo-que-es-el-real-madrid\/\" \/>\n<meta property=\"og:locale\" content=\"en_US\" \/>\n<meta property=\"og:type\" content=\"article\" \/>\n<meta property=\"og:title\" content=\"Kylian Mbapp\u00e9 sabe lo que es el Real Madrid\" \/>\n<meta property=\"og:description\" content=\"\u00c1lvaro Arbeloa, entrenador del Real Madrid, habl\u00f3 este lunes en rueda de prensa sobre la posible ruptura del equilibrio de su equipo que puede generar la entrada de Kylian Mbapp\u00e9 en el once y dijo que es una suerte contar con el atacante franc\u00e9s que &quot;sabe perfectamente&quot; lo que es y representa el club blanco.\" \/>\n<meta property=\"og:url\" content=\"https:\/\/www.americanonewspaper.com\/es\/fifa\/kylian-mbappe-sabe-lo-que-es-el-real-madrid\/\" \/>\n<meta property=\"og:site_name\" content=\"Americano Newspaper\" \/>\n<meta property=\"article:publisher\" content=\"https:\/\/www.facebook.com\/AmericanoNewspaper\/\" \/>\n<meta property=\"article:published_time\" content=\"2026-04-06T16:55:12+00:00\" \/>\n<meta property=\"article:modified_time\" content=\"2026-04-06T17:00:32+00:00\" \/>\n<meta property=\"og:image\" content=\"https:\/\/www.americanonewspaper.com\/es\/wp-content\/uploads\/2026\/04\/Real-Madrid-Coach.jpeg\" \/>\n\t<meta property=\"og:image:width\" content=\"560\" \/>\n\t<meta property=\"og:image:height\" content=\"373\" \/>\n\t<meta property=\"og:image:type\" content=\"image\/jpeg\" \/>\n<meta name=\"author\" content=\"Author\" \/>\n<meta name=\"twitter:card\" content=\"summary_large_image\" \/>\n<meta name=\"twitter:label1\" content=\"Written by\" \/>\n\t<meta name=\"twitter:data1\" content=\"Author\" \/>\n\t<meta name=\"twitter:label2\" content=\"Est. reading time\" \/>\n\t<meta name=\"twitter:data2\" content=\"6 minutes\" \/>\n<script type=\"application\/ld+json\" class=\"yoast-schema-graph\">{\"@context\":\"https:\\\/\\\/schema.org\",\"@graph\":[{\"@type\":\"Article\",\"@id\":\"https:\\\/\\\/www.americanonewspaper.com\\\/es\\\/fifa\\\/kylian-mbappe-sabe-lo-que-es-el-real-madrid\\\/#article\",\"isPartOf\":{\"@id\":\"https:\\\/\\\/www.americanonewspaper.com\\\/es\\\/fifa\\\/kylian-mbappe-sabe-lo-que-es-el-real-madrid\\\/\"},\"author\":{\"name\":\"Author\",\"@id\":\"https:\\\/\\\/www.americanonewspaper.com\\\/es\\\/#\\\/schema\\\/person\\\/8967f6b8af7e37bcbbe61f68580ff088\"},\"headline\":\"Kylian Mbapp\u00e9 sabe lo que es el Real Madrid\",\"datePublished\":\"2026-04-06T16:55:12+00:00\",\"dateModified\":\"2026-04-06T17:00:32+00:00\",\"mainEntityOfPage\":{\"@id\":\"https:\\\/\\\/www.americanonewspaper.com\\\/es\\\/fifa\\\/kylian-mbappe-sabe-lo-que-es-el-real-madrid\\\/\"},\"wordCount\":904,\"commentCount\":0,\"publisher\":{\"@id\":\"https:\\\/\\\/www.americanonewspaper.com\\\/es\\\/#organization\"},\"image\":{\"@id\":\"https:\\\/\\\/www.americanonewspaper.com\\\/es\\\/fifa\\\/kylian-mbappe-sabe-lo-que-es-el-real-madrid\\\/#primaryimage\"},\"thumbnailUrl\":\"https:\\\/\\\/www.americanonewspaper.com\\\/es\\\/wp-content\\\/uploads\\\/2026\\\/04\\\/Real-Madrid-Coach.jpeg\",\"articleSection\":[\"FIFA\",\"LaLiga EA Sports\",\"Real Madrid\"],\"inLanguage\":\"en-US\",\"potentialAction\":[{\"@type\":\"CommentAction\",\"name\":\"Comment\",\"target\":[\"https:\\\/\\\/www.americanonewspaper.com\\\/es\\\/fifa\\\/kylian-mbappe-sabe-lo-que-es-el-real-madrid\\\/#respond\"]}]},{\"@type\":\"WebPage\",\"@id\":\"https:\\\/\\\/www.americanonewspaper.com\\\/es\\\/fifa\\\/kylian-mbappe-sabe-lo-que-es-el-real-madrid\\\/\",\"url\":\"https:\\\/\\\/www.americanonewspaper.com\\\/es\\\/fifa\\\/kylian-mbappe-sabe-lo-que-es-el-real-madrid\\\/\",\"name\":\"Kylian Mbapp\u00e9 sabe lo que es el Real Madrid - Americano Newspaper\",\"isPartOf\":{\"@id\":\"https:\\\/\\\/www.americanonewspaper.com\\\/es\\\/#website\"},\"primaryImageOfPage\":{\"@id\":\"https:\\\/\\\/www.americanonewspaper.com\\\/es\\\/fifa\\\/kylian-mbappe-sabe-lo-que-es-el-real-madrid\\\/#primaryimage\"},\"image\":{\"@id\":\"https:\\\/\\\/www.americanonewspaper.com\\\/es\\\/fifa\\\/kylian-mbappe-sabe-lo-que-es-el-real-madrid\\\/#primaryimage\"},\"thumbnailUrl\":\"https:\\\/\\\/www.americanonewspaper.com\\\/es\\\/wp-content\\\/uploads\\\/2026\\\/04\\\/Real-Madrid-Coach.jpeg\",\"datePublished\":\"2026-04-06T16:55:12+00:00\",\"dateModified\":\"2026-04-06T17:00:32+00:00\",\"description\":\"\u00c1lvaro Arbeloa, entrenador del Real Madrid, habl\u00f3 este lunes en rueda de prensa sobre la posible ruptura del equilibrio de su equipo que puede generar la entrada de Kylian Mbapp\u00e9 en el once y dijo que es una suerte contar con el atacante franc\u00e9s que \\\"sabe perfectamente\\\" lo que es y representa el club blanco.\",\"breadcrumb\":{\"@id\":\"https:\\\/\\\/www.americanonewspaper.com\\\/es\\\/fifa\\\/kylian-mbappe-sabe-lo-que-es-el-real-madrid\\\/#breadcrumb\"},\"inLanguage\":\"en-US\",\"potentialAction\":[{\"@type\":\"ReadAction\",\"target\":[\"https:\\\/\\\/www.americanonewspaper.com\\\/es\\\/fifa\\\/kylian-mbappe-sabe-lo-que-es-el-real-madrid\\\/\"]}]},{\"@type\":\"ImageObject\",\"inLanguage\":\"en-US\",\"@id\":\"https:\\\/\\\/www.americanonewspaper.com\\\/es\\\/fifa\\\/kylian-mbappe-sabe-lo-que-es-el-real-madrid\\\/#primaryimage\",\"url\":\"https:\\\/\\\/www.americanonewspaper.com\\\/es\\\/wp-content\\\/uploads\\\/2026\\\/04\\\/Real-Madrid-Coach.jpeg\",\"contentUrl\":\"https:\\\/\\\/www.americanonewspaper.com\\\/es\\\/wp-content\\\/uploads\\\/2026\\\/04\\\/Real-Madrid-Coach.jpeg\",\"width\":560,\"height\":373,\"caption\":\"El t\u00e9cnico del Real Madrid, \u00c1lvaro Arbeloa, durante la rueda de prensa que ha ofrecido tras el entrenamiento del equipo este lunes en Valdebebas. EFE\\\/ J.J.Guillen\"},{\"@type\":\"BreadcrumbList\",\"@id\":\"https:\\\/\\\/www.americanonewspaper.com\\\/es\\\/fifa\\\/kylian-mbappe-sabe-lo-que-es-el-real-madrid\\\/#breadcrumb\",\"itemListElement\":[{\"@type\":\"ListItem\",\"position\":1,\"name\":\"Home\",\"item\":\"https:\\\/\\\/www.americanonewspaper.com\\\/es\\\/\"},{\"@type\":\"ListItem\",\"position\":2,\"name\":\"Kylian Mbapp\u00e9 sabe lo que es el Real Madrid\"}]},{\"@type\":\"WebSite\",\"@id\":\"https:\\\/\\\/www.americanonewspaper.com\\\/es\\\/#website\",\"url\":\"https:\\\/\\\/www.americanonewspaper.com\\\/es\\\/\",\"name\":\"Americano Newspaper\",\"description\":\"The Hispanic Newspaper of New Jersey.\",\"publisher\":{\"@id\":\"https:\\\/\\\/www.americanonewspaper.com\\\/es\\\/#organization\"},\"potentialAction\":[{\"@type\":\"SearchAction\",\"target\":{\"@type\":\"EntryPoint\",\"urlTemplate\":\"https:\\\/\\\/www.americanonewspaper.com\\\/es\\\/?s={search_term_string}\"},\"query-input\":{\"@type\":\"PropertyValueSpecification\",\"valueRequired\":true,\"valueName\":\"search_term_string\"}}],\"inLanguage\":\"en-US\"},{\"@type\":\"Organization\",\"@id\":\"https:\\\/\\\/www.americanonewspaper.com\\\/es\\\/#organization\",\"name\":\"Americano Newspaper\",\"url\":\"https:\\\/\\\/www.americanonewspaper.com\\\/es\\\/\",\"logo\":{\"@type\":\"ImageObject\",\"inLanguage\":\"en-US\",\"@id\":\"https:\\\/\\\/www.americanonewspaper.com\\\/es\\\/#\\\/schema\\\/logo\\\/image\\\/\",\"url\":\"https:\\\/\\\/www.americanonewspaper.com\\\/es\\\/wp-content\\\/uploads\\\/2024\\\/05\\\/AmericanoLogoCircle.comCircle2.jpg\",\"contentUrl\":\"https:\\\/\\\/www.americanonewspaper.com\\\/es\\\/wp-content\\\/uploads\\\/2024\\\/05\\\/AmericanoLogoCircle.comCircle2.jpg\",\"width\":600,\"height\":600,\"caption\":\"Americano Newspaper\"},\"image\":{\"@id\":\"https:\\\/\\\/www.americanonewspaper.com\\\/es\\\/#\\\/schema\\\/logo\\\/image\\\/\"},\"sameAs\":[\"https:\\\/\\\/www.facebook.com\\\/AmericanoNewspaper\\\/\"]},{\"@type\":\"Person\",\"@id\":\"https:\\\/\\\/www.americanonewspaper.com\\\/es\\\/#\\\/schema\\\/person\\\/8967f6b8af7e37bcbbe61f68580ff088\",\"name\":\"Author\",\"image\":{\"@type\":\"ImageObject\",\"inLanguage\":\"en-US\",\"@id\":\"https:\\\/\\\/www.americanonewspaper.com\\\/es\\\/wp-content\\\/litespeed\\\/avatar\\\/89ffaf6af3cf6769ffb3c6efb2313947.jpg?ver=1777427547\",\"url\":\"https:\\\/\\\/www.americanonewspaper.com\\\/es\\\/wp-content\\\/litespeed\\\/avatar\\\/89ffaf6af3cf6769ffb3c6efb2313947.jpg?ver=1777427547\",\"contentUrl\":\"https:\\\/\\\/www.americanonewspaper.com\\\/es\\\/wp-content\\\/litespeed\\\/avatar\\\/89ffaf6af3cf6769ffb3c6efb2313947.jpg?ver=1777427547\",\"caption\":\"Author\"},\"url\":\"https:\\\/\\\/www.americanonewspaper.com\\\/es\\\/author\\\/americano\\\/\"}]}<\/script>\n<!-- \/ Yoast SEO Premium plugin. -->","yoast_head_json":{"title":"Kylian Mbapp\u00e9 sabe lo que es el Real Madrid - Americano Newspaper","description":"\u00c1lvaro Arbeloa, entrenador del Real Madrid, habl\u00f3 este lunes en rueda de prensa sobre la posible ruptura del equilibrio de su equipo que puede generar la entrada de Kylian Mbapp\u00e9 en el once y dijo que es una suerte contar con el atacante franc\u00e9s que \"sabe perfectamente\" lo que es y representa el club blanco.","robots":{"index":"index","follow":"follow","max-snippet":"max-snippet:-1","max-image-preview":"max-image-preview:large","max-video-preview":"max-video-preview:-1"},"canonical":"https:\/\/www.americanonewspaper.com\/es\/fifa\/kylian-mbappe-sabe-lo-que-es-el-real-madrid\/","og_locale":"en_US","og_type":"article","og_title":"Kylian Mbapp\u00e9 sabe lo que es el Real Madrid","og_description":"\u00c1lvaro Arbeloa, entrenador del Real Madrid, habl\u00f3 este lunes en rueda de prensa sobre la posible ruptura del equilibrio de su equipo que puede generar la entrada de Kylian Mbapp\u00e9 en el once y dijo que es una suerte contar con el atacante franc\u00e9s que \"sabe perfectamente\" lo que es y representa el club blanco.","og_url":"https:\/\/www.americanonewspaper.com\/es\/fifa\/kylian-mbappe-sabe-lo-que-es-el-real-madrid\/","og_site_name":"Americano Newspaper","article_publisher":"https:\/\/www.facebook.com\/AmericanoNewspaper\/","article_published_time":"2026-04-06T16:55:12+00:00","article_modified_time":"2026-04-06T17:00:32+00:00","og_image":[{"width":560,"height":373,"url":"https:\/\/www.americanonewspaper.com\/es\/wp-content\/uploads\/2026\/04\/Real-Madrid-Coach.jpeg","type":"image\/jpeg"}],"author":"Author","twitter_card":"summary_large_image","twitter_misc":{"Written by":"Author","Est. reading time":"6 minutes"},"schema":{"@context":"https:\/\/schema.org","@graph":[{"@type":"Article","@id":"https:\/\/www.americanonewspaper.com\/es\/fifa\/kylian-mbappe-sabe-lo-que-es-el-real-madrid\/#article","isPartOf":{"@id":"https:\/\/www.americanonewspaper.com\/es\/fifa\/kylian-mbappe-sabe-lo-que-es-el-real-madrid\/"},"author":{"name":"Author","@id":"https:\/\/www.americanonewspaper.com\/es\/#\/schema\/person\/8967f6b8af7e37bcbbe61f68580ff088"},"headline":"Kylian Mbapp\u00e9 sabe lo que es el Real Madrid","datePublished":"2026-04-06T16:55:12+00:00","dateModified":"2026-04-06T17:00:32+00:00","mainEntityOfPage":{"@id":"https:\/\/www.americanonewspaper.com\/es\/fifa\/kylian-mbappe-sabe-lo-que-es-el-real-madrid\/"},"wordCount":904,"commentCount":0,"publisher":{"@id":"https:\/\/www.americanonewspaper.com\/es\/#organization"},"image":{"@id":"https:\/\/www.americanonewspaper.com\/es\/fifa\/kylian-mbappe-sabe-lo-que-es-el-real-madrid\/#primaryimage"},"thumbnailUrl":"https:\/\/www.americanonewspaper.com\/es\/wp-content\/uploads\/2026\/04\/Real-Madrid-Coach.jpeg","articleSection":["FIFA","LaLiga EA Sports","Real Madrid"],"inLanguage":"en-US","potentialAction":[{"@type":"CommentAction","name":"Comment","target":["https:\/\/www.americanonewspaper.com\/es\/fifa\/kylian-mbappe-sabe-lo-que-es-el-real-madrid\/#respond"]}]},{"@type":"WebPage","@id":"https:\/\/www.americanonewspaper.com\/es\/fifa\/kylian-mbappe-sabe-lo-que-es-el-real-madrid\/","url":"https:\/\/www.americanonewspaper.com\/es\/fifa\/kylian-mbappe-sabe-lo-que-es-el-real-madrid\/","name":"Kylian Mbapp\u00e9 sabe lo que es el Real Madrid - Americano Newspaper","isPartOf":{"@id":"https:\/\/www.americanonewspaper.com\/es\/#website"},"primaryImageOfPage":{"@id":"https:\/\/www.americanonewspaper.com\/es\/fifa\/kylian-mbappe-sabe-lo-que-es-el-real-madrid\/#primaryimage"},"image":{"@id":"https:\/\/www.americanonewspaper.com\/es\/fifa\/kylian-mbappe-sabe-lo-que-es-el-real-madrid\/#primaryimage"},"thumbnailUrl":"https:\/\/www.americanonewspaper.com\/es\/wp-content\/uploads\/2026\/04\/Real-Madrid-Coach.jpeg","datePublished":"2026-04-06T16:55:12+00:00","dateModified":"2026-04-06T17:00:32+00:00","description":"\u00c1lvaro Arbeloa, entrenador del Real Madrid, habl\u00f3 este lunes en rueda de prensa sobre la posible ruptura del equilibrio de su equipo que puede generar la entrada de Kylian Mbapp\u00e9 en el once y dijo que es una suerte contar con el atacante franc\u00e9s que \"sabe perfectamente\" lo que es y representa el club blanco.","breadcrumb":{"@id":"https:\/\/www.americanonewspaper.com\/es\/fifa\/kylian-mbappe-sabe-lo-que-es-el-real-madrid\/#breadcrumb"},"inLanguage":"en-US","potentialAction":[{"@type":"ReadAction","target":["https:\/\/www.americanonewspaper.com\/es\/fifa\/kylian-mbappe-sabe-lo-que-es-el-real-madrid\/"]}]},{"@type":"ImageObject","inLanguage":"en-US","@id":"https:\/\/www.americanonewspaper.com\/es\/fifa\/kylian-mbappe-sabe-lo-que-es-el-real-madrid\/#primaryimage","url":"https:\/\/www.americanonewspaper.com\/es\/wp-content\/uploads\/2026\/04\/Real-Madrid-Coach.jpeg","contentUrl":"https:\/\/www.americanonewspaper.com\/es\/wp-content\/uploads\/2026\/04\/Real-Madrid-Coach.jpeg","width":560,"height":373,"caption":"El t\u00e9cnico del Real Madrid, \u00c1lvaro Arbeloa, durante la rueda de prensa que ha ofrecido tras el entrenamiento del equipo este lunes en Valdebebas. EFE\/ J.J.Guillen"},{"@type":"BreadcrumbList","@id":"https:\/\/www.americanonewspaper.com\/es\/fifa\/kylian-mbappe-sabe-lo-que-es-el-real-madrid\/#breadcrumb","itemListElement":[{"@type":"ListItem","position":1,"name":"Home","item":"https:\/\/www.americanonewspaper.com\/es\/"},{"@type":"ListItem","position":2,"name":"Kylian Mbapp\u00e9 sabe lo que es el Real Madrid"}]},{"@type":"WebSite","@id":"https:\/\/www.americanonewspaper.com\/es\/#website","url":"https:\/\/www.americanonewspaper.com\/es\/","name":"Americano Newspaper","description":"The Hispanic Newspaper of New Jersey.","publisher":{"@id":"https:\/\/www.americanonewspaper.com\/es\/#organization"},"potentialAction":[{"@type":"SearchAction","target":{"@type":"EntryPoint","urlTemplate":"https:\/\/www.americanonewspaper.com\/es\/?s={search_term_string}"},"query-input":{"@type":"PropertyValueSpecification","valueRequired":true,"valueName":"search_term_string"}}],"inLanguage":"en-US"},{"@type":"Organization","@id":"https:\/\/www.americanonewspaper.com\/es\/#organization","name":"Americano Newspaper","url":"https:\/\/www.americanonewspaper.com\/es\/","logo":{"@type":"ImageObject","inLanguage":"en-US","@id":"https:\/\/www.americanonewspaper.com\/es\/#\/schema\/logo\/image\/","url":"https:\/\/www.americanonewspaper.com\/es\/wp-content\/uploads\/2024\/05\/AmericanoLogoCircle.comCircle2.jpg","contentUrl":"https:\/\/www.americanonewspaper.com\/es\/wp-content\/uploads\/2024\/05\/AmericanoLogoCircle.comCircle2.jpg","width":600,"height":600,"caption":"Americano Newspaper"},"image":{"@id":"https:\/\/www.americanonewspaper.com\/es\/#\/schema\/logo\/image\/"},"sameAs":["https:\/\/www.facebook.com\/AmericanoNewspaper\/"]},{"@type":"Person","@id":"https:\/\/www.americanonewspaper.com\/es\/#\/schema\/person\/8967f6b8af7e37bcbbe61f68580ff088","name":"Author","image":{"@type":"ImageObject","inLanguage":"en-US","@id":"https:\/\/www.americanonewspaper.com\/es\/wp-content\/litespeed\/avatar\/89ffaf6af3cf6769ffb3c6efb2313947.jpg?ver=1777427547","url":"https:\/\/www.americanonewspaper.com\/es\/wp-content\/litespeed\/avatar\/89ffaf6af3cf6769ffb3c6efb2313947.jpg?ver=1777427547","contentUrl":"https:\/\/www.americanonewspaper.com\/es\/wp-content\/litespeed\/avatar\/89ffaf6af3cf6769ffb3c6efb2313947.jpg?ver=1777427547","caption":"Author"},"url":"https:\/\/www.americanonewspaper.com\/es\/author\/americano\/"}]}},"jetpack_publicize_connections":[],"jetpack_featured_media_url":"https:\/\/www.americanonewspaper.com\/es\/wp-content\/uploads\/2026\/04\/Real-Madrid-Coach.jpeg","featured_image_urls":{"full":["https:\/\/www.americanonewspaper.com\/es\/wp-content\/uploads\/2026\/04\/Real-Madrid-Coach.jpeg",560,373,false],"thumbnail":["https:\/\/www.americanonewspaper.com\/es\/wp-content\/uploads\/2026\/04\/Real-Madrid-Coach-250x250.jpeg",250,250,true],"medium":["https:\/\/www.americanonewspaper.com\/es\/wp-content\/uploads\/2026\/04\/Real-Madrid-Coach-300x200.jpeg",300,200,true],"medium_large":["https:\/\/www.americanonewspaper.com\/es\/wp-content\/uploads\/2026\/04\/Real-Madrid-Coach.jpeg",560,373,false],"large":["https:\/\/www.americanonewspaper.com\/es\/wp-content\/uploads\/2026\/04\/Real-Madrid-Coach.jpeg",560,373,false],"1536x1536":["https:\/\/www.americanonewspaper.com\/es\/wp-content\/uploads\/2026\/04\/Real-Madrid-Coach.jpeg",560,373,false],"2048x2048":["https:\/\/www.americanonewspaper.com\/es\/wp-content\/uploads\/2026\/04\/Real-Madrid-Coach.jpeg",560,373,false],"td_150x0":["https:\/\/www.americanonewspaper.com\/es\/wp-content\/uploads\/2026\/04\/Real-Madrid-Coach-150x100.jpeg",150,100,true],"td_218x150":["https:\/\/www.americanonewspaper.com\/es\/wp-content\/uploads\/2026\/04\/Real-Madrid-Coach-218x150.jpeg",218,150,true],"td_300x0":["https:\/\/www.americanonewspaper.com\/es\/wp-content\/uploads\/2026\/04\/Real-Madrid-Coach-300x200.jpeg",300,200,true],"td_324x400":["https:\/\/www.americanonewspaper.com\/es\/wp-content\/uploads\/2026\/04\/Real-Madrid-Coach-324x373.jpeg",324,373,true],"td_485x360":["https:\/\/www.americanonewspaper.com\/es\/wp-content\/uploads\/2026\/04\/Real-Madrid-Coach-485x360.jpeg",485,360,true],"td_696x0":["https:\/\/www.americanonewspaper.com\/es\/wp-content\/uploads\/2026\/04\/Real-Madrid-Coach.jpeg",560,373,false],"td_1068x0":["https:\/\/www.americanonewspaper.com\/es\/wp-content\/uploads\/2026\/04\/Real-Madrid-Coach.jpeg",560,373,false],"td_1920x0":["https:\/\/www.americanonewspaper.com\/es\/wp-content\/uploads\/2026\/04\/Real-Madrid-Coach.jpeg",560,373,false],"bdpp-medium":["https:\/\/www.americanonewspaper.com\/es\/wp-content\/uploads\/2026\/04\/Real-Madrid-Coach.jpeg",560,373,false]},"author_info":{"display_name":"Author","author_link":"https:\/\/www.americanonewspaper.com\/es\/author\/americano\/"},"category_info":"<a href=\"https:\/\/www.americanonewspaper.com\/es\/category\/fifa\/\" rel=\"category tag\">FIFA<\/a> <a href=\"https:\/\/www.americanonewspaper.com\/es\/category\/fifa\/laliga-ea-sports\/\" rel=\"category tag\">LaLiga EA Sports<\/a> <a href=\"https:\/\/www.americanonewspaper.com\/es\/category\/real-madrid\/\" rel=\"category tag\">Real Madrid<\/a>","tag_info":"Real Madrid","comment_count":"0","jetpack_sharing_enabled":true,"jetpack_likes_enabled":true,"_links":{"self":[{"href":"https:\/\/www.americanonewspaper.com\/es\/wp-json\/wp\/v2\/posts\/31587","targetHints":{"allow":["GET"]}}],"collection":[{"href":"https:\/\/www.americanonewspaper.com\/es\/wp-json\/wp\/v2\/posts"}],"about":[{"href":"https:\/\/www.americanonewspaper.com\/es\/wp-json\/wp\/v2\/types\/post"}],"author":[{"embeddable":true,"href":"https:\/\/www.americanonewspaper.com\/es\/wp-json\/wp\/v2\/users\/7"}],"replies":[{"embeddable":true,"href":"https:\/\/www.americanonewspaper.com\/es\/wp-json\/wp\/v2\/comments?post=31587"}],"version-history":[{"count":3,"href":"https:\/\/www.americanonewspaper.com\/es\/wp-json\/wp\/v2\/posts\/31587\/revisions"}],"predecessor-version":[{"id":31593,"href":"https:\/\/www.americanonewspaper.com\/es\/wp-json\/wp\/v2\/posts\/31587\/revisions\/31593"}],"wp:featuredmedia":[{"embeddable":true,"href":"https:\/\/www.americanonewspaper.com\/es\/wp-json\/wp\/v2\/media\/31588"}],"wp:attachment":[{"href":"https:\/\/www.americanonewspaper.com\/es\/wp-json\/wp\/v2\/media?parent=31587"}],"wp:term":[{"taxonomy":"category","embeddable":true,"href":"https:\/\/www.americanonewspaper.com\/es\/wp-json\/wp\/v2\/categories?post=31587"},{"taxonomy":"post_tag","embeddable":true,"href":"https:\/\/www.americanonewspaper.com\/es\/wp-json\/wp\/v2\/tags?post=31587"}],"curies":[{"name":"wp","href":"https:\/\/api.w.org\/{rel}","templated":true}]}}