{"id":31331,"date":"2026-03-19T00:11:48","date_gmt":"2026-03-19T04:11:48","guid":{"rendered":"https:\/\/www.americanonewspaper.com\/es\/?p=31331"},"modified":"2026-03-19T00:12:20","modified_gmt":"2026-03-19T04:12:20","slug":"venezuela-declara-dia-nacional-del-beisbol-tras-conquistar-el-clasico-mundial","status":"publish","type":"post","link":"https:\/\/www.americanonewspaper.com\/es\/venezuela\/venezuela-declara-dia-nacional-del-beisbol-tras-conquistar-el-clasico-mundial\/","title":{"rendered":"Venezuela declara D\u00eda Nacional del B\u00e9isbol tras conquistar el Cl\u00e1sico Mundial"},"content":{"rendered":"\n<p>Caracas, (EFE).<\/p>\n\n\n\n<p class=\"has-drop-cap\">La presidenta encargada de Venezuela, Delcy Rodr\u00edguez, anunci\u00f3 este mi\u00e9rcoles que declar\u00f3 el 17 de marzo como el D\u00eda Nacional del B\u00e9isbol en el pa\u00eds, para conmemorar la primera victoria de una selecci\u00f3n del pa\u00eds en el Cl\u00e1sico Mundial tras la final disputada este martes con Estados Unidos.<\/p>\n\n\n\n<p>Durante un acto en el palacio presidencial de Miraflores, en el que participaron ministros e integrantes del Gobierno, Rodr\u00edguez dijo que decret\u00f3 este d\u00eda festivo en homenaje a los flamantes campeones.<\/p>\n\n\n\n<figure class=\"wp-block-gallery has-nested-images columns-default is-cropped wp-block-gallery-1 is-layout-flex wp-block-gallery-is-layout-flex\">\n<figure class=\"wp-block-image size-large\"><a href=\"https:\/\/ggllawyers.com\/es\/new-jersey-personal-injury-and-workers-compensation-lawyer\/\" target=\"_blank\" rel=\" noreferrer noopener\"><img fetchpriority=\"high\" decoding=\"async\" width=\"800\" height=\"386\" data-id=\"31172\" src=\"https:\/\/www.americanonewspaper.com\/es\/wp-content\/uploads\/2026\/03\/Screenshot-2026-03-06-at-10.31.27-PM-800x386.png\" alt=\"\" class=\"wp-image-31172\" srcset=\"https:\/\/www.americanonewspaper.com\/es\/wp-content\/uploads\/2026\/03\/Screenshot-2026-03-06-at-10.31.27-PM-800x386.png 800w, https:\/\/www.americanonewspaper.com\/es\/wp-content\/uploads\/2026\/03\/Screenshot-2026-03-06-at-10.31.27-PM-300x145.png 300w, https:\/\/www.americanonewspaper.com\/es\/wp-content\/uploads\/2026\/03\/Screenshot-2026-03-06-at-10.31.27-PM-768x371.png 768w, https:\/\/www.americanonewspaper.com\/es\/wp-content\/uploads\/2026\/03\/Screenshot-2026-03-06-at-10.31.27-PM-1536x742.png 1536w, https:\/\/www.americanonewspaper.com\/es\/wp-content\/uploads\/2026\/03\/Screenshot-2026-03-06-at-10.31.27-PM-150x72.png 150w, https:\/\/www.americanonewspaper.com\/es\/wp-content\/uploads\/2026\/03\/Screenshot-2026-03-06-at-10.31.27-PM-696x336.png 696w, https:\/\/www.americanonewspaper.com\/es\/wp-content\/uploads\/2026\/03\/Screenshot-2026-03-06-at-10.31.27-PM-1068x516.png 1068w, https:\/\/www.americanonewspaper.com\/es\/wp-content\/uploads\/2026\/03\/Screenshot-2026-03-06-at-10.31.27-PM.png 1598w\" sizes=\"(max-width: 800px) 100vw, 800px\" \/><\/a><\/figure>\n<\/figure>\n\n\n\n<p>A\u00f1adi\u00f3 que aprob\u00f3 la creaci\u00f3n de un &#8216;Paseo de las Estrellas&#8217; en la Plaza de la Juventud, en el oeste de Caracas, para destacar a los jugadores de la selecci\u00f3n venezolana y que &#8220;cada nombre de ellos brille en esas estrellas&#8221;.&nbsp;<\/p>\n\n\n\n<p>Esta propuesta, agreg\u00f3, la tom\u00f3 del astro Ronald Acu\u00f1a Jr., quien el martes public\u00f3 en su cuenta de Instagram una imagen del Paseo de las Estrellas de Hollywood, en Estados Unidos, acompa\u00f1ada del mensaje: &#8220;Un piso as\u00ed en Caracas con todos nuestros nombres&#8221; y los de &#8220;todos los que fueron parte de esto&#8221;.&nbsp;<\/p>\n\n\n\n<p>&#8220;Por favor y gracias. Solo eso quiero&#8221;, a\u00f1adi\u00f3 el jugador de los Bravos de Atlanta.<\/p>\n\n\n\n<figure class=\"wp-block-gallery has-nested-images columns-default is-cropped wp-block-gallery-2 is-layout-flex wp-block-gallery-is-layout-flex\">\n<figure class=\"wp-block-image size-large\"><img decoding=\"async\" width=\"750\" height=\"500\" data-id=\"31333\" src=\"https:\/\/www.americanonewspaper.com\/es\/wp-content\/uploads\/2026\/03\/b6b81e72afa0c3714aed956d3c18d081a21178a3miniw-750x500.jpg\" alt=\"\" class=\"wp-image-31333\" srcset=\"https:\/\/www.americanonewspaper.com\/es\/wp-content\/uploads\/2026\/03\/b6b81e72afa0c3714aed956d3c18d081a21178a3miniw-750x500.jpg 750w, https:\/\/www.americanonewspaper.com\/es\/wp-content\/uploads\/2026\/03\/b6b81e72afa0c3714aed956d3c18d081a21178a3miniw-300x200.jpg 300w, https:\/\/www.americanonewspaper.com\/es\/wp-content\/uploads\/2026\/03\/b6b81e72afa0c3714aed956d3c18d081a21178a3miniw-768x512.jpg 768w, https:\/\/www.americanonewspaper.com\/es\/wp-content\/uploads\/2026\/03\/b6b81e72afa0c3714aed956d3c18d081a21178a3miniw-150x100.jpg 150w, https:\/\/www.americanonewspaper.com\/es\/wp-content\/uploads\/2026\/03\/b6b81e72afa0c3714aed956d3c18d081a21178a3miniw-696x464.jpg 696w, https:\/\/www.americanonewspaper.com\/es\/wp-content\/uploads\/2026\/03\/b6b81e72afa0c3714aed956d3c18d081a21178a3miniw.jpg 900w\" sizes=\"(max-width: 750px) 100vw, 750px\" \/><figcaption class=\"wp-element-caption\">Centenas de personas festejan este mi\u00e9rcoles en las calles de Caracas la conquista del Cl\u00e1sico Mundial de B\u00e9isbol por la selecci\u00f3n venezolana en una final contra la de Estados Unidos en Miami. EFE\/ Miguel Guti\u00e9rrez<\/figcaption><\/figure>\n<\/figure>\n\n\n\n<p>La funcionaria present\u00f3 la copa del torneo ante una multitud de personas que se congreg\u00f3 a las afueras de la sede del Ejecutivo y asegur\u00f3 que est\u00e1 haciendo gestiones con el Gobierno de Estados Unidos y varios de los equipos de Grandes Ligas -que se encuentran en medio de los entrenamientos de primavera- para que permitan a los jugadores visitar su pa\u00eds.&nbsp;<\/p>\n\n\n\n<p>El martes, tras la victoria de Venezuela, Rodr\u00edguez decret\u00f3 este mi\u00e9rcoles como &#8216;d\u00eda de j\u00fabilo nacional&#8217; no laborable, con excepci\u00f3n de los trabajadores de &#8220;servicios esenciales&#8221;.<\/p>\n\n\n\n<p>Venezuela venci\u00f3 por 3-2 a la selecci\u00f3n de Estados Unidos en el estadio LoanPark en Miami.<\/p>\n\n\n\n<figure class=\"wp-block-gallery has-nested-images columns-default is-cropped wp-block-gallery-3 is-layout-flex wp-block-gallery-is-layout-flex\">\n<figure class=\"wp-block-image size-large\"><a href=\"https:\/\/www.nissancityspringfield.com\/\" target=\"_blank\" rel=\" noreferrer noopener\"><img decoding=\"async\" width=\"800\" height=\"434\" data-id=\"31173\" src=\"https:\/\/www.americanonewspaper.com\/es\/wp-content\/uploads\/2026\/03\/Screenshot-2026-03-06-at-10.32.50-PM-800x434.png\" alt=\"\" class=\"wp-image-31173\" srcset=\"https:\/\/www.americanonewspaper.com\/es\/wp-content\/uploads\/2026\/03\/Screenshot-2026-03-06-at-10.32.50-PM-800x434.png 800w, https:\/\/www.americanonewspaper.com\/es\/wp-content\/uploads\/2026\/03\/Screenshot-2026-03-06-at-10.32.50-PM-300x163.png 300w, https:\/\/www.americanonewspaper.com\/es\/wp-content\/uploads\/2026\/03\/Screenshot-2026-03-06-at-10.32.50-PM-768x417.png 768w, https:\/\/www.americanonewspaper.com\/es\/wp-content\/uploads\/2026\/03\/Screenshot-2026-03-06-at-10.32.50-PM-1536x833.png 1536w, https:\/\/www.americanonewspaper.com\/es\/wp-content\/uploads\/2026\/03\/Screenshot-2026-03-06-at-10.32.50-PM-150x81.png 150w, https:\/\/www.americanonewspaper.com\/es\/wp-content\/uploads\/2026\/03\/Screenshot-2026-03-06-at-10.32.50-PM-696x378.png 696w, https:\/\/www.americanonewspaper.com\/es\/wp-content\/uploads\/2026\/03\/Screenshot-2026-03-06-at-10.32.50-PM-1068x579.png 1068w, https:\/\/www.americanonewspaper.com\/es\/wp-content\/uploads\/2026\/03\/Screenshot-2026-03-06-at-10.32.50-PM.png 1600w\" sizes=\"(max-width: 800px) 100vw, 800px\" \/><\/a><\/figure>\n<\/figure>\n","protected":false},"excerpt":{"rendered":"<p>Caracas, (EFE). La presidenta encargada de Venezuela, Delcy Rodr\u00edguez, anunci\u00f3 este mi\u00e9rcoles que declar\u00f3 el 17 de marzo como el D\u00eda Nacional del B\u00e9isbol en el pa\u00eds, para conmemorar la primera victoria de una selecci\u00f3n del pa\u00eds en el Cl\u00e1sico Mundial tras la final disputada este martes con Estados Unidos. Durante un acto en el [&hellip;]<\/p>\n","protected":false},"author":7,"featured_media":31332,"comment_status":"open","ping_status":"open","sticky":true,"template":"","format":"standard","meta":{"_acf_changed":false,"tdm_status":"","tdm_grid_status":"","_jetpack_memberships_contains_paid_content":false,"footnotes":"","jetpack_publicize_message":"","jetpack_publicize_feature_enabled":true,"jetpack_social_post_already_shared":true,"jetpack_social_options":{"image_generator_settings":{"template":"highway","default_image_id":0,"font":"","enabled":false},"version":2},"_wpas_customize_per_network":false},"categories":[806,1585,319],"tags":[],"class_list":{"0":"post-31331","1":"post","2":"type-post","3":"status-publish","4":"format-standard","5":"has-post-thumbnail","7":"category-beisbol","8":"category-clasico-mundial-de-beisbol-2026","9":"category-venezuela"},"acf":[],"yoast_head":"<!-- This site is optimized with the Yoast SEO Premium plugin v27.5 (Yoast SEO v27.5) - https:\/\/yoast.com\/product\/yoast-seo-premium-wordpress\/ -->\n<title>Venezuela declara D\u00eda Nacional del B\u00e9isbol tras conquistar el Cl\u00e1sico Mundial - Americano Newspaper<\/title>\n<meta name=\"description\" content=\"La presidenta encargada de Venezuela, Delcy Rodr\u00edguez, anunci\u00f3 este mi\u00e9rcoles que declar\u00f3 el 17 de marzo como el D\u00eda Nacional del B\u00e9isbol en el pa\u00eds, para conmemorar la primera victoria de una selecci\u00f3n del pa\u00eds en el Cl\u00e1sico Mundial tras la final disputada este martes con Estados Unidos.\" \/>\n<meta name=\"robots\" content=\"index, follow, max-snippet:-1, max-image-preview:large, max-video-preview:-1\" \/>\n<link rel=\"canonical\" href=\"https:\/\/www.americanonewspaper.com\/es\/venezuela\/venezuela-declara-dia-nacional-del-beisbol-tras-conquistar-el-clasico-mundial\/\" \/>\n<meta property=\"og:locale\" content=\"en_US\" \/>\n<meta property=\"og:type\" content=\"article\" \/>\n<meta property=\"og:title\" content=\"Venezuela declara D\u00eda Nacional del B\u00e9isbol tras conquistar el Cl\u00e1sico Mundial\" \/>\n<meta property=\"og:description\" content=\"La presidenta encargada de Venezuela, Delcy Rodr\u00edguez, anunci\u00f3 este mi\u00e9rcoles que declar\u00f3 el 17 de marzo como el D\u00eda Nacional del B\u00e9isbol en el pa\u00eds, para conmemorar la primera victoria de una selecci\u00f3n del pa\u00eds en el Cl\u00e1sico Mundial tras la final disputada este martes con Estados Unidos.\" \/>\n<meta property=\"og:url\" content=\"https:\/\/www.americanonewspaper.com\/es\/venezuela\/venezuela-declara-dia-nacional-del-beisbol-tras-conquistar-el-clasico-mundial\/\" \/>\n<meta property=\"og:site_name\" content=\"Americano Newspaper\" \/>\n<meta property=\"article:publisher\" content=\"https:\/\/www.facebook.com\/AmericanoNewspaper\/\" \/>\n<meta property=\"article:published_time\" content=\"2026-03-19T04:11:48+00:00\" \/>\n<meta property=\"article:modified_time\" content=\"2026-03-19T04:12:20+00:00\" \/>\n<meta property=\"og:image\" content=\"https:\/\/www.americanonewspaper.com\/es\/wp-content\/uploads\/2026\/03\/344f832d42b8f666dce64f0826cdc325b2e302c2miniw.jpg\" \/>\n\t<meta property=\"og:image:width\" content=\"900\" \/>\n\t<meta property=\"og:image:height\" content=\"600\" \/>\n\t<meta property=\"og:image:type\" content=\"image\/jpeg\" \/>\n<meta name=\"author\" content=\"Author\" \/>\n<meta name=\"twitter:card\" content=\"summary_large_image\" \/>\n<meta name=\"twitter:label1\" content=\"Written by\" \/>\n\t<meta name=\"twitter:data1\" content=\"Author\" \/>\n\t<meta name=\"twitter:label2\" content=\"Est. reading time\" \/>\n\t<meta name=\"twitter:data2\" content=\"3 minutes\" \/>\n<script type=\"application\/ld+json\" class=\"yoast-schema-graph\">{\"@context\":\"https:\\\/\\\/schema.org\",\"@graph\":[{\"@type\":\"Article\",\"@id\":\"https:\\\/\\\/www.americanonewspaper.com\\\/es\\\/venezuela\\\/venezuela-declara-dia-nacional-del-beisbol-tras-conquistar-el-clasico-mundial\\\/#article\",\"isPartOf\":{\"@id\":\"https:\\\/\\\/www.americanonewspaper.com\\\/es\\\/venezuela\\\/venezuela-declara-dia-nacional-del-beisbol-tras-conquistar-el-clasico-mundial\\\/\"},\"author\":{\"name\":\"Author\",\"@id\":\"https:\\\/\\\/www.americanonewspaper.com\\\/es\\\/#\\\/schema\\\/person\\\/8967f6b8af7e37bcbbe61f68580ff088\"},\"headline\":\"Venezuela declara D\u00eda Nacional del B\u00e9isbol tras conquistar el Cl\u00e1sico Mundial\",\"datePublished\":\"2026-03-19T04:11:48+00:00\",\"dateModified\":\"2026-03-19T04:12:20+00:00\",\"mainEntityOfPage\":{\"@id\":\"https:\\\/\\\/www.americanonewspaper.com\\\/es\\\/venezuela\\\/venezuela-declara-dia-nacional-del-beisbol-tras-conquistar-el-clasico-mundial\\\/\"},\"wordCount\":373,\"commentCount\":0,\"publisher\":{\"@id\":\"https:\\\/\\\/www.americanonewspaper.com\\\/es\\\/#organization\"},\"image\":{\"@id\":\"https:\\\/\\\/www.americanonewspaper.com\\\/es\\\/venezuela\\\/venezuela-declara-dia-nacional-del-beisbol-tras-conquistar-el-clasico-mundial\\\/#primaryimage\"},\"thumbnailUrl\":\"https:\\\/\\\/www.americanonewspaper.com\\\/es\\\/wp-content\\\/uploads\\\/2026\\\/03\\\/344f832d42b8f666dce64f0826cdc325b2e302c2miniw.jpg\",\"articleSection\":[\"B\u00e9isbol\",\"Cl\u00e1sico Mundial de B\u00e9isbol 2026\",\"Venezuela\"],\"inLanguage\":\"en-US\",\"potentialAction\":[{\"@type\":\"CommentAction\",\"name\":\"Comment\",\"target\":[\"https:\\\/\\\/www.americanonewspaper.com\\\/es\\\/venezuela\\\/venezuela-declara-dia-nacional-del-beisbol-tras-conquistar-el-clasico-mundial\\\/#respond\"]}]},{\"@type\":\"WebPage\",\"@id\":\"https:\\\/\\\/www.americanonewspaper.com\\\/es\\\/venezuela\\\/venezuela-declara-dia-nacional-del-beisbol-tras-conquistar-el-clasico-mundial\\\/\",\"url\":\"https:\\\/\\\/www.americanonewspaper.com\\\/es\\\/venezuela\\\/venezuela-declara-dia-nacional-del-beisbol-tras-conquistar-el-clasico-mundial\\\/\",\"name\":\"Venezuela declara D\u00eda Nacional del B\u00e9isbol tras conquistar el Cl\u00e1sico Mundial - Americano Newspaper\",\"isPartOf\":{\"@id\":\"https:\\\/\\\/www.americanonewspaper.com\\\/es\\\/#website\"},\"primaryImageOfPage\":{\"@id\":\"https:\\\/\\\/www.americanonewspaper.com\\\/es\\\/venezuela\\\/venezuela-declara-dia-nacional-del-beisbol-tras-conquistar-el-clasico-mundial\\\/#primaryimage\"},\"image\":{\"@id\":\"https:\\\/\\\/www.americanonewspaper.com\\\/es\\\/venezuela\\\/venezuela-declara-dia-nacional-del-beisbol-tras-conquistar-el-clasico-mundial\\\/#primaryimage\"},\"thumbnailUrl\":\"https:\\\/\\\/www.americanonewspaper.com\\\/es\\\/wp-content\\\/uploads\\\/2026\\\/03\\\/344f832d42b8f666dce64f0826cdc325b2e302c2miniw.jpg\",\"datePublished\":\"2026-03-19T04:11:48+00:00\",\"dateModified\":\"2026-03-19T04:12:20+00:00\",\"description\":\"La presidenta encargada de Venezuela, Delcy Rodr\u00edguez, anunci\u00f3 este mi\u00e9rcoles que declar\u00f3 el 17 de marzo como el D\u00eda Nacional del B\u00e9isbol en el pa\u00eds, para conmemorar la primera victoria de una selecci\u00f3n del pa\u00eds en el Cl\u00e1sico Mundial tras la final disputada este martes con Estados Unidos.\",\"breadcrumb\":{\"@id\":\"https:\\\/\\\/www.americanonewspaper.com\\\/es\\\/venezuela\\\/venezuela-declara-dia-nacional-del-beisbol-tras-conquistar-el-clasico-mundial\\\/#breadcrumb\"},\"inLanguage\":\"en-US\",\"potentialAction\":[{\"@type\":\"ReadAction\",\"target\":[\"https:\\\/\\\/www.americanonewspaper.com\\\/es\\\/venezuela\\\/venezuela-declara-dia-nacional-del-beisbol-tras-conquistar-el-clasico-mundial\\\/\"]}]},{\"@type\":\"ImageObject\",\"inLanguage\":\"en-US\",\"@id\":\"https:\\\/\\\/www.americanonewspaper.com\\\/es\\\/venezuela\\\/venezuela-declara-dia-nacional-del-beisbol-tras-conquistar-el-clasico-mundial\\\/#primaryimage\",\"url\":\"https:\\\/\\\/www.americanonewspaper.com\\\/es\\\/wp-content\\\/uploads\\\/2026\\\/03\\\/344f832d42b8f666dce64f0826cdc325b2e302c2miniw.jpg\",\"contentUrl\":\"https:\\\/\\\/www.americanonewspaper.com\\\/es\\\/wp-content\\\/uploads\\\/2026\\\/03\\\/344f832d42b8f666dce64f0826cdc325b2e302c2miniw.jpg\",\"width\":900,\"height\":600,\"caption\":\"Decenas de personas sostienen una bandera de Venezuela este mi\u00e9rcoles durante las celebraciones en las calles de Caracas por la conquista del Cl\u00e1sico Mundial de B\u00e9isbol. EFE\\\/ Miguel Guti\u00e9rrez\"},{\"@type\":\"BreadcrumbList\",\"@id\":\"https:\\\/\\\/www.americanonewspaper.com\\\/es\\\/venezuela\\\/venezuela-declara-dia-nacional-del-beisbol-tras-conquistar-el-clasico-mundial\\\/#breadcrumb\",\"itemListElement\":[{\"@type\":\"ListItem\",\"position\":1,\"name\":\"Home\",\"item\":\"https:\\\/\\\/www.americanonewspaper.com\\\/es\\\/\"},{\"@type\":\"ListItem\",\"position\":2,\"name\":\"Venezuela declara D\u00eda Nacional del B\u00e9isbol tras conquistar el Cl\u00e1sico Mundial\"}]},{\"@type\":\"WebSite\",\"@id\":\"https:\\\/\\\/www.americanonewspaper.com\\\/es\\\/#website\",\"url\":\"https:\\\/\\\/www.americanonewspaper.com\\\/es\\\/\",\"name\":\"Americano Newspaper\",\"description\":\"The Hispanic Newspaper of New Jersey.\",\"publisher\":{\"@id\":\"https:\\\/\\\/www.americanonewspaper.com\\\/es\\\/#organization\"},\"potentialAction\":[{\"@type\":\"SearchAction\",\"target\":{\"@type\":\"EntryPoint\",\"urlTemplate\":\"https:\\\/\\\/www.americanonewspaper.com\\\/es\\\/?s={search_term_string}\"},\"query-input\":{\"@type\":\"PropertyValueSpecification\",\"valueRequired\":true,\"valueName\":\"search_term_string\"}}],\"inLanguage\":\"en-US\"},{\"@type\":\"Organization\",\"@id\":\"https:\\\/\\\/www.americanonewspaper.com\\\/es\\\/#organization\",\"name\":\"Americano Newspaper\",\"url\":\"https:\\\/\\\/www.americanonewspaper.com\\\/es\\\/\",\"logo\":{\"@type\":\"ImageObject\",\"inLanguage\":\"en-US\",\"@id\":\"https:\\\/\\\/www.americanonewspaper.com\\\/es\\\/#\\\/schema\\\/logo\\\/image\\\/\",\"url\":\"https:\\\/\\\/www.americanonewspaper.com\\\/es\\\/wp-content\\\/uploads\\\/2024\\\/05\\\/AmericanoLogoCircle.comCircle2.jpg\",\"contentUrl\":\"https:\\\/\\\/www.americanonewspaper.com\\\/es\\\/wp-content\\\/uploads\\\/2024\\\/05\\\/AmericanoLogoCircle.comCircle2.jpg\",\"width\":600,\"height\":600,\"caption\":\"Americano Newspaper\"},\"image\":{\"@id\":\"https:\\\/\\\/www.americanonewspaper.com\\\/es\\\/#\\\/schema\\\/logo\\\/image\\\/\"},\"sameAs\":[\"https:\\\/\\\/www.facebook.com\\\/AmericanoNewspaper\\\/\"]},{\"@type\":\"Person\",\"@id\":\"https:\\\/\\\/www.americanonewspaper.com\\\/es\\\/#\\\/schema\\\/person\\\/8967f6b8af7e37bcbbe61f68580ff088\",\"name\":\"Author\",\"image\":{\"@type\":\"ImageObject\",\"inLanguage\":\"en-US\",\"@id\":\"https:\\\/\\\/www.americanonewspaper.com\\\/es\\\/wp-content\\\/litespeed\\\/avatar\\\/89ffaf6af3cf6769ffb3c6efb2313947.jpg?ver=1777427547\",\"url\":\"https:\\\/\\\/www.americanonewspaper.com\\\/es\\\/wp-content\\\/litespeed\\\/avatar\\\/89ffaf6af3cf6769ffb3c6efb2313947.jpg?ver=1777427547\",\"contentUrl\":\"https:\\\/\\\/www.americanonewspaper.com\\\/es\\\/wp-content\\\/litespeed\\\/avatar\\\/89ffaf6af3cf6769ffb3c6efb2313947.jpg?ver=1777427547\",\"caption\":\"Author\"},\"url\":\"https:\\\/\\\/www.americanonewspaper.com\\\/es\\\/author\\\/americano\\\/\"}]}<\/script>\n<!-- \/ Yoast SEO Premium plugin. -->","yoast_head_json":{"title":"Venezuela declara D\u00eda Nacional del B\u00e9isbol tras conquistar el Cl\u00e1sico Mundial - Americano Newspaper","description":"La presidenta encargada de Venezuela, Delcy Rodr\u00edguez, anunci\u00f3 este mi\u00e9rcoles que declar\u00f3 el 17 de marzo como el D\u00eda Nacional del B\u00e9isbol en el pa\u00eds, para conmemorar la primera victoria de una selecci\u00f3n del pa\u00eds en el Cl\u00e1sico Mundial tras la final disputada este martes con Estados Unidos.","robots":{"index":"index","follow":"follow","max-snippet":"max-snippet:-1","max-image-preview":"max-image-preview:large","max-video-preview":"max-video-preview:-1"},"canonical":"https:\/\/www.americanonewspaper.com\/es\/venezuela\/venezuela-declara-dia-nacional-del-beisbol-tras-conquistar-el-clasico-mundial\/","og_locale":"en_US","og_type":"article","og_title":"Venezuela declara D\u00eda Nacional del B\u00e9isbol tras conquistar el Cl\u00e1sico Mundial","og_description":"La presidenta encargada de Venezuela, Delcy Rodr\u00edguez, anunci\u00f3 este mi\u00e9rcoles que declar\u00f3 el 17 de marzo como el D\u00eda Nacional del B\u00e9isbol en el pa\u00eds, para conmemorar la primera victoria de una selecci\u00f3n del pa\u00eds en el Cl\u00e1sico Mundial tras la final disputada este martes con Estados Unidos.","og_url":"https:\/\/www.americanonewspaper.com\/es\/venezuela\/venezuela-declara-dia-nacional-del-beisbol-tras-conquistar-el-clasico-mundial\/","og_site_name":"Americano Newspaper","article_publisher":"https:\/\/www.facebook.com\/AmericanoNewspaper\/","article_published_time":"2026-03-19T04:11:48+00:00","article_modified_time":"2026-03-19T04:12:20+00:00","og_image":[{"width":900,"height":600,"url":"https:\/\/www.americanonewspaper.com\/es\/wp-content\/uploads\/2026\/03\/344f832d42b8f666dce64f0826cdc325b2e302c2miniw.jpg","type":"image\/jpeg"}],"author":"Author","twitter_card":"summary_large_image","twitter_misc":{"Written by":"Author","Est. reading time":"3 minutes"},"schema":{"@context":"https:\/\/schema.org","@graph":[{"@type":"Article","@id":"https:\/\/www.americanonewspaper.com\/es\/venezuela\/venezuela-declara-dia-nacional-del-beisbol-tras-conquistar-el-clasico-mundial\/#article","isPartOf":{"@id":"https:\/\/www.americanonewspaper.com\/es\/venezuela\/venezuela-declara-dia-nacional-del-beisbol-tras-conquistar-el-clasico-mundial\/"},"author":{"name":"Author","@id":"https:\/\/www.americanonewspaper.com\/es\/#\/schema\/person\/8967f6b8af7e37bcbbe61f68580ff088"},"headline":"Venezuela declara D\u00eda Nacional del B\u00e9isbol tras conquistar el Cl\u00e1sico Mundial","datePublished":"2026-03-19T04:11:48+00:00","dateModified":"2026-03-19T04:12:20+00:00","mainEntityOfPage":{"@id":"https:\/\/www.americanonewspaper.com\/es\/venezuela\/venezuela-declara-dia-nacional-del-beisbol-tras-conquistar-el-clasico-mundial\/"},"wordCount":373,"commentCount":0,"publisher":{"@id":"https:\/\/www.americanonewspaper.com\/es\/#organization"},"image":{"@id":"https:\/\/www.americanonewspaper.com\/es\/venezuela\/venezuela-declara-dia-nacional-del-beisbol-tras-conquistar-el-clasico-mundial\/#primaryimage"},"thumbnailUrl":"https:\/\/www.americanonewspaper.com\/es\/wp-content\/uploads\/2026\/03\/344f832d42b8f666dce64f0826cdc325b2e302c2miniw.jpg","articleSection":["B\u00e9isbol","Cl\u00e1sico Mundial de B\u00e9isbol 2026","Venezuela"],"inLanguage":"en-US","potentialAction":[{"@type":"CommentAction","name":"Comment","target":["https:\/\/www.americanonewspaper.com\/es\/venezuela\/venezuela-declara-dia-nacional-del-beisbol-tras-conquistar-el-clasico-mundial\/#respond"]}]},{"@type":"WebPage","@id":"https:\/\/www.americanonewspaper.com\/es\/venezuela\/venezuela-declara-dia-nacional-del-beisbol-tras-conquistar-el-clasico-mundial\/","url":"https:\/\/www.americanonewspaper.com\/es\/venezuela\/venezuela-declara-dia-nacional-del-beisbol-tras-conquistar-el-clasico-mundial\/","name":"Venezuela declara D\u00eda Nacional del B\u00e9isbol tras conquistar el Cl\u00e1sico Mundial - Americano Newspaper","isPartOf":{"@id":"https:\/\/www.americanonewspaper.com\/es\/#website"},"primaryImageOfPage":{"@id":"https:\/\/www.americanonewspaper.com\/es\/venezuela\/venezuela-declara-dia-nacional-del-beisbol-tras-conquistar-el-clasico-mundial\/#primaryimage"},"image":{"@id":"https:\/\/www.americanonewspaper.com\/es\/venezuela\/venezuela-declara-dia-nacional-del-beisbol-tras-conquistar-el-clasico-mundial\/#primaryimage"},"thumbnailUrl":"https:\/\/www.americanonewspaper.com\/es\/wp-content\/uploads\/2026\/03\/344f832d42b8f666dce64f0826cdc325b2e302c2miniw.jpg","datePublished":"2026-03-19T04:11:48+00:00","dateModified":"2026-03-19T04:12:20+00:00","description":"La presidenta encargada de Venezuela, Delcy Rodr\u00edguez, anunci\u00f3 este mi\u00e9rcoles que declar\u00f3 el 17 de marzo como el D\u00eda Nacional del B\u00e9isbol en el pa\u00eds, para conmemorar la primera victoria de una selecci\u00f3n del pa\u00eds en el Cl\u00e1sico Mundial tras la final disputada este martes con Estados Unidos.","breadcrumb":{"@id":"https:\/\/www.americanonewspaper.com\/es\/venezuela\/venezuela-declara-dia-nacional-del-beisbol-tras-conquistar-el-clasico-mundial\/#breadcrumb"},"inLanguage":"en-US","potentialAction":[{"@type":"ReadAction","target":["https:\/\/www.americanonewspaper.com\/es\/venezuela\/venezuela-declara-dia-nacional-del-beisbol-tras-conquistar-el-clasico-mundial\/"]}]},{"@type":"ImageObject","inLanguage":"en-US","@id":"https:\/\/www.americanonewspaper.com\/es\/venezuela\/venezuela-declara-dia-nacional-del-beisbol-tras-conquistar-el-clasico-mundial\/#primaryimage","url":"https:\/\/www.americanonewspaper.com\/es\/wp-content\/uploads\/2026\/03\/344f832d42b8f666dce64f0826cdc325b2e302c2miniw.jpg","contentUrl":"https:\/\/www.americanonewspaper.com\/es\/wp-content\/uploads\/2026\/03\/344f832d42b8f666dce64f0826cdc325b2e302c2miniw.jpg","width":900,"height":600,"caption":"Decenas de personas sostienen una bandera de Venezuela este mi\u00e9rcoles durante las celebraciones en las calles de Caracas por la conquista del Cl\u00e1sico Mundial de B\u00e9isbol. EFE\/ Miguel Guti\u00e9rrez"},{"@type":"BreadcrumbList","@id":"https:\/\/www.americanonewspaper.com\/es\/venezuela\/venezuela-declara-dia-nacional-del-beisbol-tras-conquistar-el-clasico-mundial\/#breadcrumb","itemListElement":[{"@type":"ListItem","position":1,"name":"Home","item":"https:\/\/www.americanonewspaper.com\/es\/"},{"@type":"ListItem","position":2,"name":"Venezuela declara D\u00eda Nacional del B\u00e9isbol tras conquistar el Cl\u00e1sico Mundial"}]},{"@type":"WebSite","@id":"https:\/\/www.americanonewspaper.com\/es\/#website","url":"https:\/\/www.americanonewspaper.com\/es\/","name":"Americano Newspaper","description":"The Hispanic Newspaper of New Jersey.","publisher":{"@id":"https:\/\/www.americanonewspaper.com\/es\/#organization"},"potentialAction":[{"@type":"SearchAction","target":{"@type":"EntryPoint","urlTemplate":"https:\/\/www.americanonewspaper.com\/es\/?s={search_term_string}"},"query-input":{"@type":"PropertyValueSpecification","valueRequired":true,"valueName":"search_term_string"}}],"inLanguage":"en-US"},{"@type":"Organization","@id":"https:\/\/www.americanonewspaper.com\/es\/#organization","name":"Americano Newspaper","url":"https:\/\/www.americanonewspaper.com\/es\/","logo":{"@type":"ImageObject","inLanguage":"en-US","@id":"https:\/\/www.americanonewspaper.com\/es\/#\/schema\/logo\/image\/","url":"https:\/\/www.americanonewspaper.com\/es\/wp-content\/uploads\/2024\/05\/AmericanoLogoCircle.comCircle2.jpg","contentUrl":"https:\/\/www.americanonewspaper.com\/es\/wp-content\/uploads\/2024\/05\/AmericanoLogoCircle.comCircle2.jpg","width":600,"height":600,"caption":"Americano Newspaper"},"image":{"@id":"https:\/\/www.americanonewspaper.com\/es\/#\/schema\/logo\/image\/"},"sameAs":["https:\/\/www.facebook.com\/AmericanoNewspaper\/"]},{"@type":"Person","@id":"https:\/\/www.americanonewspaper.com\/es\/#\/schema\/person\/8967f6b8af7e37bcbbe61f68580ff088","name":"Author","image":{"@type":"ImageObject","inLanguage":"en-US","@id":"https:\/\/www.americanonewspaper.com\/es\/wp-content\/litespeed\/avatar\/89ffaf6af3cf6769ffb3c6efb2313947.jpg?ver=1777427547","url":"https:\/\/www.americanonewspaper.com\/es\/wp-content\/litespeed\/avatar\/89ffaf6af3cf6769ffb3c6efb2313947.jpg?ver=1777427547","contentUrl":"https:\/\/www.americanonewspaper.com\/es\/wp-content\/litespeed\/avatar\/89ffaf6af3cf6769ffb3c6efb2313947.jpg?ver=1777427547","caption":"Author"},"url":"https:\/\/www.americanonewspaper.com\/es\/author\/americano\/"}]}},"jetpack_publicize_connections":[],"jetpack_featured_media_url":"https:\/\/www.americanonewspaper.com\/es\/wp-content\/uploads\/2026\/03\/344f832d42b8f666dce64f0826cdc325b2e302c2miniw.jpg","featured_image_urls":{"full":["https:\/\/www.americanonewspaper.com\/es\/wp-content\/uploads\/2026\/03\/344f832d42b8f666dce64f0826cdc325b2e302c2miniw.jpg",900,600,false],"thumbnail":["https:\/\/www.americanonewspaper.com\/es\/wp-content\/uploads\/2026\/03\/344f832d42b8f666dce64f0826cdc325b2e302c2miniw-250x250.jpg",250,250,true],"medium":["https:\/\/www.americanonewspaper.com\/es\/wp-content\/uploads\/2026\/03\/344f832d42b8f666dce64f0826cdc325b2e302c2miniw-300x200.jpg",300,200,true],"medium_large":["https:\/\/www.americanonewspaper.com\/es\/wp-content\/uploads\/2026\/03\/344f832d42b8f666dce64f0826cdc325b2e302c2miniw-768x512.jpg",696,464,true],"large":["https:\/\/www.americanonewspaper.com\/es\/wp-content\/uploads\/2026\/03\/344f832d42b8f666dce64f0826cdc325b2e302c2miniw-750x500.jpg",696,464,true],"1536x1536":["https:\/\/www.americanonewspaper.com\/es\/wp-content\/uploads\/2026\/03\/344f832d42b8f666dce64f0826cdc325b2e302c2miniw.jpg",900,600,false],"2048x2048":["https:\/\/www.americanonewspaper.com\/es\/wp-content\/uploads\/2026\/03\/344f832d42b8f666dce64f0826cdc325b2e302c2miniw.jpg",900,600,false],"td_150x0":["https:\/\/www.americanonewspaper.com\/es\/wp-content\/uploads\/2026\/03\/344f832d42b8f666dce64f0826cdc325b2e302c2miniw-150x100.jpg",150,100,true],"td_218x150":["https:\/\/www.americanonewspaper.com\/es\/wp-content\/uploads\/2026\/03\/344f832d42b8f666dce64f0826cdc325b2e302c2miniw-218x150.jpg",218,150,true],"td_300x0":["https:\/\/www.americanonewspaper.com\/es\/wp-content\/uploads\/2026\/03\/344f832d42b8f666dce64f0826cdc325b2e302c2miniw-300x200.jpg",300,200,true],"td_324x400":["https:\/\/www.americanonewspaper.com\/es\/wp-content\/uploads\/2026\/03\/344f832d42b8f666dce64f0826cdc325b2e302c2miniw-324x400.jpg",324,400,true],"td_485x360":["https:\/\/www.americanonewspaper.com\/es\/wp-content\/uploads\/2026\/03\/344f832d42b8f666dce64f0826cdc325b2e302c2miniw-485x360.jpg",485,360,true],"td_696x0":["https:\/\/www.americanonewspaper.com\/es\/wp-content\/uploads\/2026\/03\/344f832d42b8f666dce64f0826cdc325b2e302c2miniw-696x464.jpg",696,464,true],"td_1068x0":["https:\/\/www.americanonewspaper.com\/es\/wp-content\/uploads\/2026\/03\/344f832d42b8f666dce64f0826cdc325b2e302c2miniw.jpg",900,600,false],"td_1920x0":["https:\/\/www.americanonewspaper.com\/es\/wp-content\/uploads\/2026\/03\/344f832d42b8f666dce64f0826cdc325b2e302c2miniw.jpg",900,600,false],"bdpp-medium":["https:\/\/www.americanonewspaper.com\/es\/wp-content\/uploads\/2026\/03\/344f832d42b8f666dce64f0826cdc325b2e302c2miniw-640x480.jpg",640,480,true]},"author_info":{"display_name":"Author","author_link":"https:\/\/www.americanonewspaper.com\/es\/author\/americano\/"},"category_info":"<a href=\"https:\/\/www.americanonewspaper.com\/es\/category\/beisbol\/\" rel=\"category tag\">B\u00e9isbol<\/a> <a href=\"https:\/\/www.americanonewspaper.com\/es\/category\/clasico-mundial-de-beisbol-2026\/\" rel=\"category tag\">Cl\u00e1sico Mundial de B\u00e9isbol 2026<\/a> <a href=\"https:\/\/www.americanonewspaper.com\/es\/category\/venezuela\/\" rel=\"category tag\">Venezuela<\/a>","tag_info":"Venezuela","comment_count":"0","jetpack_sharing_enabled":true,"jetpack_likes_enabled":true,"_links":{"self":[{"href":"https:\/\/www.americanonewspaper.com\/es\/wp-json\/wp\/v2\/posts\/31331","targetHints":{"allow":["GET"]}}],"collection":[{"href":"https:\/\/www.americanonewspaper.com\/es\/wp-json\/wp\/v2\/posts"}],"about":[{"href":"https:\/\/www.americanonewspaper.com\/es\/wp-json\/wp\/v2\/types\/post"}],"author":[{"embeddable":true,"href":"https:\/\/www.americanonewspaper.com\/es\/wp-json\/wp\/v2\/users\/7"}],"replies":[{"embeddable":true,"href":"https:\/\/www.americanonewspaper.com\/es\/wp-json\/wp\/v2\/comments?post=31331"}],"version-history":[{"count":1,"href":"https:\/\/www.americanonewspaper.com\/es\/wp-json\/wp\/v2\/posts\/31331\/revisions"}],"predecessor-version":[{"id":31334,"href":"https:\/\/www.americanonewspaper.com\/es\/wp-json\/wp\/v2\/posts\/31331\/revisions\/31334"}],"wp:featuredmedia":[{"embeddable":true,"href":"https:\/\/www.americanonewspaper.com\/es\/wp-json\/wp\/v2\/media\/31332"}],"wp:attachment":[{"href":"https:\/\/www.americanonewspaper.com\/es\/wp-json\/wp\/v2\/media?parent=31331"}],"wp:term":[{"taxonomy":"category","embeddable":true,"href":"https:\/\/www.americanonewspaper.com\/es\/wp-json\/wp\/v2\/categories?post=31331"},{"taxonomy":"post_tag","embeddable":true,"href":"https:\/\/www.americanonewspaper.com\/es\/wp-json\/wp\/v2\/tags?post=31331"}],"curies":[{"name":"wp","href":"https:\/\/api.w.org\/{rel}","templated":true}]}}