{"id":31319,"date":"2026-03-17T22:08:38","date_gmt":"2026-03-18T02:08:38","guid":{"rendered":"https:\/\/www.americanonewspaper.com\/es\/?p=31319"},"modified":"2026-03-18T19:43:50","modified_gmt":"2026-03-18T23:43:50","slug":"mbappe-esta-de-vuelta","status":"publish","type":"post","link":"https:\/\/www.americanonewspaper.com\/es\/kylian-mbappe-2\/mbappe-esta-de-vuelta\/","title":{"rendered":"Mbapp\u00e9 est\u00e1 de vuelta"},"content":{"rendered":"\n<p>Redacci\u00f3n deportes, 17 mar (EFE). Por \u00d3scar Maya Belch\u00ed<\/p>\n\n\n\n<p class=\"has-drop-cap\">El galo Kylian Mbapp\u00e9 volvi\u00f3 a tener minutos tras perderse los \u00faltimos cinco partidos. Un esguince en la rodilla izquierda que arrastraba desde inicios de diciembre, idas y venidas por el camino hasta pedir una segunda opini\u00f3n en Francia. Par\u00f3 por completo en busca de una recuperaci\u00f3n plena y disput\u00f3 los \u00faltimos 20 minutos en el Etihad Stadium.<\/p>\n\n\n\n<figure class=\"wp-block-image size-large is-resized\"><a href=\"https:\/\/ggllawyers.com\/es\/new-jersey-personal-injury-and-workers-compensation-lawyer\/\" target=\"_blank\" rel=\" noreferrer noopener\"><img fetchpriority=\"high\" decoding=\"async\" width=\"800\" height=\"386\" src=\"https:\/\/www.americanonewspaper.com\/es\/wp-content\/uploads\/2026\/03\/Screenshot-2026-03-06-at-10.31.27-PM-800x386.png\" alt=\"\" class=\"wp-image-31172\" style=\"width:1068px;height:auto\" srcset=\"https:\/\/www.americanonewspaper.com\/es\/wp-content\/uploads\/2026\/03\/Screenshot-2026-03-06-at-10.31.27-PM-800x386.png 800w, https:\/\/www.americanonewspaper.com\/es\/wp-content\/uploads\/2026\/03\/Screenshot-2026-03-06-at-10.31.27-PM-300x145.png 300w, https:\/\/www.americanonewspaper.com\/es\/wp-content\/uploads\/2026\/03\/Screenshot-2026-03-06-at-10.31.27-PM-768x371.png 768w, https:\/\/www.americanonewspaper.com\/es\/wp-content\/uploads\/2026\/03\/Screenshot-2026-03-06-at-10.31.27-PM-1536x742.png 1536w, https:\/\/www.americanonewspaper.com\/es\/wp-content\/uploads\/2026\/03\/Screenshot-2026-03-06-at-10.31.27-PM-150x72.png 150w, https:\/\/www.americanonewspaper.com\/es\/wp-content\/uploads\/2026\/03\/Screenshot-2026-03-06-at-10.31.27-PM-696x336.png 696w, https:\/\/www.americanonewspaper.com\/es\/wp-content\/uploads\/2026\/03\/Screenshot-2026-03-06-at-10.31.27-PM-1068x516.png 1068w, https:\/\/www.americanonewspaper.com\/es\/wp-content\/uploads\/2026\/03\/Screenshot-2026-03-06-at-10.31.27-PM.png 1598w\" sizes=\"(max-width: 800px) 100vw, 800px\" \/><\/a><\/figure>\n\n\n\n<p>El objetivo, ir cogiendo ritmo tras sumar tres entrenamientos al mismo nivel de intensidad que sus compa\u00f1eros con la mente puesta en el derbi frente al Atl\u00e9tico de Madrid del domingo en el Santiago Bernabe\u00fa (21:00 horas CET, &#8211; 1 GMT).<\/p>\n\n\n\n<p>Un tramo final en el Etihad Stadium, con la eliminatoria decidida a favor del Real Madrid, en la que Mbapp\u00e9 fue protagonista. Por su colmillo ofensivo a pesar de no estar a\u00fan al 100% de ritmo competitivo, en dos acciones de peligro.<\/p>\n\n\n\n<figure class=\"wp-block-image size-large is-resized\"><a href=\"https:\/\/www.nissancityspringfield.com\/\" target=\"_blank\" rel=\" noreferrer noopener\"><img decoding=\"async\" width=\"800\" height=\"434\" src=\"https:\/\/www.americanonewspaper.com\/es\/wp-content\/uploads\/2026\/03\/Screenshot-2026-03-06-at-10.32.50-PM-800x434.png\" alt=\"\" class=\"wp-image-31173\" style=\"width:1068px;height:auto\" srcset=\"https:\/\/www.americanonewspaper.com\/es\/wp-content\/uploads\/2026\/03\/Screenshot-2026-03-06-at-10.32.50-PM-800x434.png 800w, https:\/\/www.americanonewspaper.com\/es\/wp-content\/uploads\/2026\/03\/Screenshot-2026-03-06-at-10.32.50-PM-300x163.png 300w, https:\/\/www.americanonewspaper.com\/es\/wp-content\/uploads\/2026\/03\/Screenshot-2026-03-06-at-10.32.50-PM-768x417.png 768w, https:\/\/www.americanonewspaper.com\/es\/wp-content\/uploads\/2026\/03\/Screenshot-2026-03-06-at-10.32.50-PM-1536x833.png 1536w, https:\/\/www.americanonewspaper.com\/es\/wp-content\/uploads\/2026\/03\/Screenshot-2026-03-06-at-10.32.50-PM-150x81.png 150w, https:\/\/www.americanonewspaper.com\/es\/wp-content\/uploads\/2026\/03\/Screenshot-2026-03-06-at-10.32.50-PM-696x378.png 696w, https:\/\/www.americanonewspaper.com\/es\/wp-content\/uploads\/2026\/03\/Screenshot-2026-03-06-at-10.32.50-PM-1068x579.png 1068w, https:\/\/www.americanonewspaper.com\/es\/wp-content\/uploads\/2026\/03\/Screenshot-2026-03-06-at-10.32.50-PM.png 1600w\" sizes=\"(max-width: 800px) 100vw, 800px\" \/><\/a><\/figure>\n\n\n\n<p>Un remate nada m\u00e1s salir al terreno de juego, de primeras a la salida de un c\u00f3rner, que se fue desviado, y ya en el minuto 81 en una carrera al espacio que le gan\u00f3 con facilidad al argentino&nbsp; Rayan A\u00eft-Nouri, quien recurri\u00f3 a un agarr\u00f3n de camiseta, aunque evidente, no se\u00f1alado por el colegiado principal ni se\u00f1alado como punible desde la sala del VAR.<\/p>\n\n\n\n<p>En el plano negativo, por cargarse con una cartulina amarilla innecesaria que podr\u00eda pasar factura en el futuro.<\/p>\n\n\n\n<figure class=\"wp-block-image size-large is-resized\"><a href=\"https:\/\/lan.nationbuilder.com\/lan_legislative_assembly_2026\" target=\"_blank\" rel=\" noreferrer noopener\"><img decoding=\"async\" width=\"800\" height=\"367\" src=\"https:\/\/www.americanonewspaper.com\/es\/wp-content\/uploads\/2026\/03\/LAN-Spanish-800x367.jpg\" alt=\"\" class=\"wp-image-31218\" style=\"width:1068px;height:auto\" srcset=\"https:\/\/www.americanonewspaper.com\/es\/wp-content\/uploads\/2026\/03\/LAN-Spanish-800x367.jpg 800w, https:\/\/www.americanonewspaper.com\/es\/wp-content\/uploads\/2026\/03\/LAN-Spanish-300x138.jpg 300w, https:\/\/www.americanonewspaper.com\/es\/wp-content\/uploads\/2026\/03\/LAN-Spanish-768x352.jpg 768w, https:\/\/www.americanonewspaper.com\/es\/wp-content\/uploads\/2026\/03\/LAN-Spanish-150x69.jpg 150w, https:\/\/www.americanonewspaper.com\/es\/wp-content\/uploads\/2026\/03\/LAN-Spanish-696x319.jpg 696w, https:\/\/www.americanonewspaper.com\/es\/wp-content\/uploads\/2026\/03\/LAN-Spanish-1068x490.jpg 1068w, https:\/\/www.americanonewspaper.com\/es\/wp-content\/uploads\/2026\/03\/LAN-Spanish.jpg 1200w\" sizes=\"(max-width: 800px) 100vw, 800px\" \/><\/a><\/figure>\n\n\n\n<p>Mbapp\u00e9 vio la segunda amarilla en Liga de Campeones al tirar un bal\u00f3n fuera, con rabia, a modo de protesta por una acci\u00f3n en la que reclam\u00f3 un saque de esquina que el colegiado no se\u00f1al\u00f3.<\/p>\n\n\n\n<p>Dos amarillas que dejan al galo a una de tener que cumplir un partido de sanci\u00f3n, con una eliminatoria de cuartos de final en el horizonte, presumiblemente, ante un Bayern de M\u00fanich que en la ida venci\u00f3 1-6 a la Atalanta.<\/p>\n\n\n\n<p>Condicionante de cara a un futuro en el que, salvo contratiempo, Mbapp\u00e9 llegar\u00e1 en mejor estado de forma tras un proceso de recuperaci\u00f3n que pas\u00f3 por Francia.<\/p>\n\n\n\n<figure class=\"wp-block-image size-large is-resized\"><a href=\"https:\/\/ramospodiatry.com\/\" target=\"_blank\" rel=\" noreferrer noopener\"><img loading=\"lazy\" decoding=\"async\" width=\"800\" height=\"376\" src=\"https:\/\/www.americanonewspaper.com\/es\/wp-content\/uploads\/2026\/03\/Screenshot-2026-03-07-at-10.54.07-PM-800x376.png\" alt=\"\" class=\"wp-image-31186\" style=\"width:1068px;height:auto\" srcset=\"https:\/\/www.americanonewspaper.com\/es\/wp-content\/uploads\/2026\/03\/Screenshot-2026-03-07-at-10.54.07-PM-800x376.png 800w, https:\/\/www.americanonewspaper.com\/es\/wp-content\/uploads\/2026\/03\/Screenshot-2026-03-07-at-10.54.07-PM-300x141.png 300w, https:\/\/www.americanonewspaper.com\/es\/wp-content\/uploads\/2026\/03\/Screenshot-2026-03-07-at-10.54.07-PM-768x361.png 768w, https:\/\/www.americanonewspaper.com\/es\/wp-content\/uploads\/2026\/03\/Screenshot-2026-03-07-at-10.54.07-PM-1536x723.png 1536w, https:\/\/www.americanonewspaper.com\/es\/wp-content\/uploads\/2026\/03\/Screenshot-2026-03-07-at-10.54.07-PM-150x71.png 150w, https:\/\/www.americanonewspaper.com\/es\/wp-content\/uploads\/2026\/03\/Screenshot-2026-03-07-at-10.54.07-PM-696x328.png 696w, https:\/\/www.americanonewspaper.com\/es\/wp-content\/uploads\/2026\/03\/Screenshot-2026-03-07-at-10.54.07-PM-1068x503.png 1068w, https:\/\/www.americanonewspaper.com\/es\/wp-content\/uploads\/2026\/03\/Screenshot-2026-03-07-at-10.54.07-PM.png 1598w\" sizes=\"(max-width: 800px) 100vw, 800px\" \/><\/a><\/figure>\n\n\n\n<h2 class=\"wp-block-heading\" id=\"h-la-recuperacion-de-mbappe\"><strong>La recuperaci\u00f3n de Mbapp\u00e9<\/strong><\/h2>\n\n\n\n<p>El esguince en la rodilla izquierda de Mbapp\u00e9 se inici\u00f3 el 7 de diciembre, en un encuentro liguero ante el Celta de Vigo en el estadio Santiago Bernab\u00e9u. Desde entonces hasta el par\u00f3n de Kylian, el Real Madrid disput\u00f3 18 encuentros y el delantero franc\u00e9s particip\u00f3 en 12. Gestionando esfuerzos, pero pese a no recuperarse de las molestias, nunca se perdi\u00f3 dos encuentros consecutivos hasta verse obligado a parar por completo.<\/p>\n\n\n\n<p>Desde el par\u00f3n, cinco partidos ausentes y un objetivo: tener minutos contra el Manchester City. Los tuvo, pero en la vuelta y de forma intrascendente para el resultado de la eliminatoria.<\/p>\n\n\n\n<figure class=\"wp-block-image size-large is-resized\"><a href=\"https:\/\/www.manuelbatistalaw.com\/\" target=\"_blank\" rel=\" noreferrer noopener\"><img loading=\"lazy\" decoding=\"async\" width=\"800\" height=\"367\" src=\"https:\/\/www.americanonewspaper.com\/es\/wp-content\/uploads\/2026\/03\/MBSpanishbanner-copy-800x367.jpg\" alt=\"\" class=\"wp-image-31133\" style=\"width:1068px;height:auto\" srcset=\"https:\/\/www.americanonewspaper.com\/es\/wp-content\/uploads\/2026\/03\/MBSpanishbanner-copy-800x367.jpg 800w, https:\/\/www.americanonewspaper.com\/es\/wp-content\/uploads\/2026\/03\/MBSpanishbanner-copy-300x138.jpg 300w, https:\/\/www.americanonewspaper.com\/es\/wp-content\/uploads\/2026\/03\/MBSpanishbanner-copy-768x352.jpg 768w, https:\/\/www.americanonewspaper.com\/es\/wp-content\/uploads\/2026\/03\/MBSpanishbanner-copy-150x69.jpg 150w, https:\/\/www.americanonewspaper.com\/es\/wp-content\/uploads\/2026\/03\/MBSpanishbanner-copy-696x319.jpg 696w, https:\/\/www.americanonewspaper.com\/es\/wp-content\/uploads\/2026\/03\/MBSpanishbanner-copy-1068x490.jpg 1068w, https:\/\/www.americanonewspaper.com\/es\/wp-content\/uploads\/2026\/03\/MBSpanishbanner-copy.jpg 1200w\" sizes=\"(max-width: 800px) 100vw, 800px\" \/><\/a><\/figure>\n\n\n\n<p>Un proceso en el que acudi\u00f3 a Francia para obtener una segunda opini\u00f3n del diagn\u00f3stico inicial, donde permaneci\u00f3 una semana siguiendo un plan espec\u00edfico de puesta a punto junto a dos recuperadores del Real Madrid que le siguieron en el d\u00eda a d\u00eda, hasta que la vuelta a la Ciudad Deportiva del club complet\u00f3 la recuperaci\u00f3n que se plasm\u00f3 sobre el c\u00e9sped del Etihad con el derbi ante el <a href=\"https:\/\/www.americanonewspaper.com\/es\/champions-league\/barcelona-es-el-rival-a-derrotar-en-liga-de-campeones\/\" target=\"_blank\" rel=\"noreferrer noopener\">Atl\u00e9tico de Madrid<\/a> en el horizonte cercano.<\/p>\n\n\n\n<p><\/p>\n","protected":false},"excerpt":{"rendered":"<p>Redacci\u00f3n deportes, 17 mar (EFE). Por \u00d3scar Maya Belch\u00ed El galo Kylian Mbapp\u00e9 volvi\u00f3 a tener minutos tras perderse los \u00faltimos cinco partidos. Un esguince en la rodilla izquierda que arrastraba desde inicios de diciembre, idas y venidas por el camino hasta pedir una segunda opini\u00f3n en Francia. Par\u00f3 por completo en busca de una [&hellip;]<\/p>\n","protected":false},"author":14,"featured_media":31320,"comment_status":"open","ping_status":"open","sticky":false,"template":"","format":"standard","meta":{"_acf_changed":false,"tdm_status":"","tdm_grid_status":"","_jetpack_memberships_contains_paid_content":false,"footnotes":"","jetpack_publicize_message":"","jetpack_publicize_feature_enabled":true,"jetpack_social_post_already_shared":true,"jetpack_social_options":{"image_generator_settings":{"template":"highway","default_image_id":0,"font":"","enabled":false},"version":2},"_wpas_customize_per_network":false},"categories":[120,549,961,873,787],"tags":[],"class_list":{"0":"post-31319","1":"post","2":"type-post","3":"status-publish","4":"format-standard","5":"has-post-thumbnail","7":"category-champions-league","8":"category-futbol","9":"category-kylian-mbappe-2","10":"category-manchester-city","11":"category-real-madrid"},"acf":[],"yoast_head":"<!-- This site is optimized with the Yoast SEO Premium plugin v27.5 (Yoast SEO v27.5) - https:\/\/yoast.com\/product\/yoast-seo-premium-wordpress\/ -->\n<title>Mbapp\u00e9 est\u00e1 de vuelta - Americano Newspaper<\/title>\n<meta name=\"description\" content=\"El galo Kylian Mbapp\u00e9 volvi\u00f3 a tener minutos tras perderse los \u00faltimos cinco partidos. Un esguince en la rodilla izquierda que arrastraba desde inicios de diciembre, idas y venidas por el camino hasta pedir una segunda opini\u00f3n en Francia. Par\u00f3 por completo en busca de una recuperaci\u00f3n plena y disput\u00f3 los \u00faltimos 20 minutos en el Etihad Stadium.\" \/>\n<meta name=\"robots\" content=\"index, follow, max-snippet:-1, max-image-preview:large, max-video-preview:-1\" \/>\n<link rel=\"canonical\" href=\"https:\/\/www.americanonewspaper.com\/es\/kylian-mbappe-2\/mbappe-esta-de-vuelta\/\" \/>\n<meta property=\"og:locale\" content=\"en_US\" \/>\n<meta property=\"og:type\" content=\"article\" \/>\n<meta property=\"og:title\" content=\"Mbapp\u00e9 est\u00e1 de vuelta\" \/>\n<meta property=\"og:description\" content=\"El galo Kylian Mbapp\u00e9 volvi\u00f3 a tener minutos tras perderse los \u00faltimos cinco partidos. Un esguince en la rodilla izquierda que arrastraba desde inicios de diciembre, idas y venidas por el camino hasta pedir una segunda opini\u00f3n en Francia. Par\u00f3 por completo en busca de una recuperaci\u00f3n plena y disput\u00f3 los \u00faltimos 20 minutos en el Etihad Stadium.\" \/>\n<meta property=\"og:url\" content=\"https:\/\/www.americanonewspaper.com\/es\/kylian-mbappe-2\/mbappe-esta-de-vuelta\/\" \/>\n<meta property=\"og:site_name\" content=\"Americano Newspaper\" \/>\n<meta property=\"article:publisher\" content=\"https:\/\/www.facebook.com\/AmericanoNewspaper\/\" \/>\n<meta property=\"article:published_time\" content=\"2026-03-18T02:08:38+00:00\" \/>\n<meta property=\"article:modified_time\" content=\"2026-03-18T23:43:50+00:00\" \/>\n<meta property=\"og:image\" content=\"https:\/\/www.americanonewspaper.com\/es\/wp-content\/uploads\/2026\/03\/2c0ae47b88072a7f8cac15fd8d1dae5d41df21ddminiw.jpg\" \/>\n\t<meta property=\"og:image:width\" content=\"900\" \/>\n\t<meta property=\"og:image:height\" content=\"560\" \/>\n\t<meta property=\"og:image:type\" content=\"image\/jpeg\" \/>\n<meta name=\"author\" content=\"Harmony Quintana\" \/>\n<meta name=\"twitter:card\" content=\"summary_large_image\" \/>\n<meta name=\"twitter:label1\" content=\"Written by\" \/>\n\t<meta name=\"twitter:data1\" content=\"Harmony Quintana\" \/>\n\t<meta name=\"twitter:label2\" content=\"Est. reading time\" \/>\n\t<meta name=\"twitter:data2\" content=\"4 minutes\" \/>\n<script type=\"application\/ld+json\" class=\"yoast-schema-graph\">{\"@context\":\"https:\\\/\\\/schema.org\",\"@graph\":[{\"@type\":\"Article\",\"@id\":\"https:\\\/\\\/www.americanonewspaper.com\\\/es\\\/kylian-mbappe-2\\\/mbappe-esta-de-vuelta\\\/#article\",\"isPartOf\":{\"@id\":\"https:\\\/\\\/www.americanonewspaper.com\\\/es\\\/kylian-mbappe-2\\\/mbappe-esta-de-vuelta\\\/\"},\"author\":{\"name\":\"Harmony Quintana\",\"@id\":\"https:\\\/\\\/www.americanonewspaper.com\\\/es\\\/#\\\/schema\\\/person\\\/82c7c1ac5e9a005b627b6c7db5361c90\"},\"headline\":\"Mbapp\u00e9 est\u00e1 de vuelta\",\"datePublished\":\"2026-03-18T02:08:38+00:00\",\"dateModified\":\"2026-03-18T23:43:50+00:00\",\"mainEntityOfPage\":{\"@id\":\"https:\\\/\\\/www.americanonewspaper.com\\\/es\\\/kylian-mbappe-2\\\/mbappe-esta-de-vuelta\\\/\"},\"wordCount\":547,\"commentCount\":0,\"publisher\":{\"@id\":\"https:\\\/\\\/www.americanonewspaper.com\\\/es\\\/#organization\"},\"image\":{\"@id\":\"https:\\\/\\\/www.americanonewspaper.com\\\/es\\\/kylian-mbappe-2\\\/mbappe-esta-de-vuelta\\\/#primaryimage\"},\"thumbnailUrl\":\"https:\\\/\\\/www.americanonewspaper.com\\\/es\\\/wp-content\\\/uploads\\\/2026\\\/03\\\/2c0ae47b88072a7f8cac15fd8d1dae5d41df21ddminiw.jpg\",\"articleSection\":[\"Champions League\",\"F\u00fatbol\",\"Kylian Mbapp\u00e9\",\"Manchester City\",\"Real Madrid\"],\"inLanguage\":\"en-US\",\"potentialAction\":[{\"@type\":\"CommentAction\",\"name\":\"Comment\",\"target\":[\"https:\\\/\\\/www.americanonewspaper.com\\\/es\\\/kylian-mbappe-2\\\/mbappe-esta-de-vuelta\\\/#respond\"]}]},{\"@type\":\"WebPage\",\"@id\":\"https:\\\/\\\/www.americanonewspaper.com\\\/es\\\/kylian-mbappe-2\\\/mbappe-esta-de-vuelta\\\/\",\"url\":\"https:\\\/\\\/www.americanonewspaper.com\\\/es\\\/kylian-mbappe-2\\\/mbappe-esta-de-vuelta\\\/\",\"name\":\"Mbapp\u00e9 est\u00e1 de vuelta - Americano Newspaper\",\"isPartOf\":{\"@id\":\"https:\\\/\\\/www.americanonewspaper.com\\\/es\\\/#website\"},\"primaryImageOfPage\":{\"@id\":\"https:\\\/\\\/www.americanonewspaper.com\\\/es\\\/kylian-mbappe-2\\\/mbappe-esta-de-vuelta\\\/#primaryimage\"},\"image\":{\"@id\":\"https:\\\/\\\/www.americanonewspaper.com\\\/es\\\/kylian-mbappe-2\\\/mbappe-esta-de-vuelta\\\/#primaryimage\"},\"thumbnailUrl\":\"https:\\\/\\\/www.americanonewspaper.com\\\/es\\\/wp-content\\\/uploads\\\/2026\\\/03\\\/2c0ae47b88072a7f8cac15fd8d1dae5d41df21ddminiw.jpg\",\"datePublished\":\"2026-03-18T02:08:38+00:00\",\"dateModified\":\"2026-03-18T23:43:50+00:00\",\"description\":\"El galo Kylian Mbapp\u00e9 volvi\u00f3 a tener minutos tras perderse los \u00faltimos cinco partidos. Un esguince en la rodilla izquierda que arrastraba desde inicios de diciembre, idas y venidas por el camino hasta pedir una segunda opini\u00f3n en Francia. Par\u00f3 por completo en busca de una recuperaci\u00f3n plena y disput\u00f3 los \u00faltimos 20 minutos en el Etihad Stadium.\",\"breadcrumb\":{\"@id\":\"https:\\\/\\\/www.americanonewspaper.com\\\/es\\\/kylian-mbappe-2\\\/mbappe-esta-de-vuelta\\\/#breadcrumb\"},\"inLanguage\":\"en-US\",\"potentialAction\":[{\"@type\":\"ReadAction\",\"target\":[\"https:\\\/\\\/www.americanonewspaper.com\\\/es\\\/kylian-mbappe-2\\\/mbappe-esta-de-vuelta\\\/\"]}]},{\"@type\":\"ImageObject\",\"inLanguage\":\"en-US\",\"@id\":\"https:\\\/\\\/www.americanonewspaper.com\\\/es\\\/kylian-mbappe-2\\\/mbappe-esta-de-vuelta\\\/#primaryimage\",\"url\":\"https:\\\/\\\/www.americanonewspaper.com\\\/es\\\/wp-content\\\/uploads\\\/2026\\\/03\\\/2c0ae47b88072a7f8cac15fd8d1dae5d41df21ddminiw.jpg\",\"contentUrl\":\"https:\\\/\\\/www.americanonewspaper.com\\\/es\\\/wp-content\\\/uploads\\\/2026\\\/03\\\/2c0ae47b88072a7f8cac15fd8d1dae5d41df21ddminiw.jpg\",\"width\":900,\"height\":560,\"caption\":\"El jugador del City Rayan A\u00eft-Nouri (top) tira al franc\u00e9s Kylian Mbappe durante el partido de vuelta de octavos de la UEFA Champions League que han jugado Manchester City y Real Madrid en Manchester, Reino Unido. EFE\\\/EPA\\\/ADAM VAUGHAN\"},{\"@type\":\"BreadcrumbList\",\"@id\":\"https:\\\/\\\/www.americanonewspaper.com\\\/es\\\/kylian-mbappe-2\\\/mbappe-esta-de-vuelta\\\/#breadcrumb\",\"itemListElement\":[{\"@type\":\"ListItem\",\"position\":1,\"name\":\"Home\",\"item\":\"https:\\\/\\\/www.americanonewspaper.com\\\/es\\\/\"},{\"@type\":\"ListItem\",\"position\":2,\"name\":\"Mbapp\u00e9 est\u00e1 de vuelta\"}]},{\"@type\":\"WebSite\",\"@id\":\"https:\\\/\\\/www.americanonewspaper.com\\\/es\\\/#website\",\"url\":\"https:\\\/\\\/www.americanonewspaper.com\\\/es\\\/\",\"name\":\"Americano Newspaper\",\"description\":\"The Hispanic Newspaper of New Jersey.\",\"publisher\":{\"@id\":\"https:\\\/\\\/www.americanonewspaper.com\\\/es\\\/#organization\"},\"potentialAction\":[{\"@type\":\"SearchAction\",\"target\":{\"@type\":\"EntryPoint\",\"urlTemplate\":\"https:\\\/\\\/www.americanonewspaper.com\\\/es\\\/?s={search_term_string}\"},\"query-input\":{\"@type\":\"PropertyValueSpecification\",\"valueRequired\":true,\"valueName\":\"search_term_string\"}}],\"inLanguage\":\"en-US\"},{\"@type\":\"Organization\",\"@id\":\"https:\\\/\\\/www.americanonewspaper.com\\\/es\\\/#organization\",\"name\":\"Americano Newspaper\",\"url\":\"https:\\\/\\\/www.americanonewspaper.com\\\/es\\\/\",\"logo\":{\"@type\":\"ImageObject\",\"inLanguage\":\"en-US\",\"@id\":\"https:\\\/\\\/www.americanonewspaper.com\\\/es\\\/#\\\/schema\\\/logo\\\/image\\\/\",\"url\":\"https:\\\/\\\/www.americanonewspaper.com\\\/es\\\/wp-content\\\/uploads\\\/2024\\\/05\\\/AmericanoLogoCircle.comCircle2.jpg\",\"contentUrl\":\"https:\\\/\\\/www.americanonewspaper.com\\\/es\\\/wp-content\\\/uploads\\\/2024\\\/05\\\/AmericanoLogoCircle.comCircle2.jpg\",\"width\":600,\"height\":600,\"caption\":\"Americano Newspaper\"},\"image\":{\"@id\":\"https:\\\/\\\/www.americanonewspaper.com\\\/es\\\/#\\\/schema\\\/logo\\\/image\\\/\"},\"sameAs\":[\"https:\\\/\\\/www.facebook.com\\\/AmericanoNewspaper\\\/\"]},{\"@type\":\"Person\",\"@id\":\"https:\\\/\\\/www.americanonewspaper.com\\\/es\\\/#\\\/schema\\\/person\\\/82c7c1ac5e9a005b627b6c7db5361c90\",\"name\":\"Harmony Quintana\",\"image\":{\"@type\":\"ImageObject\",\"inLanguage\":\"en-US\",\"@id\":\"https:\\\/\\\/www.americanonewspaper.com\\\/es\\\/wp-content\\\/litespeed\\\/avatar\\\/656e5d40e40a67e90b0fee2acae8a764.jpg?ver=1777427866\",\"url\":\"https:\\\/\\\/www.americanonewspaper.com\\\/es\\\/wp-content\\\/litespeed\\\/avatar\\\/656e5d40e40a67e90b0fee2acae8a764.jpg?ver=1777427866\",\"contentUrl\":\"https:\\\/\\\/www.americanonewspaper.com\\\/es\\\/wp-content\\\/litespeed\\\/avatar\\\/656e5d40e40a67e90b0fee2acae8a764.jpg?ver=1777427866\",\"caption\":\"Harmony Quintana\"},\"sameAs\":[\"http:\\\/\\\/www.americanonewspaper.com\"],\"url\":\"https:\\\/\\\/www.americanonewspaper.com\\\/es\\\/author\\\/harmony\\\/\"}]}<\/script>\n<!-- \/ Yoast SEO Premium plugin. -->","yoast_head_json":{"title":"Mbapp\u00e9 est\u00e1 de vuelta - Americano Newspaper","description":"El galo Kylian Mbapp\u00e9 volvi\u00f3 a tener minutos tras perderse los \u00faltimos cinco partidos. Un esguince en la rodilla izquierda que arrastraba desde inicios de diciembre, idas y venidas por el camino hasta pedir una segunda opini\u00f3n en Francia. Par\u00f3 por completo en busca de una recuperaci\u00f3n plena y disput\u00f3 los \u00faltimos 20 minutos en el Etihad Stadium.","robots":{"index":"index","follow":"follow","max-snippet":"max-snippet:-1","max-image-preview":"max-image-preview:large","max-video-preview":"max-video-preview:-1"},"canonical":"https:\/\/www.americanonewspaper.com\/es\/kylian-mbappe-2\/mbappe-esta-de-vuelta\/","og_locale":"en_US","og_type":"article","og_title":"Mbapp\u00e9 est\u00e1 de vuelta","og_description":"El galo Kylian Mbapp\u00e9 volvi\u00f3 a tener minutos tras perderse los \u00faltimos cinco partidos. Un esguince en la rodilla izquierda que arrastraba desde inicios de diciembre, idas y venidas por el camino hasta pedir una segunda opini\u00f3n en Francia. Par\u00f3 por completo en busca de una recuperaci\u00f3n plena y disput\u00f3 los \u00faltimos 20 minutos en el Etihad Stadium.","og_url":"https:\/\/www.americanonewspaper.com\/es\/kylian-mbappe-2\/mbappe-esta-de-vuelta\/","og_site_name":"Americano Newspaper","article_publisher":"https:\/\/www.facebook.com\/AmericanoNewspaper\/","article_published_time":"2026-03-18T02:08:38+00:00","article_modified_time":"2026-03-18T23:43:50+00:00","og_image":[{"width":900,"height":560,"url":"https:\/\/www.americanonewspaper.com\/es\/wp-content\/uploads\/2026\/03\/2c0ae47b88072a7f8cac15fd8d1dae5d41df21ddminiw.jpg","type":"image\/jpeg"}],"author":"Harmony Quintana","twitter_card":"summary_large_image","twitter_misc":{"Written by":"Harmony Quintana","Est. reading time":"4 minutes"},"schema":{"@context":"https:\/\/schema.org","@graph":[{"@type":"Article","@id":"https:\/\/www.americanonewspaper.com\/es\/kylian-mbappe-2\/mbappe-esta-de-vuelta\/#article","isPartOf":{"@id":"https:\/\/www.americanonewspaper.com\/es\/kylian-mbappe-2\/mbappe-esta-de-vuelta\/"},"author":{"name":"Harmony Quintana","@id":"https:\/\/www.americanonewspaper.com\/es\/#\/schema\/person\/82c7c1ac5e9a005b627b6c7db5361c90"},"headline":"Mbapp\u00e9 est\u00e1 de vuelta","datePublished":"2026-03-18T02:08:38+00:00","dateModified":"2026-03-18T23:43:50+00:00","mainEntityOfPage":{"@id":"https:\/\/www.americanonewspaper.com\/es\/kylian-mbappe-2\/mbappe-esta-de-vuelta\/"},"wordCount":547,"commentCount":0,"publisher":{"@id":"https:\/\/www.americanonewspaper.com\/es\/#organization"},"image":{"@id":"https:\/\/www.americanonewspaper.com\/es\/kylian-mbappe-2\/mbappe-esta-de-vuelta\/#primaryimage"},"thumbnailUrl":"https:\/\/www.americanonewspaper.com\/es\/wp-content\/uploads\/2026\/03\/2c0ae47b88072a7f8cac15fd8d1dae5d41df21ddminiw.jpg","articleSection":["Champions League","F\u00fatbol","Kylian Mbapp\u00e9","Manchester City","Real Madrid"],"inLanguage":"en-US","potentialAction":[{"@type":"CommentAction","name":"Comment","target":["https:\/\/www.americanonewspaper.com\/es\/kylian-mbappe-2\/mbappe-esta-de-vuelta\/#respond"]}]},{"@type":"WebPage","@id":"https:\/\/www.americanonewspaper.com\/es\/kylian-mbappe-2\/mbappe-esta-de-vuelta\/","url":"https:\/\/www.americanonewspaper.com\/es\/kylian-mbappe-2\/mbappe-esta-de-vuelta\/","name":"Mbapp\u00e9 est\u00e1 de vuelta - Americano Newspaper","isPartOf":{"@id":"https:\/\/www.americanonewspaper.com\/es\/#website"},"primaryImageOfPage":{"@id":"https:\/\/www.americanonewspaper.com\/es\/kylian-mbappe-2\/mbappe-esta-de-vuelta\/#primaryimage"},"image":{"@id":"https:\/\/www.americanonewspaper.com\/es\/kylian-mbappe-2\/mbappe-esta-de-vuelta\/#primaryimage"},"thumbnailUrl":"https:\/\/www.americanonewspaper.com\/es\/wp-content\/uploads\/2026\/03\/2c0ae47b88072a7f8cac15fd8d1dae5d41df21ddminiw.jpg","datePublished":"2026-03-18T02:08:38+00:00","dateModified":"2026-03-18T23:43:50+00:00","description":"El galo Kylian Mbapp\u00e9 volvi\u00f3 a tener minutos tras perderse los \u00faltimos cinco partidos. Un esguince en la rodilla izquierda que arrastraba desde inicios de diciembre, idas y venidas por el camino hasta pedir una segunda opini\u00f3n en Francia. Par\u00f3 por completo en busca de una recuperaci\u00f3n plena y disput\u00f3 los \u00faltimos 20 minutos en el Etihad Stadium.","breadcrumb":{"@id":"https:\/\/www.americanonewspaper.com\/es\/kylian-mbappe-2\/mbappe-esta-de-vuelta\/#breadcrumb"},"inLanguage":"en-US","potentialAction":[{"@type":"ReadAction","target":["https:\/\/www.americanonewspaper.com\/es\/kylian-mbappe-2\/mbappe-esta-de-vuelta\/"]}]},{"@type":"ImageObject","inLanguage":"en-US","@id":"https:\/\/www.americanonewspaper.com\/es\/kylian-mbappe-2\/mbappe-esta-de-vuelta\/#primaryimage","url":"https:\/\/www.americanonewspaper.com\/es\/wp-content\/uploads\/2026\/03\/2c0ae47b88072a7f8cac15fd8d1dae5d41df21ddminiw.jpg","contentUrl":"https:\/\/www.americanonewspaper.com\/es\/wp-content\/uploads\/2026\/03\/2c0ae47b88072a7f8cac15fd8d1dae5d41df21ddminiw.jpg","width":900,"height":560,"caption":"El jugador del City Rayan A\u00eft-Nouri (top) tira al franc\u00e9s Kylian Mbappe durante el partido de vuelta de octavos de la UEFA Champions League que han jugado Manchester City y Real Madrid en Manchester, Reino Unido. EFE\/EPA\/ADAM VAUGHAN"},{"@type":"BreadcrumbList","@id":"https:\/\/www.americanonewspaper.com\/es\/kylian-mbappe-2\/mbappe-esta-de-vuelta\/#breadcrumb","itemListElement":[{"@type":"ListItem","position":1,"name":"Home","item":"https:\/\/www.americanonewspaper.com\/es\/"},{"@type":"ListItem","position":2,"name":"Mbapp\u00e9 est\u00e1 de vuelta"}]},{"@type":"WebSite","@id":"https:\/\/www.americanonewspaper.com\/es\/#website","url":"https:\/\/www.americanonewspaper.com\/es\/","name":"Americano Newspaper","description":"The Hispanic Newspaper of New Jersey.","publisher":{"@id":"https:\/\/www.americanonewspaper.com\/es\/#organization"},"potentialAction":[{"@type":"SearchAction","target":{"@type":"EntryPoint","urlTemplate":"https:\/\/www.americanonewspaper.com\/es\/?s={search_term_string}"},"query-input":{"@type":"PropertyValueSpecification","valueRequired":true,"valueName":"search_term_string"}}],"inLanguage":"en-US"},{"@type":"Organization","@id":"https:\/\/www.americanonewspaper.com\/es\/#organization","name":"Americano Newspaper","url":"https:\/\/www.americanonewspaper.com\/es\/","logo":{"@type":"ImageObject","inLanguage":"en-US","@id":"https:\/\/www.americanonewspaper.com\/es\/#\/schema\/logo\/image\/","url":"https:\/\/www.americanonewspaper.com\/es\/wp-content\/uploads\/2024\/05\/AmericanoLogoCircle.comCircle2.jpg","contentUrl":"https:\/\/www.americanonewspaper.com\/es\/wp-content\/uploads\/2024\/05\/AmericanoLogoCircle.comCircle2.jpg","width":600,"height":600,"caption":"Americano Newspaper"},"image":{"@id":"https:\/\/www.americanonewspaper.com\/es\/#\/schema\/logo\/image\/"},"sameAs":["https:\/\/www.facebook.com\/AmericanoNewspaper\/"]},{"@type":"Person","@id":"https:\/\/www.americanonewspaper.com\/es\/#\/schema\/person\/82c7c1ac5e9a005b627b6c7db5361c90","name":"Harmony Quintana","image":{"@type":"ImageObject","inLanguage":"en-US","@id":"https:\/\/www.americanonewspaper.com\/es\/wp-content\/litespeed\/avatar\/656e5d40e40a67e90b0fee2acae8a764.jpg?ver=1777427866","url":"https:\/\/www.americanonewspaper.com\/es\/wp-content\/litespeed\/avatar\/656e5d40e40a67e90b0fee2acae8a764.jpg?ver=1777427866","contentUrl":"https:\/\/www.americanonewspaper.com\/es\/wp-content\/litespeed\/avatar\/656e5d40e40a67e90b0fee2acae8a764.jpg?ver=1777427866","caption":"Harmony Quintana"},"sameAs":["http:\/\/www.americanonewspaper.com"],"url":"https:\/\/www.americanonewspaper.com\/es\/author\/harmony\/"}]}},"jetpack_publicize_connections":[],"jetpack_featured_media_url":"https:\/\/www.americanonewspaper.com\/es\/wp-content\/uploads\/2026\/03\/2c0ae47b88072a7f8cac15fd8d1dae5d41df21ddminiw.jpg","featured_image_urls":{"full":["https:\/\/www.americanonewspaper.com\/es\/wp-content\/uploads\/2026\/03\/2c0ae47b88072a7f8cac15fd8d1dae5d41df21ddminiw.jpg",900,560,false],"thumbnail":["https:\/\/www.americanonewspaper.com\/es\/wp-content\/uploads\/2026\/03\/2c0ae47b88072a7f8cac15fd8d1dae5d41df21ddminiw-250x250.jpg",250,250,true],"medium":["https:\/\/www.americanonewspaper.com\/es\/wp-content\/uploads\/2026\/03\/2c0ae47b88072a7f8cac15fd8d1dae5d41df21ddminiw-300x187.jpg",300,187,true],"medium_large":["https:\/\/www.americanonewspaper.com\/es\/wp-content\/uploads\/2026\/03\/2c0ae47b88072a7f8cac15fd8d1dae5d41df21ddminiw-768x478.jpg",696,433,true],"large":["https:\/\/www.americanonewspaper.com\/es\/wp-content\/uploads\/2026\/03\/2c0ae47b88072a7f8cac15fd8d1dae5d41df21ddminiw-800x498.jpg",696,433,true],"1536x1536":["https:\/\/www.americanonewspaper.com\/es\/wp-content\/uploads\/2026\/03\/2c0ae47b88072a7f8cac15fd8d1dae5d41df21ddminiw.jpg",900,560,false],"2048x2048":["https:\/\/www.americanonewspaper.com\/es\/wp-content\/uploads\/2026\/03\/2c0ae47b88072a7f8cac15fd8d1dae5d41df21ddminiw.jpg",900,560,false],"td_150x0":["https:\/\/www.americanonewspaper.com\/es\/wp-content\/uploads\/2026\/03\/2c0ae47b88072a7f8cac15fd8d1dae5d41df21ddminiw-150x93.jpg",150,93,true],"td_218x150":["https:\/\/www.americanonewspaper.com\/es\/wp-content\/uploads\/2026\/03\/2c0ae47b88072a7f8cac15fd8d1dae5d41df21ddminiw-218x150.jpg",218,150,true],"td_300x0":["https:\/\/www.americanonewspaper.com\/es\/wp-content\/uploads\/2026\/03\/2c0ae47b88072a7f8cac15fd8d1dae5d41df21ddminiw-300x187.jpg",300,187,true],"td_324x400":["https:\/\/www.americanonewspaper.com\/es\/wp-content\/uploads\/2026\/03\/2c0ae47b88072a7f8cac15fd8d1dae5d41df21ddminiw-324x400.jpg",324,400,true],"td_485x360":["https:\/\/www.americanonewspaper.com\/es\/wp-content\/uploads\/2026\/03\/2c0ae47b88072a7f8cac15fd8d1dae5d41df21ddminiw-485x360.jpg",485,360,true],"td_696x0":["https:\/\/www.americanonewspaper.com\/es\/wp-content\/uploads\/2026\/03\/2c0ae47b88072a7f8cac15fd8d1dae5d41df21ddminiw-696x433.jpg",696,433,true],"td_1068x0":["https:\/\/www.americanonewspaper.com\/es\/wp-content\/uploads\/2026\/03\/2c0ae47b88072a7f8cac15fd8d1dae5d41df21ddminiw.jpg",900,560,false],"td_1920x0":["https:\/\/www.americanonewspaper.com\/es\/wp-content\/uploads\/2026\/03\/2c0ae47b88072a7f8cac15fd8d1dae5d41df21ddminiw.jpg",900,560,false],"bdpp-medium":["https:\/\/www.americanonewspaper.com\/es\/wp-content\/uploads\/2026\/03\/2c0ae47b88072a7f8cac15fd8d1dae5d41df21ddminiw-640x480.jpg",640,480,true]},"author_info":{"display_name":"Harmony Quintana","author_link":"https:\/\/www.americanonewspaper.com\/es\/author\/harmony\/"},"category_info":"<a href=\"https:\/\/www.americanonewspaper.com\/es\/category\/champions-league\/\" rel=\"category tag\">Champions League<\/a> <a href=\"https:\/\/www.americanonewspaper.com\/es\/category\/fifa\/futbol\/\" rel=\"category tag\">F\u00fatbol<\/a> <a href=\"https:\/\/www.americanonewspaper.com\/es\/category\/kylian-mbappe-2\/\" rel=\"category tag\">Kylian Mbapp\u00e9<\/a> <a href=\"https:\/\/www.americanonewspaper.com\/es\/category\/manchester-city\/\" rel=\"category tag\">Manchester City<\/a> <a href=\"https:\/\/www.americanonewspaper.com\/es\/category\/real-madrid\/\" rel=\"category tag\">Real Madrid<\/a>","tag_info":"Real Madrid","comment_count":"0","jetpack_sharing_enabled":true,"jetpack_likes_enabled":true,"_links":{"self":[{"href":"https:\/\/www.americanonewspaper.com\/es\/wp-json\/wp\/v2\/posts\/31319","targetHints":{"allow":["GET"]}}],"collection":[{"href":"https:\/\/www.americanonewspaper.com\/es\/wp-json\/wp\/v2\/posts"}],"about":[{"href":"https:\/\/www.americanonewspaper.com\/es\/wp-json\/wp\/v2\/types\/post"}],"author":[{"embeddable":true,"href":"https:\/\/www.americanonewspaper.com\/es\/wp-json\/wp\/v2\/users\/14"}],"replies":[{"embeddable":true,"href":"https:\/\/www.americanonewspaper.com\/es\/wp-json\/wp\/v2\/comments?post=31319"}],"version-history":[{"count":3,"href":"https:\/\/www.americanonewspaper.com\/es\/wp-json\/wp\/v2\/posts\/31319\/revisions"}],"predecessor-version":[{"id":31330,"href":"https:\/\/www.americanonewspaper.com\/es\/wp-json\/wp\/v2\/posts\/31319\/revisions\/31330"}],"wp:featuredmedia":[{"embeddable":true,"href":"https:\/\/www.americanonewspaper.com\/es\/wp-json\/wp\/v2\/media\/31320"}],"wp:attachment":[{"href":"https:\/\/www.americanonewspaper.com\/es\/wp-json\/wp\/v2\/media?parent=31319"}],"wp:term":[{"taxonomy":"category","embeddable":true,"href":"https:\/\/www.americanonewspaper.com\/es\/wp-json\/wp\/v2\/categories?post=31319"},{"taxonomy":"post_tag","embeddable":true,"href":"https:\/\/www.americanonewspaper.com\/es\/wp-json\/wp\/v2\/tags?post=31319"}],"curies":[{"name":"wp","href":"https:\/\/api.w.org\/{rel}","templated":true}]}}