{"id":31316,"date":"2026-03-17T20:14:33","date_gmt":"2026-03-18T00:14:33","guid":{"rendered":"https:\/\/www.americanonewspaper.com\/es\/?p=31316"},"modified":"2026-03-18T19:19:07","modified_gmt":"2026-03-18T23:19:07","slug":"la-liga-de-campeones-en-octavos-de-final","status":"publish","type":"post","link":"https:\/\/www.americanonewspaper.com\/es\/champions-league\/la-liga-de-campeones-en-octavos-de-final\/","title":{"rendered":"La Liga de Campeones en octavos de final"},"content":{"rendered":"\n<p>Redacci\u00f3n deportes, 17 mar (EFE).- <\/p>\n\n\n\n<p class=\"dropcapp3\">Aurelien Tchou\u00e1meni, centrocampista del Real Madrid, se mostr\u00f3 confiado con las posibilidades de su equipo de \u201chacer grandes cosas esta temporada\u201d, tras eliminar al Manchester City en octavos de final, incluida ganar la Liga de Campeones.<\/p>\n\n\n\n<figure class=\"wp-block-image size-large\"><a href=\"https:\/\/ggllawyers.com\/es\/new-jersey-personal-injury-and-workers-compensation-lawyer\/\" target=\"_blank\" rel=\" noreferrer noopener\"><img fetchpriority=\"high\" decoding=\"async\" width=\"800\" height=\"385\" src=\"https:\/\/www.americanonewspaper.com\/es\/wp-content\/uploads\/2026\/01\/NEWGGLADSPANISH-copy-1-1920x923-1-800x385.webp\" alt=\"\" class=\"wp-image-30569\" srcset=\"https:\/\/www.americanonewspaper.com\/es\/wp-content\/uploads\/2026\/01\/NEWGGLADSPANISH-copy-1-1920x923-1-800x385.webp 800w, https:\/\/www.americanonewspaper.com\/es\/wp-content\/uploads\/2026\/01\/NEWGGLADSPANISH-copy-1-1920x923-1-300x144.webp 300w, https:\/\/www.americanonewspaper.com\/es\/wp-content\/uploads\/2026\/01\/NEWGGLADSPANISH-copy-1-1920x923-1-768x369.webp 768w, https:\/\/www.americanonewspaper.com\/es\/wp-content\/uploads\/2026\/01\/NEWGGLADSPANISH-copy-1-1920x923-1-1536x738.webp 1536w, https:\/\/www.americanonewspaper.com\/es\/wp-content\/uploads\/2026\/01\/NEWGGLADSPANISH-copy-1-1920x923-1-150x72.webp 150w, https:\/\/www.americanonewspaper.com\/es\/wp-content\/uploads\/2026\/01\/NEWGGLADSPANISH-copy-1-1920x923-1-696x335.webp 696w, https:\/\/www.americanonewspaper.com\/es\/wp-content\/uploads\/2026\/01\/NEWGGLADSPANISH-copy-1-1920x923-1-1068x513.webp 1068w, https:\/\/www.americanonewspaper.com\/es\/wp-content\/uploads\/2026\/01\/NEWGGLADSPANISH-copy-1-1920x923-1.webp 1920w\" sizes=\"(max-width: 800px) 100vw, 800px\" \/><\/a><\/figure>\n\n\n\n<p>\u201cCada temporada jugamos aqu\u00ed contra un equipo de alto nivel, como el Manchester City. Hemos hecho un buen trabajo y tenemos que seguir con confianza. Si jugamos a nuestro nivel vamos a hacer cosas grandes esta temporada\u201d, dijo en zona mixta tras el partido.<\/p>\n\n\n\n<p>\u201cCuando vimos la eliminatoria contra el Manchester City sab\u00edamos que ten\u00edamos que jugar a nuestro nivel, que as\u00ed pod\u00edamos ganar a cualquier equipo del mundo. Veremos qu\u00e9 pasa al final de la temporada\u201d, a\u00f1adi\u00f3.<\/p>\n\n\n\n<p>Un Tchouam\u00e9ni que se mostr\u00f3 confiado en que ese \u201chacer grandes cosas esta temporada\u201d se traduzca en ganar la Liga de Campeones. \u201c\u00bfPor qu\u00e9 no? En el Real Madrid todo es posible\u201d, se\u00f1al\u00f3.<\/p>\n\n\n\n<figure class=\"wp-block-image size-large\"><a href=\"https:\/\/www.nissancityspringfield.com\/\" target=\"_blank\" rel=\" noreferrer noopener\"><img decoding=\"async\" width=\"800\" height=\"433\" src=\"https:\/\/www.americanonewspaper.com\/es\/wp-content\/uploads\/2026\/01\/Nissan-City-Spanish-Print-copy-2-1920x1038-1-800x433.jpg\" alt=\"\" class=\"wp-image-30553\" srcset=\"https:\/\/www.americanonewspaper.com\/es\/wp-content\/uploads\/2026\/01\/Nissan-City-Spanish-Print-copy-2-1920x1038-1-800x433.jpg 800w, https:\/\/www.americanonewspaper.com\/es\/wp-content\/uploads\/2026\/01\/Nissan-City-Spanish-Print-copy-2-1920x1038-1-300x162.jpg 300w, https:\/\/www.americanonewspaper.com\/es\/wp-content\/uploads\/2026\/01\/Nissan-City-Spanish-Print-copy-2-1920x1038-1-768x415.jpg 768w, https:\/\/www.americanonewspaper.com\/es\/wp-content\/uploads\/2026\/01\/Nissan-City-Spanish-Print-copy-2-1920x1038-1-1536x830.jpg 1536w, https:\/\/www.americanonewspaper.com\/es\/wp-content\/uploads\/2026\/01\/Nissan-City-Spanish-Print-copy-2-1920x1038-1-150x81.jpg 150w, https:\/\/www.americanonewspaper.com\/es\/wp-content\/uploads\/2026\/01\/Nissan-City-Spanish-Print-copy-2-1920x1038-1-696x376.jpg 696w, https:\/\/www.americanonewspaper.com\/es\/wp-content\/uploads\/2026\/01\/Nissan-City-Spanish-Print-copy-2-1920x1038-1-1068x577.jpg 1068w, https:\/\/www.americanonewspaper.com\/es\/wp-content\/uploads\/2026\/01\/Nissan-City-Spanish-Print-copy-2-1920x1038-1.jpg 1920w\" sizes=\"(max-width: 800px) 100vw, 800px\" \/><\/a><\/figure>\n\n\n\n<p>El centrocampista contest\u00f3 al cambio de din\u00e1mica del Real Madrid tras la salida de Xabi Alonso y la llegada de \u00c1lvaro Arbeloa como entrenador, el 12 de enero.<\/p>\n\n\n\n<p>\u201cXabi Alonso es un entrenador incre\u00edble, pero Arbeloa tiene sus ideas tambi\u00e9n y con sus ideas hay cosas que han cambiado. El m\u00edster tiene mucha confianza en nosotros y \u00e9l desde el d\u00eda uno. Nos ayuda a tener confianza en el campo\u201d, apunt\u00f3.<\/p>\n\n\n\n<p>Adem\u00e1s, asegur\u00f3 que vio \u201cmuy bien\u201d a su compatriota Kylian Mbapp\u00e9, quien volvi\u00f3 a tener minutos tras cinco partidos ausentes debido a un esguince en la rodilla izquierda.<\/p>\n\n\n\n<figure class=\"wp-block-image size-large\"><a href=\"https:\/\/lan.nationbuilder.com\/lan_legislative_assembly_2026\" target=\"_blank\" rel=\" noreferrer noopener\"><img decoding=\"async\" width=\"800\" height=\"367\" src=\"https:\/\/www.americanonewspaper.com\/es\/wp-content\/uploads\/2026\/03\/LAN-Assembly-Ad-Americano-Newspaper-Esp-800x367.jpg\" alt=\"\" class=\"wp-image-31237\" srcset=\"https:\/\/www.americanonewspaper.com\/es\/wp-content\/uploads\/2026\/03\/LAN-Assembly-Ad-Americano-Newspaper-Esp-800x367.jpg 800w, https:\/\/www.americanonewspaper.com\/es\/wp-content\/uploads\/2026\/03\/LAN-Assembly-Ad-Americano-Newspaper-Esp-300x138.jpg 300w, https:\/\/www.americanonewspaper.com\/es\/wp-content\/uploads\/2026\/03\/LAN-Assembly-Ad-Americano-Newspaper-Esp-768x352.jpg 768w, https:\/\/www.americanonewspaper.com\/es\/wp-content\/uploads\/2026\/03\/LAN-Assembly-Ad-Americano-Newspaper-Esp-150x69.jpg 150w, https:\/\/www.americanonewspaper.com\/es\/wp-content\/uploads\/2026\/03\/LAN-Assembly-Ad-Americano-Newspaper-Esp-696x319.jpg 696w, https:\/\/www.americanonewspaper.com\/es\/wp-content\/uploads\/2026\/03\/LAN-Assembly-Ad-Americano-Newspaper-Esp-1068x490.jpg 1068w, https:\/\/www.americanonewspaper.com\/es\/wp-content\/uploads\/2026\/03\/LAN-Assembly-Ad-Americano-Newspaper-Esp.jpg 1200w\" sizes=\"(max-width: 800px) 100vw, 800px\" \/><\/a><\/figure>\n\n\n\n<p>\u201cA<a href=\"https:\/\/www.americanonewspaper.com\/es\/kylian-mbappe-2\/mbappe-esta-de-vuelta\/\" type=\"link\" id=\"https:\/\/www.americanonewspaper.com\/es\/kylian-mbappe-2\/mbappe-esta-de-vuelta\/\" target=\"_blank\" rel=\"noreferrer noopener\"> Mbapp\u00e9 <\/a>le he visto muy bien. Es un jugador clave para nosotros\u201d, dijo.<\/p>\n\n\n\n<p>Por otro lado, Tchouam\u00e9ni se mostr\u00f3 sorprendido de que la Junta de Apelaci\u00f3n de la Confederaci\u00f3n Africana de F\u00fatbol (CAF) le haya dado este martes por perdida a Senegal la final de la Copa \u00c1frica 2025, que hab\u00eda vencido por 0-1 en la pr\u00f3rroga, y por campeona a la selecci\u00f3n de Marruecos, con una victoria por 3-0, tras atender los recursos de esta \u00faltima tras la derrota sufrida el pasado 18 de enero, seg\u00fan anunci\u00f3 el organismo en un comunicado en sus canales oficiales.<\/p>\n\n\n\n<figure class=\"wp-block-image size-large\"><a href=\"https:\/\/ramospodiatry.com\/\" target=\"_blank\" rel=\" noreferrer noopener\"><img loading=\"lazy\" decoding=\"async\" width=\"800\" height=\"376\" src=\"https:\/\/www.americanonewspaper.com\/es\/wp-content\/uploads\/2026\/03\/Screenshot-2026-03-07-at-10.54.07-PM-800x376.png\" alt=\"\" class=\"wp-image-31186\" srcset=\"https:\/\/www.americanonewspaper.com\/es\/wp-content\/uploads\/2026\/03\/Screenshot-2026-03-07-at-10.54.07-PM-800x376.png 800w, https:\/\/www.americanonewspaper.com\/es\/wp-content\/uploads\/2026\/03\/Screenshot-2026-03-07-at-10.54.07-PM-300x141.png 300w, https:\/\/www.americanonewspaper.com\/es\/wp-content\/uploads\/2026\/03\/Screenshot-2026-03-07-at-10.54.07-PM-768x361.png 768w, https:\/\/www.americanonewspaper.com\/es\/wp-content\/uploads\/2026\/03\/Screenshot-2026-03-07-at-10.54.07-PM-1536x723.png 1536w, https:\/\/www.americanonewspaper.com\/es\/wp-content\/uploads\/2026\/03\/Screenshot-2026-03-07-at-10.54.07-PM-150x71.png 150w, https:\/\/www.americanonewspaper.com\/es\/wp-content\/uploads\/2026\/03\/Screenshot-2026-03-07-at-10.54.07-PM-696x328.png 696w, https:\/\/www.americanonewspaper.com\/es\/wp-content\/uploads\/2026\/03\/Screenshot-2026-03-07-at-10.54.07-PM-1068x503.png 1068w, https:\/\/www.americanonewspaper.com\/es\/wp-content\/uploads\/2026\/03\/Screenshot-2026-03-07-at-10.54.07-PM.png 1598w\" sizes=\"(max-width: 800px) 100vw, 800px\" \/><\/a><\/figure>\n\n\n\n<p>La decisi\u00f3n se tom\u00f3 &#8220;en aplicaci\u00f3n del art\u00edculo 84 del reglamento&#8221; de esta competici\u00f3n, que sanciona con la eliminaci\u00f3n del torneo a un equipo en varios supuestos, entre ellos abandonar el campo &#8220;antes del final regular del partido sin la autorizaci\u00f3n del \u00e1rbitro&#8221;, por lo que \u201cse considerar\u00e1 perdedor y eliminado de forma definitiva\u201d al conjunto infractor.<\/p>\n\n\n\n<p>\u201c\u00bfDe verdad? No s\u00e9 lo que decir, seguro que Brahim va a estar muy contento\u201d, coment\u00f3 Tchouam\u00e9ni sobre su compa\u00f1ero, internacional por Marruecos.<\/p>\n\n\n\n<figure class=\"wp-block-image size-large\"><a href=\"https:\/\/www.manuelbatistalaw.com\/\" target=\"_blank\" rel=\" noreferrer noopener\"><img loading=\"lazy\" decoding=\"async\" width=\"800\" height=\"367\" src=\"https:\/\/www.americanonewspaper.com\/es\/wp-content\/uploads\/2026\/03\/MBSpanishbanner-copy-800x367.jpg\" alt=\"\" class=\"wp-image-31133\" srcset=\"https:\/\/www.americanonewspaper.com\/es\/wp-content\/uploads\/2026\/03\/MBSpanishbanner-copy-800x367.jpg 800w, https:\/\/www.americanonewspaper.com\/es\/wp-content\/uploads\/2026\/03\/MBSpanishbanner-copy-300x138.jpg 300w, https:\/\/www.americanonewspaper.com\/es\/wp-content\/uploads\/2026\/03\/MBSpanishbanner-copy-768x352.jpg 768w, https:\/\/www.americanonewspaper.com\/es\/wp-content\/uploads\/2026\/03\/MBSpanishbanner-copy-150x69.jpg 150w, https:\/\/www.americanonewspaper.com\/es\/wp-content\/uploads\/2026\/03\/MBSpanishbanner-copy-696x319.jpg 696w, https:\/\/www.americanonewspaper.com\/es\/wp-content\/uploads\/2026\/03\/MBSpanishbanner-copy-1068x490.jpg 1068w, https:\/\/www.americanonewspaper.com\/es\/wp-content\/uploads\/2026\/03\/MBSpanishbanner-copy.jpg 1200w\" sizes=\"(max-width: 800px) 100vw, 800px\" \/><\/a><\/figure>\n","protected":false},"excerpt":{"rendered":"<p>Redacci\u00f3n deportes, 17 mar (EFE).- Aurelien Tchou\u00e1meni, centrocampista del Real Madrid, se mostr\u00f3 confiado con las posibilidades de su equipo de \u201chacer grandes cosas esta temporada\u201d, tras eliminar al Manchester City en octavos de final, incluida ganar la Liga de Campeones. \u201cCada temporada jugamos aqu\u00ed contra un equipo de alto nivel, como el Manchester City. [&hellip;]<\/p>\n","protected":false},"author":7,"featured_media":31317,"comment_status":"open","ping_status":"open","sticky":false,"template":"","format":"standard","meta":{"_acf_changed":false,"tdm_status":"","tdm_grid_status":"","_jetpack_memberships_contains_paid_content":false,"footnotes":"","jetpack_publicize_message":"","jetpack_publicize_feature_enabled":true,"jetpack_social_post_already_shared":false,"jetpack_social_options":{"image_generator_settings":{"template":"highway","default_image_id":0,"font":"","enabled":false,"token":"eyJpbWciOiJodHRwczpcL1wvd3d3LmFtZXJpY2Fub25ld3NwYXBlci5jb21cL2VzXC93cC1jb250ZW50XC91cGxvYWRzXC8yMDI2XC8wM1wvRXJsaW5nLUNoYW1waW9ucy03NDZ4NTAwLmpwZWciLCJ0eHQiOiJMYSBMaWdhIGRlIENhbXBlb25lcyBlbiBvY3Rhdm9zIGRlIGZpbmFsIiwidGVtcGxhdGUiOiJoaWdod2F5IiwiZm9udCI6IiIsImJsb2dfaWQiOjIyODYxOTU3NH0.cfK6Dq0JLLj1pnPj19eZOJn6c-xlbXJ8WWiEfBe4OroMQ"},"version":2,"media_source":"featured-image","attached_media":[{"id":31317,"url":"https:\/\/www.americanonewspaper.com\/es\/wp-content\/uploads\/2026\/03\/Erling-Champions.jpeg","type":"image\/jpeg"}]},"_wpas_customize_per_network":false},"categories":[120],"tags":[],"class_list":{"0":"post-31316","1":"post","2":"type-post","3":"status-publish","4":"format-standard","5":"has-post-thumbnail","7":"category-champions-league"},"acf":[],"yoast_head":"<!-- This site is optimized with the Yoast SEO Premium plugin v27.5 (Yoast SEO v27.5) - https:\/\/yoast.com\/product\/yoast-seo-premium-wordpress\/ -->\n<title>La Liga de Campeones en octavos de final - Americano Newspaper<\/title>\n<meta name=\"description\" content=\"Aurelien Tchou\u00e1meni, centrocampista del Real Madrid, se mostr\u00f3 confiado con las posibilidades de su equipo de \u201chacer grandes cosas esta temporada\u201d, tras eliminar al Manchester City en octavos de final, incluida ganar la Liga de Campeones.\" \/>\n<meta name=\"robots\" content=\"index, follow, max-snippet:-1, max-image-preview:large, max-video-preview:-1\" \/>\n<link rel=\"canonical\" href=\"https:\/\/www.americanonewspaper.com\/es\/champions-league\/la-liga-de-campeones-en-octavos-de-final\/\" \/>\n<meta property=\"og:locale\" content=\"en_US\" \/>\n<meta property=\"og:type\" content=\"article\" \/>\n<meta property=\"og:title\" content=\"La Liga de Campeones en octavos de final\" \/>\n<meta property=\"og:description\" content=\"Aurelien Tchou\u00e1meni, centrocampista del Real Madrid, se mostr\u00f3 confiado con las posibilidades de su equipo de \u201chacer grandes cosas esta temporada\u201d, tras eliminar al Manchester City en octavos de final, incluida ganar la Liga de Campeones.\" \/>\n<meta property=\"og:url\" content=\"https:\/\/www.americanonewspaper.com\/es\/champions-league\/la-liga-de-campeones-en-octavos-de-final\/\" \/>\n<meta property=\"og:site_name\" content=\"Americano Newspaper\" \/>\n<meta property=\"article:publisher\" content=\"https:\/\/www.facebook.com\/AmericanoNewspaper\/\" \/>\n<meta property=\"article:published_time\" content=\"2026-03-18T00:14:33+00:00\" \/>\n<meta property=\"article:modified_time\" content=\"2026-03-18T23:19:07+00:00\" \/>\n<meta property=\"og:image\" content=\"https:\/\/www.americanonewspaper.com\/es\/wp-content\/uploads\/2026\/03\/Erling-Champions.jpeg\" \/>\n\t<meta property=\"og:image:width\" content=\"900\" \/>\n\t<meta property=\"og:image:height\" content=\"603\" \/>\n\t<meta property=\"og:image:type\" content=\"image\/jpeg\" \/>\n<meta name=\"author\" content=\"Author\" \/>\n<meta name=\"twitter:card\" content=\"summary_large_image\" \/>\n<meta name=\"twitter:label1\" content=\"Written by\" \/>\n\t<meta name=\"twitter:data1\" content=\"Author\" \/>\n\t<meta name=\"twitter:label2\" content=\"Est. reading time\" \/>\n\t<meta name=\"twitter:data2\" content=\"4 minutes\" \/>\n<script type=\"application\/ld+json\" class=\"yoast-schema-graph\">{\"@context\":\"https:\\\/\\\/schema.org\",\"@graph\":[{\"@type\":\"Article\",\"@id\":\"https:\\\/\\\/www.americanonewspaper.com\\\/es\\\/champions-league\\\/la-liga-de-campeones-en-octavos-de-final\\\/#article\",\"isPartOf\":{\"@id\":\"https:\\\/\\\/www.americanonewspaper.com\\\/es\\\/champions-league\\\/la-liga-de-campeones-en-octavos-de-final\\\/\"},\"author\":{\"name\":\"Author\",\"@id\":\"https:\\\/\\\/www.americanonewspaper.com\\\/es\\\/#\\\/schema\\\/person\\\/8967f6b8af7e37bcbbe61f68580ff088\"},\"headline\":\"La Liga de Campeones en octavos de final\",\"datePublished\":\"2026-03-18T00:14:33+00:00\",\"dateModified\":\"2026-03-18T23:19:07+00:00\",\"mainEntityOfPage\":{\"@id\":\"https:\\\/\\\/www.americanonewspaper.com\\\/es\\\/champions-league\\\/la-liga-de-campeones-en-octavos-de-final\\\/\"},\"wordCount\":463,\"commentCount\":0,\"publisher\":{\"@id\":\"https:\\\/\\\/www.americanonewspaper.com\\\/es\\\/#organization\"},\"image\":{\"@id\":\"https:\\\/\\\/www.americanonewspaper.com\\\/es\\\/champions-league\\\/la-liga-de-campeones-en-octavos-de-final\\\/#primaryimage\"},\"thumbnailUrl\":\"https:\\\/\\\/www.americanonewspaper.com\\\/es\\\/wp-content\\\/uploads\\\/2026\\\/03\\\/Erling-Champions.jpeg\",\"articleSection\":[\"Champions League\"],\"inLanguage\":\"en-US\",\"potentialAction\":[{\"@type\":\"CommentAction\",\"name\":\"Comment\",\"target\":[\"https:\\\/\\\/www.americanonewspaper.com\\\/es\\\/champions-league\\\/la-liga-de-campeones-en-octavos-de-final\\\/#respond\"]}]},{\"@type\":\"WebPage\",\"@id\":\"https:\\\/\\\/www.americanonewspaper.com\\\/es\\\/champions-league\\\/la-liga-de-campeones-en-octavos-de-final\\\/\",\"url\":\"https:\\\/\\\/www.americanonewspaper.com\\\/es\\\/champions-league\\\/la-liga-de-campeones-en-octavos-de-final\\\/\",\"name\":\"La Liga de Campeones en octavos de final - Americano Newspaper\",\"isPartOf\":{\"@id\":\"https:\\\/\\\/www.americanonewspaper.com\\\/es\\\/#website\"},\"primaryImageOfPage\":{\"@id\":\"https:\\\/\\\/www.americanonewspaper.com\\\/es\\\/champions-league\\\/la-liga-de-campeones-en-octavos-de-final\\\/#primaryimage\"},\"image\":{\"@id\":\"https:\\\/\\\/www.americanonewspaper.com\\\/es\\\/champions-league\\\/la-liga-de-campeones-en-octavos-de-final\\\/#primaryimage\"},\"thumbnailUrl\":\"https:\\\/\\\/www.americanonewspaper.com\\\/es\\\/wp-content\\\/uploads\\\/2026\\\/03\\\/Erling-Champions.jpeg\",\"datePublished\":\"2026-03-18T00:14:33+00:00\",\"dateModified\":\"2026-03-18T23:19:07+00:00\",\"description\":\"Aurelien Tchou\u00e1meni, centrocampista del Real Madrid, se mostr\u00f3 confiado con las posibilidades de su equipo de \u201chacer grandes cosas esta temporada\u201d, tras eliminar al Manchester City en octavos de final, incluida ganar la Liga de Campeones.\",\"breadcrumb\":{\"@id\":\"https:\\\/\\\/www.americanonewspaper.com\\\/es\\\/champions-league\\\/la-liga-de-campeones-en-octavos-de-final\\\/#breadcrumb\"},\"inLanguage\":\"en-US\",\"potentialAction\":[{\"@type\":\"ReadAction\",\"target\":[\"https:\\\/\\\/www.americanonewspaper.com\\\/es\\\/champions-league\\\/la-liga-de-campeones-en-octavos-de-final\\\/\"]}]},{\"@type\":\"ImageObject\",\"inLanguage\":\"en-US\",\"@id\":\"https:\\\/\\\/www.americanonewspaper.com\\\/es\\\/champions-league\\\/la-liga-de-campeones-en-octavos-de-final\\\/#primaryimage\",\"url\":\"https:\\\/\\\/www.americanonewspaper.com\\\/es\\\/wp-content\\\/uploads\\\/2026\\\/03\\\/Erling-Champions.jpeg\",\"contentUrl\":\"https:\\\/\\\/www.americanonewspaper.com\\\/es\\\/wp-content\\\/uploads\\\/2026\\\/03\\\/Erling-Champions.jpeg\",\"width\":900,\"height\":603,\"caption\":\"Erling Haaland, del Manchester City ante Aurelien Tchouameni, del Madrid, durante el partido de vuelta de octavos de la UEFA Champions League que han jugado Manchester City y Real Madrid en Manchester, Reino Unido. EFE\\\/EPA\\\/ADAM VAUGHAN\"},{\"@type\":\"BreadcrumbList\",\"@id\":\"https:\\\/\\\/www.americanonewspaper.com\\\/es\\\/champions-league\\\/la-liga-de-campeones-en-octavos-de-final\\\/#breadcrumb\",\"itemListElement\":[{\"@type\":\"ListItem\",\"position\":1,\"name\":\"Home\",\"item\":\"https:\\\/\\\/www.americanonewspaper.com\\\/es\\\/\"},{\"@type\":\"ListItem\",\"position\":2,\"name\":\"La Liga de Campeones en octavos de final\"}]},{\"@type\":\"WebSite\",\"@id\":\"https:\\\/\\\/www.americanonewspaper.com\\\/es\\\/#website\",\"url\":\"https:\\\/\\\/www.americanonewspaper.com\\\/es\\\/\",\"name\":\"Americano Newspaper\",\"description\":\"The Hispanic Newspaper of New Jersey.\",\"publisher\":{\"@id\":\"https:\\\/\\\/www.americanonewspaper.com\\\/es\\\/#organization\"},\"potentialAction\":[{\"@type\":\"SearchAction\",\"target\":{\"@type\":\"EntryPoint\",\"urlTemplate\":\"https:\\\/\\\/www.americanonewspaper.com\\\/es\\\/?s={search_term_string}\"},\"query-input\":{\"@type\":\"PropertyValueSpecification\",\"valueRequired\":true,\"valueName\":\"search_term_string\"}}],\"inLanguage\":\"en-US\"},{\"@type\":\"Organization\",\"@id\":\"https:\\\/\\\/www.americanonewspaper.com\\\/es\\\/#organization\",\"name\":\"Americano Newspaper\",\"url\":\"https:\\\/\\\/www.americanonewspaper.com\\\/es\\\/\",\"logo\":{\"@type\":\"ImageObject\",\"inLanguage\":\"en-US\",\"@id\":\"https:\\\/\\\/www.americanonewspaper.com\\\/es\\\/#\\\/schema\\\/logo\\\/image\\\/\",\"url\":\"https:\\\/\\\/www.americanonewspaper.com\\\/es\\\/wp-content\\\/uploads\\\/2024\\\/05\\\/AmericanoLogoCircle.comCircle2.jpg\",\"contentUrl\":\"https:\\\/\\\/www.americanonewspaper.com\\\/es\\\/wp-content\\\/uploads\\\/2024\\\/05\\\/AmericanoLogoCircle.comCircle2.jpg\",\"width\":600,\"height\":600,\"caption\":\"Americano Newspaper\"},\"image\":{\"@id\":\"https:\\\/\\\/www.americanonewspaper.com\\\/es\\\/#\\\/schema\\\/logo\\\/image\\\/\"},\"sameAs\":[\"https:\\\/\\\/www.facebook.com\\\/AmericanoNewspaper\\\/\"]},{\"@type\":\"Person\",\"@id\":\"https:\\\/\\\/www.americanonewspaper.com\\\/es\\\/#\\\/schema\\\/person\\\/8967f6b8af7e37bcbbe61f68580ff088\",\"name\":\"Author\",\"image\":{\"@type\":\"ImageObject\",\"inLanguage\":\"en-US\",\"@id\":\"https:\\\/\\\/www.americanonewspaper.com\\\/es\\\/wp-content\\\/litespeed\\\/avatar\\\/89ffaf6af3cf6769ffb3c6efb2313947.jpg?ver=1777427547\",\"url\":\"https:\\\/\\\/www.americanonewspaper.com\\\/es\\\/wp-content\\\/litespeed\\\/avatar\\\/89ffaf6af3cf6769ffb3c6efb2313947.jpg?ver=1777427547\",\"contentUrl\":\"https:\\\/\\\/www.americanonewspaper.com\\\/es\\\/wp-content\\\/litespeed\\\/avatar\\\/89ffaf6af3cf6769ffb3c6efb2313947.jpg?ver=1777427547\",\"caption\":\"Author\"},\"url\":\"https:\\\/\\\/www.americanonewspaper.com\\\/es\\\/author\\\/americano\\\/\"}]}<\/script>\n<!-- \/ Yoast SEO Premium plugin. -->","yoast_head_json":{"title":"La Liga de Campeones en octavos de final - Americano Newspaper","description":"Aurelien Tchou\u00e1meni, centrocampista del Real Madrid, se mostr\u00f3 confiado con las posibilidades de su equipo de \u201chacer grandes cosas esta temporada\u201d, tras eliminar al Manchester City en octavos de final, incluida ganar la Liga de Campeones.","robots":{"index":"index","follow":"follow","max-snippet":"max-snippet:-1","max-image-preview":"max-image-preview:large","max-video-preview":"max-video-preview:-1"},"canonical":"https:\/\/www.americanonewspaper.com\/es\/champions-league\/la-liga-de-campeones-en-octavos-de-final\/","og_locale":"en_US","og_type":"article","og_title":"La Liga de Campeones en octavos de final","og_description":"Aurelien Tchou\u00e1meni, centrocampista del Real Madrid, se mostr\u00f3 confiado con las posibilidades de su equipo de \u201chacer grandes cosas esta temporada\u201d, tras eliminar al Manchester City en octavos de final, incluida ganar la Liga de Campeones.","og_url":"https:\/\/www.americanonewspaper.com\/es\/champions-league\/la-liga-de-campeones-en-octavos-de-final\/","og_site_name":"Americano Newspaper","article_publisher":"https:\/\/www.facebook.com\/AmericanoNewspaper\/","article_published_time":"2026-03-18T00:14:33+00:00","article_modified_time":"2026-03-18T23:19:07+00:00","og_image":[{"width":900,"height":603,"url":"https:\/\/www.americanonewspaper.com\/es\/wp-content\/uploads\/2026\/03\/Erling-Champions.jpeg","type":"image\/jpeg"}],"author":"Author","twitter_card":"summary_large_image","twitter_misc":{"Written by":"Author","Est. reading time":"4 minutes"},"schema":{"@context":"https:\/\/schema.org","@graph":[{"@type":"Article","@id":"https:\/\/www.americanonewspaper.com\/es\/champions-league\/la-liga-de-campeones-en-octavos-de-final\/#article","isPartOf":{"@id":"https:\/\/www.americanonewspaper.com\/es\/champions-league\/la-liga-de-campeones-en-octavos-de-final\/"},"author":{"name":"Author","@id":"https:\/\/www.americanonewspaper.com\/es\/#\/schema\/person\/8967f6b8af7e37bcbbe61f68580ff088"},"headline":"La Liga de Campeones en octavos de final","datePublished":"2026-03-18T00:14:33+00:00","dateModified":"2026-03-18T23:19:07+00:00","mainEntityOfPage":{"@id":"https:\/\/www.americanonewspaper.com\/es\/champions-league\/la-liga-de-campeones-en-octavos-de-final\/"},"wordCount":463,"commentCount":0,"publisher":{"@id":"https:\/\/www.americanonewspaper.com\/es\/#organization"},"image":{"@id":"https:\/\/www.americanonewspaper.com\/es\/champions-league\/la-liga-de-campeones-en-octavos-de-final\/#primaryimage"},"thumbnailUrl":"https:\/\/www.americanonewspaper.com\/es\/wp-content\/uploads\/2026\/03\/Erling-Champions.jpeg","articleSection":["Champions League"],"inLanguage":"en-US","potentialAction":[{"@type":"CommentAction","name":"Comment","target":["https:\/\/www.americanonewspaper.com\/es\/champions-league\/la-liga-de-campeones-en-octavos-de-final\/#respond"]}]},{"@type":"WebPage","@id":"https:\/\/www.americanonewspaper.com\/es\/champions-league\/la-liga-de-campeones-en-octavos-de-final\/","url":"https:\/\/www.americanonewspaper.com\/es\/champions-league\/la-liga-de-campeones-en-octavos-de-final\/","name":"La Liga de Campeones en octavos de final - Americano Newspaper","isPartOf":{"@id":"https:\/\/www.americanonewspaper.com\/es\/#website"},"primaryImageOfPage":{"@id":"https:\/\/www.americanonewspaper.com\/es\/champions-league\/la-liga-de-campeones-en-octavos-de-final\/#primaryimage"},"image":{"@id":"https:\/\/www.americanonewspaper.com\/es\/champions-league\/la-liga-de-campeones-en-octavos-de-final\/#primaryimage"},"thumbnailUrl":"https:\/\/www.americanonewspaper.com\/es\/wp-content\/uploads\/2026\/03\/Erling-Champions.jpeg","datePublished":"2026-03-18T00:14:33+00:00","dateModified":"2026-03-18T23:19:07+00:00","description":"Aurelien Tchou\u00e1meni, centrocampista del Real Madrid, se mostr\u00f3 confiado con las posibilidades de su equipo de \u201chacer grandes cosas esta temporada\u201d, tras eliminar al Manchester City en octavos de final, incluida ganar la Liga de Campeones.","breadcrumb":{"@id":"https:\/\/www.americanonewspaper.com\/es\/champions-league\/la-liga-de-campeones-en-octavos-de-final\/#breadcrumb"},"inLanguage":"en-US","potentialAction":[{"@type":"ReadAction","target":["https:\/\/www.americanonewspaper.com\/es\/champions-league\/la-liga-de-campeones-en-octavos-de-final\/"]}]},{"@type":"ImageObject","inLanguage":"en-US","@id":"https:\/\/www.americanonewspaper.com\/es\/champions-league\/la-liga-de-campeones-en-octavos-de-final\/#primaryimage","url":"https:\/\/www.americanonewspaper.com\/es\/wp-content\/uploads\/2026\/03\/Erling-Champions.jpeg","contentUrl":"https:\/\/www.americanonewspaper.com\/es\/wp-content\/uploads\/2026\/03\/Erling-Champions.jpeg","width":900,"height":603,"caption":"Erling Haaland, del Manchester City ante Aurelien Tchouameni, del Madrid, durante el partido de vuelta de octavos de la UEFA Champions League que han jugado Manchester City y Real Madrid en Manchester, Reino Unido. EFE\/EPA\/ADAM VAUGHAN"},{"@type":"BreadcrumbList","@id":"https:\/\/www.americanonewspaper.com\/es\/champions-league\/la-liga-de-campeones-en-octavos-de-final\/#breadcrumb","itemListElement":[{"@type":"ListItem","position":1,"name":"Home","item":"https:\/\/www.americanonewspaper.com\/es\/"},{"@type":"ListItem","position":2,"name":"La Liga de Campeones en octavos de final"}]},{"@type":"WebSite","@id":"https:\/\/www.americanonewspaper.com\/es\/#website","url":"https:\/\/www.americanonewspaper.com\/es\/","name":"Americano Newspaper","description":"The Hispanic Newspaper of New Jersey.","publisher":{"@id":"https:\/\/www.americanonewspaper.com\/es\/#organization"},"potentialAction":[{"@type":"SearchAction","target":{"@type":"EntryPoint","urlTemplate":"https:\/\/www.americanonewspaper.com\/es\/?s={search_term_string}"},"query-input":{"@type":"PropertyValueSpecification","valueRequired":true,"valueName":"search_term_string"}}],"inLanguage":"en-US"},{"@type":"Organization","@id":"https:\/\/www.americanonewspaper.com\/es\/#organization","name":"Americano Newspaper","url":"https:\/\/www.americanonewspaper.com\/es\/","logo":{"@type":"ImageObject","inLanguage":"en-US","@id":"https:\/\/www.americanonewspaper.com\/es\/#\/schema\/logo\/image\/","url":"https:\/\/www.americanonewspaper.com\/es\/wp-content\/uploads\/2024\/05\/AmericanoLogoCircle.comCircle2.jpg","contentUrl":"https:\/\/www.americanonewspaper.com\/es\/wp-content\/uploads\/2024\/05\/AmericanoLogoCircle.comCircle2.jpg","width":600,"height":600,"caption":"Americano Newspaper"},"image":{"@id":"https:\/\/www.americanonewspaper.com\/es\/#\/schema\/logo\/image\/"},"sameAs":["https:\/\/www.facebook.com\/AmericanoNewspaper\/"]},{"@type":"Person","@id":"https:\/\/www.americanonewspaper.com\/es\/#\/schema\/person\/8967f6b8af7e37bcbbe61f68580ff088","name":"Author","image":{"@type":"ImageObject","inLanguage":"en-US","@id":"https:\/\/www.americanonewspaper.com\/es\/wp-content\/litespeed\/avatar\/89ffaf6af3cf6769ffb3c6efb2313947.jpg?ver=1777427547","url":"https:\/\/www.americanonewspaper.com\/es\/wp-content\/litespeed\/avatar\/89ffaf6af3cf6769ffb3c6efb2313947.jpg?ver=1777427547","contentUrl":"https:\/\/www.americanonewspaper.com\/es\/wp-content\/litespeed\/avatar\/89ffaf6af3cf6769ffb3c6efb2313947.jpg?ver=1777427547","caption":"Author"},"url":"https:\/\/www.americanonewspaper.com\/es\/author\/americano\/"}]}},"jetpack_publicize_connections":[],"jetpack_featured_media_url":"https:\/\/www.americanonewspaper.com\/es\/wp-content\/uploads\/2026\/03\/Erling-Champions.jpeg","featured_image_urls":{"full":["https:\/\/www.americanonewspaper.com\/es\/wp-content\/uploads\/2026\/03\/Erling-Champions.jpeg",900,603,false],"thumbnail":["https:\/\/www.americanonewspaper.com\/es\/wp-content\/uploads\/2026\/03\/Erling-Champions-250x250.jpeg",250,250,true],"medium":["https:\/\/www.americanonewspaper.com\/es\/wp-content\/uploads\/2026\/03\/Erling-Champions-300x201.jpeg",300,201,true],"medium_large":["https:\/\/www.americanonewspaper.com\/es\/wp-content\/uploads\/2026\/03\/Erling-Champions-768x515.jpeg",696,467,true],"large":["https:\/\/www.americanonewspaper.com\/es\/wp-content\/uploads\/2026\/03\/Erling-Champions-746x500.jpeg",696,466,true],"1536x1536":["https:\/\/www.americanonewspaper.com\/es\/wp-content\/uploads\/2026\/03\/Erling-Champions.jpeg",900,603,false],"2048x2048":["https:\/\/www.americanonewspaper.com\/es\/wp-content\/uploads\/2026\/03\/Erling-Champions.jpeg",900,603,false],"td_150x0":["https:\/\/www.americanonewspaper.com\/es\/wp-content\/uploads\/2026\/03\/Erling-Champions-150x101.jpeg",150,101,true],"td_218x150":["https:\/\/www.americanonewspaper.com\/es\/wp-content\/uploads\/2026\/03\/Erling-Champions-218x150.jpeg",218,150,true],"td_300x0":["https:\/\/www.americanonewspaper.com\/es\/wp-content\/uploads\/2026\/03\/Erling-Champions-300x201.jpeg",300,201,true],"td_324x400":["https:\/\/www.americanonewspaper.com\/es\/wp-content\/uploads\/2026\/03\/Erling-Champions-324x400.jpeg",324,400,true],"td_485x360":["https:\/\/www.americanonewspaper.com\/es\/wp-content\/uploads\/2026\/03\/Erling-Champions-485x360.jpeg",485,360,true],"td_696x0":["https:\/\/www.americanonewspaper.com\/es\/wp-content\/uploads\/2026\/03\/Erling-Champions-696x466.jpeg",696,466,true],"td_1068x0":["https:\/\/www.americanonewspaper.com\/es\/wp-content\/uploads\/2026\/03\/Erling-Champions.jpeg",900,603,false],"td_1920x0":["https:\/\/www.americanonewspaper.com\/es\/wp-content\/uploads\/2026\/03\/Erling-Champions.jpeg",900,603,false],"bdpp-medium":["https:\/\/www.americanonewspaper.com\/es\/wp-content\/uploads\/2026\/03\/Erling-Champions-640x480.jpeg",640,480,true]},"author_info":{"display_name":"Author","author_link":"https:\/\/www.americanonewspaper.com\/es\/author\/americano\/"},"category_info":"<a href=\"https:\/\/www.americanonewspaper.com\/es\/category\/champions-league\/\" rel=\"category tag\">Champions League<\/a>","tag_info":"Champions League","comment_count":"0","jetpack_sharing_enabled":true,"jetpack_likes_enabled":true,"_links":{"self":[{"href":"https:\/\/www.americanonewspaper.com\/es\/wp-json\/wp\/v2\/posts\/31316","targetHints":{"allow":["GET"]}}],"collection":[{"href":"https:\/\/www.americanonewspaper.com\/es\/wp-json\/wp\/v2\/posts"}],"about":[{"href":"https:\/\/www.americanonewspaper.com\/es\/wp-json\/wp\/v2\/types\/post"}],"author":[{"embeddable":true,"href":"https:\/\/www.americanonewspaper.com\/es\/wp-json\/wp\/v2\/users\/7"}],"replies":[{"embeddable":true,"href":"https:\/\/www.americanonewspaper.com\/es\/wp-json\/wp\/v2\/comments?post=31316"}],"version-history":[{"count":2,"href":"https:\/\/www.americanonewspaper.com\/es\/wp-json\/wp\/v2\/posts\/31316\/revisions"}],"predecessor-version":[{"id":31322,"href":"https:\/\/www.americanonewspaper.com\/es\/wp-json\/wp\/v2\/posts\/31316\/revisions\/31322"}],"wp:featuredmedia":[{"embeddable":true,"href":"https:\/\/www.americanonewspaper.com\/es\/wp-json\/wp\/v2\/media\/31317"}],"wp:attachment":[{"href":"https:\/\/www.americanonewspaper.com\/es\/wp-json\/wp\/v2\/media?parent=31316"}],"wp:term":[{"taxonomy":"category","embeddable":true,"href":"https:\/\/www.americanonewspaper.com\/es\/wp-json\/wp\/v2\/categories?post=31316"},{"taxonomy":"post_tag","embeddable":true,"href":"https:\/\/www.americanonewspaper.com\/es\/wp-json\/wp\/v2\/tags?post=31316"}],"curies":[{"name":"wp","href":"https:\/\/api.w.org\/{rel}","templated":true}]}}