{"id":31264,"date":"2026-03-13T20:38:50","date_gmt":"2026-03-14T00:38:50","guid":{"rendered":"https:\/\/www.americanonewspaper.com\/es\/?p=31264"},"modified":"2026-03-13T20:38:55","modified_gmt":"2026-03-14T00:38:55","slug":"mbappe-se-pone-a-punto-para-la-champions","status":"publish","type":"post","link":"https:\/\/www.americanonewspaper.com\/es\/manchester-city\/mbappe-se-pone-a-punto-para-la-champions\/","title":{"rendered":"Mbapp\u00e9 se pone a punto para la Champions"},"content":{"rendered":"\n<p class=\"dropcapp3\">El delantero franc\u00e9s Kylian Mbapp\u00e9 public\u00f3 un v\u00eddeo en sus redes sociales del entrenamiento que complet\u00f3 el viernes, mostrando su mejor\u00eda del esguince en la rodilla que le oblig\u00f3 a parar, completando trabajo de campo y golpeando el bal\u00f3n con potencia a porter\u00eda, apurando su regreso el pr\u00f3ximo martes para el duelo europeo ante el Manchester City.<\/p>\n\n\n<div class=\"wp-block-image\">\n<figure class=\"aligncenter size-large is-resized\"><a href=\"http:\/\/ggllawyers.com\/es\/new-jersey-personal-injury-and-workers-compensation-lawyer\/\" target=\"_blank\" rel=\" noreferrer noopener\"><img fetchpriority=\"high\" decoding=\"async\" width=\"800\" height=\"386\" src=\"https:\/\/www.americanonewspaper.com\/es\/wp-content\/uploads\/2026\/03\/Screenshot-2026-03-06-at-10.31.27-PM-800x386.png\" alt=\"\" class=\"wp-image-31172\" style=\"width:1068px;height:auto\" srcset=\"https:\/\/www.americanonewspaper.com\/es\/wp-content\/uploads\/2026\/03\/Screenshot-2026-03-06-at-10.31.27-PM-800x386.png 800w, https:\/\/www.americanonewspaper.com\/es\/wp-content\/uploads\/2026\/03\/Screenshot-2026-03-06-at-10.31.27-PM-300x145.png 300w, https:\/\/www.americanonewspaper.com\/es\/wp-content\/uploads\/2026\/03\/Screenshot-2026-03-06-at-10.31.27-PM-768x371.png 768w, https:\/\/www.americanonewspaper.com\/es\/wp-content\/uploads\/2026\/03\/Screenshot-2026-03-06-at-10.31.27-PM-1536x742.png 1536w, https:\/\/www.americanonewspaper.com\/es\/wp-content\/uploads\/2026\/03\/Screenshot-2026-03-06-at-10.31.27-PM-150x72.png 150w, https:\/\/www.americanonewspaper.com\/es\/wp-content\/uploads\/2026\/03\/Screenshot-2026-03-06-at-10.31.27-PM-696x336.png 696w, https:\/\/www.americanonewspaper.com\/es\/wp-content\/uploads\/2026\/03\/Screenshot-2026-03-06-at-10.31.27-PM-1068x516.png 1068w, https:\/\/www.americanonewspaper.com\/es\/wp-content\/uploads\/2026\/03\/Screenshot-2026-03-06-at-10.31.27-PM.png 1598w\" sizes=\"(max-width: 800px) 100vw, 800px\" \/><\/a><\/figure>\n<\/div>\n\n\n<p>El optimismo del t\u00e9cnico \u00c1lvaro Arbeloa en rueda de prensa, cuando se mostr\u00f3 confiado de que el partido en LaLiga ante el Elche del s\u00e1bado sea el \u00faltimo que se pierda Mbapp\u00e9, lo confirm\u00f3 el jugador con una publicaci\u00f3n.<\/p>\n\n\n<div class=\"wp-block-image\">\n<figure class=\"aligncenter size-large is-resized\"><a href=\"https:\/\/www.nissancityspringfield.com\/\" target=\"_blank\" rel=\" noreferrer noopener\"><img decoding=\"async\" width=\"800\" height=\"434\" src=\"https:\/\/www.americanonewspaper.com\/es\/wp-content\/uploads\/2026\/03\/Screenshot-2026-03-06-at-10.32.50-PM-800x434.png\" alt=\"\" class=\"wp-image-31173\" style=\"width:1068px;height:auto\" srcset=\"https:\/\/www.americanonewspaper.com\/es\/wp-content\/uploads\/2026\/03\/Screenshot-2026-03-06-at-10.32.50-PM-800x434.png 800w, https:\/\/www.americanonewspaper.com\/es\/wp-content\/uploads\/2026\/03\/Screenshot-2026-03-06-at-10.32.50-PM-300x163.png 300w, https:\/\/www.americanonewspaper.com\/es\/wp-content\/uploads\/2026\/03\/Screenshot-2026-03-06-at-10.32.50-PM-768x417.png 768w, https:\/\/www.americanonewspaper.com\/es\/wp-content\/uploads\/2026\/03\/Screenshot-2026-03-06-at-10.32.50-PM-1536x833.png 1536w, https:\/\/www.americanonewspaper.com\/es\/wp-content\/uploads\/2026\/03\/Screenshot-2026-03-06-at-10.32.50-PM-150x81.png 150w, https:\/\/www.americanonewspaper.com\/es\/wp-content\/uploads\/2026\/03\/Screenshot-2026-03-06-at-10.32.50-PM-696x378.png 696w, https:\/\/www.americanonewspaper.com\/es\/wp-content\/uploads\/2026\/03\/Screenshot-2026-03-06-at-10.32.50-PM-1068x579.png 1068w, https:\/\/www.americanonewspaper.com\/es\/wp-content\/uploads\/2026\/03\/Screenshot-2026-03-06-at-10.32.50-PM.png 1600w\" sizes=\"(max-width: 800px) 100vw, 800px\" \/><\/a><\/figure>\n<\/div>\n\n\n<p>Trabajando sobre el c\u00e9sped, al margen del grupo en la ma\u00f1ana del viernes, cuando los minutos de puertas abiertas a los medios de comunicaci\u00f3n ya hab\u00edan finalizado, Mbapp\u00e9 mostr\u00f3 como ya realiza series de resistencia con bal\u00f3n y golpeo a porter\u00eda. Public\u00f3 varios remates a gol, con una clara mejor\u00eda en la rodilla izquierda en la que sufre un esguince desde el 7 de diciembre.<\/p>\n\n\n<div class=\"wp-block-image\">\n<figure class=\"aligncenter size-large is-resized\"><a href=\"https:\/\/www.stnj.org\/events\/detail\/santiago-cruz?utm_source=americano&amp;utm_medium=webad&amp;utm_campaign=americano_260225_webad1200x550_santiagocruzspanish\" target=\"_blank\" rel=\" noreferrer noopener\"><img decoding=\"async\" width=\"800\" height=\"371\" src=\"https:\/\/www.americanonewspaper.com\/es\/wp-content\/uploads\/2026\/03\/Screenshot-2026-03-06-at-10.34.29-PM-800x371.png\" alt=\"\" class=\"wp-image-31174\" style=\"width:1068px;height:auto\" srcset=\"https:\/\/www.americanonewspaper.com\/es\/wp-content\/uploads\/2026\/03\/Screenshot-2026-03-06-at-10.34.29-PM-800x371.png 800w, https:\/\/www.americanonewspaper.com\/es\/wp-content\/uploads\/2026\/03\/Screenshot-2026-03-06-at-10.34.29-PM-300x139.png 300w, https:\/\/www.americanonewspaper.com\/es\/wp-content\/uploads\/2026\/03\/Screenshot-2026-03-06-at-10.34.29-PM-768x356.png 768w, https:\/\/www.americanonewspaper.com\/es\/wp-content\/uploads\/2026\/03\/Screenshot-2026-03-06-at-10.34.29-PM-1536x712.png 1536w, https:\/\/www.americanonewspaper.com\/es\/wp-content\/uploads\/2026\/03\/Screenshot-2026-03-06-at-10.34.29-PM-150x69.png 150w, https:\/\/www.americanonewspaper.com\/es\/wp-content\/uploads\/2026\/03\/Screenshot-2026-03-06-at-10.34.29-PM-696x322.png 696w, https:\/\/www.americanonewspaper.com\/es\/wp-content\/uploads\/2026\/03\/Screenshot-2026-03-06-at-10.34.29-PM-1068x495.png 1068w, https:\/\/www.americanonewspaper.com\/es\/wp-content\/uploads\/2026\/03\/Screenshot-2026-03-06-at-10.34.29-PM.png 1606w\" sizes=\"(max-width: 800px) 100vw, 800px\" \/><\/a><\/figure>\n<\/div>\n\n\n<p>&#8220;Mbapp\u00e9 est\u00e1 cada d\u00eda mejor. No va a estar para ma\u00f1ana pero confiamos en que est\u00e9 para viajar a M\u00e1nchester&#8221;, asegur\u00f3 Arbeloa en rueda de prensa antes de ver a su jugador progresar en un nuevo entrenamiento.<\/p>\n\n\n<div class=\"wp-block-image\">\n<figure class=\"aligncenter size-large is-resized\"><a href=\"https:\/\/www.paulmillertoyota.com\/?utm_source=google&amp;utm_medium=organic&amp;utm_campaign=google_my_business\" target=\"_blank\" rel=\" noreferrer noopener\"><img loading=\"lazy\" decoding=\"async\" width=\"800\" height=\"314\" src=\"https:\/\/www.americanonewspaper.com\/es\/wp-content\/uploads\/2026\/03\/Screenshot-2026-03-06-at-10.36.43-PM-800x314.png\" alt=\"\" class=\"wp-image-31175\" style=\"width:1068px;height:auto\" srcset=\"https:\/\/www.americanonewspaper.com\/es\/wp-content\/uploads\/2026\/03\/Screenshot-2026-03-06-at-10.36.43-PM-800x314.png 800w, https:\/\/www.americanonewspaper.com\/es\/wp-content\/uploads\/2026\/03\/Screenshot-2026-03-06-at-10.36.43-PM-300x118.png 300w, https:\/\/www.americanonewspaper.com\/es\/wp-content\/uploads\/2026\/03\/Screenshot-2026-03-06-at-10.36.43-PM-768x301.png 768w, https:\/\/www.americanonewspaper.com\/es\/wp-content\/uploads\/2026\/03\/Screenshot-2026-03-06-at-10.36.43-PM-1536x602.png 1536w, https:\/\/www.americanonewspaper.com\/es\/wp-content\/uploads\/2026\/03\/Screenshot-2026-03-06-at-10.36.43-PM-150x59.png 150w, https:\/\/www.americanonewspaper.com\/es\/wp-content\/uploads\/2026\/03\/Screenshot-2026-03-06-at-10.36.43-PM-696x273.png 696w, https:\/\/www.americanonewspaper.com\/es\/wp-content\/uploads\/2026\/03\/Screenshot-2026-03-06-at-10.36.43-PM-1068x419.png 1068w, https:\/\/www.americanonewspaper.com\/es\/wp-content\/uploads\/2026\/03\/Screenshot-2026-03-06-at-10.36.43-PM.png 1586w\" sizes=\"(max-width: 800px) 100vw, 800px\" \/><\/a><\/figure>\n<\/div>\n\n\n<p>El siguiente paso de Mbapp\u00e9, que tan s\u00f3lo ha podido participar en 9 de los 17 encuentros del Real Madrid en 2026 y el del Elche ser\u00e1 el quinto consecutivo del que se ausente, ser\u00e1 volver a entrenar en solitario el s\u00e1bado y regresar a la din\u00e1mica de grupo en el entrenamiento del domingo en la ciudad deportiva de Valdebebas. Ser\u00e1 el momento en el que se decidir\u00e1 si est\u00e1 en condiciones para entrar en la convocatoria y volar a M\u00e1nchester. <\/p>\n\n\n<div class=\"wp-block-image\">\n<figure class=\"aligncenter size-large is-resized\"><a href=\"https:\/\/lan.nationbuilder.com\/lan_legislative_assembly_2026\" target=\"_blank\" rel=\" noreferrer noopener\"><img loading=\"lazy\" decoding=\"async\" width=\"800\" height=\"367\" src=\"https:\/\/www.americanonewspaper.com\/es\/wp-content\/uploads\/2026\/03\/LAN-Spanish-800x367.jpg\" alt=\"\" class=\"wp-image-31218\" style=\"width:1068px;height:auto\" srcset=\"https:\/\/www.americanonewspaper.com\/es\/wp-content\/uploads\/2026\/03\/LAN-Spanish-800x367.jpg 800w, https:\/\/www.americanonewspaper.com\/es\/wp-content\/uploads\/2026\/03\/LAN-Spanish-300x138.jpg 300w, https:\/\/www.americanonewspaper.com\/es\/wp-content\/uploads\/2026\/03\/LAN-Spanish-768x352.jpg 768w, https:\/\/www.americanonewspaper.com\/es\/wp-content\/uploads\/2026\/03\/LAN-Spanish-150x69.jpg 150w, https:\/\/www.americanonewspaper.com\/es\/wp-content\/uploads\/2026\/03\/LAN-Spanish-696x319.jpg 696w, https:\/\/www.americanonewspaper.com\/es\/wp-content\/uploads\/2026\/03\/LAN-Spanish-1068x490.jpg 1068w, https:\/\/www.americanonewspaper.com\/es\/wp-content\/uploads\/2026\/03\/LAN-Spanish.jpg 1200w\" sizes=\"(max-width: 800px) 100vw, 800px\" \/><\/a><\/figure>\n<\/div>\n\n\n<p><a href=\"https:\/\/tayakan.com\/\" type=\"link\" id=\"https:\/\/tayakan.com\/\" target=\"_blank\" rel=\"noreferrer noopener\">Tayakan.com<\/a> (EFE)<\/p>\n\n\n<div class=\"wp-block-image\">\n<figure class=\"aligncenter size-large is-resized\"><a href=\"https:\/\/ramospodiatry.com\/\" target=\"_blank\" rel=\" noreferrer noopener\"><img loading=\"lazy\" decoding=\"async\" width=\"800\" height=\"371\" src=\"https:\/\/www.americanonewspaper.com\/es\/wp-content\/uploads\/2026\/02\/Screenshot-2026-02-25-at-6.52.03-PM-800x371.png\" alt=\"\" class=\"wp-image-31072\" style=\"width:1068px;height:auto\" srcset=\"https:\/\/www.americanonewspaper.com\/es\/wp-content\/uploads\/2026\/02\/Screenshot-2026-02-25-at-6.52.03-PM-800x371.png 800w, https:\/\/www.americanonewspaper.com\/es\/wp-content\/uploads\/2026\/02\/Screenshot-2026-02-25-at-6.52.03-PM-300x139.png 300w, https:\/\/www.americanonewspaper.com\/es\/wp-content\/uploads\/2026\/02\/Screenshot-2026-02-25-at-6.52.03-PM-768x356.png 768w, https:\/\/www.americanonewspaper.com\/es\/wp-content\/uploads\/2026\/02\/Screenshot-2026-02-25-at-6.52.03-PM-1536x713.png 1536w, https:\/\/www.americanonewspaper.com\/es\/wp-content\/uploads\/2026\/02\/Screenshot-2026-02-25-at-6.52.03-PM-150x70.png 150w, https:\/\/www.americanonewspaper.com\/es\/wp-content\/uploads\/2026\/02\/Screenshot-2026-02-25-at-6.52.03-PM-696x323.png 696w, https:\/\/www.americanonewspaper.com\/es\/wp-content\/uploads\/2026\/02\/Screenshot-2026-02-25-at-6.52.03-PM-1068x495.png 1068w, https:\/\/www.americanonewspaper.com\/es\/wp-content\/uploads\/2026\/02\/Screenshot-2026-02-25-at-6.52.03-PM.png 1608w\" sizes=\"(max-width: 800px) 100vw, 800px\" \/><\/a><\/figure>\n<\/div>","protected":false},"excerpt":{"rendered":"<p>El delantero franc\u00e9s Kylian Mbapp\u00e9 public\u00f3 un v\u00eddeo en sus redes sociales del entrenamiento que complet\u00f3 el viernes, mostrando su mejor\u00eda del esguince en la rodilla que le oblig\u00f3 a parar, completando trabajo de campo y golpeando el bal\u00f3n con potencia a porter\u00eda, apurando su regreso el pr\u00f3ximo martes para el duelo europeo ante el [&hellip;]<\/p>\n","protected":false},"author":7,"featured_media":31265,"comment_status":"open","ping_status":"open","sticky":false,"template":"","format":"standard","meta":{"_acf_changed":false,"tdm_status":"","tdm_grid_status":"","_jetpack_memberships_contains_paid_content":false,"footnotes":"","jetpack_publicize_message":"","jetpack_publicize_feature_enabled":true,"jetpack_social_post_already_shared":true,"jetpack_social_options":{"image_generator_settings":{"template":"highway","default_image_id":0,"font":"","enabled":false},"version":2},"_wpas_customize_per_network":false},"categories":[567,170,703,961,873,787],"tags":[],"class_list":{"0":"post-31264","1":"post","2":"type-post","3":"status-publish","4":"format-standard","5":"has-post-thumbnail","7":"category-espana","8":"category-europe","9":"category-kyliam-mbappe","10":"category-kylian-mbappe-2","11":"category-manchester-city","12":"category-real-madrid"},"acf":[],"yoast_head":"<!-- This site is optimized with the Yoast SEO Premium plugin v27.5 (Yoast SEO v27.5) - https:\/\/yoast.com\/product\/yoast-seo-premium-wordpress\/ -->\n<title>Mbapp\u00e9 se pone a punto para la Champions - Americano Newspaper<\/title>\n<meta name=\"description\" content=\"Objetivo City: Mbapp\u00e9 acelera su recuperaci\u00f3n: El delantero franc\u00e9s Kylian Mbapp\u00e9 public\u00f3 un v\u00eddeo en sus redes sociales del entrenamiento que complet\u00f3 el viernes, mostrando su mejor\u00eda del esguince en la rodilla que le oblig\u00f3 a parar, completando trabajo de campo y golpeando el bal\u00f3n con potencia a porter\u00eda.\" \/>\n<meta name=\"robots\" content=\"index, follow, max-snippet:-1, max-image-preview:large, max-video-preview:-1\" \/>\n<link rel=\"canonical\" href=\"https:\/\/www.americanonewspaper.com\/es\/manchester-city\/mbappe-se-pone-a-punto-para-la-champions\/\" \/>\n<meta property=\"og:locale\" content=\"en_US\" \/>\n<meta property=\"og:type\" content=\"article\" \/>\n<meta property=\"og:title\" content=\"Mbapp\u00e9 se pone a punto para la Champions\" \/>\n<meta property=\"og:description\" content=\"Objetivo City: Mbapp\u00e9 acelera su recuperaci\u00f3n: El delantero franc\u00e9s Kylian Mbapp\u00e9 public\u00f3 un v\u00eddeo en sus redes sociales del entrenamiento que complet\u00f3 el viernes, mostrando su mejor\u00eda del esguince en la rodilla que le oblig\u00f3 a parar, completando trabajo de campo y golpeando el bal\u00f3n con potencia a porter\u00eda.\" \/>\n<meta property=\"og:url\" content=\"https:\/\/www.americanonewspaper.com\/es\/manchester-city\/mbappe-se-pone-a-punto-para-la-champions\/\" \/>\n<meta property=\"og:site_name\" content=\"Americano Newspaper\" \/>\n<meta property=\"article:publisher\" content=\"https:\/\/www.facebook.com\/AmericanoNewspaper\/\" \/>\n<meta property=\"article:published_time\" content=\"2026-03-14T00:38:50+00:00\" \/>\n<meta property=\"article:modified_time\" content=\"2026-03-14T00:38:55+00:00\" \/>\n<meta property=\"og:image\" content=\"https:\/\/www.americanonewspaper.com\/es\/wp-content\/uploads\/2026\/03\/Sitio-web-de-comunicacion-interna-Novato-Negro-y-bigaro-Presentacion-simple-3.jpg\" \/>\n\t<meta property=\"og:image:width\" content=\"1366\" \/>\n\t<meta property=\"og:image:height\" content=\"886\" \/>\n\t<meta property=\"og:image:type\" content=\"image\/jpeg\" \/>\n<meta name=\"author\" content=\"Author\" \/>\n<meta name=\"twitter:card\" content=\"summary_large_image\" \/>\n<meta name=\"twitter:label1\" content=\"Written by\" \/>\n\t<meta name=\"twitter:data1\" content=\"Author\" \/>\n\t<meta name=\"twitter:label2\" content=\"Est. reading time\" \/>\n\t<meta name=\"twitter:data2\" content=\"3 minutes\" \/>\n<script type=\"application\/ld+json\" class=\"yoast-schema-graph\">{\"@context\":\"https:\\\/\\\/schema.org\",\"@graph\":[{\"@type\":\"Article\",\"@id\":\"https:\\\/\\\/www.americanonewspaper.com\\\/es\\\/manchester-city\\\/mbappe-se-pone-a-punto-para-la-champions\\\/#article\",\"isPartOf\":{\"@id\":\"https:\\\/\\\/www.americanonewspaper.com\\\/es\\\/manchester-city\\\/mbappe-se-pone-a-punto-para-la-champions\\\/\"},\"author\":{\"name\":\"Author\",\"@id\":\"https:\\\/\\\/www.americanonewspaper.com\\\/es\\\/#\\\/schema\\\/person\\\/8967f6b8af7e37bcbbe61f68580ff088\"},\"headline\":\"Mbapp\u00e9 se pone a punto para la Champions\",\"datePublished\":\"2026-03-14T00:38:50+00:00\",\"dateModified\":\"2026-03-14T00:38:55+00:00\",\"mainEntityOfPage\":{\"@id\":\"https:\\\/\\\/www.americanonewspaper.com\\\/es\\\/manchester-city\\\/mbappe-se-pone-a-punto-para-la-champions\\\/\"},\"wordCount\":309,\"commentCount\":0,\"publisher\":{\"@id\":\"https:\\\/\\\/www.americanonewspaper.com\\\/es\\\/#organization\"},\"image\":{\"@id\":\"https:\\\/\\\/www.americanonewspaper.com\\\/es\\\/manchester-city\\\/mbappe-se-pone-a-punto-para-la-champions\\\/#primaryimage\"},\"thumbnailUrl\":\"https:\\\/\\\/www.americanonewspaper.com\\\/es\\\/wp-content\\\/uploads\\\/2026\\\/03\\\/Sitio-web-de-comunicacion-interna-Novato-Negro-y-bigaro-Presentacion-simple-3.jpg\",\"articleSection\":[\"Espa\u00f1a\",\"Europe\",\"Kyliam Mbapp\u00e9\",\"Kylian Mbapp\u00e9\",\"Manchester City\",\"Real Madrid\"],\"inLanguage\":\"en-US\",\"potentialAction\":[{\"@type\":\"CommentAction\",\"name\":\"Comment\",\"target\":[\"https:\\\/\\\/www.americanonewspaper.com\\\/es\\\/manchester-city\\\/mbappe-se-pone-a-punto-para-la-champions\\\/#respond\"]}]},{\"@type\":\"WebPage\",\"@id\":\"https:\\\/\\\/www.americanonewspaper.com\\\/es\\\/manchester-city\\\/mbappe-se-pone-a-punto-para-la-champions\\\/\",\"url\":\"https:\\\/\\\/www.americanonewspaper.com\\\/es\\\/manchester-city\\\/mbappe-se-pone-a-punto-para-la-champions\\\/\",\"name\":\"Mbapp\u00e9 se pone a punto para la Champions - Americano Newspaper\",\"isPartOf\":{\"@id\":\"https:\\\/\\\/www.americanonewspaper.com\\\/es\\\/#website\"},\"primaryImageOfPage\":{\"@id\":\"https:\\\/\\\/www.americanonewspaper.com\\\/es\\\/manchester-city\\\/mbappe-se-pone-a-punto-para-la-champions\\\/#primaryimage\"},\"image\":{\"@id\":\"https:\\\/\\\/www.americanonewspaper.com\\\/es\\\/manchester-city\\\/mbappe-se-pone-a-punto-para-la-champions\\\/#primaryimage\"},\"thumbnailUrl\":\"https:\\\/\\\/www.americanonewspaper.com\\\/es\\\/wp-content\\\/uploads\\\/2026\\\/03\\\/Sitio-web-de-comunicacion-interna-Novato-Negro-y-bigaro-Presentacion-simple-3.jpg\",\"datePublished\":\"2026-03-14T00:38:50+00:00\",\"dateModified\":\"2026-03-14T00:38:55+00:00\",\"description\":\"Objetivo City: Mbapp\u00e9 acelera su recuperaci\u00f3n: El delantero franc\u00e9s Kylian Mbapp\u00e9 public\u00f3 un v\u00eddeo en sus redes sociales del entrenamiento que complet\u00f3 el viernes, mostrando su mejor\u00eda del esguince en la rodilla que le oblig\u00f3 a parar, completando trabajo de campo y golpeando el bal\u00f3n con potencia a porter\u00eda.\",\"breadcrumb\":{\"@id\":\"https:\\\/\\\/www.americanonewspaper.com\\\/es\\\/manchester-city\\\/mbappe-se-pone-a-punto-para-la-champions\\\/#breadcrumb\"},\"inLanguage\":\"en-US\",\"potentialAction\":[{\"@type\":\"ReadAction\",\"target\":[\"https:\\\/\\\/www.americanonewspaper.com\\\/es\\\/manchester-city\\\/mbappe-se-pone-a-punto-para-la-champions\\\/\"]}]},{\"@type\":\"ImageObject\",\"inLanguage\":\"en-US\",\"@id\":\"https:\\\/\\\/www.americanonewspaper.com\\\/es\\\/manchester-city\\\/mbappe-se-pone-a-punto-para-la-champions\\\/#primaryimage\",\"url\":\"https:\\\/\\\/www.americanonewspaper.com\\\/es\\\/wp-content\\\/uploads\\\/2026\\\/03\\\/Sitio-web-de-comunicacion-interna-Novato-Negro-y-bigaro-Presentacion-simple-3.jpg\",\"contentUrl\":\"https:\\\/\\\/www.americanonewspaper.com\\\/es\\\/wp-content\\\/uploads\\\/2026\\\/03\\\/Sitio-web-de-comunicacion-interna-Novato-Negro-y-bigaro-Presentacion-simple-3.jpg\",\"width\":1366,\"height\":886,\"caption\":\"Kylian afina la punter\u00eda para el City.\"},{\"@type\":\"BreadcrumbList\",\"@id\":\"https:\\\/\\\/www.americanonewspaper.com\\\/es\\\/manchester-city\\\/mbappe-se-pone-a-punto-para-la-champions\\\/#breadcrumb\",\"itemListElement\":[{\"@type\":\"ListItem\",\"position\":1,\"name\":\"Home\",\"item\":\"https:\\\/\\\/www.americanonewspaper.com\\\/es\\\/\"},{\"@type\":\"ListItem\",\"position\":2,\"name\":\"Mbapp\u00e9 se pone a punto para la Champions\"}]},{\"@type\":\"WebSite\",\"@id\":\"https:\\\/\\\/www.americanonewspaper.com\\\/es\\\/#website\",\"url\":\"https:\\\/\\\/www.americanonewspaper.com\\\/es\\\/\",\"name\":\"Americano Newspaper\",\"description\":\"The Hispanic Newspaper of New Jersey.\",\"publisher\":{\"@id\":\"https:\\\/\\\/www.americanonewspaper.com\\\/es\\\/#organization\"},\"potentialAction\":[{\"@type\":\"SearchAction\",\"target\":{\"@type\":\"EntryPoint\",\"urlTemplate\":\"https:\\\/\\\/www.americanonewspaper.com\\\/es\\\/?s={search_term_string}\"},\"query-input\":{\"@type\":\"PropertyValueSpecification\",\"valueRequired\":true,\"valueName\":\"search_term_string\"}}],\"inLanguage\":\"en-US\"},{\"@type\":\"Organization\",\"@id\":\"https:\\\/\\\/www.americanonewspaper.com\\\/es\\\/#organization\",\"name\":\"Americano Newspaper\",\"url\":\"https:\\\/\\\/www.americanonewspaper.com\\\/es\\\/\",\"logo\":{\"@type\":\"ImageObject\",\"inLanguage\":\"en-US\",\"@id\":\"https:\\\/\\\/www.americanonewspaper.com\\\/es\\\/#\\\/schema\\\/logo\\\/image\\\/\",\"url\":\"https:\\\/\\\/www.americanonewspaper.com\\\/es\\\/wp-content\\\/uploads\\\/2024\\\/05\\\/AmericanoLogoCircle.comCircle2.jpg\",\"contentUrl\":\"https:\\\/\\\/www.americanonewspaper.com\\\/es\\\/wp-content\\\/uploads\\\/2024\\\/05\\\/AmericanoLogoCircle.comCircle2.jpg\",\"width\":600,\"height\":600,\"caption\":\"Americano Newspaper\"},\"image\":{\"@id\":\"https:\\\/\\\/www.americanonewspaper.com\\\/es\\\/#\\\/schema\\\/logo\\\/image\\\/\"},\"sameAs\":[\"https:\\\/\\\/www.facebook.com\\\/AmericanoNewspaper\\\/\"]},{\"@type\":\"Person\",\"@id\":\"https:\\\/\\\/www.americanonewspaper.com\\\/es\\\/#\\\/schema\\\/person\\\/8967f6b8af7e37bcbbe61f68580ff088\",\"name\":\"Author\",\"image\":{\"@type\":\"ImageObject\",\"inLanguage\":\"en-US\",\"@id\":\"https:\\\/\\\/www.americanonewspaper.com\\\/es\\\/wp-content\\\/litespeed\\\/avatar\\\/89ffaf6af3cf6769ffb3c6efb2313947.jpg?ver=1777427547\",\"url\":\"https:\\\/\\\/www.americanonewspaper.com\\\/es\\\/wp-content\\\/litespeed\\\/avatar\\\/89ffaf6af3cf6769ffb3c6efb2313947.jpg?ver=1777427547\",\"contentUrl\":\"https:\\\/\\\/www.americanonewspaper.com\\\/es\\\/wp-content\\\/litespeed\\\/avatar\\\/89ffaf6af3cf6769ffb3c6efb2313947.jpg?ver=1777427547\",\"caption\":\"Author\"},\"url\":\"https:\\\/\\\/www.americanonewspaper.com\\\/es\\\/author\\\/americano\\\/\"}]}<\/script>\n<!-- \/ Yoast SEO Premium plugin. -->","yoast_head_json":{"title":"Mbapp\u00e9 se pone a punto para la Champions - Americano Newspaper","description":"Objetivo City: Mbapp\u00e9 acelera su recuperaci\u00f3n: El delantero franc\u00e9s Kylian Mbapp\u00e9 public\u00f3 un v\u00eddeo en sus redes sociales del entrenamiento que complet\u00f3 el viernes, mostrando su mejor\u00eda del esguince en la rodilla que le oblig\u00f3 a parar, completando trabajo de campo y golpeando el bal\u00f3n con potencia a porter\u00eda.","robots":{"index":"index","follow":"follow","max-snippet":"max-snippet:-1","max-image-preview":"max-image-preview:large","max-video-preview":"max-video-preview:-1"},"canonical":"https:\/\/www.americanonewspaper.com\/es\/manchester-city\/mbappe-se-pone-a-punto-para-la-champions\/","og_locale":"en_US","og_type":"article","og_title":"Mbapp\u00e9 se pone a punto para la Champions","og_description":"Objetivo City: Mbapp\u00e9 acelera su recuperaci\u00f3n: El delantero franc\u00e9s Kylian Mbapp\u00e9 public\u00f3 un v\u00eddeo en sus redes sociales del entrenamiento que complet\u00f3 el viernes, mostrando su mejor\u00eda del esguince en la rodilla que le oblig\u00f3 a parar, completando trabajo de campo y golpeando el bal\u00f3n con potencia a porter\u00eda.","og_url":"https:\/\/www.americanonewspaper.com\/es\/manchester-city\/mbappe-se-pone-a-punto-para-la-champions\/","og_site_name":"Americano Newspaper","article_publisher":"https:\/\/www.facebook.com\/AmericanoNewspaper\/","article_published_time":"2026-03-14T00:38:50+00:00","article_modified_time":"2026-03-14T00:38:55+00:00","og_image":[{"width":1366,"height":886,"url":"https:\/\/www.americanonewspaper.com\/es\/wp-content\/uploads\/2026\/03\/Sitio-web-de-comunicacion-interna-Novato-Negro-y-bigaro-Presentacion-simple-3.jpg","type":"image\/jpeg"}],"author":"Author","twitter_card":"summary_large_image","twitter_misc":{"Written by":"Author","Est. reading time":"3 minutes"},"schema":{"@context":"https:\/\/schema.org","@graph":[{"@type":"Article","@id":"https:\/\/www.americanonewspaper.com\/es\/manchester-city\/mbappe-se-pone-a-punto-para-la-champions\/#article","isPartOf":{"@id":"https:\/\/www.americanonewspaper.com\/es\/manchester-city\/mbappe-se-pone-a-punto-para-la-champions\/"},"author":{"name":"Author","@id":"https:\/\/www.americanonewspaper.com\/es\/#\/schema\/person\/8967f6b8af7e37bcbbe61f68580ff088"},"headline":"Mbapp\u00e9 se pone a punto para la Champions","datePublished":"2026-03-14T00:38:50+00:00","dateModified":"2026-03-14T00:38:55+00:00","mainEntityOfPage":{"@id":"https:\/\/www.americanonewspaper.com\/es\/manchester-city\/mbappe-se-pone-a-punto-para-la-champions\/"},"wordCount":309,"commentCount":0,"publisher":{"@id":"https:\/\/www.americanonewspaper.com\/es\/#organization"},"image":{"@id":"https:\/\/www.americanonewspaper.com\/es\/manchester-city\/mbappe-se-pone-a-punto-para-la-champions\/#primaryimage"},"thumbnailUrl":"https:\/\/www.americanonewspaper.com\/es\/wp-content\/uploads\/2026\/03\/Sitio-web-de-comunicacion-interna-Novato-Negro-y-bigaro-Presentacion-simple-3.jpg","articleSection":["Espa\u00f1a","Europe","Kyliam Mbapp\u00e9","Kylian Mbapp\u00e9","Manchester City","Real Madrid"],"inLanguage":"en-US","potentialAction":[{"@type":"CommentAction","name":"Comment","target":["https:\/\/www.americanonewspaper.com\/es\/manchester-city\/mbappe-se-pone-a-punto-para-la-champions\/#respond"]}]},{"@type":"WebPage","@id":"https:\/\/www.americanonewspaper.com\/es\/manchester-city\/mbappe-se-pone-a-punto-para-la-champions\/","url":"https:\/\/www.americanonewspaper.com\/es\/manchester-city\/mbappe-se-pone-a-punto-para-la-champions\/","name":"Mbapp\u00e9 se pone a punto para la Champions - Americano Newspaper","isPartOf":{"@id":"https:\/\/www.americanonewspaper.com\/es\/#website"},"primaryImageOfPage":{"@id":"https:\/\/www.americanonewspaper.com\/es\/manchester-city\/mbappe-se-pone-a-punto-para-la-champions\/#primaryimage"},"image":{"@id":"https:\/\/www.americanonewspaper.com\/es\/manchester-city\/mbappe-se-pone-a-punto-para-la-champions\/#primaryimage"},"thumbnailUrl":"https:\/\/www.americanonewspaper.com\/es\/wp-content\/uploads\/2026\/03\/Sitio-web-de-comunicacion-interna-Novato-Negro-y-bigaro-Presentacion-simple-3.jpg","datePublished":"2026-03-14T00:38:50+00:00","dateModified":"2026-03-14T00:38:55+00:00","description":"Objetivo City: Mbapp\u00e9 acelera su recuperaci\u00f3n: El delantero franc\u00e9s Kylian Mbapp\u00e9 public\u00f3 un v\u00eddeo en sus redes sociales del entrenamiento que complet\u00f3 el viernes, mostrando su mejor\u00eda del esguince en la rodilla que le oblig\u00f3 a parar, completando trabajo de campo y golpeando el bal\u00f3n con potencia a porter\u00eda.","breadcrumb":{"@id":"https:\/\/www.americanonewspaper.com\/es\/manchester-city\/mbappe-se-pone-a-punto-para-la-champions\/#breadcrumb"},"inLanguage":"en-US","potentialAction":[{"@type":"ReadAction","target":["https:\/\/www.americanonewspaper.com\/es\/manchester-city\/mbappe-se-pone-a-punto-para-la-champions\/"]}]},{"@type":"ImageObject","inLanguage":"en-US","@id":"https:\/\/www.americanonewspaper.com\/es\/manchester-city\/mbappe-se-pone-a-punto-para-la-champions\/#primaryimage","url":"https:\/\/www.americanonewspaper.com\/es\/wp-content\/uploads\/2026\/03\/Sitio-web-de-comunicacion-interna-Novato-Negro-y-bigaro-Presentacion-simple-3.jpg","contentUrl":"https:\/\/www.americanonewspaper.com\/es\/wp-content\/uploads\/2026\/03\/Sitio-web-de-comunicacion-interna-Novato-Negro-y-bigaro-Presentacion-simple-3.jpg","width":1366,"height":886,"caption":"Kylian afina la punter\u00eda para el City."},{"@type":"BreadcrumbList","@id":"https:\/\/www.americanonewspaper.com\/es\/manchester-city\/mbappe-se-pone-a-punto-para-la-champions\/#breadcrumb","itemListElement":[{"@type":"ListItem","position":1,"name":"Home","item":"https:\/\/www.americanonewspaper.com\/es\/"},{"@type":"ListItem","position":2,"name":"Mbapp\u00e9 se pone a punto para la Champions"}]},{"@type":"WebSite","@id":"https:\/\/www.americanonewspaper.com\/es\/#website","url":"https:\/\/www.americanonewspaper.com\/es\/","name":"Americano Newspaper","description":"The Hispanic Newspaper of New Jersey.","publisher":{"@id":"https:\/\/www.americanonewspaper.com\/es\/#organization"},"potentialAction":[{"@type":"SearchAction","target":{"@type":"EntryPoint","urlTemplate":"https:\/\/www.americanonewspaper.com\/es\/?s={search_term_string}"},"query-input":{"@type":"PropertyValueSpecification","valueRequired":true,"valueName":"search_term_string"}}],"inLanguage":"en-US"},{"@type":"Organization","@id":"https:\/\/www.americanonewspaper.com\/es\/#organization","name":"Americano Newspaper","url":"https:\/\/www.americanonewspaper.com\/es\/","logo":{"@type":"ImageObject","inLanguage":"en-US","@id":"https:\/\/www.americanonewspaper.com\/es\/#\/schema\/logo\/image\/","url":"https:\/\/www.americanonewspaper.com\/es\/wp-content\/uploads\/2024\/05\/AmericanoLogoCircle.comCircle2.jpg","contentUrl":"https:\/\/www.americanonewspaper.com\/es\/wp-content\/uploads\/2024\/05\/AmericanoLogoCircle.comCircle2.jpg","width":600,"height":600,"caption":"Americano Newspaper"},"image":{"@id":"https:\/\/www.americanonewspaper.com\/es\/#\/schema\/logo\/image\/"},"sameAs":["https:\/\/www.facebook.com\/AmericanoNewspaper\/"]},{"@type":"Person","@id":"https:\/\/www.americanonewspaper.com\/es\/#\/schema\/person\/8967f6b8af7e37bcbbe61f68580ff088","name":"Author","image":{"@type":"ImageObject","inLanguage":"en-US","@id":"https:\/\/www.americanonewspaper.com\/es\/wp-content\/litespeed\/avatar\/89ffaf6af3cf6769ffb3c6efb2313947.jpg?ver=1777427547","url":"https:\/\/www.americanonewspaper.com\/es\/wp-content\/litespeed\/avatar\/89ffaf6af3cf6769ffb3c6efb2313947.jpg?ver=1777427547","contentUrl":"https:\/\/www.americanonewspaper.com\/es\/wp-content\/litespeed\/avatar\/89ffaf6af3cf6769ffb3c6efb2313947.jpg?ver=1777427547","caption":"Author"},"url":"https:\/\/www.americanonewspaper.com\/es\/author\/americano\/"}]}},"jetpack_publicize_connections":[],"jetpack_featured_media_url":"https:\/\/www.americanonewspaper.com\/es\/wp-content\/uploads\/2026\/03\/Sitio-web-de-comunicacion-interna-Novato-Negro-y-bigaro-Presentacion-simple-3.jpg","featured_image_urls":{"full":["https:\/\/www.americanonewspaper.com\/es\/wp-content\/uploads\/2026\/03\/Sitio-web-de-comunicacion-interna-Novato-Negro-y-bigaro-Presentacion-simple-3.jpg",1366,886,false],"thumbnail":["https:\/\/www.americanonewspaper.com\/es\/wp-content\/uploads\/2026\/03\/Sitio-web-de-comunicacion-interna-Novato-Negro-y-bigaro-Presentacion-simple-3-250x250.jpg",250,250,true],"medium":["https:\/\/www.americanonewspaper.com\/es\/wp-content\/uploads\/2026\/03\/Sitio-web-de-comunicacion-interna-Novato-Negro-y-bigaro-Presentacion-simple-3-300x195.jpg",300,195,true],"medium_large":["https:\/\/www.americanonewspaper.com\/es\/wp-content\/uploads\/2026\/03\/Sitio-web-de-comunicacion-interna-Novato-Negro-y-bigaro-Presentacion-simple-3-768x498.jpg",696,451,true],"large":["https:\/\/www.americanonewspaper.com\/es\/wp-content\/uploads\/2026\/03\/Sitio-web-de-comunicacion-interna-Novato-Negro-y-bigaro-Presentacion-simple-3-771x500.jpg",696,451,true],"1536x1536":["https:\/\/www.americanonewspaper.com\/es\/wp-content\/uploads\/2026\/03\/Sitio-web-de-comunicacion-interna-Novato-Negro-y-bigaro-Presentacion-simple-3.jpg",1366,886,false],"2048x2048":["https:\/\/www.americanonewspaper.com\/es\/wp-content\/uploads\/2026\/03\/Sitio-web-de-comunicacion-interna-Novato-Negro-y-bigaro-Presentacion-simple-3.jpg",1366,886,false],"td_150x0":["https:\/\/www.americanonewspaper.com\/es\/wp-content\/uploads\/2026\/03\/Sitio-web-de-comunicacion-interna-Novato-Negro-y-bigaro-Presentacion-simple-3-150x97.jpg",150,97,true],"td_218x150":["https:\/\/www.americanonewspaper.com\/es\/wp-content\/uploads\/2026\/03\/Sitio-web-de-comunicacion-interna-Novato-Negro-y-bigaro-Presentacion-simple-3-218x150.jpg",218,150,true],"td_300x0":["https:\/\/www.americanonewspaper.com\/es\/wp-content\/uploads\/2026\/03\/Sitio-web-de-comunicacion-interna-Novato-Negro-y-bigaro-Presentacion-simple-3-300x195.jpg",300,195,true],"td_324x400":["https:\/\/www.americanonewspaper.com\/es\/wp-content\/uploads\/2026\/03\/Sitio-web-de-comunicacion-interna-Novato-Negro-y-bigaro-Presentacion-simple-3-324x400.jpg",324,400,true],"td_485x360":["https:\/\/www.americanonewspaper.com\/es\/wp-content\/uploads\/2026\/03\/Sitio-web-de-comunicacion-interna-Novato-Negro-y-bigaro-Presentacion-simple-3-485x360.jpg",485,360,true],"td_696x0":["https:\/\/www.americanonewspaper.com\/es\/wp-content\/uploads\/2026\/03\/Sitio-web-de-comunicacion-interna-Novato-Negro-y-bigaro-Presentacion-simple-3-696x451.jpg",696,451,true],"td_1068x0":["https:\/\/www.americanonewspaper.com\/es\/wp-content\/uploads\/2026\/03\/Sitio-web-de-comunicacion-interna-Novato-Negro-y-bigaro-Presentacion-simple-3-1068x693.jpg",1068,693,true],"td_1920x0":["https:\/\/www.americanonewspaper.com\/es\/wp-content\/uploads\/2026\/03\/Sitio-web-de-comunicacion-interna-Novato-Negro-y-bigaro-Presentacion-simple-3.jpg",1366,886,false],"bdpp-medium":["https:\/\/www.americanonewspaper.com\/es\/wp-content\/uploads\/2026\/03\/Sitio-web-de-comunicacion-interna-Novato-Negro-y-bigaro-Presentacion-simple-3-640x480.jpg",640,480,true]},"author_info":{"display_name":"Author","author_link":"https:\/\/www.americanonewspaper.com\/es\/author\/americano\/"},"category_info":"<a href=\"https:\/\/www.americanonewspaper.com\/es\/category\/europe\/espana\/\" rel=\"category tag\">Espa\u00f1a<\/a> <a href=\"https:\/\/www.americanonewspaper.com\/es\/category\/europe\/\" rel=\"category tag\">Europe<\/a> <a href=\"https:\/\/www.americanonewspaper.com\/es\/category\/kyliam-mbappe\/\" rel=\"category tag\">Kyliam Mbapp\u00e9<\/a> <a href=\"https:\/\/www.americanonewspaper.com\/es\/category\/kylian-mbappe-2\/\" rel=\"category tag\">Kylian Mbapp\u00e9<\/a> <a href=\"https:\/\/www.americanonewspaper.com\/es\/category\/manchester-city\/\" rel=\"category tag\">Manchester City<\/a> <a href=\"https:\/\/www.americanonewspaper.com\/es\/category\/real-madrid\/\" rel=\"category tag\">Real Madrid<\/a>","tag_info":"Real Madrid","comment_count":"0","jetpack_sharing_enabled":true,"jetpack_likes_enabled":true,"_links":{"self":[{"href":"https:\/\/www.americanonewspaper.com\/es\/wp-json\/wp\/v2\/posts\/31264","targetHints":{"allow":["GET"]}}],"collection":[{"href":"https:\/\/www.americanonewspaper.com\/es\/wp-json\/wp\/v2\/posts"}],"about":[{"href":"https:\/\/www.americanonewspaper.com\/es\/wp-json\/wp\/v2\/types\/post"}],"author":[{"embeddable":true,"href":"https:\/\/www.americanonewspaper.com\/es\/wp-json\/wp\/v2\/users\/7"}],"replies":[{"embeddable":true,"href":"https:\/\/www.americanonewspaper.com\/es\/wp-json\/wp\/v2\/comments?post=31264"}],"version-history":[{"count":1,"href":"https:\/\/www.americanonewspaper.com\/es\/wp-json\/wp\/v2\/posts\/31264\/revisions"}],"predecessor-version":[{"id":31266,"href":"https:\/\/www.americanonewspaper.com\/es\/wp-json\/wp\/v2\/posts\/31264\/revisions\/31266"}],"wp:featuredmedia":[{"embeddable":true,"href":"https:\/\/www.americanonewspaper.com\/es\/wp-json\/wp\/v2\/media\/31265"}],"wp:attachment":[{"href":"https:\/\/www.americanonewspaper.com\/es\/wp-json\/wp\/v2\/media?parent=31264"}],"wp:term":[{"taxonomy":"category","embeddable":true,"href":"https:\/\/www.americanonewspaper.com\/es\/wp-json\/wp\/v2\/categories?post=31264"},{"taxonomy":"post_tag","embeddable":true,"href":"https:\/\/www.americanonewspaper.com\/es\/wp-json\/wp\/v2\/tags?post=31264"}],"curies":[{"name":"wp","href":"https:\/\/api.w.org\/{rel}","templated":true}]}}