{"id":31259,"date":"2026-03-13T08:10:00","date_gmt":"2026-03-13T12:10:00","guid":{"rendered":"https:\/\/www.americanonewspaper.com\/es\/?p=31259"},"modified":"2026-03-13T08:10:05","modified_gmt":"2026-03-13T12:10:05","slug":"duplantis-el-rey-del-salto","status":"publish","type":"post","link":"https:\/\/www.americanonewspaper.com\/es\/athletic-club\/duplantis-el-rey-del-salto\/","title":{"rendered":"Duplantis El Rey del Salto"},"content":{"rendered":"\n<p>Redacci\u00f3n deportes, 12 mar (EFE).- Javier Villanueva.<\/p>\n\n\n\n<p class=\"dropcapp3\">El sueco Armand Duplantis ratific\u00f3 su condici\u00f3n como el mejor pertiguista de todos los tiempos, tras batir este jueves su propio r\u00e9cord del mundo imponerse en la Mondo Classic, la reuni\u00f3n que se celebra en su honor en la ciudad sueca de Uppsala, con una altura de 6,31 metros.<\/p>\n\n\n\n<figure class=\"wp-block-image size-large\"><a href=\"https:\/\/ggllawyers.com\/es\/new-jersey-personal-injury-and-workers-compensation-lawyer\/\" target=\"_blank\" rel=\" noreferrer noopener\"><img fetchpriority=\"high\" decoding=\"async\" width=\"800\" height=\"386\" src=\"https:\/\/www.americanonewspaper.com\/es\/wp-content\/uploads\/2026\/03\/Screenshot-2026-03-06-at-10.31.27-PM-800x386.png\" alt=\"\" class=\"wp-image-31172\" srcset=\"https:\/\/www.americanonewspaper.com\/es\/wp-content\/uploads\/2026\/03\/Screenshot-2026-03-06-at-10.31.27-PM-800x386.png 800w, https:\/\/www.americanonewspaper.com\/es\/wp-content\/uploads\/2026\/03\/Screenshot-2026-03-06-at-10.31.27-PM-300x145.png 300w, https:\/\/www.americanonewspaper.com\/es\/wp-content\/uploads\/2026\/03\/Screenshot-2026-03-06-at-10.31.27-PM-768x371.png 768w, https:\/\/www.americanonewspaper.com\/es\/wp-content\/uploads\/2026\/03\/Screenshot-2026-03-06-at-10.31.27-PM-1536x742.png 1536w, https:\/\/www.americanonewspaper.com\/es\/wp-content\/uploads\/2026\/03\/Screenshot-2026-03-06-at-10.31.27-PM-150x72.png 150w, https:\/\/www.americanonewspaper.com\/es\/wp-content\/uploads\/2026\/03\/Screenshot-2026-03-06-at-10.31.27-PM-696x336.png 696w, https:\/\/www.americanonewspaper.com\/es\/wp-content\/uploads\/2026\/03\/Screenshot-2026-03-06-at-10.31.27-PM-1068x516.png 1068w, https:\/\/www.americanonewspaper.com\/es\/wp-content\/uploads\/2026\/03\/Screenshot-2026-03-06-at-10.31.27-PM.png 1598w\" sizes=\"(max-width: 800px) 100vw, 800px\" \/><\/a><\/figure>\n\n\n\n<p>Un impresionante salto que permiti\u00f3 a Duplantis, vigente campe\u00f3n ol\u00edmpico, mundial y europeo, mejorar en un cent\u00edmetro la anterior plusmarca universal que el mismo pose\u00eda con un registro de 6,30 metros desde los Mundiales disputados el pasado mes de septiembre en Tokio.<\/p>\n\n\n\n<p>Todo un golpe de autoridad que dej\u00f3 claro quien es el indiscutible &#8216;rey&#8217; de la especialidad, en una temporada en la que el saltador escandinavo, de 26 a\u00f1os, se hab\u00eda mostrado m\u00e1s gris de lo habitual.<\/p>\n\n\n\n<figure class=\"wp-block-image size-large\"><a href=\"https:\/\/www.nissancityspringfield.com\/\" target=\"_blank\" rel=\" noreferrer noopener\"><img decoding=\"async\" width=\"800\" height=\"434\" src=\"https:\/\/www.americanonewspaper.com\/es\/wp-content\/uploads\/2026\/03\/Screenshot-2026-03-06-at-10.32.50-PM-800x434.png\" alt=\"\" class=\"wp-image-31173\" srcset=\"https:\/\/www.americanonewspaper.com\/es\/wp-content\/uploads\/2026\/03\/Screenshot-2026-03-06-at-10.32.50-PM-800x434.png 800w, https:\/\/www.americanonewspaper.com\/es\/wp-content\/uploads\/2026\/03\/Screenshot-2026-03-06-at-10.32.50-PM-300x163.png 300w, https:\/\/www.americanonewspaper.com\/es\/wp-content\/uploads\/2026\/03\/Screenshot-2026-03-06-at-10.32.50-PM-768x417.png 768w, https:\/\/www.americanonewspaper.com\/es\/wp-content\/uploads\/2026\/03\/Screenshot-2026-03-06-at-10.32.50-PM-1536x833.png 1536w, https:\/\/www.americanonewspaper.com\/es\/wp-content\/uploads\/2026\/03\/Screenshot-2026-03-06-at-10.32.50-PM-150x81.png 150w, https:\/\/www.americanonewspaper.com\/es\/wp-content\/uploads\/2026\/03\/Screenshot-2026-03-06-at-10.32.50-PM-696x378.png 696w, https:\/\/www.americanonewspaper.com\/es\/wp-content\/uploads\/2026\/03\/Screenshot-2026-03-06-at-10.32.50-PM-1068x579.png 1068w, https:\/\/www.americanonewspaper.com\/es\/wp-content\/uploads\/2026\/03\/Screenshot-2026-03-06-at-10.32.50-PM.png 1600w\" sizes=\"(max-width: 800px) 100vw, 800px\" \/><\/a><\/figure>\n\n\n\n<p>Tal y como reflejaban los tan &#8220;s\u00f3lo&#8221; 6,06 metros que Armand Duplantis hab\u00eda saltado en su \u00fanica competici\u00f3n en el a\u00f1o 2026, el All Star de P\u00e9rtiga disputado el pasado 22 de febrero en la localidad francesa de Clermont-Ferrand.<\/p>\n\n\n\n<p>Una circunstancia que no hab\u00eda desaprovechado el griego Emmanouil Karalis para acaparar todos los focos al firmar el segundo mejor salto de todos los tiempo, al supera el pasado 28 de febrero los 6,17 metros en los Campeonatos de Grecia.<\/p>\n\n\n\n<figure class=\"wp-block-image size-large\"><a href=\"https:\/\/www.stnj.org\/events\/detail\/santiago-cruz?utm_source=americano&amp;utm_medium=webad&amp;utm_campaign=americano_260225_webad1200x550_santiagocruzspanish\" target=\"_blank\" rel=\" noreferrer noopener\"><img decoding=\"async\" width=\"800\" height=\"371\" src=\"https:\/\/www.americanonewspaper.com\/es\/wp-content\/uploads\/2026\/03\/Screenshot-2026-03-06-at-10.34.29-PM-800x371.png\" alt=\"\" class=\"wp-image-31174\" srcset=\"https:\/\/www.americanonewspaper.com\/es\/wp-content\/uploads\/2026\/03\/Screenshot-2026-03-06-at-10.34.29-PM-800x371.png 800w, https:\/\/www.americanonewspaper.com\/es\/wp-content\/uploads\/2026\/03\/Screenshot-2026-03-06-at-10.34.29-PM-300x139.png 300w, https:\/\/www.americanonewspaper.com\/es\/wp-content\/uploads\/2026\/03\/Screenshot-2026-03-06-at-10.34.29-PM-768x356.png 768w, https:\/\/www.americanonewspaper.com\/es\/wp-content\/uploads\/2026\/03\/Screenshot-2026-03-06-at-10.34.29-PM-1536x712.png 1536w, https:\/\/www.americanonewspaper.com\/es\/wp-content\/uploads\/2026\/03\/Screenshot-2026-03-06-at-10.34.29-PM-150x69.png 150w, https:\/\/www.americanonewspaper.com\/es\/wp-content\/uploads\/2026\/03\/Screenshot-2026-03-06-at-10.34.29-PM-696x322.png 696w, https:\/\/www.americanonewspaper.com\/es\/wp-content\/uploads\/2026\/03\/Screenshot-2026-03-06-at-10.34.29-PM-1068x495.png 1068w, https:\/\/www.americanonewspaper.com\/es\/wp-content\/uploads\/2026\/03\/Screenshot-2026-03-06-at-10.34.29-PM.png 1606w\" sizes=\"(max-width: 800px) 100vw, 800px\" \/><\/a><\/figure>\n\n\n\n<p>Estado de gracia que Karalis, vigente subcampe\u00f3n del mundo, tras Duplantis, tanto al aire libre como en pista cubierta, prolong\u00f3 el pasado s\u00e1bado en Rouen (Francia), donde &#8216;Manolo&#8217; tras imponerse con una marca 6,06 metros, trat\u00f3 de superar, sin \u00e9xito, los 6,20.<\/p>\n\n\n\n<h2 class=\"wp-block-heading\" id=\"h-karalis-se-derrite-en-el-cara-a-cara\"><strong>Karalis se derrite en el cara a cara<\/strong><\/h2>\n\n\n\n<p>Actuaciones que parec\u00edan convertir al saltador heleno en un rival temible para Duplantis en su reuni\u00f3n m\u00e1s querida, la Mondo Classic de Uppsala, donde el escandinavo compite ante su p\u00fablico.<\/p>\n\n\n\n<figure class=\"wp-block-image size-large\"><a href=\"https:\/\/www.paulmillertoyota.com\/?utm_source=google&amp;utm_medium=organic&amp;utm_campaign=google_my_business\" target=\"_blank\" rel=\" noreferrer noopener\"><img loading=\"lazy\" decoding=\"async\" width=\"800\" height=\"314\" src=\"https:\/\/www.americanonewspaper.com\/es\/wp-content\/uploads\/2026\/03\/Screenshot-2026-03-06-at-10.36.43-PM-800x314.png\" alt=\"\" class=\"wp-image-31175\" srcset=\"https:\/\/www.americanonewspaper.com\/es\/wp-content\/uploads\/2026\/03\/Screenshot-2026-03-06-at-10.36.43-PM-800x314.png 800w, https:\/\/www.americanonewspaper.com\/es\/wp-content\/uploads\/2026\/03\/Screenshot-2026-03-06-at-10.36.43-PM-300x118.png 300w, https:\/\/www.americanonewspaper.com\/es\/wp-content\/uploads\/2026\/03\/Screenshot-2026-03-06-at-10.36.43-PM-768x301.png 768w, https:\/\/www.americanonewspaper.com\/es\/wp-content\/uploads\/2026\/03\/Screenshot-2026-03-06-at-10.36.43-PM-1536x602.png 1536w, https:\/\/www.americanonewspaper.com\/es\/wp-content\/uploads\/2026\/03\/Screenshot-2026-03-06-at-10.36.43-PM-150x59.png 150w, https:\/\/www.americanonewspaper.com\/es\/wp-content\/uploads\/2026\/03\/Screenshot-2026-03-06-at-10.36.43-PM-696x273.png 696w, https:\/\/www.americanonewspaper.com\/es\/wp-content\/uploads\/2026\/03\/Screenshot-2026-03-06-at-10.36.43-PM-1068x419.png 1068w, https:\/\/www.americanonewspaper.com\/es\/wp-content\/uploads\/2026\/03\/Screenshot-2026-03-06-at-10.36.43-PM.png 1586w\" sizes=\"(max-width: 800px) 100vw, 800px\" \/><\/a><\/figure>\n\n\n\n<p>Un duelo que tanto Duplantis como Karalis parecieron reunir en la primeras alturas, ya que si el sueco se estren\u00f3 en el concurso con un salto v\u00e1lido de 5,65 metros, el griego no se estreno hasta los 5,80.<\/p>\n\n\n\n<p>Debut preocupante para el pertiguista heleno que tuvo que esperar a su segundo intento, un anticipo de lo que ocurri\u00f3 con los 6,00 metros, que Emmanouil Karalis no logr\u00f3 franquear, tras fallar en sus tres intentos.<\/p>\n\n\n\n<figure class=\"wp-block-image size-large\"><a href=\"https:\/\/lan.nationbuilder.com\/lan_legislative_assembly_2026\" target=\"_blank\" rel=\" noreferrer noopener\"><img loading=\"lazy\" decoding=\"async\" width=\"800\" height=\"367\" src=\"https:\/\/www.americanonewspaper.com\/es\/wp-content\/uploads\/2026\/03\/LAN-Assembly-Ad-Americano-Newspaper-Esp-800x367.jpg\" alt=\"\" class=\"wp-image-31237\" srcset=\"https:\/\/www.americanonewspaper.com\/es\/wp-content\/uploads\/2026\/03\/LAN-Assembly-Ad-Americano-Newspaper-Esp-800x367.jpg 800w, https:\/\/www.americanonewspaper.com\/es\/wp-content\/uploads\/2026\/03\/LAN-Assembly-Ad-Americano-Newspaper-Esp-300x138.jpg 300w, https:\/\/www.americanonewspaper.com\/es\/wp-content\/uploads\/2026\/03\/LAN-Assembly-Ad-Americano-Newspaper-Esp-768x352.jpg 768w, https:\/\/www.americanonewspaper.com\/es\/wp-content\/uploads\/2026\/03\/LAN-Assembly-Ad-Americano-Newspaper-Esp-150x69.jpg 150w, https:\/\/www.americanonewspaper.com\/es\/wp-content\/uploads\/2026\/03\/LAN-Assembly-Ad-Americano-Newspaper-Esp-696x319.jpg 696w, https:\/\/www.americanonewspaper.com\/es\/wp-content\/uploads\/2026\/03\/LAN-Assembly-Ad-Americano-Newspaper-Esp-1068x490.jpg 1068w, https:\/\/www.americanonewspaper.com\/es\/wp-content\/uploads\/2026\/03\/LAN-Assembly-Ad-Americano-Newspaper-Esp.jpg 1200w\" sizes=\"(max-width: 800px) 100vw, 800px\" \/><\/a><\/figure>\n\n\n\n<p>Fallos que convirtieron al noruego Sondre Guttormsen, que el pasado s\u00e1bado salt\u00f3 en Rouen 6,06 metros, en el principal rival de Duplantis, que tras superar a la primera los 5,90 metros puso el list\u00f3n en los 6,08 metros.<\/p>\n\n\n\n<p>Una altura que Guttormsen, que luchaba contra sus propios l\u00edmites, no pudo superar, pero s\u00ed Armand Duplantis, que con la victoria ya asegurada se lanz\u00f3 en busca de un nuevo r\u00e9cord del mundo.<\/p>\n\n\n\n<figure class=\"wp-block-image size-large\"><a href=\"https:\/\/inthepinkroom.com\/\" target=\"_blank\" rel=\" noreferrer noopener\"><img loading=\"lazy\" decoding=\"async\" width=\"800\" height=\"447\" src=\"https:\/\/www.americanonewspaper.com\/es\/wp-content\/uploads\/2026\/03\/Screenshot-2026-03-12-at-5.37.08-PM-800x447.png\" alt=\"\" class=\"wp-image-31255\" srcset=\"https:\/\/www.americanonewspaper.com\/es\/wp-content\/uploads\/2026\/03\/Screenshot-2026-03-12-at-5.37.08-PM-800x447.png 800w, https:\/\/www.americanonewspaper.com\/es\/wp-content\/uploads\/2026\/03\/Screenshot-2026-03-12-at-5.37.08-PM-300x167.png 300w, https:\/\/www.americanonewspaper.com\/es\/wp-content\/uploads\/2026\/03\/Screenshot-2026-03-12-at-5.37.08-PM-768x429.png 768w, https:\/\/www.americanonewspaper.com\/es\/wp-content\/uploads\/2026\/03\/Screenshot-2026-03-12-at-5.37.08-PM-1536x857.png 1536w, https:\/\/www.americanonewspaper.com\/es\/wp-content\/uploads\/2026\/03\/Screenshot-2026-03-12-at-5.37.08-PM-150x84.png 150w, https:\/\/www.americanonewspaper.com\/es\/wp-content\/uploads\/2026\/03\/Screenshot-2026-03-12-at-5.37.08-PM-696x389.png 696w, https:\/\/www.americanonewspaper.com\/es\/wp-content\/uploads\/2026\/03\/Screenshot-2026-03-12-at-5.37.08-PM-1068x596.png 1068w, https:\/\/www.americanonewspaper.com\/es\/wp-content\/uploads\/2026\/03\/Screenshot-2026-03-12-at-5.37.08-PM.png 1598w\" sizes=\"(max-width: 800px) 100vw, 800px\" \/><\/a><\/figure>\n\n\n\n<h2 class=\"wp-block-heading\" id=\"h-duplantis-bate-el-record-de-mundo-por-decimoquinta-ocasion\"><strong>Duplantis bate el r\u00e9cord de mundo por decimoquinta ocasi\u00f3n<\/strong><\/h2>\n\n\n\n<p>Para ello el sueco, de 26 a\u00f1os, situ\u00f3 la barra en 6,31 metros, un cent\u00edmetro m\u00e1s que cuando el pasado mes de septiembre adorn\u00f3 el t\u00edtulo de campe\u00f3n del mundo con una nueva plusmarca universal.<\/p>\n\n\n\n<p>Una marca del futuro que Duplantis convirti\u00f3 este jueves en Uppsala en presente tras superar a la primea un list\u00f3n que pese a quedarse cimbreando no acab\u00f3 cayendo para regocijo del sueco y su afici\u00f3n.<\/p>\n\n\n\n<figure class=\"wp-block-image size-large\"><a href=\"https:\/\/www.eventbrite.com\/e\/the-art-of-being-a-modern-latina-event-2026-tickets-1982356228844?aff=oddtdtcreator\" target=\"_blank\" rel=\" noreferrer noopener\"><img loading=\"lazy\" decoding=\"async\" width=\"800\" height=\"407\" src=\"https:\/\/www.americanonewspaper.com\/es\/wp-content\/uploads\/2026\/02\/Screenshot-2026-02-25-at-6.54.42-PM-800x407.png\" alt=\"\" class=\"wp-image-31073\" srcset=\"https:\/\/www.americanonewspaper.com\/es\/wp-content\/uploads\/2026\/02\/Screenshot-2026-02-25-at-6.54.42-PM-800x407.png 800w, https:\/\/www.americanonewspaper.com\/es\/wp-content\/uploads\/2026\/02\/Screenshot-2026-02-25-at-6.54.42-PM-300x153.png 300w, https:\/\/www.americanonewspaper.com\/es\/wp-content\/uploads\/2026\/02\/Screenshot-2026-02-25-at-6.54.42-PM-768x391.png 768w, https:\/\/www.americanonewspaper.com\/es\/wp-content\/uploads\/2026\/02\/Screenshot-2026-02-25-at-6.54.42-PM-1536x781.png 1536w, https:\/\/www.americanonewspaper.com\/es\/wp-content\/uploads\/2026\/02\/Screenshot-2026-02-25-at-6.54.42-PM-150x76.png 150w, https:\/\/www.americanonewspaper.com\/es\/wp-content\/uploads\/2026\/02\/Screenshot-2026-02-25-at-6.54.42-PM-696x354.png 696w, https:\/\/www.americanonewspaper.com\/es\/wp-content\/uploads\/2026\/02\/Screenshot-2026-02-25-at-6.54.42-PM-1068x543.png 1068w, https:\/\/www.americanonewspaper.com\/es\/wp-content\/uploads\/2026\/02\/Screenshot-2026-02-25-at-6.54.42-PM.png 1608w\" sizes=\"(max-width: 800px) 100vw, 800px\" \/><\/a><\/figure>\n\n\n\n<p>Salto que permiti\u00f3 al escandinavo batir por decimoquinta ocasi\u00f3n el r\u00e9cord del mundo desde que en febrero de 2020 logr\u00f3 su primera plusmarca universal tras saltar 6,17 metros en la ciudad polaca de Torun.<\/p>\n\n\n\n<p>Escenario de los Mundiales en pista cubierta que se disputar\u00e1n a finales del presente mes de marzo y en los que Armand Duplantis buscar\u00e1 su cuarto t\u00edtulo de campe\u00f3n del mundo bajo techo, quien sabe si con otro nuevo r\u00e9cord universal.<\/p>\n\n\n\n<figure class=\"wp-block-image size-large\"><a href=\"https:\/\/ramospodiatry.com\/\" target=\"_blank\" rel=\" noreferrer noopener\"><img loading=\"lazy\" decoding=\"async\" width=\"800\" height=\"376\" src=\"https:\/\/www.americanonewspaper.com\/es\/wp-content\/uploads\/2026\/03\/Screenshot-2026-03-07-at-10.54.07-PM-800x376.png\" alt=\"\" class=\"wp-image-31186\" srcset=\"https:\/\/www.americanonewspaper.com\/es\/wp-content\/uploads\/2026\/03\/Screenshot-2026-03-07-at-10.54.07-PM-800x376.png 800w, https:\/\/www.americanonewspaper.com\/es\/wp-content\/uploads\/2026\/03\/Screenshot-2026-03-07-at-10.54.07-PM-300x141.png 300w, https:\/\/www.americanonewspaper.com\/es\/wp-content\/uploads\/2026\/03\/Screenshot-2026-03-07-at-10.54.07-PM-768x361.png 768w, https:\/\/www.americanonewspaper.com\/es\/wp-content\/uploads\/2026\/03\/Screenshot-2026-03-07-at-10.54.07-PM-1536x723.png 1536w, https:\/\/www.americanonewspaper.com\/es\/wp-content\/uploads\/2026\/03\/Screenshot-2026-03-07-at-10.54.07-PM-150x71.png 150w, https:\/\/www.americanonewspaper.com\/es\/wp-content\/uploads\/2026\/03\/Screenshot-2026-03-07-at-10.54.07-PM-696x328.png 696w, https:\/\/www.americanonewspaper.com\/es\/wp-content\/uploads\/2026\/03\/Screenshot-2026-03-07-at-10.54.07-PM-1068x503.png 1068w, https:\/\/www.americanonewspaper.com\/es\/wp-content\/uploads\/2026\/03\/Screenshot-2026-03-07-at-10.54.07-PM.png 1598w\" sizes=\"(max-width: 800px) 100vw, 800px\" \/><\/a><\/figure>\n\n\n\n<p><\/p>\n","protected":false},"excerpt":{"rendered":"<p>Redacci\u00f3n deportes, 12 mar (EFE).- Javier Villanueva. El sueco Armand Duplantis ratific\u00f3 su condici\u00f3n como el mejor pertiguista de todos los tiempos, tras batir este jueves su propio r\u00e9cord del mundo imponerse en la Mondo Classic, la reuni\u00f3n que se celebra en su honor en la ciudad sueca de Uppsala, con una altura de 6,31 [&hellip;]<\/p>\n","protected":false},"author":7,"featured_media":31260,"comment_status":"open","ping_status":"open","sticky":false,"template":"","format":"standard","meta":{"_acf_changed":false,"tdm_status":"","tdm_grid_status":"","_jetpack_memberships_contains_paid_content":false,"footnotes":"","jetpack_publicize_message":"","jetpack_publicize_feature_enabled":true,"jetpack_social_post_already_shared":false,"jetpack_social_options":{"image_generator_settings":{"template":"highway","default_image_id":0,"font":"","enabled":false,"token":"eyJpbWciOiJodHRwczpcL1wvd3d3LmFtZXJpY2Fub25ld3NwYXBlci5jb21cL2VzXC93cC1jb250ZW50XC91cGxvYWRzXC8yMDI2XC8wM1wvRHVwbGEtNzUweDUwMC5qcGVnIiwidHh0IjoiRHVwbGFudGlzIEVsIFJleSBkZWwgU2FsdG8iLCJ0ZW1wbGF0ZSI6ImhpZ2h3YXkiLCJmb250IjoiIiwiYmxvZ19pZCI6MjI4NjE5NTc0fQ.g9raRzlPd-_J_Ie5q9nP7NV5FrBn3VSmtdahMUFnTj0MQ"},"version":2,"media_source":"featured-image","attached_media":[{"id":31260,"url":"https:\/\/www.americanonewspaper.com\/es\/wp-content\/uploads\/2026\/03\/Dupla.jpeg","type":"image\/jpeg"}]},"_wpas_customize_per_network":false},"categories":[973,694,1229,290],"tags":[],"class_list":{"0":"post-31259","1":"post","2":"type-post","3":"status-publish","4":"format-standard","5":"has-post-thumbnail","7":"category-athletic-club","8":"category-europa","9":"category-mundiales-de-atletismo","10":"category-suecia"},"acf":[],"yoast_head":"<!-- This site is optimized with the Yoast SEO Premium plugin v27.4 (Yoast SEO v27.4) - https:\/\/yoast.com\/product\/yoast-seo-premium-wordpress\/ -->\n<title>Duplantis El Rey del Salto - Americano Newspaper<\/title>\n<meta name=\"description\" content=\"El sueco Armand Duplantis ratific\u00f3 su condici\u00f3n como el mejor pertiguista de todos los tiempos, tras batir este jueves su propio r\u00e9cord del mundo imponerse en la Mondo Classic, la reuni\u00f3n que se celebra en su honor en la ciudad sueca de Uppsala, con una altura de 6,31 metros.\" \/>\n<meta name=\"robots\" content=\"index, follow, max-snippet:-1, max-image-preview:large, max-video-preview:-1\" \/>\n<link rel=\"canonical\" href=\"https:\/\/www.americanonewspaper.com\/es\/athletic-club\/duplantis-el-rey-del-salto\/\" \/>\n<meta property=\"og:locale\" content=\"en_US\" \/>\n<meta property=\"og:type\" content=\"article\" \/>\n<meta property=\"og:title\" content=\"Duplantis El Rey del Salto\" \/>\n<meta property=\"og:description\" content=\"El sueco Armand Duplantis ratific\u00f3 su condici\u00f3n como el mejor pertiguista de todos los tiempos, tras batir este jueves su propio r\u00e9cord del mundo imponerse en la Mondo Classic, la reuni\u00f3n que se celebra en su honor en la ciudad sueca de Uppsala, con una altura de 6,31 metros.\" \/>\n<meta property=\"og:url\" content=\"https:\/\/www.americanonewspaper.com\/es\/athletic-club\/duplantis-el-rey-del-salto\/\" \/>\n<meta property=\"og:site_name\" content=\"Americano Newspaper\" \/>\n<meta property=\"article:publisher\" content=\"https:\/\/www.facebook.com\/AmericanoNewspaper\/\" \/>\n<meta property=\"article:published_time\" content=\"2026-03-13T12:10:00+00:00\" \/>\n<meta property=\"article:modified_time\" content=\"2026-03-13T12:10:05+00:00\" \/>\n<meta property=\"og:image\" content=\"https:\/\/www.americanonewspaper.com\/es\/wp-content\/uploads\/2026\/03\/Dupla.jpeg\" \/>\n\t<meta property=\"og:image:width\" content=\"1920\" \/>\n\t<meta property=\"og:image:height\" content=\"1280\" \/>\n\t<meta property=\"og:image:type\" content=\"image\/jpeg\" \/>\n<meta name=\"author\" content=\"Author\" \/>\n<meta name=\"twitter:card\" content=\"summary_large_image\" \/>\n<meta name=\"twitter:label1\" content=\"Written by\" \/>\n\t<meta name=\"twitter:data1\" content=\"Author\" \/>\n\t<meta name=\"twitter:label2\" content=\"Est. reading time\" \/>\n\t<meta name=\"twitter:data2\" content=\"5 minutes\" \/>\n<script type=\"application\/ld+json\" class=\"yoast-schema-graph\">{\"@context\":\"https:\\\/\\\/schema.org\",\"@graph\":[{\"@type\":\"Article\",\"@id\":\"https:\\\/\\\/www.americanonewspaper.com\\\/es\\\/athletic-club\\\/duplantis-el-rey-del-salto\\\/#article\",\"isPartOf\":{\"@id\":\"https:\\\/\\\/www.americanonewspaper.com\\\/es\\\/athletic-club\\\/duplantis-el-rey-del-salto\\\/\"},\"author\":{\"name\":\"Author\",\"@id\":\"https:\\\/\\\/www.americanonewspaper.com\\\/es\\\/#\\\/schema\\\/person\\\/8967f6b8af7e37bcbbe61f68580ff088\"},\"headline\":\"Duplantis El Rey del Salto\",\"datePublished\":\"2026-03-13T12:10:00+00:00\",\"dateModified\":\"2026-03-13T12:10:05+00:00\",\"mainEntityOfPage\":{\"@id\":\"https:\\\/\\\/www.americanonewspaper.com\\\/es\\\/athletic-club\\\/duplantis-el-rey-del-salto\\\/\"},\"wordCount\":620,\"commentCount\":0,\"publisher\":{\"@id\":\"https:\\\/\\\/www.americanonewspaper.com\\\/es\\\/#organization\"},\"image\":{\"@id\":\"https:\\\/\\\/www.americanonewspaper.com\\\/es\\\/athletic-club\\\/duplantis-el-rey-del-salto\\\/#primaryimage\"},\"thumbnailUrl\":\"https:\\\/\\\/www.americanonewspaper.com\\\/es\\\/wp-content\\\/uploads\\\/2026\\\/03\\\/Dupla.jpeg\",\"articleSection\":[\"Athletic Club\",\"Europa\",\"Mundiales de Atletismo\",\"Suecia\"],\"inLanguage\":\"en-US\",\"potentialAction\":[{\"@type\":\"CommentAction\",\"name\":\"Comment\",\"target\":[\"https:\\\/\\\/www.americanonewspaper.com\\\/es\\\/athletic-club\\\/duplantis-el-rey-del-salto\\\/#respond\"]}]},{\"@type\":\"WebPage\",\"@id\":\"https:\\\/\\\/www.americanonewspaper.com\\\/es\\\/athletic-club\\\/duplantis-el-rey-del-salto\\\/\",\"url\":\"https:\\\/\\\/www.americanonewspaper.com\\\/es\\\/athletic-club\\\/duplantis-el-rey-del-salto\\\/\",\"name\":\"Duplantis El Rey del Salto - Americano Newspaper\",\"isPartOf\":{\"@id\":\"https:\\\/\\\/www.americanonewspaper.com\\\/es\\\/#website\"},\"primaryImageOfPage\":{\"@id\":\"https:\\\/\\\/www.americanonewspaper.com\\\/es\\\/athletic-club\\\/duplantis-el-rey-del-salto\\\/#primaryimage\"},\"image\":{\"@id\":\"https:\\\/\\\/www.americanonewspaper.com\\\/es\\\/athletic-club\\\/duplantis-el-rey-del-salto\\\/#primaryimage\"},\"thumbnailUrl\":\"https:\\\/\\\/www.americanonewspaper.com\\\/es\\\/wp-content\\\/uploads\\\/2026\\\/03\\\/Dupla.jpeg\",\"datePublished\":\"2026-03-13T12:10:00+00:00\",\"dateModified\":\"2026-03-13T12:10:05+00:00\",\"description\":\"El sueco Armand Duplantis ratific\u00f3 su condici\u00f3n como el mejor pertiguista de todos los tiempos, tras batir este jueves su propio r\u00e9cord del mundo imponerse en la Mondo Classic, la reuni\u00f3n que se celebra en su honor en la ciudad sueca de Uppsala, con una altura de 6,31 metros.\",\"breadcrumb\":{\"@id\":\"https:\\\/\\\/www.americanonewspaper.com\\\/es\\\/athletic-club\\\/duplantis-el-rey-del-salto\\\/#breadcrumb\"},\"inLanguage\":\"en-US\",\"potentialAction\":[{\"@type\":\"ReadAction\",\"target\":[\"https:\\\/\\\/www.americanonewspaper.com\\\/es\\\/athletic-club\\\/duplantis-el-rey-del-salto\\\/\"]}]},{\"@type\":\"ImageObject\",\"inLanguage\":\"en-US\",\"@id\":\"https:\\\/\\\/www.americanonewspaper.com\\\/es\\\/athletic-club\\\/duplantis-el-rey-del-salto\\\/#primaryimage\",\"url\":\"https:\\\/\\\/www.americanonewspaper.com\\\/es\\\/wp-content\\\/uploads\\\/2026\\\/03\\\/Dupla.jpeg\",\"contentUrl\":\"https:\\\/\\\/www.americanonewspaper.com\\\/es\\\/wp-content\\\/uploads\\\/2026\\\/03\\\/Dupla.jpeg\",\"width\":1920,\"height\":1280,\"caption\":\"Foto de archivo de Armand Duplantis. EFE\\\/EPA\\\/Zsolt Czegledi\"},{\"@type\":\"BreadcrumbList\",\"@id\":\"https:\\\/\\\/www.americanonewspaper.com\\\/es\\\/athletic-club\\\/duplantis-el-rey-del-salto\\\/#breadcrumb\",\"itemListElement\":[{\"@type\":\"ListItem\",\"position\":1,\"name\":\"Home\",\"item\":\"https:\\\/\\\/www.americanonewspaper.com\\\/es\\\/\"},{\"@type\":\"ListItem\",\"position\":2,\"name\":\"Duplantis El Rey del Salto\"}]},{\"@type\":\"WebSite\",\"@id\":\"https:\\\/\\\/www.americanonewspaper.com\\\/es\\\/#website\",\"url\":\"https:\\\/\\\/www.americanonewspaper.com\\\/es\\\/\",\"name\":\"Americano Newspaper\",\"description\":\"The Hispanic Newspaper of New Jersey.\",\"publisher\":{\"@id\":\"https:\\\/\\\/www.americanonewspaper.com\\\/es\\\/#organization\"},\"potentialAction\":[{\"@type\":\"SearchAction\",\"target\":{\"@type\":\"EntryPoint\",\"urlTemplate\":\"https:\\\/\\\/www.americanonewspaper.com\\\/es\\\/?s={search_term_string}\"},\"query-input\":{\"@type\":\"PropertyValueSpecification\",\"valueRequired\":true,\"valueName\":\"search_term_string\"}}],\"inLanguage\":\"en-US\"},{\"@type\":\"Organization\",\"@id\":\"https:\\\/\\\/www.americanonewspaper.com\\\/es\\\/#organization\",\"name\":\"Americano Newspaper\",\"url\":\"https:\\\/\\\/www.americanonewspaper.com\\\/es\\\/\",\"logo\":{\"@type\":\"ImageObject\",\"inLanguage\":\"en-US\",\"@id\":\"https:\\\/\\\/www.americanonewspaper.com\\\/es\\\/#\\\/schema\\\/logo\\\/image\\\/\",\"url\":\"https:\\\/\\\/www.americanonewspaper.com\\\/es\\\/wp-content\\\/uploads\\\/2024\\\/05\\\/AmericanoLogoCircle.comCircle2.jpg\",\"contentUrl\":\"https:\\\/\\\/www.americanonewspaper.com\\\/es\\\/wp-content\\\/uploads\\\/2024\\\/05\\\/AmericanoLogoCircle.comCircle2.jpg\",\"width\":600,\"height\":600,\"caption\":\"Americano Newspaper\"},\"image\":{\"@id\":\"https:\\\/\\\/www.americanonewspaper.com\\\/es\\\/#\\\/schema\\\/logo\\\/image\\\/\"},\"sameAs\":[\"https:\\\/\\\/www.facebook.com\\\/AmericanoNewspaper\\\/\"]},{\"@type\":\"Person\",\"@id\":\"https:\\\/\\\/www.americanonewspaper.com\\\/es\\\/#\\\/schema\\\/person\\\/8967f6b8af7e37bcbbe61f68580ff088\",\"name\":\"Author\",\"image\":{\"@type\":\"ImageObject\",\"inLanguage\":\"en-US\",\"@id\":\"https:\\\/\\\/www.americanonewspaper.com\\\/es\\\/wp-content\\\/litespeed\\\/avatar\\\/89ffaf6af3cf6769ffb3c6efb2313947.jpg?ver=1776822681\",\"url\":\"https:\\\/\\\/www.americanonewspaper.com\\\/es\\\/wp-content\\\/litespeed\\\/avatar\\\/89ffaf6af3cf6769ffb3c6efb2313947.jpg?ver=1776822681\",\"contentUrl\":\"https:\\\/\\\/www.americanonewspaper.com\\\/es\\\/wp-content\\\/litespeed\\\/avatar\\\/89ffaf6af3cf6769ffb3c6efb2313947.jpg?ver=1776822681\",\"caption\":\"Author\"},\"url\":\"https:\\\/\\\/www.americanonewspaper.com\\\/es\\\/author\\\/americano\\\/\"}]}<\/script>\n<!-- \/ Yoast SEO Premium plugin. -->","yoast_head_json":{"title":"Duplantis El Rey del Salto - Americano Newspaper","description":"El sueco Armand Duplantis ratific\u00f3 su condici\u00f3n como el mejor pertiguista de todos los tiempos, tras batir este jueves su propio r\u00e9cord del mundo imponerse en la Mondo Classic, la reuni\u00f3n que se celebra en su honor en la ciudad sueca de Uppsala, con una altura de 6,31 metros.","robots":{"index":"index","follow":"follow","max-snippet":"max-snippet:-1","max-image-preview":"max-image-preview:large","max-video-preview":"max-video-preview:-1"},"canonical":"https:\/\/www.americanonewspaper.com\/es\/athletic-club\/duplantis-el-rey-del-salto\/","og_locale":"en_US","og_type":"article","og_title":"Duplantis El Rey del Salto","og_description":"El sueco Armand Duplantis ratific\u00f3 su condici\u00f3n como el mejor pertiguista de todos los tiempos, tras batir este jueves su propio r\u00e9cord del mundo imponerse en la Mondo Classic, la reuni\u00f3n que se celebra en su honor en la ciudad sueca de Uppsala, con una altura de 6,31 metros.","og_url":"https:\/\/www.americanonewspaper.com\/es\/athletic-club\/duplantis-el-rey-del-salto\/","og_site_name":"Americano Newspaper","article_publisher":"https:\/\/www.facebook.com\/AmericanoNewspaper\/","article_published_time":"2026-03-13T12:10:00+00:00","article_modified_time":"2026-03-13T12:10:05+00:00","og_image":[{"width":1920,"height":1280,"url":"https:\/\/www.americanonewspaper.com\/es\/wp-content\/uploads\/2026\/03\/Dupla.jpeg","type":"image\/jpeg"}],"author":"Author","twitter_card":"summary_large_image","twitter_misc":{"Written by":"Author","Est. reading time":"5 minutes"},"schema":{"@context":"https:\/\/schema.org","@graph":[{"@type":"Article","@id":"https:\/\/www.americanonewspaper.com\/es\/athletic-club\/duplantis-el-rey-del-salto\/#article","isPartOf":{"@id":"https:\/\/www.americanonewspaper.com\/es\/athletic-club\/duplantis-el-rey-del-salto\/"},"author":{"name":"Author","@id":"https:\/\/www.americanonewspaper.com\/es\/#\/schema\/person\/8967f6b8af7e37bcbbe61f68580ff088"},"headline":"Duplantis El Rey del Salto","datePublished":"2026-03-13T12:10:00+00:00","dateModified":"2026-03-13T12:10:05+00:00","mainEntityOfPage":{"@id":"https:\/\/www.americanonewspaper.com\/es\/athletic-club\/duplantis-el-rey-del-salto\/"},"wordCount":620,"commentCount":0,"publisher":{"@id":"https:\/\/www.americanonewspaper.com\/es\/#organization"},"image":{"@id":"https:\/\/www.americanonewspaper.com\/es\/athletic-club\/duplantis-el-rey-del-salto\/#primaryimage"},"thumbnailUrl":"https:\/\/www.americanonewspaper.com\/es\/wp-content\/uploads\/2026\/03\/Dupla.jpeg","articleSection":["Athletic Club","Europa","Mundiales de Atletismo","Suecia"],"inLanguage":"en-US","potentialAction":[{"@type":"CommentAction","name":"Comment","target":["https:\/\/www.americanonewspaper.com\/es\/athletic-club\/duplantis-el-rey-del-salto\/#respond"]}]},{"@type":"WebPage","@id":"https:\/\/www.americanonewspaper.com\/es\/athletic-club\/duplantis-el-rey-del-salto\/","url":"https:\/\/www.americanonewspaper.com\/es\/athletic-club\/duplantis-el-rey-del-salto\/","name":"Duplantis El Rey del Salto - Americano Newspaper","isPartOf":{"@id":"https:\/\/www.americanonewspaper.com\/es\/#website"},"primaryImageOfPage":{"@id":"https:\/\/www.americanonewspaper.com\/es\/athletic-club\/duplantis-el-rey-del-salto\/#primaryimage"},"image":{"@id":"https:\/\/www.americanonewspaper.com\/es\/athletic-club\/duplantis-el-rey-del-salto\/#primaryimage"},"thumbnailUrl":"https:\/\/www.americanonewspaper.com\/es\/wp-content\/uploads\/2026\/03\/Dupla.jpeg","datePublished":"2026-03-13T12:10:00+00:00","dateModified":"2026-03-13T12:10:05+00:00","description":"El sueco Armand Duplantis ratific\u00f3 su condici\u00f3n como el mejor pertiguista de todos los tiempos, tras batir este jueves su propio r\u00e9cord del mundo imponerse en la Mondo Classic, la reuni\u00f3n que se celebra en su honor en la ciudad sueca de Uppsala, con una altura de 6,31 metros.","breadcrumb":{"@id":"https:\/\/www.americanonewspaper.com\/es\/athletic-club\/duplantis-el-rey-del-salto\/#breadcrumb"},"inLanguage":"en-US","potentialAction":[{"@type":"ReadAction","target":["https:\/\/www.americanonewspaper.com\/es\/athletic-club\/duplantis-el-rey-del-salto\/"]}]},{"@type":"ImageObject","inLanguage":"en-US","@id":"https:\/\/www.americanonewspaper.com\/es\/athletic-club\/duplantis-el-rey-del-salto\/#primaryimage","url":"https:\/\/www.americanonewspaper.com\/es\/wp-content\/uploads\/2026\/03\/Dupla.jpeg","contentUrl":"https:\/\/www.americanonewspaper.com\/es\/wp-content\/uploads\/2026\/03\/Dupla.jpeg","width":1920,"height":1280,"caption":"Foto de archivo de Armand Duplantis. EFE\/EPA\/Zsolt Czegledi"},{"@type":"BreadcrumbList","@id":"https:\/\/www.americanonewspaper.com\/es\/athletic-club\/duplantis-el-rey-del-salto\/#breadcrumb","itemListElement":[{"@type":"ListItem","position":1,"name":"Home","item":"https:\/\/www.americanonewspaper.com\/es\/"},{"@type":"ListItem","position":2,"name":"Duplantis El Rey del Salto"}]},{"@type":"WebSite","@id":"https:\/\/www.americanonewspaper.com\/es\/#website","url":"https:\/\/www.americanonewspaper.com\/es\/","name":"Americano Newspaper","description":"The Hispanic Newspaper of New Jersey.","publisher":{"@id":"https:\/\/www.americanonewspaper.com\/es\/#organization"},"potentialAction":[{"@type":"SearchAction","target":{"@type":"EntryPoint","urlTemplate":"https:\/\/www.americanonewspaper.com\/es\/?s={search_term_string}"},"query-input":{"@type":"PropertyValueSpecification","valueRequired":true,"valueName":"search_term_string"}}],"inLanguage":"en-US"},{"@type":"Organization","@id":"https:\/\/www.americanonewspaper.com\/es\/#organization","name":"Americano Newspaper","url":"https:\/\/www.americanonewspaper.com\/es\/","logo":{"@type":"ImageObject","inLanguage":"en-US","@id":"https:\/\/www.americanonewspaper.com\/es\/#\/schema\/logo\/image\/","url":"https:\/\/www.americanonewspaper.com\/es\/wp-content\/uploads\/2024\/05\/AmericanoLogoCircle.comCircle2.jpg","contentUrl":"https:\/\/www.americanonewspaper.com\/es\/wp-content\/uploads\/2024\/05\/AmericanoLogoCircle.comCircle2.jpg","width":600,"height":600,"caption":"Americano Newspaper"},"image":{"@id":"https:\/\/www.americanonewspaper.com\/es\/#\/schema\/logo\/image\/"},"sameAs":["https:\/\/www.facebook.com\/AmericanoNewspaper\/"]},{"@type":"Person","@id":"https:\/\/www.americanonewspaper.com\/es\/#\/schema\/person\/8967f6b8af7e37bcbbe61f68580ff088","name":"Author","image":{"@type":"ImageObject","inLanguage":"en-US","@id":"https:\/\/www.americanonewspaper.com\/es\/wp-content\/litespeed\/avatar\/89ffaf6af3cf6769ffb3c6efb2313947.jpg?ver=1776822681","url":"https:\/\/www.americanonewspaper.com\/es\/wp-content\/litespeed\/avatar\/89ffaf6af3cf6769ffb3c6efb2313947.jpg?ver=1776822681","contentUrl":"https:\/\/www.americanonewspaper.com\/es\/wp-content\/litespeed\/avatar\/89ffaf6af3cf6769ffb3c6efb2313947.jpg?ver=1776822681","caption":"Author"},"url":"https:\/\/www.americanonewspaper.com\/es\/author\/americano\/"}]}},"jetpack_publicize_connections":[],"jetpack_featured_media_url":"https:\/\/www.americanonewspaper.com\/es\/wp-content\/uploads\/2026\/03\/Dupla.jpeg","featured_image_urls":{"full":["https:\/\/www.americanonewspaper.com\/es\/wp-content\/uploads\/2026\/03\/Dupla.jpeg",1920,1280,false],"thumbnail":["https:\/\/www.americanonewspaper.com\/es\/wp-content\/uploads\/2026\/03\/Dupla-250x250.jpeg",250,250,true],"medium":["https:\/\/www.americanonewspaper.com\/es\/wp-content\/uploads\/2026\/03\/Dupla-300x200.jpeg",300,200,true],"medium_large":["https:\/\/www.americanonewspaper.com\/es\/wp-content\/uploads\/2026\/03\/Dupla-768x512.jpeg",696,464,true],"large":["https:\/\/www.americanonewspaper.com\/es\/wp-content\/uploads\/2026\/03\/Dupla-750x500.jpeg",696,464,true],"1536x1536":["https:\/\/www.americanonewspaper.com\/es\/wp-content\/uploads\/2026\/03\/Dupla-1536x1024.jpeg",1536,1024,true],"2048x2048":["https:\/\/www.americanonewspaper.com\/es\/wp-content\/uploads\/2026\/03\/Dupla.jpeg",1920,1280,false],"td_150x0":["https:\/\/www.americanonewspaper.com\/es\/wp-content\/uploads\/2026\/03\/Dupla-150x100.jpeg",150,100,true],"td_218x150":["https:\/\/www.americanonewspaper.com\/es\/wp-content\/uploads\/2026\/03\/Dupla-218x150.jpeg",218,150,true],"td_300x0":["https:\/\/www.americanonewspaper.com\/es\/wp-content\/uploads\/2026\/03\/Dupla-300x200.jpeg",300,200,true],"td_324x400":["https:\/\/www.americanonewspaper.com\/es\/wp-content\/uploads\/2026\/03\/Dupla-324x400.jpeg",324,400,true],"td_485x360":["https:\/\/www.americanonewspaper.com\/es\/wp-content\/uploads\/2026\/03\/Dupla-485x360.jpeg",485,360,true],"td_696x0":["https:\/\/www.americanonewspaper.com\/es\/wp-content\/uploads\/2026\/03\/Dupla-696x464.jpeg",696,464,true],"td_1068x0":["https:\/\/www.americanonewspaper.com\/es\/wp-content\/uploads\/2026\/03\/Dupla-1068x712.jpeg",1068,712,true],"td_1920x0":["https:\/\/www.americanonewspaper.com\/es\/wp-content\/uploads\/2026\/03\/Dupla.jpeg",1920,1280,false],"bdpp-medium":["https:\/\/www.americanonewspaper.com\/es\/wp-content\/uploads\/2026\/03\/Dupla-640x480.jpeg",640,480,true]},"author_info":{"display_name":"Author","author_link":"https:\/\/www.americanonewspaper.com\/es\/author\/americano\/"},"category_info":"<a href=\"https:\/\/www.americanonewspaper.com\/es\/category\/athletic-club\/\" rel=\"category tag\">Athletic Club<\/a> <a href=\"https:\/\/www.americanonewspaper.com\/es\/category\/europa\/\" rel=\"category tag\">Europa<\/a> <a href=\"https:\/\/www.americanonewspaper.com\/es\/category\/mundiales-de-atletismo\/\" rel=\"category tag\">Mundiales de Atletismo<\/a> <a href=\"https:\/\/www.americanonewspaper.com\/es\/category\/suecia\/\" rel=\"category tag\">Suecia<\/a>","tag_info":"Suecia","comment_count":"0","jetpack_sharing_enabled":true,"jetpack_likes_enabled":true,"_links":{"self":[{"href":"https:\/\/www.americanonewspaper.com\/es\/wp-json\/wp\/v2\/posts\/31259","targetHints":{"allow":["GET"]}}],"collection":[{"href":"https:\/\/www.americanonewspaper.com\/es\/wp-json\/wp\/v2\/posts"}],"about":[{"href":"https:\/\/www.americanonewspaper.com\/es\/wp-json\/wp\/v2\/types\/post"}],"author":[{"embeddable":true,"href":"https:\/\/www.americanonewspaper.com\/es\/wp-json\/wp\/v2\/users\/7"}],"replies":[{"embeddable":true,"href":"https:\/\/www.americanonewspaper.com\/es\/wp-json\/wp\/v2\/comments?post=31259"}],"version-history":[{"count":1,"href":"https:\/\/www.americanonewspaper.com\/es\/wp-json\/wp\/v2\/posts\/31259\/revisions"}],"predecessor-version":[{"id":31261,"href":"https:\/\/www.americanonewspaper.com\/es\/wp-json\/wp\/v2\/posts\/31259\/revisions\/31261"}],"wp:featuredmedia":[{"embeddable":true,"href":"https:\/\/www.americanonewspaper.com\/es\/wp-json\/wp\/v2\/media\/31260"}],"wp:attachment":[{"href":"https:\/\/www.americanonewspaper.com\/es\/wp-json\/wp\/v2\/media?parent=31259"}],"wp:term":[{"taxonomy":"category","embeddable":true,"href":"https:\/\/www.americanonewspaper.com\/es\/wp-json\/wp\/v2\/categories?post=31259"},{"taxonomy":"post_tag","embeddable":true,"href":"https:\/\/www.americanonewspaper.com\/es\/wp-json\/wp\/v2\/tags?post=31259"}],"curies":[{"name":"wp","href":"https:\/\/api.w.org\/{rel}","templated":true}]}}