{"id":31232,"date":"2026-03-10T20:33:57","date_gmt":"2026-03-11T00:33:57","guid":{"rendered":"https:\/\/www.americanonewspaper.com\/es\/?p=31232"},"modified":"2026-03-10T20:45:25","modified_gmt":"2026-03-11T00:45:25","slug":"como-ha-cambiado-el-proyecto-de-ley-para-proteger-a-los-migrantes-de-nj-desde-que-fue-vetada-por-el-exgobernador","status":"publish","type":"post","link":"https:\/\/www.americanonewspaper.com\/es\/immigration\/como-ha-cambiado-el-proyecto-de-ley-para-proteger-a-los-migrantes-de-nj-desde-que-fue-vetada-por-el-exgobernador\/","title":{"rendered":"C\u00f3mo ha cambiado el proyecto de ley para proteger a los migrantes de NJ desde que fue vetada por el exgobernador"},"content":{"rendered":"\n<p><em>Por Sophie Nieto Mu\u00f1oz, New Jersey Monitor<\/em><\/p>\n\n\n\n<p class=\"dropcapp3\">Cuando los legisladores de Nueva Jersey presentaron un proyecto de ley en enero para fortalecer las protecciones de los inmigrantes y restringir cu\u00e1ndo la polic\u00eda local puede colaborar con las autoridades federales de inmigraci\u00f3n, sus partidarios lo celebraron como un paso necesario en un panorama pol\u00edtico tenso.<\/p>\n\n\n\n<figure class=\"wp-block-image size-large\"><a href=\"https:\/\/ggllawyers.com\/es\/new-jersey-personal-injury-and-workers-compensation-lawyer\/\" target=\"_blank\" rel=\" noreferrer noopener\"><img fetchpriority=\"high\" decoding=\"async\" width=\"800\" height=\"386\" src=\"https:\/\/www.americanonewspaper.com\/es\/wp-content\/uploads\/2026\/03\/Screenshot-2026-03-06-at-10.31.27-PM-800x386.png\" alt=\"\" class=\"wp-image-31172\" srcset=\"https:\/\/www.americanonewspaper.com\/es\/wp-content\/uploads\/2026\/03\/Screenshot-2026-03-06-at-10.31.27-PM-800x386.png 800w, https:\/\/www.americanonewspaper.com\/es\/wp-content\/uploads\/2026\/03\/Screenshot-2026-03-06-at-10.31.27-PM-300x145.png 300w, https:\/\/www.americanonewspaper.com\/es\/wp-content\/uploads\/2026\/03\/Screenshot-2026-03-06-at-10.31.27-PM-768x371.png 768w, https:\/\/www.americanonewspaper.com\/es\/wp-content\/uploads\/2026\/03\/Screenshot-2026-03-06-at-10.31.27-PM-1536x742.png 1536w, https:\/\/www.americanonewspaper.com\/es\/wp-content\/uploads\/2026\/03\/Screenshot-2026-03-06-at-10.31.27-PM-150x72.png 150w, https:\/\/www.americanonewspaper.com\/es\/wp-content\/uploads\/2026\/03\/Screenshot-2026-03-06-at-10.31.27-PM-696x336.png 696w, https:\/\/www.americanonewspaper.com\/es\/wp-content\/uploads\/2026\/03\/Screenshot-2026-03-06-at-10.31.27-PM-1068x516.png 1068w, https:\/\/www.americanonewspaper.com\/es\/wp-content\/uploads\/2026\/03\/Screenshot-2026-03-06-at-10.31.27-PM.png 1598w\" sizes=\"(max-width: 800px) 100vw, 800px\" \/><\/a><\/figure>\n\n\n\n<p>Sin embargo, el proyecto de ley fue <a href=\"https:\/\/newjerseymonitor.com\/2026\/01\/20\/gov-murphy-vetoes-immigrant-protection-bills-angering-activists\/\">vetado<\/a> por el exgobernador, lo que oblig\u00f3 a los legisladores a volver a la mesa de trabajo. Los dem\u00f3cratas presentaron un nuevo proyecto de ley, pero con algunos cambios sustanciales que enfurecieron a los defensores de los inmigrantes, quienes afirman que Nueva Jersey debe actuar para limitar las agresivas t\u00e1cticas de deportaci\u00f3n de la administraci\u00f3n Trump.<\/p>\n\n\n\n<p>&#8220;Hemos visto a esta administraci\u00f3n intensificar, intensificar e intensificar. Seguir\u00e1n haci\u00e9ndolo, y si creen que esta versi\u00f3n del proyecto de ley debilitada va a ayudar a los inmigrantes de Nueva Jersey, se equivocan&#8221;, declar\u00f3 Katy Sastre, de First Friends New Jersey and New York, a los legisladores el mes pasado, a\u00f1adiendo que la nueva versi\u00f3n del proyecto de ley crea &#8220;enormes lagunas legales que ICE puede explotar&#8221;.&nbsp;<\/p>\n\n\n\n<figure class=\"wp-block-image size-large\"><a href=\"https:\/\/www.nissancityspringfield.com\/\" target=\"_blank\" rel=\" noreferrer noopener\"><img decoding=\"async\" width=\"800\" height=\"434\" src=\"https:\/\/www.americanonewspaper.com\/es\/wp-content\/uploads\/2026\/03\/Screenshot-2026-03-06-at-10.32.50-PM-800x434.png\" alt=\"\" class=\"wp-image-31173\" srcset=\"https:\/\/www.americanonewspaper.com\/es\/wp-content\/uploads\/2026\/03\/Screenshot-2026-03-06-at-10.32.50-PM-800x434.png 800w, https:\/\/www.americanonewspaper.com\/es\/wp-content\/uploads\/2026\/03\/Screenshot-2026-03-06-at-10.32.50-PM-300x163.png 300w, https:\/\/www.americanonewspaper.com\/es\/wp-content\/uploads\/2026\/03\/Screenshot-2026-03-06-at-10.32.50-PM-768x417.png 768w, https:\/\/www.americanonewspaper.com\/es\/wp-content\/uploads\/2026\/03\/Screenshot-2026-03-06-at-10.32.50-PM-1536x833.png 1536w, https:\/\/www.americanonewspaper.com\/es\/wp-content\/uploads\/2026\/03\/Screenshot-2026-03-06-at-10.32.50-PM-150x81.png 150w, https:\/\/www.americanonewspaper.com\/es\/wp-content\/uploads\/2026\/03\/Screenshot-2026-03-06-at-10.32.50-PM-696x378.png 696w, https:\/\/www.americanonewspaper.com\/es\/wp-content\/uploads\/2026\/03\/Screenshot-2026-03-06-at-10.32.50-PM-1068x579.png 1068w, https:\/\/www.americanonewspaper.com\/es\/wp-content\/uploads\/2026\/03\/Screenshot-2026-03-06-at-10.32.50-PM.png 1600w\" sizes=\"(max-width: 800px) 100vw, 800px\" \/><\/a><\/figure>\n\n\n\n<p>El proyecto de ley busca codificar la <a href=\"https:\/\/www.njoag.gov\/trust\/\">Directiva para Fortalecer la Confianza del Inmigrante<\/a> de 2018, una orden del fiscal general del estado que restringe cu\u00e1ndo los agentes de polic\u00eda locales y estatales pueden ayudar a los agentes federales de inmigraci\u00f3n o compartir informaci\u00f3n sobre las personas bajo su custodia.<\/p>\n\n\n\n<p>Los defensores de los inmigrantes <a href=\"https:\/\/newjerseymonitor.com\/2024\/10\/10\/amid-anti-immigrant-sentiment-on-campaign-trail-advocates-seek-new-protections-for-n-j-immigrants\/\">llevan a\u00f1os<\/a> pidiendo que estas protecciones se incorporen a la ley, advirtiendo que una futura administraci\u00f3n podr\u00eda rescindir la orden unilateralmente.<\/p>\n\n\n\n<p>Una comparaci\u00f3n de los dos proyectos de ley muestra c\u00f3mo ha sido cambiada desde la versi\u00f3n de enero, vetada por el exgobernador Phil Murphy, hasta la versi\u00f3n de febrero, que sus partidarios esperan que llegue a la mesa de la gobernadora Mikie Sherrill en las pr\u00f3ximas semanas.<\/p>\n\n\n\n<figure class=\"wp-block-image size-large\"><a href=\"https:\/\/www.stnj.org\/events\/detail\/santiago-cruz?utm_source=americano&amp;utm_medium=webad&amp;utm_campaign=americano_260225_webad1200x550_santiagocruzspanish\" target=\"_blank\" rel=\" noreferrer noopener\"><img decoding=\"async\" width=\"800\" height=\"371\" src=\"https:\/\/www.americanonewspaper.com\/es\/wp-content\/uploads\/2026\/03\/Screenshot-2026-03-06-at-10.34.29-PM-800x371.png\" alt=\"\" class=\"wp-image-31174\" srcset=\"https:\/\/www.americanonewspaper.com\/es\/wp-content\/uploads\/2026\/03\/Screenshot-2026-03-06-at-10.34.29-PM-800x371.png 800w, https:\/\/www.americanonewspaper.com\/es\/wp-content\/uploads\/2026\/03\/Screenshot-2026-03-06-at-10.34.29-PM-300x139.png 300w, https:\/\/www.americanonewspaper.com\/es\/wp-content\/uploads\/2026\/03\/Screenshot-2026-03-06-at-10.34.29-PM-768x356.png 768w, https:\/\/www.americanonewspaper.com\/es\/wp-content\/uploads\/2026\/03\/Screenshot-2026-03-06-at-10.34.29-PM-1536x712.png 1536w, https:\/\/www.americanonewspaper.com\/es\/wp-content\/uploads\/2026\/03\/Screenshot-2026-03-06-at-10.34.29-PM-150x69.png 150w, https:\/\/www.americanonewspaper.com\/es\/wp-content\/uploads\/2026\/03\/Screenshot-2026-03-06-at-10.34.29-PM-696x322.png 696w, https:\/\/www.americanonewspaper.com\/es\/wp-content\/uploads\/2026\/03\/Screenshot-2026-03-06-at-10.34.29-PM-1068x495.png 1068w, https:\/\/www.americanonewspaper.com\/es\/wp-content\/uploads\/2026\/03\/Screenshot-2026-03-06-at-10.34.29-PM.png 1606w\" sizes=\"(max-width: 800px) 100vw, 800px\" \/><\/a><\/figure>\n\n\n\n<p><strong>Notificaci\u00f3n de liberaci\u00f3n<\/strong><\/p>\n\n\n\n<p>Los dos proyectos de ley difieren en la forma en que las fuerzas del orden de Nueva Jersey gestionan a los migrantes sujetos a una <a href=\"https:\/\/www.americanimmigrationcouncil.org\/fact-sheet\/removal-system-united-states-overview\/\">orden final de deportaci\u00f3n<\/a>. Esta es una orden judicial que determina que una persona debe abandonar el pa\u00eds, aunque no significa que la deportaci\u00f3n sea inminente, a pesar de su nombre. Algunas personas bajo estas \u00f3rdenes tienen visas para permanecer en EE. UU. o cuentan con otras protecciones legales, como la Acci\u00f3n Diferida para los Llegados en la Infancia (DACA) y el Estatus de Protecci\u00f3n Temporal (TPS). M\u00e1s de un mill\u00f3n de personas sin estatus legal tienen \u00f3rdenes finales de deportaci\u00f3n, pero permanecen en el pa\u00eds.<\/p>\n\n\n\n<figure class=\"wp-block-image size-large\"><a href=\"https:\/\/www.paulmillertoyota.com\/?utm_source=google&amp;utm_medium=organic&amp;utm_campaign=google_my_business\" target=\"_blank\" rel=\" noreferrer noopener\"><img loading=\"lazy\" decoding=\"async\" width=\"800\" height=\"314\" src=\"https:\/\/www.americanonewspaper.com\/es\/wp-content\/uploads\/2026\/03\/Screenshot-2026-03-06-at-10.36.43-PM-800x314.png\" alt=\"\" class=\"wp-image-31175\" srcset=\"https:\/\/www.americanonewspaper.com\/es\/wp-content\/uploads\/2026\/03\/Screenshot-2026-03-06-at-10.36.43-PM-800x314.png 800w, https:\/\/www.americanonewspaper.com\/es\/wp-content\/uploads\/2026\/03\/Screenshot-2026-03-06-at-10.36.43-PM-300x118.png 300w, https:\/\/www.americanonewspaper.com\/es\/wp-content\/uploads\/2026\/03\/Screenshot-2026-03-06-at-10.36.43-PM-768x301.png 768w, https:\/\/www.americanonewspaper.com\/es\/wp-content\/uploads\/2026\/03\/Screenshot-2026-03-06-at-10.36.43-PM-1536x602.png 1536w, https:\/\/www.americanonewspaper.com\/es\/wp-content\/uploads\/2026\/03\/Screenshot-2026-03-06-at-10.36.43-PM-150x59.png 150w, https:\/\/www.americanonewspaper.com\/es\/wp-content\/uploads\/2026\/03\/Screenshot-2026-03-06-at-10.36.43-PM-696x273.png 696w, https:\/\/www.americanonewspaper.com\/es\/wp-content\/uploads\/2026\/03\/Screenshot-2026-03-06-at-10.36.43-PM-1068x419.png 1068w, https:\/\/www.americanonewspaper.com\/es\/wp-content\/uploads\/2026\/03\/Screenshot-2026-03-06-at-10.36.43-PM.png 1586w\" sizes=\"(max-width: 800px) 100vw, 800px\" \/><\/a><\/figure>\n\n\n\n<p>El <a href=\"https:\/\/www.njleg.state.nj.us\/bill-search\/2024\/A6310\/bill-text?f=A6500&amp;n=6310_I1\">proyecto de ley de enero<\/a> habr\u00eda prohibido a las autoridades de Nueva Jersey notificar a los agentes de inmigraci\u00f3n sobre la inminente liberaci\u00f3n de un migrante bajo su custodia o retenerlo despu\u00e9s de su fecha de liberaci\u00f3n programada por petici\u00f3n de un agente de inmigraci\u00f3n.<\/p>\n\n\n\n<p>En <a href=\"https:\/\/www.njleg.state.nj.us\/bill-search\/2026\/A4071\/bill-text?f=A4500&amp;n=4071_I1\">el proyecto de ley m\u00e1s reciente<\/a>, la polic\u00eda podr\u00eda notificar la pronta liberaci\u00f3n de un migrante o mantenerlo bajo custodia si el detenido est\u00e1 sujeto a una orden final de deportaci\u00f3n firmada por un juez federal.<\/p>\n\n\n\n<figure class=\"wp-block-image size-large\"><a href=\"https:\/\/lan.nationbuilder.com\/lan_legislative_assembly_2026\" target=\"_blank\" rel=\" noreferrer noopener\"><img loading=\"lazy\" decoding=\"async\" width=\"800\" height=\"367\" src=\"https:\/\/www.americanonewspaper.com\/es\/wp-content\/uploads\/2026\/03\/LAN-Assembly-Ad-Americano-Newspaper-Esp-800x367.jpg\" alt=\"\" class=\"wp-image-31237\" srcset=\"https:\/\/www.americanonewspaper.com\/es\/wp-content\/uploads\/2026\/03\/LAN-Assembly-Ad-Americano-Newspaper-Esp-800x367.jpg 800w, https:\/\/www.americanonewspaper.com\/es\/wp-content\/uploads\/2026\/03\/LAN-Assembly-Ad-Americano-Newspaper-Esp-300x138.jpg 300w, https:\/\/www.americanonewspaper.com\/es\/wp-content\/uploads\/2026\/03\/LAN-Assembly-Ad-Americano-Newspaper-Esp-768x352.jpg 768w, https:\/\/www.americanonewspaper.com\/es\/wp-content\/uploads\/2026\/03\/LAN-Assembly-Ad-Americano-Newspaper-Esp-150x69.jpg 150w, https:\/\/www.americanonewspaper.com\/es\/wp-content\/uploads\/2026\/03\/LAN-Assembly-Ad-Americano-Newspaper-Esp-696x319.jpg 696w, https:\/\/www.americanonewspaper.com\/es\/wp-content\/uploads\/2026\/03\/LAN-Assembly-Ad-Americano-Newspaper-Esp-1068x490.jpg 1068w, https:\/\/www.americanonewspaper.com\/es\/wp-content\/uploads\/2026\/03\/LAN-Assembly-Ad-Americano-Newspaper-Esp.jpg 1200w\" sizes=\"(max-width: 800px) 100vw, 800px\" \/><\/a><\/figure>\n\n\n\n<p><strong>Cargos vs. condena<\/strong><\/p>\n\n\n\n<p>La versi\u00f3n anterior de la legislaci\u00f3n habr\u00eda permitido a la polic\u00eda alertar a los funcionarios federales sobre los delitos de un migrante solo si este hab\u00eda sido condenado por ciertos delitos violentos, graves o procesables (la lista de delitos elegibles es extensa, desde homicidio y violencia dom\u00e9stica hasta da\u00f1os a la propiedad y acoso).&nbsp;<\/p>\n\n\n\n<p>Seg\u00fan el nuevo proyecto de ley, la polic\u00eda podr\u00eda notificar a las autoridades federales si un migrante ha sido acusado de esos delitos.<\/p>\n\n\n\n<figure class=\"wp-block-image size-large\"><a href=\"https:\/\/www.eventbrite.com\/e\/the-art-of-being-a-modern-latina-event-2026-tickets-1982356228844?aff=oddtdtcreator\" target=\"_blank\" rel=\" noreferrer noopener\"><img loading=\"lazy\" decoding=\"async\" width=\"800\" height=\"407\" src=\"https:\/\/www.americanonewspaper.com\/es\/wp-content\/uploads\/2026\/02\/Screenshot-2026-02-25-at-6.54.42-PM-800x407.png\" alt=\"\" class=\"wp-image-31073\" srcset=\"https:\/\/www.americanonewspaper.com\/es\/wp-content\/uploads\/2026\/02\/Screenshot-2026-02-25-at-6.54.42-PM-800x407.png 800w, https:\/\/www.americanonewspaper.com\/es\/wp-content\/uploads\/2026\/02\/Screenshot-2026-02-25-at-6.54.42-PM-300x153.png 300w, https:\/\/www.americanonewspaper.com\/es\/wp-content\/uploads\/2026\/02\/Screenshot-2026-02-25-at-6.54.42-PM-768x391.png 768w, https:\/\/www.americanonewspaper.com\/es\/wp-content\/uploads\/2026\/02\/Screenshot-2026-02-25-at-6.54.42-PM-1536x781.png 1536w, https:\/\/www.americanonewspaper.com\/es\/wp-content\/uploads\/2026\/02\/Screenshot-2026-02-25-at-6.54.42-PM-150x76.png 150w, https:\/\/www.americanonewspaper.com\/es\/wp-content\/uploads\/2026\/02\/Screenshot-2026-02-25-at-6.54.42-PM-696x354.png 696w, https:\/\/www.americanonewspaper.com\/es\/wp-content\/uploads\/2026\/02\/Screenshot-2026-02-25-at-6.54.42-PM-1068x543.png 1068w, https:\/\/www.americanonewspaper.com\/es\/wp-content\/uploads\/2026\/02\/Screenshot-2026-02-25-at-6.54.42-PM.png 1608w\" sizes=\"(max-width: 800px) 100vw, 800px\" \/><\/a><\/figure>\n\n\n\n<p><strong>Intercambio de datos<\/strong><\/p>\n\n\n\n<p>El proyecto de ley de enero habr\u00eda exigido que los agentes federales contaran con una orden judicial v\u00e1lida para obtener informaci\u00f3n sobre la ciudadan\u00eda o el estatus migratorio, legal o ilegal, de cualquier inmigrante retenido por la polic\u00eda local y estatal.<\/p>\n\n\n\n<p>El proyecto de ley de febrero no exigir\u00eda que los agentes federales contaran con una orden judicial para obtener dicha informaci\u00f3n.<\/p>\n\n\n\n<p><strong>Recursos para el gobierno federal<\/strong><\/p>\n\n\n\n<p>Seg\u00fan el proyecto de ley de enero, los departamentos de polic\u00eda no habr\u00edan podido dar acceso a las autoridades federales a ning\u00fan equipo, espacio de oficina, instalaci\u00f3n, base de datos o propiedad de las fuerzas del orden estatales, del condado o locales que no estuviera disponible al p\u00fablico. Tambi\u00e9n prohib\u00eda a las fuerzas del orden de Nueva Jersey compartir con las autoridades federales de inmigraci\u00f3n los fondos que les fueran asignados.<\/p>\n\n\n\n<figure class=\"wp-block-image size-large\"><a href=\"https:\/\/ramospodiatry.com\/\" target=\"_blank\" rel=\" noreferrer noopener\"><img loading=\"lazy\" decoding=\"async\" width=\"800\" height=\"376\" src=\"https:\/\/www.americanonewspaper.com\/es\/wp-content\/uploads\/2026\/03\/Screenshot-2026-03-07-at-10.54.07-PM-800x376.png\" alt=\"\" class=\"wp-image-31186\" srcset=\"https:\/\/www.americanonewspaper.com\/es\/wp-content\/uploads\/2026\/03\/Screenshot-2026-03-07-at-10.54.07-PM-800x376.png 800w, https:\/\/www.americanonewspaper.com\/es\/wp-content\/uploads\/2026\/03\/Screenshot-2026-03-07-at-10.54.07-PM-300x141.png 300w, https:\/\/www.americanonewspaper.com\/es\/wp-content\/uploads\/2026\/03\/Screenshot-2026-03-07-at-10.54.07-PM-768x361.png 768w, https:\/\/www.americanonewspaper.com\/es\/wp-content\/uploads\/2026\/03\/Screenshot-2026-03-07-at-10.54.07-PM-1536x723.png 1536w, https:\/\/www.americanonewspaper.com\/es\/wp-content\/uploads\/2026\/03\/Screenshot-2026-03-07-at-10.54.07-PM-150x71.png 150w, https:\/\/www.americanonewspaper.com\/es\/wp-content\/uploads\/2026\/03\/Screenshot-2026-03-07-at-10.54.07-PM-696x328.png 696w, https:\/\/www.americanonewspaper.com\/es\/wp-content\/uploads\/2026\/03\/Screenshot-2026-03-07-at-10.54.07-PM-1068x503.png 1068w, https:\/\/www.americanonewspaper.com\/es\/wp-content\/uploads\/2026\/03\/Screenshot-2026-03-07-at-10.54.07-PM.png 1598w\" sizes=\"(max-width: 800px) 100vw, 800px\" \/><\/a><\/figure>\n\n\n\n<p>Seg\u00fan el proyecto de ley de febrero, se elimin\u00f3 la palabra &#8220;instalaci\u00f3n&#8221; de la lista de lugares a los que las autoridades federales tendr\u00edan prohibido el acceso. Y se elimin\u00f3 la menci\u00f3n sobre compartir los fondos asignados.<\/p>\n\n\n\n<p>Los patrocinadores del proyecto de ley no respondieron a las solicitudes de comentarios para este art\u00edculo.&nbsp;<\/p>\n\n\n\n<p>Sherrill, dem\u00f3crata, no ha comentado directamente sobre el proyecto de ley. Durante su campa\u00f1a para gobernadora el a\u00f1o pasado, expres\u00f3 sus inquietudes sobre la codificaci\u00f3n de la directiva, sugiriendo que podr\u00eda exponer al estado a una nueva demanda legal. La directiva ha sido ratificada en tribunales en m\u00faltiples ocasiones, incluyendo el Tribunal de Apelaciones del Tercer Circuito de Estados Unidos.<\/p>\n\n\n\n<figure class=\"wp-block-image size-large\"><a href=\"https:\/\/www.manuelbatistalaw.com\/\" target=\"_blank\" rel=\" noreferrer noopener\"><img loading=\"lazy\" decoding=\"async\" width=\"800\" height=\"367\" src=\"https:\/\/www.americanonewspaper.com\/es\/wp-content\/uploads\/2026\/03\/MBSpanishbanner-copy-800x367.jpg\" alt=\"\" class=\"wp-image-31133\" srcset=\"https:\/\/www.americanonewspaper.com\/es\/wp-content\/uploads\/2026\/03\/MBSpanishbanner-copy-800x367.jpg 800w, https:\/\/www.americanonewspaper.com\/es\/wp-content\/uploads\/2026\/03\/MBSpanishbanner-copy-300x138.jpg 300w, https:\/\/www.americanonewspaper.com\/es\/wp-content\/uploads\/2026\/03\/MBSpanishbanner-copy-768x352.jpg 768w, https:\/\/www.americanonewspaper.com\/es\/wp-content\/uploads\/2026\/03\/MBSpanishbanner-copy-150x69.jpg 150w, https:\/\/www.americanonewspaper.com\/es\/wp-content\/uploads\/2026\/03\/MBSpanishbanner-copy-696x319.jpg 696w, https:\/\/www.americanonewspaper.com\/es\/wp-content\/uploads\/2026\/03\/MBSpanishbanner-copy-1068x490.jpg 1068w, https:\/\/www.americanonewspaper.com\/es\/wp-content\/uploads\/2026\/03\/MBSpanishbanner-copy.jpg 1200w\" sizes=\"(max-width: 800px) 100vw, 800px\" \/><\/a><\/figure>\n\n\n\n<p>Murphy argument\u00f3 lo mismo al vetar el proyecto de ley, se\u00f1alando que, al a\u00f1adir disposiciones que no estaban incluidas en la directiva, podr\u00eda no haber resistido el escrutinio judicial.<\/p>\n\n\n\n<p><strong><em>Esta traducci\u00f3n fue proporcionada por <\/em><\/strong><a href=\"https:\/\/reportehispano.com\/\"><strong><em>Reporte Hispano<\/em><\/strong><\/a><strong><em> en asociaci\u00f3n con el Centro de Medios Cooperativos de la Universidad Estatal de Montclair, y cuenta con el apoyo financiero del Consorcio de Informaci\u00f3n C\u00edvica de NJ. La historia fue escrita originalmente en ingl\u00e9s por <\/em><\/strong><a href=\"https:\/\/newjerseymonitor.com\/2026\/03\/09\/how-a-nj-bill-to-protect-migrants-has-morphed-since-ex-governors-veto\/\"><strong><em>New Jersey Monitor<\/em><\/strong><\/a><strong><em> y se vuelve a publicar en virtud de un acuerdo especial para compartir contenido a trav\u00e9s del Servicio de noticias de traducci\u00f3n al espa\u00f1ol de NJ News Commons.<\/em><\/strong><\/p>\n\n\n\n<figure class=\"wp-block-image size-large\"><a href=\"https:\/\/www.linkedin.com\/in\/oscaralbertoquintana\/\" target=\"_blank\" rel=\" noreferrer noopener\"><img loading=\"lazy\" decoding=\"async\" width=\"800\" height=\"347\" src=\"https:\/\/www.americanonewspaper.com\/es\/wp-content\/uploads\/2026\/02\/Screenshot-2026-02-17-at-9.24.02-PM-800x347.png\" alt=\"\" class=\"wp-image-30954\" srcset=\"https:\/\/www.americanonewspaper.com\/es\/wp-content\/uploads\/2026\/02\/Screenshot-2026-02-17-at-9.24.02-PM-800x347.png 800w, https:\/\/www.americanonewspaper.com\/es\/wp-content\/uploads\/2026\/02\/Screenshot-2026-02-17-at-9.24.02-PM-300x130.png 300w, https:\/\/www.americanonewspaper.com\/es\/wp-content\/uploads\/2026\/02\/Screenshot-2026-02-17-at-9.24.02-PM-768x333.png 768w, https:\/\/www.americanonewspaper.com\/es\/wp-content\/uploads\/2026\/02\/Screenshot-2026-02-17-at-9.24.02-PM-1536x666.png 1536w, https:\/\/www.americanonewspaper.com\/es\/wp-content\/uploads\/2026\/02\/Screenshot-2026-02-17-at-9.24.02-PM-2048x887.png 2048w, https:\/\/www.americanonewspaper.com\/es\/wp-content\/uploads\/2026\/02\/Screenshot-2026-02-17-at-9.24.02-PM-150x65.png 150w, https:\/\/www.americanonewspaper.com\/es\/wp-content\/uploads\/2026\/02\/Screenshot-2026-02-17-at-9.24.02-PM-696x302.png 696w, https:\/\/www.americanonewspaper.com\/es\/wp-content\/uploads\/2026\/02\/Screenshot-2026-02-17-at-9.24.02-PM-1068x463.png 1068w, https:\/\/www.americanonewspaper.com\/es\/wp-content\/uploads\/2026\/02\/Screenshot-2026-02-17-at-9.24.02-PM-1920x832.png 1920w\" sizes=\"(max-width: 800px) 100vw, 800px\" \/><\/a><\/figure>\n\n\n\n<p><strong><em>This translation was provided by <\/em><\/strong><a href=\"https:\/\/reportehispano.com\/\"><strong><em>Reporte Hispano<\/em><\/strong><\/a><strong><em>, in partnership with Montclair State University\u2019s Center for Cooperative Media and is supported financially by the NJ Civic Information Consortium. The story was originally written in English by <\/em><\/strong><a href=\"https:\/\/newjerseymonitor.com\/2026\/03\/09\/how-a-nj-bill-to-protect-migrants-has-morphed-since-ex-governors-veto\/\"><strong><em>New Jersey Monitor<\/em><\/strong><\/a><strong><em> and is republished under a special content-sharing agreement through NJ News Commons\u2019 Spanish Translation News Service.<\/em><\/strong><\/p>\n","protected":false},"excerpt":{"rendered":"<p>Por Sophie Nieto Mu\u00f1oz, New Jersey Monitor Cuando los legisladores de Nueva Jersey presentaron un proyecto de ley en enero para fortalecer las protecciones de los inmigrantes y restringir cu\u00e1ndo la polic\u00eda local puede colaborar con las autoridades federales de inmigraci\u00f3n, sus partidarios lo celebraron como un paso necesario en un panorama pol\u00edtico tenso. Sin [&hellip;]<\/p>\n","protected":false},"author":7,"featured_media":31233,"comment_status":"open","ping_status":"open","sticky":false,"template":"","format":"standard","meta":{"_acf_changed":false,"tdm_status":"","tdm_grid_status":"","_jetpack_memberships_contains_paid_content":false,"footnotes":"","jetpack_publicize_message":"","jetpack_publicize_feature_enabled":true,"jetpack_social_post_already_shared":false,"jetpack_social_options":{"image_generator_settings":{"template":"highway","default_image_id":0,"font":"","enabled":false,"token":"eyJpbWciOiJodHRwczpcL1wvd3d3LmFtZXJpY2Fub25ld3NwYXBlci5jb21cL2VzXC93cC1jb250ZW50XC91cGxvYWRzXC8yMDI2XC8wM1wvaW1hZ2UtMS03NTB4NTAwLmpwZWciLCJ0eHQiOiJDXHUwMGYzbW8gaGEgY2FtYmlhZG8gZWwgcHJveWVjdG8gZGUgbGV5IHBhcmEgcHJvdGVnZXIgYSBsb3MgbWlncmFudGVzIGRlIE5KIGRlc2RlIHF1ZSBmdWUgdmV0YWRhIHBvciBlbCBleGdvYmVybmFkb3IiLCJ0ZW1wbGF0ZSI6ImhpZ2h3YXkiLCJmb250IjoiIiwiYmxvZ19pZCI6MjI4NjE5NTc0fQ.g0yXVJaGoF5Y4a8ZiB3Wv-bWdPCXZVcHhWNx8QK2EKIMQ"},"version":2,"media_source":"featured-image","attached_media":[{"id":31233,"url":"https:\/\/www.americanonewspaper.com\/es\/wp-content\/uploads\/2026\/03\/image-1.jpeg","type":"image\/jpeg"}]},"_wpas_customize_per_network":false},"categories":[1173,1145,196,246],"tags":[],"class_list":{"0":"post-31232","1":"post","2":"type-post","3":"status-publish","4":"format-standard","5":"has-post-thumbnail","7":"category-administracion-trump","8":"category-deportacion","9":"category-immigration","10":"category-new-jersey"},"acf":[],"yoast_head":"<!-- This site is optimized with the Yoast SEO Premium plugin v27.5 (Yoast SEO v27.5) - https:\/\/yoast.com\/product\/yoast-seo-premium-wordpress\/ -->\n<title>C\u00f3mo ha cambiado el proyecto de ley para proteger a los migrantes de NJ desde que fue vetada por el exgobernador - Americano Newspaper<\/title>\n<meta name=\"description\" content=\"Cuando los legisladores de Nueva Jersey presentaron un proyecto de ley en enero para fortalecer las protecciones de los inmigrantes y restringir cu\u00e1ndo la polic\u00eda local puede colaborar con las autoridades federales de inmigraci\u00f3n, sus partidarios lo celebraron como un paso necesario en un panorama pol\u00edtico tenso.\" \/>\n<meta name=\"robots\" content=\"index, follow, max-snippet:-1, max-image-preview:large, max-video-preview:-1\" \/>\n<link rel=\"canonical\" href=\"https:\/\/www.americanonewspaper.com\/es\/immigration\/como-ha-cambiado-el-proyecto-de-ley-para-proteger-a-los-migrantes-de-nj-desde-que-fue-vetada-por-el-exgobernador\/\" \/>\n<meta property=\"og:locale\" content=\"en_US\" \/>\n<meta property=\"og:type\" content=\"article\" \/>\n<meta property=\"og:title\" content=\"C\u00f3mo ha cambiado el proyecto de ley para proteger a los migrantes de NJ desde que fue vetada por el exgobernador\" \/>\n<meta property=\"og:description\" content=\"Cuando los legisladores de Nueva Jersey presentaron un proyecto de ley en enero para fortalecer las protecciones de los inmigrantes y restringir cu\u00e1ndo la polic\u00eda local puede colaborar con las autoridades federales de inmigraci\u00f3n, sus partidarios lo celebraron como un paso necesario en un panorama pol\u00edtico tenso.\" \/>\n<meta property=\"og:url\" content=\"https:\/\/www.americanonewspaper.com\/es\/immigration\/como-ha-cambiado-el-proyecto-de-ley-para-proteger-a-los-migrantes-de-nj-desde-que-fue-vetada-por-el-exgobernador\/\" \/>\n<meta property=\"og:site_name\" content=\"Americano Newspaper\" \/>\n<meta property=\"article:publisher\" content=\"https:\/\/www.facebook.com\/AmericanoNewspaper\/\" \/>\n<meta property=\"article:published_time\" content=\"2026-03-11T00:33:57+00:00\" \/>\n<meta property=\"article:modified_time\" content=\"2026-03-11T00:45:25+00:00\" \/>\n<meta property=\"og:image\" content=\"https:\/\/www.americanonewspaper.com\/es\/wp-content\/uploads\/2026\/03\/image-1.jpeg\" \/>\n\t<meta property=\"og:image:width\" content=\"1600\" \/>\n\t<meta property=\"og:image:height\" content=\"1067\" \/>\n\t<meta property=\"og:image:type\" content=\"image\/jpeg\" \/>\n<meta name=\"author\" content=\"Author\" \/>\n<meta name=\"twitter:card\" content=\"summary_large_image\" \/>\n<meta name=\"twitter:label1\" content=\"Written by\" \/>\n\t<meta name=\"twitter:data1\" content=\"Author\" \/>\n\t<meta name=\"twitter:label2\" content=\"Est. reading time\" \/>\n\t<meta name=\"twitter:data2\" content=\"7 minutes\" \/>\n<script type=\"application\/ld+json\" class=\"yoast-schema-graph\">{\"@context\":\"https:\\\/\\\/schema.org\",\"@graph\":[{\"@type\":\"Article\",\"@id\":\"https:\\\/\\\/www.americanonewspaper.com\\\/es\\\/immigration\\\/como-ha-cambiado-el-proyecto-de-ley-para-proteger-a-los-migrantes-de-nj-desde-que-fue-vetada-por-el-exgobernador\\\/#article\",\"isPartOf\":{\"@id\":\"https:\\\/\\\/www.americanonewspaper.com\\\/es\\\/immigration\\\/como-ha-cambiado-el-proyecto-de-ley-para-proteger-a-los-migrantes-de-nj-desde-que-fue-vetada-por-el-exgobernador\\\/\"},\"author\":{\"name\":\"Author\",\"@id\":\"https:\\\/\\\/www.americanonewspaper.com\\\/es\\\/#\\\/schema\\\/person\\\/8967f6b8af7e37bcbbe61f68580ff088\"},\"headline\":\"C\u00f3mo ha cambiado el proyecto de ley para proteger a los migrantes de NJ desde que fue vetada por el exgobernador\",\"datePublished\":\"2026-03-11T00:33:57+00:00\",\"dateModified\":\"2026-03-11T00:45:25+00:00\",\"mainEntityOfPage\":{\"@id\":\"https:\\\/\\\/www.americanonewspaper.com\\\/es\\\/immigration\\\/como-ha-cambiado-el-proyecto-de-ley-para-proteger-a-los-migrantes-de-nj-desde-que-fue-vetada-por-el-exgobernador\\\/\"},\"wordCount\":1117,\"commentCount\":0,\"publisher\":{\"@id\":\"https:\\\/\\\/www.americanonewspaper.com\\\/es\\\/#organization\"},\"image\":{\"@id\":\"https:\\\/\\\/www.americanonewspaper.com\\\/es\\\/immigration\\\/como-ha-cambiado-el-proyecto-de-ley-para-proteger-a-los-migrantes-de-nj-desde-que-fue-vetada-por-el-exgobernador\\\/#primaryimage\"},\"thumbnailUrl\":\"https:\\\/\\\/www.americanonewspaper.com\\\/es\\\/wp-content\\\/uploads\\\/2026\\\/03\\\/image-1.jpeg\",\"articleSection\":[\"Administraci\u00f3n Trump\",\"Deportaci\u00f3n\",\"Inmigraci\u00f3n\",\"New Jersey\"],\"inLanguage\":\"en-US\",\"potentialAction\":[{\"@type\":\"CommentAction\",\"name\":\"Comment\",\"target\":[\"https:\\\/\\\/www.americanonewspaper.com\\\/es\\\/immigration\\\/como-ha-cambiado-el-proyecto-de-ley-para-proteger-a-los-migrantes-de-nj-desde-que-fue-vetada-por-el-exgobernador\\\/#respond\"]}]},{\"@type\":\"WebPage\",\"@id\":\"https:\\\/\\\/www.americanonewspaper.com\\\/es\\\/immigration\\\/como-ha-cambiado-el-proyecto-de-ley-para-proteger-a-los-migrantes-de-nj-desde-que-fue-vetada-por-el-exgobernador\\\/\",\"url\":\"https:\\\/\\\/www.americanonewspaper.com\\\/es\\\/immigration\\\/como-ha-cambiado-el-proyecto-de-ley-para-proteger-a-los-migrantes-de-nj-desde-que-fue-vetada-por-el-exgobernador\\\/\",\"name\":\"C\u00f3mo ha cambiado el proyecto de ley para proteger a los migrantes de NJ desde que fue vetada por el exgobernador - Americano Newspaper\",\"isPartOf\":{\"@id\":\"https:\\\/\\\/www.americanonewspaper.com\\\/es\\\/#website\"},\"primaryImageOfPage\":{\"@id\":\"https:\\\/\\\/www.americanonewspaper.com\\\/es\\\/immigration\\\/como-ha-cambiado-el-proyecto-de-ley-para-proteger-a-los-migrantes-de-nj-desde-que-fue-vetada-por-el-exgobernador\\\/#primaryimage\"},\"image\":{\"@id\":\"https:\\\/\\\/www.americanonewspaper.com\\\/es\\\/immigration\\\/como-ha-cambiado-el-proyecto-de-ley-para-proteger-a-los-migrantes-de-nj-desde-que-fue-vetada-por-el-exgobernador\\\/#primaryimage\"},\"thumbnailUrl\":\"https:\\\/\\\/www.americanonewspaper.com\\\/es\\\/wp-content\\\/uploads\\\/2026\\\/03\\\/image-1.jpeg\",\"datePublished\":\"2026-03-11T00:33:57+00:00\",\"dateModified\":\"2026-03-11T00:45:25+00:00\",\"description\":\"Cuando los legisladores de Nueva Jersey presentaron un proyecto de ley en enero para fortalecer las protecciones de los inmigrantes y restringir cu\u00e1ndo la polic\u00eda local puede colaborar con las autoridades federales de inmigraci\u00f3n, sus partidarios lo celebraron como un paso necesario en un panorama pol\u00edtico tenso.\",\"breadcrumb\":{\"@id\":\"https:\\\/\\\/www.americanonewspaper.com\\\/es\\\/immigration\\\/como-ha-cambiado-el-proyecto-de-ley-para-proteger-a-los-migrantes-de-nj-desde-que-fue-vetada-por-el-exgobernador\\\/#breadcrumb\"},\"inLanguage\":\"en-US\",\"potentialAction\":[{\"@type\":\"ReadAction\",\"target\":[\"https:\\\/\\\/www.americanonewspaper.com\\\/es\\\/immigration\\\/como-ha-cambiado-el-proyecto-de-ley-para-proteger-a-los-migrantes-de-nj-desde-que-fue-vetada-por-el-exgobernador\\\/\"]}]},{\"@type\":\"ImageObject\",\"inLanguage\":\"en-US\",\"@id\":\"https:\\\/\\\/www.americanonewspaper.com\\\/es\\\/immigration\\\/como-ha-cambiado-el-proyecto-de-ley-para-proteger-a-los-migrantes-de-nj-desde-que-fue-vetada-por-el-exgobernador\\\/#primaryimage\",\"url\":\"https:\\\/\\\/www.americanonewspaper.com\\\/es\\\/wp-content\\\/uploads\\\/2026\\\/03\\\/image-1.jpeg\",\"contentUrl\":\"https:\\\/\\\/www.americanonewspaper.com\\\/es\\\/wp-content\\\/uploads\\\/2026\\\/03\\\/image-1.jpeg\",\"width\":1600,\"height\":1067,\"caption\":\"Tras el veto del proyecto de ley de protecci\u00f3n a los inmigrantes, los legisladores lo reescribieron con el objetivo de promulgarlo. Los defensores de los inmigrantes afirman que se ha debilitado. (Foto de Anne-Marie Caruso\\\/New Jersey Monitor)\"},{\"@type\":\"BreadcrumbList\",\"@id\":\"https:\\\/\\\/www.americanonewspaper.com\\\/es\\\/immigration\\\/como-ha-cambiado-el-proyecto-de-ley-para-proteger-a-los-migrantes-de-nj-desde-que-fue-vetada-por-el-exgobernador\\\/#breadcrumb\",\"itemListElement\":[{\"@type\":\"ListItem\",\"position\":1,\"name\":\"Home\",\"item\":\"https:\\\/\\\/www.americanonewspaper.com\\\/es\\\/\"},{\"@type\":\"ListItem\",\"position\":2,\"name\":\"C\u00f3mo ha cambiado el proyecto de ley para proteger a los migrantes de NJ desde que fue vetada por el exgobernador\"}]},{\"@type\":\"WebSite\",\"@id\":\"https:\\\/\\\/www.americanonewspaper.com\\\/es\\\/#website\",\"url\":\"https:\\\/\\\/www.americanonewspaper.com\\\/es\\\/\",\"name\":\"Americano Newspaper\",\"description\":\"The Hispanic Newspaper of New Jersey.\",\"publisher\":{\"@id\":\"https:\\\/\\\/www.americanonewspaper.com\\\/es\\\/#organization\"},\"potentialAction\":[{\"@type\":\"SearchAction\",\"target\":{\"@type\":\"EntryPoint\",\"urlTemplate\":\"https:\\\/\\\/www.americanonewspaper.com\\\/es\\\/?s={search_term_string}\"},\"query-input\":{\"@type\":\"PropertyValueSpecification\",\"valueRequired\":true,\"valueName\":\"search_term_string\"}}],\"inLanguage\":\"en-US\"},{\"@type\":\"Organization\",\"@id\":\"https:\\\/\\\/www.americanonewspaper.com\\\/es\\\/#organization\",\"name\":\"Americano Newspaper\",\"url\":\"https:\\\/\\\/www.americanonewspaper.com\\\/es\\\/\",\"logo\":{\"@type\":\"ImageObject\",\"inLanguage\":\"en-US\",\"@id\":\"https:\\\/\\\/www.americanonewspaper.com\\\/es\\\/#\\\/schema\\\/logo\\\/image\\\/\",\"url\":\"https:\\\/\\\/www.americanonewspaper.com\\\/es\\\/wp-content\\\/uploads\\\/2024\\\/05\\\/AmericanoLogoCircle.comCircle2.jpg\",\"contentUrl\":\"https:\\\/\\\/www.americanonewspaper.com\\\/es\\\/wp-content\\\/uploads\\\/2024\\\/05\\\/AmericanoLogoCircle.comCircle2.jpg\",\"width\":600,\"height\":600,\"caption\":\"Americano Newspaper\"},\"image\":{\"@id\":\"https:\\\/\\\/www.americanonewspaper.com\\\/es\\\/#\\\/schema\\\/logo\\\/image\\\/\"},\"sameAs\":[\"https:\\\/\\\/www.facebook.com\\\/AmericanoNewspaper\\\/\"]},{\"@type\":\"Person\",\"@id\":\"https:\\\/\\\/www.americanonewspaper.com\\\/es\\\/#\\\/schema\\\/person\\\/8967f6b8af7e37bcbbe61f68580ff088\",\"name\":\"Author\",\"image\":{\"@type\":\"ImageObject\",\"inLanguage\":\"en-US\",\"@id\":\"https:\\\/\\\/www.americanonewspaper.com\\\/es\\\/wp-content\\\/litespeed\\\/avatar\\\/89ffaf6af3cf6769ffb3c6efb2313947.jpg?ver=1777427547\",\"url\":\"https:\\\/\\\/www.americanonewspaper.com\\\/es\\\/wp-content\\\/litespeed\\\/avatar\\\/89ffaf6af3cf6769ffb3c6efb2313947.jpg?ver=1777427547\",\"contentUrl\":\"https:\\\/\\\/www.americanonewspaper.com\\\/es\\\/wp-content\\\/litespeed\\\/avatar\\\/89ffaf6af3cf6769ffb3c6efb2313947.jpg?ver=1777427547\",\"caption\":\"Author\"},\"url\":\"https:\\\/\\\/www.americanonewspaper.com\\\/es\\\/author\\\/americano\\\/\"}]}<\/script>\n<!-- \/ Yoast SEO Premium plugin. -->","yoast_head_json":{"title":"C\u00f3mo ha cambiado el proyecto de ley para proteger a los migrantes de NJ desde que fue vetada por el exgobernador - Americano Newspaper","description":"Cuando los legisladores de Nueva Jersey presentaron un proyecto de ley en enero para fortalecer las protecciones de los inmigrantes y restringir cu\u00e1ndo la polic\u00eda local puede colaborar con las autoridades federales de inmigraci\u00f3n, sus partidarios lo celebraron como un paso necesario en un panorama pol\u00edtico tenso.","robots":{"index":"index","follow":"follow","max-snippet":"max-snippet:-1","max-image-preview":"max-image-preview:large","max-video-preview":"max-video-preview:-1"},"canonical":"https:\/\/www.americanonewspaper.com\/es\/immigration\/como-ha-cambiado-el-proyecto-de-ley-para-proteger-a-los-migrantes-de-nj-desde-que-fue-vetada-por-el-exgobernador\/","og_locale":"en_US","og_type":"article","og_title":"C\u00f3mo ha cambiado el proyecto de ley para proteger a los migrantes de NJ desde que fue vetada por el exgobernador","og_description":"Cuando los legisladores de Nueva Jersey presentaron un proyecto de ley en enero para fortalecer las protecciones de los inmigrantes y restringir cu\u00e1ndo la polic\u00eda local puede colaborar con las autoridades federales de inmigraci\u00f3n, sus partidarios lo celebraron como un paso necesario en un panorama pol\u00edtico tenso.","og_url":"https:\/\/www.americanonewspaper.com\/es\/immigration\/como-ha-cambiado-el-proyecto-de-ley-para-proteger-a-los-migrantes-de-nj-desde-que-fue-vetada-por-el-exgobernador\/","og_site_name":"Americano Newspaper","article_publisher":"https:\/\/www.facebook.com\/AmericanoNewspaper\/","article_published_time":"2026-03-11T00:33:57+00:00","article_modified_time":"2026-03-11T00:45:25+00:00","og_image":[{"width":1600,"height":1067,"url":"https:\/\/www.americanonewspaper.com\/es\/wp-content\/uploads\/2026\/03\/image-1.jpeg","type":"image\/jpeg"}],"author":"Author","twitter_card":"summary_large_image","twitter_misc":{"Written by":"Author","Est. reading time":"7 minutes"},"schema":{"@context":"https:\/\/schema.org","@graph":[{"@type":"Article","@id":"https:\/\/www.americanonewspaper.com\/es\/immigration\/como-ha-cambiado-el-proyecto-de-ley-para-proteger-a-los-migrantes-de-nj-desde-que-fue-vetada-por-el-exgobernador\/#article","isPartOf":{"@id":"https:\/\/www.americanonewspaper.com\/es\/immigration\/como-ha-cambiado-el-proyecto-de-ley-para-proteger-a-los-migrantes-de-nj-desde-que-fue-vetada-por-el-exgobernador\/"},"author":{"name":"Author","@id":"https:\/\/www.americanonewspaper.com\/es\/#\/schema\/person\/8967f6b8af7e37bcbbe61f68580ff088"},"headline":"C\u00f3mo ha cambiado el proyecto de ley para proteger a los migrantes de NJ desde que fue vetada por el exgobernador","datePublished":"2026-03-11T00:33:57+00:00","dateModified":"2026-03-11T00:45:25+00:00","mainEntityOfPage":{"@id":"https:\/\/www.americanonewspaper.com\/es\/immigration\/como-ha-cambiado-el-proyecto-de-ley-para-proteger-a-los-migrantes-de-nj-desde-que-fue-vetada-por-el-exgobernador\/"},"wordCount":1117,"commentCount":0,"publisher":{"@id":"https:\/\/www.americanonewspaper.com\/es\/#organization"},"image":{"@id":"https:\/\/www.americanonewspaper.com\/es\/immigration\/como-ha-cambiado-el-proyecto-de-ley-para-proteger-a-los-migrantes-de-nj-desde-que-fue-vetada-por-el-exgobernador\/#primaryimage"},"thumbnailUrl":"https:\/\/www.americanonewspaper.com\/es\/wp-content\/uploads\/2026\/03\/image-1.jpeg","articleSection":["Administraci\u00f3n Trump","Deportaci\u00f3n","Inmigraci\u00f3n","New Jersey"],"inLanguage":"en-US","potentialAction":[{"@type":"CommentAction","name":"Comment","target":["https:\/\/www.americanonewspaper.com\/es\/immigration\/como-ha-cambiado-el-proyecto-de-ley-para-proteger-a-los-migrantes-de-nj-desde-que-fue-vetada-por-el-exgobernador\/#respond"]}]},{"@type":"WebPage","@id":"https:\/\/www.americanonewspaper.com\/es\/immigration\/como-ha-cambiado-el-proyecto-de-ley-para-proteger-a-los-migrantes-de-nj-desde-que-fue-vetada-por-el-exgobernador\/","url":"https:\/\/www.americanonewspaper.com\/es\/immigration\/como-ha-cambiado-el-proyecto-de-ley-para-proteger-a-los-migrantes-de-nj-desde-que-fue-vetada-por-el-exgobernador\/","name":"C\u00f3mo ha cambiado el proyecto de ley para proteger a los migrantes de NJ desde que fue vetada por el exgobernador - Americano Newspaper","isPartOf":{"@id":"https:\/\/www.americanonewspaper.com\/es\/#website"},"primaryImageOfPage":{"@id":"https:\/\/www.americanonewspaper.com\/es\/immigration\/como-ha-cambiado-el-proyecto-de-ley-para-proteger-a-los-migrantes-de-nj-desde-que-fue-vetada-por-el-exgobernador\/#primaryimage"},"image":{"@id":"https:\/\/www.americanonewspaper.com\/es\/immigration\/como-ha-cambiado-el-proyecto-de-ley-para-proteger-a-los-migrantes-de-nj-desde-que-fue-vetada-por-el-exgobernador\/#primaryimage"},"thumbnailUrl":"https:\/\/www.americanonewspaper.com\/es\/wp-content\/uploads\/2026\/03\/image-1.jpeg","datePublished":"2026-03-11T00:33:57+00:00","dateModified":"2026-03-11T00:45:25+00:00","description":"Cuando los legisladores de Nueva Jersey presentaron un proyecto de ley en enero para fortalecer las protecciones de los inmigrantes y restringir cu\u00e1ndo la polic\u00eda local puede colaborar con las autoridades federales de inmigraci\u00f3n, sus partidarios lo celebraron como un paso necesario en un panorama pol\u00edtico tenso.","breadcrumb":{"@id":"https:\/\/www.americanonewspaper.com\/es\/immigration\/como-ha-cambiado-el-proyecto-de-ley-para-proteger-a-los-migrantes-de-nj-desde-que-fue-vetada-por-el-exgobernador\/#breadcrumb"},"inLanguage":"en-US","potentialAction":[{"@type":"ReadAction","target":["https:\/\/www.americanonewspaper.com\/es\/immigration\/como-ha-cambiado-el-proyecto-de-ley-para-proteger-a-los-migrantes-de-nj-desde-que-fue-vetada-por-el-exgobernador\/"]}]},{"@type":"ImageObject","inLanguage":"en-US","@id":"https:\/\/www.americanonewspaper.com\/es\/immigration\/como-ha-cambiado-el-proyecto-de-ley-para-proteger-a-los-migrantes-de-nj-desde-que-fue-vetada-por-el-exgobernador\/#primaryimage","url":"https:\/\/www.americanonewspaper.com\/es\/wp-content\/uploads\/2026\/03\/image-1.jpeg","contentUrl":"https:\/\/www.americanonewspaper.com\/es\/wp-content\/uploads\/2026\/03\/image-1.jpeg","width":1600,"height":1067,"caption":"Tras el veto del proyecto de ley de protecci\u00f3n a los inmigrantes, los legisladores lo reescribieron con el objetivo de promulgarlo. Los defensores de los inmigrantes afirman que se ha debilitado. (Foto de Anne-Marie Caruso\/New Jersey Monitor)"},{"@type":"BreadcrumbList","@id":"https:\/\/www.americanonewspaper.com\/es\/immigration\/como-ha-cambiado-el-proyecto-de-ley-para-proteger-a-los-migrantes-de-nj-desde-que-fue-vetada-por-el-exgobernador\/#breadcrumb","itemListElement":[{"@type":"ListItem","position":1,"name":"Home","item":"https:\/\/www.americanonewspaper.com\/es\/"},{"@type":"ListItem","position":2,"name":"C\u00f3mo ha cambiado el proyecto de ley para proteger a los migrantes de NJ desde que fue vetada por el exgobernador"}]},{"@type":"WebSite","@id":"https:\/\/www.americanonewspaper.com\/es\/#website","url":"https:\/\/www.americanonewspaper.com\/es\/","name":"Americano Newspaper","description":"The Hispanic Newspaper of New Jersey.","publisher":{"@id":"https:\/\/www.americanonewspaper.com\/es\/#organization"},"potentialAction":[{"@type":"SearchAction","target":{"@type":"EntryPoint","urlTemplate":"https:\/\/www.americanonewspaper.com\/es\/?s={search_term_string}"},"query-input":{"@type":"PropertyValueSpecification","valueRequired":true,"valueName":"search_term_string"}}],"inLanguage":"en-US"},{"@type":"Organization","@id":"https:\/\/www.americanonewspaper.com\/es\/#organization","name":"Americano Newspaper","url":"https:\/\/www.americanonewspaper.com\/es\/","logo":{"@type":"ImageObject","inLanguage":"en-US","@id":"https:\/\/www.americanonewspaper.com\/es\/#\/schema\/logo\/image\/","url":"https:\/\/www.americanonewspaper.com\/es\/wp-content\/uploads\/2024\/05\/AmericanoLogoCircle.comCircle2.jpg","contentUrl":"https:\/\/www.americanonewspaper.com\/es\/wp-content\/uploads\/2024\/05\/AmericanoLogoCircle.comCircle2.jpg","width":600,"height":600,"caption":"Americano Newspaper"},"image":{"@id":"https:\/\/www.americanonewspaper.com\/es\/#\/schema\/logo\/image\/"},"sameAs":["https:\/\/www.facebook.com\/AmericanoNewspaper\/"]},{"@type":"Person","@id":"https:\/\/www.americanonewspaper.com\/es\/#\/schema\/person\/8967f6b8af7e37bcbbe61f68580ff088","name":"Author","image":{"@type":"ImageObject","inLanguage":"en-US","@id":"https:\/\/www.americanonewspaper.com\/es\/wp-content\/litespeed\/avatar\/89ffaf6af3cf6769ffb3c6efb2313947.jpg?ver=1777427547","url":"https:\/\/www.americanonewspaper.com\/es\/wp-content\/litespeed\/avatar\/89ffaf6af3cf6769ffb3c6efb2313947.jpg?ver=1777427547","contentUrl":"https:\/\/www.americanonewspaper.com\/es\/wp-content\/litespeed\/avatar\/89ffaf6af3cf6769ffb3c6efb2313947.jpg?ver=1777427547","caption":"Author"},"url":"https:\/\/www.americanonewspaper.com\/es\/author\/americano\/"}]}},"jetpack_publicize_connections":[],"jetpack_featured_media_url":"https:\/\/www.americanonewspaper.com\/es\/wp-content\/uploads\/2026\/03\/image-1.jpeg","featured_image_urls":{"full":["https:\/\/www.americanonewspaper.com\/es\/wp-content\/uploads\/2026\/03\/image-1.jpeg",1600,1067,false],"thumbnail":["https:\/\/www.americanonewspaper.com\/es\/wp-content\/uploads\/2026\/03\/image-1-250x250.jpeg",250,250,true],"medium":["https:\/\/www.americanonewspaper.com\/es\/wp-content\/uploads\/2026\/03\/image-1-300x200.jpeg",300,200,true],"medium_large":["https:\/\/www.americanonewspaper.com\/es\/wp-content\/uploads\/2026\/03\/image-1-768x512.jpeg",696,464,true],"large":["https:\/\/www.americanonewspaper.com\/es\/wp-content\/uploads\/2026\/03\/image-1-750x500.jpeg",696,464,true],"1536x1536":["https:\/\/www.americanonewspaper.com\/es\/wp-content\/uploads\/2026\/03\/image-1-1536x1024.jpeg",1536,1024,true],"2048x2048":["https:\/\/www.americanonewspaper.com\/es\/wp-content\/uploads\/2026\/03\/image-1.jpeg",1600,1067,false],"td_150x0":["https:\/\/www.americanonewspaper.com\/es\/wp-content\/uploads\/2026\/03\/image-1-150x100.jpeg",150,100,true],"td_218x150":["https:\/\/www.americanonewspaper.com\/es\/wp-content\/uploads\/2026\/03\/image-1-218x150.jpeg",218,150,true],"td_300x0":["https:\/\/www.americanonewspaper.com\/es\/wp-content\/uploads\/2026\/03\/image-1-300x200.jpeg",300,200,true],"td_324x400":["https:\/\/www.americanonewspaper.com\/es\/wp-content\/uploads\/2026\/03\/image-1-324x400.jpeg",324,400,true],"td_485x360":["https:\/\/www.americanonewspaper.com\/es\/wp-content\/uploads\/2026\/03\/image-1-485x360.jpeg",485,360,true],"td_696x0":["https:\/\/www.americanonewspaper.com\/es\/wp-content\/uploads\/2026\/03\/image-1-696x464.jpeg",696,464,true],"td_1068x0":["https:\/\/www.americanonewspaper.com\/es\/wp-content\/uploads\/2026\/03\/image-1-1068x712.jpeg",1068,712,true],"td_1920x0":["https:\/\/www.americanonewspaper.com\/es\/wp-content\/uploads\/2026\/03\/image-1.jpeg",1600,1067,false],"bdpp-medium":["https:\/\/www.americanonewspaper.com\/es\/wp-content\/uploads\/2026\/03\/image-1-640x480.jpeg",640,480,true]},"author_info":{"display_name":"Author","author_link":"https:\/\/www.americanonewspaper.com\/es\/author\/americano\/"},"category_info":"<a href=\"https:\/\/www.americanonewspaper.com\/es\/category\/donald-trump\/administracion-trump\/\" rel=\"category tag\">Administraci\u00f3n Trump<\/a> <a href=\"https:\/\/www.americanonewspaper.com\/es\/category\/immigration\/deportacion\/\" rel=\"category tag\">Deportaci\u00f3n<\/a> <a href=\"https:\/\/www.americanonewspaper.com\/es\/category\/immigration\/\" rel=\"category tag\">Inmigraci\u00f3n<\/a> <a href=\"https:\/\/www.americanonewspaper.com\/es\/category\/new-jersey\/\" rel=\"category tag\">New Jersey<\/a>","tag_info":"New Jersey","comment_count":"0","jetpack_sharing_enabled":true,"jetpack_likes_enabled":true,"_links":{"self":[{"href":"https:\/\/www.americanonewspaper.com\/es\/wp-json\/wp\/v2\/posts\/31232","targetHints":{"allow":["GET"]}}],"collection":[{"href":"https:\/\/www.americanonewspaper.com\/es\/wp-json\/wp\/v2\/posts"}],"about":[{"href":"https:\/\/www.americanonewspaper.com\/es\/wp-json\/wp\/v2\/types\/post"}],"author":[{"embeddable":true,"href":"https:\/\/www.americanonewspaper.com\/es\/wp-json\/wp\/v2\/users\/7"}],"replies":[{"embeddable":true,"href":"https:\/\/www.americanonewspaper.com\/es\/wp-json\/wp\/v2\/comments?post=31232"}],"version-history":[{"count":2,"href":"https:\/\/www.americanonewspaper.com\/es\/wp-json\/wp\/v2\/posts\/31232\/revisions"}],"predecessor-version":[{"id":31238,"href":"https:\/\/www.americanonewspaper.com\/es\/wp-json\/wp\/v2\/posts\/31232\/revisions\/31238"}],"wp:featuredmedia":[{"embeddable":true,"href":"https:\/\/www.americanonewspaper.com\/es\/wp-json\/wp\/v2\/media\/31233"}],"wp:attachment":[{"href":"https:\/\/www.americanonewspaper.com\/es\/wp-json\/wp\/v2\/media?parent=31232"}],"wp:term":[{"taxonomy":"category","embeddable":true,"href":"https:\/\/www.americanonewspaper.com\/es\/wp-json\/wp\/v2\/categories?post=31232"},{"taxonomy":"post_tag","embeddable":true,"href":"https:\/\/www.americanonewspaper.com\/es\/wp-json\/wp\/v2\/tags?post=31232"}],"curies":[{"name":"wp","href":"https:\/\/api.w.org\/{rel}","templated":true}]}}